{"id":611112,"date":"2020-07-06T07:00:48","date_gmt":"2020-07-06T06:00:48","guid":{"rendered":"http:\/\/ugtcomunicaciones.es\/wordpress\/?p=611112"},"modified":"2020-06-29T16:20:19","modified_gmt":"2020-06-29T15:20:19","slug":"francia-preve-100-de-cobertura-de-fibra-en-2025","status":"publish","type":"post","link":"https:\/\/www.ugtcomunicaciones.es\/wordpress\/francia-preve-100-de-cobertura-de-fibra-en-2025\/","title":{"rendered":"Francia prev\u00e9 100% de cobertura de fibra en 2025"},"content":{"rendered":"<p style=\"text-align: justify;\">Es evidente que la mayor\u00eda de los pa\u00edses europeos van por detr\u00e1s de Espa\u00f1a en t\u00e9rminos de cobertura de fibra \u00f3ptica. Informe tras informe, estad\u00edstica tras estad\u00edstica, nuestro pa\u00eds siempre se sit\u00faa en cabeza del hasta ahora denominado UE-5 (acr\u00f3nimo que se usaba para usar las cinco principales econom\u00edas de la Uni\u00f3n Europea de los 28; a saber: Alemania, Francia, Italia, Espa\u00f1a y, hasta hace muy poco, el Reino Unido).<\/p>\n<p style=\"text-align: justify;\">Por ello, no deber\u00eda sorprendernos que Francia anuncie que su objetivo de pasar por fibra toda su red de comunicaciones fija se posponga, en el mejor de los casos, hasta 2025. Sin embargo, es conveniente repasar la situaci\u00f3n actual de nuestros vecinos, para reafirmar el privilegio que tiene nuestra econom\u00eda con las mejores infraestructuras digitales de comunicaciones de Europa.<\/p>\n<p style=\"text-align: justify;\">A mediados de 2019, el regulador galo de las telecos (ARCEP) confirmaba que las redes <img decoding=\"async\" class=\"alignright size-full wp-image-611128 lazyload\" data-src=\"http:\/\/ugtcomunicaciones.es\/wordpress\/wp-content\/uploads\/2020\/06\/Francia-1.jpg\" alt=\"\" width=\"232\" height=\"68\" src=\"data:image\/svg+xml;base64,PHN2ZyB3aWR0aD0iMSIgaGVpZ2h0PSIxIiB4bWxucz0iaHR0cDovL3d3dy53My5vcmcvMjAwMC9zdmciPjwvc3ZnPg==\" style=\"--smush-placeholder-width: 232px; --smush-placeholder-aspect-ratio: 232\/68;\" \/>FTTH alcanzaban a 15,6 millones de hogares; pero este n\u00famero representa menos de la mitad de los hogares en Francia. En Espa\u00f1a, en las mismas fechas, el n\u00famero de acceso FTTH instalados alcanzaba los 48 millones, seg\u00fan la CNMC.<\/p>\n<p style=\"text-align: justify;\">Para 2022, el Gobierno franc\u00e9s prev\u00e9 que este porcentaje se incremente hasta el 80%; Pero, a partir de ah\u00ed, reconoce que, a medida las ubicaciones m\u00e1s rentables y f\u00e1ciles de cablear se pasen por fibra, el tramo final hacia regiones con geograf\u00eda problem\u00e1tica tendr\u00e1 obst\u00e1culos importantes<sup class=\"modern-footnotes-footnote \" data-mfn=\"1\" data-mfn-post-scope=\"000000000000413c0000000000000000_611112\"><a href=\"javascript:void(0)\"  role=\"button\" aria-pressed=\"false\" aria-describedby=\"mfn-content-000000000000413c0000000000000000_611112-1\">1<\/a><\/sup><span id=\"mfn-content-000000000000413c0000000000000000_611112-1\" role=\"tooltip\" class=\"modern-footnotes-footnote__note\" tabindex=\"0\" data-mfn=\"1\"><a href=\"https:\/\/www.totaltele.com\/\/505039\/France-committed-to-100-FTTP-coverage-by-2025\" target=\"_blank\" rel=\"noopener noreferrer\">https:\/\/www.totaltele.com\/\/505039\/France-committed-to-100-FTTP-coverage-by-2025<\/a><\/span>.<\/p>\n<p style=\"text-align: justify;\">Al objeto de que el despliegue no se pare en dicho punto, el Senado franc\u00e9s ha aprobado una ampliaci\u00f3n de los presupuestos dedicados a tal efecto en m\u00e1s de 300 millones de euros<sup class=\"modern-footnotes-footnote \" data-mfn=\"2\" data-mfn-post-scope=\"000000000000413c0000000000000000_611112\"><a href=\"javascript:void(0)\"  role=\"button\" aria-pressed=\"false\" aria-describedby=\"mfn-content-000000000000413c0000000000000000_611112-2\">2<\/a><\/sup><span id=\"mfn-content-000000000000413c0000000000000000_611112-2\" role=\"tooltip\" class=\"modern-footnotes-footnote__note\" tabindex=\"0\" data-mfn=\"2\"><a href=\"https:\/\/www.gouvernement.fr\/accelerer-encore-la-couverture-en-tres-haut-debit-des-territoires-ruraux\" target=\"_blank\" rel=\"noopener noreferrer\">https:\/\/www.gouvernement.fr\/accelerer-encore-la-couverture-en-tres-haut-debit-des-territoires-ruraux<\/a><\/span>. La decisi\u00f3n no estuvo exenta de pol\u00e9mica, puesto que algunas voces aseguran que este presupuesto es insuficiente, y que tendr\u00eda que doblarse<sup class=\"modern-footnotes-footnote \" data-mfn=\"3\" data-mfn-post-scope=\"000000000000413c0000000000000000_611112\"><a href=\"javascript:void(0)\"  role=\"button\" aria-pressed=\"false\" aria-describedby=\"mfn-content-000000000000413c0000000000000000_611112-3\">3<\/a><\/sup><span id=\"mfn-content-000000000000413c0000000000000000_611112-3\" role=\"tooltip\" class=\"modern-footnotes-footnote__note\" tabindex=\"0\" data-mfn=\"3\"><a href=\"https:\/\/www.telecompaper.com\/news\/french-govt-confirms-target-of-100-fibre-coverage-by-2025--1327903\" target=\"_blank\" rel=\"noopener noreferrer\">https:\/\/www.telecompaper.com\/news\/french-govt-confirms-target-of-100-fibre-coverage-by-2025&#8211;1327903<\/a><\/span>. Incluso en los primeros tr\u00e1mites de la partida presupuestaria se hablaba de alcanzar \u201cel 92% de los hogares\u201d, lo que gener\u00f3 un profundo rechazo entre ayuntamientos y entidades locales, lo que oblig\u00f3 a aumentar el objetivo al 100% en 2025.<\/p>\n<p style=\"text-align: justify;\">Simult\u00e1neamente, se ha creado un sistema de ayudas p\u00fablicas de hasta 150 \u20ac por hogar<sup class=\"modern-footnotes-footnote \" data-mfn=\"4\" data-mfn-post-scope=\"000000000000413c0000000000000000_611112\"><a href=\"javascript:void(0)\"  role=\"button\" aria-pressed=\"false\" aria-describedby=\"mfn-content-000000000000413c0000000000000000_611112-4\">4<\/a><\/sup><span id=\"mfn-content-000000000000413c0000000000000000_611112-4\" role=\"tooltip\" class=\"modern-footnotes-footnote__note\" tabindex=\"0\" data-mfn=\"4\"><a href=\"https:\/\/www.amenagement-numerique.gouv.fr\/fr\/garantir-du-bon-haut-debit-tous-2020\" target=\"_blank\" rel=\"noopener noreferrer\">https:\/\/www.amenagement-numerique.gouv.fr\/fr\/garantir-du-bon-haut-debit-tous-2020<\/a><\/span>, destinados a la adquisici\u00f3n de equipos, instalaci\u00f3n o puesta en marcha de una conexi\u00f3n de alta velocidad inal\u00e1mbrica, ya sea satelital, 4G o de radio.<\/p>\n<p style=\"text-align: justify;\">El sistema se presta por once operadores, cuyas ofertas ya est\u00e1n disponibles en todo el territorio franc\u00e9s:<\/p>\n<p><img decoding=\"async\" class=\"aligncenter wp-image-611127 size-full lazyload\" data-src=\"http:\/\/ugtcomunicaciones.es\/wordpress\/wp-content\/uploads\/2020\/06\/Francia-2.jpg\" alt=\"\" width=\"642\" height=\"169\" data-srcset=\"https:\/\/www.ugtcomunicaciones.es\/wordpress\/wp-content\/uploads\/2020\/06\/Francia-2.jpg 642w, https:\/\/www.ugtcomunicaciones.es\/wordpress\/wp-content\/uploads\/2020\/06\/Francia-2-300x79.jpg 300w, https:\/\/www.ugtcomunicaciones.es\/wordpress\/wp-content\/uploads\/2020\/06\/Francia-2-640x169.jpg 640w\" data-sizes=\"(max-width: 642px) 100vw, 642px\" src=\"data:image\/svg+xml;base64,PHN2ZyB3aWR0aD0iMSIgaGVpZ2h0PSIxIiB4bWxucz0iaHR0cDovL3d3dy53My5vcmcvMjAwMC9zdmciPjwvc3ZnPg==\" style=\"--smush-placeholder-width: 642px; --smush-placeholder-aspect-ratio: 642\/169;\" \/><\/p>\n<h4><\/h4>\n<h4 style=\"text-align: right;\"><strong><span style=\"color: #ff0000;\">UGT<\/span> Comunicaciones<\/strong><a href=\"#_ftnref1\" name=\"_ftn1\"><\/a><\/h4>\n","protected":false},"excerpt":{"rendered":"<p>Es evidente que la mayor\u00eda de los pa\u00edses europeos van por detr\u00e1s de Espa\u00f1a en t\u00e9rminos de cobertura de fibra \u00f3ptica. Informe tras informe, estad\u00edstica tras estad\u00edstica, nuestro pa\u00eds siempre se sit\u00faa en cabeza del hasta ahora denominado UE-5 (acr\u00f3nimo que se usaba para usar las cinco principales econom\u00edas de la Uni\u00f3n Europea de los [&hellip;]<\/p>\n","protected":false},"author":3,"featured_media":611215,"comment_status":"closed","ping_status":"closed","sticky":false,"template":"","format":"standard","meta":{"footnotes":""},"categories":[16,12],"tags":[],"class_list":["post-611112","post","type-post","status-publish","format-standard","has-post-thumbnail","hentry","category-internet","category-regulacion"],"yoast_head":"<!-- This site is optimized with the Yoast SEO Premium plugin v27.3 (Yoast SEO v27.4) - https:\/\/yoast.com\/product\/yoast-seo-premium-wordpress\/ -->\n<title>Francia prev\u00e9 100% de cobertura de fibra en 2025 - UGT Comunicaciones<\/title>\n<meta name=\"robots\" content=\"index, follow, max-snippet:-1, max-image-preview:large, max-video-preview:-1\" \/>\n<link rel=\"canonical\" href=\"https:\/\/www.ugtcomunicaciones.es\/wordpress\/francia-preve-100-de-cobertura-de-fibra-en-2025\/\" \/>\n<meta property=\"og:locale\" content=\"es_ES\" \/>\n<meta property=\"og:type\" content=\"article\" \/>\n<meta property=\"og:title\" content=\"Francia prev\u00e9 100% de cobertura de fibra en 2025\" \/>\n<meta property=\"og:description\" content=\"Es evidente que la mayor\u00eda de los pa\u00edses europeos van por detr\u00e1s de Espa\u00f1a en t\u00e9rminos de cobertura de fibra \u00f3ptica. Informe tras informe, estad\u00edstica tras estad\u00edstica, nuestro pa\u00eds siempre se sit\u00faa en cabeza del hasta ahora denominado UE-5 (acr\u00f3nimo que se usaba para usar las cinco principales econom\u00edas de la Uni\u00f3n Europea de los [&hellip;]\" \/>\n<meta property=\"og:url\" content=\"https:\/\/www.ugtcomunicaciones.es\/wordpress\/francia-preve-100-de-cobertura-de-fibra-en-2025\/\" \/>\n<meta property=\"og:site_name\" content=\"UGT Comunicaciones\" \/>\n<meta property=\"article:publisher\" content=\"https:\/\/www.facebook.com\/ugt.comunicaciones\/\" \/>\n<meta property=\"article:published_time\" content=\"2020-07-06T06:00:48+00:00\" \/>\n<meta property=\"og:image\" content=\"https:\/\/www.ugtcomunicaciones.es\/wordpress\/wp-content\/uploads\/2020\/06\/Francia-3.jpg\" \/>\n\t<meta property=\"og:image:width\" content=\"600\" \/>\n\t<meta property=\"og:image:height\" content=\"445\" \/>\n\t<meta property=\"og:image:type\" content=\"image\/jpeg\" \/>\n<meta name=\"author\" content=\"UGT\" \/>\n<meta name=\"twitter:card\" content=\"summary_large_image\" \/>\n<meta name=\"twitter:creator\" content=\"@ugtcom\" \/>\n<meta name=\"twitter:site\" content=\"@ugtcom\" \/>\n<meta name=\"twitter:label1\" content=\"Escrito por\" \/>\n\t<meta name=\"twitter:data1\" content=\"UGT\" \/>\n\t<meta name=\"twitter:label2\" content=\"Tiempo de lectura\" \/>\n\t<meta name=\"twitter:data2\" content=\"2 minutos\" \/>\n<script type=\"application\/ld+json\" class=\"yoast-schema-graph\">{\"@context\":\"https:\\\/\\\/schema.org\",\"@graph\":[{\"@type\":\"Article\",\"@id\":\"https:\\\/\\\/www.ugtcomunicaciones.es\\\/wordpress\\\/francia-preve-100-de-cobertura-de-fibra-en-2025\\\/#article\",\"isPartOf\":{\"@id\":\"https:\\\/\\\/www.ugtcomunicaciones.es\\\/wordpress\\\/francia-preve-100-de-cobertura-de-fibra-en-2025\\\/\"},\"author\":{\"name\":\"UGT\",\"@id\":\"https:\\\/\\\/www.ugtcomunicaciones.es\\\/wordpress\\\/#\\\/schema\\\/person\\\/eba0fc3fe5b444531d94d4368cba89ed\"},\"headline\":\"Francia prev\u00e9 100% de cobertura de fibra en 2025\",\"datePublished\":\"2020-07-06T06:00:48+00:00\",\"mainEntityOfPage\":{\"@id\":\"https:\\\/\\\/www.ugtcomunicaciones.es\\\/wordpress\\\/francia-preve-100-de-cobertura-de-fibra-en-2025\\\/\"},\"wordCount\":452,\"publisher\":{\"@id\":\"https:\\\/\\\/www.ugtcomunicaciones.es\\\/wordpress\\\/#organization\"},\"image\":{\"@id\":\"https:\\\/\\\/www.ugtcomunicaciones.es\\\/wordpress\\\/francia-preve-100-de-cobertura-de-fibra-en-2025\\\/#primaryimage\"},\"thumbnailUrl\":\"https:\\\/\\\/www.ugtcomunicaciones.es\\\/wordpress\\\/wp-content\\\/uploads\\\/2020\\\/06\\\/Francia-3.jpg\",\"articleSection\":[\"Internet\",\"Regulaci\u00f3n\"],\"inLanguage\":\"es\"},{\"@type\":\"WebPage\",\"@id\":\"https:\\\/\\\/www.ugtcomunicaciones.es\\\/wordpress\\\/francia-preve-100-de-cobertura-de-fibra-en-2025\\\/\",\"url\":\"https:\\\/\\\/www.ugtcomunicaciones.es\\\/wordpress\\\/francia-preve-100-de-cobertura-de-fibra-en-2025\\\/\",\"name\":\"Francia prev\u00e9 100% de cobertura de fibra en 2025 - UGT Comunicaciones\",\"isPartOf\":{\"@id\":\"https:\\\/\\\/www.ugtcomunicaciones.es\\\/wordpress\\\/#website\"},\"primaryImageOfPage\":{\"@id\":\"https:\\\/\\\/www.ugtcomunicaciones.es\\\/wordpress\\\/francia-preve-100-de-cobertura-de-fibra-en-2025\\\/#primaryimage\"},\"image\":{\"@id\":\"https:\\\/\\\/www.ugtcomunicaciones.es\\\/wordpress\\\/francia-preve-100-de-cobertura-de-fibra-en-2025\\\/#primaryimage\"},\"thumbnailUrl\":\"https:\\\/\\\/www.ugtcomunicaciones.es\\\/wordpress\\\/wp-content\\\/uploads\\\/2020\\\/06\\\/Francia-3.jpg\",\"datePublished\":\"2020-07-06T06:00:48+00:00\",\"breadcrumb\":{\"@id\":\"https:\\\/\\\/www.ugtcomunicaciones.es\\\/wordpress\\\/francia-preve-100-de-cobertura-de-fibra-en-2025\\\/#breadcrumb\"},\"inLanguage\":\"es\",\"potentialAction\":[{\"@type\":\"ReadAction\",\"target\":[\"https:\\\/\\\/www.ugtcomunicaciones.es\\\/wordpress\\\/francia-preve-100-de-cobertura-de-fibra-en-2025\\\/\"]}]},{\"@type\":\"ImageObject\",\"inLanguage\":\"es\",\"@id\":\"https:\\\/\\\/www.ugtcomunicaciones.es\\\/wordpress\\\/francia-preve-100-de-cobertura-de-fibra-en-2025\\\/#primaryimage\",\"url\":\"https:\\\/\\\/www.ugtcomunicaciones.es\\\/wordpress\\\/wp-content\\\/uploads\\\/2020\\\/06\\\/Francia-3.jpg\",\"contentUrl\":\"https:\\\/\\\/www.ugtcomunicaciones.es\\\/wordpress\\\/wp-content\\\/uploads\\\/2020\\\/06\\\/Francia-3.jpg\",\"width\":600,\"height\":445,\"caption\":\"Francia-3\"},{\"@type\":\"BreadcrumbList\",\"@id\":\"https:\\\/\\\/www.ugtcomunicaciones.es\\\/wordpress\\\/francia-preve-100-de-cobertura-de-fibra-en-2025\\\/#breadcrumb\",\"itemListElement\":[{\"@type\":\"ListItem\",\"position\":1,\"name\":\"Portada\",\"item\":\"https:\\\/\\\/www.ugtcomunicaciones.es\\\/wordpress\\\/\"},{\"@type\":\"ListItem\",\"position\":2,\"name\":\"Francia prev\u00e9 100% de cobertura de fibra en 2025\"}]},{\"@type\":\"WebSite\",\"@id\":\"https:\\\/\\\/www.ugtcomunicaciones.es\\\/wordpress\\\/#website\",\"url\":\"https:\\\/\\\/www.ugtcomunicaciones.es\\\/wordpress\\\/\",\"name\":\"UGT Comunicaciones\",\"description\":\"Sindicato de Telecomunicaciones\",\"publisher\":{\"@id\":\"https:\\\/\\\/www.ugtcomunicaciones.es\\\/wordpress\\\/#organization\"},\"potentialAction\":[{\"@type\":\"SearchAction\",\"target\":{\"@type\":\"EntryPoint\",\"urlTemplate\":\"https:\\\/\\\/www.ugtcomunicaciones.es\\\/wordpress\\\/?s={search_term_string}\"},\"query-input\":{\"@type\":\"PropertyValueSpecification\",\"valueRequired\":true,\"valueName\":\"search_term_string\"}}],\"inLanguage\":\"es\"},{\"@type\":\"Organization\",\"@id\":\"https:\\\/\\\/www.ugtcomunicaciones.es\\\/wordpress\\\/#organization\",\"name\":\"UGT Comunicaciones\",\"url\":\"https:\\\/\\\/www.ugtcomunicaciones.es\\\/wordpress\\\/\",\"logo\":{\"@type\":\"ImageObject\",\"inLanguage\":\"es\",\"@id\":\"https:\\\/\\\/www.ugtcomunicaciones.es\\\/wordpress\\\/#\\\/schema\\\/logo\\\/image\\\/\",\"url\":\"https:\\\/\\\/www.ugtcomunicaciones.es\\\/wordpress\\\/wp-content\\\/uploads\\\/2024\\\/04\\\/comunicaciones_logo.png\",\"contentUrl\":\"https:\\\/\\\/www.ugtcomunicaciones.es\\\/wordpress\\\/wp-content\\\/uploads\\\/2024\\\/04\\\/comunicaciones_logo.png\",\"width\":298,\"height\":81,\"caption\":\"UGT Comunicaciones\"},\"image\":{\"@id\":\"https:\\\/\\\/www.ugtcomunicaciones.es\\\/wordpress\\\/#\\\/schema\\\/logo\\\/image\\\/\"},\"sameAs\":[\"https:\\\/\\\/www.facebook.com\\\/ugt.comunicaciones\\\/\",\"https:\\\/\\\/x.com\\\/ugtcom\"]},{\"@type\":\"Person\",\"@id\":\"https:\\\/\\\/www.ugtcomunicaciones.es\\\/wordpress\\\/#\\\/schema\\\/person\\\/eba0fc3fe5b444531d94d4368cba89ed\",\"name\":\"UGT\",\"image\":{\"@type\":\"ImageObject\",\"inLanguage\":\"es\",\"@id\":\"https:\\\/\\\/secure.gravatar.com\\\/avatar\\\/2a16057d620a4c646bcfc171c4f23030879ebbdd346f0525bd5d4a564e57e13d?s=96&d=mm&r=g\",\"url\":\"https:\\\/\\\/secure.gravatar.com\\\/avatar\\\/2a16057d620a4c646bcfc171c4f23030879ebbdd346f0525bd5d4a564e57e13d?s=96&d=mm&r=g\",\"contentUrl\":\"https:\\\/\\\/secure.gravatar.com\\\/avatar\\\/2a16057d620a4c646bcfc171c4f23030879ebbdd346f0525bd5d4a564e57e13d?s=96&d=mm&r=g\",\"caption\":\"UGT\"}}]}<\/script>\n<!-- \/ Yoast SEO Premium plugin. -->","yoast_head_json":{"title":"Francia prev\u00e9 100% de cobertura de fibra en 2025 - UGT Comunicaciones","robots":{"index":"index","follow":"follow","max-snippet":"max-snippet:-1","max-image-preview":"max-image-preview:large","max-video-preview":"max-video-preview:-1"},"canonical":"https:\/\/www.ugtcomunicaciones.es\/wordpress\/francia-preve-100-de-cobertura-de-fibra-en-2025\/","og_locale":"es_ES","og_type":"article","og_title":"Francia prev\u00e9 100% de cobertura de fibra en 2025","og_description":"Es evidente que la mayor\u00eda de los pa\u00edses europeos van por detr\u00e1s de Espa\u00f1a en t\u00e9rminos de cobertura de fibra \u00f3ptica. Informe tras informe, estad\u00edstica tras estad\u00edstica, nuestro pa\u00eds siempre se sit\u00faa en cabeza del hasta ahora denominado UE-5 (acr\u00f3nimo que se usaba para usar las cinco principales econom\u00edas de la Uni\u00f3n Europea de los [&hellip;]","og_url":"https:\/\/www.ugtcomunicaciones.es\/wordpress\/francia-preve-100-de-cobertura-de-fibra-en-2025\/","og_site_name":"UGT Comunicaciones","article_publisher":"https:\/\/www.facebook.com\/ugt.comunicaciones\/","article_published_time":"2020-07-06T06:00:48+00:00","og_image":[{"width":600,"height":445,"url":"https:\/\/www.ugtcomunicaciones.es\/wordpress\/wp-content\/uploads\/2020\/06\/Francia-3.jpg","type":"image\/jpeg"}],"author":"UGT","twitter_card":"summary_large_image","twitter_creator":"@ugtcom","twitter_site":"@ugtcom","twitter_misc":{"Escrito por":"UGT","Tiempo de lectura":"2 minutos"},"schema":{"@context":"https:\/\/schema.org","@graph":[{"@type":"Article","@id":"https:\/\/www.ugtcomunicaciones.es\/wordpress\/francia-preve-100-de-cobertura-de-fibra-en-2025\/#article","isPartOf":{"@id":"https:\/\/www.ugtcomunicaciones.es\/wordpress\/francia-preve-100-de-cobertura-de-fibra-en-2025\/"},"author":{"name":"UGT","@id":"https:\/\/www.ugtcomunicaciones.es\/wordpress\/#\/schema\/person\/eba0fc3fe5b444531d94d4368cba89ed"},"headline":"Francia prev\u00e9 100% de cobertura de fibra en 2025","datePublished":"2020-07-06T06:00:48+00:00","mainEntityOfPage":{"@id":"https:\/\/www.ugtcomunicaciones.es\/wordpress\/francia-preve-100-de-cobertura-de-fibra-en-2025\/"},"wordCount":452,"publisher":{"@id":"https:\/\/www.ugtcomunicaciones.es\/wordpress\/#organization"},"image":{"@id":"https:\/\/www.ugtcomunicaciones.es\/wordpress\/francia-preve-100-de-cobertura-de-fibra-en-2025\/#primaryimage"},"thumbnailUrl":"https:\/\/www.ugtcomunicaciones.es\/wordpress\/wp-content\/uploads\/2020\/06\/Francia-3.jpg","articleSection":["Internet","Regulaci\u00f3n"],"inLanguage":"es"},{"@type":"WebPage","@id":"https:\/\/www.ugtcomunicaciones.es\/wordpress\/francia-preve-100-de-cobertura-de-fibra-en-2025\/","url":"https:\/\/www.ugtcomunicaciones.es\/wordpress\/francia-preve-100-de-cobertura-de-fibra-en-2025\/","name":"Francia prev\u00e9 100% de cobertura de fibra en 2025 - UGT Comunicaciones","isPartOf":{"@id":"https:\/\/www.ugtcomunicaciones.es\/wordpress\/#website"},"primaryImageOfPage":{"@id":"https:\/\/www.ugtcomunicaciones.es\/wordpress\/francia-preve-100-de-cobertura-de-fibra-en-2025\/#primaryimage"},"image":{"@id":"https:\/\/www.ugtcomunicaciones.es\/wordpress\/francia-preve-100-de-cobertura-de-fibra-en-2025\/#primaryimage"},"thumbnailUrl":"https:\/\/www.ugtcomunicaciones.es\/wordpress\/wp-content\/uploads\/2020\/06\/Francia-3.jpg","datePublished":"2020-07-06T06:00:48+00:00","breadcrumb":{"@id":"https:\/\/www.ugtcomunicaciones.es\/wordpress\/francia-preve-100-de-cobertura-de-fibra-en-2025\/#breadcrumb"},"inLanguage":"es","potentialAction":[{"@type":"ReadAction","target":["https:\/\/www.ugtcomunicaciones.es\/wordpress\/francia-preve-100-de-cobertura-de-fibra-en-2025\/"]}]},{"@type":"ImageObject","inLanguage":"es","@id":"https:\/\/www.ugtcomunicaciones.es\/wordpress\/francia-preve-100-de-cobertura-de-fibra-en-2025\/#primaryimage","url":"https:\/\/www.ugtcomunicaciones.es\/wordpress\/wp-content\/uploads\/2020\/06\/Francia-3.jpg","contentUrl":"https:\/\/www.ugtcomunicaciones.es\/wordpress\/wp-content\/uploads\/2020\/06\/Francia-3.jpg","width":600,"height":445,"caption":"Francia-3"},{"@type":"BreadcrumbList","@id":"https:\/\/www.ugtcomunicaciones.es\/wordpress\/francia-preve-100-de-cobertura-de-fibra-en-2025\/#breadcrumb","itemListElement":[{"@type":"ListItem","position":1,"name":"Portada","item":"https:\/\/www.ugtcomunicaciones.es\/wordpress\/"},{"@type":"ListItem","position":2,"name":"Francia prev\u00e9 100% de cobertura de fibra en 2025"}]},{"@type":"WebSite","@id":"https:\/\/www.ugtcomunicaciones.es\/wordpress\/#website","url":"https:\/\/www.ugtcomunicaciones.es\/wordpress\/","name":"UGT Comunicaciones","description":"Sindicato de Telecomunicaciones","publisher":{"@id":"https:\/\/www.ugtcomunicaciones.es\/wordpress\/#organization"},"potentialAction":[{"@type":"SearchAction","target":{"@type":"EntryPoint","urlTemplate":"https:\/\/www.ugtcomunicaciones.es\/wordpress\/?s={search_term_string}"},"query-input":{"@type":"PropertyValueSpecification","valueRequired":true,"valueName":"search_term_string"}}],"inLanguage":"es"},{"@type":"Organization","@id":"https:\/\/www.ugtcomunicaciones.es\/wordpress\/#organization","name":"UGT Comunicaciones","url":"https:\/\/www.ugtcomunicaciones.es\/wordpress\/","logo":{"@type":"ImageObject","inLanguage":"es","@id":"https:\/\/www.ugtcomunicaciones.es\/wordpress\/#\/schema\/logo\/image\/","url":"https:\/\/www.ugtcomunicaciones.es\/wordpress\/wp-content\/uploads\/2024\/04\/comunicaciones_logo.png","contentUrl":"https:\/\/www.ugtcomunicaciones.es\/wordpress\/wp-content\/uploads\/2024\/04\/comunicaciones_logo.png","width":298,"height":81,"caption":"UGT Comunicaciones"},"image":{"@id":"https:\/\/www.ugtcomunicaciones.es\/wordpress\/#\/schema\/logo\/image\/"},"sameAs":["https:\/\/www.facebook.com\/ugt.comunicaciones\/","https:\/\/x.com\/ugtcom"]},{"@type":"Person","@id":"https:\/\/www.ugtcomunicaciones.es\/wordpress\/#\/schema\/person\/eba0fc3fe5b444531d94d4368cba89ed","name":"UGT","image":{"@type":"ImageObject","inLanguage":"es","@id":"https:\/\/secure.gravatar.com\/avatar\/2a16057d620a4c646bcfc171c4f23030879ebbdd346f0525bd5d4a564e57e13d?s=96&d=mm&r=g","url":"https:\/\/secure.gravatar.com\/avatar\/2a16057d620a4c646bcfc171c4f23030879ebbdd346f0525bd5d4a564e57e13d?s=96&d=mm&r=g","contentUrl":"https:\/\/secure.gravatar.com\/avatar\/2a16057d620a4c646bcfc171c4f23030879ebbdd346f0525bd5d4a564e57e13d?s=96&d=mm&r=g","caption":"UGT"}}]}},"_links":{"self":[{"href":"https:\/\/www.ugtcomunicaciones.es\/wordpress\/wp-json\/wp\/v2\/posts\/611112","targetHints":{"allow":["GET"]}}],"collection":[{"href":"https:\/\/www.ugtcomunicaciones.es\/wordpress\/wp-json\/wp\/v2\/posts"}],"about":[{"href":"https:\/\/www.ugtcomunicaciones.es\/wordpress\/wp-json\/wp\/v2\/types\/post"}],"author":[{"embeddable":true,"href":"https:\/\/www.ugtcomunicaciones.es\/wordpress\/wp-json\/wp\/v2\/users\/3"}],"replies":[{"embeddable":true,"href":"https:\/\/www.ugtcomunicaciones.es\/wordpress\/wp-json\/wp\/v2\/comments?post=611112"}],"version-history":[{"count":0,"href":"https:\/\/www.ugtcomunicaciones.es\/wordpress\/wp-json\/wp\/v2\/posts\/611112\/revisions"}],"wp:featuredmedia":[{"embeddable":true,"href":"https:\/\/www.ugtcomunicaciones.es\/wordpress\/wp-json\/wp\/v2\/media\/611215"}],"wp:attachment":[{"href":"https:\/\/www.ugtcomunicaciones.es\/wordpress\/wp-json\/wp\/v2\/media?parent=611112"}],"wp:term":[{"taxonomy":"category","embeddable":true,"href":"https:\/\/www.ugtcomunicaciones.es\/wordpress\/wp-json\/wp\/v2\/categories?post=611112"},{"taxonomy":"post_tag","embeddable":true,"href":"https:\/\/www.ugtcomunicaciones.es\/wordpress\/wp-json\/wp\/v2\/tags?post=611112"}],"curies":[{"name":"wp","href":"https:\/\/api.w.org\/{rel}","templated":true}]}}