{"id":613101,"date":"2020-07-02T12:57:41","date_gmt":"2020-07-02T11:57:41","guid":{"rendered":"http:\/\/ugtcomunicaciones.es\/wordpress\/?p=613101"},"modified":"2020-07-02T13:02:05","modified_gmt":"2020-07-02T12:02:05","slug":"reincorporacion-progenitores-telyco","status":"publish","type":"post","link":"https:\/\/www.ugtcomunicaciones.es\/wordpress\/reincorporacion-progenitores-telyco\/","title":{"rendered":"Reincorporaci\u00f3n de progenitores a las tiendas Movistar"},"content":{"rendered":"<p>Estimados y estimadas compa\u00f1eras de Telyco, hoy la empresa nos ha informado que va a proceder a la <strong>reincorporaci\u00f3n a tiendas a partir del pr\u00f3ximo lunes de 127 de los 139 progenitores que en estos momentos est\u00e1n prestando sus servicios en r\u00e9gimen de teletrabajo. Progenitores que desde que se declar\u00f3 el estado de alarma, han estado teletrajando desde su casa. <\/strong><\/p>\n<p>Decisi\u00f3n que se tom\u00f3 en Telyco y en el Grupo Telef\u00f3nica y donde la previsi\u00f3n inicial era que se empezaran a reincorporar en el mes de septiembre coincidiendo con la reapertura de los colegios.<\/p>\n<p>Este cambio repentino de decisi\u00f3n, que la empresa ya ha comunicado al personal anteriormente mencionado, viene motivado por la creciente demanda y afluencia de p\u00fablico en las tiendas, qu\u00e9 al tener menos personal, supone una peor atenci\u00f3n al cliente, formaci\u00f3n de colas, mayor estr\u00e9s y carga de trabajo para el personal que actualmente est\u00e1 prestando sus servicios, adem\u00e1s de que posibilita una mejora en los turnos seg\u00fan la empresa.<\/p>\n<p>La Empresa nos indica que para cubrir el d\u00e9ficit de personal en tiendas, ha tenido que recurrir a la contrataci\u00f3n de 37 nuevas personas, que se sumaran a la incorporaci\u00f3n de los progenitores, para dar m\u00e1s actividad y apoyo a las tiendas en el momento que m\u00e1s lo necesitan, adem\u00e1s no olvidemos de la cobertura de vacaciones.<\/p>\n<p>Desde UGT, decir que nos ha sorprendido esta decisi\u00f3n inesperada, su inmediata comunicaci\u00f3n a la plantilla afectada, y las urgencias exigidas para que se reincorporen ya este pr\u00f3ximo lunes. Entendemos que esto se deber\u00eda haber anunciado al menos con dos semanas de antelaci\u00f3n ya que sab\u00edamos que aunque era inevitable la incorporaci\u00f3n progresiva conforme avanzamos en el tiempo, tambi\u00e9n era obvio que hab\u00eda que avisar con tiempo suficiente para que las familias puedan realizar los planes que crean necesarios para volver a la normalidad.<\/p>\n<p>Con esta decisi\u00f3n Telyco, se posiciona en contra de las decisiones adoptadas para el conjunto del Grupo Telef\u00f3nica y de los protocolos y medidas adoptadas para paliar los efectos de la pandemia del COVID. Lo cual nos preocupa pues creemos que antepone los motivos comerciales a cualquier otro sanitario o de conciliaci\u00f3n de la vida familiar. Como vemos la desescalada del Grupo sigue siendo asim\u00e9trica con el resto de las empresas que lo conforman.<\/p>\n<p>En UGT, hemos sido los primeros en exigir a la empresa recursos y medios para la actual situaci\u00f3n, as\u00ed como el cumplimiento de los turnos y de las medidas de seguridad, pero creemos que la reincorporaci\u00f3n exigida deber\u00eda de hacerse con un m\u00ednimo de previsi\u00f3n y no de un d\u00eda para otro, por eso solicitamos a la empresa que:<\/p>\n<ol>\n<li>Conceda m\u00e1s tiempo a los progenitores para su reincorporaci\u00f3n para que puedan buscar alternativas para el cuidado de sus hijos o mayores.<\/li>\n<li>Que a los progenitores monoparentales y vulnerables se les siga manteniendo en teletrabajo hasta el mes de septiembre.<\/li>\n<li>Aquellos compa\u00f1eros o compa\u00f1eras que tengan una total imposibilidad de encontrar una soluci\u00f3n para el cuidado de sus hijos o mayores, se les d\u00e9 el margen necesario para solucionarlo.<\/li>\n<li>Extremar al m\u00e1ximo las medidas de seguridad y de limpieza, y evaluar que con estas reincorporaciones se sigan manteniendo en la tienda la distancia de seguridad de al menos 1,5 mts., seg\u00fan decreto del Gobierno.<\/li>\n<li>Que la reincorporaci\u00f3n sea en la misma tienda en la que estaban, y que al personal con reducci\u00f3n de jornada se les mantenga la concreci\u00f3n horaria que ten\u00edan.<\/li>\n<li>Valorar si fuera necesario recurrir a mayor contrataci\u00f3n de personal para reforzar las tiendas m\u00e1xime por estar en periodo vacacional.<\/li>\n<\/ol>\n<p>UGT en cualquier caso estar\u00e1 pendiente y vigilante de que en esta reincorporaci\u00f3n se cumplen todos los protocolos establecidos en materia de P.R.L. por el Covid 19.<\/p>\n","protected":false},"excerpt":{"rendered":"<p>Estimados y estimadas compa\u00f1eras de Telyco, hoy la empresa nos ha informado que va a proceder a la reincorporaci\u00f3n a tiendas a partir del pr\u00f3ximo lunes de 127 de los 139 progenitores que en estos momentos est\u00e1n prestando sus servicios en r\u00e9gimen de teletrabajo. Progenitores que desde que se declar\u00f3 el estado de alarma, han [&hellip;]<\/p>\n","protected":false},"author":3,"featured_media":613100,"comment_status":"closed","ping_status":"closed","sticky":false,"template":"","format":"standard","meta":{"footnotes":""},"categories":[31],"tags":[],"class_list":["post-613101","post","type-post","status-publish","format-standard","has-post-thumbnail","hentry","category-telyco"],"yoast_head":"<!-- This site is optimized with the Yoast SEO Premium plugin v27.3 (Yoast SEO v27.4) - https:\/\/yoast.com\/product\/yoast-seo-premium-wordpress\/ -->\n<title>Reincorporaci\u00f3n de progenitores a las tiendas Movistar - UGT Comunicaciones<\/title>\n<meta name=\"robots\" content=\"index, follow, max-snippet:-1, max-image-preview:large, max-video-preview:-1\" \/>\n<link rel=\"canonical\" href=\"https:\/\/www.ugtcomunicaciones.es\/wordpress\/reincorporacion-progenitores-telyco\/\" \/>\n<meta property=\"og:locale\" content=\"es_ES\" \/>\n<meta property=\"og:type\" content=\"article\" \/>\n<meta property=\"og:title\" content=\"Reincorporaci\u00f3n de progenitores a las tiendas Movistar\" \/>\n<meta property=\"og:description\" content=\"Estimados y estimadas compa\u00f1eras de Telyco, hoy la empresa nos ha informado que va a proceder a la reincorporaci\u00f3n a tiendas a partir del pr\u00f3ximo lunes de 127 de los 139 progenitores que en estos momentos est\u00e1n prestando sus servicios en r\u00e9gimen de teletrabajo. Progenitores que desde que se declar\u00f3 el estado de alarma, han [&hellip;]\" \/>\n<meta property=\"og:url\" content=\"https:\/\/www.ugtcomunicaciones.es\/wordpress\/reincorporacion-progenitores-telyco\/\" \/>\n<meta property=\"og:site_name\" content=\"UGT Comunicaciones\" \/>\n<meta property=\"article:publisher\" content=\"https:\/\/www.facebook.com\/ugt.comunicaciones\/\" \/>\n<meta property=\"article:published_time\" content=\"2020-07-02T11:57:41+00:00\" \/>\n<meta property=\"article:modified_time\" content=\"2020-07-02T12:02:05+00:00\" \/>\n<meta property=\"og:image\" content=\"https:\/\/www.ugtcomunicaciones.es\/wordpress\/wp-content\/uploads\/2020\/07\/tienda-movistar-lasierra.jpg\" \/>\n\t<meta property=\"og:image:width\" content=\"800\" \/>\n\t<meta property=\"og:image:height\" content=\"533\" \/>\n\t<meta property=\"og:image:type\" content=\"image\/jpeg\" \/>\n<meta name=\"author\" content=\"UGT\" \/>\n<meta name=\"twitter:card\" content=\"summary_large_image\" \/>\n<meta name=\"twitter:creator\" content=\"@ugtcom\" \/>\n<meta name=\"twitter:site\" content=\"@ugtcom\" \/>\n<meta name=\"twitter:label1\" content=\"Escrito por\" \/>\n\t<meta name=\"twitter:data1\" content=\"UGT\" \/>\n\t<meta name=\"twitter:label2\" content=\"Tiempo de lectura\" \/>\n\t<meta name=\"twitter:data2\" content=\"3 minutos\" \/>\n<script type=\"application\/ld+json\" class=\"yoast-schema-graph\">{\"@context\":\"https:\\\/\\\/schema.org\",\"@graph\":[{\"@type\":\"Article\",\"@id\":\"https:\\\/\\\/www.ugtcomunicaciones.es\\\/wordpress\\\/reincorporacion-progenitores-telyco\\\/#article\",\"isPartOf\":{\"@id\":\"https:\\\/\\\/www.ugtcomunicaciones.es\\\/wordpress\\\/reincorporacion-progenitores-telyco\\\/\"},\"author\":{\"name\":\"UGT\",\"@id\":\"https:\\\/\\\/www.ugtcomunicaciones.es\\\/wordpress\\\/#\\\/schema\\\/person\\\/eba0fc3fe5b444531d94d4368cba89ed\"},\"headline\":\"Reincorporaci\u00f3n de progenitores a las tiendas Movistar\",\"datePublished\":\"2020-07-02T11:57:41+00:00\",\"dateModified\":\"2020-07-02T12:02:05+00:00\",\"mainEntityOfPage\":{\"@id\":\"https:\\\/\\\/www.ugtcomunicaciones.es\\\/wordpress\\\/reincorporacion-progenitores-telyco\\\/\"},\"wordCount\":675,\"publisher\":{\"@id\":\"https:\\\/\\\/www.ugtcomunicaciones.es\\\/wordpress\\\/#organization\"},\"image\":{\"@id\":\"https:\\\/\\\/www.ugtcomunicaciones.es\\\/wordpress\\\/reincorporacion-progenitores-telyco\\\/#primaryimage\"},\"thumbnailUrl\":\"https:\\\/\\\/www.ugtcomunicaciones.es\\\/wordpress\\\/wp-content\\\/uploads\\\/2020\\\/07\\\/tienda-movistar-lasierra.jpg\",\"articleSection\":[\"Telyco\"],\"inLanguage\":\"es\"},{\"@type\":\"WebPage\",\"@id\":\"https:\\\/\\\/www.ugtcomunicaciones.es\\\/wordpress\\\/reincorporacion-progenitores-telyco\\\/\",\"url\":\"https:\\\/\\\/www.ugtcomunicaciones.es\\\/wordpress\\\/reincorporacion-progenitores-telyco\\\/\",\"name\":\"Reincorporaci\u00f3n de progenitores a las tiendas Movistar - UGT Comunicaciones\",\"isPartOf\":{\"@id\":\"https:\\\/\\\/www.ugtcomunicaciones.es\\\/wordpress\\\/#website\"},\"primaryImageOfPage\":{\"@id\":\"https:\\\/\\\/www.ugtcomunicaciones.es\\\/wordpress\\\/reincorporacion-progenitores-telyco\\\/#primaryimage\"},\"image\":{\"@id\":\"https:\\\/\\\/www.ugtcomunicaciones.es\\\/wordpress\\\/reincorporacion-progenitores-telyco\\\/#primaryimage\"},\"thumbnailUrl\":\"https:\\\/\\\/www.ugtcomunicaciones.es\\\/wordpress\\\/wp-content\\\/uploads\\\/2020\\\/07\\\/tienda-movistar-lasierra.jpg\",\"datePublished\":\"2020-07-02T11:57:41+00:00\",\"dateModified\":\"2020-07-02T12:02:05+00:00\",\"breadcrumb\":{\"@id\":\"https:\\\/\\\/www.ugtcomunicaciones.es\\\/wordpress\\\/reincorporacion-progenitores-telyco\\\/#breadcrumb\"},\"inLanguage\":\"es\",\"potentialAction\":[{\"@type\":\"ReadAction\",\"target\":[\"https:\\\/\\\/www.ugtcomunicaciones.es\\\/wordpress\\\/reincorporacion-progenitores-telyco\\\/\"]}]},{\"@type\":\"ImageObject\",\"inLanguage\":\"es\",\"@id\":\"https:\\\/\\\/www.ugtcomunicaciones.es\\\/wordpress\\\/reincorporacion-progenitores-telyco\\\/#primaryimage\",\"url\":\"https:\\\/\\\/www.ugtcomunicaciones.es\\\/wordpress\\\/wp-content\\\/uploads\\\/2020\\\/07\\\/tienda-movistar-lasierra.jpg\",\"contentUrl\":\"https:\\\/\\\/www.ugtcomunicaciones.es\\\/wordpress\\\/wp-content\\\/uploads\\\/2020\\\/07\\\/tienda-movistar-lasierra.jpg\",\"width\":800,\"height\":533},{\"@type\":\"BreadcrumbList\",\"@id\":\"https:\\\/\\\/www.ugtcomunicaciones.es\\\/wordpress\\\/reincorporacion-progenitores-telyco\\\/#breadcrumb\",\"itemListElement\":[{\"@type\":\"ListItem\",\"position\":1,\"name\":\"Portada\",\"item\":\"https:\\\/\\\/www.ugtcomunicaciones.es\\\/wordpress\\\/\"},{\"@type\":\"ListItem\",\"position\":2,\"name\":\"Reincorporaci\u00f3n de progenitores a las tiendas Movistar\"}]},{\"@type\":\"WebSite\",\"@id\":\"https:\\\/\\\/www.ugtcomunicaciones.es\\\/wordpress\\\/#website\",\"url\":\"https:\\\/\\\/www.ugtcomunicaciones.es\\\/wordpress\\\/\",\"name\":\"UGT Comunicaciones\",\"description\":\"Sindicato de Telecomunicaciones\",\"publisher\":{\"@id\":\"https:\\\/\\\/www.ugtcomunicaciones.es\\\/wordpress\\\/#organization\"},\"potentialAction\":[{\"@type\":\"SearchAction\",\"target\":{\"@type\":\"EntryPoint\",\"urlTemplate\":\"https:\\\/\\\/www.ugtcomunicaciones.es\\\/wordpress\\\/?s={search_term_string}\"},\"query-input\":{\"@type\":\"PropertyValueSpecification\",\"valueRequired\":true,\"valueName\":\"search_term_string\"}}],\"inLanguage\":\"es\"},{\"@type\":\"Organization\",\"@id\":\"https:\\\/\\\/www.ugtcomunicaciones.es\\\/wordpress\\\/#organization\",\"name\":\"UGT Comunicaciones\",\"url\":\"https:\\\/\\\/www.ugtcomunicaciones.es\\\/wordpress\\\/\",\"logo\":{\"@type\":\"ImageObject\",\"inLanguage\":\"es\",\"@id\":\"https:\\\/\\\/www.ugtcomunicaciones.es\\\/wordpress\\\/#\\\/schema\\\/logo\\\/image\\\/\",\"url\":\"https:\\\/\\\/www.ugtcomunicaciones.es\\\/wordpress\\\/wp-content\\\/uploads\\\/2024\\\/04\\\/comunicaciones_logo.png\",\"contentUrl\":\"https:\\\/\\\/www.ugtcomunicaciones.es\\\/wordpress\\\/wp-content\\\/uploads\\\/2024\\\/04\\\/comunicaciones_logo.png\",\"width\":298,\"height\":81,\"caption\":\"UGT Comunicaciones\"},\"image\":{\"@id\":\"https:\\\/\\\/www.ugtcomunicaciones.es\\\/wordpress\\\/#\\\/schema\\\/logo\\\/image\\\/\"},\"sameAs\":[\"https:\\\/\\\/www.facebook.com\\\/ugt.comunicaciones\\\/\",\"https:\\\/\\\/x.com\\\/ugtcom\"]},{\"@type\":\"Person\",\"@id\":\"https:\\\/\\\/www.ugtcomunicaciones.es\\\/wordpress\\\/#\\\/schema\\\/person\\\/eba0fc3fe5b444531d94d4368cba89ed\",\"name\":\"UGT\",\"image\":{\"@type\":\"ImageObject\",\"inLanguage\":\"es\",\"@id\":\"https:\\\/\\\/secure.gravatar.com\\\/avatar\\\/2a16057d620a4c646bcfc171c4f23030879ebbdd346f0525bd5d4a564e57e13d?s=96&d=mm&r=g\",\"url\":\"https:\\\/\\\/secure.gravatar.com\\\/avatar\\\/2a16057d620a4c646bcfc171c4f23030879ebbdd346f0525bd5d4a564e57e13d?s=96&d=mm&r=g\",\"contentUrl\":\"https:\\\/\\\/secure.gravatar.com\\\/avatar\\\/2a16057d620a4c646bcfc171c4f23030879ebbdd346f0525bd5d4a564e57e13d?s=96&d=mm&r=g\",\"caption\":\"UGT\"}}]}<\/script>\n<!-- \/ Yoast SEO Premium plugin. -->","yoast_head_json":{"title":"Reincorporaci\u00f3n de progenitores a las tiendas Movistar - UGT Comunicaciones","robots":{"index":"index","follow":"follow","max-snippet":"max-snippet:-1","max-image-preview":"max-image-preview:large","max-video-preview":"max-video-preview:-1"},"canonical":"https:\/\/www.ugtcomunicaciones.es\/wordpress\/reincorporacion-progenitores-telyco\/","og_locale":"es_ES","og_type":"article","og_title":"Reincorporaci\u00f3n de progenitores a las tiendas Movistar","og_description":"Estimados y estimadas compa\u00f1eras de Telyco, hoy la empresa nos ha informado que va a proceder a la reincorporaci\u00f3n a tiendas a partir del pr\u00f3ximo lunes de 127 de los 139 progenitores que en estos momentos est\u00e1n prestando sus servicios en r\u00e9gimen de teletrabajo. Progenitores que desde que se declar\u00f3 el estado de alarma, han [&hellip;]","og_url":"https:\/\/www.ugtcomunicaciones.es\/wordpress\/reincorporacion-progenitores-telyco\/","og_site_name":"UGT Comunicaciones","article_publisher":"https:\/\/www.facebook.com\/ugt.comunicaciones\/","article_published_time":"2020-07-02T11:57:41+00:00","article_modified_time":"2020-07-02T12:02:05+00:00","og_image":[{"width":800,"height":533,"url":"https:\/\/www.ugtcomunicaciones.es\/wordpress\/wp-content\/uploads\/2020\/07\/tienda-movistar-lasierra.jpg","type":"image\/jpeg"}],"author":"UGT","twitter_card":"summary_large_image","twitter_creator":"@ugtcom","twitter_site":"@ugtcom","twitter_misc":{"Escrito por":"UGT","Tiempo de lectura":"3 minutos"},"schema":{"@context":"https:\/\/schema.org","@graph":[{"@type":"Article","@id":"https:\/\/www.ugtcomunicaciones.es\/wordpress\/reincorporacion-progenitores-telyco\/#article","isPartOf":{"@id":"https:\/\/www.ugtcomunicaciones.es\/wordpress\/reincorporacion-progenitores-telyco\/"},"author":{"name":"UGT","@id":"https:\/\/www.ugtcomunicaciones.es\/wordpress\/#\/schema\/person\/eba0fc3fe5b444531d94d4368cba89ed"},"headline":"Reincorporaci\u00f3n de progenitores a las tiendas Movistar","datePublished":"2020-07-02T11:57:41+00:00","dateModified":"2020-07-02T12:02:05+00:00","mainEntityOfPage":{"@id":"https:\/\/www.ugtcomunicaciones.es\/wordpress\/reincorporacion-progenitores-telyco\/"},"wordCount":675,"publisher":{"@id":"https:\/\/www.ugtcomunicaciones.es\/wordpress\/#organization"},"image":{"@id":"https:\/\/www.ugtcomunicaciones.es\/wordpress\/reincorporacion-progenitores-telyco\/#primaryimage"},"thumbnailUrl":"https:\/\/www.ugtcomunicaciones.es\/wordpress\/wp-content\/uploads\/2020\/07\/tienda-movistar-lasierra.jpg","articleSection":["Telyco"],"inLanguage":"es"},{"@type":"WebPage","@id":"https:\/\/www.ugtcomunicaciones.es\/wordpress\/reincorporacion-progenitores-telyco\/","url":"https:\/\/www.ugtcomunicaciones.es\/wordpress\/reincorporacion-progenitores-telyco\/","name":"Reincorporaci\u00f3n de progenitores a las tiendas Movistar - UGT Comunicaciones","isPartOf":{"@id":"https:\/\/www.ugtcomunicaciones.es\/wordpress\/#website"},"primaryImageOfPage":{"@id":"https:\/\/www.ugtcomunicaciones.es\/wordpress\/reincorporacion-progenitores-telyco\/#primaryimage"},"image":{"@id":"https:\/\/www.ugtcomunicaciones.es\/wordpress\/reincorporacion-progenitores-telyco\/#primaryimage"},"thumbnailUrl":"https:\/\/www.ugtcomunicaciones.es\/wordpress\/wp-content\/uploads\/2020\/07\/tienda-movistar-lasierra.jpg","datePublished":"2020-07-02T11:57:41+00:00","dateModified":"2020-07-02T12:02:05+00:00","breadcrumb":{"@id":"https:\/\/www.ugtcomunicaciones.es\/wordpress\/reincorporacion-progenitores-telyco\/#breadcrumb"},"inLanguage":"es","potentialAction":[{"@type":"ReadAction","target":["https:\/\/www.ugtcomunicaciones.es\/wordpress\/reincorporacion-progenitores-telyco\/"]}]},{"@type":"ImageObject","inLanguage":"es","@id":"https:\/\/www.ugtcomunicaciones.es\/wordpress\/reincorporacion-progenitores-telyco\/#primaryimage","url":"https:\/\/www.ugtcomunicaciones.es\/wordpress\/wp-content\/uploads\/2020\/07\/tienda-movistar-lasierra.jpg","contentUrl":"https:\/\/www.ugtcomunicaciones.es\/wordpress\/wp-content\/uploads\/2020\/07\/tienda-movistar-lasierra.jpg","width":800,"height":533},{"@type":"BreadcrumbList","@id":"https:\/\/www.ugtcomunicaciones.es\/wordpress\/reincorporacion-progenitores-telyco\/#breadcrumb","itemListElement":[{"@type":"ListItem","position":1,"name":"Portada","item":"https:\/\/www.ugtcomunicaciones.es\/wordpress\/"},{"@type":"ListItem","position":2,"name":"Reincorporaci\u00f3n de progenitores a las tiendas Movistar"}]},{"@type":"WebSite","@id":"https:\/\/www.ugtcomunicaciones.es\/wordpress\/#website","url":"https:\/\/www.ugtcomunicaciones.es\/wordpress\/","name":"UGT Comunicaciones","description":"Sindicato de Telecomunicaciones","publisher":{"@id":"https:\/\/www.ugtcomunicaciones.es\/wordpress\/#organization"},"potentialAction":[{"@type":"SearchAction","target":{"@type":"EntryPoint","urlTemplate":"https:\/\/www.ugtcomunicaciones.es\/wordpress\/?s={search_term_string}"},"query-input":{"@type":"PropertyValueSpecification","valueRequired":true,"valueName":"search_term_string"}}],"inLanguage":"es"},{"@type":"Organization","@id":"https:\/\/www.ugtcomunicaciones.es\/wordpress\/#organization","name":"UGT Comunicaciones","url":"https:\/\/www.ugtcomunicaciones.es\/wordpress\/","logo":{"@type":"ImageObject","inLanguage":"es","@id":"https:\/\/www.ugtcomunicaciones.es\/wordpress\/#\/schema\/logo\/image\/","url":"https:\/\/www.ugtcomunicaciones.es\/wordpress\/wp-content\/uploads\/2024\/04\/comunicaciones_logo.png","contentUrl":"https:\/\/www.ugtcomunicaciones.es\/wordpress\/wp-content\/uploads\/2024\/04\/comunicaciones_logo.png","width":298,"height":81,"caption":"UGT Comunicaciones"},"image":{"@id":"https:\/\/www.ugtcomunicaciones.es\/wordpress\/#\/schema\/logo\/image\/"},"sameAs":["https:\/\/www.facebook.com\/ugt.comunicaciones\/","https:\/\/x.com\/ugtcom"]},{"@type":"Person","@id":"https:\/\/www.ugtcomunicaciones.es\/wordpress\/#\/schema\/person\/eba0fc3fe5b444531d94d4368cba89ed","name":"UGT","image":{"@type":"ImageObject","inLanguage":"es","@id":"https:\/\/secure.gravatar.com\/avatar\/2a16057d620a4c646bcfc171c4f23030879ebbdd346f0525bd5d4a564e57e13d?s=96&d=mm&r=g","url":"https:\/\/secure.gravatar.com\/avatar\/2a16057d620a4c646bcfc171c4f23030879ebbdd346f0525bd5d4a564e57e13d?s=96&d=mm&r=g","contentUrl":"https:\/\/secure.gravatar.com\/avatar\/2a16057d620a4c646bcfc171c4f23030879ebbdd346f0525bd5d4a564e57e13d?s=96&d=mm&r=g","caption":"UGT"}}]}},"_links":{"self":[{"href":"https:\/\/www.ugtcomunicaciones.es\/wordpress\/wp-json\/wp\/v2\/posts\/613101","targetHints":{"allow":["GET"]}}],"collection":[{"href":"https:\/\/www.ugtcomunicaciones.es\/wordpress\/wp-json\/wp\/v2\/posts"}],"about":[{"href":"https:\/\/www.ugtcomunicaciones.es\/wordpress\/wp-json\/wp\/v2\/types\/post"}],"author":[{"embeddable":true,"href":"https:\/\/www.ugtcomunicaciones.es\/wordpress\/wp-json\/wp\/v2\/users\/3"}],"replies":[{"embeddable":true,"href":"https:\/\/www.ugtcomunicaciones.es\/wordpress\/wp-json\/wp\/v2\/comments?post=613101"}],"version-history":[{"count":0,"href":"https:\/\/www.ugtcomunicaciones.es\/wordpress\/wp-json\/wp\/v2\/posts\/613101\/revisions"}],"wp:featuredmedia":[{"embeddable":true,"href":"https:\/\/www.ugtcomunicaciones.es\/wordpress\/wp-json\/wp\/v2\/media\/613100"}],"wp:attachment":[{"href":"https:\/\/www.ugtcomunicaciones.es\/wordpress\/wp-json\/wp\/v2\/media?parent=613101"}],"wp:term":[{"taxonomy":"category","embeddable":true,"href":"https:\/\/www.ugtcomunicaciones.es\/wordpress\/wp-json\/wp\/v2\/categories?post=613101"},{"taxonomy":"post_tag","embeddable":true,"href":"https:\/\/www.ugtcomunicaciones.es\/wordpress\/wp-json\/wp\/v2\/tags?post=613101"}],"curies":[{"name":"wp","href":"https:\/\/api.w.org\/{rel}","templated":true}]}}