{"id":613221,"date":"2020-07-02T18:20:59","date_gmt":"2020-07-02T17:20:59","guid":{"rendered":"http:\/\/ugtcomunicaciones.es\/wordpress\/?p=613221"},"modified":"2020-07-02T18:20:59","modified_gmt":"2020-07-02T17:20:59","slug":"iv-comision-de-comercial","status":"publish","type":"post","link":"https:\/\/www.ugtcomunicaciones.es\/wordpress\/iv-comision-de-comercial\/","title":{"rendered":"IV Comisi\u00f3n de Comercial"},"content":{"rendered":"<p style=\"text-align: justify;\">Se ha celebrado la 4\u00aa reuni\u00f3n interempresas de \u00e1reas comerciales, donde la empresa nos traslada los siguientes temas:<\/p>\n<p style=\"text-align: justify;\"><strong><u>CANAL TELEF\u00d3NICO GRAN P\u00daBLICO<\/u><\/strong><\/p>\n<p style=\"text-align: justify;\">La empresa nos plantea la situaci\u00f3n actual, en la que la actividad en centros propios <strong>se ha reducido desde 2016 casi en un 50%,<\/strong> pasando de haber 480 comerciales a solo 244. Esta reducci\u00f3n hace que, en la actualidad, un 96,5% del tr\u00e1fico sea atendido por el proveedor. Esto, sumado a que los s\u00e1bados (d\u00eda de guardia) la actividad se reduce en un 94%, provoca que <strong>la empresa plantee la necesidad de suprimir las guardias para este grupo de personas trabajadoras<\/strong>. La empresa comenta tambi\u00e9n que est\u00e1n fomentando la robotizaci\u00f3n para facilitar la atenci\u00f3n al cliente.<\/p>\n<p style=\"text-align: justify;\"><strong>UGT<\/strong> <strong>solicita que se mantengan las guardias<\/strong>, si es preciso estar\u00edamos dispuestos a negociar unas condiciones comunes para todo el territorio nacional, as\u00ed como unos criterios \u00fanicos, que ayuden a dimensionar de una forma adecuada las guardias y puedan ayudar a su continuidad. Entendemos que ayudan a la conciliaci\u00f3n de la vida personal y familiar para aquellos que las realizan, ya que suelen ser voluntarios principalmente.<\/p>\n<p style=\"text-align: justify;\"><strong>La empresa acepta nuestra propuesta<\/strong>, y nos emplaza a crear un escenario de trabajo la pr\u00f3xima semana para llegar a alg\u00fan tipo de acuerdo.<\/p>\n<p style=\"text-align: justify;\"><strong><u>PLANES DE INCENTIVOS COMERCIALES<\/u><\/strong><\/p>\n<p style=\"text-align: justify;\">La empresa <strong>nos traslada los PIC para el 3T y 2S de los distintos segmentos<\/strong>, en general se vuelve a los criterios del 1T, pero en algunos casos con ligeras modificaciones:<\/p>\n<ul style=\"text-align: justify;\">\n<li><strong>Comerciales Generalistas de GGCC<\/strong>, se incluye la Venta de Comunicaciones de AV para Jefes y STAM que hasta ahora solo ten\u00edan los Gerentes. Se retoma el multiplicador de la Venta TI Trimestral. <u>Para el 1S no aplicar\u00e1 en los casos en que penalice.<\/u> Adem\u00e1s, se mantiene la campa\u00f1a x1.5 en SOTIS<\/li>\n<li><strong>Especialistas TI de GGCC<\/strong> se mantiene la acreditaci\u00f3n en SOTIS, elimin\u00e1ndose la familia \u201cTransversal\u201d y hay un nuevo criterio de objetivaci\u00f3n, en el que se pasar\u00e1 a realizar por la matr\u00edcula del especialista.<\/li>\n<li><strong>GGCC ingenieros y preventa<\/strong> no hay cambios<\/li>\n<li><strong>Mediana Empresa<\/strong> vuelve el dinamizador, pero se reduce su peso del 20% habitual al 15%, ese 5% se suma a la palanca de captaci\u00f3n que queda con un 15%. Se produce una evoluci\u00f3n en el modelo de dinamizador, pasando a un modelo nacional <strong>con normas homog\u00e9neas para todo el territorio.<\/strong><\/li>\n<\/ul>\n<p style=\"text-align: justify;\">Se incluye Movistar Prosegur Alarmas en los indicadores de Desarrollo e Ingresos y habr\u00e1 una campa\u00f1a de retribuci\u00f3n directa de este producto.<\/p>\n<p style=\"text-align: justify;\">En la palanca de TI se incluye la acreditaci\u00f3n de Ciberseguro<\/p>\n<ul style=\"text-align: justify;\">\n<li><strong>Especialistas TI en Mediana Empresa<\/strong> se modifican los pesos por la apertura de Venta TI en distintos bloques. Adem\u00e1s, la identificaci\u00f3n de las ventas pasa de ser en TES sustituyendo a Plan de Cartera. Se mantiene la acreditaci\u00f3n de SOTIS y se a\u00f1aden como acreditables Seguridad, IoT y Audiovisuales. Adem\u00e1s, se acredita Ciberseguro en Venta TI e Ingresos.<\/li>\n<li><strong>Para los compa\u00f1eros que realizan la actividad de captaci\u00f3n<\/strong> se modifica la palanca Altas M\u00f3vil por Portabilidad M\u00f3vil incrementando su peso hasta el 80% y reduci\u00e9ndose el de Altas Fijo y se apuesta por la implantaci\u00f3n de esta figura (de forma voluntaria) en todos los territorios.<\/li>\n<li><strong>Ingenieros Preventa de ME<\/strong> vuelven a los pesos del 1T reincorporando el indicador de satisfacci\u00f3n<\/li>\n<li><strong>Canal Telef\u00f3nico CGC<\/strong> vuelve a los pesos del 1T reincorporando el indicador de satisfacci\u00f3n y se incluye Movistar Prosegur Alarmas en Venta Estrat\u00e9gica.<\/li>\n<li><strong>Peque\u00f1a Empresa<\/strong> se incrementa el peso de Desarrollo para darle m\u00e1s relieve a las Renovaciones y Reposiciones Cloud, se incluye Movistar Prosegur Alarmas en Desarrollo e Ingresos, se a\u00f1ade acreditaci\u00f3n Acens y se retoma el Dinamizador con un peso del 20% en Canal Telef\u00f3nico.<\/li>\n<li><strong>Canal Telef\u00f3nico de Gran P\u00fablico<\/strong>, contin\u00faan los modos indicadores y pesos vigentes en el mes de junio<\/li>\n<li>En el Canal Presencial de GP en vendedores no exclusivos se va a valorar la variable de O2. Para este trimestre se medir\u00e1n los resultados de forma global.<\/li>\n<\/ul>\n<p style=\"text-align: justify;\"><strong>UGT<\/strong> agradece que se expliquen los PICs, matizando que los miraremos detenidamente para comentar cualquier detalle que hubiese que aclarar. <strong>Pedimos que los objetivos sean equilibrados, alcanzables, y se tenga en cuenta el dimensionamiento y el recorrido real de las carteras acorde a los objetivos marcados, adem\u00e1s de seguir corrigiendo la dispersi\u00f3n de objetivos entre territorios<\/strong>, <strong>poniendo el foco en la carga de trabajo<\/strong>, <strong>que sea igual para todos los comerciales, sin depender del territorio al que pertenezcan.<\/strong><\/p>\n<p style=\"text-align: justify;\">Tambi\u00e9n planteamos una duda sobre que criterio se aplican a las <strong>carteras de mediana plus<\/strong>, puesto que no se les hab\u00eda aplicado el porcentaje de subida como al resto de mediana.<\/p>\n<p style=\"text-align: justify;\">La empresa en este sentido nos indica que se mirar\u00e1n los clientes y respecto a las diferencias entre territorios, nos comentan que se viene realizando un reajuste, pero la realidad territorial es diferente entre los distintos territorios. Est\u00e1n de acuerdo en que deben adecuar y reducir las diferencias territoriales, <strong>para que el modelo sea justo para toda la red de ventas nacional. <\/strong>Respecto a <strong>las carteras mediana plus nos responden que, salvo error, se aplicaba el mismo criterio que mediana<\/strong>, al no ser que ya estuviera topado en objetivos o estuviese con un porcentaje de consecuci\u00f3n que aun sum\u00e1ndole lo acordado no llegase a objetivos.<\/p>\n<p style=\"text-align: justify;\"><strong>UGT<\/strong> <strong>pregunta por la actividad de Comercial de Captaci\u00f3n<\/strong>, ya que es una actividad que ya exist\u00eda y desapareci\u00f3 en norte, nos comentan que no est\u00e1 previsto que se extienda de forma masiva, el cambio se ha hecho de forma voluntaria y se trata de un proyecto piloto, en el que se usa el business intelligence y distintas herramientas comerciales para facilitar el trabajo al comercial y conseguir el winback de estos clientes, <strong>su dimensionamiento depender\u00e1 de los resultados de este piloto.<\/strong><\/p>\n<p style=\"text-align: justify;\"><strong><u>AVATAR<\/u><\/strong><\/p>\n<p style=\"text-align: justify;\">La empresa nos aclara que el cambio es debido a que los comerciales que hac\u00edan funciones de AVATAR pasan a FRONT por lo que <strong>los ROS que llevaban la funci\u00f3n de avatar en Norte y Mediterr\u00e1neo mantienen sus condiciones<\/strong>, pero atendiendo a otras actividades. <strong>La idea es ampliar plazas en Madrid.<\/strong><\/p>\n<p style=\"text-align: justify;\"><strong>UGT<\/strong> agradece la aclaraci\u00f3n, e <strong>insiste en la necesidad de conocer los cambios antes de que se produzcan para poder trasladarlos a la plantilla y de esta forma evitar confusiones y rumorolog\u00eda.<\/strong><\/p>\n<p style=\"text-align: justify;\"><strong><u>PILOTO VENTA ESPECIALISTA REMOTA TI<\/u><\/strong><\/p>\n<p style=\"text-align: justify;\">La empresa nos comenta que debido a que en estos tiempos se ha puesto de manifiesto la importancia de tener una empresa digitalizada, para garantizar la movilidad, el teletrabajo, la venta a distancia, etc. Y se ha demostrado que los niveles de efectividad de las visitas a clientes se han mantenido, por medios telem\u00e1ticos, <strong>se ha decidido poner en marcha un piloto de <em>Venta especialista remota TI<\/em><\/strong> en el cual habr\u00e1 personas trabajadoras que, de forma remota, contacten con clientes de PYMES (previa prescripci\u00f3n del comercial) para explicar el producto TI de Telef\u00f3nica al cliente, poner en valor el mismo, ense\u00f1\u00e1ndole qu\u00e9 le puede aportar y c\u00f3mo lo puede implementar en su empresa. <strong>Se busca un perfil t\u00e9cnico-comercial, que podr\u00eda ser en principio, de cualquier localidad y acoplamiento.<\/strong><\/p>\n<p style=\"text-align: justify;\"><strong>UGT<\/strong> <strong>valora la implantaci\u00f3n de este nuevo perfil<\/strong> <strong>y su futuro<\/strong>, esperando que haya voluntarios. Estaremos pendientes de la evoluci\u00f3n de este piloto. Consultamos si tendr\u00e1n carrera comercial o PIC a lo que la empresa nos contesta comprometi\u00e9ndose a darnos m\u00e1s informaci\u00f3n en cuanto est\u00e9 definido del todo el proyecto.<\/p>\n<p style=\"text-align: justify;\"><strong><u>CAPS <\/u><\/strong><\/p>\n<p style=\"text-align: justify;\"><strong>Tras las reticencias mostradas por UGT a la obligatoriedad del cambio a CGC de los compa\u00f1eros que realizaban la actividad de CAP<\/strong>, sin darles ninguna otra alternativa, la empresa abre la opci\u00f3n de que las personas afectadas por el cierre de la actividad de <strong>CAPs puedan elegir su destino, entre varias opciones: <\/strong><\/p>\n<ul style=\"text-align: justify;\">\n<li><strong>Gesti\u00f3n de Insatisfechos 11 puestos<\/strong><\/li>\n<li><strong>CGC 20 puestos<\/strong><\/li>\n<li><strong>Reclamaciones Gran P\u00fablico 10 puesto<\/strong><\/li>\n<\/ul>\n<p style=\"text-align: justify;\"><strong>Todos ellos ampliables.<\/strong><\/p>\n<p style=\"text-align: justify;\"><strong>El proceso de solicitud para las distintas \u00e1reas se realizar\u00e1 mediante diferentes CACES<\/strong> que, previsiblemente, <strong>saldr\u00e1n publicados hoy 2 de Julio<\/strong>. La persona interesada podr\u00e1 presentarse a una o varias de las opciones.<\/p>\n<p style=\"text-align: justify;\"><strong>UGT<\/strong> <strong>valora que se haya abierto la posibilidad de elegir, tal como propusimos en la pasada reuni\u00f3n<\/strong>, pero consideramos extremadamente importante que en los distintos acoplamientos <strong>se ofrezcan turnos tanto de ma\u00f1ana, como europeo o partido<\/strong>.<\/p>\n<p style=\"text-align: justify;\"><strong>UGT <\/strong><strong>insistimos en que el plan de formaci\u00f3n debe ser extenso<\/strong>, adaptado a los conocimientos de origen de cada persona y durante un tiempo deber\u00edan tener espejo en otro compa\u00f1ero. Las carteras, en el caso de los CGC deber\u00e1n ser adaptadas a la realidad, es decir, reducidas. Y hay que adaptar la estructura de mandos de acuerdo con la cantidad de personas de cada departamento, para que no haya sobrecarga.<\/p>\n<p style=\"text-align: justify;\"><strong>Sobre los comerciales de Canal Indirecto<\/strong>, <strong>UGT<\/strong> remarca que les est\u00e1n haciendo ya la asignaci\u00f3n de carteras, y <strong>nos encontramos con una dispersi\u00f3n geogr\u00e1fica muy amplia para un mismo comercial<\/strong>, as\u00ed como con la intenci\u00f3n de empezar a visitar, <strong>recordamos que seguimos en estado de Pandemia<\/strong> y debemos reducir al m\u00ednimo necesario el contacto con clientes y visitas exteriores, mientras no se normalice la pandemia.<\/p>\n<p style=\"text-align: justify;\">Desde la empresa nos comentan que revisar\u00e1n la dispersi\u00f3n y se garantiza que habr\u00e1 medidas de seguridad para todos los compa\u00f1eros que tengan que visitar a clientes.<\/p>\n","protected":false},"excerpt":{"rendered":"<p>Se ha celebrado la 4\u00aa reuni\u00f3n interempresas de \u00e1reas comerciales, donde la empresa nos traslada los siguientes temas: CANAL TELEF\u00d3NICO GRAN P\u00daBLICO La empresa nos plantea la situaci\u00f3n actual, en la que la actividad en centros propios se ha reducido desde 2016 casi en un 50%, pasando de haber 480 comerciales a solo 244. Esta [&hellip;]<\/p>\n","protected":false},"author":3,"featured_media":237899,"comment_status":"closed","ping_status":"closed","sticky":false,"template":"","format":"standard","meta":{"footnotes":""},"categories":[8,25,7,26],"tags":[],"class_list":["post-613221","post","type-post","status-publish","format-standard","has-post-thumbnail","hentry","category-telefonica-cev","category-telefonica","category-telefonica-moviles","category-telefonica-soluciones"],"yoast_head":"<!-- This site is optimized with the Yoast SEO Premium plugin v27.3 (Yoast SEO v27.4) - https:\/\/yoast.com\/product\/yoast-seo-premium-wordpress\/ -->\n<title>IV Comisi\u00f3n de Comercial - UGT Comunicaciones<\/title>\n<meta name=\"robots\" content=\"index, follow, max-snippet:-1, max-image-preview:large, max-video-preview:-1\" \/>\n<link rel=\"canonical\" href=\"https:\/\/www.ugtcomunicaciones.es\/wordpress\/iv-comision-de-comercial\/\" \/>\n<meta property=\"og:locale\" content=\"es_ES\" \/>\n<meta property=\"og:type\" content=\"article\" \/>\n<meta property=\"og:title\" content=\"IV Comisi\u00f3n de Comercial\" \/>\n<meta property=\"og:description\" content=\"Se ha celebrado la 4\u00aa reuni\u00f3n interempresas de \u00e1reas comerciales, donde la empresa nos traslada los siguientes temas: CANAL TELEF\u00d3NICO GRAN P\u00daBLICO La empresa nos plantea la situaci\u00f3n actual, en la que la actividad en centros propios se ha reducido desde 2016 casi en un 50%, pasando de haber 480 comerciales a solo 244. Esta [&hellip;]\" \/>\n<meta property=\"og:url\" content=\"https:\/\/www.ugtcomunicaciones.es\/wordpress\/iv-comision-de-comercial\/\" \/>\n<meta property=\"og:site_name\" content=\"UGT Comunicaciones\" \/>\n<meta property=\"article:publisher\" content=\"https:\/\/www.facebook.com\/ugt.comunicaciones\/\" \/>\n<meta property=\"article:published_time\" content=\"2020-07-02T17:20:59+00:00\" \/>\n<meta property=\"og:image\" content=\"https:\/\/www.ugtcomunicaciones.es\/wordpress\/wp-content\/uploads\/2018\/11\/asesoramiento-tecnico.jpg\" \/>\n\t<meta property=\"og:image:width\" content=\"588\" \/>\n\t<meta property=\"og:image:height\" content=\"280\" \/>\n\t<meta property=\"og:image:type\" content=\"image\/jpeg\" \/>\n<meta name=\"author\" content=\"UGT\" \/>\n<meta name=\"twitter:card\" content=\"summary_large_image\" \/>\n<meta name=\"twitter:creator\" content=\"@ugtcom\" \/>\n<meta name=\"twitter:site\" content=\"@ugtcom\" \/>\n<meta name=\"twitter:label1\" content=\"Escrito por\" \/>\n\t<meta name=\"twitter:data1\" content=\"UGT\" \/>\n\t<meta name=\"twitter:label2\" content=\"Tiempo de lectura\" \/>\n\t<meta name=\"twitter:data2\" content=\"8 minutos\" \/>\n<script type=\"application\/ld+json\" class=\"yoast-schema-graph\">{\"@context\":\"https:\\\/\\\/schema.org\",\"@graph\":[{\"@type\":\"Article\",\"@id\":\"https:\\\/\\\/www.ugtcomunicaciones.es\\\/wordpress\\\/iv-comision-de-comercial\\\/#article\",\"isPartOf\":{\"@id\":\"https:\\\/\\\/www.ugtcomunicaciones.es\\\/wordpress\\\/iv-comision-de-comercial\\\/\"},\"author\":{\"name\":\"UGT\",\"@id\":\"https:\\\/\\\/www.ugtcomunicaciones.es\\\/wordpress\\\/#\\\/schema\\\/person\\\/eba0fc3fe5b444531d94d4368cba89ed\"},\"headline\":\"IV Comisi\u00f3n de Comercial\",\"datePublished\":\"2020-07-02T17:20:59+00:00\",\"mainEntityOfPage\":{\"@id\":\"https:\\\/\\\/www.ugtcomunicaciones.es\\\/wordpress\\\/iv-comision-de-comercial\\\/\"},\"wordCount\":1600,\"publisher\":{\"@id\":\"https:\\\/\\\/www.ugtcomunicaciones.es\\\/wordpress\\\/#organization\"},\"image\":{\"@id\":\"https:\\\/\\\/www.ugtcomunicaciones.es\\\/wordpress\\\/iv-comision-de-comercial\\\/#primaryimage\"},\"thumbnailUrl\":\"https:\\\/\\\/www.ugtcomunicaciones.es\\\/wordpress\\\/wp-content\\\/uploads\\\/2018\\\/11\\\/asesoramiento-tecnico.jpg\",\"articleSection\":[\"Telef\u00f3nica CEV\",\"Telef\u00f3nica de Espa\u00f1a\",\"Telef\u00f3nica M\u00f3viles\",\"Telef\u00f3nica Soluciones\"],\"inLanguage\":\"es\"},{\"@type\":\"WebPage\",\"@id\":\"https:\\\/\\\/www.ugtcomunicaciones.es\\\/wordpress\\\/iv-comision-de-comercial\\\/\",\"url\":\"https:\\\/\\\/www.ugtcomunicaciones.es\\\/wordpress\\\/iv-comision-de-comercial\\\/\",\"name\":\"IV Comisi\u00f3n de Comercial - UGT Comunicaciones\",\"isPartOf\":{\"@id\":\"https:\\\/\\\/www.ugtcomunicaciones.es\\\/wordpress\\\/#website\"},\"primaryImageOfPage\":{\"@id\":\"https:\\\/\\\/www.ugtcomunicaciones.es\\\/wordpress\\\/iv-comision-de-comercial\\\/#primaryimage\"},\"image\":{\"@id\":\"https:\\\/\\\/www.ugtcomunicaciones.es\\\/wordpress\\\/iv-comision-de-comercial\\\/#primaryimage\"},\"thumbnailUrl\":\"https:\\\/\\\/www.ugtcomunicaciones.es\\\/wordpress\\\/wp-content\\\/uploads\\\/2018\\\/11\\\/asesoramiento-tecnico.jpg\",\"datePublished\":\"2020-07-02T17:20:59+00:00\",\"breadcrumb\":{\"@id\":\"https:\\\/\\\/www.ugtcomunicaciones.es\\\/wordpress\\\/iv-comision-de-comercial\\\/#breadcrumb\"},\"inLanguage\":\"es\",\"potentialAction\":[{\"@type\":\"ReadAction\",\"target\":[\"https:\\\/\\\/www.ugtcomunicaciones.es\\\/wordpress\\\/iv-comision-de-comercial\\\/\"]}]},{\"@type\":\"ImageObject\",\"inLanguage\":\"es\",\"@id\":\"https:\\\/\\\/www.ugtcomunicaciones.es\\\/wordpress\\\/iv-comision-de-comercial\\\/#primaryimage\",\"url\":\"https:\\\/\\\/www.ugtcomunicaciones.es\\\/wordpress\\\/wp-content\\\/uploads\\\/2018\\\/11\\\/asesoramiento-tecnico.jpg\",\"contentUrl\":\"https:\\\/\\\/www.ugtcomunicaciones.es\\\/wordpress\\\/wp-content\\\/uploads\\\/2018\\\/11\\\/asesoramiento-tecnico.jpg\",\"width\":588,\"height\":280,\"caption\":\"comercial\"},{\"@type\":\"BreadcrumbList\",\"@id\":\"https:\\\/\\\/www.ugtcomunicaciones.es\\\/wordpress\\\/iv-comision-de-comercial\\\/#breadcrumb\",\"itemListElement\":[{\"@type\":\"ListItem\",\"position\":1,\"name\":\"Portada\",\"item\":\"https:\\\/\\\/www.ugtcomunicaciones.es\\\/wordpress\\\/\"},{\"@type\":\"ListItem\",\"position\":2,\"name\":\"IV Comisi\u00f3n de Comercial\"}]},{\"@type\":\"WebSite\",\"@id\":\"https:\\\/\\\/www.ugtcomunicaciones.es\\\/wordpress\\\/#website\",\"url\":\"https:\\\/\\\/www.ugtcomunicaciones.es\\\/wordpress\\\/\",\"name\":\"UGT Comunicaciones\",\"description\":\"Sindicato de Telecomunicaciones\",\"publisher\":{\"@id\":\"https:\\\/\\\/www.ugtcomunicaciones.es\\\/wordpress\\\/#organization\"},\"potentialAction\":[{\"@type\":\"SearchAction\",\"target\":{\"@type\":\"EntryPoint\",\"urlTemplate\":\"https:\\\/\\\/www.ugtcomunicaciones.es\\\/wordpress\\\/?s={search_term_string}\"},\"query-input\":{\"@type\":\"PropertyValueSpecification\",\"valueRequired\":true,\"valueName\":\"search_term_string\"}}],\"inLanguage\":\"es\"},{\"@type\":\"Organization\",\"@id\":\"https:\\\/\\\/www.ugtcomunicaciones.es\\\/wordpress\\\/#organization\",\"name\":\"UGT Comunicaciones\",\"url\":\"https:\\\/\\\/www.ugtcomunicaciones.es\\\/wordpress\\\/\",\"logo\":{\"@type\":\"ImageObject\",\"inLanguage\":\"es\",\"@id\":\"https:\\\/\\\/www.ugtcomunicaciones.es\\\/wordpress\\\/#\\\/schema\\\/logo\\\/image\\\/\",\"url\":\"https:\\\/\\\/www.ugtcomunicaciones.es\\\/wordpress\\\/wp-content\\\/uploads\\\/2024\\\/04\\\/comunicaciones_logo.png\",\"contentUrl\":\"https:\\\/\\\/www.ugtcomunicaciones.es\\\/wordpress\\\/wp-content\\\/uploads\\\/2024\\\/04\\\/comunicaciones_logo.png\",\"width\":298,\"height\":81,\"caption\":\"UGT Comunicaciones\"},\"image\":{\"@id\":\"https:\\\/\\\/www.ugtcomunicaciones.es\\\/wordpress\\\/#\\\/schema\\\/logo\\\/image\\\/\"},\"sameAs\":[\"https:\\\/\\\/www.facebook.com\\\/ugt.comunicaciones\\\/\",\"https:\\\/\\\/x.com\\\/ugtcom\"]},{\"@type\":\"Person\",\"@id\":\"https:\\\/\\\/www.ugtcomunicaciones.es\\\/wordpress\\\/#\\\/schema\\\/person\\\/eba0fc3fe5b444531d94d4368cba89ed\",\"name\":\"UGT\",\"image\":{\"@type\":\"ImageObject\",\"inLanguage\":\"es\",\"@id\":\"https:\\\/\\\/secure.gravatar.com\\\/avatar\\\/2a16057d620a4c646bcfc171c4f23030879ebbdd346f0525bd5d4a564e57e13d?s=96&d=mm&r=g\",\"url\":\"https:\\\/\\\/secure.gravatar.com\\\/avatar\\\/2a16057d620a4c646bcfc171c4f23030879ebbdd346f0525bd5d4a564e57e13d?s=96&d=mm&r=g\",\"contentUrl\":\"https:\\\/\\\/secure.gravatar.com\\\/avatar\\\/2a16057d620a4c646bcfc171c4f23030879ebbdd346f0525bd5d4a564e57e13d?s=96&d=mm&r=g\",\"caption\":\"UGT\"}}]}<\/script>\n<!-- \/ Yoast SEO Premium plugin. -->","yoast_head_json":{"title":"IV Comisi\u00f3n de Comercial - UGT Comunicaciones","robots":{"index":"index","follow":"follow","max-snippet":"max-snippet:-1","max-image-preview":"max-image-preview:large","max-video-preview":"max-video-preview:-1"},"canonical":"https:\/\/www.ugtcomunicaciones.es\/wordpress\/iv-comision-de-comercial\/","og_locale":"es_ES","og_type":"article","og_title":"IV Comisi\u00f3n de Comercial","og_description":"Se ha celebrado la 4\u00aa reuni\u00f3n interempresas de \u00e1reas comerciales, donde la empresa nos traslada los siguientes temas: CANAL TELEF\u00d3NICO GRAN P\u00daBLICO La empresa nos plantea la situaci\u00f3n actual, en la que la actividad en centros propios se ha reducido desde 2016 casi en un 50%, pasando de haber 480 comerciales a solo 244. Esta [&hellip;]","og_url":"https:\/\/www.ugtcomunicaciones.es\/wordpress\/iv-comision-de-comercial\/","og_site_name":"UGT Comunicaciones","article_publisher":"https:\/\/www.facebook.com\/ugt.comunicaciones\/","article_published_time":"2020-07-02T17:20:59+00:00","og_image":[{"width":588,"height":280,"url":"https:\/\/www.ugtcomunicaciones.es\/wordpress\/wp-content\/uploads\/2018\/11\/asesoramiento-tecnico.jpg","type":"image\/jpeg"}],"author":"UGT","twitter_card":"summary_large_image","twitter_creator":"@ugtcom","twitter_site":"@ugtcom","twitter_misc":{"Escrito por":"UGT","Tiempo de lectura":"8 minutos"},"schema":{"@context":"https:\/\/schema.org","@graph":[{"@type":"Article","@id":"https:\/\/www.ugtcomunicaciones.es\/wordpress\/iv-comision-de-comercial\/#article","isPartOf":{"@id":"https:\/\/www.ugtcomunicaciones.es\/wordpress\/iv-comision-de-comercial\/"},"author":{"name":"UGT","@id":"https:\/\/www.ugtcomunicaciones.es\/wordpress\/#\/schema\/person\/eba0fc3fe5b444531d94d4368cba89ed"},"headline":"IV Comisi\u00f3n de Comercial","datePublished":"2020-07-02T17:20:59+00:00","mainEntityOfPage":{"@id":"https:\/\/www.ugtcomunicaciones.es\/wordpress\/iv-comision-de-comercial\/"},"wordCount":1600,"publisher":{"@id":"https:\/\/www.ugtcomunicaciones.es\/wordpress\/#organization"},"image":{"@id":"https:\/\/www.ugtcomunicaciones.es\/wordpress\/iv-comision-de-comercial\/#primaryimage"},"thumbnailUrl":"https:\/\/www.ugtcomunicaciones.es\/wordpress\/wp-content\/uploads\/2018\/11\/asesoramiento-tecnico.jpg","articleSection":["Telef\u00f3nica CEV","Telef\u00f3nica de Espa\u00f1a","Telef\u00f3nica M\u00f3viles","Telef\u00f3nica Soluciones"],"inLanguage":"es"},{"@type":"WebPage","@id":"https:\/\/www.ugtcomunicaciones.es\/wordpress\/iv-comision-de-comercial\/","url":"https:\/\/www.ugtcomunicaciones.es\/wordpress\/iv-comision-de-comercial\/","name":"IV Comisi\u00f3n de Comercial - UGT Comunicaciones","isPartOf":{"@id":"https:\/\/www.ugtcomunicaciones.es\/wordpress\/#website"},"primaryImageOfPage":{"@id":"https:\/\/www.ugtcomunicaciones.es\/wordpress\/iv-comision-de-comercial\/#primaryimage"},"image":{"@id":"https:\/\/www.ugtcomunicaciones.es\/wordpress\/iv-comision-de-comercial\/#primaryimage"},"thumbnailUrl":"https:\/\/www.ugtcomunicaciones.es\/wordpress\/wp-content\/uploads\/2018\/11\/asesoramiento-tecnico.jpg","datePublished":"2020-07-02T17:20:59+00:00","breadcrumb":{"@id":"https:\/\/www.ugtcomunicaciones.es\/wordpress\/iv-comision-de-comercial\/#breadcrumb"},"inLanguage":"es","potentialAction":[{"@type":"ReadAction","target":["https:\/\/www.ugtcomunicaciones.es\/wordpress\/iv-comision-de-comercial\/"]}]},{"@type":"ImageObject","inLanguage":"es","@id":"https:\/\/www.ugtcomunicaciones.es\/wordpress\/iv-comision-de-comercial\/#primaryimage","url":"https:\/\/www.ugtcomunicaciones.es\/wordpress\/wp-content\/uploads\/2018\/11\/asesoramiento-tecnico.jpg","contentUrl":"https:\/\/www.ugtcomunicaciones.es\/wordpress\/wp-content\/uploads\/2018\/11\/asesoramiento-tecnico.jpg","width":588,"height":280,"caption":"comercial"},{"@type":"BreadcrumbList","@id":"https:\/\/www.ugtcomunicaciones.es\/wordpress\/iv-comision-de-comercial\/#breadcrumb","itemListElement":[{"@type":"ListItem","position":1,"name":"Portada","item":"https:\/\/www.ugtcomunicaciones.es\/wordpress\/"},{"@type":"ListItem","position":2,"name":"IV Comisi\u00f3n de Comercial"}]},{"@type":"WebSite","@id":"https:\/\/www.ugtcomunicaciones.es\/wordpress\/#website","url":"https:\/\/www.ugtcomunicaciones.es\/wordpress\/","name":"UGT Comunicaciones","description":"Sindicato de Telecomunicaciones","publisher":{"@id":"https:\/\/www.ugtcomunicaciones.es\/wordpress\/#organization"},"potentialAction":[{"@type":"SearchAction","target":{"@type":"EntryPoint","urlTemplate":"https:\/\/www.ugtcomunicaciones.es\/wordpress\/?s={search_term_string}"},"query-input":{"@type":"PropertyValueSpecification","valueRequired":true,"valueName":"search_term_string"}}],"inLanguage":"es"},{"@type":"Organization","@id":"https:\/\/www.ugtcomunicaciones.es\/wordpress\/#organization","name":"UGT Comunicaciones","url":"https:\/\/www.ugtcomunicaciones.es\/wordpress\/","logo":{"@type":"ImageObject","inLanguage":"es","@id":"https:\/\/www.ugtcomunicaciones.es\/wordpress\/#\/schema\/logo\/image\/","url":"https:\/\/www.ugtcomunicaciones.es\/wordpress\/wp-content\/uploads\/2024\/04\/comunicaciones_logo.png","contentUrl":"https:\/\/www.ugtcomunicaciones.es\/wordpress\/wp-content\/uploads\/2024\/04\/comunicaciones_logo.png","width":298,"height":81,"caption":"UGT Comunicaciones"},"image":{"@id":"https:\/\/www.ugtcomunicaciones.es\/wordpress\/#\/schema\/logo\/image\/"},"sameAs":["https:\/\/www.facebook.com\/ugt.comunicaciones\/","https:\/\/x.com\/ugtcom"]},{"@type":"Person","@id":"https:\/\/www.ugtcomunicaciones.es\/wordpress\/#\/schema\/person\/eba0fc3fe5b444531d94d4368cba89ed","name":"UGT","image":{"@type":"ImageObject","inLanguage":"es","@id":"https:\/\/secure.gravatar.com\/avatar\/2a16057d620a4c646bcfc171c4f23030879ebbdd346f0525bd5d4a564e57e13d?s=96&d=mm&r=g","url":"https:\/\/secure.gravatar.com\/avatar\/2a16057d620a4c646bcfc171c4f23030879ebbdd346f0525bd5d4a564e57e13d?s=96&d=mm&r=g","contentUrl":"https:\/\/secure.gravatar.com\/avatar\/2a16057d620a4c646bcfc171c4f23030879ebbdd346f0525bd5d4a564e57e13d?s=96&d=mm&r=g","caption":"UGT"}}]}},"_links":{"self":[{"href":"https:\/\/www.ugtcomunicaciones.es\/wordpress\/wp-json\/wp\/v2\/posts\/613221","targetHints":{"allow":["GET"]}}],"collection":[{"href":"https:\/\/www.ugtcomunicaciones.es\/wordpress\/wp-json\/wp\/v2\/posts"}],"about":[{"href":"https:\/\/www.ugtcomunicaciones.es\/wordpress\/wp-json\/wp\/v2\/types\/post"}],"author":[{"embeddable":true,"href":"https:\/\/www.ugtcomunicaciones.es\/wordpress\/wp-json\/wp\/v2\/users\/3"}],"replies":[{"embeddable":true,"href":"https:\/\/www.ugtcomunicaciones.es\/wordpress\/wp-json\/wp\/v2\/comments?post=613221"}],"version-history":[{"count":0,"href":"https:\/\/www.ugtcomunicaciones.es\/wordpress\/wp-json\/wp\/v2\/posts\/613221\/revisions"}],"wp:featuredmedia":[{"embeddable":true,"href":"https:\/\/www.ugtcomunicaciones.es\/wordpress\/wp-json\/wp\/v2\/media\/237899"}],"wp:attachment":[{"href":"https:\/\/www.ugtcomunicaciones.es\/wordpress\/wp-json\/wp\/v2\/media?parent=613221"}],"wp:term":[{"taxonomy":"category","embeddable":true,"href":"https:\/\/www.ugtcomunicaciones.es\/wordpress\/wp-json\/wp\/v2\/categories?post=613221"},{"taxonomy":"post_tag","embeddable":true,"href":"https:\/\/www.ugtcomunicaciones.es\/wordpress\/wp-json\/wp\/v2\/tags?post=613221"}],"curies":[{"name":"wp","href":"https:\/\/api.w.org\/{rel}","templated":true}]}}