{"id":621688,"date":"2020-07-15T17:10:26","date_gmt":"2020-07-15T15:10:26","guid":{"rendered":"http:\/\/ugtcomunicaciones.es\/wordpress\/?p=621688"},"modified":"2020-07-15T17:11:35","modified_gmt":"2020-07-15T15:11:35","slug":"igualdad-telyco-1","status":"publish","type":"post","link":"https:\/\/www.ugtcomunicaciones.es\/wordpress\/igualdad-telyco-1\/","title":{"rendered":"Avances en el Plan de Igualdad Telyco"},"content":{"rendered":"<p>Os informamos de que se ha reunido la Comisi\u00f3n de Igualdad\u00a0 de Telyco para seguir avanzando en la creaci\u00f3n del Plan.<\/p>\n<p>Seguimos estancadas y estancados en la elaboraci\u00f3n del diagn\u00f3stico debido a que la Empresa sigue poniendo reticencias, ampar\u00e1ndose en las directrices del grupo Telef\u00f3nica, en no facilitar los datos para el estudio de brecha salarial. Si bien es cierto que las tablas salariales son iguales en el personal de dentro de Convenio, el hecho de que muchas compa\u00f1eras y compa\u00f1eros (en menor medida) tengan que reducirse la jornada para poder conciliar, hace que la posible <strong>brecha salarial exista en nuestra empresa , incluso en el personal de fuera de Convenio<\/strong>.<\/p>\n<p>Aunque la legislaci\u00f3n espa\u00f1ola facilita el poder reducir nuestra jornada laboral ordinaria para poder conciliar, es cierto que esto produce una merma econ\u00f3mica en el personal que lo solicita. Es por ello que no nos cansamos de pedir, el que si tuvi\u00e9semos horarios \u201cconciliadores\u201d, no se tendr\u00eda que tener la necesidad de reducirnos la jornada.<\/p>\n<p>Por supuesto hemos recordado a la Empresa, que si bien la corresponsabilidad en el \u00e1mbito familiar es una cuesti\u00f3n social, la Empresa como parte activa dentro de la sociedad ha de poner su granito de arena para fomentar dicha corresponsabilidad en toda su plantilla.<\/p>\n<p>Por otro lado, <strong>para el estudio de brecha salarial<\/strong>, se necesita <strong>la informaci\u00f3n de todo el personal de la Empresa<\/strong>, como as\u00ed lo establece la normativa vigente, no solamente el personal dentro del Convenio Colectivo. Por ello, seguiremos insistiendo en este punto que es fundamental para un Plan de Igualdad que aborde las posibles desigualdades existentes en la Empresa.<\/p>\n<p>Pero debido a que seguimos sin Plan de Igualdad vigente, hemos avanzando en otros temas que llevamos arrastrando hace m\u00e1s de un a\u00f1o.<\/p>\n<p>El primero ha sido la aprobaci\u00f3n del Reglamento de funcionamiento de dicha Comisi\u00f3n y el segundo, se ha acordado establecer en la pr\u00f3xima reuni\u00f3n facilitar los datos para poder avanzar en el diagn\u00f3stico de los<strong> Procesos de Selecci\u00f3n y contrataci\u00f3n<\/strong> as\u00ed como el de <strong>Promoci\u00f3n Profesional<\/strong>.<\/p>\n<p>Desde UGT en este \u00e1mbito seguimos insistiendo en participar en los procesos de selecci\u00f3n para velar que en dichas entrevistas se cumple con los protocolos de igualdad. Seguimos solicitando\u00a0m\u00e1s transparencia en los procesos de promoci\u00f3n interna como son la elecci\u00f3n de mandos.<\/p>\n<p>Continuamos reclamando que en nuestra Empresa no exista una carrera profesional tal y como tiene el resto de empresas del Grupo. Esto es desmotivante ya que si se pretende tener profesionales altamente cualificados y cualificadas, con espectativas de futuro es necesario una implicaci\u00f3n total por parte de la empresa tanto en formaci\u00f3n como en desarrollo profesional.<\/p>\n<p>La RRTT ha quedado emplazada para reunirse dentro de dos semanas y poder seguir avanzando en el Plan de Igualdad. Esperamos ir sentando las bases para un mejor entorno laboral dentro de nuestra Empresa.<\/p>\n","protected":false},"excerpt":{"rendered":"<p>Os informamos de que se ha reunido la Comisi\u00f3n de Igualdad\u00a0 de Telyco para seguir avanzando en la creaci\u00f3n del Plan. Seguimos estancadas y estancados en la elaboraci\u00f3n del diagn\u00f3stico debido a que la Empresa sigue poniendo reticencias, ampar\u00e1ndose en las directrices del grupo Telef\u00f3nica, en no facilitar los datos para el estudio de brecha [&hellip;]<\/p>\n","protected":false},"author":3,"featured_media":621687,"comment_status":"closed","ping_status":"closed","sticky":false,"template":"","format":"standard","meta":{"footnotes":""},"categories":[37],"tags":[],"class_list":["post-621688","post","type-post","status-publish","format-standard","has-post-thumbnail","hentry","category-telyco-telyco"],"yoast_head":"<!-- This site is optimized with the Yoast SEO Premium plugin v27.3 (Yoast SEO v27.4) - https:\/\/yoast.com\/product\/yoast-seo-premium-wordpress\/ -->\n<title>Avances en el Plan de Igualdad Telyco - UGT Comunicaciones<\/title>\n<meta name=\"robots\" content=\"index, follow, max-snippet:-1, max-image-preview:large, max-video-preview:-1\" \/>\n<link rel=\"canonical\" href=\"https:\/\/www.ugtcomunicaciones.es\/wordpress\/igualdad-telyco-1\/\" \/>\n<meta property=\"og:locale\" content=\"es_ES\" \/>\n<meta property=\"og:type\" content=\"article\" \/>\n<meta property=\"og:title\" content=\"Avances en el Plan de Igualdad Telyco\" \/>\n<meta property=\"og:description\" content=\"Os informamos de que se ha reunido la Comisi\u00f3n de Igualdad\u00a0 de Telyco para seguir avanzando en la creaci\u00f3n del Plan. Seguimos estancadas y estancados en la elaboraci\u00f3n del diagn\u00f3stico debido a que la Empresa sigue poniendo reticencias, ampar\u00e1ndose en las directrices del grupo Telef\u00f3nica, en no facilitar los datos para el estudio de brecha [&hellip;]\" \/>\n<meta property=\"og:url\" content=\"https:\/\/www.ugtcomunicaciones.es\/wordpress\/igualdad-telyco-1\/\" \/>\n<meta property=\"og:site_name\" content=\"UGT Comunicaciones\" \/>\n<meta property=\"article:publisher\" content=\"https:\/\/www.facebook.com\/ugt.comunicaciones\/\" \/>\n<meta property=\"article:published_time\" content=\"2020-07-15T15:10:26+00:00\" \/>\n<meta property=\"article:modified_time\" content=\"2020-07-15T15:11:35+00:00\" \/>\n<meta property=\"og:image\" content=\"https:\/\/www.ugtcomunicaciones.es\/wordpress\/wp-content\/uploads\/2020\/07\/historia-1170x785-1.jpeg\" \/>\n\t<meta property=\"og:image:width\" content=\"1170\" \/>\n\t<meta property=\"og:image:height\" content=\"785\" \/>\n\t<meta property=\"og:image:type\" content=\"image\/jpeg\" \/>\n<meta name=\"author\" content=\"UGT\" \/>\n<meta name=\"twitter:card\" content=\"summary_large_image\" \/>\n<meta name=\"twitter:creator\" content=\"@ugtcom\" \/>\n<meta name=\"twitter:site\" content=\"@ugtcom\" \/>\n<meta name=\"twitter:label1\" content=\"Escrito por\" \/>\n\t<meta name=\"twitter:data1\" content=\"UGT\" \/>\n\t<meta name=\"twitter:label2\" content=\"Tiempo de lectura\" \/>\n\t<meta name=\"twitter:data2\" content=\"3 minutos\" \/>\n<script type=\"application\/ld+json\" class=\"yoast-schema-graph\">{\"@context\":\"https:\\\/\\\/schema.org\",\"@graph\":[{\"@type\":\"Article\",\"@id\":\"https:\\\/\\\/www.ugtcomunicaciones.es\\\/wordpress\\\/igualdad-telyco-1\\\/#article\",\"isPartOf\":{\"@id\":\"https:\\\/\\\/www.ugtcomunicaciones.es\\\/wordpress\\\/igualdad-telyco-1\\\/\"},\"author\":{\"name\":\"UGT\",\"@id\":\"https:\\\/\\\/www.ugtcomunicaciones.es\\\/wordpress\\\/#\\\/schema\\\/person\\\/eba0fc3fe5b444531d94d4368cba89ed\"},\"headline\":\"Avances en el Plan de Igualdad Telyco\",\"datePublished\":\"2020-07-15T15:10:26+00:00\",\"dateModified\":\"2020-07-15T15:11:35+00:00\",\"mainEntityOfPage\":{\"@id\":\"https:\\\/\\\/www.ugtcomunicaciones.es\\\/wordpress\\\/igualdad-telyco-1\\\/\"},\"wordCount\":508,\"publisher\":{\"@id\":\"https:\\\/\\\/www.ugtcomunicaciones.es\\\/wordpress\\\/#organization\"},\"image\":{\"@id\":\"https:\\\/\\\/www.ugtcomunicaciones.es\\\/wordpress\\\/igualdad-telyco-1\\\/#primaryimage\"},\"thumbnailUrl\":\"https:\\\/\\\/www.ugtcomunicaciones.es\\\/wordpress\\\/wp-content\\\/uploads\\\/2020\\\/07\\\/historia-1170x785-1.jpeg\",\"articleSection\":[\"Telyco\"],\"inLanguage\":\"es\"},{\"@type\":\"WebPage\",\"@id\":\"https:\\\/\\\/www.ugtcomunicaciones.es\\\/wordpress\\\/igualdad-telyco-1\\\/\",\"url\":\"https:\\\/\\\/www.ugtcomunicaciones.es\\\/wordpress\\\/igualdad-telyco-1\\\/\",\"name\":\"Avances en el Plan de Igualdad Telyco - UGT Comunicaciones\",\"isPartOf\":{\"@id\":\"https:\\\/\\\/www.ugtcomunicaciones.es\\\/wordpress\\\/#website\"},\"primaryImageOfPage\":{\"@id\":\"https:\\\/\\\/www.ugtcomunicaciones.es\\\/wordpress\\\/igualdad-telyco-1\\\/#primaryimage\"},\"image\":{\"@id\":\"https:\\\/\\\/www.ugtcomunicaciones.es\\\/wordpress\\\/igualdad-telyco-1\\\/#primaryimage\"},\"thumbnailUrl\":\"https:\\\/\\\/www.ugtcomunicaciones.es\\\/wordpress\\\/wp-content\\\/uploads\\\/2020\\\/07\\\/historia-1170x785-1.jpeg\",\"datePublished\":\"2020-07-15T15:10:26+00:00\",\"dateModified\":\"2020-07-15T15:11:35+00:00\",\"breadcrumb\":{\"@id\":\"https:\\\/\\\/www.ugtcomunicaciones.es\\\/wordpress\\\/igualdad-telyco-1\\\/#breadcrumb\"},\"inLanguage\":\"es\",\"potentialAction\":[{\"@type\":\"ReadAction\",\"target\":[\"https:\\\/\\\/www.ugtcomunicaciones.es\\\/wordpress\\\/igualdad-telyco-1\\\/\"]}]},{\"@type\":\"ImageObject\",\"inLanguage\":\"es\",\"@id\":\"https:\\\/\\\/www.ugtcomunicaciones.es\\\/wordpress\\\/igualdad-telyco-1\\\/#primaryimage\",\"url\":\"https:\\\/\\\/www.ugtcomunicaciones.es\\\/wordpress\\\/wp-content\\\/uploads\\\/2020\\\/07\\\/historia-1170x785-1.jpeg\",\"contentUrl\":\"https:\\\/\\\/www.ugtcomunicaciones.es\\\/wordpress\\\/wp-content\\\/uploads\\\/2020\\\/07\\\/historia-1170x785-1.jpeg\",\"width\":1170,\"height\":785},{\"@type\":\"BreadcrumbList\",\"@id\":\"https:\\\/\\\/www.ugtcomunicaciones.es\\\/wordpress\\\/igualdad-telyco-1\\\/#breadcrumb\",\"itemListElement\":[{\"@type\":\"ListItem\",\"position\":1,\"name\":\"Portada\",\"item\":\"https:\\\/\\\/www.ugtcomunicaciones.es\\\/wordpress\\\/\"},{\"@type\":\"ListItem\",\"position\":2,\"name\":\"Avances en el Plan de Igualdad Telyco\"}]},{\"@type\":\"WebSite\",\"@id\":\"https:\\\/\\\/www.ugtcomunicaciones.es\\\/wordpress\\\/#website\",\"url\":\"https:\\\/\\\/www.ugtcomunicaciones.es\\\/wordpress\\\/\",\"name\":\"UGT Comunicaciones\",\"description\":\"Sindicato de Telecomunicaciones\",\"publisher\":{\"@id\":\"https:\\\/\\\/www.ugtcomunicaciones.es\\\/wordpress\\\/#organization\"},\"potentialAction\":[{\"@type\":\"SearchAction\",\"target\":{\"@type\":\"EntryPoint\",\"urlTemplate\":\"https:\\\/\\\/www.ugtcomunicaciones.es\\\/wordpress\\\/?s={search_term_string}\"},\"query-input\":{\"@type\":\"PropertyValueSpecification\",\"valueRequired\":true,\"valueName\":\"search_term_string\"}}],\"inLanguage\":\"es\"},{\"@type\":\"Organization\",\"@id\":\"https:\\\/\\\/www.ugtcomunicaciones.es\\\/wordpress\\\/#organization\",\"name\":\"UGT Comunicaciones\",\"url\":\"https:\\\/\\\/www.ugtcomunicaciones.es\\\/wordpress\\\/\",\"logo\":{\"@type\":\"ImageObject\",\"inLanguage\":\"es\",\"@id\":\"https:\\\/\\\/www.ugtcomunicaciones.es\\\/wordpress\\\/#\\\/schema\\\/logo\\\/image\\\/\",\"url\":\"https:\\\/\\\/www.ugtcomunicaciones.es\\\/wordpress\\\/wp-content\\\/uploads\\\/2024\\\/04\\\/comunicaciones_logo.png\",\"contentUrl\":\"https:\\\/\\\/www.ugtcomunicaciones.es\\\/wordpress\\\/wp-content\\\/uploads\\\/2024\\\/04\\\/comunicaciones_logo.png\",\"width\":298,\"height\":81,\"caption\":\"UGT Comunicaciones\"},\"image\":{\"@id\":\"https:\\\/\\\/www.ugtcomunicaciones.es\\\/wordpress\\\/#\\\/schema\\\/logo\\\/image\\\/\"},\"sameAs\":[\"https:\\\/\\\/www.facebook.com\\\/ugt.comunicaciones\\\/\",\"https:\\\/\\\/x.com\\\/ugtcom\"]},{\"@type\":\"Person\",\"@id\":\"https:\\\/\\\/www.ugtcomunicaciones.es\\\/wordpress\\\/#\\\/schema\\\/person\\\/eba0fc3fe5b444531d94d4368cba89ed\",\"name\":\"UGT\",\"image\":{\"@type\":\"ImageObject\",\"inLanguage\":\"es\",\"@id\":\"https:\\\/\\\/secure.gravatar.com\\\/avatar\\\/2a16057d620a4c646bcfc171c4f23030879ebbdd346f0525bd5d4a564e57e13d?s=96&d=mm&r=g\",\"url\":\"https:\\\/\\\/secure.gravatar.com\\\/avatar\\\/2a16057d620a4c646bcfc171c4f23030879ebbdd346f0525bd5d4a564e57e13d?s=96&d=mm&r=g\",\"contentUrl\":\"https:\\\/\\\/secure.gravatar.com\\\/avatar\\\/2a16057d620a4c646bcfc171c4f23030879ebbdd346f0525bd5d4a564e57e13d?s=96&d=mm&r=g\",\"caption\":\"UGT\"}}]}<\/script>\n<!-- \/ Yoast SEO Premium plugin. -->","yoast_head_json":{"title":"Avances en el Plan de Igualdad Telyco - UGT Comunicaciones","robots":{"index":"index","follow":"follow","max-snippet":"max-snippet:-1","max-image-preview":"max-image-preview:large","max-video-preview":"max-video-preview:-1"},"canonical":"https:\/\/www.ugtcomunicaciones.es\/wordpress\/igualdad-telyco-1\/","og_locale":"es_ES","og_type":"article","og_title":"Avances en el Plan de Igualdad Telyco","og_description":"Os informamos de que se ha reunido la Comisi\u00f3n de Igualdad\u00a0 de Telyco para seguir avanzando en la creaci\u00f3n del Plan. Seguimos estancadas y estancados en la elaboraci\u00f3n del diagn\u00f3stico debido a que la Empresa sigue poniendo reticencias, ampar\u00e1ndose en las directrices del grupo Telef\u00f3nica, en no facilitar los datos para el estudio de brecha [&hellip;]","og_url":"https:\/\/www.ugtcomunicaciones.es\/wordpress\/igualdad-telyco-1\/","og_site_name":"UGT Comunicaciones","article_publisher":"https:\/\/www.facebook.com\/ugt.comunicaciones\/","article_published_time":"2020-07-15T15:10:26+00:00","article_modified_time":"2020-07-15T15:11:35+00:00","og_image":[{"width":1170,"height":785,"url":"https:\/\/www.ugtcomunicaciones.es\/wordpress\/wp-content\/uploads\/2020\/07\/historia-1170x785-1.jpeg","type":"image\/jpeg"}],"author":"UGT","twitter_card":"summary_large_image","twitter_creator":"@ugtcom","twitter_site":"@ugtcom","twitter_misc":{"Escrito por":"UGT","Tiempo de lectura":"3 minutos"},"schema":{"@context":"https:\/\/schema.org","@graph":[{"@type":"Article","@id":"https:\/\/www.ugtcomunicaciones.es\/wordpress\/igualdad-telyco-1\/#article","isPartOf":{"@id":"https:\/\/www.ugtcomunicaciones.es\/wordpress\/igualdad-telyco-1\/"},"author":{"name":"UGT","@id":"https:\/\/www.ugtcomunicaciones.es\/wordpress\/#\/schema\/person\/eba0fc3fe5b444531d94d4368cba89ed"},"headline":"Avances en el Plan de Igualdad Telyco","datePublished":"2020-07-15T15:10:26+00:00","dateModified":"2020-07-15T15:11:35+00:00","mainEntityOfPage":{"@id":"https:\/\/www.ugtcomunicaciones.es\/wordpress\/igualdad-telyco-1\/"},"wordCount":508,"publisher":{"@id":"https:\/\/www.ugtcomunicaciones.es\/wordpress\/#organization"},"image":{"@id":"https:\/\/www.ugtcomunicaciones.es\/wordpress\/igualdad-telyco-1\/#primaryimage"},"thumbnailUrl":"https:\/\/www.ugtcomunicaciones.es\/wordpress\/wp-content\/uploads\/2020\/07\/historia-1170x785-1.jpeg","articleSection":["Telyco"],"inLanguage":"es"},{"@type":"WebPage","@id":"https:\/\/www.ugtcomunicaciones.es\/wordpress\/igualdad-telyco-1\/","url":"https:\/\/www.ugtcomunicaciones.es\/wordpress\/igualdad-telyco-1\/","name":"Avances en el Plan de Igualdad Telyco - UGT Comunicaciones","isPartOf":{"@id":"https:\/\/www.ugtcomunicaciones.es\/wordpress\/#website"},"primaryImageOfPage":{"@id":"https:\/\/www.ugtcomunicaciones.es\/wordpress\/igualdad-telyco-1\/#primaryimage"},"image":{"@id":"https:\/\/www.ugtcomunicaciones.es\/wordpress\/igualdad-telyco-1\/#primaryimage"},"thumbnailUrl":"https:\/\/www.ugtcomunicaciones.es\/wordpress\/wp-content\/uploads\/2020\/07\/historia-1170x785-1.jpeg","datePublished":"2020-07-15T15:10:26+00:00","dateModified":"2020-07-15T15:11:35+00:00","breadcrumb":{"@id":"https:\/\/www.ugtcomunicaciones.es\/wordpress\/igualdad-telyco-1\/#breadcrumb"},"inLanguage":"es","potentialAction":[{"@type":"ReadAction","target":["https:\/\/www.ugtcomunicaciones.es\/wordpress\/igualdad-telyco-1\/"]}]},{"@type":"ImageObject","inLanguage":"es","@id":"https:\/\/www.ugtcomunicaciones.es\/wordpress\/igualdad-telyco-1\/#primaryimage","url":"https:\/\/www.ugtcomunicaciones.es\/wordpress\/wp-content\/uploads\/2020\/07\/historia-1170x785-1.jpeg","contentUrl":"https:\/\/www.ugtcomunicaciones.es\/wordpress\/wp-content\/uploads\/2020\/07\/historia-1170x785-1.jpeg","width":1170,"height":785},{"@type":"BreadcrumbList","@id":"https:\/\/www.ugtcomunicaciones.es\/wordpress\/igualdad-telyco-1\/#breadcrumb","itemListElement":[{"@type":"ListItem","position":1,"name":"Portada","item":"https:\/\/www.ugtcomunicaciones.es\/wordpress\/"},{"@type":"ListItem","position":2,"name":"Avances en el Plan de Igualdad Telyco"}]},{"@type":"WebSite","@id":"https:\/\/www.ugtcomunicaciones.es\/wordpress\/#website","url":"https:\/\/www.ugtcomunicaciones.es\/wordpress\/","name":"UGT Comunicaciones","description":"Sindicato de Telecomunicaciones","publisher":{"@id":"https:\/\/www.ugtcomunicaciones.es\/wordpress\/#organization"},"potentialAction":[{"@type":"SearchAction","target":{"@type":"EntryPoint","urlTemplate":"https:\/\/www.ugtcomunicaciones.es\/wordpress\/?s={search_term_string}"},"query-input":{"@type":"PropertyValueSpecification","valueRequired":true,"valueName":"search_term_string"}}],"inLanguage":"es"},{"@type":"Organization","@id":"https:\/\/www.ugtcomunicaciones.es\/wordpress\/#organization","name":"UGT Comunicaciones","url":"https:\/\/www.ugtcomunicaciones.es\/wordpress\/","logo":{"@type":"ImageObject","inLanguage":"es","@id":"https:\/\/www.ugtcomunicaciones.es\/wordpress\/#\/schema\/logo\/image\/","url":"https:\/\/www.ugtcomunicaciones.es\/wordpress\/wp-content\/uploads\/2024\/04\/comunicaciones_logo.png","contentUrl":"https:\/\/www.ugtcomunicaciones.es\/wordpress\/wp-content\/uploads\/2024\/04\/comunicaciones_logo.png","width":298,"height":81,"caption":"UGT Comunicaciones"},"image":{"@id":"https:\/\/www.ugtcomunicaciones.es\/wordpress\/#\/schema\/logo\/image\/"},"sameAs":["https:\/\/www.facebook.com\/ugt.comunicaciones\/","https:\/\/x.com\/ugtcom"]},{"@type":"Person","@id":"https:\/\/www.ugtcomunicaciones.es\/wordpress\/#\/schema\/person\/eba0fc3fe5b444531d94d4368cba89ed","name":"UGT","image":{"@type":"ImageObject","inLanguage":"es","@id":"https:\/\/secure.gravatar.com\/avatar\/2a16057d620a4c646bcfc171c4f23030879ebbdd346f0525bd5d4a564e57e13d?s=96&d=mm&r=g","url":"https:\/\/secure.gravatar.com\/avatar\/2a16057d620a4c646bcfc171c4f23030879ebbdd346f0525bd5d4a564e57e13d?s=96&d=mm&r=g","contentUrl":"https:\/\/secure.gravatar.com\/avatar\/2a16057d620a4c646bcfc171c4f23030879ebbdd346f0525bd5d4a564e57e13d?s=96&d=mm&r=g","caption":"UGT"}}]}},"_links":{"self":[{"href":"https:\/\/www.ugtcomunicaciones.es\/wordpress\/wp-json\/wp\/v2\/posts\/621688","targetHints":{"allow":["GET"]}}],"collection":[{"href":"https:\/\/www.ugtcomunicaciones.es\/wordpress\/wp-json\/wp\/v2\/posts"}],"about":[{"href":"https:\/\/www.ugtcomunicaciones.es\/wordpress\/wp-json\/wp\/v2\/types\/post"}],"author":[{"embeddable":true,"href":"https:\/\/www.ugtcomunicaciones.es\/wordpress\/wp-json\/wp\/v2\/users\/3"}],"replies":[{"embeddable":true,"href":"https:\/\/www.ugtcomunicaciones.es\/wordpress\/wp-json\/wp\/v2\/comments?post=621688"}],"version-history":[{"count":0,"href":"https:\/\/www.ugtcomunicaciones.es\/wordpress\/wp-json\/wp\/v2\/posts\/621688\/revisions"}],"wp:featuredmedia":[{"embeddable":true,"href":"https:\/\/www.ugtcomunicaciones.es\/wordpress\/wp-json\/wp\/v2\/media\/621687"}],"wp:attachment":[{"href":"https:\/\/www.ugtcomunicaciones.es\/wordpress\/wp-json\/wp\/v2\/media?parent=621688"}],"wp:term":[{"taxonomy":"category","embeddable":true,"href":"https:\/\/www.ugtcomunicaciones.es\/wordpress\/wp-json\/wp\/v2\/categories?post=621688"},{"taxonomy":"post_tag","embeddable":true,"href":"https:\/\/www.ugtcomunicaciones.es\/wordpress\/wp-json\/wp\/v2\/tags?post=621688"}],"curies":[{"name":"wp","href":"https:\/\/api.w.org\/{rel}","templated":true}]}}