{"id":62271,"date":"2017-11-27T08:00:05","date_gmt":"2017-11-27T06:00:05","guid":{"rendered":"http:\/\/ugtcomunicaciones.es\/wordpress\/?p=62271"},"modified":"2017-11-28T13:44:57","modified_gmt":"2017-11-28T11:44:57","slug":"nota-mensual-cnmc-telecos-septiembre-2017","status":"publish","type":"post","link":"https:\/\/www.ugtcomunicaciones.es\/wordpress\/nota-mensual-cnmc-telecos-septiembre-2017\/","title":{"rendered":"Nota mensual CNMC-Telecos septiembre 2017"},"content":{"rendered":"<p style=\"text-align: justify;\">Magn\u00edfico septiembre, sobre todo en la banda ancha fija, que alcanza los 6 millones de l\u00edneas FTTH, y el mercado m\u00f3vil, que afianza una buena racha de varios meses por encima de las 100.000 altas:<img decoding=\"async\" class=\"size-full wp-image-62282 aligncenter lazyload\" data-src=\"http:\/\/ugtcomunicaciones.es\/wordpress\/wp-content\/uploads\/2017\/11\/nota-mensual-01-27-11-17.png\" alt=\"\" width=\"600\" height=\"206\" data-srcset=\"https:\/\/www.ugtcomunicaciones.es\/wordpress\/wp-content\/uploads\/2017\/11\/nota-mensual-01-27-11-17.png 600w, https:\/\/www.ugtcomunicaciones.es\/wordpress\/wp-content\/uploads\/2017\/11\/nota-mensual-01-27-11-17-300x103.png 300w\" data-sizes=\"(max-width: 600px) 100vw, 600px\" src=\"data:image\/svg+xml;base64,PHN2ZyB3aWR0aD0iMSIgaGVpZ2h0PSIxIiB4bWxucz0iaHR0cDovL3d3dy53My5vcmcvMjAwMC9zdmciPjwvc3ZnPg==\" style=\"--smush-placeholder-width: 600px; --smush-placeholder-aspect-ratio: 600\/206;\" \/><\/p>\n<p style=\"text-align: justify;\"><strong>Banda Ancha fija:<\/strong><\/p>\n<ul style=\"text-align: justify;\">\n<li>La tecnolog\u00eda FTTH es la protagonista del mes, al alcanzar los 6 millones de l\u00edneas, gracias a sus 174.000 altas, por las -101.000 del ADSL. No obstante, el cable HFC tambi\u00e9n cosecha un buen mes con 23.000 altas, rompiendo la racha negativa de meses anteriores. Por primera vez en varios a\u00f1os, Telef\u00f3nica aumenta su cuota de mercado de FTTH, del 55,4% al 55,5% (-10% desde hace un a\u00f1o).<\/li>\n<li>La penetraci\u00f3n sigue aumentando de forma ligera, pero constante: 30,4 l\u00edneas por cada 100 habitantes.<\/li>\n<li>M\u00e1sM\u00f3vil repite liderazgo, duplicando sus ganancias del mes anterior (+46.600 l\u00edneas), mientras que en el polo opuesto est\u00e1 Orange (2.700). Destaca el buen mes de Vodafone, con 36.700 altas, y tambi\u00e9n el de Movistar, con +11.400.<\/li>\n<li>En cuanto a cuota de mercado, Telef\u00f3nica sigue descendiendo de forma paulatina (41,70), las distancias entre Orange y Vodafone se acortan a menos de 5 p.p. (28,09% vs. 23,22%), M\u00e1sM\u00f3vil supera ya el 2,5% (2,61%) y las OMV mantienen sus cifras (4,38%).<\/li>\n<\/ul>\n<p style=\"text-align: justify;\"><img decoding=\"async\" class=\"size-full wp-image-62283 aligncenter lazyload\" data-src=\"http:\/\/ugtcomunicaciones.es\/wordpress\/wp-content\/uploads\/2017\/11\/nota-mensual-02-27-11-17.png\" alt=\"\" width=\"600\" height=\"368\" data-srcset=\"https:\/\/www.ugtcomunicaciones.es\/wordpress\/wp-content\/uploads\/2017\/11\/nota-mensual-02-27-11-17.png 600w, https:\/\/www.ugtcomunicaciones.es\/wordpress\/wp-content\/uploads\/2017\/11\/nota-mensual-02-27-11-17-300x184.png 300w\" data-sizes=\"(max-width: 600px) 100vw, 600px\" src=\"data:image\/svg+xml;base64,PHN2ZyB3aWR0aD0iMSIgaGVpZ2h0PSIxIiB4bWxucz0iaHR0cDovL3d3dy53My5vcmcvMjAwMC9zdmciPjwvc3ZnPg==\" style=\"--smush-placeholder-width: 600px; --smush-placeholder-aspect-ratio: 600\/368;\" \/><img decoding=\"async\" class=\"size-full wp-image-62284 aligncenter lazyload\" data-src=\"http:\/\/ugtcomunicaciones.es\/wordpress\/wp-content\/uploads\/2017\/11\/nota-mensual-03-27-11-17.png\" alt=\"\" width=\"600\" height=\"298\" data-srcset=\"https:\/\/www.ugtcomunicaciones.es\/wordpress\/wp-content\/uploads\/2017\/11\/nota-mensual-03-27-11-17.png 600w, https:\/\/www.ugtcomunicaciones.es\/wordpress\/wp-content\/uploads\/2017\/11\/nota-mensual-03-27-11-17-300x149.png 300w\" data-sizes=\"(max-width: 600px) 100vw, 600px\" src=\"data:image\/svg+xml;base64,PHN2ZyB3aWR0aD0iMSIgaGVpZ2h0PSIxIiB4bWxucz0iaHR0cDovL3d3dy53My5vcmcvMjAwMC9zdmciPjwvc3ZnPg==\" style=\"--smush-placeholder-width: 600px; --smush-placeholder-aspect-ratio: 600\/298;\" \/><\/p>\n<p style=\"text-align: justify;\"><strong>Telefon\u00eda M\u00f3vil:<\/strong><\/p>\n<ul style=\"text-align: justify;\">\n<li>Quinto mes consecutivo en positivo: +103.000 l\u00edneas m\u00f3viles de voz m\u00e1s. La penetraci\u00f3n acusa un buen impulso, aunque persiste en ratios muy bajos: 111,5 l\u00edneas por cada 100 habitantes (la media de la UE-15 en 2016 era de 127).<\/li>\n<li>En el apartado de vencedores\/ganadores, las OMV y M\u00e1sM\u00f3vil, otra vez, se llevan la palma, con +39.000 y +58.000 altas netas, respectivamente. Le sigui\u00f3 Movistar, con unas discretas +21.149 altas, pero m\u00e1s de las habituales y que mejoran el mes precedente. Vodafone revierte el mes anterior y gana 19.000. S\u00f3lo pierde Orange, que casi calca el mal mes de septiembre (-35.000).<\/li>\n<li>M\u00e1sM\u00f3vil consigue, por primera vez, superar el 9%. Las OMV confirman el 8% y ya piensan en el 9 % (8,72%). Movistar sigue por debajo del 30% de cuota de mercado, empeorando (29,92%). La distancia entre Orange y Vodafone se estrecha, debido a la mala racha de Orange: 1,7%.<\/li>\n<\/ul>\n<p style=\"text-align: justify;\">En cuanto a la banda ancha m\u00f3vil, Vodafone y Orange rompen la norma de que todos los operadores aumenten su parque. Los primeros de la clase: M\u00e1sM\u00f3vil y Movistar:<\/p>\n<p><img decoding=\"async\" class=\"size-full wp-image-62285 aligncenter lazyload\" data-src=\"http:\/\/ugtcomunicaciones.es\/wordpress\/wp-content\/uploads\/2017\/11\/nota-mensual-04-27-11-17.png\" alt=\"\" width=\"421\" height=\"137\" data-srcset=\"https:\/\/www.ugtcomunicaciones.es\/wordpress\/wp-content\/uploads\/2017\/11\/nota-mensual-04-27-11-17.png 421w, https:\/\/www.ugtcomunicaciones.es\/wordpress\/wp-content\/uploads\/2017\/11\/nota-mensual-04-27-11-17-300x98.png 300w\" data-sizes=\"(max-width: 421px) 100vw, 421px\" src=\"data:image\/svg+xml;base64,PHN2ZyB3aWR0aD0iMSIgaGVpZ2h0PSIxIiB4bWxucz0iaHR0cDovL3d3dy53My5vcmcvMjAwMC9zdmciPjwvc3ZnPg==\" style=\"--smush-placeholder-width: 421px; --smush-placeholder-aspect-ratio: 421\/137;\" \/><\/p>\n<p style=\"text-align: justify;\">El mes cerr\u00f3 con una cifra de 51.864.812 l\u00edneas m\u00f3viles, lo que supone un 1,1% m\u00e1s que hace un a\u00f1o. El incremento registrado en pospago de 158.737 compens\u00f3 el descenso de prepago, con 55.541 l\u00edneas menos. En tasa interanual, la modalidad de prepago disminuy\u00f3 un 8,1%, mientras que la de pospago creci\u00f3 un 4,2%<\/p>\n<p style=\"text-align: justify;\">Las l\u00edneas M2M se situaron en 4.864.550 l\u00edneas, un 11,9% m\u00e1s que hace un a\u00f1o.<\/p>\n<p style=\"text-align: justify;\">En septiembre se portaron 596.635 n\u00fameros m\u00f3viles, un 15,5% m\u00e1s que el\u00a0volumen registrado en el mismo mes de 2016.<\/p>\n<p>Los OMV y Grupo MASMOV!L obtuvieron saldos netos de portabilidad positivos, mientras que Movistar, Orange y Vodafone presentaron saldo negativo.<\/p>\n<p style=\"text-align: justify;\"><strong>\u00a0<\/strong><strong>Telefon\u00eda Fija<\/strong><strong>:<\/strong><\/p>\n<p style=\"text-align: justify;\">Mes de recuperaci\u00f3n de los dos precedentes, con 55.839 altas netas. Ambos segmentos, residencial y negocios, presentaron crecimiento (468 en el caso de los negocios).<\/p>\n<p style=\"text-align: justify;\">El total en Espa\u00f1a alcanza los 19,17 millones l\u00edneas fijas, que representa una penetraci\u00f3n de 41,2 l\u00edneas por cada 100 habitantes.<\/p>\n<p style=\"text-align: justify;\">En el mes de septiembre se portaron 174.144 n\u00fameros fijos, con un aumento del 16,7% respecto al mismo mes del a\u00f1o anterior.<\/p>\n<p style=\"text-align: justify;\"><strong>\u00a0<img decoding=\"async\" class=\"size-full wp-image-62289 aligncenter lazyload\" data-src=\"http:\/\/ugtcomunicaciones.es\/wordpress\/wp-content\/uploads\/2017\/11\/nota-mensual-05-27-11-17.png\" alt=\"\" width=\"600\" height=\"183\" data-srcset=\"https:\/\/www.ugtcomunicaciones.es\/wordpress\/wp-content\/uploads\/2017\/11\/nota-mensual-05-27-11-17.png 600w, https:\/\/www.ugtcomunicaciones.es\/wordpress\/wp-content\/uploads\/2017\/11\/nota-mensual-05-27-11-17-300x92.png 300w\" data-sizes=\"(max-width: 600px) 100vw, 600px\" src=\"data:image\/svg+xml;base64,PHN2ZyB3aWR0aD0iMSIgaGVpZ2h0PSIxIiB4bWxucz0iaHR0cDovL3d3dy53My5vcmcvMjAwMC9zdmciPjwvc3ZnPg==\" style=\"--smush-placeholder-width: 600px; --smush-placeholder-aspect-ratio: 600\/183;\" \/><\/strong><\/p>\n<p><strong>\u00a0<\/strong><\/p>\n<h3 style=\"text-align: right;\"><span style=\"color: #ff0000;\"><strong>UGT<\/strong><\/span><strong> Comunicaciones<\/strong><\/h3>\n","protected":false},"excerpt":{"rendered":"<p>Magn\u00edfico septiembre, sobre todo en la banda ancha fija, que alcanza los 6 millones de l\u00edneas FTTH, y el mercado m\u00f3vil, que afianza una buena racha de varios meses por encima de las 100.000 altas: Banda Ancha fija: La tecnolog\u00eda FTTH es la protagonista del mes, al alcanzar los 6 millones de l\u00edneas, gracias a [&hellip;]<\/p>\n","protected":false},"author":3,"featured_media":645,"comment_status":"closed","ping_status":"closed","sticky":false,"template":"","format":"standard","meta":{"footnotes":""},"categories":[13,12,1],"tags":[],"class_list":["post-62271","post","type-post","status-publish","format-standard","has-post-thumbnail","hentry","category-mercado-comunicaciones","category-regulacion","category-uncategorized"],"yoast_head":"<!-- This site is optimized with the Yoast SEO Premium plugin v27.3 (Yoast SEO v27.4) - https:\/\/yoast.com\/product\/yoast-seo-premium-wordpress\/ -->\n<title>Nota mensual CNMC-Telecos septiembre 2017 - UGT Comunicaciones<\/title>\n<meta name=\"description\" content=\"Magn\u00edfico septiembre, sobre todo en la BA fija, que alcanza los 6 millones de l\u00edneas FTTH, y el mercado m\u00f3vil, que afianza una buena racha de varios meses.\" \/>\n<meta name=\"robots\" content=\"index, follow, max-snippet:-1, max-image-preview:large, max-video-preview:-1\" \/>\n<link rel=\"canonical\" href=\"https:\/\/www.ugtcomunicaciones.es\/wordpress\/nota-mensual-cnmc-telecos-septiembre-2017\/\" \/>\n<meta property=\"og:locale\" content=\"es_ES\" \/>\n<meta property=\"og:type\" content=\"article\" \/>\n<meta property=\"og:title\" content=\"Nota mensual CNMC-Telecos septiembre 2017\" \/>\n<meta property=\"og:description\" content=\"Magn\u00edfico septiembre, sobre todo en la BA fija, que alcanza los 6 millones de l\u00edneas FTTH, y el mercado m\u00f3vil, que afianza una buena racha de varios meses.\" \/>\n<meta property=\"og:url\" content=\"https:\/\/www.ugtcomunicaciones.es\/wordpress\/nota-mensual-cnmc-telecos-septiembre-2017\/\" \/>\n<meta property=\"og:site_name\" content=\"UGT Comunicaciones\" \/>\n<meta property=\"article:publisher\" content=\"https:\/\/www.facebook.com\/ugt.comunicaciones\/\" \/>\n<meta property=\"article:published_time\" content=\"2017-11-27T06:00:05+00:00\" \/>\n<meta property=\"article:modified_time\" content=\"2017-11-28T11:44:57+00:00\" \/>\n<meta property=\"og:image\" content=\"https:\/\/www.ugtcomunicaciones.es\/wordpress\/wp-content\/uploads\/2017\/01\/CNMC_1.png\" \/>\n\t<meta property=\"og:image:width\" content=\"664\" \/>\n\t<meta property=\"og:image:height\" content=\"443\" \/>\n\t<meta property=\"og:image:type\" content=\"image\/png\" \/>\n<meta name=\"author\" content=\"UGT\" \/>\n<meta name=\"twitter:card\" content=\"summary_large_image\" \/>\n<meta name=\"twitter:creator\" content=\"@ugtcom\" \/>\n<meta name=\"twitter:site\" content=\"@ugtcom\" \/>\n<meta name=\"twitter:label1\" content=\"Escrito por\" \/>\n\t<meta name=\"twitter:data1\" content=\"UGT\" \/>\n\t<meta name=\"twitter:label2\" content=\"Tiempo de lectura\" \/>\n\t<meta name=\"twitter:data2\" content=\"3 minutos\" \/>\n<script type=\"application\/ld+json\" class=\"yoast-schema-graph\">{\"@context\":\"https:\\\/\\\/schema.org\",\"@graph\":[{\"@type\":\"Article\",\"@id\":\"https:\\\/\\\/www.ugtcomunicaciones.es\\\/wordpress\\\/nota-mensual-cnmc-telecos-septiembre-2017\\\/#article\",\"isPartOf\":{\"@id\":\"https:\\\/\\\/www.ugtcomunicaciones.es\\\/wordpress\\\/nota-mensual-cnmc-telecos-septiembre-2017\\\/\"},\"author\":{\"name\":\"UGT\",\"@id\":\"https:\\\/\\\/www.ugtcomunicaciones.es\\\/wordpress\\\/#\\\/schema\\\/person\\\/eba0fc3fe5b444531d94d4368cba89ed\"},\"headline\":\"Nota mensual CNMC-Telecos septiembre 2017\",\"datePublished\":\"2017-11-27T06:00:05+00:00\",\"dateModified\":\"2017-11-28T11:44:57+00:00\",\"mainEntityOfPage\":{\"@id\":\"https:\\\/\\\/www.ugtcomunicaciones.es\\\/wordpress\\\/nota-mensual-cnmc-telecos-septiembre-2017\\\/\"},\"wordCount\":567,\"publisher\":{\"@id\":\"https:\\\/\\\/www.ugtcomunicaciones.es\\\/wordpress\\\/#organization\"},\"image\":{\"@id\":\"https:\\\/\\\/www.ugtcomunicaciones.es\\\/wordpress\\\/nota-mensual-cnmc-telecos-septiembre-2017\\\/#primaryimage\"},\"thumbnailUrl\":\"https:\\\/\\\/www.ugtcomunicaciones.es\\\/wordpress\\\/wp-content\\\/uploads\\\/2017\\\/01\\\/CNMC_1.png\",\"articleSection\":[\"Mercado Comunicaciones\",\"Regulaci\u00f3n\",\"Uncategorized\"],\"inLanguage\":\"es\"},{\"@type\":\"WebPage\",\"@id\":\"https:\\\/\\\/www.ugtcomunicaciones.es\\\/wordpress\\\/nota-mensual-cnmc-telecos-septiembre-2017\\\/\",\"url\":\"https:\\\/\\\/www.ugtcomunicaciones.es\\\/wordpress\\\/nota-mensual-cnmc-telecos-septiembre-2017\\\/\",\"name\":\"Nota mensual CNMC-Telecos septiembre 2017 - UGT Comunicaciones\",\"isPartOf\":{\"@id\":\"https:\\\/\\\/www.ugtcomunicaciones.es\\\/wordpress\\\/#website\"},\"primaryImageOfPage\":{\"@id\":\"https:\\\/\\\/www.ugtcomunicaciones.es\\\/wordpress\\\/nota-mensual-cnmc-telecos-septiembre-2017\\\/#primaryimage\"},\"image\":{\"@id\":\"https:\\\/\\\/www.ugtcomunicaciones.es\\\/wordpress\\\/nota-mensual-cnmc-telecos-septiembre-2017\\\/#primaryimage\"},\"thumbnailUrl\":\"https:\\\/\\\/www.ugtcomunicaciones.es\\\/wordpress\\\/wp-content\\\/uploads\\\/2017\\\/01\\\/CNMC_1.png\",\"datePublished\":\"2017-11-27T06:00:05+00:00\",\"dateModified\":\"2017-11-28T11:44:57+00:00\",\"description\":\"Magn\u00edfico septiembre, sobre todo en la BA fija, que alcanza los 6 millones de l\u00edneas FTTH, y el mercado m\u00f3vil, que afianza una buena racha de varios meses.\",\"breadcrumb\":{\"@id\":\"https:\\\/\\\/www.ugtcomunicaciones.es\\\/wordpress\\\/nota-mensual-cnmc-telecos-septiembre-2017\\\/#breadcrumb\"},\"inLanguage\":\"es\",\"potentialAction\":[{\"@type\":\"ReadAction\",\"target\":[\"https:\\\/\\\/www.ugtcomunicaciones.es\\\/wordpress\\\/nota-mensual-cnmc-telecos-septiembre-2017\\\/\"]}]},{\"@type\":\"ImageObject\",\"inLanguage\":\"es\",\"@id\":\"https:\\\/\\\/www.ugtcomunicaciones.es\\\/wordpress\\\/nota-mensual-cnmc-telecos-septiembre-2017\\\/#primaryimage\",\"url\":\"https:\\\/\\\/www.ugtcomunicaciones.es\\\/wordpress\\\/wp-content\\\/uploads\\\/2017\\\/01\\\/CNMC_1.png\",\"contentUrl\":\"https:\\\/\\\/www.ugtcomunicaciones.es\\\/wordpress\\\/wp-content\\\/uploads\\\/2017\\\/01\\\/CNMC_1.png\",\"width\":664,\"height\":443,\"caption\":\"CNMC\"},{\"@type\":\"BreadcrumbList\",\"@id\":\"https:\\\/\\\/www.ugtcomunicaciones.es\\\/wordpress\\\/nota-mensual-cnmc-telecos-septiembre-2017\\\/#breadcrumb\",\"itemListElement\":[{\"@type\":\"ListItem\",\"position\":1,\"name\":\"Portada\",\"item\":\"https:\\\/\\\/www.ugtcomunicaciones.es\\\/wordpress\\\/\"},{\"@type\":\"ListItem\",\"position\":2,\"name\":\"Nota mensual CNMC-Telecos septiembre 2017\"}]},{\"@type\":\"WebSite\",\"@id\":\"https:\\\/\\\/www.ugtcomunicaciones.es\\\/wordpress\\\/#website\",\"url\":\"https:\\\/\\\/www.ugtcomunicaciones.es\\\/wordpress\\\/\",\"name\":\"UGT Comunicaciones\",\"description\":\"Sindicato de Telecomunicaciones\",\"publisher\":{\"@id\":\"https:\\\/\\\/www.ugtcomunicaciones.es\\\/wordpress\\\/#organization\"},\"potentialAction\":[{\"@type\":\"SearchAction\",\"target\":{\"@type\":\"EntryPoint\",\"urlTemplate\":\"https:\\\/\\\/www.ugtcomunicaciones.es\\\/wordpress\\\/?s={search_term_string}\"},\"query-input\":{\"@type\":\"PropertyValueSpecification\",\"valueRequired\":true,\"valueName\":\"search_term_string\"}}],\"inLanguage\":\"es\"},{\"@type\":\"Organization\",\"@id\":\"https:\\\/\\\/www.ugtcomunicaciones.es\\\/wordpress\\\/#organization\",\"name\":\"UGT Comunicaciones\",\"url\":\"https:\\\/\\\/www.ugtcomunicaciones.es\\\/wordpress\\\/\",\"logo\":{\"@type\":\"ImageObject\",\"inLanguage\":\"es\",\"@id\":\"https:\\\/\\\/www.ugtcomunicaciones.es\\\/wordpress\\\/#\\\/schema\\\/logo\\\/image\\\/\",\"url\":\"https:\\\/\\\/www.ugtcomunicaciones.es\\\/wordpress\\\/wp-content\\\/uploads\\\/2024\\\/04\\\/comunicaciones_logo.png\",\"contentUrl\":\"https:\\\/\\\/www.ugtcomunicaciones.es\\\/wordpress\\\/wp-content\\\/uploads\\\/2024\\\/04\\\/comunicaciones_logo.png\",\"width\":298,\"height\":81,\"caption\":\"UGT Comunicaciones\"},\"image\":{\"@id\":\"https:\\\/\\\/www.ugtcomunicaciones.es\\\/wordpress\\\/#\\\/schema\\\/logo\\\/image\\\/\"},\"sameAs\":[\"https:\\\/\\\/www.facebook.com\\\/ugt.comunicaciones\\\/\",\"https:\\\/\\\/x.com\\\/ugtcom\"]},{\"@type\":\"Person\",\"@id\":\"https:\\\/\\\/www.ugtcomunicaciones.es\\\/wordpress\\\/#\\\/schema\\\/person\\\/eba0fc3fe5b444531d94d4368cba89ed\",\"name\":\"UGT\",\"image\":{\"@type\":\"ImageObject\",\"inLanguage\":\"es\",\"@id\":\"https:\\\/\\\/secure.gravatar.com\\\/avatar\\\/2a16057d620a4c646bcfc171c4f23030879ebbdd346f0525bd5d4a564e57e13d?s=96&d=mm&r=g\",\"url\":\"https:\\\/\\\/secure.gravatar.com\\\/avatar\\\/2a16057d620a4c646bcfc171c4f23030879ebbdd346f0525bd5d4a564e57e13d?s=96&d=mm&r=g\",\"contentUrl\":\"https:\\\/\\\/secure.gravatar.com\\\/avatar\\\/2a16057d620a4c646bcfc171c4f23030879ebbdd346f0525bd5d4a564e57e13d?s=96&d=mm&r=g\",\"caption\":\"UGT\"}}]}<\/script>\n<!-- \/ Yoast SEO Premium plugin. -->","yoast_head_json":{"title":"Nota mensual CNMC-Telecos septiembre 2017 - UGT Comunicaciones","description":"Magn\u00edfico septiembre, sobre todo en la BA fija, que alcanza los 6 millones de l\u00edneas FTTH, y el mercado m\u00f3vil, que afianza una buena racha de varios meses.","robots":{"index":"index","follow":"follow","max-snippet":"max-snippet:-1","max-image-preview":"max-image-preview:large","max-video-preview":"max-video-preview:-1"},"canonical":"https:\/\/www.ugtcomunicaciones.es\/wordpress\/nota-mensual-cnmc-telecos-septiembre-2017\/","og_locale":"es_ES","og_type":"article","og_title":"Nota mensual CNMC-Telecos septiembre 2017","og_description":"Magn\u00edfico septiembre, sobre todo en la BA fija, que alcanza los 6 millones de l\u00edneas FTTH, y el mercado m\u00f3vil, que afianza una buena racha de varios meses.","og_url":"https:\/\/www.ugtcomunicaciones.es\/wordpress\/nota-mensual-cnmc-telecos-septiembre-2017\/","og_site_name":"UGT Comunicaciones","article_publisher":"https:\/\/www.facebook.com\/ugt.comunicaciones\/","article_published_time":"2017-11-27T06:00:05+00:00","article_modified_time":"2017-11-28T11:44:57+00:00","og_image":[{"width":664,"height":443,"url":"https:\/\/www.ugtcomunicaciones.es\/wordpress\/wp-content\/uploads\/2017\/01\/CNMC_1.png","type":"image\/png"}],"author":"UGT","twitter_card":"summary_large_image","twitter_creator":"@ugtcom","twitter_site":"@ugtcom","twitter_misc":{"Escrito por":"UGT","Tiempo de lectura":"3 minutos"},"schema":{"@context":"https:\/\/schema.org","@graph":[{"@type":"Article","@id":"https:\/\/www.ugtcomunicaciones.es\/wordpress\/nota-mensual-cnmc-telecos-septiembre-2017\/#article","isPartOf":{"@id":"https:\/\/www.ugtcomunicaciones.es\/wordpress\/nota-mensual-cnmc-telecos-septiembre-2017\/"},"author":{"name":"UGT","@id":"https:\/\/www.ugtcomunicaciones.es\/wordpress\/#\/schema\/person\/eba0fc3fe5b444531d94d4368cba89ed"},"headline":"Nota mensual CNMC-Telecos septiembre 2017","datePublished":"2017-11-27T06:00:05+00:00","dateModified":"2017-11-28T11:44:57+00:00","mainEntityOfPage":{"@id":"https:\/\/www.ugtcomunicaciones.es\/wordpress\/nota-mensual-cnmc-telecos-septiembre-2017\/"},"wordCount":567,"publisher":{"@id":"https:\/\/www.ugtcomunicaciones.es\/wordpress\/#organization"},"image":{"@id":"https:\/\/www.ugtcomunicaciones.es\/wordpress\/nota-mensual-cnmc-telecos-septiembre-2017\/#primaryimage"},"thumbnailUrl":"https:\/\/www.ugtcomunicaciones.es\/wordpress\/wp-content\/uploads\/2017\/01\/CNMC_1.png","articleSection":["Mercado Comunicaciones","Regulaci\u00f3n","Uncategorized"],"inLanguage":"es"},{"@type":"WebPage","@id":"https:\/\/www.ugtcomunicaciones.es\/wordpress\/nota-mensual-cnmc-telecos-septiembre-2017\/","url":"https:\/\/www.ugtcomunicaciones.es\/wordpress\/nota-mensual-cnmc-telecos-septiembre-2017\/","name":"Nota mensual CNMC-Telecos septiembre 2017 - UGT Comunicaciones","isPartOf":{"@id":"https:\/\/www.ugtcomunicaciones.es\/wordpress\/#website"},"primaryImageOfPage":{"@id":"https:\/\/www.ugtcomunicaciones.es\/wordpress\/nota-mensual-cnmc-telecos-septiembre-2017\/#primaryimage"},"image":{"@id":"https:\/\/www.ugtcomunicaciones.es\/wordpress\/nota-mensual-cnmc-telecos-septiembre-2017\/#primaryimage"},"thumbnailUrl":"https:\/\/www.ugtcomunicaciones.es\/wordpress\/wp-content\/uploads\/2017\/01\/CNMC_1.png","datePublished":"2017-11-27T06:00:05+00:00","dateModified":"2017-11-28T11:44:57+00:00","description":"Magn\u00edfico septiembre, sobre todo en la BA fija, que alcanza los 6 millones de l\u00edneas FTTH, y el mercado m\u00f3vil, que afianza una buena racha de varios meses.","breadcrumb":{"@id":"https:\/\/www.ugtcomunicaciones.es\/wordpress\/nota-mensual-cnmc-telecos-septiembre-2017\/#breadcrumb"},"inLanguage":"es","potentialAction":[{"@type":"ReadAction","target":["https:\/\/www.ugtcomunicaciones.es\/wordpress\/nota-mensual-cnmc-telecos-septiembre-2017\/"]}]},{"@type":"ImageObject","inLanguage":"es","@id":"https:\/\/www.ugtcomunicaciones.es\/wordpress\/nota-mensual-cnmc-telecos-septiembre-2017\/#primaryimage","url":"https:\/\/www.ugtcomunicaciones.es\/wordpress\/wp-content\/uploads\/2017\/01\/CNMC_1.png","contentUrl":"https:\/\/www.ugtcomunicaciones.es\/wordpress\/wp-content\/uploads\/2017\/01\/CNMC_1.png","width":664,"height":443,"caption":"CNMC"},{"@type":"BreadcrumbList","@id":"https:\/\/www.ugtcomunicaciones.es\/wordpress\/nota-mensual-cnmc-telecos-septiembre-2017\/#breadcrumb","itemListElement":[{"@type":"ListItem","position":1,"name":"Portada","item":"https:\/\/www.ugtcomunicaciones.es\/wordpress\/"},{"@type":"ListItem","position":2,"name":"Nota mensual CNMC-Telecos septiembre 2017"}]},{"@type":"WebSite","@id":"https:\/\/www.ugtcomunicaciones.es\/wordpress\/#website","url":"https:\/\/www.ugtcomunicaciones.es\/wordpress\/","name":"UGT Comunicaciones","description":"Sindicato de Telecomunicaciones","publisher":{"@id":"https:\/\/www.ugtcomunicaciones.es\/wordpress\/#organization"},"potentialAction":[{"@type":"SearchAction","target":{"@type":"EntryPoint","urlTemplate":"https:\/\/www.ugtcomunicaciones.es\/wordpress\/?s={search_term_string}"},"query-input":{"@type":"PropertyValueSpecification","valueRequired":true,"valueName":"search_term_string"}}],"inLanguage":"es"},{"@type":"Organization","@id":"https:\/\/www.ugtcomunicaciones.es\/wordpress\/#organization","name":"UGT Comunicaciones","url":"https:\/\/www.ugtcomunicaciones.es\/wordpress\/","logo":{"@type":"ImageObject","inLanguage":"es","@id":"https:\/\/www.ugtcomunicaciones.es\/wordpress\/#\/schema\/logo\/image\/","url":"https:\/\/www.ugtcomunicaciones.es\/wordpress\/wp-content\/uploads\/2024\/04\/comunicaciones_logo.png","contentUrl":"https:\/\/www.ugtcomunicaciones.es\/wordpress\/wp-content\/uploads\/2024\/04\/comunicaciones_logo.png","width":298,"height":81,"caption":"UGT Comunicaciones"},"image":{"@id":"https:\/\/www.ugtcomunicaciones.es\/wordpress\/#\/schema\/logo\/image\/"},"sameAs":["https:\/\/www.facebook.com\/ugt.comunicaciones\/","https:\/\/x.com\/ugtcom"]},{"@type":"Person","@id":"https:\/\/www.ugtcomunicaciones.es\/wordpress\/#\/schema\/person\/eba0fc3fe5b444531d94d4368cba89ed","name":"UGT","image":{"@type":"ImageObject","inLanguage":"es","@id":"https:\/\/secure.gravatar.com\/avatar\/2a16057d620a4c646bcfc171c4f23030879ebbdd346f0525bd5d4a564e57e13d?s=96&d=mm&r=g","url":"https:\/\/secure.gravatar.com\/avatar\/2a16057d620a4c646bcfc171c4f23030879ebbdd346f0525bd5d4a564e57e13d?s=96&d=mm&r=g","contentUrl":"https:\/\/secure.gravatar.com\/avatar\/2a16057d620a4c646bcfc171c4f23030879ebbdd346f0525bd5d4a564e57e13d?s=96&d=mm&r=g","caption":"UGT"}}]}},"_links":{"self":[{"href":"https:\/\/www.ugtcomunicaciones.es\/wordpress\/wp-json\/wp\/v2\/posts\/62271","targetHints":{"allow":["GET"]}}],"collection":[{"href":"https:\/\/www.ugtcomunicaciones.es\/wordpress\/wp-json\/wp\/v2\/posts"}],"about":[{"href":"https:\/\/www.ugtcomunicaciones.es\/wordpress\/wp-json\/wp\/v2\/types\/post"}],"author":[{"embeddable":true,"href":"https:\/\/www.ugtcomunicaciones.es\/wordpress\/wp-json\/wp\/v2\/users\/3"}],"replies":[{"embeddable":true,"href":"https:\/\/www.ugtcomunicaciones.es\/wordpress\/wp-json\/wp\/v2\/comments?post=62271"}],"version-history":[{"count":0,"href":"https:\/\/www.ugtcomunicaciones.es\/wordpress\/wp-json\/wp\/v2\/posts\/62271\/revisions"}],"wp:featuredmedia":[{"embeddable":true,"href":"https:\/\/www.ugtcomunicaciones.es\/wordpress\/wp-json\/wp\/v2\/media\/645"}],"wp:attachment":[{"href":"https:\/\/www.ugtcomunicaciones.es\/wordpress\/wp-json\/wp\/v2\/media?parent=62271"}],"wp:term":[{"taxonomy":"category","embeddable":true,"href":"https:\/\/www.ugtcomunicaciones.es\/wordpress\/wp-json\/wp\/v2\/categories?post=62271"},{"taxonomy":"post_tag","embeddable":true,"href":"https:\/\/www.ugtcomunicaciones.es\/wordpress\/wp-json\/wp\/v2\/tags?post=62271"}],"curies":[{"name":"wp","href":"https:\/\/api.w.org\/{rel}","templated":true}]}}