{"id":6360,"date":"2017-07-26T12:37:50","date_gmt":"2017-07-26T10:37:50","guid":{"rendered":"http:\/\/ugtcomunicaciones.es\/wordpress\/?p=6360"},"modified":"2017-07-26T12:41:36","modified_gmt":"2017-07-26T10:41:36","slug":"plan-pensiones-vodafone-2t-2017","status":"publish","type":"post","link":"https:\/\/www.ugtcomunicaciones.es\/wordpress\/plan-pensiones-vodafone-2t-2017\/","title":{"rendered":"Reuni\u00f3n de la Comisi\u00f3n de Control del Plan de Pensiones  ( 2\u00ba Trimestre 2017)"},"content":{"rendered":"<p style=\"text-align: justify;\"><img decoding=\"async\" class=\"aligncenter size-full wp-image-6371 lazyload\" data-src=\"http:\/\/ugtcomunicaciones.es\/wordpress\/wp-content\/uploads\/2017\/07\/pensiones_VF_26-07-2017.jpg\" alt=\"\" width=\"851\" height=\"564\" data-srcset=\"https:\/\/www.ugtcomunicaciones.es\/wordpress\/wp-content\/uploads\/2017\/07\/pensiones_VF_26-07-2017.jpg 851w, https:\/\/www.ugtcomunicaciones.es\/wordpress\/wp-content\/uploads\/2017\/07\/pensiones_VF_26-07-2017-300x199.jpg 300w, https:\/\/www.ugtcomunicaciones.es\/wordpress\/wp-content\/uploads\/2017\/07\/pensiones_VF_26-07-2017-768x509.jpg 768w, https:\/\/www.ugtcomunicaciones.es\/wordpress\/wp-content\/uploads\/2017\/07\/pensiones_VF_26-07-2017-634x420.jpg 634w, https:\/\/www.ugtcomunicaciones.es\/wordpress\/wp-content\/uploads\/2017\/07\/pensiones_VF_26-07-2017-640x424.jpg 640w, https:\/\/www.ugtcomunicaciones.es\/wordpress\/wp-content\/uploads\/2017\/07\/pensiones_VF_26-07-2017-681x451.jpg 681w\" data-sizes=\"(max-width: 851px) 100vw, 851px\" src=\"data:image\/svg+xml;base64,PHN2ZyB3aWR0aD0iMSIgaGVpZ2h0PSIxIiB4bWxucz0iaHR0cDovL3d3dy53My5vcmcvMjAwMC9zdmciPjwvc3ZnPg==\" style=\"--smush-placeholder-width: 851px; --smush-placeholder-aspect-ratio: 851\/564;\" \/>Este pasado jueves d\u00eda 20, se ha llevado a cabo la reuni\u00f3n trimestral de la Comisi\u00f3n de Control del Plan Pensiones, con\u00a0 el\u00a0 fin\u00a0 de\u00a0 analizar\u00a0 la\u00a0 evoluci\u00f3n\u00a0 financiera\u00a0 del\u00a0 Fondo\u00a0 en\u00a0 este\u00a0 trimestre\u00a0 y\u00a0 ratificar\u00a0 la\u00a0 propuesta\u00a0 de\u00a0 inversi\u00f3n presentada a la Subcomisi\u00f3n de Inversiones.<\/p>\n<p style=\"text-align: justify;\">Antes\u00a0\u00a0 de\u00a0\u00a0 iniciar\u00a0\u00a0 el\u00a0\u00a0 an\u00e1lisis\u00a0\u00a0 de\u00a0\u00a0 los\u00a0\u00a0 datos\u00a0\u00a0 financieros,\u00a0\u00a0\u00a0\u00a0 la\u00a0\u00a0 empresa\u00a0\u00a0 nos\u00a0\u00a0 comunica\u00a0\u00a0 el\u00a0\u00a0 cambio\u00a0\u00a0 de\u00a0\u00a0 uno\u00a0\u00a0 de\u00a0\u00a0 sus representantes en la Comisi\u00f3n de Control, que adem\u00e1s asumir\u00e1 la Secretar\u00eda.<\/p>\n<p style=\"text-align: justify;\"><strong>Resultados<\/strong><strong> financieros del fondo<\/strong><\/p>\n<p style=\"text-align: justify;\">En cuanto a la evoluci\u00f3n del Fondo, <strong>a d\u00eda 30 de junio la rentabilidad alcanza el 3%<\/strong>, podemos considerar que en el acumulado del a\u00f1o estos resultados son buenos a pesar de que este \u00faltimo mes no ha sido positivo, y por ese motivo respecto al primer trimestre nos situar\u00edamos en el en &#8211; 0.50%.<\/p>\n<p style=\"text-align: justify;\">A\u00a0 d\u00eda\u00a0 de\u00a0 ayer,\u00a0 la\u00a0 rentabilidad\u00a0 neta\u00a0 acumulada\u00a0 anual\u00a0 alcanza\u00a0 el\u00a0 3.78%,\u00a0 con\u00a0 un\u00a0 <strong>valor\u00a0 patrimonial\u00a0 del\u00a0 Fondo\u00a0 de<\/strong><\/p>\n<p style=\"text-align: justify;\"><strong>89.149.256,27\u20ac<\/strong> y\u00a0 la unidad de cuenta en\u00a0 1.74.<\/p>\n<p style=\"text-align: justify;\">En\u00a0 cuanto\u00a0 a\u00a0 la\u00a0 atribuci\u00f3n\u00a0 de\u00a0 resultados, la\u00a0 rentabilidad\u00a0 ha\u00a0 venido\u00a0 principalmente\u00a0 de\u00a0 la\u00a0 Renta\u00a0 Variable\u00a0 (tanto Euro, como no Euro) y en cuanto a la asignaci\u00f3n de activos tenemos una sobreponderaci\u00f3n t\u00e1ctica en renta variable euro y renta fija corporativa, con infraponderaci\u00f3n en renta fija de gobierno. Habiendo comenzado con la incorporaci\u00f3n a la cartera de los activos alternativos.<\/p>\n<p style=\"text-align: justify;\">Mantenemos las coberturas en renta variable , habiendo actualizado la de renta variable euro hasta los 3500 puntos del EuroStoxx50.<\/p>\n<p style=\"text-align: justify;\">Nuestro asesor externo en\u00a0 su informe\u00a0 de\u00a0 resultados nos presenta\u00a0 una\u00a0 encuesta\u00a0 realizada\u00a0 a\u00a0 nivel\u00a0 europeo sobre\u00a0 la asignacion de los activos en los planes de pensiones. Como principal dato de esta encuesta podemos comprobar que en Espa\u00f1a la cantidad invertida en planes de pensiones es de las menores de Europa, y por otro lado, que los % de inversi\u00f3n\u00a0 en\u00a0 activos\u00a0 alternativos\u00a0 aumenta\u00a0 a\u00a0 medida\u00a0 que\u00a0 aumenta\u00a0 el\u00a0 tama\u00f1o\u00a0 de\u00a0 los\u00a0 fondos.\u00a0 En\u00a0 los\u00a0 fondos\u00a0 entre<\/p>\n<p style=\"text-align: justify;\">100M\u20ac -250M\u20ac se situa en un 17% del patrimonio.<\/p>\n<p style=\"text-align: justify;\"><strong>Estrategia<\/strong><strong> del fondo<\/strong><\/p>\n<p style=\"text-align: justify;\">En\u00a0 esta\u00a0 linea,\u00a0 la\u00a0 Comision\u00a0 de\u00a0 Control\u00a0 propone\u00a0 a\u00a0 la\u00a0 gestora\u00a0 y\u00a0 a\u00a0 Mercer\u00a0 el\u00a0 avanzar\u00a0 en\u00a0 este\u00a0 camino,\u00a0 que\u00a0 ya\u00a0 hemos iniciado, de manera algo mas r\u00e1pida con el fin de llegar en un horizonte temporal mas cercano\u00a0 al 10% de inversi\u00f3n en este tipo de activos, estrategia que ya hemos aprobado e incorporado a nuestro mandato de inversi\u00f3n.<\/p>\n<p style=\"text-align: justify;\">Se comprometen a presentarnos alguna propuesta en la pr\u00f3xima reuni\u00f3n de la Subcomisi\u00f3n.<\/p>\n<p style=\"text-align: justify;\"><strong>Explicaci\u00f3n<\/strong><strong> del Extracto de Movimientos<\/strong><\/p>\n<p style=\"text-align: justify;\">En otro orden de cosas , os recordamos que la Comision de Control publica periodicamente un Bolet\u00edn Informativo que\u00a0 podeis\u00a0 encontrar\u00a0 en\u00a0 el\u00a0 Hub.\u00a0 Destacamos\u00a0 de\u00a0 dicho\u00a0 boletin\u00a0 en\u00a0 esta\u00a0 ocasi\u00f3n,\u00a0 ya\u00a0 que\u00a0 os \u00a0puede\u00a0 resultar\u00a0 util,\u00a0 la siguiente aclaraci\u00f3n del extracto de movimientos que os env\u00eda trimestralmente la gestora a casa con la situaci\u00f3n de vuestro derechos consolidados:<\/p>\n<p><img decoding=\"async\" class=\"aligncenter size-full wp-image-6372 lazyload\" data-src=\"http:\/\/ugtcomunicaciones.es\/wordpress\/wp-content\/uploads\/2017\/07\/ejemplo_plan_pensiones.jpg\" alt=\"\" width=\"475\" height=\"709\" data-srcset=\"https:\/\/www.ugtcomunicaciones.es\/wordpress\/wp-content\/uploads\/2017\/07\/ejemplo_plan_pensiones.jpg 475w, https:\/\/www.ugtcomunicaciones.es\/wordpress\/wp-content\/uploads\/2017\/07\/ejemplo_plan_pensiones-201x300.jpg 201w, https:\/\/www.ugtcomunicaciones.es\/wordpress\/wp-content\/uploads\/2017\/07\/ejemplo_plan_pensiones-281x420.jpg 281w\" data-sizes=\"(max-width: 475px) 100vw, 475px\" src=\"data:image\/svg+xml;base64,PHN2ZyB3aWR0aD0iMSIgaGVpZ2h0PSIxIiB4bWxucz0iaHR0cDovL3d3dy53My5vcmcvMjAwMC9zdmciPjwvc3ZnPg==\" style=\"--smush-placeholder-width: 475px; --smush-placeholder-aspect-ratio: 475\/709;\" \/><\/p>\n","protected":false},"excerpt":{"rendered":"<p>Este pasado jueves d\u00eda 20, se ha llevado a cabo la reuni\u00f3n trimestral de la Comisi\u00f3n de Control del Plan Pensiones, con\u00a0 el\u00a0 fin\u00a0 de\u00a0 analizar\u00a0 la\u00a0 evoluci\u00f3n\u00a0 financiera\u00a0 del\u00a0 Fondo\u00a0 en\u00a0 este\u00a0 trimestre\u00a0 y\u00a0 ratificar\u00a0 la\u00a0 propuesta\u00a0 de\u00a0 inversi\u00f3n presentada a la Subcomisi\u00f3n de Inversiones. Antes\u00a0\u00a0 de\u00a0\u00a0 iniciar\u00a0\u00a0 el\u00a0\u00a0 an\u00e1lisis\u00a0\u00a0 de\u00a0\u00a0 los\u00a0\u00a0 datos\u00a0\u00a0 financieros,\u00a0\u00a0\u00a0\u00a0 [&hellip;]<\/p>\n","protected":false},"author":3,"featured_media":6371,"comment_status":"open","ping_status":"closed","sticky":false,"template":"","format":"standard","meta":{"footnotes":""},"categories":[27,28,29,48],"tags":[],"class_list":["post-6360","post","type-post","status-publish","format-standard","has-post-thumbnail","hentry","category-grupo-vodafone","category-vodafone-es","category-vodafone-ono","category-vodafone-servicios"],"yoast_head":"<!-- This site is optimized with the Yoast SEO Premium plugin v27.3 (Yoast SEO v27.4) - https:\/\/yoast.com\/product\/yoast-seo-premium-wordpress\/ -->\n<title>Plan pensiones vodafone 2 trimestre 2017- Informe UGT<\/title>\n<meta name=\"description\" content=\"Informe de la Comisi\u00f3n de Control del Plan de Pensiones de empleados de Vodafone correspondiente al segundo trimestre de 2017.\" \/>\n<meta name=\"robots\" content=\"index, follow, max-snippet:-1, max-image-preview:large, max-video-preview:-1\" \/>\n<link rel=\"canonical\" href=\"https:\/\/www.ugtcomunicaciones.es\/wordpress\/plan-pensiones-vodafone-2t-2017\/\" \/>\n<meta property=\"og:locale\" content=\"es_ES\" \/>\n<meta property=\"og:type\" content=\"article\" \/>\n<meta property=\"og:title\" content=\"Reuni\u00f3n de la Comisi\u00f3n de Control del Plan de Pensiones ( 2\u00ba Trimestre 2017)\" \/>\n<meta property=\"og:description\" content=\"Informe de la Comisi\u00f3n de Control del Plan de Pensiones de empleados de Vodafone correspondiente al segundo trimestre de 2017.\" \/>\n<meta property=\"og:url\" content=\"https:\/\/www.ugtcomunicaciones.es\/wordpress\/plan-pensiones-vodafone-2t-2017\/\" \/>\n<meta property=\"og:site_name\" content=\"UGT Comunicaciones\" \/>\n<meta property=\"article:publisher\" content=\"https:\/\/www.facebook.com\/ugt.comunicaciones\/\" \/>\n<meta property=\"article:published_time\" content=\"2017-07-26T10:37:50+00:00\" \/>\n<meta property=\"article:modified_time\" content=\"2017-07-26T10:41:36+00:00\" \/>\n<meta property=\"og:image\" content=\"https:\/\/www.ugtcomunicaciones.es\/wordpress\/wp-content\/uploads\/2017\/07\/pensiones_VF_26-07-2017.jpg\" \/>\n\t<meta property=\"og:image:width\" content=\"851\" \/>\n\t<meta property=\"og:image:height\" content=\"564\" \/>\n\t<meta property=\"og:image:type\" content=\"image\/jpeg\" \/>\n<meta name=\"author\" content=\"UGT\" \/>\n<meta name=\"twitter:card\" content=\"summary_large_image\" \/>\n<meta name=\"twitter:creator\" content=\"@ugtcom\" \/>\n<meta name=\"twitter:site\" content=\"@ugtcom\" \/>\n<meta name=\"twitter:label1\" content=\"Escrito por\" \/>\n\t<meta name=\"twitter:data1\" content=\"UGT\" \/>\n\t<meta name=\"twitter:label2\" content=\"Tiempo de lectura\" \/>\n\t<meta name=\"twitter:data2\" content=\"2 minutos\" \/>\n<script type=\"application\/ld+json\" class=\"yoast-schema-graph\">{\"@context\":\"https:\\\/\\\/schema.org\",\"@graph\":[{\"@type\":\"Article\",\"@id\":\"https:\\\/\\\/www.ugtcomunicaciones.es\\\/wordpress\\\/plan-pensiones-vodafone-2t-2017\\\/#article\",\"isPartOf\":{\"@id\":\"https:\\\/\\\/www.ugtcomunicaciones.es\\\/wordpress\\\/plan-pensiones-vodafone-2t-2017\\\/\"},\"author\":{\"name\":\"UGT\",\"@id\":\"https:\\\/\\\/www.ugtcomunicaciones.es\\\/wordpress\\\/#\\\/schema\\\/person\\\/eba0fc3fe5b444531d94d4368cba89ed\"},\"headline\":\"Reuni\u00f3n de la Comisi\u00f3n de Control del Plan de Pensiones ( 2\u00ba Trimestre 2017)\",\"datePublished\":\"2017-07-26T10:37:50+00:00\",\"dateModified\":\"2017-07-26T10:41:36+00:00\",\"mainEntityOfPage\":{\"@id\":\"https:\\\/\\\/www.ugtcomunicaciones.es\\\/wordpress\\\/plan-pensiones-vodafone-2t-2017\\\/\"},\"wordCount\":505,\"commentCount\":0,\"publisher\":{\"@id\":\"https:\\\/\\\/www.ugtcomunicaciones.es\\\/wordpress\\\/#organization\"},\"image\":{\"@id\":\"https:\\\/\\\/www.ugtcomunicaciones.es\\\/wordpress\\\/plan-pensiones-vodafone-2t-2017\\\/#primaryimage\"},\"thumbnailUrl\":\"https:\\\/\\\/www.ugtcomunicaciones.es\\\/wordpress\\\/wp-content\\\/uploads\\\/2017\\\/07\\\/pensiones_VF_26-07-2017.jpg\",\"articleSection\":[\"Grupo Vodafone\",\"Vodafone Espa\u00f1a\",\"Vodafone ONO\",\"Vodafone Servicios\"],\"inLanguage\":\"es\",\"potentialAction\":[{\"@type\":\"CommentAction\",\"name\":\"Comment\",\"target\":[\"https:\\\/\\\/www.ugtcomunicaciones.es\\\/wordpress\\\/plan-pensiones-vodafone-2t-2017\\\/#respond\"]}]},{\"@type\":\"WebPage\",\"@id\":\"https:\\\/\\\/www.ugtcomunicaciones.es\\\/wordpress\\\/plan-pensiones-vodafone-2t-2017\\\/\",\"url\":\"https:\\\/\\\/www.ugtcomunicaciones.es\\\/wordpress\\\/plan-pensiones-vodafone-2t-2017\\\/\",\"name\":\"Plan pensiones vodafone 2 trimestre 2017- Informe UGT\",\"isPartOf\":{\"@id\":\"https:\\\/\\\/www.ugtcomunicaciones.es\\\/wordpress\\\/#website\"},\"primaryImageOfPage\":{\"@id\":\"https:\\\/\\\/www.ugtcomunicaciones.es\\\/wordpress\\\/plan-pensiones-vodafone-2t-2017\\\/#primaryimage\"},\"image\":{\"@id\":\"https:\\\/\\\/www.ugtcomunicaciones.es\\\/wordpress\\\/plan-pensiones-vodafone-2t-2017\\\/#primaryimage\"},\"thumbnailUrl\":\"https:\\\/\\\/www.ugtcomunicaciones.es\\\/wordpress\\\/wp-content\\\/uploads\\\/2017\\\/07\\\/pensiones_VF_26-07-2017.jpg\",\"datePublished\":\"2017-07-26T10:37:50+00:00\",\"dateModified\":\"2017-07-26T10:41:36+00:00\",\"description\":\"Informe de la Comisi\u00f3n de Control del Plan de Pensiones de empleados de Vodafone correspondiente al segundo trimestre de 2017.\",\"breadcrumb\":{\"@id\":\"https:\\\/\\\/www.ugtcomunicaciones.es\\\/wordpress\\\/plan-pensiones-vodafone-2t-2017\\\/#breadcrumb\"},\"inLanguage\":\"es\",\"potentialAction\":[{\"@type\":\"ReadAction\",\"target\":[\"https:\\\/\\\/www.ugtcomunicaciones.es\\\/wordpress\\\/plan-pensiones-vodafone-2t-2017\\\/\"]}]},{\"@type\":\"ImageObject\",\"inLanguage\":\"es\",\"@id\":\"https:\\\/\\\/www.ugtcomunicaciones.es\\\/wordpress\\\/plan-pensiones-vodafone-2t-2017\\\/#primaryimage\",\"url\":\"https:\\\/\\\/www.ugtcomunicaciones.es\\\/wordpress\\\/wp-content\\\/uploads\\\/2017\\\/07\\\/pensiones_VF_26-07-2017.jpg\",\"contentUrl\":\"https:\\\/\\\/www.ugtcomunicaciones.es\\\/wordpress\\\/wp-content\\\/uploads\\\/2017\\\/07\\\/pensiones_VF_26-07-2017.jpg\",\"width\":851,\"height\":564},{\"@type\":\"BreadcrumbList\",\"@id\":\"https:\\\/\\\/www.ugtcomunicaciones.es\\\/wordpress\\\/plan-pensiones-vodafone-2t-2017\\\/#breadcrumb\",\"itemListElement\":[{\"@type\":\"ListItem\",\"position\":1,\"name\":\"Portada\",\"item\":\"https:\\\/\\\/www.ugtcomunicaciones.es\\\/wordpress\\\/\"},{\"@type\":\"ListItem\",\"position\":2,\"name\":\"Reuni\u00f3n de la Comisi\u00f3n de Control del Plan de Pensiones ( 2\u00ba Trimestre 2017)\"}]},{\"@type\":\"WebSite\",\"@id\":\"https:\\\/\\\/www.ugtcomunicaciones.es\\\/wordpress\\\/#website\",\"url\":\"https:\\\/\\\/www.ugtcomunicaciones.es\\\/wordpress\\\/\",\"name\":\"UGT Comunicaciones\",\"description\":\"Sindicato de Telecomunicaciones\",\"publisher\":{\"@id\":\"https:\\\/\\\/www.ugtcomunicaciones.es\\\/wordpress\\\/#organization\"},\"potentialAction\":[{\"@type\":\"SearchAction\",\"target\":{\"@type\":\"EntryPoint\",\"urlTemplate\":\"https:\\\/\\\/www.ugtcomunicaciones.es\\\/wordpress\\\/?s={search_term_string}\"},\"query-input\":{\"@type\":\"PropertyValueSpecification\",\"valueRequired\":true,\"valueName\":\"search_term_string\"}}],\"inLanguage\":\"es\"},{\"@type\":\"Organization\",\"@id\":\"https:\\\/\\\/www.ugtcomunicaciones.es\\\/wordpress\\\/#organization\",\"name\":\"UGT Comunicaciones\",\"url\":\"https:\\\/\\\/www.ugtcomunicaciones.es\\\/wordpress\\\/\",\"logo\":{\"@type\":\"ImageObject\",\"inLanguage\":\"es\",\"@id\":\"https:\\\/\\\/www.ugtcomunicaciones.es\\\/wordpress\\\/#\\\/schema\\\/logo\\\/image\\\/\",\"url\":\"https:\\\/\\\/www.ugtcomunicaciones.es\\\/wordpress\\\/wp-content\\\/uploads\\\/2024\\\/04\\\/comunicaciones_logo.png\",\"contentUrl\":\"https:\\\/\\\/www.ugtcomunicaciones.es\\\/wordpress\\\/wp-content\\\/uploads\\\/2024\\\/04\\\/comunicaciones_logo.png\",\"width\":298,\"height\":81,\"caption\":\"UGT Comunicaciones\"},\"image\":{\"@id\":\"https:\\\/\\\/www.ugtcomunicaciones.es\\\/wordpress\\\/#\\\/schema\\\/logo\\\/image\\\/\"},\"sameAs\":[\"https:\\\/\\\/www.facebook.com\\\/ugt.comunicaciones\\\/\",\"https:\\\/\\\/x.com\\\/ugtcom\"]},{\"@type\":\"Person\",\"@id\":\"https:\\\/\\\/www.ugtcomunicaciones.es\\\/wordpress\\\/#\\\/schema\\\/person\\\/eba0fc3fe5b444531d94d4368cba89ed\",\"name\":\"UGT\",\"image\":{\"@type\":\"ImageObject\",\"inLanguage\":\"es\",\"@id\":\"https:\\\/\\\/secure.gravatar.com\\\/avatar\\\/2a16057d620a4c646bcfc171c4f23030879ebbdd346f0525bd5d4a564e57e13d?s=96&d=mm&r=g\",\"url\":\"https:\\\/\\\/secure.gravatar.com\\\/avatar\\\/2a16057d620a4c646bcfc171c4f23030879ebbdd346f0525bd5d4a564e57e13d?s=96&d=mm&r=g\",\"contentUrl\":\"https:\\\/\\\/secure.gravatar.com\\\/avatar\\\/2a16057d620a4c646bcfc171c4f23030879ebbdd346f0525bd5d4a564e57e13d?s=96&d=mm&r=g\",\"caption\":\"UGT\"}}]}<\/script>\n<!-- \/ Yoast SEO Premium plugin. -->","yoast_head_json":{"title":"Plan pensiones vodafone 2 trimestre 2017- Informe UGT","description":"Informe de la Comisi\u00f3n de Control del Plan de Pensiones de empleados de Vodafone correspondiente al segundo trimestre de 2017.","robots":{"index":"index","follow":"follow","max-snippet":"max-snippet:-1","max-image-preview":"max-image-preview:large","max-video-preview":"max-video-preview:-1"},"canonical":"https:\/\/www.ugtcomunicaciones.es\/wordpress\/plan-pensiones-vodafone-2t-2017\/","og_locale":"es_ES","og_type":"article","og_title":"Reuni\u00f3n de la Comisi\u00f3n de Control del Plan de Pensiones ( 2\u00ba Trimestre 2017)","og_description":"Informe de la Comisi\u00f3n de Control del Plan de Pensiones de empleados de Vodafone correspondiente al segundo trimestre de 2017.","og_url":"https:\/\/www.ugtcomunicaciones.es\/wordpress\/plan-pensiones-vodafone-2t-2017\/","og_site_name":"UGT Comunicaciones","article_publisher":"https:\/\/www.facebook.com\/ugt.comunicaciones\/","article_published_time":"2017-07-26T10:37:50+00:00","article_modified_time":"2017-07-26T10:41:36+00:00","og_image":[{"width":851,"height":564,"url":"https:\/\/www.ugtcomunicaciones.es\/wordpress\/wp-content\/uploads\/2017\/07\/pensiones_VF_26-07-2017.jpg","type":"image\/jpeg"}],"author":"UGT","twitter_card":"summary_large_image","twitter_creator":"@ugtcom","twitter_site":"@ugtcom","twitter_misc":{"Escrito por":"UGT","Tiempo de lectura":"2 minutos"},"schema":{"@context":"https:\/\/schema.org","@graph":[{"@type":"Article","@id":"https:\/\/www.ugtcomunicaciones.es\/wordpress\/plan-pensiones-vodafone-2t-2017\/#article","isPartOf":{"@id":"https:\/\/www.ugtcomunicaciones.es\/wordpress\/plan-pensiones-vodafone-2t-2017\/"},"author":{"name":"UGT","@id":"https:\/\/www.ugtcomunicaciones.es\/wordpress\/#\/schema\/person\/eba0fc3fe5b444531d94d4368cba89ed"},"headline":"Reuni\u00f3n de la Comisi\u00f3n de Control del Plan de Pensiones ( 2\u00ba Trimestre 2017)","datePublished":"2017-07-26T10:37:50+00:00","dateModified":"2017-07-26T10:41:36+00:00","mainEntityOfPage":{"@id":"https:\/\/www.ugtcomunicaciones.es\/wordpress\/plan-pensiones-vodafone-2t-2017\/"},"wordCount":505,"commentCount":0,"publisher":{"@id":"https:\/\/www.ugtcomunicaciones.es\/wordpress\/#organization"},"image":{"@id":"https:\/\/www.ugtcomunicaciones.es\/wordpress\/plan-pensiones-vodafone-2t-2017\/#primaryimage"},"thumbnailUrl":"https:\/\/www.ugtcomunicaciones.es\/wordpress\/wp-content\/uploads\/2017\/07\/pensiones_VF_26-07-2017.jpg","articleSection":["Grupo Vodafone","Vodafone Espa\u00f1a","Vodafone ONO","Vodafone Servicios"],"inLanguage":"es","potentialAction":[{"@type":"CommentAction","name":"Comment","target":["https:\/\/www.ugtcomunicaciones.es\/wordpress\/plan-pensiones-vodafone-2t-2017\/#respond"]}]},{"@type":"WebPage","@id":"https:\/\/www.ugtcomunicaciones.es\/wordpress\/plan-pensiones-vodafone-2t-2017\/","url":"https:\/\/www.ugtcomunicaciones.es\/wordpress\/plan-pensiones-vodafone-2t-2017\/","name":"Plan pensiones vodafone 2 trimestre 2017- Informe UGT","isPartOf":{"@id":"https:\/\/www.ugtcomunicaciones.es\/wordpress\/#website"},"primaryImageOfPage":{"@id":"https:\/\/www.ugtcomunicaciones.es\/wordpress\/plan-pensiones-vodafone-2t-2017\/#primaryimage"},"image":{"@id":"https:\/\/www.ugtcomunicaciones.es\/wordpress\/plan-pensiones-vodafone-2t-2017\/#primaryimage"},"thumbnailUrl":"https:\/\/www.ugtcomunicaciones.es\/wordpress\/wp-content\/uploads\/2017\/07\/pensiones_VF_26-07-2017.jpg","datePublished":"2017-07-26T10:37:50+00:00","dateModified":"2017-07-26T10:41:36+00:00","description":"Informe de la Comisi\u00f3n de Control del Plan de Pensiones de empleados de Vodafone correspondiente al segundo trimestre de 2017.","breadcrumb":{"@id":"https:\/\/www.ugtcomunicaciones.es\/wordpress\/plan-pensiones-vodafone-2t-2017\/#breadcrumb"},"inLanguage":"es","potentialAction":[{"@type":"ReadAction","target":["https:\/\/www.ugtcomunicaciones.es\/wordpress\/plan-pensiones-vodafone-2t-2017\/"]}]},{"@type":"ImageObject","inLanguage":"es","@id":"https:\/\/www.ugtcomunicaciones.es\/wordpress\/plan-pensiones-vodafone-2t-2017\/#primaryimage","url":"https:\/\/www.ugtcomunicaciones.es\/wordpress\/wp-content\/uploads\/2017\/07\/pensiones_VF_26-07-2017.jpg","contentUrl":"https:\/\/www.ugtcomunicaciones.es\/wordpress\/wp-content\/uploads\/2017\/07\/pensiones_VF_26-07-2017.jpg","width":851,"height":564},{"@type":"BreadcrumbList","@id":"https:\/\/www.ugtcomunicaciones.es\/wordpress\/plan-pensiones-vodafone-2t-2017\/#breadcrumb","itemListElement":[{"@type":"ListItem","position":1,"name":"Portada","item":"https:\/\/www.ugtcomunicaciones.es\/wordpress\/"},{"@type":"ListItem","position":2,"name":"Reuni\u00f3n de la Comisi\u00f3n de Control del Plan de Pensiones ( 2\u00ba Trimestre 2017)"}]},{"@type":"WebSite","@id":"https:\/\/www.ugtcomunicaciones.es\/wordpress\/#website","url":"https:\/\/www.ugtcomunicaciones.es\/wordpress\/","name":"UGT Comunicaciones","description":"Sindicato de Telecomunicaciones","publisher":{"@id":"https:\/\/www.ugtcomunicaciones.es\/wordpress\/#organization"},"potentialAction":[{"@type":"SearchAction","target":{"@type":"EntryPoint","urlTemplate":"https:\/\/www.ugtcomunicaciones.es\/wordpress\/?s={search_term_string}"},"query-input":{"@type":"PropertyValueSpecification","valueRequired":true,"valueName":"search_term_string"}}],"inLanguage":"es"},{"@type":"Organization","@id":"https:\/\/www.ugtcomunicaciones.es\/wordpress\/#organization","name":"UGT Comunicaciones","url":"https:\/\/www.ugtcomunicaciones.es\/wordpress\/","logo":{"@type":"ImageObject","inLanguage":"es","@id":"https:\/\/www.ugtcomunicaciones.es\/wordpress\/#\/schema\/logo\/image\/","url":"https:\/\/www.ugtcomunicaciones.es\/wordpress\/wp-content\/uploads\/2024\/04\/comunicaciones_logo.png","contentUrl":"https:\/\/www.ugtcomunicaciones.es\/wordpress\/wp-content\/uploads\/2024\/04\/comunicaciones_logo.png","width":298,"height":81,"caption":"UGT Comunicaciones"},"image":{"@id":"https:\/\/www.ugtcomunicaciones.es\/wordpress\/#\/schema\/logo\/image\/"},"sameAs":["https:\/\/www.facebook.com\/ugt.comunicaciones\/","https:\/\/x.com\/ugtcom"]},{"@type":"Person","@id":"https:\/\/www.ugtcomunicaciones.es\/wordpress\/#\/schema\/person\/eba0fc3fe5b444531d94d4368cba89ed","name":"UGT","image":{"@type":"ImageObject","inLanguage":"es","@id":"https:\/\/secure.gravatar.com\/avatar\/2a16057d620a4c646bcfc171c4f23030879ebbdd346f0525bd5d4a564e57e13d?s=96&d=mm&r=g","url":"https:\/\/secure.gravatar.com\/avatar\/2a16057d620a4c646bcfc171c4f23030879ebbdd346f0525bd5d4a564e57e13d?s=96&d=mm&r=g","contentUrl":"https:\/\/secure.gravatar.com\/avatar\/2a16057d620a4c646bcfc171c4f23030879ebbdd346f0525bd5d4a564e57e13d?s=96&d=mm&r=g","caption":"UGT"}}]}},"_links":{"self":[{"href":"https:\/\/www.ugtcomunicaciones.es\/wordpress\/wp-json\/wp\/v2\/posts\/6360","targetHints":{"allow":["GET"]}}],"collection":[{"href":"https:\/\/www.ugtcomunicaciones.es\/wordpress\/wp-json\/wp\/v2\/posts"}],"about":[{"href":"https:\/\/www.ugtcomunicaciones.es\/wordpress\/wp-json\/wp\/v2\/types\/post"}],"author":[{"embeddable":true,"href":"https:\/\/www.ugtcomunicaciones.es\/wordpress\/wp-json\/wp\/v2\/users\/3"}],"replies":[{"embeddable":true,"href":"https:\/\/www.ugtcomunicaciones.es\/wordpress\/wp-json\/wp\/v2\/comments?post=6360"}],"version-history":[{"count":0,"href":"https:\/\/www.ugtcomunicaciones.es\/wordpress\/wp-json\/wp\/v2\/posts\/6360\/revisions"}],"wp:featuredmedia":[{"embeddable":true,"href":"https:\/\/www.ugtcomunicaciones.es\/wordpress\/wp-json\/wp\/v2\/media\/6371"}],"wp:attachment":[{"href":"https:\/\/www.ugtcomunicaciones.es\/wordpress\/wp-json\/wp\/v2\/media?parent=6360"}],"wp:term":[{"taxonomy":"category","embeddable":true,"href":"https:\/\/www.ugtcomunicaciones.es\/wordpress\/wp-json\/wp\/v2\/categories?post=6360"},{"taxonomy":"post_tag","embeddable":true,"href":"https:\/\/www.ugtcomunicaciones.es\/wordpress\/wp-json\/wp\/v2\/tags?post=6360"}],"curies":[{"name":"wp","href":"https:\/\/api.w.org\/{rel}","templated":true}]}}