{"id":643616,"date":"2020-09-07T00:00:26","date_gmt":"2020-09-06T22:00:26","guid":{"rendered":"http:\/\/ugtcomunicaciones.es\/wordpress\/?p=643616"},"modified":"2020-08-21T17:36:35","modified_gmt":"2020-08-21T15:36:35","slug":"ugt-exige-politicas-para-impulsar-la-digitalizacion-de-la-economia-y-nuestra-sociedad","status":"publish","type":"post","link":"https:\/\/www.ugtcomunicaciones.es\/wordpress\/ugt-exige-politicas-para-impulsar-la-digitalizacion-de-la-economia-y-nuestra-sociedad\/","title":{"rendered":"UGT exige pol\u00edticas para impulsar la digitalizaci\u00f3n de la econom\u00eda y nuestra sociedad"},"content":{"rendered":"<ul>\n<li style=\"text-align: justify;\">El \u00cdndice de la Econom\u00eda y la Sociedad Digitales (DESI por sus siglas en ingl\u00e9s<sup class=\"modern-footnotes-footnote \" data-mfn=\"1\" data-mfn-post-scope=\"000000000000413c0000000000000000_643616\"><a href=\"javascript:void(0)\"  role=\"button\" aria-pressed=\"false\" aria-describedby=\"mfn-content-000000000000413c0000000000000000_643616-1\">1<\/a><\/sup><span id=\"mfn-content-000000000000413c0000000000000000_643616-1\" role=\"tooltip\" class=\"modern-footnotes-footnote__note\" tabindex=\"0\" data-mfn=\"1\"><a href=\"https:\/\/ec.europa.eu\/digital-single-market\/en\/news\/digital-economy-and-society-index-desi-2020\" target=\"_blank\" rel=\"noopener noreferrer\">https:\/\/ec.europa.eu\/digital-single-market\/en\/news\/digital-economy-and-society-index-desi-2020<\/a><\/span>) para 2020 vuelve a colocar a Espa\u00f1a en una posici\u00f3n rezagada en relaci\u00f3n con nuestro potencial econ\u00f3mico (puesto n\u00famero 11 de 28 posibles, cuando somos la quinta potencia econ\u00f3mica de la Uni\u00f3n).<\/li>\n<\/ul>\n<ul style=\"text-align: justify;\">\n<li>Nuestras grandes fortalezas, concentradas en unas de las mejores infraestructuras digitales de Europa y en la alto grado de digitalizaci\u00f3n de nuestros servicios p\u00fablicos, no son capaces equilibrar nuestra end\u00e9mica debilidad: la baja capacitaci\u00f3n digital de nuestra ciudadan\u00eda y nuestra fuerza de trabajo<sup class=\"modern-footnotes-footnote \" data-mfn=\"2\" data-mfn-post-scope=\"000000000000413c0000000000000000_643616\"><a href=\"javascript:void(0)\"  role=\"button\" aria-pressed=\"false\" aria-describedby=\"mfn-content-000000000000413c0000000000000000_643616-2\">2<\/a><\/sup><span id=\"mfn-content-000000000000413c0000000000000000_643616-2\" role=\"tooltip\" class=\"modern-footnotes-footnote__note\" tabindex=\"0\" data-mfn=\"2\"><a href=\"https:\/\/www.ugt.es\/un-plan-nacional-de-inclusion-tecnologica-que-termine-con-la-brecha-digital\" target=\"_blank\" rel=\"noopener noreferrer\">https:\/\/www.ugt.es\/un-plan-nacional-de-inclusion-tecnologica-que-termine-con-la-brecha-digital<\/a><\/span> y el retraso tecnol\u00f3gico de nuestras empresas<sup class=\"modern-footnotes-footnote \" data-mfn=\"3\" data-mfn-post-scope=\"000000000000413c0000000000000000_643616\"><a href=\"javascript:void(0)\"  role=\"button\" aria-pressed=\"false\" aria-describedby=\"mfn-content-000000000000413c0000000000000000_643616-3\">3<\/a><\/sup><span id=\"mfn-content-000000000000413c0000000000000000_643616-3\" role=\"tooltip\" class=\"modern-footnotes-footnote__note\" tabindex=\"0\" data-mfn=\"3\"><a href=\"https:\/\/www.ugt.es\/sites\/default\/files\/digitalizacion_de_la_empresa_espanola_v3_01112019.pdf\" target=\"_blank\" rel=\"noopener noreferrer\">https:\/\/www.ugt.es\/sites\/default\/files\/digitalizacion_de_la_empresa_espanola_v3_01112019.pdf<\/a><\/span>.<\/li>\n<\/ul>\n<ul style=\"text-align: justify;\">\n<li>La principal carencia de nuestro pa\u00eds sigue siendo el tama\u00f1o y alcance de nuestra Brecha Digital: s\u00f3lo uno de cada tres espa\u00f1oles posee competencias digitales por encima de las b\u00e1sicas y cuatro de cada diez no tiene conocimientos software. En el terreno laboral, el n\u00famero de personas trabajadoras especializados en nuevas tecnolog\u00edas est\u00e1 muy por debajo de la media europea, mientras que la presencia femenina en el sector tecnol\u00f3gico apenas supera el 1%<sup class=\"modern-footnotes-footnote \" data-mfn=\"4\" data-mfn-post-scope=\"000000000000413c0000000000000000_643616\"><a href=\"javascript:void(0)\"  role=\"button\" aria-pressed=\"false\" aria-describedby=\"mfn-content-000000000000413c0000000000000000_643616-4\">4<\/a><\/sup><span id=\"mfn-content-000000000000413c0000000000000000_643616-4\" role=\"tooltip\" class=\"modern-footnotes-footnote__note\" tabindex=\"0\" data-mfn=\"4\"><a href=\"https:\/\/www.ugt.es\/las-mujeres-deben-estar-en-el-centro-de-la-revolucion-digital\" target=\"_blank\" rel=\"noopener noreferrer\">https:\/\/www.ugt.es\/las-mujeres-deben-estar-en-el-centro-de-la-revolucion-digital<\/a><\/span>.<\/li>\n<\/ul>\n<ul style=\"text-align: justify;\">\n<li>UGT exige a pol\u00edticos, reguladores, legisladores y patronales que den un paso adelante, acometiendo reformas de calado que permitan a nuestra econom\u00eda y a nuestra sociedad alcanzar un nivel digital competitivo e inclusivo.<\/li>\n<\/ul>\n<p style=\"text-align: justify;\">El \u00cdndice de la Econom\u00eda y la Sociedad Digitales correspondiente a 2020 confirma la necesidad de acometer reformas legislativas, laboral y regulatorias que impulsen la digitalizaci\u00f3n econ\u00f3mica y social de nuestro pa\u00eds.<\/p>\n<p style=\"text-align: justify;\">En el \u00edndice global, Espa\u00f1a desciende levemente con respecto a 2019 (un puesto), pero el verdadero problema no es la comparativa interanual sino la tendencia hist\u00f3rica: desde 2015 nuestra convergencia con Europa se desacopla, distanci\u00e1ndonos cada vez m\u00e1s. As\u00ed, en 6 a\u00f1os hemos pasado de estar casi en la media Europea a alejarnos en cinco puntos porcentuales.<\/p>\n<p><img decoding=\"async\" class=\"aligncenter wp-image-643618 size-full lazyload\" data-src=\"http:\/\/ugtcomunicaciones.es\/wordpress\/wp-content\/uploads\/2020\/08\/exige-1.jpg\" alt=\"\" width=\"361\" height=\"138\" data-srcset=\"https:\/\/www.ugtcomunicaciones.es\/wordpress\/wp-content\/uploads\/2020\/08\/exige-1.jpg 361w, https:\/\/www.ugtcomunicaciones.es\/wordpress\/wp-content\/uploads\/2020\/08\/exige-1-300x115.jpg 300w\" data-sizes=\"(max-width: 361px) 100vw, 361px\" src=\"data:image\/svg+xml;base64,PHN2ZyB3aWR0aD0iMSIgaGVpZ2h0PSIxIiB4bWxucz0iaHR0cDovL3d3dy53My5vcmcvMjAwMC9zdmciPjwvc3ZnPg==\" style=\"--smush-placeholder-width: 361px; --smush-placeholder-aspect-ratio: 361\/138;\" \/><\/p>\n<p><img decoding=\"async\" class=\"aligncenter wp-image-643619 size-full lazyload\" data-src=\"http:\/\/ugtcomunicaciones.es\/wordpress\/wp-content\/uploads\/2020\/08\/exige-2.jpg\" alt=\"\" width=\"327\" height=\"316\" data-srcset=\"https:\/\/www.ugtcomunicaciones.es\/wordpress\/wp-content\/uploads\/2020\/08\/exige-2.jpg 327w, https:\/\/www.ugtcomunicaciones.es\/wordpress\/wp-content\/uploads\/2020\/08\/exige-2-300x290.jpg 300w\" data-sizes=\"(max-width: 327px) 100vw, 327px\" src=\"data:image\/svg+xml;base64,PHN2ZyB3aWR0aD0iMSIgaGVpZ2h0PSIxIiB4bWxucz0iaHR0cDovL3d3dy53My5vcmcvMjAwMC9zdmciPjwvc3ZnPg==\" style=\"--smush-placeholder-width: 327px; --smush-placeholder-aspect-ratio: 327\/316;\" \/><\/p>\n<p style=\"text-align: justify;\">Las causas de esta tendencia son los severos desequilibrios estructurales que sufrimos, al comportarnos como l\u00edderes europeos en algunos apartados, mientras estamos en el furg\u00f3n de cola continental en otros aspectos. Por ejemplo: Espa\u00f1a es l\u00edder europeo en infraestructuras digitales (doblamos la media europea en cobertura de redes de alta velocidad de fibra \u00f3ptica) y tenemos una preparaci\u00f3n para el futuro 5G nueve puntos mayor que la media. En servicios p\u00fablicos digitales rozamos siempre las m\u00e1ximas puntuaciones, gracias a nuestra implantaci\u00f3n de sistemas de datos abiertos y al n\u00famero de interacciones con la administraci\u00f3n electr\u00f3nica.<\/p>\n<p style=\"text-align: justify;\">Sin embargo, nuestros puntos d\u00e9biles siguen siendo los mismo que venimos se\u00f1alando, y denunciando, desde hace a\u00f1os: una brecha digital inaceptablemente amplia y una digitalizaci\u00f3n empresarial muy por debajo de lo esperable.<\/p>\n<p style=\"text-align: justify;\">Por ejemplo, s\u00f3lo uno de cada tres espa\u00f1oles posee competencias digitales por encima de las b\u00e1sicas y cuatro de cada diez no tiene conocimientos software. En el terreno laboral, el n\u00famero de personas trabajadoras especializados en nuevas tecnolog\u00edas est\u00e1 muy por debajo de la media europea, mientras que la presencia femenina en el sector tecnol\u00f3gico apenas supera el 1%. Las mejoras en varios de estos apartados, aunque deben ser valoradas, son claramente insuficientes ante el retraso acumulado por a\u00f1os de desidia gubernamental, por lo que urge desplegar medidas de mayor calado y con mayor financiaci\u00f3n.<\/p>\n<p><img decoding=\"async\" class=\"aligncenter wp-image-643620 size-full lazyload\" data-src=\"http:\/\/ugtcomunicaciones.es\/wordpress\/wp-content\/uploads\/2020\/08\/exige-3.jpg\" alt=\"\" width=\"642\" height=\"261\" data-srcset=\"https:\/\/www.ugtcomunicaciones.es\/wordpress\/wp-content\/uploads\/2020\/08\/exige-3.jpg 642w, https:\/\/www.ugtcomunicaciones.es\/wordpress\/wp-content\/uploads\/2020\/08\/exige-3-300x122.jpg 300w, https:\/\/www.ugtcomunicaciones.es\/wordpress\/wp-content\/uploads\/2020\/08\/exige-3-640x261.jpg 640w\" data-sizes=\"(max-width: 642px) 100vw, 642px\" src=\"data:image\/svg+xml;base64,PHN2ZyB3aWR0aD0iMSIgaGVpZ2h0PSIxIiB4bWxucz0iaHR0cDovL3d3dy53My5vcmcvMjAwMC9zdmciPjwvc3ZnPg==\" style=\"--smush-placeholder-width: 642px; --smush-placeholder-aspect-ratio: 642\/261;\" \/><\/p>\n<p style=\"text-align: justify;\">En cuanto a las empresas, no s\u00f3lo no se registran avances, si no que de descubren inexplicables retrocesos: usamos menos cloud computing o nuestras PYMES venden menos online que en ejercicios anteriores, empeorando ya la poca competitividad digital de nuestras empresas. Tampoco el big data se abre paso e incluso el intercambio de electr\u00f3nico de informaci\u00f3n entre las empresas ha descendido tres puntos en el \u00faltimo a\u00f1o.<\/p>\n<p><img decoding=\"async\" class=\"aligncenter wp-image-643621 size-full lazyload\" data-src=\"http:\/\/ugtcomunicaciones.es\/wordpress\/wp-content\/uploads\/2020\/08\/exige-4.jpg\" alt=\"\" width=\"642\" height=\"318\" data-srcset=\"https:\/\/www.ugtcomunicaciones.es\/wordpress\/wp-content\/uploads\/2020\/08\/exige-4.jpg 642w, https:\/\/www.ugtcomunicaciones.es\/wordpress\/wp-content\/uploads\/2020\/08\/exige-4-300x149.jpg 300w, https:\/\/www.ugtcomunicaciones.es\/wordpress\/wp-content\/uploads\/2020\/08\/exige-4-640x318.jpg 640w\" data-sizes=\"(max-width: 642px) 100vw, 642px\" src=\"data:image\/svg+xml;base64,PHN2ZyB3aWR0aD0iMSIgaGVpZ2h0PSIxIiB4bWxucz0iaHR0cDovL3d3dy53My5vcmcvMjAwMC9zdmciPjwvc3ZnPg==\" style=\"--smush-placeholder-width: 642px; --smush-placeholder-aspect-ratio: 642\/318;\" \/><\/p>\n<p style=\"text-align: justify;\">La pandemia Covid19 est\u00e1 suponiendo un ba\u00f1o de realidad para multitud empresas y de administraciones p\u00fablicas, que se han visto, en demasiados casos, casi paralizadas a causa de su poco m\u00fasculo tecnol\u00f3gico y su bajo grado de digitalizaci\u00f3n. A pesar de las reiteradas denuncias de este Sindicato, urgiendo a digitalizar nuestro pa\u00eds de forma proactiva e inclusiva, estamos pagando un precio muy alto por nuestro retraso tecnol\u00f3gico.<\/p>\n<p style=\"text-align: justify;\">Por todo ello, UGT vuelve a exigir a pol\u00edticos, reguladores, legisladores y patronales que den un paso adelante, acometiendo reformas de calado que permitan a nuestra econom\u00eda alcanzar un nivel digital competitivo. Estamos obligados a articular contrapesos sociales que nos permitan construir un futuro en t\u00e9rminos de cohesi\u00f3n social y territorial, mediante la alfabetizaci\u00f3n digital de nuestra ciudadan\u00eda y nuestra fuerza laboral.<\/p>\n<h4 style=\"text-align: right;\"><strong><span style=\"color: #ff0000;\">UGT<\/span> Comunicaciones<\/strong><a href=\"#_ftnref1\" name=\"_ftn1\"><\/a><\/h4>\n","protected":false},"excerpt":{"rendered":"<p>El \u00cdndice de la Econom\u00eda y la Sociedad Digitales (DESI por sus siglas en ingl\u00e9s) para 2020 vuelve a colocar a Espa\u00f1a en una posici\u00f3n rezagada en relaci\u00f3n con nuestro potencial econ\u00f3mico (puesto n\u00famero 11 de 28 posibles, cuando somos la quinta potencia econ\u00f3mica de la Uni\u00f3n). Nuestras grandes fortalezas, concentradas en unas de las [&hellip;]<\/p>\n","protected":false},"author":3,"featured_media":643640,"comment_status":"closed","ping_status":"closed","sticky":false,"template":"","format":"standard","meta":{"footnotes":""},"categories":[13,12],"tags":[],"class_list":["post-643616","post","type-post","status-publish","format-standard","has-post-thumbnail","hentry","category-mercado-comunicaciones","category-regulacion"],"yoast_head":"<!-- This site is optimized with the Yoast SEO Premium plugin v27.3 (Yoast SEO v27.4) - https:\/\/yoast.com\/product\/yoast-seo-premium-wordpress\/ -->\n<title>UGT exige pol\u00edticas para impulsar la digitalizaci\u00f3n de la econom\u00eda y nuestra sociedad - UGT Comunicaciones<\/title>\n<meta name=\"robots\" content=\"index, follow, max-snippet:-1, max-image-preview:large, max-video-preview:-1\" \/>\n<link rel=\"canonical\" href=\"https:\/\/www.ugtcomunicaciones.es\/wordpress\/ugt-exige-politicas-para-impulsar-la-digitalizacion-de-la-economia-y-nuestra-sociedad\/\" \/>\n<meta property=\"og:locale\" content=\"es_ES\" \/>\n<meta property=\"og:type\" content=\"article\" \/>\n<meta property=\"og:title\" content=\"UGT exige pol\u00edticas para impulsar la digitalizaci\u00f3n de la econom\u00eda y nuestra sociedad\" \/>\n<meta property=\"og:description\" content=\"El \u00cdndice de la Econom\u00eda y la Sociedad Digitales (DESI por sus siglas en ingl\u00e9s) para 2020 vuelve a colocar a Espa\u00f1a en una posici\u00f3n rezagada en relaci\u00f3n con nuestro potencial econ\u00f3mico (puesto n\u00famero 11 de 28 posibles, cuando somos la quinta potencia econ\u00f3mica de la Uni\u00f3n). Nuestras grandes fortalezas, concentradas en unas de las [&hellip;]\" \/>\n<meta property=\"og:url\" content=\"https:\/\/www.ugtcomunicaciones.es\/wordpress\/ugt-exige-politicas-para-impulsar-la-digitalizacion-de-la-economia-y-nuestra-sociedad\/\" \/>\n<meta property=\"og:site_name\" content=\"UGT Comunicaciones\" \/>\n<meta property=\"article:publisher\" content=\"https:\/\/www.facebook.com\/ugt.comunicaciones\/\" \/>\n<meta property=\"article:published_time\" content=\"2020-09-06T22:00:26+00:00\" \/>\n<meta property=\"og:image\" content=\"https:\/\/www.ugtcomunicaciones.es\/wordpress\/wp-content\/uploads\/2020\/08\/exige-5.jpg\" \/>\n\t<meta property=\"og:image:width\" content=\"600\" \/>\n\t<meta property=\"og:image:height\" content=\"399\" \/>\n\t<meta property=\"og:image:type\" content=\"image\/jpeg\" \/>\n<meta name=\"author\" content=\"UGT\" \/>\n<meta name=\"twitter:card\" content=\"summary_large_image\" \/>\n<meta name=\"twitter:creator\" content=\"@ugtcom\" \/>\n<meta name=\"twitter:site\" content=\"@ugtcom\" \/>\n<meta name=\"twitter:label1\" content=\"Escrito por\" \/>\n\t<meta name=\"twitter:data1\" content=\"UGT\" \/>\n\t<meta name=\"twitter:label2\" content=\"Tiempo de lectura\" \/>\n\t<meta name=\"twitter:data2\" content=\"4 minutos\" \/>\n<script type=\"application\/ld+json\" class=\"yoast-schema-graph\">{\"@context\":\"https:\\\/\\\/schema.org\",\"@graph\":[{\"@type\":\"Article\",\"@id\":\"https:\\\/\\\/www.ugtcomunicaciones.es\\\/wordpress\\\/ugt-exige-politicas-para-impulsar-la-digitalizacion-de-la-economia-y-nuestra-sociedad\\\/#article\",\"isPartOf\":{\"@id\":\"https:\\\/\\\/www.ugtcomunicaciones.es\\\/wordpress\\\/ugt-exige-politicas-para-impulsar-la-digitalizacion-de-la-economia-y-nuestra-sociedad\\\/\"},\"author\":{\"name\":\"UGT\",\"@id\":\"https:\\\/\\\/www.ugtcomunicaciones.es\\\/wordpress\\\/#\\\/schema\\\/person\\\/eba0fc3fe5b444531d94d4368cba89ed\"},\"headline\":\"UGT exige pol\u00edticas para impulsar la digitalizaci\u00f3n de la econom\u00eda y nuestra sociedad\",\"datePublished\":\"2020-09-06T22:00:26+00:00\",\"mainEntityOfPage\":{\"@id\":\"https:\\\/\\\/www.ugtcomunicaciones.es\\\/wordpress\\\/ugt-exige-politicas-para-impulsar-la-digitalizacion-de-la-economia-y-nuestra-sociedad\\\/\"},\"wordCount\":833,\"publisher\":{\"@id\":\"https:\\\/\\\/www.ugtcomunicaciones.es\\\/wordpress\\\/#organization\"},\"image\":{\"@id\":\"https:\\\/\\\/www.ugtcomunicaciones.es\\\/wordpress\\\/ugt-exige-politicas-para-impulsar-la-digitalizacion-de-la-economia-y-nuestra-sociedad\\\/#primaryimage\"},\"thumbnailUrl\":\"https:\\\/\\\/www.ugtcomunicaciones.es\\\/wordpress\\\/wp-content\\\/uploads\\\/2020\\\/08\\\/exige-5.jpg\",\"articleSection\":[\"Mercado Comunicaciones\",\"Regulaci\u00f3n\"],\"inLanguage\":\"es\"},{\"@type\":\"WebPage\",\"@id\":\"https:\\\/\\\/www.ugtcomunicaciones.es\\\/wordpress\\\/ugt-exige-politicas-para-impulsar-la-digitalizacion-de-la-economia-y-nuestra-sociedad\\\/\",\"url\":\"https:\\\/\\\/www.ugtcomunicaciones.es\\\/wordpress\\\/ugt-exige-politicas-para-impulsar-la-digitalizacion-de-la-economia-y-nuestra-sociedad\\\/\",\"name\":\"UGT exige pol\u00edticas para impulsar la digitalizaci\u00f3n de la econom\u00eda y nuestra sociedad - UGT Comunicaciones\",\"isPartOf\":{\"@id\":\"https:\\\/\\\/www.ugtcomunicaciones.es\\\/wordpress\\\/#website\"},\"primaryImageOfPage\":{\"@id\":\"https:\\\/\\\/www.ugtcomunicaciones.es\\\/wordpress\\\/ugt-exige-politicas-para-impulsar-la-digitalizacion-de-la-economia-y-nuestra-sociedad\\\/#primaryimage\"},\"image\":{\"@id\":\"https:\\\/\\\/www.ugtcomunicaciones.es\\\/wordpress\\\/ugt-exige-politicas-para-impulsar-la-digitalizacion-de-la-economia-y-nuestra-sociedad\\\/#primaryimage\"},\"thumbnailUrl\":\"https:\\\/\\\/www.ugtcomunicaciones.es\\\/wordpress\\\/wp-content\\\/uploads\\\/2020\\\/08\\\/exige-5.jpg\",\"datePublished\":\"2020-09-06T22:00:26+00:00\",\"breadcrumb\":{\"@id\":\"https:\\\/\\\/www.ugtcomunicaciones.es\\\/wordpress\\\/ugt-exige-politicas-para-impulsar-la-digitalizacion-de-la-economia-y-nuestra-sociedad\\\/#breadcrumb\"},\"inLanguage\":\"es\",\"potentialAction\":[{\"@type\":\"ReadAction\",\"target\":[\"https:\\\/\\\/www.ugtcomunicaciones.es\\\/wordpress\\\/ugt-exige-politicas-para-impulsar-la-digitalizacion-de-la-economia-y-nuestra-sociedad\\\/\"]}]},{\"@type\":\"ImageObject\",\"inLanguage\":\"es\",\"@id\":\"https:\\\/\\\/www.ugtcomunicaciones.es\\\/wordpress\\\/ugt-exige-politicas-para-impulsar-la-digitalizacion-de-la-economia-y-nuestra-sociedad\\\/#primaryimage\",\"url\":\"https:\\\/\\\/www.ugtcomunicaciones.es\\\/wordpress\\\/wp-content\\\/uploads\\\/2020\\\/08\\\/exige-5.jpg\",\"contentUrl\":\"https:\\\/\\\/www.ugtcomunicaciones.es\\\/wordpress\\\/wp-content\\\/uploads\\\/2020\\\/08\\\/exige-5.jpg\",\"width\":600,\"height\":399},{\"@type\":\"BreadcrumbList\",\"@id\":\"https:\\\/\\\/www.ugtcomunicaciones.es\\\/wordpress\\\/ugt-exige-politicas-para-impulsar-la-digitalizacion-de-la-economia-y-nuestra-sociedad\\\/#breadcrumb\",\"itemListElement\":[{\"@type\":\"ListItem\",\"position\":1,\"name\":\"Portada\",\"item\":\"https:\\\/\\\/www.ugtcomunicaciones.es\\\/wordpress\\\/\"},{\"@type\":\"ListItem\",\"position\":2,\"name\":\"UGT exige pol\u00edticas para impulsar la digitalizaci\u00f3n de la econom\u00eda y nuestra sociedad\"}]},{\"@type\":\"WebSite\",\"@id\":\"https:\\\/\\\/www.ugtcomunicaciones.es\\\/wordpress\\\/#website\",\"url\":\"https:\\\/\\\/www.ugtcomunicaciones.es\\\/wordpress\\\/\",\"name\":\"UGT Comunicaciones\",\"description\":\"Sindicato de Telecomunicaciones\",\"publisher\":{\"@id\":\"https:\\\/\\\/www.ugtcomunicaciones.es\\\/wordpress\\\/#organization\"},\"potentialAction\":[{\"@type\":\"SearchAction\",\"target\":{\"@type\":\"EntryPoint\",\"urlTemplate\":\"https:\\\/\\\/www.ugtcomunicaciones.es\\\/wordpress\\\/?s={search_term_string}\"},\"query-input\":{\"@type\":\"PropertyValueSpecification\",\"valueRequired\":true,\"valueName\":\"search_term_string\"}}],\"inLanguage\":\"es\"},{\"@type\":\"Organization\",\"@id\":\"https:\\\/\\\/www.ugtcomunicaciones.es\\\/wordpress\\\/#organization\",\"name\":\"UGT Comunicaciones\",\"url\":\"https:\\\/\\\/www.ugtcomunicaciones.es\\\/wordpress\\\/\",\"logo\":{\"@type\":\"ImageObject\",\"inLanguage\":\"es\",\"@id\":\"https:\\\/\\\/www.ugtcomunicaciones.es\\\/wordpress\\\/#\\\/schema\\\/logo\\\/image\\\/\",\"url\":\"https:\\\/\\\/www.ugtcomunicaciones.es\\\/wordpress\\\/wp-content\\\/uploads\\\/2024\\\/04\\\/comunicaciones_logo.png\",\"contentUrl\":\"https:\\\/\\\/www.ugtcomunicaciones.es\\\/wordpress\\\/wp-content\\\/uploads\\\/2024\\\/04\\\/comunicaciones_logo.png\",\"width\":298,\"height\":81,\"caption\":\"UGT Comunicaciones\"},\"image\":{\"@id\":\"https:\\\/\\\/www.ugtcomunicaciones.es\\\/wordpress\\\/#\\\/schema\\\/logo\\\/image\\\/\"},\"sameAs\":[\"https:\\\/\\\/www.facebook.com\\\/ugt.comunicaciones\\\/\",\"https:\\\/\\\/x.com\\\/ugtcom\"]},{\"@type\":\"Person\",\"@id\":\"https:\\\/\\\/www.ugtcomunicaciones.es\\\/wordpress\\\/#\\\/schema\\\/person\\\/eba0fc3fe5b444531d94d4368cba89ed\",\"name\":\"UGT\",\"image\":{\"@type\":\"ImageObject\",\"inLanguage\":\"es\",\"@id\":\"https:\\\/\\\/secure.gravatar.com\\\/avatar\\\/2a16057d620a4c646bcfc171c4f23030879ebbdd346f0525bd5d4a564e57e13d?s=96&d=mm&r=g\",\"url\":\"https:\\\/\\\/secure.gravatar.com\\\/avatar\\\/2a16057d620a4c646bcfc171c4f23030879ebbdd346f0525bd5d4a564e57e13d?s=96&d=mm&r=g\",\"contentUrl\":\"https:\\\/\\\/secure.gravatar.com\\\/avatar\\\/2a16057d620a4c646bcfc171c4f23030879ebbdd346f0525bd5d4a564e57e13d?s=96&d=mm&r=g\",\"caption\":\"UGT\"}}]}<\/script>\n<!-- \/ Yoast SEO Premium plugin. -->","yoast_head_json":{"title":"UGT exige pol\u00edticas para impulsar la digitalizaci\u00f3n de la econom\u00eda y nuestra sociedad - UGT Comunicaciones","robots":{"index":"index","follow":"follow","max-snippet":"max-snippet:-1","max-image-preview":"max-image-preview:large","max-video-preview":"max-video-preview:-1"},"canonical":"https:\/\/www.ugtcomunicaciones.es\/wordpress\/ugt-exige-politicas-para-impulsar-la-digitalizacion-de-la-economia-y-nuestra-sociedad\/","og_locale":"es_ES","og_type":"article","og_title":"UGT exige pol\u00edticas para impulsar la digitalizaci\u00f3n de la econom\u00eda y nuestra sociedad","og_description":"El \u00cdndice de la Econom\u00eda y la Sociedad Digitales (DESI por sus siglas en ingl\u00e9s) para 2020 vuelve a colocar a Espa\u00f1a en una posici\u00f3n rezagada en relaci\u00f3n con nuestro potencial econ\u00f3mico (puesto n\u00famero 11 de 28 posibles, cuando somos la quinta potencia econ\u00f3mica de la Uni\u00f3n). Nuestras grandes fortalezas, concentradas en unas de las [&hellip;]","og_url":"https:\/\/www.ugtcomunicaciones.es\/wordpress\/ugt-exige-politicas-para-impulsar-la-digitalizacion-de-la-economia-y-nuestra-sociedad\/","og_site_name":"UGT Comunicaciones","article_publisher":"https:\/\/www.facebook.com\/ugt.comunicaciones\/","article_published_time":"2020-09-06T22:00:26+00:00","og_image":[{"width":600,"height":399,"url":"https:\/\/www.ugtcomunicaciones.es\/wordpress\/wp-content\/uploads\/2020\/08\/exige-5.jpg","type":"image\/jpeg"}],"author":"UGT","twitter_card":"summary_large_image","twitter_creator":"@ugtcom","twitter_site":"@ugtcom","twitter_misc":{"Escrito por":"UGT","Tiempo de lectura":"4 minutos"},"schema":{"@context":"https:\/\/schema.org","@graph":[{"@type":"Article","@id":"https:\/\/www.ugtcomunicaciones.es\/wordpress\/ugt-exige-politicas-para-impulsar-la-digitalizacion-de-la-economia-y-nuestra-sociedad\/#article","isPartOf":{"@id":"https:\/\/www.ugtcomunicaciones.es\/wordpress\/ugt-exige-politicas-para-impulsar-la-digitalizacion-de-la-economia-y-nuestra-sociedad\/"},"author":{"name":"UGT","@id":"https:\/\/www.ugtcomunicaciones.es\/wordpress\/#\/schema\/person\/eba0fc3fe5b444531d94d4368cba89ed"},"headline":"UGT exige pol\u00edticas para impulsar la digitalizaci\u00f3n de la econom\u00eda y nuestra sociedad","datePublished":"2020-09-06T22:00:26+00:00","mainEntityOfPage":{"@id":"https:\/\/www.ugtcomunicaciones.es\/wordpress\/ugt-exige-politicas-para-impulsar-la-digitalizacion-de-la-economia-y-nuestra-sociedad\/"},"wordCount":833,"publisher":{"@id":"https:\/\/www.ugtcomunicaciones.es\/wordpress\/#organization"},"image":{"@id":"https:\/\/www.ugtcomunicaciones.es\/wordpress\/ugt-exige-politicas-para-impulsar-la-digitalizacion-de-la-economia-y-nuestra-sociedad\/#primaryimage"},"thumbnailUrl":"https:\/\/www.ugtcomunicaciones.es\/wordpress\/wp-content\/uploads\/2020\/08\/exige-5.jpg","articleSection":["Mercado Comunicaciones","Regulaci\u00f3n"],"inLanguage":"es"},{"@type":"WebPage","@id":"https:\/\/www.ugtcomunicaciones.es\/wordpress\/ugt-exige-politicas-para-impulsar-la-digitalizacion-de-la-economia-y-nuestra-sociedad\/","url":"https:\/\/www.ugtcomunicaciones.es\/wordpress\/ugt-exige-politicas-para-impulsar-la-digitalizacion-de-la-economia-y-nuestra-sociedad\/","name":"UGT exige pol\u00edticas para impulsar la digitalizaci\u00f3n de la econom\u00eda y nuestra sociedad - UGT Comunicaciones","isPartOf":{"@id":"https:\/\/www.ugtcomunicaciones.es\/wordpress\/#website"},"primaryImageOfPage":{"@id":"https:\/\/www.ugtcomunicaciones.es\/wordpress\/ugt-exige-politicas-para-impulsar-la-digitalizacion-de-la-economia-y-nuestra-sociedad\/#primaryimage"},"image":{"@id":"https:\/\/www.ugtcomunicaciones.es\/wordpress\/ugt-exige-politicas-para-impulsar-la-digitalizacion-de-la-economia-y-nuestra-sociedad\/#primaryimage"},"thumbnailUrl":"https:\/\/www.ugtcomunicaciones.es\/wordpress\/wp-content\/uploads\/2020\/08\/exige-5.jpg","datePublished":"2020-09-06T22:00:26+00:00","breadcrumb":{"@id":"https:\/\/www.ugtcomunicaciones.es\/wordpress\/ugt-exige-politicas-para-impulsar-la-digitalizacion-de-la-economia-y-nuestra-sociedad\/#breadcrumb"},"inLanguage":"es","potentialAction":[{"@type":"ReadAction","target":["https:\/\/www.ugtcomunicaciones.es\/wordpress\/ugt-exige-politicas-para-impulsar-la-digitalizacion-de-la-economia-y-nuestra-sociedad\/"]}]},{"@type":"ImageObject","inLanguage":"es","@id":"https:\/\/www.ugtcomunicaciones.es\/wordpress\/ugt-exige-politicas-para-impulsar-la-digitalizacion-de-la-economia-y-nuestra-sociedad\/#primaryimage","url":"https:\/\/www.ugtcomunicaciones.es\/wordpress\/wp-content\/uploads\/2020\/08\/exige-5.jpg","contentUrl":"https:\/\/www.ugtcomunicaciones.es\/wordpress\/wp-content\/uploads\/2020\/08\/exige-5.jpg","width":600,"height":399},{"@type":"BreadcrumbList","@id":"https:\/\/www.ugtcomunicaciones.es\/wordpress\/ugt-exige-politicas-para-impulsar-la-digitalizacion-de-la-economia-y-nuestra-sociedad\/#breadcrumb","itemListElement":[{"@type":"ListItem","position":1,"name":"Portada","item":"https:\/\/www.ugtcomunicaciones.es\/wordpress\/"},{"@type":"ListItem","position":2,"name":"UGT exige pol\u00edticas para impulsar la digitalizaci\u00f3n de la econom\u00eda y nuestra sociedad"}]},{"@type":"WebSite","@id":"https:\/\/www.ugtcomunicaciones.es\/wordpress\/#website","url":"https:\/\/www.ugtcomunicaciones.es\/wordpress\/","name":"UGT Comunicaciones","description":"Sindicato de Telecomunicaciones","publisher":{"@id":"https:\/\/www.ugtcomunicaciones.es\/wordpress\/#organization"},"potentialAction":[{"@type":"SearchAction","target":{"@type":"EntryPoint","urlTemplate":"https:\/\/www.ugtcomunicaciones.es\/wordpress\/?s={search_term_string}"},"query-input":{"@type":"PropertyValueSpecification","valueRequired":true,"valueName":"search_term_string"}}],"inLanguage":"es"},{"@type":"Organization","@id":"https:\/\/www.ugtcomunicaciones.es\/wordpress\/#organization","name":"UGT Comunicaciones","url":"https:\/\/www.ugtcomunicaciones.es\/wordpress\/","logo":{"@type":"ImageObject","inLanguage":"es","@id":"https:\/\/www.ugtcomunicaciones.es\/wordpress\/#\/schema\/logo\/image\/","url":"https:\/\/www.ugtcomunicaciones.es\/wordpress\/wp-content\/uploads\/2024\/04\/comunicaciones_logo.png","contentUrl":"https:\/\/www.ugtcomunicaciones.es\/wordpress\/wp-content\/uploads\/2024\/04\/comunicaciones_logo.png","width":298,"height":81,"caption":"UGT Comunicaciones"},"image":{"@id":"https:\/\/www.ugtcomunicaciones.es\/wordpress\/#\/schema\/logo\/image\/"},"sameAs":["https:\/\/www.facebook.com\/ugt.comunicaciones\/","https:\/\/x.com\/ugtcom"]},{"@type":"Person","@id":"https:\/\/www.ugtcomunicaciones.es\/wordpress\/#\/schema\/person\/eba0fc3fe5b444531d94d4368cba89ed","name":"UGT","image":{"@type":"ImageObject","inLanguage":"es","@id":"https:\/\/secure.gravatar.com\/avatar\/2a16057d620a4c646bcfc171c4f23030879ebbdd346f0525bd5d4a564e57e13d?s=96&d=mm&r=g","url":"https:\/\/secure.gravatar.com\/avatar\/2a16057d620a4c646bcfc171c4f23030879ebbdd346f0525bd5d4a564e57e13d?s=96&d=mm&r=g","contentUrl":"https:\/\/secure.gravatar.com\/avatar\/2a16057d620a4c646bcfc171c4f23030879ebbdd346f0525bd5d4a564e57e13d?s=96&d=mm&r=g","caption":"UGT"}}]}},"_links":{"self":[{"href":"https:\/\/www.ugtcomunicaciones.es\/wordpress\/wp-json\/wp\/v2\/posts\/643616","targetHints":{"allow":["GET"]}}],"collection":[{"href":"https:\/\/www.ugtcomunicaciones.es\/wordpress\/wp-json\/wp\/v2\/posts"}],"about":[{"href":"https:\/\/www.ugtcomunicaciones.es\/wordpress\/wp-json\/wp\/v2\/types\/post"}],"author":[{"embeddable":true,"href":"https:\/\/www.ugtcomunicaciones.es\/wordpress\/wp-json\/wp\/v2\/users\/3"}],"replies":[{"embeddable":true,"href":"https:\/\/www.ugtcomunicaciones.es\/wordpress\/wp-json\/wp\/v2\/comments?post=643616"}],"version-history":[{"count":0,"href":"https:\/\/www.ugtcomunicaciones.es\/wordpress\/wp-json\/wp\/v2\/posts\/643616\/revisions"}],"wp:featuredmedia":[{"embeddable":true,"href":"https:\/\/www.ugtcomunicaciones.es\/wordpress\/wp-json\/wp\/v2\/media\/643640"}],"wp:attachment":[{"href":"https:\/\/www.ugtcomunicaciones.es\/wordpress\/wp-json\/wp\/v2\/media?parent=643616"}],"wp:term":[{"taxonomy":"category","embeddable":true,"href":"https:\/\/www.ugtcomunicaciones.es\/wordpress\/wp-json\/wp\/v2\/categories?post=643616"},{"taxonomy":"post_tag","embeddable":true,"href":"https:\/\/www.ugtcomunicaciones.es\/wordpress\/wp-json\/wp\/v2\/tags?post=643616"}],"curies":[{"name":"wp","href":"https:\/\/api.w.org\/{rel}","templated":true}]}}