{"id":644,"date":"2017-01-20T12:47:31","date_gmt":"2017-01-20T11:47:31","guid":{"rendered":"http:\/\/www.ugtcom.h2301842.stratoserver.net\/wordpress\/wordpress\/?p=644"},"modified":"2017-01-20T12:47:31","modified_gmt":"2017-01-20T11:47:31","slug":"ugt-la-cnmc-debaten-la-regulacion-influye-empleo","status":"publish","type":"post","link":"https:\/\/www.ugtcomunicaciones.es\/wordpress\/ugt-la-cnmc-debaten-la-regulacion-influye-empleo\/","title":{"rendered":"UGT y la CNMC debaten sobre como la regulaci\u00f3n influye en el empleo"},"content":{"rendered":"<p style=\"text-align: justify;\">El empe\u00f1o y la constancia de <span style=\"color: #ff0000;\"><strong>UGT<\/strong><\/span> en la defensa de los intereses de los trabajadores y trabajadoras del Sector de las Comunicaciones est\u00e1 obligando a que los organismos responsables comiencen a tener en cuenta cuestiones tan fundamentales como el empleo y las condiciones laborales de las plantillas.<\/p>\n<p style=\"text-align: justify;\">Las m\u00e1s de 30 intervenciones directas realizadas por <span style=\"color: #ff0000;\"><strong>UGT<\/strong><\/span><strong> Comunicaciones<\/strong> en los cuatro \u00faltimos ante reguladores, legisladores y parlamentarios, espa\u00f1oles o internacionales, ya sea en solitario o en conjunci\u00f3n con UNI-ICTS, est\u00e1n obligando a estos entes a escuchar la voz de los trabajadores de nuestro Sector.<\/p>\n<p style=\"text-align: justify;\">La \u00faltima prueba de como nuestra acci\u00f3n sindical est\u00e1 cambiando la percepci\u00f3n de los reguladores est\u00e1 en la Consulta P\u00fablica de la CNMC\u00a0 sobre un tema aparentemente menor, como la aprobaci\u00f3n de la oferta de referencia del servicio mayorista NEBA local<a href=\"#_ftn1\" name=\"_ftnref1\">[1]<\/a>.<\/p>\n<p style=\"text-align: justify;\">En primer lugar se constata que <span style=\"color: #ff0000;\"><strong>UGT<\/strong><\/span> vuelve a ser el \u00fanico sindicato en participar en el proceso<a href=\"#_ftn2\" name=\"_ftnref2\">[2]<\/a>:<\/p>\n<p style=\"text-align: justify;\"><strong><em>Tercero.- Alegaciones en el marco del per\u00edodo de informaci\u00f3n p\u00fablica<\/em><\/strong><\/p>\n<p style=\"text-align: justify;\"><em>Durante el per\u00edodo de consulta p\u00fablica presentaron alegaciones los siguientes agentes: Telef\u00f3nica, Orange, Vodafone, Astel, BT Espa\u00f1a Compa\u00f1\u00eda de Servicios Globales de Telecomunicaciones S.A. (en adelante, BT), UGT Comunicaciones (en adelante, UGT), as\u00ed como un particular<\/em>.<\/p>\n<p style=\"text-align: justify;\">Este hecho, que no es en absoluto novedoso, vuelve de a poner de relieve la necesidad de participar en este tipo de procesos, en donde hasta hace poco s\u00f3lo se o\u00eda las voces de la empresas y nadie defend\u00eda los leg\u00edtimos intereses de los trabajadores\/as del Sector.<\/p>\n<p style=\"text-align: justify;\">Pero donde reside la verdadera novedad es en la alusi\u00f3n directa que hace la CNMC a nuestras propuestas, en concreto a nuestra preocupaci\u00f3n por la afectaci\u00f3n negativa que tendr\u00eda la implementaci\u00f3n del NEBA en la inversi\u00f3n y el empleo (p\u00e1ginas 84 y 85):<\/p>\n<p style=\"text-align: justify;\"><strong><em>Impacto en inversi\u00f3n y empleo<\/em><\/strong><\/p>\n<p style=\"text-align: justify;\"><em>Para UGT, la modalidad de NEBA local que propone la CNMC no acarrear\u00e1 un incremento neto de la inversi\u00f3n en telecomunicaciones ni generar\u00e1 nuevo empleo. Dadas estas limitaciones, que har\u00edan preferible la promoci\u00f3n del despliegue de red propia por parte de los operadores, UGT entiende que el servicio mayorista NEBA local deber\u00eda tener un car\u00e1cter temporal, reversible y acotado. En particular, seg\u00fan UGT el acceso al nuevo servicio mayorista deber\u00eda estar vinculado a la asunci\u00f3n de compromisos de inversi\u00f3n a medio y largo plazo por los operadores entrantes.<\/em><\/p>\n<p style=\"text-align: justify;\"><em><u>Respuesta a las alegaciones<\/u><\/em><\/p>\n<p style=\"text-align: justify;\"><em>En contestaci\u00f3n a UGT, en el presente procedimiento se procede a la implementaci\u00f3n y desarrollo del servicio mayorista NEBA local, tal y como el mismo ha sido configurado en la Resoluci\u00f3n de los mercados 3 y 4.<\/em><\/p>\n<p style=\"text-align: justify;\"><em>Como se ha se\u00f1alado, en dicha Resoluci\u00f3n la CNMC llev\u00f3 a cabo un an\u00e1lisis en profundidad de la situaci\u00f3n prevalente en los mercados de banda ancha, conjugando a la hora de imponer las medidas regulatorias all\u00ed planteadas los objetivos de promoci\u00f3n de la inversi\u00f3n eficiente en infraestructuras con el fomento de la competencia efectiva.<\/em><\/p>\n<p style=\"text-align: justify;\"><em>Ser\u00e1 por consiguiente en posteriores revisiones de los mercados 3 y 4 donde cabr\u00e1 valorar la posible ampliaci\u00f3n del \u00e1rea geogr\u00e1fica rese\u00f1ada (en caso de una evoluci\u00f3n favorable de la din\u00e1mica competitiva del mercado) o la modulaci\u00f3n de las obligaciones de acceso a NEBA local all\u00ed fijadas, en los t\u00e9rminos que plantea UGT.<\/em><\/p>\n<p style=\"text-align: justify;\">Es decir, <strong>la CNMC reconoce que nuestras quejas, preocupaciones y propuestas son consistentes, y nos emplaza a una revisi\u00f3n de su propuesta de regulaci\u00f3n en posteriores an\u00e1lisis<\/strong>.<\/p>\n<p style=\"text-align: justify;\">En resumen, <strong>gracias a <\/strong><span style=\"color: #ff0000;\"><strong>UGT<\/strong><\/span><strong> la voz de los trabajadores del Sector de las Comunicaciones est\u00e1 llegando a aquellos que determinan una buena parte del futuro de nuestro puestos de trabajo<\/strong>.<\/p>\n<p style=\"text-align: justify;\">Aunque sea gratificante comprobar que nuestro trabajo, aunque sea poco a poco, va dando sus frutos, tampoco debemos ignorar que a\u00fan nos queda mucho por hacer para conseguir el reto que nos hemos planteado: <u>que siempre se tenga<\/u><u> en cuenta la situaci\u00f3n laboral del sector a la hora de regular<\/u>, o expresado de forma m\u00e1s amplia:<\/p>\n<blockquote><p><strong>La regulaci\u00f3n tiene que perseguir e impulsar un crecimiento econ\u00f3mico basado en la creaci\u00f3n permanente de empleo de calidad<\/strong><\/p>\n<p><strong>La competencia debe convertirse en un instrumento que garantice el empleo <\/strong><\/p>\n<p><strong>No s\u00f3lo se debe invertir en redes, sino que tambi\u00e9n es necesario invertir en personas<\/strong><\/p><\/blockquote>\n<p style=\"text-align: justify;\"><a href=\"#_ftnref1\" name=\"_ftn1\">[1]<\/a> <a href=\"http:\/\/www.boe.es\/diario_boe\/txt.php?id=BOE-B-2016-37290\">http:\/\/www.boe.es\/diario_boe\/txt.php?id=BOE-B-2016-37290<\/a><\/p>\n<p style=\"text-align: justify;\"><a href=\"#_ftnref2\" name=\"_ftn2\">[2]<\/a> <a href=\"https:\/\/www.cnmc.es\/Portals\/0\/Ficheros\/Telecomunicaciones\/Resoluciones\/2016\/2016_Noviembre\/161117_OFE-DTSA-005-16%20NEBA%20local%20VP.PDF\">https:\/\/www.cnmc.es\/Portals\/0\/Ficheros\/Telecomunicaciones\/Resoluciones\/2016\/2016_Noviembre\/161117_OFE-DTSA-005-16%20NEBA%20local%20VP.PDF<\/a>, p\u00e1gina 2.<\/p>\n","protected":false},"excerpt":{"rendered":"<p>El empe\u00f1o y la constancia de UGT en la defensa de los intereses de los trabajadores y trabajadoras del Sector de las Comunicaciones est\u00e1 obligando a que los organismos responsables comiencen a tener en cuenta cuestiones tan fundamentales como el empleo y las condiciones laborales de las plantillas. Las m\u00e1s de 30 intervenciones directas realizadas [&hellip;]<\/p>\n","protected":false},"author":3,"featured_media":645,"comment_status":"open","ping_status":"closed","sticky":false,"template":"","format":"standard","meta":{"footnotes":""},"categories":[2,14,12],"tags":[],"class_list":["post-644","post","type-post","status-publish","format-standard","has-post-thumbnail","hentry","category-featured","category-opinion","category-regulacion"],"yoast_head":"<!-- This site is optimized with the Yoast SEO Premium plugin v27.3 (Yoast SEO v27.4) - https:\/\/yoast.com\/product\/yoast-seo-premium-wordpress\/ -->\n<title>UGT y la CNMC debaten sobre como la regulaci\u00f3n influye en el empleo - UGT Comunicaciones<\/title>\n<meta name=\"robots\" content=\"index, follow, max-snippet:-1, max-image-preview:large, max-video-preview:-1\" \/>\n<link rel=\"canonical\" href=\"https:\/\/www.ugtcomunicaciones.es\/wordpress\/ugt-la-cnmc-debaten-la-regulacion-influye-empleo\/\" \/>\n<meta property=\"og:locale\" content=\"es_ES\" \/>\n<meta property=\"og:type\" content=\"article\" \/>\n<meta property=\"og:title\" content=\"UGT y la CNMC debaten sobre como la regulaci\u00f3n influye en el empleo\" \/>\n<meta property=\"og:description\" content=\"El empe\u00f1o y la constancia de UGT en la defensa de los intereses de los trabajadores y trabajadoras del Sector de las Comunicaciones est\u00e1 obligando a que los organismos responsables comiencen a tener en cuenta cuestiones tan fundamentales como el empleo y las condiciones laborales de las plantillas. Las m\u00e1s de 30 intervenciones directas realizadas [&hellip;]\" \/>\n<meta property=\"og:url\" content=\"https:\/\/www.ugtcomunicaciones.es\/wordpress\/ugt-la-cnmc-debaten-la-regulacion-influye-empleo\/\" \/>\n<meta property=\"og:site_name\" content=\"UGT Comunicaciones\" \/>\n<meta property=\"article:publisher\" content=\"https:\/\/www.facebook.com\/ugt.comunicaciones\/\" \/>\n<meta property=\"article:published_time\" content=\"2017-01-20T11:47:31+00:00\" \/>\n<meta property=\"og:image\" content=\"https:\/\/www.ugtcomunicaciones.es\/wordpress\/wp-content\/uploads\/2017\/01\/CNMC_1.png\" \/>\n\t<meta property=\"og:image:width\" content=\"664\" \/>\n\t<meta property=\"og:image:height\" content=\"443\" \/>\n\t<meta property=\"og:image:type\" content=\"image\/png\" \/>\n<meta name=\"author\" content=\"UGT\" \/>\n<meta name=\"twitter:card\" content=\"summary_large_image\" \/>\n<meta name=\"twitter:creator\" content=\"@ugtcom\" \/>\n<meta name=\"twitter:site\" content=\"@ugtcom\" \/>\n<meta name=\"twitter:label1\" content=\"Escrito por\" \/>\n\t<meta name=\"twitter:data1\" content=\"UGT\" \/>\n\t<meta name=\"twitter:label2\" content=\"Tiempo de lectura\" \/>\n\t<meta name=\"twitter:data2\" content=\"4 minutos\" \/>\n<script type=\"application\/ld+json\" class=\"yoast-schema-graph\">{\"@context\":\"https:\\\/\\\/schema.org\",\"@graph\":[{\"@type\":\"Article\",\"@id\":\"https:\\\/\\\/www.ugtcomunicaciones.es\\\/wordpress\\\/ugt-la-cnmc-debaten-la-regulacion-influye-empleo\\\/#article\",\"isPartOf\":{\"@id\":\"https:\\\/\\\/www.ugtcomunicaciones.es\\\/wordpress\\\/ugt-la-cnmc-debaten-la-regulacion-influye-empleo\\\/\"},\"author\":{\"name\":\"UGT\",\"@id\":\"https:\\\/\\\/www.ugtcomunicaciones.es\\\/wordpress\\\/#\\\/schema\\\/person\\\/eba0fc3fe5b444531d94d4368cba89ed\"},\"headline\":\"UGT y la CNMC debaten sobre como la regulaci\u00f3n influye en el empleo\",\"datePublished\":\"2017-01-20T11:47:31+00:00\",\"mainEntityOfPage\":{\"@id\":\"https:\\\/\\\/www.ugtcomunicaciones.es\\\/wordpress\\\/ugt-la-cnmc-debaten-la-regulacion-influye-empleo\\\/\"},\"wordCount\":792,\"commentCount\":1,\"publisher\":{\"@id\":\"https:\\\/\\\/www.ugtcomunicaciones.es\\\/wordpress\\\/#organization\"},\"image\":{\"@id\":\"https:\\\/\\\/www.ugtcomunicaciones.es\\\/wordpress\\\/ugt-la-cnmc-debaten-la-regulacion-influye-empleo\\\/#primaryimage\"},\"thumbnailUrl\":\"https:\\\/\\\/www.ugtcomunicaciones.es\\\/wordpress\\\/wp-content\\\/uploads\\\/2017\\\/01\\\/CNMC_1.png\",\"articleSection\":[\"Featured\",\"Opini\u00f3n\",\"Regulaci\u00f3n\"],\"inLanguage\":\"es\",\"potentialAction\":[{\"@type\":\"CommentAction\",\"name\":\"Comment\",\"target\":[\"https:\\\/\\\/www.ugtcomunicaciones.es\\\/wordpress\\\/ugt-la-cnmc-debaten-la-regulacion-influye-empleo\\\/#respond\"]}]},{\"@type\":\"WebPage\",\"@id\":\"https:\\\/\\\/www.ugtcomunicaciones.es\\\/wordpress\\\/ugt-la-cnmc-debaten-la-regulacion-influye-empleo\\\/\",\"url\":\"https:\\\/\\\/www.ugtcomunicaciones.es\\\/wordpress\\\/ugt-la-cnmc-debaten-la-regulacion-influye-empleo\\\/\",\"name\":\"UGT y la CNMC debaten sobre como la regulaci\u00f3n influye en el empleo - UGT Comunicaciones\",\"isPartOf\":{\"@id\":\"https:\\\/\\\/www.ugtcomunicaciones.es\\\/wordpress\\\/#website\"},\"primaryImageOfPage\":{\"@id\":\"https:\\\/\\\/www.ugtcomunicaciones.es\\\/wordpress\\\/ugt-la-cnmc-debaten-la-regulacion-influye-empleo\\\/#primaryimage\"},\"image\":{\"@id\":\"https:\\\/\\\/www.ugtcomunicaciones.es\\\/wordpress\\\/ugt-la-cnmc-debaten-la-regulacion-influye-empleo\\\/#primaryimage\"},\"thumbnailUrl\":\"https:\\\/\\\/www.ugtcomunicaciones.es\\\/wordpress\\\/wp-content\\\/uploads\\\/2017\\\/01\\\/CNMC_1.png\",\"datePublished\":\"2017-01-20T11:47:31+00:00\",\"breadcrumb\":{\"@id\":\"https:\\\/\\\/www.ugtcomunicaciones.es\\\/wordpress\\\/ugt-la-cnmc-debaten-la-regulacion-influye-empleo\\\/#breadcrumb\"},\"inLanguage\":\"es\",\"potentialAction\":[{\"@type\":\"ReadAction\",\"target\":[\"https:\\\/\\\/www.ugtcomunicaciones.es\\\/wordpress\\\/ugt-la-cnmc-debaten-la-regulacion-influye-empleo\\\/\"]}]},{\"@type\":\"ImageObject\",\"inLanguage\":\"es\",\"@id\":\"https:\\\/\\\/www.ugtcomunicaciones.es\\\/wordpress\\\/ugt-la-cnmc-debaten-la-regulacion-influye-empleo\\\/#primaryimage\",\"url\":\"https:\\\/\\\/www.ugtcomunicaciones.es\\\/wordpress\\\/wp-content\\\/uploads\\\/2017\\\/01\\\/CNMC_1.png\",\"contentUrl\":\"https:\\\/\\\/www.ugtcomunicaciones.es\\\/wordpress\\\/wp-content\\\/uploads\\\/2017\\\/01\\\/CNMC_1.png\",\"width\":664,\"height\":443,\"caption\":\"CNMC\"},{\"@type\":\"BreadcrumbList\",\"@id\":\"https:\\\/\\\/www.ugtcomunicaciones.es\\\/wordpress\\\/ugt-la-cnmc-debaten-la-regulacion-influye-empleo\\\/#breadcrumb\",\"itemListElement\":[{\"@type\":\"ListItem\",\"position\":1,\"name\":\"Portada\",\"item\":\"https:\\\/\\\/www.ugtcomunicaciones.es\\\/wordpress\\\/\"},{\"@type\":\"ListItem\",\"position\":2,\"name\":\"UGT y la CNMC debaten sobre como la regulaci\u00f3n influye en el empleo\"}]},{\"@type\":\"WebSite\",\"@id\":\"https:\\\/\\\/www.ugtcomunicaciones.es\\\/wordpress\\\/#website\",\"url\":\"https:\\\/\\\/www.ugtcomunicaciones.es\\\/wordpress\\\/\",\"name\":\"UGT Comunicaciones\",\"description\":\"Sindicato de Telecomunicaciones\",\"publisher\":{\"@id\":\"https:\\\/\\\/www.ugtcomunicaciones.es\\\/wordpress\\\/#organization\"},\"potentialAction\":[{\"@type\":\"SearchAction\",\"target\":{\"@type\":\"EntryPoint\",\"urlTemplate\":\"https:\\\/\\\/www.ugtcomunicaciones.es\\\/wordpress\\\/?s={search_term_string}\"},\"query-input\":{\"@type\":\"PropertyValueSpecification\",\"valueRequired\":true,\"valueName\":\"search_term_string\"}}],\"inLanguage\":\"es\"},{\"@type\":\"Organization\",\"@id\":\"https:\\\/\\\/www.ugtcomunicaciones.es\\\/wordpress\\\/#organization\",\"name\":\"UGT Comunicaciones\",\"url\":\"https:\\\/\\\/www.ugtcomunicaciones.es\\\/wordpress\\\/\",\"logo\":{\"@type\":\"ImageObject\",\"inLanguage\":\"es\",\"@id\":\"https:\\\/\\\/www.ugtcomunicaciones.es\\\/wordpress\\\/#\\\/schema\\\/logo\\\/image\\\/\",\"url\":\"https:\\\/\\\/www.ugtcomunicaciones.es\\\/wordpress\\\/wp-content\\\/uploads\\\/2024\\\/04\\\/comunicaciones_logo.png\",\"contentUrl\":\"https:\\\/\\\/www.ugtcomunicaciones.es\\\/wordpress\\\/wp-content\\\/uploads\\\/2024\\\/04\\\/comunicaciones_logo.png\",\"width\":298,\"height\":81,\"caption\":\"UGT Comunicaciones\"},\"image\":{\"@id\":\"https:\\\/\\\/www.ugtcomunicaciones.es\\\/wordpress\\\/#\\\/schema\\\/logo\\\/image\\\/\"},\"sameAs\":[\"https:\\\/\\\/www.facebook.com\\\/ugt.comunicaciones\\\/\",\"https:\\\/\\\/x.com\\\/ugtcom\"]},{\"@type\":\"Person\",\"@id\":\"https:\\\/\\\/www.ugtcomunicaciones.es\\\/wordpress\\\/#\\\/schema\\\/person\\\/eba0fc3fe5b444531d94d4368cba89ed\",\"name\":\"UGT\",\"image\":{\"@type\":\"ImageObject\",\"inLanguage\":\"es\",\"@id\":\"https:\\\/\\\/secure.gravatar.com\\\/avatar\\\/2a16057d620a4c646bcfc171c4f23030879ebbdd346f0525bd5d4a564e57e13d?s=96&d=mm&r=g\",\"url\":\"https:\\\/\\\/secure.gravatar.com\\\/avatar\\\/2a16057d620a4c646bcfc171c4f23030879ebbdd346f0525bd5d4a564e57e13d?s=96&d=mm&r=g\",\"contentUrl\":\"https:\\\/\\\/secure.gravatar.com\\\/avatar\\\/2a16057d620a4c646bcfc171c4f23030879ebbdd346f0525bd5d4a564e57e13d?s=96&d=mm&r=g\",\"caption\":\"UGT\"}}]}<\/script>\n<!-- \/ Yoast SEO Premium plugin. -->","yoast_head_json":{"title":"UGT y la CNMC debaten sobre como la regulaci\u00f3n influye en el empleo - UGT Comunicaciones","robots":{"index":"index","follow":"follow","max-snippet":"max-snippet:-1","max-image-preview":"max-image-preview:large","max-video-preview":"max-video-preview:-1"},"canonical":"https:\/\/www.ugtcomunicaciones.es\/wordpress\/ugt-la-cnmc-debaten-la-regulacion-influye-empleo\/","og_locale":"es_ES","og_type":"article","og_title":"UGT y la CNMC debaten sobre como la regulaci\u00f3n influye en el empleo","og_description":"El empe\u00f1o y la constancia de UGT en la defensa de los intereses de los trabajadores y trabajadoras del Sector de las Comunicaciones est\u00e1 obligando a que los organismos responsables comiencen a tener en cuenta cuestiones tan fundamentales como el empleo y las condiciones laborales de las plantillas. Las m\u00e1s de 30 intervenciones directas realizadas [&hellip;]","og_url":"https:\/\/www.ugtcomunicaciones.es\/wordpress\/ugt-la-cnmc-debaten-la-regulacion-influye-empleo\/","og_site_name":"UGT Comunicaciones","article_publisher":"https:\/\/www.facebook.com\/ugt.comunicaciones\/","article_published_time":"2017-01-20T11:47:31+00:00","og_image":[{"width":664,"height":443,"url":"https:\/\/www.ugtcomunicaciones.es\/wordpress\/wp-content\/uploads\/2017\/01\/CNMC_1.png","type":"image\/png"}],"author":"UGT","twitter_card":"summary_large_image","twitter_creator":"@ugtcom","twitter_site":"@ugtcom","twitter_misc":{"Escrito por":"UGT","Tiempo de lectura":"4 minutos"},"schema":{"@context":"https:\/\/schema.org","@graph":[{"@type":"Article","@id":"https:\/\/www.ugtcomunicaciones.es\/wordpress\/ugt-la-cnmc-debaten-la-regulacion-influye-empleo\/#article","isPartOf":{"@id":"https:\/\/www.ugtcomunicaciones.es\/wordpress\/ugt-la-cnmc-debaten-la-regulacion-influye-empleo\/"},"author":{"name":"UGT","@id":"https:\/\/www.ugtcomunicaciones.es\/wordpress\/#\/schema\/person\/eba0fc3fe5b444531d94d4368cba89ed"},"headline":"UGT y la CNMC debaten sobre como la regulaci\u00f3n influye en el empleo","datePublished":"2017-01-20T11:47:31+00:00","mainEntityOfPage":{"@id":"https:\/\/www.ugtcomunicaciones.es\/wordpress\/ugt-la-cnmc-debaten-la-regulacion-influye-empleo\/"},"wordCount":792,"commentCount":1,"publisher":{"@id":"https:\/\/www.ugtcomunicaciones.es\/wordpress\/#organization"},"image":{"@id":"https:\/\/www.ugtcomunicaciones.es\/wordpress\/ugt-la-cnmc-debaten-la-regulacion-influye-empleo\/#primaryimage"},"thumbnailUrl":"https:\/\/www.ugtcomunicaciones.es\/wordpress\/wp-content\/uploads\/2017\/01\/CNMC_1.png","articleSection":["Featured","Opini\u00f3n","Regulaci\u00f3n"],"inLanguage":"es","potentialAction":[{"@type":"CommentAction","name":"Comment","target":["https:\/\/www.ugtcomunicaciones.es\/wordpress\/ugt-la-cnmc-debaten-la-regulacion-influye-empleo\/#respond"]}]},{"@type":"WebPage","@id":"https:\/\/www.ugtcomunicaciones.es\/wordpress\/ugt-la-cnmc-debaten-la-regulacion-influye-empleo\/","url":"https:\/\/www.ugtcomunicaciones.es\/wordpress\/ugt-la-cnmc-debaten-la-regulacion-influye-empleo\/","name":"UGT y la CNMC debaten sobre como la regulaci\u00f3n influye en el empleo - UGT Comunicaciones","isPartOf":{"@id":"https:\/\/www.ugtcomunicaciones.es\/wordpress\/#website"},"primaryImageOfPage":{"@id":"https:\/\/www.ugtcomunicaciones.es\/wordpress\/ugt-la-cnmc-debaten-la-regulacion-influye-empleo\/#primaryimage"},"image":{"@id":"https:\/\/www.ugtcomunicaciones.es\/wordpress\/ugt-la-cnmc-debaten-la-regulacion-influye-empleo\/#primaryimage"},"thumbnailUrl":"https:\/\/www.ugtcomunicaciones.es\/wordpress\/wp-content\/uploads\/2017\/01\/CNMC_1.png","datePublished":"2017-01-20T11:47:31+00:00","breadcrumb":{"@id":"https:\/\/www.ugtcomunicaciones.es\/wordpress\/ugt-la-cnmc-debaten-la-regulacion-influye-empleo\/#breadcrumb"},"inLanguage":"es","potentialAction":[{"@type":"ReadAction","target":["https:\/\/www.ugtcomunicaciones.es\/wordpress\/ugt-la-cnmc-debaten-la-regulacion-influye-empleo\/"]}]},{"@type":"ImageObject","inLanguage":"es","@id":"https:\/\/www.ugtcomunicaciones.es\/wordpress\/ugt-la-cnmc-debaten-la-regulacion-influye-empleo\/#primaryimage","url":"https:\/\/www.ugtcomunicaciones.es\/wordpress\/wp-content\/uploads\/2017\/01\/CNMC_1.png","contentUrl":"https:\/\/www.ugtcomunicaciones.es\/wordpress\/wp-content\/uploads\/2017\/01\/CNMC_1.png","width":664,"height":443,"caption":"CNMC"},{"@type":"BreadcrumbList","@id":"https:\/\/www.ugtcomunicaciones.es\/wordpress\/ugt-la-cnmc-debaten-la-regulacion-influye-empleo\/#breadcrumb","itemListElement":[{"@type":"ListItem","position":1,"name":"Portada","item":"https:\/\/www.ugtcomunicaciones.es\/wordpress\/"},{"@type":"ListItem","position":2,"name":"UGT y la CNMC debaten sobre como la regulaci\u00f3n influye en el empleo"}]},{"@type":"WebSite","@id":"https:\/\/www.ugtcomunicaciones.es\/wordpress\/#website","url":"https:\/\/www.ugtcomunicaciones.es\/wordpress\/","name":"UGT Comunicaciones","description":"Sindicato de Telecomunicaciones","publisher":{"@id":"https:\/\/www.ugtcomunicaciones.es\/wordpress\/#organization"},"potentialAction":[{"@type":"SearchAction","target":{"@type":"EntryPoint","urlTemplate":"https:\/\/www.ugtcomunicaciones.es\/wordpress\/?s={search_term_string}"},"query-input":{"@type":"PropertyValueSpecification","valueRequired":true,"valueName":"search_term_string"}}],"inLanguage":"es"},{"@type":"Organization","@id":"https:\/\/www.ugtcomunicaciones.es\/wordpress\/#organization","name":"UGT Comunicaciones","url":"https:\/\/www.ugtcomunicaciones.es\/wordpress\/","logo":{"@type":"ImageObject","inLanguage":"es","@id":"https:\/\/www.ugtcomunicaciones.es\/wordpress\/#\/schema\/logo\/image\/","url":"https:\/\/www.ugtcomunicaciones.es\/wordpress\/wp-content\/uploads\/2024\/04\/comunicaciones_logo.png","contentUrl":"https:\/\/www.ugtcomunicaciones.es\/wordpress\/wp-content\/uploads\/2024\/04\/comunicaciones_logo.png","width":298,"height":81,"caption":"UGT Comunicaciones"},"image":{"@id":"https:\/\/www.ugtcomunicaciones.es\/wordpress\/#\/schema\/logo\/image\/"},"sameAs":["https:\/\/www.facebook.com\/ugt.comunicaciones\/","https:\/\/x.com\/ugtcom"]},{"@type":"Person","@id":"https:\/\/www.ugtcomunicaciones.es\/wordpress\/#\/schema\/person\/eba0fc3fe5b444531d94d4368cba89ed","name":"UGT","image":{"@type":"ImageObject","inLanguage":"es","@id":"https:\/\/secure.gravatar.com\/avatar\/2a16057d620a4c646bcfc171c4f23030879ebbdd346f0525bd5d4a564e57e13d?s=96&d=mm&r=g","url":"https:\/\/secure.gravatar.com\/avatar\/2a16057d620a4c646bcfc171c4f23030879ebbdd346f0525bd5d4a564e57e13d?s=96&d=mm&r=g","contentUrl":"https:\/\/secure.gravatar.com\/avatar\/2a16057d620a4c646bcfc171c4f23030879ebbdd346f0525bd5d4a564e57e13d?s=96&d=mm&r=g","caption":"UGT"}}]}},"_links":{"self":[{"href":"https:\/\/www.ugtcomunicaciones.es\/wordpress\/wp-json\/wp\/v2\/posts\/644","targetHints":{"allow":["GET"]}}],"collection":[{"href":"https:\/\/www.ugtcomunicaciones.es\/wordpress\/wp-json\/wp\/v2\/posts"}],"about":[{"href":"https:\/\/www.ugtcomunicaciones.es\/wordpress\/wp-json\/wp\/v2\/types\/post"}],"author":[{"embeddable":true,"href":"https:\/\/www.ugtcomunicaciones.es\/wordpress\/wp-json\/wp\/v2\/users\/3"}],"replies":[{"embeddable":true,"href":"https:\/\/www.ugtcomunicaciones.es\/wordpress\/wp-json\/wp\/v2\/comments?post=644"}],"version-history":[{"count":0,"href":"https:\/\/www.ugtcomunicaciones.es\/wordpress\/wp-json\/wp\/v2\/posts\/644\/revisions"}],"wp:featuredmedia":[{"embeddable":true,"href":"https:\/\/www.ugtcomunicaciones.es\/wordpress\/wp-json\/wp\/v2\/media\/645"}],"wp:attachment":[{"href":"https:\/\/www.ugtcomunicaciones.es\/wordpress\/wp-json\/wp\/v2\/media?parent=644"}],"wp:term":[{"taxonomy":"category","embeddable":true,"href":"https:\/\/www.ugtcomunicaciones.es\/wordpress\/wp-json\/wp\/v2\/categories?post=644"},{"taxonomy":"post_tag","embeddable":true,"href":"https:\/\/www.ugtcomunicaciones.es\/wordpress\/wp-json\/wp\/v2\/tags?post=644"}],"curies":[{"name":"wp","href":"https:\/\/api.w.org\/{rel}","templated":true}]}}