{"id":646224,"date":"2020-09-07T07:00:43","date_gmt":"2020-09-07T05:00:43","guid":{"rendered":"http:\/\/ugtcomunicaciones.es\/wordpress\/?p=646224"},"modified":"2020-08-24T12:54:19","modified_gmt":"2020-08-24T10:54:19","slug":"internet-articulo-de-lujo-para-2-millones-de-conciudadanos","status":"publish","type":"post","link":"https:\/\/www.ugtcomunicaciones.es\/wordpress\/internet-articulo-de-lujo-para-2-millones-de-conciudadanos\/","title":{"rendered":"Internet, art\u00edculo de lujo para 2 millones de conciudadanos"},"content":{"rendered":"<p style=\"text-align: justify;\">La pandemia Covid19 ha demostrado la importancia de contar con redes de telecomunicaciones capilares, robustas y de vanguardia. Sin ellas, los periodos de confinamiento no hubiesen sido concebidos de la misma manera: no hubiese sido posible teletrabajar con soltura, ni impartir\/recibir clases a distancia y las posibilidades de entretenimiento habr\u00edan disminuido ostensiblemente.<\/p>\n<p style=\"text-align: justify;\">Sin embargo, esta conectividad, aunque abiertamente mayoritaria, sigue marcada por la exclusi\u00f3n de un n\u00famero elevado de personas. La publicaci\u00f3n de la Encuesta de Condiciones de Vida por INE, correspondiente al a\u00f1o 2019, desvela una realidad alarmante: <strong>todav\u00eda un 4,62% de la poblaci\u00f3n espa\u00f1ola no puede permitirse una conexi\u00f3n a Internet. Se trata de 2,17 millones de conciudadanos en los que su situaci\u00f3n de vulnerabilidad econ\u00f3mica les impide sufragarse una conexi\u00f3n a Internet, ya sea fija o m\u00f3vil, en su hogar<\/strong>.<\/p>\n<p style=\"text-align: justify;\">El an\u00e1lisis de los microdatos publicados por el INE tambi\u00e9n descubren otras carencias, que podr\u00edan parecen de otra \u00e9poca, pero que todav\u00eda son parte de nuestro d\u00eda a d\u00eda: <strong>casi un mill\u00f3n de hogares afirman no tener capacidad econ\u00f3mica para adquirir un ordenador y otros 30.500 ni siquiera pueden pagarse una conexi\u00f3n telef\u00f3nica b\u00e1sica<\/strong>.<\/p>\n<p style=\"text-align: justify;\">En una sociedad como la actual no disponer de conexi\u00f3n a Internet supone, de facto, un elemento de exclusi\u00f3n radical. Todas estas personas y familias ver\u00e1n severamente mermadas sus posibilidades laborales, sociales y econ\u00f3micas como consecuencia de esta desconexi\u00f3n. Hoy por hoy, y as\u00ed lo han confirmado los reales decretos aprobados por el Gobierno durante los momentos m\u00e1s duros de la pandemia, la conexi\u00f3n a Internet es una necesidad vital comparable al suministro de agua, gas o electricidad. En resumen, Internet no solo es no es un art\u00edculo de lujo, es un derecho, tal y como lo describe la ONU.<\/p>\n<p style=\"text-align: justify;\"><strong><span style=\"color: #ff0000;\">UGT<\/span> Comunicaciones<\/strong> insiste y reitera la necesidad de tomar medidas dirigidas espec\u00edficamente a estos colectivos vulnerables, mejorando la actual cobertura del Servicio Universal. Es preciso poner en marcha un plan integral contra la brecha digital, en forma Plan Nacional de Inclusi\u00f3n Digital, que incluya la instauraci\u00f3n de tarifas sociales asequibles para estos colectivos vulnerables, tal y como recomienda la CNMC y como aplican pa\u00edses como Francia, Reino Unido, EEUU, Hungr\u00eda o Lituania.<\/p>\n<p style=\"text-align: justify;\">Si no se toman estas medias, en opini\u00f3n de <span style=\"color: #ff0000;\"><strong>UGT<\/strong><\/span>, estaremos abocando al fracaso el esfuerzo inversor de Estado y operadoras en nuevas redes de telecomunicaciones y dejando atr\u00e1s a millones de personas que quedar\u00e1n fuera, quiz\u00e1s para siempre, de una Sociedad que se est\u00e1 desarrollando en clave 100% digital.<\/p>\n<h4 style=\"text-align: right;\"><strong><span style=\"color: #ff0000;\">UGT<\/span> Comunicaciones<\/strong><\/h4>\n","protected":false},"excerpt":{"rendered":"<p>La pandemia Covid19 ha demostrado la importancia de contar con redes de telecomunicaciones capilares, robustas y de vanguardia. Sin ellas, los periodos de confinamiento no hubiesen sido concebidos de la misma manera: no hubiese sido posible teletrabajar con soltura, ni impartir\/recibir clases a distancia y las posibilidades de entretenimiento habr\u00edan disminuido ostensiblemente. Sin embargo, esta [&hellip;]<\/p>\n","protected":false},"author":3,"featured_media":646226,"comment_status":"closed","ping_status":"closed","sticky":false,"template":"","format":"standard","meta":{"footnotes":""},"categories":[16,12],"tags":[],"class_list":["post-646224","post","type-post","status-publish","format-standard","has-post-thumbnail","hentry","category-internet","category-regulacion"],"yoast_head":"<!-- This site is optimized with the Yoast SEO Premium plugin v27.3 (Yoast SEO v27.4) - https:\/\/yoast.com\/product\/yoast-seo-premium-wordpress\/ -->\n<title>Internet, art\u00edculo de lujo para 2 millones de conciudadanos - UGT Comunicaciones<\/title>\n<meta name=\"robots\" content=\"index, follow, max-snippet:-1, max-image-preview:large, max-video-preview:-1\" \/>\n<link rel=\"canonical\" href=\"https:\/\/www.ugtcomunicaciones.es\/wordpress\/internet-articulo-de-lujo-para-2-millones-de-conciudadanos\/\" \/>\n<meta property=\"og:locale\" content=\"es_ES\" \/>\n<meta property=\"og:type\" content=\"article\" \/>\n<meta property=\"og:title\" content=\"Internet, art\u00edculo de lujo para 2 millones de conciudadanos\" \/>\n<meta property=\"og:description\" content=\"La pandemia Covid19 ha demostrado la importancia de contar con redes de telecomunicaciones capilares, robustas y de vanguardia. Sin ellas, los periodos de confinamiento no hubiesen sido concebidos de la misma manera: no hubiese sido posible teletrabajar con soltura, ni impartir\/recibir clases a distancia y las posibilidades de entretenimiento habr\u00edan disminuido ostensiblemente. Sin embargo, esta [&hellip;]\" \/>\n<meta property=\"og:url\" content=\"https:\/\/www.ugtcomunicaciones.es\/wordpress\/internet-articulo-de-lujo-para-2-millones-de-conciudadanos\/\" \/>\n<meta property=\"og:site_name\" content=\"UGT Comunicaciones\" \/>\n<meta property=\"article:publisher\" content=\"https:\/\/www.facebook.com\/ugt.comunicaciones\/\" \/>\n<meta property=\"article:published_time\" content=\"2020-09-07T05:00:43+00:00\" \/>\n<meta property=\"og:image\" content=\"https:\/\/www.ugtcomunicaciones.es\/wordpress\/wp-content\/uploads\/2020\/08\/internet-1.jpg\" \/>\n\t<meta property=\"og:image:width\" content=\"600\" \/>\n\t<meta property=\"og:image:height\" content=\"321\" \/>\n\t<meta property=\"og:image:type\" content=\"image\/jpeg\" \/>\n<meta name=\"author\" content=\"UGT\" \/>\n<meta name=\"twitter:card\" content=\"summary_large_image\" \/>\n<meta name=\"twitter:creator\" content=\"@ugtcom\" \/>\n<meta name=\"twitter:site\" content=\"@ugtcom\" \/>\n<meta name=\"twitter:label1\" content=\"Escrito por\" \/>\n\t<meta name=\"twitter:data1\" content=\"UGT\" \/>\n\t<meta name=\"twitter:label2\" content=\"Tiempo de lectura\" \/>\n\t<meta name=\"twitter:data2\" content=\"2 minutos\" \/>\n<script type=\"application\/ld+json\" class=\"yoast-schema-graph\">{\"@context\":\"https:\\\/\\\/schema.org\",\"@graph\":[{\"@type\":\"Article\",\"@id\":\"https:\\\/\\\/www.ugtcomunicaciones.es\\\/wordpress\\\/internet-articulo-de-lujo-para-2-millones-de-conciudadanos\\\/#article\",\"isPartOf\":{\"@id\":\"https:\\\/\\\/www.ugtcomunicaciones.es\\\/wordpress\\\/internet-articulo-de-lujo-para-2-millones-de-conciudadanos\\\/\"},\"author\":{\"name\":\"UGT\",\"@id\":\"https:\\\/\\\/www.ugtcomunicaciones.es\\\/wordpress\\\/#\\\/schema\\\/person\\\/eba0fc3fe5b444531d94d4368cba89ed\"},\"headline\":\"Internet, art\u00edculo de lujo para 2 millones de conciudadanos\",\"datePublished\":\"2020-09-07T05:00:43+00:00\",\"mainEntityOfPage\":{\"@id\":\"https:\\\/\\\/www.ugtcomunicaciones.es\\\/wordpress\\\/internet-articulo-de-lujo-para-2-millones-de-conciudadanos\\\/\"},\"wordCount\":457,\"publisher\":{\"@id\":\"https:\\\/\\\/www.ugtcomunicaciones.es\\\/wordpress\\\/#organization\"},\"image\":{\"@id\":\"https:\\\/\\\/www.ugtcomunicaciones.es\\\/wordpress\\\/internet-articulo-de-lujo-para-2-millones-de-conciudadanos\\\/#primaryimage\"},\"thumbnailUrl\":\"https:\\\/\\\/www.ugtcomunicaciones.es\\\/wordpress\\\/wp-content\\\/uploads\\\/2020\\\/08\\\/internet-1.jpg\",\"articleSection\":[\"Internet\",\"Regulaci\u00f3n\"],\"inLanguage\":\"es\"},{\"@type\":\"WebPage\",\"@id\":\"https:\\\/\\\/www.ugtcomunicaciones.es\\\/wordpress\\\/internet-articulo-de-lujo-para-2-millones-de-conciudadanos\\\/\",\"url\":\"https:\\\/\\\/www.ugtcomunicaciones.es\\\/wordpress\\\/internet-articulo-de-lujo-para-2-millones-de-conciudadanos\\\/\",\"name\":\"Internet, art\u00edculo de lujo para 2 millones de conciudadanos - UGT Comunicaciones\",\"isPartOf\":{\"@id\":\"https:\\\/\\\/www.ugtcomunicaciones.es\\\/wordpress\\\/#website\"},\"primaryImageOfPage\":{\"@id\":\"https:\\\/\\\/www.ugtcomunicaciones.es\\\/wordpress\\\/internet-articulo-de-lujo-para-2-millones-de-conciudadanos\\\/#primaryimage\"},\"image\":{\"@id\":\"https:\\\/\\\/www.ugtcomunicaciones.es\\\/wordpress\\\/internet-articulo-de-lujo-para-2-millones-de-conciudadanos\\\/#primaryimage\"},\"thumbnailUrl\":\"https:\\\/\\\/www.ugtcomunicaciones.es\\\/wordpress\\\/wp-content\\\/uploads\\\/2020\\\/08\\\/internet-1.jpg\",\"datePublished\":\"2020-09-07T05:00:43+00:00\",\"breadcrumb\":{\"@id\":\"https:\\\/\\\/www.ugtcomunicaciones.es\\\/wordpress\\\/internet-articulo-de-lujo-para-2-millones-de-conciudadanos\\\/#breadcrumb\"},\"inLanguage\":\"es\",\"potentialAction\":[{\"@type\":\"ReadAction\",\"target\":[\"https:\\\/\\\/www.ugtcomunicaciones.es\\\/wordpress\\\/internet-articulo-de-lujo-para-2-millones-de-conciudadanos\\\/\"]}]},{\"@type\":\"ImageObject\",\"inLanguage\":\"es\",\"@id\":\"https:\\\/\\\/www.ugtcomunicaciones.es\\\/wordpress\\\/internet-articulo-de-lujo-para-2-millones-de-conciudadanos\\\/#primaryimage\",\"url\":\"https:\\\/\\\/www.ugtcomunicaciones.es\\\/wordpress\\\/wp-content\\\/uploads\\\/2020\\\/08\\\/internet-1.jpg\",\"contentUrl\":\"https:\\\/\\\/www.ugtcomunicaciones.es\\\/wordpress\\\/wp-content\\\/uploads\\\/2020\\\/08\\\/internet-1.jpg\",\"width\":600,\"height\":321},{\"@type\":\"BreadcrumbList\",\"@id\":\"https:\\\/\\\/www.ugtcomunicaciones.es\\\/wordpress\\\/internet-articulo-de-lujo-para-2-millones-de-conciudadanos\\\/#breadcrumb\",\"itemListElement\":[{\"@type\":\"ListItem\",\"position\":1,\"name\":\"Portada\",\"item\":\"https:\\\/\\\/www.ugtcomunicaciones.es\\\/wordpress\\\/\"},{\"@type\":\"ListItem\",\"position\":2,\"name\":\"Internet, art\u00edculo de lujo para 2 millones de conciudadanos\"}]},{\"@type\":\"WebSite\",\"@id\":\"https:\\\/\\\/www.ugtcomunicaciones.es\\\/wordpress\\\/#website\",\"url\":\"https:\\\/\\\/www.ugtcomunicaciones.es\\\/wordpress\\\/\",\"name\":\"UGT Comunicaciones\",\"description\":\"Sindicato de Telecomunicaciones\",\"publisher\":{\"@id\":\"https:\\\/\\\/www.ugtcomunicaciones.es\\\/wordpress\\\/#organization\"},\"potentialAction\":[{\"@type\":\"SearchAction\",\"target\":{\"@type\":\"EntryPoint\",\"urlTemplate\":\"https:\\\/\\\/www.ugtcomunicaciones.es\\\/wordpress\\\/?s={search_term_string}\"},\"query-input\":{\"@type\":\"PropertyValueSpecification\",\"valueRequired\":true,\"valueName\":\"search_term_string\"}}],\"inLanguage\":\"es\"},{\"@type\":\"Organization\",\"@id\":\"https:\\\/\\\/www.ugtcomunicaciones.es\\\/wordpress\\\/#organization\",\"name\":\"UGT Comunicaciones\",\"url\":\"https:\\\/\\\/www.ugtcomunicaciones.es\\\/wordpress\\\/\",\"logo\":{\"@type\":\"ImageObject\",\"inLanguage\":\"es\",\"@id\":\"https:\\\/\\\/www.ugtcomunicaciones.es\\\/wordpress\\\/#\\\/schema\\\/logo\\\/image\\\/\",\"url\":\"https:\\\/\\\/www.ugtcomunicaciones.es\\\/wordpress\\\/wp-content\\\/uploads\\\/2024\\\/04\\\/comunicaciones_logo.png\",\"contentUrl\":\"https:\\\/\\\/www.ugtcomunicaciones.es\\\/wordpress\\\/wp-content\\\/uploads\\\/2024\\\/04\\\/comunicaciones_logo.png\",\"width\":298,\"height\":81,\"caption\":\"UGT Comunicaciones\"},\"image\":{\"@id\":\"https:\\\/\\\/www.ugtcomunicaciones.es\\\/wordpress\\\/#\\\/schema\\\/logo\\\/image\\\/\"},\"sameAs\":[\"https:\\\/\\\/www.facebook.com\\\/ugt.comunicaciones\\\/\",\"https:\\\/\\\/x.com\\\/ugtcom\"]},{\"@type\":\"Person\",\"@id\":\"https:\\\/\\\/www.ugtcomunicaciones.es\\\/wordpress\\\/#\\\/schema\\\/person\\\/eba0fc3fe5b444531d94d4368cba89ed\",\"name\":\"UGT\",\"image\":{\"@type\":\"ImageObject\",\"inLanguage\":\"es\",\"@id\":\"https:\\\/\\\/secure.gravatar.com\\\/avatar\\\/2a16057d620a4c646bcfc171c4f23030879ebbdd346f0525bd5d4a564e57e13d?s=96&d=mm&r=g\",\"url\":\"https:\\\/\\\/secure.gravatar.com\\\/avatar\\\/2a16057d620a4c646bcfc171c4f23030879ebbdd346f0525bd5d4a564e57e13d?s=96&d=mm&r=g\",\"contentUrl\":\"https:\\\/\\\/secure.gravatar.com\\\/avatar\\\/2a16057d620a4c646bcfc171c4f23030879ebbdd346f0525bd5d4a564e57e13d?s=96&d=mm&r=g\",\"caption\":\"UGT\"}}]}<\/script>\n<!-- \/ Yoast SEO Premium plugin. -->","yoast_head_json":{"title":"Internet, art\u00edculo de lujo para 2 millones de conciudadanos - UGT Comunicaciones","robots":{"index":"index","follow":"follow","max-snippet":"max-snippet:-1","max-image-preview":"max-image-preview:large","max-video-preview":"max-video-preview:-1"},"canonical":"https:\/\/www.ugtcomunicaciones.es\/wordpress\/internet-articulo-de-lujo-para-2-millones-de-conciudadanos\/","og_locale":"es_ES","og_type":"article","og_title":"Internet, art\u00edculo de lujo para 2 millones de conciudadanos","og_description":"La pandemia Covid19 ha demostrado la importancia de contar con redes de telecomunicaciones capilares, robustas y de vanguardia. Sin ellas, los periodos de confinamiento no hubiesen sido concebidos de la misma manera: no hubiese sido posible teletrabajar con soltura, ni impartir\/recibir clases a distancia y las posibilidades de entretenimiento habr\u00edan disminuido ostensiblemente. Sin embargo, esta [&hellip;]","og_url":"https:\/\/www.ugtcomunicaciones.es\/wordpress\/internet-articulo-de-lujo-para-2-millones-de-conciudadanos\/","og_site_name":"UGT Comunicaciones","article_publisher":"https:\/\/www.facebook.com\/ugt.comunicaciones\/","article_published_time":"2020-09-07T05:00:43+00:00","og_image":[{"width":600,"height":321,"url":"https:\/\/www.ugtcomunicaciones.es\/wordpress\/wp-content\/uploads\/2020\/08\/internet-1.jpg","type":"image\/jpeg"}],"author":"UGT","twitter_card":"summary_large_image","twitter_creator":"@ugtcom","twitter_site":"@ugtcom","twitter_misc":{"Escrito por":"UGT","Tiempo de lectura":"2 minutos"},"schema":{"@context":"https:\/\/schema.org","@graph":[{"@type":"Article","@id":"https:\/\/www.ugtcomunicaciones.es\/wordpress\/internet-articulo-de-lujo-para-2-millones-de-conciudadanos\/#article","isPartOf":{"@id":"https:\/\/www.ugtcomunicaciones.es\/wordpress\/internet-articulo-de-lujo-para-2-millones-de-conciudadanos\/"},"author":{"name":"UGT","@id":"https:\/\/www.ugtcomunicaciones.es\/wordpress\/#\/schema\/person\/eba0fc3fe5b444531d94d4368cba89ed"},"headline":"Internet, art\u00edculo de lujo para 2 millones de conciudadanos","datePublished":"2020-09-07T05:00:43+00:00","mainEntityOfPage":{"@id":"https:\/\/www.ugtcomunicaciones.es\/wordpress\/internet-articulo-de-lujo-para-2-millones-de-conciudadanos\/"},"wordCount":457,"publisher":{"@id":"https:\/\/www.ugtcomunicaciones.es\/wordpress\/#organization"},"image":{"@id":"https:\/\/www.ugtcomunicaciones.es\/wordpress\/internet-articulo-de-lujo-para-2-millones-de-conciudadanos\/#primaryimage"},"thumbnailUrl":"https:\/\/www.ugtcomunicaciones.es\/wordpress\/wp-content\/uploads\/2020\/08\/internet-1.jpg","articleSection":["Internet","Regulaci\u00f3n"],"inLanguage":"es"},{"@type":"WebPage","@id":"https:\/\/www.ugtcomunicaciones.es\/wordpress\/internet-articulo-de-lujo-para-2-millones-de-conciudadanos\/","url":"https:\/\/www.ugtcomunicaciones.es\/wordpress\/internet-articulo-de-lujo-para-2-millones-de-conciudadanos\/","name":"Internet, art\u00edculo de lujo para 2 millones de conciudadanos - UGT Comunicaciones","isPartOf":{"@id":"https:\/\/www.ugtcomunicaciones.es\/wordpress\/#website"},"primaryImageOfPage":{"@id":"https:\/\/www.ugtcomunicaciones.es\/wordpress\/internet-articulo-de-lujo-para-2-millones-de-conciudadanos\/#primaryimage"},"image":{"@id":"https:\/\/www.ugtcomunicaciones.es\/wordpress\/internet-articulo-de-lujo-para-2-millones-de-conciudadanos\/#primaryimage"},"thumbnailUrl":"https:\/\/www.ugtcomunicaciones.es\/wordpress\/wp-content\/uploads\/2020\/08\/internet-1.jpg","datePublished":"2020-09-07T05:00:43+00:00","breadcrumb":{"@id":"https:\/\/www.ugtcomunicaciones.es\/wordpress\/internet-articulo-de-lujo-para-2-millones-de-conciudadanos\/#breadcrumb"},"inLanguage":"es","potentialAction":[{"@type":"ReadAction","target":["https:\/\/www.ugtcomunicaciones.es\/wordpress\/internet-articulo-de-lujo-para-2-millones-de-conciudadanos\/"]}]},{"@type":"ImageObject","inLanguage":"es","@id":"https:\/\/www.ugtcomunicaciones.es\/wordpress\/internet-articulo-de-lujo-para-2-millones-de-conciudadanos\/#primaryimage","url":"https:\/\/www.ugtcomunicaciones.es\/wordpress\/wp-content\/uploads\/2020\/08\/internet-1.jpg","contentUrl":"https:\/\/www.ugtcomunicaciones.es\/wordpress\/wp-content\/uploads\/2020\/08\/internet-1.jpg","width":600,"height":321},{"@type":"BreadcrumbList","@id":"https:\/\/www.ugtcomunicaciones.es\/wordpress\/internet-articulo-de-lujo-para-2-millones-de-conciudadanos\/#breadcrumb","itemListElement":[{"@type":"ListItem","position":1,"name":"Portada","item":"https:\/\/www.ugtcomunicaciones.es\/wordpress\/"},{"@type":"ListItem","position":2,"name":"Internet, art\u00edculo de lujo para 2 millones de conciudadanos"}]},{"@type":"WebSite","@id":"https:\/\/www.ugtcomunicaciones.es\/wordpress\/#website","url":"https:\/\/www.ugtcomunicaciones.es\/wordpress\/","name":"UGT Comunicaciones","description":"Sindicato de Telecomunicaciones","publisher":{"@id":"https:\/\/www.ugtcomunicaciones.es\/wordpress\/#organization"},"potentialAction":[{"@type":"SearchAction","target":{"@type":"EntryPoint","urlTemplate":"https:\/\/www.ugtcomunicaciones.es\/wordpress\/?s={search_term_string}"},"query-input":{"@type":"PropertyValueSpecification","valueRequired":true,"valueName":"search_term_string"}}],"inLanguage":"es"},{"@type":"Organization","@id":"https:\/\/www.ugtcomunicaciones.es\/wordpress\/#organization","name":"UGT Comunicaciones","url":"https:\/\/www.ugtcomunicaciones.es\/wordpress\/","logo":{"@type":"ImageObject","inLanguage":"es","@id":"https:\/\/www.ugtcomunicaciones.es\/wordpress\/#\/schema\/logo\/image\/","url":"https:\/\/www.ugtcomunicaciones.es\/wordpress\/wp-content\/uploads\/2024\/04\/comunicaciones_logo.png","contentUrl":"https:\/\/www.ugtcomunicaciones.es\/wordpress\/wp-content\/uploads\/2024\/04\/comunicaciones_logo.png","width":298,"height":81,"caption":"UGT Comunicaciones"},"image":{"@id":"https:\/\/www.ugtcomunicaciones.es\/wordpress\/#\/schema\/logo\/image\/"},"sameAs":["https:\/\/www.facebook.com\/ugt.comunicaciones\/","https:\/\/x.com\/ugtcom"]},{"@type":"Person","@id":"https:\/\/www.ugtcomunicaciones.es\/wordpress\/#\/schema\/person\/eba0fc3fe5b444531d94d4368cba89ed","name":"UGT","image":{"@type":"ImageObject","inLanguage":"es","@id":"https:\/\/secure.gravatar.com\/avatar\/2a16057d620a4c646bcfc171c4f23030879ebbdd346f0525bd5d4a564e57e13d?s=96&d=mm&r=g","url":"https:\/\/secure.gravatar.com\/avatar\/2a16057d620a4c646bcfc171c4f23030879ebbdd346f0525bd5d4a564e57e13d?s=96&d=mm&r=g","contentUrl":"https:\/\/secure.gravatar.com\/avatar\/2a16057d620a4c646bcfc171c4f23030879ebbdd346f0525bd5d4a564e57e13d?s=96&d=mm&r=g","caption":"UGT"}}]}},"_links":{"self":[{"href":"https:\/\/www.ugtcomunicaciones.es\/wordpress\/wp-json\/wp\/v2\/posts\/646224","targetHints":{"allow":["GET"]}}],"collection":[{"href":"https:\/\/www.ugtcomunicaciones.es\/wordpress\/wp-json\/wp\/v2\/posts"}],"about":[{"href":"https:\/\/www.ugtcomunicaciones.es\/wordpress\/wp-json\/wp\/v2\/types\/post"}],"author":[{"embeddable":true,"href":"https:\/\/www.ugtcomunicaciones.es\/wordpress\/wp-json\/wp\/v2\/users\/3"}],"replies":[{"embeddable":true,"href":"https:\/\/www.ugtcomunicaciones.es\/wordpress\/wp-json\/wp\/v2\/comments?post=646224"}],"version-history":[{"count":0,"href":"https:\/\/www.ugtcomunicaciones.es\/wordpress\/wp-json\/wp\/v2\/posts\/646224\/revisions"}],"wp:featuredmedia":[{"embeddable":true,"href":"https:\/\/www.ugtcomunicaciones.es\/wordpress\/wp-json\/wp\/v2\/media\/646226"}],"wp:attachment":[{"href":"https:\/\/www.ugtcomunicaciones.es\/wordpress\/wp-json\/wp\/v2\/media?parent=646224"}],"wp:term":[{"taxonomy":"category","embeddable":true,"href":"https:\/\/www.ugtcomunicaciones.es\/wordpress\/wp-json\/wp\/v2\/categories?post=646224"},{"taxonomy":"post_tag","embeddable":true,"href":"https:\/\/www.ugtcomunicaciones.es\/wordpress\/wp-json\/wp\/v2\/tags?post=646224"}],"curies":[{"name":"wp","href":"https:\/\/api.w.org\/{rel}","templated":true}]}}