{"id":650567,"date":"2020-08-31T08:00:22","date_gmt":"2020-08-31T06:00:22","guid":{"rendered":"http:\/\/ugtcomunicaciones.es\/wordpress\/?p=650567"},"modified":"2020-08-31T01:00:55","modified_gmt":"2020-08-30T23:00:55","slug":"650567-2","status":"publish","type":"post","link":"https:\/\/www.ugtcomunicaciones.es\/wordpress\/650567-2\/","title":{"rendered":"Estamos vigilantes: vuelta a la oficina solo con las m\u00e1ximas garant\u00edas"},"content":{"rendered":"<p style=\"text-align: justify;\">El Plan de Retorno pactado con Telef\u00f3nica, inicialmente previsto para el 1 de septiembre en el Grupo, y para el 14 y 28 en las empresas del CEV (FC y DC, respectivamente) excluyendo al personal sensible de riesgo, se confeccion\u00f3 bajo la premisa de ir ajust\u00e1ndose en funci\u00f3n de la evoluci\u00f3n de la pandemia y siempre bajo la primac\u00eda de la seguridad de las personas trabajadoras, por encima de cualquier otro inter\u00e9s.<\/p>\n<p style=\"text-align: justify;\">Es evidente que la evoluci\u00f3n del Covid19 no est\u00e1 siendo la deseada. El \u00edndice general de contagios se sit\u00faa en m\u00e1ximos, mientras que en muchos lugares se detecta trasmisi\u00f3n comunitaria sin un control aparente.<\/p>\n<p style=\"text-align: justify;\"><span style=\"color: #ff0000;\"><strong>UGT<\/strong><\/span> es plenamente consciente de todas estas circunstancias y est\u00e1 analizando todos los escenarios posibles.<\/p>\n<p style=\"text-align: justify;\">La apertura de los colegios es una de nuestras principales preocupaciones. Hasta que la actividad escolar comience y se estabilicen las modalidades de impartici\u00f3n, existe un elevado grado de incertidumbre que es preciso tener muy en cuenta. Por ello hemos trasladado a la empresa que tanto los turnos de trabajo como la flexibilidad horaria deber\u00e1n amoldarse a cada familia, teniendo en cuenta cuestiones tan importantes para la conciliaci\u00f3n como los turnos de entrada y salida de los menores, si tienen clases presenciales o virtuales y, por supuesto, qu\u00e9 hacer en caso de rebrotes que impliquen suspender las clases.<\/p>\n<p style=\"text-align: justify;\">El transporte p\u00fablico est\u00e1 tambi\u00e9n entre las cuestiones a las que m\u00e1s atenci\u00f3n estamos dedicando. Las directrices sanitarias recomiendan el uso de transporte privado. Por ello hemos trasladado a la empresa la necesidad de asegurar una m\u00e1xima disponibilidad de plazas de parking (all\u00ed donde contemos con ellas) y que se tenga en cuenta aquellos casos en donde el desplazamiento de la persona trabajadora requiera de un largo trayecto mediante transporte p\u00fablico.<\/p>\n<p style=\"text-align: justify;\">Finalmente, tendremos que contemplar las circunstancias particulares en funci\u00f3n del tama\u00f1o y alcance de los brotes, que requerir\u00e1n una respuesta r\u00e1pida y espec\u00edfica para cada caso, en virtud de c\u00f3mo evolucione la pandemia en cada CCAA, provincia, poblaci\u00f3n o incluso barrio.<\/p>\n<p style=\"text-align: justify;\">Por todo ello, hemos trasladado a la empresa una serie de peticiones, que consideramos imprescindibles para mejorar la seguridad en el regreso a las oficinas, aumentando al m\u00e1ximo las garant\u00edas y la flexibilidad:<\/p>\n<ul style=\"text-align: justify;\">\n<li>El turno de presencia en la oficina (de car\u00e1cter semanal en CEV y por d\u00edas en otras empresas del Grupo) debe flexibilizarse en funci\u00f3n de las necesidades de conciliaci\u00f3n de cada persona trabajadora. Por ello, exigimos que hasta un d\u00eda del periodo presencial, equivalente al 20% de dicha jornada presencial, pueda realizarse en teletrabajo. Este porcentaje deber\u00e1 poder fraccionarse en horas sueltas, o acumularse hasta la jornada completa, a elecci\u00f3n de cada persona trabajadora.<\/li>\n<li>Para mitigar la incertidumbre por el inicio de las clases, en el caso de tener menores escolarizados, solicitamos poder retrasar el regreso a la oficina hasta que el curso haya dado comienzo en su respectiva CCAA.<\/li>\n<li>En el caso de darse eventualidad de rebrote en el centro educativo del hijo de un empleado, que \u00e9ste pueda pasar a teletrabajar a tiempo completo hasta que finalice las medidas sanitarias impuestas.<\/li>\n<\/ul>\n<p style=\"text-align: justify;\">Nuestro objetivo irrenunciable es proteger la salud de las personas trabajadoras. Por eso, a lo largo de esta pandemia, siempre hemos tomado nuestras decisiones en funci\u00f3n de tres principios b\u00e1sicos: <strong>precauci\u00f3n, vigilancia y m\u00e1ximas garant\u00edas<\/strong>.<\/p>\n<p style=\"text-align: justify;\">Vamos a seguir por este camino, valorando todas las opciones, manteni\u00e9ndonos vigilantes y atentos en el seguimiento pormenorizado de la evoluci\u00f3n de la pandemia bajo una clara convicci\u00f3n: All\u00ed d\u00f3nde no se den las m\u00e1ximas garant\u00edas, exigiremos una revisi\u00f3n del plan de retorno, tanto en fechas como en porcentaje de personas.<\/p>\n<p style=\"text-align: justify;\">\u00a0<strong>En <span style=\"color: #ff0000;\">UGT<\/span> lo tenemos muy claro: la salud de todos por encima de todo.<\/strong><\/p>\n<h4 style=\"text-align: right;\"><strong><span style=\"color: #ff0000;\">UGT<\/span> Comunicaciones<\/strong><\/h4>\n","protected":false},"excerpt":{"rendered":"<p>El Plan de Retorno pactado con Telef\u00f3nica, inicialmente previsto para el 1 de septiembre en el Grupo, y para el 14 y 28 en las empresas del CEV (FC y DC, respectivamente) excluyendo al personal sensible de riesgo, se confeccion\u00f3 bajo la premisa de ir ajust\u00e1ndose en funci\u00f3n de la evoluci\u00f3n de la pandemia y [&hellip;]<\/p>\n","protected":false},"author":3,"featured_media":602559,"comment_status":"closed","ping_status":"closed","sticky":false,"template":"","format":"standard","meta":{"footnotes":""},"categories":[8,25,7,26],"tags":[],"class_list":["post-650567","post","type-post","status-publish","format-standard","has-post-thumbnail","hentry","category-telefonica-cev","category-telefonica","category-telefonica-moviles","category-telefonica-soluciones"],"yoast_head":"<!-- This site is optimized with the Yoast SEO Premium plugin v27.3 (Yoast SEO v27.4) - https:\/\/yoast.com\/product\/yoast-seo-premium-wordpress\/ -->\n<title>Estamos vigilantes: vuelta a la oficina solo con las m\u00e1ximas garant\u00edas - UGT Comunicaciones<\/title>\n<meta name=\"robots\" content=\"index, follow, max-snippet:-1, max-image-preview:large, max-video-preview:-1\" \/>\n<link rel=\"canonical\" href=\"https:\/\/www.ugtcomunicaciones.es\/wordpress\/650567-2\/\" \/>\n<meta property=\"og:locale\" content=\"es_ES\" \/>\n<meta property=\"og:type\" content=\"article\" \/>\n<meta property=\"og:title\" content=\"Estamos vigilantes: vuelta a la oficina solo con las m\u00e1ximas garant\u00edas\" \/>\n<meta property=\"og:description\" content=\"El Plan de Retorno pactado con Telef\u00f3nica, inicialmente previsto para el 1 de septiembre en el Grupo, y para el 14 y 28 en las empresas del CEV (FC y DC, respectivamente) excluyendo al personal sensible de riesgo, se confeccion\u00f3 bajo la premisa de ir ajust\u00e1ndose en funci\u00f3n de la evoluci\u00f3n de la pandemia y [&hellip;]\" \/>\n<meta property=\"og:url\" content=\"https:\/\/www.ugtcomunicaciones.es\/wordpress\/650567-2\/\" \/>\n<meta property=\"og:site_name\" content=\"UGT Comunicaciones\" \/>\n<meta property=\"article:publisher\" content=\"https:\/\/www.facebook.com\/ugt.comunicaciones\/\" \/>\n<meta property=\"article:published_time\" content=\"2020-08-31T06:00:22+00:00\" \/>\n<meta property=\"og:image\" content=\"https:\/\/www.ugtcomunicaciones.es\/wordpress\/wp-content\/uploads\/2020\/06\/TELEFONICA.jpg\" \/>\n\t<meta property=\"og:image:width\" content=\"674\" \/>\n\t<meta property=\"og:image:height\" content=\"420\" \/>\n\t<meta property=\"og:image:type\" content=\"image\/jpeg\" \/>\n<meta name=\"author\" content=\"UGT\" \/>\n<meta name=\"twitter:card\" content=\"summary_large_image\" \/>\n<meta name=\"twitter:creator\" content=\"@ugtcom\" \/>\n<meta name=\"twitter:site\" content=\"@ugtcom\" \/>\n<meta name=\"twitter:label1\" content=\"Escrito por\" \/>\n\t<meta name=\"twitter:data1\" content=\"UGT\" \/>\n\t<meta name=\"twitter:label2\" content=\"Tiempo de lectura\" \/>\n\t<meta name=\"twitter:data2\" content=\"3 minutos\" \/>\n<script type=\"application\/ld+json\" class=\"yoast-schema-graph\">{\"@context\":\"https:\\\/\\\/schema.org\",\"@graph\":[{\"@type\":\"Article\",\"@id\":\"https:\\\/\\\/www.ugtcomunicaciones.es\\\/wordpress\\\/650567-2\\\/#article\",\"isPartOf\":{\"@id\":\"https:\\\/\\\/www.ugtcomunicaciones.es\\\/wordpress\\\/650567-2\\\/\"},\"author\":{\"name\":\"UGT\",\"@id\":\"https:\\\/\\\/www.ugtcomunicaciones.es\\\/wordpress\\\/#\\\/schema\\\/person\\\/eba0fc3fe5b444531d94d4368cba89ed\"},\"headline\":\"Estamos vigilantes: vuelta a la oficina solo con las m\u00e1ximas garant\u00edas\",\"datePublished\":\"2020-08-31T06:00:22+00:00\",\"mainEntityOfPage\":{\"@id\":\"https:\\\/\\\/www.ugtcomunicaciones.es\\\/wordpress\\\/650567-2\\\/\"},\"wordCount\":664,\"publisher\":{\"@id\":\"https:\\\/\\\/www.ugtcomunicaciones.es\\\/wordpress\\\/#organization\"},\"image\":{\"@id\":\"https:\\\/\\\/www.ugtcomunicaciones.es\\\/wordpress\\\/650567-2\\\/#primaryimage\"},\"thumbnailUrl\":\"https:\\\/\\\/www.ugtcomunicaciones.es\\\/wordpress\\\/wp-content\\\/uploads\\\/2020\\\/06\\\/TELEFONICA.jpg\",\"articleSection\":[\"Telef\u00f3nica CEV\",\"Telef\u00f3nica de Espa\u00f1a\",\"Telef\u00f3nica M\u00f3viles\",\"Telef\u00f3nica Soluciones\"],\"inLanguage\":\"es\"},{\"@type\":\"WebPage\",\"@id\":\"https:\\\/\\\/www.ugtcomunicaciones.es\\\/wordpress\\\/650567-2\\\/\",\"url\":\"https:\\\/\\\/www.ugtcomunicaciones.es\\\/wordpress\\\/650567-2\\\/\",\"name\":\"Estamos vigilantes: vuelta a la oficina solo con las m\u00e1ximas garant\u00edas - UGT Comunicaciones\",\"isPartOf\":{\"@id\":\"https:\\\/\\\/www.ugtcomunicaciones.es\\\/wordpress\\\/#website\"},\"primaryImageOfPage\":{\"@id\":\"https:\\\/\\\/www.ugtcomunicaciones.es\\\/wordpress\\\/650567-2\\\/#primaryimage\"},\"image\":{\"@id\":\"https:\\\/\\\/www.ugtcomunicaciones.es\\\/wordpress\\\/650567-2\\\/#primaryimage\"},\"thumbnailUrl\":\"https:\\\/\\\/www.ugtcomunicaciones.es\\\/wordpress\\\/wp-content\\\/uploads\\\/2020\\\/06\\\/TELEFONICA.jpg\",\"datePublished\":\"2020-08-31T06:00:22+00:00\",\"breadcrumb\":{\"@id\":\"https:\\\/\\\/www.ugtcomunicaciones.es\\\/wordpress\\\/650567-2\\\/#breadcrumb\"},\"inLanguage\":\"es\",\"potentialAction\":[{\"@type\":\"ReadAction\",\"target\":[\"https:\\\/\\\/www.ugtcomunicaciones.es\\\/wordpress\\\/650567-2\\\/\"]}]},{\"@type\":\"ImageObject\",\"inLanguage\":\"es\",\"@id\":\"https:\\\/\\\/www.ugtcomunicaciones.es\\\/wordpress\\\/650567-2\\\/#primaryimage\",\"url\":\"https:\\\/\\\/www.ugtcomunicaciones.es\\\/wordpress\\\/wp-content\\\/uploads\\\/2020\\\/06\\\/TELEFONICA.jpg\",\"contentUrl\":\"https:\\\/\\\/www.ugtcomunicaciones.es\\\/wordpress\\\/wp-content\\\/uploads\\\/2020\\\/06\\\/TELEFONICA.jpg\",\"width\":674,\"height\":420},{\"@type\":\"BreadcrumbList\",\"@id\":\"https:\\\/\\\/www.ugtcomunicaciones.es\\\/wordpress\\\/650567-2\\\/#breadcrumb\",\"itemListElement\":[{\"@type\":\"ListItem\",\"position\":1,\"name\":\"Portada\",\"item\":\"https:\\\/\\\/www.ugtcomunicaciones.es\\\/wordpress\\\/\"},{\"@type\":\"ListItem\",\"position\":2,\"name\":\"Estamos vigilantes: vuelta a la oficina solo con las m\u00e1ximas garant\u00edas\"}]},{\"@type\":\"WebSite\",\"@id\":\"https:\\\/\\\/www.ugtcomunicaciones.es\\\/wordpress\\\/#website\",\"url\":\"https:\\\/\\\/www.ugtcomunicaciones.es\\\/wordpress\\\/\",\"name\":\"UGT Comunicaciones\",\"description\":\"Sindicato de Telecomunicaciones\",\"publisher\":{\"@id\":\"https:\\\/\\\/www.ugtcomunicaciones.es\\\/wordpress\\\/#organization\"},\"potentialAction\":[{\"@type\":\"SearchAction\",\"target\":{\"@type\":\"EntryPoint\",\"urlTemplate\":\"https:\\\/\\\/www.ugtcomunicaciones.es\\\/wordpress\\\/?s={search_term_string}\"},\"query-input\":{\"@type\":\"PropertyValueSpecification\",\"valueRequired\":true,\"valueName\":\"search_term_string\"}}],\"inLanguage\":\"es\"},{\"@type\":\"Organization\",\"@id\":\"https:\\\/\\\/www.ugtcomunicaciones.es\\\/wordpress\\\/#organization\",\"name\":\"UGT Comunicaciones\",\"url\":\"https:\\\/\\\/www.ugtcomunicaciones.es\\\/wordpress\\\/\",\"logo\":{\"@type\":\"ImageObject\",\"inLanguage\":\"es\",\"@id\":\"https:\\\/\\\/www.ugtcomunicaciones.es\\\/wordpress\\\/#\\\/schema\\\/logo\\\/image\\\/\",\"url\":\"https:\\\/\\\/www.ugtcomunicaciones.es\\\/wordpress\\\/wp-content\\\/uploads\\\/2024\\\/04\\\/comunicaciones_logo.png\",\"contentUrl\":\"https:\\\/\\\/www.ugtcomunicaciones.es\\\/wordpress\\\/wp-content\\\/uploads\\\/2024\\\/04\\\/comunicaciones_logo.png\",\"width\":298,\"height\":81,\"caption\":\"UGT Comunicaciones\"},\"image\":{\"@id\":\"https:\\\/\\\/www.ugtcomunicaciones.es\\\/wordpress\\\/#\\\/schema\\\/logo\\\/image\\\/\"},\"sameAs\":[\"https:\\\/\\\/www.facebook.com\\\/ugt.comunicaciones\\\/\",\"https:\\\/\\\/x.com\\\/ugtcom\"]},{\"@type\":\"Person\",\"@id\":\"https:\\\/\\\/www.ugtcomunicaciones.es\\\/wordpress\\\/#\\\/schema\\\/person\\\/eba0fc3fe5b444531d94d4368cba89ed\",\"name\":\"UGT\",\"image\":{\"@type\":\"ImageObject\",\"inLanguage\":\"es\",\"@id\":\"https:\\\/\\\/secure.gravatar.com\\\/avatar\\\/2a16057d620a4c646bcfc171c4f23030879ebbdd346f0525bd5d4a564e57e13d?s=96&d=mm&r=g\",\"url\":\"https:\\\/\\\/secure.gravatar.com\\\/avatar\\\/2a16057d620a4c646bcfc171c4f23030879ebbdd346f0525bd5d4a564e57e13d?s=96&d=mm&r=g\",\"contentUrl\":\"https:\\\/\\\/secure.gravatar.com\\\/avatar\\\/2a16057d620a4c646bcfc171c4f23030879ebbdd346f0525bd5d4a564e57e13d?s=96&d=mm&r=g\",\"caption\":\"UGT\"}}]}<\/script>\n<!-- \/ Yoast SEO Premium plugin. -->","yoast_head_json":{"title":"Estamos vigilantes: vuelta a la oficina solo con las m\u00e1ximas garant\u00edas - UGT Comunicaciones","robots":{"index":"index","follow":"follow","max-snippet":"max-snippet:-1","max-image-preview":"max-image-preview:large","max-video-preview":"max-video-preview:-1"},"canonical":"https:\/\/www.ugtcomunicaciones.es\/wordpress\/650567-2\/","og_locale":"es_ES","og_type":"article","og_title":"Estamos vigilantes: vuelta a la oficina solo con las m\u00e1ximas garant\u00edas","og_description":"El Plan de Retorno pactado con Telef\u00f3nica, inicialmente previsto para el 1 de septiembre en el Grupo, y para el 14 y 28 en las empresas del CEV (FC y DC, respectivamente) excluyendo al personal sensible de riesgo, se confeccion\u00f3 bajo la premisa de ir ajust\u00e1ndose en funci\u00f3n de la evoluci\u00f3n de la pandemia y [&hellip;]","og_url":"https:\/\/www.ugtcomunicaciones.es\/wordpress\/650567-2\/","og_site_name":"UGT Comunicaciones","article_publisher":"https:\/\/www.facebook.com\/ugt.comunicaciones\/","article_published_time":"2020-08-31T06:00:22+00:00","og_image":[{"width":674,"height":420,"url":"https:\/\/www.ugtcomunicaciones.es\/wordpress\/wp-content\/uploads\/2020\/06\/TELEFONICA.jpg","type":"image\/jpeg"}],"author":"UGT","twitter_card":"summary_large_image","twitter_creator":"@ugtcom","twitter_site":"@ugtcom","twitter_misc":{"Escrito por":"UGT","Tiempo de lectura":"3 minutos"},"schema":{"@context":"https:\/\/schema.org","@graph":[{"@type":"Article","@id":"https:\/\/www.ugtcomunicaciones.es\/wordpress\/650567-2\/#article","isPartOf":{"@id":"https:\/\/www.ugtcomunicaciones.es\/wordpress\/650567-2\/"},"author":{"name":"UGT","@id":"https:\/\/www.ugtcomunicaciones.es\/wordpress\/#\/schema\/person\/eba0fc3fe5b444531d94d4368cba89ed"},"headline":"Estamos vigilantes: vuelta a la oficina solo con las m\u00e1ximas garant\u00edas","datePublished":"2020-08-31T06:00:22+00:00","mainEntityOfPage":{"@id":"https:\/\/www.ugtcomunicaciones.es\/wordpress\/650567-2\/"},"wordCount":664,"publisher":{"@id":"https:\/\/www.ugtcomunicaciones.es\/wordpress\/#organization"},"image":{"@id":"https:\/\/www.ugtcomunicaciones.es\/wordpress\/650567-2\/#primaryimage"},"thumbnailUrl":"https:\/\/www.ugtcomunicaciones.es\/wordpress\/wp-content\/uploads\/2020\/06\/TELEFONICA.jpg","articleSection":["Telef\u00f3nica CEV","Telef\u00f3nica de Espa\u00f1a","Telef\u00f3nica M\u00f3viles","Telef\u00f3nica Soluciones"],"inLanguage":"es"},{"@type":"WebPage","@id":"https:\/\/www.ugtcomunicaciones.es\/wordpress\/650567-2\/","url":"https:\/\/www.ugtcomunicaciones.es\/wordpress\/650567-2\/","name":"Estamos vigilantes: vuelta a la oficina solo con las m\u00e1ximas garant\u00edas - UGT Comunicaciones","isPartOf":{"@id":"https:\/\/www.ugtcomunicaciones.es\/wordpress\/#website"},"primaryImageOfPage":{"@id":"https:\/\/www.ugtcomunicaciones.es\/wordpress\/650567-2\/#primaryimage"},"image":{"@id":"https:\/\/www.ugtcomunicaciones.es\/wordpress\/650567-2\/#primaryimage"},"thumbnailUrl":"https:\/\/www.ugtcomunicaciones.es\/wordpress\/wp-content\/uploads\/2020\/06\/TELEFONICA.jpg","datePublished":"2020-08-31T06:00:22+00:00","breadcrumb":{"@id":"https:\/\/www.ugtcomunicaciones.es\/wordpress\/650567-2\/#breadcrumb"},"inLanguage":"es","potentialAction":[{"@type":"ReadAction","target":["https:\/\/www.ugtcomunicaciones.es\/wordpress\/650567-2\/"]}]},{"@type":"ImageObject","inLanguage":"es","@id":"https:\/\/www.ugtcomunicaciones.es\/wordpress\/650567-2\/#primaryimage","url":"https:\/\/www.ugtcomunicaciones.es\/wordpress\/wp-content\/uploads\/2020\/06\/TELEFONICA.jpg","contentUrl":"https:\/\/www.ugtcomunicaciones.es\/wordpress\/wp-content\/uploads\/2020\/06\/TELEFONICA.jpg","width":674,"height":420},{"@type":"BreadcrumbList","@id":"https:\/\/www.ugtcomunicaciones.es\/wordpress\/650567-2\/#breadcrumb","itemListElement":[{"@type":"ListItem","position":1,"name":"Portada","item":"https:\/\/www.ugtcomunicaciones.es\/wordpress\/"},{"@type":"ListItem","position":2,"name":"Estamos vigilantes: vuelta a la oficina solo con las m\u00e1ximas garant\u00edas"}]},{"@type":"WebSite","@id":"https:\/\/www.ugtcomunicaciones.es\/wordpress\/#website","url":"https:\/\/www.ugtcomunicaciones.es\/wordpress\/","name":"UGT Comunicaciones","description":"Sindicato de Telecomunicaciones","publisher":{"@id":"https:\/\/www.ugtcomunicaciones.es\/wordpress\/#organization"},"potentialAction":[{"@type":"SearchAction","target":{"@type":"EntryPoint","urlTemplate":"https:\/\/www.ugtcomunicaciones.es\/wordpress\/?s={search_term_string}"},"query-input":{"@type":"PropertyValueSpecification","valueRequired":true,"valueName":"search_term_string"}}],"inLanguage":"es"},{"@type":"Organization","@id":"https:\/\/www.ugtcomunicaciones.es\/wordpress\/#organization","name":"UGT Comunicaciones","url":"https:\/\/www.ugtcomunicaciones.es\/wordpress\/","logo":{"@type":"ImageObject","inLanguage":"es","@id":"https:\/\/www.ugtcomunicaciones.es\/wordpress\/#\/schema\/logo\/image\/","url":"https:\/\/www.ugtcomunicaciones.es\/wordpress\/wp-content\/uploads\/2024\/04\/comunicaciones_logo.png","contentUrl":"https:\/\/www.ugtcomunicaciones.es\/wordpress\/wp-content\/uploads\/2024\/04\/comunicaciones_logo.png","width":298,"height":81,"caption":"UGT Comunicaciones"},"image":{"@id":"https:\/\/www.ugtcomunicaciones.es\/wordpress\/#\/schema\/logo\/image\/"},"sameAs":["https:\/\/www.facebook.com\/ugt.comunicaciones\/","https:\/\/x.com\/ugtcom"]},{"@type":"Person","@id":"https:\/\/www.ugtcomunicaciones.es\/wordpress\/#\/schema\/person\/eba0fc3fe5b444531d94d4368cba89ed","name":"UGT","image":{"@type":"ImageObject","inLanguage":"es","@id":"https:\/\/secure.gravatar.com\/avatar\/2a16057d620a4c646bcfc171c4f23030879ebbdd346f0525bd5d4a564e57e13d?s=96&d=mm&r=g","url":"https:\/\/secure.gravatar.com\/avatar\/2a16057d620a4c646bcfc171c4f23030879ebbdd346f0525bd5d4a564e57e13d?s=96&d=mm&r=g","contentUrl":"https:\/\/secure.gravatar.com\/avatar\/2a16057d620a4c646bcfc171c4f23030879ebbdd346f0525bd5d4a564e57e13d?s=96&d=mm&r=g","caption":"UGT"}}]}},"_links":{"self":[{"href":"https:\/\/www.ugtcomunicaciones.es\/wordpress\/wp-json\/wp\/v2\/posts\/650567","targetHints":{"allow":["GET"]}}],"collection":[{"href":"https:\/\/www.ugtcomunicaciones.es\/wordpress\/wp-json\/wp\/v2\/posts"}],"about":[{"href":"https:\/\/www.ugtcomunicaciones.es\/wordpress\/wp-json\/wp\/v2\/types\/post"}],"author":[{"embeddable":true,"href":"https:\/\/www.ugtcomunicaciones.es\/wordpress\/wp-json\/wp\/v2\/users\/3"}],"replies":[{"embeddable":true,"href":"https:\/\/www.ugtcomunicaciones.es\/wordpress\/wp-json\/wp\/v2\/comments?post=650567"}],"version-history":[{"count":0,"href":"https:\/\/www.ugtcomunicaciones.es\/wordpress\/wp-json\/wp\/v2\/posts\/650567\/revisions"}],"wp:featuredmedia":[{"embeddable":true,"href":"https:\/\/www.ugtcomunicaciones.es\/wordpress\/wp-json\/wp\/v2\/media\/602559"}],"wp:attachment":[{"href":"https:\/\/www.ugtcomunicaciones.es\/wordpress\/wp-json\/wp\/v2\/media?parent=650567"}],"wp:term":[{"taxonomy":"category","embeddable":true,"href":"https:\/\/www.ugtcomunicaciones.es\/wordpress\/wp-json\/wp\/v2\/categories?post=650567"},{"taxonomy":"post_tag","embeddable":true,"href":"https:\/\/www.ugtcomunicaciones.es\/wordpress\/wp-json\/wp\/v2\/tags?post=650567"}],"curies":[{"name":"wp","href":"https:\/\/api.w.org\/{rel}","templated":true}]}}