{"id":651602,"date":"2020-09-01T15:21:29","date_gmt":"2020-09-01T13:21:29","guid":{"rendered":"http:\/\/ugtcomunicaciones.es\/wordpress\/?p=651602"},"modified":"2020-09-01T15:21:29","modified_gmt":"2020-09-01T13:21:29","slug":"reunion-seguimiento-covid-19","status":"publish","type":"post","link":"https:\/\/www.ugtcomunicaciones.es\/wordpress\/reunion-seguimiento-covid-19\/","title":{"rendered":"X reuni\u00f3n de la comisi\u00f3n de seguimiento del COVID 19"},"content":{"rendered":"<p style=\"text-align: justify;\">Ante la preocupante situaci\u00f3n de la pandemia en nuestro pa\u00eds, a petici\u00f3n de <strong>UGT<\/strong> nos hemos reunido la Comisi\u00f3n de Seguimiento del COVID 19, donde la empresa nos ha trasladado que, siguiendo los acuerdos de desescalada, <strong>la reincorporaci\u00f3n al trabajo presencial se iniciar\u00e1 el 14 de septiembre para los FFCC y el 28 para el resto en el \u00e1mbito del CEV<\/strong>, cumpliendo todas las medidas de seguridad establecidas y comprometi\u00e9ndose a atender los aspectos puntuales que pudiesen darse.<\/p>\n<p style=\"text-align: justify;\">Nos comentan que, hasta el momento, se han realizado 10.475 pruebas preventivas y, a su vez, se ha mandado masivamente las <strong>encuestas para el seguimiento de la salud<\/strong>, cumpliment\u00e1ndose aproximadamente 800 hasta la fecha.<\/p>\n<p style=\"text-align: justify;\">Comentan con preocupaci\u00f3n el <strong>bajo \u00edndice de participaci\u00f3n en ambas pruebas<\/strong>, rondando el absentismo en las pruebas diagn\u00f3sticas el 64%, mientras que solo se responden menos del 25% las encuestas. Esperan que esto se normalice y antes de finales de septiembre la mayor\u00eda de la plantilla haya realizado la prueba diagn\u00f3stica.<\/p>\n<p style=\"text-align: justify;\"><strong>UGT<\/strong> <strong>pedimos la implicaci\u00f3n de todas las personas trabajadoras<\/strong> en estas medidas preventivas, puesto que la salud es un tema de todos, por lo que esperamos que el preocupante bajo\u00a0 \u00edndice de respuesta sea un tema puntual, debido al periodo vacacional, \u00a0y estos datos se vayan normalizando.<\/p>\n<p style=\"text-align: justify;\">As\u00ed mismo,<strong> rechazamos que se marquen dos fechas de reincorporaci\u00f3n<\/strong>, no estando de acuerdo en que se diferencie al colectivo de FFCC para que tenga que adelantar su incorporaci\u00f3n respecto al resto de la plantilla de una forma gen\u00e9rica.<\/p>\n<p style=\"text-align: justify;\">Teniendo en cuenta el actual repunte de la pandemia y su afecci\u00f3n en nuestra vida cotidiana, en casos como la incorporaci\u00f3n a los colegios, donde todav\u00eda no est\u00e1 claro si se va a realizar de forma presencial o virtual, la utilizaci\u00f3n de transporte p\u00fablico, donde las directrices sanitarias recomiendan el uso del transporte privado etc., demandamos a la empresa que <strong>se flexibilice lo m\u00e1ximo posible la entrada\/salida en los diferentes turnos<\/strong>, as\u00ed como que se facilite <strong>realizar parte de la actividad en teletrabajo<\/strong>, dando as\u00ed la posibilidad de conciliar en mayor medida la vida familiar y laboral, <strong>atendiendo la empresa nuestra petici\u00f3n<\/strong> manifestando que <strong>se podr\u00eda realizar en teletrabajo hasta un 20% de la jornada presencial<\/strong>.<\/p>\n<p style=\"text-align: justify;\"><strong>UGT<\/strong>, aun valorando positivamente esta respuesta,<strong> insistimos en que p<\/strong><strong>ara <\/strong><strong>las personas que est\u00e9n realizando turno presencial se pueda aumentar el porcentaje de la jornada en la que se pueda teletrabajar <\/strong>\u00a0en funci\u00f3n de las necesidades de cada uno, ya que nos parece escaso dicho 20% para algunas de las casu\u00edsticas que se puedan dar. La empresa entiende que ese porcentaje es suficiente manifestando, no obstante que, <strong>si existiese alg\u00fan caso particular, se podr\u00eda estudiar<\/strong>.<\/p>\n<p style=\"text-align: justify;\"><strong>UGT<\/strong> hemos solicitado a la empresa que<strong> las personas trabajadoras que tengan hijos en edad escolar puedan teletrabajar<\/strong> <strong>hasta que se produzca la incorporaci\u00f3n al colegio<\/strong> y, en caso de que una vez comenzado el curso se complique la situaci\u00f3n por un rebrote en el centro educativo del hijo, se pueda regresar a la modalidad de teletrabajo a tiempo completo, <strong>dejando dicha opci\u00f3n a la elecci\u00f3n de cada persona trabajadora<\/strong> de manera individual. <strong>La empresa responde en positivo <\/strong>indicando que, adicionalmente, \u00a0a aquellas personas que tengan hijos en edad escolar, <strong>se les permitir\u00e1 la flexibilidad de incorporarse al sistema de turnos si as\u00ed lo precisan<\/strong>, trat\u00e1ndolo en las diferentes comisiones seg\u00fan evolucione la situaci\u00f3n.<\/p>\n<p style=\"text-align: justify;\">Respecto a las personas que tienen <strong>patolog\u00edas de riesgo<\/strong>, cuya incorporaci\u00f3n a las oficinas se contempla en \u00faltimo lugar en el acuerdo de desescalada, <strong>UGT <\/strong>solicita que la empresa <strong>aclare c\u00f3mo se determina la existencia o no de dichas patolog\u00edas<\/strong>, indicando la empresa que se est\u00e1 aplicando el <strong>Procedimiento de Prevenci\u00f3n de Riesgos Laborales aprobado por el Ministerio de Sanidad<\/strong> (anexo 5) de 14 de julio de 2020.<strong>\u00a0<\/strong><\/p>\n<p style=\"text-align: justify;\"><strong>Demandamos una m\u00e1xima disponibilidad de plazas de parking<\/strong> (all\u00ed donde contemos con ellas) y que se tenga en cuenta, <strong>flexibilizando la entrada o la salida<\/strong>, aquellos casos en donde el desplazamiento de la persona trabajadora requiera de un largo trayecto mediante transporte p\u00fablico.<strong>\u00a0<\/strong><\/p>\n<p style=\"text-align: justify;\"><strong>UGT<\/strong> tambi\u00e9n solicitamos que se tenga en cuenta que no en todas las comunidades, provincias, localidades, etc., est\u00e1 teniendo la misma incidencia el nivel de contagios, por lo que <strong>la empresa debe de informar a la cadena de mandos que extremen las precauciones sanitarias a la hora de realizar actividades donde exista un contacto con clientes.<\/strong><\/p>\n<p style=\"text-align: justify;\">Recordamos<strong> que el uso de los EPIs sigue siendo necesario <\/strong>en oficinas, pero sobre todo en las actividades realizadas en la calle o casa de cliente, por lo que pedimos <strong>se realice un recordatorio<\/strong> para que no exista ninguna relajaci\u00f3n en este sentido.<\/p>\n<p style=\"text-align: justify;\">Finalmente, ante nuestra petici\u00f3n, la empresa traslada que, a aquellas personas trabajadoras que realicen su actividad con un ordenador compartido,\u00a0 se les dotar\u00e1 de <strong>un rat\u00f3n y un teclado para cada persona trabajadora<\/strong>.<\/p>\n<p style=\"text-align: justify;\">Por \u00faltimo, requerimos que<strong> se contin\u00fae con las reuniones de seguimiento del COVID 19<\/strong> <strong>con la cadencia que las circunstancias demanden<\/strong>, entendiendo que lo m\u00e1s importante es la seguridad y la salud de las personas trabajadoras, no debiendo relajarnos hasta que exista un escenario claro sobre el control de la pandemia.<\/p>\n","protected":false},"excerpt":{"rendered":"<p>Ante la preocupante situaci\u00f3n de la pandemia en nuestro pa\u00eds, a petici\u00f3n de UGT nos hemos reunido la Comisi\u00f3n de Seguimiento del COVID 19, donde la empresa nos ha trasladado que, siguiendo los acuerdos de desescalada, la reincorporaci\u00f3n al trabajo presencial se iniciar\u00e1 el 14 de septiembre para los FFCC y el 28 para el [&hellip;]<\/p>\n","protected":false},"author":3,"featured_media":651617,"comment_status":"closed","ping_status":"closed","sticky":false,"template":"","format":"standard","meta":{"footnotes":""},"categories":[8,25,7,26],"tags":[],"class_list":["post-651602","post","type-post","status-publish","format-standard","has-post-thumbnail","hentry","category-telefonica-cev","category-telefonica","category-telefonica-moviles","category-telefonica-soluciones"],"yoast_head":"<!-- This site is optimized with the Yoast SEO Premium plugin v27.3 (Yoast SEO v27.4) - https:\/\/yoast.com\/product\/yoast-seo-premium-wordpress\/ -->\n<title>X Reuni\u00f3n Seguimiento Covid 19 UGT Comunicaciones<\/title>\n<meta name=\"description\" content=\"demandamos que se contin\u00fae con las reuniones de seguimiento del COVID 19 Lo m\u00e1s importante es la seguridad y la salud de las personas.\" \/>\n<meta name=\"robots\" content=\"index, follow, max-snippet:-1, max-image-preview:large, max-video-preview:-1\" \/>\n<link rel=\"canonical\" href=\"https:\/\/www.ugtcomunicaciones.es\/wordpress\/reunion-seguimiento-covid-19\/\" \/>\n<meta property=\"og:locale\" content=\"es_ES\" \/>\n<meta property=\"og:type\" content=\"article\" \/>\n<meta property=\"og:title\" content=\"X reuni\u00f3n de la comisi\u00f3n de seguimiento del COVID 19\" \/>\n<meta property=\"og:description\" content=\"demandamos que se contin\u00fae con las reuniones de seguimiento del COVID 19 Lo m\u00e1s importante es la seguridad y la salud de las personas.\" \/>\n<meta property=\"og:url\" content=\"https:\/\/www.ugtcomunicaciones.es\/wordpress\/reunion-seguimiento-covid-19\/\" \/>\n<meta property=\"og:site_name\" content=\"UGT Comunicaciones\" \/>\n<meta property=\"article:publisher\" content=\"https:\/\/www.facebook.com\/ugt.comunicaciones\/\" \/>\n<meta property=\"article:published_time\" content=\"2020-09-01T13:21:29+00:00\" \/>\n<meta property=\"og:image\" content=\"https:\/\/www.ugtcomunicaciones.es\/wordpress\/wp-content\/uploads\/2020\/09\/vuelta_covid.jpg\" \/>\n\t<meta property=\"og:image:width\" content=\"640\" \/>\n\t<meta property=\"og:image:height\" content=\"435\" \/>\n\t<meta property=\"og:image:type\" content=\"image\/jpeg\" \/>\n<meta name=\"author\" content=\"UGT\" \/>\n<meta name=\"twitter:card\" content=\"summary_large_image\" \/>\n<meta name=\"twitter:creator\" content=\"@ugtcom\" \/>\n<meta name=\"twitter:site\" content=\"@ugtcom\" \/>\n<meta name=\"twitter:label1\" content=\"Escrito por\" \/>\n\t<meta name=\"twitter:data1\" content=\"UGT\" \/>\n\t<meta name=\"twitter:label2\" content=\"Tiempo de lectura\" \/>\n\t<meta name=\"twitter:data2\" content=\"4 minutos\" \/>\n<script type=\"application\/ld+json\" class=\"yoast-schema-graph\">{\"@context\":\"https:\\\/\\\/schema.org\",\"@graph\":[{\"@type\":\"Article\",\"@id\":\"https:\\\/\\\/www.ugtcomunicaciones.es\\\/wordpress\\\/reunion-seguimiento-covid-19\\\/#article\",\"isPartOf\":{\"@id\":\"https:\\\/\\\/www.ugtcomunicaciones.es\\\/wordpress\\\/reunion-seguimiento-covid-19\\\/\"},\"author\":{\"name\":\"UGT\",\"@id\":\"https:\\\/\\\/www.ugtcomunicaciones.es\\\/wordpress\\\/#\\\/schema\\\/person\\\/eba0fc3fe5b444531d94d4368cba89ed\"},\"headline\":\"X reuni\u00f3n de la comisi\u00f3n de seguimiento del COVID 19\",\"datePublished\":\"2020-09-01T13:21:29+00:00\",\"mainEntityOfPage\":{\"@id\":\"https:\\\/\\\/www.ugtcomunicaciones.es\\\/wordpress\\\/reunion-seguimiento-covid-19\\\/\"},\"wordCount\":897,\"publisher\":{\"@id\":\"https:\\\/\\\/www.ugtcomunicaciones.es\\\/wordpress\\\/#organization\"},\"image\":{\"@id\":\"https:\\\/\\\/www.ugtcomunicaciones.es\\\/wordpress\\\/reunion-seguimiento-covid-19\\\/#primaryimage\"},\"thumbnailUrl\":\"https:\\\/\\\/www.ugtcomunicaciones.es\\\/wordpress\\\/wp-content\\\/uploads\\\/2020\\\/09\\\/vuelta_covid.jpg\",\"articleSection\":[\"Telef\u00f3nica CEV\",\"Telef\u00f3nica de Espa\u00f1a\",\"Telef\u00f3nica M\u00f3viles\",\"Telef\u00f3nica Soluciones\"],\"inLanguage\":\"es\"},{\"@type\":\"WebPage\",\"@id\":\"https:\\\/\\\/www.ugtcomunicaciones.es\\\/wordpress\\\/reunion-seguimiento-covid-19\\\/\",\"url\":\"https:\\\/\\\/www.ugtcomunicaciones.es\\\/wordpress\\\/reunion-seguimiento-covid-19\\\/\",\"name\":\"X Reuni\u00f3n Seguimiento Covid 19 UGT Comunicaciones\",\"isPartOf\":{\"@id\":\"https:\\\/\\\/www.ugtcomunicaciones.es\\\/wordpress\\\/#website\"},\"primaryImageOfPage\":{\"@id\":\"https:\\\/\\\/www.ugtcomunicaciones.es\\\/wordpress\\\/reunion-seguimiento-covid-19\\\/#primaryimage\"},\"image\":{\"@id\":\"https:\\\/\\\/www.ugtcomunicaciones.es\\\/wordpress\\\/reunion-seguimiento-covid-19\\\/#primaryimage\"},\"thumbnailUrl\":\"https:\\\/\\\/www.ugtcomunicaciones.es\\\/wordpress\\\/wp-content\\\/uploads\\\/2020\\\/09\\\/vuelta_covid.jpg\",\"datePublished\":\"2020-09-01T13:21:29+00:00\",\"description\":\"demandamos que se contin\u00fae con las reuniones de seguimiento del COVID 19 Lo m\u00e1s importante es la seguridad y la salud de las personas.\",\"breadcrumb\":{\"@id\":\"https:\\\/\\\/www.ugtcomunicaciones.es\\\/wordpress\\\/reunion-seguimiento-covid-19\\\/#breadcrumb\"},\"inLanguage\":\"es\",\"potentialAction\":[{\"@type\":\"ReadAction\",\"target\":[\"https:\\\/\\\/www.ugtcomunicaciones.es\\\/wordpress\\\/reunion-seguimiento-covid-19\\\/\"]}]},{\"@type\":\"ImageObject\",\"inLanguage\":\"es\",\"@id\":\"https:\\\/\\\/www.ugtcomunicaciones.es\\\/wordpress\\\/reunion-seguimiento-covid-19\\\/#primaryimage\",\"url\":\"https:\\\/\\\/www.ugtcomunicaciones.es\\\/wordpress\\\/wp-content\\\/uploads\\\/2020\\\/09\\\/vuelta_covid.jpg\",\"contentUrl\":\"https:\\\/\\\/www.ugtcomunicaciones.es\\\/wordpress\\\/wp-content\\\/uploads\\\/2020\\\/09\\\/vuelta_covid.jpg\",\"width\":640,\"height\":435,\"caption\":\"covid\"},{\"@type\":\"BreadcrumbList\",\"@id\":\"https:\\\/\\\/www.ugtcomunicaciones.es\\\/wordpress\\\/reunion-seguimiento-covid-19\\\/#breadcrumb\",\"itemListElement\":[{\"@type\":\"ListItem\",\"position\":1,\"name\":\"Portada\",\"item\":\"https:\\\/\\\/www.ugtcomunicaciones.es\\\/wordpress\\\/\"},{\"@type\":\"ListItem\",\"position\":2,\"name\":\"X reuni\u00f3n de la comisi\u00f3n de seguimiento del COVID 19\"}]},{\"@type\":\"WebSite\",\"@id\":\"https:\\\/\\\/www.ugtcomunicaciones.es\\\/wordpress\\\/#website\",\"url\":\"https:\\\/\\\/www.ugtcomunicaciones.es\\\/wordpress\\\/\",\"name\":\"UGT Comunicaciones\",\"description\":\"Sindicato de Telecomunicaciones\",\"publisher\":{\"@id\":\"https:\\\/\\\/www.ugtcomunicaciones.es\\\/wordpress\\\/#organization\"},\"potentialAction\":[{\"@type\":\"SearchAction\",\"target\":{\"@type\":\"EntryPoint\",\"urlTemplate\":\"https:\\\/\\\/www.ugtcomunicaciones.es\\\/wordpress\\\/?s={search_term_string}\"},\"query-input\":{\"@type\":\"PropertyValueSpecification\",\"valueRequired\":true,\"valueName\":\"search_term_string\"}}],\"inLanguage\":\"es\"},{\"@type\":\"Organization\",\"@id\":\"https:\\\/\\\/www.ugtcomunicaciones.es\\\/wordpress\\\/#organization\",\"name\":\"UGT Comunicaciones\",\"url\":\"https:\\\/\\\/www.ugtcomunicaciones.es\\\/wordpress\\\/\",\"logo\":{\"@type\":\"ImageObject\",\"inLanguage\":\"es\",\"@id\":\"https:\\\/\\\/www.ugtcomunicaciones.es\\\/wordpress\\\/#\\\/schema\\\/logo\\\/image\\\/\",\"url\":\"https:\\\/\\\/www.ugtcomunicaciones.es\\\/wordpress\\\/wp-content\\\/uploads\\\/2024\\\/04\\\/comunicaciones_logo.png\",\"contentUrl\":\"https:\\\/\\\/www.ugtcomunicaciones.es\\\/wordpress\\\/wp-content\\\/uploads\\\/2024\\\/04\\\/comunicaciones_logo.png\",\"width\":298,\"height\":81,\"caption\":\"UGT Comunicaciones\"},\"image\":{\"@id\":\"https:\\\/\\\/www.ugtcomunicaciones.es\\\/wordpress\\\/#\\\/schema\\\/logo\\\/image\\\/\"},\"sameAs\":[\"https:\\\/\\\/www.facebook.com\\\/ugt.comunicaciones\\\/\",\"https:\\\/\\\/x.com\\\/ugtcom\"]},{\"@type\":\"Person\",\"@id\":\"https:\\\/\\\/www.ugtcomunicaciones.es\\\/wordpress\\\/#\\\/schema\\\/person\\\/eba0fc3fe5b444531d94d4368cba89ed\",\"name\":\"UGT\",\"image\":{\"@type\":\"ImageObject\",\"inLanguage\":\"es\",\"@id\":\"https:\\\/\\\/secure.gravatar.com\\\/avatar\\\/2a16057d620a4c646bcfc171c4f23030879ebbdd346f0525bd5d4a564e57e13d?s=96&d=mm&r=g\",\"url\":\"https:\\\/\\\/secure.gravatar.com\\\/avatar\\\/2a16057d620a4c646bcfc171c4f23030879ebbdd346f0525bd5d4a564e57e13d?s=96&d=mm&r=g\",\"contentUrl\":\"https:\\\/\\\/secure.gravatar.com\\\/avatar\\\/2a16057d620a4c646bcfc171c4f23030879ebbdd346f0525bd5d4a564e57e13d?s=96&d=mm&r=g\",\"caption\":\"UGT\"}}]}<\/script>\n<!-- \/ Yoast SEO Premium plugin. -->","yoast_head_json":{"title":"X Reuni\u00f3n Seguimiento Covid 19 UGT Comunicaciones","description":"demandamos que se contin\u00fae con las reuniones de seguimiento del COVID 19 Lo m\u00e1s importante es la seguridad y la salud de las personas.","robots":{"index":"index","follow":"follow","max-snippet":"max-snippet:-1","max-image-preview":"max-image-preview:large","max-video-preview":"max-video-preview:-1"},"canonical":"https:\/\/www.ugtcomunicaciones.es\/wordpress\/reunion-seguimiento-covid-19\/","og_locale":"es_ES","og_type":"article","og_title":"X reuni\u00f3n de la comisi\u00f3n de seguimiento del COVID 19","og_description":"demandamos que se contin\u00fae con las reuniones de seguimiento del COVID 19 Lo m\u00e1s importante es la seguridad y la salud de las personas.","og_url":"https:\/\/www.ugtcomunicaciones.es\/wordpress\/reunion-seguimiento-covid-19\/","og_site_name":"UGT Comunicaciones","article_publisher":"https:\/\/www.facebook.com\/ugt.comunicaciones\/","article_published_time":"2020-09-01T13:21:29+00:00","og_image":[{"width":640,"height":435,"url":"https:\/\/www.ugtcomunicaciones.es\/wordpress\/wp-content\/uploads\/2020\/09\/vuelta_covid.jpg","type":"image\/jpeg"}],"author":"UGT","twitter_card":"summary_large_image","twitter_creator":"@ugtcom","twitter_site":"@ugtcom","twitter_misc":{"Escrito por":"UGT","Tiempo de lectura":"4 minutos"},"schema":{"@context":"https:\/\/schema.org","@graph":[{"@type":"Article","@id":"https:\/\/www.ugtcomunicaciones.es\/wordpress\/reunion-seguimiento-covid-19\/#article","isPartOf":{"@id":"https:\/\/www.ugtcomunicaciones.es\/wordpress\/reunion-seguimiento-covid-19\/"},"author":{"name":"UGT","@id":"https:\/\/www.ugtcomunicaciones.es\/wordpress\/#\/schema\/person\/eba0fc3fe5b444531d94d4368cba89ed"},"headline":"X reuni\u00f3n de la comisi\u00f3n de seguimiento del COVID 19","datePublished":"2020-09-01T13:21:29+00:00","mainEntityOfPage":{"@id":"https:\/\/www.ugtcomunicaciones.es\/wordpress\/reunion-seguimiento-covid-19\/"},"wordCount":897,"publisher":{"@id":"https:\/\/www.ugtcomunicaciones.es\/wordpress\/#organization"},"image":{"@id":"https:\/\/www.ugtcomunicaciones.es\/wordpress\/reunion-seguimiento-covid-19\/#primaryimage"},"thumbnailUrl":"https:\/\/www.ugtcomunicaciones.es\/wordpress\/wp-content\/uploads\/2020\/09\/vuelta_covid.jpg","articleSection":["Telef\u00f3nica CEV","Telef\u00f3nica de Espa\u00f1a","Telef\u00f3nica M\u00f3viles","Telef\u00f3nica Soluciones"],"inLanguage":"es"},{"@type":"WebPage","@id":"https:\/\/www.ugtcomunicaciones.es\/wordpress\/reunion-seguimiento-covid-19\/","url":"https:\/\/www.ugtcomunicaciones.es\/wordpress\/reunion-seguimiento-covid-19\/","name":"X Reuni\u00f3n Seguimiento Covid 19 UGT Comunicaciones","isPartOf":{"@id":"https:\/\/www.ugtcomunicaciones.es\/wordpress\/#website"},"primaryImageOfPage":{"@id":"https:\/\/www.ugtcomunicaciones.es\/wordpress\/reunion-seguimiento-covid-19\/#primaryimage"},"image":{"@id":"https:\/\/www.ugtcomunicaciones.es\/wordpress\/reunion-seguimiento-covid-19\/#primaryimage"},"thumbnailUrl":"https:\/\/www.ugtcomunicaciones.es\/wordpress\/wp-content\/uploads\/2020\/09\/vuelta_covid.jpg","datePublished":"2020-09-01T13:21:29+00:00","description":"demandamos que se contin\u00fae con las reuniones de seguimiento del COVID 19 Lo m\u00e1s importante es la seguridad y la salud de las personas.","breadcrumb":{"@id":"https:\/\/www.ugtcomunicaciones.es\/wordpress\/reunion-seguimiento-covid-19\/#breadcrumb"},"inLanguage":"es","potentialAction":[{"@type":"ReadAction","target":["https:\/\/www.ugtcomunicaciones.es\/wordpress\/reunion-seguimiento-covid-19\/"]}]},{"@type":"ImageObject","inLanguage":"es","@id":"https:\/\/www.ugtcomunicaciones.es\/wordpress\/reunion-seguimiento-covid-19\/#primaryimage","url":"https:\/\/www.ugtcomunicaciones.es\/wordpress\/wp-content\/uploads\/2020\/09\/vuelta_covid.jpg","contentUrl":"https:\/\/www.ugtcomunicaciones.es\/wordpress\/wp-content\/uploads\/2020\/09\/vuelta_covid.jpg","width":640,"height":435,"caption":"covid"},{"@type":"BreadcrumbList","@id":"https:\/\/www.ugtcomunicaciones.es\/wordpress\/reunion-seguimiento-covid-19\/#breadcrumb","itemListElement":[{"@type":"ListItem","position":1,"name":"Portada","item":"https:\/\/www.ugtcomunicaciones.es\/wordpress\/"},{"@type":"ListItem","position":2,"name":"X reuni\u00f3n de la comisi\u00f3n de seguimiento del COVID 19"}]},{"@type":"WebSite","@id":"https:\/\/www.ugtcomunicaciones.es\/wordpress\/#website","url":"https:\/\/www.ugtcomunicaciones.es\/wordpress\/","name":"UGT Comunicaciones","description":"Sindicato de Telecomunicaciones","publisher":{"@id":"https:\/\/www.ugtcomunicaciones.es\/wordpress\/#organization"},"potentialAction":[{"@type":"SearchAction","target":{"@type":"EntryPoint","urlTemplate":"https:\/\/www.ugtcomunicaciones.es\/wordpress\/?s={search_term_string}"},"query-input":{"@type":"PropertyValueSpecification","valueRequired":true,"valueName":"search_term_string"}}],"inLanguage":"es"},{"@type":"Organization","@id":"https:\/\/www.ugtcomunicaciones.es\/wordpress\/#organization","name":"UGT Comunicaciones","url":"https:\/\/www.ugtcomunicaciones.es\/wordpress\/","logo":{"@type":"ImageObject","inLanguage":"es","@id":"https:\/\/www.ugtcomunicaciones.es\/wordpress\/#\/schema\/logo\/image\/","url":"https:\/\/www.ugtcomunicaciones.es\/wordpress\/wp-content\/uploads\/2024\/04\/comunicaciones_logo.png","contentUrl":"https:\/\/www.ugtcomunicaciones.es\/wordpress\/wp-content\/uploads\/2024\/04\/comunicaciones_logo.png","width":298,"height":81,"caption":"UGT Comunicaciones"},"image":{"@id":"https:\/\/www.ugtcomunicaciones.es\/wordpress\/#\/schema\/logo\/image\/"},"sameAs":["https:\/\/www.facebook.com\/ugt.comunicaciones\/","https:\/\/x.com\/ugtcom"]},{"@type":"Person","@id":"https:\/\/www.ugtcomunicaciones.es\/wordpress\/#\/schema\/person\/eba0fc3fe5b444531d94d4368cba89ed","name":"UGT","image":{"@type":"ImageObject","inLanguage":"es","@id":"https:\/\/secure.gravatar.com\/avatar\/2a16057d620a4c646bcfc171c4f23030879ebbdd346f0525bd5d4a564e57e13d?s=96&d=mm&r=g","url":"https:\/\/secure.gravatar.com\/avatar\/2a16057d620a4c646bcfc171c4f23030879ebbdd346f0525bd5d4a564e57e13d?s=96&d=mm&r=g","contentUrl":"https:\/\/secure.gravatar.com\/avatar\/2a16057d620a4c646bcfc171c4f23030879ebbdd346f0525bd5d4a564e57e13d?s=96&d=mm&r=g","caption":"UGT"}}]}},"_links":{"self":[{"href":"https:\/\/www.ugtcomunicaciones.es\/wordpress\/wp-json\/wp\/v2\/posts\/651602","targetHints":{"allow":["GET"]}}],"collection":[{"href":"https:\/\/www.ugtcomunicaciones.es\/wordpress\/wp-json\/wp\/v2\/posts"}],"about":[{"href":"https:\/\/www.ugtcomunicaciones.es\/wordpress\/wp-json\/wp\/v2\/types\/post"}],"author":[{"embeddable":true,"href":"https:\/\/www.ugtcomunicaciones.es\/wordpress\/wp-json\/wp\/v2\/users\/3"}],"replies":[{"embeddable":true,"href":"https:\/\/www.ugtcomunicaciones.es\/wordpress\/wp-json\/wp\/v2\/comments?post=651602"}],"version-history":[{"count":0,"href":"https:\/\/www.ugtcomunicaciones.es\/wordpress\/wp-json\/wp\/v2\/posts\/651602\/revisions"}],"wp:featuredmedia":[{"embeddable":true,"href":"https:\/\/www.ugtcomunicaciones.es\/wordpress\/wp-json\/wp\/v2\/media\/651617"}],"wp:attachment":[{"href":"https:\/\/www.ugtcomunicaciones.es\/wordpress\/wp-json\/wp\/v2\/media?parent=651602"}],"wp:term":[{"taxonomy":"category","embeddable":true,"href":"https:\/\/www.ugtcomunicaciones.es\/wordpress\/wp-json\/wp\/v2\/categories?post=651602"},{"taxonomy":"post_tag","embeddable":true,"href":"https:\/\/www.ugtcomunicaciones.es\/wordpress\/wp-json\/wp\/v2\/tags?post=651602"}],"curies":[{"name":"wp","href":"https:\/\/api.w.org\/{rel}","templated":true}]}}