{"id":661999,"date":"2020-09-18T10:23:54","date_gmt":"2020-09-18T08:23:54","guid":{"rendered":"https:\/\/www.ugtcomunicaciones.es\/wordpress\/?p=661999"},"modified":"2020-09-18T10:23:54","modified_gmt":"2020-09-18T08:23:54","slug":"xiii-reunion-de-la-comision-de-seguimiento-del-covid-19","status":"publish","type":"post","link":"https:\/\/www.ugtcomunicaciones.es\/wordpress\/xiii-reunion-de-la-comision-de-seguimiento-del-covid-19\/","title":{"rendered":"XIII reuni\u00f3n de la Comisi\u00f3n de seguimiento del COVID 19"},"content":{"rendered":"<p style=\"text-align: justify;\">Nos hemos reunido una vez m\u00e1s, en la <strong>XIII Comisi\u00f3n de Seguimiento del COVID 19<\/strong>, ante la necesidad, para <strong>UGT<\/strong>, de abordar las distintas casu\u00edsticas que los fluctuantes rebrotes de la pandemia puedan imponer en cada territorio para <strong>comprobar la efectividad de las medidas adoptadas o buscar soluciones nuevas si fuera necesario<\/strong>.<\/p>\n<p style=\"text-align: justify;\">La empresa reitera que, a estas alturas, todav\u00eda <strong>sigue siendo alto el absentismo<\/strong> (46%) a la hora de realizar las <strong>pruebas diagn\u00f3sticas del COVID 19, <\/strong>dando lugar a tener que <strong>reagendar 11.400 citas<\/strong>, lo cual <strong>est\u00e1 empezando a colapsar los horarios para que todos puedan hacerse la prueba antes de incorporarse en presencia<\/strong>, y tambi\u00e9n <strong>muy baja la participaci\u00f3n <\/strong>en los <strong>cuestionarios semanales para el seguimiento proactivo de la salud, <\/strong>que resultan muy importantes para evaluar posibles s\u00edntomas relacionados con el COVID-19 y as\u00ed prevenir la posibilidad de contagios.<\/p>\n<p style=\"text-align: justify;\">Sobre <strong>la aplicaci\u00f3n de Quir\u00f3n<\/strong> <strong>Salud<\/strong> nos trasladan que, dado el volumen de usuarios tan elevado que manejan, ha existido una saturaci\u00f3n y colapso en la gesti\u00f3n de la aplicaci\u00f3n, que ha dado lugar a <strong>algunos errores<\/strong> que <strong>ya est\u00e1n subsanados.<\/strong><\/p>\n<p style=\"text-align: justify;\">La empresa traslada adem\u00e1s la incidencia que se est\u00e1 produciendo a la hora de dotar de <strong>teclados y ratones<\/strong> al personal que trabaja en puestos compartidos, por no estar recogi\u00e9ndolos las personas trabajadoras que los tienen asignados.<\/p>\n<p style=\"text-align: justify;\">Finalmente, la empresa <strong>ha respondido algunas de las cuestiones<\/strong> <strong>que desde <\/strong><strong>UGT<\/strong><strong> le hab\u00edamos trasladado<\/strong> en la reuni\u00f3n del 11\/09\/2020.<\/p>\n<p style=\"text-align: justify;\">A nuestra demanda de <strong>que se diese la opci\u00f3n de incorporarse o seguir teletrabajando<\/strong> en los casos en que la persona trabajadora est\u00e9 realizando su actividad <strong>con un ordenador de sobremesa<\/strong>, o que tengan en casa una silla ergon\u00f3mica adaptada y aprobada por SMPRL por patolog\u00edas musculoesquel\u00e9ticas, ante la imposibilidad de trasladar el equipo o la silla cada semana de casa al puesto de trabajo y viceversa, la empresa entiende que la silla la pueden seguir teniendo en casa, aduciendo que, <strong>en las oficinas, las sillas cumplen los est\u00e1ndares ergon\u00f3micos, <\/strong>siendo perfectamente v\u00e1lidas para su uso una semana y, respecto a los ordenadores, <strong>pueden seguir teni\u00e9ndolo en casa, <\/strong>en tanto que en el puesto de trabajo<strong> se les buscar\u00e1 una posici\u00f3n compartida, <\/strong>dot\u00e1ndoles de teclado y rat\u00f3n individual,<strong> manteniendo inflexiblemente que la fecha de incorporaci\u00f3n es la ya establecida.<\/strong><\/p>\n<p style=\"text-align: justify;\">De otro lado, en los casos de realizaci\u00f3n de la <strong>actividad en puestos compartidos<\/strong>, con el fin de garantizar <strong>la limpieza del puesto de trabajo<\/strong> <strong>al realizarse el cambio de turno<\/strong>, respondiendo a la demanda de <strong>UGT<\/strong>, la empresa informa que<strong> ya se est\u00e1 reforzando el personal de limpieza all\u00ed donde existe esta problem\u00e1tica<\/strong>, no obstante, nos piden que, si tenemos conocimiento de alguna situaci\u00f3n concreta en esta materia, la traslademos para atenderla.<\/p>\n<p style=\"text-align: justify;\">Respecto al <strong>descanso para comer<\/strong>, la empresa responde a la pregunta de <strong>UGT<\/strong> se\u00f1alando que <strong>ya<\/strong> <strong>est\u00e1n habilitados los espacios y salas habituales<\/strong> para ello, l\u00f3gicamente<strong> con la restricci\u00f3n del volumen de ocupaci\u00f3n m\u00e1ximo <\/strong>en cada caso.<\/p>\n<p style=\"text-align: justify;\">Sobre nuestra demanda para que<strong>, si un empleado ha tenido que permanecer en cuarentena durante todo o parte sus vacaciones<\/strong><strong>, <\/strong><strong>pueda<\/strong> <strong>recuperar esos d\u00edas m\u00e1s adelante<\/strong><strong>, la <\/strong>empresa responde positivamente a <strong>UGT<\/strong>, indicando que estos casos <strong>se tratar\u00e1n igual que los de cualquier baja que ocurriese en el periodo vacacional.<\/strong><\/p>\n<p style=\"text-align: justify;\">Igualmente, la empresa comparte lo manifestado por <strong>UGT <\/strong>de que <strong>no hay necesidad de reincorporar<\/strong> <strong>al personal que est\u00e1 en procesos de formaci\u00f3n teledid\u00e1ctica,<\/strong> como pueden ser los cursos del CGC u otros,<strong> hasta que hayan finalizado dicha formaci\u00f3n<\/strong>, indic\u00e1ndonos que, si tenemos conocimiento de casos concretos, se los traslademos para solventarlo con el \u00e1rea responsable.<\/p>\n<p style=\"text-align: justify;\">Desde <strong>UGT <\/strong>compartimos la preocupaci\u00f3n por el bajo porcentaje de participaci\u00f3n en la cumplimentaci\u00f3n del cuestionario para el seguimiento de la salud y el alto volumen de reagendaciones en las pruebas Covid-19, entendiendo que<strong> incorporarse sin haber realizado la prueba es un riego para terceros<\/strong>, por lo que <strong>animamos a la realizaci\u00f3n de los Test y a cumplimentar el cuestionario de salud, <\/strong>en la confianza de que la solidaridad y la responsabilidad hacia los compa\u00f1eros y compa\u00f1eras est\u00e1 en el ADN de nuestra empresa.<\/p>\n<p style=\"text-align: justify;\">Finalmente, hemos planteado el hecho de que, en determinadas provincias, como es el caso de Madrid, las Autoridades Sanitarias est\u00e1n anunciando la <strong>posible adopci\u00f3n de medidas restrictivas o de confinamiento<\/strong> de una parte de la ciudad. Desde <strong>UGT<\/strong> creemos que, tal como tenemos acordado en los diferentes acuerdos que hemos firmado en esta Comisi\u00f3n, <strong>en el caso que las Autoridades Sanitarias de cualquier Comunidad marquen un confinamiento<\/strong>, debemos ver en qu\u00e9 y c\u00f3mo afecta a las personas trabajadoras de Telef\u00f3nica y facilitar los medios tanto para cumplir dichas disposiciones como para paliar sus consecuencias.<\/p>\n<p style=\"text-align: justify;\">Concluimos por tanto insistiendo en que,<strong> ante c<\/strong><strong>ualquier cambio que se produzca en cualquier Comunidad, respecto a las disposiciones sociosanitarias frente a la pandemia, deberemos reunirnos de urgencia, para valorar la incidencia y medidas a tomar por parte de esta Comisi\u00f3n.<\/strong><\/p>\n","protected":false},"excerpt":{"rendered":"<p>Nos hemos reunido una vez m\u00e1s, en la XIII Comisi\u00f3n de Seguimiento del COVID 19, ante la necesidad, para UGT, de abordar las distintas casu\u00edsticas que los fluctuantes rebrotes de la pandemia puedan imponer en cada territorio para comprobar la efectividad de las medidas adoptadas o buscar soluciones nuevas si fuera necesario. La empresa reitera [&hellip;]<\/p>\n","protected":false},"author":3,"featured_media":662000,"comment_status":"closed","ping_status":"closed","sticky":false,"template":"","format":"standard","meta":{"footnotes":""},"categories":[8,25,7,26],"tags":[],"class_list":["post-661999","post","type-post","status-publish","format-standard","has-post-thumbnail","hentry","category-telefonica-cev","category-telefonica","category-telefonica-moviles","category-telefonica-soluciones"],"yoast_head":"<!-- This site is optimized with the Yoast SEO Premium plugin v27.3 (Yoast SEO v27.4) - https:\/\/yoast.com\/product\/yoast-seo-premium-wordpress\/ -->\n<title>XIII Comisi\u00f3n seguimiento COVID 19 - UGT Comunicaciones<\/title>\n<meta name=\"description\" content=\"Nos hemos reunido una vez m\u00e1s, en la XIII Comisi\u00f3n de Seguimiento del COVID 19 para comprobar la efectividad de las medidas adoptadas\" \/>\n<meta name=\"robots\" content=\"index, follow, max-snippet:-1, max-image-preview:large, max-video-preview:-1\" \/>\n<link rel=\"canonical\" href=\"https:\/\/www.ugtcomunicaciones.es\/wordpress\/xiii-reunion-de-la-comision-de-seguimiento-del-covid-19\/\" \/>\n<meta property=\"og:locale\" content=\"es_ES\" \/>\n<meta property=\"og:type\" content=\"article\" \/>\n<meta property=\"og:title\" content=\"XIII reuni\u00f3n de la Comisi\u00f3n de seguimiento del COVID 19\" \/>\n<meta property=\"og:description\" content=\"Nos hemos reunido una vez m\u00e1s, en la XIII Comisi\u00f3n de Seguimiento del COVID 19 para comprobar la efectividad de las medidas adoptadas\" \/>\n<meta property=\"og:url\" content=\"https:\/\/www.ugtcomunicaciones.es\/wordpress\/xiii-reunion-de-la-comision-de-seguimiento-del-covid-19\/\" \/>\n<meta property=\"og:site_name\" content=\"UGT Comunicaciones\" \/>\n<meta property=\"article:publisher\" content=\"https:\/\/www.facebook.com\/ugt.comunicaciones\/\" \/>\n<meta property=\"article:published_time\" content=\"2020-09-18T08:23:54+00:00\" \/>\n<meta property=\"og:image\" content=\"https:\/\/www.ugtcomunicaciones.es\/wordpress\/wp-content\/uploads\/2020\/09\/covid-19-4908692_640.jpg\" \/>\n\t<meta property=\"og:image:width\" content=\"640\" \/>\n\t<meta property=\"og:image:height\" content=\"427\" \/>\n\t<meta property=\"og:image:type\" content=\"image\/jpeg\" \/>\n<meta name=\"author\" content=\"UGT\" \/>\n<meta name=\"twitter:card\" content=\"summary_large_image\" \/>\n<meta name=\"twitter:creator\" content=\"@ugtcom\" \/>\n<meta name=\"twitter:site\" content=\"@ugtcom\" \/>\n<meta name=\"twitter:label1\" content=\"Escrito por\" \/>\n\t<meta name=\"twitter:data1\" content=\"UGT\" \/>\n\t<meta name=\"twitter:label2\" content=\"Tiempo de lectura\" \/>\n\t<meta name=\"twitter:data2\" content=\"4 minutos\" \/>\n<script type=\"application\/ld+json\" class=\"yoast-schema-graph\">{\"@context\":\"https:\\\/\\\/schema.org\",\"@graph\":[{\"@type\":\"Article\",\"@id\":\"https:\\\/\\\/www.ugtcomunicaciones.es\\\/wordpress\\\/xiii-reunion-de-la-comision-de-seguimiento-del-covid-19\\\/#article\",\"isPartOf\":{\"@id\":\"https:\\\/\\\/www.ugtcomunicaciones.es\\\/wordpress\\\/xiii-reunion-de-la-comision-de-seguimiento-del-covid-19\\\/\"},\"author\":{\"name\":\"UGT\",\"@id\":\"https:\\\/\\\/www.ugtcomunicaciones.es\\\/wordpress\\\/#\\\/schema\\\/person\\\/eba0fc3fe5b444531d94d4368cba89ed\"},\"headline\":\"XIII reuni\u00f3n de la Comisi\u00f3n de seguimiento del COVID 19\",\"datePublished\":\"2020-09-18T08:23:54+00:00\",\"mainEntityOfPage\":{\"@id\":\"https:\\\/\\\/www.ugtcomunicaciones.es\\\/wordpress\\\/xiii-reunion-de-la-comision-de-seguimiento-del-covid-19\\\/\"},\"wordCount\":878,\"publisher\":{\"@id\":\"https:\\\/\\\/www.ugtcomunicaciones.es\\\/wordpress\\\/#organization\"},\"image\":{\"@id\":\"https:\\\/\\\/www.ugtcomunicaciones.es\\\/wordpress\\\/xiii-reunion-de-la-comision-de-seguimiento-del-covid-19\\\/#primaryimage\"},\"thumbnailUrl\":\"https:\\\/\\\/www.ugtcomunicaciones.es\\\/wordpress\\\/wp-content\\\/uploads\\\/2020\\\/09\\\/covid-19-4908692_640.jpg\",\"articleSection\":[\"Telef\u00f3nica CEV\",\"Telef\u00f3nica de Espa\u00f1a\",\"Telef\u00f3nica M\u00f3viles\",\"Telef\u00f3nica Soluciones\"],\"inLanguage\":\"es\"},{\"@type\":\"WebPage\",\"@id\":\"https:\\\/\\\/www.ugtcomunicaciones.es\\\/wordpress\\\/xiii-reunion-de-la-comision-de-seguimiento-del-covid-19\\\/\",\"url\":\"https:\\\/\\\/www.ugtcomunicaciones.es\\\/wordpress\\\/xiii-reunion-de-la-comision-de-seguimiento-del-covid-19\\\/\",\"name\":\"XIII Comisi\u00f3n seguimiento COVID 19 - UGT Comunicaciones\",\"isPartOf\":{\"@id\":\"https:\\\/\\\/www.ugtcomunicaciones.es\\\/wordpress\\\/#website\"},\"primaryImageOfPage\":{\"@id\":\"https:\\\/\\\/www.ugtcomunicaciones.es\\\/wordpress\\\/xiii-reunion-de-la-comision-de-seguimiento-del-covid-19\\\/#primaryimage\"},\"image\":{\"@id\":\"https:\\\/\\\/www.ugtcomunicaciones.es\\\/wordpress\\\/xiii-reunion-de-la-comision-de-seguimiento-del-covid-19\\\/#primaryimage\"},\"thumbnailUrl\":\"https:\\\/\\\/www.ugtcomunicaciones.es\\\/wordpress\\\/wp-content\\\/uploads\\\/2020\\\/09\\\/covid-19-4908692_640.jpg\",\"datePublished\":\"2020-09-18T08:23:54+00:00\",\"description\":\"Nos hemos reunido una vez m\u00e1s, en la XIII Comisi\u00f3n de Seguimiento del COVID 19 para comprobar la efectividad de las medidas adoptadas\",\"breadcrumb\":{\"@id\":\"https:\\\/\\\/www.ugtcomunicaciones.es\\\/wordpress\\\/xiii-reunion-de-la-comision-de-seguimiento-del-covid-19\\\/#breadcrumb\"},\"inLanguage\":\"es\",\"potentialAction\":[{\"@type\":\"ReadAction\",\"target\":[\"https:\\\/\\\/www.ugtcomunicaciones.es\\\/wordpress\\\/xiii-reunion-de-la-comision-de-seguimiento-del-covid-19\\\/\"]}]},{\"@type\":\"ImageObject\",\"inLanguage\":\"es\",\"@id\":\"https:\\\/\\\/www.ugtcomunicaciones.es\\\/wordpress\\\/xiii-reunion-de-la-comision-de-seguimiento-del-covid-19\\\/#primaryimage\",\"url\":\"https:\\\/\\\/www.ugtcomunicaciones.es\\\/wordpress\\\/wp-content\\\/uploads\\\/2020\\\/09\\\/covid-19-4908692_640.jpg\",\"contentUrl\":\"https:\\\/\\\/www.ugtcomunicaciones.es\\\/wordpress\\\/wp-content\\\/uploads\\\/2020\\\/09\\\/covid-19-4908692_640.jpg\",\"width\":640,\"height\":427},{\"@type\":\"BreadcrumbList\",\"@id\":\"https:\\\/\\\/www.ugtcomunicaciones.es\\\/wordpress\\\/xiii-reunion-de-la-comision-de-seguimiento-del-covid-19\\\/#breadcrumb\",\"itemListElement\":[{\"@type\":\"ListItem\",\"position\":1,\"name\":\"Portada\",\"item\":\"https:\\\/\\\/www.ugtcomunicaciones.es\\\/wordpress\\\/\"},{\"@type\":\"ListItem\",\"position\":2,\"name\":\"XIII reuni\u00f3n de la Comisi\u00f3n de seguimiento del COVID 19\"}]},{\"@type\":\"WebSite\",\"@id\":\"https:\\\/\\\/www.ugtcomunicaciones.es\\\/wordpress\\\/#website\",\"url\":\"https:\\\/\\\/www.ugtcomunicaciones.es\\\/wordpress\\\/\",\"name\":\"UGT Comunicaciones\",\"description\":\"Sindicato de Telecomunicaciones\",\"publisher\":{\"@id\":\"https:\\\/\\\/www.ugtcomunicaciones.es\\\/wordpress\\\/#organization\"},\"potentialAction\":[{\"@type\":\"SearchAction\",\"target\":{\"@type\":\"EntryPoint\",\"urlTemplate\":\"https:\\\/\\\/www.ugtcomunicaciones.es\\\/wordpress\\\/?s={search_term_string}\"},\"query-input\":{\"@type\":\"PropertyValueSpecification\",\"valueRequired\":true,\"valueName\":\"search_term_string\"}}],\"inLanguage\":\"es\"},{\"@type\":\"Organization\",\"@id\":\"https:\\\/\\\/www.ugtcomunicaciones.es\\\/wordpress\\\/#organization\",\"name\":\"UGT Comunicaciones\",\"url\":\"https:\\\/\\\/www.ugtcomunicaciones.es\\\/wordpress\\\/\",\"logo\":{\"@type\":\"ImageObject\",\"inLanguage\":\"es\",\"@id\":\"https:\\\/\\\/www.ugtcomunicaciones.es\\\/wordpress\\\/#\\\/schema\\\/logo\\\/image\\\/\",\"url\":\"https:\\\/\\\/www.ugtcomunicaciones.es\\\/wordpress\\\/wp-content\\\/uploads\\\/2024\\\/04\\\/comunicaciones_logo.png\",\"contentUrl\":\"https:\\\/\\\/www.ugtcomunicaciones.es\\\/wordpress\\\/wp-content\\\/uploads\\\/2024\\\/04\\\/comunicaciones_logo.png\",\"width\":298,\"height\":81,\"caption\":\"UGT Comunicaciones\"},\"image\":{\"@id\":\"https:\\\/\\\/www.ugtcomunicaciones.es\\\/wordpress\\\/#\\\/schema\\\/logo\\\/image\\\/\"},\"sameAs\":[\"https:\\\/\\\/www.facebook.com\\\/ugt.comunicaciones\\\/\",\"https:\\\/\\\/x.com\\\/ugtcom\"]},{\"@type\":\"Person\",\"@id\":\"https:\\\/\\\/www.ugtcomunicaciones.es\\\/wordpress\\\/#\\\/schema\\\/person\\\/eba0fc3fe5b444531d94d4368cba89ed\",\"name\":\"UGT\",\"image\":{\"@type\":\"ImageObject\",\"inLanguage\":\"es\",\"@id\":\"https:\\\/\\\/secure.gravatar.com\\\/avatar\\\/2a16057d620a4c646bcfc171c4f23030879ebbdd346f0525bd5d4a564e57e13d?s=96&d=mm&r=g\",\"url\":\"https:\\\/\\\/secure.gravatar.com\\\/avatar\\\/2a16057d620a4c646bcfc171c4f23030879ebbdd346f0525bd5d4a564e57e13d?s=96&d=mm&r=g\",\"contentUrl\":\"https:\\\/\\\/secure.gravatar.com\\\/avatar\\\/2a16057d620a4c646bcfc171c4f23030879ebbdd346f0525bd5d4a564e57e13d?s=96&d=mm&r=g\",\"caption\":\"UGT\"}}]}<\/script>\n<!-- \/ Yoast SEO Premium plugin. -->","yoast_head_json":{"title":"XIII Comisi\u00f3n seguimiento COVID 19 - UGT Comunicaciones","description":"Nos hemos reunido una vez m\u00e1s, en la XIII Comisi\u00f3n de Seguimiento del COVID 19 para comprobar la efectividad de las medidas adoptadas","robots":{"index":"index","follow":"follow","max-snippet":"max-snippet:-1","max-image-preview":"max-image-preview:large","max-video-preview":"max-video-preview:-1"},"canonical":"https:\/\/www.ugtcomunicaciones.es\/wordpress\/xiii-reunion-de-la-comision-de-seguimiento-del-covid-19\/","og_locale":"es_ES","og_type":"article","og_title":"XIII reuni\u00f3n de la Comisi\u00f3n de seguimiento del COVID 19","og_description":"Nos hemos reunido una vez m\u00e1s, en la XIII Comisi\u00f3n de Seguimiento del COVID 19 para comprobar la efectividad de las medidas adoptadas","og_url":"https:\/\/www.ugtcomunicaciones.es\/wordpress\/xiii-reunion-de-la-comision-de-seguimiento-del-covid-19\/","og_site_name":"UGT Comunicaciones","article_publisher":"https:\/\/www.facebook.com\/ugt.comunicaciones\/","article_published_time":"2020-09-18T08:23:54+00:00","og_image":[{"width":640,"height":427,"url":"https:\/\/www.ugtcomunicaciones.es\/wordpress\/wp-content\/uploads\/2020\/09\/covid-19-4908692_640.jpg","type":"image\/jpeg"}],"author":"UGT","twitter_card":"summary_large_image","twitter_creator":"@ugtcom","twitter_site":"@ugtcom","twitter_misc":{"Escrito por":"UGT","Tiempo de lectura":"4 minutos"},"schema":{"@context":"https:\/\/schema.org","@graph":[{"@type":"Article","@id":"https:\/\/www.ugtcomunicaciones.es\/wordpress\/xiii-reunion-de-la-comision-de-seguimiento-del-covid-19\/#article","isPartOf":{"@id":"https:\/\/www.ugtcomunicaciones.es\/wordpress\/xiii-reunion-de-la-comision-de-seguimiento-del-covid-19\/"},"author":{"name":"UGT","@id":"https:\/\/www.ugtcomunicaciones.es\/wordpress\/#\/schema\/person\/eba0fc3fe5b444531d94d4368cba89ed"},"headline":"XIII reuni\u00f3n de la Comisi\u00f3n de seguimiento del COVID 19","datePublished":"2020-09-18T08:23:54+00:00","mainEntityOfPage":{"@id":"https:\/\/www.ugtcomunicaciones.es\/wordpress\/xiii-reunion-de-la-comision-de-seguimiento-del-covid-19\/"},"wordCount":878,"publisher":{"@id":"https:\/\/www.ugtcomunicaciones.es\/wordpress\/#organization"},"image":{"@id":"https:\/\/www.ugtcomunicaciones.es\/wordpress\/xiii-reunion-de-la-comision-de-seguimiento-del-covid-19\/#primaryimage"},"thumbnailUrl":"https:\/\/www.ugtcomunicaciones.es\/wordpress\/wp-content\/uploads\/2020\/09\/covid-19-4908692_640.jpg","articleSection":["Telef\u00f3nica CEV","Telef\u00f3nica de Espa\u00f1a","Telef\u00f3nica M\u00f3viles","Telef\u00f3nica Soluciones"],"inLanguage":"es"},{"@type":"WebPage","@id":"https:\/\/www.ugtcomunicaciones.es\/wordpress\/xiii-reunion-de-la-comision-de-seguimiento-del-covid-19\/","url":"https:\/\/www.ugtcomunicaciones.es\/wordpress\/xiii-reunion-de-la-comision-de-seguimiento-del-covid-19\/","name":"XIII Comisi\u00f3n seguimiento COVID 19 - UGT Comunicaciones","isPartOf":{"@id":"https:\/\/www.ugtcomunicaciones.es\/wordpress\/#website"},"primaryImageOfPage":{"@id":"https:\/\/www.ugtcomunicaciones.es\/wordpress\/xiii-reunion-de-la-comision-de-seguimiento-del-covid-19\/#primaryimage"},"image":{"@id":"https:\/\/www.ugtcomunicaciones.es\/wordpress\/xiii-reunion-de-la-comision-de-seguimiento-del-covid-19\/#primaryimage"},"thumbnailUrl":"https:\/\/www.ugtcomunicaciones.es\/wordpress\/wp-content\/uploads\/2020\/09\/covid-19-4908692_640.jpg","datePublished":"2020-09-18T08:23:54+00:00","description":"Nos hemos reunido una vez m\u00e1s, en la XIII Comisi\u00f3n de Seguimiento del COVID 19 para comprobar la efectividad de las medidas adoptadas","breadcrumb":{"@id":"https:\/\/www.ugtcomunicaciones.es\/wordpress\/xiii-reunion-de-la-comision-de-seguimiento-del-covid-19\/#breadcrumb"},"inLanguage":"es","potentialAction":[{"@type":"ReadAction","target":["https:\/\/www.ugtcomunicaciones.es\/wordpress\/xiii-reunion-de-la-comision-de-seguimiento-del-covid-19\/"]}]},{"@type":"ImageObject","inLanguage":"es","@id":"https:\/\/www.ugtcomunicaciones.es\/wordpress\/xiii-reunion-de-la-comision-de-seguimiento-del-covid-19\/#primaryimage","url":"https:\/\/www.ugtcomunicaciones.es\/wordpress\/wp-content\/uploads\/2020\/09\/covid-19-4908692_640.jpg","contentUrl":"https:\/\/www.ugtcomunicaciones.es\/wordpress\/wp-content\/uploads\/2020\/09\/covid-19-4908692_640.jpg","width":640,"height":427},{"@type":"BreadcrumbList","@id":"https:\/\/www.ugtcomunicaciones.es\/wordpress\/xiii-reunion-de-la-comision-de-seguimiento-del-covid-19\/#breadcrumb","itemListElement":[{"@type":"ListItem","position":1,"name":"Portada","item":"https:\/\/www.ugtcomunicaciones.es\/wordpress\/"},{"@type":"ListItem","position":2,"name":"XIII reuni\u00f3n de la Comisi\u00f3n de seguimiento del COVID 19"}]},{"@type":"WebSite","@id":"https:\/\/www.ugtcomunicaciones.es\/wordpress\/#website","url":"https:\/\/www.ugtcomunicaciones.es\/wordpress\/","name":"UGT Comunicaciones","description":"Sindicato de Telecomunicaciones","publisher":{"@id":"https:\/\/www.ugtcomunicaciones.es\/wordpress\/#organization"},"potentialAction":[{"@type":"SearchAction","target":{"@type":"EntryPoint","urlTemplate":"https:\/\/www.ugtcomunicaciones.es\/wordpress\/?s={search_term_string}"},"query-input":{"@type":"PropertyValueSpecification","valueRequired":true,"valueName":"search_term_string"}}],"inLanguage":"es"},{"@type":"Organization","@id":"https:\/\/www.ugtcomunicaciones.es\/wordpress\/#organization","name":"UGT Comunicaciones","url":"https:\/\/www.ugtcomunicaciones.es\/wordpress\/","logo":{"@type":"ImageObject","inLanguage":"es","@id":"https:\/\/www.ugtcomunicaciones.es\/wordpress\/#\/schema\/logo\/image\/","url":"https:\/\/www.ugtcomunicaciones.es\/wordpress\/wp-content\/uploads\/2024\/04\/comunicaciones_logo.png","contentUrl":"https:\/\/www.ugtcomunicaciones.es\/wordpress\/wp-content\/uploads\/2024\/04\/comunicaciones_logo.png","width":298,"height":81,"caption":"UGT Comunicaciones"},"image":{"@id":"https:\/\/www.ugtcomunicaciones.es\/wordpress\/#\/schema\/logo\/image\/"},"sameAs":["https:\/\/www.facebook.com\/ugt.comunicaciones\/","https:\/\/x.com\/ugtcom"]},{"@type":"Person","@id":"https:\/\/www.ugtcomunicaciones.es\/wordpress\/#\/schema\/person\/eba0fc3fe5b444531d94d4368cba89ed","name":"UGT","image":{"@type":"ImageObject","inLanguage":"es","@id":"https:\/\/secure.gravatar.com\/avatar\/2a16057d620a4c646bcfc171c4f23030879ebbdd346f0525bd5d4a564e57e13d?s=96&d=mm&r=g","url":"https:\/\/secure.gravatar.com\/avatar\/2a16057d620a4c646bcfc171c4f23030879ebbdd346f0525bd5d4a564e57e13d?s=96&d=mm&r=g","contentUrl":"https:\/\/secure.gravatar.com\/avatar\/2a16057d620a4c646bcfc171c4f23030879ebbdd346f0525bd5d4a564e57e13d?s=96&d=mm&r=g","caption":"UGT"}}]}},"_links":{"self":[{"href":"https:\/\/www.ugtcomunicaciones.es\/wordpress\/wp-json\/wp\/v2\/posts\/661999","targetHints":{"allow":["GET"]}}],"collection":[{"href":"https:\/\/www.ugtcomunicaciones.es\/wordpress\/wp-json\/wp\/v2\/posts"}],"about":[{"href":"https:\/\/www.ugtcomunicaciones.es\/wordpress\/wp-json\/wp\/v2\/types\/post"}],"author":[{"embeddable":true,"href":"https:\/\/www.ugtcomunicaciones.es\/wordpress\/wp-json\/wp\/v2\/users\/3"}],"replies":[{"embeddable":true,"href":"https:\/\/www.ugtcomunicaciones.es\/wordpress\/wp-json\/wp\/v2\/comments?post=661999"}],"version-history":[{"count":0,"href":"https:\/\/www.ugtcomunicaciones.es\/wordpress\/wp-json\/wp\/v2\/posts\/661999\/revisions"}],"wp:featuredmedia":[{"embeddable":true,"href":"https:\/\/www.ugtcomunicaciones.es\/wordpress\/wp-json\/wp\/v2\/media\/662000"}],"wp:attachment":[{"href":"https:\/\/www.ugtcomunicaciones.es\/wordpress\/wp-json\/wp\/v2\/media?parent=661999"}],"wp:term":[{"taxonomy":"category","embeddable":true,"href":"https:\/\/www.ugtcomunicaciones.es\/wordpress\/wp-json\/wp\/v2\/categories?post=661999"},{"taxonomy":"post_tag","embeddable":true,"href":"https:\/\/www.ugtcomunicaciones.es\/wordpress\/wp-json\/wp\/v2\/tags?post=661999"}],"curies":[{"name":"wp","href":"https:\/\/api.w.org\/{rel}","templated":true}]}}