{"id":673777,"date":"2020-10-05T12:00:18","date_gmt":"2020-10-05T10:00:18","guid":{"rendered":"https:\/\/www.ugtcomunicaciones.es\/wordpress\/?p=673777"},"modified":"2020-10-14T09:34:16","modified_gmt":"2020-10-14T07:34:16","slug":"transposicion-directiva-iorp-ii","status":"publish","type":"post","link":"https:\/\/www.ugtcomunicaciones.es\/wordpress\/transposicion-directiva-iorp-ii\/","title":{"rendered":"Transposici\u00f3n Directiva IORP II"},"content":{"rendered":"<p style=\"text-align: justify;\">En virtud del Real Decreto 738\/2020, de 4 de agosto, publicado en el BOE, en fecha 7 de agosto de este a\u00f1o se procede a la transposici\u00f3n de la Directiva 2016\/2341 de 14 de diciembre de 2016 de la Uni\u00f3n Europea, relativa a las actividades y supervisi\u00f3n de los fondos de pensiones de empleo y como consecuencia de esta transposici\u00f3n se modifica el reglamento de planes y fondos de pensiones que fue aprobado por Real Decreto 304\/2004 de 20 de febrero.<\/p>\n<p style=\"text-align: justify;\">La Directiva 2016\/2341 del Parlamento y Consejo Europeo, tambi\u00e9n conocida como Directiva IORP II, aborda la materia relativa a las actividades y la supervisi\u00f3n de los fondos de pensiones de empleo, con una di\u00e1fana finalidad de mejorar la transparencia y la seguridad de precitados fondos de pensiones.<\/p>\n<p style=\"text-align: justify;\">Alineado con los anteriores objetivos, el Real Decreto 738\/2020, regula diversas materias relacionadas con la informaci\u00f3n a los potenciales part\u00edcipes, part\u00edcipes y beneficiarios, requisitos que deben de reunir las personas que efectivamente ejercen la direcci\u00f3n, as\u00ed como las funciones clave en el sistema de gobierno de los fondos de pensiones, y la evaluaci\u00f3n interna de riesgos y externalizaci\u00f3n de actividades. Al mismo tiempo, se concreta obligaciones para las entidades gestoras direccionadas a facilitar informaci\u00f3n que redundan e incrementan en las garant\u00edas y derechos de los potenciales part\u00edcipes, part\u00edcipes y beneficiarios.<\/p>\n<p style=\"text-align: justify;\">De esta manera y centr\u00e1ndonos en los fondos de pensiones de empleos, la nueva regulaci\u00f3n en las materias que se se\u00f1ala, es la que se detalla a continuaci\u00f3n:<\/p>\n<p style=\"text-align: justify;\"><strong><u>Especificaciones del plan de pensiones:<\/u><\/strong><\/p>\n<p><img decoding=\"async\" class=\"size-medium wp-image-90698 aligncenter lazyload\" data-src=\"https:\/\/www.ugtcomunicaciones.es\/wordpress\/wp-content\/uploads\/2018\/01\/prejubilacion-300x169.jpg\" alt=\"\" width=\"300\" height=\"169\" data-srcset=\"https:\/\/www.ugtcomunicaciones.es\/wordpress\/wp-content\/uploads\/2018\/01\/prejubilacion-300x169.jpg 300w, https:\/\/www.ugtcomunicaciones.es\/wordpress\/wp-content\/uploads\/2018\/01\/prejubilacion.jpg 620w\" data-sizes=\"(max-width: 300px) 100vw, 300px\" src=\"data:image\/svg+xml;base64,PHN2ZyB3aWR0aD0iMSIgaGVpZ2h0PSIxIiB4bWxucz0iaHR0cDovL3d3dy53My5vcmcvMjAwMC9zdmciPjwvc3ZnPg==\" style=\"--smush-placeholder-width: 300px; --smush-placeholder-aspect-ratio: 300\/169;\" \/><\/p>\n<p style=\"text-align: justify;\">En las descripciones del plan de pensiones se ha de determinar:<\/p>\n<p style=\"text-align: justify;\">Las normas relativas a las altas y bajas de los part\u00edcipes.<\/p>\n<p style=\"text-align: justify;\">La movilidad de los derechos consolidados, estableci\u00e9ndose el procedimiento de transferencia de los derechos consolidados correspondientes al part\u00edcipe y, en su caso, de los derechos econ\u00f3micos correspondientes al beneficiario, as\u00ed como se indicar\u00e1 las condiciones que rigen el tratamiento de los derechos consolidados que se mantengan en el plan despu\u00e9s del cese de la relaci\u00f3n laboral y las posibilidades de movilizaci\u00f3n.<\/p>\n<p style=\"text-align: justify;\"><strong><u>Determinaci\u00f3n de los derechos consolidados y econ\u00f3micos:<\/u><\/strong><\/p>\n<p style=\"text-align: justify;\"><img decoding=\"async\" class=\"size-medium wp-image-673795 alignleft lazyload\" data-src=\"https:\/\/www.ugtcomunicaciones.es\/wordpress\/wp-content\/uploads\/2020\/10\/retirement-3585585_1920-300x247.png\" alt=\"\" width=\"300\" height=\"247\" data-srcset=\"https:\/\/www.ugtcomunicaciones.es\/wordpress\/wp-content\/uploads\/2020\/10\/retirement-3585585_1920-300x247.png 300w, https:\/\/www.ugtcomunicaciones.es\/wordpress\/wp-content\/uploads\/2020\/10\/retirement-3585585_1920-510x420.png 510w, https:\/\/www.ugtcomunicaciones.es\/wordpress\/wp-content\/uploads\/2020\/10\/retirement-3585585_1920.png 600w\" data-sizes=\"(max-width: 300px) 100vw, 300px\" src=\"data:image\/svg+xml;base64,PHN2ZyB3aWR0aD0iMSIgaGVpZ2h0PSIxIiB4bWxucz0iaHR0cDovL3d3dy53My5vcmcvMjAwMC9zdmciPjwvc3ZnPg==\" style=\"--smush-placeholder-width: 300px; --smush-placeholder-aspect-ratio: 300\/247;\" \/>Con periodicidad anual, la entidad gestora del fondo de pensiones en el que el plan se encuentre integrado facilitar\u00e1 a cada part\u00edcipe certificaci\u00f3n sobre las aportaciones, directas o imputadas, realizadas en cada a\u00f1o natural y el valor, al final del a\u00f1o natural, de sus derechos consolidados.<\/p>\n<p style=\"text-align: justify;\">La revisi\u00f3n del plan de pensiones, con car\u00e1cter general, ha de reflejar el siguiente contenido m\u00ednimo:<\/p>\n<ul style=\"text-align: justify;\">\n<li>Aspectos actuariales:<\/li>\n<li>Descripci\u00f3n de los aspectos fundamentales del plan.<\/li>\n<li>Datos del colectivo valorado.<\/li>\n<li>Metodolog\u00eda actuarial.<\/li>\n<li>Hip\u00f3tesis utilizadas.<\/li>\n<li>An\u00e1lisis de las aportaciones, prestaciones y derechos consolidados y econ\u00f3micos.<\/li>\n<li>Resultados y an\u00e1lisis de las valoraciones actuariales.<\/li>\n<li>An\u00e1lisis de la cuenta de posici\u00f3n del plan.<\/li>\n<li>An\u00e1lisis de la solvencia del plan.<\/li>\n<li>Proyecciones efectuadas hasta la pr\u00f3xima revisi\u00f3n actuarial.<\/li>\n<li>Evaluaci\u00f3n de las necesidades globales de financiaci\u00f3n del plan de pensiones, incluida la descripci\u00f3n del plan de financiaci\u00f3n, si fuera aplicable.<\/li>\n<li>Evaluaci\u00f3n de los riesgos para los part\u00edcipes y beneficiarios en relaci\u00f3n con el pago de sus prestaciones de jubilaci\u00f3n y la eficacia de cualquier medida correctora, teniendo en cuenta, cuando proceda, los mecanismos de indexaci\u00f3n y los mecanismos de reducci\u00f3n de las prestaciones, en particular la medida en que pueden reducirse los derechos de pensi\u00f3n adquiridos, en qu\u00e9 condiciones y por parte de qui\u00e9n.<\/li>\n<li>Evaluaci\u00f3n cualitativa de los mecanismos de protecci\u00f3n de las pensiones de jubilaci\u00f3n, incluidos, cuando proceda, las garant\u00edas, los compromisos y cualquier otro tipo de apoyo financiero por parte de la empresa promotora, en su caso, en favor del plan de pensiones, de los part\u00edcipes y beneficiarios, y la cobertura a trav\u00e9s un plan de financiaci\u00f3n o de la contrataci\u00f3n de seguros u otras garant\u00edas.<\/li>\n<li>Conclusiones y recomendaciones.<\/li>\n<\/ul>\n<p style=\"text-align: justify;\">&#8211;\u00a0\u00a0\u00a0\u00a0\u00a0\u00a0\u00a0\u00a0\u00a0\u00a0\u00a0\u00a0 Aspectos financieros:<\/p>\n<ul style=\"text-align: justify;\">\n<li>Criterios b\u00e1sicos de la pol\u00edtica de inversiones fijada por la comisi\u00f3n de control.<\/li>\n<li>Caracter\u00edsticas de los activos que integran la cartera.<\/li>\n<li>Establecimiento de \u00edndices de referencia que reflejen la pol\u00edtica y la estrategia de inversi\u00f3n.<\/li>\n<li>An\u00e1lisis de las posibles desviaciones respecto de los \u00edndices de referencia.<\/li>\n<li>Pol\u00edticas de gesti\u00f3n y distribuci\u00f3n de activos seg\u00fan criterios de rentabilidad y riesgo y la adecuaci\u00f3n de estas pol\u00edticas a los objetivos y caracter\u00edsticas de cada plan.<\/li>\n<li>An\u00e1lisis de sensibilidad de las inversiones.<\/li>\n<li>An\u00e1lisis de la duraci\u00f3n de las carteras y de la congruencia de plazos respecto de las obligaciones de cada plan.<\/li>\n<li>Cuando en las decisiones de inversi\u00f3n se tengan en cuenta factores ambientales, sociales y de gobierno, una evaluaci\u00f3n cualitativa de los riesgos nuevos o emergentes, incluidos los riesgos relacionados con el cambio clim\u00e1tico, la utilizaci\u00f3n de los recursos y el medio ambiente, los riesgos sociales y los riesgos relacionados con la depreciaci\u00f3n de los activos derivada del cambio reglamentario.<\/li>\n<li>Proyecciones efectuadas hasta la pr\u00f3xima revisi\u00f3n.<\/li>\n<li>Conclusiones y recomendaciones.<\/li>\n<li>Evaluaci\u00f3n de la metodolog\u00eda e hip\u00f3tesis utilizadas para determinar las previsiones recogidas en la declaraci\u00f3n de las prestaciones de pensi\u00f3n.<\/li>\n<\/ul>\n<p style=\"text-align: justify;\"><strong><u>Informaci\u00f3n a part\u00edcipes y beneficiarios de planes de empleo.<\/u><\/strong><\/p>\n<p style=\"text-align: justify;\"><img decoding=\"async\" class=\"size-medium wp-image-673797 alignleft lazyload\" data-src=\"https:\/\/www.ugtcomunicaciones.es\/wordpress\/wp-content\/uploads\/2020\/10\/business-618371_1920-300x221.jpg\" alt=\"\" width=\"300\" height=\"221\" data-srcset=\"https:\/\/www.ugtcomunicaciones.es\/wordpress\/wp-content\/uploads\/2020\/10\/business-618371_1920-300x221.jpg 300w, https:\/\/www.ugtcomunicaciones.es\/wordpress\/wp-content\/uploads\/2020\/10\/business-618371_1920-571x420.jpg 571w, https:\/\/www.ugtcomunicaciones.es\/wordpress\/wp-content\/uploads\/2020\/10\/business-618371_1920-80x60.jpg 80w, https:\/\/www.ugtcomunicaciones.es\/wordpress\/wp-content\/uploads\/2020\/10\/business-618371_1920-100x75.jpg 100w, https:\/\/www.ugtcomunicaciones.es\/wordpress\/wp-content\/uploads\/2020\/10\/business-618371_1920.jpg 640w\" data-sizes=\"(max-width: 300px) 100vw, 300px\" src=\"data:image\/svg+xml;base64,PHN2ZyB3aWR0aD0iMSIgaGVpZ2h0PSIxIiB4bWxucz0iaHR0cDovL3d3dy53My5vcmcvMjAwMC9zdmciPjwvc3ZnPg==\" style=\"--smush-placeholder-width: 300px; --smush-placeholder-aspect-ratio: 300\/221;\" \/>La entidad gestora o en su caso el promotor o la comisi\u00f3n de control del plan, deber\u00e1n facilitar a los part\u00edcipes, potenciales part\u00edcipes y beneficiarios informaci\u00f3n adecuada sobre el plan de pensiones.<\/p>\n<p style=\"text-align: justify;\">Se deber\u00e1 elaborar y poner a disposici\u00f3n de los part\u00edcipes, potenciales part\u00edcipes y beneficiarios un documento de informaci\u00f3n general sobre el plan de pensiones con el siguiente contenido m\u00ednimo:<\/p>\n<p style=\"text-align: justify;\">&#8211;\u00a0\u00a0 Definici\u00f3n del plan de pensiones de empleo.<\/p>\n<p style=\"text-align: justify;\">&#8211;\u00a0 Denominaci\u00f3n y modalidad del plan de pensiones y n\u00famero identificativo en el registro especial.<\/p>\n<p style=\"text-align: justify;\">&#8211;\u00a0\u00a0 Denominaci\u00f3n del fondo de pensiones y n\u00famero identificativo en el registro especial.<\/p>\n<p style=\"text-align: justify;\">&#8211;\u00a0\u00a0 Denominaci\u00f3n y domicilio social del promotor del plan y de las entidades gestora y depositaria del fondo, as\u00ed como el n\u00famero identificativo de dichas entidades en los registros especiales correspondientes.<\/p>\n<p style=\"text-align: justify;\">&#8211; R\u00e9gimen de aportaciones y contingencias cubiertas, con especial referencia a las personas sin posibilidad de acceso a la jubilaci\u00f3n. En su caso, se indicar\u00e1 la posibilidad de continuar realizando aportaciones tras el acaecimiento de las contingencias de jubilaci\u00f3n, incapacidad y dependencia pudiendo solicitar el cobro de la prestaci\u00f3n con posterioridad. Se indicar\u00e1n los l\u00edmites de las aportaciones, con advertencia de las sanciones administrativas previstas en el texto refundido de la Ley de Regulaci\u00f3n de Planes y Fondos de Pensiones por incumplimiento de los citados l\u00edmites.<\/p>\n<p style=\"text-align: justify;\">&#8211;\u00a0 Referencia, en su caso, a los supuestos excepcionales de liquidez o disposici\u00f3n anticipada.<\/p>\n<p style=\"text-align: justify;\">&#8211; \u00a0Car\u00e1cter no reembolsable de los derechos consolidados en tanto no se produzcan las circunstancias que permiten el cobro.<\/p>\n<p style=\"text-align: justify;\">&#8211; \u00a0R\u00e9gimen de las prestaciones, especificando las formas de cobro, posibles beneficiarios y procedimiento para la solicitud de las prestaciones por parte del beneficiario, con especial referencia a la fecha de valoraci\u00f3n de los derechos consolidados, as\u00ed como, en caso de cobros parciales, el criterio para seleccionar las aportaciones de las que derivan los derechos consolidados o econ\u00f3micos objeto de cobro, y en su caso, grado de aseguramiento o garant\u00eda de las prestaciones con identificaci\u00f3n de la denominaci\u00f3n y domicilio de la entidad aseguradora o garante.<\/p>\n<p style=\"text-align: justify;\">&#8211; \u00a0Movilidad de los derechos consolidados, en su caso, e indicaciones sobre el c\u00e1lculo del derecho consolidado, condiciones, procedimientos y plazos para la movilizaci\u00f3n de derechos consolidados, indicando la fecha de valoraci\u00f3n de los derechos a estos efectos, as\u00ed como, en caso de movilizaciones parciales, el criterio para seleccionar las aportaciones de las que derivan los derechos consolidados o econ\u00f3micos objeto de traspaso y se incluir\u00e1 indicaci\u00f3n de las condiciones que rigen el tratamiento de los derechos consolidados que se mantengan en el plan despu\u00e9s del cese de la relaci\u00f3n laboral.<\/p>\n<p style=\"text-align: justify;\">&#8211; \u00a0Descripci\u00f3n de la pol\u00edtica de inversi\u00f3n con informaci\u00f3n sobre la forma en que los factores ambientales, clim\u00e1ticos, sociales y de gobierno se tienen en cuenta en la estrategia de inversi\u00f3n en los t\u00e9rminos establecidos en la declaraci\u00f3n de principios de la pol\u00edtica de inversi\u00f3n.<\/p>\n<p style=\"text-align: justify;\">&#8211; Naturaleza de los riesgos financieros asumidos por los part\u00edcipes y beneficiarios.<\/p>\n<p style=\"text-align: justify;\">&#8211; Informaci\u00f3n sobre las rentabilidades hist\u00f3ricas ajustada a lo dispuesto en el \u00faltimo informe trimestral publicado.<\/p>\n<p style=\"text-align: justify;\">&#8211; Comisiones y gastos.<\/p>\n<p style=\"text-align: justify;\">&#8211; Indicaci\u00f3n del tipo de relaci\u00f3n que vincula a la entidad gestora con el depositario.<\/p>\n<p style=\"text-align: justify;\">&#8211; Referencia a los procedimientos adoptados para evitar los conflictos de inter\u00e9s y sobre las operaciones vinculadas realizadas.<\/p>\n<p style=\"text-align: justify;\">&#8211; Legislaci\u00f3n aplicable y r\u00e9gimen fiscal.<\/p>\n<p style=\"text-align: justify;\">&#8211; Referencia a los medios de acceso a la informaci\u00f3n y documentaci\u00f3n relativa al plan y al fondo de pensiones de acuerdo con la vigente normativa.<\/p>\n<p style=\"text-align: justify;\">El documento de informaci\u00f3n general sobre el plan de pensiones, as\u00ed como las especificaciones del plan, las normas de funcionamiento del fondo, la declaraci\u00f3n de los principios de la pol\u00edtica de inversi\u00f3n del fondo de pensiones y el reglamento interno de conducta deber\u00e1n estar actualizados y a disposici\u00f3n de los part\u00edcipes, potenciales part\u00edcipes y beneficiarios, de modo que puedan acceder a dichos documentos de forma gratuita por medios electr\u00f3nicos, incluidos un soporte duradero o un sitio web, y si as\u00ed lo solicita expresamente el interesado, se le facilitar\u00e1 en papel.<\/p>\n<p style=\"text-align: justify;\">Se entender\u00e1 por soporte duradero todo instrumento que permita al part\u00edcipe almacenar la informaci\u00f3n, de modo que pueda recuperarla f\u00e1cilmente durante un tiempo adecuado para los fines a los que la informaci\u00f3n est\u00e9 destinada y que permita la reproducci\u00f3n sin cambios.<\/p>\n<p style=\"text-align: justify;\">La puesta a disposici\u00f3n de los referidos documentos deber\u00e1 realizarla la entidad gestora, o bien, podr\u00e1 asumirla el promotor del plan o la comisi\u00f3n de control del mismo.<\/p>\n<p style=\"text-align: justify;\">Para la incorporaci\u00f3n de los potenciales part\u00edcipes al plan de pensiones se les facilitar\u00e1 el acceso a los citados documentos en la forma se\u00f1alada en el p\u00e1rrafo anterior.<\/p>\n<p style=\"text-align: justify;\">La utilizaci\u00f3n de boletines de adhesi\u00f3n para incorporarse al plan de pensiones, que ser\u00e1 opcional en las adhesiones individuales si as\u00ed se acuerda entre la empresa y la Representaci\u00f3n de los Trabajadores. En el caso de no utilizarse boletines individuales de adhesi\u00f3n, se facilitar\u00e1 al part\u00edcipe un certificado de pertenencia al plan.<\/p>\n<p style=\"text-align: justify;\">Con periodicidad al menos anual, la entidad gestora del fondo de pensiones en el que el plan se encuentre integrado facilitar\u00e1 a cada part\u00edcipe de los planes de empleo una certificaci\u00f3n sobre las aportaciones, directas o imputadas, realizadas en cada a\u00f1o natural y el valor, al final del a\u00f1o natural, de sus derechos consolidados en el plan, distingui\u00e9ndose la parte correspondiente a aportaciones realizadas antes del 1 de enero de 2007, si las hubiere.<\/p>\n<p style=\"text-align: justify;\">En el caso de que las especificaciones del plan de pensiones de empleo prevean la posibilidad de disposici\u00f3n anticipada de derechos consolidados correspondientes a aportaciones realizadas con al menos diez a\u00f1os de antig\u00fcedad, la certificaci\u00f3n deber\u00e1 indicar la cuant\u00eda del derecho consolidado al final del a\u00f1o natural susceptible de hacerse efectivo por dicho supuesto de disposici\u00f3n anticipada.<\/p>\n<p style=\"text-align: justify;\">Las especificaciones podr\u00e1n prever plazos inferiores al se\u00f1alado anteriormente para remitir dicha informaci\u00f3n.<\/p>\n<p style=\"text-align: justify;\">Esta certificaci\u00f3n deber\u00e1 contener un resumen sobre la determinaci\u00f3n de las contingencias cubiertas, el destino de las aportaciones y las reglas de incompatibilidad sobre aquellas, as\u00ed como indicaci\u00f3n de las condiciones que rigen el tratamiento de los derechos consolidados que se mantengan en el plan despu\u00e9s del cese de la relaci\u00f3n laboral y las posibilidades de movilizaci\u00f3n.<\/p>\n<p style=\"text-align: justify;\">En su caso, la certificaci\u00f3n indicar\u00e1 la cuant\u00eda de los excesos de aportaci\u00f3n del part\u00edcipe advertidos sobre los m\u00e1ximos establecidos y el deber de comunicar el medio para el abono de la devoluci\u00f3n.<\/p>\n<p style=\"text-align: justify;\">Asimismo, con periodicidad al menos anual, la entidad gestora deber\u00e1 suministrar un documento denominado \u2018\u2018declaraci\u00f3n de las prestaciones de pensi\u00f3n\u2019\u2019, con informaci\u00f3n relevante, exacta y actualizada, para cada part\u00edcipe teniendo en cuenta la legislaci\u00f3n aplicable, que incluir\u00e1 como m\u00ednimo, la siguiente informaci\u00f3n:<\/p>\n<ul style=\"text-align: justify;\">\n<li>Los datos personales del part\u00edcipe, incluida una indicaci\u00f3n clara de la edad de jubilaci\u00f3n.<\/li>\n<\/ul>\n<ul style=\"text-align: justify;\">\n<li>El nombre del fondo de pensiones de empleo y su direcci\u00f3n de contacto, as\u00ed como la identificaci\u00f3n del plan de pensiones del part\u00edcipe.<\/li>\n<\/ul>\n<ul style=\"text-align: justify;\">\n<li>Cuando corresponda, la informaci\u00f3n relativa a garant\u00edas totales o parciales previstas en el plan de pensiones y, si procede, d\u00f3nde puede consultarse informaci\u00f3n adicional al respecto.<\/li>\n<\/ul>\n<ul style=\"text-align: justify;\">\n<li>Informaci\u00f3n sobre las previsiones de prestaciones de pensi\u00f3n basadas en la edad de jubilaci\u00f3n, y una limitaci\u00f3n de responsabilidad en el sentido de que estas previsiones pueden diferir del valor final de las prestaciones recibidas. Si las previsiones de prestaciones de pensi\u00f3n se basan en estimaciones econ\u00f3micas, dicha informaci\u00f3n tambi\u00e9n deber\u00e1 incluir el mejor de los casos estimados, as\u00ed como una estimaci\u00f3n desfavorable, teniendo en cuenta la naturaleza espec\u00edfica del plan de pensiones. Asimismo, atendiendo a la naturaleza de cada plan de pensiones, la informaci\u00f3n sobre las previsiones de pensi\u00f3n se formular\u00e1 considerando la complementariedad respecto de las pensiones p\u00fablicas.<\/li>\n<\/ul>\n<ul style=\"text-align: justify;\">\n<li>Informaci\u00f3n sobre las contribuciones empresariales y las aportaciones de los part\u00edcipes durante los doce meses anteriores a la fecha a la que se refiere la informaci\u00f3n.<\/li>\n<\/ul>\n<p style=\"text-align: justify;\">&#8211;\u00a0\u00a0\u00a0\u00a0\u00a0 Informaci\u00f3n sobre los derechos consolidados.<\/p>\n<ul>\n<li style=\"text-align: justify;\">Un desglose de los costes deducidos por el fondo de pensiones de empleo durante los \u00faltimos doce meses, como m\u00ednimo.<\/li>\n<li style=\"text-align: justify;\">Informaci\u00f3n sobre el nivel de financiaci\u00f3n del plan de pensiones en su conjunto.<\/li>\n<li style=\"text-align: justify;\">Fecha exacta a que se refiere la informaci\u00f3n, figurando de forma destacada.<\/li>\n<\/ul>\n<p style=\"text-align: justify;\">Se indicar\u00e1 con claridad toda modificaci\u00f3n significativa de la informaci\u00f3n contenida en la declaraci\u00f3n de las prestaciones de pensi\u00f3n con respecto al a\u00f1o anterior.<\/p>\n<p style=\"text-align: justify;\">Corresponder\u00e1 a la Direcci\u00f3n General de Seguros y Fondos de Pensiones mediante circular establecer las normas para determinar el c\u00e1lculo a efectos de la informaci\u00f3n de la pensi\u00f3n en funci\u00f3n de la edad de jubilaci\u00f3n. Dichas normas incluir\u00e1n los criterios para determinar la edad o edades de jubilaci\u00f3n y forma de las prestaciones utilizables y, en su caso, la tasa anual de rendimiento nominal de las inversiones, la tasa de inflaci\u00f3n anual y la tendencia de los salarios futuros.<\/p>\n<p style=\"text-align: justify;\">&#8211; Con periodicidad semestral, las entidades gestoras deber\u00e1n facilitar a los part\u00edcipes y beneficiarios de los planes de pensiones de empleo informaci\u00f3n sobre la evoluci\u00f3n y situaci\u00f3n de sus derechos econ\u00f3micos en el plan, as\u00ed como extremos que pudieran afectarles, especialmente las modificaciones normativas, cambios en las especificaciones del plan, de las normas de funcionamiento del fondo de pensiones o de su pol\u00edtica de inversiones, y de las comisiones de gesti\u00f3n y dep\u00f3sito.<\/p>\n<p style=\"text-align: justify;\">La informaci\u00f3n semestral contendr\u00e1 un estado-resumen de la evoluci\u00f3n y situaci\u00f3n de los activos del fondo, los costes y la rentabilidad obtenida, e informar\u00e1, en su caso, sobre la contrataci\u00f3n de la gesti\u00f3n con terceras entidades.<\/p>\n<p style=\"text-align: justify;\">La informaci\u00f3n a suministrar en materia de rentabilidad se referir\u00e1 a la obtenida por el plan de pensiones en el \u00faltimo ejercicio econ\u00f3mico, la rentabilidad acumulada en el ejercicio hasta la fecha a la que se refiere la informaci\u00f3n y la rentabilidad media anual de los tres, cinco, diez y quince \u00faltimos ejercicios econ\u00f3micos.<\/p>\n<p style=\"text-align: justify;\">Asimismo, deber\u00e1 ponerse a disposici\u00f3n de part\u00edcipes y beneficiarios, la totalidad de los gastos del fondo de pensiones, en la parte que sean imputables al plan, y los gastos propios del plan, expresados en porcentaje sobre la cuenta de posici\u00f3n.<\/p>\n<p style=\"text-align: justify;\">-Tambi\u00e9n las entidades gestoras deber\u00e1n poner a disposici\u00f3n de los part\u00edcipes y beneficiarios de los planes de pensiones de empleo, al menos con car\u00e1cter trimestral, la informaci\u00f3n peri\u00f3dica prevista en los cuatros p\u00e1rrafos precedentes, as\u00ed como las informaciones relacionadas con los procedimientos adoptados para evitar los conflictos de inter\u00e9s y sobre las operaciones vinculadas realizadas en la forma y con el detalle que la Ley del Mercado de Valores y su normativa de desarrollo determinen, as\u00ed como manifestar en el bolet\u00edn de adhesi\u00f3n y en la informaci\u00f3n trimestral a facilitar a part\u00edcipes y beneficiarios, el tipo exacto de relaci\u00f3n que le vincula al depositario.<\/p>\n<p style=\"text-align: justify;\">&#8211; A petici\u00f3n del part\u00edcipe se le deber\u00e1 facilitar la siguiente informaci\u00f3n adicional:<\/p>\n<p style=\"text-align: justify;\">&#8211; Informaci\u00f3n detallada sobre las opciones de pago de prestaciones disponibles a la hora de percibir sus prestaciones de jubilaci\u00f3n.<\/p>\n<p style=\"text-align: justify;\">&#8211; Informaci\u00f3n adicional acerca de las hip\u00f3tesis utilizadas para generar las previsiones de las pensiones.<\/p>\n<p style=\"text-align: justify;\">&#8211; Con car\u00e1cter general, la informaci\u00f3n peri\u00f3dica se facilitar\u00e1 a los part\u00edcipes y beneficiarios de forma gratuita por medios electr\u00f3nicos, incluidos un soporte duradero o un sitio web. Cuando el part\u00edcipe o beneficiario lo solicite expresamente, mediante escrito debidamente firmado o por cualquier otro medio del que quede constancia, la informaci\u00f3n se le entregar\u00e1 en papel.<\/p>\n<p style=\"text-align: justify;\">En su caso, el part\u00edcipe o beneficiario deber\u00e1 indicar una direcci\u00f3n electr\u00f3nica para la remisi\u00f3n de la informaci\u00f3n peri\u00f3dica, desde la que podr\u00e1, asimismo, comunicar su renuncia a la utilizaci\u00f3n de la v\u00eda telem\u00e1tica a trav\u00e9s de la direcci\u00f3n electr\u00f3nica facilitada por la entidad gestora o a trav\u00e9s de su web o en la de su grupo.<\/p>\n<p style=\"text-align: justify;\">La remisi\u00f3n o puesta a disposici\u00f3n de la informaci\u00f3n semestral o trimestral se realizar\u00e1 en el mes siguiente a la finalizaci\u00f3n del periodo de referencia.<\/p>\n<p style=\"text-align: justify;\">Asimismo, la entidad gestora del fondo de pensiones deber\u00e1 poner a disposici\u00f3n de los part\u00edcipes y beneficiarios las cuentas anuales y el informe de gesti\u00f3n del fondo de pensiones de forma gratuita por medios electr\u00f3nicos, incluidos un soporte duradero o un sitio web, o en papel en el caso de haberlo solicitado expresamente.<\/p>\n<p style=\"text-align: justify;\">&#8211; Se atribuye a la Direcci\u00f3n General de Seguros y Fondos de Pensiones, la potestad de regular el contenido detallado y formato de la informaci\u00f3n que se ha de facilitar a los part\u00edcipes potenciales, los part\u00edcipes y los beneficiarios, as\u00ed como establecer modelos normalizados al objeto de permitir la comparaci\u00f3n entre planes de pensiones. Tambi\u00e9n tendr\u00e1 la posibilidad de definir el m\u00e9todo de c\u00e1lculo de la rentabilidad, as\u00ed como determinar el grado de desagregaci\u00f3n de las diferentes partidas de gastos correspondientes a cada plan en la informaci\u00f3n a part\u00edcipes potenciales, part\u00edcipes y beneficiarios.<\/p>\n<p style=\"text-align: justify;\"><strong><u>Principios generales de las inversiones<\/u><\/strong><\/p>\n<ul style=\"text-align: justify;\">\n<li>La comisi\u00f3n de control del fondo de pensiones deber\u00e1 ejercer, en beneficio exclusivo de los part\u00edcipes y beneficiarios, todos los derechos inherentes a los valores integrados en el fondo.<\/li>\n<\/ul>\n<p style=\"text-align: justify;\">Dichos derechos los ejercer\u00e1 la comisi\u00f3n de control del fondo, directamente, o a trav\u00e9s de la entidad gestora, que seguir\u00e1 las indicaciones de dicha comisi\u00f3n o lo dispuesto en las normas de funcionamiento del fondo. Si se contrata la gesti\u00f3n de activos del fondo con un gestor de activos, podr\u00e1 encomendarse a este el ejercicio de derechos inherentes a los valores, incluidos los pol\u00edticos, en los t\u00e9rminos previstos en el contrato y teniendo en cuenta lo previsto en los estatutos de las sociedades emisoras.<\/p>\n<p style=\"text-align: justify;\">Los derechos de participaci\u00f3n y voto en las juntas y asambleas generales tambi\u00e9n deber\u00e1n ejercerse cuando los valores integrados en el fondo tuvieran relevancia cuantitativa y car\u00e1cter estable, salvo que existan motivos que justifiquen el no ejercicio de tales derechos y se informe de ello en el correspondiente informe de gesti\u00f3n anual del fondo de pensiones.<\/p>\n<p style=\"text-align: justify;\">En el informe de gesti\u00f3n anual del fondo de pensiones se dejar\u00e1 constancia de la pol\u00edtica relativa al ejercicio de los derechos pol\u00edticos de participaci\u00f3n y voto en las juntas y asambleas generales inherentes a los valores integrados en el fondo de pensiones.<\/p>\n<ul style=\"text-align: justify;\">\n<li>Trat\u00e1ndose de fondos de pensiones de empleo, las comisiones de control de los fondos o, en su caso, las entidades gestoras de estos, deber\u00e1n desarrollar y poner en conocimiento del p\u00fablico una pol\u00edtica de implicaci\u00f3n que describa c\u00f3mo se implica el fondo de pensiones como accionista en su estrategia de inversi\u00f3n en acciones de sociedades que est\u00e9n admitidas a negociaci\u00f3n en un mercado regulado que est\u00e9 situado u opere en un Estado miembro de la Uni\u00f3n Europea.<\/li>\n<\/ul>\n<p style=\"text-align: justify;\">La referida pol\u00edtica indicar\u00e1 c\u00f3mo supervisan a las sociedades en las que invierten en lo referente, al menos, a la estrategia, el rendimiento financiero y no financiero, los riesgos, la estructura del capital, el impacto social y medioambiental y el gobierno corporativo. Dicha pol\u00edtica tambi\u00e9n describir\u00e1 c\u00f3mo se relacionan con las sociedades en las que invierten, ejercen, en su caso, los derechos de voto y otros derechos asociados a las acciones, cooperan con otros accionistas, se comunican con accionistas significativos y gestionan conflictos de inter\u00e9s reales y potenciales en relaci\u00f3n con su implicaci\u00f3n.<\/p>\n<p style=\"text-align: justify;\">En el caso de que la comisi\u00f3n de control del fondo ejerza directamente los derechos de voto en las juntas generales, el cumplimento de las obligaciones establecidas en este apartado ser\u00e1 responsabilidad de la misma, sin perjuicio de la posibilidad de que encomiende dichas obligaciones a la entidad gestora, previo acuerdo en el que se detallar\u00e1n sus t\u00e9rminos y condiciones. Cuando la pol\u00edtica de implicaci\u00f3n del fondo, incluido el ejercicio del derecho al voto, se desarrolle a trav\u00e9s de un gestor de activos, corresponder\u00e1 al gestor de activos cumplimentar las obligaciones previstas en este apartado de acuerdo con los t\u00e9rminos previstos en el contrato.<\/p>\n<p style=\"text-align: justify;\">Con car\u00e1cter anual, las comisiones de control de los fondos de empleo o, en su caso, las entidades gestoras de estos, publicar\u00e1n informaci\u00f3n sobre c\u00f3mo han aplicado la pol\u00edtica de implicaci\u00f3n a la que se refieren los p\u00e1rrafos anteriores, incluyendo una descripci\u00f3n general de su comportamiento en relaci\u00f3n con sus derechos de voto, una explicaci\u00f3n de las votaciones m\u00e1s importantes en las que hayan participado, y, en su caso, la utilizaci\u00f3n de los servicios de asesores de voto.<\/p>\n<p style=\"text-align: justify;\">Asimismo, publicar\u00e1n, con car\u00e1cter anual, el sentido de su voto en las juntas generales de las sociedades en las que el fondo de pensiones posee las referidas acciones, en caso de haberse ejercido. Dicha publicaci\u00f3n podr\u00e1 excluir las votaciones que son inmateriales debido al objeto de la votaci\u00f3n o al tama\u00f1o de la participaci\u00f3n en la sociedad.<\/p>\n<p style=\"text-align: justify;\">La pol\u00edtica de implicaci\u00f3n y la informaci\u00f3n mencionada en los p\u00e1rrafos anteriores estar\u00e1n disponibles p\u00fablicamente de forma gratuita en el sitio web de la entidad gestora o en el de su grupo, o a trav\u00e9s de otros medios que sean f\u00e1cilmente accesibles en l\u00ednea. Cuando la pol\u00edtica de implicaci\u00f3n del fondo, incluido el ejercicio del derecho al voto, se desarrolle a trav\u00e9s de un gestor de activos, deber\u00e1 indicarse el lugar en el que el gestor ha publicado la informaci\u00f3n relativa al ejercicio del derecho al voto.<\/p>\n<p style=\"text-align: justify;\">Las comisiones de control de los fondos de pensiones de empleo y, en su caso, las entidades gestoras de estos y los gestores de activos, que no se ajusten a los requisitos establecidos en los p\u00e1rrafos anteriores deber\u00e1n publicar una explicaci\u00f3n clara y motivada sobre las razones por las que han decidido no cumplirlos. Esta explicaci\u00f3n estar\u00e1 disponible p\u00fablicamente de forma gratuita en el sitio web de la gestora o en el de su grupo o a trav\u00e9s de otros medios que sean f\u00e1cilmente accesibles en l\u00ednea.<\/p>\n<p style=\"text-align: justify;\">Las comisiones de control de los fondos de pensiones de empleo y, en su caso, las entidades gestoras de fondos de pensiones de empleo y los gestores de activos, adoptar\u00e1n medidas razonables para detectar, impedir, gestionar y controlar los conflictos de inter\u00e9s que pudieran surgir en el \u00e1mbito de las actividades de implicaci\u00f3n, y, si estas no fueran suficientes, deber\u00e1n publicar informaci\u00f3n clara sobre la naturaleza general o el origen de los conflictos de intereses antes de actuar por cuenta del fondo de pensiones y desarrollar pol\u00edticas y procedimientos adecuados.<\/p>\n<p style=\"text-align: justify;\"><strong><u>Publicidad relativa a la estrategia de inversi\u00f3n y a los acuerdos con los gestores de activos de los fondos de pensiones de empleo.<\/u><\/strong><\/p>\n<ul style=\"text-align: justify;\">\n<li>La comisi\u00f3n de control del fondo de pensiones de empleo, con la participaci\u00f3n de la entidad gestora, elaborar\u00e1 por escrito una declaraci\u00f3n de la estrategia de inversi\u00f3n a largo plazo que contendr\u00e1 informaci\u00f3n relativa a c\u00f3mo los elementos principales de la estrategia de inversi\u00f3n del fondo en acciones de sociedades que est\u00e9n admitidas a negociaci\u00f3n en un mercado regulado que est\u00e9 situado u opere en un Estado miembro de la Uni\u00f3n Europea, son coherentes con el perfil y la duraci\u00f3n de los pasivos del fondo de pensiones, en particular de sus pasivos a largo plazo, y la manera en que contribuyen al rendimiento a medio y largo plazo de sus activos. Se informar\u00e1 de los indicadores clave y m\u00e9tricas del desempe\u00f1o considerados y de los resultados de sus evaluaciones y mediciones ambientales, sociales y de buen gobierno en los que fundamentan su pol\u00edtica de implicaci\u00f3n.<\/li>\n<\/ul>\n<p style=\"text-align: justify;\">Esta informaci\u00f3n deber\u00e1 ponerse en conocimiento del p\u00fablico.<\/p>\n<p style=\"text-align: justify;\">La comisi\u00f3n de control informar\u00e1 en el informe de gesti\u00f3n anual sobre la pol\u00edtica de implicaci\u00f3n que haya desarrollado, de los indicadores clave y de sus m\u00e9tricas del desempe\u00f1o considerados, de los resultados de sus mediciones de los aspectos medioambientales, sociales y de gobierno corporativo que consideren.<\/p>\n<p style=\"text-align: justify;\">&#8211; Cuando las inversiones del fondo de pensiones de empleo sean realizadas en nombre del fondo a trav\u00e9s de un gestor de activos, la entidad gestora del fondo y la comisi\u00f3n de control, deber\u00e1 publicar la siguiente informaci\u00f3n:<\/p>\n<ul style=\"text-align: justify;\">\n<li>la manera en que el acuerdo que se ha suscrito con el gestor de activos incentiva a este a adaptar su estrategia y sus decisiones de inversi\u00f3n al perfil y la duraci\u00f3n de los pasivos del fondo de pensiones y, en particular, a los pasivos a largo plazo.<\/li>\n<li>c\u00f3mo el acuerdo suscrito con el gestor de activos incentiva a este a adoptar sus decisiones de inversi\u00f3n bas\u00e1ndose en evaluaciones del rendimiento financiero y no financiero a medio y largo plazo de las sociedades en las que invierte y a implicarse en las mismas con el objeto de mejorar su rendimiento a medio y largo plazo.<\/li>\n<li>la forma en la que el m\u00e9todo y el horizonte temporal de la evaluaci\u00f3n del rendimiento del gestor de activos y su remuneraci\u00f3n por estos servicios son conformes con el perfil y la duraci\u00f3n de los pasivos del fondo de pensiones, en particular, los pasivos a largo plazo, y tienen en cuenta el rendimiento absoluto a largo plazo.<\/li>\n<li>c\u00f3mo se controlan los costes de rotaci\u00f3n de la cartera en que ha incurrido el gestor de activos y la forma en que se define y controla la rotaci\u00f3n o el intervalo de rotaci\u00f3n de una cartera espec\u00edfica.<\/li>\n<li>la duraci\u00f3n del acuerdo con el gestor de activos.<\/li>\n<\/ul>\n<p style=\"text-align: justify;\">&#8211; Cuando el acuerdo con el gestor de activos no contenga uno o varios de los elementos anteriores deber\u00e1 justificarse mediante una explicaci\u00f3n clara y motivada.<\/p>\n<p style=\"text-align: justify;\">&#8211; La informaci\u00f3n deber\u00e1 actualizarse anualmente, salvo que no se haya producido ning\u00fan cambio significativo. En caso de utilizaci\u00f3n de servicios de asesores de voto se publicar\u00e1n los criterios medioambientales, sociales y de buen gobierno aplicados en la elaboraci\u00f3n de estas recomendaciones y se explicar\u00e1n espec\u00edficamente aquellos casos en los que no se hayan seguido sus recomendaciones.<\/p>\n<p style=\"text-align: justify;\">&#8211; La informaci\u00f3n estar\u00e1 disponible p\u00fablicamente de forma gratuita en el sitio web de la entidad gestora o en el de su grupo, o a trav\u00e9s de otros medios que sean f\u00e1cilmente accesibles en l\u00ednea.<\/p>\n<p style=\"text-align: justify;\"><strong><u>Contrataci\u00f3n de planes de pensiones<\/u><\/strong><\/p>\n<p><img decoding=\"async\" class=\"size-medium wp-image-673815 aligncenter lazyload\" data-src=\"https:\/\/www.ugtcomunicaciones.es\/wordpress\/wp-content\/uploads\/2020\/10\/seniors-4379905_1920-300x200.jpg\" alt=\"\" width=\"300\" height=\"200\" data-srcset=\"https:\/\/www.ugtcomunicaciones.es\/wordpress\/wp-content\/uploads\/2020\/10\/seniors-4379905_1920-300x200.jpg 300w, https:\/\/www.ugtcomunicaciones.es\/wordpress\/wp-content\/uploads\/2020\/10\/seniors-4379905_1920-1024x683.jpg 1024w, https:\/\/www.ugtcomunicaciones.es\/wordpress\/wp-content\/uploads\/2020\/10\/seniors-4379905_1920-768x512.jpg 768w, https:\/\/www.ugtcomunicaciones.es\/wordpress\/wp-content\/uploads\/2020\/10\/seniors-4379905_1920-1536x1024.jpg 1536w, https:\/\/www.ugtcomunicaciones.es\/wordpress\/wp-content\/uploads\/2020\/10\/seniors-4379905_1920-630x420.jpg 630w, https:\/\/www.ugtcomunicaciones.es\/wordpress\/wp-content\/uploads\/2020\/10\/seniors-4379905_1920-537x360.jpg 537w, https:\/\/www.ugtcomunicaciones.es\/wordpress\/wp-content\/uploads\/2020\/10\/seniors-4379905_1920-640x427.jpg 640w, https:\/\/www.ugtcomunicaciones.es\/wordpress\/wp-content\/uploads\/2020\/10\/seniors-4379905_1920-681x454.jpg 681w, https:\/\/www.ugtcomunicaciones.es\/wordpress\/wp-content\/uploads\/2020\/10\/seniors-4379905_1920.jpg 1920w\" data-sizes=\"(max-width: 300px) 100vw, 300px\" src=\"data:image\/svg+xml;base64,PHN2ZyB3aWR0aD0iMSIgaGVpZ2h0PSIxIiB4bWxucz0iaHR0cDovL3d3dy53My5vcmcvMjAwMC9zdmciPjwvc3ZnPg==\" style=\"--smush-placeholder-width: 300px; --smush-placeholder-aspect-ratio: 300\/200;\" \/><\/p>\n<p style=\"text-align: justify;\">&#8211; La contrataci\u00f3n de un plan de pensiones se formalizar\u00e1 mediante un documento o bolet\u00edn de adhesi\u00f3n suscrito por el part\u00edcipe conjuntamente con el promotor del plan, la gestora y depositaria.<\/p>\n<p style=\"text-align: justify;\">Lo anterior se entender\u00e1 sin perjuicio de que la comercializaci\u00f3n se realice directamente por la entidad gestora, o de conformidad a la normativa vigente, con las personas o entidades que hayan suscrito un acuerdo de comercializaci\u00f3n con aquella.<\/p>\n<p style=\"text-align: justify;\">No ser\u00e1n de cuenta del part\u00edcipe suscriptor del plan de pensiones los gastos inherentes a la contrataci\u00f3n del plan ni las remuneraciones o comisiones establecidas por los servicios de comercializaci\u00f3n o mediaci\u00f3n en aquella.<\/p>\n<p style=\"text-align: justify;\">En ning\u00fan caso podr\u00e1n emitirse boletines o documentos de adhesi\u00f3n a un plan de pensiones que incorporen la contrataci\u00f3n de operaciones no previstas.<\/p>\n<p style=\"text-align: justify;\">&#8211; El bolet\u00edn de adhesi\u00f3n para los planes de pensiones de empleo contendr\u00e1 informaci\u00f3n, al menos, sobre los siguientes extremos:<\/p>\n<p style=\"text-align: justify;\">&#8211; La denominaci\u00f3n, sistema y modalidad del plan de pensiones.<\/p>\n<p style=\"text-align: justify;\">-La denominaci\u00f3n del fondo y n\u00famero identificativo en el registro especial.<\/p>\n<p style=\"text-align: justify;\">-La denominaci\u00f3n y domicilio social del promotor del plan, as\u00ed como de la gestora y depositaria del fondo correspondiente con su n\u00famero identificativo en los registros especiales correspondientes.<\/p>\n<p style=\"text-align: justify;\">&#8211; La legislaci\u00f3n aplicable al contrato, con especial referencia a la normativa fiscal.<\/p>\n<p style=\"text-align: justify;\">-R\u00e9gimen de aportaciones y contingencias cubiertas, se\u00f1alando, en las que as\u00ed proceda, que se determinar\u00e1n conforme al r\u00e9gimen de la Seguridad Social aplicable al part\u00edcipe.<\/p>\n<p style=\"text-align: justify;\">-El bolet\u00edn deber\u00e1 contener espacios para la designaci\u00f3n de beneficiarios en caso de fallecimiento del part\u00edcipe, advirtiendo de que los designados deben ser en todo caso personas f\u00edsicas.<\/p>\n<p style=\"text-align: justify;\">-Instancias de reclamaci\u00f3n utilizables en caso de litigio.<\/p>\n<p style=\"text-align: justify;\">-Se destacar\u00e1n de modo especial las siguientes indicaciones:<\/p>\n<ul style=\"text-align: justify;\">\n<li>Se reflejar\u00e1 claramente el car\u00e1cter no reembolsable del derecho consolidado hasta la producci\u00f3n de alguna de las contingencias cubiertas o, en su caso, en los supuestos excepcionales de liquidez o disposici\u00f3n anticipada.<\/li>\n<\/ul>\n<ul style=\"text-align: justify;\">\n<li>Se indicar\u00e1n los medios electr\u00f3nicos a trav\u00e9s de los cuales el part\u00edcipe podr\u00e1 acceder en cualquier momento al contenido del documento de informaci\u00f3n general, de las especificaciones del plan de pensiones y de las normas de funcionamiento del fondo, a la declaraci\u00f3n de la pol\u00edtica de inversi\u00f3n, a la informaci\u00f3n peri\u00f3dica, y otros documentos que deban hallarse a disposici\u00f3n de los part\u00edcipes y beneficiarios. En su caso, el bolet\u00edn de adhesi\u00f3n deber\u00e1 contener un espacio espec\u00edfico para la designaci\u00f3n de la cuenta de correo electr\u00f3nico a la que se le remitir\u00e1 la informaci\u00f3n.<\/li>\n<\/ul>\n<ul style=\"text-align: justify;\">\n<li>Indicaci\u00f3n del derecho del part\u00edcipe a solicitar el suministro en papel de la informaci\u00f3n y documentos correspondientes al plan y al fondo de pensiones, as\u00ed como a revocar en cualquier momento la elecci\u00f3n realizada sobre la forma de suministro y a elegir otra distinta dentro de las disponibles.<\/li>\n<\/ul>\n<ul style=\"text-align: justify;\">\n<li>La emisi\u00f3n de boletines de adhesi\u00f3n individuales ser\u00e1 opcional, seg\u00fan lo acordado por la empresa con la representaci\u00f3n de los trabajadores, pudiendo realizarse la incorporaci\u00f3n del trabajador al plan mediante boletines colectivos o directamente por la comisi\u00f3n promotora o de control y siempre que el potencial part\u00edcipe no haya solicitado por escrito su exclusi\u00f3n.<\/li>\n<\/ul>\n<p style=\"text-align: justify;\">En todo caso, se facilitar\u00e1 a cada part\u00edcipe incorporado que lo solicite un certificado de pertenencia al plan.<\/p>\n<p style=\"text-align: justify;\">-La contrataci\u00f3n de planes de pensiones podr\u00e1 realizarse por v\u00eda electr\u00f3nica.<\/p>\n<p style=\"text-align: justify;\">-La administraci\u00f3n correspondiente podr\u00e1 establecer especialidades y limitaciones con respecto a las normas que, con car\u00e1cter general, regulan la contrataci\u00f3n por v\u00eda electr\u00f3nica, atendiendo a las particularidades que pudieren resultar de la contrataci\u00f3n de los planes de pensiones y de sus part\u00edcipes y podr\u00e1 dictar normas de desarrollo en la medida que lo estime necesario para fomentar los procedimientos y formalidades de contrataci\u00f3n m\u00e1s adecuados en inter\u00e9s de los usuarios.<\/p>\n<p style=\"text-align: justify;\">Como se ha transcrito con anterioridad, el Real Decreto 738\/2020 ha acometido una reforma de diversas materias que afectan a los fondos y planes de pensiones, en asuntos como abordar la comunicaci\u00f3n e informaci\u00f3n que han de recibir los part\u00edcipes, tanto potenciales como efectivos, y los beneficiarios, se imponen nuevas obligaciones a la entidad gestora y a la comisi\u00f3n de control, como se ha de acometer la evaluaci\u00f3n de los riesgos internos, cuales son los principios generales que han de presidir las inversiones que se efect\u00faen, y se articula el procedimiento de la revisi\u00f3n del plan de pensiones.<\/p>\n<p style=\"text-align: justify;\">En resumen, es una reforma normativa, que para UGT viene a reforzar las garant\u00edas y los derechos de los part\u00edcipes y beneficiarios, y que se adecua a la finalidad de los planes de pensiones de empleo de complementar nuestras futuras pensiones.<\/p>\n<p style=\"text-align: justify;\">Pero esta reforma, no es aplicable de manera inmediata, sino que se establece un periodo transitorio m\u00e1ximo de seis meses desde la entrada en vigor del Real Decreto 738\/2020 (8 de agosto de 2020) para implementar las medidas que en el Real Decreto se establece, a excepci\u00f3n del plazo para elaborar e informar a los part\u00edcipes y beneficiarios la primera declaraci\u00f3n de las prestaciones de pensi\u00f3n, en el que plazo se determinara por la Direcci\u00f3n General de Seguros y Fondos de Pensiones. El plazo m\u00e1ximo de seis meses se aplicar\u00e1 a la:<\/p>\n<ul style=\"text-align: justify;\">\n<li>Informaci\u00f3n a part\u00edcipes y beneficiarios. Dentro del plazo de seis meses se tendr\u00e1 que informar adecuadamente a los part\u00edcipes y beneficiarios del derecho a elegir la forma de suministro de la informaci\u00f3n.<\/li>\n<\/ul>\n<ul style=\"text-align: justify;\">\n<li>Adaptaci\u00f3n de los boletines de adhesi\u00f3n a las nuevas incorporaciones a los planes de empleo ya existentes. Para estos planes de pensiones de empleo, se ha de confeccionar y poner a disposici\u00f3n de los part\u00edcipes, potenciales y efectivos, as\u00ed como de los beneficiarios, el documento con el contenido m\u00ednimo relativo a la informaci\u00f3n general del plan.<\/li>\n<\/ul>\n<ul style=\"text-align: justify;\">\n<li>Primera evaluaci\u00f3n interna de riesgos.Pol\u00edtica de implicaci\u00f3n del fondo de pensiones como accionista en su estrategia de inversi\u00f3n en acciones de sociedades que est\u00e9n admitidas a negociaci\u00f3n en un mercado regulado que est\u00e9 situado u opere en un Estado miembro de la Uni\u00f3n Europea.<\/li>\n<li>Publicidad relativa a la estrategia de inversi\u00f3n y a los acuerdos con los gestores de activos de los fondos de pensiones de empleo.<\/li>\n<li>Contrato de gesti\u00f3n de activos.<\/li>\n<\/ul>\n","protected":false},"excerpt":{"rendered":"<p>En virtud del Real Decreto 738\/2020, de 4 de agosto, publicado en el BOE, en fecha 7 de agosto de este a\u00f1o se procede a la transposici\u00f3n de la Directiva 2016\/2341 de 14 de diciembre de 2016 de la Uni\u00f3n Europea, relativa a las actividades y supervisi\u00f3n de los fondos de pensiones de empleo y [&hellip;]<\/p>\n","protected":false},"author":3,"featured_media":673792,"comment_status":"closed","ping_status":"closed","sticky":false,"template":"","format":"standard","meta":{"footnotes":""},"categories":[8,25,7,26],"tags":[],"class_list":["post-673777","post","type-post","status-publish","format-standard","has-post-thumbnail","hentry","category-telefonica-cev","category-telefonica","category-telefonica-moviles","category-telefonica-soluciones"],"yoast_head":"<!-- This site is optimized with the Yoast SEO Premium plugin v27.3 (Yoast SEO v27.4) - https:\/\/yoast.com\/product\/yoast-seo-premium-wordpress\/ -->\n<title>Transposici\u00f3n Directiva IORP II - UGT Comunicaciones<\/title>\n<meta name=\"robots\" content=\"index, follow, max-snippet:-1, max-image-preview:large, max-video-preview:-1\" \/>\n<link rel=\"canonical\" href=\"https:\/\/www.ugtcomunicaciones.es\/wordpress\/transposicion-directiva-iorp-ii\/\" \/>\n<meta property=\"og:locale\" content=\"es_ES\" \/>\n<meta property=\"og:type\" content=\"article\" \/>\n<meta property=\"og:title\" content=\"Transposici\u00f3n Directiva IORP II\" \/>\n<meta property=\"og:description\" content=\"En virtud del Real Decreto 738\/2020, de 4 de agosto, publicado en el BOE, en fecha 7 de agosto de este a\u00f1o se procede a la transposici\u00f3n de la Directiva 2016\/2341 de 14 de diciembre de 2016 de la Uni\u00f3n Europea, relativa a las actividades y supervisi\u00f3n de los fondos de pensiones de empleo y [&hellip;]\" \/>\n<meta property=\"og:url\" content=\"https:\/\/www.ugtcomunicaciones.es\/wordpress\/transposicion-directiva-iorp-ii\/\" \/>\n<meta property=\"og:site_name\" content=\"UGT Comunicaciones\" \/>\n<meta property=\"article:publisher\" content=\"https:\/\/www.facebook.com\/ugt.comunicaciones\/\" \/>\n<meta property=\"article:published_time\" content=\"2020-10-05T10:00:18+00:00\" \/>\n<meta property=\"article:modified_time\" content=\"2020-10-14T07:34:16+00:00\" \/>\n<meta property=\"og:image\" content=\"https:\/\/www.ugtcomunicaciones.es\/wordpress\/wp-content\/uploads\/2020\/10\/man-2546100_1920.jpg\" \/>\n\t<meta property=\"og:image:width\" content=\"1920\" \/>\n\t<meta property=\"og:image:height\" content=\"547\" \/>\n\t<meta property=\"og:image:type\" content=\"image\/jpeg\" \/>\n<meta name=\"author\" content=\"UGT\" \/>\n<meta name=\"twitter:card\" content=\"summary_large_image\" \/>\n<meta name=\"twitter:creator\" content=\"@ugtcom\" \/>\n<meta name=\"twitter:site\" content=\"@ugtcom\" \/>\n<meta name=\"twitter:label1\" content=\"Escrito por\" \/>\n\t<meta name=\"twitter:data1\" content=\"UGT\" \/>\n\t<meta name=\"twitter:label2\" content=\"Tiempo de lectura\" \/>\n\t<meta name=\"twitter:data2\" content=\"30 minutos\" \/>\n<script type=\"application\/ld+json\" class=\"yoast-schema-graph\">{\"@context\":\"https:\\\/\\\/schema.org\",\"@graph\":[{\"@type\":\"Article\",\"@id\":\"https:\\\/\\\/www.ugtcomunicaciones.es\\\/wordpress\\\/transposicion-directiva-iorp-ii\\\/#article\",\"isPartOf\":{\"@id\":\"https:\\\/\\\/www.ugtcomunicaciones.es\\\/wordpress\\\/transposicion-directiva-iorp-ii\\\/\"},\"author\":{\"name\":\"UGT\",\"@id\":\"https:\\\/\\\/www.ugtcomunicaciones.es\\\/wordpress\\\/#\\\/schema\\\/person\\\/eba0fc3fe5b444531d94d4368cba89ed\"},\"headline\":\"Transposici\u00f3n Directiva IORP II\",\"datePublished\":\"2020-10-05T10:00:18+00:00\",\"dateModified\":\"2020-10-14T07:34:16+00:00\",\"mainEntityOfPage\":{\"@id\":\"https:\\\/\\\/www.ugtcomunicaciones.es\\\/wordpress\\\/transposicion-directiva-iorp-ii\\\/\"},\"wordCount\":5947,\"publisher\":{\"@id\":\"https:\\\/\\\/www.ugtcomunicaciones.es\\\/wordpress\\\/#organization\"},\"image\":{\"@id\":\"https:\\\/\\\/www.ugtcomunicaciones.es\\\/wordpress\\\/transposicion-directiva-iorp-ii\\\/#primaryimage\"},\"thumbnailUrl\":\"https:\\\/\\\/www.ugtcomunicaciones.es\\\/wordpress\\\/wp-content\\\/uploads\\\/2020\\\/10\\\/man-2546100_1920.jpg\",\"articleSection\":[\"Telef\u00f3nica CEV\",\"Telef\u00f3nica de Espa\u00f1a\",\"Telef\u00f3nica M\u00f3viles\",\"Telef\u00f3nica Soluciones\"],\"inLanguage\":\"es\"},{\"@type\":\"WebPage\",\"@id\":\"https:\\\/\\\/www.ugtcomunicaciones.es\\\/wordpress\\\/transposicion-directiva-iorp-ii\\\/\",\"url\":\"https:\\\/\\\/www.ugtcomunicaciones.es\\\/wordpress\\\/transposicion-directiva-iorp-ii\\\/\",\"name\":\"Transposici\u00f3n Directiva IORP II - UGT Comunicaciones\",\"isPartOf\":{\"@id\":\"https:\\\/\\\/www.ugtcomunicaciones.es\\\/wordpress\\\/#website\"},\"primaryImageOfPage\":{\"@id\":\"https:\\\/\\\/www.ugtcomunicaciones.es\\\/wordpress\\\/transposicion-directiva-iorp-ii\\\/#primaryimage\"},\"image\":{\"@id\":\"https:\\\/\\\/www.ugtcomunicaciones.es\\\/wordpress\\\/transposicion-directiva-iorp-ii\\\/#primaryimage\"},\"thumbnailUrl\":\"https:\\\/\\\/www.ugtcomunicaciones.es\\\/wordpress\\\/wp-content\\\/uploads\\\/2020\\\/10\\\/man-2546100_1920.jpg\",\"datePublished\":\"2020-10-05T10:00:18+00:00\",\"dateModified\":\"2020-10-14T07:34:16+00:00\",\"breadcrumb\":{\"@id\":\"https:\\\/\\\/www.ugtcomunicaciones.es\\\/wordpress\\\/transposicion-directiva-iorp-ii\\\/#breadcrumb\"},\"inLanguage\":\"es\",\"potentialAction\":[{\"@type\":\"ReadAction\",\"target\":[\"https:\\\/\\\/www.ugtcomunicaciones.es\\\/wordpress\\\/transposicion-directiva-iorp-ii\\\/\"]}]},{\"@type\":\"ImageObject\",\"inLanguage\":\"es\",\"@id\":\"https:\\\/\\\/www.ugtcomunicaciones.es\\\/wordpress\\\/transposicion-directiva-iorp-ii\\\/#primaryimage\",\"url\":\"https:\\\/\\\/www.ugtcomunicaciones.es\\\/wordpress\\\/wp-content\\\/uploads\\\/2020\\\/10\\\/man-2546100_1920.jpg\",\"contentUrl\":\"https:\\\/\\\/www.ugtcomunicaciones.es\\\/wordpress\\\/wp-content\\\/uploads\\\/2020\\\/10\\\/man-2546100_1920.jpg\",\"width\":1920,\"height\":547},{\"@type\":\"BreadcrumbList\",\"@id\":\"https:\\\/\\\/www.ugtcomunicaciones.es\\\/wordpress\\\/transposicion-directiva-iorp-ii\\\/#breadcrumb\",\"itemListElement\":[{\"@type\":\"ListItem\",\"position\":1,\"name\":\"Portada\",\"item\":\"https:\\\/\\\/www.ugtcomunicaciones.es\\\/wordpress\\\/\"},{\"@type\":\"ListItem\",\"position\":2,\"name\":\"Transposici\u00f3n Directiva IORP II\"}]},{\"@type\":\"WebSite\",\"@id\":\"https:\\\/\\\/www.ugtcomunicaciones.es\\\/wordpress\\\/#website\",\"url\":\"https:\\\/\\\/www.ugtcomunicaciones.es\\\/wordpress\\\/\",\"name\":\"UGT Comunicaciones\",\"description\":\"Sindicato de Telecomunicaciones\",\"publisher\":{\"@id\":\"https:\\\/\\\/www.ugtcomunicaciones.es\\\/wordpress\\\/#organization\"},\"potentialAction\":[{\"@type\":\"SearchAction\",\"target\":{\"@type\":\"EntryPoint\",\"urlTemplate\":\"https:\\\/\\\/www.ugtcomunicaciones.es\\\/wordpress\\\/?s={search_term_string}\"},\"query-input\":{\"@type\":\"PropertyValueSpecification\",\"valueRequired\":true,\"valueName\":\"search_term_string\"}}],\"inLanguage\":\"es\"},{\"@type\":\"Organization\",\"@id\":\"https:\\\/\\\/www.ugtcomunicaciones.es\\\/wordpress\\\/#organization\",\"name\":\"UGT Comunicaciones\",\"url\":\"https:\\\/\\\/www.ugtcomunicaciones.es\\\/wordpress\\\/\",\"logo\":{\"@type\":\"ImageObject\",\"inLanguage\":\"es\",\"@id\":\"https:\\\/\\\/www.ugtcomunicaciones.es\\\/wordpress\\\/#\\\/schema\\\/logo\\\/image\\\/\",\"url\":\"https:\\\/\\\/www.ugtcomunicaciones.es\\\/wordpress\\\/wp-content\\\/uploads\\\/2024\\\/04\\\/comunicaciones_logo.png\",\"contentUrl\":\"https:\\\/\\\/www.ugtcomunicaciones.es\\\/wordpress\\\/wp-content\\\/uploads\\\/2024\\\/04\\\/comunicaciones_logo.png\",\"width\":298,\"height\":81,\"caption\":\"UGT Comunicaciones\"},\"image\":{\"@id\":\"https:\\\/\\\/www.ugtcomunicaciones.es\\\/wordpress\\\/#\\\/schema\\\/logo\\\/image\\\/\"},\"sameAs\":[\"https:\\\/\\\/www.facebook.com\\\/ugt.comunicaciones\\\/\",\"https:\\\/\\\/x.com\\\/ugtcom\"]},{\"@type\":\"Person\",\"@id\":\"https:\\\/\\\/www.ugtcomunicaciones.es\\\/wordpress\\\/#\\\/schema\\\/person\\\/eba0fc3fe5b444531d94d4368cba89ed\",\"name\":\"UGT\",\"image\":{\"@type\":\"ImageObject\",\"inLanguage\":\"es\",\"@id\":\"https:\\\/\\\/secure.gravatar.com\\\/avatar\\\/2a16057d620a4c646bcfc171c4f23030879ebbdd346f0525bd5d4a564e57e13d?s=96&d=mm&r=g\",\"url\":\"https:\\\/\\\/secure.gravatar.com\\\/avatar\\\/2a16057d620a4c646bcfc171c4f23030879ebbdd346f0525bd5d4a564e57e13d?s=96&d=mm&r=g\",\"contentUrl\":\"https:\\\/\\\/secure.gravatar.com\\\/avatar\\\/2a16057d620a4c646bcfc171c4f23030879ebbdd346f0525bd5d4a564e57e13d?s=96&d=mm&r=g\",\"caption\":\"UGT\"}}]}<\/script>\n<!-- \/ Yoast SEO Premium plugin. -->","yoast_head_json":{"title":"Transposici\u00f3n Directiva IORP II - UGT Comunicaciones","robots":{"index":"index","follow":"follow","max-snippet":"max-snippet:-1","max-image-preview":"max-image-preview:large","max-video-preview":"max-video-preview:-1"},"canonical":"https:\/\/www.ugtcomunicaciones.es\/wordpress\/transposicion-directiva-iorp-ii\/","og_locale":"es_ES","og_type":"article","og_title":"Transposici\u00f3n Directiva IORP II","og_description":"En virtud del Real Decreto 738\/2020, de 4 de agosto, publicado en el BOE, en fecha 7 de agosto de este a\u00f1o se procede a la transposici\u00f3n de la Directiva 2016\/2341 de 14 de diciembre de 2016 de la Uni\u00f3n Europea, relativa a las actividades y supervisi\u00f3n de los fondos de pensiones de empleo y [&hellip;]","og_url":"https:\/\/www.ugtcomunicaciones.es\/wordpress\/transposicion-directiva-iorp-ii\/","og_site_name":"UGT Comunicaciones","article_publisher":"https:\/\/www.facebook.com\/ugt.comunicaciones\/","article_published_time":"2020-10-05T10:00:18+00:00","article_modified_time":"2020-10-14T07:34:16+00:00","og_image":[{"width":1920,"height":547,"url":"https:\/\/www.ugtcomunicaciones.es\/wordpress\/wp-content\/uploads\/2020\/10\/man-2546100_1920.jpg","type":"image\/jpeg"}],"author":"UGT","twitter_card":"summary_large_image","twitter_creator":"@ugtcom","twitter_site":"@ugtcom","twitter_misc":{"Escrito por":"UGT","Tiempo de lectura":"30 minutos"},"schema":{"@context":"https:\/\/schema.org","@graph":[{"@type":"Article","@id":"https:\/\/www.ugtcomunicaciones.es\/wordpress\/transposicion-directiva-iorp-ii\/#article","isPartOf":{"@id":"https:\/\/www.ugtcomunicaciones.es\/wordpress\/transposicion-directiva-iorp-ii\/"},"author":{"name":"UGT","@id":"https:\/\/www.ugtcomunicaciones.es\/wordpress\/#\/schema\/person\/eba0fc3fe5b444531d94d4368cba89ed"},"headline":"Transposici\u00f3n Directiva IORP II","datePublished":"2020-10-05T10:00:18+00:00","dateModified":"2020-10-14T07:34:16+00:00","mainEntityOfPage":{"@id":"https:\/\/www.ugtcomunicaciones.es\/wordpress\/transposicion-directiva-iorp-ii\/"},"wordCount":5947,"publisher":{"@id":"https:\/\/www.ugtcomunicaciones.es\/wordpress\/#organization"},"image":{"@id":"https:\/\/www.ugtcomunicaciones.es\/wordpress\/transposicion-directiva-iorp-ii\/#primaryimage"},"thumbnailUrl":"https:\/\/www.ugtcomunicaciones.es\/wordpress\/wp-content\/uploads\/2020\/10\/man-2546100_1920.jpg","articleSection":["Telef\u00f3nica CEV","Telef\u00f3nica de Espa\u00f1a","Telef\u00f3nica M\u00f3viles","Telef\u00f3nica Soluciones"],"inLanguage":"es"},{"@type":"WebPage","@id":"https:\/\/www.ugtcomunicaciones.es\/wordpress\/transposicion-directiva-iorp-ii\/","url":"https:\/\/www.ugtcomunicaciones.es\/wordpress\/transposicion-directiva-iorp-ii\/","name":"Transposici\u00f3n Directiva IORP II - UGT Comunicaciones","isPartOf":{"@id":"https:\/\/www.ugtcomunicaciones.es\/wordpress\/#website"},"primaryImageOfPage":{"@id":"https:\/\/www.ugtcomunicaciones.es\/wordpress\/transposicion-directiva-iorp-ii\/#primaryimage"},"image":{"@id":"https:\/\/www.ugtcomunicaciones.es\/wordpress\/transposicion-directiva-iorp-ii\/#primaryimage"},"thumbnailUrl":"https:\/\/www.ugtcomunicaciones.es\/wordpress\/wp-content\/uploads\/2020\/10\/man-2546100_1920.jpg","datePublished":"2020-10-05T10:00:18+00:00","dateModified":"2020-10-14T07:34:16+00:00","breadcrumb":{"@id":"https:\/\/www.ugtcomunicaciones.es\/wordpress\/transposicion-directiva-iorp-ii\/#breadcrumb"},"inLanguage":"es","potentialAction":[{"@type":"ReadAction","target":["https:\/\/www.ugtcomunicaciones.es\/wordpress\/transposicion-directiva-iorp-ii\/"]}]},{"@type":"ImageObject","inLanguage":"es","@id":"https:\/\/www.ugtcomunicaciones.es\/wordpress\/transposicion-directiva-iorp-ii\/#primaryimage","url":"https:\/\/www.ugtcomunicaciones.es\/wordpress\/wp-content\/uploads\/2020\/10\/man-2546100_1920.jpg","contentUrl":"https:\/\/www.ugtcomunicaciones.es\/wordpress\/wp-content\/uploads\/2020\/10\/man-2546100_1920.jpg","width":1920,"height":547},{"@type":"BreadcrumbList","@id":"https:\/\/www.ugtcomunicaciones.es\/wordpress\/transposicion-directiva-iorp-ii\/#breadcrumb","itemListElement":[{"@type":"ListItem","position":1,"name":"Portada","item":"https:\/\/www.ugtcomunicaciones.es\/wordpress\/"},{"@type":"ListItem","position":2,"name":"Transposici\u00f3n Directiva IORP II"}]},{"@type":"WebSite","@id":"https:\/\/www.ugtcomunicaciones.es\/wordpress\/#website","url":"https:\/\/www.ugtcomunicaciones.es\/wordpress\/","name":"UGT Comunicaciones","description":"Sindicato de Telecomunicaciones","publisher":{"@id":"https:\/\/www.ugtcomunicaciones.es\/wordpress\/#organization"},"potentialAction":[{"@type":"SearchAction","target":{"@type":"EntryPoint","urlTemplate":"https:\/\/www.ugtcomunicaciones.es\/wordpress\/?s={search_term_string}"},"query-input":{"@type":"PropertyValueSpecification","valueRequired":true,"valueName":"search_term_string"}}],"inLanguage":"es"},{"@type":"Organization","@id":"https:\/\/www.ugtcomunicaciones.es\/wordpress\/#organization","name":"UGT Comunicaciones","url":"https:\/\/www.ugtcomunicaciones.es\/wordpress\/","logo":{"@type":"ImageObject","inLanguage":"es","@id":"https:\/\/www.ugtcomunicaciones.es\/wordpress\/#\/schema\/logo\/image\/","url":"https:\/\/www.ugtcomunicaciones.es\/wordpress\/wp-content\/uploads\/2024\/04\/comunicaciones_logo.png","contentUrl":"https:\/\/www.ugtcomunicaciones.es\/wordpress\/wp-content\/uploads\/2024\/04\/comunicaciones_logo.png","width":298,"height":81,"caption":"UGT Comunicaciones"},"image":{"@id":"https:\/\/www.ugtcomunicaciones.es\/wordpress\/#\/schema\/logo\/image\/"},"sameAs":["https:\/\/www.facebook.com\/ugt.comunicaciones\/","https:\/\/x.com\/ugtcom"]},{"@type":"Person","@id":"https:\/\/www.ugtcomunicaciones.es\/wordpress\/#\/schema\/person\/eba0fc3fe5b444531d94d4368cba89ed","name":"UGT","image":{"@type":"ImageObject","inLanguage":"es","@id":"https:\/\/secure.gravatar.com\/avatar\/2a16057d620a4c646bcfc171c4f23030879ebbdd346f0525bd5d4a564e57e13d?s=96&d=mm&r=g","url":"https:\/\/secure.gravatar.com\/avatar\/2a16057d620a4c646bcfc171c4f23030879ebbdd346f0525bd5d4a564e57e13d?s=96&d=mm&r=g","contentUrl":"https:\/\/secure.gravatar.com\/avatar\/2a16057d620a4c646bcfc171c4f23030879ebbdd346f0525bd5d4a564e57e13d?s=96&d=mm&r=g","caption":"UGT"}}]}},"_links":{"self":[{"href":"https:\/\/www.ugtcomunicaciones.es\/wordpress\/wp-json\/wp\/v2\/posts\/673777","targetHints":{"allow":["GET"]}}],"collection":[{"href":"https:\/\/www.ugtcomunicaciones.es\/wordpress\/wp-json\/wp\/v2\/posts"}],"about":[{"href":"https:\/\/www.ugtcomunicaciones.es\/wordpress\/wp-json\/wp\/v2\/types\/post"}],"author":[{"embeddable":true,"href":"https:\/\/www.ugtcomunicaciones.es\/wordpress\/wp-json\/wp\/v2\/users\/3"}],"replies":[{"embeddable":true,"href":"https:\/\/www.ugtcomunicaciones.es\/wordpress\/wp-json\/wp\/v2\/comments?post=673777"}],"version-history":[{"count":0,"href":"https:\/\/www.ugtcomunicaciones.es\/wordpress\/wp-json\/wp\/v2\/posts\/673777\/revisions"}],"wp:featuredmedia":[{"embeddable":true,"href":"https:\/\/www.ugtcomunicaciones.es\/wordpress\/wp-json\/wp\/v2\/media\/673792"}],"wp:attachment":[{"href":"https:\/\/www.ugtcomunicaciones.es\/wordpress\/wp-json\/wp\/v2\/media?parent=673777"}],"wp:term":[{"taxonomy":"category","embeddable":true,"href":"https:\/\/www.ugtcomunicaciones.es\/wordpress\/wp-json\/wp\/v2\/categories?post=673777"},{"taxonomy":"post_tag","embeddable":true,"href":"https:\/\/www.ugtcomunicaciones.es\/wordpress\/wp-json\/wp\/v2\/tags?post=673777"}],"curies":[{"name":"wp","href":"https:\/\/api.w.org\/{rel}","templated":true}]}}