{"id":673799,"date":"2020-10-19T07:00:12","date_gmt":"2020-10-19T05:00:12","guid":{"rendered":"https:\/\/www.ugtcomunicaciones.es\/wordpress\/?p=673799"},"modified":"2020-10-05T12:58:01","modified_gmt":"2020-10-05T10:58:01","slug":"mercado-telecos-mayo-2020-la-pandemia-se-ceba-con-el-movil-de-orange","status":"publish","type":"post","link":"https:\/\/www.ugtcomunicaciones.es\/wordpress\/mercado-telecos-mayo-2020-la-pandemia-se-ceba-con-el-movil-de-orange\/","title":{"rendered":"Mercado telecos mayo 2020: la pandemia se ceba con el m\u00f3vil de Orange"},"content":{"rendered":"<p style=\"text-align: justify;\">En el inusual espacio de una semana, el regulador ha publicado los resultados de dos meses consecutivos, aliviando el retraso de informaci\u00f3n que ven\u00eda acumulando desde la primavera.<\/p>\n<p style=\"text-align: justify;\">Como el mes precedente, los datos de mayo de 2020 debe hacerse desde la perspectiva de otro mes completo bajo el Estado de Alarma, entre un confinamiento masivo de la poblaci\u00f3n y, desde el punto de vista sectorial, con la aplicaci\u00f3n del ya consabido RD-Ley 11\/2020, de 31 de marzo, de suspensi\u00f3n de la portabilidad<sup class=\"modern-footnotes-footnote \" data-mfn=\"1\" data-mfn-post-scope=\"000000000000413c0000000000000000_673799\"><a href=\"javascript:void(0)\"  role=\"button\" aria-pressed=\"false\" aria-describedby=\"mfn-content-000000000000413c0000000000000000_673799-1\">1<\/a><\/sup><span id=\"mfn-content-000000000000413c0000000000000000_673799-1\" role=\"tooltip\" class=\"modern-footnotes-footnote__note\" tabindex=\"0\" data-mfn=\"1\"><a href=\"https:\/\/www.ugtcomunicaciones.es\/wordpress\/afectacion-del-real-decreto-ley-11-2020-de-31-de-marzo-al-sector-de-las-comunicaciones\/\" target=\"_blank\" rel=\"noopener noreferrer\">https:\/\/www.ugtcomunicaciones.es\/wordpress\/afectacion-del-real-decreto-ley-11-2020-de-31-de-marzo-al-sector-de-las-comunicaciones\/<\/a><\/span>.<\/p>\n<p style=\"text-align: justify;\">La visi\u00f3n general vuelve a estar marcada por el ingente n\u00famero de bajas de prepago (-225.000, se suman a las 400.000 de abril), lo que reduce el crecimiento interanual de la l\u00ednea de negocio m\u00f3vil vocal a casi el 0%. La BAF, de nuevo impulsada por la necesidad de conectividad en el confinamiento, mantuvo el pulso, mientras que la BAF present\u00f3 n\u00fameros rojos :<\/p>\n<p><img decoding=\"async\" class=\"aligncenter wp-image-673817 size-full lazyload\" data-src=\"https:\/\/www.ugtcomunicaciones.es\/wordpress\/wp-content\/uploads\/2020\/10\/la-pandemia-1.jpg\" alt=\"\" width=\"642\" height=\"217\" data-srcset=\"https:\/\/www.ugtcomunicaciones.es\/wordpress\/wp-content\/uploads\/2020\/10\/la-pandemia-1.jpg 642w, https:\/\/www.ugtcomunicaciones.es\/wordpress\/wp-content\/uploads\/2020\/10\/la-pandemia-1-300x101.jpg 300w, https:\/\/www.ugtcomunicaciones.es\/wordpress\/wp-content\/uploads\/2020\/10\/la-pandemia-1-640x217.jpg 640w\" data-sizes=\"(max-width: 642px) 100vw, 642px\" src=\"data:image\/svg+xml;base64,PHN2ZyB3aWR0aD0iMSIgaGVpZ2h0PSIxIiB4bWxucz0iaHR0cDovL3d3dy53My5vcmcvMjAwMC9zdmciPjwvc3ZnPg==\" style=\"--smush-placeholder-width: 642px; --smush-placeholder-aspect-ratio: 642\/217;\" \/><\/p>\n<p style=\"text-align: justify;\"><strong>\u00a0<\/strong><\/p>\n<p style=\"text-align: justify;\"><strong>Mercado de banda ancha fija<\/strong><\/p>\n<ol style=\"text-align: justify;\">\n<li><strong> Comportamiento mensual BAF<\/strong><\/li>\n<\/ol>\n<p style=\"text-align: justify;\">A pesar de que el mes fuese inh\u00e1bil para portabilidades, las gr\u00e1ficas presentan grandes similitudes con abril, salvo el caso de Movistar, que pasa de perder 13.000 l\u00edneas a ganar casi 2.000. M\u00e1sM\u00f3vil vuelve a superar las 26.000 altas netas, mientras que Orange repite las p\u00e9rdidas (-8.000) y Vodafone pega un salto cuantitativo: +14.000:<\/p>\n<p><img decoding=\"async\" class=\"aligncenter wp-image-673818 size-full lazyload\" data-src=\"https:\/\/www.ugtcomunicaciones.es\/wordpress\/wp-content\/uploads\/2020\/10\/la-pandemia-2.jpg\" alt=\"\" width=\"642\" height=\"256\" data-srcset=\"https:\/\/www.ugtcomunicaciones.es\/wordpress\/wp-content\/uploads\/2020\/10\/la-pandemia-2.jpg 642w, https:\/\/www.ugtcomunicaciones.es\/wordpress\/wp-content\/uploads\/2020\/10\/la-pandemia-2-300x120.jpg 300w, https:\/\/www.ugtcomunicaciones.es\/wordpress\/wp-content\/uploads\/2020\/10\/la-pandemia-2-640x256.jpg 640w\" data-sizes=\"(max-width: 642px) 100vw, 642px\" src=\"data:image\/svg+xml;base64,PHN2ZyB3aWR0aD0iMSIgaGVpZ2h0PSIxIiB4bWxucz0iaHR0cDovL3d3dy53My5vcmcvMjAwMC9zdmciPjwvc3ZnPg==\" style=\"--smush-placeholder-width: 642px; --smush-placeholder-aspect-ratio: 642\/256;\" \/><\/p>\n<p style=\"text-align: justify;\">Las cuotas de mercado: sin novedad y repitiendo tendencia: el diferencial entre Vodafone y Orange se reduce cada vez m\u00e1s: 4,4%:<\/p>\n<p style=\"text-align: justify;\"><strong> <img decoding=\"async\" class=\"aligncenter wp-image-673819 size-full lazyload\" data-src=\"https:\/\/www.ugtcomunicaciones.es\/wordpress\/wp-content\/uploads\/2020\/10\/la-pandemia-3.jpg\" alt=\"\" width=\"477\" height=\"330\" data-srcset=\"https:\/\/www.ugtcomunicaciones.es\/wordpress\/wp-content\/uploads\/2020\/10\/la-pandemia-3.jpg 477w, https:\/\/www.ugtcomunicaciones.es\/wordpress\/wp-content\/uploads\/2020\/10\/la-pandemia-3-300x208.jpg 300w\" data-sizes=\"(max-width: 477px) 100vw, 477px\" src=\"data:image\/svg+xml;base64,PHN2ZyB3aWR0aD0iMSIgaGVpZ2h0PSIxIiB4bWxucz0iaHR0cDovL3d3dy53My5vcmcvMjAwMC9zdmciPjwvc3ZnPg==\" style=\"--smush-placeholder-width: 477px; --smush-placeholder-aspect-ratio: 477\/330;\" \/><\/strong><\/p>\n<ol style=\"text-align: justify;\" start=\"2\">\n<li><strong> Comportamiento anual BAF<\/strong><\/li>\n<\/ol>\n<p style=\"text-align: justify;\">Dos datos a tener en cuenta: Vodafone entra en positivo despu\u00e9s de mucho tiempo y M\u00e1sM\u00f3vil baja del 40% interanual en muchos meses:<\/p>\n<p><img decoding=\"async\" class=\"aligncenter wp-image-673820 size-full lazyload\" data-src=\"https:\/\/www.ugtcomunicaciones.es\/wordpress\/wp-content\/uploads\/2020\/10\/la-pandemia-4.jpg\" alt=\"\" width=\"643\" height=\"414\" data-srcset=\"https:\/\/www.ugtcomunicaciones.es\/wordpress\/wp-content\/uploads\/2020\/10\/la-pandemia-4.jpg 643w, https:\/\/www.ugtcomunicaciones.es\/wordpress\/wp-content\/uploads\/2020\/10\/la-pandemia-4-300x194.jpg 300w, https:\/\/www.ugtcomunicaciones.es\/wordpress\/wp-content\/uploads\/2020\/10\/la-pandemia-4-341x220.jpg 341w, https:\/\/www.ugtcomunicaciones.es\/wordpress\/wp-content\/uploads\/2020\/10\/la-pandemia-4-640x412.jpg 640w\" data-sizes=\"(max-width: 643px) 100vw, 643px\" src=\"data:image\/svg+xml;base64,PHN2ZyB3aWR0aD0iMSIgaGVpZ2h0PSIxIiB4bWxucz0iaHR0cDovL3d3dy53My5vcmcvMjAwMC9zdmciPjwvc3ZnPg==\" style=\"--smush-placeholder-width: 643px; --smush-placeholder-aspect-ratio: 643\/414;\" \/><\/p>\n<ol style=\"text-align: justify;\" start=\"3\">\n<li><strong> Tecnolog\u00edas<\/strong><\/li>\n<\/ol>\n<p style=\"text-align: justify;\">Un mes menos para que el ADSL pierda el segundo puesto ante el cable:<\/p>\n<p><img decoding=\"async\" class=\"aligncenter wp-image-673821 size-full lazyload\" data-src=\"https:\/\/www.ugtcomunicaciones.es\/wordpress\/wp-content\/uploads\/2020\/10\/la-pandemia-5.jpg\" alt=\"\" width=\"643\" height=\"414\" data-srcset=\"https:\/\/www.ugtcomunicaciones.es\/wordpress\/wp-content\/uploads\/2020\/10\/la-pandemia-5.jpg 643w, https:\/\/www.ugtcomunicaciones.es\/wordpress\/wp-content\/uploads\/2020\/10\/la-pandemia-5-300x194.jpg 300w, https:\/\/www.ugtcomunicaciones.es\/wordpress\/wp-content\/uploads\/2020\/10\/la-pandemia-5-341x220.jpg 341w, https:\/\/www.ugtcomunicaciones.es\/wordpress\/wp-content\/uploads\/2020\/10\/la-pandemia-5-640x412.jpg 640w\" data-sizes=\"(max-width: 643px) 100vw, 643px\" src=\"data:image\/svg+xml;base64,PHN2ZyB3aWR0aD0iMSIgaGVpZ2h0PSIxIiB4bWxucz0iaHR0cDovL3d3dy53My5vcmcvMjAwMC9zdmciPjwvc3ZnPg==\" style=\"--smush-placeholder-width: 643px; --smush-placeholder-aspect-ratio: 643\/414;\" \/><\/p>\n<p style=\"text-align: justify;\"><strong>\u00a0<\/strong><\/p>\n<ol style=\"text-align: justify;\" start=\"4\">\n<li><strong> BAF mayorista<\/strong><\/li>\n<\/ol>\n<p style=\"text-align: justify;\">Y lleg\u00f3 el momento: el NEBA cobre se ve superado por el NEBA FTTH:<\/p>\n<p><img decoding=\"async\" class=\"aligncenter wp-image-673822 size-full lazyload\" data-src=\"https:\/\/www.ugtcomunicaciones.es\/wordpress\/wp-content\/uploads\/2020\/10\/la-pandemia-6.jpg\" alt=\"\" width=\"642\" height=\"486\" data-srcset=\"https:\/\/www.ugtcomunicaciones.es\/wordpress\/wp-content\/uploads\/2020\/10\/la-pandemia-6.jpg 642w, https:\/\/www.ugtcomunicaciones.es\/wordpress\/wp-content\/uploads\/2020\/10\/la-pandemia-6-300x227.jpg 300w, https:\/\/www.ugtcomunicaciones.es\/wordpress\/wp-content\/uploads\/2020\/10\/la-pandemia-6-555x420.jpg 555w, https:\/\/www.ugtcomunicaciones.es\/wordpress\/wp-content\/uploads\/2020\/10\/la-pandemia-6-80x60.jpg 80w, https:\/\/www.ugtcomunicaciones.es\/wordpress\/wp-content\/uploads\/2020\/10\/la-pandemia-6-100x75.jpg 100w, https:\/\/www.ugtcomunicaciones.es\/wordpress\/wp-content\/uploads\/2020\/10\/la-pandemia-6-180x135.jpg 180w, https:\/\/www.ugtcomunicaciones.es\/wordpress\/wp-content\/uploads\/2020\/10\/la-pandemia-6-640x484.jpg 640w\" data-sizes=\"(max-width: 642px) 100vw, 642px\" src=\"data:image\/svg+xml;base64,PHN2ZyB3aWR0aD0iMSIgaGVpZ2h0PSIxIiB4bWxucz0iaHR0cDovL3d3dy53My5vcmcvMjAwMC9zdmciPjwvc3ZnPg==\" style=\"--smush-placeholder-width: 642px; --smush-placeholder-aspect-ratio: 642\/486;\" \/><\/p>\n<p style=\"text-align: justify;\"><strong>\u00a0<\/strong><\/p>\n<p style=\"text-align: justify;\"><strong>Mercado de telefon\u00eda m\u00f3vil<\/strong><\/p>\n<ol style=\"text-align: justify;\">\n<li><strong> Comportamiento mensual BAM<\/strong><\/li>\n<\/ol>\n<p style=\"text-align: justify;\">Orange encadena dos meses nefastos. Si en abril perdi\u00f3 96.000 conexiones, en mayo se dej\u00f3 casi 88.000. En el otro lado, Vodafone, que al cuarto de mill\u00f3n que gan\u00f3 en abril, se suma los 70.000 nuevos de mayo (\u00bfefecto de las ilimitadas en plena urgencia de conectividad durante el confinamiento?).<\/p>\n<p style=\"text-align: justify;\">Movistar y M\u00e1sM\u00f3vil sufren p\u00e9rdidas moderadas y las OMV sufren lo suyo: -40.000 en mayo y -82.000 en abril:<\/p>\n<p><img decoding=\"async\" class=\"aligncenter wp-image-673823 size-full lazyload\" data-src=\"https:\/\/www.ugtcomunicaciones.es\/wordpress\/wp-content\/uploads\/2020\/10\/la-pandemia-7.jpg\" alt=\"\" width=\"652\" height=\"282\" data-srcset=\"https:\/\/www.ugtcomunicaciones.es\/wordpress\/wp-content\/uploads\/2020\/10\/la-pandemia-7.jpg 652w, https:\/\/www.ugtcomunicaciones.es\/wordpress\/wp-content\/uploads\/2020\/10\/la-pandemia-7-300x130.jpg 300w, https:\/\/www.ugtcomunicaciones.es\/wordpress\/wp-content\/uploads\/2020\/10\/la-pandemia-7-640x277.jpg 640w\" data-sizes=\"(max-width: 652px) 100vw, 652px\" src=\"data:image\/svg+xml;base64,PHN2ZyB3aWR0aD0iMSIgaGVpZ2h0PSIxIiB4bWxucz0iaHR0cDovL3d3dy53My5vcmcvMjAwMC9zdmciPjwvc3ZnPg==\" style=\"--smush-placeholder-width: 652px; --smush-placeholder-aspect-ratio: 652\/282;\" \/><\/p>\n<p style=\"text-align: justify;\">Vodafone casi empata ya con Orange en cuota de mercado, mientras que las OMV est\u00e1n cerca de perder el 8%:<\/p>\n<p><img decoding=\"async\" class=\"aligncenter wp-image-673824 size-full lazyload\" data-src=\"https:\/\/www.ugtcomunicaciones.es\/wordpress\/wp-content\/uploads\/2020\/10\/la-pandemia-8.jpg\" alt=\"\" width=\"587\" height=\"288\" data-srcset=\"https:\/\/www.ugtcomunicaciones.es\/wordpress\/wp-content\/uploads\/2020\/10\/la-pandemia-8.jpg 587w, https:\/\/www.ugtcomunicaciones.es\/wordpress\/wp-content\/uploads\/2020\/10\/la-pandemia-8-300x147.jpg 300w\" data-sizes=\"(max-width: 587px) 100vw, 587px\" src=\"data:image\/svg+xml;base64,PHN2ZyB3aWR0aD0iMSIgaGVpZ2h0PSIxIiB4bWxucz0iaHR0cDovL3d3dy53My5vcmcvMjAwMC9zdmciPjwvc3ZnPg==\" style=\"--smush-placeholder-width: 587px; --smush-placeholder-aspect-ratio: 587\/288;\" \/><\/p>\n<ol style=\"text-align: justify;\" start=\"2\">\n<li><strong> Comportamiento anual BAM<\/strong><\/li>\n<\/ol>\n<p style=\"text-align: justify;\">La acumulaci\u00f3n de malos resultados coloca a Orange un mal dato interanual, que aprovecha sobre todo Vodafone. Las OMV, a pesar de estos dos malos meses, siguen creciendo a raz\u00f3n de un 8%:<\/p>\n<p><img decoding=\"async\" class=\"aligncenter wp-image-673825 size-full lazyload\" data-src=\"https:\/\/www.ugtcomunicaciones.es\/wordpress\/wp-content\/uploads\/2020\/10\/la-pandemia-9.jpg\" alt=\"\" width=\"643\" height=\"414\" data-srcset=\"https:\/\/www.ugtcomunicaciones.es\/wordpress\/wp-content\/uploads\/2020\/10\/la-pandemia-9.jpg 643w, https:\/\/www.ugtcomunicaciones.es\/wordpress\/wp-content\/uploads\/2020\/10\/la-pandemia-9-300x194.jpg 300w, https:\/\/www.ugtcomunicaciones.es\/wordpress\/wp-content\/uploads\/2020\/10\/la-pandemia-9-341x220.jpg 341w, https:\/\/www.ugtcomunicaciones.es\/wordpress\/wp-content\/uploads\/2020\/10\/la-pandemia-9-640x412.jpg 640w\" data-sizes=\"(max-width: 643px) 100vw, 643px\" src=\"data:image\/svg+xml;base64,PHN2ZyB3aWR0aD0iMSIgaGVpZ2h0PSIxIiB4bWxucz0iaHR0cDovL3d3dy53My5vcmcvMjAwMC9zdmciPjwvc3ZnPg==\" style=\"--smush-placeholder-width: 643px; --smush-placeholder-aspect-ratio: 643\/414;\" \/><\/p>\n<ol style=\"text-align: justify;\" start=\"3\">\n<li><strong> Comportamiento mensual telefon\u00eda m\u00f3vil vocal<\/strong><\/li>\n<\/ol>\n<p style=\"text-align: justify;\">Orange copia el mes anterior, acumulando m\u00e1s de 200.000 bajas. Las OMV, muy dependientes del prepago se dejan 40.000:<\/p>\n<p><img decoding=\"async\" class=\"aligncenter wp-image-673826 size-full lazyload\" data-src=\"https:\/\/www.ugtcomunicaciones.es\/wordpress\/wp-content\/uploads\/2020\/10\/la-pandemia-10.jpg\" alt=\"\" width=\"643\" height=\"275\" data-srcset=\"https:\/\/www.ugtcomunicaciones.es\/wordpress\/wp-content\/uploads\/2020\/10\/la-pandemia-10.jpg 643w, https:\/\/www.ugtcomunicaciones.es\/wordpress\/wp-content\/uploads\/2020\/10\/la-pandemia-10-300x128.jpg 300w, https:\/\/www.ugtcomunicaciones.es\/wordpress\/wp-content\/uploads\/2020\/10\/la-pandemia-10-640x275.jpg 640w\" data-sizes=\"(max-width: 643px) 100vw, 643px\" src=\"data:image\/svg+xml;base64,PHN2ZyB3aWR0aD0iMSIgaGVpZ2h0PSIxIiB4bWxucz0iaHR0cDovL3d3dy53My5vcmcvMjAwMC9zdmciPjwvc3ZnPg==\" style=\"--smush-placeholder-width: 643px; --smush-placeholder-aspect-ratio: 643\/275;\" \/><\/p>\n<p style=\"text-align: justify;\">Coutas de mercado: pr\u00e1cticamente sin novedad, aunque Orange cada vez est\u00e1 m\u00e1s cerca de perder el segundo puesto:<\/p>\n<p><img decoding=\"async\" class=\"aligncenter wp-image-673827 size-full lazyload\" data-src=\"https:\/\/www.ugtcomunicaciones.es\/wordpress\/wp-content\/uploads\/2020\/10\/la-pandemia-11.jpg\" alt=\"\" width=\"587\" height=\"288\" data-srcset=\"https:\/\/www.ugtcomunicaciones.es\/wordpress\/wp-content\/uploads\/2020\/10\/la-pandemia-11.jpg 587w, https:\/\/www.ugtcomunicaciones.es\/wordpress\/wp-content\/uploads\/2020\/10\/la-pandemia-11-300x147.jpg 300w\" data-sizes=\"(max-width: 587px) 100vw, 587px\" src=\"data:image\/svg+xml;base64,PHN2ZyB3aWR0aD0iMSIgaGVpZ2h0PSIxIiB4bWxucz0iaHR0cDovL3d3dy53My5vcmcvMjAwMC9zdmciPjwvc3ZnPg==\" style=\"--smush-placeholder-width: 587px; --smush-placeholder-aspect-ratio: 587\/288;\" \/><\/p>\n<ol style=\"text-align: justify;\" start=\"4\">\n<li><strong> Comportamiento anual telefon\u00eda m\u00f3vil<\/strong><\/li>\n<\/ol>\n<p style=\"text-align: justify;\">Orange aumenta sus p\u00e9rdidas hasta el -3%, mientras que Movistar y Vodafone casi est\u00e1n planos. OMV y M\u00e1sM\u00f3vil, debido a las p\u00e9rdidas netas, pierden ritmo:<\/p>\n<p><img decoding=\"async\" class=\"aligncenter wp-image-673828 size-full lazyload\" data-src=\"https:\/\/www.ugtcomunicaciones.es\/wordpress\/wp-content\/uploads\/2020\/10\/la-pandemia-12.jpg\" alt=\"\" width=\"643\" height=\"390\" data-srcset=\"https:\/\/www.ugtcomunicaciones.es\/wordpress\/wp-content\/uploads\/2020\/10\/la-pandemia-12.jpg 643w, https:\/\/www.ugtcomunicaciones.es\/wordpress\/wp-content\/uploads\/2020\/10\/la-pandemia-12-300x182.jpg 300w, https:\/\/www.ugtcomunicaciones.es\/wordpress\/wp-content\/uploads\/2020\/10\/la-pandemia-12-640x388.jpg 640w\" data-sizes=\"(max-width: 643px) 100vw, 643px\" src=\"data:image\/svg+xml;base64,PHN2ZyB3aWR0aD0iMSIgaGVpZ2h0PSIxIiB4bWxucz0iaHR0cDovL3d3dy53My5vcmcvMjAwMC9zdmciPjwvc3ZnPg==\" style=\"--smush-placeholder-width: 643px; --smush-placeholder-aspect-ratio: 643\/390;\" \/><\/p>\n<p>&nbsp;<\/p>\n<p style=\"text-align: justify;\"><strong>Mercado de Telefon\u00eda Fija<\/strong><\/p>\n<p style=\"text-align: justify;\">Primera vez en este a\u00f1o que encontramos datos positivos: +9.000 l\u00edneas, al calor del segmento residencial (\u00bfnecesidad de comunicaci\u00f3n segura en un periodo de confinamiento?):<\/p>\n<p><img decoding=\"async\" class=\"aligncenter wp-image-673829 size-full lazyload\" data-src=\"https:\/\/www.ugtcomunicaciones.es\/wordpress\/wp-content\/uploads\/2020\/10\/la-pandemia-13.jpg\" alt=\"\" width=\"625\" height=\"190\" data-srcset=\"https:\/\/www.ugtcomunicaciones.es\/wordpress\/wp-content\/uploads\/2020\/10\/la-pandemia-13.jpg 625w, https:\/\/www.ugtcomunicaciones.es\/wordpress\/wp-content\/uploads\/2020\/10\/la-pandemia-13-300x91.jpg 300w\" data-sizes=\"(max-width: 625px) 100vw, 625px\" src=\"data:image\/svg+xml;base64,PHN2ZyB3aWR0aD0iMSIgaGVpZ2h0PSIxIiB4bWxucz0iaHR0cDovL3d3dy53My5vcmcvMjAwMC9zdmciPjwvc3ZnPg==\" style=\"--smush-placeholder-width: 625px; --smush-placeholder-aspect-ratio: 625\/190;\" \/><\/p>\n<p style=\"text-align: justify;\"><strong>\u00a0<\/strong><\/p>\n<p style=\"text-align: justify;\"><strong>Penetraci\u00f3n de servicios<\/strong><\/p>\n<p style=\"text-align: justify;\">L\u00edneas por cada 100\/habitantes y Variaci\u00f3n mensual<\/p>\n<p><img decoding=\"async\" class=\"aligncenter wp-image-673830 size-full lazyload\" data-src=\"https:\/\/www.ugtcomunicaciones.es\/wordpress\/wp-content\/uploads\/2020\/10\/la-pandemia-14.jpg\" alt=\"\" width=\"713\" height=\"98\" data-srcset=\"https:\/\/www.ugtcomunicaciones.es\/wordpress\/wp-content\/uploads\/2020\/10\/la-pandemia-14.jpg 713w, https:\/\/www.ugtcomunicaciones.es\/wordpress\/wp-content\/uploads\/2020\/10\/la-pandemia-14-300x41.jpg 300w, https:\/\/www.ugtcomunicaciones.es\/wordpress\/wp-content\/uploads\/2020\/10\/la-pandemia-14-640x88.jpg 640w, https:\/\/www.ugtcomunicaciones.es\/wordpress\/wp-content\/uploads\/2020\/10\/la-pandemia-14-681x94.jpg 681w\" data-sizes=\"(max-width: 713px) 100vw, 713px\" src=\"data:image\/svg+xml;base64,PHN2ZyB3aWR0aD0iMSIgaGVpZ2h0PSIxIiB4bWxucz0iaHR0cDovL3d3dy53My5vcmcvMjAwMC9zdmciPjwvc3ZnPg==\" style=\"--smush-placeholder-width: 713px; --smush-placeholder-aspect-ratio: 713\/98;\" \/><\/p>\n<h4 style=\"text-align: right;\"><strong><span style=\"color: #ff0000;\">\u00a0UGT<\/span> Comunicaciones<\/strong><\/h4>\n<p>&nbsp;<\/p>\n","protected":false},"excerpt":{"rendered":"<p>En el inusual espacio de una semana, el regulador ha publicado los resultados de dos meses consecutivos, aliviando el retraso de informaci\u00f3n que ven\u00eda acumulando desde la primavera. Como el mes precedente, los datos de mayo de 2020 debe hacerse desde la perspectiva de otro mes completo bajo el Estado de Alarma, entre un confinamiento [&hellip;]<\/p>\n","protected":false},"author":3,"featured_media":673872,"comment_status":"closed","ping_status":"closed","sticky":false,"template":"","format":"standard","meta":{"footnotes":""},"categories":[13,12],"tags":[],"class_list":["post-673799","post","type-post","status-publish","format-standard","has-post-thumbnail","hentry","category-mercado-comunicaciones","category-regulacion"],"yoast_head":"<!-- This site is optimized with the Yoast SEO Premium plugin v27.3 (Yoast SEO v27.4) - https:\/\/yoast.com\/product\/yoast-seo-premium-wordpress\/ -->\n<title>Mercado telecos mayo 2020: la pandemia se ceba con el m\u00f3vil de Orange - UGT Comunicaciones<\/title>\n<meta name=\"robots\" content=\"index, follow, max-snippet:-1, max-image-preview:large, max-video-preview:-1\" \/>\n<link rel=\"canonical\" href=\"https:\/\/www.ugtcomunicaciones.es\/wordpress\/mercado-telecos-mayo-2020-la-pandemia-se-ceba-con-el-movil-de-orange\/\" \/>\n<meta property=\"og:locale\" content=\"es_ES\" \/>\n<meta property=\"og:type\" content=\"article\" \/>\n<meta property=\"og:title\" content=\"Mercado telecos mayo 2020: la pandemia se ceba con el m\u00f3vil de Orange\" \/>\n<meta property=\"og:description\" content=\"En el inusual espacio de una semana, el regulador ha publicado los resultados de dos meses consecutivos, aliviando el retraso de informaci\u00f3n que ven\u00eda acumulando desde la primavera. Como el mes precedente, los datos de mayo de 2020 debe hacerse desde la perspectiva de otro mes completo bajo el Estado de Alarma, entre un confinamiento [&hellip;]\" \/>\n<meta property=\"og:url\" content=\"https:\/\/www.ugtcomunicaciones.es\/wordpress\/mercado-telecos-mayo-2020-la-pandemia-se-ceba-con-el-movil-de-orange\/\" \/>\n<meta property=\"og:site_name\" content=\"UGT Comunicaciones\" \/>\n<meta property=\"article:publisher\" content=\"https:\/\/www.facebook.com\/ugt.comunicaciones\/\" \/>\n<meta property=\"article:published_time\" content=\"2020-10-19T05:00:12+00:00\" \/>\n<meta property=\"og:image\" content=\"https:\/\/www.ugtcomunicaciones.es\/wordpress\/wp-content\/uploads\/2020\/10\/la-pandemia-15.jpg\" \/>\n\t<meta property=\"og:image:width\" content=\"600\" \/>\n\t<meta property=\"og:image:height\" content=\"259\" \/>\n\t<meta property=\"og:image:type\" content=\"image\/jpeg\" \/>\n<meta name=\"author\" content=\"UGT\" \/>\n<meta name=\"twitter:card\" content=\"summary_large_image\" \/>\n<meta name=\"twitter:creator\" content=\"@ugtcom\" \/>\n<meta name=\"twitter:site\" content=\"@ugtcom\" \/>\n<meta name=\"twitter:label1\" content=\"Escrito por\" \/>\n\t<meta name=\"twitter:data1\" content=\"UGT\" \/>\n\t<meta name=\"twitter:label2\" content=\"Tiempo de lectura\" \/>\n\t<meta name=\"twitter:data2\" content=\"3 minutos\" \/>\n<script type=\"application\/ld+json\" class=\"yoast-schema-graph\">{\"@context\":\"https:\\\/\\\/schema.org\",\"@graph\":[{\"@type\":\"Article\",\"@id\":\"https:\\\/\\\/www.ugtcomunicaciones.es\\\/wordpress\\\/mercado-telecos-mayo-2020-la-pandemia-se-ceba-con-el-movil-de-orange\\\/#article\",\"isPartOf\":{\"@id\":\"https:\\\/\\\/www.ugtcomunicaciones.es\\\/wordpress\\\/mercado-telecos-mayo-2020-la-pandemia-se-ceba-con-el-movil-de-orange\\\/\"},\"author\":{\"name\":\"UGT\",\"@id\":\"https:\\\/\\\/www.ugtcomunicaciones.es\\\/wordpress\\\/#\\\/schema\\\/person\\\/eba0fc3fe5b444531d94d4368cba89ed\"},\"headline\":\"Mercado telecos mayo 2020: la pandemia se ceba con el m\u00f3vil de Orange\",\"datePublished\":\"2020-10-19T05:00:12+00:00\",\"mainEntityOfPage\":{\"@id\":\"https:\\\/\\\/www.ugtcomunicaciones.es\\\/wordpress\\\/mercado-telecos-mayo-2020-la-pandemia-se-ceba-con-el-movil-de-orange\\\/\"},\"wordCount\":586,\"publisher\":{\"@id\":\"https:\\\/\\\/www.ugtcomunicaciones.es\\\/wordpress\\\/#organization\"},\"image\":{\"@id\":\"https:\\\/\\\/www.ugtcomunicaciones.es\\\/wordpress\\\/mercado-telecos-mayo-2020-la-pandemia-se-ceba-con-el-movil-de-orange\\\/#primaryimage\"},\"thumbnailUrl\":\"https:\\\/\\\/www.ugtcomunicaciones.es\\\/wordpress\\\/wp-content\\\/uploads\\\/2020\\\/10\\\/la-pandemia-15.jpg\",\"articleSection\":[\"Mercado Comunicaciones\",\"Regulaci\u00f3n\"],\"inLanguage\":\"es\"},{\"@type\":\"WebPage\",\"@id\":\"https:\\\/\\\/www.ugtcomunicaciones.es\\\/wordpress\\\/mercado-telecos-mayo-2020-la-pandemia-se-ceba-con-el-movil-de-orange\\\/\",\"url\":\"https:\\\/\\\/www.ugtcomunicaciones.es\\\/wordpress\\\/mercado-telecos-mayo-2020-la-pandemia-se-ceba-con-el-movil-de-orange\\\/\",\"name\":\"Mercado telecos mayo 2020: la pandemia se ceba con el m\u00f3vil de Orange - UGT Comunicaciones\",\"isPartOf\":{\"@id\":\"https:\\\/\\\/www.ugtcomunicaciones.es\\\/wordpress\\\/#website\"},\"primaryImageOfPage\":{\"@id\":\"https:\\\/\\\/www.ugtcomunicaciones.es\\\/wordpress\\\/mercado-telecos-mayo-2020-la-pandemia-se-ceba-con-el-movil-de-orange\\\/#primaryimage\"},\"image\":{\"@id\":\"https:\\\/\\\/www.ugtcomunicaciones.es\\\/wordpress\\\/mercado-telecos-mayo-2020-la-pandemia-se-ceba-con-el-movil-de-orange\\\/#primaryimage\"},\"thumbnailUrl\":\"https:\\\/\\\/www.ugtcomunicaciones.es\\\/wordpress\\\/wp-content\\\/uploads\\\/2020\\\/10\\\/la-pandemia-15.jpg\",\"datePublished\":\"2020-10-19T05:00:12+00:00\",\"breadcrumb\":{\"@id\":\"https:\\\/\\\/www.ugtcomunicaciones.es\\\/wordpress\\\/mercado-telecos-mayo-2020-la-pandemia-se-ceba-con-el-movil-de-orange\\\/#breadcrumb\"},\"inLanguage\":\"es\",\"potentialAction\":[{\"@type\":\"ReadAction\",\"target\":[\"https:\\\/\\\/www.ugtcomunicaciones.es\\\/wordpress\\\/mercado-telecos-mayo-2020-la-pandemia-se-ceba-con-el-movil-de-orange\\\/\"]}]},{\"@type\":\"ImageObject\",\"inLanguage\":\"es\",\"@id\":\"https:\\\/\\\/www.ugtcomunicaciones.es\\\/wordpress\\\/mercado-telecos-mayo-2020-la-pandemia-se-ceba-con-el-movil-de-orange\\\/#primaryimage\",\"url\":\"https:\\\/\\\/www.ugtcomunicaciones.es\\\/wordpress\\\/wp-content\\\/uploads\\\/2020\\\/10\\\/la-pandemia-15.jpg\",\"contentUrl\":\"https:\\\/\\\/www.ugtcomunicaciones.es\\\/wordpress\\\/wp-content\\\/uploads\\\/2020\\\/10\\\/la-pandemia-15.jpg\",\"width\":600,\"height\":259},{\"@type\":\"BreadcrumbList\",\"@id\":\"https:\\\/\\\/www.ugtcomunicaciones.es\\\/wordpress\\\/mercado-telecos-mayo-2020-la-pandemia-se-ceba-con-el-movil-de-orange\\\/#breadcrumb\",\"itemListElement\":[{\"@type\":\"ListItem\",\"position\":1,\"name\":\"Portada\",\"item\":\"https:\\\/\\\/www.ugtcomunicaciones.es\\\/wordpress\\\/\"},{\"@type\":\"ListItem\",\"position\":2,\"name\":\"Mercado telecos mayo 2020: la pandemia se ceba con el m\u00f3vil de Orange\"}]},{\"@type\":\"WebSite\",\"@id\":\"https:\\\/\\\/www.ugtcomunicaciones.es\\\/wordpress\\\/#website\",\"url\":\"https:\\\/\\\/www.ugtcomunicaciones.es\\\/wordpress\\\/\",\"name\":\"UGT Comunicaciones\",\"description\":\"Sindicato de Telecomunicaciones\",\"publisher\":{\"@id\":\"https:\\\/\\\/www.ugtcomunicaciones.es\\\/wordpress\\\/#organization\"},\"potentialAction\":[{\"@type\":\"SearchAction\",\"target\":{\"@type\":\"EntryPoint\",\"urlTemplate\":\"https:\\\/\\\/www.ugtcomunicaciones.es\\\/wordpress\\\/?s={search_term_string}\"},\"query-input\":{\"@type\":\"PropertyValueSpecification\",\"valueRequired\":true,\"valueName\":\"search_term_string\"}}],\"inLanguage\":\"es\"},{\"@type\":\"Organization\",\"@id\":\"https:\\\/\\\/www.ugtcomunicaciones.es\\\/wordpress\\\/#organization\",\"name\":\"UGT Comunicaciones\",\"url\":\"https:\\\/\\\/www.ugtcomunicaciones.es\\\/wordpress\\\/\",\"logo\":{\"@type\":\"ImageObject\",\"inLanguage\":\"es\",\"@id\":\"https:\\\/\\\/www.ugtcomunicaciones.es\\\/wordpress\\\/#\\\/schema\\\/logo\\\/image\\\/\",\"url\":\"https:\\\/\\\/www.ugtcomunicaciones.es\\\/wordpress\\\/wp-content\\\/uploads\\\/2024\\\/04\\\/comunicaciones_logo.png\",\"contentUrl\":\"https:\\\/\\\/www.ugtcomunicaciones.es\\\/wordpress\\\/wp-content\\\/uploads\\\/2024\\\/04\\\/comunicaciones_logo.png\",\"width\":298,\"height\":81,\"caption\":\"UGT Comunicaciones\"},\"image\":{\"@id\":\"https:\\\/\\\/www.ugtcomunicaciones.es\\\/wordpress\\\/#\\\/schema\\\/logo\\\/image\\\/\"},\"sameAs\":[\"https:\\\/\\\/www.facebook.com\\\/ugt.comunicaciones\\\/\",\"https:\\\/\\\/x.com\\\/ugtcom\"]},{\"@type\":\"Person\",\"@id\":\"https:\\\/\\\/www.ugtcomunicaciones.es\\\/wordpress\\\/#\\\/schema\\\/person\\\/eba0fc3fe5b444531d94d4368cba89ed\",\"name\":\"UGT\",\"image\":{\"@type\":\"ImageObject\",\"inLanguage\":\"es\",\"@id\":\"https:\\\/\\\/secure.gravatar.com\\\/avatar\\\/2a16057d620a4c646bcfc171c4f23030879ebbdd346f0525bd5d4a564e57e13d?s=96&d=mm&r=g\",\"url\":\"https:\\\/\\\/secure.gravatar.com\\\/avatar\\\/2a16057d620a4c646bcfc171c4f23030879ebbdd346f0525bd5d4a564e57e13d?s=96&d=mm&r=g\",\"contentUrl\":\"https:\\\/\\\/secure.gravatar.com\\\/avatar\\\/2a16057d620a4c646bcfc171c4f23030879ebbdd346f0525bd5d4a564e57e13d?s=96&d=mm&r=g\",\"caption\":\"UGT\"}}]}<\/script>\n<!-- \/ Yoast SEO Premium plugin. -->","yoast_head_json":{"title":"Mercado telecos mayo 2020: la pandemia se ceba con el m\u00f3vil de Orange - UGT Comunicaciones","robots":{"index":"index","follow":"follow","max-snippet":"max-snippet:-1","max-image-preview":"max-image-preview:large","max-video-preview":"max-video-preview:-1"},"canonical":"https:\/\/www.ugtcomunicaciones.es\/wordpress\/mercado-telecos-mayo-2020-la-pandemia-se-ceba-con-el-movil-de-orange\/","og_locale":"es_ES","og_type":"article","og_title":"Mercado telecos mayo 2020: la pandemia se ceba con el m\u00f3vil de Orange","og_description":"En el inusual espacio de una semana, el regulador ha publicado los resultados de dos meses consecutivos, aliviando el retraso de informaci\u00f3n que ven\u00eda acumulando desde la primavera. Como el mes precedente, los datos de mayo de 2020 debe hacerse desde la perspectiva de otro mes completo bajo el Estado de Alarma, entre un confinamiento [&hellip;]","og_url":"https:\/\/www.ugtcomunicaciones.es\/wordpress\/mercado-telecos-mayo-2020-la-pandemia-se-ceba-con-el-movil-de-orange\/","og_site_name":"UGT Comunicaciones","article_publisher":"https:\/\/www.facebook.com\/ugt.comunicaciones\/","article_published_time":"2020-10-19T05:00:12+00:00","og_image":[{"width":600,"height":259,"url":"https:\/\/www.ugtcomunicaciones.es\/wordpress\/wp-content\/uploads\/2020\/10\/la-pandemia-15.jpg","type":"image\/jpeg"}],"author":"UGT","twitter_card":"summary_large_image","twitter_creator":"@ugtcom","twitter_site":"@ugtcom","twitter_misc":{"Escrito por":"UGT","Tiempo de lectura":"3 minutos"},"schema":{"@context":"https:\/\/schema.org","@graph":[{"@type":"Article","@id":"https:\/\/www.ugtcomunicaciones.es\/wordpress\/mercado-telecos-mayo-2020-la-pandemia-se-ceba-con-el-movil-de-orange\/#article","isPartOf":{"@id":"https:\/\/www.ugtcomunicaciones.es\/wordpress\/mercado-telecos-mayo-2020-la-pandemia-se-ceba-con-el-movil-de-orange\/"},"author":{"name":"UGT","@id":"https:\/\/www.ugtcomunicaciones.es\/wordpress\/#\/schema\/person\/eba0fc3fe5b444531d94d4368cba89ed"},"headline":"Mercado telecos mayo 2020: la pandemia se ceba con el m\u00f3vil de Orange","datePublished":"2020-10-19T05:00:12+00:00","mainEntityOfPage":{"@id":"https:\/\/www.ugtcomunicaciones.es\/wordpress\/mercado-telecos-mayo-2020-la-pandemia-se-ceba-con-el-movil-de-orange\/"},"wordCount":586,"publisher":{"@id":"https:\/\/www.ugtcomunicaciones.es\/wordpress\/#organization"},"image":{"@id":"https:\/\/www.ugtcomunicaciones.es\/wordpress\/mercado-telecos-mayo-2020-la-pandemia-se-ceba-con-el-movil-de-orange\/#primaryimage"},"thumbnailUrl":"https:\/\/www.ugtcomunicaciones.es\/wordpress\/wp-content\/uploads\/2020\/10\/la-pandemia-15.jpg","articleSection":["Mercado Comunicaciones","Regulaci\u00f3n"],"inLanguage":"es"},{"@type":"WebPage","@id":"https:\/\/www.ugtcomunicaciones.es\/wordpress\/mercado-telecos-mayo-2020-la-pandemia-se-ceba-con-el-movil-de-orange\/","url":"https:\/\/www.ugtcomunicaciones.es\/wordpress\/mercado-telecos-mayo-2020-la-pandemia-se-ceba-con-el-movil-de-orange\/","name":"Mercado telecos mayo 2020: la pandemia se ceba con el m\u00f3vil de Orange - UGT Comunicaciones","isPartOf":{"@id":"https:\/\/www.ugtcomunicaciones.es\/wordpress\/#website"},"primaryImageOfPage":{"@id":"https:\/\/www.ugtcomunicaciones.es\/wordpress\/mercado-telecos-mayo-2020-la-pandemia-se-ceba-con-el-movil-de-orange\/#primaryimage"},"image":{"@id":"https:\/\/www.ugtcomunicaciones.es\/wordpress\/mercado-telecos-mayo-2020-la-pandemia-se-ceba-con-el-movil-de-orange\/#primaryimage"},"thumbnailUrl":"https:\/\/www.ugtcomunicaciones.es\/wordpress\/wp-content\/uploads\/2020\/10\/la-pandemia-15.jpg","datePublished":"2020-10-19T05:00:12+00:00","breadcrumb":{"@id":"https:\/\/www.ugtcomunicaciones.es\/wordpress\/mercado-telecos-mayo-2020-la-pandemia-se-ceba-con-el-movil-de-orange\/#breadcrumb"},"inLanguage":"es","potentialAction":[{"@type":"ReadAction","target":["https:\/\/www.ugtcomunicaciones.es\/wordpress\/mercado-telecos-mayo-2020-la-pandemia-se-ceba-con-el-movil-de-orange\/"]}]},{"@type":"ImageObject","inLanguage":"es","@id":"https:\/\/www.ugtcomunicaciones.es\/wordpress\/mercado-telecos-mayo-2020-la-pandemia-se-ceba-con-el-movil-de-orange\/#primaryimage","url":"https:\/\/www.ugtcomunicaciones.es\/wordpress\/wp-content\/uploads\/2020\/10\/la-pandemia-15.jpg","contentUrl":"https:\/\/www.ugtcomunicaciones.es\/wordpress\/wp-content\/uploads\/2020\/10\/la-pandemia-15.jpg","width":600,"height":259},{"@type":"BreadcrumbList","@id":"https:\/\/www.ugtcomunicaciones.es\/wordpress\/mercado-telecos-mayo-2020-la-pandemia-se-ceba-con-el-movil-de-orange\/#breadcrumb","itemListElement":[{"@type":"ListItem","position":1,"name":"Portada","item":"https:\/\/www.ugtcomunicaciones.es\/wordpress\/"},{"@type":"ListItem","position":2,"name":"Mercado telecos mayo 2020: la pandemia se ceba con el m\u00f3vil de Orange"}]},{"@type":"WebSite","@id":"https:\/\/www.ugtcomunicaciones.es\/wordpress\/#website","url":"https:\/\/www.ugtcomunicaciones.es\/wordpress\/","name":"UGT Comunicaciones","description":"Sindicato de Telecomunicaciones","publisher":{"@id":"https:\/\/www.ugtcomunicaciones.es\/wordpress\/#organization"},"potentialAction":[{"@type":"SearchAction","target":{"@type":"EntryPoint","urlTemplate":"https:\/\/www.ugtcomunicaciones.es\/wordpress\/?s={search_term_string}"},"query-input":{"@type":"PropertyValueSpecification","valueRequired":true,"valueName":"search_term_string"}}],"inLanguage":"es"},{"@type":"Organization","@id":"https:\/\/www.ugtcomunicaciones.es\/wordpress\/#organization","name":"UGT Comunicaciones","url":"https:\/\/www.ugtcomunicaciones.es\/wordpress\/","logo":{"@type":"ImageObject","inLanguage":"es","@id":"https:\/\/www.ugtcomunicaciones.es\/wordpress\/#\/schema\/logo\/image\/","url":"https:\/\/www.ugtcomunicaciones.es\/wordpress\/wp-content\/uploads\/2024\/04\/comunicaciones_logo.png","contentUrl":"https:\/\/www.ugtcomunicaciones.es\/wordpress\/wp-content\/uploads\/2024\/04\/comunicaciones_logo.png","width":298,"height":81,"caption":"UGT Comunicaciones"},"image":{"@id":"https:\/\/www.ugtcomunicaciones.es\/wordpress\/#\/schema\/logo\/image\/"},"sameAs":["https:\/\/www.facebook.com\/ugt.comunicaciones\/","https:\/\/x.com\/ugtcom"]},{"@type":"Person","@id":"https:\/\/www.ugtcomunicaciones.es\/wordpress\/#\/schema\/person\/eba0fc3fe5b444531d94d4368cba89ed","name":"UGT","image":{"@type":"ImageObject","inLanguage":"es","@id":"https:\/\/secure.gravatar.com\/avatar\/2a16057d620a4c646bcfc171c4f23030879ebbdd346f0525bd5d4a564e57e13d?s=96&d=mm&r=g","url":"https:\/\/secure.gravatar.com\/avatar\/2a16057d620a4c646bcfc171c4f23030879ebbdd346f0525bd5d4a564e57e13d?s=96&d=mm&r=g","contentUrl":"https:\/\/secure.gravatar.com\/avatar\/2a16057d620a4c646bcfc171c4f23030879ebbdd346f0525bd5d4a564e57e13d?s=96&d=mm&r=g","caption":"UGT"}}]}},"_links":{"self":[{"href":"https:\/\/www.ugtcomunicaciones.es\/wordpress\/wp-json\/wp\/v2\/posts\/673799","targetHints":{"allow":["GET"]}}],"collection":[{"href":"https:\/\/www.ugtcomunicaciones.es\/wordpress\/wp-json\/wp\/v2\/posts"}],"about":[{"href":"https:\/\/www.ugtcomunicaciones.es\/wordpress\/wp-json\/wp\/v2\/types\/post"}],"author":[{"embeddable":true,"href":"https:\/\/www.ugtcomunicaciones.es\/wordpress\/wp-json\/wp\/v2\/users\/3"}],"replies":[{"embeddable":true,"href":"https:\/\/www.ugtcomunicaciones.es\/wordpress\/wp-json\/wp\/v2\/comments?post=673799"}],"version-history":[{"count":0,"href":"https:\/\/www.ugtcomunicaciones.es\/wordpress\/wp-json\/wp\/v2\/posts\/673799\/revisions"}],"wp:featuredmedia":[{"embeddable":true,"href":"https:\/\/www.ugtcomunicaciones.es\/wordpress\/wp-json\/wp\/v2\/media\/673872"}],"wp:attachment":[{"href":"https:\/\/www.ugtcomunicaciones.es\/wordpress\/wp-json\/wp\/v2\/media?parent=673799"}],"wp:term":[{"taxonomy":"category","embeddable":true,"href":"https:\/\/www.ugtcomunicaciones.es\/wordpress\/wp-json\/wp\/v2\/categories?post=673799"},{"taxonomy":"post_tag","embeddable":true,"href":"https:\/\/www.ugtcomunicaciones.es\/wordpress\/wp-json\/wp\/v2\/tags?post=673799"}],"curies":[{"name":"wp","href":"https:\/\/api.w.org\/{rel}","templated":true}]}}