{"id":683855,"date":"2020-11-03T07:00:04","date_gmt":"2020-11-03T05:00:04","guid":{"rendered":"https:\/\/www.ugtcomunicaciones.es\/wordpress\/?p=683855"},"modified":"2020-10-27T12:07:13","modified_gmt":"2020-10-27T10:07:13","slug":"683855-2","status":"publish","type":"post","link":"https:\/\/www.ugtcomunicaciones.es\/wordpress\/683855-2\/","title":{"rendered":"La justicia europea pone l\u00edmites a vigilancia masiva de redes Telco"},"content":{"rendered":"<p style=\"text-align: justify;\">Mucho se ha escrito y representado (en el cine sin ir m\u00e1s lejos) sobre c\u00f3mo los gobiernos vigilan las comunicaciones que se desarrollan a trav\u00e9s de las redes de telecomunicaciones. Aunque es dif\u00edcil distinguir realidad de ficci\u00f3n (el caso Snowden, que no el \u00fanico, es paradigm\u00e1tico), lo cierto es que muchos Estados de la Uni\u00f3n se hab\u00edan arrogado ciertas facultades intervencionistas, de forma masiva e indiscriminada, que ahora han sido vetadas por el Tribunal de Justicia de la Uni\u00f3n Europea (TJUE).<\/p>\n<p style=\"text-align: justify;\">El caso que nos ocupa<sup class=\"modern-footnotes-footnote \" data-mfn=\"1\" data-mfn-post-scope=\"00000000000041470000000000000000_683855\"><a href=\"javascript:void(0)\"  role=\"button\" aria-pressed=\"false\" aria-describedby=\"mfn-content-00000000000041470000000000000000_683855-1\">1<\/a><\/sup><span id=\"mfn-content-00000000000041470000000000000000_683855-1\" role=\"tooltip\" class=\"modern-footnotes-footnote__note\" tabindex=\"0\" data-mfn=\"1\"><a href=\"https:\/\/curia.europa.eu\/jcms\/upload\/docs\/application\/pdf\/2020-10\/cp200123en.pdf\" target=\"_blank\" rel=\"noopener noreferrer\">https:\/\/curia.europa.eu\/jcms\/upload\/docs\/application\/pdf\/2020-10\/cp200123en.pdf<\/a><\/span>\u00a0est\u00e1 presentado por la asociaci\u00f3n francesa <em>La Quadrature du Net<\/em>, que tiene entre sus objetivos <em>\u201cpromover y defender las libertades fundamentales en el entorno digital<sup class=\"modern-footnotes-footnote \" data-mfn=\"2\" data-mfn-post-scope=\"00000000000041470000000000000000_683855\"><a href=\"javascript:void(0)\"  role=\"button\" aria-pressed=\"false\" aria-describedby=\"mfn-content-00000000000041470000000000000000_683855-2\">2<\/a><\/sup><span id=\"mfn-content-00000000000041470000000000000000_683855-2\" role=\"tooltip\" class=\"modern-footnotes-footnote__note\" tabindex=\"0\" data-mfn=\"2\"><a href=\"https:\/\/www.laquadrature.net\/nous\/\" target=\"_blank\" rel=\"noopener noreferrer\">https:\/\/www.laquadrature.net\/nous\/<\/a><\/span>\u201d<\/em>. Esta asociaci\u00f3n lleva m\u00e1s de quince a\u00f1os pugnando por eliminar las leyes francesas que permiten la retenci\u00f3n generalizada de datos sobre conexiones y tr\u00e1fico de telecomunicaciones, ampar\u00e1ndose en cuestiones de seguridad nacional.<\/p>\n<p style=\"text-align: justify;\">Seg\u00fan el TJUE, la exigencia, general e indiscriminada, hacia un proveedor de servicios de comunicaciones electr\u00f3nicas para la retenci\u00f3n de datos de tr\u00e1fico y ubicaci\u00f3n, bajo el prop\u00f3sito de combatir el crimen en general, o de salvaguardar la seguridad nacional, es desproporcionada y representa una injerencia en los derechos fundamentales de la ciudadan\u00eda europea<sup class=\"modern-footnotes-footnote \" data-mfn=\"3\" data-mfn-post-scope=\"00000000000041470000000000000000_683855\"><a href=\"javascript:void(0)\"  role=\"button\" aria-pressed=\"false\" aria-describedby=\"mfn-content-00000000000041470000000000000000_683855-3\">3<\/a><\/sup><span id=\"mfn-content-00000000000041470000000000000000_683855-3\" role=\"tooltip\" class=\"modern-footnotes-footnote__note\" tabindex=\"0\" data-mfn=\"3\"><a href=\"https:\/\/www.cnbc.com\/2020\/10\/06\/ecj-limits-government-spying-on-citizens-mobile-and-internet-data-.html\" target=\"_blank\" rel=\"noopener noreferrer\">https:\/\/www.cnbc.com\/2020\/10\/06\/ecj-limits-government-spying-on-citizens-mobile-and-internet-data-.html<\/a><\/span>. De esto modo, deja proscrita esta pr\u00e1ctica, pero abriendo una puerta que se pueda realizar bajo f\u00e9rreas medidas, como garantizar la debida confidencialidad y proporcionalidad, que est\u00e9 limitada en el tiempo y ajustada a t\u00e9rminos necesarios, que exista \u201cuna seria amenaza\u201d para la seguridad nacional que se demuestre \u201creal o predecible<sup class=\"modern-footnotes-footnote \" data-mfn=\"4\" data-mfn-post-scope=\"00000000000041470000000000000000_683855\"><a href=\"javascript:void(0)\"  role=\"button\" aria-pressed=\"false\" aria-describedby=\"mfn-content-00000000000041470000000000000000_683855-4\">4<\/a><\/sup><span id=\"mfn-content-00000000000041470000000000000000_683855-4\" role=\"tooltip\" class=\"modern-footnotes-footnote__note\" tabindex=\"0\" data-mfn=\"4\"><a href=\"https:\/\/www.europapress.es\/economia\/noticia-tue-avisa-recogida-datos-moviles-caso-amenaza-no-puede-ser-indiscriminada-ilimitada-20201006105900.html\" target=\"_blank\" rel=\"noopener noreferrer\">https:\/\/www.europapress.es\/economia\/noticia-tue-avisa-recogida-datos-moviles-caso-amenaza-no-puede-ser-indiscriminada-ilimitada-20201006105900.html<\/a><\/span>\u201d y el cumplimiento estricto de los derechos garantizados por la \u00a0Carta de los Derechos Fundamentales de la Uni\u00f3n Europea<sup class=\"modern-footnotes-footnote \" data-mfn=\"5\" data-mfn-post-scope=\"00000000000041470000000000000000_683855\"><a href=\"javascript:void(0)\"  role=\"button\" aria-pressed=\"false\" aria-describedby=\"mfn-content-00000000000041470000000000000000_683855-5\">5<\/a><\/sup><span id=\"mfn-content-00000000000041470000000000000000_683855-5\" role=\"tooltip\" class=\"modern-footnotes-footnote__note\" tabindex=\"0\" data-mfn=\"5\"><a href=\"https:\/\/www.europarl.europa.eu\/charter\/pdf\/text_es.pdf\" target=\"_blank\" rel=\"noopener noreferrer\">https:\/\/www.europarl.europa.eu\/charter\/pdf\/text_es.pdf<\/a><\/span>. La propia asociaci\u00f3n demandante pone ejemplos, como el caso de las direcciones IP: <em>\u201cestas direcciones solo pueden usarse en investigaciones de delitos graves o asuntos de seguridad nacional (en particular, terrorismo). Otra victoria importante es que la ley ya no puede obligar a los hosts de sitios web a monitorear a todos sus usuarios en nombre del estado, teniendo en cuenta qui\u00e9n publica qu\u00e9, con qu\u00e9 direcci\u00f3n IP, cu\u00e1ndo, etc.<sup class=\"modern-footnotes-footnote \" data-mfn=\"6\" data-mfn-post-scope=\"00000000000041470000000000000000_683855\"><a href=\"javascript:void(0)\"  role=\"button\" aria-pressed=\"false\" aria-describedby=\"mfn-content-00000000000041470000000000000000_683855-6\">6<\/a><\/sup><span id=\"mfn-content-00000000000041470000000000000000_683855-6\" role=\"tooltip\" class=\"modern-footnotes-footnote__note\" tabindex=\"0\" data-mfn=\"6\"><a href=\"https:\/\/www.laquadrature.net\/2020\/10\/06\/surveillance-une-defaite-victorieuse\/\" target=\"_blank\" rel=\"noopener noreferrer\">https:\/\/www.laquadrature.net\/2020\/10\/06\/surveillance-une-defaite-victorieuse\/<\/a><\/span>\u201d.<\/em><\/p>\n<p style=\"text-align: justify;\">La sentencia afecta a tres Estados Miembros de la Uni\u00f3n (Francia, B\u00e9lgica y el Reino Unido), que deber\u00e1n ahora adaptar sus respectivas legislaciones.<\/p>\n<p style=\"text-align: justify;\">No obstante, no es la primera vez que el TJUE sentencia en este sentido: ya existen precedentes para Tele2 en Suecia<sup class=\"modern-footnotes-footnote \" data-mfn=\"7\" data-mfn-post-scope=\"00000000000041470000000000000000_683855\"><a href=\"javascript:void(0)\"  role=\"button\" aria-pressed=\"false\" aria-describedby=\"mfn-content-00000000000041470000000000000000_683855-7\">7<\/a><\/sup><span id=\"mfn-content-00000000000041470000000000000000_683855-7\" role=\"tooltip\" class=\"modern-footnotes-footnote__note\" tabindex=\"0\" data-mfn=\"7\"><a href=\"http:\/\/curia.europa.eu\/juris\/documents.jsf?num=C-203\/15\" target=\"_blank\" rel=\"noopener noreferrer\">http:\/\/curia.europa.eu\/juris\/documents.jsf?num=C-203\/15<\/a><\/span> y para el servicio de mensajer\u00eda de IBM Watson<sup class=\"modern-footnotes-footnote \" data-mfn=\"8\" data-mfn-post-scope=\"00000000000041470000000000000000_683855\"><a href=\"javascript:void(0)\"  role=\"button\" aria-pressed=\"false\" aria-describedby=\"mfn-content-00000000000041470000000000000000_683855-8\">8<\/a><\/sup><span id=\"mfn-content-00000000000041470000000000000000_683855-8\" role=\"tooltip\" class=\"modern-footnotes-footnote__note\" tabindex=\"0\" data-mfn=\"8\"><a href=\"http:\/\/curia.europa.eu\/juris\/documents.jsf?num=C-698\/15\" target=\"_blank\" rel=\"noopener noreferrer\">http:\/\/curia.europa.eu\/juris\/documents.jsf?num=C-698\/15<\/a><\/span>.<\/p>\n<h4 style=\"text-align: right;\"><strong><span style=\"color: #ff0000;\">UGT<\/span> Comunicaciones<\/strong><\/h4>\n<p>&nbsp;<\/p>\n<p><a href=\"#_ftnref1\" name=\"_ftn1\"><\/a><\/p>\n","protected":false},"excerpt":{"rendered":"<p>Mucho se ha escrito y representado (en el cine sin ir m\u00e1s lejos) sobre c\u00f3mo los gobiernos vigilan las comunicaciones que se desarrollan a trav\u00e9s de las redes de telecomunicaciones. Aunque es dif\u00edcil distinguir realidad de ficci\u00f3n (el caso Snowden, que no el \u00fanico, es paradigm\u00e1tico), lo cierto es que muchos Estados de la Uni\u00f3n [&hellip;]<\/p>\n","protected":false},"author":3,"featured_media":683859,"comment_status":"closed","ping_status":"closed","sticky":false,"template":"","format":"standard","meta":{"footnotes":""},"categories":[13,12],"tags":[],"class_list":["post-683855","post","type-post","status-publish","format-standard","has-post-thumbnail","hentry","category-mercado-comunicaciones","category-regulacion"],"yoast_head":"<!-- This site is optimized with the Yoast SEO Premium plugin v27.3 (Yoast SEO v27.4) - https:\/\/yoast.com\/product\/yoast-seo-premium-wordpress\/ -->\n<title>La justicia europea pone l\u00edmites a vigilancia masiva de redes Telco - UGT Comunicaciones<\/title>\n<meta name=\"robots\" content=\"index, follow, max-snippet:-1, max-image-preview:large, max-video-preview:-1\" \/>\n<link rel=\"canonical\" href=\"https:\/\/www.ugtcomunicaciones.es\/wordpress\/683855-2\/\" \/>\n<meta property=\"og:locale\" content=\"es_ES\" \/>\n<meta property=\"og:type\" content=\"article\" \/>\n<meta property=\"og:title\" content=\"La justicia europea pone l\u00edmites a vigilancia masiva de redes Telco\" \/>\n<meta property=\"og:description\" content=\"Mucho se ha escrito y representado (en el cine sin ir m\u00e1s lejos) sobre c\u00f3mo los gobiernos vigilan las comunicaciones que se desarrollan a trav\u00e9s de las redes de telecomunicaciones. Aunque es dif\u00edcil distinguir realidad de ficci\u00f3n (el caso Snowden, que no el \u00fanico, es paradigm\u00e1tico), lo cierto es que muchos Estados de la Uni\u00f3n [&hellip;]\" \/>\n<meta property=\"og:url\" content=\"https:\/\/www.ugtcomunicaciones.es\/wordpress\/683855-2\/\" \/>\n<meta property=\"og:site_name\" content=\"UGT Comunicaciones\" \/>\n<meta property=\"article:publisher\" content=\"https:\/\/www.facebook.com\/ugt.comunicaciones\/\" \/>\n<meta property=\"article:published_time\" content=\"2020-11-03T05:00:04+00:00\" \/>\n<meta property=\"og:image\" content=\"https:\/\/www.ugtcomunicaciones.es\/wordpress\/wp-content\/uploads\/2020\/11\/justicia-1.jpg\" \/>\n\t<meta property=\"og:image:width\" content=\"600\" \/>\n\t<meta property=\"og:image:height\" content=\"337\" \/>\n\t<meta property=\"og:image:type\" content=\"image\/jpeg\" \/>\n<meta name=\"author\" content=\"UGT\" \/>\n<meta name=\"twitter:card\" content=\"summary_large_image\" \/>\n<meta name=\"twitter:creator\" content=\"@ugtcom\" \/>\n<meta name=\"twitter:site\" content=\"@ugtcom\" \/>\n<meta name=\"twitter:label1\" content=\"Escrito por\" \/>\n\t<meta name=\"twitter:data1\" content=\"UGT\" \/>\n\t<meta name=\"twitter:label2\" content=\"Tiempo de lectura\" \/>\n\t<meta name=\"twitter:data2\" content=\"3 minutos\" \/>\n<script type=\"application\/ld+json\" class=\"yoast-schema-graph\">{\"@context\":\"https:\\\/\\\/schema.org\",\"@graph\":[{\"@type\":\"Article\",\"@id\":\"https:\\\/\\\/www.ugtcomunicaciones.es\\\/wordpress\\\/683855-2\\\/#article\",\"isPartOf\":{\"@id\":\"https:\\\/\\\/www.ugtcomunicaciones.es\\\/wordpress\\\/683855-2\\\/\"},\"author\":{\"name\":\"UGT\",\"@id\":\"https:\\\/\\\/www.ugtcomunicaciones.es\\\/wordpress\\\/#\\\/schema\\\/person\\\/eba0fc3fe5b444531d94d4368cba89ed\"},\"headline\":\"La justicia europea pone l\u00edmites a vigilancia masiva de redes Telco\",\"datePublished\":\"2020-11-03T05:00:04+00:00\",\"mainEntityOfPage\":{\"@id\":\"https:\\\/\\\/www.ugtcomunicaciones.es\\\/wordpress\\\/683855-2\\\/\"},\"wordCount\":520,\"publisher\":{\"@id\":\"https:\\\/\\\/www.ugtcomunicaciones.es\\\/wordpress\\\/#organization\"},\"image\":{\"@id\":\"https:\\\/\\\/www.ugtcomunicaciones.es\\\/wordpress\\\/683855-2\\\/#primaryimage\"},\"thumbnailUrl\":\"https:\\\/\\\/www.ugtcomunicaciones.es\\\/wordpress\\\/wp-content\\\/uploads\\\/2020\\\/11\\\/justicia-1.jpg\",\"articleSection\":[\"Mercado Comunicaciones\",\"Regulaci\u00f3n\"],\"inLanguage\":\"es\"},{\"@type\":\"WebPage\",\"@id\":\"https:\\\/\\\/www.ugtcomunicaciones.es\\\/wordpress\\\/683855-2\\\/\",\"url\":\"https:\\\/\\\/www.ugtcomunicaciones.es\\\/wordpress\\\/683855-2\\\/\",\"name\":\"La justicia europea pone l\u00edmites a vigilancia masiva de redes Telco - UGT Comunicaciones\",\"isPartOf\":{\"@id\":\"https:\\\/\\\/www.ugtcomunicaciones.es\\\/wordpress\\\/#website\"},\"primaryImageOfPage\":{\"@id\":\"https:\\\/\\\/www.ugtcomunicaciones.es\\\/wordpress\\\/683855-2\\\/#primaryimage\"},\"image\":{\"@id\":\"https:\\\/\\\/www.ugtcomunicaciones.es\\\/wordpress\\\/683855-2\\\/#primaryimage\"},\"thumbnailUrl\":\"https:\\\/\\\/www.ugtcomunicaciones.es\\\/wordpress\\\/wp-content\\\/uploads\\\/2020\\\/11\\\/justicia-1.jpg\",\"datePublished\":\"2020-11-03T05:00:04+00:00\",\"breadcrumb\":{\"@id\":\"https:\\\/\\\/www.ugtcomunicaciones.es\\\/wordpress\\\/683855-2\\\/#breadcrumb\"},\"inLanguage\":\"es\",\"potentialAction\":[{\"@type\":\"ReadAction\",\"target\":[\"https:\\\/\\\/www.ugtcomunicaciones.es\\\/wordpress\\\/683855-2\\\/\"]}]},{\"@type\":\"ImageObject\",\"inLanguage\":\"es\",\"@id\":\"https:\\\/\\\/www.ugtcomunicaciones.es\\\/wordpress\\\/683855-2\\\/#primaryimage\",\"url\":\"https:\\\/\\\/www.ugtcomunicaciones.es\\\/wordpress\\\/wp-content\\\/uploads\\\/2020\\\/11\\\/justicia-1.jpg\",\"contentUrl\":\"https:\\\/\\\/www.ugtcomunicaciones.es\\\/wordpress\\\/wp-content\\\/uploads\\\/2020\\\/11\\\/justicia-1.jpg\",\"width\":600,\"height\":337},{\"@type\":\"BreadcrumbList\",\"@id\":\"https:\\\/\\\/www.ugtcomunicaciones.es\\\/wordpress\\\/683855-2\\\/#breadcrumb\",\"itemListElement\":[{\"@type\":\"ListItem\",\"position\":1,\"name\":\"Portada\",\"item\":\"https:\\\/\\\/www.ugtcomunicaciones.es\\\/wordpress\\\/\"},{\"@type\":\"ListItem\",\"position\":2,\"name\":\"La justicia europea pone l\u00edmites a vigilancia masiva de redes Telco\"}]},{\"@type\":\"WebSite\",\"@id\":\"https:\\\/\\\/www.ugtcomunicaciones.es\\\/wordpress\\\/#website\",\"url\":\"https:\\\/\\\/www.ugtcomunicaciones.es\\\/wordpress\\\/\",\"name\":\"UGT Comunicaciones\",\"description\":\"Sindicato de Telecomunicaciones\",\"publisher\":{\"@id\":\"https:\\\/\\\/www.ugtcomunicaciones.es\\\/wordpress\\\/#organization\"},\"potentialAction\":[{\"@type\":\"SearchAction\",\"target\":{\"@type\":\"EntryPoint\",\"urlTemplate\":\"https:\\\/\\\/www.ugtcomunicaciones.es\\\/wordpress\\\/?s={search_term_string}\"},\"query-input\":{\"@type\":\"PropertyValueSpecification\",\"valueRequired\":true,\"valueName\":\"search_term_string\"}}],\"inLanguage\":\"es\"},{\"@type\":\"Organization\",\"@id\":\"https:\\\/\\\/www.ugtcomunicaciones.es\\\/wordpress\\\/#organization\",\"name\":\"UGT Comunicaciones\",\"url\":\"https:\\\/\\\/www.ugtcomunicaciones.es\\\/wordpress\\\/\",\"logo\":{\"@type\":\"ImageObject\",\"inLanguage\":\"es\",\"@id\":\"https:\\\/\\\/www.ugtcomunicaciones.es\\\/wordpress\\\/#\\\/schema\\\/logo\\\/image\\\/\",\"url\":\"https:\\\/\\\/www.ugtcomunicaciones.es\\\/wordpress\\\/wp-content\\\/uploads\\\/2024\\\/04\\\/comunicaciones_logo.png\",\"contentUrl\":\"https:\\\/\\\/www.ugtcomunicaciones.es\\\/wordpress\\\/wp-content\\\/uploads\\\/2024\\\/04\\\/comunicaciones_logo.png\",\"width\":298,\"height\":81,\"caption\":\"UGT Comunicaciones\"},\"image\":{\"@id\":\"https:\\\/\\\/www.ugtcomunicaciones.es\\\/wordpress\\\/#\\\/schema\\\/logo\\\/image\\\/\"},\"sameAs\":[\"https:\\\/\\\/www.facebook.com\\\/ugt.comunicaciones\\\/\",\"https:\\\/\\\/x.com\\\/ugtcom\"]},{\"@type\":\"Person\",\"@id\":\"https:\\\/\\\/www.ugtcomunicaciones.es\\\/wordpress\\\/#\\\/schema\\\/person\\\/eba0fc3fe5b444531d94d4368cba89ed\",\"name\":\"UGT\",\"image\":{\"@type\":\"ImageObject\",\"inLanguage\":\"es\",\"@id\":\"https:\\\/\\\/secure.gravatar.com\\\/avatar\\\/2a16057d620a4c646bcfc171c4f23030879ebbdd346f0525bd5d4a564e57e13d?s=96&d=mm&r=g\",\"url\":\"https:\\\/\\\/secure.gravatar.com\\\/avatar\\\/2a16057d620a4c646bcfc171c4f23030879ebbdd346f0525bd5d4a564e57e13d?s=96&d=mm&r=g\",\"contentUrl\":\"https:\\\/\\\/secure.gravatar.com\\\/avatar\\\/2a16057d620a4c646bcfc171c4f23030879ebbdd346f0525bd5d4a564e57e13d?s=96&d=mm&r=g\",\"caption\":\"UGT\"}}]}<\/script>\n<!-- \/ Yoast SEO Premium plugin. -->","yoast_head_json":{"title":"La justicia europea pone l\u00edmites a vigilancia masiva de redes Telco - UGT Comunicaciones","robots":{"index":"index","follow":"follow","max-snippet":"max-snippet:-1","max-image-preview":"max-image-preview:large","max-video-preview":"max-video-preview:-1"},"canonical":"https:\/\/www.ugtcomunicaciones.es\/wordpress\/683855-2\/","og_locale":"es_ES","og_type":"article","og_title":"La justicia europea pone l\u00edmites a vigilancia masiva de redes Telco","og_description":"Mucho se ha escrito y representado (en el cine sin ir m\u00e1s lejos) sobre c\u00f3mo los gobiernos vigilan las comunicaciones que se desarrollan a trav\u00e9s de las redes de telecomunicaciones. Aunque es dif\u00edcil distinguir realidad de ficci\u00f3n (el caso Snowden, que no el \u00fanico, es paradigm\u00e1tico), lo cierto es que muchos Estados de la Uni\u00f3n [&hellip;]","og_url":"https:\/\/www.ugtcomunicaciones.es\/wordpress\/683855-2\/","og_site_name":"UGT Comunicaciones","article_publisher":"https:\/\/www.facebook.com\/ugt.comunicaciones\/","article_published_time":"2020-11-03T05:00:04+00:00","og_image":[{"width":600,"height":337,"url":"https:\/\/www.ugtcomunicaciones.es\/wordpress\/wp-content\/uploads\/2020\/11\/justicia-1.jpg","type":"image\/jpeg"}],"author":"UGT","twitter_card":"summary_large_image","twitter_creator":"@ugtcom","twitter_site":"@ugtcom","twitter_misc":{"Escrito por":"UGT","Tiempo de lectura":"3 minutos"},"schema":{"@context":"https:\/\/schema.org","@graph":[{"@type":"Article","@id":"https:\/\/www.ugtcomunicaciones.es\/wordpress\/683855-2\/#article","isPartOf":{"@id":"https:\/\/www.ugtcomunicaciones.es\/wordpress\/683855-2\/"},"author":{"name":"UGT","@id":"https:\/\/www.ugtcomunicaciones.es\/wordpress\/#\/schema\/person\/eba0fc3fe5b444531d94d4368cba89ed"},"headline":"La justicia europea pone l\u00edmites a vigilancia masiva de redes Telco","datePublished":"2020-11-03T05:00:04+00:00","mainEntityOfPage":{"@id":"https:\/\/www.ugtcomunicaciones.es\/wordpress\/683855-2\/"},"wordCount":520,"publisher":{"@id":"https:\/\/www.ugtcomunicaciones.es\/wordpress\/#organization"},"image":{"@id":"https:\/\/www.ugtcomunicaciones.es\/wordpress\/683855-2\/#primaryimage"},"thumbnailUrl":"https:\/\/www.ugtcomunicaciones.es\/wordpress\/wp-content\/uploads\/2020\/11\/justicia-1.jpg","articleSection":["Mercado Comunicaciones","Regulaci\u00f3n"],"inLanguage":"es"},{"@type":"WebPage","@id":"https:\/\/www.ugtcomunicaciones.es\/wordpress\/683855-2\/","url":"https:\/\/www.ugtcomunicaciones.es\/wordpress\/683855-2\/","name":"La justicia europea pone l\u00edmites a vigilancia masiva de redes Telco - UGT Comunicaciones","isPartOf":{"@id":"https:\/\/www.ugtcomunicaciones.es\/wordpress\/#website"},"primaryImageOfPage":{"@id":"https:\/\/www.ugtcomunicaciones.es\/wordpress\/683855-2\/#primaryimage"},"image":{"@id":"https:\/\/www.ugtcomunicaciones.es\/wordpress\/683855-2\/#primaryimage"},"thumbnailUrl":"https:\/\/www.ugtcomunicaciones.es\/wordpress\/wp-content\/uploads\/2020\/11\/justicia-1.jpg","datePublished":"2020-11-03T05:00:04+00:00","breadcrumb":{"@id":"https:\/\/www.ugtcomunicaciones.es\/wordpress\/683855-2\/#breadcrumb"},"inLanguage":"es","potentialAction":[{"@type":"ReadAction","target":["https:\/\/www.ugtcomunicaciones.es\/wordpress\/683855-2\/"]}]},{"@type":"ImageObject","inLanguage":"es","@id":"https:\/\/www.ugtcomunicaciones.es\/wordpress\/683855-2\/#primaryimage","url":"https:\/\/www.ugtcomunicaciones.es\/wordpress\/wp-content\/uploads\/2020\/11\/justicia-1.jpg","contentUrl":"https:\/\/www.ugtcomunicaciones.es\/wordpress\/wp-content\/uploads\/2020\/11\/justicia-1.jpg","width":600,"height":337},{"@type":"BreadcrumbList","@id":"https:\/\/www.ugtcomunicaciones.es\/wordpress\/683855-2\/#breadcrumb","itemListElement":[{"@type":"ListItem","position":1,"name":"Portada","item":"https:\/\/www.ugtcomunicaciones.es\/wordpress\/"},{"@type":"ListItem","position":2,"name":"La justicia europea pone l\u00edmites a vigilancia masiva de redes Telco"}]},{"@type":"WebSite","@id":"https:\/\/www.ugtcomunicaciones.es\/wordpress\/#website","url":"https:\/\/www.ugtcomunicaciones.es\/wordpress\/","name":"UGT Comunicaciones","description":"Sindicato de Telecomunicaciones","publisher":{"@id":"https:\/\/www.ugtcomunicaciones.es\/wordpress\/#organization"},"potentialAction":[{"@type":"SearchAction","target":{"@type":"EntryPoint","urlTemplate":"https:\/\/www.ugtcomunicaciones.es\/wordpress\/?s={search_term_string}"},"query-input":{"@type":"PropertyValueSpecification","valueRequired":true,"valueName":"search_term_string"}}],"inLanguage":"es"},{"@type":"Organization","@id":"https:\/\/www.ugtcomunicaciones.es\/wordpress\/#organization","name":"UGT Comunicaciones","url":"https:\/\/www.ugtcomunicaciones.es\/wordpress\/","logo":{"@type":"ImageObject","inLanguage":"es","@id":"https:\/\/www.ugtcomunicaciones.es\/wordpress\/#\/schema\/logo\/image\/","url":"https:\/\/www.ugtcomunicaciones.es\/wordpress\/wp-content\/uploads\/2024\/04\/comunicaciones_logo.png","contentUrl":"https:\/\/www.ugtcomunicaciones.es\/wordpress\/wp-content\/uploads\/2024\/04\/comunicaciones_logo.png","width":298,"height":81,"caption":"UGT Comunicaciones"},"image":{"@id":"https:\/\/www.ugtcomunicaciones.es\/wordpress\/#\/schema\/logo\/image\/"},"sameAs":["https:\/\/www.facebook.com\/ugt.comunicaciones\/","https:\/\/x.com\/ugtcom"]},{"@type":"Person","@id":"https:\/\/www.ugtcomunicaciones.es\/wordpress\/#\/schema\/person\/eba0fc3fe5b444531d94d4368cba89ed","name":"UGT","image":{"@type":"ImageObject","inLanguage":"es","@id":"https:\/\/secure.gravatar.com\/avatar\/2a16057d620a4c646bcfc171c4f23030879ebbdd346f0525bd5d4a564e57e13d?s=96&d=mm&r=g","url":"https:\/\/secure.gravatar.com\/avatar\/2a16057d620a4c646bcfc171c4f23030879ebbdd346f0525bd5d4a564e57e13d?s=96&d=mm&r=g","contentUrl":"https:\/\/secure.gravatar.com\/avatar\/2a16057d620a4c646bcfc171c4f23030879ebbdd346f0525bd5d4a564e57e13d?s=96&d=mm&r=g","caption":"UGT"}}]}},"_links":{"self":[{"href":"https:\/\/www.ugtcomunicaciones.es\/wordpress\/wp-json\/wp\/v2\/posts\/683855","targetHints":{"allow":["GET"]}}],"collection":[{"href":"https:\/\/www.ugtcomunicaciones.es\/wordpress\/wp-json\/wp\/v2\/posts"}],"about":[{"href":"https:\/\/www.ugtcomunicaciones.es\/wordpress\/wp-json\/wp\/v2\/types\/post"}],"author":[{"embeddable":true,"href":"https:\/\/www.ugtcomunicaciones.es\/wordpress\/wp-json\/wp\/v2\/users\/3"}],"replies":[{"embeddable":true,"href":"https:\/\/www.ugtcomunicaciones.es\/wordpress\/wp-json\/wp\/v2\/comments?post=683855"}],"version-history":[{"count":0,"href":"https:\/\/www.ugtcomunicaciones.es\/wordpress\/wp-json\/wp\/v2\/posts\/683855\/revisions"}],"wp:featuredmedia":[{"embeddable":true,"href":"https:\/\/www.ugtcomunicaciones.es\/wordpress\/wp-json\/wp\/v2\/media\/683859"}],"wp:attachment":[{"href":"https:\/\/www.ugtcomunicaciones.es\/wordpress\/wp-json\/wp\/v2\/media?parent=683855"}],"wp:term":[{"taxonomy":"category","embeddable":true,"href":"https:\/\/www.ugtcomunicaciones.es\/wordpress\/wp-json\/wp\/v2\/categories?post=683855"},{"taxonomy":"post_tag","embeddable":true,"href":"https:\/\/www.ugtcomunicaciones.es\/wordpress\/wp-json\/wp\/v2\/tags?post=683855"}],"curies":[{"name":"wp","href":"https:\/\/api.w.org\/{rel}","templated":true}]}}