{"id":685377,"date":"2020-10-22T18:42:45","date_gmt":"2020-10-22T16:42:45","guid":{"rendered":"https:\/\/www.ugtcomunicaciones.es\/wordpress\/?p=685377"},"modified":"2020-10-22T18:42:45","modified_gmt":"2020-10-22T16:42:45","slug":"campana-vacunacion-contra-la-gripe-en-telefonica","status":"publish","type":"post","link":"https:\/\/www.ugtcomunicaciones.es\/wordpress\/campana-vacunacion-contra-la-gripe-en-telefonica\/","title":{"rendered":"Campa\u00f1a vacunaci\u00f3n contra la gripe en Telef\u00f3nica"},"content":{"rendered":"<p style=\"text-align: justify;\">Hoy ha tenido lugar la <strong>19 reuni\u00f3n de la Comisi\u00f3n de Seguimiento del Covid19<\/strong>. <strong>UGT<\/strong> ha reiterado nuestra solicitud de informaci\u00f3n sobre la habitual <strong>campa\u00f1a de vacunaci\u00f3n contra la Gripe<\/strong>, por entender que, en las circunstancias actuales, resulta imperativo contribuir a la descongesti\u00f3n del sistema sanitario para permitirle, en la medida de lo posible, centrarse en la erradicaci\u00f3n de la pandemia.<\/p>\n<p style=\"text-align: justify;\">La empresa corrobora que est\u00e1n <strong>gestionando la adquisici\u00f3n de vacunas<\/strong>, con cierta dificultad precisamente por <strong>la excepcionalidad del momento<\/strong> en que nos encontramos, calculando que no se podr\u00edan adquirir un n\u00famero de dosis similar al de campa\u00f1as anteriores, por el crecimiento exponencial de la demanda.<\/p>\n<p style=\"text-align: justify;\">Finalmente, la empresa nos comunica que como <strong>no se ha logrado adquirir un n\u00famero de dosis similar al de a\u00f1os anteriores<\/strong>, por lo que, a fin de garantizar una campa\u00f1a de vacunaci\u00f3n efectiva, trasladar\u00e1n las siguientes pautas:<\/p>\n<ul style=\"text-align: justify;\">\n<li>Se recomienda que las <strong>personas m\u00e1s sensibles<\/strong> (con patolog\u00edas previas, como diabetes, cardiopat\u00edas, \u2026 embarazadas, etc) se vacunen <strong>a trav\u00e9s del Servicio P\u00fablico de Salud<\/strong>, solicit\u00e1ndolo cita en sus centros de salud respectivos.<\/li>\n<li>El <strong>resto del personal<\/strong> interesado en vacunarse podr\u00e1 <strong>realizar la petici\u00f3n a trav\u00e9s de una aplicaci\u00f3n que se habilitar\u00e1 al efecto<\/strong>. Las vacunas se administrar\u00e1n por orden de inscripci\u00f3n, hasta la finalizaci\u00f3n de existencias. <strong>Solo se tendr\u00e1n en cuenta las citas que entren a trav\u00e9s de la aplicaci\u00f3n que dispongan al efecto<\/strong>, no se tendr\u00e1n en cuenta las llamadas telef\u00f3nicas para pedir la cita, una vez cerrada la cita si esta se cambia no se mantendr\u00e1 la orden de petici\u00f3n.<\/li>\n<li>En caso de que alg\u00fan solicitante inscrito <strong>no pueda ser atendido<\/strong> por haberse agotado las existencias de la vacuna, <strong>se le informar\u00e1<\/strong> para que se dirija al del Servicio P\u00fablico de Salud.<\/li>\n<li><strong>Salvo en Barcelona y Madrid que se posibilitara vacunarse en los Centros de Prevenci\u00f3n, las vacunas se administraran en las cl\u00ednicas Quir\u00f3n.<\/strong><\/li>\n<\/ul>\n<p style=\"text-align: justify;\">Las vacunas se empezar\u00e1n a administrar posiblemente a partir de la primera semana de noviembre, y el procedimiento lo informara la empresa de manera inmediata.<\/p>\n<p style=\"text-align: justify;\"><strong>UGT<\/strong>, aun comprendiendo las dificultades para adquirir dosis de la vacuna de la gripe en un momento en que el servicio p\u00fablico de salud casi monopoliza la demanda, lamenta que el n\u00famero de dosis obtenido sea menor que en a\u00f1os anteriores, por lo que, en tanto instamos a la empresa para que redoble sus esfuerzos para conseguir m\u00e1s vacunas, <strong>recomendamos que<\/strong> <strong>las personas con patolog\u00edas previas soliciten la vacuna contra la gripe en sus centros de salud<\/strong>, tanto para protegerse cuanto antes de la enfermedad como para posibilitar que la campa\u00f1a de vacunaci\u00f3n en la empresa llegue al m\u00e1ximo n\u00famero posible de compa\u00f1eros y compa\u00f1eras y <strong>podamos, desde la solidaridad y la cooperaci\u00f3n, hacer frente entre todos a la emergencia sanitaria y social que nos atenaza<\/strong>.<\/p>\n<p style=\"text-align: justify;\"><strong>UGT<\/strong> <strong>viene trabajando en los avances del plan de retorno y nuestro mayor foco est\u00e1 centrado en la protecci\u00f3n de la salud frente al virus<\/strong>. Al mismo tiempo, estamos haciendo un esfuerzo de anticipaci\u00f3n y adaptaci\u00f3n de las medidas a los diferentes escenarios seg\u00fan la evoluci\u00f3n de los datos y las decisiones que toman las administraciones.<\/p>\n<p style=\"text-align: justify;\"><strong>Dada la incertidumbre que existe en Madrid se ha decidido prorrogar la flexibilidad de teletrabajar al 100% hasta el pr\u00f3ximo 3 de noviembre<\/strong>, hasta conocer cu\u00e1les son las medidas que plantean las autoridades sanitarias.<\/p>\n<p style=\"text-align: justify;\"><strong>UGT<\/strong> <strong>ha expuesto, que dados los cambios que se est\u00e1n produciendo respecto al covid19 en muchas de las Comunidades, se estudie los nuevos escenarios que se planteen por parte de las autoridades sanitarias<\/strong>, ya que hay comunidades como <strong>Catalu\u00f1a, Asturias y otras<\/strong> donde las recomendaciones son de restringir en lo posible la movilidad y teletrabajar siempre que sea posible.<\/p>\n","protected":false},"excerpt":{"rendered":"<p>Hoy ha tenido lugar la 19 reuni\u00f3n de la Comisi\u00f3n de Seguimiento del Covid19. UGT ha reiterado nuestra solicitud de informaci\u00f3n sobre la habitual campa\u00f1a de vacunaci\u00f3n contra la Gripe, por entender que, en las circunstancias actuales, resulta imperativo contribuir a la descongesti\u00f3n del sistema sanitario para permitirle, en la medida de lo posible, centrarse [&hellip;]<\/p>\n","protected":false},"author":3,"featured_media":685378,"comment_status":"closed","ping_status":"closed","sticky":false,"template":"","format":"standard","meta":{"footnotes":""},"categories":[8,25,7,26],"tags":[],"class_list":["post-685377","post","type-post","status-publish","format-standard","has-post-thumbnail","hentry","category-telefonica-cev","category-telefonica","category-telefonica-moviles","category-telefonica-soluciones"],"yoast_head":"<!-- This site is optimized with the Yoast SEO Premium plugin v27.3 (Yoast SEO v27.4) - https:\/\/yoast.com\/product\/yoast-seo-premium-wordpress\/ -->\n<title>Campa\u00f1a vacunaci\u00f3n contra la gripe en Telef\u00f3nica - UGT Comunicaciones<\/title>\n<meta name=\"description\" content=\"Comisi\u00f3n Seguimiento del Covid19. UGT ha reiterado nuestra solicitud de informaci\u00f3n sobre la habitual campa\u00f1a de vacunaci\u00f3n contra la Gripe\" \/>\n<meta name=\"robots\" content=\"index, follow, max-snippet:-1, max-image-preview:large, max-video-preview:-1\" \/>\n<link rel=\"canonical\" href=\"https:\/\/www.ugtcomunicaciones.es\/wordpress\/campana-vacunacion-contra-la-gripe-en-telefonica\/\" \/>\n<meta property=\"og:locale\" content=\"es_ES\" \/>\n<meta property=\"og:type\" content=\"article\" \/>\n<meta property=\"og:title\" content=\"Campa\u00f1a vacunaci\u00f3n contra la gripe en Telef\u00f3nica\" \/>\n<meta property=\"og:description\" content=\"Comisi\u00f3n Seguimiento del Covid19. UGT ha reiterado nuestra solicitud de informaci\u00f3n sobre la habitual campa\u00f1a de vacunaci\u00f3n contra la Gripe\" \/>\n<meta property=\"og:url\" content=\"https:\/\/www.ugtcomunicaciones.es\/wordpress\/campana-vacunacion-contra-la-gripe-en-telefonica\/\" \/>\n<meta property=\"og:site_name\" content=\"UGT Comunicaciones\" \/>\n<meta property=\"article:publisher\" content=\"https:\/\/www.facebook.com\/ugt.comunicaciones\/\" \/>\n<meta property=\"article:published_time\" content=\"2020-10-22T16:42:45+00:00\" \/>\n<meta property=\"og:image\" content=\"https:\/\/www.ugtcomunicaciones.es\/wordpress\/wp-content\/uploads\/2020\/10\/syringe-5629839_640.jpg\" \/>\n\t<meta property=\"og:image:width\" content=\"640\" \/>\n\t<meta property=\"og:image:height\" content=\"378\" \/>\n\t<meta property=\"og:image:type\" content=\"image\/jpeg\" \/>\n<meta name=\"author\" content=\"UGT\" \/>\n<meta name=\"twitter:card\" content=\"summary_large_image\" \/>\n<meta name=\"twitter:creator\" content=\"@ugtcom\" \/>\n<meta name=\"twitter:site\" content=\"@ugtcom\" \/>\n<meta name=\"twitter:label1\" content=\"Escrito por\" \/>\n\t<meta name=\"twitter:data1\" content=\"UGT\" \/>\n\t<meta name=\"twitter:label2\" content=\"Tiempo de lectura\" \/>\n\t<meta name=\"twitter:data2\" content=\"3 minutos\" \/>\n<script type=\"application\/ld+json\" class=\"yoast-schema-graph\">{\"@context\":\"https:\\\/\\\/schema.org\",\"@graph\":[{\"@type\":\"Article\",\"@id\":\"https:\\\/\\\/www.ugtcomunicaciones.es\\\/wordpress\\\/campana-vacunacion-contra-la-gripe-en-telefonica\\\/#article\",\"isPartOf\":{\"@id\":\"https:\\\/\\\/www.ugtcomunicaciones.es\\\/wordpress\\\/campana-vacunacion-contra-la-gripe-en-telefonica\\\/\"},\"author\":{\"name\":\"UGT\",\"@id\":\"https:\\\/\\\/www.ugtcomunicaciones.es\\\/wordpress\\\/#\\\/schema\\\/person\\\/eba0fc3fe5b444531d94d4368cba89ed\"},\"headline\":\"Campa\u00f1a vacunaci\u00f3n contra la gripe en Telef\u00f3nica\",\"datePublished\":\"2020-10-22T16:42:45+00:00\",\"mainEntityOfPage\":{\"@id\":\"https:\\\/\\\/www.ugtcomunicaciones.es\\\/wordpress\\\/campana-vacunacion-contra-la-gripe-en-telefonica\\\/\"},\"wordCount\":678,\"publisher\":{\"@id\":\"https:\\\/\\\/www.ugtcomunicaciones.es\\\/wordpress\\\/#organization\"},\"image\":{\"@id\":\"https:\\\/\\\/www.ugtcomunicaciones.es\\\/wordpress\\\/campana-vacunacion-contra-la-gripe-en-telefonica\\\/#primaryimage\"},\"thumbnailUrl\":\"https:\\\/\\\/www.ugtcomunicaciones.es\\\/wordpress\\\/wp-content\\\/uploads\\\/2020\\\/10\\\/syringe-5629839_640.jpg\",\"articleSection\":[\"Telef\u00f3nica CEV\",\"Telef\u00f3nica de Espa\u00f1a\",\"Telef\u00f3nica M\u00f3viles\",\"Telef\u00f3nica Soluciones\"],\"inLanguage\":\"es\"},{\"@type\":\"WebPage\",\"@id\":\"https:\\\/\\\/www.ugtcomunicaciones.es\\\/wordpress\\\/campana-vacunacion-contra-la-gripe-en-telefonica\\\/\",\"url\":\"https:\\\/\\\/www.ugtcomunicaciones.es\\\/wordpress\\\/campana-vacunacion-contra-la-gripe-en-telefonica\\\/\",\"name\":\"Campa\u00f1a vacunaci\u00f3n contra la gripe en Telef\u00f3nica - UGT Comunicaciones\",\"isPartOf\":{\"@id\":\"https:\\\/\\\/www.ugtcomunicaciones.es\\\/wordpress\\\/#website\"},\"primaryImageOfPage\":{\"@id\":\"https:\\\/\\\/www.ugtcomunicaciones.es\\\/wordpress\\\/campana-vacunacion-contra-la-gripe-en-telefonica\\\/#primaryimage\"},\"image\":{\"@id\":\"https:\\\/\\\/www.ugtcomunicaciones.es\\\/wordpress\\\/campana-vacunacion-contra-la-gripe-en-telefonica\\\/#primaryimage\"},\"thumbnailUrl\":\"https:\\\/\\\/www.ugtcomunicaciones.es\\\/wordpress\\\/wp-content\\\/uploads\\\/2020\\\/10\\\/syringe-5629839_640.jpg\",\"datePublished\":\"2020-10-22T16:42:45+00:00\",\"description\":\"Comisi\u00f3n Seguimiento del Covid19. UGT ha reiterado nuestra solicitud de informaci\u00f3n sobre la habitual campa\u00f1a de vacunaci\u00f3n contra la Gripe\",\"breadcrumb\":{\"@id\":\"https:\\\/\\\/www.ugtcomunicaciones.es\\\/wordpress\\\/campana-vacunacion-contra-la-gripe-en-telefonica\\\/#breadcrumb\"},\"inLanguage\":\"es\",\"potentialAction\":[{\"@type\":\"ReadAction\",\"target\":[\"https:\\\/\\\/www.ugtcomunicaciones.es\\\/wordpress\\\/campana-vacunacion-contra-la-gripe-en-telefonica\\\/\"]}]},{\"@type\":\"ImageObject\",\"inLanguage\":\"es\",\"@id\":\"https:\\\/\\\/www.ugtcomunicaciones.es\\\/wordpress\\\/campana-vacunacion-contra-la-gripe-en-telefonica\\\/#primaryimage\",\"url\":\"https:\\\/\\\/www.ugtcomunicaciones.es\\\/wordpress\\\/wp-content\\\/uploads\\\/2020\\\/10\\\/syringe-5629839_640.jpg\",\"contentUrl\":\"https:\\\/\\\/www.ugtcomunicaciones.es\\\/wordpress\\\/wp-content\\\/uploads\\\/2020\\\/10\\\/syringe-5629839_640.jpg\",\"width\":640,\"height\":378},{\"@type\":\"BreadcrumbList\",\"@id\":\"https:\\\/\\\/www.ugtcomunicaciones.es\\\/wordpress\\\/campana-vacunacion-contra-la-gripe-en-telefonica\\\/#breadcrumb\",\"itemListElement\":[{\"@type\":\"ListItem\",\"position\":1,\"name\":\"Portada\",\"item\":\"https:\\\/\\\/www.ugtcomunicaciones.es\\\/wordpress\\\/\"},{\"@type\":\"ListItem\",\"position\":2,\"name\":\"Campa\u00f1a vacunaci\u00f3n contra la gripe en Telef\u00f3nica\"}]},{\"@type\":\"WebSite\",\"@id\":\"https:\\\/\\\/www.ugtcomunicaciones.es\\\/wordpress\\\/#website\",\"url\":\"https:\\\/\\\/www.ugtcomunicaciones.es\\\/wordpress\\\/\",\"name\":\"UGT Comunicaciones\",\"description\":\"Sindicato de Telecomunicaciones\",\"publisher\":{\"@id\":\"https:\\\/\\\/www.ugtcomunicaciones.es\\\/wordpress\\\/#organization\"},\"potentialAction\":[{\"@type\":\"SearchAction\",\"target\":{\"@type\":\"EntryPoint\",\"urlTemplate\":\"https:\\\/\\\/www.ugtcomunicaciones.es\\\/wordpress\\\/?s={search_term_string}\"},\"query-input\":{\"@type\":\"PropertyValueSpecification\",\"valueRequired\":true,\"valueName\":\"search_term_string\"}}],\"inLanguage\":\"es\"},{\"@type\":\"Organization\",\"@id\":\"https:\\\/\\\/www.ugtcomunicaciones.es\\\/wordpress\\\/#organization\",\"name\":\"UGT Comunicaciones\",\"url\":\"https:\\\/\\\/www.ugtcomunicaciones.es\\\/wordpress\\\/\",\"logo\":{\"@type\":\"ImageObject\",\"inLanguage\":\"es\",\"@id\":\"https:\\\/\\\/www.ugtcomunicaciones.es\\\/wordpress\\\/#\\\/schema\\\/logo\\\/image\\\/\",\"url\":\"https:\\\/\\\/www.ugtcomunicaciones.es\\\/wordpress\\\/wp-content\\\/uploads\\\/2024\\\/04\\\/comunicaciones_logo.png\",\"contentUrl\":\"https:\\\/\\\/www.ugtcomunicaciones.es\\\/wordpress\\\/wp-content\\\/uploads\\\/2024\\\/04\\\/comunicaciones_logo.png\",\"width\":298,\"height\":81,\"caption\":\"UGT Comunicaciones\"},\"image\":{\"@id\":\"https:\\\/\\\/www.ugtcomunicaciones.es\\\/wordpress\\\/#\\\/schema\\\/logo\\\/image\\\/\"},\"sameAs\":[\"https:\\\/\\\/www.facebook.com\\\/ugt.comunicaciones\\\/\",\"https:\\\/\\\/x.com\\\/ugtcom\"]},{\"@type\":\"Person\",\"@id\":\"https:\\\/\\\/www.ugtcomunicaciones.es\\\/wordpress\\\/#\\\/schema\\\/person\\\/eba0fc3fe5b444531d94d4368cba89ed\",\"name\":\"UGT\",\"image\":{\"@type\":\"ImageObject\",\"inLanguage\":\"es\",\"@id\":\"https:\\\/\\\/secure.gravatar.com\\\/avatar\\\/2a16057d620a4c646bcfc171c4f23030879ebbdd346f0525bd5d4a564e57e13d?s=96&d=mm&r=g\",\"url\":\"https:\\\/\\\/secure.gravatar.com\\\/avatar\\\/2a16057d620a4c646bcfc171c4f23030879ebbdd346f0525bd5d4a564e57e13d?s=96&d=mm&r=g\",\"contentUrl\":\"https:\\\/\\\/secure.gravatar.com\\\/avatar\\\/2a16057d620a4c646bcfc171c4f23030879ebbdd346f0525bd5d4a564e57e13d?s=96&d=mm&r=g\",\"caption\":\"UGT\"}}]}<\/script>\n<!-- \/ Yoast SEO Premium plugin. -->","yoast_head_json":{"title":"Campa\u00f1a vacunaci\u00f3n contra la gripe en Telef\u00f3nica - UGT Comunicaciones","description":"Comisi\u00f3n Seguimiento del Covid19. UGT ha reiterado nuestra solicitud de informaci\u00f3n sobre la habitual campa\u00f1a de vacunaci\u00f3n contra la Gripe","robots":{"index":"index","follow":"follow","max-snippet":"max-snippet:-1","max-image-preview":"max-image-preview:large","max-video-preview":"max-video-preview:-1"},"canonical":"https:\/\/www.ugtcomunicaciones.es\/wordpress\/campana-vacunacion-contra-la-gripe-en-telefonica\/","og_locale":"es_ES","og_type":"article","og_title":"Campa\u00f1a vacunaci\u00f3n contra la gripe en Telef\u00f3nica","og_description":"Comisi\u00f3n Seguimiento del Covid19. UGT ha reiterado nuestra solicitud de informaci\u00f3n sobre la habitual campa\u00f1a de vacunaci\u00f3n contra la Gripe","og_url":"https:\/\/www.ugtcomunicaciones.es\/wordpress\/campana-vacunacion-contra-la-gripe-en-telefonica\/","og_site_name":"UGT Comunicaciones","article_publisher":"https:\/\/www.facebook.com\/ugt.comunicaciones\/","article_published_time":"2020-10-22T16:42:45+00:00","og_image":[{"width":640,"height":378,"url":"https:\/\/www.ugtcomunicaciones.es\/wordpress\/wp-content\/uploads\/2020\/10\/syringe-5629839_640.jpg","type":"image\/jpeg"}],"author":"UGT","twitter_card":"summary_large_image","twitter_creator":"@ugtcom","twitter_site":"@ugtcom","twitter_misc":{"Escrito por":"UGT","Tiempo de lectura":"3 minutos"},"schema":{"@context":"https:\/\/schema.org","@graph":[{"@type":"Article","@id":"https:\/\/www.ugtcomunicaciones.es\/wordpress\/campana-vacunacion-contra-la-gripe-en-telefonica\/#article","isPartOf":{"@id":"https:\/\/www.ugtcomunicaciones.es\/wordpress\/campana-vacunacion-contra-la-gripe-en-telefonica\/"},"author":{"name":"UGT","@id":"https:\/\/www.ugtcomunicaciones.es\/wordpress\/#\/schema\/person\/eba0fc3fe5b444531d94d4368cba89ed"},"headline":"Campa\u00f1a vacunaci\u00f3n contra la gripe en Telef\u00f3nica","datePublished":"2020-10-22T16:42:45+00:00","mainEntityOfPage":{"@id":"https:\/\/www.ugtcomunicaciones.es\/wordpress\/campana-vacunacion-contra-la-gripe-en-telefonica\/"},"wordCount":678,"publisher":{"@id":"https:\/\/www.ugtcomunicaciones.es\/wordpress\/#organization"},"image":{"@id":"https:\/\/www.ugtcomunicaciones.es\/wordpress\/campana-vacunacion-contra-la-gripe-en-telefonica\/#primaryimage"},"thumbnailUrl":"https:\/\/www.ugtcomunicaciones.es\/wordpress\/wp-content\/uploads\/2020\/10\/syringe-5629839_640.jpg","articleSection":["Telef\u00f3nica CEV","Telef\u00f3nica de Espa\u00f1a","Telef\u00f3nica M\u00f3viles","Telef\u00f3nica Soluciones"],"inLanguage":"es"},{"@type":"WebPage","@id":"https:\/\/www.ugtcomunicaciones.es\/wordpress\/campana-vacunacion-contra-la-gripe-en-telefonica\/","url":"https:\/\/www.ugtcomunicaciones.es\/wordpress\/campana-vacunacion-contra-la-gripe-en-telefonica\/","name":"Campa\u00f1a vacunaci\u00f3n contra la gripe en Telef\u00f3nica - UGT Comunicaciones","isPartOf":{"@id":"https:\/\/www.ugtcomunicaciones.es\/wordpress\/#website"},"primaryImageOfPage":{"@id":"https:\/\/www.ugtcomunicaciones.es\/wordpress\/campana-vacunacion-contra-la-gripe-en-telefonica\/#primaryimage"},"image":{"@id":"https:\/\/www.ugtcomunicaciones.es\/wordpress\/campana-vacunacion-contra-la-gripe-en-telefonica\/#primaryimage"},"thumbnailUrl":"https:\/\/www.ugtcomunicaciones.es\/wordpress\/wp-content\/uploads\/2020\/10\/syringe-5629839_640.jpg","datePublished":"2020-10-22T16:42:45+00:00","description":"Comisi\u00f3n Seguimiento del Covid19. UGT ha reiterado nuestra solicitud de informaci\u00f3n sobre la habitual campa\u00f1a de vacunaci\u00f3n contra la Gripe","breadcrumb":{"@id":"https:\/\/www.ugtcomunicaciones.es\/wordpress\/campana-vacunacion-contra-la-gripe-en-telefonica\/#breadcrumb"},"inLanguage":"es","potentialAction":[{"@type":"ReadAction","target":["https:\/\/www.ugtcomunicaciones.es\/wordpress\/campana-vacunacion-contra-la-gripe-en-telefonica\/"]}]},{"@type":"ImageObject","inLanguage":"es","@id":"https:\/\/www.ugtcomunicaciones.es\/wordpress\/campana-vacunacion-contra-la-gripe-en-telefonica\/#primaryimage","url":"https:\/\/www.ugtcomunicaciones.es\/wordpress\/wp-content\/uploads\/2020\/10\/syringe-5629839_640.jpg","contentUrl":"https:\/\/www.ugtcomunicaciones.es\/wordpress\/wp-content\/uploads\/2020\/10\/syringe-5629839_640.jpg","width":640,"height":378},{"@type":"BreadcrumbList","@id":"https:\/\/www.ugtcomunicaciones.es\/wordpress\/campana-vacunacion-contra-la-gripe-en-telefonica\/#breadcrumb","itemListElement":[{"@type":"ListItem","position":1,"name":"Portada","item":"https:\/\/www.ugtcomunicaciones.es\/wordpress\/"},{"@type":"ListItem","position":2,"name":"Campa\u00f1a vacunaci\u00f3n contra la gripe en Telef\u00f3nica"}]},{"@type":"WebSite","@id":"https:\/\/www.ugtcomunicaciones.es\/wordpress\/#website","url":"https:\/\/www.ugtcomunicaciones.es\/wordpress\/","name":"UGT Comunicaciones","description":"Sindicato de Telecomunicaciones","publisher":{"@id":"https:\/\/www.ugtcomunicaciones.es\/wordpress\/#organization"},"potentialAction":[{"@type":"SearchAction","target":{"@type":"EntryPoint","urlTemplate":"https:\/\/www.ugtcomunicaciones.es\/wordpress\/?s={search_term_string}"},"query-input":{"@type":"PropertyValueSpecification","valueRequired":true,"valueName":"search_term_string"}}],"inLanguage":"es"},{"@type":"Organization","@id":"https:\/\/www.ugtcomunicaciones.es\/wordpress\/#organization","name":"UGT Comunicaciones","url":"https:\/\/www.ugtcomunicaciones.es\/wordpress\/","logo":{"@type":"ImageObject","inLanguage":"es","@id":"https:\/\/www.ugtcomunicaciones.es\/wordpress\/#\/schema\/logo\/image\/","url":"https:\/\/www.ugtcomunicaciones.es\/wordpress\/wp-content\/uploads\/2024\/04\/comunicaciones_logo.png","contentUrl":"https:\/\/www.ugtcomunicaciones.es\/wordpress\/wp-content\/uploads\/2024\/04\/comunicaciones_logo.png","width":298,"height":81,"caption":"UGT Comunicaciones"},"image":{"@id":"https:\/\/www.ugtcomunicaciones.es\/wordpress\/#\/schema\/logo\/image\/"},"sameAs":["https:\/\/www.facebook.com\/ugt.comunicaciones\/","https:\/\/x.com\/ugtcom"]},{"@type":"Person","@id":"https:\/\/www.ugtcomunicaciones.es\/wordpress\/#\/schema\/person\/eba0fc3fe5b444531d94d4368cba89ed","name":"UGT","image":{"@type":"ImageObject","inLanguage":"es","@id":"https:\/\/secure.gravatar.com\/avatar\/2a16057d620a4c646bcfc171c4f23030879ebbdd346f0525bd5d4a564e57e13d?s=96&d=mm&r=g","url":"https:\/\/secure.gravatar.com\/avatar\/2a16057d620a4c646bcfc171c4f23030879ebbdd346f0525bd5d4a564e57e13d?s=96&d=mm&r=g","contentUrl":"https:\/\/secure.gravatar.com\/avatar\/2a16057d620a4c646bcfc171c4f23030879ebbdd346f0525bd5d4a564e57e13d?s=96&d=mm&r=g","caption":"UGT"}}]}},"_links":{"self":[{"href":"https:\/\/www.ugtcomunicaciones.es\/wordpress\/wp-json\/wp\/v2\/posts\/685377","targetHints":{"allow":["GET"]}}],"collection":[{"href":"https:\/\/www.ugtcomunicaciones.es\/wordpress\/wp-json\/wp\/v2\/posts"}],"about":[{"href":"https:\/\/www.ugtcomunicaciones.es\/wordpress\/wp-json\/wp\/v2\/types\/post"}],"author":[{"embeddable":true,"href":"https:\/\/www.ugtcomunicaciones.es\/wordpress\/wp-json\/wp\/v2\/users\/3"}],"replies":[{"embeddable":true,"href":"https:\/\/www.ugtcomunicaciones.es\/wordpress\/wp-json\/wp\/v2\/comments?post=685377"}],"version-history":[{"count":0,"href":"https:\/\/www.ugtcomunicaciones.es\/wordpress\/wp-json\/wp\/v2\/posts\/685377\/revisions"}],"wp:featuredmedia":[{"embeddable":true,"href":"https:\/\/www.ugtcomunicaciones.es\/wordpress\/wp-json\/wp\/v2\/media\/685378"}],"wp:attachment":[{"href":"https:\/\/www.ugtcomunicaciones.es\/wordpress\/wp-json\/wp\/v2\/media?parent=685377"}],"wp:term":[{"taxonomy":"category","embeddable":true,"href":"https:\/\/www.ugtcomunicaciones.es\/wordpress\/wp-json\/wp\/v2\/categories?post=685377"},{"taxonomy":"post_tag","embeddable":true,"href":"https:\/\/www.ugtcomunicaciones.es\/wordpress\/wp-json\/wp\/v2\/tags?post=685377"}],"curies":[{"name":"wp","href":"https:\/\/api.w.org\/{rel}","templated":true}]}}