{"id":694546,"date":"2020-11-16T07:00:01","date_gmt":"2020-11-16T05:00:01","guid":{"rendered":"https:\/\/www.ugtcomunicaciones.es\/wordpress\/?p=694546"},"modified":"2020-11-05T13:00:49","modified_gmt":"2020-11-05T11:00:49","slug":"el-gobierno-asume-la-propuesta-de-ugt-y-lanzara-un-plan-nacional-de-capacidades-digitales","status":"publish","type":"post","link":"https:\/\/www.ugtcomunicaciones.es\/wordpress\/el-gobierno-asume-la-propuesta-de-ugt-y-lanzara-un-plan-nacional-de-capacidades-digitales\/","title":{"rendered":"El gobierno asume la propuesta de UGT y lanzar\u00e1 un plan nacional de capacidades digitales"},"content":{"rendered":"<p style=\"text-align: justify;\">El anuncio realizado por el Gobierno, dentro del macroproyecto para la Recuperaci\u00f3n, Transformaci\u00f3n y Resiliencia de la Econom\u00eda espa\u00f1ola, de poner en marcha un Plan nacional de capacidades digitales asume al completo las propuestas de UGT para acabar la Brecha Digital que sufre nuestro pa\u00eds.<\/p>\n<p style=\"text-align: justify;\">A lo largo de los \u00faltimos cinco a\u00f1os, este Sindicato ha venido advirtiendo del peligro laboral, econ\u00f3mico y laboral que representaba la exclusi\u00f3n tecnol\u00f3gica de una gran parte de nuestra poblaci\u00f3n y fuerza laboral. En 2015<sup class=\"modern-footnotes-footnote \" data-mfn=\"1\" data-mfn-post-scope=\"000000000000413c0000000000000000_694546\"><a href=\"javascript:void(0)\"  role=\"button\" aria-pressed=\"false\" aria-describedby=\"mfn-content-000000000000413c0000000000000000_694546-1\">1<\/a><\/sup><span id=\"mfn-content-000000000000413c0000000000000000_694546-1\" role=\"tooltip\" class=\"modern-footnotes-footnote__note\" tabindex=\"0\" data-mfn=\"1\"><a href=\"http:\/\/portal.ugt.org\/Brecha_Digital\/BRECHADIGITAL_WEB.pdf\" target=\"_blank\" rel=\"noopener noreferrer\">http:\/\/portal.ugt.org\/Brecha_Digital\/BRECHADIGITAL_WEB.pdf<\/a><\/span>, la Confederaci\u00f3n de UGT public\u00f3 un exhaustivo informe donde no s\u00f3lo cuantifica el tama\u00f1o y alcance de la Brecha Digital en Espa\u00f1a, sino que adem\u00e1s presentaba un plan de choque para su erradicaci\u00f3n, englobadas en un Plan Nacional de Inclusi\u00f3n Tecnol\u00f3gica (PNIT).<\/p>\n<p style=\"text-align: justify;\">Este Plan, que conten\u00eda ocho ejes de acci\u00f3n, presentaba entre otras, cuatro grandes l\u00edneas de actuaci\u00f3n:<\/p>\n<p style=\"text-align: justify;\"><strong><em>L\u00ednea de Actuaci\u00f3n para la formaci\u00f3n laboral<\/em><\/strong><em>: Implantaci\u00f3n masiva de cursos de formaci\u00f3n de capacitaci\u00f3n TIC para personas en situaci\u00f3n de desempleo y establecimiento del Derecho a la Formaci\u00f3n Continua Profesional en la jornada laboral, dotando de recursos presupuestarios suficientes para elaborar planes formativos en las empresas dirigidos a trabajadores activos, con el fin de actualizar y mejorar sus competencias digitales. A esta propuesta se a\u00f1adi\u00f3 posteriormente la iniciativa promovida por nuestro Secretario General de crear un derecho de formaci\u00f3n continua profesional en todas las empresas, especialmente dirigida hacia las competencias digitales.<\/em><\/p>\n<p style=\"text-align: justify;\"><strong><em>L\u00ednea de Actuaci\u00f3n de Educaci\u00f3n Digital<\/em><\/strong><em>: Inserci\u00f3n en los planes educativos de todas las etapas de asignaturas relacionadas con la adquisici\u00f3n de habilidades digitales. Reserva presupuestaria suficiente para la dotaci\u00f3n de recursos digitales a todas las clases de primaria, secundaria y bachillerato, desde port\u00e1tiles a tabletas, pasando por pizarras digitales y webs de compartici\u00f3n del conocimiento. Implantaci\u00f3n de un plan de becas que sufraguen la totalidad de los gastos de matr\u00edcula para alumnos que cursen carreras universitarias relacionadas con las TIC, con discriminaci\u00f3n positiva hacia las mujeres, favoreciendo as\u00ed el equilibrio de g\u00e9nero.<\/em><\/p>\n<p style=\"text-align: justify;\"><strong><em>L\u00ednea de Actuaci\u00f3n sobre Ciudadan\u00eda Digital<\/em><\/strong><em>: Instauraci\u00f3n de planes de formaci\u00f3n presenciales dirigidos los colectivos fuera del mundo digital, con l\u00edneas espec\u00edficas para colectivos que conciten varios de los precursores identificados (g\u00e9nero, edad, renta, formaci\u00f3n acad\u00e9mica o h\u00e1bitat).<\/em><\/p>\n<p style=\"text-align: justify;\"><strong><em>L\u00ednea de Actuaci\u00f3n sobre Infraestructuras de Telecomunicaciones<\/em><\/strong><em>: Establecimiento de un Plan Nacional de Infraestructuras de Telecomunicaciones que, sobre la base de la tecnolog\u00eda 5G, lleve accesos de alta velocidad de conexi\u00f3n a Internet a todos los rincones del pa\u00eds.<\/em><\/p>\n<p style=\"text-align: justify;\">Estas l\u00edneas de actuaci\u00f3n se encuentran claramente especificadas en la propuesta del Gobierno, teniendo en cuenta los aspectos de igualdad de g\u00e9nero y atenci\u00f3n a la Espa\u00f1a despoblada.<\/p>\n<p style=\"text-align: justify;\">Por todo ello, UGT valora positivamente que el Gobierno asuma nuestras reivindicaciones y ponga la tecnolog\u00eda digital al servicio de las personas trabajadoras, el \u00e1mbito educativo y ciudadan\u00eda en general.<\/p>\n<p style=\"text-align: justify;\">A partir de ahora toca trabajar en dos v\u00edas: por un lado, dise\u00f1ar medidas eficaces y rigurosos que permitan alcanzar los objetivos que se definan a trav\u00e9s del di\u00e1logo tripartito y bipartito; y por otro, lograr una financiaci\u00f3n suficiente que permita desplegarlos.<\/p>\n<h4 style=\"text-align: right;\"><strong><span style=\"color: #ff0000;\">UGT<\/span> Comunicaciones<\/strong><\/h4>\n","protected":false},"excerpt":{"rendered":"<p>El anuncio realizado por el Gobierno, dentro del macroproyecto para la Recuperaci\u00f3n, Transformaci\u00f3n y Resiliencia de la Econom\u00eda espa\u00f1ola, de poner en marcha un Plan nacional de capacidades digitales asume al completo las propuestas de UGT para acabar la Brecha Digital que sufre nuestro pa\u00eds. A lo largo de los \u00faltimos cinco a\u00f1os, este Sindicato [&hellip;]<\/p>\n","protected":false},"author":3,"featured_media":694548,"comment_status":"closed","ping_status":"closed","sticky":false,"template":"","format":"standard","meta":{"footnotes":""},"categories":[14,12],"tags":[],"class_list":["post-694546","post","type-post","status-publish","format-standard","has-post-thumbnail","hentry","category-opinion","category-regulacion"],"yoast_head":"<!-- This site is optimized with the Yoast SEO Premium plugin v27.3 (Yoast SEO v27.4) - https:\/\/yoast.com\/product\/yoast-seo-premium-wordpress\/ -->\n<title>El gobierno asume la propuesta de UGT y lanzar\u00e1 un plan nacional de capacidades digitales - UGT Comunicaciones<\/title>\n<meta name=\"robots\" content=\"index, follow, max-snippet:-1, max-image-preview:large, max-video-preview:-1\" \/>\n<link rel=\"canonical\" href=\"https:\/\/www.ugtcomunicaciones.es\/wordpress\/el-gobierno-asume-la-propuesta-de-ugt-y-lanzara-un-plan-nacional-de-capacidades-digitales\/\" \/>\n<meta property=\"og:locale\" content=\"es_ES\" \/>\n<meta property=\"og:type\" content=\"article\" \/>\n<meta property=\"og:title\" content=\"El gobierno asume la propuesta de UGT y lanzar\u00e1 un plan nacional de capacidades digitales\" \/>\n<meta property=\"og:description\" content=\"El anuncio realizado por el Gobierno, dentro del macroproyecto para la Recuperaci\u00f3n, Transformaci\u00f3n y Resiliencia de la Econom\u00eda espa\u00f1ola, de poner en marcha un Plan nacional de capacidades digitales asume al completo las propuestas de UGT para acabar la Brecha Digital que sufre nuestro pa\u00eds. A lo largo de los \u00faltimos cinco a\u00f1os, este Sindicato [&hellip;]\" \/>\n<meta property=\"og:url\" content=\"https:\/\/www.ugtcomunicaciones.es\/wordpress\/el-gobierno-asume-la-propuesta-de-ugt-y-lanzara-un-plan-nacional-de-capacidades-digitales\/\" \/>\n<meta property=\"og:site_name\" content=\"UGT Comunicaciones\" \/>\n<meta property=\"article:publisher\" content=\"https:\/\/www.facebook.com\/ugt.comunicaciones\/\" \/>\n<meta property=\"article:published_time\" content=\"2020-11-16T05:00:01+00:00\" \/>\n<meta property=\"og:image\" content=\"https:\/\/www.ugtcomunicaciones.es\/wordpress\/wp-content\/uploads\/2020\/11\/brecha-1.jpg\" \/>\n\t<meta property=\"og:image:width\" content=\"600\" \/>\n\t<meta property=\"og:image:height\" content=\"404\" \/>\n\t<meta property=\"og:image:type\" content=\"image\/jpeg\" \/>\n<meta name=\"author\" content=\"UGT\" \/>\n<meta name=\"twitter:card\" content=\"summary_large_image\" \/>\n<meta name=\"twitter:creator\" content=\"@ugtcom\" \/>\n<meta name=\"twitter:site\" content=\"@ugtcom\" \/>\n<meta name=\"twitter:label1\" content=\"Escrito por\" \/>\n\t<meta name=\"twitter:data1\" content=\"UGT\" \/>\n\t<meta name=\"twitter:label2\" content=\"Tiempo de lectura\" \/>\n\t<meta name=\"twitter:data2\" content=\"3 minutos\" \/>\n<script type=\"application\/ld+json\" class=\"yoast-schema-graph\">{\"@context\":\"https:\\\/\\\/schema.org\",\"@graph\":[{\"@type\":\"Article\",\"@id\":\"https:\\\/\\\/www.ugtcomunicaciones.es\\\/wordpress\\\/el-gobierno-asume-la-propuesta-de-ugt-y-lanzara-un-plan-nacional-de-capacidades-digitales\\\/#article\",\"isPartOf\":{\"@id\":\"https:\\\/\\\/www.ugtcomunicaciones.es\\\/wordpress\\\/el-gobierno-asume-la-propuesta-de-ugt-y-lanzara-un-plan-nacional-de-capacidades-digitales\\\/\"},\"author\":{\"name\":\"UGT\",\"@id\":\"https:\\\/\\\/www.ugtcomunicaciones.es\\\/wordpress\\\/#\\\/schema\\\/person\\\/eba0fc3fe5b444531d94d4368cba89ed\"},\"headline\":\"El gobierno asume la propuesta de UGT y lanzar\u00e1 un plan nacional de capacidades digitales\",\"datePublished\":\"2020-11-16T05:00:01+00:00\",\"mainEntityOfPage\":{\"@id\":\"https:\\\/\\\/www.ugtcomunicaciones.es\\\/wordpress\\\/el-gobierno-asume-la-propuesta-de-ugt-y-lanzara-un-plan-nacional-de-capacidades-digitales\\\/\"},\"wordCount\":600,\"publisher\":{\"@id\":\"https:\\\/\\\/www.ugtcomunicaciones.es\\\/wordpress\\\/#organization\"},\"image\":{\"@id\":\"https:\\\/\\\/www.ugtcomunicaciones.es\\\/wordpress\\\/el-gobierno-asume-la-propuesta-de-ugt-y-lanzara-un-plan-nacional-de-capacidades-digitales\\\/#primaryimage\"},\"thumbnailUrl\":\"https:\\\/\\\/www.ugtcomunicaciones.es\\\/wordpress\\\/wp-content\\\/uploads\\\/2020\\\/11\\\/brecha-1.jpg\",\"articleSection\":[\"Opini\u00f3n\",\"Regulaci\u00f3n\"],\"inLanguage\":\"es\"},{\"@type\":\"WebPage\",\"@id\":\"https:\\\/\\\/www.ugtcomunicaciones.es\\\/wordpress\\\/el-gobierno-asume-la-propuesta-de-ugt-y-lanzara-un-plan-nacional-de-capacidades-digitales\\\/\",\"url\":\"https:\\\/\\\/www.ugtcomunicaciones.es\\\/wordpress\\\/el-gobierno-asume-la-propuesta-de-ugt-y-lanzara-un-plan-nacional-de-capacidades-digitales\\\/\",\"name\":\"El gobierno asume la propuesta de UGT y lanzar\u00e1 un plan nacional de capacidades digitales - UGT Comunicaciones\",\"isPartOf\":{\"@id\":\"https:\\\/\\\/www.ugtcomunicaciones.es\\\/wordpress\\\/#website\"},\"primaryImageOfPage\":{\"@id\":\"https:\\\/\\\/www.ugtcomunicaciones.es\\\/wordpress\\\/el-gobierno-asume-la-propuesta-de-ugt-y-lanzara-un-plan-nacional-de-capacidades-digitales\\\/#primaryimage\"},\"image\":{\"@id\":\"https:\\\/\\\/www.ugtcomunicaciones.es\\\/wordpress\\\/el-gobierno-asume-la-propuesta-de-ugt-y-lanzara-un-plan-nacional-de-capacidades-digitales\\\/#primaryimage\"},\"thumbnailUrl\":\"https:\\\/\\\/www.ugtcomunicaciones.es\\\/wordpress\\\/wp-content\\\/uploads\\\/2020\\\/11\\\/brecha-1.jpg\",\"datePublished\":\"2020-11-16T05:00:01+00:00\",\"breadcrumb\":{\"@id\":\"https:\\\/\\\/www.ugtcomunicaciones.es\\\/wordpress\\\/el-gobierno-asume-la-propuesta-de-ugt-y-lanzara-un-plan-nacional-de-capacidades-digitales\\\/#breadcrumb\"},\"inLanguage\":\"es\",\"potentialAction\":[{\"@type\":\"ReadAction\",\"target\":[\"https:\\\/\\\/www.ugtcomunicaciones.es\\\/wordpress\\\/el-gobierno-asume-la-propuesta-de-ugt-y-lanzara-un-plan-nacional-de-capacidades-digitales\\\/\"]}]},{\"@type\":\"ImageObject\",\"inLanguage\":\"es\",\"@id\":\"https:\\\/\\\/www.ugtcomunicaciones.es\\\/wordpress\\\/el-gobierno-asume-la-propuesta-de-ugt-y-lanzara-un-plan-nacional-de-capacidades-digitales\\\/#primaryimage\",\"url\":\"https:\\\/\\\/www.ugtcomunicaciones.es\\\/wordpress\\\/wp-content\\\/uploads\\\/2020\\\/11\\\/brecha-1.jpg\",\"contentUrl\":\"https:\\\/\\\/www.ugtcomunicaciones.es\\\/wordpress\\\/wp-content\\\/uploads\\\/2020\\\/11\\\/brecha-1.jpg\",\"width\":600,\"height\":404,\"caption\":\"brecha-1\"},{\"@type\":\"BreadcrumbList\",\"@id\":\"https:\\\/\\\/www.ugtcomunicaciones.es\\\/wordpress\\\/el-gobierno-asume-la-propuesta-de-ugt-y-lanzara-un-plan-nacional-de-capacidades-digitales\\\/#breadcrumb\",\"itemListElement\":[{\"@type\":\"ListItem\",\"position\":1,\"name\":\"Portada\",\"item\":\"https:\\\/\\\/www.ugtcomunicaciones.es\\\/wordpress\\\/\"},{\"@type\":\"ListItem\",\"position\":2,\"name\":\"El gobierno asume la propuesta de UGT y lanzar\u00e1 un plan nacional de capacidades digitales\"}]},{\"@type\":\"WebSite\",\"@id\":\"https:\\\/\\\/www.ugtcomunicaciones.es\\\/wordpress\\\/#website\",\"url\":\"https:\\\/\\\/www.ugtcomunicaciones.es\\\/wordpress\\\/\",\"name\":\"UGT Comunicaciones\",\"description\":\"Sindicato de Telecomunicaciones\",\"publisher\":{\"@id\":\"https:\\\/\\\/www.ugtcomunicaciones.es\\\/wordpress\\\/#organization\"},\"potentialAction\":[{\"@type\":\"SearchAction\",\"target\":{\"@type\":\"EntryPoint\",\"urlTemplate\":\"https:\\\/\\\/www.ugtcomunicaciones.es\\\/wordpress\\\/?s={search_term_string}\"},\"query-input\":{\"@type\":\"PropertyValueSpecification\",\"valueRequired\":true,\"valueName\":\"search_term_string\"}}],\"inLanguage\":\"es\"},{\"@type\":\"Organization\",\"@id\":\"https:\\\/\\\/www.ugtcomunicaciones.es\\\/wordpress\\\/#organization\",\"name\":\"UGT Comunicaciones\",\"url\":\"https:\\\/\\\/www.ugtcomunicaciones.es\\\/wordpress\\\/\",\"logo\":{\"@type\":\"ImageObject\",\"inLanguage\":\"es\",\"@id\":\"https:\\\/\\\/www.ugtcomunicaciones.es\\\/wordpress\\\/#\\\/schema\\\/logo\\\/image\\\/\",\"url\":\"https:\\\/\\\/www.ugtcomunicaciones.es\\\/wordpress\\\/wp-content\\\/uploads\\\/2024\\\/04\\\/comunicaciones_logo.png\",\"contentUrl\":\"https:\\\/\\\/www.ugtcomunicaciones.es\\\/wordpress\\\/wp-content\\\/uploads\\\/2024\\\/04\\\/comunicaciones_logo.png\",\"width\":298,\"height\":81,\"caption\":\"UGT Comunicaciones\"},\"image\":{\"@id\":\"https:\\\/\\\/www.ugtcomunicaciones.es\\\/wordpress\\\/#\\\/schema\\\/logo\\\/image\\\/\"},\"sameAs\":[\"https:\\\/\\\/www.facebook.com\\\/ugt.comunicaciones\\\/\",\"https:\\\/\\\/x.com\\\/ugtcom\"]},{\"@type\":\"Person\",\"@id\":\"https:\\\/\\\/www.ugtcomunicaciones.es\\\/wordpress\\\/#\\\/schema\\\/person\\\/eba0fc3fe5b444531d94d4368cba89ed\",\"name\":\"UGT\",\"image\":{\"@type\":\"ImageObject\",\"inLanguage\":\"es\",\"@id\":\"https:\\\/\\\/secure.gravatar.com\\\/avatar\\\/2a16057d620a4c646bcfc171c4f23030879ebbdd346f0525bd5d4a564e57e13d?s=96&d=mm&r=g\",\"url\":\"https:\\\/\\\/secure.gravatar.com\\\/avatar\\\/2a16057d620a4c646bcfc171c4f23030879ebbdd346f0525bd5d4a564e57e13d?s=96&d=mm&r=g\",\"contentUrl\":\"https:\\\/\\\/secure.gravatar.com\\\/avatar\\\/2a16057d620a4c646bcfc171c4f23030879ebbdd346f0525bd5d4a564e57e13d?s=96&d=mm&r=g\",\"caption\":\"UGT\"}}]}<\/script>\n<!-- \/ Yoast SEO Premium plugin. -->","yoast_head_json":{"title":"El gobierno asume la propuesta de UGT y lanzar\u00e1 un plan nacional de capacidades digitales - UGT Comunicaciones","robots":{"index":"index","follow":"follow","max-snippet":"max-snippet:-1","max-image-preview":"max-image-preview:large","max-video-preview":"max-video-preview:-1"},"canonical":"https:\/\/www.ugtcomunicaciones.es\/wordpress\/el-gobierno-asume-la-propuesta-de-ugt-y-lanzara-un-plan-nacional-de-capacidades-digitales\/","og_locale":"es_ES","og_type":"article","og_title":"El gobierno asume la propuesta de UGT y lanzar\u00e1 un plan nacional de capacidades digitales","og_description":"El anuncio realizado por el Gobierno, dentro del macroproyecto para la Recuperaci\u00f3n, Transformaci\u00f3n y Resiliencia de la Econom\u00eda espa\u00f1ola, de poner en marcha un Plan nacional de capacidades digitales asume al completo las propuestas de UGT para acabar la Brecha Digital que sufre nuestro pa\u00eds. A lo largo de los \u00faltimos cinco a\u00f1os, este Sindicato [&hellip;]","og_url":"https:\/\/www.ugtcomunicaciones.es\/wordpress\/el-gobierno-asume-la-propuesta-de-ugt-y-lanzara-un-plan-nacional-de-capacidades-digitales\/","og_site_name":"UGT Comunicaciones","article_publisher":"https:\/\/www.facebook.com\/ugt.comunicaciones\/","article_published_time":"2020-11-16T05:00:01+00:00","og_image":[{"width":600,"height":404,"url":"https:\/\/www.ugtcomunicaciones.es\/wordpress\/wp-content\/uploads\/2020\/11\/brecha-1.jpg","type":"image\/jpeg"}],"author":"UGT","twitter_card":"summary_large_image","twitter_creator":"@ugtcom","twitter_site":"@ugtcom","twitter_misc":{"Escrito por":"UGT","Tiempo de lectura":"3 minutos"},"schema":{"@context":"https:\/\/schema.org","@graph":[{"@type":"Article","@id":"https:\/\/www.ugtcomunicaciones.es\/wordpress\/el-gobierno-asume-la-propuesta-de-ugt-y-lanzara-un-plan-nacional-de-capacidades-digitales\/#article","isPartOf":{"@id":"https:\/\/www.ugtcomunicaciones.es\/wordpress\/el-gobierno-asume-la-propuesta-de-ugt-y-lanzara-un-plan-nacional-de-capacidades-digitales\/"},"author":{"name":"UGT","@id":"https:\/\/www.ugtcomunicaciones.es\/wordpress\/#\/schema\/person\/eba0fc3fe5b444531d94d4368cba89ed"},"headline":"El gobierno asume la propuesta de UGT y lanzar\u00e1 un plan nacional de capacidades digitales","datePublished":"2020-11-16T05:00:01+00:00","mainEntityOfPage":{"@id":"https:\/\/www.ugtcomunicaciones.es\/wordpress\/el-gobierno-asume-la-propuesta-de-ugt-y-lanzara-un-plan-nacional-de-capacidades-digitales\/"},"wordCount":600,"publisher":{"@id":"https:\/\/www.ugtcomunicaciones.es\/wordpress\/#organization"},"image":{"@id":"https:\/\/www.ugtcomunicaciones.es\/wordpress\/el-gobierno-asume-la-propuesta-de-ugt-y-lanzara-un-plan-nacional-de-capacidades-digitales\/#primaryimage"},"thumbnailUrl":"https:\/\/www.ugtcomunicaciones.es\/wordpress\/wp-content\/uploads\/2020\/11\/brecha-1.jpg","articleSection":["Opini\u00f3n","Regulaci\u00f3n"],"inLanguage":"es"},{"@type":"WebPage","@id":"https:\/\/www.ugtcomunicaciones.es\/wordpress\/el-gobierno-asume-la-propuesta-de-ugt-y-lanzara-un-plan-nacional-de-capacidades-digitales\/","url":"https:\/\/www.ugtcomunicaciones.es\/wordpress\/el-gobierno-asume-la-propuesta-de-ugt-y-lanzara-un-plan-nacional-de-capacidades-digitales\/","name":"El gobierno asume la propuesta de UGT y lanzar\u00e1 un plan nacional de capacidades digitales - UGT Comunicaciones","isPartOf":{"@id":"https:\/\/www.ugtcomunicaciones.es\/wordpress\/#website"},"primaryImageOfPage":{"@id":"https:\/\/www.ugtcomunicaciones.es\/wordpress\/el-gobierno-asume-la-propuesta-de-ugt-y-lanzara-un-plan-nacional-de-capacidades-digitales\/#primaryimage"},"image":{"@id":"https:\/\/www.ugtcomunicaciones.es\/wordpress\/el-gobierno-asume-la-propuesta-de-ugt-y-lanzara-un-plan-nacional-de-capacidades-digitales\/#primaryimage"},"thumbnailUrl":"https:\/\/www.ugtcomunicaciones.es\/wordpress\/wp-content\/uploads\/2020\/11\/brecha-1.jpg","datePublished":"2020-11-16T05:00:01+00:00","breadcrumb":{"@id":"https:\/\/www.ugtcomunicaciones.es\/wordpress\/el-gobierno-asume-la-propuesta-de-ugt-y-lanzara-un-plan-nacional-de-capacidades-digitales\/#breadcrumb"},"inLanguage":"es","potentialAction":[{"@type":"ReadAction","target":["https:\/\/www.ugtcomunicaciones.es\/wordpress\/el-gobierno-asume-la-propuesta-de-ugt-y-lanzara-un-plan-nacional-de-capacidades-digitales\/"]}]},{"@type":"ImageObject","inLanguage":"es","@id":"https:\/\/www.ugtcomunicaciones.es\/wordpress\/el-gobierno-asume-la-propuesta-de-ugt-y-lanzara-un-plan-nacional-de-capacidades-digitales\/#primaryimage","url":"https:\/\/www.ugtcomunicaciones.es\/wordpress\/wp-content\/uploads\/2020\/11\/brecha-1.jpg","contentUrl":"https:\/\/www.ugtcomunicaciones.es\/wordpress\/wp-content\/uploads\/2020\/11\/brecha-1.jpg","width":600,"height":404,"caption":"brecha-1"},{"@type":"BreadcrumbList","@id":"https:\/\/www.ugtcomunicaciones.es\/wordpress\/el-gobierno-asume-la-propuesta-de-ugt-y-lanzara-un-plan-nacional-de-capacidades-digitales\/#breadcrumb","itemListElement":[{"@type":"ListItem","position":1,"name":"Portada","item":"https:\/\/www.ugtcomunicaciones.es\/wordpress\/"},{"@type":"ListItem","position":2,"name":"El gobierno asume la propuesta de UGT y lanzar\u00e1 un plan nacional de capacidades digitales"}]},{"@type":"WebSite","@id":"https:\/\/www.ugtcomunicaciones.es\/wordpress\/#website","url":"https:\/\/www.ugtcomunicaciones.es\/wordpress\/","name":"UGT Comunicaciones","description":"Sindicato de Telecomunicaciones","publisher":{"@id":"https:\/\/www.ugtcomunicaciones.es\/wordpress\/#organization"},"potentialAction":[{"@type":"SearchAction","target":{"@type":"EntryPoint","urlTemplate":"https:\/\/www.ugtcomunicaciones.es\/wordpress\/?s={search_term_string}"},"query-input":{"@type":"PropertyValueSpecification","valueRequired":true,"valueName":"search_term_string"}}],"inLanguage":"es"},{"@type":"Organization","@id":"https:\/\/www.ugtcomunicaciones.es\/wordpress\/#organization","name":"UGT Comunicaciones","url":"https:\/\/www.ugtcomunicaciones.es\/wordpress\/","logo":{"@type":"ImageObject","inLanguage":"es","@id":"https:\/\/www.ugtcomunicaciones.es\/wordpress\/#\/schema\/logo\/image\/","url":"https:\/\/www.ugtcomunicaciones.es\/wordpress\/wp-content\/uploads\/2024\/04\/comunicaciones_logo.png","contentUrl":"https:\/\/www.ugtcomunicaciones.es\/wordpress\/wp-content\/uploads\/2024\/04\/comunicaciones_logo.png","width":298,"height":81,"caption":"UGT Comunicaciones"},"image":{"@id":"https:\/\/www.ugtcomunicaciones.es\/wordpress\/#\/schema\/logo\/image\/"},"sameAs":["https:\/\/www.facebook.com\/ugt.comunicaciones\/","https:\/\/x.com\/ugtcom"]},{"@type":"Person","@id":"https:\/\/www.ugtcomunicaciones.es\/wordpress\/#\/schema\/person\/eba0fc3fe5b444531d94d4368cba89ed","name":"UGT","image":{"@type":"ImageObject","inLanguage":"es","@id":"https:\/\/secure.gravatar.com\/avatar\/2a16057d620a4c646bcfc171c4f23030879ebbdd346f0525bd5d4a564e57e13d?s=96&d=mm&r=g","url":"https:\/\/secure.gravatar.com\/avatar\/2a16057d620a4c646bcfc171c4f23030879ebbdd346f0525bd5d4a564e57e13d?s=96&d=mm&r=g","contentUrl":"https:\/\/secure.gravatar.com\/avatar\/2a16057d620a4c646bcfc171c4f23030879ebbdd346f0525bd5d4a564e57e13d?s=96&d=mm&r=g","caption":"UGT"}}]}},"_links":{"self":[{"href":"https:\/\/www.ugtcomunicaciones.es\/wordpress\/wp-json\/wp\/v2\/posts\/694546","targetHints":{"allow":["GET"]}}],"collection":[{"href":"https:\/\/www.ugtcomunicaciones.es\/wordpress\/wp-json\/wp\/v2\/posts"}],"about":[{"href":"https:\/\/www.ugtcomunicaciones.es\/wordpress\/wp-json\/wp\/v2\/types\/post"}],"author":[{"embeddable":true,"href":"https:\/\/www.ugtcomunicaciones.es\/wordpress\/wp-json\/wp\/v2\/users\/3"}],"replies":[{"embeddable":true,"href":"https:\/\/www.ugtcomunicaciones.es\/wordpress\/wp-json\/wp\/v2\/comments?post=694546"}],"version-history":[{"count":0,"href":"https:\/\/www.ugtcomunicaciones.es\/wordpress\/wp-json\/wp\/v2\/posts\/694546\/revisions"}],"wp:featuredmedia":[{"embeddable":true,"href":"https:\/\/www.ugtcomunicaciones.es\/wordpress\/wp-json\/wp\/v2\/media\/694548"}],"wp:attachment":[{"href":"https:\/\/www.ugtcomunicaciones.es\/wordpress\/wp-json\/wp\/v2\/media?parent=694546"}],"wp:term":[{"taxonomy":"category","embeddable":true,"href":"https:\/\/www.ugtcomunicaciones.es\/wordpress\/wp-json\/wp\/v2\/categories?post=694546"},{"taxonomy":"post_tag","embeddable":true,"href":"https:\/\/www.ugtcomunicaciones.es\/wordpress\/wp-json\/wp\/v2\/tags?post=694546"}],"curies":[{"name":"wp","href":"https:\/\/api.w.org\/{rel}","templated":true}]}}