{"id":699499,"date":"2020-11-12T18:41:41","date_gmt":"2020-11-12T16:41:41","guid":{"rendered":"https:\/\/www.ugtcomunicaciones.es\/wordpress\/?p=699499"},"modified":"2020-11-12T18:41:41","modified_gmt":"2020-11-12T16:41:41","slug":"vii-reunion-areas-comerciales","status":"publish","type":"post","link":"https:\/\/www.ugtcomunicaciones.es\/wordpress\/vii-reunion-areas-comerciales\/","title":{"rendered":"VII Reuni\u00f3n \u00c1reas Comerciales"},"content":{"rendered":"<p style=\"text-align: justify;\">En el d\u00eda de hoy se ha celebrado la s\u00e9ptima reuni\u00f3n de la Mesa Comercial, trat\u00e1ndose un \u00fanico punto del d\u00eda:<\/p>\n<p style=\"text-align: justify;\"><strong>CENTRO DE SERVICIOS TRANSVERSALES (CST)<\/strong><\/p>\n<p style=\"text-align: justify;\">El CST surgi\u00f3 porque se identificaron una serie de tareas dentro de los procesos internos de tramitaci\u00f3n que se ve\u00edan duplicados o eran innecesarios. Se crea para tratar de reducir los tiempos de provisi\u00f3n, e incrementar la calidad, garantizando la implantaci\u00f3n y la correcta ejecuci\u00f3n de los procesos establecidos.<\/p>\n<p style=\"text-align: justify;\">La empresa nos comenta que el piloto lleva en marcha m\u00e1s de un mes, con unos resultados muy positivos, por lo que se hace necesario un cambio jer\u00e1rquico para las personas que forman parte de este. <strong>El objetivo es unificar bajo el mismo \u00e1mbito de responsabilidad y objetivos a las personas que formar\u00e1n parte del CST<\/strong>, el cual <strong>implica a 300 personas trabajadoras<\/strong>. <strong>La nominaci\u00f3n y su dependencia jer\u00e1rquica afectar\u00e1 a 139 personas trabajadoras<\/strong>, ya que los otros 161 trabajadores ya se encuentran en estos momentos en la Gerencia de Centro de Soporte Trasversal, aunque cambie de nombre.<\/p>\n<p style=\"text-align: justify;\">Estas reestructuraciones organizativas mantienen las funciones actuales afectando de la siguiente forma en n\u00famero y provincias;<\/p>\n<ul style=\"text-align: justify;\">\n<li><strong>Comercial <\/strong>&#8211; <strong>56 personas trabajadoras<\/strong>, pasar\u00edan de ingenier\u00eda preventa a provisi\u00f3n comercial empresas. El cambio ser\u00eda dentro de la misma direcci\u00f3n. Las provincias afectadas ser\u00edan: A Coru\u00f1a, Asturias, Barcelona, Burgos, C\u00f3rdoba, Guip\u00fazcoa, Lleida, Madrid, M\u00e1laga, Murcia, Palencia, Pontevedra, Santa Cruz de Tenerife, Sevilla, Valencia, Valladolid, Vizcaya y Zaragoza.<\/li>\n<li><strong>Operaciones<\/strong> \u2013 <strong>83 personas trabajadoras<\/strong> en las siguientes provincias; Baleares, Barcelona, Las Palmas, Le\u00f3n, Madrid y Valencia.<\/li>\n<\/ul>\n<p style=\"text-align: justify;\">Se informa por el dimensionamiento del CST, se dar\u00edan los siguientes casos;<\/p>\n<ul style=\"text-align: justify;\">\n<li>En <strong>Le\u00f3n<\/strong> de todo el grupo de Empresas Norte 3 OC\u00b4s no ir\u00edan al CST, se restructurar\u00edan a grupo de Sistemas de Supervisi\u00f3n F.O.<\/li>\n<li>En <strong>Valencia<\/strong> de todo el grupo Aseguramiento Provisi\u00f3n Clientes End To End 1 OC no ir\u00eda al CST y se reestructurar\u00eda a I+M<\/li>\n<li>En <strong>Vizcaya y Madrid<\/strong> del grupo de Calidad de Herramientas esta restructuraci\u00f3n afectar\u00eda a 1 trabajador de cada provincia, que son los que realizan ya la actividad del CST.<\/li>\n<\/ul>\n<p style=\"text-align: justify;\"><span style=\"color: #ff0000;\"><strong>UGT<\/strong><\/span> ha solicitado que, en los casos de los procesos que no afectan a la totalidad de los grupos, de no haber voluntarios, la empresa dimensione el CST para dar cabida a todos los trabajadores actuales.<\/p>\n<p style=\"text-align: justify;\">La empresa nos confirma que <strong>informar\u00e1 a los comit\u00e9s provinciales<\/strong> para la <strong>implantaci\u00f3n del CST prevista para el 1 de diciembre<\/strong>.<\/p>\n<p style=\"text-align: justify;\"><span style=\"color: #ff0000;\"><strong>UGT<\/strong><\/span> hemos recordado la necesidad de que se mantengan todas las <strong>condiciones laborales y econ\u00f3micas actuales<\/strong>, respondiendo la empresa a nuestra petici\u00f3n de forma positiva.<\/p>\n<p>&nbsp;<\/p>\n<h5 style=\"text-align: right;\"><strong><span style=\"color: #ff0000;\">UGT<\/span> Comunicaciones<\/strong><br \/>\n<strong>Sector Estatal<\/strong><\/h5>\n","protected":false},"excerpt":{"rendered":"<p>En el d\u00eda de hoy se ha celebrado la s\u00e9ptima reuni\u00f3n de la Mesa Comercial, trat\u00e1ndose un \u00fanico punto del d\u00eda: CENTRO DE SERVICIOS TRANSVERSALES (CST) El CST surgi\u00f3 porque se identificaron una serie de tareas dentro de los procesos internos de tramitaci\u00f3n que se ve\u00edan duplicados o eran innecesarios. Se crea para tratar de [&hellip;]<\/p>\n","protected":false},"author":3,"featured_media":699502,"comment_status":"closed","ping_status":"closed","sticky":false,"template":"","format":"standard","meta":{"footnotes":""},"categories":[8,25,7,26],"tags":[],"class_list":["post-699499","post","type-post","status-publish","format-standard","has-post-thumbnail","hentry","category-telefonica-cev","category-telefonica","category-telefonica-moviles","category-telefonica-soluciones"],"yoast_head":"<!-- This site is optimized with the Yoast SEO Premium plugin v27.3 (Yoast SEO v27.4) - https:\/\/yoast.com\/product\/yoast-seo-premium-wordpress\/ -->\n<title>VII Reuni\u00f3n \u00c1reas Comerciales - UGT Comunicaciones<\/title>\n<meta name=\"description\" content=\"En el d\u00eda de hoy se ha celebrado la s\u00e9ptima reuni\u00f3n de la Mesa Comercial, trat\u00e1ndose un \u00fanico punto del d\u00eda:...\" \/>\n<meta name=\"robots\" content=\"index, follow, max-snippet:-1, max-image-preview:large, max-video-preview:-1\" \/>\n<link rel=\"canonical\" href=\"https:\/\/www.ugtcomunicaciones.es\/wordpress\/vii-reunion-areas-comerciales\/\" \/>\n<meta property=\"og:locale\" content=\"es_ES\" \/>\n<meta property=\"og:type\" content=\"article\" \/>\n<meta property=\"og:title\" content=\"VII Reuni\u00f3n \u00c1reas Comerciales\" \/>\n<meta property=\"og:description\" content=\"En el d\u00eda de hoy se ha celebrado la s\u00e9ptima reuni\u00f3n de la Mesa Comercial, trat\u00e1ndose un \u00fanico punto del d\u00eda:...\" \/>\n<meta property=\"og:url\" content=\"https:\/\/www.ugtcomunicaciones.es\/wordpress\/vii-reunion-areas-comerciales\/\" \/>\n<meta property=\"og:site_name\" content=\"UGT Comunicaciones\" \/>\n<meta property=\"article:publisher\" content=\"https:\/\/www.facebook.com\/ugt.comunicaciones\/\" \/>\n<meta property=\"article:published_time\" content=\"2020-11-12T16:41:41+00:00\" \/>\n<meta property=\"og:image\" content=\"https:\/\/www.ugtcomunicaciones.es\/wordpress\/wp-content\/uploads\/2020\/11\/comunicado-comercial.jpg\" \/>\n\t<meta property=\"og:image:width\" content=\"600\" \/>\n\t<meta property=\"og:image:height\" content=\"286\" \/>\n\t<meta property=\"og:image:type\" content=\"image\/jpeg\" \/>\n<meta name=\"author\" content=\"UGT\" \/>\n<meta name=\"twitter:card\" content=\"summary_large_image\" \/>\n<meta name=\"twitter:creator\" content=\"@ugtcom\" \/>\n<meta name=\"twitter:site\" content=\"@ugtcom\" \/>\n<meta name=\"twitter:label1\" content=\"Escrito por\" \/>\n\t<meta name=\"twitter:data1\" content=\"UGT\" \/>\n\t<meta name=\"twitter:label2\" content=\"Tiempo de lectura\" \/>\n\t<meta name=\"twitter:data2\" content=\"2 minutos\" \/>\n<script type=\"application\/ld+json\" class=\"yoast-schema-graph\">{\"@context\":\"https:\\\/\\\/schema.org\",\"@graph\":[{\"@type\":\"Article\",\"@id\":\"https:\\\/\\\/www.ugtcomunicaciones.es\\\/wordpress\\\/vii-reunion-areas-comerciales\\\/#article\",\"isPartOf\":{\"@id\":\"https:\\\/\\\/www.ugtcomunicaciones.es\\\/wordpress\\\/vii-reunion-areas-comerciales\\\/\"},\"author\":{\"name\":\"UGT\",\"@id\":\"https:\\\/\\\/www.ugtcomunicaciones.es\\\/wordpress\\\/#\\\/schema\\\/person\\\/eba0fc3fe5b444531d94d4368cba89ed\"},\"headline\":\"VII Reuni\u00f3n \u00c1reas Comerciales\",\"datePublished\":\"2020-11-12T16:41:41+00:00\",\"mainEntityOfPage\":{\"@id\":\"https:\\\/\\\/www.ugtcomunicaciones.es\\\/wordpress\\\/vii-reunion-areas-comerciales\\\/\"},\"wordCount\":468,\"publisher\":{\"@id\":\"https:\\\/\\\/www.ugtcomunicaciones.es\\\/wordpress\\\/#organization\"},\"image\":{\"@id\":\"https:\\\/\\\/www.ugtcomunicaciones.es\\\/wordpress\\\/vii-reunion-areas-comerciales\\\/#primaryimage\"},\"thumbnailUrl\":\"https:\\\/\\\/www.ugtcomunicaciones.es\\\/wordpress\\\/wp-content\\\/uploads\\\/2020\\\/11\\\/comunicado-comercial.jpg\",\"articleSection\":[\"Telef\u00f3nica CEV\",\"Telef\u00f3nica de Espa\u00f1a\",\"Telef\u00f3nica M\u00f3viles\",\"Telef\u00f3nica Soluciones\"],\"inLanguage\":\"es\"},{\"@type\":\"WebPage\",\"@id\":\"https:\\\/\\\/www.ugtcomunicaciones.es\\\/wordpress\\\/vii-reunion-areas-comerciales\\\/\",\"url\":\"https:\\\/\\\/www.ugtcomunicaciones.es\\\/wordpress\\\/vii-reunion-areas-comerciales\\\/\",\"name\":\"VII Reuni\u00f3n \u00c1reas Comerciales - UGT Comunicaciones\",\"isPartOf\":{\"@id\":\"https:\\\/\\\/www.ugtcomunicaciones.es\\\/wordpress\\\/#website\"},\"primaryImageOfPage\":{\"@id\":\"https:\\\/\\\/www.ugtcomunicaciones.es\\\/wordpress\\\/vii-reunion-areas-comerciales\\\/#primaryimage\"},\"image\":{\"@id\":\"https:\\\/\\\/www.ugtcomunicaciones.es\\\/wordpress\\\/vii-reunion-areas-comerciales\\\/#primaryimage\"},\"thumbnailUrl\":\"https:\\\/\\\/www.ugtcomunicaciones.es\\\/wordpress\\\/wp-content\\\/uploads\\\/2020\\\/11\\\/comunicado-comercial.jpg\",\"datePublished\":\"2020-11-12T16:41:41+00:00\",\"description\":\"En el d\u00eda de hoy se ha celebrado la s\u00e9ptima reuni\u00f3n de la Mesa Comercial, trat\u00e1ndose un \u00fanico punto del d\u00eda:...\",\"breadcrumb\":{\"@id\":\"https:\\\/\\\/www.ugtcomunicaciones.es\\\/wordpress\\\/vii-reunion-areas-comerciales\\\/#breadcrumb\"},\"inLanguage\":\"es\",\"potentialAction\":[{\"@type\":\"ReadAction\",\"target\":[\"https:\\\/\\\/www.ugtcomunicaciones.es\\\/wordpress\\\/vii-reunion-areas-comerciales\\\/\"]}]},{\"@type\":\"ImageObject\",\"inLanguage\":\"es\",\"@id\":\"https:\\\/\\\/www.ugtcomunicaciones.es\\\/wordpress\\\/vii-reunion-areas-comerciales\\\/#primaryimage\",\"url\":\"https:\\\/\\\/www.ugtcomunicaciones.es\\\/wordpress\\\/wp-content\\\/uploads\\\/2020\\\/11\\\/comunicado-comercial.jpg\",\"contentUrl\":\"https:\\\/\\\/www.ugtcomunicaciones.es\\\/wordpress\\\/wp-content\\\/uploads\\\/2020\\\/11\\\/comunicado-comercial.jpg\",\"width\":600,\"height\":286,\"caption\":\"comunicado-comercial\"},{\"@type\":\"BreadcrumbList\",\"@id\":\"https:\\\/\\\/www.ugtcomunicaciones.es\\\/wordpress\\\/vii-reunion-areas-comerciales\\\/#breadcrumb\",\"itemListElement\":[{\"@type\":\"ListItem\",\"position\":1,\"name\":\"Portada\",\"item\":\"https:\\\/\\\/www.ugtcomunicaciones.es\\\/wordpress\\\/\"},{\"@type\":\"ListItem\",\"position\":2,\"name\":\"VII Reuni\u00f3n \u00c1reas Comerciales\"}]},{\"@type\":\"WebSite\",\"@id\":\"https:\\\/\\\/www.ugtcomunicaciones.es\\\/wordpress\\\/#website\",\"url\":\"https:\\\/\\\/www.ugtcomunicaciones.es\\\/wordpress\\\/\",\"name\":\"UGT Comunicaciones\",\"description\":\"Sindicato de Telecomunicaciones\",\"publisher\":{\"@id\":\"https:\\\/\\\/www.ugtcomunicaciones.es\\\/wordpress\\\/#organization\"},\"potentialAction\":[{\"@type\":\"SearchAction\",\"target\":{\"@type\":\"EntryPoint\",\"urlTemplate\":\"https:\\\/\\\/www.ugtcomunicaciones.es\\\/wordpress\\\/?s={search_term_string}\"},\"query-input\":{\"@type\":\"PropertyValueSpecification\",\"valueRequired\":true,\"valueName\":\"search_term_string\"}}],\"inLanguage\":\"es\"},{\"@type\":\"Organization\",\"@id\":\"https:\\\/\\\/www.ugtcomunicaciones.es\\\/wordpress\\\/#organization\",\"name\":\"UGT Comunicaciones\",\"url\":\"https:\\\/\\\/www.ugtcomunicaciones.es\\\/wordpress\\\/\",\"logo\":{\"@type\":\"ImageObject\",\"inLanguage\":\"es\",\"@id\":\"https:\\\/\\\/www.ugtcomunicaciones.es\\\/wordpress\\\/#\\\/schema\\\/logo\\\/image\\\/\",\"url\":\"https:\\\/\\\/www.ugtcomunicaciones.es\\\/wordpress\\\/wp-content\\\/uploads\\\/2024\\\/04\\\/comunicaciones_logo.png\",\"contentUrl\":\"https:\\\/\\\/www.ugtcomunicaciones.es\\\/wordpress\\\/wp-content\\\/uploads\\\/2024\\\/04\\\/comunicaciones_logo.png\",\"width\":298,\"height\":81,\"caption\":\"UGT Comunicaciones\"},\"image\":{\"@id\":\"https:\\\/\\\/www.ugtcomunicaciones.es\\\/wordpress\\\/#\\\/schema\\\/logo\\\/image\\\/\"},\"sameAs\":[\"https:\\\/\\\/www.facebook.com\\\/ugt.comunicaciones\\\/\",\"https:\\\/\\\/x.com\\\/ugtcom\"]},{\"@type\":\"Person\",\"@id\":\"https:\\\/\\\/www.ugtcomunicaciones.es\\\/wordpress\\\/#\\\/schema\\\/person\\\/eba0fc3fe5b444531d94d4368cba89ed\",\"name\":\"UGT\",\"image\":{\"@type\":\"ImageObject\",\"inLanguage\":\"es\",\"@id\":\"https:\\\/\\\/secure.gravatar.com\\\/avatar\\\/2a16057d620a4c646bcfc171c4f23030879ebbdd346f0525bd5d4a564e57e13d?s=96&d=mm&r=g\",\"url\":\"https:\\\/\\\/secure.gravatar.com\\\/avatar\\\/2a16057d620a4c646bcfc171c4f23030879ebbdd346f0525bd5d4a564e57e13d?s=96&d=mm&r=g\",\"contentUrl\":\"https:\\\/\\\/secure.gravatar.com\\\/avatar\\\/2a16057d620a4c646bcfc171c4f23030879ebbdd346f0525bd5d4a564e57e13d?s=96&d=mm&r=g\",\"caption\":\"UGT\"}}]}<\/script>\n<!-- \/ Yoast SEO Premium plugin. -->","yoast_head_json":{"title":"VII Reuni\u00f3n \u00c1reas Comerciales - UGT Comunicaciones","description":"En el d\u00eda de hoy se ha celebrado la s\u00e9ptima reuni\u00f3n de la Mesa Comercial, trat\u00e1ndose un \u00fanico punto del d\u00eda:...","robots":{"index":"index","follow":"follow","max-snippet":"max-snippet:-1","max-image-preview":"max-image-preview:large","max-video-preview":"max-video-preview:-1"},"canonical":"https:\/\/www.ugtcomunicaciones.es\/wordpress\/vii-reunion-areas-comerciales\/","og_locale":"es_ES","og_type":"article","og_title":"VII Reuni\u00f3n \u00c1reas Comerciales","og_description":"En el d\u00eda de hoy se ha celebrado la s\u00e9ptima reuni\u00f3n de la Mesa Comercial, trat\u00e1ndose un \u00fanico punto del d\u00eda:...","og_url":"https:\/\/www.ugtcomunicaciones.es\/wordpress\/vii-reunion-areas-comerciales\/","og_site_name":"UGT Comunicaciones","article_publisher":"https:\/\/www.facebook.com\/ugt.comunicaciones\/","article_published_time":"2020-11-12T16:41:41+00:00","og_image":[{"width":600,"height":286,"url":"https:\/\/www.ugtcomunicaciones.es\/wordpress\/wp-content\/uploads\/2020\/11\/comunicado-comercial.jpg","type":"image\/jpeg"}],"author":"UGT","twitter_card":"summary_large_image","twitter_creator":"@ugtcom","twitter_site":"@ugtcom","twitter_misc":{"Escrito por":"UGT","Tiempo de lectura":"2 minutos"},"schema":{"@context":"https:\/\/schema.org","@graph":[{"@type":"Article","@id":"https:\/\/www.ugtcomunicaciones.es\/wordpress\/vii-reunion-areas-comerciales\/#article","isPartOf":{"@id":"https:\/\/www.ugtcomunicaciones.es\/wordpress\/vii-reunion-areas-comerciales\/"},"author":{"name":"UGT","@id":"https:\/\/www.ugtcomunicaciones.es\/wordpress\/#\/schema\/person\/eba0fc3fe5b444531d94d4368cba89ed"},"headline":"VII Reuni\u00f3n \u00c1reas Comerciales","datePublished":"2020-11-12T16:41:41+00:00","mainEntityOfPage":{"@id":"https:\/\/www.ugtcomunicaciones.es\/wordpress\/vii-reunion-areas-comerciales\/"},"wordCount":468,"publisher":{"@id":"https:\/\/www.ugtcomunicaciones.es\/wordpress\/#organization"},"image":{"@id":"https:\/\/www.ugtcomunicaciones.es\/wordpress\/vii-reunion-areas-comerciales\/#primaryimage"},"thumbnailUrl":"https:\/\/www.ugtcomunicaciones.es\/wordpress\/wp-content\/uploads\/2020\/11\/comunicado-comercial.jpg","articleSection":["Telef\u00f3nica CEV","Telef\u00f3nica de Espa\u00f1a","Telef\u00f3nica M\u00f3viles","Telef\u00f3nica Soluciones"],"inLanguage":"es"},{"@type":"WebPage","@id":"https:\/\/www.ugtcomunicaciones.es\/wordpress\/vii-reunion-areas-comerciales\/","url":"https:\/\/www.ugtcomunicaciones.es\/wordpress\/vii-reunion-areas-comerciales\/","name":"VII Reuni\u00f3n \u00c1reas Comerciales - UGT Comunicaciones","isPartOf":{"@id":"https:\/\/www.ugtcomunicaciones.es\/wordpress\/#website"},"primaryImageOfPage":{"@id":"https:\/\/www.ugtcomunicaciones.es\/wordpress\/vii-reunion-areas-comerciales\/#primaryimage"},"image":{"@id":"https:\/\/www.ugtcomunicaciones.es\/wordpress\/vii-reunion-areas-comerciales\/#primaryimage"},"thumbnailUrl":"https:\/\/www.ugtcomunicaciones.es\/wordpress\/wp-content\/uploads\/2020\/11\/comunicado-comercial.jpg","datePublished":"2020-11-12T16:41:41+00:00","description":"En el d\u00eda de hoy se ha celebrado la s\u00e9ptima reuni\u00f3n de la Mesa Comercial, trat\u00e1ndose un \u00fanico punto del d\u00eda:...","breadcrumb":{"@id":"https:\/\/www.ugtcomunicaciones.es\/wordpress\/vii-reunion-areas-comerciales\/#breadcrumb"},"inLanguage":"es","potentialAction":[{"@type":"ReadAction","target":["https:\/\/www.ugtcomunicaciones.es\/wordpress\/vii-reunion-areas-comerciales\/"]}]},{"@type":"ImageObject","inLanguage":"es","@id":"https:\/\/www.ugtcomunicaciones.es\/wordpress\/vii-reunion-areas-comerciales\/#primaryimage","url":"https:\/\/www.ugtcomunicaciones.es\/wordpress\/wp-content\/uploads\/2020\/11\/comunicado-comercial.jpg","contentUrl":"https:\/\/www.ugtcomunicaciones.es\/wordpress\/wp-content\/uploads\/2020\/11\/comunicado-comercial.jpg","width":600,"height":286,"caption":"comunicado-comercial"},{"@type":"BreadcrumbList","@id":"https:\/\/www.ugtcomunicaciones.es\/wordpress\/vii-reunion-areas-comerciales\/#breadcrumb","itemListElement":[{"@type":"ListItem","position":1,"name":"Portada","item":"https:\/\/www.ugtcomunicaciones.es\/wordpress\/"},{"@type":"ListItem","position":2,"name":"VII Reuni\u00f3n \u00c1reas Comerciales"}]},{"@type":"WebSite","@id":"https:\/\/www.ugtcomunicaciones.es\/wordpress\/#website","url":"https:\/\/www.ugtcomunicaciones.es\/wordpress\/","name":"UGT Comunicaciones","description":"Sindicato de Telecomunicaciones","publisher":{"@id":"https:\/\/www.ugtcomunicaciones.es\/wordpress\/#organization"},"potentialAction":[{"@type":"SearchAction","target":{"@type":"EntryPoint","urlTemplate":"https:\/\/www.ugtcomunicaciones.es\/wordpress\/?s={search_term_string}"},"query-input":{"@type":"PropertyValueSpecification","valueRequired":true,"valueName":"search_term_string"}}],"inLanguage":"es"},{"@type":"Organization","@id":"https:\/\/www.ugtcomunicaciones.es\/wordpress\/#organization","name":"UGT Comunicaciones","url":"https:\/\/www.ugtcomunicaciones.es\/wordpress\/","logo":{"@type":"ImageObject","inLanguage":"es","@id":"https:\/\/www.ugtcomunicaciones.es\/wordpress\/#\/schema\/logo\/image\/","url":"https:\/\/www.ugtcomunicaciones.es\/wordpress\/wp-content\/uploads\/2024\/04\/comunicaciones_logo.png","contentUrl":"https:\/\/www.ugtcomunicaciones.es\/wordpress\/wp-content\/uploads\/2024\/04\/comunicaciones_logo.png","width":298,"height":81,"caption":"UGT Comunicaciones"},"image":{"@id":"https:\/\/www.ugtcomunicaciones.es\/wordpress\/#\/schema\/logo\/image\/"},"sameAs":["https:\/\/www.facebook.com\/ugt.comunicaciones\/","https:\/\/x.com\/ugtcom"]},{"@type":"Person","@id":"https:\/\/www.ugtcomunicaciones.es\/wordpress\/#\/schema\/person\/eba0fc3fe5b444531d94d4368cba89ed","name":"UGT","image":{"@type":"ImageObject","inLanguage":"es","@id":"https:\/\/secure.gravatar.com\/avatar\/2a16057d620a4c646bcfc171c4f23030879ebbdd346f0525bd5d4a564e57e13d?s=96&d=mm&r=g","url":"https:\/\/secure.gravatar.com\/avatar\/2a16057d620a4c646bcfc171c4f23030879ebbdd346f0525bd5d4a564e57e13d?s=96&d=mm&r=g","contentUrl":"https:\/\/secure.gravatar.com\/avatar\/2a16057d620a4c646bcfc171c4f23030879ebbdd346f0525bd5d4a564e57e13d?s=96&d=mm&r=g","caption":"UGT"}}]}},"_links":{"self":[{"href":"https:\/\/www.ugtcomunicaciones.es\/wordpress\/wp-json\/wp\/v2\/posts\/699499","targetHints":{"allow":["GET"]}}],"collection":[{"href":"https:\/\/www.ugtcomunicaciones.es\/wordpress\/wp-json\/wp\/v2\/posts"}],"about":[{"href":"https:\/\/www.ugtcomunicaciones.es\/wordpress\/wp-json\/wp\/v2\/types\/post"}],"author":[{"embeddable":true,"href":"https:\/\/www.ugtcomunicaciones.es\/wordpress\/wp-json\/wp\/v2\/users\/3"}],"replies":[{"embeddable":true,"href":"https:\/\/www.ugtcomunicaciones.es\/wordpress\/wp-json\/wp\/v2\/comments?post=699499"}],"version-history":[{"count":0,"href":"https:\/\/www.ugtcomunicaciones.es\/wordpress\/wp-json\/wp\/v2\/posts\/699499\/revisions"}],"wp:featuredmedia":[{"embeddable":true,"href":"https:\/\/www.ugtcomunicaciones.es\/wordpress\/wp-json\/wp\/v2\/media\/699502"}],"wp:attachment":[{"href":"https:\/\/www.ugtcomunicaciones.es\/wordpress\/wp-json\/wp\/v2\/media?parent=699499"}],"wp:term":[{"taxonomy":"category","embeddable":true,"href":"https:\/\/www.ugtcomunicaciones.es\/wordpress\/wp-json\/wp\/v2\/categories?post=699499"},{"taxonomy":"post_tag","embeddable":true,"href":"https:\/\/www.ugtcomunicaciones.es\/wordpress\/wp-json\/wp\/v2\/tags?post=699499"}],"curies":[{"name":"wp","href":"https:\/\/api.w.org\/{rel}","templated":true}]}}