{"id":703277,"date":"2020-11-18T13:15:55","date_gmt":"2020-11-18T11:15:55","guid":{"rendered":"https:\/\/www.ugtcomunicaciones.es\/wordpress\/?p=703277"},"modified":"2020-11-18T13:15:55","modified_gmt":"2020-11-18T11:15:55","slug":"cnmc-ya-no-estamos-en-1998","status":"publish","type":"post","link":"https:\/\/www.ugtcomunicaciones.es\/wordpress\/cnmc-ya-no-estamos-en-1998\/","title":{"rendered":"CNMC, ya no estamos en 1998"},"content":{"rendered":"<p style=\"text-align: justify;\">Han pasado <strong>22 a\u00f1os desde que se liberaliz\u00f3 el mercado de las telecomunicaciones<\/strong> en Espa\u00f1a y Europa. M\u00e1s de dos d\u00e9cadas desde que se cre\u00f3 la Comisi\u00f3n del Mercado de las Telecomunicaciones (CMT), embri\u00f3n de la actual Comisi\u00f3n Nacional de Mercados y Competencia (CNMC).<\/p>\n<p style=\"text-align: justify;\">En este tiempo <strong>nuestro sector ha cambiado de forma notable<\/strong>, en todas sus vertientes: fisonom\u00eda, productos, competidores, tecnolog\u00edas, omnicanalidad y un largu\u00edsimo etc\u00e9tera. Hemos pasado de un \u00fanico operador \u201cincumbente\u201d, y de propiedad estatal, al extremo contrario, con <strong>m\u00e1s de 20 marcas comerciales compitiendo en Espa\u00f1a<\/strong>. En Europa, el n\u00famero de operadores de telefon\u00eda m\u00f3vil supera los 450 para los 28 Estados Miembros (en EEUU, con una poblaci\u00f3n semejante, solo hay 3). Un sinsentido que conforma una paradoja sin igual en otros sectores: en los \u00faltimos 12 a\u00f1os, a pesar de multiplicar por dos el n\u00famero de conexiones, <strong>la facturaci\u00f3n global ha descendido un 33%<\/strong>. La principal consecuencia ha sido <strong>la destrucci\u00f3n del 41% del empleo sectorial en 21 a\u00f1os<\/strong>. Un empleo, recordemos, de calidad, con derechos, bien remunerado y, adem\u00e1s, alt\u00edsimamente cualificado. Una barbaridad sobre la que no cabe explicaci\u00f3n racional alguna.<\/p>\n<p style=\"text-align: justify;\">La CNMC, el principal regulador de nuestro sector, no solo deber\u00eda ser consciente de esta situaci\u00f3n, sino que adem\u00e1s deber\u00eda implicarse, al objeto de ponerle remedio. <strong>No es de recibo seguir aplicando empecinadamente normas dise\u00f1adas para otra \u00e9poca y otros mercados<\/strong>, con otros actores y otras situaciones, radicalmente diferentes a las actuales.<\/p>\n<p style=\"text-align: justify;\">En consecuencia, <strong>UGT ha remitido una carta a la presidenta de la CNMC<\/strong> (D\u00f1a. Cani Fern\u00e1ndez), en la que compartimos <em>\u201c<strong>la<\/strong><\/em> <strong><em>situaci\u00f3n l\u00edmite de la que todos debemos ser conscientes, para actuar en consecuencia<\/em><\/strong><em>\u201d<\/em>.<\/p>\n<p style=\"text-align: justify;\">As\u00ed, nuestro Sindicato no s\u00f3lo constata la sangr\u00eda de la p\u00e9rdida de puestos de trabajo que hemos sufrido a\u00f1o tras a\u00f1o, sino los motivos que est\u00e1n detr\u00e1s de la misma: Una competencia apuntalada exclusivamente sobre precios, que lamina los ingresos de las compa\u00f1\u00edas inversoras, la artificial superpoblaci\u00f3n de operadoras que \u00fanicamente debilita sus capacidades y un absoluto abandono de legisladores y reguladores por la situaci\u00f3n del empleo.<\/p>\n<p style=\"text-align: justify;\">De hecho, la obsesi\u00f3n por la reducci\u00f3n de precios ha llegado a un punto de no retorno. Los datos no pueden ser m\u00e1s evidentes. Desde la liberaci\u00f3n de las telecomunicaciones, el precio de las telecos en nuestro pa\u00eds, en comparaci\u00f3n con el IPC general, ha descendido un 70%. Un diferencial que no da m\u00e1s de s\u00ed.<\/p>\n<p style=\"text-align: justify;\">En la misma carta, hemos recordado al regulador que el Plan Estrat\u00e9gico de la CNMC<sup class=\"modern-footnotes-footnote \" data-mfn=\"1\" data-mfn-post-scope=\"000000000000413c0000000000000000_703277\"><a href=\"javascript:void(0)\"  role=\"button\" aria-pressed=\"false\" aria-describedby=\"mfn-content-000000000000413c0000000000000000_703277-1\">1<\/a><\/sup><span id=\"mfn-content-000000000000413c0000000000000000_703277-1\" role=\"tooltip\" class=\"modern-footnotes-footnote__note\" tabindex=\"0\" data-mfn=\"1\"><a href=\"#_ftn1\" name=\"_ftnref1\">Plan al que UGT present\u00f3 alegaciones: <\/a><a href=\"https:\/\/www.cnmc.es\/file\/8571\/download\" target=\"_blank\" rel=\"noopener noreferrer\">https:\/\/www.cnmc.es\/file\/8571\/download<\/a><\/span> afirma que <em>\u201cEl funcionamiento eficiente y competitivo de los mercados es un principio b\u00e1sico de la econom\u00eda de mercado, pero adem\u00e1s es condici\u00f3n necesaria para que \u00e9sta facilite a la sociedad los mayores niveles de crecimiento, <strong>empleo<\/strong> y bienestar posible<sup class=\"modern-footnotes-footnote \" data-mfn=\"2\" data-mfn-post-scope=\"000000000000413c0000000000000000_703277\"><a href=\"javascript:void(0)\"  role=\"button\" aria-pressed=\"false\" aria-describedby=\"mfn-content-000000000000413c0000000000000000_703277-2\">2<\/a><\/sup><span id=\"mfn-content-000000000000413c0000000000000000_703277-2\" role=\"tooltip\" class=\"modern-footnotes-footnote__note\" tabindex=\"0\" data-mfn=\"2\"><a href=\"https:\/\/www.cnmc.es\/sobre-la-cnmc\/plan-estrategico\" target=\"_blank\" rel=\"noopener noreferrer\">Plan Estrat\u00e9gico<\/a><\/span>\u201d. <\/em>Un extremo que, para el caso del empleo en el Sector de las Comunicaciones, es evidente que no se cumple.<\/p>\n<p style=\"text-align: justify;\">Por todo ello, entendemos que <strong>el regulador no puede ni debe quedarse impasible<\/strong> <strong>ante esta situaci\u00f3n.<\/strong> Es su deber atender el aspecto del empleo como parte fundamental, esencial e irrenunciable de sus pol\u00edticas regulatorias. La competencia y la regulaci\u00f3n no pueden vertebrarse de espaldas al mercado de trabajo. A tal efecto, hemos trasladado y reiterado <strong>nuestras propuestas:<\/strong><\/p>\n<ol style=\"text-align: justify;\">\n<li>Confeccionar <strong>una memoria de empleo donde se especifique cual ser\u00e1 el impacto real de cualquier novedad normativa, regulatoria o legislativa <\/strong>sobre este aspecto.<\/li>\n<li><strong>Eliminar cualquier favoritismo hacia OMV y OTT<\/strong>, erradicando cualquier diferencia regulatoria entre \u00e9stos y los operadores inversores y creadores de infraestructuras, apuntalando la coinversi\u00f3n como eje principal de colaboraci\u00f3n.<\/li>\n<li>Instaurar la necesidad de <strong>contemplar medidas de fomento del empleo en todos los procesos de licitaci\u00f3n<\/strong> para la explotaci\u00f3n de espectro, prioriz\u00e1ndolas sobre cualquier modelo de recaudaci\u00f3n dineraria.<\/li>\n<\/ol>\n<p style=\"text-align: justify;\">A la espera de una respuesta por parte del organismo regulador, <span style=\"color: #ff0000;\"><strong>UGT<\/strong><\/span> <strong>continuar\u00e1 defendiendo los intereses de las personas trabajadoras del Sector de las Comunicaciones, ante todas las instituciones implicadas<\/strong>, en un momento tan especial como el que estamos viviendo.<\/p>\n<p style=\"text-align: justify;\">De nada vale quejarse sin actuar. Debemos denunciar, proponer y exigir porque, si no lo hacemos nosotros, nadie lo va a hacer.<\/p>\n<p>&nbsp;<\/p>\n<p>&nbsp;<\/p>\n","protected":false},"excerpt":{"rendered":"<p>Han pasado 22 a\u00f1os desde que se liberaliz\u00f3 el mercado de las telecomunicaciones en Espa\u00f1a y Europa. M\u00e1s de dos d\u00e9cadas desde que se cre\u00f3 la Comisi\u00f3n del Mercado de las Telecomunicaciones (CMT), embri\u00f3n de la actual Comisi\u00f3n Nacional de Mercados y Competencia (CNMC). En este tiempo nuestro sector ha cambiado de forma notable, en [&hellip;]<\/p>\n","protected":false},"author":3,"featured_media":645,"comment_status":"closed","ping_status":"closed","sticky":false,"template":"","format":"standard","meta":{"footnotes":""},"categories":[8,25,7,26],"tags":[],"class_list":["post-703277","post","type-post","status-publish","format-standard","has-post-thumbnail","hentry","category-telefonica-cev","category-telefonica","category-telefonica-moviles","category-telefonica-soluciones"],"yoast_head":"<!-- This site is optimized with the Yoast SEO Premium plugin v27.3 (Yoast SEO v27.4) - https:\/\/yoast.com\/product\/yoast-seo-premium-wordpress\/ -->\n<title>CNMC, ya no estamos en 1998 - UGT Comunicaciones<\/title>\n<meta name=\"description\" content=\"Han pasado 22 a\u00f1os desde que se liberaliz\u00f3 el mercado de las telecomunicaciones en Espa\u00f1a y Europa. M\u00e1s de dos d\u00e9cadas desde que se cre\u00f3...\" \/>\n<meta name=\"robots\" content=\"index, follow, max-snippet:-1, max-image-preview:large, max-video-preview:-1\" \/>\n<link rel=\"canonical\" href=\"https:\/\/www.ugtcomunicaciones.es\/wordpress\/cnmc-ya-no-estamos-en-1998\/\" \/>\n<meta property=\"og:locale\" content=\"es_ES\" \/>\n<meta property=\"og:type\" content=\"article\" \/>\n<meta property=\"og:title\" content=\"CNMC, ya no estamos en 1998\" \/>\n<meta property=\"og:description\" content=\"Han pasado 22 a\u00f1os desde que se liberaliz\u00f3 el mercado de las telecomunicaciones en Espa\u00f1a y Europa. M\u00e1s de dos d\u00e9cadas desde que se cre\u00f3...\" \/>\n<meta property=\"og:url\" content=\"https:\/\/www.ugtcomunicaciones.es\/wordpress\/cnmc-ya-no-estamos-en-1998\/\" \/>\n<meta property=\"og:site_name\" content=\"UGT Comunicaciones\" \/>\n<meta property=\"article:publisher\" content=\"https:\/\/www.facebook.com\/ugt.comunicaciones\/\" \/>\n<meta property=\"article:published_time\" content=\"2020-11-18T11:15:55+00:00\" \/>\n<meta property=\"og:image\" content=\"https:\/\/www.ugtcomunicaciones.es\/wordpress\/wp-content\/uploads\/2017\/01\/CNMC_1.png\" \/>\n\t<meta property=\"og:image:width\" content=\"664\" \/>\n\t<meta property=\"og:image:height\" content=\"443\" \/>\n\t<meta property=\"og:image:type\" content=\"image\/png\" \/>\n<meta name=\"author\" content=\"UGT\" \/>\n<meta name=\"twitter:card\" content=\"summary_large_image\" \/>\n<meta name=\"twitter:creator\" content=\"@ugtcom\" \/>\n<meta name=\"twitter:site\" content=\"@ugtcom\" \/>\n<meta name=\"twitter:label1\" content=\"Escrito por\" \/>\n\t<meta name=\"twitter:data1\" content=\"UGT\" \/>\n\t<meta name=\"twitter:label2\" content=\"Tiempo de lectura\" \/>\n\t<meta name=\"twitter:data2\" content=\"4 minutos\" \/>\n<script type=\"application\/ld+json\" class=\"yoast-schema-graph\">{\"@context\":\"https:\\\/\\\/schema.org\",\"@graph\":[{\"@type\":\"Article\",\"@id\":\"https:\\\/\\\/www.ugtcomunicaciones.es\\\/wordpress\\\/cnmc-ya-no-estamos-en-1998\\\/#article\",\"isPartOf\":{\"@id\":\"https:\\\/\\\/www.ugtcomunicaciones.es\\\/wordpress\\\/cnmc-ya-no-estamos-en-1998\\\/\"},\"author\":{\"name\":\"UGT\",\"@id\":\"https:\\\/\\\/www.ugtcomunicaciones.es\\\/wordpress\\\/#\\\/schema\\\/person\\\/eba0fc3fe5b444531d94d4368cba89ed\"},\"headline\":\"CNMC, ya no estamos en 1998\",\"datePublished\":\"2020-11-18T11:15:55+00:00\",\"mainEntityOfPage\":{\"@id\":\"https:\\\/\\\/www.ugtcomunicaciones.es\\\/wordpress\\\/cnmc-ya-no-estamos-en-1998\\\/\"},\"wordCount\":751,\"publisher\":{\"@id\":\"https:\\\/\\\/www.ugtcomunicaciones.es\\\/wordpress\\\/#organization\"},\"image\":{\"@id\":\"https:\\\/\\\/www.ugtcomunicaciones.es\\\/wordpress\\\/cnmc-ya-no-estamos-en-1998\\\/#primaryimage\"},\"thumbnailUrl\":\"https:\\\/\\\/www.ugtcomunicaciones.es\\\/wordpress\\\/wp-content\\\/uploads\\\/2017\\\/01\\\/CNMC_1.png\",\"articleSection\":[\"Telef\u00f3nica CEV\",\"Telef\u00f3nica de Espa\u00f1a\",\"Telef\u00f3nica M\u00f3viles\",\"Telef\u00f3nica Soluciones\"],\"inLanguage\":\"es\"},{\"@type\":\"WebPage\",\"@id\":\"https:\\\/\\\/www.ugtcomunicaciones.es\\\/wordpress\\\/cnmc-ya-no-estamos-en-1998\\\/\",\"url\":\"https:\\\/\\\/www.ugtcomunicaciones.es\\\/wordpress\\\/cnmc-ya-no-estamos-en-1998\\\/\",\"name\":\"CNMC, ya no estamos en 1998 - UGT Comunicaciones\",\"isPartOf\":{\"@id\":\"https:\\\/\\\/www.ugtcomunicaciones.es\\\/wordpress\\\/#website\"},\"primaryImageOfPage\":{\"@id\":\"https:\\\/\\\/www.ugtcomunicaciones.es\\\/wordpress\\\/cnmc-ya-no-estamos-en-1998\\\/#primaryimage\"},\"image\":{\"@id\":\"https:\\\/\\\/www.ugtcomunicaciones.es\\\/wordpress\\\/cnmc-ya-no-estamos-en-1998\\\/#primaryimage\"},\"thumbnailUrl\":\"https:\\\/\\\/www.ugtcomunicaciones.es\\\/wordpress\\\/wp-content\\\/uploads\\\/2017\\\/01\\\/CNMC_1.png\",\"datePublished\":\"2020-11-18T11:15:55+00:00\",\"description\":\"Han pasado 22 a\u00f1os desde que se liberaliz\u00f3 el mercado de las telecomunicaciones en Espa\u00f1a y Europa. M\u00e1s de dos d\u00e9cadas desde que se cre\u00f3...\",\"breadcrumb\":{\"@id\":\"https:\\\/\\\/www.ugtcomunicaciones.es\\\/wordpress\\\/cnmc-ya-no-estamos-en-1998\\\/#breadcrumb\"},\"inLanguage\":\"es\",\"potentialAction\":[{\"@type\":\"ReadAction\",\"target\":[\"https:\\\/\\\/www.ugtcomunicaciones.es\\\/wordpress\\\/cnmc-ya-no-estamos-en-1998\\\/\"]}]},{\"@type\":\"ImageObject\",\"inLanguage\":\"es\",\"@id\":\"https:\\\/\\\/www.ugtcomunicaciones.es\\\/wordpress\\\/cnmc-ya-no-estamos-en-1998\\\/#primaryimage\",\"url\":\"https:\\\/\\\/www.ugtcomunicaciones.es\\\/wordpress\\\/wp-content\\\/uploads\\\/2017\\\/01\\\/CNMC_1.png\",\"contentUrl\":\"https:\\\/\\\/www.ugtcomunicaciones.es\\\/wordpress\\\/wp-content\\\/uploads\\\/2017\\\/01\\\/CNMC_1.png\",\"width\":664,\"height\":443,\"caption\":\"CNMC\"},{\"@type\":\"BreadcrumbList\",\"@id\":\"https:\\\/\\\/www.ugtcomunicaciones.es\\\/wordpress\\\/cnmc-ya-no-estamos-en-1998\\\/#breadcrumb\",\"itemListElement\":[{\"@type\":\"ListItem\",\"position\":1,\"name\":\"Portada\",\"item\":\"https:\\\/\\\/www.ugtcomunicaciones.es\\\/wordpress\\\/\"},{\"@type\":\"ListItem\",\"position\":2,\"name\":\"CNMC, ya no estamos en 1998\"}]},{\"@type\":\"WebSite\",\"@id\":\"https:\\\/\\\/www.ugtcomunicaciones.es\\\/wordpress\\\/#website\",\"url\":\"https:\\\/\\\/www.ugtcomunicaciones.es\\\/wordpress\\\/\",\"name\":\"UGT Comunicaciones\",\"description\":\"Sindicato de Telecomunicaciones\",\"publisher\":{\"@id\":\"https:\\\/\\\/www.ugtcomunicaciones.es\\\/wordpress\\\/#organization\"},\"potentialAction\":[{\"@type\":\"SearchAction\",\"target\":{\"@type\":\"EntryPoint\",\"urlTemplate\":\"https:\\\/\\\/www.ugtcomunicaciones.es\\\/wordpress\\\/?s={search_term_string}\"},\"query-input\":{\"@type\":\"PropertyValueSpecification\",\"valueRequired\":true,\"valueName\":\"search_term_string\"}}],\"inLanguage\":\"es\"},{\"@type\":\"Organization\",\"@id\":\"https:\\\/\\\/www.ugtcomunicaciones.es\\\/wordpress\\\/#organization\",\"name\":\"UGT Comunicaciones\",\"url\":\"https:\\\/\\\/www.ugtcomunicaciones.es\\\/wordpress\\\/\",\"logo\":{\"@type\":\"ImageObject\",\"inLanguage\":\"es\",\"@id\":\"https:\\\/\\\/www.ugtcomunicaciones.es\\\/wordpress\\\/#\\\/schema\\\/logo\\\/image\\\/\",\"url\":\"https:\\\/\\\/www.ugtcomunicaciones.es\\\/wordpress\\\/wp-content\\\/uploads\\\/2024\\\/04\\\/comunicaciones_logo.png\",\"contentUrl\":\"https:\\\/\\\/www.ugtcomunicaciones.es\\\/wordpress\\\/wp-content\\\/uploads\\\/2024\\\/04\\\/comunicaciones_logo.png\",\"width\":298,\"height\":81,\"caption\":\"UGT Comunicaciones\"},\"image\":{\"@id\":\"https:\\\/\\\/www.ugtcomunicaciones.es\\\/wordpress\\\/#\\\/schema\\\/logo\\\/image\\\/\"},\"sameAs\":[\"https:\\\/\\\/www.facebook.com\\\/ugt.comunicaciones\\\/\",\"https:\\\/\\\/x.com\\\/ugtcom\"]},{\"@type\":\"Person\",\"@id\":\"https:\\\/\\\/www.ugtcomunicaciones.es\\\/wordpress\\\/#\\\/schema\\\/person\\\/eba0fc3fe5b444531d94d4368cba89ed\",\"name\":\"UGT\",\"image\":{\"@type\":\"ImageObject\",\"inLanguage\":\"es\",\"@id\":\"https:\\\/\\\/secure.gravatar.com\\\/avatar\\\/2a16057d620a4c646bcfc171c4f23030879ebbdd346f0525bd5d4a564e57e13d?s=96&d=mm&r=g\",\"url\":\"https:\\\/\\\/secure.gravatar.com\\\/avatar\\\/2a16057d620a4c646bcfc171c4f23030879ebbdd346f0525bd5d4a564e57e13d?s=96&d=mm&r=g\",\"contentUrl\":\"https:\\\/\\\/secure.gravatar.com\\\/avatar\\\/2a16057d620a4c646bcfc171c4f23030879ebbdd346f0525bd5d4a564e57e13d?s=96&d=mm&r=g\",\"caption\":\"UGT\"}}]}<\/script>\n<!-- \/ Yoast SEO Premium plugin. -->","yoast_head_json":{"title":"CNMC, ya no estamos en 1998 - UGT Comunicaciones","description":"Han pasado 22 a\u00f1os desde que se liberaliz\u00f3 el mercado de las telecomunicaciones en Espa\u00f1a y Europa. M\u00e1s de dos d\u00e9cadas desde que se cre\u00f3...","robots":{"index":"index","follow":"follow","max-snippet":"max-snippet:-1","max-image-preview":"max-image-preview:large","max-video-preview":"max-video-preview:-1"},"canonical":"https:\/\/www.ugtcomunicaciones.es\/wordpress\/cnmc-ya-no-estamos-en-1998\/","og_locale":"es_ES","og_type":"article","og_title":"CNMC, ya no estamos en 1998","og_description":"Han pasado 22 a\u00f1os desde que se liberaliz\u00f3 el mercado de las telecomunicaciones en Espa\u00f1a y Europa. M\u00e1s de dos d\u00e9cadas desde que se cre\u00f3...","og_url":"https:\/\/www.ugtcomunicaciones.es\/wordpress\/cnmc-ya-no-estamos-en-1998\/","og_site_name":"UGT Comunicaciones","article_publisher":"https:\/\/www.facebook.com\/ugt.comunicaciones\/","article_published_time":"2020-11-18T11:15:55+00:00","og_image":[{"width":664,"height":443,"url":"https:\/\/www.ugtcomunicaciones.es\/wordpress\/wp-content\/uploads\/2017\/01\/CNMC_1.png","type":"image\/png"}],"author":"UGT","twitter_card":"summary_large_image","twitter_creator":"@ugtcom","twitter_site":"@ugtcom","twitter_misc":{"Escrito por":"UGT","Tiempo de lectura":"4 minutos"},"schema":{"@context":"https:\/\/schema.org","@graph":[{"@type":"Article","@id":"https:\/\/www.ugtcomunicaciones.es\/wordpress\/cnmc-ya-no-estamos-en-1998\/#article","isPartOf":{"@id":"https:\/\/www.ugtcomunicaciones.es\/wordpress\/cnmc-ya-no-estamos-en-1998\/"},"author":{"name":"UGT","@id":"https:\/\/www.ugtcomunicaciones.es\/wordpress\/#\/schema\/person\/eba0fc3fe5b444531d94d4368cba89ed"},"headline":"CNMC, ya no estamos en 1998","datePublished":"2020-11-18T11:15:55+00:00","mainEntityOfPage":{"@id":"https:\/\/www.ugtcomunicaciones.es\/wordpress\/cnmc-ya-no-estamos-en-1998\/"},"wordCount":751,"publisher":{"@id":"https:\/\/www.ugtcomunicaciones.es\/wordpress\/#organization"},"image":{"@id":"https:\/\/www.ugtcomunicaciones.es\/wordpress\/cnmc-ya-no-estamos-en-1998\/#primaryimage"},"thumbnailUrl":"https:\/\/www.ugtcomunicaciones.es\/wordpress\/wp-content\/uploads\/2017\/01\/CNMC_1.png","articleSection":["Telef\u00f3nica CEV","Telef\u00f3nica de Espa\u00f1a","Telef\u00f3nica M\u00f3viles","Telef\u00f3nica Soluciones"],"inLanguage":"es"},{"@type":"WebPage","@id":"https:\/\/www.ugtcomunicaciones.es\/wordpress\/cnmc-ya-no-estamos-en-1998\/","url":"https:\/\/www.ugtcomunicaciones.es\/wordpress\/cnmc-ya-no-estamos-en-1998\/","name":"CNMC, ya no estamos en 1998 - UGT Comunicaciones","isPartOf":{"@id":"https:\/\/www.ugtcomunicaciones.es\/wordpress\/#website"},"primaryImageOfPage":{"@id":"https:\/\/www.ugtcomunicaciones.es\/wordpress\/cnmc-ya-no-estamos-en-1998\/#primaryimage"},"image":{"@id":"https:\/\/www.ugtcomunicaciones.es\/wordpress\/cnmc-ya-no-estamos-en-1998\/#primaryimage"},"thumbnailUrl":"https:\/\/www.ugtcomunicaciones.es\/wordpress\/wp-content\/uploads\/2017\/01\/CNMC_1.png","datePublished":"2020-11-18T11:15:55+00:00","description":"Han pasado 22 a\u00f1os desde que se liberaliz\u00f3 el mercado de las telecomunicaciones en Espa\u00f1a y Europa. M\u00e1s de dos d\u00e9cadas desde que se cre\u00f3...","breadcrumb":{"@id":"https:\/\/www.ugtcomunicaciones.es\/wordpress\/cnmc-ya-no-estamos-en-1998\/#breadcrumb"},"inLanguage":"es","potentialAction":[{"@type":"ReadAction","target":["https:\/\/www.ugtcomunicaciones.es\/wordpress\/cnmc-ya-no-estamos-en-1998\/"]}]},{"@type":"ImageObject","inLanguage":"es","@id":"https:\/\/www.ugtcomunicaciones.es\/wordpress\/cnmc-ya-no-estamos-en-1998\/#primaryimage","url":"https:\/\/www.ugtcomunicaciones.es\/wordpress\/wp-content\/uploads\/2017\/01\/CNMC_1.png","contentUrl":"https:\/\/www.ugtcomunicaciones.es\/wordpress\/wp-content\/uploads\/2017\/01\/CNMC_1.png","width":664,"height":443,"caption":"CNMC"},{"@type":"BreadcrumbList","@id":"https:\/\/www.ugtcomunicaciones.es\/wordpress\/cnmc-ya-no-estamos-en-1998\/#breadcrumb","itemListElement":[{"@type":"ListItem","position":1,"name":"Portada","item":"https:\/\/www.ugtcomunicaciones.es\/wordpress\/"},{"@type":"ListItem","position":2,"name":"CNMC, ya no estamos en 1998"}]},{"@type":"WebSite","@id":"https:\/\/www.ugtcomunicaciones.es\/wordpress\/#website","url":"https:\/\/www.ugtcomunicaciones.es\/wordpress\/","name":"UGT Comunicaciones","description":"Sindicato de Telecomunicaciones","publisher":{"@id":"https:\/\/www.ugtcomunicaciones.es\/wordpress\/#organization"},"potentialAction":[{"@type":"SearchAction","target":{"@type":"EntryPoint","urlTemplate":"https:\/\/www.ugtcomunicaciones.es\/wordpress\/?s={search_term_string}"},"query-input":{"@type":"PropertyValueSpecification","valueRequired":true,"valueName":"search_term_string"}}],"inLanguage":"es"},{"@type":"Organization","@id":"https:\/\/www.ugtcomunicaciones.es\/wordpress\/#organization","name":"UGT Comunicaciones","url":"https:\/\/www.ugtcomunicaciones.es\/wordpress\/","logo":{"@type":"ImageObject","inLanguage":"es","@id":"https:\/\/www.ugtcomunicaciones.es\/wordpress\/#\/schema\/logo\/image\/","url":"https:\/\/www.ugtcomunicaciones.es\/wordpress\/wp-content\/uploads\/2024\/04\/comunicaciones_logo.png","contentUrl":"https:\/\/www.ugtcomunicaciones.es\/wordpress\/wp-content\/uploads\/2024\/04\/comunicaciones_logo.png","width":298,"height":81,"caption":"UGT Comunicaciones"},"image":{"@id":"https:\/\/www.ugtcomunicaciones.es\/wordpress\/#\/schema\/logo\/image\/"},"sameAs":["https:\/\/www.facebook.com\/ugt.comunicaciones\/","https:\/\/x.com\/ugtcom"]},{"@type":"Person","@id":"https:\/\/www.ugtcomunicaciones.es\/wordpress\/#\/schema\/person\/eba0fc3fe5b444531d94d4368cba89ed","name":"UGT","image":{"@type":"ImageObject","inLanguage":"es","@id":"https:\/\/secure.gravatar.com\/avatar\/2a16057d620a4c646bcfc171c4f23030879ebbdd346f0525bd5d4a564e57e13d?s=96&d=mm&r=g","url":"https:\/\/secure.gravatar.com\/avatar\/2a16057d620a4c646bcfc171c4f23030879ebbdd346f0525bd5d4a564e57e13d?s=96&d=mm&r=g","contentUrl":"https:\/\/secure.gravatar.com\/avatar\/2a16057d620a4c646bcfc171c4f23030879ebbdd346f0525bd5d4a564e57e13d?s=96&d=mm&r=g","caption":"UGT"}}]}},"_links":{"self":[{"href":"https:\/\/www.ugtcomunicaciones.es\/wordpress\/wp-json\/wp\/v2\/posts\/703277","targetHints":{"allow":["GET"]}}],"collection":[{"href":"https:\/\/www.ugtcomunicaciones.es\/wordpress\/wp-json\/wp\/v2\/posts"}],"about":[{"href":"https:\/\/www.ugtcomunicaciones.es\/wordpress\/wp-json\/wp\/v2\/types\/post"}],"author":[{"embeddable":true,"href":"https:\/\/www.ugtcomunicaciones.es\/wordpress\/wp-json\/wp\/v2\/users\/3"}],"replies":[{"embeddable":true,"href":"https:\/\/www.ugtcomunicaciones.es\/wordpress\/wp-json\/wp\/v2\/comments?post=703277"}],"version-history":[{"count":0,"href":"https:\/\/www.ugtcomunicaciones.es\/wordpress\/wp-json\/wp\/v2\/posts\/703277\/revisions"}],"wp:featuredmedia":[{"embeddable":true,"href":"https:\/\/www.ugtcomunicaciones.es\/wordpress\/wp-json\/wp\/v2\/media\/645"}],"wp:attachment":[{"href":"https:\/\/www.ugtcomunicaciones.es\/wordpress\/wp-json\/wp\/v2\/media?parent=703277"}],"wp:term":[{"taxonomy":"category","embeddable":true,"href":"https:\/\/www.ugtcomunicaciones.es\/wordpress\/wp-json\/wp\/v2\/categories?post=703277"},{"taxonomy":"post_tag","embeddable":true,"href":"https:\/\/www.ugtcomunicaciones.es\/wordpress\/wp-json\/wp\/v2\/tags?post=703277"}],"curies":[{"name":"wp","href":"https:\/\/api.w.org\/{rel}","templated":true}]}}