{"id":712,"date":"2017-02-06T11:48:57","date_gmt":"2017-02-06T10:48:57","guid":{"rendered":"http:\/\/www.ugtcom.h2301842.stratoserver.net\/wordpress\/wordpress\/?p=712"},"modified":"2017-06-27T08:40:16","modified_gmt":"2017-06-27T07:40:16","slug":"espana-no-consigue-euro-los-fondos-europeos-la-banda-ancha","status":"publish","type":"post","link":"https:\/\/www.ugtcomunicaciones.es\/wordpress\/espana-no-consigue-euro-los-fondos-europeos-la-banda-ancha\/","title":{"rendered":"Espa\u00f1a no consigue ni un euro de los fondos europeos para la banda ancha"},"content":{"rendered":"<p style=\"text-align: justify;\">El Fondo Europeo de Inversiones Estrat\u00e9gicas (EFSI, por sus siglas en ingl\u00e9s)<a href=\"#_ftn1\" name=\"_ftnref1\">[1]<\/a>, com\u00fanmente conocido como <em>\u201cFondo Juncker\u201d<\/em>, es el plan nuclear de inversiones confeccionado por la Comisi\u00f3n Europea y que pretende movilizar 315.000 millones de euros, de origen p\u00fablico y privado, para financiar nuevas y prioritarias infraestructuras en el conjunto de la Uni\u00f3n Europea, aunque siempre bajo unos preceptos contables, como poco, bastante dudosos<a href=\"#_ftn2\" name=\"_ftnref2\">[2]<\/a>.<\/p>\n<p style=\"text-align: justify;\">Pero sea como fuere, existe un conjunto de ayudas, m\u00e1s o menos cuantiosas, destinadas a la construcci\u00f3n de nuevas infraestructuras, y m\u00e1s en concreto, a financiar la creaci\u00f3n de nuevas redes de telecomunicaciones. De hecho, todos los Estados Miembros han podido acceder a estas ayudas a lo largo de los \u00faltimos meses para financiar todo tipo de proyectos, desde energ\u00e9ticos a de I+D+i, pasando por transporte o, como ya hemos apuntado, infraestructuras digitales.<\/p>\n<p style=\"text-align: justify;\">Espa\u00f1a se ha destacado como uno de los pa\u00edses que m\u00e1s ayudas ha solicitado y conseguido, logrando 2.200 millones de euros en ayudas y situ\u00e1ndose entre los cuatro estados con mejores rendimientos<a href=\"#_ftn3\" name=\"_ftnref3\">[3]<\/a>:<\/p>\n<p style=\"text-align: justify;\"><strong>\u00a0<img decoding=\"async\" class=\"alignnone wp-image-722 size-full lazyload\" data-src=\"http:\/\/ugtcomunicaciones.es\/wordpress\/wp-content\/uploads\/2017\/01\/banda-ancha-2.png\" alt=\"\" width=\"1050\" height=\"461\" data-srcset=\"https:\/\/www.ugtcomunicaciones.es\/wordpress\/wp-content\/uploads\/2017\/01\/banda-ancha-2.png 1050w, https:\/\/www.ugtcomunicaciones.es\/wordpress\/wp-content\/uploads\/2017\/01\/banda-ancha-2-300x132.png 300w, https:\/\/www.ugtcomunicaciones.es\/wordpress\/wp-content\/uploads\/2017\/01\/banda-ancha-2-768x337.png 768w, https:\/\/www.ugtcomunicaciones.es\/wordpress\/wp-content\/uploads\/2017\/01\/banda-ancha-2-1024x450.png 1024w, https:\/\/www.ugtcomunicaciones.es\/wordpress\/wp-content\/uploads\/2017\/01\/banda-ancha-2-957x420.png 957w, https:\/\/www.ugtcomunicaciones.es\/wordpress\/wp-content\/uploads\/2017\/01\/banda-ancha-2-640x281.png 640w, https:\/\/www.ugtcomunicaciones.es\/wordpress\/wp-content\/uploads\/2017\/01\/banda-ancha-2-681x299.png 681w\" data-sizes=\"(max-width: 1050px) 100vw, 1050px\" src=\"data:image\/svg+xml;base64,PHN2ZyB3aWR0aD0iMSIgaGVpZ2h0PSIxIiB4bWxucz0iaHR0cDovL3d3dy53My5vcmcvMjAwMC9zdmciPjwvc3ZnPg==\" style=\"--smush-placeholder-width: 1050px; --smush-placeholder-aspect-ratio: 1050\/461;\" \/><\/strong><\/p>\n<p style=\"text-align: justify;\">Pero lamentablemente, y desde nuestro punto de vista, de forma absolutamente incompresible, <strong>Espa\u00f1a no ha conseguido ninguna ayuda para la construcci\u00f3n de nuevas redes de telecomunicaciones<\/strong>. Dicho de otro modo, de los 2.200 millones que vendr\u00e1n para nuestro pa\u00eds, ninguno ser\u00e1 destinado a nuestro Sector. De los 10 proyectos aprobados, ninguno tiene relaci\u00f3n con las Comunicaciones. Penoso.<\/p>\n<p style=\"text-align: justify;\">No hay escusas posibles para este fracaso. Un 12% del presupuesto del EFSI se ha dedicado a esta partida:<\/p>\n<p style=\"text-align: justify;\"><strong>\u00a0<img decoding=\"async\" class=\"alignnone wp-image-721 size-full lazyload\" data-src=\"http:\/\/ugtcomunicaciones.es\/wordpress\/wp-content\/uploads\/2017\/01\/banda-ancha-3.png\" alt=\"\" width=\"579\" height=\"418\" data-srcset=\"https:\/\/www.ugtcomunicaciones.es\/wordpress\/wp-content\/uploads\/2017\/01\/banda-ancha-3.png 579w, https:\/\/www.ugtcomunicaciones.es\/wordpress\/wp-content\/uploads\/2017\/01\/banda-ancha-3-300x217.png 300w\" data-sizes=\"(max-width: 579px) 100vw, 579px\" src=\"data:image\/svg+xml;base64,PHN2ZyB3aWR0aD0iMSIgaGVpZ2h0PSIxIiB4bWxucz0iaHR0cDovL3d3dy53My5vcmcvMjAwMC9zdmciPjwvc3ZnPg==\" style=\"--smush-placeholder-width: 579px; --smush-placeholder-aspect-ratio: 579\/418;\" \/><\/strong><\/p>\n<p style=\"text-align: justify;\">Y otros pa\u00edses de la Uni\u00f3n, competidores directos, s\u00ed han logrado ayudas, algunas de ellas, como las de Italia, que movilizar\u00e1n hasta 1.800 millones de euros para llevar la banda ancha a 7 millones de hogares<a href=\"#_ftn4\" name=\"_ftnref4\">[4]<\/a>:<\/p>\n<p style=\"text-align: justify;\"><img decoding=\"async\" class=\"alignnone wp-image-720 size-full lazyload\" data-src=\"http:\/\/ugtcomunicaciones.es\/wordpress\/wp-content\/uploads\/2017\/01\/banda-ancha-4.png\" alt=\"\" width=\"772\" height=\"355\" data-srcset=\"https:\/\/www.ugtcomunicaciones.es\/wordpress\/wp-content\/uploads\/2017\/01\/banda-ancha-4.png 772w, https:\/\/www.ugtcomunicaciones.es\/wordpress\/wp-content\/uploads\/2017\/01\/banda-ancha-4-300x138.png 300w, https:\/\/www.ugtcomunicaciones.es\/wordpress\/wp-content\/uploads\/2017\/01\/banda-ancha-4-768x353.png 768w, https:\/\/www.ugtcomunicaciones.es\/wordpress\/wp-content\/uploads\/2017\/01\/banda-ancha-4-640x294.png 640w, https:\/\/www.ugtcomunicaciones.es\/wordpress\/wp-content\/uploads\/2017\/01\/banda-ancha-4-681x313.png 681w\" data-sizes=\"(max-width: 772px) 100vw, 772px\" src=\"data:image\/svg+xml;base64,PHN2ZyB3aWR0aD0iMSIgaGVpZ2h0PSIxIiB4bWxucz0iaHR0cDovL3d3dy53My5vcmcvMjAwMC9zdmciPjwvc3ZnPg==\" style=\"--smush-placeholder-width: 772px; --smush-placeholder-aspect-ratio: 772\/355;\" \/><\/p>\n<p style=\"text-align: justify;\"><img decoding=\"async\" class=\"alignnone wp-image-719 size-full lazyload\" data-src=\"http:\/\/ugtcomunicaciones.es\/wordpress\/wp-content\/uploads\/2017\/01\/banda-ancha-5.png\" alt=\"\" width=\"775\" height=\"814\" data-srcset=\"https:\/\/www.ugtcomunicaciones.es\/wordpress\/wp-content\/uploads\/2017\/01\/banda-ancha-5.png 775w, https:\/\/www.ugtcomunicaciones.es\/wordpress\/wp-content\/uploads\/2017\/01\/banda-ancha-5-286x300.png 286w, https:\/\/www.ugtcomunicaciones.es\/wordpress\/wp-content\/uploads\/2017\/01\/banda-ancha-5-768x807.png 768w, https:\/\/www.ugtcomunicaciones.es\/wordpress\/wp-content\/uploads\/2017\/01\/banda-ancha-5-400x420.png 400w, https:\/\/www.ugtcomunicaciones.es\/wordpress\/wp-content\/uploads\/2017\/01\/banda-ancha-5-640x672.png 640w, https:\/\/www.ugtcomunicaciones.es\/wordpress\/wp-content\/uploads\/2017\/01\/banda-ancha-5-681x715.png 681w\" data-sizes=\"(max-width: 775px) 100vw, 775px\" src=\"data:image\/svg+xml;base64,PHN2ZyB3aWR0aD0iMSIgaGVpZ2h0PSIxIiB4bWxucz0iaHR0cDovL3d3dy53My5vcmcvMjAwMC9zdmciPjwvc3ZnPg==\" style=\"--smush-placeholder-width: 775px; --smush-placeholder-aspect-ratio: 775\/814;\" \/><\/p>\n<p style=\"text-align: justify;\">La ausencia de Espa\u00f1a en el reparto de ayudas a la banda ancha, priorizando de forma descarada a otros sectores, vuelve a demostrar la indolencia y la desidia de nuestros gobernantes por nuestro Sector; su nulo inter\u00e9s por todo lo concerniente a las telecomunicaciones.<\/p>\n<p style=\"text-align: justify;\">El Gobierno no s\u00f3lo destina insuficientes subsidios de forma directa (unos paup\u00e9rrimos 63 millones de euros en 2015<a href=\"#_ftn5\" name=\"_ftnref5\">[5]<\/a> y 0 \u20ac en 2016), sino que adem\u00e1s desde\u00f1a las ayudas indirectas de la Uni\u00f3n, lo que condena a nuestro Sector a una par\u00e1lisis econ\u00f3mica, social y laboral inadmisible.<\/p>\n<p style=\"text-align: justify;\"><a href=\"#_ftnref1\" name=\"_ftn1\">[1]<\/a> <a href=\"https:\/\/ec.europa.eu\/priorities\/sites\/beta-political\/files\/2-years-on-investment-plan_en_0.pdf\">https:\/\/ec.europa.eu\/priorities\/sites\/beta-political\/files\/2-years-on-investment-plan_en_0.pdf<\/a><\/p>\n<p style=\"text-align: justify;\"><a href=\"#_ftnref2\" name=\"_ftn2\">[2]<\/a> <a href=\"http:\/\/www.smcugt.org\/archivos\/elementos\/2014\/el_fondo_juncker_o_la_parabola.pdf\">http:\/\/www.smcugt.org\/archivos\/elementos\/2014\/el_fondo_juncker_o_la_parabola.pdf<\/a> y <a href=\"http:\/\/www.smcugt.org\/noticia\/plan-juncker-muchas-dudas-sobre-su-eficacia-real-id-48132.htm\">http:\/\/www.smcugt.org\/noticia\/plan-juncker-muchas-dudas-sobre-su-eficacia-real-id-48132.htm<\/a><\/p>\n<p style=\"text-align: justify;\"><a href=\"#_ftnref3\" name=\"_ftn3\">[3]<\/a> <a href=\"https:\/\/ec.europa.eu\/priorities\/sites\/beta-political\/files\/spain-ip-state-of-play-july-2016_en.pdf\">https:\/\/ec.europa.eu\/priorities\/sites\/beta-political\/files\/spain-ip-state-of-play-july-2016_en.pdf<\/a><\/p>\n<p style=\"text-align: justify;\"><a href=\"#_ftnref4\" name=\"_ftn4\">[4]<\/a> <a href=\"http:\/\/www.smcugt.org\/archivos\/elementos\/2015\/paso_al_frente_en_italia.pdf\">http:\/\/www.smcugt.org\/archivos\/elementos\/2015\/paso_al_frente_en_italia.pdf<\/a><\/p>\n<p style=\"text-align: justify;\"><a href=\"#_ftnref5\" name=\"_ftn5\">[5]<\/a> <a href=\"http:\/\/www.smcugt.org\/archivos\/elementos\/2015\/pauperrimas_ayudas_de_estado.pdf\">http:\/\/www.smcugt.org\/archivos\/elementos\/2015\/pauperrimas_ayudas_de_estado.pdf<\/a><\/p>\n","protected":false},"excerpt":{"rendered":"<p>El Fondo Europeo de Inversiones Estrat\u00e9gicas (EFSI, por sus siglas en ingl\u00e9s)[1], com\u00fanmente conocido como \u201cFondo Juncker\u201d, es el plan nuclear de inversiones confeccionado por la Comisi\u00f3n Europea y que pretende movilizar 315.000 millones de euros, de origen p\u00fablico y privado, para financiar nuevas y prioritarias infraestructuras en el conjunto de la Uni\u00f3n Europea, aunque [&hellip;]<\/p>\n","protected":false},"author":3,"featured_media":724,"comment_status":"open","ping_status":"closed","sticky":false,"template":"","format":"standard","meta":{"footnotes":""},"categories":[14,12],"tags":[],"class_list":["post-712","post","type-post","status-publish","format-standard","has-post-thumbnail","hentry","category-opinion","category-regulacion"],"yoast_head":"<!-- This site is optimized with the Yoast SEO Premium plugin v27.3 (Yoast SEO v27.4) - https:\/\/yoast.com\/product\/yoast-seo-premium-wordpress\/ -->\n<title>Espa\u00f1a no consigue ni un euro de los fondos europeos para la banda ancha - UGT Comunicaciones<\/title>\n<meta name=\"robots\" content=\"index, follow, max-snippet:-1, max-image-preview:large, max-video-preview:-1\" \/>\n<link rel=\"canonical\" href=\"https:\/\/www.ugtcomunicaciones.es\/wordpress\/espana-no-consigue-euro-los-fondos-europeos-la-banda-ancha\/\" \/>\n<meta property=\"og:locale\" content=\"es_ES\" \/>\n<meta property=\"og:type\" content=\"article\" \/>\n<meta property=\"og:title\" content=\"Espa\u00f1a no consigue ni un euro de los fondos europeos para la banda ancha\" \/>\n<meta property=\"og:description\" content=\"El Fondo Europeo de Inversiones Estrat\u00e9gicas (EFSI, por sus siglas en ingl\u00e9s)[1], com\u00fanmente conocido como \u201cFondo Juncker\u201d, es el plan nuclear de inversiones confeccionado por la Comisi\u00f3n Europea y que pretende movilizar 315.000 millones de euros, de origen p\u00fablico y privado, para financiar nuevas y prioritarias infraestructuras en el conjunto de la Uni\u00f3n Europea, aunque [&hellip;]\" \/>\n<meta property=\"og:url\" content=\"https:\/\/www.ugtcomunicaciones.es\/wordpress\/espana-no-consigue-euro-los-fondos-europeos-la-banda-ancha\/\" \/>\n<meta property=\"og:site_name\" content=\"UGT Comunicaciones\" \/>\n<meta property=\"article:publisher\" content=\"https:\/\/www.facebook.com\/ugt.comunicaciones\/\" \/>\n<meta property=\"article:published_time\" content=\"2017-02-06T10:48:57+00:00\" \/>\n<meta property=\"article:modified_time\" content=\"2017-06-27T07:40:16+00:00\" \/>\n<meta property=\"og:image\" content=\"https:\/\/www.ugtcomunicaciones.es\/wordpress\/wp-content\/uploads\/2017\/01\/dinero_europeo.jpg\" \/>\n\t<meta property=\"og:image:width\" content=\"570\" \/>\n\t<meta property=\"og:image:height\" content=\"238\" \/>\n\t<meta property=\"og:image:type\" content=\"image\/jpeg\" \/>\n<meta name=\"author\" content=\"UGT\" \/>\n<meta name=\"twitter:card\" content=\"summary_large_image\" \/>\n<meta name=\"twitter:creator\" content=\"@ugtcom\" \/>\n<meta name=\"twitter:site\" content=\"@ugtcom\" \/>\n<meta name=\"twitter:label1\" content=\"Escrito por\" \/>\n\t<meta name=\"twitter:data1\" content=\"UGT\" \/>\n\t<meta name=\"twitter:label2\" content=\"Tiempo de lectura\" \/>\n\t<meta name=\"twitter:data2\" content=\"2 minutos\" \/>\n<script type=\"application\/ld+json\" class=\"yoast-schema-graph\">{\"@context\":\"https:\\\/\\\/schema.org\",\"@graph\":[{\"@type\":\"Article\",\"@id\":\"https:\\\/\\\/www.ugtcomunicaciones.es\\\/wordpress\\\/espana-no-consigue-euro-los-fondos-europeos-la-banda-ancha\\\/#article\",\"isPartOf\":{\"@id\":\"https:\\\/\\\/www.ugtcomunicaciones.es\\\/wordpress\\\/espana-no-consigue-euro-los-fondos-europeos-la-banda-ancha\\\/\"},\"author\":{\"name\":\"UGT\",\"@id\":\"https:\\\/\\\/www.ugtcomunicaciones.es\\\/wordpress\\\/#\\\/schema\\\/person\\\/eba0fc3fe5b444531d94d4368cba89ed\"},\"headline\":\"Espa\u00f1a no consigue ni un euro de los fondos europeos para la banda ancha\",\"datePublished\":\"2017-02-06T10:48:57+00:00\",\"dateModified\":\"2017-06-27T07:40:16+00:00\",\"mainEntityOfPage\":{\"@id\":\"https:\\\/\\\/www.ugtcomunicaciones.es\\\/wordpress\\\/espana-no-consigue-euro-los-fondos-europeos-la-banda-ancha\\\/\"},\"wordCount\":475,\"commentCount\":0,\"publisher\":{\"@id\":\"https:\\\/\\\/www.ugtcomunicaciones.es\\\/wordpress\\\/#organization\"},\"image\":{\"@id\":\"https:\\\/\\\/www.ugtcomunicaciones.es\\\/wordpress\\\/espana-no-consigue-euro-los-fondos-europeos-la-banda-ancha\\\/#primaryimage\"},\"thumbnailUrl\":\"https:\\\/\\\/www.ugtcomunicaciones.es\\\/wordpress\\\/wp-content\\\/uploads\\\/2017\\\/01\\\/dinero_europeo.jpg\",\"articleSection\":[\"Opini\u00f3n\",\"Regulaci\u00f3n\"],\"inLanguage\":\"es\",\"potentialAction\":[{\"@type\":\"CommentAction\",\"name\":\"Comment\",\"target\":[\"https:\\\/\\\/www.ugtcomunicaciones.es\\\/wordpress\\\/espana-no-consigue-euro-los-fondos-europeos-la-banda-ancha\\\/#respond\"]}]},{\"@type\":\"WebPage\",\"@id\":\"https:\\\/\\\/www.ugtcomunicaciones.es\\\/wordpress\\\/espana-no-consigue-euro-los-fondos-europeos-la-banda-ancha\\\/\",\"url\":\"https:\\\/\\\/www.ugtcomunicaciones.es\\\/wordpress\\\/espana-no-consigue-euro-los-fondos-europeos-la-banda-ancha\\\/\",\"name\":\"Espa\u00f1a no consigue ni un euro de los fondos europeos para la banda ancha - UGT Comunicaciones\",\"isPartOf\":{\"@id\":\"https:\\\/\\\/www.ugtcomunicaciones.es\\\/wordpress\\\/#website\"},\"primaryImageOfPage\":{\"@id\":\"https:\\\/\\\/www.ugtcomunicaciones.es\\\/wordpress\\\/espana-no-consigue-euro-los-fondos-europeos-la-banda-ancha\\\/#primaryimage\"},\"image\":{\"@id\":\"https:\\\/\\\/www.ugtcomunicaciones.es\\\/wordpress\\\/espana-no-consigue-euro-los-fondos-europeos-la-banda-ancha\\\/#primaryimage\"},\"thumbnailUrl\":\"https:\\\/\\\/www.ugtcomunicaciones.es\\\/wordpress\\\/wp-content\\\/uploads\\\/2017\\\/01\\\/dinero_europeo.jpg\",\"datePublished\":\"2017-02-06T10:48:57+00:00\",\"dateModified\":\"2017-06-27T07:40:16+00:00\",\"breadcrumb\":{\"@id\":\"https:\\\/\\\/www.ugtcomunicaciones.es\\\/wordpress\\\/espana-no-consigue-euro-los-fondos-europeos-la-banda-ancha\\\/#breadcrumb\"},\"inLanguage\":\"es\",\"potentialAction\":[{\"@type\":\"ReadAction\",\"target\":[\"https:\\\/\\\/www.ugtcomunicaciones.es\\\/wordpress\\\/espana-no-consigue-euro-los-fondos-europeos-la-banda-ancha\\\/\"]}]},{\"@type\":\"ImageObject\",\"inLanguage\":\"es\",\"@id\":\"https:\\\/\\\/www.ugtcomunicaciones.es\\\/wordpress\\\/espana-no-consigue-euro-los-fondos-europeos-la-banda-ancha\\\/#primaryimage\",\"url\":\"https:\\\/\\\/www.ugtcomunicaciones.es\\\/wordpress\\\/wp-content\\\/uploads\\\/2017\\\/01\\\/dinero_europeo.jpg\",\"contentUrl\":\"https:\\\/\\\/www.ugtcomunicaciones.es\\\/wordpress\\\/wp-content\\\/uploads\\\/2017\\\/01\\\/dinero_europeo.jpg\",\"width\":570,\"height\":238},{\"@type\":\"BreadcrumbList\",\"@id\":\"https:\\\/\\\/www.ugtcomunicaciones.es\\\/wordpress\\\/espana-no-consigue-euro-los-fondos-europeos-la-banda-ancha\\\/#breadcrumb\",\"itemListElement\":[{\"@type\":\"ListItem\",\"position\":1,\"name\":\"Portada\",\"item\":\"https:\\\/\\\/www.ugtcomunicaciones.es\\\/wordpress\\\/\"},{\"@type\":\"ListItem\",\"position\":2,\"name\":\"Espa\u00f1a no consigue ni un euro de los fondos europeos para la banda ancha\"}]},{\"@type\":\"WebSite\",\"@id\":\"https:\\\/\\\/www.ugtcomunicaciones.es\\\/wordpress\\\/#website\",\"url\":\"https:\\\/\\\/www.ugtcomunicaciones.es\\\/wordpress\\\/\",\"name\":\"UGT Comunicaciones\",\"description\":\"Sindicato de Telecomunicaciones\",\"publisher\":{\"@id\":\"https:\\\/\\\/www.ugtcomunicaciones.es\\\/wordpress\\\/#organization\"},\"potentialAction\":[{\"@type\":\"SearchAction\",\"target\":{\"@type\":\"EntryPoint\",\"urlTemplate\":\"https:\\\/\\\/www.ugtcomunicaciones.es\\\/wordpress\\\/?s={search_term_string}\"},\"query-input\":{\"@type\":\"PropertyValueSpecification\",\"valueRequired\":true,\"valueName\":\"search_term_string\"}}],\"inLanguage\":\"es\"},{\"@type\":\"Organization\",\"@id\":\"https:\\\/\\\/www.ugtcomunicaciones.es\\\/wordpress\\\/#organization\",\"name\":\"UGT Comunicaciones\",\"url\":\"https:\\\/\\\/www.ugtcomunicaciones.es\\\/wordpress\\\/\",\"logo\":{\"@type\":\"ImageObject\",\"inLanguage\":\"es\",\"@id\":\"https:\\\/\\\/www.ugtcomunicaciones.es\\\/wordpress\\\/#\\\/schema\\\/logo\\\/image\\\/\",\"url\":\"https:\\\/\\\/www.ugtcomunicaciones.es\\\/wordpress\\\/wp-content\\\/uploads\\\/2024\\\/04\\\/comunicaciones_logo.png\",\"contentUrl\":\"https:\\\/\\\/www.ugtcomunicaciones.es\\\/wordpress\\\/wp-content\\\/uploads\\\/2024\\\/04\\\/comunicaciones_logo.png\",\"width\":298,\"height\":81,\"caption\":\"UGT Comunicaciones\"},\"image\":{\"@id\":\"https:\\\/\\\/www.ugtcomunicaciones.es\\\/wordpress\\\/#\\\/schema\\\/logo\\\/image\\\/\"},\"sameAs\":[\"https:\\\/\\\/www.facebook.com\\\/ugt.comunicaciones\\\/\",\"https:\\\/\\\/x.com\\\/ugtcom\"]},{\"@type\":\"Person\",\"@id\":\"https:\\\/\\\/www.ugtcomunicaciones.es\\\/wordpress\\\/#\\\/schema\\\/person\\\/eba0fc3fe5b444531d94d4368cba89ed\",\"name\":\"UGT\",\"image\":{\"@type\":\"ImageObject\",\"inLanguage\":\"es\",\"@id\":\"https:\\\/\\\/secure.gravatar.com\\\/avatar\\\/2a16057d620a4c646bcfc171c4f23030879ebbdd346f0525bd5d4a564e57e13d?s=96&d=mm&r=g\",\"url\":\"https:\\\/\\\/secure.gravatar.com\\\/avatar\\\/2a16057d620a4c646bcfc171c4f23030879ebbdd346f0525bd5d4a564e57e13d?s=96&d=mm&r=g\",\"contentUrl\":\"https:\\\/\\\/secure.gravatar.com\\\/avatar\\\/2a16057d620a4c646bcfc171c4f23030879ebbdd346f0525bd5d4a564e57e13d?s=96&d=mm&r=g\",\"caption\":\"UGT\"}}]}<\/script>\n<!-- \/ Yoast SEO Premium plugin. -->","yoast_head_json":{"title":"Espa\u00f1a no consigue ni un euro de los fondos europeos para la banda ancha - UGT Comunicaciones","robots":{"index":"index","follow":"follow","max-snippet":"max-snippet:-1","max-image-preview":"max-image-preview:large","max-video-preview":"max-video-preview:-1"},"canonical":"https:\/\/www.ugtcomunicaciones.es\/wordpress\/espana-no-consigue-euro-los-fondos-europeos-la-banda-ancha\/","og_locale":"es_ES","og_type":"article","og_title":"Espa\u00f1a no consigue ni un euro de los fondos europeos para la banda ancha","og_description":"El Fondo Europeo de Inversiones Estrat\u00e9gicas (EFSI, por sus siglas en ingl\u00e9s)[1], com\u00fanmente conocido como \u201cFondo Juncker\u201d, es el plan nuclear de inversiones confeccionado por la Comisi\u00f3n Europea y que pretende movilizar 315.000 millones de euros, de origen p\u00fablico y privado, para financiar nuevas y prioritarias infraestructuras en el conjunto de la Uni\u00f3n Europea, aunque [&hellip;]","og_url":"https:\/\/www.ugtcomunicaciones.es\/wordpress\/espana-no-consigue-euro-los-fondos-europeos-la-banda-ancha\/","og_site_name":"UGT Comunicaciones","article_publisher":"https:\/\/www.facebook.com\/ugt.comunicaciones\/","article_published_time":"2017-02-06T10:48:57+00:00","article_modified_time":"2017-06-27T07:40:16+00:00","og_image":[{"width":570,"height":238,"url":"https:\/\/www.ugtcomunicaciones.es\/wordpress\/wp-content\/uploads\/2017\/01\/dinero_europeo.jpg","type":"image\/jpeg"}],"author":"UGT","twitter_card":"summary_large_image","twitter_creator":"@ugtcom","twitter_site":"@ugtcom","twitter_misc":{"Escrito por":"UGT","Tiempo de lectura":"2 minutos"},"schema":{"@context":"https:\/\/schema.org","@graph":[{"@type":"Article","@id":"https:\/\/www.ugtcomunicaciones.es\/wordpress\/espana-no-consigue-euro-los-fondos-europeos-la-banda-ancha\/#article","isPartOf":{"@id":"https:\/\/www.ugtcomunicaciones.es\/wordpress\/espana-no-consigue-euro-los-fondos-europeos-la-banda-ancha\/"},"author":{"name":"UGT","@id":"https:\/\/www.ugtcomunicaciones.es\/wordpress\/#\/schema\/person\/eba0fc3fe5b444531d94d4368cba89ed"},"headline":"Espa\u00f1a no consigue ni un euro de los fondos europeos para la banda ancha","datePublished":"2017-02-06T10:48:57+00:00","dateModified":"2017-06-27T07:40:16+00:00","mainEntityOfPage":{"@id":"https:\/\/www.ugtcomunicaciones.es\/wordpress\/espana-no-consigue-euro-los-fondos-europeos-la-banda-ancha\/"},"wordCount":475,"commentCount":0,"publisher":{"@id":"https:\/\/www.ugtcomunicaciones.es\/wordpress\/#organization"},"image":{"@id":"https:\/\/www.ugtcomunicaciones.es\/wordpress\/espana-no-consigue-euro-los-fondos-europeos-la-banda-ancha\/#primaryimage"},"thumbnailUrl":"https:\/\/www.ugtcomunicaciones.es\/wordpress\/wp-content\/uploads\/2017\/01\/dinero_europeo.jpg","articleSection":["Opini\u00f3n","Regulaci\u00f3n"],"inLanguage":"es","potentialAction":[{"@type":"CommentAction","name":"Comment","target":["https:\/\/www.ugtcomunicaciones.es\/wordpress\/espana-no-consigue-euro-los-fondos-europeos-la-banda-ancha\/#respond"]}]},{"@type":"WebPage","@id":"https:\/\/www.ugtcomunicaciones.es\/wordpress\/espana-no-consigue-euro-los-fondos-europeos-la-banda-ancha\/","url":"https:\/\/www.ugtcomunicaciones.es\/wordpress\/espana-no-consigue-euro-los-fondos-europeos-la-banda-ancha\/","name":"Espa\u00f1a no consigue ni un euro de los fondos europeos para la banda ancha - UGT Comunicaciones","isPartOf":{"@id":"https:\/\/www.ugtcomunicaciones.es\/wordpress\/#website"},"primaryImageOfPage":{"@id":"https:\/\/www.ugtcomunicaciones.es\/wordpress\/espana-no-consigue-euro-los-fondos-europeos-la-banda-ancha\/#primaryimage"},"image":{"@id":"https:\/\/www.ugtcomunicaciones.es\/wordpress\/espana-no-consigue-euro-los-fondos-europeos-la-banda-ancha\/#primaryimage"},"thumbnailUrl":"https:\/\/www.ugtcomunicaciones.es\/wordpress\/wp-content\/uploads\/2017\/01\/dinero_europeo.jpg","datePublished":"2017-02-06T10:48:57+00:00","dateModified":"2017-06-27T07:40:16+00:00","breadcrumb":{"@id":"https:\/\/www.ugtcomunicaciones.es\/wordpress\/espana-no-consigue-euro-los-fondos-europeos-la-banda-ancha\/#breadcrumb"},"inLanguage":"es","potentialAction":[{"@type":"ReadAction","target":["https:\/\/www.ugtcomunicaciones.es\/wordpress\/espana-no-consigue-euro-los-fondos-europeos-la-banda-ancha\/"]}]},{"@type":"ImageObject","inLanguage":"es","@id":"https:\/\/www.ugtcomunicaciones.es\/wordpress\/espana-no-consigue-euro-los-fondos-europeos-la-banda-ancha\/#primaryimage","url":"https:\/\/www.ugtcomunicaciones.es\/wordpress\/wp-content\/uploads\/2017\/01\/dinero_europeo.jpg","contentUrl":"https:\/\/www.ugtcomunicaciones.es\/wordpress\/wp-content\/uploads\/2017\/01\/dinero_europeo.jpg","width":570,"height":238},{"@type":"BreadcrumbList","@id":"https:\/\/www.ugtcomunicaciones.es\/wordpress\/espana-no-consigue-euro-los-fondos-europeos-la-banda-ancha\/#breadcrumb","itemListElement":[{"@type":"ListItem","position":1,"name":"Portada","item":"https:\/\/www.ugtcomunicaciones.es\/wordpress\/"},{"@type":"ListItem","position":2,"name":"Espa\u00f1a no consigue ni un euro de los fondos europeos para la banda ancha"}]},{"@type":"WebSite","@id":"https:\/\/www.ugtcomunicaciones.es\/wordpress\/#website","url":"https:\/\/www.ugtcomunicaciones.es\/wordpress\/","name":"UGT Comunicaciones","description":"Sindicato de Telecomunicaciones","publisher":{"@id":"https:\/\/www.ugtcomunicaciones.es\/wordpress\/#organization"},"potentialAction":[{"@type":"SearchAction","target":{"@type":"EntryPoint","urlTemplate":"https:\/\/www.ugtcomunicaciones.es\/wordpress\/?s={search_term_string}"},"query-input":{"@type":"PropertyValueSpecification","valueRequired":true,"valueName":"search_term_string"}}],"inLanguage":"es"},{"@type":"Organization","@id":"https:\/\/www.ugtcomunicaciones.es\/wordpress\/#organization","name":"UGT Comunicaciones","url":"https:\/\/www.ugtcomunicaciones.es\/wordpress\/","logo":{"@type":"ImageObject","inLanguage":"es","@id":"https:\/\/www.ugtcomunicaciones.es\/wordpress\/#\/schema\/logo\/image\/","url":"https:\/\/www.ugtcomunicaciones.es\/wordpress\/wp-content\/uploads\/2024\/04\/comunicaciones_logo.png","contentUrl":"https:\/\/www.ugtcomunicaciones.es\/wordpress\/wp-content\/uploads\/2024\/04\/comunicaciones_logo.png","width":298,"height":81,"caption":"UGT Comunicaciones"},"image":{"@id":"https:\/\/www.ugtcomunicaciones.es\/wordpress\/#\/schema\/logo\/image\/"},"sameAs":["https:\/\/www.facebook.com\/ugt.comunicaciones\/","https:\/\/x.com\/ugtcom"]},{"@type":"Person","@id":"https:\/\/www.ugtcomunicaciones.es\/wordpress\/#\/schema\/person\/eba0fc3fe5b444531d94d4368cba89ed","name":"UGT","image":{"@type":"ImageObject","inLanguage":"es","@id":"https:\/\/secure.gravatar.com\/avatar\/2a16057d620a4c646bcfc171c4f23030879ebbdd346f0525bd5d4a564e57e13d?s=96&d=mm&r=g","url":"https:\/\/secure.gravatar.com\/avatar\/2a16057d620a4c646bcfc171c4f23030879ebbdd346f0525bd5d4a564e57e13d?s=96&d=mm&r=g","contentUrl":"https:\/\/secure.gravatar.com\/avatar\/2a16057d620a4c646bcfc171c4f23030879ebbdd346f0525bd5d4a564e57e13d?s=96&d=mm&r=g","caption":"UGT"}}]}},"_links":{"self":[{"href":"https:\/\/www.ugtcomunicaciones.es\/wordpress\/wp-json\/wp\/v2\/posts\/712","targetHints":{"allow":["GET"]}}],"collection":[{"href":"https:\/\/www.ugtcomunicaciones.es\/wordpress\/wp-json\/wp\/v2\/posts"}],"about":[{"href":"https:\/\/www.ugtcomunicaciones.es\/wordpress\/wp-json\/wp\/v2\/types\/post"}],"author":[{"embeddable":true,"href":"https:\/\/www.ugtcomunicaciones.es\/wordpress\/wp-json\/wp\/v2\/users\/3"}],"replies":[{"embeddable":true,"href":"https:\/\/www.ugtcomunicaciones.es\/wordpress\/wp-json\/wp\/v2\/comments?post=712"}],"version-history":[{"count":0,"href":"https:\/\/www.ugtcomunicaciones.es\/wordpress\/wp-json\/wp\/v2\/posts\/712\/revisions"}],"wp:featuredmedia":[{"embeddable":true,"href":"https:\/\/www.ugtcomunicaciones.es\/wordpress\/wp-json\/wp\/v2\/media\/724"}],"wp:attachment":[{"href":"https:\/\/www.ugtcomunicaciones.es\/wordpress\/wp-json\/wp\/v2\/media?parent=712"}],"wp:term":[{"taxonomy":"category","embeddable":true,"href":"https:\/\/www.ugtcomunicaciones.es\/wordpress\/wp-json\/wp\/v2\/categories?post=712"},{"taxonomy":"post_tag","embeddable":true,"href":"https:\/\/www.ugtcomunicaciones.es\/wordpress\/wp-json\/wp\/v2\/tags?post=712"}],"curies":[{"name":"wp","href":"https:\/\/api.w.org\/{rel}","templated":true}]}}