{"id":740191,"date":"2021-01-25T07:00:54","date_gmt":"2021-01-25T05:00:54","guid":{"rendered":"https:\/\/www.ugtcomunicaciones.es\/wordpress\/?p=740191"},"modified":"2021-01-12T13:15:03","modified_gmt":"2021-01-12T11:15:03","slug":"masmovil-consigue-retirar-publicidad-de-finetwork","status":"publish","type":"post","link":"https:\/\/www.ugtcomunicaciones.es\/wordpress\/masmovil-consigue-retirar-publicidad-de-finetwork\/","title":{"rendered":"M\u00c1SM\u00d3VIL consigue retirar publicidad de FINETWORK"},"content":{"rendered":"<p style=\"text-align: justify;\">A cualquier operador le importa la competencia; y por supuesto, c\u00f3mo se publicita dicha competencia y si cumple con c\u00f3digos de conducta al uso<sup class=\"modern-footnotes-footnote \" data-mfn=\"1\" data-mfn-post-scope=\"000000000000413d0000000000000000_740191\"><a href=\"javascript:void(0)\"  role=\"button\" aria-pressed=\"false\" aria-describedby=\"mfn-content-000000000000413d0000000000000000_740191-1\">1<\/a><\/sup><span id=\"mfn-content-000000000000413d0000000000000000_740191-1\" role=\"tooltip\" class=\"modern-footnotes-footnote__note\" tabindex=\"0\" data-mfn=\"1\"><a href=\"https:\/\/www.autocontrol.es\/codigos-de-conducta\/\" target=\"_blank\" rel=\"noopener\">https:\/\/www.autocontrol.es\/codigos-de-conducta\/<\/a>, <a href=\"https:\/\/www.ugtcomunicaciones.es\/wordpress\/autocontrol-firma-convenio-las-principales-telecos-publicidad-no-deseada\/\" target=\"_blank\" rel=\"noopener\">https:\/\/www.ugtcomunicaciones.es\/wordpress\/autocontrol-firma-convenio-las-principales-telecos-publicidad-no-deseada\/<\/a><\/span>. Durante mucho tiempo M\u00e1sM\u00f3vil fue objeto de reclamaciones de terceros<sup class=\"modern-footnotes-footnote \" data-mfn=\"2\" data-mfn-post-scope=\"000000000000413d0000000000000000_740191\"><a href=\"javascript:void(0)\"  role=\"button\" aria-pressed=\"false\" aria-describedby=\"mfn-content-000000000000413d0000000000000000_740191-2\">2<\/a><\/sup><span id=\"mfn-content-000000000000413d0000000000000000_740191-2\" role=\"tooltip\" class=\"modern-footnotes-footnote__note\" tabindex=\"0\" data-mfn=\"2\"><a href=\"https:\/\/www.ugtcomunicaciones.es\/wordpress\/vodafone-y-masmovil-a-la-gresca-por-la-publicidad-de-sus-productos\/\" target=\"_blank\" rel=\"noopener\">https:\/\/www.ugtcomunicaciones.es\/wordpress\/vodafone-y-masmovil-a-la-gresca-por-la-publicidad-de-sus-productos\/<\/a><\/span>, debido a su tendencia a presentar anuncios enga\u00f1osos<sup class=\"modern-footnotes-footnote \" data-mfn=\"3\" data-mfn-post-scope=\"000000000000413d0000000000000000_740191\"><a href=\"javascript:void(0)\"  role=\"button\" aria-pressed=\"false\" aria-describedby=\"mfn-content-000000000000413d0000000000000000_740191-3\">3<\/a><\/sup><span id=\"mfn-content-000000000000413d0000000000000000_740191-3\" role=\"tooltip\" class=\"modern-footnotes-footnote__note\" tabindex=\"0\" data-mfn=\"3\"><a href=\"https:\/\/www.ugtcomunicaciones.es\/wordpress\/masmovil-se-abona-a-las-practicas-de-publicidad-enganosa\/\" target=\"_blank\" rel=\"noopener\">https:\/\/www.ugtcomunicaciones.es\/wordpress\/masmovil-se-abona-a-las-practicas-de-publicidad-enganosa\/<\/a>, <a href=\"https:\/\/www.ugtcomunicaciones.es\/wordpress\/obligan-yoigo-cambiar-la-publicidad-una-tarifa-no-incluir-iva\/\" target=\"_blank\" rel=\"noopener\">https:\/\/www.ugtcomunicaciones.es\/wordpress\/obligan-yoigo-cambiar-la-publicidad-una-tarifa-no-incluir-iva\/<\/a><\/span>; sin embargo, ahora las tornas se invierten.<\/p>\n<p style=\"text-align: justify;\">Hace poca semanas, M\u00e1sM\u00f3vil reclam\u00f3 ante Autocontrol &#8211; el organismo encargad de resolver discrepancias publicitarias- la publicidad del operador Finetwork, al considerarla enga\u00f1osa.<\/p>\n<p style=\"text-align: justify;\">La denuncia se dirig\u00eda contra una campa\u00f1a difundida en radio e internet (redes sociales), en la que la aseguraba que <em>\u201cen Finetwork tienes las mejores tarifas en fibra y m\u00f3vil. Somos la mejor magdalena al mejor precio\u201d<\/em>, <em>\u201cLa mejor red\u201d<\/em> o \u201c<em>aqu\u00ed lo \u00fanico que importa es que Finetwork tienes las mejores tarifas en fibra y m\u00f3vil\u201d<\/em>.<\/p>\n<p style=\"text-align: justify;\">En opini\u00f3n de M\u00e1sM\u00f3vil, esta publicidad reclamada resulta enga\u00f1osa y denigratoria y, por <img decoding=\"async\" class=\"size-full wp-image-740206 alignright lazyload\" data-src=\"https:\/\/www.ugtcomunicaciones.es\/wordpress\/wp-content\/uploads\/2021\/01\/masmovil_25-01-2021.jpg\" alt=\"masmovil_25-01-2021\" width=\"209\" height=\"209\" data-srcset=\"https:\/\/www.ugtcomunicaciones.es\/wordpress\/wp-content\/uploads\/2021\/01\/masmovil_25-01-2021.jpg 209w, https:\/\/www.ugtcomunicaciones.es\/wordpress\/wp-content\/uploads\/2021\/01\/masmovil_25-01-2021-150x150.jpg 150w\" data-sizes=\"(max-width: 209px) 100vw, 209px\" src=\"data:image\/svg+xml;base64,PHN2ZyB3aWR0aD0iMSIgaGVpZ2h0PSIxIiB4bWxucz0iaHR0cDovL3d3dy53My5vcmcvMjAwMC9zdmciPjwvc3ZnPg==\" style=\"--smush-placeholder-width: 209px; --smush-placeholder-aspect-ratio: 209\/209;\" \/>tanto, contraria a las Normas del C\u00f3digo de Conducta Publicitaria de Autocontrol. Por ejemplo, las alegaciones publicitarias tales como \u201c<em>la mejor tarifa del mercado espa\u00f1ol\u201d <\/em>y <em>\u201cun operador de telecomunicaciones (\u2026) con las mejores tarifas\u201d<\/em> son tramposas, al no ser Finetwork ni el mejor en todas las variables ni tan siquiera en cuanto al precio. Para demostrarlo, M\u00e1sM\u00f3vil realiza en su reclamaci\u00f3n una comparativa de precios de varias compa\u00f1\u00edas en relaci\u00f3n con tres tarifas distintas sin que Finetwork ostente el primer puesto en ninguna de ellas. En cuanto a <em>\u201cla mejor red\u201d<\/em>, M\u00e1sM\u00f3vil considera que se trata de una afirmaci\u00f3n ambigua puesto que no aclara si se refiere a red fija o m\u00f3vil, red con mayor cobertura, red con mayor capacidad de implantaci\u00f3n de 4G o 5G, etc.; e incierta, en cualquier caso, puesto que la red Vodafone (red utilizada por Finetwork) no es la primera en ninguno de los par\u00e1metros anteriores. Por todo ello, M\u00e1sM\u00f3vil solicita que declare il\u00edcita esta publicidad.<\/p>\n<p style=\"text-align: justify;\">En su defensa, Finetwork sostiene que la palabra <em>\u201cmejor\u201d<\/em> es un adjetivo puramente subjetivo que contempla multitud de factores adem\u00e1s del precio y que consiste en la opini\u00f3n de quien lo emite. A pesar de ello, manifiesta que las alegaciones publicitarias mencionadas por M\u00e1sM\u00f3vil en su reclamaci\u00f3n est\u00e1n respaldadas por estudios y comparaciones de mercado que la consideran la operadora con las tarifas m\u00e1s bajas en muchos servicios. Asimismo, menciona que la red m\u00f3vil utilizada es la de Vodafone, habiendo sido nombrada esta compa\u00f1\u00eda como el mejor operador en Espa\u00f1a por la Organizaci\u00f3n de Consumidores y Usuarios sobre la base de mediciones llevadas a cabo con usuarios.<\/p>\n<p style=\"text-align: justify;\">Sin embargo, estas alegaciones son rechazadas por Autocontrol<sup class=\"modern-footnotes-footnote \" data-mfn=\"4\" data-mfn-post-scope=\"000000000000413d0000000000000000_740191\"><a href=\"javascript:void(0)\"  role=\"button\" aria-pressed=\"false\" aria-describedby=\"mfn-content-000000000000413d0000000000000000_740191-4\">4<\/a><\/sup><span id=\"mfn-content-000000000000413d0000000000000000_740191-4\" role=\"tooltip\" class=\"modern-footnotes-footnote__note\" tabindex=\"0\" data-mfn=\"4\"><a href=\"https:\/\/www.autocontrol.es\/wp-content\/uploads\/2020\/12\/resolucion_jurado_publicidad-enganosa_2652.pdf\" target=\"_blank\" rel=\"noopener\">https:\/\/www.autocontrol.es\/wp-content\/uploads\/2020\/12\/resolucion_jurado_publicidad-enganosa_2652.pdf<\/a><\/span>. Las expresiones usadas por Finetwork son excluyentes para sus competidores, y le otorga un estatus de primac\u00eda que las normas al uso consideran una pr\u00e1ctica il\u00edcita. Adem\u00e1s, el mensaje seg\u00fan el cual las tarifas promocionadas son las mejores del mercado, no resultar\u00eda acreditado en vista de las pruebas aportadas por ambas partes; y otro tanto sobre \u201cla mejor red\u201d, el jurado de Autocontrol comprueba que, en funci\u00f3n del estudio al que se atienda, la conclusi\u00f3n a la que se llega respecto a qu\u00e9 red debe ser considerada la mejor, es diferente.<\/p>\n<p style=\"text-align: justify;\">Por estas razones, Autocontrol decide instar al anunciante la rectificaci\u00f3n de la publicidad reclamada, o su retirada inmediata<sup class=\"modern-footnotes-footnote \" data-mfn=\"5\" data-mfn-post-scope=\"000000000000413d0000000000000000_740191\"><a href=\"javascript:void(0)\"  role=\"button\" aria-pressed=\"false\" aria-describedby=\"mfn-content-000000000000413d0000000000000000_740191-5\">5<\/a><\/sup><span id=\"mfn-content-000000000000413d0000000000000000_740191-5\" role=\"tooltip\" class=\"modern-footnotes-footnote__note\" tabindex=\"0\" data-mfn=\"5\"><a href=\"https:\/\/www.autocontrol.es\/wp-content\/uploads\/2020\/12\/resoluciones_jurado_pleno_publicidad_enganosa_2653.pdf\" target=\"_blank\" rel=\"noopener\">https:\/\/www.autocontrol.es\/wp-content\/uploads\/2020\/12\/resoluciones_jurado_pleno_publicidad_enganosa_2653.pdf<\/a><\/span>.<\/p>\n<p style=\"text-align: justify;\">\n<p style=\"text-align: right;\"><span style=\"color: #ff0000;\"><strong>UGT<\/strong><\/span><strong> Comunicaciones<br \/>\nSector Estatal<\/strong><\/p>\n<p>&nbsp;<\/p>\n","protected":false},"excerpt":{"rendered":"<p>A cualquier operador le importa la competencia; y por supuesto, c\u00f3mo se publicita dicha competencia y si cumple con c\u00f3digos de conducta al uso. Durante mucho tiempo M\u00e1sM\u00f3vil fue objeto de reclamaciones de terceros, debido a su tendencia a presentar anuncios enga\u00f1osos; sin embargo, ahora las tornas se invierten. Hace poca semanas, M\u00e1sM\u00f3vil reclam\u00f3 ante [&hellip;]<\/p>\n","protected":false},"author":3,"featured_media":740207,"comment_status":"closed","ping_status":"closed","sticky":false,"template":"","format":"standard","meta":{"footnotes":""},"categories":[15,12],"tags":[],"class_list":["post-740191","post","type-post","status-publish","format-standard","has-post-thumbnail","hentry","category-competencia","category-regulacion"],"yoast_head":"<!-- This site is optimized with the Yoast SEO Premium plugin v27.3 (Yoast SEO v27.4) - https:\/\/yoast.com\/product\/yoast-seo-premium-wordpress\/ -->\n<title>M\u00c1SM\u00d3VIL consigue retirar publicidad de FINETWORK - UGT Comunicaciones<\/title>\n<meta name=\"description\" content=\"A cualquier operador le importa la competencia; y por supuesto, c\u00f3mo se publicita dicha competencia y si cumple con c\u00f3digos de conducta al...\" \/>\n<meta name=\"robots\" content=\"index, follow, max-snippet:-1, max-image-preview:large, max-video-preview:-1\" \/>\n<link rel=\"canonical\" href=\"https:\/\/www.ugtcomunicaciones.es\/wordpress\/masmovil-consigue-retirar-publicidad-de-finetwork\/\" \/>\n<meta property=\"og:locale\" content=\"es_ES\" \/>\n<meta property=\"og:type\" content=\"article\" \/>\n<meta property=\"og:title\" content=\"M\u00c1SM\u00d3VIL consigue retirar publicidad de FINETWORK\" \/>\n<meta property=\"og:description\" content=\"A cualquier operador le importa la competencia; y por supuesto, c\u00f3mo se publicita dicha competencia y si cumple con c\u00f3digos de conducta al...\" \/>\n<meta property=\"og:url\" content=\"https:\/\/www.ugtcomunicaciones.es\/wordpress\/masmovil-consigue-retirar-publicidad-de-finetwork\/\" \/>\n<meta property=\"og:site_name\" content=\"UGT Comunicaciones\" \/>\n<meta property=\"article:publisher\" content=\"https:\/\/www.facebook.com\/ugt.comunicaciones\/\" \/>\n<meta property=\"article:published_time\" content=\"2021-01-25T05:00:54+00:00\" \/>\n<meta property=\"og:image\" content=\"https:\/\/www.ugtcomunicaciones.es\/wordpress\/wp-content\/uploads\/2021\/01\/masmovil_portada_25-01-2021.jpg\" \/>\n\t<meta property=\"og:image:width\" content=\"600\" \/>\n\t<meta property=\"og:image:height\" content=\"338\" \/>\n\t<meta property=\"og:image:type\" content=\"image\/jpeg\" \/>\n<meta name=\"author\" content=\"UGT\" \/>\n<meta name=\"twitter:card\" content=\"summary_large_image\" \/>\n<meta name=\"twitter:creator\" content=\"@ugtcom\" \/>\n<meta name=\"twitter:site\" content=\"@ugtcom\" \/>\n<meta name=\"twitter:label1\" content=\"Escrito por\" \/>\n\t<meta name=\"twitter:data1\" content=\"UGT\" \/>\n\t<meta name=\"twitter:label2\" content=\"Tiempo de lectura\" \/>\n\t<meta name=\"twitter:data2\" content=\"3 minutos\" \/>\n<script type=\"application\/ld+json\" class=\"yoast-schema-graph\">{\"@context\":\"https:\\\/\\\/schema.org\",\"@graph\":[{\"@type\":\"Article\",\"@id\":\"https:\\\/\\\/www.ugtcomunicaciones.es\\\/wordpress\\\/masmovil-consigue-retirar-publicidad-de-finetwork\\\/#article\",\"isPartOf\":{\"@id\":\"https:\\\/\\\/www.ugtcomunicaciones.es\\\/wordpress\\\/masmovil-consigue-retirar-publicidad-de-finetwork\\\/\"},\"author\":{\"name\":\"UGT\",\"@id\":\"https:\\\/\\\/www.ugtcomunicaciones.es\\\/wordpress\\\/#\\\/schema\\\/person\\\/eba0fc3fe5b444531d94d4368cba89ed\"},\"headline\":\"M\u00c1SM\u00d3VIL consigue retirar publicidad de FINETWORK\",\"datePublished\":\"2021-01-25T05:00:54+00:00\",\"mainEntityOfPage\":{\"@id\":\"https:\\\/\\\/www.ugtcomunicaciones.es\\\/wordpress\\\/masmovil-consigue-retirar-publicidad-de-finetwork\\\/\"},\"wordCount\":653,\"publisher\":{\"@id\":\"https:\\\/\\\/www.ugtcomunicaciones.es\\\/wordpress\\\/#organization\"},\"image\":{\"@id\":\"https:\\\/\\\/www.ugtcomunicaciones.es\\\/wordpress\\\/masmovil-consigue-retirar-publicidad-de-finetwork\\\/#primaryimage\"},\"thumbnailUrl\":\"https:\\\/\\\/www.ugtcomunicaciones.es\\\/wordpress\\\/wp-content\\\/uploads\\\/2021\\\/01\\\/masmovil_portada_25-01-2021.jpg\",\"articleSection\":[\"Competencia\",\"Regulaci\u00f3n\"],\"inLanguage\":\"es\"},{\"@type\":\"WebPage\",\"@id\":\"https:\\\/\\\/www.ugtcomunicaciones.es\\\/wordpress\\\/masmovil-consigue-retirar-publicidad-de-finetwork\\\/\",\"url\":\"https:\\\/\\\/www.ugtcomunicaciones.es\\\/wordpress\\\/masmovil-consigue-retirar-publicidad-de-finetwork\\\/\",\"name\":\"M\u00c1SM\u00d3VIL consigue retirar publicidad de FINETWORK - UGT Comunicaciones\",\"isPartOf\":{\"@id\":\"https:\\\/\\\/www.ugtcomunicaciones.es\\\/wordpress\\\/#website\"},\"primaryImageOfPage\":{\"@id\":\"https:\\\/\\\/www.ugtcomunicaciones.es\\\/wordpress\\\/masmovil-consigue-retirar-publicidad-de-finetwork\\\/#primaryimage\"},\"image\":{\"@id\":\"https:\\\/\\\/www.ugtcomunicaciones.es\\\/wordpress\\\/masmovil-consigue-retirar-publicidad-de-finetwork\\\/#primaryimage\"},\"thumbnailUrl\":\"https:\\\/\\\/www.ugtcomunicaciones.es\\\/wordpress\\\/wp-content\\\/uploads\\\/2021\\\/01\\\/masmovil_portada_25-01-2021.jpg\",\"datePublished\":\"2021-01-25T05:00:54+00:00\",\"description\":\"A cualquier operador le importa la competencia; y por supuesto, c\u00f3mo se publicita dicha competencia y si cumple con c\u00f3digos de conducta al...\",\"breadcrumb\":{\"@id\":\"https:\\\/\\\/www.ugtcomunicaciones.es\\\/wordpress\\\/masmovil-consigue-retirar-publicidad-de-finetwork\\\/#breadcrumb\"},\"inLanguage\":\"es\",\"potentialAction\":[{\"@type\":\"ReadAction\",\"target\":[\"https:\\\/\\\/www.ugtcomunicaciones.es\\\/wordpress\\\/masmovil-consigue-retirar-publicidad-de-finetwork\\\/\"]}]},{\"@type\":\"ImageObject\",\"inLanguage\":\"es\",\"@id\":\"https:\\\/\\\/www.ugtcomunicaciones.es\\\/wordpress\\\/masmovil-consigue-retirar-publicidad-de-finetwork\\\/#primaryimage\",\"url\":\"https:\\\/\\\/www.ugtcomunicaciones.es\\\/wordpress\\\/wp-content\\\/uploads\\\/2021\\\/01\\\/masmovil_portada_25-01-2021.jpg\",\"contentUrl\":\"https:\\\/\\\/www.ugtcomunicaciones.es\\\/wordpress\\\/wp-content\\\/uploads\\\/2021\\\/01\\\/masmovil_portada_25-01-2021.jpg\",\"width\":600,\"height\":338,\"caption\":\"masmovil_portada_25-01-2021\"},{\"@type\":\"BreadcrumbList\",\"@id\":\"https:\\\/\\\/www.ugtcomunicaciones.es\\\/wordpress\\\/masmovil-consigue-retirar-publicidad-de-finetwork\\\/#breadcrumb\",\"itemListElement\":[{\"@type\":\"ListItem\",\"position\":1,\"name\":\"Portada\",\"item\":\"https:\\\/\\\/www.ugtcomunicaciones.es\\\/wordpress\\\/\"},{\"@type\":\"ListItem\",\"position\":2,\"name\":\"M\u00c1SM\u00d3VIL consigue retirar publicidad de FINETWORK\"}]},{\"@type\":\"WebSite\",\"@id\":\"https:\\\/\\\/www.ugtcomunicaciones.es\\\/wordpress\\\/#website\",\"url\":\"https:\\\/\\\/www.ugtcomunicaciones.es\\\/wordpress\\\/\",\"name\":\"UGT Comunicaciones\",\"description\":\"Sindicato de Telecomunicaciones\",\"publisher\":{\"@id\":\"https:\\\/\\\/www.ugtcomunicaciones.es\\\/wordpress\\\/#organization\"},\"potentialAction\":[{\"@type\":\"SearchAction\",\"target\":{\"@type\":\"EntryPoint\",\"urlTemplate\":\"https:\\\/\\\/www.ugtcomunicaciones.es\\\/wordpress\\\/?s={search_term_string}\"},\"query-input\":{\"@type\":\"PropertyValueSpecification\",\"valueRequired\":true,\"valueName\":\"search_term_string\"}}],\"inLanguage\":\"es\"},{\"@type\":\"Organization\",\"@id\":\"https:\\\/\\\/www.ugtcomunicaciones.es\\\/wordpress\\\/#organization\",\"name\":\"UGT Comunicaciones\",\"url\":\"https:\\\/\\\/www.ugtcomunicaciones.es\\\/wordpress\\\/\",\"logo\":{\"@type\":\"ImageObject\",\"inLanguage\":\"es\",\"@id\":\"https:\\\/\\\/www.ugtcomunicaciones.es\\\/wordpress\\\/#\\\/schema\\\/logo\\\/image\\\/\",\"url\":\"https:\\\/\\\/www.ugtcomunicaciones.es\\\/wordpress\\\/wp-content\\\/uploads\\\/2024\\\/04\\\/comunicaciones_logo.png\",\"contentUrl\":\"https:\\\/\\\/www.ugtcomunicaciones.es\\\/wordpress\\\/wp-content\\\/uploads\\\/2024\\\/04\\\/comunicaciones_logo.png\",\"width\":298,\"height\":81,\"caption\":\"UGT Comunicaciones\"},\"image\":{\"@id\":\"https:\\\/\\\/www.ugtcomunicaciones.es\\\/wordpress\\\/#\\\/schema\\\/logo\\\/image\\\/\"},\"sameAs\":[\"https:\\\/\\\/www.facebook.com\\\/ugt.comunicaciones\\\/\",\"https:\\\/\\\/x.com\\\/ugtcom\"]},{\"@type\":\"Person\",\"@id\":\"https:\\\/\\\/www.ugtcomunicaciones.es\\\/wordpress\\\/#\\\/schema\\\/person\\\/eba0fc3fe5b444531d94d4368cba89ed\",\"name\":\"UGT\",\"image\":{\"@type\":\"ImageObject\",\"inLanguage\":\"es\",\"@id\":\"https:\\\/\\\/secure.gravatar.com\\\/avatar\\\/2a16057d620a4c646bcfc171c4f23030879ebbdd346f0525bd5d4a564e57e13d?s=96&d=mm&r=g\",\"url\":\"https:\\\/\\\/secure.gravatar.com\\\/avatar\\\/2a16057d620a4c646bcfc171c4f23030879ebbdd346f0525bd5d4a564e57e13d?s=96&d=mm&r=g\",\"contentUrl\":\"https:\\\/\\\/secure.gravatar.com\\\/avatar\\\/2a16057d620a4c646bcfc171c4f23030879ebbdd346f0525bd5d4a564e57e13d?s=96&d=mm&r=g\",\"caption\":\"UGT\"}}]}<\/script>\n<!-- \/ Yoast SEO Premium plugin. -->","yoast_head_json":{"title":"M\u00c1SM\u00d3VIL consigue retirar publicidad de FINETWORK - UGT Comunicaciones","description":"A cualquier operador le importa la competencia; y por supuesto, c\u00f3mo se publicita dicha competencia y si cumple con c\u00f3digos de conducta al...","robots":{"index":"index","follow":"follow","max-snippet":"max-snippet:-1","max-image-preview":"max-image-preview:large","max-video-preview":"max-video-preview:-1"},"canonical":"https:\/\/www.ugtcomunicaciones.es\/wordpress\/masmovil-consigue-retirar-publicidad-de-finetwork\/","og_locale":"es_ES","og_type":"article","og_title":"M\u00c1SM\u00d3VIL consigue retirar publicidad de FINETWORK","og_description":"A cualquier operador le importa la competencia; y por supuesto, c\u00f3mo se publicita dicha competencia y si cumple con c\u00f3digos de conducta al...","og_url":"https:\/\/www.ugtcomunicaciones.es\/wordpress\/masmovil-consigue-retirar-publicidad-de-finetwork\/","og_site_name":"UGT Comunicaciones","article_publisher":"https:\/\/www.facebook.com\/ugt.comunicaciones\/","article_published_time":"2021-01-25T05:00:54+00:00","og_image":[{"width":600,"height":338,"url":"https:\/\/www.ugtcomunicaciones.es\/wordpress\/wp-content\/uploads\/2021\/01\/masmovil_portada_25-01-2021.jpg","type":"image\/jpeg"}],"author":"UGT","twitter_card":"summary_large_image","twitter_creator":"@ugtcom","twitter_site":"@ugtcom","twitter_misc":{"Escrito por":"UGT","Tiempo de lectura":"3 minutos"},"schema":{"@context":"https:\/\/schema.org","@graph":[{"@type":"Article","@id":"https:\/\/www.ugtcomunicaciones.es\/wordpress\/masmovil-consigue-retirar-publicidad-de-finetwork\/#article","isPartOf":{"@id":"https:\/\/www.ugtcomunicaciones.es\/wordpress\/masmovil-consigue-retirar-publicidad-de-finetwork\/"},"author":{"name":"UGT","@id":"https:\/\/www.ugtcomunicaciones.es\/wordpress\/#\/schema\/person\/eba0fc3fe5b444531d94d4368cba89ed"},"headline":"M\u00c1SM\u00d3VIL consigue retirar publicidad de FINETWORK","datePublished":"2021-01-25T05:00:54+00:00","mainEntityOfPage":{"@id":"https:\/\/www.ugtcomunicaciones.es\/wordpress\/masmovil-consigue-retirar-publicidad-de-finetwork\/"},"wordCount":653,"publisher":{"@id":"https:\/\/www.ugtcomunicaciones.es\/wordpress\/#organization"},"image":{"@id":"https:\/\/www.ugtcomunicaciones.es\/wordpress\/masmovil-consigue-retirar-publicidad-de-finetwork\/#primaryimage"},"thumbnailUrl":"https:\/\/www.ugtcomunicaciones.es\/wordpress\/wp-content\/uploads\/2021\/01\/masmovil_portada_25-01-2021.jpg","articleSection":["Competencia","Regulaci\u00f3n"],"inLanguage":"es"},{"@type":"WebPage","@id":"https:\/\/www.ugtcomunicaciones.es\/wordpress\/masmovil-consigue-retirar-publicidad-de-finetwork\/","url":"https:\/\/www.ugtcomunicaciones.es\/wordpress\/masmovil-consigue-retirar-publicidad-de-finetwork\/","name":"M\u00c1SM\u00d3VIL consigue retirar publicidad de FINETWORK - UGT Comunicaciones","isPartOf":{"@id":"https:\/\/www.ugtcomunicaciones.es\/wordpress\/#website"},"primaryImageOfPage":{"@id":"https:\/\/www.ugtcomunicaciones.es\/wordpress\/masmovil-consigue-retirar-publicidad-de-finetwork\/#primaryimage"},"image":{"@id":"https:\/\/www.ugtcomunicaciones.es\/wordpress\/masmovil-consigue-retirar-publicidad-de-finetwork\/#primaryimage"},"thumbnailUrl":"https:\/\/www.ugtcomunicaciones.es\/wordpress\/wp-content\/uploads\/2021\/01\/masmovil_portada_25-01-2021.jpg","datePublished":"2021-01-25T05:00:54+00:00","description":"A cualquier operador le importa la competencia; y por supuesto, c\u00f3mo se publicita dicha competencia y si cumple con c\u00f3digos de conducta al...","breadcrumb":{"@id":"https:\/\/www.ugtcomunicaciones.es\/wordpress\/masmovil-consigue-retirar-publicidad-de-finetwork\/#breadcrumb"},"inLanguage":"es","potentialAction":[{"@type":"ReadAction","target":["https:\/\/www.ugtcomunicaciones.es\/wordpress\/masmovil-consigue-retirar-publicidad-de-finetwork\/"]}]},{"@type":"ImageObject","inLanguage":"es","@id":"https:\/\/www.ugtcomunicaciones.es\/wordpress\/masmovil-consigue-retirar-publicidad-de-finetwork\/#primaryimage","url":"https:\/\/www.ugtcomunicaciones.es\/wordpress\/wp-content\/uploads\/2021\/01\/masmovil_portada_25-01-2021.jpg","contentUrl":"https:\/\/www.ugtcomunicaciones.es\/wordpress\/wp-content\/uploads\/2021\/01\/masmovil_portada_25-01-2021.jpg","width":600,"height":338,"caption":"masmovil_portada_25-01-2021"},{"@type":"BreadcrumbList","@id":"https:\/\/www.ugtcomunicaciones.es\/wordpress\/masmovil-consigue-retirar-publicidad-de-finetwork\/#breadcrumb","itemListElement":[{"@type":"ListItem","position":1,"name":"Portada","item":"https:\/\/www.ugtcomunicaciones.es\/wordpress\/"},{"@type":"ListItem","position":2,"name":"M\u00c1SM\u00d3VIL consigue retirar publicidad de FINETWORK"}]},{"@type":"WebSite","@id":"https:\/\/www.ugtcomunicaciones.es\/wordpress\/#website","url":"https:\/\/www.ugtcomunicaciones.es\/wordpress\/","name":"UGT Comunicaciones","description":"Sindicato de Telecomunicaciones","publisher":{"@id":"https:\/\/www.ugtcomunicaciones.es\/wordpress\/#organization"},"potentialAction":[{"@type":"SearchAction","target":{"@type":"EntryPoint","urlTemplate":"https:\/\/www.ugtcomunicaciones.es\/wordpress\/?s={search_term_string}"},"query-input":{"@type":"PropertyValueSpecification","valueRequired":true,"valueName":"search_term_string"}}],"inLanguage":"es"},{"@type":"Organization","@id":"https:\/\/www.ugtcomunicaciones.es\/wordpress\/#organization","name":"UGT Comunicaciones","url":"https:\/\/www.ugtcomunicaciones.es\/wordpress\/","logo":{"@type":"ImageObject","inLanguage":"es","@id":"https:\/\/www.ugtcomunicaciones.es\/wordpress\/#\/schema\/logo\/image\/","url":"https:\/\/www.ugtcomunicaciones.es\/wordpress\/wp-content\/uploads\/2024\/04\/comunicaciones_logo.png","contentUrl":"https:\/\/www.ugtcomunicaciones.es\/wordpress\/wp-content\/uploads\/2024\/04\/comunicaciones_logo.png","width":298,"height":81,"caption":"UGT Comunicaciones"},"image":{"@id":"https:\/\/www.ugtcomunicaciones.es\/wordpress\/#\/schema\/logo\/image\/"},"sameAs":["https:\/\/www.facebook.com\/ugt.comunicaciones\/","https:\/\/x.com\/ugtcom"]},{"@type":"Person","@id":"https:\/\/www.ugtcomunicaciones.es\/wordpress\/#\/schema\/person\/eba0fc3fe5b444531d94d4368cba89ed","name":"UGT","image":{"@type":"ImageObject","inLanguage":"es","@id":"https:\/\/secure.gravatar.com\/avatar\/2a16057d620a4c646bcfc171c4f23030879ebbdd346f0525bd5d4a564e57e13d?s=96&d=mm&r=g","url":"https:\/\/secure.gravatar.com\/avatar\/2a16057d620a4c646bcfc171c4f23030879ebbdd346f0525bd5d4a564e57e13d?s=96&d=mm&r=g","contentUrl":"https:\/\/secure.gravatar.com\/avatar\/2a16057d620a4c646bcfc171c4f23030879ebbdd346f0525bd5d4a564e57e13d?s=96&d=mm&r=g","caption":"UGT"}}]}},"_links":{"self":[{"href":"https:\/\/www.ugtcomunicaciones.es\/wordpress\/wp-json\/wp\/v2\/posts\/740191","targetHints":{"allow":["GET"]}}],"collection":[{"href":"https:\/\/www.ugtcomunicaciones.es\/wordpress\/wp-json\/wp\/v2\/posts"}],"about":[{"href":"https:\/\/www.ugtcomunicaciones.es\/wordpress\/wp-json\/wp\/v2\/types\/post"}],"author":[{"embeddable":true,"href":"https:\/\/www.ugtcomunicaciones.es\/wordpress\/wp-json\/wp\/v2\/users\/3"}],"replies":[{"embeddable":true,"href":"https:\/\/www.ugtcomunicaciones.es\/wordpress\/wp-json\/wp\/v2\/comments?post=740191"}],"version-history":[{"count":0,"href":"https:\/\/www.ugtcomunicaciones.es\/wordpress\/wp-json\/wp\/v2\/posts\/740191\/revisions"}],"wp:featuredmedia":[{"embeddable":true,"href":"https:\/\/www.ugtcomunicaciones.es\/wordpress\/wp-json\/wp\/v2\/media\/740207"}],"wp:attachment":[{"href":"https:\/\/www.ugtcomunicaciones.es\/wordpress\/wp-json\/wp\/v2\/media?parent=740191"}],"wp:term":[{"taxonomy":"category","embeddable":true,"href":"https:\/\/www.ugtcomunicaciones.es\/wordpress\/wp-json\/wp\/v2\/categories?post=740191"},{"taxonomy":"post_tag","embeddable":true,"href":"https:\/\/www.ugtcomunicaciones.es\/wordpress\/wp-json\/wp\/v2\/tags?post=740191"}],"curies":[{"name":"wp","href":"https:\/\/api.w.org\/{rel}","templated":true}]}}