{"id":749714,"date":"2021-02-08T07:00:52","date_gmt":"2021-02-08T06:00:52","guid":{"rendered":"https:\/\/www.ugtcomunicaciones.es\/wordpress\/?p=749714"},"modified":"2021-01-26T14:17:08","modified_gmt":"2021-01-26T13:17:08","slug":"749714-2","status":"publish","type":"post","link":"https:\/\/www.ugtcomunicaciones.es\/wordpress\/749714-2\/","title":{"rendered":"La Diputaci\u00f3n Foral de Bizkaia moviliza 10 m\u20ac para las NGN"},"content":{"rendered":"<p style=\"text-align: justify;\">Un nuevo ente p\u00fablico se suma a la iniciativa de extender las redes de nueva generaci\u00f3n: la Diputaci\u00f3n Foral de Bizkaia. Tal y como hizo su vecina \u00c1lava<sup class=\"modern-footnotes-footnote \" data-mfn=\"1\" data-mfn-post-scope=\"00000000000041470000000000000000_749714\"><a href=\"javascript:void(0)\"  role=\"button\" aria-pressed=\"false\" aria-describedby=\"mfn-content-00000000000041470000000000000000_749714-1\">1<\/a><\/sup><span id=\"mfn-content-00000000000041470000000000000000_749714-1\" role=\"tooltip\" class=\"modern-footnotes-footnote__note\" tabindex=\"0\" data-mfn=\"1\"><a href=\"https:\/\/www.ugtcomunicaciones.es\/wordpress\/la-diputacion-foral-alava-promovera-ayudas-nucleos-menos-150-habitantes\/\" target=\"_blank\" rel=\"noopener\">https:\/\/www.ugtcomunicaciones.es\/wordpress\/la-diputacion-foral-alava-promovera-ayudas-nucleos-menos-150-habitantes\/<\/a><\/span>, el organismo foral invertir\u00e1 diez millones de euros para llevar las NGN a <em>\u201czonas diseminadas de poblaci\u00f3n del Territorio Hist\u00f3rico de Bizkaia que tienen la consideraci\u00f3n de \u00abzonas blancas de nueva generaci\u00f3n (NGA)\u00bb, esto es, en las que ni existe, ni se prev\u00e9 que exista en los pr\u00f3ximos 3 a\u00f1os, infraestructuras de telecomunicaciones que permitan los servicios de acceso a Internet en condiciones de Banda Ancha NGA<sup class=\"modern-footnotes-footnote \" data-mfn=\"2\" data-mfn-post-scope=\"00000000000041470000000000000000_749714\"><a href=\"javascript:void(0)\"  role=\"button\" aria-pressed=\"false\" aria-describedby=\"mfn-content-00000000000041470000000000000000_749714-2\">2<\/a><\/sup><span id=\"mfn-content-00000000000041470000000000000000_749714-2\" role=\"tooltip\" class=\"modern-footnotes-footnote__note\" tabindex=\"0\" data-mfn=\"2\"><a href=\"https:\/\/www.euskadi.eus\/ayuda_subvencion\/2020\/subvenciones-para-impulsar-la-extension-de-redes-de-banda-ancha-de-nueva-generacion-en-zonas-diseminadas-de-poblacion-bizkaia-2020\/web01-tramite\/es\/\" target=\"_blank\" rel=\"noopener\">https:\/\/www.euskadi.eus\/ayuda_subvencion\/2020\/subvenciones-para-impulsar-la-extension-de-redes-de-banda-ancha-de-nueva-generacion-en-zonas-diseminadas-de-poblacion-bizkaia-2020\/web01-tramite\/es\/<\/a><\/span>\u201d<\/em>.<\/p>\n<p style=\"text-align: justify;\">Como cualquier proyecto de estas caracter\u00edsticas, el regulador sectorial debe verificar que cumple con los requisitos europeos y nacionales de concesi\u00f3n de subvenciones p\u00fablicas, mediante preceptivo informe<sup class=\"modern-footnotes-footnote \" data-mfn=\"3\" data-mfn-post-scope=\"00000000000041470000000000000000_749714\"><a href=\"javascript:void(0)\"  role=\"button\" aria-pressed=\"false\" aria-describedby=\"mfn-content-00000000000041470000000000000000_749714-3\">3<\/a><\/sup><span id=\"mfn-content-00000000000041470000000000000000_749714-3\" role=\"tooltip\" class=\"modern-footnotes-footnote__note\" tabindex=\"0\" data-mfn=\"3\"><a href=\"https:\/\/www.cnmc.es\/expedientes\/infdtsa16217\" target=\"_blank\" rel=\"noopener\">https:\/\/www.cnmc.es\/expedientes\/infdtsa16217<\/a><\/span>.<\/p>\n<p style=\"text-align: justify;\">Las caracter\u00edsticas m\u00e1s destacadas del plan son las siguientes:<\/p>\n<ul style=\"text-align: justify;\">\n<li>El despliegue de redes de banda ancha de al menos 300 Mbps (en ambos sentidos)<\/li>\n<li>El objetivo del proyecto son las unidades diseminadas de poblaci\u00f3n o los extrarradios de los n\u00facleos de Bizkaia \u2013sin limitaci\u00f3n en cuanto al n\u00famero de habitantes-, que han sido consideradas zonas blancas NGA por la SETID y otras zonas singulares del territorio foral.<\/li>\n<li>La cuant\u00eda de la ayuda tendr\u00e1 un importe m\u00e1ximo de 10.000.0000 euros, que se adoptar\u00e1 la forma de subvenci\u00f3n y se conceder\u00e1 mediante un procedimiento de concurrencia competitiva<\/li>\n<li>Las solicitudes de ayuda deber\u00e1n contemplar el despliegue de los servicios de banda ancha ultrarr\u00e1pida en todas las unidades inmobiliarias dentro de la poblaci\u00f3n objeto de la ayuda.<\/li>\n<li>Se incluye la obligaci\u00f3n de disponer de una oferta de acceso del servicio bitstream (acceso indirecto).<\/li>\n<li>Se exige que el operador beneficiario de las ayudas publique, en su p\u00e1gina web, informaci\u00f3n sobre la localizaci\u00f3n y extensi\u00f3n de los despliegues NGA<\/li>\n<\/ul>\n<p style=\"text-align: justify;\">Como en todos los casos precedentes, la CNMC repasa cual es el grado de despliegue de las NGN en el territorio, observ\u00e1ndose que Vizcaya presenta unas ratios de cobertura superiores la media nacional. De hecho, Bizkaia est\u00e1 entre las provincias con m\u00e1s cobertura FTTH de Espa\u00f1a (tercera posici\u00f3n<sup class=\"modern-footnotes-footnote \" data-mfn=\"4\" data-mfn-post-scope=\"00000000000041470000000000000000_749714\"><a href=\"javascript:void(0)\"  role=\"button\" aria-pressed=\"false\" aria-describedby=\"mfn-content-00000000000041470000000000000000_749714-4\">4<\/a><\/sup><span id=\"mfn-content-00000000000041470000000000000000_749714-4\" role=\"tooltip\" class=\"modern-footnotes-footnote__note\" tabindex=\"0\" data-mfn=\"4\"><a href=\"https:\/\/avancedigital.gob.es\/banda-ancha\/cobertura\/Documents\/Cobertura-BA-2019.pdf\" target=\"_blank\" rel=\"noopener\">https:\/\/avancedigital.gob.es\/banda-ancha\/cobertura\/Documents\/Cobertura-BA-2019.pdf<\/a><\/span>):<\/p>\n<p><img decoding=\"async\" class=\"aligncenter wp-image-749718 size-full lazyload\" data-src=\"https:\/\/www.ugtcomunicaciones.es\/wordpress\/wp-content\/uploads\/2021\/02\/Diputacion-3.jpg\" alt=\"\" width=\"642\" height=\"146\" data-srcset=\"https:\/\/www.ugtcomunicaciones.es\/wordpress\/wp-content\/uploads\/2021\/02\/Diputacion-3.jpg 642w, https:\/\/www.ugtcomunicaciones.es\/wordpress\/wp-content\/uploads\/2021\/02\/Diputacion-3-300x68.jpg 300w, https:\/\/www.ugtcomunicaciones.es\/wordpress\/wp-content\/uploads\/2021\/02\/Diputacion-3-640x146.jpg 640w\" data-sizes=\"(max-width: 642px) 100vw, 642px\" src=\"data:image\/svg+xml;base64,PHN2ZyB3aWR0aD0iMSIgaGVpZ2h0PSIxIiB4bWxucz0iaHR0cDovL3d3dy53My5vcmcvMjAwMC9zdmciPjwvc3ZnPg==\" style=\"--smush-placeholder-width: 642px; --smush-placeholder-aspect-ratio: 642\/146;\" \/><\/p>\n<p><img decoding=\"async\" class=\"aligncenter wp-image-749719 size-full lazyload\" data-src=\"https:\/\/www.ugtcomunicaciones.es\/wordpress\/wp-content\/uploads\/2021\/02\/Diputacion-2.jpg\" alt=\"\" width=\"642\" height=\"176\" data-srcset=\"https:\/\/www.ugtcomunicaciones.es\/wordpress\/wp-content\/uploads\/2021\/02\/Diputacion-2.jpg 642w, https:\/\/www.ugtcomunicaciones.es\/wordpress\/wp-content\/uploads\/2021\/02\/Diputacion-2-300x82.jpg 300w, https:\/\/www.ugtcomunicaciones.es\/wordpress\/wp-content\/uploads\/2021\/02\/Diputacion-2-640x176.jpg 640w\" data-sizes=\"(max-width: 642px) 100vw, 642px\" src=\"data:image\/svg+xml;base64,PHN2ZyB3aWR0aD0iMSIgaGVpZ2h0PSIxIiB4bWxucz0iaHR0cDovL3d3dy53My5vcmcvMjAwMC9zdmciPjwvc3ZnPg==\" style=\"--smush-placeholder-width: 642px; --smush-placeholder-aspect-ratio: 642\/176;\" \/><\/p>\n<p style=\"text-align: justify;\">Una vez analizados los pormenores, la CNMC considera que el Decreto Foral \u201c<em>contribuye a alcanzar los objetivos establecidos en las Agendas Digitales Europea, para Espa\u00f1a e incorpora los elementos regulatorios m\u00e1s importantes del art\u00edculo 52 del Reglamento de exenci\u00f3n por categor\u00edas y de las Directrices comunitarias de ayudas a la banda ancha y de la mayor\u00eda de las recomendaciones realizadas por la Sala de Supervisi\u00f3n Regulatoria de la CNMC en sus anteriores informes<\/em>\u201d, aunque realiza algunas recomendaciones menores, al objeto de mejorar el proyecto, en apartados referidos a la oferta NEBA, plazos de provisi\u00f3n y servicios mayorista y minorista.<\/p>\n<h4 style=\"text-align: right;\"><strong><span style=\"color: #ff0000;\">UGT<\/span> Comunicaciones<\/strong><a href=\"#_ftnref1\" name=\"_ftn1\"><\/a><\/h4>\n","protected":false},"excerpt":{"rendered":"<p>Un nuevo ente p\u00fablico se suma a la iniciativa de extender las redes de nueva generaci\u00f3n: la Diputaci\u00f3n Foral de Bizkaia. Tal y como hizo su vecina \u00c1lava, el organismo foral invertir\u00e1 diez millones de euros para llevar las NGN a \u201czonas diseminadas de poblaci\u00f3n del Territorio Hist\u00f3rico de Bizkaia que tienen la consideraci\u00f3n de [&hellip;]<\/p>\n","protected":false},"author":3,"featured_media":749720,"comment_status":"closed","ping_status":"closed","sticky":false,"template":"","format":"standard","meta":{"footnotes":""},"categories":[16,14,12],"tags":[],"class_list":["post-749714","post","type-post","status-publish","format-standard","has-post-thumbnail","hentry","category-internet","category-opinion","category-regulacion"],"yoast_head":"<!-- This site is optimized with the Yoast SEO Premium plugin v27.3 (Yoast SEO v27.4) - https:\/\/yoast.com\/product\/yoast-seo-premium-wordpress\/ -->\n<title>La Diputaci\u00f3n Foral de Bizkaia moviliza 10 m\u20ac para las NGN - UGT Comunicaciones<\/title>\n<meta name=\"robots\" content=\"index, follow, max-snippet:-1, max-image-preview:large, max-video-preview:-1\" \/>\n<link rel=\"canonical\" href=\"https:\/\/www.ugtcomunicaciones.es\/wordpress\/749714-2\/\" \/>\n<meta property=\"og:locale\" content=\"es_ES\" \/>\n<meta property=\"og:type\" content=\"article\" \/>\n<meta property=\"og:title\" content=\"La Diputaci\u00f3n Foral de Bizkaia moviliza 10 m\u20ac para las NGN\" \/>\n<meta property=\"og:description\" content=\"Un nuevo ente p\u00fablico se suma a la iniciativa de extender las redes de nueva generaci\u00f3n: la Diputaci\u00f3n Foral de Bizkaia. Tal y como hizo su vecina \u00c1lava, el organismo foral invertir\u00e1 diez millones de euros para llevar las NGN a \u201czonas diseminadas de poblaci\u00f3n del Territorio Hist\u00f3rico de Bizkaia que tienen la consideraci\u00f3n de [&hellip;]\" \/>\n<meta property=\"og:url\" content=\"https:\/\/www.ugtcomunicaciones.es\/wordpress\/749714-2\/\" \/>\n<meta property=\"og:site_name\" content=\"UGT Comunicaciones\" \/>\n<meta property=\"article:publisher\" content=\"https:\/\/www.facebook.com\/ugt.comunicaciones\/\" \/>\n<meta property=\"article:published_time\" content=\"2021-02-08T06:00:52+00:00\" \/>\n<meta property=\"og:image\" content=\"https:\/\/www.ugtcomunicaciones.es\/wordpress\/wp-content\/uploads\/2021\/02\/Diputacion-1.jpg\" \/>\n\t<meta property=\"og:image:width\" content=\"600\" \/>\n\t<meta property=\"og:image:height\" content=\"338\" \/>\n\t<meta property=\"og:image:type\" content=\"image\/jpeg\" \/>\n<meta name=\"author\" content=\"UGT\" \/>\n<meta name=\"twitter:card\" content=\"summary_large_image\" \/>\n<meta name=\"twitter:creator\" content=\"@ugtcom\" \/>\n<meta name=\"twitter:site\" content=\"@ugtcom\" \/>\n<meta name=\"twitter:label1\" content=\"Escrito por\" \/>\n\t<meta name=\"twitter:data1\" content=\"UGT\" \/>\n\t<meta name=\"twitter:label2\" content=\"Tiempo de lectura\" \/>\n\t<meta name=\"twitter:data2\" content=\"3 minutos\" \/>\n<script type=\"application\/ld+json\" class=\"yoast-schema-graph\">{\"@context\":\"https:\\\/\\\/schema.org\",\"@graph\":[{\"@type\":\"Article\",\"@id\":\"https:\\\/\\\/www.ugtcomunicaciones.es\\\/wordpress\\\/749714-2\\\/#article\",\"isPartOf\":{\"@id\":\"https:\\\/\\\/www.ugtcomunicaciones.es\\\/wordpress\\\/749714-2\\\/\"},\"author\":{\"name\":\"UGT\",\"@id\":\"https:\\\/\\\/www.ugtcomunicaciones.es\\\/wordpress\\\/#\\\/schema\\\/person\\\/eba0fc3fe5b444531d94d4368cba89ed\"},\"headline\":\"La Diputaci\u00f3n Foral de Bizkaia moviliza 10 m\u20ac para las NGN\",\"datePublished\":\"2021-02-08T06:00:52+00:00\",\"mainEntityOfPage\":{\"@id\":\"https:\\\/\\\/www.ugtcomunicaciones.es\\\/wordpress\\\/749714-2\\\/\"},\"wordCount\":522,\"publisher\":{\"@id\":\"https:\\\/\\\/www.ugtcomunicaciones.es\\\/wordpress\\\/#organization\"},\"image\":{\"@id\":\"https:\\\/\\\/www.ugtcomunicaciones.es\\\/wordpress\\\/749714-2\\\/#primaryimage\"},\"thumbnailUrl\":\"https:\\\/\\\/www.ugtcomunicaciones.es\\\/wordpress\\\/wp-content\\\/uploads\\\/2021\\\/02\\\/Diputacion-1.jpg\",\"articleSection\":[\"Internet\",\"Opini\u00f3n\",\"Regulaci\u00f3n\"],\"inLanguage\":\"es\"},{\"@type\":\"WebPage\",\"@id\":\"https:\\\/\\\/www.ugtcomunicaciones.es\\\/wordpress\\\/749714-2\\\/\",\"url\":\"https:\\\/\\\/www.ugtcomunicaciones.es\\\/wordpress\\\/749714-2\\\/\",\"name\":\"La Diputaci\u00f3n Foral de Bizkaia moviliza 10 m\u20ac para las NGN - UGT Comunicaciones\",\"isPartOf\":{\"@id\":\"https:\\\/\\\/www.ugtcomunicaciones.es\\\/wordpress\\\/#website\"},\"primaryImageOfPage\":{\"@id\":\"https:\\\/\\\/www.ugtcomunicaciones.es\\\/wordpress\\\/749714-2\\\/#primaryimage\"},\"image\":{\"@id\":\"https:\\\/\\\/www.ugtcomunicaciones.es\\\/wordpress\\\/749714-2\\\/#primaryimage\"},\"thumbnailUrl\":\"https:\\\/\\\/www.ugtcomunicaciones.es\\\/wordpress\\\/wp-content\\\/uploads\\\/2021\\\/02\\\/Diputacion-1.jpg\",\"datePublished\":\"2021-02-08T06:00:52+00:00\",\"breadcrumb\":{\"@id\":\"https:\\\/\\\/www.ugtcomunicaciones.es\\\/wordpress\\\/749714-2\\\/#breadcrumb\"},\"inLanguage\":\"es\",\"potentialAction\":[{\"@type\":\"ReadAction\",\"target\":[\"https:\\\/\\\/www.ugtcomunicaciones.es\\\/wordpress\\\/749714-2\\\/\"]}]},{\"@type\":\"ImageObject\",\"inLanguage\":\"es\",\"@id\":\"https:\\\/\\\/www.ugtcomunicaciones.es\\\/wordpress\\\/749714-2\\\/#primaryimage\",\"url\":\"https:\\\/\\\/www.ugtcomunicaciones.es\\\/wordpress\\\/wp-content\\\/uploads\\\/2021\\\/02\\\/Diputacion-1.jpg\",\"contentUrl\":\"https:\\\/\\\/www.ugtcomunicaciones.es\\\/wordpress\\\/wp-content\\\/uploads\\\/2021\\\/02\\\/Diputacion-1.jpg\",\"width\":600,\"height\":338},{\"@type\":\"BreadcrumbList\",\"@id\":\"https:\\\/\\\/www.ugtcomunicaciones.es\\\/wordpress\\\/749714-2\\\/#breadcrumb\",\"itemListElement\":[{\"@type\":\"ListItem\",\"position\":1,\"name\":\"Portada\",\"item\":\"https:\\\/\\\/www.ugtcomunicaciones.es\\\/wordpress\\\/\"},{\"@type\":\"ListItem\",\"position\":2,\"name\":\"La Diputaci\u00f3n Foral de Bizkaia moviliza 10 m\u20ac para las NGN\"}]},{\"@type\":\"WebSite\",\"@id\":\"https:\\\/\\\/www.ugtcomunicaciones.es\\\/wordpress\\\/#website\",\"url\":\"https:\\\/\\\/www.ugtcomunicaciones.es\\\/wordpress\\\/\",\"name\":\"UGT Comunicaciones\",\"description\":\"Sindicato de Telecomunicaciones\",\"publisher\":{\"@id\":\"https:\\\/\\\/www.ugtcomunicaciones.es\\\/wordpress\\\/#organization\"},\"potentialAction\":[{\"@type\":\"SearchAction\",\"target\":{\"@type\":\"EntryPoint\",\"urlTemplate\":\"https:\\\/\\\/www.ugtcomunicaciones.es\\\/wordpress\\\/?s={search_term_string}\"},\"query-input\":{\"@type\":\"PropertyValueSpecification\",\"valueRequired\":true,\"valueName\":\"search_term_string\"}}],\"inLanguage\":\"es\"},{\"@type\":\"Organization\",\"@id\":\"https:\\\/\\\/www.ugtcomunicaciones.es\\\/wordpress\\\/#organization\",\"name\":\"UGT Comunicaciones\",\"url\":\"https:\\\/\\\/www.ugtcomunicaciones.es\\\/wordpress\\\/\",\"logo\":{\"@type\":\"ImageObject\",\"inLanguage\":\"es\",\"@id\":\"https:\\\/\\\/www.ugtcomunicaciones.es\\\/wordpress\\\/#\\\/schema\\\/logo\\\/image\\\/\",\"url\":\"https:\\\/\\\/www.ugtcomunicaciones.es\\\/wordpress\\\/wp-content\\\/uploads\\\/2024\\\/04\\\/comunicaciones_logo.png\",\"contentUrl\":\"https:\\\/\\\/www.ugtcomunicaciones.es\\\/wordpress\\\/wp-content\\\/uploads\\\/2024\\\/04\\\/comunicaciones_logo.png\",\"width\":298,\"height\":81,\"caption\":\"UGT Comunicaciones\"},\"image\":{\"@id\":\"https:\\\/\\\/www.ugtcomunicaciones.es\\\/wordpress\\\/#\\\/schema\\\/logo\\\/image\\\/\"},\"sameAs\":[\"https:\\\/\\\/www.facebook.com\\\/ugt.comunicaciones\\\/\",\"https:\\\/\\\/x.com\\\/ugtcom\"]},{\"@type\":\"Person\",\"@id\":\"https:\\\/\\\/www.ugtcomunicaciones.es\\\/wordpress\\\/#\\\/schema\\\/person\\\/eba0fc3fe5b444531d94d4368cba89ed\",\"name\":\"UGT\",\"image\":{\"@type\":\"ImageObject\",\"inLanguage\":\"es\",\"@id\":\"https:\\\/\\\/secure.gravatar.com\\\/avatar\\\/2a16057d620a4c646bcfc171c4f23030879ebbdd346f0525bd5d4a564e57e13d?s=96&d=mm&r=g\",\"url\":\"https:\\\/\\\/secure.gravatar.com\\\/avatar\\\/2a16057d620a4c646bcfc171c4f23030879ebbdd346f0525bd5d4a564e57e13d?s=96&d=mm&r=g\",\"contentUrl\":\"https:\\\/\\\/secure.gravatar.com\\\/avatar\\\/2a16057d620a4c646bcfc171c4f23030879ebbdd346f0525bd5d4a564e57e13d?s=96&d=mm&r=g\",\"caption\":\"UGT\"}}]}<\/script>\n<!-- \/ Yoast SEO Premium plugin. -->","yoast_head_json":{"title":"La Diputaci\u00f3n Foral de Bizkaia moviliza 10 m\u20ac para las NGN - UGT Comunicaciones","robots":{"index":"index","follow":"follow","max-snippet":"max-snippet:-1","max-image-preview":"max-image-preview:large","max-video-preview":"max-video-preview:-1"},"canonical":"https:\/\/www.ugtcomunicaciones.es\/wordpress\/749714-2\/","og_locale":"es_ES","og_type":"article","og_title":"La Diputaci\u00f3n Foral de Bizkaia moviliza 10 m\u20ac para las NGN","og_description":"Un nuevo ente p\u00fablico se suma a la iniciativa de extender las redes de nueva generaci\u00f3n: la Diputaci\u00f3n Foral de Bizkaia. Tal y como hizo su vecina \u00c1lava, el organismo foral invertir\u00e1 diez millones de euros para llevar las NGN a \u201czonas diseminadas de poblaci\u00f3n del Territorio Hist\u00f3rico de Bizkaia que tienen la consideraci\u00f3n de [&hellip;]","og_url":"https:\/\/www.ugtcomunicaciones.es\/wordpress\/749714-2\/","og_site_name":"UGT Comunicaciones","article_publisher":"https:\/\/www.facebook.com\/ugt.comunicaciones\/","article_published_time":"2021-02-08T06:00:52+00:00","og_image":[{"width":600,"height":338,"url":"https:\/\/www.ugtcomunicaciones.es\/wordpress\/wp-content\/uploads\/2021\/02\/Diputacion-1.jpg","type":"image\/jpeg"}],"author":"UGT","twitter_card":"summary_large_image","twitter_creator":"@ugtcom","twitter_site":"@ugtcom","twitter_misc":{"Escrito por":"UGT","Tiempo de lectura":"3 minutos"},"schema":{"@context":"https:\/\/schema.org","@graph":[{"@type":"Article","@id":"https:\/\/www.ugtcomunicaciones.es\/wordpress\/749714-2\/#article","isPartOf":{"@id":"https:\/\/www.ugtcomunicaciones.es\/wordpress\/749714-2\/"},"author":{"name":"UGT","@id":"https:\/\/www.ugtcomunicaciones.es\/wordpress\/#\/schema\/person\/eba0fc3fe5b444531d94d4368cba89ed"},"headline":"La Diputaci\u00f3n Foral de Bizkaia moviliza 10 m\u20ac para las NGN","datePublished":"2021-02-08T06:00:52+00:00","mainEntityOfPage":{"@id":"https:\/\/www.ugtcomunicaciones.es\/wordpress\/749714-2\/"},"wordCount":522,"publisher":{"@id":"https:\/\/www.ugtcomunicaciones.es\/wordpress\/#organization"},"image":{"@id":"https:\/\/www.ugtcomunicaciones.es\/wordpress\/749714-2\/#primaryimage"},"thumbnailUrl":"https:\/\/www.ugtcomunicaciones.es\/wordpress\/wp-content\/uploads\/2021\/02\/Diputacion-1.jpg","articleSection":["Internet","Opini\u00f3n","Regulaci\u00f3n"],"inLanguage":"es"},{"@type":"WebPage","@id":"https:\/\/www.ugtcomunicaciones.es\/wordpress\/749714-2\/","url":"https:\/\/www.ugtcomunicaciones.es\/wordpress\/749714-2\/","name":"La Diputaci\u00f3n Foral de Bizkaia moviliza 10 m\u20ac para las NGN - UGT Comunicaciones","isPartOf":{"@id":"https:\/\/www.ugtcomunicaciones.es\/wordpress\/#website"},"primaryImageOfPage":{"@id":"https:\/\/www.ugtcomunicaciones.es\/wordpress\/749714-2\/#primaryimage"},"image":{"@id":"https:\/\/www.ugtcomunicaciones.es\/wordpress\/749714-2\/#primaryimage"},"thumbnailUrl":"https:\/\/www.ugtcomunicaciones.es\/wordpress\/wp-content\/uploads\/2021\/02\/Diputacion-1.jpg","datePublished":"2021-02-08T06:00:52+00:00","breadcrumb":{"@id":"https:\/\/www.ugtcomunicaciones.es\/wordpress\/749714-2\/#breadcrumb"},"inLanguage":"es","potentialAction":[{"@type":"ReadAction","target":["https:\/\/www.ugtcomunicaciones.es\/wordpress\/749714-2\/"]}]},{"@type":"ImageObject","inLanguage":"es","@id":"https:\/\/www.ugtcomunicaciones.es\/wordpress\/749714-2\/#primaryimage","url":"https:\/\/www.ugtcomunicaciones.es\/wordpress\/wp-content\/uploads\/2021\/02\/Diputacion-1.jpg","contentUrl":"https:\/\/www.ugtcomunicaciones.es\/wordpress\/wp-content\/uploads\/2021\/02\/Diputacion-1.jpg","width":600,"height":338},{"@type":"BreadcrumbList","@id":"https:\/\/www.ugtcomunicaciones.es\/wordpress\/749714-2\/#breadcrumb","itemListElement":[{"@type":"ListItem","position":1,"name":"Portada","item":"https:\/\/www.ugtcomunicaciones.es\/wordpress\/"},{"@type":"ListItem","position":2,"name":"La Diputaci\u00f3n Foral de Bizkaia moviliza 10 m\u20ac para las NGN"}]},{"@type":"WebSite","@id":"https:\/\/www.ugtcomunicaciones.es\/wordpress\/#website","url":"https:\/\/www.ugtcomunicaciones.es\/wordpress\/","name":"UGT Comunicaciones","description":"Sindicato de Telecomunicaciones","publisher":{"@id":"https:\/\/www.ugtcomunicaciones.es\/wordpress\/#organization"},"potentialAction":[{"@type":"SearchAction","target":{"@type":"EntryPoint","urlTemplate":"https:\/\/www.ugtcomunicaciones.es\/wordpress\/?s={search_term_string}"},"query-input":{"@type":"PropertyValueSpecification","valueRequired":true,"valueName":"search_term_string"}}],"inLanguage":"es"},{"@type":"Organization","@id":"https:\/\/www.ugtcomunicaciones.es\/wordpress\/#organization","name":"UGT Comunicaciones","url":"https:\/\/www.ugtcomunicaciones.es\/wordpress\/","logo":{"@type":"ImageObject","inLanguage":"es","@id":"https:\/\/www.ugtcomunicaciones.es\/wordpress\/#\/schema\/logo\/image\/","url":"https:\/\/www.ugtcomunicaciones.es\/wordpress\/wp-content\/uploads\/2024\/04\/comunicaciones_logo.png","contentUrl":"https:\/\/www.ugtcomunicaciones.es\/wordpress\/wp-content\/uploads\/2024\/04\/comunicaciones_logo.png","width":298,"height":81,"caption":"UGT Comunicaciones"},"image":{"@id":"https:\/\/www.ugtcomunicaciones.es\/wordpress\/#\/schema\/logo\/image\/"},"sameAs":["https:\/\/www.facebook.com\/ugt.comunicaciones\/","https:\/\/x.com\/ugtcom"]},{"@type":"Person","@id":"https:\/\/www.ugtcomunicaciones.es\/wordpress\/#\/schema\/person\/eba0fc3fe5b444531d94d4368cba89ed","name":"UGT","image":{"@type":"ImageObject","inLanguage":"es","@id":"https:\/\/secure.gravatar.com\/avatar\/2a16057d620a4c646bcfc171c4f23030879ebbdd346f0525bd5d4a564e57e13d?s=96&d=mm&r=g","url":"https:\/\/secure.gravatar.com\/avatar\/2a16057d620a4c646bcfc171c4f23030879ebbdd346f0525bd5d4a564e57e13d?s=96&d=mm&r=g","contentUrl":"https:\/\/secure.gravatar.com\/avatar\/2a16057d620a4c646bcfc171c4f23030879ebbdd346f0525bd5d4a564e57e13d?s=96&d=mm&r=g","caption":"UGT"}}]}},"_links":{"self":[{"href":"https:\/\/www.ugtcomunicaciones.es\/wordpress\/wp-json\/wp\/v2\/posts\/749714","targetHints":{"allow":["GET"]}}],"collection":[{"href":"https:\/\/www.ugtcomunicaciones.es\/wordpress\/wp-json\/wp\/v2\/posts"}],"about":[{"href":"https:\/\/www.ugtcomunicaciones.es\/wordpress\/wp-json\/wp\/v2\/types\/post"}],"author":[{"embeddable":true,"href":"https:\/\/www.ugtcomunicaciones.es\/wordpress\/wp-json\/wp\/v2\/users\/3"}],"replies":[{"embeddable":true,"href":"https:\/\/www.ugtcomunicaciones.es\/wordpress\/wp-json\/wp\/v2\/comments?post=749714"}],"version-history":[{"count":0,"href":"https:\/\/www.ugtcomunicaciones.es\/wordpress\/wp-json\/wp\/v2\/posts\/749714\/revisions"}],"wp:featuredmedia":[{"embeddable":true,"href":"https:\/\/www.ugtcomunicaciones.es\/wordpress\/wp-json\/wp\/v2\/media\/749720"}],"wp:attachment":[{"href":"https:\/\/www.ugtcomunicaciones.es\/wordpress\/wp-json\/wp\/v2\/media?parent=749714"}],"wp:term":[{"taxonomy":"category","embeddable":true,"href":"https:\/\/www.ugtcomunicaciones.es\/wordpress\/wp-json\/wp\/v2\/categories?post=749714"},{"taxonomy":"post_tag","embeddable":true,"href":"https:\/\/www.ugtcomunicaciones.es\/wordpress\/wp-json\/wp\/v2\/tags?post=749714"}],"curies":[{"name":"wp","href":"https:\/\/api.w.org\/{rel}","templated":true}]}}