{"id":751149,"date":"2021-01-28T16:37:38","date_gmt":"2021-01-28T15:37:38","guid":{"rendered":"https:\/\/www.ugtcomunicaciones.es\/wordpress\/?p=751149"},"modified":"2021-01-28T16:37:38","modified_gmt":"2021-01-28T15:37:38","slug":"aprobada-la-revision-del-procedimiento-operativo-de-prevencion-de-trabajos-en-altura","status":"publish","type":"post","link":"https:\/\/www.ugtcomunicaciones.es\/wordpress\/aprobada-la-revision-del-procedimiento-operativo-de-prevencion-de-trabajos-en-altura\/","title":{"rendered":"Aprobada la Revisi\u00f3n del Procedimiento Operativo de Prevenci\u00f3n de Trabajos en Altura"},"content":{"rendered":"<p style=\"text-align: justify; line-height: 150%; margin: 0cm 0cm 6.0pt 0cm;\"><span style=\"font-family: 'Arial',sans-serif;\">Para <b><span style=\"color: red;\">UGT <\/span><\/b>la prestaci\u00f3n laboral debe estar revestida siempre de las m\u00e1ximas medidas de seguridad y protecci\u00f3n mediante los oportunos mecanismos de protecci\u00f3n y de sistemas de prevenci\u00f3n, que deben estar en perpetua revisi\u00f3n y actualizaci\u00f3n en defensa de la salud f\u00edsica y ps\u00edquica de las personas trabajadoras.<\/span><\/p>\n<p style=\"text-align: justify; line-height: 150%; margin: 0cm 0cm 6.0pt 0cm;\"><span style=\"font-family: 'Arial',sans-serif;\">Se trata por tanto de <b>una labor constante y permanente que ata\u00f1e a todos<\/b>, pero que obliga principalmente a la empresa, que debe establecer mejoras en las medidas ya existentes, implantando nuevas y adoptando medidas correctoras en materia de seguridad y salud.<\/span><\/p>\n<p style=\"text-align: justify; line-height: 150%; margin: 0cm 0cm 6.0pt 0cm;\"><span style=\"font-family: 'Arial',sans-serif;\">En este sentido, durante la negociaci\u00f3n del II CEV, <b><span style=\"color: red;\">UGT <\/span>consigui\u00f3 el compromiso de la empresa de valorar y estudiar las alternativas que existen para los trabajos en altura <\/b>por el riesgo y siniestrabilidad que revisten.<\/span><\/p>\n<p style=\"text-align: justify; line-height: 150%; margin: 0cm 0cm 6.0pt 0cm;\"><span style=\"font-family: 'Arial',sans-serif;\">Entre las mejoras que contempla el documento revisado, <b>se proh\u00edbe taxativamente el uso de escaleras met\u00e1licas y de escaleras extensibles de madera <\/b>en dichos trabajos en altura.<\/span><\/p>\n<p style=\"text-align: justify; line-height: 150%; margin: 0cm 0cm 6.0pt 0cm;\"><span style=\"font-family: 'Arial',sans-serif; color: black;\">Establece la <b>obligatoriedad de la cumplimentaci\u00f3n del parte de seguridad que corresponda<\/b>, <b>previo a la realizaci\u00f3n de cualquier trabajo<\/b>, ya sea el parte de seguridad para trabajos en postes, el de seguridad para trabajos en altura en fachada, el de seguridad para trabajos en espacios confinados o el parte gen\u00e9rico para los trabajos incluido en el procedimiento de recurso preventivo.<\/span><\/p>\n<p style=\"text-align: justify; line-height: 150%; margin: 0cm 0cm 6.0pt 0cm;\"><span style=\"font-family: 'Arial',sans-serif; color: black;\">De forma obligatoria<b> deber\u00e1 cumplimentarse el parte de seguridad de subida a poste y espacios confinados, utilizando la herramienta Planex Movilidad<\/b>. <\/span><\/p>\n<p style=\"text-align: justify; line-height: 150%; margin: 0cm 0cm 6.0pt 0cm;\"><span style=\"font-family: 'Arial',sans-serif;\">Como avance importante, <b>se prioriza el uso de la Plataforma Elevadora M\u00f3vil de Personal (PEMP)<\/b>, cuando las caracter\u00edsticas de los emplazamientos lo permitan y se d\u00e9 una o varias de las condiciones siguientes: <b>Trabajos que requieran subida y bajada en altura muy continuada en distintos puntos muy pr\u00f3ximos entre<\/b> <b>s\u00ed<\/b>, en <b>trabajos especialmente peligrosos en altura<\/b> superior a 6 metros o <b>trabajos que impliquen larga duraci\u00f3n<\/b>.<\/span><\/p>\n<p style=\"text-align: justify; line-height: 150%; margin: 0cm 0cm 6.0pt 0cm;\"><span style=\"font-family: 'Arial',sans-serif;\">Los accidentes en trabajos en altura presentan una mayor gravedad en el diagn\u00f3stico por lo que, para <b><span style=\"color: red;\">UGT<\/span><span style=\"color: #c00000;\">, <\/span>el cumplimiento estricto de los procedimientos de trabajo seguro es una garant\u00eda<\/b> a la hora de evitar la accidentabilidad.<\/span><\/p>\n<p style=\"text-align: justify; line-height: 150%; margin: 0cm 0cm 6.0pt 0cm;\"><span style=\"font-family: 'Arial',sans-serif;\">Esta reedici\u00f3n, especialmente demandada por <b><span style=\"color: red;\">UGT<\/span><\/b>, supone <b>un gran avance en la mejora de las condiciones de trabajo seguro<\/b> tanto de personal propio como de las personas trabajadoras de empresas colaboradoras. <\/span><\/p>\n","protected":false},"excerpt":{"rendered":"<p>Para UGT la prestaci\u00f3n laboral debe estar revestida siempre de las m\u00e1ximas medidas de seguridad y protecci\u00f3n mediante los oportunos mecanismos de protecci\u00f3n y de sistemas de prevenci\u00f3n, que deben estar en perpetua revisi\u00f3n y actualizaci\u00f3n en defensa de la salud f\u00edsica y ps\u00edquica de las personas trabajadoras. Se trata por tanto de una labor [&hellip;]<\/p>\n","protected":false},"author":3,"featured_media":751150,"comment_status":"closed","ping_status":"closed","sticky":false,"template":"","format":"standard","meta":{"footnotes":""},"categories":[8,25,7,26],"tags":[],"class_list":["post-751149","post","type-post","status-publish","format-standard","has-post-thumbnail","hentry","category-telefonica-cev","category-telefonica","category-telefonica-moviles","category-telefonica-soluciones"],"yoast_head":"<!-- This site is optimized with the Yoast SEO Premium plugin v27.3 (Yoast SEO v27.4) - https:\/\/yoast.com\/product\/yoast-seo-premium-wordpress\/ -->\n<title>Aprobada la Revisi\u00f3n del Procedimiento Operativo de Prevenci\u00f3n de Trabajos en Altura - UGT Comunicaciones<\/title>\n<meta name=\"description\" content=\"Para UGT la prestaci\u00f3n laboral debe estar revestida siempre de las m\u00e1ximas medidas de seguridad y protecci\u00f3n mediante los oportunos...\" \/>\n<meta name=\"robots\" content=\"index, follow, max-snippet:-1, max-image-preview:large, max-video-preview:-1\" \/>\n<link rel=\"canonical\" href=\"https:\/\/www.ugtcomunicaciones.es\/wordpress\/aprobada-la-revision-del-procedimiento-operativo-de-prevencion-de-trabajos-en-altura\/\" \/>\n<meta property=\"og:locale\" content=\"es_ES\" \/>\n<meta property=\"og:type\" content=\"article\" \/>\n<meta property=\"og:title\" content=\"Aprobada la Revisi\u00f3n del Procedimiento Operativo de Prevenci\u00f3n de Trabajos en Altura\" \/>\n<meta property=\"og:description\" content=\"Para UGT la prestaci\u00f3n laboral debe estar revestida siempre de las m\u00e1ximas medidas de seguridad y protecci\u00f3n mediante los oportunos...\" \/>\n<meta property=\"og:url\" content=\"https:\/\/www.ugtcomunicaciones.es\/wordpress\/aprobada-la-revision-del-procedimiento-operativo-de-prevencion-de-trabajos-en-altura\/\" \/>\n<meta property=\"og:site_name\" content=\"UGT Comunicaciones\" \/>\n<meta property=\"article:publisher\" content=\"https:\/\/www.facebook.com\/ugt.comunicaciones\/\" \/>\n<meta property=\"article:published_time\" content=\"2021-01-28T15:37:38+00:00\" \/>\n<meta property=\"og:image\" content=\"https:\/\/www.ugtcomunicaciones.es\/wordpress\/wp-content\/uploads\/2021\/01\/trabajos-en-altura.jpg\" \/>\n\t<meta property=\"og:image:width\" content=\"600\" \/>\n\t<meta property=\"og:image:height\" content=\"389\" \/>\n\t<meta property=\"og:image:type\" content=\"image\/jpeg\" \/>\n<meta name=\"author\" content=\"UGT\" \/>\n<meta name=\"twitter:card\" content=\"summary_large_image\" \/>\n<meta name=\"twitter:creator\" content=\"@ugtcom\" \/>\n<meta name=\"twitter:site\" content=\"@ugtcom\" \/>\n<meta name=\"twitter:label1\" content=\"Escrito por\" \/>\n\t<meta name=\"twitter:data1\" content=\"UGT\" \/>\n\t<meta name=\"twitter:label2\" content=\"Tiempo de lectura\" \/>\n\t<meta name=\"twitter:data2\" content=\"2 minutos\" \/>\n<script type=\"application\/ld+json\" class=\"yoast-schema-graph\">{\"@context\":\"https:\\\/\\\/schema.org\",\"@graph\":[{\"@type\":\"Article\",\"@id\":\"https:\\\/\\\/www.ugtcomunicaciones.es\\\/wordpress\\\/aprobada-la-revision-del-procedimiento-operativo-de-prevencion-de-trabajos-en-altura\\\/#article\",\"isPartOf\":{\"@id\":\"https:\\\/\\\/www.ugtcomunicaciones.es\\\/wordpress\\\/aprobada-la-revision-del-procedimiento-operativo-de-prevencion-de-trabajos-en-altura\\\/\"},\"author\":{\"name\":\"UGT\",\"@id\":\"https:\\\/\\\/www.ugtcomunicaciones.es\\\/wordpress\\\/#\\\/schema\\\/person\\\/eba0fc3fe5b444531d94d4368cba89ed\"},\"headline\":\"Aprobada la Revisi\u00f3n del Procedimiento Operativo de Prevenci\u00f3n de Trabajos en Altura\",\"datePublished\":\"2021-01-28T15:37:38+00:00\",\"mainEntityOfPage\":{\"@id\":\"https:\\\/\\\/www.ugtcomunicaciones.es\\\/wordpress\\\/aprobada-la-revision-del-procedimiento-operativo-de-prevencion-de-trabajos-en-altura\\\/\"},\"wordCount\":404,\"publisher\":{\"@id\":\"https:\\\/\\\/www.ugtcomunicaciones.es\\\/wordpress\\\/#organization\"},\"image\":{\"@id\":\"https:\\\/\\\/www.ugtcomunicaciones.es\\\/wordpress\\\/aprobada-la-revision-del-procedimiento-operativo-de-prevencion-de-trabajos-en-altura\\\/#primaryimage\"},\"thumbnailUrl\":\"https:\\\/\\\/www.ugtcomunicaciones.es\\\/wordpress\\\/wp-content\\\/uploads\\\/2021\\\/01\\\/trabajos-en-altura.jpg\",\"articleSection\":[\"Telef\u00f3nica CEV\",\"Telef\u00f3nica de Espa\u00f1a\",\"Telef\u00f3nica M\u00f3viles\",\"Telef\u00f3nica Soluciones\"],\"inLanguage\":\"es\"},{\"@type\":\"WebPage\",\"@id\":\"https:\\\/\\\/www.ugtcomunicaciones.es\\\/wordpress\\\/aprobada-la-revision-del-procedimiento-operativo-de-prevencion-de-trabajos-en-altura\\\/\",\"url\":\"https:\\\/\\\/www.ugtcomunicaciones.es\\\/wordpress\\\/aprobada-la-revision-del-procedimiento-operativo-de-prevencion-de-trabajos-en-altura\\\/\",\"name\":\"Aprobada la Revisi\u00f3n del Procedimiento Operativo de Prevenci\u00f3n de Trabajos en Altura - UGT Comunicaciones\",\"isPartOf\":{\"@id\":\"https:\\\/\\\/www.ugtcomunicaciones.es\\\/wordpress\\\/#website\"},\"primaryImageOfPage\":{\"@id\":\"https:\\\/\\\/www.ugtcomunicaciones.es\\\/wordpress\\\/aprobada-la-revision-del-procedimiento-operativo-de-prevencion-de-trabajos-en-altura\\\/#primaryimage\"},\"image\":{\"@id\":\"https:\\\/\\\/www.ugtcomunicaciones.es\\\/wordpress\\\/aprobada-la-revision-del-procedimiento-operativo-de-prevencion-de-trabajos-en-altura\\\/#primaryimage\"},\"thumbnailUrl\":\"https:\\\/\\\/www.ugtcomunicaciones.es\\\/wordpress\\\/wp-content\\\/uploads\\\/2021\\\/01\\\/trabajos-en-altura.jpg\",\"datePublished\":\"2021-01-28T15:37:38+00:00\",\"description\":\"Para UGT la prestaci\u00f3n laboral debe estar revestida siempre de las m\u00e1ximas medidas de seguridad y protecci\u00f3n mediante los oportunos...\",\"breadcrumb\":{\"@id\":\"https:\\\/\\\/www.ugtcomunicaciones.es\\\/wordpress\\\/aprobada-la-revision-del-procedimiento-operativo-de-prevencion-de-trabajos-en-altura\\\/#breadcrumb\"},\"inLanguage\":\"es\",\"potentialAction\":[{\"@type\":\"ReadAction\",\"target\":[\"https:\\\/\\\/www.ugtcomunicaciones.es\\\/wordpress\\\/aprobada-la-revision-del-procedimiento-operativo-de-prevencion-de-trabajos-en-altura\\\/\"]}]},{\"@type\":\"ImageObject\",\"inLanguage\":\"es\",\"@id\":\"https:\\\/\\\/www.ugtcomunicaciones.es\\\/wordpress\\\/aprobada-la-revision-del-procedimiento-operativo-de-prevencion-de-trabajos-en-altura\\\/#primaryimage\",\"url\":\"https:\\\/\\\/www.ugtcomunicaciones.es\\\/wordpress\\\/wp-content\\\/uploads\\\/2021\\\/01\\\/trabajos-en-altura.jpg\",\"contentUrl\":\"https:\\\/\\\/www.ugtcomunicaciones.es\\\/wordpress\\\/wp-content\\\/uploads\\\/2021\\\/01\\\/trabajos-en-altura.jpg\",\"width\":600,\"height\":389,\"caption\":\"trabajos-en-altura\"},{\"@type\":\"BreadcrumbList\",\"@id\":\"https:\\\/\\\/www.ugtcomunicaciones.es\\\/wordpress\\\/aprobada-la-revision-del-procedimiento-operativo-de-prevencion-de-trabajos-en-altura\\\/#breadcrumb\",\"itemListElement\":[{\"@type\":\"ListItem\",\"position\":1,\"name\":\"Portada\",\"item\":\"https:\\\/\\\/www.ugtcomunicaciones.es\\\/wordpress\\\/\"},{\"@type\":\"ListItem\",\"position\":2,\"name\":\"Aprobada la Revisi\u00f3n del Procedimiento Operativo de Prevenci\u00f3n de Trabajos en Altura\"}]},{\"@type\":\"WebSite\",\"@id\":\"https:\\\/\\\/www.ugtcomunicaciones.es\\\/wordpress\\\/#website\",\"url\":\"https:\\\/\\\/www.ugtcomunicaciones.es\\\/wordpress\\\/\",\"name\":\"UGT Comunicaciones\",\"description\":\"Sindicato de Telecomunicaciones\",\"publisher\":{\"@id\":\"https:\\\/\\\/www.ugtcomunicaciones.es\\\/wordpress\\\/#organization\"},\"potentialAction\":[{\"@type\":\"SearchAction\",\"target\":{\"@type\":\"EntryPoint\",\"urlTemplate\":\"https:\\\/\\\/www.ugtcomunicaciones.es\\\/wordpress\\\/?s={search_term_string}\"},\"query-input\":{\"@type\":\"PropertyValueSpecification\",\"valueRequired\":true,\"valueName\":\"search_term_string\"}}],\"inLanguage\":\"es\"},{\"@type\":\"Organization\",\"@id\":\"https:\\\/\\\/www.ugtcomunicaciones.es\\\/wordpress\\\/#organization\",\"name\":\"UGT Comunicaciones\",\"url\":\"https:\\\/\\\/www.ugtcomunicaciones.es\\\/wordpress\\\/\",\"logo\":{\"@type\":\"ImageObject\",\"inLanguage\":\"es\",\"@id\":\"https:\\\/\\\/www.ugtcomunicaciones.es\\\/wordpress\\\/#\\\/schema\\\/logo\\\/image\\\/\",\"url\":\"https:\\\/\\\/www.ugtcomunicaciones.es\\\/wordpress\\\/wp-content\\\/uploads\\\/2024\\\/04\\\/comunicaciones_logo.png\",\"contentUrl\":\"https:\\\/\\\/www.ugtcomunicaciones.es\\\/wordpress\\\/wp-content\\\/uploads\\\/2024\\\/04\\\/comunicaciones_logo.png\",\"width\":298,\"height\":81,\"caption\":\"UGT Comunicaciones\"},\"image\":{\"@id\":\"https:\\\/\\\/www.ugtcomunicaciones.es\\\/wordpress\\\/#\\\/schema\\\/logo\\\/image\\\/\"},\"sameAs\":[\"https:\\\/\\\/www.facebook.com\\\/ugt.comunicaciones\\\/\",\"https:\\\/\\\/x.com\\\/ugtcom\"]},{\"@type\":\"Person\",\"@id\":\"https:\\\/\\\/www.ugtcomunicaciones.es\\\/wordpress\\\/#\\\/schema\\\/person\\\/eba0fc3fe5b444531d94d4368cba89ed\",\"name\":\"UGT\",\"image\":{\"@type\":\"ImageObject\",\"inLanguage\":\"es\",\"@id\":\"https:\\\/\\\/secure.gravatar.com\\\/avatar\\\/2a16057d620a4c646bcfc171c4f23030879ebbdd346f0525bd5d4a564e57e13d?s=96&d=mm&r=g\",\"url\":\"https:\\\/\\\/secure.gravatar.com\\\/avatar\\\/2a16057d620a4c646bcfc171c4f23030879ebbdd346f0525bd5d4a564e57e13d?s=96&d=mm&r=g\",\"contentUrl\":\"https:\\\/\\\/secure.gravatar.com\\\/avatar\\\/2a16057d620a4c646bcfc171c4f23030879ebbdd346f0525bd5d4a564e57e13d?s=96&d=mm&r=g\",\"caption\":\"UGT\"}}]}<\/script>\n<!-- \/ Yoast SEO Premium plugin. -->","yoast_head_json":{"title":"Aprobada la Revisi\u00f3n del Procedimiento Operativo de Prevenci\u00f3n de Trabajos en Altura - UGT Comunicaciones","description":"Para UGT la prestaci\u00f3n laboral debe estar revestida siempre de las m\u00e1ximas medidas de seguridad y protecci\u00f3n mediante los oportunos...","robots":{"index":"index","follow":"follow","max-snippet":"max-snippet:-1","max-image-preview":"max-image-preview:large","max-video-preview":"max-video-preview:-1"},"canonical":"https:\/\/www.ugtcomunicaciones.es\/wordpress\/aprobada-la-revision-del-procedimiento-operativo-de-prevencion-de-trabajos-en-altura\/","og_locale":"es_ES","og_type":"article","og_title":"Aprobada la Revisi\u00f3n del Procedimiento Operativo de Prevenci\u00f3n de Trabajos en Altura","og_description":"Para UGT la prestaci\u00f3n laboral debe estar revestida siempre de las m\u00e1ximas medidas de seguridad y protecci\u00f3n mediante los oportunos...","og_url":"https:\/\/www.ugtcomunicaciones.es\/wordpress\/aprobada-la-revision-del-procedimiento-operativo-de-prevencion-de-trabajos-en-altura\/","og_site_name":"UGT Comunicaciones","article_publisher":"https:\/\/www.facebook.com\/ugt.comunicaciones\/","article_published_time":"2021-01-28T15:37:38+00:00","og_image":[{"width":600,"height":389,"url":"https:\/\/www.ugtcomunicaciones.es\/wordpress\/wp-content\/uploads\/2021\/01\/trabajos-en-altura.jpg","type":"image\/jpeg"}],"author":"UGT","twitter_card":"summary_large_image","twitter_creator":"@ugtcom","twitter_site":"@ugtcom","twitter_misc":{"Escrito por":"UGT","Tiempo de lectura":"2 minutos"},"schema":{"@context":"https:\/\/schema.org","@graph":[{"@type":"Article","@id":"https:\/\/www.ugtcomunicaciones.es\/wordpress\/aprobada-la-revision-del-procedimiento-operativo-de-prevencion-de-trabajos-en-altura\/#article","isPartOf":{"@id":"https:\/\/www.ugtcomunicaciones.es\/wordpress\/aprobada-la-revision-del-procedimiento-operativo-de-prevencion-de-trabajos-en-altura\/"},"author":{"name":"UGT","@id":"https:\/\/www.ugtcomunicaciones.es\/wordpress\/#\/schema\/person\/eba0fc3fe5b444531d94d4368cba89ed"},"headline":"Aprobada la Revisi\u00f3n del Procedimiento Operativo de Prevenci\u00f3n de Trabajos en Altura","datePublished":"2021-01-28T15:37:38+00:00","mainEntityOfPage":{"@id":"https:\/\/www.ugtcomunicaciones.es\/wordpress\/aprobada-la-revision-del-procedimiento-operativo-de-prevencion-de-trabajos-en-altura\/"},"wordCount":404,"publisher":{"@id":"https:\/\/www.ugtcomunicaciones.es\/wordpress\/#organization"},"image":{"@id":"https:\/\/www.ugtcomunicaciones.es\/wordpress\/aprobada-la-revision-del-procedimiento-operativo-de-prevencion-de-trabajos-en-altura\/#primaryimage"},"thumbnailUrl":"https:\/\/www.ugtcomunicaciones.es\/wordpress\/wp-content\/uploads\/2021\/01\/trabajos-en-altura.jpg","articleSection":["Telef\u00f3nica CEV","Telef\u00f3nica de Espa\u00f1a","Telef\u00f3nica M\u00f3viles","Telef\u00f3nica Soluciones"],"inLanguage":"es"},{"@type":"WebPage","@id":"https:\/\/www.ugtcomunicaciones.es\/wordpress\/aprobada-la-revision-del-procedimiento-operativo-de-prevencion-de-trabajos-en-altura\/","url":"https:\/\/www.ugtcomunicaciones.es\/wordpress\/aprobada-la-revision-del-procedimiento-operativo-de-prevencion-de-trabajos-en-altura\/","name":"Aprobada la Revisi\u00f3n del Procedimiento Operativo de Prevenci\u00f3n de Trabajos en Altura - UGT Comunicaciones","isPartOf":{"@id":"https:\/\/www.ugtcomunicaciones.es\/wordpress\/#website"},"primaryImageOfPage":{"@id":"https:\/\/www.ugtcomunicaciones.es\/wordpress\/aprobada-la-revision-del-procedimiento-operativo-de-prevencion-de-trabajos-en-altura\/#primaryimage"},"image":{"@id":"https:\/\/www.ugtcomunicaciones.es\/wordpress\/aprobada-la-revision-del-procedimiento-operativo-de-prevencion-de-trabajos-en-altura\/#primaryimage"},"thumbnailUrl":"https:\/\/www.ugtcomunicaciones.es\/wordpress\/wp-content\/uploads\/2021\/01\/trabajos-en-altura.jpg","datePublished":"2021-01-28T15:37:38+00:00","description":"Para UGT la prestaci\u00f3n laboral debe estar revestida siempre de las m\u00e1ximas medidas de seguridad y protecci\u00f3n mediante los oportunos...","breadcrumb":{"@id":"https:\/\/www.ugtcomunicaciones.es\/wordpress\/aprobada-la-revision-del-procedimiento-operativo-de-prevencion-de-trabajos-en-altura\/#breadcrumb"},"inLanguage":"es","potentialAction":[{"@type":"ReadAction","target":["https:\/\/www.ugtcomunicaciones.es\/wordpress\/aprobada-la-revision-del-procedimiento-operativo-de-prevencion-de-trabajos-en-altura\/"]}]},{"@type":"ImageObject","inLanguage":"es","@id":"https:\/\/www.ugtcomunicaciones.es\/wordpress\/aprobada-la-revision-del-procedimiento-operativo-de-prevencion-de-trabajos-en-altura\/#primaryimage","url":"https:\/\/www.ugtcomunicaciones.es\/wordpress\/wp-content\/uploads\/2021\/01\/trabajos-en-altura.jpg","contentUrl":"https:\/\/www.ugtcomunicaciones.es\/wordpress\/wp-content\/uploads\/2021\/01\/trabajos-en-altura.jpg","width":600,"height":389,"caption":"trabajos-en-altura"},{"@type":"BreadcrumbList","@id":"https:\/\/www.ugtcomunicaciones.es\/wordpress\/aprobada-la-revision-del-procedimiento-operativo-de-prevencion-de-trabajos-en-altura\/#breadcrumb","itemListElement":[{"@type":"ListItem","position":1,"name":"Portada","item":"https:\/\/www.ugtcomunicaciones.es\/wordpress\/"},{"@type":"ListItem","position":2,"name":"Aprobada la Revisi\u00f3n del Procedimiento Operativo de Prevenci\u00f3n de Trabajos en Altura"}]},{"@type":"WebSite","@id":"https:\/\/www.ugtcomunicaciones.es\/wordpress\/#website","url":"https:\/\/www.ugtcomunicaciones.es\/wordpress\/","name":"UGT Comunicaciones","description":"Sindicato de Telecomunicaciones","publisher":{"@id":"https:\/\/www.ugtcomunicaciones.es\/wordpress\/#organization"},"potentialAction":[{"@type":"SearchAction","target":{"@type":"EntryPoint","urlTemplate":"https:\/\/www.ugtcomunicaciones.es\/wordpress\/?s={search_term_string}"},"query-input":{"@type":"PropertyValueSpecification","valueRequired":true,"valueName":"search_term_string"}}],"inLanguage":"es"},{"@type":"Organization","@id":"https:\/\/www.ugtcomunicaciones.es\/wordpress\/#organization","name":"UGT Comunicaciones","url":"https:\/\/www.ugtcomunicaciones.es\/wordpress\/","logo":{"@type":"ImageObject","inLanguage":"es","@id":"https:\/\/www.ugtcomunicaciones.es\/wordpress\/#\/schema\/logo\/image\/","url":"https:\/\/www.ugtcomunicaciones.es\/wordpress\/wp-content\/uploads\/2024\/04\/comunicaciones_logo.png","contentUrl":"https:\/\/www.ugtcomunicaciones.es\/wordpress\/wp-content\/uploads\/2024\/04\/comunicaciones_logo.png","width":298,"height":81,"caption":"UGT Comunicaciones"},"image":{"@id":"https:\/\/www.ugtcomunicaciones.es\/wordpress\/#\/schema\/logo\/image\/"},"sameAs":["https:\/\/www.facebook.com\/ugt.comunicaciones\/","https:\/\/x.com\/ugtcom"]},{"@type":"Person","@id":"https:\/\/www.ugtcomunicaciones.es\/wordpress\/#\/schema\/person\/eba0fc3fe5b444531d94d4368cba89ed","name":"UGT","image":{"@type":"ImageObject","inLanguage":"es","@id":"https:\/\/secure.gravatar.com\/avatar\/2a16057d620a4c646bcfc171c4f23030879ebbdd346f0525bd5d4a564e57e13d?s=96&d=mm&r=g","url":"https:\/\/secure.gravatar.com\/avatar\/2a16057d620a4c646bcfc171c4f23030879ebbdd346f0525bd5d4a564e57e13d?s=96&d=mm&r=g","contentUrl":"https:\/\/secure.gravatar.com\/avatar\/2a16057d620a4c646bcfc171c4f23030879ebbdd346f0525bd5d4a564e57e13d?s=96&d=mm&r=g","caption":"UGT"}}]}},"_links":{"self":[{"href":"https:\/\/www.ugtcomunicaciones.es\/wordpress\/wp-json\/wp\/v2\/posts\/751149","targetHints":{"allow":["GET"]}}],"collection":[{"href":"https:\/\/www.ugtcomunicaciones.es\/wordpress\/wp-json\/wp\/v2\/posts"}],"about":[{"href":"https:\/\/www.ugtcomunicaciones.es\/wordpress\/wp-json\/wp\/v2\/types\/post"}],"author":[{"embeddable":true,"href":"https:\/\/www.ugtcomunicaciones.es\/wordpress\/wp-json\/wp\/v2\/users\/3"}],"replies":[{"embeddable":true,"href":"https:\/\/www.ugtcomunicaciones.es\/wordpress\/wp-json\/wp\/v2\/comments?post=751149"}],"version-history":[{"count":0,"href":"https:\/\/www.ugtcomunicaciones.es\/wordpress\/wp-json\/wp\/v2\/posts\/751149\/revisions"}],"wp:featuredmedia":[{"embeddable":true,"href":"https:\/\/www.ugtcomunicaciones.es\/wordpress\/wp-json\/wp\/v2\/media\/751150"}],"wp:attachment":[{"href":"https:\/\/www.ugtcomunicaciones.es\/wordpress\/wp-json\/wp\/v2\/media?parent=751149"}],"wp:term":[{"taxonomy":"category","embeddable":true,"href":"https:\/\/www.ugtcomunicaciones.es\/wordpress\/wp-json\/wp\/v2\/categories?post=751149"},{"taxonomy":"post_tag","embeddable":true,"href":"https:\/\/www.ugtcomunicaciones.es\/wordpress\/wp-json\/wp\/v2\/tags?post=751149"}],"curies":[{"name":"wp","href":"https:\/\/api.w.org\/{rel}","templated":true}]}}