{"id":753,"date":"2017-02-06T12:22:43","date_gmt":"2017-02-06T11:22:43","guid":{"rendered":"http:\/\/www.ugtcom.h2301842.stratoserver.net\/wordpress\/wordpress\/?p=753"},"modified":"2017-06-27T08:38:56","modified_gmt":"2017-06-27T07:38:56","slug":"precio-alquiler-la-fibra-telefonica-aun-sin-concretar","status":"publish","type":"post","link":"https:\/\/www.ugtcomunicaciones.es\/wordpress\/precio-alquiler-la-fibra-telefonica-aun-sin-concretar\/","title":{"rendered":"El precio de alquiler de la fibra de Telef\u00f3nica, a\u00fan sin concretar"},"content":{"rendered":"<p style=\"text-align: justify;\">La apertura de la red FTTH de Telef\u00f3nica prosigue su proceso, lento, pero seguro. Si la decisi\u00f3n de abrir la red de fibra de Telef\u00f3nica en una parte del pa\u00eds fue tomada por la CNMC el pasado 25 de febrero<a href=\"#_ftn1\" name=\"_ftnref1\">[1]<\/a>, hace un a\u00f1o ya, su confirmaci\u00f3n definitiva no ha llegado hasta el 10 de enero de 2017<a href=\"#_ftn2\" name=\"_ftnref2\">[2]<\/a>, una vez pasados todos los tr\u00e1mites administrativos nacionales y europeos y concretada la oferta general de NEBA Local. Conforme a esta resoluci\u00f3n, los alternativos podr\u00e1n acceder a la fibra de Telef\u00f3nica a partir del 1 de enero de 2018<a href=\"#_ftn3\" name=\"_ftnref3\">[3]<\/a>, a trav\u00e9s del susodicho mecanismo de NEBA Local.<\/p>\n<p style=\"text-align: justify;\">Pero la cuesti\u00f3n pendiente m\u00e1s peliaguda, la referente al precio que tendr\u00e1n que pagar los operadores alternativos por el alquiler, a\u00fan no se ha tomado.<\/p>\n<p style=\"text-align: justify;\">El regulador, seg\u00fan declaraciones de su Presidente, afirma que \u201c<em>a esto todav\u00eda no hemos llegado y falta un cierto tiempo<a href=\"#_ftn4\" name=\"_ftnref4\"><strong>[4]<\/strong><\/a>\u201d<\/em>, aunque aclara que primero Telef\u00f3nica deber\u00e1 declarar sus costes estimados antes que la CNMC marque el precio definitivo.<\/p>\n<p style=\"text-align: justify;\">No obstante, en la edici\u00f3n impresa del diario Expansi\u00f3n del jueves 19 de enero, se vaticina <em>que \u201cel precio se mueva entre una horquilla entre 18 y 25 euros\u201d<\/em>, un margen lo suficientemente amplio para contentar a todos los afectados\u2026o a ninguno. Sin lugar a dudas, la cuantificaci\u00f3n del precio final de alquiler ser\u00e1 la \u00faltima gran disputa en torno a la apertura de la fibra de Telef\u00f3nica. No s\u00f3lo por el dinero que hay en juego, sino porque adem\u00e1s es la \u00fanica puerta abierta que deja la Comisi\u00f3n Europea, mediante su <em>Recomendaci\u00f3n relativa a la no discriminaci\u00f3n y el c\u00e1lculo de costes,<\/em> para <em>endurecer<\/em> este acceso a los alternativos y promover as\u00ed la competencia en infraestructuras<a href=\"#_ftn5\" name=\"_ftnref5\">[5]<\/a>. Los pr\u00f3ximos meses ser\u00e1n pr\u00f3digos en noticias y, sin duda, pol\u00e9micos.<\/p>\n<p style=\"text-align: justify;\"><a href=\"#_ftnref1\" name=\"_ftn1\">[1]<\/a> <a href=\"http:\/\/www.smcugt.org\/noticia\/fracaso-de-reguladores-y-legisladores-espanoles-para-adaptarse-a-la-era-digital-id-54369.htm\">http:\/\/www.smcugt.org\/noticia\/fracaso-de-reguladores-y-legisladores-espanoles-para-adaptarse-a-la-era-digital-id-54369.htm<\/a><\/p>\n<p style=\"text-align: justify;\"><a href=\"#_ftnref2\" name=\"_ftn2\">[2]<\/a> <a href=\"https:\/\/www.cnmc.es\/expedientes\/ofedtsa00516\">https:\/\/www.cnmc.es\/expedientes\/ofedtsa00516<\/a><\/p>\n<p style=\"text-align: justify;\"><a href=\"#_ftnref3\" name=\"_ftn3\">[3]<\/a> <a href=\"https:\/\/www.boe.es\/boe\/dias\/2017\/01\/18\/pdfs\/BOE-A-2017-551.pdf\">https:\/\/www.boe.es\/boe\/dias\/2017\/01\/18\/pdfs\/BOE-A-2017-551.pdf<\/a><\/p>\n<p style=\"text-align: justify;\"><a href=\"#_ftnref4\" name=\"_ftn4\">[4]<\/a> <a href=\"http:\/\/www.invertia.com\/noticias\/cnmc-falta-saber-precios-oferta-mayorista-fibra-telefonica-3181294.htm\">http:\/\/www.invertia.com\/noticias\/cnmc-falta-saber-precios-oferta-mayorista-fibra-telefonica-3181294.htm<\/a><\/p>\n<p style=\"text-align: justify;\"><a href=\"#_ftnref5\" name=\"_ftn5\">[5]<\/a> <a href=\"http:\/\/www.smcugt.org\/archivos\/elementos\/2016\/al_contrario_que_en_espana__portugal_no_quiere_abrir_la_fibra_de_telecom.pdf\">http:\/\/www.smcugt.org\/archivos\/elementos\/2016\/al_contrario_que_en_espana__portugal_no_quiere_abrir_la_fibra_de_telecom.pdf<\/a><\/p>\n","protected":false},"excerpt":{"rendered":"<p>La apertura de la red FTTH de Telef\u00f3nica prosigue su proceso, lento, pero seguro. Si la decisi\u00f3n de abrir la red de fibra de Telef\u00f3nica en una parte del pa\u00eds fue tomada por la CNMC el pasado 25 de febrero[1], hace un a\u00f1o ya, su confirmaci\u00f3n definitiva no ha llegado hasta el 10 de enero [&hellip;]<\/p>\n","protected":false},"author":3,"featured_media":755,"comment_status":"open","ping_status":"closed","sticky":false,"template":"","format":"standard","meta":{"footnotes":""},"categories":[15,12,25],"tags":[],"class_list":["post-753","post","type-post","status-publish","format-standard","has-post-thumbnail","hentry","category-competencia","category-regulacion","category-telefonica"],"yoast_head":"<!-- This site is optimized with the Yoast SEO Premium plugin v27.3 (Yoast SEO v27.4) - https:\/\/yoast.com\/product\/yoast-seo-premium-wordpress\/ -->\n<title>El precio de alquiler de la fibra de Telef\u00f3nica, a\u00fan sin concretar - UGT Comunicaciones<\/title>\n<meta name=\"robots\" content=\"index, follow, max-snippet:-1, max-image-preview:large, max-video-preview:-1\" \/>\n<link rel=\"canonical\" href=\"https:\/\/www.ugtcomunicaciones.es\/wordpress\/precio-alquiler-la-fibra-telefonica-aun-sin-concretar\/\" \/>\n<meta property=\"og:locale\" content=\"es_ES\" \/>\n<meta property=\"og:type\" content=\"article\" \/>\n<meta property=\"og:title\" content=\"El precio de alquiler de la fibra de Telef\u00f3nica, a\u00fan sin concretar\" \/>\n<meta property=\"og:description\" content=\"La apertura de la red FTTH de Telef\u00f3nica prosigue su proceso, lento, pero seguro. Si la decisi\u00f3n de abrir la red de fibra de Telef\u00f3nica en una parte del pa\u00eds fue tomada por la CNMC el pasado 25 de febrero[1], hace un a\u00f1o ya, su confirmaci\u00f3n definitiva no ha llegado hasta el 10 de enero [&hellip;]\" \/>\n<meta property=\"og:url\" content=\"https:\/\/www.ugtcomunicaciones.es\/wordpress\/precio-alquiler-la-fibra-telefonica-aun-sin-concretar\/\" \/>\n<meta property=\"og:site_name\" content=\"UGT Comunicaciones\" \/>\n<meta property=\"article:publisher\" content=\"https:\/\/www.facebook.com\/ugt.comunicaciones\/\" \/>\n<meta property=\"article:published_time\" content=\"2017-02-06T11:22:43+00:00\" \/>\n<meta property=\"article:modified_time\" content=\"2017-06-27T07:38:56+00:00\" \/>\n<meta property=\"og:image\" content=\"https:\/\/www.ugtcomunicaciones.es\/wordpress\/wp-content\/uploads\/2017\/01\/precio-fibra-1.png\" \/>\n\t<meta property=\"og:image:width\" content=\"1489\" \/>\n\t<meta property=\"og:image:height\" content=\"779\" \/>\n\t<meta property=\"og:image:type\" content=\"image\/png\" \/>\n<meta name=\"author\" content=\"UGT\" \/>\n<meta name=\"twitter:card\" content=\"summary_large_image\" \/>\n<meta name=\"twitter:creator\" content=\"@ugtcom\" \/>\n<meta name=\"twitter:site\" content=\"@ugtcom\" \/>\n<meta name=\"twitter:label1\" content=\"Escrito por\" \/>\n\t<meta name=\"twitter:data1\" content=\"UGT\" \/>\n\t<meta name=\"twitter:label2\" content=\"Tiempo de lectura\" \/>\n\t<meta name=\"twitter:data2\" content=\"2 minutos\" \/>\n<script type=\"application\/ld+json\" class=\"yoast-schema-graph\">{\"@context\":\"https:\\\/\\\/schema.org\",\"@graph\":[{\"@type\":\"Article\",\"@id\":\"https:\\\/\\\/www.ugtcomunicaciones.es\\\/wordpress\\\/precio-alquiler-la-fibra-telefonica-aun-sin-concretar\\\/#article\",\"isPartOf\":{\"@id\":\"https:\\\/\\\/www.ugtcomunicaciones.es\\\/wordpress\\\/precio-alquiler-la-fibra-telefonica-aun-sin-concretar\\\/\"},\"author\":{\"name\":\"UGT\",\"@id\":\"https:\\\/\\\/www.ugtcomunicaciones.es\\\/wordpress\\\/#\\\/schema\\\/person\\\/eba0fc3fe5b444531d94d4368cba89ed\"},\"headline\":\"El precio de alquiler de la fibra de Telef\u00f3nica, a\u00fan sin concretar\",\"datePublished\":\"2017-02-06T11:22:43+00:00\",\"dateModified\":\"2017-06-27T07:38:56+00:00\",\"mainEntityOfPage\":{\"@id\":\"https:\\\/\\\/www.ugtcomunicaciones.es\\\/wordpress\\\/precio-alquiler-la-fibra-telefonica-aun-sin-concretar\\\/\"},\"wordCount\":384,\"commentCount\":0,\"publisher\":{\"@id\":\"https:\\\/\\\/www.ugtcomunicaciones.es\\\/wordpress\\\/#organization\"},\"image\":{\"@id\":\"https:\\\/\\\/www.ugtcomunicaciones.es\\\/wordpress\\\/precio-alquiler-la-fibra-telefonica-aun-sin-concretar\\\/#primaryimage\"},\"thumbnailUrl\":\"https:\\\/\\\/www.ugtcomunicaciones.es\\\/wordpress\\\/wp-content\\\/uploads\\\/2017\\\/01\\\/precio-fibra-1.png\",\"articleSection\":[\"Competencia\",\"Regulaci\u00f3n\",\"Telef\u00f3nica de Espa\u00f1a\"],\"inLanguage\":\"es\",\"potentialAction\":[{\"@type\":\"CommentAction\",\"name\":\"Comment\",\"target\":[\"https:\\\/\\\/www.ugtcomunicaciones.es\\\/wordpress\\\/precio-alquiler-la-fibra-telefonica-aun-sin-concretar\\\/#respond\"]}]},{\"@type\":\"WebPage\",\"@id\":\"https:\\\/\\\/www.ugtcomunicaciones.es\\\/wordpress\\\/precio-alquiler-la-fibra-telefonica-aun-sin-concretar\\\/\",\"url\":\"https:\\\/\\\/www.ugtcomunicaciones.es\\\/wordpress\\\/precio-alquiler-la-fibra-telefonica-aun-sin-concretar\\\/\",\"name\":\"El precio de alquiler de la fibra de Telef\u00f3nica, a\u00fan sin concretar - UGT Comunicaciones\",\"isPartOf\":{\"@id\":\"https:\\\/\\\/www.ugtcomunicaciones.es\\\/wordpress\\\/#website\"},\"primaryImageOfPage\":{\"@id\":\"https:\\\/\\\/www.ugtcomunicaciones.es\\\/wordpress\\\/precio-alquiler-la-fibra-telefonica-aun-sin-concretar\\\/#primaryimage\"},\"image\":{\"@id\":\"https:\\\/\\\/www.ugtcomunicaciones.es\\\/wordpress\\\/precio-alquiler-la-fibra-telefonica-aun-sin-concretar\\\/#primaryimage\"},\"thumbnailUrl\":\"https:\\\/\\\/www.ugtcomunicaciones.es\\\/wordpress\\\/wp-content\\\/uploads\\\/2017\\\/01\\\/precio-fibra-1.png\",\"datePublished\":\"2017-02-06T11:22:43+00:00\",\"dateModified\":\"2017-06-27T07:38:56+00:00\",\"breadcrumb\":{\"@id\":\"https:\\\/\\\/www.ugtcomunicaciones.es\\\/wordpress\\\/precio-alquiler-la-fibra-telefonica-aun-sin-concretar\\\/#breadcrumb\"},\"inLanguage\":\"es\",\"potentialAction\":[{\"@type\":\"ReadAction\",\"target\":[\"https:\\\/\\\/www.ugtcomunicaciones.es\\\/wordpress\\\/precio-alquiler-la-fibra-telefonica-aun-sin-concretar\\\/\"]}]},{\"@type\":\"ImageObject\",\"inLanguage\":\"es\",\"@id\":\"https:\\\/\\\/www.ugtcomunicaciones.es\\\/wordpress\\\/precio-alquiler-la-fibra-telefonica-aun-sin-concretar\\\/#primaryimage\",\"url\":\"https:\\\/\\\/www.ugtcomunicaciones.es\\\/wordpress\\\/wp-content\\\/uploads\\\/2017\\\/01\\\/precio-fibra-1.png\",\"contentUrl\":\"https:\\\/\\\/www.ugtcomunicaciones.es\\\/wordpress\\\/wp-content\\\/uploads\\\/2017\\\/01\\\/precio-fibra-1.png\",\"width\":1489,\"height\":779,\"caption\":\"precio-fibra\"},{\"@type\":\"BreadcrumbList\",\"@id\":\"https:\\\/\\\/www.ugtcomunicaciones.es\\\/wordpress\\\/precio-alquiler-la-fibra-telefonica-aun-sin-concretar\\\/#breadcrumb\",\"itemListElement\":[{\"@type\":\"ListItem\",\"position\":1,\"name\":\"Portada\",\"item\":\"https:\\\/\\\/www.ugtcomunicaciones.es\\\/wordpress\\\/\"},{\"@type\":\"ListItem\",\"position\":2,\"name\":\"El precio de alquiler de la fibra de Telef\u00f3nica, a\u00fan sin concretar\"}]},{\"@type\":\"WebSite\",\"@id\":\"https:\\\/\\\/www.ugtcomunicaciones.es\\\/wordpress\\\/#website\",\"url\":\"https:\\\/\\\/www.ugtcomunicaciones.es\\\/wordpress\\\/\",\"name\":\"UGT Comunicaciones\",\"description\":\"Sindicato de Telecomunicaciones\",\"publisher\":{\"@id\":\"https:\\\/\\\/www.ugtcomunicaciones.es\\\/wordpress\\\/#organization\"},\"potentialAction\":[{\"@type\":\"SearchAction\",\"target\":{\"@type\":\"EntryPoint\",\"urlTemplate\":\"https:\\\/\\\/www.ugtcomunicaciones.es\\\/wordpress\\\/?s={search_term_string}\"},\"query-input\":{\"@type\":\"PropertyValueSpecification\",\"valueRequired\":true,\"valueName\":\"search_term_string\"}}],\"inLanguage\":\"es\"},{\"@type\":\"Organization\",\"@id\":\"https:\\\/\\\/www.ugtcomunicaciones.es\\\/wordpress\\\/#organization\",\"name\":\"UGT Comunicaciones\",\"url\":\"https:\\\/\\\/www.ugtcomunicaciones.es\\\/wordpress\\\/\",\"logo\":{\"@type\":\"ImageObject\",\"inLanguage\":\"es\",\"@id\":\"https:\\\/\\\/www.ugtcomunicaciones.es\\\/wordpress\\\/#\\\/schema\\\/logo\\\/image\\\/\",\"url\":\"https:\\\/\\\/www.ugtcomunicaciones.es\\\/wordpress\\\/wp-content\\\/uploads\\\/2024\\\/04\\\/comunicaciones_logo.png\",\"contentUrl\":\"https:\\\/\\\/www.ugtcomunicaciones.es\\\/wordpress\\\/wp-content\\\/uploads\\\/2024\\\/04\\\/comunicaciones_logo.png\",\"width\":298,\"height\":81,\"caption\":\"UGT Comunicaciones\"},\"image\":{\"@id\":\"https:\\\/\\\/www.ugtcomunicaciones.es\\\/wordpress\\\/#\\\/schema\\\/logo\\\/image\\\/\"},\"sameAs\":[\"https:\\\/\\\/www.facebook.com\\\/ugt.comunicaciones\\\/\",\"https:\\\/\\\/x.com\\\/ugtcom\"]},{\"@type\":\"Person\",\"@id\":\"https:\\\/\\\/www.ugtcomunicaciones.es\\\/wordpress\\\/#\\\/schema\\\/person\\\/eba0fc3fe5b444531d94d4368cba89ed\",\"name\":\"UGT\",\"image\":{\"@type\":\"ImageObject\",\"inLanguage\":\"es\",\"@id\":\"https:\\\/\\\/secure.gravatar.com\\\/avatar\\\/2a16057d620a4c646bcfc171c4f23030879ebbdd346f0525bd5d4a564e57e13d?s=96&d=mm&r=g\",\"url\":\"https:\\\/\\\/secure.gravatar.com\\\/avatar\\\/2a16057d620a4c646bcfc171c4f23030879ebbdd346f0525bd5d4a564e57e13d?s=96&d=mm&r=g\",\"contentUrl\":\"https:\\\/\\\/secure.gravatar.com\\\/avatar\\\/2a16057d620a4c646bcfc171c4f23030879ebbdd346f0525bd5d4a564e57e13d?s=96&d=mm&r=g\",\"caption\":\"UGT\"}}]}<\/script>\n<!-- \/ Yoast SEO Premium plugin. -->","yoast_head_json":{"title":"El precio de alquiler de la fibra de Telef\u00f3nica, a\u00fan sin concretar - UGT Comunicaciones","robots":{"index":"index","follow":"follow","max-snippet":"max-snippet:-1","max-image-preview":"max-image-preview:large","max-video-preview":"max-video-preview:-1"},"canonical":"https:\/\/www.ugtcomunicaciones.es\/wordpress\/precio-alquiler-la-fibra-telefonica-aun-sin-concretar\/","og_locale":"es_ES","og_type":"article","og_title":"El precio de alquiler de la fibra de Telef\u00f3nica, a\u00fan sin concretar","og_description":"La apertura de la red FTTH de Telef\u00f3nica prosigue su proceso, lento, pero seguro. Si la decisi\u00f3n de abrir la red de fibra de Telef\u00f3nica en una parte del pa\u00eds fue tomada por la CNMC el pasado 25 de febrero[1], hace un a\u00f1o ya, su confirmaci\u00f3n definitiva no ha llegado hasta el 10 de enero [&hellip;]","og_url":"https:\/\/www.ugtcomunicaciones.es\/wordpress\/precio-alquiler-la-fibra-telefonica-aun-sin-concretar\/","og_site_name":"UGT Comunicaciones","article_publisher":"https:\/\/www.facebook.com\/ugt.comunicaciones\/","article_published_time":"2017-02-06T11:22:43+00:00","article_modified_time":"2017-06-27T07:38:56+00:00","og_image":[{"width":1489,"height":779,"url":"https:\/\/www.ugtcomunicaciones.es\/wordpress\/wp-content\/uploads\/2017\/01\/precio-fibra-1.png","type":"image\/png"}],"author":"UGT","twitter_card":"summary_large_image","twitter_creator":"@ugtcom","twitter_site":"@ugtcom","twitter_misc":{"Escrito por":"UGT","Tiempo de lectura":"2 minutos"},"schema":{"@context":"https:\/\/schema.org","@graph":[{"@type":"Article","@id":"https:\/\/www.ugtcomunicaciones.es\/wordpress\/precio-alquiler-la-fibra-telefonica-aun-sin-concretar\/#article","isPartOf":{"@id":"https:\/\/www.ugtcomunicaciones.es\/wordpress\/precio-alquiler-la-fibra-telefonica-aun-sin-concretar\/"},"author":{"name":"UGT","@id":"https:\/\/www.ugtcomunicaciones.es\/wordpress\/#\/schema\/person\/eba0fc3fe5b444531d94d4368cba89ed"},"headline":"El precio de alquiler de la fibra de Telef\u00f3nica, a\u00fan sin concretar","datePublished":"2017-02-06T11:22:43+00:00","dateModified":"2017-06-27T07:38:56+00:00","mainEntityOfPage":{"@id":"https:\/\/www.ugtcomunicaciones.es\/wordpress\/precio-alquiler-la-fibra-telefonica-aun-sin-concretar\/"},"wordCount":384,"commentCount":0,"publisher":{"@id":"https:\/\/www.ugtcomunicaciones.es\/wordpress\/#organization"},"image":{"@id":"https:\/\/www.ugtcomunicaciones.es\/wordpress\/precio-alquiler-la-fibra-telefonica-aun-sin-concretar\/#primaryimage"},"thumbnailUrl":"https:\/\/www.ugtcomunicaciones.es\/wordpress\/wp-content\/uploads\/2017\/01\/precio-fibra-1.png","articleSection":["Competencia","Regulaci\u00f3n","Telef\u00f3nica de Espa\u00f1a"],"inLanguage":"es","potentialAction":[{"@type":"CommentAction","name":"Comment","target":["https:\/\/www.ugtcomunicaciones.es\/wordpress\/precio-alquiler-la-fibra-telefonica-aun-sin-concretar\/#respond"]}]},{"@type":"WebPage","@id":"https:\/\/www.ugtcomunicaciones.es\/wordpress\/precio-alquiler-la-fibra-telefonica-aun-sin-concretar\/","url":"https:\/\/www.ugtcomunicaciones.es\/wordpress\/precio-alquiler-la-fibra-telefonica-aun-sin-concretar\/","name":"El precio de alquiler de la fibra de Telef\u00f3nica, a\u00fan sin concretar - UGT Comunicaciones","isPartOf":{"@id":"https:\/\/www.ugtcomunicaciones.es\/wordpress\/#website"},"primaryImageOfPage":{"@id":"https:\/\/www.ugtcomunicaciones.es\/wordpress\/precio-alquiler-la-fibra-telefonica-aun-sin-concretar\/#primaryimage"},"image":{"@id":"https:\/\/www.ugtcomunicaciones.es\/wordpress\/precio-alquiler-la-fibra-telefonica-aun-sin-concretar\/#primaryimage"},"thumbnailUrl":"https:\/\/www.ugtcomunicaciones.es\/wordpress\/wp-content\/uploads\/2017\/01\/precio-fibra-1.png","datePublished":"2017-02-06T11:22:43+00:00","dateModified":"2017-06-27T07:38:56+00:00","breadcrumb":{"@id":"https:\/\/www.ugtcomunicaciones.es\/wordpress\/precio-alquiler-la-fibra-telefonica-aun-sin-concretar\/#breadcrumb"},"inLanguage":"es","potentialAction":[{"@type":"ReadAction","target":["https:\/\/www.ugtcomunicaciones.es\/wordpress\/precio-alquiler-la-fibra-telefonica-aun-sin-concretar\/"]}]},{"@type":"ImageObject","inLanguage":"es","@id":"https:\/\/www.ugtcomunicaciones.es\/wordpress\/precio-alquiler-la-fibra-telefonica-aun-sin-concretar\/#primaryimage","url":"https:\/\/www.ugtcomunicaciones.es\/wordpress\/wp-content\/uploads\/2017\/01\/precio-fibra-1.png","contentUrl":"https:\/\/www.ugtcomunicaciones.es\/wordpress\/wp-content\/uploads\/2017\/01\/precio-fibra-1.png","width":1489,"height":779,"caption":"precio-fibra"},{"@type":"BreadcrumbList","@id":"https:\/\/www.ugtcomunicaciones.es\/wordpress\/precio-alquiler-la-fibra-telefonica-aun-sin-concretar\/#breadcrumb","itemListElement":[{"@type":"ListItem","position":1,"name":"Portada","item":"https:\/\/www.ugtcomunicaciones.es\/wordpress\/"},{"@type":"ListItem","position":2,"name":"El precio de alquiler de la fibra de Telef\u00f3nica, a\u00fan sin concretar"}]},{"@type":"WebSite","@id":"https:\/\/www.ugtcomunicaciones.es\/wordpress\/#website","url":"https:\/\/www.ugtcomunicaciones.es\/wordpress\/","name":"UGT Comunicaciones","description":"Sindicato de Telecomunicaciones","publisher":{"@id":"https:\/\/www.ugtcomunicaciones.es\/wordpress\/#organization"},"potentialAction":[{"@type":"SearchAction","target":{"@type":"EntryPoint","urlTemplate":"https:\/\/www.ugtcomunicaciones.es\/wordpress\/?s={search_term_string}"},"query-input":{"@type":"PropertyValueSpecification","valueRequired":true,"valueName":"search_term_string"}}],"inLanguage":"es"},{"@type":"Organization","@id":"https:\/\/www.ugtcomunicaciones.es\/wordpress\/#organization","name":"UGT Comunicaciones","url":"https:\/\/www.ugtcomunicaciones.es\/wordpress\/","logo":{"@type":"ImageObject","inLanguage":"es","@id":"https:\/\/www.ugtcomunicaciones.es\/wordpress\/#\/schema\/logo\/image\/","url":"https:\/\/www.ugtcomunicaciones.es\/wordpress\/wp-content\/uploads\/2024\/04\/comunicaciones_logo.png","contentUrl":"https:\/\/www.ugtcomunicaciones.es\/wordpress\/wp-content\/uploads\/2024\/04\/comunicaciones_logo.png","width":298,"height":81,"caption":"UGT Comunicaciones"},"image":{"@id":"https:\/\/www.ugtcomunicaciones.es\/wordpress\/#\/schema\/logo\/image\/"},"sameAs":["https:\/\/www.facebook.com\/ugt.comunicaciones\/","https:\/\/x.com\/ugtcom"]},{"@type":"Person","@id":"https:\/\/www.ugtcomunicaciones.es\/wordpress\/#\/schema\/person\/eba0fc3fe5b444531d94d4368cba89ed","name":"UGT","image":{"@type":"ImageObject","inLanguage":"es","@id":"https:\/\/secure.gravatar.com\/avatar\/2a16057d620a4c646bcfc171c4f23030879ebbdd346f0525bd5d4a564e57e13d?s=96&d=mm&r=g","url":"https:\/\/secure.gravatar.com\/avatar\/2a16057d620a4c646bcfc171c4f23030879ebbdd346f0525bd5d4a564e57e13d?s=96&d=mm&r=g","contentUrl":"https:\/\/secure.gravatar.com\/avatar\/2a16057d620a4c646bcfc171c4f23030879ebbdd346f0525bd5d4a564e57e13d?s=96&d=mm&r=g","caption":"UGT"}}]}},"_links":{"self":[{"href":"https:\/\/www.ugtcomunicaciones.es\/wordpress\/wp-json\/wp\/v2\/posts\/753","targetHints":{"allow":["GET"]}}],"collection":[{"href":"https:\/\/www.ugtcomunicaciones.es\/wordpress\/wp-json\/wp\/v2\/posts"}],"about":[{"href":"https:\/\/www.ugtcomunicaciones.es\/wordpress\/wp-json\/wp\/v2\/types\/post"}],"author":[{"embeddable":true,"href":"https:\/\/www.ugtcomunicaciones.es\/wordpress\/wp-json\/wp\/v2\/users\/3"}],"replies":[{"embeddable":true,"href":"https:\/\/www.ugtcomunicaciones.es\/wordpress\/wp-json\/wp\/v2\/comments?post=753"}],"version-history":[{"count":0,"href":"https:\/\/www.ugtcomunicaciones.es\/wordpress\/wp-json\/wp\/v2\/posts\/753\/revisions"}],"wp:featuredmedia":[{"embeddable":true,"href":"https:\/\/www.ugtcomunicaciones.es\/wordpress\/wp-json\/wp\/v2\/media\/755"}],"wp:attachment":[{"href":"https:\/\/www.ugtcomunicaciones.es\/wordpress\/wp-json\/wp\/v2\/media?parent=753"}],"wp:term":[{"taxonomy":"category","embeddable":true,"href":"https:\/\/www.ugtcomunicaciones.es\/wordpress\/wp-json\/wp\/v2\/categories?post=753"},{"taxonomy":"post_tag","embeddable":true,"href":"https:\/\/www.ugtcomunicaciones.es\/wordpress\/wp-json\/wp\/v2\/tags?post=753"}],"curies":[{"name":"wp","href":"https:\/\/api.w.org\/{rel}","templated":true}]}}