{"id":753153,"date":"2021-02-01T10:16:28","date_gmt":"2021-02-01T09:16:28","guid":{"rendered":"https:\/\/www.ugtcomunicaciones.es\/wordpress\/?p=753153"},"modified":"2021-02-01T10:16:28","modified_gmt":"2021-02-01T09:16:28","slug":"ugt-se-reune-con-el-grupo-parlamentario-popular-en-la-ronda-de-contactos-para-renovar-la-legislacion-sectorial","status":"publish","type":"post","link":"https:\/\/www.ugtcomunicaciones.es\/wordpress\/ugt-se-reune-con-el-grupo-parlamentario-popular-en-la-ronda-de-contactos-para-renovar-la-legislacion-sectorial\/","title":{"rendered":"UGT se re\u00fane con el Grupo Parlamentario Popular en la ronda de contactos para renovar la legislaci\u00f3n sectorial"},"content":{"rendered":"<p style=\"text-align: justify;\">Como continuaci\u00f3n a la campa\u00f1a que venimos desplegando en las \u00faltimas semanas, nos hemos reunido con una representaci\u00f3n del Grupo Parlamentario Popular en el Congreso.<\/p>\n<p style=\"text-align: justify;\">Nuestro Secretario Federal, junto con el Secretario de Organizaci\u00f3n, mantuvieron una videoconferencia con los Portavoces de Transformaci\u00f3n Digital del PP, en donde trasladamos la voz de las personas trabajadoras del Sector.<\/p>\n<p style=\"text-align: justify;\"><img decoding=\"async\" class=\"size-full wp-image-753154 aligncenter lazyload\" data-src=\"https:\/\/www.ugtcomunicaciones.es\/wordpress\/wp-content\/uploads\/2021\/01\/reunion_gpp.jpg\" alt=\"reunion_gpp\" width=\"600\" height=\"291\" data-srcset=\"https:\/\/www.ugtcomunicaciones.es\/wordpress\/wp-content\/uploads\/2021\/01\/reunion_gpp.jpg 600w, https:\/\/www.ugtcomunicaciones.es\/wordpress\/wp-content\/uploads\/2021\/01\/reunion_gpp-300x146.jpg 300w\" data-sizes=\"(max-width: 600px) 100vw, 600px\" src=\"data:image\/svg+xml;base64,PHN2ZyB3aWR0aD0iMSIgaGVpZ2h0PSIxIiB4bWxucz0iaHR0cDovL3d3dy53My5vcmcvMjAwMC9zdmciPjwvc3ZnPg==\" style=\"--smush-placeholder-width: 600px; --smush-placeholder-aspect-ratio: 600\/291;\" \/><\/p>\n<p style=\"text-align: justify;\">Ambas partes hemos coincido en la necesidad de poner en el primer plano regulatorio a los operadores de telecomunicaciones que invierten y generan empleo y riqueza, y que han tenido un papel fundamental para nuestra econom\u00eda y sociedad a lo largo de esta pandemia. El teletrabajo, la salud a distancia, la educaci\u00f3n online o el entretenimiento mediante plataformas no hubiese sido posible sin estos operadores, sin su inversi\u00f3n en infraestructuras y sin las personas que lo hemos hecho posible.<\/p>\n<p style=\"text-align: justify;\">Coincidimos en que la p\u00e9rdida acumulada de puestos de trabajo (de calidad, con derechos y tecnol\u00f3gico) en las \u00faltimas d\u00e9cadas debe ser remediada a trav\u00e9s de pol\u00edticas de impulso al empleo, solap\u00e1ndolas con acciones para reducir la Brecha Digital a su m\u00ednima expresi\u00f3n.<\/p>\n<p style=\"text-align: justify;\">Este reto, sin lugar a dudas, requerir\u00e1 el esfuerzo de todas las partes, ante la ocasi\u00f3n que tenemos por la tramitaci\u00f3n de la nueva Ley General de Telecomunicaciones o la liberaci\u00f3n del Segundo Dividendo Digital. Empleo, inversi\u00f3n, despliegue y brecha digital deben ser los ejes de ambas iniciativas legislativas, as\u00ed como del Plan Digital 2025.<\/p>\n<p style=\"text-align: justify;\">Todos nos hemos emplazado a seguir dialogando en el futuro pr\u00f3ximo, a compartir experiencias y propuestas, con el objetivo compartido de ayudar a confeccionar las mejores normas posibles para nuestro Sector y, por ende, para todas sus personas trabajadoras.<\/p>\n<h4 style=\"text-align: right;\"><strong><span style=\"color: #ff0000;\">UGT<\/span> Comunicaciones<\/strong><br \/>\n<strong>Sector Estatal<\/strong><\/h4>\n","protected":false},"excerpt":{"rendered":"<p>Como continuaci\u00f3n a la campa\u00f1a que venimos desplegando en las \u00faltimas semanas, nos hemos reunido con una representaci\u00f3n del Grupo Parlamentario Popular en el Congreso. Nuestro Secretario Federal, junto con el Secretario de Organizaci\u00f3n, mantuvieron una videoconferencia con los Portavoces de Transformaci\u00f3n Digital del PP, en donde trasladamos la voz de las personas trabajadoras del [&hellip;]<\/p>\n","protected":false},"author":3,"featured_media":753154,"comment_status":"closed","ping_status":"closed","sticky":false,"template":"","format":"standard","meta":{"footnotes":""},"categories":[8,25,7,26],"tags":[],"class_list":["post-753153","post","type-post","status-publish","format-standard","has-post-thumbnail","hentry","category-telefonica-cev","category-telefonica","category-telefonica-moviles","category-telefonica-soluciones"],"yoast_head":"<!-- This site is optimized with the Yoast SEO Premium plugin v27.3 (Yoast SEO v27.4) - https:\/\/yoast.com\/product\/yoast-seo-premium-wordpress\/ -->\n<title>UGT se re\u00fane con el Grupo Parlamentario Popular en la ronda de contactos para renovar la legislaci\u00f3n sectorial - UGT Comunicaciones<\/title>\n<meta name=\"description\" content=\"Como continuaci\u00f3n a la campa\u00f1a que venimos desplegando en las \u00faltimas semanas, nos hemos reunido con una representaci\u00f3n del Grupo...\" \/>\n<meta name=\"robots\" content=\"index, follow, max-snippet:-1, max-image-preview:large, max-video-preview:-1\" \/>\n<link rel=\"canonical\" href=\"https:\/\/www.ugtcomunicaciones.es\/wordpress\/ugt-se-reune-con-el-grupo-parlamentario-popular-en-la-ronda-de-contactos-para-renovar-la-legislacion-sectorial\/\" \/>\n<meta property=\"og:locale\" content=\"es_ES\" \/>\n<meta property=\"og:type\" content=\"article\" \/>\n<meta property=\"og:title\" content=\"UGT se re\u00fane con el Grupo Parlamentario Popular en la ronda de contactos para renovar la legislaci\u00f3n sectorial\" \/>\n<meta property=\"og:description\" content=\"Como continuaci\u00f3n a la campa\u00f1a que venimos desplegando en las \u00faltimas semanas, nos hemos reunido con una representaci\u00f3n del Grupo...\" \/>\n<meta property=\"og:url\" content=\"https:\/\/www.ugtcomunicaciones.es\/wordpress\/ugt-se-reune-con-el-grupo-parlamentario-popular-en-la-ronda-de-contactos-para-renovar-la-legislacion-sectorial\/\" \/>\n<meta property=\"og:site_name\" content=\"UGT Comunicaciones\" \/>\n<meta property=\"article:publisher\" content=\"https:\/\/www.facebook.com\/ugt.comunicaciones\/\" \/>\n<meta property=\"article:published_time\" content=\"2021-02-01T09:16:28+00:00\" \/>\n<meta property=\"og:image\" content=\"https:\/\/www.ugtcomunicaciones.es\/wordpress\/wp-content\/uploads\/2021\/01\/reunion_gpp.jpg\" \/>\n\t<meta property=\"og:image:width\" content=\"600\" \/>\n\t<meta property=\"og:image:height\" content=\"291\" \/>\n\t<meta property=\"og:image:type\" content=\"image\/jpeg\" \/>\n<meta name=\"author\" content=\"UGT\" \/>\n<meta name=\"twitter:card\" content=\"summary_large_image\" \/>\n<meta name=\"twitter:creator\" content=\"@ugtcom\" \/>\n<meta name=\"twitter:site\" content=\"@ugtcom\" \/>\n<meta name=\"twitter:label1\" content=\"Escrito por\" \/>\n\t<meta name=\"twitter:data1\" content=\"UGT\" \/>\n\t<meta name=\"twitter:label2\" content=\"Tiempo de lectura\" \/>\n\t<meta name=\"twitter:data2\" content=\"1 minuto\" \/>\n<script type=\"application\/ld+json\" class=\"yoast-schema-graph\">{\"@context\":\"https:\\\/\\\/schema.org\",\"@graph\":[{\"@type\":\"Article\",\"@id\":\"https:\\\/\\\/www.ugtcomunicaciones.es\\\/wordpress\\\/ugt-se-reune-con-el-grupo-parlamentario-popular-en-la-ronda-de-contactos-para-renovar-la-legislacion-sectorial\\\/#article\",\"isPartOf\":{\"@id\":\"https:\\\/\\\/www.ugtcomunicaciones.es\\\/wordpress\\\/ugt-se-reune-con-el-grupo-parlamentario-popular-en-la-ronda-de-contactos-para-renovar-la-legislacion-sectorial\\\/\"},\"author\":{\"name\":\"UGT\",\"@id\":\"https:\\\/\\\/www.ugtcomunicaciones.es\\\/wordpress\\\/#\\\/schema\\\/person\\\/eba0fc3fe5b444531d94d4368cba89ed\"},\"headline\":\"UGT se re\u00fane con el Grupo Parlamentario Popular en la ronda de contactos para renovar la legislaci\u00f3n sectorial\",\"datePublished\":\"2021-02-01T09:16:28+00:00\",\"mainEntityOfPage\":{\"@id\":\"https:\\\/\\\/www.ugtcomunicaciones.es\\\/wordpress\\\/ugt-se-reune-con-el-grupo-parlamentario-popular-en-la-ronda-de-contactos-para-renovar-la-legislacion-sectorial\\\/\"},\"wordCount\":316,\"publisher\":{\"@id\":\"https:\\\/\\\/www.ugtcomunicaciones.es\\\/wordpress\\\/#organization\"},\"image\":{\"@id\":\"https:\\\/\\\/www.ugtcomunicaciones.es\\\/wordpress\\\/ugt-se-reune-con-el-grupo-parlamentario-popular-en-la-ronda-de-contactos-para-renovar-la-legislacion-sectorial\\\/#primaryimage\"},\"thumbnailUrl\":\"https:\\\/\\\/www.ugtcomunicaciones.es\\\/wordpress\\\/wp-content\\\/uploads\\\/2021\\\/01\\\/reunion_gpp.jpg\",\"articleSection\":[\"Telef\u00f3nica CEV\",\"Telef\u00f3nica de Espa\u00f1a\",\"Telef\u00f3nica M\u00f3viles\",\"Telef\u00f3nica Soluciones\"],\"inLanguage\":\"es\"},{\"@type\":\"WebPage\",\"@id\":\"https:\\\/\\\/www.ugtcomunicaciones.es\\\/wordpress\\\/ugt-se-reune-con-el-grupo-parlamentario-popular-en-la-ronda-de-contactos-para-renovar-la-legislacion-sectorial\\\/\",\"url\":\"https:\\\/\\\/www.ugtcomunicaciones.es\\\/wordpress\\\/ugt-se-reune-con-el-grupo-parlamentario-popular-en-la-ronda-de-contactos-para-renovar-la-legislacion-sectorial\\\/\",\"name\":\"UGT se re\u00fane con el Grupo Parlamentario Popular en la ronda de contactos para renovar la legislaci\u00f3n sectorial - UGT Comunicaciones\",\"isPartOf\":{\"@id\":\"https:\\\/\\\/www.ugtcomunicaciones.es\\\/wordpress\\\/#website\"},\"primaryImageOfPage\":{\"@id\":\"https:\\\/\\\/www.ugtcomunicaciones.es\\\/wordpress\\\/ugt-se-reune-con-el-grupo-parlamentario-popular-en-la-ronda-de-contactos-para-renovar-la-legislacion-sectorial\\\/#primaryimage\"},\"image\":{\"@id\":\"https:\\\/\\\/www.ugtcomunicaciones.es\\\/wordpress\\\/ugt-se-reune-con-el-grupo-parlamentario-popular-en-la-ronda-de-contactos-para-renovar-la-legislacion-sectorial\\\/#primaryimage\"},\"thumbnailUrl\":\"https:\\\/\\\/www.ugtcomunicaciones.es\\\/wordpress\\\/wp-content\\\/uploads\\\/2021\\\/01\\\/reunion_gpp.jpg\",\"datePublished\":\"2021-02-01T09:16:28+00:00\",\"description\":\"Como continuaci\u00f3n a la campa\u00f1a que venimos desplegando en las \u00faltimas semanas, nos hemos reunido con una representaci\u00f3n del Grupo...\",\"breadcrumb\":{\"@id\":\"https:\\\/\\\/www.ugtcomunicaciones.es\\\/wordpress\\\/ugt-se-reune-con-el-grupo-parlamentario-popular-en-la-ronda-de-contactos-para-renovar-la-legislacion-sectorial\\\/#breadcrumb\"},\"inLanguage\":\"es\",\"potentialAction\":[{\"@type\":\"ReadAction\",\"target\":[\"https:\\\/\\\/www.ugtcomunicaciones.es\\\/wordpress\\\/ugt-se-reune-con-el-grupo-parlamentario-popular-en-la-ronda-de-contactos-para-renovar-la-legislacion-sectorial\\\/\"]}]},{\"@type\":\"ImageObject\",\"inLanguage\":\"es\",\"@id\":\"https:\\\/\\\/www.ugtcomunicaciones.es\\\/wordpress\\\/ugt-se-reune-con-el-grupo-parlamentario-popular-en-la-ronda-de-contactos-para-renovar-la-legislacion-sectorial\\\/#primaryimage\",\"url\":\"https:\\\/\\\/www.ugtcomunicaciones.es\\\/wordpress\\\/wp-content\\\/uploads\\\/2021\\\/01\\\/reunion_gpp.jpg\",\"contentUrl\":\"https:\\\/\\\/www.ugtcomunicaciones.es\\\/wordpress\\\/wp-content\\\/uploads\\\/2021\\\/01\\\/reunion_gpp.jpg\",\"width\":600,\"height\":291,\"caption\":\"reunion_gpp\"},{\"@type\":\"BreadcrumbList\",\"@id\":\"https:\\\/\\\/www.ugtcomunicaciones.es\\\/wordpress\\\/ugt-se-reune-con-el-grupo-parlamentario-popular-en-la-ronda-de-contactos-para-renovar-la-legislacion-sectorial\\\/#breadcrumb\",\"itemListElement\":[{\"@type\":\"ListItem\",\"position\":1,\"name\":\"Portada\",\"item\":\"https:\\\/\\\/www.ugtcomunicaciones.es\\\/wordpress\\\/\"},{\"@type\":\"ListItem\",\"position\":2,\"name\":\"UGT se re\u00fane con el Grupo Parlamentario Popular en la ronda de contactos para renovar la legislaci\u00f3n sectorial\"}]},{\"@type\":\"WebSite\",\"@id\":\"https:\\\/\\\/www.ugtcomunicaciones.es\\\/wordpress\\\/#website\",\"url\":\"https:\\\/\\\/www.ugtcomunicaciones.es\\\/wordpress\\\/\",\"name\":\"UGT Comunicaciones\",\"description\":\"Sindicato de Telecomunicaciones\",\"publisher\":{\"@id\":\"https:\\\/\\\/www.ugtcomunicaciones.es\\\/wordpress\\\/#organization\"},\"potentialAction\":[{\"@type\":\"SearchAction\",\"target\":{\"@type\":\"EntryPoint\",\"urlTemplate\":\"https:\\\/\\\/www.ugtcomunicaciones.es\\\/wordpress\\\/?s={search_term_string}\"},\"query-input\":{\"@type\":\"PropertyValueSpecification\",\"valueRequired\":true,\"valueName\":\"search_term_string\"}}],\"inLanguage\":\"es\"},{\"@type\":\"Organization\",\"@id\":\"https:\\\/\\\/www.ugtcomunicaciones.es\\\/wordpress\\\/#organization\",\"name\":\"UGT Comunicaciones\",\"url\":\"https:\\\/\\\/www.ugtcomunicaciones.es\\\/wordpress\\\/\",\"logo\":{\"@type\":\"ImageObject\",\"inLanguage\":\"es\",\"@id\":\"https:\\\/\\\/www.ugtcomunicaciones.es\\\/wordpress\\\/#\\\/schema\\\/logo\\\/image\\\/\",\"url\":\"https:\\\/\\\/www.ugtcomunicaciones.es\\\/wordpress\\\/wp-content\\\/uploads\\\/2024\\\/04\\\/comunicaciones_logo.png\",\"contentUrl\":\"https:\\\/\\\/www.ugtcomunicaciones.es\\\/wordpress\\\/wp-content\\\/uploads\\\/2024\\\/04\\\/comunicaciones_logo.png\",\"width\":298,\"height\":81,\"caption\":\"UGT Comunicaciones\"},\"image\":{\"@id\":\"https:\\\/\\\/www.ugtcomunicaciones.es\\\/wordpress\\\/#\\\/schema\\\/logo\\\/image\\\/\"},\"sameAs\":[\"https:\\\/\\\/www.facebook.com\\\/ugt.comunicaciones\\\/\",\"https:\\\/\\\/x.com\\\/ugtcom\"]},{\"@type\":\"Person\",\"@id\":\"https:\\\/\\\/www.ugtcomunicaciones.es\\\/wordpress\\\/#\\\/schema\\\/person\\\/eba0fc3fe5b444531d94d4368cba89ed\",\"name\":\"UGT\",\"image\":{\"@type\":\"ImageObject\",\"inLanguage\":\"es\",\"@id\":\"https:\\\/\\\/secure.gravatar.com\\\/avatar\\\/2a16057d620a4c646bcfc171c4f23030879ebbdd346f0525bd5d4a564e57e13d?s=96&d=mm&r=g\",\"url\":\"https:\\\/\\\/secure.gravatar.com\\\/avatar\\\/2a16057d620a4c646bcfc171c4f23030879ebbdd346f0525bd5d4a564e57e13d?s=96&d=mm&r=g\",\"contentUrl\":\"https:\\\/\\\/secure.gravatar.com\\\/avatar\\\/2a16057d620a4c646bcfc171c4f23030879ebbdd346f0525bd5d4a564e57e13d?s=96&d=mm&r=g\",\"caption\":\"UGT\"}}]}<\/script>\n<!-- \/ Yoast SEO Premium plugin. -->","yoast_head_json":{"title":"UGT se re\u00fane con el Grupo Parlamentario Popular en la ronda de contactos para renovar la legislaci\u00f3n sectorial - UGT Comunicaciones","description":"Como continuaci\u00f3n a la campa\u00f1a que venimos desplegando en las \u00faltimas semanas, nos hemos reunido con una representaci\u00f3n del Grupo...","robots":{"index":"index","follow":"follow","max-snippet":"max-snippet:-1","max-image-preview":"max-image-preview:large","max-video-preview":"max-video-preview:-1"},"canonical":"https:\/\/www.ugtcomunicaciones.es\/wordpress\/ugt-se-reune-con-el-grupo-parlamentario-popular-en-la-ronda-de-contactos-para-renovar-la-legislacion-sectorial\/","og_locale":"es_ES","og_type":"article","og_title":"UGT se re\u00fane con el Grupo Parlamentario Popular en la ronda de contactos para renovar la legislaci\u00f3n sectorial","og_description":"Como continuaci\u00f3n a la campa\u00f1a que venimos desplegando en las \u00faltimas semanas, nos hemos reunido con una representaci\u00f3n del Grupo...","og_url":"https:\/\/www.ugtcomunicaciones.es\/wordpress\/ugt-se-reune-con-el-grupo-parlamentario-popular-en-la-ronda-de-contactos-para-renovar-la-legislacion-sectorial\/","og_site_name":"UGT Comunicaciones","article_publisher":"https:\/\/www.facebook.com\/ugt.comunicaciones\/","article_published_time":"2021-02-01T09:16:28+00:00","og_image":[{"width":600,"height":291,"url":"https:\/\/www.ugtcomunicaciones.es\/wordpress\/wp-content\/uploads\/2021\/01\/reunion_gpp.jpg","type":"image\/jpeg"}],"author":"UGT","twitter_card":"summary_large_image","twitter_creator":"@ugtcom","twitter_site":"@ugtcom","twitter_misc":{"Escrito por":"UGT","Tiempo de lectura":"1 minuto"},"schema":{"@context":"https:\/\/schema.org","@graph":[{"@type":"Article","@id":"https:\/\/www.ugtcomunicaciones.es\/wordpress\/ugt-se-reune-con-el-grupo-parlamentario-popular-en-la-ronda-de-contactos-para-renovar-la-legislacion-sectorial\/#article","isPartOf":{"@id":"https:\/\/www.ugtcomunicaciones.es\/wordpress\/ugt-se-reune-con-el-grupo-parlamentario-popular-en-la-ronda-de-contactos-para-renovar-la-legislacion-sectorial\/"},"author":{"name":"UGT","@id":"https:\/\/www.ugtcomunicaciones.es\/wordpress\/#\/schema\/person\/eba0fc3fe5b444531d94d4368cba89ed"},"headline":"UGT se re\u00fane con el Grupo Parlamentario Popular en la ronda de contactos para renovar la legislaci\u00f3n sectorial","datePublished":"2021-02-01T09:16:28+00:00","mainEntityOfPage":{"@id":"https:\/\/www.ugtcomunicaciones.es\/wordpress\/ugt-se-reune-con-el-grupo-parlamentario-popular-en-la-ronda-de-contactos-para-renovar-la-legislacion-sectorial\/"},"wordCount":316,"publisher":{"@id":"https:\/\/www.ugtcomunicaciones.es\/wordpress\/#organization"},"image":{"@id":"https:\/\/www.ugtcomunicaciones.es\/wordpress\/ugt-se-reune-con-el-grupo-parlamentario-popular-en-la-ronda-de-contactos-para-renovar-la-legislacion-sectorial\/#primaryimage"},"thumbnailUrl":"https:\/\/www.ugtcomunicaciones.es\/wordpress\/wp-content\/uploads\/2021\/01\/reunion_gpp.jpg","articleSection":["Telef\u00f3nica CEV","Telef\u00f3nica de Espa\u00f1a","Telef\u00f3nica M\u00f3viles","Telef\u00f3nica Soluciones"],"inLanguage":"es"},{"@type":"WebPage","@id":"https:\/\/www.ugtcomunicaciones.es\/wordpress\/ugt-se-reune-con-el-grupo-parlamentario-popular-en-la-ronda-de-contactos-para-renovar-la-legislacion-sectorial\/","url":"https:\/\/www.ugtcomunicaciones.es\/wordpress\/ugt-se-reune-con-el-grupo-parlamentario-popular-en-la-ronda-de-contactos-para-renovar-la-legislacion-sectorial\/","name":"UGT se re\u00fane con el Grupo Parlamentario Popular en la ronda de contactos para renovar la legislaci\u00f3n sectorial - UGT Comunicaciones","isPartOf":{"@id":"https:\/\/www.ugtcomunicaciones.es\/wordpress\/#website"},"primaryImageOfPage":{"@id":"https:\/\/www.ugtcomunicaciones.es\/wordpress\/ugt-se-reune-con-el-grupo-parlamentario-popular-en-la-ronda-de-contactos-para-renovar-la-legislacion-sectorial\/#primaryimage"},"image":{"@id":"https:\/\/www.ugtcomunicaciones.es\/wordpress\/ugt-se-reune-con-el-grupo-parlamentario-popular-en-la-ronda-de-contactos-para-renovar-la-legislacion-sectorial\/#primaryimage"},"thumbnailUrl":"https:\/\/www.ugtcomunicaciones.es\/wordpress\/wp-content\/uploads\/2021\/01\/reunion_gpp.jpg","datePublished":"2021-02-01T09:16:28+00:00","description":"Como continuaci\u00f3n a la campa\u00f1a que venimos desplegando en las \u00faltimas semanas, nos hemos reunido con una representaci\u00f3n del Grupo...","breadcrumb":{"@id":"https:\/\/www.ugtcomunicaciones.es\/wordpress\/ugt-se-reune-con-el-grupo-parlamentario-popular-en-la-ronda-de-contactos-para-renovar-la-legislacion-sectorial\/#breadcrumb"},"inLanguage":"es","potentialAction":[{"@type":"ReadAction","target":["https:\/\/www.ugtcomunicaciones.es\/wordpress\/ugt-se-reune-con-el-grupo-parlamentario-popular-en-la-ronda-de-contactos-para-renovar-la-legislacion-sectorial\/"]}]},{"@type":"ImageObject","inLanguage":"es","@id":"https:\/\/www.ugtcomunicaciones.es\/wordpress\/ugt-se-reune-con-el-grupo-parlamentario-popular-en-la-ronda-de-contactos-para-renovar-la-legislacion-sectorial\/#primaryimage","url":"https:\/\/www.ugtcomunicaciones.es\/wordpress\/wp-content\/uploads\/2021\/01\/reunion_gpp.jpg","contentUrl":"https:\/\/www.ugtcomunicaciones.es\/wordpress\/wp-content\/uploads\/2021\/01\/reunion_gpp.jpg","width":600,"height":291,"caption":"reunion_gpp"},{"@type":"BreadcrumbList","@id":"https:\/\/www.ugtcomunicaciones.es\/wordpress\/ugt-se-reune-con-el-grupo-parlamentario-popular-en-la-ronda-de-contactos-para-renovar-la-legislacion-sectorial\/#breadcrumb","itemListElement":[{"@type":"ListItem","position":1,"name":"Portada","item":"https:\/\/www.ugtcomunicaciones.es\/wordpress\/"},{"@type":"ListItem","position":2,"name":"UGT se re\u00fane con el Grupo Parlamentario Popular en la ronda de contactos para renovar la legislaci\u00f3n sectorial"}]},{"@type":"WebSite","@id":"https:\/\/www.ugtcomunicaciones.es\/wordpress\/#website","url":"https:\/\/www.ugtcomunicaciones.es\/wordpress\/","name":"UGT Comunicaciones","description":"Sindicato de Telecomunicaciones","publisher":{"@id":"https:\/\/www.ugtcomunicaciones.es\/wordpress\/#organization"},"potentialAction":[{"@type":"SearchAction","target":{"@type":"EntryPoint","urlTemplate":"https:\/\/www.ugtcomunicaciones.es\/wordpress\/?s={search_term_string}"},"query-input":{"@type":"PropertyValueSpecification","valueRequired":true,"valueName":"search_term_string"}}],"inLanguage":"es"},{"@type":"Organization","@id":"https:\/\/www.ugtcomunicaciones.es\/wordpress\/#organization","name":"UGT Comunicaciones","url":"https:\/\/www.ugtcomunicaciones.es\/wordpress\/","logo":{"@type":"ImageObject","inLanguage":"es","@id":"https:\/\/www.ugtcomunicaciones.es\/wordpress\/#\/schema\/logo\/image\/","url":"https:\/\/www.ugtcomunicaciones.es\/wordpress\/wp-content\/uploads\/2024\/04\/comunicaciones_logo.png","contentUrl":"https:\/\/www.ugtcomunicaciones.es\/wordpress\/wp-content\/uploads\/2024\/04\/comunicaciones_logo.png","width":298,"height":81,"caption":"UGT Comunicaciones"},"image":{"@id":"https:\/\/www.ugtcomunicaciones.es\/wordpress\/#\/schema\/logo\/image\/"},"sameAs":["https:\/\/www.facebook.com\/ugt.comunicaciones\/","https:\/\/x.com\/ugtcom"]},{"@type":"Person","@id":"https:\/\/www.ugtcomunicaciones.es\/wordpress\/#\/schema\/person\/eba0fc3fe5b444531d94d4368cba89ed","name":"UGT","image":{"@type":"ImageObject","inLanguage":"es","@id":"https:\/\/secure.gravatar.com\/avatar\/2a16057d620a4c646bcfc171c4f23030879ebbdd346f0525bd5d4a564e57e13d?s=96&d=mm&r=g","url":"https:\/\/secure.gravatar.com\/avatar\/2a16057d620a4c646bcfc171c4f23030879ebbdd346f0525bd5d4a564e57e13d?s=96&d=mm&r=g","contentUrl":"https:\/\/secure.gravatar.com\/avatar\/2a16057d620a4c646bcfc171c4f23030879ebbdd346f0525bd5d4a564e57e13d?s=96&d=mm&r=g","caption":"UGT"}}]}},"_links":{"self":[{"href":"https:\/\/www.ugtcomunicaciones.es\/wordpress\/wp-json\/wp\/v2\/posts\/753153","targetHints":{"allow":["GET"]}}],"collection":[{"href":"https:\/\/www.ugtcomunicaciones.es\/wordpress\/wp-json\/wp\/v2\/posts"}],"about":[{"href":"https:\/\/www.ugtcomunicaciones.es\/wordpress\/wp-json\/wp\/v2\/types\/post"}],"author":[{"embeddable":true,"href":"https:\/\/www.ugtcomunicaciones.es\/wordpress\/wp-json\/wp\/v2\/users\/3"}],"replies":[{"embeddable":true,"href":"https:\/\/www.ugtcomunicaciones.es\/wordpress\/wp-json\/wp\/v2\/comments?post=753153"}],"version-history":[{"count":0,"href":"https:\/\/www.ugtcomunicaciones.es\/wordpress\/wp-json\/wp\/v2\/posts\/753153\/revisions"}],"wp:featuredmedia":[{"embeddable":true,"href":"https:\/\/www.ugtcomunicaciones.es\/wordpress\/wp-json\/wp\/v2\/media\/753154"}],"wp:attachment":[{"href":"https:\/\/www.ugtcomunicaciones.es\/wordpress\/wp-json\/wp\/v2\/media?parent=753153"}],"wp:term":[{"taxonomy":"category","embeddable":true,"href":"https:\/\/www.ugtcomunicaciones.es\/wordpress\/wp-json\/wp\/v2\/categories?post=753153"},{"taxonomy":"post_tag","embeddable":true,"href":"https:\/\/www.ugtcomunicaciones.es\/wordpress\/wp-json\/wp\/v2\/tags?post=753153"}],"curies":[{"name":"wp","href":"https:\/\/api.w.org\/{rel}","templated":true}]}}