{"id":759067,"date":"2021-02-22T07:00:56","date_gmt":"2021-02-22T06:00:56","guid":{"rendered":"https:\/\/www.ugtcomunicaciones.es\/wordpress\/?p=759067"},"modified":"2021-02-17T09:30:19","modified_gmt":"2021-02-17T08:30:19","slug":"la-cnmc-reclama-reordenar-el-especto-de-35-ghz","status":"publish","type":"post","link":"https:\/\/www.ugtcomunicaciones.es\/wordpress\/la-cnmc-reclama-reordenar-el-especto-de-35-ghz\/","title":{"rendered":"La CNMC reclama reordenar el espectro de 3,5 GHz"},"content":{"rendered":"<p style=\"text-align: justify;\">En una interesant\u00edsima entrada de su blog<sup class=\"modern-footnotes-footnote \" data-mfn=\"1\" data-mfn-post-scope=\"000000000000413c0000000000000000_759067\"><a href=\"javascript:void(0)\"  role=\"button\" aria-pressed=\"false\" aria-describedby=\"mfn-content-000000000000413c0000000000000000_759067-1\">1<\/a><\/sup><span id=\"mfn-content-000000000000413c0000000000000000_759067-1\" role=\"tooltip\" class=\"modern-footnotes-footnote__note\" tabindex=\"0\" data-mfn=\"1\"><a href=\"https:\/\/blog.cnmc.es\/2021\/01\/05\/las-subastas-5g-y-las-ventajas-del-orden\/\" target=\"_blank\" rel=\"noopener\">https:\/\/blog.cnmc.es\/2021\/01\/05\/las-subastas-5g-y-las-ventajas-del-orden\/<\/a><\/span>, la CNMC ha presentado su propuesta de reordenaci\u00f3n de la banda de frecuencias entre los 3,4 y los 3,8 GHz, en virtud del pr\u00f3xima subasta de 20 MHz en dicha banda, hasta ahora propiedad del Ministerio de Defensa<sup class=\"modern-footnotes-footnote \" data-mfn=\"2\" data-mfn-post-scope=\"000000000000413c0000000000000000_759067\"><a href=\"javascript:void(0)\"  role=\"button\" aria-pressed=\"false\" aria-describedby=\"mfn-content-000000000000413c0000000000000000_759067-2\">2<\/a><\/sup><span id=\"mfn-content-000000000000413c0000000000000000_759067-2\" role=\"tooltip\" class=\"modern-footnotes-footnote__note\" tabindex=\"0\" data-mfn=\"2\"><a href=\"https:\/\/cincodias.elpais.com\/cincodias\/2020\/11\/27\/companias\/1606507228_451341.html\" target=\"_blank\" rel=\"noopener\">https:\/\/cincodias.elpais.com\/cincodias\/2020\/11\/27\/companias\/1606507228_451341.html<\/a><\/span>.<\/p>\n<p style=\"text-align: justify;\">Bajo una l\u00f3gica aplastante, y atendiendo a las recomendaciones del est\u00e1ndar 5G, que exige la continuidad de los bloques de frecuencias para cada operador, el regulador propone a la Secretar\u00eda de Estado de Telecomunicaciones una reordenaci\u00f3n de toda la banda.<\/p>\n<p style=\"text-align: justify;\">Recuerda la CNMC que esta banda ha sufrido varios procesos de licitaci\u00f3n, hasta alcanzar su actual composici\u00f3n, con Orange acumulando 100 MHz, Telef\u00f3nica y Vodafone tienen 90 y los 80 MHz de M\u00e1sM\u00f3vil. Todos ellos dispuestos de forma muy fragmentada, tal y como puede verse en esta imagen proporcionada por la propia CNMC<sup class=\"modern-footnotes-footnote \" data-mfn=\"3\" data-mfn-post-scope=\"000000000000413c0000000000000000_759067\"><a href=\"javascript:void(0)\"  role=\"button\" aria-pressed=\"false\" aria-describedby=\"mfn-content-000000000000413c0000000000000000_759067-3\">3<\/a><\/sup><span id=\"mfn-content-000000000000413c0000000000000000_759067-3\" role=\"tooltip\" class=\"modern-footnotes-footnote__note\" tabindex=\"0\" data-mfn=\"3\"><a href=\"https:\/\/www.cnmc.es\/expedientes\/ipncnmc04520\" target=\"_blank\" rel=\"noopener\">https:\/\/www.cnmc.es\/expedientes\/ipncnmc04520<\/a><\/span>:<\/p>\n<p><img decoding=\"async\" class=\"aligncenter wp-image-759072 size-full lazyload\" data-src=\"https:\/\/www.ugtcomunicaciones.es\/wordpress\/wp-content\/uploads\/2021\/02\/CNMC-1.jpg\" alt=\"\" width=\"642\" height=\"208\" data-srcset=\"https:\/\/www.ugtcomunicaciones.es\/wordpress\/wp-content\/uploads\/2021\/02\/CNMC-1.jpg 642w, https:\/\/www.ugtcomunicaciones.es\/wordpress\/wp-content\/uploads\/2021\/02\/CNMC-1-300x97.jpg 300w, https:\/\/www.ugtcomunicaciones.es\/wordpress\/wp-content\/uploads\/2021\/02\/CNMC-1-640x208.jpg 640w\" data-sizes=\"(max-width: 642px) 100vw, 642px\" src=\"data:image\/svg+xml;base64,PHN2ZyB3aWR0aD0iMSIgaGVpZ2h0PSIxIiB4bWxucz0iaHR0cDovL3d3dy53My5vcmcvMjAwMC9zdmciPjwvc3ZnPg==\" style=\"--smush-placeholder-width: 642px; --smush-placeholder-aspect-ratio: 642\/208;\" \/><\/p>\n<p style=\"text-align: justify;\"><strong>Cantidad de espectro que posee cada entidad en la banda 5G de 3,5 GHz<sup class=\"modern-footnotes-footnote \" data-mfn=\"4\" data-mfn-post-scope=\"000000000000413c0000000000000000_759067\"><a href=\"javascript:void(0)\"  role=\"button\" aria-pressed=\"false\" aria-describedby=\"mfn-content-000000000000413c0000000000000000_759067-4\">4<\/a><\/sup><span id=\"mfn-content-000000000000413c0000000000000000_759067-4\" role=\"tooltip\" class=\"modern-footnotes-footnote__note\" tabindex=\"0\" data-mfn=\"4\"><a href=\"https:\/\/bandaancha.eu\/articulos\/frecuencias-5g-operadoras-espana-9815\" target=\"_blank\" rel=\"noopener\">https:\/\/bandaancha.eu\/articulos\/frecuencias-5g-operadoras-espana-9815<\/a><\/span><\/strong><\/p>\n<p><img decoding=\"async\" class=\"aligncenter wp-image-759071 size-full lazyload\" data-src=\"https:\/\/www.ugtcomunicaciones.es\/wordpress\/wp-content\/uploads\/2021\/02\/CNMC-2.jpg\" alt=\"\" width=\"616\" height=\"232\" data-srcset=\"https:\/\/www.ugtcomunicaciones.es\/wordpress\/wp-content\/uploads\/2021\/02\/CNMC-2.jpg 616w, https:\/\/www.ugtcomunicaciones.es\/wordpress\/wp-content\/uploads\/2021\/02\/CNMC-2-300x113.jpg 300w\" data-sizes=\"(max-width: 616px) 100vw, 616px\" src=\"data:image\/svg+xml;base64,PHN2ZyB3aWR0aD0iMSIgaGVpZ2h0PSIxIiB4bWxucz0iaHR0cDovL3d3dy53My5vcmcvMjAwMC9zdmciPjwvc3ZnPg==\" style=\"--smush-placeholder-width: 616px; --smush-placeholder-aspect-ratio: 616\/232;\" \/><\/p>\n<p style=\"text-align: justify;\">A partir de esta disposici\u00f3n, la CNMC reflexiona, acertadamente, lo siguiente: \u201c<em>Una vez licitados los 20 MHz, y reservados los 20 MHz para garantizar la compatibilidad con los sistemas de la OTAN, se dispondr\u00e1 de 380 MHz contiguos destinados a la prestaci\u00f3n de servicios de comunicaciones electr\u00f3nicas\u201d<\/em>, por lo que propone reubicarlos <em>\u201ccon el objetivo de que las concesiones de un mismo operador puedan ser contiguas y alcanzar as\u00ed un uso m\u00e1s eficiente del espectro radioel\u00e9ctrico\u201d<\/em>.<\/p>\n<p><img decoding=\"async\" class=\"aligncenter wp-image-759070 size-full lazyload\" data-src=\"https:\/\/www.ugtcomunicaciones.es\/wordpress\/wp-content\/uploads\/2021\/02\/CNMC-3.jpg\" alt=\"\" width=\"643\" height=\"209\" data-srcset=\"https:\/\/www.ugtcomunicaciones.es\/wordpress\/wp-content\/uploads\/2021\/02\/CNMC-3.jpg 643w, https:\/\/www.ugtcomunicaciones.es\/wordpress\/wp-content\/uploads\/2021\/02\/CNMC-3-300x98.jpg 300w, https:\/\/www.ugtcomunicaciones.es\/wordpress\/wp-content\/uploads\/2021\/02\/CNMC-3-640x209.jpg 640w\" data-sizes=\"(max-width: 643px) 100vw, 643px\" src=\"data:image\/svg+xml;base64,PHN2ZyB3aWR0aD0iMSIgaGVpZ2h0PSIxIiB4bWxucz0iaHR0cDovL3d3dy53My5vcmcvMjAwMC9zdmciPjwvc3ZnPg==\" style=\"--smush-placeholder-width: 643px; --smush-placeholder-aspect-ratio: 643\/209;\" \/><\/p>\n<p style=\"text-align: justify;\">Teniendo en cuenta que el m\u00e1ximo espectro posible por operador es de 120 MHz, al objeto de poner l\u00edmites de acaparamiento, la CNMC considera \u201cdeseable\u201d colocar los bloques contiguos en funci\u00f3n de su propiedad; en un principio, \u201csin necesidad\u201d de intervenci\u00f3n por parte del Gobierno o la misma CNMC.<\/p>\n<p style=\"text-align: justify;\">Dicho de otro modo, la CNMC sugiere poner de acuerdo a los cuatro operadores implicados, remarcando que <em>\u201c<\/em><em>en el caso de que dicho acuerdo no se pudiera alcanzar, deber\u00eda ser la SETID la que determine las condiciones de la reorganizaci\u00f3n\u201d<\/em>, para finalmente proponer reducciones en las tasas para aquellos operadores que pudiesen salir perjudicados en dicha reorganizaci\u00f3n.<\/p>\n<h4 style=\"text-align: right;\"><strong><span style=\"color: #ff0000;\">UGT<\/span> Comunicaciones<\/strong><\/h4>\n<p><a href=\"#_ftnref1\" name=\"_ftn1\"><\/a><\/p>\n","protected":false},"excerpt":{"rendered":"<p>En una interesant\u00edsima entrada de su blog, la CNMC ha presentado su propuesta de reordenaci\u00f3n de la banda de frecuencias entre los 3,4 y los 3,8 GHz, en virtud del pr\u00f3xima subasta de 20 MHz en dicha banda, hasta ahora propiedad del Ministerio de Defensa. Bajo una l\u00f3gica aplastante, y atendiendo a las recomendaciones del [&hellip;]<\/p>\n","protected":false},"author":3,"featured_media":645,"comment_status":"closed","ping_status":"closed","sticky":false,"template":"","format":"standard","meta":{"footnotes":""},"categories":[13,12],"tags":[],"class_list":["post-759067","post","type-post","status-publish","format-standard","has-post-thumbnail","hentry","category-mercado-comunicaciones","category-regulacion"],"yoast_head":"<!-- This site is optimized with the Yoast SEO Premium plugin v27.3 (Yoast SEO v27.4) - https:\/\/yoast.com\/product\/yoast-seo-premium-wordpress\/ -->\n<title>La CNMC reclama reordenar el espectro de 3,5 GHz - UGT Comunicaciones<\/title>\n<meta name=\"robots\" content=\"index, follow, max-snippet:-1, max-image-preview:large, max-video-preview:-1\" \/>\n<link rel=\"canonical\" href=\"https:\/\/www.ugtcomunicaciones.es\/wordpress\/la-cnmc-reclama-reordenar-el-especto-de-35-ghz\/\" \/>\n<meta property=\"og:locale\" content=\"es_ES\" \/>\n<meta property=\"og:type\" content=\"article\" \/>\n<meta property=\"og:title\" content=\"La CNMC reclama reordenar el espectro de 3,5 GHz\" \/>\n<meta property=\"og:description\" content=\"En una interesant\u00edsima entrada de su blog, la CNMC ha presentado su propuesta de reordenaci\u00f3n de la banda de frecuencias entre los 3,4 y los 3,8 GHz, en virtud del pr\u00f3xima subasta de 20 MHz en dicha banda, hasta ahora propiedad del Ministerio de Defensa. Bajo una l\u00f3gica aplastante, y atendiendo a las recomendaciones del [&hellip;]\" \/>\n<meta property=\"og:url\" content=\"https:\/\/www.ugtcomunicaciones.es\/wordpress\/la-cnmc-reclama-reordenar-el-especto-de-35-ghz\/\" \/>\n<meta property=\"og:site_name\" content=\"UGT Comunicaciones\" \/>\n<meta property=\"article:publisher\" content=\"https:\/\/www.facebook.com\/ugt.comunicaciones\/\" \/>\n<meta property=\"article:published_time\" content=\"2021-02-22T06:00:56+00:00\" \/>\n<meta property=\"og:image\" content=\"https:\/\/www.ugtcomunicaciones.es\/wordpress\/wp-content\/uploads\/2017\/01\/CNMC_1.png\" \/>\n\t<meta property=\"og:image:width\" content=\"664\" \/>\n\t<meta property=\"og:image:height\" content=\"443\" \/>\n\t<meta property=\"og:image:type\" content=\"image\/png\" \/>\n<meta name=\"author\" content=\"UGT\" \/>\n<meta name=\"twitter:card\" content=\"summary_large_image\" \/>\n<meta name=\"twitter:creator\" content=\"@ugtcom\" \/>\n<meta name=\"twitter:site\" content=\"@ugtcom\" \/>\n<meta name=\"twitter:label1\" content=\"Escrito por\" \/>\n\t<meta name=\"twitter:data1\" content=\"UGT\" \/>\n\t<meta name=\"twitter:label2\" content=\"Tiempo de lectura\" \/>\n\t<meta name=\"twitter:data2\" content=\"3 minutos\" \/>\n<script type=\"application\/ld+json\" class=\"yoast-schema-graph\">{\"@context\":\"https:\\\/\\\/schema.org\",\"@graph\":[{\"@type\":\"Article\",\"@id\":\"https:\\\/\\\/www.ugtcomunicaciones.es\\\/wordpress\\\/la-cnmc-reclama-reordenar-el-especto-de-35-ghz\\\/#article\",\"isPartOf\":{\"@id\":\"https:\\\/\\\/www.ugtcomunicaciones.es\\\/wordpress\\\/la-cnmc-reclama-reordenar-el-especto-de-35-ghz\\\/\"},\"author\":{\"name\":\"UGT\",\"@id\":\"https:\\\/\\\/www.ugtcomunicaciones.es\\\/wordpress\\\/#\\\/schema\\\/person\\\/eba0fc3fe5b444531d94d4368cba89ed\"},\"headline\":\"La CNMC reclama reordenar el espectro de 3,5 GHz\",\"datePublished\":\"2021-02-22T06:00:56+00:00\",\"mainEntityOfPage\":{\"@id\":\"https:\\\/\\\/www.ugtcomunicaciones.es\\\/wordpress\\\/la-cnmc-reclama-reordenar-el-especto-de-35-ghz\\\/\"},\"wordCount\":390,\"publisher\":{\"@id\":\"https:\\\/\\\/www.ugtcomunicaciones.es\\\/wordpress\\\/#organization\"},\"image\":{\"@id\":\"https:\\\/\\\/www.ugtcomunicaciones.es\\\/wordpress\\\/la-cnmc-reclama-reordenar-el-especto-de-35-ghz\\\/#primaryimage\"},\"thumbnailUrl\":\"https:\\\/\\\/www.ugtcomunicaciones.es\\\/wordpress\\\/wp-content\\\/uploads\\\/2017\\\/01\\\/CNMC_1.png\",\"articleSection\":[\"Mercado Comunicaciones\",\"Regulaci\u00f3n\"],\"inLanguage\":\"es\"},{\"@type\":\"WebPage\",\"@id\":\"https:\\\/\\\/www.ugtcomunicaciones.es\\\/wordpress\\\/la-cnmc-reclama-reordenar-el-especto-de-35-ghz\\\/\",\"url\":\"https:\\\/\\\/www.ugtcomunicaciones.es\\\/wordpress\\\/la-cnmc-reclama-reordenar-el-especto-de-35-ghz\\\/\",\"name\":\"La CNMC reclama reordenar el espectro de 3,5 GHz - UGT Comunicaciones\",\"isPartOf\":{\"@id\":\"https:\\\/\\\/www.ugtcomunicaciones.es\\\/wordpress\\\/#website\"},\"primaryImageOfPage\":{\"@id\":\"https:\\\/\\\/www.ugtcomunicaciones.es\\\/wordpress\\\/la-cnmc-reclama-reordenar-el-especto-de-35-ghz\\\/#primaryimage\"},\"image\":{\"@id\":\"https:\\\/\\\/www.ugtcomunicaciones.es\\\/wordpress\\\/la-cnmc-reclama-reordenar-el-especto-de-35-ghz\\\/#primaryimage\"},\"thumbnailUrl\":\"https:\\\/\\\/www.ugtcomunicaciones.es\\\/wordpress\\\/wp-content\\\/uploads\\\/2017\\\/01\\\/CNMC_1.png\",\"datePublished\":\"2021-02-22T06:00:56+00:00\",\"breadcrumb\":{\"@id\":\"https:\\\/\\\/www.ugtcomunicaciones.es\\\/wordpress\\\/la-cnmc-reclama-reordenar-el-especto-de-35-ghz\\\/#breadcrumb\"},\"inLanguage\":\"es\",\"potentialAction\":[{\"@type\":\"ReadAction\",\"target\":[\"https:\\\/\\\/www.ugtcomunicaciones.es\\\/wordpress\\\/la-cnmc-reclama-reordenar-el-especto-de-35-ghz\\\/\"]}]},{\"@type\":\"ImageObject\",\"inLanguage\":\"es\",\"@id\":\"https:\\\/\\\/www.ugtcomunicaciones.es\\\/wordpress\\\/la-cnmc-reclama-reordenar-el-especto-de-35-ghz\\\/#primaryimage\",\"url\":\"https:\\\/\\\/www.ugtcomunicaciones.es\\\/wordpress\\\/wp-content\\\/uploads\\\/2017\\\/01\\\/CNMC_1.png\",\"contentUrl\":\"https:\\\/\\\/www.ugtcomunicaciones.es\\\/wordpress\\\/wp-content\\\/uploads\\\/2017\\\/01\\\/CNMC_1.png\",\"width\":664,\"height\":443,\"caption\":\"CNMC\"},{\"@type\":\"BreadcrumbList\",\"@id\":\"https:\\\/\\\/www.ugtcomunicaciones.es\\\/wordpress\\\/la-cnmc-reclama-reordenar-el-especto-de-35-ghz\\\/#breadcrumb\",\"itemListElement\":[{\"@type\":\"ListItem\",\"position\":1,\"name\":\"Portada\",\"item\":\"https:\\\/\\\/www.ugtcomunicaciones.es\\\/wordpress\\\/\"},{\"@type\":\"ListItem\",\"position\":2,\"name\":\"La CNMC reclama reordenar el espectro de 3,5 GHz\"}]},{\"@type\":\"WebSite\",\"@id\":\"https:\\\/\\\/www.ugtcomunicaciones.es\\\/wordpress\\\/#website\",\"url\":\"https:\\\/\\\/www.ugtcomunicaciones.es\\\/wordpress\\\/\",\"name\":\"UGT Comunicaciones\",\"description\":\"Sindicato de Telecomunicaciones\",\"publisher\":{\"@id\":\"https:\\\/\\\/www.ugtcomunicaciones.es\\\/wordpress\\\/#organization\"},\"potentialAction\":[{\"@type\":\"SearchAction\",\"target\":{\"@type\":\"EntryPoint\",\"urlTemplate\":\"https:\\\/\\\/www.ugtcomunicaciones.es\\\/wordpress\\\/?s={search_term_string}\"},\"query-input\":{\"@type\":\"PropertyValueSpecification\",\"valueRequired\":true,\"valueName\":\"search_term_string\"}}],\"inLanguage\":\"es\"},{\"@type\":\"Organization\",\"@id\":\"https:\\\/\\\/www.ugtcomunicaciones.es\\\/wordpress\\\/#organization\",\"name\":\"UGT Comunicaciones\",\"url\":\"https:\\\/\\\/www.ugtcomunicaciones.es\\\/wordpress\\\/\",\"logo\":{\"@type\":\"ImageObject\",\"inLanguage\":\"es\",\"@id\":\"https:\\\/\\\/www.ugtcomunicaciones.es\\\/wordpress\\\/#\\\/schema\\\/logo\\\/image\\\/\",\"url\":\"https:\\\/\\\/www.ugtcomunicaciones.es\\\/wordpress\\\/wp-content\\\/uploads\\\/2024\\\/04\\\/comunicaciones_logo.png\",\"contentUrl\":\"https:\\\/\\\/www.ugtcomunicaciones.es\\\/wordpress\\\/wp-content\\\/uploads\\\/2024\\\/04\\\/comunicaciones_logo.png\",\"width\":298,\"height\":81,\"caption\":\"UGT Comunicaciones\"},\"image\":{\"@id\":\"https:\\\/\\\/www.ugtcomunicaciones.es\\\/wordpress\\\/#\\\/schema\\\/logo\\\/image\\\/\"},\"sameAs\":[\"https:\\\/\\\/www.facebook.com\\\/ugt.comunicaciones\\\/\",\"https:\\\/\\\/x.com\\\/ugtcom\"]},{\"@type\":\"Person\",\"@id\":\"https:\\\/\\\/www.ugtcomunicaciones.es\\\/wordpress\\\/#\\\/schema\\\/person\\\/eba0fc3fe5b444531d94d4368cba89ed\",\"name\":\"UGT\",\"image\":{\"@type\":\"ImageObject\",\"inLanguage\":\"es\",\"@id\":\"https:\\\/\\\/secure.gravatar.com\\\/avatar\\\/2a16057d620a4c646bcfc171c4f23030879ebbdd346f0525bd5d4a564e57e13d?s=96&d=mm&r=g\",\"url\":\"https:\\\/\\\/secure.gravatar.com\\\/avatar\\\/2a16057d620a4c646bcfc171c4f23030879ebbdd346f0525bd5d4a564e57e13d?s=96&d=mm&r=g\",\"contentUrl\":\"https:\\\/\\\/secure.gravatar.com\\\/avatar\\\/2a16057d620a4c646bcfc171c4f23030879ebbdd346f0525bd5d4a564e57e13d?s=96&d=mm&r=g\",\"caption\":\"UGT\"}}]}<\/script>\n<!-- \/ Yoast SEO Premium plugin. -->","yoast_head_json":{"title":"La CNMC reclama reordenar el espectro de 3,5 GHz - UGT Comunicaciones","robots":{"index":"index","follow":"follow","max-snippet":"max-snippet:-1","max-image-preview":"max-image-preview:large","max-video-preview":"max-video-preview:-1"},"canonical":"https:\/\/www.ugtcomunicaciones.es\/wordpress\/la-cnmc-reclama-reordenar-el-especto-de-35-ghz\/","og_locale":"es_ES","og_type":"article","og_title":"La CNMC reclama reordenar el espectro de 3,5 GHz","og_description":"En una interesant\u00edsima entrada de su blog, la CNMC ha presentado su propuesta de reordenaci\u00f3n de la banda de frecuencias entre los 3,4 y los 3,8 GHz, en virtud del pr\u00f3xima subasta de 20 MHz en dicha banda, hasta ahora propiedad del Ministerio de Defensa. Bajo una l\u00f3gica aplastante, y atendiendo a las recomendaciones del [&hellip;]","og_url":"https:\/\/www.ugtcomunicaciones.es\/wordpress\/la-cnmc-reclama-reordenar-el-especto-de-35-ghz\/","og_site_name":"UGT Comunicaciones","article_publisher":"https:\/\/www.facebook.com\/ugt.comunicaciones\/","article_published_time":"2021-02-22T06:00:56+00:00","og_image":[{"width":664,"height":443,"url":"https:\/\/www.ugtcomunicaciones.es\/wordpress\/wp-content\/uploads\/2017\/01\/CNMC_1.png","type":"image\/png"}],"author":"UGT","twitter_card":"summary_large_image","twitter_creator":"@ugtcom","twitter_site":"@ugtcom","twitter_misc":{"Escrito por":"UGT","Tiempo de lectura":"3 minutos"},"schema":{"@context":"https:\/\/schema.org","@graph":[{"@type":"Article","@id":"https:\/\/www.ugtcomunicaciones.es\/wordpress\/la-cnmc-reclama-reordenar-el-especto-de-35-ghz\/#article","isPartOf":{"@id":"https:\/\/www.ugtcomunicaciones.es\/wordpress\/la-cnmc-reclama-reordenar-el-especto-de-35-ghz\/"},"author":{"name":"UGT","@id":"https:\/\/www.ugtcomunicaciones.es\/wordpress\/#\/schema\/person\/eba0fc3fe5b444531d94d4368cba89ed"},"headline":"La CNMC reclama reordenar el espectro de 3,5 GHz","datePublished":"2021-02-22T06:00:56+00:00","mainEntityOfPage":{"@id":"https:\/\/www.ugtcomunicaciones.es\/wordpress\/la-cnmc-reclama-reordenar-el-especto-de-35-ghz\/"},"wordCount":390,"publisher":{"@id":"https:\/\/www.ugtcomunicaciones.es\/wordpress\/#organization"},"image":{"@id":"https:\/\/www.ugtcomunicaciones.es\/wordpress\/la-cnmc-reclama-reordenar-el-especto-de-35-ghz\/#primaryimage"},"thumbnailUrl":"https:\/\/www.ugtcomunicaciones.es\/wordpress\/wp-content\/uploads\/2017\/01\/CNMC_1.png","articleSection":["Mercado Comunicaciones","Regulaci\u00f3n"],"inLanguage":"es"},{"@type":"WebPage","@id":"https:\/\/www.ugtcomunicaciones.es\/wordpress\/la-cnmc-reclama-reordenar-el-especto-de-35-ghz\/","url":"https:\/\/www.ugtcomunicaciones.es\/wordpress\/la-cnmc-reclama-reordenar-el-especto-de-35-ghz\/","name":"La CNMC reclama reordenar el espectro de 3,5 GHz - UGT Comunicaciones","isPartOf":{"@id":"https:\/\/www.ugtcomunicaciones.es\/wordpress\/#website"},"primaryImageOfPage":{"@id":"https:\/\/www.ugtcomunicaciones.es\/wordpress\/la-cnmc-reclama-reordenar-el-especto-de-35-ghz\/#primaryimage"},"image":{"@id":"https:\/\/www.ugtcomunicaciones.es\/wordpress\/la-cnmc-reclama-reordenar-el-especto-de-35-ghz\/#primaryimage"},"thumbnailUrl":"https:\/\/www.ugtcomunicaciones.es\/wordpress\/wp-content\/uploads\/2017\/01\/CNMC_1.png","datePublished":"2021-02-22T06:00:56+00:00","breadcrumb":{"@id":"https:\/\/www.ugtcomunicaciones.es\/wordpress\/la-cnmc-reclama-reordenar-el-especto-de-35-ghz\/#breadcrumb"},"inLanguage":"es","potentialAction":[{"@type":"ReadAction","target":["https:\/\/www.ugtcomunicaciones.es\/wordpress\/la-cnmc-reclama-reordenar-el-especto-de-35-ghz\/"]}]},{"@type":"ImageObject","inLanguage":"es","@id":"https:\/\/www.ugtcomunicaciones.es\/wordpress\/la-cnmc-reclama-reordenar-el-especto-de-35-ghz\/#primaryimage","url":"https:\/\/www.ugtcomunicaciones.es\/wordpress\/wp-content\/uploads\/2017\/01\/CNMC_1.png","contentUrl":"https:\/\/www.ugtcomunicaciones.es\/wordpress\/wp-content\/uploads\/2017\/01\/CNMC_1.png","width":664,"height":443,"caption":"CNMC"},{"@type":"BreadcrumbList","@id":"https:\/\/www.ugtcomunicaciones.es\/wordpress\/la-cnmc-reclama-reordenar-el-especto-de-35-ghz\/#breadcrumb","itemListElement":[{"@type":"ListItem","position":1,"name":"Portada","item":"https:\/\/www.ugtcomunicaciones.es\/wordpress\/"},{"@type":"ListItem","position":2,"name":"La CNMC reclama reordenar el espectro de 3,5 GHz"}]},{"@type":"WebSite","@id":"https:\/\/www.ugtcomunicaciones.es\/wordpress\/#website","url":"https:\/\/www.ugtcomunicaciones.es\/wordpress\/","name":"UGT Comunicaciones","description":"Sindicato de Telecomunicaciones","publisher":{"@id":"https:\/\/www.ugtcomunicaciones.es\/wordpress\/#organization"},"potentialAction":[{"@type":"SearchAction","target":{"@type":"EntryPoint","urlTemplate":"https:\/\/www.ugtcomunicaciones.es\/wordpress\/?s={search_term_string}"},"query-input":{"@type":"PropertyValueSpecification","valueRequired":true,"valueName":"search_term_string"}}],"inLanguage":"es"},{"@type":"Organization","@id":"https:\/\/www.ugtcomunicaciones.es\/wordpress\/#organization","name":"UGT Comunicaciones","url":"https:\/\/www.ugtcomunicaciones.es\/wordpress\/","logo":{"@type":"ImageObject","inLanguage":"es","@id":"https:\/\/www.ugtcomunicaciones.es\/wordpress\/#\/schema\/logo\/image\/","url":"https:\/\/www.ugtcomunicaciones.es\/wordpress\/wp-content\/uploads\/2024\/04\/comunicaciones_logo.png","contentUrl":"https:\/\/www.ugtcomunicaciones.es\/wordpress\/wp-content\/uploads\/2024\/04\/comunicaciones_logo.png","width":298,"height":81,"caption":"UGT Comunicaciones"},"image":{"@id":"https:\/\/www.ugtcomunicaciones.es\/wordpress\/#\/schema\/logo\/image\/"},"sameAs":["https:\/\/www.facebook.com\/ugt.comunicaciones\/","https:\/\/x.com\/ugtcom"]},{"@type":"Person","@id":"https:\/\/www.ugtcomunicaciones.es\/wordpress\/#\/schema\/person\/eba0fc3fe5b444531d94d4368cba89ed","name":"UGT","image":{"@type":"ImageObject","inLanguage":"es","@id":"https:\/\/secure.gravatar.com\/avatar\/2a16057d620a4c646bcfc171c4f23030879ebbdd346f0525bd5d4a564e57e13d?s=96&d=mm&r=g","url":"https:\/\/secure.gravatar.com\/avatar\/2a16057d620a4c646bcfc171c4f23030879ebbdd346f0525bd5d4a564e57e13d?s=96&d=mm&r=g","contentUrl":"https:\/\/secure.gravatar.com\/avatar\/2a16057d620a4c646bcfc171c4f23030879ebbdd346f0525bd5d4a564e57e13d?s=96&d=mm&r=g","caption":"UGT"}}]}},"_links":{"self":[{"href":"https:\/\/www.ugtcomunicaciones.es\/wordpress\/wp-json\/wp\/v2\/posts\/759067","targetHints":{"allow":["GET"]}}],"collection":[{"href":"https:\/\/www.ugtcomunicaciones.es\/wordpress\/wp-json\/wp\/v2\/posts"}],"about":[{"href":"https:\/\/www.ugtcomunicaciones.es\/wordpress\/wp-json\/wp\/v2\/types\/post"}],"author":[{"embeddable":true,"href":"https:\/\/www.ugtcomunicaciones.es\/wordpress\/wp-json\/wp\/v2\/users\/3"}],"replies":[{"embeddable":true,"href":"https:\/\/www.ugtcomunicaciones.es\/wordpress\/wp-json\/wp\/v2\/comments?post=759067"}],"version-history":[{"count":0,"href":"https:\/\/www.ugtcomunicaciones.es\/wordpress\/wp-json\/wp\/v2\/posts\/759067\/revisions"}],"wp:featuredmedia":[{"embeddable":true,"href":"https:\/\/www.ugtcomunicaciones.es\/wordpress\/wp-json\/wp\/v2\/media\/645"}],"wp:attachment":[{"href":"https:\/\/www.ugtcomunicaciones.es\/wordpress\/wp-json\/wp\/v2\/media?parent=759067"}],"wp:term":[{"taxonomy":"category","embeddable":true,"href":"https:\/\/www.ugtcomunicaciones.es\/wordpress\/wp-json\/wp\/v2\/categories?post=759067"},{"taxonomy":"post_tag","embeddable":true,"href":"https:\/\/www.ugtcomunicaciones.es\/wordpress\/wp-json\/wp\/v2\/tags?post=759067"}],"curies":[{"name":"wp","href":"https:\/\/api.w.org\/{rel}","templated":true}]}}