{"id":760059,"date":"2021-02-10T21:32:30","date_gmt":"2021-02-10T20:32:30","guid":{"rendered":"https:\/\/www.ugtcomunicaciones.es\/wordpress\/?p=760059"},"modified":"2021-02-10T21:32:30","modified_gmt":"2021-02-10T20:32:30","slug":"ayuda-estudios-telyco-2021","status":"publish","type":"post","link":"https:\/\/www.ugtcomunicaciones.es\/wordpress\/ayuda-estudios-telyco-2021\/","title":{"rendered":"Ayuda de estudios en Telyco 2021"},"content":{"rendered":"<h4>Ayuda de Estudios<\/h4>\n<p>En relaci\u00f3n con la ayuda de estudios, la Empresa nos ha informado que se han solicitado 50 peticione de ayuda.<\/p>\n<p>Debido a la negociaci\u00f3n del convenio que se mantuvo el a\u00f1o pasado, la cuant\u00eda destinada este curso escolar es de 30.000 \u20ac.<\/p>\n<p>Tambi\u00e9n tenemos un incremento de 7.000 \u20ac con respecto a la cuant\u00eda que ten\u00edamos el curso acad\u00e9mico 2019-2020, cantidad que se ha tenido que a\u00f1adir al fondo de este a\u00f1o.<\/p>\n<p>A todo esto, debemos de a\u00f1adir a esta cuant\u00eda otros 3.777,45 \u20ac de aquellos cursos que no se han justificado su finalizaci\u00f3n, cursos que no se han aprobado, o personal que ya no est\u00e1 en la compa\u00f1\u00eda.<\/p>\n<p>En cuanto a la distribuci\u00f3n de dichas cantidades, la Empresa ha planteado no pagar aquellos estudios no oficiales y no relacionados con el puesto de trabajo. Desde UGT hemos argumentado que la ayuda de estudios es un beneficio social que la Empresa concede a la formaci\u00f3n de los trabajadores y<br \/>\ntrabajadoras de Telyco, m\u00e1s all\u00e1 de su fin \u00faltimo.<\/p>\n<p>En relaci\u00f3n con la forma de reparto entre las solicitudes, se acuerda entre la Empresa y la RRTT hacerlo<br \/>\nen funci\u00f3n de los grupos, seg\u00fan se recoge en convenio:<\/p>\n<ul>\n<li>Para solicitudes de estudios oficiales, relacionados con el puesto de trabajo, se establece un tope de\u00a0<strong>3.000 \u20ac<\/strong>.<\/li>\n<li>Para estudios oficiales no relacionados con el puesto de trabajo, el tope de la ayuda se establece en\u00a0<strong>1.200 \u20ac<\/strong>.<\/li>\n<li>Para estudios no oficiales relacionados con el puesto de trabajo el tope es de\u00a0<strong>1.700 \u20ac<\/strong>.<\/li>\n<li>Para estudios no oficiales, no relacionados con el puesto de trabajo el tope es de\u00a0<strong>50\u20ac<\/strong>.<\/li>\n<\/ul>\n<p>Este a\u00f1o, los cursos de idiomas se han considerado formaci\u00f3n oficial relacionada con el puesto de trabajo.<\/p>\n<p>Los cursos oficiales, pero que no tienen relaci\u00f3n con su puesto de trabajo de las 20 solicitudes, 13 recibir\u00e1n la totalidad de la cantidad solicitada.<\/p>\n<p>Por parte de UGT se ha solicitado a la Empresa que se re\u00fana la Comisi\u00f3n de Interpretaci\u00f3n y Vigilancia para poder tratar aquellos estudios que la Empresa no reconoce como estudios relacionados con el puesto de trabajo y nosotros s\u00ed los reconocemos como tal, ya que consideramos que este beneficio social deber\u00eda de incentivar una carrera profesional real en la Empresa.<\/p>\n<h4>Pr\u00e9stamos y anticipos<\/h4>\n<p>Con respecto a los pr\u00e9stamos anticipos se ha recibido 89 peticiones de las 150 peticiones m\u00e1ximas que tenemos para este a\u00f1o 2021, estos pr\u00e9stamos se devuelven a lo largo del a\u00f1o.<\/p>\n<p>Los pr\u00e9stamos a 24 meses se han solicitado 71, sumando la cantidad de 245.792\u20ac quedando tan solo 54.208\u20ac para lo que resta de a\u00f1o.<\/p>\n<p>De los pr\u00e9stamo anticipo, hay rechazados 32 por defecto en su petici\u00f3n y desde RR.HH se pondr\u00e1n en contacto con ellos para solventar la incidencia.<\/p>\n<p>Los pr\u00e9stamos a 24 meses, hay 18 rechazados por el mismo concepto.<\/p>\n<p>Este a\u00f1o hay 49 peticiones que no se han tenido en cuenta, por los siguientes factores que vienen reflejados en nuestro convenio.<br \/>\nNo tener una antig\u00fcedad de m\u00e1s de 1 a\u00f1o.<br \/>\nTener otro pr\u00e9stamo pendiente.<br \/>\nNo hacer m\u00e1s de un a\u00f1o que se ha liquidado un pr\u00e9stamo solicitado a la Empresa.<br \/>\nQueremos informaros que a\u00fan est\u00e1 abierta la bolsa de los pr\u00e9stamos ya que no se ha agotado la cantidad acordada en nuestro Convenio Colectivo.<\/p>\n","protected":false},"excerpt":{"rendered":"<p>Ayuda de Estudios En relaci\u00f3n con la ayuda de estudios, la Empresa nos ha informado que se han solicitado 50 peticione de ayuda. Debido a la negociaci\u00f3n del convenio que se mantuvo el a\u00f1o pasado, la cuant\u00eda destinada este curso escolar es de 30.000 \u20ac. Tambi\u00e9n tenemos un incremento de 7.000 \u20ac con respecto a [&hellip;]<\/p>\n","protected":false},"author":3,"featured_media":760060,"comment_status":"closed","ping_status":"closed","sticky":false,"template":"","format":"standard","meta":{"footnotes":""},"categories":[31],"tags":[],"class_list":["post-760059","post","type-post","status-publish","format-standard","has-post-thumbnail","hentry","category-telyco"],"yoast_head":"<!-- This site is optimized with the Yoast SEO Premium plugin v27.3 (Yoast SEO v27.4) - https:\/\/yoast.com\/product\/yoast-seo-premium-wordpress\/ -->\n<title>Ayuda de estudios en Telyco 2021 - UGT Comunicaciones<\/title>\n<meta name=\"robots\" content=\"index, follow, max-snippet:-1, max-image-preview:large, max-video-preview:-1\" \/>\n<link rel=\"canonical\" href=\"https:\/\/www.ugtcomunicaciones.es\/wordpress\/ayuda-estudios-telyco-2021\/\" \/>\n<meta property=\"og:locale\" content=\"es_ES\" \/>\n<meta property=\"og:type\" content=\"article\" \/>\n<meta property=\"og:title\" content=\"Ayuda de estudios en Telyco 2021\" \/>\n<meta property=\"og:description\" content=\"Ayuda de Estudios En relaci\u00f3n con la ayuda de estudios, la Empresa nos ha informado que se han solicitado 50 peticione de ayuda. Debido a la negociaci\u00f3n del convenio que se mantuvo el a\u00f1o pasado, la cuant\u00eda destinada este curso escolar es de 30.000 \u20ac. Tambi\u00e9n tenemos un incremento de 7.000 \u20ac con respecto a [&hellip;]\" \/>\n<meta property=\"og:url\" content=\"https:\/\/www.ugtcomunicaciones.es\/wordpress\/ayuda-estudios-telyco-2021\/\" \/>\n<meta property=\"og:site_name\" content=\"UGT Comunicaciones\" \/>\n<meta property=\"article:publisher\" content=\"https:\/\/www.facebook.com\/ugt.comunicaciones\/\" \/>\n<meta property=\"article:published_time\" content=\"2021-02-10T20:32:30+00:00\" \/>\n<meta property=\"og:image\" content=\"https:\/\/www.ugtcomunicaciones.es\/wordpress\/wp-content\/uploads\/2021\/02\/graduation-2038864_640.jpg\" \/>\n\t<meta property=\"og:image:width\" content=\"640\" \/>\n\t<meta property=\"og:image:height\" content=\"426\" \/>\n\t<meta property=\"og:image:type\" content=\"image\/jpeg\" \/>\n<meta name=\"author\" content=\"UGT\" \/>\n<meta name=\"twitter:card\" content=\"summary_large_image\" \/>\n<meta name=\"twitter:creator\" content=\"@ugtcom\" \/>\n<meta name=\"twitter:site\" content=\"@ugtcom\" \/>\n<meta name=\"twitter:label1\" content=\"Escrito por\" \/>\n\t<meta name=\"twitter:data1\" content=\"UGT\" \/>\n\t<meta name=\"twitter:label2\" content=\"Tiempo de lectura\" \/>\n\t<meta name=\"twitter:data2\" content=\"3 minutos\" \/>\n<script type=\"application\/ld+json\" class=\"yoast-schema-graph\">{\"@context\":\"https:\\\/\\\/schema.org\",\"@graph\":[{\"@type\":\"Article\",\"@id\":\"https:\\\/\\\/www.ugtcomunicaciones.es\\\/wordpress\\\/ayuda-estudios-telyco-2021\\\/#article\",\"isPartOf\":{\"@id\":\"https:\\\/\\\/www.ugtcomunicaciones.es\\\/wordpress\\\/ayuda-estudios-telyco-2021\\\/\"},\"author\":{\"name\":\"UGT\",\"@id\":\"https:\\\/\\\/www.ugtcomunicaciones.es\\\/wordpress\\\/#\\\/schema\\\/person\\\/eba0fc3fe5b444531d94d4368cba89ed\"},\"headline\":\"Ayuda de estudios en Telyco 2021\",\"datePublished\":\"2021-02-10T20:32:30+00:00\",\"mainEntityOfPage\":{\"@id\":\"https:\\\/\\\/www.ugtcomunicaciones.es\\\/wordpress\\\/ayuda-estudios-telyco-2021\\\/\"},\"wordCount\":571,\"publisher\":{\"@id\":\"https:\\\/\\\/www.ugtcomunicaciones.es\\\/wordpress\\\/#organization\"},\"image\":{\"@id\":\"https:\\\/\\\/www.ugtcomunicaciones.es\\\/wordpress\\\/ayuda-estudios-telyco-2021\\\/#primaryimage\"},\"thumbnailUrl\":\"https:\\\/\\\/www.ugtcomunicaciones.es\\\/wordpress\\\/wp-content\\\/uploads\\\/2021\\\/02\\\/graduation-2038864_640.jpg\",\"articleSection\":[\"Telyco\"],\"inLanguage\":\"es\"},{\"@type\":\"WebPage\",\"@id\":\"https:\\\/\\\/www.ugtcomunicaciones.es\\\/wordpress\\\/ayuda-estudios-telyco-2021\\\/\",\"url\":\"https:\\\/\\\/www.ugtcomunicaciones.es\\\/wordpress\\\/ayuda-estudios-telyco-2021\\\/\",\"name\":\"Ayuda de estudios en Telyco 2021 - UGT Comunicaciones\",\"isPartOf\":{\"@id\":\"https:\\\/\\\/www.ugtcomunicaciones.es\\\/wordpress\\\/#website\"},\"primaryImageOfPage\":{\"@id\":\"https:\\\/\\\/www.ugtcomunicaciones.es\\\/wordpress\\\/ayuda-estudios-telyco-2021\\\/#primaryimage\"},\"image\":{\"@id\":\"https:\\\/\\\/www.ugtcomunicaciones.es\\\/wordpress\\\/ayuda-estudios-telyco-2021\\\/#primaryimage\"},\"thumbnailUrl\":\"https:\\\/\\\/www.ugtcomunicaciones.es\\\/wordpress\\\/wp-content\\\/uploads\\\/2021\\\/02\\\/graduation-2038864_640.jpg\",\"datePublished\":\"2021-02-10T20:32:30+00:00\",\"breadcrumb\":{\"@id\":\"https:\\\/\\\/www.ugtcomunicaciones.es\\\/wordpress\\\/ayuda-estudios-telyco-2021\\\/#breadcrumb\"},\"inLanguage\":\"es\",\"potentialAction\":[{\"@type\":\"ReadAction\",\"target\":[\"https:\\\/\\\/www.ugtcomunicaciones.es\\\/wordpress\\\/ayuda-estudios-telyco-2021\\\/\"]}]},{\"@type\":\"ImageObject\",\"inLanguage\":\"es\",\"@id\":\"https:\\\/\\\/www.ugtcomunicaciones.es\\\/wordpress\\\/ayuda-estudios-telyco-2021\\\/#primaryimage\",\"url\":\"https:\\\/\\\/www.ugtcomunicaciones.es\\\/wordpress\\\/wp-content\\\/uploads\\\/2021\\\/02\\\/graduation-2038864_640.jpg\",\"contentUrl\":\"https:\\\/\\\/www.ugtcomunicaciones.es\\\/wordpress\\\/wp-content\\\/uploads\\\/2021\\\/02\\\/graduation-2038864_640.jpg\",\"width\":640,\"height\":426},{\"@type\":\"BreadcrumbList\",\"@id\":\"https:\\\/\\\/www.ugtcomunicaciones.es\\\/wordpress\\\/ayuda-estudios-telyco-2021\\\/#breadcrumb\",\"itemListElement\":[{\"@type\":\"ListItem\",\"position\":1,\"name\":\"Portada\",\"item\":\"https:\\\/\\\/www.ugtcomunicaciones.es\\\/wordpress\\\/\"},{\"@type\":\"ListItem\",\"position\":2,\"name\":\"Ayuda de estudios en Telyco 2021\"}]},{\"@type\":\"WebSite\",\"@id\":\"https:\\\/\\\/www.ugtcomunicaciones.es\\\/wordpress\\\/#website\",\"url\":\"https:\\\/\\\/www.ugtcomunicaciones.es\\\/wordpress\\\/\",\"name\":\"UGT Comunicaciones\",\"description\":\"Sindicato de Telecomunicaciones\",\"publisher\":{\"@id\":\"https:\\\/\\\/www.ugtcomunicaciones.es\\\/wordpress\\\/#organization\"},\"potentialAction\":[{\"@type\":\"SearchAction\",\"target\":{\"@type\":\"EntryPoint\",\"urlTemplate\":\"https:\\\/\\\/www.ugtcomunicaciones.es\\\/wordpress\\\/?s={search_term_string}\"},\"query-input\":{\"@type\":\"PropertyValueSpecification\",\"valueRequired\":true,\"valueName\":\"search_term_string\"}}],\"inLanguage\":\"es\"},{\"@type\":\"Organization\",\"@id\":\"https:\\\/\\\/www.ugtcomunicaciones.es\\\/wordpress\\\/#organization\",\"name\":\"UGT Comunicaciones\",\"url\":\"https:\\\/\\\/www.ugtcomunicaciones.es\\\/wordpress\\\/\",\"logo\":{\"@type\":\"ImageObject\",\"inLanguage\":\"es\",\"@id\":\"https:\\\/\\\/www.ugtcomunicaciones.es\\\/wordpress\\\/#\\\/schema\\\/logo\\\/image\\\/\",\"url\":\"https:\\\/\\\/www.ugtcomunicaciones.es\\\/wordpress\\\/wp-content\\\/uploads\\\/2024\\\/04\\\/comunicaciones_logo.png\",\"contentUrl\":\"https:\\\/\\\/www.ugtcomunicaciones.es\\\/wordpress\\\/wp-content\\\/uploads\\\/2024\\\/04\\\/comunicaciones_logo.png\",\"width\":298,\"height\":81,\"caption\":\"UGT Comunicaciones\"},\"image\":{\"@id\":\"https:\\\/\\\/www.ugtcomunicaciones.es\\\/wordpress\\\/#\\\/schema\\\/logo\\\/image\\\/\"},\"sameAs\":[\"https:\\\/\\\/www.facebook.com\\\/ugt.comunicaciones\\\/\",\"https:\\\/\\\/x.com\\\/ugtcom\"]},{\"@type\":\"Person\",\"@id\":\"https:\\\/\\\/www.ugtcomunicaciones.es\\\/wordpress\\\/#\\\/schema\\\/person\\\/eba0fc3fe5b444531d94d4368cba89ed\",\"name\":\"UGT\",\"image\":{\"@type\":\"ImageObject\",\"inLanguage\":\"es\",\"@id\":\"https:\\\/\\\/secure.gravatar.com\\\/avatar\\\/2a16057d620a4c646bcfc171c4f23030879ebbdd346f0525bd5d4a564e57e13d?s=96&d=mm&r=g\",\"url\":\"https:\\\/\\\/secure.gravatar.com\\\/avatar\\\/2a16057d620a4c646bcfc171c4f23030879ebbdd346f0525bd5d4a564e57e13d?s=96&d=mm&r=g\",\"contentUrl\":\"https:\\\/\\\/secure.gravatar.com\\\/avatar\\\/2a16057d620a4c646bcfc171c4f23030879ebbdd346f0525bd5d4a564e57e13d?s=96&d=mm&r=g\",\"caption\":\"UGT\"}}]}<\/script>\n<!-- \/ Yoast SEO Premium plugin. -->","yoast_head_json":{"title":"Ayuda de estudios en Telyco 2021 - UGT Comunicaciones","robots":{"index":"index","follow":"follow","max-snippet":"max-snippet:-1","max-image-preview":"max-image-preview:large","max-video-preview":"max-video-preview:-1"},"canonical":"https:\/\/www.ugtcomunicaciones.es\/wordpress\/ayuda-estudios-telyco-2021\/","og_locale":"es_ES","og_type":"article","og_title":"Ayuda de estudios en Telyco 2021","og_description":"Ayuda de Estudios En relaci\u00f3n con la ayuda de estudios, la Empresa nos ha informado que se han solicitado 50 peticione de ayuda. Debido a la negociaci\u00f3n del convenio que se mantuvo el a\u00f1o pasado, la cuant\u00eda destinada este curso escolar es de 30.000 \u20ac. Tambi\u00e9n tenemos un incremento de 7.000 \u20ac con respecto a [&hellip;]","og_url":"https:\/\/www.ugtcomunicaciones.es\/wordpress\/ayuda-estudios-telyco-2021\/","og_site_name":"UGT Comunicaciones","article_publisher":"https:\/\/www.facebook.com\/ugt.comunicaciones\/","article_published_time":"2021-02-10T20:32:30+00:00","og_image":[{"width":640,"height":426,"url":"https:\/\/www.ugtcomunicaciones.es\/wordpress\/wp-content\/uploads\/2021\/02\/graduation-2038864_640.jpg","type":"image\/jpeg"}],"author":"UGT","twitter_card":"summary_large_image","twitter_creator":"@ugtcom","twitter_site":"@ugtcom","twitter_misc":{"Escrito por":"UGT","Tiempo de lectura":"3 minutos"},"schema":{"@context":"https:\/\/schema.org","@graph":[{"@type":"Article","@id":"https:\/\/www.ugtcomunicaciones.es\/wordpress\/ayuda-estudios-telyco-2021\/#article","isPartOf":{"@id":"https:\/\/www.ugtcomunicaciones.es\/wordpress\/ayuda-estudios-telyco-2021\/"},"author":{"name":"UGT","@id":"https:\/\/www.ugtcomunicaciones.es\/wordpress\/#\/schema\/person\/eba0fc3fe5b444531d94d4368cba89ed"},"headline":"Ayuda de estudios en Telyco 2021","datePublished":"2021-02-10T20:32:30+00:00","mainEntityOfPage":{"@id":"https:\/\/www.ugtcomunicaciones.es\/wordpress\/ayuda-estudios-telyco-2021\/"},"wordCount":571,"publisher":{"@id":"https:\/\/www.ugtcomunicaciones.es\/wordpress\/#organization"},"image":{"@id":"https:\/\/www.ugtcomunicaciones.es\/wordpress\/ayuda-estudios-telyco-2021\/#primaryimage"},"thumbnailUrl":"https:\/\/www.ugtcomunicaciones.es\/wordpress\/wp-content\/uploads\/2021\/02\/graduation-2038864_640.jpg","articleSection":["Telyco"],"inLanguage":"es"},{"@type":"WebPage","@id":"https:\/\/www.ugtcomunicaciones.es\/wordpress\/ayuda-estudios-telyco-2021\/","url":"https:\/\/www.ugtcomunicaciones.es\/wordpress\/ayuda-estudios-telyco-2021\/","name":"Ayuda de estudios en Telyco 2021 - UGT Comunicaciones","isPartOf":{"@id":"https:\/\/www.ugtcomunicaciones.es\/wordpress\/#website"},"primaryImageOfPage":{"@id":"https:\/\/www.ugtcomunicaciones.es\/wordpress\/ayuda-estudios-telyco-2021\/#primaryimage"},"image":{"@id":"https:\/\/www.ugtcomunicaciones.es\/wordpress\/ayuda-estudios-telyco-2021\/#primaryimage"},"thumbnailUrl":"https:\/\/www.ugtcomunicaciones.es\/wordpress\/wp-content\/uploads\/2021\/02\/graduation-2038864_640.jpg","datePublished":"2021-02-10T20:32:30+00:00","breadcrumb":{"@id":"https:\/\/www.ugtcomunicaciones.es\/wordpress\/ayuda-estudios-telyco-2021\/#breadcrumb"},"inLanguage":"es","potentialAction":[{"@type":"ReadAction","target":["https:\/\/www.ugtcomunicaciones.es\/wordpress\/ayuda-estudios-telyco-2021\/"]}]},{"@type":"ImageObject","inLanguage":"es","@id":"https:\/\/www.ugtcomunicaciones.es\/wordpress\/ayuda-estudios-telyco-2021\/#primaryimage","url":"https:\/\/www.ugtcomunicaciones.es\/wordpress\/wp-content\/uploads\/2021\/02\/graduation-2038864_640.jpg","contentUrl":"https:\/\/www.ugtcomunicaciones.es\/wordpress\/wp-content\/uploads\/2021\/02\/graduation-2038864_640.jpg","width":640,"height":426},{"@type":"BreadcrumbList","@id":"https:\/\/www.ugtcomunicaciones.es\/wordpress\/ayuda-estudios-telyco-2021\/#breadcrumb","itemListElement":[{"@type":"ListItem","position":1,"name":"Portada","item":"https:\/\/www.ugtcomunicaciones.es\/wordpress\/"},{"@type":"ListItem","position":2,"name":"Ayuda de estudios en Telyco 2021"}]},{"@type":"WebSite","@id":"https:\/\/www.ugtcomunicaciones.es\/wordpress\/#website","url":"https:\/\/www.ugtcomunicaciones.es\/wordpress\/","name":"UGT Comunicaciones","description":"Sindicato de Telecomunicaciones","publisher":{"@id":"https:\/\/www.ugtcomunicaciones.es\/wordpress\/#organization"},"potentialAction":[{"@type":"SearchAction","target":{"@type":"EntryPoint","urlTemplate":"https:\/\/www.ugtcomunicaciones.es\/wordpress\/?s={search_term_string}"},"query-input":{"@type":"PropertyValueSpecification","valueRequired":true,"valueName":"search_term_string"}}],"inLanguage":"es"},{"@type":"Organization","@id":"https:\/\/www.ugtcomunicaciones.es\/wordpress\/#organization","name":"UGT Comunicaciones","url":"https:\/\/www.ugtcomunicaciones.es\/wordpress\/","logo":{"@type":"ImageObject","inLanguage":"es","@id":"https:\/\/www.ugtcomunicaciones.es\/wordpress\/#\/schema\/logo\/image\/","url":"https:\/\/www.ugtcomunicaciones.es\/wordpress\/wp-content\/uploads\/2024\/04\/comunicaciones_logo.png","contentUrl":"https:\/\/www.ugtcomunicaciones.es\/wordpress\/wp-content\/uploads\/2024\/04\/comunicaciones_logo.png","width":298,"height":81,"caption":"UGT Comunicaciones"},"image":{"@id":"https:\/\/www.ugtcomunicaciones.es\/wordpress\/#\/schema\/logo\/image\/"},"sameAs":["https:\/\/www.facebook.com\/ugt.comunicaciones\/","https:\/\/x.com\/ugtcom"]},{"@type":"Person","@id":"https:\/\/www.ugtcomunicaciones.es\/wordpress\/#\/schema\/person\/eba0fc3fe5b444531d94d4368cba89ed","name":"UGT","image":{"@type":"ImageObject","inLanguage":"es","@id":"https:\/\/secure.gravatar.com\/avatar\/2a16057d620a4c646bcfc171c4f23030879ebbdd346f0525bd5d4a564e57e13d?s=96&d=mm&r=g","url":"https:\/\/secure.gravatar.com\/avatar\/2a16057d620a4c646bcfc171c4f23030879ebbdd346f0525bd5d4a564e57e13d?s=96&d=mm&r=g","contentUrl":"https:\/\/secure.gravatar.com\/avatar\/2a16057d620a4c646bcfc171c4f23030879ebbdd346f0525bd5d4a564e57e13d?s=96&d=mm&r=g","caption":"UGT"}}]}},"_links":{"self":[{"href":"https:\/\/www.ugtcomunicaciones.es\/wordpress\/wp-json\/wp\/v2\/posts\/760059","targetHints":{"allow":["GET"]}}],"collection":[{"href":"https:\/\/www.ugtcomunicaciones.es\/wordpress\/wp-json\/wp\/v2\/posts"}],"about":[{"href":"https:\/\/www.ugtcomunicaciones.es\/wordpress\/wp-json\/wp\/v2\/types\/post"}],"author":[{"embeddable":true,"href":"https:\/\/www.ugtcomunicaciones.es\/wordpress\/wp-json\/wp\/v2\/users\/3"}],"replies":[{"embeddable":true,"href":"https:\/\/www.ugtcomunicaciones.es\/wordpress\/wp-json\/wp\/v2\/comments?post=760059"}],"version-history":[{"count":0,"href":"https:\/\/www.ugtcomunicaciones.es\/wordpress\/wp-json\/wp\/v2\/posts\/760059\/revisions"}],"wp:featuredmedia":[{"embeddable":true,"href":"https:\/\/www.ugtcomunicaciones.es\/wordpress\/wp-json\/wp\/v2\/media\/760060"}],"wp:attachment":[{"href":"https:\/\/www.ugtcomunicaciones.es\/wordpress\/wp-json\/wp\/v2\/media?parent=760059"}],"wp:term":[{"taxonomy":"category","embeddable":true,"href":"https:\/\/www.ugtcomunicaciones.es\/wordpress\/wp-json\/wp\/v2\/categories?post=760059"},{"taxonomy":"post_tag","embeddable":true,"href":"https:\/\/www.ugtcomunicaciones.es\/wordpress\/wp-json\/wp\/v2\/tags?post=760059"}],"curies":[{"name":"wp","href":"https:\/\/api.w.org\/{rel}","templated":true}]}}