{"id":76535,"date":"2017-12-26T08:00:14","date_gmt":"2017-12-26T06:00:14","guid":{"rendered":"http:\/\/ugtcomunicaciones.es\/wordpress\/?p=76535"},"modified":"2017-12-14T10:40:54","modified_gmt":"2017-12-14T08:40:54","slug":"dt-reclama-merito-instalar-la-primera-estacion-base-5g-europa","status":"publish","type":"post","link":"https:\/\/www.ugtcomunicaciones.es\/wordpress\/dt-reclama-merito-instalar-la-primera-estacion-base-5g-europa\/","title":{"rendered":"DT reclama el m\u00e9rito de instalar la primera estaci\u00f3n base 5G en Europa"},"content":{"rendered":"<p style=\"text-align: justify;\"><img decoding=\"async\" class=\"size-full wp-image-76536 alignleft lazyload\" data-src=\"http:\/\/ugtcomunicaciones.es\/wordpress\/wp-content\/uploads\/2017\/12\/dt-5G-01-26-12-17.jpg\" alt=\"dt-5G-01-26-12-17\" width=\"179\" height=\"134\" data-srcset=\"https:\/\/www.ugtcomunicaciones.es\/wordpress\/wp-content\/uploads\/2017\/12\/dt-5G-01-26-12-17.jpg 179w, https:\/\/www.ugtcomunicaciones.es\/wordpress\/wp-content\/uploads\/2017\/12\/dt-5G-01-26-12-17-80x60.jpg 80w, https:\/\/www.ugtcomunicaciones.es\/wordpress\/wp-content\/uploads\/2017\/12\/dt-5G-01-26-12-17-100x75.jpg 100w\" data-sizes=\"(max-width: 179px) 100vw, 179px\" src=\"data:image\/svg+xml;base64,PHN2ZyB3aWR0aD0iMSIgaGVpZ2h0PSIxIiB4bWxucz0iaHR0cDovL3d3dy53My5vcmcvMjAwMC9zdmciPjwvc3ZnPg==\" style=\"--smush-placeholder-width: 179px; --smush-placeholder-aspect-ratio: 179\/134;\" \/>La fren\u00e9tica carrera por el 5G est\u00e1 en marcha. Reci\u00e9n publicada la especificaci\u00f3n t\u00e9cnica de la quinta generaci\u00f3n<a href=\"#_ftn1\" name=\"_ftnref1\">[1]<\/a>, la pugna por ser el primer pa\u00eds 5G<a href=\"#_ftn2\" name=\"_ftnref2\">[2]<\/a>, el primer despliegue conjunto<a href=\"#_ftn3\" name=\"_ftnref3\">[3]<\/a> y pol\u00edticas p\u00fablicas de todo corte y pelaje<a href=\"#_ftn4\" name=\"_ftnref4\">[4]<\/a>. En esta ocasi\u00f3n se trata de la operadora germana Deutche Telkom (DT) y de su anuncio de instalaci\u00f3n de la primera estaci\u00f3n base 5G en Europa.<\/p>\n<p style=\"text-align: justify;\">Con una configuraci\u00f3n de cuatro celdas sobre la banda de 3,7 GHz, DT ha puesto a emitir la primera estaci\u00f3n base europea de quinta generaci\u00f3n, consiguiendo una velocidad de conexi\u00f3n de algo m\u00e1s de 2 Gbps y con una latencia de tres milisegundos. Su ubicaci\u00f3n est\u00e1 en el barrio berlin\u00e9s de Sch\u00f6neberg<a href=\"#_ftn5\" name=\"_ftnref5\">[5]<\/a> y las cuatro antenas est\u00e1n ubicadas en tres sitios diferentes: Winterfeldtstra\u00dfe (dos celdas), Martin-Luther-Stra\u00dfe y Pohlstra\u00dfe.<\/p>\n<p style=\"text-align: justify;\">DT ha probado esta estaci\u00f3n con aplicaciones de Realidad Aumentada y Realidad Virtual,<img decoding=\"async\" class=\"size-full wp-image-76537 alignright lazyload\" data-src=\"http:\/\/ugtcomunicaciones.es\/wordpress\/wp-content\/uploads\/2017\/12\/dt-5G-02-26-12-17.png\" alt=\"dt-5G-02-26-12-17\" width=\"92\" height=\"59\" src=\"data:image\/svg+xml;base64,PHN2ZyB3aWR0aD0iMSIgaGVpZ2h0PSIxIiB4bWxucz0iaHR0cDovL3d3dy53My5vcmcvMjAwMC9zdmciPjwvc3ZnPg==\" style=\"--smush-placeholder-width: 92px; --smush-placeholder-aspect-ratio: 92\/59;\" \/> adem\u00e1s de transmitir video en alta definici\u00f3n en directo.<\/p>\n<p style=\"text-align: justify;\">La operadora germana ha publicitado el hecho como el primer paso para su pol\u00edtica de \u201c5G para todos<a href=\"#_ftn6\" name=\"_ftnref6\">[6]<\/a>\u201d.<\/p>\n<p style=\"text-align: justify;\"><em>\u201cTan pronto como se defina el est\u00e1ndar y est\u00e9 disponible, procederemos en 2018 a sentar las bases para la construcci\u00f3n a gran escala. As\u00ed es como estamos impulsando el desarrollo tecnol\u00f3gico en Europa y demostrando nuestro poder de innovaci\u00f3n\u00bb<\/em>, afirm\u00f3 su Director de Tecnolog\u00eda, Bruno Jacobfeuerborn.<\/p>\n<h3 style=\"text-align: right;\"><span style=\"color: #ff0000;\"><strong>UGT<\/strong><\/span><strong> Comunicaciones<\/strong><\/h3>\n<p><span style=\"font-size: xx-small;\"><a href=\"#_ftnref1\" name=\"_ftn1\">[1]<\/a> <a href=\"http:\/\/ugtcomunicaciones.es\/wordpress\/se-publica-la-especificacion-tecnica-del-5g\/\" target=\"_blank\" rel=\"noopener\">http:\/\/ugtcomunicaciones.es\/wordpress\/se-publica-la-especificacion-tecnica-del-5g\/<\/a><br \/>\n<a href=\"#_ftnref2\" name=\"_ftn2\">[2]<\/a> <a href=\"http:\/\/ugtcomunicaciones.es\/wordpress\/san-marino-primer-pais-5g\/\" target=\"_blank\" rel=\"noopener\">http:\/\/ugtcomunicaciones.es\/wordpress\/san-marino-primer-pais-5g\/<\/a><br \/>\n<a href=\"#_ftnref3\" name=\"_ftn3\">[3]<\/a> <a href=\"http:\/\/ugtcomunicaciones.es\/wordpress\/tele2-telenor-sellan-primer-despliegue-conjunto-5g\/\" target=\"_blank\" rel=\"noopener\">http:\/\/ugtcomunicaciones.es\/wordpress\/tele2-telenor-sellan-primer-despliegue-conjunto-5g\/<\/a><br \/>\n<a href=\"#_ftnref4\" name=\"_ftn4\">[4]<\/a> <a href=\"http:\/\/ugtcomunicaciones.es\/wordpress\/espectro-5g-regulacion-europea-espanola\/\" target=\"_blank\" rel=\"noopener\">http:\/\/ugtcomunicaciones.es\/wordpress\/espectro-5g-regulacion-europea-espanola\/<\/a><br \/>\n<a href=\"#_ftnref5\" name=\"_ftn5\">[5]<\/a> <a href=\"http:\/\/www.berlin.es\/schoneberg.htm\" target=\"_blank\" rel=\"noopener\">http:\/\/www.berlin.es\/schoneberg.htm<\/a><br \/>\n<a href=\"#_ftnref6\" name=\"_ftn6\">[6]<\/a> <a href=\"https:\/\/www.telekom.com\/en\/company\/special-5g\" target=\"_blank\" rel=\"noopener\">https:\/\/www.telekom.com\/en\/company\/special-5g<\/a><\/span><\/p>\n","protected":false},"excerpt":{"rendered":"<p>La fren\u00e9tica carrera por el 5G est\u00e1 en marcha. Reci\u00e9n publicada la especificaci\u00f3n t\u00e9cnica de la quinta generaci\u00f3n[1], la pugna por ser el primer pa\u00eds 5G[2], el primer despliegue conjunto[3] y pol\u00edticas p\u00fablicas de todo corte y pelaje[4]. En esta ocasi\u00f3n se trata de la operadora germana Deutche Telkom (DT) y de su anuncio de [&hellip;]<\/p>\n","protected":false},"author":3,"featured_media":76548,"comment_status":"closed","ping_status":"closed","sticky":false,"template":"","format":"standard","meta":{"footnotes":""},"categories":[15,12],"tags":[],"class_list":["post-76535","post","type-post","status-publish","format-standard","has-post-thumbnail","hentry","category-competencia","category-regulacion"],"yoast_head":"<!-- This site is optimized with the Yoast SEO Premium plugin v27.3 (Yoast SEO v27.4) - https:\/\/yoast.com\/product\/yoast-seo-premium-wordpress\/ -->\n<title>DT reclama el m\u00e9rito de instalar la primera estaci\u00f3n base 5G en Europa - UGT Comunicaciones<\/title>\n<meta name=\"description\" content=\"La fren\u00e9tica carrera por el 5G est\u00e1 en marcha. Reci\u00e9n publicada la especificaci\u00f3n t\u00e9cnica de la quinta generaci\u00f3n, la pugna por ser el primer pa\u00eds 5G...\" \/>\n<meta name=\"robots\" content=\"index, follow, max-snippet:-1, max-image-preview:large, max-video-preview:-1\" \/>\n<link rel=\"canonical\" href=\"https:\/\/www.ugtcomunicaciones.es\/wordpress\/dt-reclama-merito-instalar-la-primera-estacion-base-5g-europa\/\" \/>\n<meta property=\"og:locale\" content=\"es_ES\" \/>\n<meta property=\"og:type\" content=\"article\" \/>\n<meta property=\"og:title\" content=\"DT reclama el m\u00e9rito de instalar la primera estaci\u00f3n base 5G en Europa\" \/>\n<meta property=\"og:description\" content=\"La fren\u00e9tica carrera por el 5G est\u00e1 en marcha. Reci\u00e9n publicada la especificaci\u00f3n t\u00e9cnica de la quinta generaci\u00f3n, la pugna por ser el primer pa\u00eds 5G...\" \/>\n<meta property=\"og:url\" content=\"https:\/\/www.ugtcomunicaciones.es\/wordpress\/dt-reclama-merito-instalar-la-primera-estacion-base-5g-europa\/\" \/>\n<meta property=\"og:site_name\" content=\"UGT Comunicaciones\" \/>\n<meta property=\"article:publisher\" content=\"https:\/\/www.facebook.com\/ugt.comunicaciones\/\" \/>\n<meta property=\"article:published_time\" content=\"2017-12-26T06:00:14+00:00\" \/>\n<meta property=\"og:image\" content=\"https:\/\/www.ugtcomunicaciones.es\/wordpress\/wp-content\/uploads\/2017\/12\/dt-5G-portada-26-12-17.jpg\" \/>\n\t<meta property=\"og:image:width\" content=\"600\" \/>\n\t<meta property=\"og:image:height\" content=\"275\" \/>\n\t<meta property=\"og:image:type\" content=\"image\/jpeg\" \/>\n<meta name=\"author\" content=\"UGT\" \/>\n<meta name=\"twitter:card\" content=\"summary_large_image\" \/>\n<meta name=\"twitter:creator\" content=\"@ugtcom\" \/>\n<meta name=\"twitter:site\" content=\"@ugtcom\" \/>\n<meta name=\"twitter:label1\" content=\"Escrito por\" \/>\n\t<meta name=\"twitter:data1\" content=\"UGT\" \/>\n\t<meta name=\"twitter:label2\" content=\"Tiempo de lectura\" \/>\n\t<meta name=\"twitter:data2\" content=\"1 minuto\" \/>\n<script type=\"application\/ld+json\" class=\"yoast-schema-graph\">{\"@context\":\"https:\\\/\\\/schema.org\",\"@graph\":[{\"@type\":\"Article\",\"@id\":\"https:\\\/\\\/www.ugtcomunicaciones.es\\\/wordpress\\\/dt-reclama-merito-instalar-la-primera-estacion-base-5g-europa\\\/#article\",\"isPartOf\":{\"@id\":\"https:\\\/\\\/www.ugtcomunicaciones.es\\\/wordpress\\\/dt-reclama-merito-instalar-la-primera-estacion-base-5g-europa\\\/\"},\"author\":{\"name\":\"UGT\",\"@id\":\"https:\\\/\\\/www.ugtcomunicaciones.es\\\/wordpress\\\/#\\\/schema\\\/person\\\/eba0fc3fe5b444531d94d4368cba89ed\"},\"headline\":\"DT reclama el m\u00e9rito de instalar la primera estaci\u00f3n base 5G en Europa\",\"datePublished\":\"2017-12-26T06:00:14+00:00\",\"mainEntityOfPage\":{\"@id\":\"https:\\\/\\\/www.ugtcomunicaciones.es\\\/wordpress\\\/dt-reclama-merito-instalar-la-primera-estacion-base-5g-europa\\\/\"},\"wordCount\":303,\"publisher\":{\"@id\":\"https:\\\/\\\/www.ugtcomunicaciones.es\\\/wordpress\\\/#organization\"},\"image\":{\"@id\":\"https:\\\/\\\/www.ugtcomunicaciones.es\\\/wordpress\\\/dt-reclama-merito-instalar-la-primera-estacion-base-5g-europa\\\/#primaryimage\"},\"thumbnailUrl\":\"https:\\\/\\\/www.ugtcomunicaciones.es\\\/wordpress\\\/wp-content\\\/uploads\\\/2017\\\/12\\\/dt-5G-portada-26-12-17.jpg\",\"articleSection\":[\"Competencia\",\"Regulaci\u00f3n\"],\"inLanguage\":\"es\"},{\"@type\":\"WebPage\",\"@id\":\"https:\\\/\\\/www.ugtcomunicaciones.es\\\/wordpress\\\/dt-reclama-merito-instalar-la-primera-estacion-base-5g-europa\\\/\",\"url\":\"https:\\\/\\\/www.ugtcomunicaciones.es\\\/wordpress\\\/dt-reclama-merito-instalar-la-primera-estacion-base-5g-europa\\\/\",\"name\":\"DT reclama el m\u00e9rito de instalar la primera estaci\u00f3n base 5G en Europa - UGT Comunicaciones\",\"isPartOf\":{\"@id\":\"https:\\\/\\\/www.ugtcomunicaciones.es\\\/wordpress\\\/#website\"},\"primaryImageOfPage\":{\"@id\":\"https:\\\/\\\/www.ugtcomunicaciones.es\\\/wordpress\\\/dt-reclama-merito-instalar-la-primera-estacion-base-5g-europa\\\/#primaryimage\"},\"image\":{\"@id\":\"https:\\\/\\\/www.ugtcomunicaciones.es\\\/wordpress\\\/dt-reclama-merito-instalar-la-primera-estacion-base-5g-europa\\\/#primaryimage\"},\"thumbnailUrl\":\"https:\\\/\\\/www.ugtcomunicaciones.es\\\/wordpress\\\/wp-content\\\/uploads\\\/2017\\\/12\\\/dt-5G-portada-26-12-17.jpg\",\"datePublished\":\"2017-12-26T06:00:14+00:00\",\"description\":\"La fren\u00e9tica carrera por el 5G est\u00e1 en marcha. Reci\u00e9n publicada la especificaci\u00f3n t\u00e9cnica de la quinta generaci\u00f3n, la pugna por ser el primer pa\u00eds 5G...\",\"breadcrumb\":{\"@id\":\"https:\\\/\\\/www.ugtcomunicaciones.es\\\/wordpress\\\/dt-reclama-merito-instalar-la-primera-estacion-base-5g-europa\\\/#breadcrumb\"},\"inLanguage\":\"es\",\"potentialAction\":[{\"@type\":\"ReadAction\",\"target\":[\"https:\\\/\\\/www.ugtcomunicaciones.es\\\/wordpress\\\/dt-reclama-merito-instalar-la-primera-estacion-base-5g-europa\\\/\"]}]},{\"@type\":\"ImageObject\",\"inLanguage\":\"es\",\"@id\":\"https:\\\/\\\/www.ugtcomunicaciones.es\\\/wordpress\\\/dt-reclama-merito-instalar-la-primera-estacion-base-5g-europa\\\/#primaryimage\",\"url\":\"https:\\\/\\\/www.ugtcomunicaciones.es\\\/wordpress\\\/wp-content\\\/uploads\\\/2017\\\/12\\\/dt-5G-portada-26-12-17.jpg\",\"contentUrl\":\"https:\\\/\\\/www.ugtcomunicaciones.es\\\/wordpress\\\/wp-content\\\/uploads\\\/2017\\\/12\\\/dt-5G-portada-26-12-17.jpg\",\"width\":600,\"height\":275},{\"@type\":\"BreadcrumbList\",\"@id\":\"https:\\\/\\\/www.ugtcomunicaciones.es\\\/wordpress\\\/dt-reclama-merito-instalar-la-primera-estacion-base-5g-europa\\\/#breadcrumb\",\"itemListElement\":[{\"@type\":\"ListItem\",\"position\":1,\"name\":\"Portada\",\"item\":\"https:\\\/\\\/www.ugtcomunicaciones.es\\\/wordpress\\\/\"},{\"@type\":\"ListItem\",\"position\":2,\"name\":\"DT reclama el m\u00e9rito de instalar la primera estaci\u00f3n base 5G en Europa\"}]},{\"@type\":\"WebSite\",\"@id\":\"https:\\\/\\\/www.ugtcomunicaciones.es\\\/wordpress\\\/#website\",\"url\":\"https:\\\/\\\/www.ugtcomunicaciones.es\\\/wordpress\\\/\",\"name\":\"UGT Comunicaciones\",\"description\":\"Sindicato de Telecomunicaciones\",\"publisher\":{\"@id\":\"https:\\\/\\\/www.ugtcomunicaciones.es\\\/wordpress\\\/#organization\"},\"potentialAction\":[{\"@type\":\"SearchAction\",\"target\":{\"@type\":\"EntryPoint\",\"urlTemplate\":\"https:\\\/\\\/www.ugtcomunicaciones.es\\\/wordpress\\\/?s={search_term_string}\"},\"query-input\":{\"@type\":\"PropertyValueSpecification\",\"valueRequired\":true,\"valueName\":\"search_term_string\"}}],\"inLanguage\":\"es\"},{\"@type\":\"Organization\",\"@id\":\"https:\\\/\\\/www.ugtcomunicaciones.es\\\/wordpress\\\/#organization\",\"name\":\"UGT Comunicaciones\",\"url\":\"https:\\\/\\\/www.ugtcomunicaciones.es\\\/wordpress\\\/\",\"logo\":{\"@type\":\"ImageObject\",\"inLanguage\":\"es\",\"@id\":\"https:\\\/\\\/www.ugtcomunicaciones.es\\\/wordpress\\\/#\\\/schema\\\/logo\\\/image\\\/\",\"url\":\"https:\\\/\\\/www.ugtcomunicaciones.es\\\/wordpress\\\/wp-content\\\/uploads\\\/2024\\\/04\\\/comunicaciones_logo.png\",\"contentUrl\":\"https:\\\/\\\/www.ugtcomunicaciones.es\\\/wordpress\\\/wp-content\\\/uploads\\\/2024\\\/04\\\/comunicaciones_logo.png\",\"width\":298,\"height\":81,\"caption\":\"UGT Comunicaciones\"},\"image\":{\"@id\":\"https:\\\/\\\/www.ugtcomunicaciones.es\\\/wordpress\\\/#\\\/schema\\\/logo\\\/image\\\/\"},\"sameAs\":[\"https:\\\/\\\/www.facebook.com\\\/ugt.comunicaciones\\\/\",\"https:\\\/\\\/x.com\\\/ugtcom\"]},{\"@type\":\"Person\",\"@id\":\"https:\\\/\\\/www.ugtcomunicaciones.es\\\/wordpress\\\/#\\\/schema\\\/person\\\/eba0fc3fe5b444531d94d4368cba89ed\",\"name\":\"UGT\",\"image\":{\"@type\":\"ImageObject\",\"inLanguage\":\"es\",\"@id\":\"https:\\\/\\\/secure.gravatar.com\\\/avatar\\\/2a16057d620a4c646bcfc171c4f23030879ebbdd346f0525bd5d4a564e57e13d?s=96&d=mm&r=g\",\"url\":\"https:\\\/\\\/secure.gravatar.com\\\/avatar\\\/2a16057d620a4c646bcfc171c4f23030879ebbdd346f0525bd5d4a564e57e13d?s=96&d=mm&r=g\",\"contentUrl\":\"https:\\\/\\\/secure.gravatar.com\\\/avatar\\\/2a16057d620a4c646bcfc171c4f23030879ebbdd346f0525bd5d4a564e57e13d?s=96&d=mm&r=g\",\"caption\":\"UGT\"}}]}<\/script>\n<!-- \/ Yoast SEO Premium plugin. -->","yoast_head_json":{"title":"DT reclama el m\u00e9rito de instalar la primera estaci\u00f3n base 5G en Europa - UGT Comunicaciones","description":"La fren\u00e9tica carrera por el 5G est\u00e1 en marcha. Reci\u00e9n publicada la especificaci\u00f3n t\u00e9cnica de la quinta generaci\u00f3n, la pugna por ser el primer pa\u00eds 5G...","robots":{"index":"index","follow":"follow","max-snippet":"max-snippet:-1","max-image-preview":"max-image-preview:large","max-video-preview":"max-video-preview:-1"},"canonical":"https:\/\/www.ugtcomunicaciones.es\/wordpress\/dt-reclama-merito-instalar-la-primera-estacion-base-5g-europa\/","og_locale":"es_ES","og_type":"article","og_title":"DT reclama el m\u00e9rito de instalar la primera estaci\u00f3n base 5G en Europa","og_description":"La fren\u00e9tica carrera por el 5G est\u00e1 en marcha. Reci\u00e9n publicada la especificaci\u00f3n t\u00e9cnica de la quinta generaci\u00f3n, la pugna por ser el primer pa\u00eds 5G...","og_url":"https:\/\/www.ugtcomunicaciones.es\/wordpress\/dt-reclama-merito-instalar-la-primera-estacion-base-5g-europa\/","og_site_name":"UGT Comunicaciones","article_publisher":"https:\/\/www.facebook.com\/ugt.comunicaciones\/","article_published_time":"2017-12-26T06:00:14+00:00","og_image":[{"width":600,"height":275,"url":"https:\/\/www.ugtcomunicaciones.es\/wordpress\/wp-content\/uploads\/2017\/12\/dt-5G-portada-26-12-17.jpg","type":"image\/jpeg"}],"author":"UGT","twitter_card":"summary_large_image","twitter_creator":"@ugtcom","twitter_site":"@ugtcom","twitter_misc":{"Escrito por":"UGT","Tiempo de lectura":"1 minuto"},"schema":{"@context":"https:\/\/schema.org","@graph":[{"@type":"Article","@id":"https:\/\/www.ugtcomunicaciones.es\/wordpress\/dt-reclama-merito-instalar-la-primera-estacion-base-5g-europa\/#article","isPartOf":{"@id":"https:\/\/www.ugtcomunicaciones.es\/wordpress\/dt-reclama-merito-instalar-la-primera-estacion-base-5g-europa\/"},"author":{"name":"UGT","@id":"https:\/\/www.ugtcomunicaciones.es\/wordpress\/#\/schema\/person\/eba0fc3fe5b444531d94d4368cba89ed"},"headline":"DT reclama el m\u00e9rito de instalar la primera estaci\u00f3n base 5G en Europa","datePublished":"2017-12-26T06:00:14+00:00","mainEntityOfPage":{"@id":"https:\/\/www.ugtcomunicaciones.es\/wordpress\/dt-reclama-merito-instalar-la-primera-estacion-base-5g-europa\/"},"wordCount":303,"publisher":{"@id":"https:\/\/www.ugtcomunicaciones.es\/wordpress\/#organization"},"image":{"@id":"https:\/\/www.ugtcomunicaciones.es\/wordpress\/dt-reclama-merito-instalar-la-primera-estacion-base-5g-europa\/#primaryimage"},"thumbnailUrl":"https:\/\/www.ugtcomunicaciones.es\/wordpress\/wp-content\/uploads\/2017\/12\/dt-5G-portada-26-12-17.jpg","articleSection":["Competencia","Regulaci\u00f3n"],"inLanguage":"es"},{"@type":"WebPage","@id":"https:\/\/www.ugtcomunicaciones.es\/wordpress\/dt-reclama-merito-instalar-la-primera-estacion-base-5g-europa\/","url":"https:\/\/www.ugtcomunicaciones.es\/wordpress\/dt-reclama-merito-instalar-la-primera-estacion-base-5g-europa\/","name":"DT reclama el m\u00e9rito de instalar la primera estaci\u00f3n base 5G en Europa - UGT Comunicaciones","isPartOf":{"@id":"https:\/\/www.ugtcomunicaciones.es\/wordpress\/#website"},"primaryImageOfPage":{"@id":"https:\/\/www.ugtcomunicaciones.es\/wordpress\/dt-reclama-merito-instalar-la-primera-estacion-base-5g-europa\/#primaryimage"},"image":{"@id":"https:\/\/www.ugtcomunicaciones.es\/wordpress\/dt-reclama-merito-instalar-la-primera-estacion-base-5g-europa\/#primaryimage"},"thumbnailUrl":"https:\/\/www.ugtcomunicaciones.es\/wordpress\/wp-content\/uploads\/2017\/12\/dt-5G-portada-26-12-17.jpg","datePublished":"2017-12-26T06:00:14+00:00","description":"La fren\u00e9tica carrera por el 5G est\u00e1 en marcha. Reci\u00e9n publicada la especificaci\u00f3n t\u00e9cnica de la quinta generaci\u00f3n, la pugna por ser el primer pa\u00eds 5G...","breadcrumb":{"@id":"https:\/\/www.ugtcomunicaciones.es\/wordpress\/dt-reclama-merito-instalar-la-primera-estacion-base-5g-europa\/#breadcrumb"},"inLanguage":"es","potentialAction":[{"@type":"ReadAction","target":["https:\/\/www.ugtcomunicaciones.es\/wordpress\/dt-reclama-merito-instalar-la-primera-estacion-base-5g-europa\/"]}]},{"@type":"ImageObject","inLanguage":"es","@id":"https:\/\/www.ugtcomunicaciones.es\/wordpress\/dt-reclama-merito-instalar-la-primera-estacion-base-5g-europa\/#primaryimage","url":"https:\/\/www.ugtcomunicaciones.es\/wordpress\/wp-content\/uploads\/2017\/12\/dt-5G-portada-26-12-17.jpg","contentUrl":"https:\/\/www.ugtcomunicaciones.es\/wordpress\/wp-content\/uploads\/2017\/12\/dt-5G-portada-26-12-17.jpg","width":600,"height":275},{"@type":"BreadcrumbList","@id":"https:\/\/www.ugtcomunicaciones.es\/wordpress\/dt-reclama-merito-instalar-la-primera-estacion-base-5g-europa\/#breadcrumb","itemListElement":[{"@type":"ListItem","position":1,"name":"Portada","item":"https:\/\/www.ugtcomunicaciones.es\/wordpress\/"},{"@type":"ListItem","position":2,"name":"DT reclama el m\u00e9rito de instalar la primera estaci\u00f3n base 5G en Europa"}]},{"@type":"WebSite","@id":"https:\/\/www.ugtcomunicaciones.es\/wordpress\/#website","url":"https:\/\/www.ugtcomunicaciones.es\/wordpress\/","name":"UGT Comunicaciones","description":"Sindicato de Telecomunicaciones","publisher":{"@id":"https:\/\/www.ugtcomunicaciones.es\/wordpress\/#organization"},"potentialAction":[{"@type":"SearchAction","target":{"@type":"EntryPoint","urlTemplate":"https:\/\/www.ugtcomunicaciones.es\/wordpress\/?s={search_term_string}"},"query-input":{"@type":"PropertyValueSpecification","valueRequired":true,"valueName":"search_term_string"}}],"inLanguage":"es"},{"@type":"Organization","@id":"https:\/\/www.ugtcomunicaciones.es\/wordpress\/#organization","name":"UGT Comunicaciones","url":"https:\/\/www.ugtcomunicaciones.es\/wordpress\/","logo":{"@type":"ImageObject","inLanguage":"es","@id":"https:\/\/www.ugtcomunicaciones.es\/wordpress\/#\/schema\/logo\/image\/","url":"https:\/\/www.ugtcomunicaciones.es\/wordpress\/wp-content\/uploads\/2024\/04\/comunicaciones_logo.png","contentUrl":"https:\/\/www.ugtcomunicaciones.es\/wordpress\/wp-content\/uploads\/2024\/04\/comunicaciones_logo.png","width":298,"height":81,"caption":"UGT Comunicaciones"},"image":{"@id":"https:\/\/www.ugtcomunicaciones.es\/wordpress\/#\/schema\/logo\/image\/"},"sameAs":["https:\/\/www.facebook.com\/ugt.comunicaciones\/","https:\/\/x.com\/ugtcom"]},{"@type":"Person","@id":"https:\/\/www.ugtcomunicaciones.es\/wordpress\/#\/schema\/person\/eba0fc3fe5b444531d94d4368cba89ed","name":"UGT","image":{"@type":"ImageObject","inLanguage":"es","@id":"https:\/\/secure.gravatar.com\/avatar\/2a16057d620a4c646bcfc171c4f23030879ebbdd346f0525bd5d4a564e57e13d?s=96&d=mm&r=g","url":"https:\/\/secure.gravatar.com\/avatar\/2a16057d620a4c646bcfc171c4f23030879ebbdd346f0525bd5d4a564e57e13d?s=96&d=mm&r=g","contentUrl":"https:\/\/secure.gravatar.com\/avatar\/2a16057d620a4c646bcfc171c4f23030879ebbdd346f0525bd5d4a564e57e13d?s=96&d=mm&r=g","caption":"UGT"}}]}},"_links":{"self":[{"href":"https:\/\/www.ugtcomunicaciones.es\/wordpress\/wp-json\/wp\/v2\/posts\/76535","targetHints":{"allow":["GET"]}}],"collection":[{"href":"https:\/\/www.ugtcomunicaciones.es\/wordpress\/wp-json\/wp\/v2\/posts"}],"about":[{"href":"https:\/\/www.ugtcomunicaciones.es\/wordpress\/wp-json\/wp\/v2\/types\/post"}],"author":[{"embeddable":true,"href":"https:\/\/www.ugtcomunicaciones.es\/wordpress\/wp-json\/wp\/v2\/users\/3"}],"replies":[{"embeddable":true,"href":"https:\/\/www.ugtcomunicaciones.es\/wordpress\/wp-json\/wp\/v2\/comments?post=76535"}],"version-history":[{"count":0,"href":"https:\/\/www.ugtcomunicaciones.es\/wordpress\/wp-json\/wp\/v2\/posts\/76535\/revisions"}],"wp:featuredmedia":[{"embeddable":true,"href":"https:\/\/www.ugtcomunicaciones.es\/wordpress\/wp-json\/wp\/v2\/media\/76548"}],"wp:attachment":[{"href":"https:\/\/www.ugtcomunicaciones.es\/wordpress\/wp-json\/wp\/v2\/media?parent=76535"}],"wp:term":[{"taxonomy":"category","embeddable":true,"href":"https:\/\/www.ugtcomunicaciones.es\/wordpress\/wp-json\/wp\/v2\/categories?post=76535"},{"taxonomy":"post_tag","embeddable":true,"href":"https:\/\/www.ugtcomunicaciones.es\/wordpress\/wp-json\/wp\/v2\/tags?post=76535"}],"curies":[{"name":"wp","href":"https:\/\/api.w.org\/{rel}","templated":true}]}}