{"id":769906,"date":"2021-02-26T07:00:55","date_gmt":"2021-02-26T06:00:55","guid":{"rendered":"https:\/\/www.ugtcomunicaciones.es\/wordpress\/?p=769906"},"modified":"2021-02-25T14:18:08","modified_gmt":"2021-02-25T13:18:08","slug":"ugt-traslada-al-grupo-parlamentario-socialista-la-emergencia-que-vive-nuestro-sector","status":"publish","type":"post","link":"https:\/\/www.ugtcomunicaciones.es\/wordpress\/ugt-traslada-al-grupo-parlamentario-socialista-la-emergencia-que-vive-nuestro-sector\/","title":{"rendered":"UGT traslada al grupo parlamentario socialista la emergencia que vive nuestro sector"},"content":{"rendered":"<p style=\"text-align: justify;\">Un nuevo contacto en la ronda iniciada por <strong>UGT<\/strong> el oto\u00f1o pasado, con el objetivo de trasladar la realidad que vive nuestro Sector a reguladores y legisladores<a href=\"#_ftn1\" name=\"_ftnref1\">[1]<\/a>.<\/p>\n<p style=\"text-align: justify;\">En esta ocasi\u00f3n nos reunimos en las dependencias del Congreso de los Diputados con Do\u00f1a \u00c1ngeles Marra, Portavoz Socialista de Transformaci\u00f3n Digital. <strong>Como en reuniones anteriores, UGT ha entregado un amplio dossier en el que describimos el absurdo econ\u00f3mico que sufre nuestro Sector<\/strong>, poniendo un ejemplo paradigm\u00e1tico y \u00fanico en todo nuestro tejido productivo: gestionamos el doble de conexiones que hace doce a\u00f1os, pero ingresamos un 25% menos. O, dicho de otro modo, a pesar de que damos muchos m\u00e1s servicios a la ciudadan\u00eda (esenciales durante toda la pandemia), uno de cada cuatro euros de riqueza se ha perdido por el camino.<\/p>\n<p style=\"text-align: justify;\">Obviamente este desprop\u00f3sito se vincula \u00edntimamente con la situaci\u00f3n laboral, que contin\u00faa destruyendo miles de puestos de trabajo de empleo digno, con derechos y tecnol\u00f3gico. Un sinsentido que debe cesar ya.<\/p>\n<p style=\"text-align: justify;\"><img decoding=\"async\" class=\"aligncenter size-full wp-image-769907 lazyload\" data-src=\"https:\/\/www.ugtcomunicaciones.es\/wordpress\/wp-content\/uploads\/2021\/02\/reunion.jpg\" alt=\"\" width=\"567\" height=\"336\" data-srcset=\"https:\/\/www.ugtcomunicaciones.es\/wordpress\/wp-content\/uploads\/2021\/02\/reunion.jpg 567w, https:\/\/www.ugtcomunicaciones.es\/wordpress\/wp-content\/uploads\/2021\/02\/reunion-300x178.jpg 300w\" data-sizes=\"(max-width: 567px) 100vw, 567px\" src=\"data:image\/svg+xml;base64,PHN2ZyB3aWR0aD0iMSIgaGVpZ2h0PSIxIiB4bWxucz0iaHR0cDovL3d3dy53My5vcmcvMjAwMC9zdmciPjwvc3ZnPg==\" style=\"--smush-placeholder-width: 567px; --smush-placeholder-aspect-ratio: 567\/336;\" \/><\/p>\n<p style=\"text-align: justify;\">Nuestro Sindicato ha reiterado la necesidad de acometer un cambio regulatorio centrado en el empleo, con una serie de propuestas dirigidas a modificar la Ley General de Telecomunicaciones a lo largo de este a\u00f1o 2021, as\u00ed como vincular todas las ayudas de los fondos europeos de recuperaci\u00f3n a consolidar y crear empleo en las telecos.<\/p>\n<p style=\"text-align: justify;\">Constatamos que los \u00faltimos resultados empresariales publicados no invitan al optimismo demostrando, de nuevo, el peligro que entra\u00f1a una regulaci\u00f3n asim\u00e9trica y anacr\u00f3nica, anclada en premisas y par\u00e1metros de otro siglo. Por todo ello, <strong>nuestro Sindicato seguir\u00e1 insistiendo y presionando para que la voz de las personas trabajadoras del Sector de las Comunicaciones llegue hasta el \u00faltimo actor implicado.<\/strong> Porque si no lo hacemos nosotros, no lo har\u00e1 nadie.<\/p>\n<p><a href=\"#_ftnref1\" name=\"_ftn1\">[1]<\/a> <a href=\"https:\/\/www.ugtcomunicaciones.es\/wordpress\/cnmc-ya-no-estamos-en-1998\/\">https:\/\/www.ugtcomunicaciones.es\/wordpress\/cnmc-ya-no-estamos-en-1998\/<\/a>; <a href=\"https:\/\/www.ugtcomunicaciones.es\/wordpress\/ugt-se-reune-con-el-grupo-parlamentario-popular-en-la-ronda-de-contactos-para-renovar-la-legislacion-sectorial\/\">https:\/\/www.ugtcomunicaciones.es\/wordpress\/ugt-se-reune-con-el-grupo-parlamentario-popular-en-la-ronda-de-contactos-para-renovar-la-legislacion-sectorial\/<\/a>; <a href=\"https:\/\/www.ugtcomunicaciones.es\/wordpress\/mismas-normas-para-todos-ugt-y-secretaria-de-estado-de-digitalizacion-comparten-puntos-de-vista-sobre-el-futuro-digital\/\">https:\/\/www.ugtcomunicaciones.es\/wordpress\/mismas-normas-para-todos-ugt-y-secretaria-de-estado-de-digitalizacion-comparten-puntos-de-vista-sobre-el-futuro-digital\/<\/a>; <a href=\"https:\/\/www.ugtcomunicaciones.es\/wordpress\/ugt-le-transmite-al-gobierno-la-necesidad-de-cambiar-el-rumbo-regulatorio\/\">https:\/\/www.ugtcomunicaciones.es\/wordpress\/ugt-le-transmite-al-gobierno-la-necesidad-de-cambiar-el-rumbo-regulatorio\/<\/a><\/p>\n","protected":false},"excerpt":{"rendered":"<p>Un nuevo contacto en la ronda iniciada por UGT el oto\u00f1o pasado, con el objetivo de trasladar la realidad que vive nuestro Sector a reguladores y legisladores[1]. En esta ocasi\u00f3n nos reunimos en las dependencias del Congreso de los Diputados con Do\u00f1a \u00c1ngeles Marra, Portavoz Socialista de Transformaci\u00f3n Digital. Como en reuniones anteriores, UGT ha [&hellip;]<\/p>\n","protected":false},"author":3,"featured_media":769907,"comment_status":"closed","ping_status":"closed","sticky":false,"template":"","format":"standard","meta":{"footnotes":""},"categories":[12,8,25,7,26],"tags":[],"class_list":["post-769906","post","type-post","status-publish","format-standard","has-post-thumbnail","hentry","category-regulacion","category-telefonica-cev","category-telefonica","category-telefonica-moviles","category-telefonica-soluciones"],"yoast_head":"<!-- This site is optimized with the Yoast SEO Premium plugin v27.3 (Yoast SEO v27.4) - https:\/\/yoast.com\/product\/yoast-seo-premium-wordpress\/ -->\n<title>UGT traslada al grupo parlamentario socialista la emergencia que vive nuestro sector - UGT Comunicaciones<\/title>\n<meta name=\"robots\" content=\"index, follow, max-snippet:-1, max-image-preview:large, max-video-preview:-1\" \/>\n<link rel=\"canonical\" href=\"https:\/\/www.ugtcomunicaciones.es\/wordpress\/ugt-traslada-al-grupo-parlamentario-socialista-la-emergencia-que-vive-nuestro-sector\/\" \/>\n<meta property=\"og:locale\" content=\"es_ES\" \/>\n<meta property=\"og:type\" content=\"article\" \/>\n<meta property=\"og:title\" content=\"UGT traslada al grupo parlamentario socialista la emergencia que vive nuestro sector\" \/>\n<meta property=\"og:description\" content=\"Un nuevo contacto en la ronda iniciada por UGT el oto\u00f1o pasado, con el objetivo de trasladar la realidad que vive nuestro Sector a reguladores y legisladores[1]. En esta ocasi\u00f3n nos reunimos en las dependencias del Congreso de los Diputados con Do\u00f1a \u00c1ngeles Marra, Portavoz Socialista de Transformaci\u00f3n Digital. Como en reuniones anteriores, UGT ha [&hellip;]\" \/>\n<meta property=\"og:url\" content=\"https:\/\/www.ugtcomunicaciones.es\/wordpress\/ugt-traslada-al-grupo-parlamentario-socialista-la-emergencia-que-vive-nuestro-sector\/\" \/>\n<meta property=\"og:site_name\" content=\"UGT Comunicaciones\" \/>\n<meta property=\"article:publisher\" content=\"https:\/\/www.facebook.com\/ugt.comunicaciones\/\" \/>\n<meta property=\"article:published_time\" content=\"2021-02-26T06:00:55+00:00\" \/>\n<meta property=\"og:image\" content=\"https:\/\/www.ugtcomunicaciones.es\/wordpress\/wp-content\/uploads\/2021\/02\/reunion.jpg\" \/>\n\t<meta property=\"og:image:width\" content=\"567\" \/>\n\t<meta property=\"og:image:height\" content=\"336\" \/>\n\t<meta property=\"og:image:type\" content=\"image\/jpeg\" \/>\n<meta name=\"author\" content=\"UGT\" \/>\n<meta name=\"twitter:card\" content=\"summary_large_image\" \/>\n<meta name=\"twitter:creator\" content=\"@ugtcom\" \/>\n<meta name=\"twitter:site\" content=\"@ugtcom\" \/>\n<meta name=\"twitter:label1\" content=\"Escrito por\" \/>\n\t<meta name=\"twitter:data1\" content=\"UGT\" \/>\n\t<meta name=\"twitter:label2\" content=\"Tiempo de lectura\" \/>\n\t<meta name=\"twitter:data2\" content=\"2 minutos\" \/>\n<script type=\"application\/ld+json\" class=\"yoast-schema-graph\">{\"@context\":\"https:\\\/\\\/schema.org\",\"@graph\":[{\"@type\":\"Article\",\"@id\":\"https:\\\/\\\/www.ugtcomunicaciones.es\\\/wordpress\\\/ugt-traslada-al-grupo-parlamentario-socialista-la-emergencia-que-vive-nuestro-sector\\\/#article\",\"isPartOf\":{\"@id\":\"https:\\\/\\\/www.ugtcomunicaciones.es\\\/wordpress\\\/ugt-traslada-al-grupo-parlamentario-socialista-la-emergencia-que-vive-nuestro-sector\\\/\"},\"author\":{\"name\":\"UGT\",\"@id\":\"https:\\\/\\\/www.ugtcomunicaciones.es\\\/wordpress\\\/#\\\/schema\\\/person\\\/eba0fc3fe5b444531d94d4368cba89ed\"},\"headline\":\"UGT traslada al grupo parlamentario socialista la emergencia que vive nuestro sector\",\"datePublished\":\"2021-02-26T06:00:55+00:00\",\"mainEntityOfPage\":{\"@id\":\"https:\\\/\\\/www.ugtcomunicaciones.es\\\/wordpress\\\/ugt-traslada-al-grupo-parlamentario-socialista-la-emergencia-que-vive-nuestro-sector\\\/\"},\"wordCount\":338,\"publisher\":{\"@id\":\"https:\\\/\\\/www.ugtcomunicaciones.es\\\/wordpress\\\/#organization\"},\"image\":{\"@id\":\"https:\\\/\\\/www.ugtcomunicaciones.es\\\/wordpress\\\/ugt-traslada-al-grupo-parlamentario-socialista-la-emergencia-que-vive-nuestro-sector\\\/#primaryimage\"},\"thumbnailUrl\":\"https:\\\/\\\/www.ugtcomunicaciones.es\\\/wordpress\\\/wp-content\\\/uploads\\\/2021\\\/02\\\/reunion.jpg\",\"articleSection\":[\"Regulaci\u00f3n\",\"Telef\u00f3nica CEV\",\"Telef\u00f3nica de Espa\u00f1a\",\"Telef\u00f3nica M\u00f3viles\",\"Telef\u00f3nica Soluciones\"],\"inLanguage\":\"es\"},{\"@type\":\"WebPage\",\"@id\":\"https:\\\/\\\/www.ugtcomunicaciones.es\\\/wordpress\\\/ugt-traslada-al-grupo-parlamentario-socialista-la-emergencia-que-vive-nuestro-sector\\\/\",\"url\":\"https:\\\/\\\/www.ugtcomunicaciones.es\\\/wordpress\\\/ugt-traslada-al-grupo-parlamentario-socialista-la-emergencia-que-vive-nuestro-sector\\\/\",\"name\":\"UGT traslada al grupo parlamentario socialista la emergencia que vive nuestro sector - UGT Comunicaciones\",\"isPartOf\":{\"@id\":\"https:\\\/\\\/www.ugtcomunicaciones.es\\\/wordpress\\\/#website\"},\"primaryImageOfPage\":{\"@id\":\"https:\\\/\\\/www.ugtcomunicaciones.es\\\/wordpress\\\/ugt-traslada-al-grupo-parlamentario-socialista-la-emergencia-que-vive-nuestro-sector\\\/#primaryimage\"},\"image\":{\"@id\":\"https:\\\/\\\/www.ugtcomunicaciones.es\\\/wordpress\\\/ugt-traslada-al-grupo-parlamentario-socialista-la-emergencia-que-vive-nuestro-sector\\\/#primaryimage\"},\"thumbnailUrl\":\"https:\\\/\\\/www.ugtcomunicaciones.es\\\/wordpress\\\/wp-content\\\/uploads\\\/2021\\\/02\\\/reunion.jpg\",\"datePublished\":\"2021-02-26T06:00:55+00:00\",\"breadcrumb\":{\"@id\":\"https:\\\/\\\/www.ugtcomunicaciones.es\\\/wordpress\\\/ugt-traslada-al-grupo-parlamentario-socialista-la-emergencia-que-vive-nuestro-sector\\\/#breadcrumb\"},\"inLanguage\":\"es\",\"potentialAction\":[{\"@type\":\"ReadAction\",\"target\":[\"https:\\\/\\\/www.ugtcomunicaciones.es\\\/wordpress\\\/ugt-traslada-al-grupo-parlamentario-socialista-la-emergencia-que-vive-nuestro-sector\\\/\"]}]},{\"@type\":\"ImageObject\",\"inLanguage\":\"es\",\"@id\":\"https:\\\/\\\/www.ugtcomunicaciones.es\\\/wordpress\\\/ugt-traslada-al-grupo-parlamentario-socialista-la-emergencia-que-vive-nuestro-sector\\\/#primaryimage\",\"url\":\"https:\\\/\\\/www.ugtcomunicaciones.es\\\/wordpress\\\/wp-content\\\/uploads\\\/2021\\\/02\\\/reunion.jpg\",\"contentUrl\":\"https:\\\/\\\/www.ugtcomunicaciones.es\\\/wordpress\\\/wp-content\\\/uploads\\\/2021\\\/02\\\/reunion.jpg\",\"width\":567,\"height\":336},{\"@type\":\"BreadcrumbList\",\"@id\":\"https:\\\/\\\/www.ugtcomunicaciones.es\\\/wordpress\\\/ugt-traslada-al-grupo-parlamentario-socialista-la-emergencia-que-vive-nuestro-sector\\\/#breadcrumb\",\"itemListElement\":[{\"@type\":\"ListItem\",\"position\":1,\"name\":\"Portada\",\"item\":\"https:\\\/\\\/www.ugtcomunicaciones.es\\\/wordpress\\\/\"},{\"@type\":\"ListItem\",\"position\":2,\"name\":\"UGT traslada al grupo parlamentario socialista la emergencia que vive nuestro sector\"}]},{\"@type\":\"WebSite\",\"@id\":\"https:\\\/\\\/www.ugtcomunicaciones.es\\\/wordpress\\\/#website\",\"url\":\"https:\\\/\\\/www.ugtcomunicaciones.es\\\/wordpress\\\/\",\"name\":\"UGT Comunicaciones\",\"description\":\"Sindicato de Telecomunicaciones\",\"publisher\":{\"@id\":\"https:\\\/\\\/www.ugtcomunicaciones.es\\\/wordpress\\\/#organization\"},\"potentialAction\":[{\"@type\":\"SearchAction\",\"target\":{\"@type\":\"EntryPoint\",\"urlTemplate\":\"https:\\\/\\\/www.ugtcomunicaciones.es\\\/wordpress\\\/?s={search_term_string}\"},\"query-input\":{\"@type\":\"PropertyValueSpecification\",\"valueRequired\":true,\"valueName\":\"search_term_string\"}}],\"inLanguage\":\"es\"},{\"@type\":\"Organization\",\"@id\":\"https:\\\/\\\/www.ugtcomunicaciones.es\\\/wordpress\\\/#organization\",\"name\":\"UGT Comunicaciones\",\"url\":\"https:\\\/\\\/www.ugtcomunicaciones.es\\\/wordpress\\\/\",\"logo\":{\"@type\":\"ImageObject\",\"inLanguage\":\"es\",\"@id\":\"https:\\\/\\\/www.ugtcomunicaciones.es\\\/wordpress\\\/#\\\/schema\\\/logo\\\/image\\\/\",\"url\":\"https:\\\/\\\/www.ugtcomunicaciones.es\\\/wordpress\\\/wp-content\\\/uploads\\\/2024\\\/04\\\/comunicaciones_logo.png\",\"contentUrl\":\"https:\\\/\\\/www.ugtcomunicaciones.es\\\/wordpress\\\/wp-content\\\/uploads\\\/2024\\\/04\\\/comunicaciones_logo.png\",\"width\":298,\"height\":81,\"caption\":\"UGT Comunicaciones\"},\"image\":{\"@id\":\"https:\\\/\\\/www.ugtcomunicaciones.es\\\/wordpress\\\/#\\\/schema\\\/logo\\\/image\\\/\"},\"sameAs\":[\"https:\\\/\\\/www.facebook.com\\\/ugt.comunicaciones\\\/\",\"https:\\\/\\\/x.com\\\/ugtcom\"]},{\"@type\":\"Person\",\"@id\":\"https:\\\/\\\/www.ugtcomunicaciones.es\\\/wordpress\\\/#\\\/schema\\\/person\\\/eba0fc3fe5b444531d94d4368cba89ed\",\"name\":\"UGT\",\"image\":{\"@type\":\"ImageObject\",\"inLanguage\":\"es\",\"@id\":\"https:\\\/\\\/secure.gravatar.com\\\/avatar\\\/2a16057d620a4c646bcfc171c4f23030879ebbdd346f0525bd5d4a564e57e13d?s=96&d=mm&r=g\",\"url\":\"https:\\\/\\\/secure.gravatar.com\\\/avatar\\\/2a16057d620a4c646bcfc171c4f23030879ebbdd346f0525bd5d4a564e57e13d?s=96&d=mm&r=g\",\"contentUrl\":\"https:\\\/\\\/secure.gravatar.com\\\/avatar\\\/2a16057d620a4c646bcfc171c4f23030879ebbdd346f0525bd5d4a564e57e13d?s=96&d=mm&r=g\",\"caption\":\"UGT\"}}]}<\/script>\n<!-- \/ Yoast SEO Premium plugin. -->","yoast_head_json":{"title":"UGT traslada al grupo parlamentario socialista la emergencia que vive nuestro sector - UGT Comunicaciones","robots":{"index":"index","follow":"follow","max-snippet":"max-snippet:-1","max-image-preview":"max-image-preview:large","max-video-preview":"max-video-preview:-1"},"canonical":"https:\/\/www.ugtcomunicaciones.es\/wordpress\/ugt-traslada-al-grupo-parlamentario-socialista-la-emergencia-que-vive-nuestro-sector\/","og_locale":"es_ES","og_type":"article","og_title":"UGT traslada al grupo parlamentario socialista la emergencia que vive nuestro sector","og_description":"Un nuevo contacto en la ronda iniciada por UGT el oto\u00f1o pasado, con el objetivo de trasladar la realidad que vive nuestro Sector a reguladores y legisladores[1]. En esta ocasi\u00f3n nos reunimos en las dependencias del Congreso de los Diputados con Do\u00f1a \u00c1ngeles Marra, Portavoz Socialista de Transformaci\u00f3n Digital. Como en reuniones anteriores, UGT ha [&hellip;]","og_url":"https:\/\/www.ugtcomunicaciones.es\/wordpress\/ugt-traslada-al-grupo-parlamentario-socialista-la-emergencia-que-vive-nuestro-sector\/","og_site_name":"UGT Comunicaciones","article_publisher":"https:\/\/www.facebook.com\/ugt.comunicaciones\/","article_published_time":"2021-02-26T06:00:55+00:00","og_image":[{"width":567,"height":336,"url":"https:\/\/www.ugtcomunicaciones.es\/wordpress\/wp-content\/uploads\/2021\/02\/reunion.jpg","type":"image\/jpeg"}],"author":"UGT","twitter_card":"summary_large_image","twitter_creator":"@ugtcom","twitter_site":"@ugtcom","twitter_misc":{"Escrito por":"UGT","Tiempo de lectura":"2 minutos"},"schema":{"@context":"https:\/\/schema.org","@graph":[{"@type":"Article","@id":"https:\/\/www.ugtcomunicaciones.es\/wordpress\/ugt-traslada-al-grupo-parlamentario-socialista-la-emergencia-que-vive-nuestro-sector\/#article","isPartOf":{"@id":"https:\/\/www.ugtcomunicaciones.es\/wordpress\/ugt-traslada-al-grupo-parlamentario-socialista-la-emergencia-que-vive-nuestro-sector\/"},"author":{"name":"UGT","@id":"https:\/\/www.ugtcomunicaciones.es\/wordpress\/#\/schema\/person\/eba0fc3fe5b444531d94d4368cba89ed"},"headline":"UGT traslada al grupo parlamentario socialista la emergencia que vive nuestro sector","datePublished":"2021-02-26T06:00:55+00:00","mainEntityOfPage":{"@id":"https:\/\/www.ugtcomunicaciones.es\/wordpress\/ugt-traslada-al-grupo-parlamentario-socialista-la-emergencia-que-vive-nuestro-sector\/"},"wordCount":338,"publisher":{"@id":"https:\/\/www.ugtcomunicaciones.es\/wordpress\/#organization"},"image":{"@id":"https:\/\/www.ugtcomunicaciones.es\/wordpress\/ugt-traslada-al-grupo-parlamentario-socialista-la-emergencia-que-vive-nuestro-sector\/#primaryimage"},"thumbnailUrl":"https:\/\/www.ugtcomunicaciones.es\/wordpress\/wp-content\/uploads\/2021\/02\/reunion.jpg","articleSection":["Regulaci\u00f3n","Telef\u00f3nica CEV","Telef\u00f3nica de Espa\u00f1a","Telef\u00f3nica M\u00f3viles","Telef\u00f3nica Soluciones"],"inLanguage":"es"},{"@type":"WebPage","@id":"https:\/\/www.ugtcomunicaciones.es\/wordpress\/ugt-traslada-al-grupo-parlamentario-socialista-la-emergencia-que-vive-nuestro-sector\/","url":"https:\/\/www.ugtcomunicaciones.es\/wordpress\/ugt-traslada-al-grupo-parlamentario-socialista-la-emergencia-que-vive-nuestro-sector\/","name":"UGT traslada al grupo parlamentario socialista la emergencia que vive nuestro sector - UGT Comunicaciones","isPartOf":{"@id":"https:\/\/www.ugtcomunicaciones.es\/wordpress\/#website"},"primaryImageOfPage":{"@id":"https:\/\/www.ugtcomunicaciones.es\/wordpress\/ugt-traslada-al-grupo-parlamentario-socialista-la-emergencia-que-vive-nuestro-sector\/#primaryimage"},"image":{"@id":"https:\/\/www.ugtcomunicaciones.es\/wordpress\/ugt-traslada-al-grupo-parlamentario-socialista-la-emergencia-que-vive-nuestro-sector\/#primaryimage"},"thumbnailUrl":"https:\/\/www.ugtcomunicaciones.es\/wordpress\/wp-content\/uploads\/2021\/02\/reunion.jpg","datePublished":"2021-02-26T06:00:55+00:00","breadcrumb":{"@id":"https:\/\/www.ugtcomunicaciones.es\/wordpress\/ugt-traslada-al-grupo-parlamentario-socialista-la-emergencia-que-vive-nuestro-sector\/#breadcrumb"},"inLanguage":"es","potentialAction":[{"@type":"ReadAction","target":["https:\/\/www.ugtcomunicaciones.es\/wordpress\/ugt-traslada-al-grupo-parlamentario-socialista-la-emergencia-que-vive-nuestro-sector\/"]}]},{"@type":"ImageObject","inLanguage":"es","@id":"https:\/\/www.ugtcomunicaciones.es\/wordpress\/ugt-traslada-al-grupo-parlamentario-socialista-la-emergencia-que-vive-nuestro-sector\/#primaryimage","url":"https:\/\/www.ugtcomunicaciones.es\/wordpress\/wp-content\/uploads\/2021\/02\/reunion.jpg","contentUrl":"https:\/\/www.ugtcomunicaciones.es\/wordpress\/wp-content\/uploads\/2021\/02\/reunion.jpg","width":567,"height":336},{"@type":"BreadcrumbList","@id":"https:\/\/www.ugtcomunicaciones.es\/wordpress\/ugt-traslada-al-grupo-parlamentario-socialista-la-emergencia-que-vive-nuestro-sector\/#breadcrumb","itemListElement":[{"@type":"ListItem","position":1,"name":"Portada","item":"https:\/\/www.ugtcomunicaciones.es\/wordpress\/"},{"@type":"ListItem","position":2,"name":"UGT traslada al grupo parlamentario socialista la emergencia que vive nuestro sector"}]},{"@type":"WebSite","@id":"https:\/\/www.ugtcomunicaciones.es\/wordpress\/#website","url":"https:\/\/www.ugtcomunicaciones.es\/wordpress\/","name":"UGT Comunicaciones","description":"Sindicato de Telecomunicaciones","publisher":{"@id":"https:\/\/www.ugtcomunicaciones.es\/wordpress\/#organization"},"potentialAction":[{"@type":"SearchAction","target":{"@type":"EntryPoint","urlTemplate":"https:\/\/www.ugtcomunicaciones.es\/wordpress\/?s={search_term_string}"},"query-input":{"@type":"PropertyValueSpecification","valueRequired":true,"valueName":"search_term_string"}}],"inLanguage":"es"},{"@type":"Organization","@id":"https:\/\/www.ugtcomunicaciones.es\/wordpress\/#organization","name":"UGT Comunicaciones","url":"https:\/\/www.ugtcomunicaciones.es\/wordpress\/","logo":{"@type":"ImageObject","inLanguage":"es","@id":"https:\/\/www.ugtcomunicaciones.es\/wordpress\/#\/schema\/logo\/image\/","url":"https:\/\/www.ugtcomunicaciones.es\/wordpress\/wp-content\/uploads\/2024\/04\/comunicaciones_logo.png","contentUrl":"https:\/\/www.ugtcomunicaciones.es\/wordpress\/wp-content\/uploads\/2024\/04\/comunicaciones_logo.png","width":298,"height":81,"caption":"UGT Comunicaciones"},"image":{"@id":"https:\/\/www.ugtcomunicaciones.es\/wordpress\/#\/schema\/logo\/image\/"},"sameAs":["https:\/\/www.facebook.com\/ugt.comunicaciones\/","https:\/\/x.com\/ugtcom"]},{"@type":"Person","@id":"https:\/\/www.ugtcomunicaciones.es\/wordpress\/#\/schema\/person\/eba0fc3fe5b444531d94d4368cba89ed","name":"UGT","image":{"@type":"ImageObject","inLanguage":"es","@id":"https:\/\/secure.gravatar.com\/avatar\/2a16057d620a4c646bcfc171c4f23030879ebbdd346f0525bd5d4a564e57e13d?s=96&d=mm&r=g","url":"https:\/\/secure.gravatar.com\/avatar\/2a16057d620a4c646bcfc171c4f23030879ebbdd346f0525bd5d4a564e57e13d?s=96&d=mm&r=g","contentUrl":"https:\/\/secure.gravatar.com\/avatar\/2a16057d620a4c646bcfc171c4f23030879ebbdd346f0525bd5d4a564e57e13d?s=96&d=mm&r=g","caption":"UGT"}}]}},"_links":{"self":[{"href":"https:\/\/www.ugtcomunicaciones.es\/wordpress\/wp-json\/wp\/v2\/posts\/769906","targetHints":{"allow":["GET"]}}],"collection":[{"href":"https:\/\/www.ugtcomunicaciones.es\/wordpress\/wp-json\/wp\/v2\/posts"}],"about":[{"href":"https:\/\/www.ugtcomunicaciones.es\/wordpress\/wp-json\/wp\/v2\/types\/post"}],"author":[{"embeddable":true,"href":"https:\/\/www.ugtcomunicaciones.es\/wordpress\/wp-json\/wp\/v2\/users\/3"}],"replies":[{"embeddable":true,"href":"https:\/\/www.ugtcomunicaciones.es\/wordpress\/wp-json\/wp\/v2\/comments?post=769906"}],"version-history":[{"count":0,"href":"https:\/\/www.ugtcomunicaciones.es\/wordpress\/wp-json\/wp\/v2\/posts\/769906\/revisions"}],"wp:featuredmedia":[{"embeddable":true,"href":"https:\/\/www.ugtcomunicaciones.es\/wordpress\/wp-json\/wp\/v2\/media\/769907"}],"wp:attachment":[{"href":"https:\/\/www.ugtcomunicaciones.es\/wordpress\/wp-json\/wp\/v2\/media?parent=769906"}],"wp:term":[{"taxonomy":"category","embeddable":true,"href":"https:\/\/www.ugtcomunicaciones.es\/wordpress\/wp-json\/wp\/v2\/categories?post=769906"},{"taxonomy":"post_tag","embeddable":true,"href":"https:\/\/www.ugtcomunicaciones.es\/wordpress\/wp-json\/wp\/v2\/tags?post=769906"}],"curies":[{"name":"wp","href":"https:\/\/api.w.org\/{rel}","templated":true}]}}