{"id":772470,"date":"2021-03-01T09:49:09","date_gmt":"2021-03-01T08:49:09","guid":{"rendered":"https:\/\/www.ugtcomunicaciones.es\/wordpress\/?p=772470"},"modified":"2021-03-01T09:49:09","modified_gmt":"2021-03-01T08:49:09","slug":"ugt-telyco-insta-a-la-empresa-a-convocar-la-comision-de-grupos-profesionales","status":"publish","type":"post","link":"https:\/\/www.ugtcomunicaciones.es\/wordpress\/ugt-telyco-insta-a-la-empresa-a-convocar-la-comision-de-grupos-profesionales\/","title":{"rendered":"UGT Telyco insta a la empresa a convocar la comisi\u00f3n de grupos profesionales."},"content":{"rendered":"<p>Desde UGT hemos instado a la empresa, la convocatoria de la<br \/>\nComisi\u00f3n de Grupos Profesionales tal y como establece el Art. 11 del presente Convenio.<\/p>\n<p>Ha llegado el momento de sentarse a tratar y establecer las funciones de cada Grupo Profesional, as\u00ed como elaborar propuestas y avanzar en el desarrollo del modelo de clasificaci\u00f3n profesional.<\/p>\n<p>En la \u00faltima reuni\u00f3n de esta comisi\u00f3n, tratamos, adem\u00e1s las atribuciones y funciones que debe de tener cada Grupo, el desarrollo de una carrera profesional que estos momentos no tenemos en Telyco.<\/p>\n<p>Tambi\u00e9n se dise\u00f1\u00f3 un modelo de desarrollo profesional que permit\u00eda el salto de niveles, dentro de un Grupo, sin esperar a que el tiempo lo consolide, a trav\u00e9s de un sistema de \u201caceleradores\u201d.<\/p>\n<p>Estos dos puntos, carrera profesional y aceleradores, adem\u00e1s de la catalogaci\u00f3n de funciones tienen que ser el punto de partida en la negociaci\u00f3n de un fututo acuerdo.<\/p>\n<p>Adem\u00e1s de lo apuntado UGT, considera necesario que en estos momentos m\u00e1s que nunca, dada la diversificaci\u00f3n de nuevas tareas y procedimientos, evaluar las nuevas funciones o actividades que se est\u00e1n desarrollando en el seno de la empresa.<\/p>\n<p>Menci\u00f3n especial, es la emisi\u00f3n de llamadas de televenta en tiendas. A este respecto ya nos hemos pronunciado y hemos instado a que realice una evaluaci\u00f3n del puesto de trabajo ya que entendemos que no cumple los requisitos establecidos en la Ley de Prevenci\u00f3n de Riesgos Laborales. Tampoco se cumple lo<br \/>\nacordado en el presente convenio de priorizar la atenci\u00f3n al cliente al establecer horarios de llamadas.<\/p>\n<p>Somos conscientes de la situaci\u00f3n en la que nos hallamos por culpa de la pandemia, sabemos las dificultades que est\u00e1n pasando muchos y muchas compa\u00f1eras de tiendas ya que la afluencia de clientes se ha desplomado. Sabemos de la situaci\u00f3n econ\u00f3mica delicada por la que est\u00e1 atravesando la empresa y el Grupo Telef\u00f3nica, y como sindicato responsable, entendemos que el futuro de muchos trabajos van a depender de la adaptaci\u00f3n a nuevas formas de venta y de atenci\u00f3n al Cliente. Los procesos de digitalizaci\u00f3n se han acelerado por culpa del coronavirus, esto<br \/>\nha tra\u00eddo el teletrabajo y otras formas de relacionarnos con el cliente. Todos y todas hemos tenido buena cuenta de ello y parte de la plantilla sigue. Es por ello, que este sindicato ve tan necesario reunir a la Comisi\u00f3n. Hay que avanzar YA en establecer un cat\u00e1logo de funciones y atribuciones de cada uno de los Grupos Profesionales, adem\u00e1s de un marco regulatorio, que enfrente a los nuevos retos de la digitalizaci\u00f3n y el teletrabajo.<\/p>\n<p>El futuro ya est\u00e1 aqu\u00ed y es un hecho evidente.<\/p>\n","protected":false},"excerpt":{"rendered":"<p>Desde UGT hemos instado a la empresa, la convocatoria de la Comisi\u00f3n de Grupos Profesionales tal y como establece el Art. 11 del presente Convenio. Ha llegado el momento de sentarse a tratar y establecer las funciones de cada Grupo Profesional, as\u00ed como elaborar propuestas y avanzar en el desarrollo del modelo de clasificaci\u00f3n profesional. [&hellip;]<\/p>\n","protected":false},"author":3,"featured_media":511326,"comment_status":"closed","ping_status":"closed","sticky":false,"template":"","format":"standard","meta":{"footnotes":""},"categories":[31],"tags":[],"class_list":["post-772470","post","type-post","status-publish","format-standard","has-post-thumbnail","hentry","category-telyco"],"yoast_head":"<!-- This site is optimized with the Yoast SEO Premium plugin v27.3 (Yoast SEO v27.4) - https:\/\/yoast.com\/product\/yoast-seo-premium-wordpress\/ -->\n<title>UGT Telyco insta a la empresa a convocar la comisi\u00f3n de grupos profesionales. - UGT Comunicaciones<\/title>\n<meta name=\"robots\" content=\"index, follow, max-snippet:-1, max-image-preview:large, max-video-preview:-1\" \/>\n<link rel=\"canonical\" href=\"https:\/\/www.ugtcomunicaciones.es\/wordpress\/ugt-telyco-insta-a-la-empresa-a-convocar-la-comision-de-grupos-profesionales\/\" \/>\n<meta property=\"og:locale\" content=\"es_ES\" \/>\n<meta property=\"og:type\" content=\"article\" \/>\n<meta property=\"og:title\" content=\"UGT Telyco insta a la empresa a convocar la comisi\u00f3n de grupos profesionales.\" \/>\n<meta property=\"og:description\" content=\"Desde UGT hemos instado a la empresa, la convocatoria de la Comisi\u00f3n de Grupos Profesionales tal y como establece el Art. 11 del presente Convenio. Ha llegado el momento de sentarse a tratar y establecer las funciones de cada Grupo Profesional, as\u00ed como elaborar propuestas y avanzar en el desarrollo del modelo de clasificaci\u00f3n profesional. [&hellip;]\" \/>\n<meta property=\"og:url\" content=\"https:\/\/www.ugtcomunicaciones.es\/wordpress\/ugt-telyco-insta-a-la-empresa-a-convocar-la-comision-de-grupos-profesionales\/\" \/>\n<meta property=\"og:site_name\" content=\"UGT Comunicaciones\" \/>\n<meta property=\"article:publisher\" content=\"https:\/\/www.facebook.com\/ugt.comunicaciones\/\" \/>\n<meta property=\"article:published_time\" content=\"2021-03-01T08:49:09+00:00\" \/>\n<meta property=\"og:image\" content=\"https:\/\/www.ugtcomunicaciones.es\/wordpress\/wp-content\/uploads\/2020\/01\/Tienda-Movistar-Elche-Alfonso-XII.jpg\" \/>\n\t<meta property=\"og:image:width\" content=\"1490\" \/>\n\t<meta property=\"og:image:height\" content=\"1081\" \/>\n\t<meta property=\"og:image:type\" content=\"image\/jpeg\" \/>\n<meta name=\"author\" content=\"UGT\" \/>\n<meta name=\"twitter:card\" content=\"summary_large_image\" \/>\n<meta name=\"twitter:creator\" content=\"@ugtcom\" \/>\n<meta name=\"twitter:site\" content=\"@ugtcom\" \/>\n<meta name=\"twitter:label1\" content=\"Escrito por\" \/>\n\t<meta name=\"twitter:data1\" content=\"UGT\" \/>\n\t<meta name=\"twitter:label2\" content=\"Tiempo de lectura\" \/>\n\t<meta name=\"twitter:data2\" content=\"2 minutos\" \/>\n<script type=\"application\/ld+json\" class=\"yoast-schema-graph\">{\"@context\":\"https:\\\/\\\/schema.org\",\"@graph\":[{\"@type\":\"Article\",\"@id\":\"https:\\\/\\\/www.ugtcomunicaciones.es\\\/wordpress\\\/ugt-telyco-insta-a-la-empresa-a-convocar-la-comision-de-grupos-profesionales\\\/#article\",\"isPartOf\":{\"@id\":\"https:\\\/\\\/www.ugtcomunicaciones.es\\\/wordpress\\\/ugt-telyco-insta-a-la-empresa-a-convocar-la-comision-de-grupos-profesionales\\\/\"},\"author\":{\"name\":\"UGT\",\"@id\":\"https:\\\/\\\/www.ugtcomunicaciones.es\\\/wordpress\\\/#\\\/schema\\\/person\\\/eba0fc3fe5b444531d94d4368cba89ed\"},\"headline\":\"UGT Telyco insta a la empresa a convocar la comisi\u00f3n de grupos profesionales.\",\"datePublished\":\"2021-03-01T08:49:09+00:00\",\"mainEntityOfPage\":{\"@id\":\"https:\\\/\\\/www.ugtcomunicaciones.es\\\/wordpress\\\/ugt-telyco-insta-a-la-empresa-a-convocar-la-comision-de-grupos-profesionales\\\/\"},\"wordCount\":477,\"publisher\":{\"@id\":\"https:\\\/\\\/www.ugtcomunicaciones.es\\\/wordpress\\\/#organization\"},\"image\":{\"@id\":\"https:\\\/\\\/www.ugtcomunicaciones.es\\\/wordpress\\\/ugt-telyco-insta-a-la-empresa-a-convocar-la-comision-de-grupos-profesionales\\\/#primaryimage\"},\"thumbnailUrl\":\"https:\\\/\\\/www.ugtcomunicaciones.es\\\/wordpress\\\/wp-content\\\/uploads\\\/2020\\\/01\\\/Tienda-Movistar-Elche-Alfonso-XII.jpg\",\"articleSection\":[\"Telyco\"],\"inLanguage\":\"es\"},{\"@type\":\"WebPage\",\"@id\":\"https:\\\/\\\/www.ugtcomunicaciones.es\\\/wordpress\\\/ugt-telyco-insta-a-la-empresa-a-convocar-la-comision-de-grupos-profesionales\\\/\",\"url\":\"https:\\\/\\\/www.ugtcomunicaciones.es\\\/wordpress\\\/ugt-telyco-insta-a-la-empresa-a-convocar-la-comision-de-grupos-profesionales\\\/\",\"name\":\"UGT Telyco insta a la empresa a convocar la comisi\u00f3n de grupos profesionales. - UGT Comunicaciones\",\"isPartOf\":{\"@id\":\"https:\\\/\\\/www.ugtcomunicaciones.es\\\/wordpress\\\/#website\"},\"primaryImageOfPage\":{\"@id\":\"https:\\\/\\\/www.ugtcomunicaciones.es\\\/wordpress\\\/ugt-telyco-insta-a-la-empresa-a-convocar-la-comision-de-grupos-profesionales\\\/#primaryimage\"},\"image\":{\"@id\":\"https:\\\/\\\/www.ugtcomunicaciones.es\\\/wordpress\\\/ugt-telyco-insta-a-la-empresa-a-convocar-la-comision-de-grupos-profesionales\\\/#primaryimage\"},\"thumbnailUrl\":\"https:\\\/\\\/www.ugtcomunicaciones.es\\\/wordpress\\\/wp-content\\\/uploads\\\/2020\\\/01\\\/Tienda-Movistar-Elche-Alfonso-XII.jpg\",\"datePublished\":\"2021-03-01T08:49:09+00:00\",\"breadcrumb\":{\"@id\":\"https:\\\/\\\/www.ugtcomunicaciones.es\\\/wordpress\\\/ugt-telyco-insta-a-la-empresa-a-convocar-la-comision-de-grupos-profesionales\\\/#breadcrumb\"},\"inLanguage\":\"es\",\"potentialAction\":[{\"@type\":\"ReadAction\",\"target\":[\"https:\\\/\\\/www.ugtcomunicaciones.es\\\/wordpress\\\/ugt-telyco-insta-a-la-empresa-a-convocar-la-comision-de-grupos-profesionales\\\/\"]}]},{\"@type\":\"ImageObject\",\"inLanguage\":\"es\",\"@id\":\"https:\\\/\\\/www.ugtcomunicaciones.es\\\/wordpress\\\/ugt-telyco-insta-a-la-empresa-a-convocar-la-comision-de-grupos-profesionales\\\/#primaryimage\",\"url\":\"https:\\\/\\\/www.ugtcomunicaciones.es\\\/wordpress\\\/wp-content\\\/uploads\\\/2020\\\/01\\\/Tienda-Movistar-Elche-Alfonso-XII.jpg\",\"contentUrl\":\"https:\\\/\\\/www.ugtcomunicaciones.es\\\/wordpress\\\/wp-content\\\/uploads\\\/2020\\\/01\\\/Tienda-Movistar-Elche-Alfonso-XII.jpg\",\"width\":1490,\"height\":1081},{\"@type\":\"BreadcrumbList\",\"@id\":\"https:\\\/\\\/www.ugtcomunicaciones.es\\\/wordpress\\\/ugt-telyco-insta-a-la-empresa-a-convocar-la-comision-de-grupos-profesionales\\\/#breadcrumb\",\"itemListElement\":[{\"@type\":\"ListItem\",\"position\":1,\"name\":\"Portada\",\"item\":\"https:\\\/\\\/www.ugtcomunicaciones.es\\\/wordpress\\\/\"},{\"@type\":\"ListItem\",\"position\":2,\"name\":\"UGT Telyco insta a la empresa a convocar la comisi\u00f3n de grupos profesionales.\"}]},{\"@type\":\"WebSite\",\"@id\":\"https:\\\/\\\/www.ugtcomunicaciones.es\\\/wordpress\\\/#website\",\"url\":\"https:\\\/\\\/www.ugtcomunicaciones.es\\\/wordpress\\\/\",\"name\":\"UGT Comunicaciones\",\"description\":\"Sindicato de Telecomunicaciones\",\"publisher\":{\"@id\":\"https:\\\/\\\/www.ugtcomunicaciones.es\\\/wordpress\\\/#organization\"},\"potentialAction\":[{\"@type\":\"SearchAction\",\"target\":{\"@type\":\"EntryPoint\",\"urlTemplate\":\"https:\\\/\\\/www.ugtcomunicaciones.es\\\/wordpress\\\/?s={search_term_string}\"},\"query-input\":{\"@type\":\"PropertyValueSpecification\",\"valueRequired\":true,\"valueName\":\"search_term_string\"}}],\"inLanguage\":\"es\"},{\"@type\":\"Organization\",\"@id\":\"https:\\\/\\\/www.ugtcomunicaciones.es\\\/wordpress\\\/#organization\",\"name\":\"UGT Comunicaciones\",\"url\":\"https:\\\/\\\/www.ugtcomunicaciones.es\\\/wordpress\\\/\",\"logo\":{\"@type\":\"ImageObject\",\"inLanguage\":\"es\",\"@id\":\"https:\\\/\\\/www.ugtcomunicaciones.es\\\/wordpress\\\/#\\\/schema\\\/logo\\\/image\\\/\",\"url\":\"https:\\\/\\\/www.ugtcomunicaciones.es\\\/wordpress\\\/wp-content\\\/uploads\\\/2024\\\/04\\\/comunicaciones_logo.png\",\"contentUrl\":\"https:\\\/\\\/www.ugtcomunicaciones.es\\\/wordpress\\\/wp-content\\\/uploads\\\/2024\\\/04\\\/comunicaciones_logo.png\",\"width\":298,\"height\":81,\"caption\":\"UGT Comunicaciones\"},\"image\":{\"@id\":\"https:\\\/\\\/www.ugtcomunicaciones.es\\\/wordpress\\\/#\\\/schema\\\/logo\\\/image\\\/\"},\"sameAs\":[\"https:\\\/\\\/www.facebook.com\\\/ugt.comunicaciones\\\/\",\"https:\\\/\\\/x.com\\\/ugtcom\"]},{\"@type\":\"Person\",\"@id\":\"https:\\\/\\\/www.ugtcomunicaciones.es\\\/wordpress\\\/#\\\/schema\\\/person\\\/eba0fc3fe5b444531d94d4368cba89ed\",\"name\":\"UGT\",\"image\":{\"@type\":\"ImageObject\",\"inLanguage\":\"es\",\"@id\":\"https:\\\/\\\/secure.gravatar.com\\\/avatar\\\/2a16057d620a4c646bcfc171c4f23030879ebbdd346f0525bd5d4a564e57e13d?s=96&d=mm&r=g\",\"url\":\"https:\\\/\\\/secure.gravatar.com\\\/avatar\\\/2a16057d620a4c646bcfc171c4f23030879ebbdd346f0525bd5d4a564e57e13d?s=96&d=mm&r=g\",\"contentUrl\":\"https:\\\/\\\/secure.gravatar.com\\\/avatar\\\/2a16057d620a4c646bcfc171c4f23030879ebbdd346f0525bd5d4a564e57e13d?s=96&d=mm&r=g\",\"caption\":\"UGT\"}}]}<\/script>\n<!-- \/ Yoast SEO Premium plugin. -->","yoast_head_json":{"title":"UGT Telyco insta a la empresa a convocar la comisi\u00f3n de grupos profesionales. - UGT Comunicaciones","robots":{"index":"index","follow":"follow","max-snippet":"max-snippet:-1","max-image-preview":"max-image-preview:large","max-video-preview":"max-video-preview:-1"},"canonical":"https:\/\/www.ugtcomunicaciones.es\/wordpress\/ugt-telyco-insta-a-la-empresa-a-convocar-la-comision-de-grupos-profesionales\/","og_locale":"es_ES","og_type":"article","og_title":"UGT Telyco insta a la empresa a convocar la comisi\u00f3n de grupos profesionales.","og_description":"Desde UGT hemos instado a la empresa, la convocatoria de la Comisi\u00f3n de Grupos Profesionales tal y como establece el Art. 11 del presente Convenio. Ha llegado el momento de sentarse a tratar y establecer las funciones de cada Grupo Profesional, as\u00ed como elaborar propuestas y avanzar en el desarrollo del modelo de clasificaci\u00f3n profesional. [&hellip;]","og_url":"https:\/\/www.ugtcomunicaciones.es\/wordpress\/ugt-telyco-insta-a-la-empresa-a-convocar-la-comision-de-grupos-profesionales\/","og_site_name":"UGT Comunicaciones","article_publisher":"https:\/\/www.facebook.com\/ugt.comunicaciones\/","article_published_time":"2021-03-01T08:49:09+00:00","og_image":[{"width":1490,"height":1081,"url":"https:\/\/www.ugtcomunicaciones.es\/wordpress\/wp-content\/uploads\/2020\/01\/Tienda-Movistar-Elche-Alfonso-XII.jpg","type":"image\/jpeg"}],"author":"UGT","twitter_card":"summary_large_image","twitter_creator":"@ugtcom","twitter_site":"@ugtcom","twitter_misc":{"Escrito por":"UGT","Tiempo de lectura":"2 minutos"},"schema":{"@context":"https:\/\/schema.org","@graph":[{"@type":"Article","@id":"https:\/\/www.ugtcomunicaciones.es\/wordpress\/ugt-telyco-insta-a-la-empresa-a-convocar-la-comision-de-grupos-profesionales\/#article","isPartOf":{"@id":"https:\/\/www.ugtcomunicaciones.es\/wordpress\/ugt-telyco-insta-a-la-empresa-a-convocar-la-comision-de-grupos-profesionales\/"},"author":{"name":"UGT","@id":"https:\/\/www.ugtcomunicaciones.es\/wordpress\/#\/schema\/person\/eba0fc3fe5b444531d94d4368cba89ed"},"headline":"UGT Telyco insta a la empresa a convocar la comisi\u00f3n de grupos profesionales.","datePublished":"2021-03-01T08:49:09+00:00","mainEntityOfPage":{"@id":"https:\/\/www.ugtcomunicaciones.es\/wordpress\/ugt-telyco-insta-a-la-empresa-a-convocar-la-comision-de-grupos-profesionales\/"},"wordCount":477,"publisher":{"@id":"https:\/\/www.ugtcomunicaciones.es\/wordpress\/#organization"},"image":{"@id":"https:\/\/www.ugtcomunicaciones.es\/wordpress\/ugt-telyco-insta-a-la-empresa-a-convocar-la-comision-de-grupos-profesionales\/#primaryimage"},"thumbnailUrl":"https:\/\/www.ugtcomunicaciones.es\/wordpress\/wp-content\/uploads\/2020\/01\/Tienda-Movistar-Elche-Alfonso-XII.jpg","articleSection":["Telyco"],"inLanguage":"es"},{"@type":"WebPage","@id":"https:\/\/www.ugtcomunicaciones.es\/wordpress\/ugt-telyco-insta-a-la-empresa-a-convocar-la-comision-de-grupos-profesionales\/","url":"https:\/\/www.ugtcomunicaciones.es\/wordpress\/ugt-telyco-insta-a-la-empresa-a-convocar-la-comision-de-grupos-profesionales\/","name":"UGT Telyco insta a la empresa a convocar la comisi\u00f3n de grupos profesionales. - UGT Comunicaciones","isPartOf":{"@id":"https:\/\/www.ugtcomunicaciones.es\/wordpress\/#website"},"primaryImageOfPage":{"@id":"https:\/\/www.ugtcomunicaciones.es\/wordpress\/ugt-telyco-insta-a-la-empresa-a-convocar-la-comision-de-grupos-profesionales\/#primaryimage"},"image":{"@id":"https:\/\/www.ugtcomunicaciones.es\/wordpress\/ugt-telyco-insta-a-la-empresa-a-convocar-la-comision-de-grupos-profesionales\/#primaryimage"},"thumbnailUrl":"https:\/\/www.ugtcomunicaciones.es\/wordpress\/wp-content\/uploads\/2020\/01\/Tienda-Movistar-Elche-Alfonso-XII.jpg","datePublished":"2021-03-01T08:49:09+00:00","breadcrumb":{"@id":"https:\/\/www.ugtcomunicaciones.es\/wordpress\/ugt-telyco-insta-a-la-empresa-a-convocar-la-comision-de-grupos-profesionales\/#breadcrumb"},"inLanguage":"es","potentialAction":[{"@type":"ReadAction","target":["https:\/\/www.ugtcomunicaciones.es\/wordpress\/ugt-telyco-insta-a-la-empresa-a-convocar-la-comision-de-grupos-profesionales\/"]}]},{"@type":"ImageObject","inLanguage":"es","@id":"https:\/\/www.ugtcomunicaciones.es\/wordpress\/ugt-telyco-insta-a-la-empresa-a-convocar-la-comision-de-grupos-profesionales\/#primaryimage","url":"https:\/\/www.ugtcomunicaciones.es\/wordpress\/wp-content\/uploads\/2020\/01\/Tienda-Movistar-Elche-Alfonso-XII.jpg","contentUrl":"https:\/\/www.ugtcomunicaciones.es\/wordpress\/wp-content\/uploads\/2020\/01\/Tienda-Movistar-Elche-Alfonso-XII.jpg","width":1490,"height":1081},{"@type":"BreadcrumbList","@id":"https:\/\/www.ugtcomunicaciones.es\/wordpress\/ugt-telyco-insta-a-la-empresa-a-convocar-la-comision-de-grupos-profesionales\/#breadcrumb","itemListElement":[{"@type":"ListItem","position":1,"name":"Portada","item":"https:\/\/www.ugtcomunicaciones.es\/wordpress\/"},{"@type":"ListItem","position":2,"name":"UGT Telyco insta a la empresa a convocar la comisi\u00f3n de grupos profesionales."}]},{"@type":"WebSite","@id":"https:\/\/www.ugtcomunicaciones.es\/wordpress\/#website","url":"https:\/\/www.ugtcomunicaciones.es\/wordpress\/","name":"UGT Comunicaciones","description":"Sindicato de Telecomunicaciones","publisher":{"@id":"https:\/\/www.ugtcomunicaciones.es\/wordpress\/#organization"},"potentialAction":[{"@type":"SearchAction","target":{"@type":"EntryPoint","urlTemplate":"https:\/\/www.ugtcomunicaciones.es\/wordpress\/?s={search_term_string}"},"query-input":{"@type":"PropertyValueSpecification","valueRequired":true,"valueName":"search_term_string"}}],"inLanguage":"es"},{"@type":"Organization","@id":"https:\/\/www.ugtcomunicaciones.es\/wordpress\/#organization","name":"UGT Comunicaciones","url":"https:\/\/www.ugtcomunicaciones.es\/wordpress\/","logo":{"@type":"ImageObject","inLanguage":"es","@id":"https:\/\/www.ugtcomunicaciones.es\/wordpress\/#\/schema\/logo\/image\/","url":"https:\/\/www.ugtcomunicaciones.es\/wordpress\/wp-content\/uploads\/2024\/04\/comunicaciones_logo.png","contentUrl":"https:\/\/www.ugtcomunicaciones.es\/wordpress\/wp-content\/uploads\/2024\/04\/comunicaciones_logo.png","width":298,"height":81,"caption":"UGT Comunicaciones"},"image":{"@id":"https:\/\/www.ugtcomunicaciones.es\/wordpress\/#\/schema\/logo\/image\/"},"sameAs":["https:\/\/www.facebook.com\/ugt.comunicaciones\/","https:\/\/x.com\/ugtcom"]},{"@type":"Person","@id":"https:\/\/www.ugtcomunicaciones.es\/wordpress\/#\/schema\/person\/eba0fc3fe5b444531d94d4368cba89ed","name":"UGT","image":{"@type":"ImageObject","inLanguage":"es","@id":"https:\/\/secure.gravatar.com\/avatar\/2a16057d620a4c646bcfc171c4f23030879ebbdd346f0525bd5d4a564e57e13d?s=96&d=mm&r=g","url":"https:\/\/secure.gravatar.com\/avatar\/2a16057d620a4c646bcfc171c4f23030879ebbdd346f0525bd5d4a564e57e13d?s=96&d=mm&r=g","contentUrl":"https:\/\/secure.gravatar.com\/avatar\/2a16057d620a4c646bcfc171c4f23030879ebbdd346f0525bd5d4a564e57e13d?s=96&d=mm&r=g","caption":"UGT"}}]}},"_links":{"self":[{"href":"https:\/\/www.ugtcomunicaciones.es\/wordpress\/wp-json\/wp\/v2\/posts\/772470","targetHints":{"allow":["GET"]}}],"collection":[{"href":"https:\/\/www.ugtcomunicaciones.es\/wordpress\/wp-json\/wp\/v2\/posts"}],"about":[{"href":"https:\/\/www.ugtcomunicaciones.es\/wordpress\/wp-json\/wp\/v2\/types\/post"}],"author":[{"embeddable":true,"href":"https:\/\/www.ugtcomunicaciones.es\/wordpress\/wp-json\/wp\/v2\/users\/3"}],"replies":[{"embeddable":true,"href":"https:\/\/www.ugtcomunicaciones.es\/wordpress\/wp-json\/wp\/v2\/comments?post=772470"}],"version-history":[{"count":0,"href":"https:\/\/www.ugtcomunicaciones.es\/wordpress\/wp-json\/wp\/v2\/posts\/772470\/revisions"}],"wp:featuredmedia":[{"embeddable":true,"href":"https:\/\/www.ugtcomunicaciones.es\/wordpress\/wp-json\/wp\/v2\/media\/511326"}],"wp:attachment":[{"href":"https:\/\/www.ugtcomunicaciones.es\/wordpress\/wp-json\/wp\/v2\/media?parent=772470"}],"wp:term":[{"taxonomy":"category","embeddable":true,"href":"https:\/\/www.ugtcomunicaciones.es\/wordpress\/wp-json\/wp\/v2\/categories?post=772470"},{"taxonomy":"post_tag","embeddable":true,"href":"https:\/\/www.ugtcomunicaciones.es\/wordpress\/wp-json\/wp\/v2\/tags?post=772470"}],"curies":[{"name":"wp","href":"https:\/\/api.w.org\/{rel}","templated":true}]}}