{"id":783085,"date":"2021-03-22T07:00:01","date_gmt":"2021-03-22T06:00:01","guid":{"rendered":"https:\/\/www.ugtcomunicaciones.es\/wordpress\/?p=783085"},"modified":"2021-03-17T10:11:09","modified_gmt":"2021-03-17T09:11:09","slug":"mercado-telecos-diciembre-2020-en-telefonia-movil-vocal-solo-existe-masmovil","status":"publish","type":"post","link":"https:\/\/www.ugtcomunicaciones.es\/wordpress\/mercado-telecos-diciembre-2020-en-telefonia-movil-vocal-solo-existe-masmovil\/","title":{"rendered":"Mercado Telecos diciembre 2020: en telefon\u00eda m\u00f3vil vocal s\u00f3lo existe M\u00e1sm\u00f3vil"},"content":{"rendered":"<p style=\"text-align: justify;\">\u00daltimos resultados del ejercicio 2020, que consolida la tendencia anual marcada por la pandemia: la banda ancha fija creciendo por encima de 3%, mientras la telefon\u00eda vocal se estanca. Por operadores, las tres operadoras principales sufriendo (especialmente Orange), mientras M\u00e1sM\u00f3vil acapara casi todos los beneficios.<\/p>\n<p><img decoding=\"async\" class=\"size-full wp-image-783103 aligncenter lazyload\" data-src=\"https:\/\/www.ugtcomunicaciones.es\/wordpress\/wp-content\/uploads\/2021\/03\/mercado_01_22-03-2021.png\" alt=\"mercado_01_22-03-2021\" width=\"600\" height=\"198\" data-srcset=\"https:\/\/www.ugtcomunicaciones.es\/wordpress\/wp-content\/uploads\/2021\/03\/mercado_01_22-03-2021.png 600w, https:\/\/www.ugtcomunicaciones.es\/wordpress\/wp-content\/uploads\/2021\/03\/mercado_01_22-03-2021-300x99.png 300w\" data-sizes=\"(max-width: 600px) 100vw, 600px\" src=\"data:image\/svg+xml;base64,PHN2ZyB3aWR0aD0iMSIgaGVpZ2h0PSIxIiB4bWxucz0iaHR0cDovL3d3dy53My5vcmcvMjAwMC9zdmciPjwvc3ZnPg==\" style=\"--smush-placeholder-width: 600px; --smush-placeholder-aspect-ratio: 600\/198;\" \/><\/p>\n<p style=\"text-align: justify;\"><strong>Mercado de banda ancha fija<\/strong><\/p>\n<ol style=\"text-align: justify;\">\n<li><strong> Comportamiento mensual BAF00<\/strong><\/li>\n<\/ol>\n<p style=\"text-align: justify;\">Mes en negativo, con 529 l\u00edneas menos que en noviembre, lo que resulta en discretas cifras de todos los operadores en comparaci\u00f3n con anteriores meses convulsos. Cuarto mes consecutivo en el que Movistar pierde clientes de banda ancha fija, pero mejorando los m\u00e1rgenes de noviembre. Este mes Vodafone le supera en n\u00fameros rojos, con -18.420 bajas netas. Orange resiste en positivo y M\u00e1sM\u00f3vil, pues como siempre: +15.000.<\/p>\n<p style=\"text-align: justify;\"><img decoding=\"async\" class=\"size-full wp-image-783104 aligncenter lazyload\" data-src=\"https:\/\/www.ugtcomunicaciones.es\/wordpress\/wp-content\/uploads\/2021\/03\/mercado_02_22-03-2021.png\" alt=\"mercado_02_22-03-2021\" width=\"600\" height=\"284\" data-srcset=\"https:\/\/www.ugtcomunicaciones.es\/wordpress\/wp-content\/uploads\/2021\/03\/mercado_02_22-03-2021.png 600w, https:\/\/www.ugtcomunicaciones.es\/wordpress\/wp-content\/uploads\/2021\/03\/mercado_02_22-03-2021-300x142.png 300w\" data-sizes=\"(max-width: 600px) 100vw, 600px\" src=\"data:image\/svg+xml;base64,PHN2ZyB3aWR0aD0iMSIgaGVpZ2h0PSIxIiB4bWxucz0iaHR0cDovL3d3dy53My5vcmcvMjAwMC9zdmciPjwvc3ZnPg==\" style=\"--smush-placeholder-width: 600px; --smush-placeholder-aspect-ratio: 600\/284;\" \/><\/p>\n<p style=\"text-align: justify;\">M\u00e1sM\u00f3vil alcanza el 12%, mientras Movistar se decalabra y ya solo piensa en resistir el 37%. Vodafone y Orange se viligan con un margen superior a 4 pp a favor de la segunda:<\/p>\n<p style=\"text-align: justify;\"><img decoding=\"async\" class=\"size-full wp-image-783105 aligncenter lazyload\" data-src=\"https:\/\/www.ugtcomunicaciones.es\/wordpress\/wp-content\/uploads\/2021\/03\/mercado_03_22-03-2021.png\" alt=\"mercado_03_22-03-2021\" width=\"600\" height=\"361\" data-srcset=\"https:\/\/www.ugtcomunicaciones.es\/wordpress\/wp-content\/uploads\/2021\/03\/mercado_03_22-03-2021.png 600w, https:\/\/www.ugtcomunicaciones.es\/wordpress\/wp-content\/uploads\/2021\/03\/mercado_03_22-03-2021-300x181.png 300w\" data-sizes=\"(max-width: 600px) 100vw, 600px\" src=\"data:image\/svg+xml;base64,PHN2ZyB3aWR0aD0iMSIgaGVpZ2h0PSIxIiB4bWxucz0iaHR0cDovL3d3dy53My5vcmcvMjAwMC9zdmciPjwvc3ZnPg==\" style=\"--smush-placeholder-width: 600px; --smush-placeholder-aspect-ratio: 600\/361;\" \/><\/p>\n<ol style=\"text-align: justify;\" start=\"2\">\n<li><strong> Comportamiento anual BAF<\/strong><\/li>\n<\/ol>\n<p style=\"text-align: justify;\">Orange y Movistar ya superan el -1% interanual y M\u00e1sM\u00f3vil roza el +30%:<\/p>\n<p style=\"text-align: justify;\"><img decoding=\"async\" class=\"size-full wp-image-783106 aligncenter lazyload\" data-src=\"https:\/\/www.ugtcomunicaciones.es\/wordpress\/wp-content\/uploads\/2021\/03\/mercado_04_22-03-2021.png\" alt=\"mercado_04_22-03-2021\" width=\"600\" height=\"363\" data-srcset=\"https:\/\/www.ugtcomunicaciones.es\/wordpress\/wp-content\/uploads\/2021\/03\/mercado_04_22-03-2021.png 600w, https:\/\/www.ugtcomunicaciones.es\/wordpress\/wp-content\/uploads\/2021\/03\/mercado_04_22-03-2021-300x182.png 300w\" data-sizes=\"(max-width: 600px) 100vw, 600px\" src=\"data:image\/svg+xml;base64,PHN2ZyB3aWR0aD0iMSIgaGVpZ2h0PSIxIiB4bWxucz0iaHR0cDovL3d3dy53My5vcmcvMjAwMC9zdmciPjwvc3ZnPg==\" style=\"--smush-placeholder-width: 600px; --smush-placeholder-aspect-ratio: 600\/363;\" \/><\/p>\n<p style=\"text-align: justify;\"><strong>Mercado de telefon\u00eda m\u00f3vil<\/strong><\/p>\n<ol style=\"text-align: justify;\">\n<li><strong> Comportamiento mensual BAM<\/strong><\/li>\n<\/ol>\n<p style=\"text-align: justify;\">Orange repite mes <em>horribilis<\/em>, pero aminorando las p\u00e9rdidas (-45.500 de diciembre por las -85.000 de noviembre). Vodafone continua en su particular yincana (+71.000 en diciembre, -24.500 en noviembre, +49.000 octubre). Otro tanto podemos decir de Movistar, que pierde 10.000 l\u00edneas por las 88.000 que logr\u00f3 en noviembre. La sorpresa proviene de Vodafone, que vence a M\u00e1sM\u00f3vil y a los OMV de goleada, al conseguir +71.000 altas netas:<\/p>\n<p><img decoding=\"async\" class=\"size-full wp-image-783107 aligncenter lazyload\" data-src=\"https:\/\/www.ugtcomunicaciones.es\/wordpress\/wp-content\/uploads\/2021\/03\/mercado_05_22-03-2021.png\" alt=\"mercado_05_22-03-2021\" width=\"600\" height=\"279\" data-srcset=\"https:\/\/www.ugtcomunicaciones.es\/wordpress\/wp-content\/uploads\/2021\/03\/mercado_05_22-03-2021.png 600w, https:\/\/www.ugtcomunicaciones.es\/wordpress\/wp-content\/uploads\/2021\/03\/mercado_05_22-03-2021-300x140.png 300w\" data-sizes=\"(max-width: 600px) 100vw, 600px\" src=\"data:image\/svg+xml;base64,PHN2ZyB3aWR0aD0iMSIgaGVpZ2h0PSIxIiB4bWxucz0iaHR0cDovL3d3dy53My5vcmcvMjAwMC9zdmciPjwvc3ZnPg==\" style=\"--smush-placeholder-width: 600px; --smush-placeholder-aspect-ratio: 600\/279;\" \/><\/p>\n<p style=\"text-align: justify;\">Movistar vuelve a rozar la p\u00e9rdida del 30% de cuota de mercado con Vodafone y Orange practicamente empatados:<\/p>\n<p style=\"text-align: justify;\"><img decoding=\"async\" class=\"size-full wp-image-783108 aligncenter lazyload\" data-src=\"https:\/\/www.ugtcomunicaciones.es\/wordpress\/wp-content\/uploads\/2021\/03\/mercado_06_22-03-2021.png\" alt=\"mercado_06_22-03-2021\" width=\"600\" height=\"288\" data-srcset=\"https:\/\/www.ugtcomunicaciones.es\/wordpress\/wp-content\/uploads\/2021\/03\/mercado_06_22-03-2021.png 600w, https:\/\/www.ugtcomunicaciones.es\/wordpress\/wp-content\/uploads\/2021\/03\/mercado_06_22-03-2021-300x144.png 300w\" data-sizes=\"(max-width: 600px) 100vw, 600px\" src=\"data:image\/svg+xml;base64,PHN2ZyB3aWR0aD0iMSIgaGVpZ2h0PSIxIiB4bWxucz0iaHR0cDovL3d3dy53My5vcmcvMjAwMC9zdmciPjwvc3ZnPg==\" style=\"--smush-placeholder-width: 600px; --smush-placeholder-aspect-ratio: 600\/288;\" \/><\/p>\n<ol style=\"text-align: justify;\" start=\"2\">\n<li><strong> Comportamiento anual BAM<\/strong><\/li>\n<\/ol>\n<p style=\"text-align: justify;\">\u00a0M\u00e1sM\u00f3vil se afianza por encima del 20% de crecimiento interanual. Orange se precipita hasta un -5% y Vodafone confirma su buen momento: +3,5%:<\/p>\n<p style=\"text-align: justify;\"><img decoding=\"async\" class=\"size-full wp-image-783123 aligncenter lazyload\" data-src=\"https:\/\/www.ugtcomunicaciones.es\/wordpress\/wp-content\/uploads\/2021\/03\/mercado_07_22-03-2021.png\" alt=\"mercado_07_22-03-2021\" width=\"600\" height=\"288\" data-srcset=\"https:\/\/www.ugtcomunicaciones.es\/wordpress\/wp-content\/uploads\/2021\/03\/mercado_07_22-03-2021.png 600w, https:\/\/www.ugtcomunicaciones.es\/wordpress\/wp-content\/uploads\/2021\/03\/mercado_07_22-03-2021-300x144.png 300w\" data-sizes=\"(max-width: 600px) 100vw, 600px\" src=\"data:image\/svg+xml;base64,PHN2ZyB3aWR0aD0iMSIgaGVpZ2h0PSIxIiB4bWxucz0iaHR0cDovL3d3dy53My5vcmcvMjAwMC9zdmciPjwvc3ZnPg==\" style=\"--smush-placeholder-width: 600px; --smush-placeholder-aspect-ratio: 600\/288;\" \/><\/p>\n<ol style=\"text-align: justify;\" start=\"3\">\n<li><strong> Comportamiento mensual telefon\u00eda m\u00f3vil vocal<\/strong><\/li>\n<\/ol>\n<p style=\"text-align: justify;\">En una l\u00ednea de mercado agotada, las tres \u201cgrandes\u201d est\u00e1n en p\u00e9rdidas netas, que son aprovechadas, casi por igual, por OMV y M\u00e1sM\u00f3vil:<\/p>\n<p style=\"text-align: justify;\"><img decoding=\"async\" class=\"size-full wp-image-783124 aligncenter lazyload\" data-src=\"https:\/\/www.ugtcomunicaciones.es\/wordpress\/wp-content\/uploads\/2021\/03\/mercado_08_22-03-2021.png\" alt=\"mercado_08_22-03-2021\" width=\"600\" height=\"253\" data-srcset=\"https:\/\/www.ugtcomunicaciones.es\/wordpress\/wp-content\/uploads\/2021\/03\/mercado_08_22-03-2021.png 600w, https:\/\/www.ugtcomunicaciones.es\/wordpress\/wp-content\/uploads\/2021\/03\/mercado_08_22-03-2021-300x127.png 300w\" data-sizes=\"(max-width: 600px) 100vw, 600px\" src=\"data:image\/svg+xml;base64,PHN2ZyB3aWR0aD0iMSIgaGVpZ2h0PSIxIiB4bWxucz0iaHR0cDovL3d3dy53My5vcmcvMjAwMC9zdmciPjwvc3ZnPg==\" style=\"--smush-placeholder-width: 600px; --smush-placeholder-aspect-ratio: 600\/253;\" \/><\/p>\n<p style=\"text-align: justify;\">Coutas de mercado: Movistar da por perdido el 30%; Orange a\u00fan mantiene la ventaja a Vodafone y M\u00e1sM\u00f3vil se acerca al 18%:<\/p>\n<p style=\"text-align: justify;\"><img decoding=\"async\" class=\"size-full wp-image-783125 aligncenter lazyload\" data-src=\"https:\/\/www.ugtcomunicaciones.es\/wordpress\/wp-content\/uploads\/2021\/03\/mercado_09_22-03-2021.png\" alt=\"mercado_09_22-03-2021\" width=\"600\" height=\"290\" data-srcset=\"https:\/\/www.ugtcomunicaciones.es\/wordpress\/wp-content\/uploads\/2021\/03\/mercado_09_22-03-2021.png 600w, https:\/\/www.ugtcomunicaciones.es\/wordpress\/wp-content\/uploads\/2021\/03\/mercado_09_22-03-2021-300x145.png 300w\" data-sizes=\"(max-width: 600px) 100vw, 600px\" src=\"data:image\/svg+xml;base64,PHN2ZyB3aWR0aD0iMSIgaGVpZ2h0PSIxIiB4bWxucz0iaHR0cDovL3d3dy53My5vcmcvMjAwMC9zdmciPjwvc3ZnPg==\" style=\"--smush-placeholder-width: 600px; --smush-placeholder-aspect-ratio: 600\/290;\" \/><\/p>\n<ol style=\"text-align: justify;\" start=\"4\">\n<li><strong> Comportamiento anual telefon\u00eda m\u00f3vil vocal<\/strong><\/li>\n<\/ol>\n<p style=\"text-align: justify;\">Cuatro de los cinco operadores en trayectoria interanual negativa, que aprovechado, en exclusiva, por M\u00e1sM\u00f3vil:<\/p>\n<p style=\"text-align: justify;\"><img decoding=\"async\" class=\"size-full wp-image-783126 aligncenter lazyload\" data-src=\"https:\/\/www.ugtcomunicaciones.es\/wordpress\/wp-content\/uploads\/2021\/03\/mercado_10_22-03-2021.png\" alt=\"mercado_10_22-03-2021\" width=\"600\" height=\"386\" data-srcset=\"https:\/\/www.ugtcomunicaciones.es\/wordpress\/wp-content\/uploads\/2021\/03\/mercado_10_22-03-2021.png 600w, https:\/\/www.ugtcomunicaciones.es\/wordpress\/wp-content\/uploads\/2021\/03\/mercado_10_22-03-2021-300x194.png 300w, https:\/\/www.ugtcomunicaciones.es\/wordpress\/wp-content\/uploads\/2021\/03\/mercado_10_22-03-2021-341x220.png 341w\" data-sizes=\"(max-width: 600px) 100vw, 600px\" src=\"data:image\/svg+xml;base64,PHN2ZyB3aWR0aD0iMSIgaGVpZ2h0PSIxIiB4bWxucz0iaHR0cDovL3d3dy53My5vcmcvMjAwMC9zdmciPjwvc3ZnPg==\" style=\"--smush-placeholder-width: 600px; --smush-placeholder-aspect-ratio: 600\/386;\" \/><\/p>\n<p style=\"text-align: justify;\"><strong>Mercado de Telefon\u00eda Fija<\/strong><\/p>\n<p style=\"text-align: justify;\">El declive sin fin: -56.000 l\u00edneas en comparaci\u00f3n con noviembre, 43.500 en residencial:<\/p>\n<p style=\"text-align: justify;\"><strong><img decoding=\"async\" class=\"size-full wp-image-783127 aligncenter lazyload\" data-src=\"https:\/\/www.ugtcomunicaciones.es\/wordpress\/wp-content\/uploads\/2021\/03\/mercado_11_22-03-2021.png\" alt=\"mercado_11_22-03-2021\" width=\"600\" height=\"182\" data-srcset=\"https:\/\/www.ugtcomunicaciones.es\/wordpress\/wp-content\/uploads\/2021\/03\/mercado_11_22-03-2021.png 600w, https:\/\/www.ugtcomunicaciones.es\/wordpress\/wp-content\/uploads\/2021\/03\/mercado_11_22-03-2021-300x91.png 300w\" data-sizes=\"(max-width: 600px) 100vw, 600px\" src=\"data:image\/svg+xml;base64,PHN2ZyB3aWR0aD0iMSIgaGVpZ2h0PSIxIiB4bWxucz0iaHR0cDovL3d3dy53My5vcmcvMjAwMC9zdmciPjwvc3ZnPg==\" style=\"--smush-placeholder-width: 600px; --smush-placeholder-aspect-ratio: 600\/182;\" \/><\/strong><\/p>\n<p style=\"text-align: justify;\"><strong>Penetraci\u00f3n de servicios<\/strong><\/p>\n<p style=\"text-align: justify;\">L\u00edneas por cada 100\/habitantes y Variaci\u00f3n mensual<\/p>\n<p><img decoding=\"async\" class=\"size-full wp-image-783128 aligncenter lazyload\" data-src=\"https:\/\/www.ugtcomunicaciones.es\/wordpress\/wp-content\/uploads\/2021\/03\/mercado_12_22-03-2021.png\" alt=\"mercado_12_22-03-2021\" width=\"600\" height=\"59\" data-srcset=\"https:\/\/www.ugtcomunicaciones.es\/wordpress\/wp-content\/uploads\/2021\/03\/mercado_12_22-03-2021.png 600w, https:\/\/www.ugtcomunicaciones.es\/wordpress\/wp-content\/uploads\/2021\/03\/mercado_12_22-03-2021-300x30.png 300w\" data-sizes=\"(max-width: 600px) 100vw, 600px\" src=\"data:image\/svg+xml;base64,PHN2ZyB3aWR0aD0iMSIgaGVpZ2h0PSIxIiB4bWxucz0iaHR0cDovL3d3dy53My5vcmcvMjAwMC9zdmciPjwvc3ZnPg==\" style=\"--smush-placeholder-width: 600px; --smush-placeholder-aspect-ratio: 600\/59;\" \/><\/p>\n<h4 style=\"text-align: right;\"><strong><span style=\"color: #ff0000;\">UGT<\/span> Comunicaciones<\/strong><br \/>\n<strong>Sector Estatal<\/strong><\/h4>\n","protected":false},"excerpt":{"rendered":"<p>\u00daltimos resultados del ejercicio 2020, que consolida la tendencia anual marcada por la pandemia: la banda ancha fija creciendo por encima de 3%, mientras la telefon\u00eda vocal se estanca. Por operadores, las tres operadoras principales sufriendo (especialmente Orange), mientras M\u00e1sM\u00f3vil acapara casi todos los beneficios. Mercado de banda ancha fija Comportamiento mensual BAF00 Mes en [&hellip;]<\/p>\n","protected":false},"author":3,"featured_media":669556,"comment_status":"closed","ping_status":"closed","sticky":false,"template":"","format":"standard","meta":{"footnotes":""},"categories":[13,12],"tags":[],"class_list":["post-783085","post","type-post","status-publish","format-standard","has-post-thumbnail","hentry","category-mercado-comunicaciones","category-regulacion"],"yoast_head":"<!-- This site is optimized with the Yoast SEO Premium plugin v27.3 (Yoast SEO v27.4) - https:\/\/yoast.com\/product\/yoast-seo-premium-wordpress\/ -->\n<title>Mercado Telecos diciembre 2020: en telefon\u00eda m\u00f3vil vocal s\u00f3lo existe M\u00e1sm\u00f3vil - UGT Comunicaciones<\/title>\n<meta name=\"description\" content=\"\u00daltimos resultados del ejercicio 2020, que consolida la tendencia anual marcada por la pandemia: la banda ancha fija creciendo por encima...\" \/>\n<meta name=\"robots\" content=\"index, follow, max-snippet:-1, max-image-preview:large, max-video-preview:-1\" \/>\n<link rel=\"canonical\" href=\"https:\/\/www.ugtcomunicaciones.es\/wordpress\/mercado-telecos-diciembre-2020-en-telefonia-movil-vocal-solo-existe-masmovil\/\" \/>\n<meta property=\"og:locale\" content=\"es_ES\" \/>\n<meta property=\"og:type\" content=\"article\" \/>\n<meta property=\"og:title\" content=\"Mercado Telecos diciembre 2020: en telefon\u00eda m\u00f3vil vocal s\u00f3lo existe M\u00e1sm\u00f3vil\" \/>\n<meta property=\"og:description\" content=\"\u00daltimos resultados del ejercicio 2020, que consolida la tendencia anual marcada por la pandemia: la banda ancha fija creciendo por encima...\" \/>\n<meta property=\"og:url\" content=\"https:\/\/www.ugtcomunicaciones.es\/wordpress\/mercado-telecos-diciembre-2020-en-telefonia-movil-vocal-solo-existe-masmovil\/\" \/>\n<meta property=\"og:site_name\" content=\"UGT Comunicaciones\" \/>\n<meta property=\"article:publisher\" content=\"https:\/\/www.facebook.com\/ugt.comunicaciones\/\" \/>\n<meta property=\"article:published_time\" content=\"2021-03-22T06:00:01+00:00\" \/>\n<meta property=\"og:image\" content=\"https:\/\/www.ugtcomunicaciones.es\/wordpress\/wp-content\/uploads\/2020\/09\/mercado_portada_05-10-2020.jpg\" \/>\n\t<meta property=\"og:image:width\" content=\"600\" \/>\n\t<meta property=\"og:image:height\" content=\"360\" \/>\n\t<meta property=\"og:image:type\" content=\"image\/jpeg\" \/>\n<meta name=\"author\" content=\"UGT\" \/>\n<meta name=\"twitter:card\" content=\"summary_large_image\" \/>\n<meta name=\"twitter:creator\" content=\"@ugtcom\" \/>\n<meta name=\"twitter:site\" content=\"@ugtcom\" \/>\n<meta name=\"twitter:label1\" content=\"Escrito por\" \/>\n\t<meta name=\"twitter:data1\" content=\"UGT\" \/>\n\t<meta name=\"twitter:label2\" content=\"Tiempo de lectura\" \/>\n\t<meta name=\"twitter:data2\" content=\"5 minutos\" \/>\n<script type=\"application\/ld+json\" class=\"yoast-schema-graph\">{\"@context\":\"https:\\\/\\\/schema.org\",\"@graph\":[{\"@type\":\"Article\",\"@id\":\"https:\\\/\\\/www.ugtcomunicaciones.es\\\/wordpress\\\/mercado-telecos-diciembre-2020-en-telefonia-movil-vocal-solo-existe-masmovil\\\/#article\",\"isPartOf\":{\"@id\":\"https:\\\/\\\/www.ugtcomunicaciones.es\\\/wordpress\\\/mercado-telecos-diciembre-2020-en-telefonia-movil-vocal-solo-existe-masmovil\\\/\"},\"author\":{\"name\":\"UGT\",\"@id\":\"https:\\\/\\\/www.ugtcomunicaciones.es\\\/wordpress\\\/#\\\/schema\\\/person\\\/eba0fc3fe5b444531d94d4368cba89ed\"},\"headline\":\"Mercado Telecos diciembre 2020: en telefon\u00eda m\u00f3vil vocal s\u00f3lo existe M\u00e1sm\u00f3vil\",\"datePublished\":\"2021-03-22T06:00:01+00:00\",\"mainEntityOfPage\":{\"@id\":\"https:\\\/\\\/www.ugtcomunicaciones.es\\\/wordpress\\\/mercado-telecos-diciembre-2020-en-telefonia-movil-vocal-solo-existe-masmovil\\\/\"},\"wordCount\":426,\"publisher\":{\"@id\":\"https:\\\/\\\/www.ugtcomunicaciones.es\\\/wordpress\\\/#organization\"},\"image\":{\"@id\":\"https:\\\/\\\/www.ugtcomunicaciones.es\\\/wordpress\\\/mercado-telecos-diciembre-2020-en-telefonia-movil-vocal-solo-existe-masmovil\\\/#primaryimage\"},\"thumbnailUrl\":\"https:\\\/\\\/www.ugtcomunicaciones.es\\\/wordpress\\\/wp-content\\\/uploads\\\/2020\\\/09\\\/mercado_portada_05-10-2020.jpg\",\"articleSection\":[\"Mercado Comunicaciones\",\"Regulaci\u00f3n\"],\"inLanguage\":\"es\"},{\"@type\":\"WebPage\",\"@id\":\"https:\\\/\\\/www.ugtcomunicaciones.es\\\/wordpress\\\/mercado-telecos-diciembre-2020-en-telefonia-movil-vocal-solo-existe-masmovil\\\/\",\"url\":\"https:\\\/\\\/www.ugtcomunicaciones.es\\\/wordpress\\\/mercado-telecos-diciembre-2020-en-telefonia-movil-vocal-solo-existe-masmovil\\\/\",\"name\":\"Mercado Telecos diciembre 2020: en telefon\u00eda m\u00f3vil vocal s\u00f3lo existe M\u00e1sm\u00f3vil - UGT Comunicaciones\",\"isPartOf\":{\"@id\":\"https:\\\/\\\/www.ugtcomunicaciones.es\\\/wordpress\\\/#website\"},\"primaryImageOfPage\":{\"@id\":\"https:\\\/\\\/www.ugtcomunicaciones.es\\\/wordpress\\\/mercado-telecos-diciembre-2020-en-telefonia-movil-vocal-solo-existe-masmovil\\\/#primaryimage\"},\"image\":{\"@id\":\"https:\\\/\\\/www.ugtcomunicaciones.es\\\/wordpress\\\/mercado-telecos-diciembre-2020-en-telefonia-movil-vocal-solo-existe-masmovil\\\/#primaryimage\"},\"thumbnailUrl\":\"https:\\\/\\\/www.ugtcomunicaciones.es\\\/wordpress\\\/wp-content\\\/uploads\\\/2020\\\/09\\\/mercado_portada_05-10-2020.jpg\",\"datePublished\":\"2021-03-22T06:00:01+00:00\",\"description\":\"\u00daltimos resultados del ejercicio 2020, que consolida la tendencia anual marcada por la pandemia: la banda ancha fija creciendo por encima...\",\"breadcrumb\":{\"@id\":\"https:\\\/\\\/www.ugtcomunicaciones.es\\\/wordpress\\\/mercado-telecos-diciembre-2020-en-telefonia-movil-vocal-solo-existe-masmovil\\\/#breadcrumb\"},\"inLanguage\":\"es\",\"potentialAction\":[{\"@type\":\"ReadAction\",\"target\":[\"https:\\\/\\\/www.ugtcomunicaciones.es\\\/wordpress\\\/mercado-telecos-diciembre-2020-en-telefonia-movil-vocal-solo-existe-masmovil\\\/\"]}]},{\"@type\":\"ImageObject\",\"inLanguage\":\"es\",\"@id\":\"https:\\\/\\\/www.ugtcomunicaciones.es\\\/wordpress\\\/mercado-telecos-diciembre-2020-en-telefonia-movil-vocal-solo-existe-masmovil\\\/#primaryimage\",\"url\":\"https:\\\/\\\/www.ugtcomunicaciones.es\\\/wordpress\\\/wp-content\\\/uploads\\\/2020\\\/09\\\/mercado_portada_05-10-2020.jpg\",\"contentUrl\":\"https:\\\/\\\/www.ugtcomunicaciones.es\\\/wordpress\\\/wp-content\\\/uploads\\\/2020\\\/09\\\/mercado_portada_05-10-2020.jpg\",\"width\":600,\"height\":360,\"caption\":\"mercado_portada_05-10-2020\"},{\"@type\":\"BreadcrumbList\",\"@id\":\"https:\\\/\\\/www.ugtcomunicaciones.es\\\/wordpress\\\/mercado-telecos-diciembre-2020-en-telefonia-movil-vocal-solo-existe-masmovil\\\/#breadcrumb\",\"itemListElement\":[{\"@type\":\"ListItem\",\"position\":1,\"name\":\"Portada\",\"item\":\"https:\\\/\\\/www.ugtcomunicaciones.es\\\/wordpress\\\/\"},{\"@type\":\"ListItem\",\"position\":2,\"name\":\"Mercado Telecos diciembre 2020: en telefon\u00eda m\u00f3vil vocal s\u00f3lo existe M\u00e1sm\u00f3vil\"}]},{\"@type\":\"WebSite\",\"@id\":\"https:\\\/\\\/www.ugtcomunicaciones.es\\\/wordpress\\\/#website\",\"url\":\"https:\\\/\\\/www.ugtcomunicaciones.es\\\/wordpress\\\/\",\"name\":\"UGT Comunicaciones\",\"description\":\"Sindicato de Telecomunicaciones\",\"publisher\":{\"@id\":\"https:\\\/\\\/www.ugtcomunicaciones.es\\\/wordpress\\\/#organization\"},\"potentialAction\":[{\"@type\":\"SearchAction\",\"target\":{\"@type\":\"EntryPoint\",\"urlTemplate\":\"https:\\\/\\\/www.ugtcomunicaciones.es\\\/wordpress\\\/?s={search_term_string}\"},\"query-input\":{\"@type\":\"PropertyValueSpecification\",\"valueRequired\":true,\"valueName\":\"search_term_string\"}}],\"inLanguage\":\"es\"},{\"@type\":\"Organization\",\"@id\":\"https:\\\/\\\/www.ugtcomunicaciones.es\\\/wordpress\\\/#organization\",\"name\":\"UGT Comunicaciones\",\"url\":\"https:\\\/\\\/www.ugtcomunicaciones.es\\\/wordpress\\\/\",\"logo\":{\"@type\":\"ImageObject\",\"inLanguage\":\"es\",\"@id\":\"https:\\\/\\\/www.ugtcomunicaciones.es\\\/wordpress\\\/#\\\/schema\\\/logo\\\/image\\\/\",\"url\":\"https:\\\/\\\/www.ugtcomunicaciones.es\\\/wordpress\\\/wp-content\\\/uploads\\\/2024\\\/04\\\/comunicaciones_logo.png\",\"contentUrl\":\"https:\\\/\\\/www.ugtcomunicaciones.es\\\/wordpress\\\/wp-content\\\/uploads\\\/2024\\\/04\\\/comunicaciones_logo.png\",\"width\":298,\"height\":81,\"caption\":\"UGT Comunicaciones\"},\"image\":{\"@id\":\"https:\\\/\\\/www.ugtcomunicaciones.es\\\/wordpress\\\/#\\\/schema\\\/logo\\\/image\\\/\"},\"sameAs\":[\"https:\\\/\\\/www.facebook.com\\\/ugt.comunicaciones\\\/\",\"https:\\\/\\\/x.com\\\/ugtcom\"]},{\"@type\":\"Person\",\"@id\":\"https:\\\/\\\/www.ugtcomunicaciones.es\\\/wordpress\\\/#\\\/schema\\\/person\\\/eba0fc3fe5b444531d94d4368cba89ed\",\"name\":\"UGT\",\"image\":{\"@type\":\"ImageObject\",\"inLanguage\":\"es\",\"@id\":\"https:\\\/\\\/secure.gravatar.com\\\/avatar\\\/2a16057d620a4c646bcfc171c4f23030879ebbdd346f0525bd5d4a564e57e13d?s=96&d=mm&r=g\",\"url\":\"https:\\\/\\\/secure.gravatar.com\\\/avatar\\\/2a16057d620a4c646bcfc171c4f23030879ebbdd346f0525bd5d4a564e57e13d?s=96&d=mm&r=g\",\"contentUrl\":\"https:\\\/\\\/secure.gravatar.com\\\/avatar\\\/2a16057d620a4c646bcfc171c4f23030879ebbdd346f0525bd5d4a564e57e13d?s=96&d=mm&r=g\",\"caption\":\"UGT\"}}]}<\/script>\n<!-- \/ Yoast SEO Premium plugin. -->","yoast_head_json":{"title":"Mercado Telecos diciembre 2020: en telefon\u00eda m\u00f3vil vocal s\u00f3lo existe M\u00e1sm\u00f3vil - UGT Comunicaciones","description":"\u00daltimos resultados del ejercicio 2020, que consolida la tendencia anual marcada por la pandemia: la banda ancha fija creciendo por encima...","robots":{"index":"index","follow":"follow","max-snippet":"max-snippet:-1","max-image-preview":"max-image-preview:large","max-video-preview":"max-video-preview:-1"},"canonical":"https:\/\/www.ugtcomunicaciones.es\/wordpress\/mercado-telecos-diciembre-2020-en-telefonia-movil-vocal-solo-existe-masmovil\/","og_locale":"es_ES","og_type":"article","og_title":"Mercado Telecos diciembre 2020: en telefon\u00eda m\u00f3vil vocal s\u00f3lo existe M\u00e1sm\u00f3vil","og_description":"\u00daltimos resultados del ejercicio 2020, que consolida la tendencia anual marcada por la pandemia: la banda ancha fija creciendo por encima...","og_url":"https:\/\/www.ugtcomunicaciones.es\/wordpress\/mercado-telecos-diciembre-2020-en-telefonia-movil-vocal-solo-existe-masmovil\/","og_site_name":"UGT Comunicaciones","article_publisher":"https:\/\/www.facebook.com\/ugt.comunicaciones\/","article_published_time":"2021-03-22T06:00:01+00:00","og_image":[{"width":600,"height":360,"url":"https:\/\/www.ugtcomunicaciones.es\/wordpress\/wp-content\/uploads\/2020\/09\/mercado_portada_05-10-2020.jpg","type":"image\/jpeg"}],"author":"UGT","twitter_card":"summary_large_image","twitter_creator":"@ugtcom","twitter_site":"@ugtcom","twitter_misc":{"Escrito por":"UGT","Tiempo de lectura":"5 minutos"},"schema":{"@context":"https:\/\/schema.org","@graph":[{"@type":"Article","@id":"https:\/\/www.ugtcomunicaciones.es\/wordpress\/mercado-telecos-diciembre-2020-en-telefonia-movil-vocal-solo-existe-masmovil\/#article","isPartOf":{"@id":"https:\/\/www.ugtcomunicaciones.es\/wordpress\/mercado-telecos-diciembre-2020-en-telefonia-movil-vocal-solo-existe-masmovil\/"},"author":{"name":"UGT","@id":"https:\/\/www.ugtcomunicaciones.es\/wordpress\/#\/schema\/person\/eba0fc3fe5b444531d94d4368cba89ed"},"headline":"Mercado Telecos diciembre 2020: en telefon\u00eda m\u00f3vil vocal s\u00f3lo existe M\u00e1sm\u00f3vil","datePublished":"2021-03-22T06:00:01+00:00","mainEntityOfPage":{"@id":"https:\/\/www.ugtcomunicaciones.es\/wordpress\/mercado-telecos-diciembre-2020-en-telefonia-movil-vocal-solo-existe-masmovil\/"},"wordCount":426,"publisher":{"@id":"https:\/\/www.ugtcomunicaciones.es\/wordpress\/#organization"},"image":{"@id":"https:\/\/www.ugtcomunicaciones.es\/wordpress\/mercado-telecos-diciembre-2020-en-telefonia-movil-vocal-solo-existe-masmovil\/#primaryimage"},"thumbnailUrl":"https:\/\/www.ugtcomunicaciones.es\/wordpress\/wp-content\/uploads\/2020\/09\/mercado_portada_05-10-2020.jpg","articleSection":["Mercado Comunicaciones","Regulaci\u00f3n"],"inLanguage":"es"},{"@type":"WebPage","@id":"https:\/\/www.ugtcomunicaciones.es\/wordpress\/mercado-telecos-diciembre-2020-en-telefonia-movil-vocal-solo-existe-masmovil\/","url":"https:\/\/www.ugtcomunicaciones.es\/wordpress\/mercado-telecos-diciembre-2020-en-telefonia-movil-vocal-solo-existe-masmovil\/","name":"Mercado Telecos diciembre 2020: en telefon\u00eda m\u00f3vil vocal s\u00f3lo existe M\u00e1sm\u00f3vil - UGT Comunicaciones","isPartOf":{"@id":"https:\/\/www.ugtcomunicaciones.es\/wordpress\/#website"},"primaryImageOfPage":{"@id":"https:\/\/www.ugtcomunicaciones.es\/wordpress\/mercado-telecos-diciembre-2020-en-telefonia-movil-vocal-solo-existe-masmovil\/#primaryimage"},"image":{"@id":"https:\/\/www.ugtcomunicaciones.es\/wordpress\/mercado-telecos-diciembre-2020-en-telefonia-movil-vocal-solo-existe-masmovil\/#primaryimage"},"thumbnailUrl":"https:\/\/www.ugtcomunicaciones.es\/wordpress\/wp-content\/uploads\/2020\/09\/mercado_portada_05-10-2020.jpg","datePublished":"2021-03-22T06:00:01+00:00","description":"\u00daltimos resultados del ejercicio 2020, que consolida la tendencia anual marcada por la pandemia: la banda ancha fija creciendo por encima...","breadcrumb":{"@id":"https:\/\/www.ugtcomunicaciones.es\/wordpress\/mercado-telecos-diciembre-2020-en-telefonia-movil-vocal-solo-existe-masmovil\/#breadcrumb"},"inLanguage":"es","potentialAction":[{"@type":"ReadAction","target":["https:\/\/www.ugtcomunicaciones.es\/wordpress\/mercado-telecos-diciembre-2020-en-telefonia-movil-vocal-solo-existe-masmovil\/"]}]},{"@type":"ImageObject","inLanguage":"es","@id":"https:\/\/www.ugtcomunicaciones.es\/wordpress\/mercado-telecos-diciembre-2020-en-telefonia-movil-vocal-solo-existe-masmovil\/#primaryimage","url":"https:\/\/www.ugtcomunicaciones.es\/wordpress\/wp-content\/uploads\/2020\/09\/mercado_portada_05-10-2020.jpg","contentUrl":"https:\/\/www.ugtcomunicaciones.es\/wordpress\/wp-content\/uploads\/2020\/09\/mercado_portada_05-10-2020.jpg","width":600,"height":360,"caption":"mercado_portada_05-10-2020"},{"@type":"BreadcrumbList","@id":"https:\/\/www.ugtcomunicaciones.es\/wordpress\/mercado-telecos-diciembre-2020-en-telefonia-movil-vocal-solo-existe-masmovil\/#breadcrumb","itemListElement":[{"@type":"ListItem","position":1,"name":"Portada","item":"https:\/\/www.ugtcomunicaciones.es\/wordpress\/"},{"@type":"ListItem","position":2,"name":"Mercado Telecos diciembre 2020: en telefon\u00eda m\u00f3vil vocal s\u00f3lo existe M\u00e1sm\u00f3vil"}]},{"@type":"WebSite","@id":"https:\/\/www.ugtcomunicaciones.es\/wordpress\/#website","url":"https:\/\/www.ugtcomunicaciones.es\/wordpress\/","name":"UGT Comunicaciones","description":"Sindicato de Telecomunicaciones","publisher":{"@id":"https:\/\/www.ugtcomunicaciones.es\/wordpress\/#organization"},"potentialAction":[{"@type":"SearchAction","target":{"@type":"EntryPoint","urlTemplate":"https:\/\/www.ugtcomunicaciones.es\/wordpress\/?s={search_term_string}"},"query-input":{"@type":"PropertyValueSpecification","valueRequired":true,"valueName":"search_term_string"}}],"inLanguage":"es"},{"@type":"Organization","@id":"https:\/\/www.ugtcomunicaciones.es\/wordpress\/#organization","name":"UGT Comunicaciones","url":"https:\/\/www.ugtcomunicaciones.es\/wordpress\/","logo":{"@type":"ImageObject","inLanguage":"es","@id":"https:\/\/www.ugtcomunicaciones.es\/wordpress\/#\/schema\/logo\/image\/","url":"https:\/\/www.ugtcomunicaciones.es\/wordpress\/wp-content\/uploads\/2024\/04\/comunicaciones_logo.png","contentUrl":"https:\/\/www.ugtcomunicaciones.es\/wordpress\/wp-content\/uploads\/2024\/04\/comunicaciones_logo.png","width":298,"height":81,"caption":"UGT Comunicaciones"},"image":{"@id":"https:\/\/www.ugtcomunicaciones.es\/wordpress\/#\/schema\/logo\/image\/"},"sameAs":["https:\/\/www.facebook.com\/ugt.comunicaciones\/","https:\/\/x.com\/ugtcom"]},{"@type":"Person","@id":"https:\/\/www.ugtcomunicaciones.es\/wordpress\/#\/schema\/person\/eba0fc3fe5b444531d94d4368cba89ed","name":"UGT","image":{"@type":"ImageObject","inLanguage":"es","@id":"https:\/\/secure.gravatar.com\/avatar\/2a16057d620a4c646bcfc171c4f23030879ebbdd346f0525bd5d4a564e57e13d?s=96&d=mm&r=g","url":"https:\/\/secure.gravatar.com\/avatar\/2a16057d620a4c646bcfc171c4f23030879ebbdd346f0525bd5d4a564e57e13d?s=96&d=mm&r=g","contentUrl":"https:\/\/secure.gravatar.com\/avatar\/2a16057d620a4c646bcfc171c4f23030879ebbdd346f0525bd5d4a564e57e13d?s=96&d=mm&r=g","caption":"UGT"}}]}},"_links":{"self":[{"href":"https:\/\/www.ugtcomunicaciones.es\/wordpress\/wp-json\/wp\/v2\/posts\/783085","targetHints":{"allow":["GET"]}}],"collection":[{"href":"https:\/\/www.ugtcomunicaciones.es\/wordpress\/wp-json\/wp\/v2\/posts"}],"about":[{"href":"https:\/\/www.ugtcomunicaciones.es\/wordpress\/wp-json\/wp\/v2\/types\/post"}],"author":[{"embeddable":true,"href":"https:\/\/www.ugtcomunicaciones.es\/wordpress\/wp-json\/wp\/v2\/users\/3"}],"replies":[{"embeddable":true,"href":"https:\/\/www.ugtcomunicaciones.es\/wordpress\/wp-json\/wp\/v2\/comments?post=783085"}],"version-history":[{"count":0,"href":"https:\/\/www.ugtcomunicaciones.es\/wordpress\/wp-json\/wp\/v2\/posts\/783085\/revisions"}],"wp:featuredmedia":[{"embeddable":true,"href":"https:\/\/www.ugtcomunicaciones.es\/wordpress\/wp-json\/wp\/v2\/media\/669556"}],"wp:attachment":[{"href":"https:\/\/www.ugtcomunicaciones.es\/wordpress\/wp-json\/wp\/v2\/media?parent=783085"}],"wp:term":[{"taxonomy":"category","embeddable":true,"href":"https:\/\/www.ugtcomunicaciones.es\/wordpress\/wp-json\/wp\/v2\/categories?post=783085"},{"taxonomy":"post_tag","embeddable":true,"href":"https:\/\/www.ugtcomunicaciones.es\/wordpress\/wp-json\/wp\/v2\/tags?post=783085"}],"curies":[{"name":"wp","href":"https:\/\/api.w.org\/{rel}","templated":true}]}}