{"id":783131,"date":"2021-03-22T07:00:53","date_gmt":"2021-03-22T06:00:53","guid":{"rendered":"https:\/\/www.ugtcomunicaciones.es\/wordpress\/?p=783131"},"modified":"2021-03-17T11:41:29","modified_gmt":"2021-03-17T10:41:29","slug":"la-media-verdad-de-masmovil-y-sus-26m-de-accesos-de-fibra","status":"publish","type":"post","link":"https:\/\/www.ugtcomunicaciones.es\/wordpress\/la-media-verdad-de-masmovil-y-sus-26m-de-accesos-de-fibra\/","title":{"rendered":"La media verdad de M\u00e1sm\u00f3vil y sus 26M de accesos de fibra"},"content":{"rendered":"<p style=\"text-align: justify;\">En los tiempos de las <em>fake news<\/em> y la instantaneidad, una media verdad hecha titular, puede llegar a ser dada por cierta por un alto porcentaje de personas. Por suerte, todav\u00eda un an\u00e1lisis cr\u00edtico y basado en datos p\u00fablicos, nos revela la realidad detr\u00e1s de la noticia, porque siempre ante una media verdad se esconde una media mentira. Hablamos de M\u00e1sM\u00f3vil y su autoproclamado t\u00edtulo de <em>\u201coperador con mayor cobertura de fibra y 26 millones de accesos de fibra<sup class=\"modern-footnotes-footnote \" data-mfn=\"1\" data-mfn-post-scope=\"000000000000413c0000000000000000_783131\"><a href=\"javascript:void(0)\"  role=\"button\" aria-pressed=\"false\" aria-describedby=\"mfn-content-000000000000413c0000000000000000_783131-1\">1<\/a><\/sup><span id=\"mfn-content-000000000000413c0000000000000000_783131-1\" role=\"tooltip\" class=\"modern-footnotes-footnote__note\" tabindex=\"0\" data-mfn=\"1\"><a href=\"https:\/\/www.libertaddigital.com\/ciencia-tecnologia\/internet\/2021-03-03\/grupo-masmovil-se-convierte-en-el-operador-espanol-con-mayor-cobertura-de-fibra-al-superar-los-26m-de-hogares-6715133\/\" target=\"_blank\" rel=\"noopener\" name=\"_ftnref1\"><strong>https:\/\/www.libertaddigital.com\/ciencia-tecnologia\/internet\/2021-03-03\/grupo-masmovil-se-convierte-en-el-operador-espanol-con-mayor-cobertura-de-fibra-al-superar-los-26m-de-hogares-6715133\/ <\/strong><\/a><\/span>\u201d<\/em>.<\/p>\n<p style=\"text-align: justify;\">El regulador sectorial de las telecos, la CNMC, publica peri\u00f3dicamente los datos oficiales de infraestructuras, datos accesibles para cualquier ciudadano<sup class=\"modern-footnotes-footnote \" data-mfn=\"2\" data-mfn-post-scope=\"000000000000413c0000000000000000_783131\"><a href=\"javascript:void(0)\"  role=\"button\" aria-pressed=\"false\" aria-describedby=\"mfn-content-000000000000413c0000000000000000_783131-2\">2<\/a><\/sup><span id=\"mfn-content-000000000000413c0000000000000000_783131-2\" role=\"tooltip\" class=\"modern-footnotes-footnote__note\" tabindex=\"0\" data-mfn=\"2\"><a href=\"http:\/\/data.cnmc.es\/datagraph\/\" target=\"_blank\" rel=\"noopener\">http:\/\/data.cnmc.es\/datagraph\/<\/a><\/span> La \u00faltima oleada disponible est\u00e1 fechada en el tercer trimestre de 2020, lo que nos arroja una primera conclusi\u00f3n: nadie puede acreditar ser el \u201coperador con mayor cobertura de fibra\u201d en 2020, si los datos oficiales del resto de operadores no est\u00e1n disponibles. Por tanto, el anuncio de M\u00e1sM\u00f3vil<sup class=\"modern-footnotes-footnote \" data-mfn=\"3\" data-mfn-post-scope=\"000000000000413c0000000000000000_783131\"><a href=\"javascript:void(0)\"  role=\"button\" aria-pressed=\"false\" aria-describedby=\"mfn-content-000000000000413c0000000000000000_783131-3\">3<\/a><\/sup><span id=\"mfn-content-000000000000413c0000000000000000_783131-3\" role=\"tooltip\" class=\"modern-footnotes-footnote__note\" tabindex=\"0\" data-mfn=\"3\"><a href=\"https:\/\/www.grupomasmovil.com\/wp-content\/uploads\/2021\/03\/010321_Grupo-MASMOVIL-supera-los-26-millones-de-hogares-disponibles-con-su-oferta-de-fibra-%C3%B3ptica.pdf\" target=\"_blank\" rel=\"noopener\">https:\/\/www.grupomasmovil.com\/wp-content\/uploads\/2021\/03\/010321_Grupo-MASMOVIL-supera-los-26-millones-de-hogares-disponibles-con-su-oferta-de-fibra-%C3%B3ptica.pdf<\/a><\/span> podr\u00e1 ser una \u201cestimaci\u00f3n\u201d, nunca una afirmaci\u00f3n sustentada por datos oficiales.<\/p>\n<p style=\"text-align: justify;\">Las siguientes conclusiones provienen del an\u00e1lisis de los datos proporcionados por la CNMC para el tercer trimestre de 2020, que se muestran en la siguiente tabla:<\/p>\n<p style=\"text-align: justify;\"><img decoding=\"async\" class=\"size-full wp-image-783172 aligncenter lazyload\" data-src=\"https:\/\/www.ugtcomunicaciones.es\/wordpress\/wp-content\/uploads\/2021\/03\/masmovil_01_22-03-2021.png\" alt=\"masmovil_01_22-03-2021\" width=\"600\" height=\"245\" data-srcset=\"https:\/\/www.ugtcomunicaciones.es\/wordpress\/wp-content\/uploads\/2021\/03\/masmovil_01_22-03-2021.png 600w, https:\/\/www.ugtcomunicaciones.es\/wordpress\/wp-content\/uploads\/2021\/03\/masmovil_01_22-03-2021-300x123.png 300w\" data-sizes=\"(max-width: 600px) 100vw, 600px\" src=\"data:image\/svg+xml;base64,PHN2ZyB3aWR0aD0iMSIgaGVpZ2h0PSIxIiB4bWxucz0iaHR0cDovL3d3dy53My5vcmcvMjAwMC9zdmciPjwvc3ZnPg==\" style=\"--smush-placeholder-width: 600px; --smush-placeholder-aspect-ratio: 600\/245;\" \/><\/p>\n<p style=\"text-align: justify;\"><img decoding=\"async\" class=\"size-full wp-image-783173 aligncenter lazyload\" data-src=\"https:\/\/www.ugtcomunicaciones.es\/wordpress\/wp-content\/uploads\/2021\/03\/masmovil_02_22-03-2021.png\" alt=\"masmovil_02_22-03-2021\" width=\"600\" height=\"418\" data-srcset=\"https:\/\/www.ugtcomunicaciones.es\/wordpress\/wp-content\/uploads\/2021\/03\/masmovil_02_22-03-2021.png 600w, https:\/\/www.ugtcomunicaciones.es\/wordpress\/wp-content\/uploads\/2021\/03\/masmovil_02_22-03-2021-300x209.png 300w\" data-sizes=\"(max-width: 600px) 100vw, 600px\" src=\"data:image\/svg+xml;base64,PHN2ZyB3aWR0aD0iMSIgaGVpZ2h0PSIxIiB4bWxucz0iaHR0cDovL3d3dy53My5vcmcvMjAwMC9zdmciPjwvc3ZnPg==\" style=\"--smush-placeholder-width: 600px; --smush-placeholder-aspect-ratio: 600\/418;\" \/><\/p>\n<p style=\"text-align: justify;\">M\u00e1sM\u00f3vil no tiene 26 millones de l\u00edneas de fibra \u00f3ptica. De hecho, apenas supera la mitad. Y desde luego no es el operador con mayor n\u00famero de conexiones de este tipo, ya que le superan Orange, y mucho m\u00e1s ampliamente, Movistar, que pr\u00e1cticamente le duplica. De hecho, M\u00e1sM\u00f3vil ni siquiera alcanza el 20% del total de l\u00edneas de nueva generaci\u00f3n desplegadas en Espa\u00f1a.<\/p>\n<p style=\"text-align: justify;\">\u00bfDe d\u00f3nde proviene entonces la afirmaci\u00f3n de que M\u00e1sM\u00f3vil es <em>\u201cel operador espa\u00f1ol con mayor cobertura de fibra al superar los 26 millones de hogares disponibles con su oferta FTTH<sup class=\"modern-footnotes-footnote \" data-mfn=\"4\" data-mfn-post-scope=\"000000000000413c0000000000000000_783131\"><a href=\"javascript:void(0)\"  role=\"button\" aria-pressed=\"false\" aria-describedby=\"mfn-content-000000000000413c0000000000000000_783131-4\">4<\/a><\/sup><span id=\"mfn-content-000000000000413c0000000000000000_783131-4\" role=\"tooltip\" class=\"modern-footnotes-footnote__note\" tabindex=\"0\" data-mfn=\"4\"><a href=\"https:\/\/www.europapress.es\/economia\/noticia-grupo-masmovil-supera-26-millones-hogares-comercializables-oferta-fibra-optica-20210301135608.html\" target=\"_blank\" rel=\"noopener\">https:\/\/www.europapress.es\/economia\/noticia-grupo-masmovil-supera-26-millones-hogares-comercializables-oferta-fibra-optica-20210301135608.html<\/a><\/span>\u201d<\/em>? Pues de jugar, torticeramente, con el lenguaje: M\u00e1sM\u00f3vil suma su propio despliegue de fibra el acceso que tiene a las l\u00edneas de fibra del resto de competidores. Acceso del cual disfruta gracias a una regulaci\u00f3n que inmerecidamente le favorece. Por tanto, M\u00e1sM\u00f3vil no tiene <em>una mayor cobertura<\/em> por m\u00e9ritos propios o por invertir cantidades milmillonarias en fibra, sino porque aprovecha la regulaci\u00f3n para poder parasitar por las redes del resto de operadores.<\/p>\n<p style=\"text-align: justify;\">Finalmente, M\u00e1sM\u00f3vil indica en su comunicado que <em>\u201cEs el cuarto operador de un pa\u00eds europeo con mayor despliegue propio de infraestructuras de alta velocidad fijas y m\u00f3viles\u201d<\/em>. Como cab\u00eda esperar, no existe enlace o referencia alguna a estudio o estad\u00edstica que respalde tal frase. Nadie sabe por tanto, porque es el cuarto y no el primero o\u2026. el vig\u00e9simo s\u00e9ptimo.<\/p>\n<p style=\"text-align: justify;\">Lamentablemente, esta es la realidad de nuestro Sector. Regulaciones anacr\u00f3nicas, competencia ineficaz y operadores par\u00e1sitos que contaminan el contorno con medias verdades publicitarias. Entre tanto, miles y miles de puestos de trabajo se destruyen, mientras reguladores y legisladores miran para otro lado.<\/p>\n<p style=\"text-align: justify;\">\n<h4 style=\"text-align: right;\"><span style=\"color: #ff0000;\"><strong>UGT<\/strong><\/span><strong> Comunicaciones<br \/>\nSector Estatal<\/strong><\/h4>\n<p>&nbsp;<\/p>\n<p>&nbsp;<\/p>\n","protected":false},"excerpt":{"rendered":"<p>En los tiempos de las fake news y la instantaneidad, una media verdad hecha titular, puede llegar a ser dada por cierta por un alto porcentaje de personas. Por suerte, todav\u00eda un an\u00e1lisis cr\u00edtico y basado en datos p\u00fablicos, nos revela la realidad detr\u00e1s de la noticia, porque siempre ante una media verdad se esconde [&hellip;]<\/p>\n","protected":false},"author":3,"featured_media":783189,"comment_status":"closed","ping_status":"closed","sticky":false,"template":"","format":"standard","meta":{"footnotes":""},"categories":[15,12],"tags":[],"class_list":["post-783131","post","type-post","status-publish","format-standard","has-post-thumbnail","hentry","category-competencia","category-regulacion"],"yoast_head":"<!-- This site is optimized with the Yoast SEO Premium plugin v27.3 (Yoast SEO v27.4) - https:\/\/yoast.com\/product\/yoast-seo-premium-wordpress\/ -->\n<title>La media verdad de M\u00e1sm\u00f3vil y sus 26M de accesos de fibra - UGT Comunicaciones<\/title>\n<meta name=\"description\" content=\"En los tiempos de las fake news y la instantaneidad, una media verdad hecha titular, puede llegar a ser dada por cierta por un alto...\" \/>\n<meta name=\"robots\" content=\"index, follow, max-snippet:-1, max-image-preview:large, max-video-preview:-1\" \/>\n<link rel=\"canonical\" href=\"https:\/\/www.ugtcomunicaciones.es\/wordpress\/la-media-verdad-de-masmovil-y-sus-26m-de-accesos-de-fibra\/\" \/>\n<meta property=\"og:locale\" content=\"es_ES\" \/>\n<meta property=\"og:type\" content=\"article\" \/>\n<meta property=\"og:title\" content=\"La media verdad de M\u00e1sm\u00f3vil y sus 26M de accesos de fibra\" \/>\n<meta property=\"og:description\" content=\"En los tiempos de las fake news y la instantaneidad, una media verdad hecha titular, puede llegar a ser dada por cierta por un alto...\" \/>\n<meta property=\"og:url\" content=\"https:\/\/www.ugtcomunicaciones.es\/wordpress\/la-media-verdad-de-masmovil-y-sus-26m-de-accesos-de-fibra\/\" \/>\n<meta property=\"og:site_name\" content=\"UGT Comunicaciones\" \/>\n<meta property=\"article:publisher\" content=\"https:\/\/www.facebook.com\/ugt.comunicaciones\/\" \/>\n<meta property=\"article:published_time\" content=\"2021-03-22T06:00:53+00:00\" \/>\n<meta property=\"og:image\" content=\"https:\/\/www.ugtcomunicaciones.es\/wordpress\/wp-content\/uploads\/2021\/03\/masmovil_portada_22-03-2021.jpg\" \/>\n\t<meta property=\"og:image:width\" content=\"600\" \/>\n\t<meta property=\"og:image:height\" content=\"382\" \/>\n\t<meta property=\"og:image:type\" content=\"image\/jpeg\" \/>\n<meta name=\"author\" content=\"UGT\" \/>\n<meta name=\"twitter:card\" content=\"summary_large_image\" \/>\n<meta name=\"twitter:creator\" content=\"@ugtcom\" \/>\n<meta name=\"twitter:site\" content=\"@ugtcom\" \/>\n<meta name=\"twitter:label1\" content=\"Escrito por\" \/>\n\t<meta name=\"twitter:data1\" content=\"UGT\" \/>\n\t<meta name=\"twitter:label2\" content=\"Tiempo de lectura\" \/>\n\t<meta name=\"twitter:data2\" content=\"3 minutos\" \/>\n<script type=\"application\/ld+json\" class=\"yoast-schema-graph\">{\"@context\":\"https:\\\/\\\/schema.org\",\"@graph\":[{\"@type\":\"Article\",\"@id\":\"https:\\\/\\\/www.ugtcomunicaciones.es\\\/wordpress\\\/la-media-verdad-de-masmovil-y-sus-26m-de-accesos-de-fibra\\\/#article\",\"isPartOf\":{\"@id\":\"https:\\\/\\\/www.ugtcomunicaciones.es\\\/wordpress\\\/la-media-verdad-de-masmovil-y-sus-26m-de-accesos-de-fibra\\\/\"},\"author\":{\"name\":\"UGT\",\"@id\":\"https:\\\/\\\/www.ugtcomunicaciones.es\\\/wordpress\\\/#\\\/schema\\\/person\\\/eba0fc3fe5b444531d94d4368cba89ed\"},\"headline\":\"La media verdad de M\u00e1sm\u00f3vil y sus 26M de accesos de fibra\",\"datePublished\":\"2021-03-22T06:00:53+00:00\",\"mainEntityOfPage\":{\"@id\":\"https:\\\/\\\/www.ugtcomunicaciones.es\\\/wordpress\\\/la-media-verdad-de-masmovil-y-sus-26m-de-accesos-de-fibra\\\/\"},\"wordCount\":558,\"publisher\":{\"@id\":\"https:\\\/\\\/www.ugtcomunicaciones.es\\\/wordpress\\\/#organization\"},\"image\":{\"@id\":\"https:\\\/\\\/www.ugtcomunicaciones.es\\\/wordpress\\\/la-media-verdad-de-masmovil-y-sus-26m-de-accesos-de-fibra\\\/#primaryimage\"},\"thumbnailUrl\":\"https:\\\/\\\/www.ugtcomunicaciones.es\\\/wordpress\\\/wp-content\\\/uploads\\\/2021\\\/03\\\/masmovil_portada_22-03-2021.jpg\",\"articleSection\":[\"Competencia\",\"Regulaci\u00f3n\"],\"inLanguage\":\"es\"},{\"@type\":\"WebPage\",\"@id\":\"https:\\\/\\\/www.ugtcomunicaciones.es\\\/wordpress\\\/la-media-verdad-de-masmovil-y-sus-26m-de-accesos-de-fibra\\\/\",\"url\":\"https:\\\/\\\/www.ugtcomunicaciones.es\\\/wordpress\\\/la-media-verdad-de-masmovil-y-sus-26m-de-accesos-de-fibra\\\/\",\"name\":\"La media verdad de M\u00e1sm\u00f3vil y sus 26M de accesos de fibra - UGT Comunicaciones\",\"isPartOf\":{\"@id\":\"https:\\\/\\\/www.ugtcomunicaciones.es\\\/wordpress\\\/#website\"},\"primaryImageOfPage\":{\"@id\":\"https:\\\/\\\/www.ugtcomunicaciones.es\\\/wordpress\\\/la-media-verdad-de-masmovil-y-sus-26m-de-accesos-de-fibra\\\/#primaryimage\"},\"image\":{\"@id\":\"https:\\\/\\\/www.ugtcomunicaciones.es\\\/wordpress\\\/la-media-verdad-de-masmovil-y-sus-26m-de-accesos-de-fibra\\\/#primaryimage\"},\"thumbnailUrl\":\"https:\\\/\\\/www.ugtcomunicaciones.es\\\/wordpress\\\/wp-content\\\/uploads\\\/2021\\\/03\\\/masmovil_portada_22-03-2021.jpg\",\"datePublished\":\"2021-03-22T06:00:53+00:00\",\"description\":\"En los tiempos de las fake news y la instantaneidad, una media verdad hecha titular, puede llegar a ser dada por cierta por un alto...\",\"breadcrumb\":{\"@id\":\"https:\\\/\\\/www.ugtcomunicaciones.es\\\/wordpress\\\/la-media-verdad-de-masmovil-y-sus-26m-de-accesos-de-fibra\\\/#breadcrumb\"},\"inLanguage\":\"es\",\"potentialAction\":[{\"@type\":\"ReadAction\",\"target\":[\"https:\\\/\\\/www.ugtcomunicaciones.es\\\/wordpress\\\/la-media-verdad-de-masmovil-y-sus-26m-de-accesos-de-fibra\\\/\"]}]},{\"@type\":\"ImageObject\",\"inLanguage\":\"es\",\"@id\":\"https:\\\/\\\/www.ugtcomunicaciones.es\\\/wordpress\\\/la-media-verdad-de-masmovil-y-sus-26m-de-accesos-de-fibra\\\/#primaryimage\",\"url\":\"https:\\\/\\\/www.ugtcomunicaciones.es\\\/wordpress\\\/wp-content\\\/uploads\\\/2021\\\/03\\\/masmovil_portada_22-03-2021.jpg\",\"contentUrl\":\"https:\\\/\\\/www.ugtcomunicaciones.es\\\/wordpress\\\/wp-content\\\/uploads\\\/2021\\\/03\\\/masmovil_portada_22-03-2021.jpg\",\"width\":600,\"height\":382,\"caption\":\"masmovil_portada_22-03-2021\"},{\"@type\":\"BreadcrumbList\",\"@id\":\"https:\\\/\\\/www.ugtcomunicaciones.es\\\/wordpress\\\/la-media-verdad-de-masmovil-y-sus-26m-de-accesos-de-fibra\\\/#breadcrumb\",\"itemListElement\":[{\"@type\":\"ListItem\",\"position\":1,\"name\":\"Portada\",\"item\":\"https:\\\/\\\/www.ugtcomunicaciones.es\\\/wordpress\\\/\"},{\"@type\":\"ListItem\",\"position\":2,\"name\":\"La media verdad de M\u00e1sm\u00f3vil y sus 26M de accesos de fibra\"}]},{\"@type\":\"WebSite\",\"@id\":\"https:\\\/\\\/www.ugtcomunicaciones.es\\\/wordpress\\\/#website\",\"url\":\"https:\\\/\\\/www.ugtcomunicaciones.es\\\/wordpress\\\/\",\"name\":\"UGT Comunicaciones\",\"description\":\"Sindicato de Telecomunicaciones\",\"publisher\":{\"@id\":\"https:\\\/\\\/www.ugtcomunicaciones.es\\\/wordpress\\\/#organization\"},\"potentialAction\":[{\"@type\":\"SearchAction\",\"target\":{\"@type\":\"EntryPoint\",\"urlTemplate\":\"https:\\\/\\\/www.ugtcomunicaciones.es\\\/wordpress\\\/?s={search_term_string}\"},\"query-input\":{\"@type\":\"PropertyValueSpecification\",\"valueRequired\":true,\"valueName\":\"search_term_string\"}}],\"inLanguage\":\"es\"},{\"@type\":\"Organization\",\"@id\":\"https:\\\/\\\/www.ugtcomunicaciones.es\\\/wordpress\\\/#organization\",\"name\":\"UGT Comunicaciones\",\"url\":\"https:\\\/\\\/www.ugtcomunicaciones.es\\\/wordpress\\\/\",\"logo\":{\"@type\":\"ImageObject\",\"inLanguage\":\"es\",\"@id\":\"https:\\\/\\\/www.ugtcomunicaciones.es\\\/wordpress\\\/#\\\/schema\\\/logo\\\/image\\\/\",\"url\":\"https:\\\/\\\/www.ugtcomunicaciones.es\\\/wordpress\\\/wp-content\\\/uploads\\\/2024\\\/04\\\/comunicaciones_logo.png\",\"contentUrl\":\"https:\\\/\\\/www.ugtcomunicaciones.es\\\/wordpress\\\/wp-content\\\/uploads\\\/2024\\\/04\\\/comunicaciones_logo.png\",\"width\":298,\"height\":81,\"caption\":\"UGT Comunicaciones\"},\"image\":{\"@id\":\"https:\\\/\\\/www.ugtcomunicaciones.es\\\/wordpress\\\/#\\\/schema\\\/logo\\\/image\\\/\"},\"sameAs\":[\"https:\\\/\\\/www.facebook.com\\\/ugt.comunicaciones\\\/\",\"https:\\\/\\\/x.com\\\/ugtcom\"]},{\"@type\":\"Person\",\"@id\":\"https:\\\/\\\/www.ugtcomunicaciones.es\\\/wordpress\\\/#\\\/schema\\\/person\\\/eba0fc3fe5b444531d94d4368cba89ed\",\"name\":\"UGT\",\"image\":{\"@type\":\"ImageObject\",\"inLanguage\":\"es\",\"@id\":\"https:\\\/\\\/secure.gravatar.com\\\/avatar\\\/2a16057d620a4c646bcfc171c4f23030879ebbdd346f0525bd5d4a564e57e13d?s=96&d=mm&r=g\",\"url\":\"https:\\\/\\\/secure.gravatar.com\\\/avatar\\\/2a16057d620a4c646bcfc171c4f23030879ebbdd346f0525bd5d4a564e57e13d?s=96&d=mm&r=g\",\"contentUrl\":\"https:\\\/\\\/secure.gravatar.com\\\/avatar\\\/2a16057d620a4c646bcfc171c4f23030879ebbdd346f0525bd5d4a564e57e13d?s=96&d=mm&r=g\",\"caption\":\"UGT\"}}]}<\/script>\n<!-- \/ Yoast SEO Premium plugin. -->","yoast_head_json":{"title":"La media verdad de M\u00e1sm\u00f3vil y sus 26M de accesos de fibra - UGT Comunicaciones","description":"En los tiempos de las fake news y la instantaneidad, una media verdad hecha titular, puede llegar a ser dada por cierta por un alto...","robots":{"index":"index","follow":"follow","max-snippet":"max-snippet:-1","max-image-preview":"max-image-preview:large","max-video-preview":"max-video-preview:-1"},"canonical":"https:\/\/www.ugtcomunicaciones.es\/wordpress\/la-media-verdad-de-masmovil-y-sus-26m-de-accesos-de-fibra\/","og_locale":"es_ES","og_type":"article","og_title":"La media verdad de M\u00e1sm\u00f3vil y sus 26M de accesos de fibra","og_description":"En los tiempos de las fake news y la instantaneidad, una media verdad hecha titular, puede llegar a ser dada por cierta por un alto...","og_url":"https:\/\/www.ugtcomunicaciones.es\/wordpress\/la-media-verdad-de-masmovil-y-sus-26m-de-accesos-de-fibra\/","og_site_name":"UGT Comunicaciones","article_publisher":"https:\/\/www.facebook.com\/ugt.comunicaciones\/","article_published_time":"2021-03-22T06:00:53+00:00","og_image":[{"width":600,"height":382,"url":"https:\/\/www.ugtcomunicaciones.es\/wordpress\/wp-content\/uploads\/2021\/03\/masmovil_portada_22-03-2021.jpg","type":"image\/jpeg"}],"author":"UGT","twitter_card":"summary_large_image","twitter_creator":"@ugtcom","twitter_site":"@ugtcom","twitter_misc":{"Escrito por":"UGT","Tiempo de lectura":"3 minutos"},"schema":{"@context":"https:\/\/schema.org","@graph":[{"@type":"Article","@id":"https:\/\/www.ugtcomunicaciones.es\/wordpress\/la-media-verdad-de-masmovil-y-sus-26m-de-accesos-de-fibra\/#article","isPartOf":{"@id":"https:\/\/www.ugtcomunicaciones.es\/wordpress\/la-media-verdad-de-masmovil-y-sus-26m-de-accesos-de-fibra\/"},"author":{"name":"UGT","@id":"https:\/\/www.ugtcomunicaciones.es\/wordpress\/#\/schema\/person\/eba0fc3fe5b444531d94d4368cba89ed"},"headline":"La media verdad de M\u00e1sm\u00f3vil y sus 26M de accesos de fibra","datePublished":"2021-03-22T06:00:53+00:00","mainEntityOfPage":{"@id":"https:\/\/www.ugtcomunicaciones.es\/wordpress\/la-media-verdad-de-masmovil-y-sus-26m-de-accesos-de-fibra\/"},"wordCount":558,"publisher":{"@id":"https:\/\/www.ugtcomunicaciones.es\/wordpress\/#organization"},"image":{"@id":"https:\/\/www.ugtcomunicaciones.es\/wordpress\/la-media-verdad-de-masmovil-y-sus-26m-de-accesos-de-fibra\/#primaryimage"},"thumbnailUrl":"https:\/\/www.ugtcomunicaciones.es\/wordpress\/wp-content\/uploads\/2021\/03\/masmovil_portada_22-03-2021.jpg","articleSection":["Competencia","Regulaci\u00f3n"],"inLanguage":"es"},{"@type":"WebPage","@id":"https:\/\/www.ugtcomunicaciones.es\/wordpress\/la-media-verdad-de-masmovil-y-sus-26m-de-accesos-de-fibra\/","url":"https:\/\/www.ugtcomunicaciones.es\/wordpress\/la-media-verdad-de-masmovil-y-sus-26m-de-accesos-de-fibra\/","name":"La media verdad de M\u00e1sm\u00f3vil y sus 26M de accesos de fibra - UGT Comunicaciones","isPartOf":{"@id":"https:\/\/www.ugtcomunicaciones.es\/wordpress\/#website"},"primaryImageOfPage":{"@id":"https:\/\/www.ugtcomunicaciones.es\/wordpress\/la-media-verdad-de-masmovil-y-sus-26m-de-accesos-de-fibra\/#primaryimage"},"image":{"@id":"https:\/\/www.ugtcomunicaciones.es\/wordpress\/la-media-verdad-de-masmovil-y-sus-26m-de-accesos-de-fibra\/#primaryimage"},"thumbnailUrl":"https:\/\/www.ugtcomunicaciones.es\/wordpress\/wp-content\/uploads\/2021\/03\/masmovil_portada_22-03-2021.jpg","datePublished":"2021-03-22T06:00:53+00:00","description":"En los tiempos de las fake news y la instantaneidad, una media verdad hecha titular, puede llegar a ser dada por cierta por un alto...","breadcrumb":{"@id":"https:\/\/www.ugtcomunicaciones.es\/wordpress\/la-media-verdad-de-masmovil-y-sus-26m-de-accesos-de-fibra\/#breadcrumb"},"inLanguage":"es","potentialAction":[{"@type":"ReadAction","target":["https:\/\/www.ugtcomunicaciones.es\/wordpress\/la-media-verdad-de-masmovil-y-sus-26m-de-accesos-de-fibra\/"]}]},{"@type":"ImageObject","inLanguage":"es","@id":"https:\/\/www.ugtcomunicaciones.es\/wordpress\/la-media-verdad-de-masmovil-y-sus-26m-de-accesos-de-fibra\/#primaryimage","url":"https:\/\/www.ugtcomunicaciones.es\/wordpress\/wp-content\/uploads\/2021\/03\/masmovil_portada_22-03-2021.jpg","contentUrl":"https:\/\/www.ugtcomunicaciones.es\/wordpress\/wp-content\/uploads\/2021\/03\/masmovil_portada_22-03-2021.jpg","width":600,"height":382,"caption":"masmovil_portada_22-03-2021"},{"@type":"BreadcrumbList","@id":"https:\/\/www.ugtcomunicaciones.es\/wordpress\/la-media-verdad-de-masmovil-y-sus-26m-de-accesos-de-fibra\/#breadcrumb","itemListElement":[{"@type":"ListItem","position":1,"name":"Portada","item":"https:\/\/www.ugtcomunicaciones.es\/wordpress\/"},{"@type":"ListItem","position":2,"name":"La media verdad de M\u00e1sm\u00f3vil y sus 26M de accesos de fibra"}]},{"@type":"WebSite","@id":"https:\/\/www.ugtcomunicaciones.es\/wordpress\/#website","url":"https:\/\/www.ugtcomunicaciones.es\/wordpress\/","name":"UGT Comunicaciones","description":"Sindicato de Telecomunicaciones","publisher":{"@id":"https:\/\/www.ugtcomunicaciones.es\/wordpress\/#organization"},"potentialAction":[{"@type":"SearchAction","target":{"@type":"EntryPoint","urlTemplate":"https:\/\/www.ugtcomunicaciones.es\/wordpress\/?s={search_term_string}"},"query-input":{"@type":"PropertyValueSpecification","valueRequired":true,"valueName":"search_term_string"}}],"inLanguage":"es"},{"@type":"Organization","@id":"https:\/\/www.ugtcomunicaciones.es\/wordpress\/#organization","name":"UGT Comunicaciones","url":"https:\/\/www.ugtcomunicaciones.es\/wordpress\/","logo":{"@type":"ImageObject","inLanguage":"es","@id":"https:\/\/www.ugtcomunicaciones.es\/wordpress\/#\/schema\/logo\/image\/","url":"https:\/\/www.ugtcomunicaciones.es\/wordpress\/wp-content\/uploads\/2024\/04\/comunicaciones_logo.png","contentUrl":"https:\/\/www.ugtcomunicaciones.es\/wordpress\/wp-content\/uploads\/2024\/04\/comunicaciones_logo.png","width":298,"height":81,"caption":"UGT Comunicaciones"},"image":{"@id":"https:\/\/www.ugtcomunicaciones.es\/wordpress\/#\/schema\/logo\/image\/"},"sameAs":["https:\/\/www.facebook.com\/ugt.comunicaciones\/","https:\/\/x.com\/ugtcom"]},{"@type":"Person","@id":"https:\/\/www.ugtcomunicaciones.es\/wordpress\/#\/schema\/person\/eba0fc3fe5b444531d94d4368cba89ed","name":"UGT","image":{"@type":"ImageObject","inLanguage":"es","@id":"https:\/\/secure.gravatar.com\/avatar\/2a16057d620a4c646bcfc171c4f23030879ebbdd346f0525bd5d4a564e57e13d?s=96&d=mm&r=g","url":"https:\/\/secure.gravatar.com\/avatar\/2a16057d620a4c646bcfc171c4f23030879ebbdd346f0525bd5d4a564e57e13d?s=96&d=mm&r=g","contentUrl":"https:\/\/secure.gravatar.com\/avatar\/2a16057d620a4c646bcfc171c4f23030879ebbdd346f0525bd5d4a564e57e13d?s=96&d=mm&r=g","caption":"UGT"}}]}},"_links":{"self":[{"href":"https:\/\/www.ugtcomunicaciones.es\/wordpress\/wp-json\/wp\/v2\/posts\/783131","targetHints":{"allow":["GET"]}}],"collection":[{"href":"https:\/\/www.ugtcomunicaciones.es\/wordpress\/wp-json\/wp\/v2\/posts"}],"about":[{"href":"https:\/\/www.ugtcomunicaciones.es\/wordpress\/wp-json\/wp\/v2\/types\/post"}],"author":[{"embeddable":true,"href":"https:\/\/www.ugtcomunicaciones.es\/wordpress\/wp-json\/wp\/v2\/users\/3"}],"replies":[{"embeddable":true,"href":"https:\/\/www.ugtcomunicaciones.es\/wordpress\/wp-json\/wp\/v2\/comments?post=783131"}],"version-history":[{"count":0,"href":"https:\/\/www.ugtcomunicaciones.es\/wordpress\/wp-json\/wp\/v2\/posts\/783131\/revisions"}],"wp:featuredmedia":[{"embeddable":true,"href":"https:\/\/www.ugtcomunicaciones.es\/wordpress\/wp-json\/wp\/v2\/media\/783189"}],"wp:attachment":[{"href":"https:\/\/www.ugtcomunicaciones.es\/wordpress\/wp-json\/wp\/v2\/media?parent=783131"}],"wp:term":[{"taxonomy":"category","embeddable":true,"href":"https:\/\/www.ugtcomunicaciones.es\/wordpress\/wp-json\/wp\/v2\/categories?post=783131"},{"taxonomy":"post_tag","embeddable":true,"href":"https:\/\/www.ugtcomunicaciones.es\/wordpress\/wp-json\/wp\/v2\/tags?post=783131"}],"curies":[{"name":"wp","href":"https:\/\/api.w.org\/{rel}","templated":true}]}}