{"id":783191,"date":"2021-03-22T07:00:29","date_gmt":"2021-03-22T06:00:29","guid":{"rendered":"https:\/\/www.ugtcomunicaciones.es\/wordpress\/?p=783191"},"modified":"2021-03-17T12:17:41","modified_gmt":"2021-03-17T11:17:41","slug":"se-acaba-el-plan-peba-llega-el-plan-para-la-conectividad","status":"publish","type":"post","link":"https:\/\/www.ugtcomunicaciones.es\/wordpress\/se-acaba-el-plan-peba-llega-el-plan-para-la-conectividad\/","title":{"rendered":"Se acaba el plan PEBA, llega el plan para la Conectividad"},"content":{"rendered":"<p style=\"text-align: justify;\">\u00daltima convocatoria del Plan de Extensi\u00f3n de la Banda Ancha<sup class=\"modern-footnotes-footnote \" data-mfn=\"1\" data-mfn-post-scope=\"000000000000413c0000000000000000_783191\"><a href=\"javascript:void(0)\"  role=\"button\" aria-pressed=\"false\" aria-describedby=\"mfn-content-000000000000413c0000000000000000_783191-1\">1<\/a><\/sup><span id=\"mfn-content-000000000000413c0000000000000000_783191-1\" role=\"tooltip\" class=\"modern-footnotes-footnote__note\" tabindex=\"0\" data-mfn=\"1\"><a href=\"https:\/\/portalayudas.mineco.gob.es\/banda-ancha\/Paginas\/Index.aspx\" target=\"_blank\" rel=\"noopener\">https:\/\/portalayudas.mineco.gob.es\/banda-ancha\/Paginas\/Index.aspx<\/a><\/span>, un modelo de ayudas p\u00fablicas cofinanciado por el Fondo Europeo de Desarrollo Regional (FEDER), y que nos ha acompa\u00f1ado durante ocho a\u00f1os (2013-2021)<sup class=\"modern-footnotes-footnote \" data-mfn=\"2\" data-mfn-post-scope=\"000000000000413c0000000000000000_783191\"><a href=\"javascript:void(0)\"  role=\"button\" aria-pressed=\"false\" aria-describedby=\"mfn-content-000000000000413c0000000000000000_783191-2\">2<\/a><\/sup><span id=\"mfn-content-000000000000413c0000000000000000_783191-2\" role=\"tooltip\" class=\"modern-footnotes-footnote__note\" tabindex=\"0\" data-mfn=\"2\"><a href=\"https:\/\/www.ugtcomunicaciones.es\/wordpress\/comienza-el-plan-peba-ngn-2020-2022\/\" target=\"_blank\" rel=\"noopener\">https:\/\/www.ugtcomunicaciones.es\/wordpress\/comienza-el-plan-peba-ngn-2020-2022\/<\/a>; <a href=\"https:\/\/www.ugtcomunicaciones.es\/wordpress\/el-gobierno-pondra-dinero-para-llevar-la-banda-ancha-a-todo-el-pais-pero-no-es-oro-todo-lo-que-reluce\/\" target=\"_blank\" rel=\"noopener\">https:\/\/www.ugtcomunicaciones.es\/wordpress\/el-gobierno-pondra-dinero-para-llevar-la-banda-ancha-a-todo-el-pais-pero-no-es-oro-todo-lo-que-reluce\/<\/a>; <a href=\"https:\/\/www.ugtcomunicaciones.es\/wordpress\/telefonica-orange-se-hacen-la-mayoria-proyectos-peba-nga\/\" target=\"_blank\" rel=\"noopener\">https:\/\/www.ugtcomunicaciones.es\/wordpress\/telefonica-orange-se-hacen-la-mayoria-proyectos-peba-nga\/<\/a>; <a href=\"https:\/\/www.ugtcomunicaciones.es\/wordpress\/140-millones-en-ayudas-publicas-a-la-banda-ancha-que-deben-complementarse-con-formacion\/\" target=\"_blank\" rel=\"noopener\">https:\/\/www.ugtcomunicaciones.es\/wordpress\/140-millones-en-ayudas-publicas-a-la-banda-ancha-que-deben-complementarse-con-formacion\/<\/a><\/span>.<\/p>\n<p style=\"text-align: justify;\">Las cifras, aunque sin duda positivas, se han quedado cortas en vista del ba\u00f1o de realidad que nos ha ense\u00f1ado el Covid: 621 millones de euros de inversi\u00f3n p\u00fablica, que han permitido cablear 6,3 millones de unidades inmobiliarias en m\u00e1s de 20.000 entidades singulares de poblaci\u00f3n, generando casi 800 proyectos vehiculados por m\u00e1s de 100 operadores<sup class=\"modern-footnotes-footnote \" data-mfn=\"3\" data-mfn-post-scope=\"000000000000413c0000000000000000_783191\"><a href=\"javascript:void(0)\"  role=\"button\" aria-pressed=\"false\" aria-describedby=\"mfn-content-000000000000413c0000000000000000_783191-3\">3<\/a><\/sup><span id=\"mfn-content-000000000000413c0000000000000000_783191-3\" role=\"tooltip\" class=\"modern-footnotes-footnote__note\" tabindex=\"0\" data-mfn=\"3\"><a href=\"https:\/\/portal.mineco.gob.es\/es-es\/comunicacion\/Paginas\/210304_np_PEBA.aspx\" target=\"_blank\" rel=\"noopener\">https:\/\/portal.mineco.gob.es\/es-es\/comunicacion\/Paginas\/210304_np_PEBA.aspx<\/a><\/span>. Sin embargo, la realidad del \u201cmilagro\u201d espa\u00f1ol de la conectividad tiene un marcado car\u00e1cter privado: el 94% del despliegue de fibra en Espa\u00f1a ha sido con capital privado<sup class=\"modern-footnotes-footnote \" data-mfn=\"4\" data-mfn-post-scope=\"000000000000413c0000000000000000_783191\"><a href=\"javascript:void(0)\"  role=\"button\" aria-pressed=\"false\" aria-describedby=\"mfn-content-000000000000413c0000000000000000_783191-4\">4<\/a><\/sup><span id=\"mfn-content-000000000000413c0000000000000000_783191-4\" role=\"tooltip\" class=\"modern-footnotes-footnote__note\" tabindex=\"0\" data-mfn=\"4\"><a href=\"https:\/\/www.expansion.com\/blogs\/tecnoestrategias\/2020\/10\/19\/la-fibra-en-espana-no-ha-sido-cosa-del.html\" target=\"_blank\" rel=\"noopener\">https:\/\/www.expansion.com\/blogs\/tecnoestrategias\/2020\/10\/19\/la-fibra-en-espana-no-ha-sido-cosa-del.html<\/a><\/span>.<\/p>\n<p style=\"text-align: justify;\">La \u00faltima convocatoria, publicada a principios de marzo, ha movilizado 37 millones de euros para <strong>doces provincias (<\/strong>Almer\u00eda, Granada, Ja\u00e9n, M\u00e1laga, Huesca, Teruel, Zaragoza, Islas Baleares, Santa Cruz de Tenerife, Alicante, C\u00e1ceres y Murcia)<strong> que no recibieron propuestas validas que cumplieran los requisitos m\u00ednimos en la convocatoria 2020<\/strong><sup class=\"modern-footnotes-footnote \" data-mfn=\"5\" data-mfn-post-scope=\"000000000000413c0000000000000000_783191\"><a href=\"javascript:void(0)\"  role=\"button\" aria-pressed=\"false\" aria-describedby=\"mfn-content-000000000000413c0000000000000000_783191-5\">5<\/a><\/sup><span id=\"mfn-content-000000000000413c0000000000000000_783191-5\" role=\"tooltip\" class=\"modern-footnotes-footnote__note\" tabindex=\"0\" data-mfn=\"5\"><a href=\"https:\/\/amp.europapress.es\/economia\/noticia-gobierno-concede-mas-36-millones-ayudas-extension-banda-ancha-77-telefonica-20210304120511.htm\" target=\"_blank\" rel=\"noopener\">https:\/\/amp.europapress.es\/economia\/noticia-gobierno-concede-mas-36-millones-ayudas-extension-banda-ancha-77-telefonica-20210304120511.htm<\/a>l<\/span><strong>.<\/strong> <strong>Con esta inversi\u00f3n<\/strong> se conectar\u00e1n por fibra a 156.404 unidades inmobiliarias (viviendas y locales comerciales) de 790 poblaciones, con el reparto que se aprecia en la siguiente tabla:<\/p>\n<p style=\"text-align: justify;\"><img decoding=\"async\" class=\"size-full wp-image-783208 aligncenter lazyload\" data-src=\"https:\/\/www.ugtcomunicaciones.es\/wordpress\/wp-content\/uploads\/2021\/03\/peba_01_22-03-2021.png\" alt=\"peba_01_22-03-2021\" width=\"600\" height=\"530\" data-srcset=\"https:\/\/www.ugtcomunicaciones.es\/wordpress\/wp-content\/uploads\/2021\/03\/peba_01_22-03-2021.png 600w, https:\/\/www.ugtcomunicaciones.es\/wordpress\/wp-content\/uploads\/2021\/03\/peba_01_22-03-2021-300x265.png 300w, https:\/\/www.ugtcomunicaciones.es\/wordpress\/wp-content\/uploads\/2021\/03\/peba_01_22-03-2021-475x420.png 475w\" data-sizes=\"(max-width: 600px) 100vw, 600px\" src=\"data:image\/svg+xml;base64,PHN2ZyB3aWR0aD0iMSIgaGVpZ2h0PSIxIiB4bWxucz0iaHR0cDovL3d3dy53My5vcmcvMjAwMC9zdmciPjwvc3ZnPg==\" style=\"--smush-placeholder-width: 600px; --smush-placeholder-aspect-ratio: 600\/530;\" \/><\/p>\n<p style=\"text-align: justify;\">Otro de los aspectos destacados de esta \u00faltima licitaci\u00f3n est\u00e1 en los protagonistas de las concesiones; si en la convocatoria de 2020, Adamo se llevaba el grueso de las ayudas<sup class=\"modern-footnotes-footnote \" data-mfn=\"6\" data-mfn-post-scope=\"000000000000413c0000000000000000_783191\"><a href=\"javascript:void(0)\"  role=\"button\" aria-pressed=\"false\" aria-describedby=\"mfn-content-000000000000413c0000000000000000_783191-6\">6<\/a><\/sup><span id=\"mfn-content-000000000000413c0000000000000000_783191-6\" role=\"tooltip\" class=\"modern-footnotes-footnote__note\" tabindex=\"0\" data-mfn=\"6\"><a href=\"https:\/\/www.ugtcomunicaciones.es\/wordpress\/694550-2\/\" target=\"_blank\" rel=\"noopener\">https:\/\/www.ugtcomunicaciones.es\/wordpress\/694550-2\/<\/a><\/span>, en esta de 2021 Telef\u00f3nica se alzaba vencedora, al obtener el 77% del total (28,44 M\u20ac<sup class=\"modern-footnotes-footnote \" data-mfn=\"7\" data-mfn-post-scope=\"000000000000413c0000000000000000_783191\"><a href=\"javascript:void(0)\"  role=\"button\" aria-pressed=\"false\" aria-describedby=\"mfn-content-000000000000413c0000000000000000_783191-7\">7<\/a><\/sup><span id=\"mfn-content-000000000000413c0000000000000000_783191-7\" role=\"tooltip\" class=\"modern-footnotes-footnote__note\" tabindex=\"0\" data-mfn=\"7\"><a href=\"https:\/\/www.expansion.com\/empresas\/2021\/03\/04\/6040c2b3468aeb466b8b458f.html\" target=\"_blank\" rel=\"noopener\">https:\/\/www.expansion.com\/empresas\/2021\/03\/04\/6040c2b3468aeb466b8b458f.html<\/a>; <a href=\"https:\/\/www.adslzone.net\/noticias\/operadores\/pega-ng-2021-movistar-adamo-fibra\/\" target=\"_blank\" rel=\"noopener\">https:\/\/www.adslzone.net\/noticias\/operadores\/pega-ng-2021-movistar-adamo-fibra\/<\/a>\u00a0<\/span>).<\/p>\n<p style=\"text-align: justify;\">A partir de este momento, las ayudas p\u00fablicas para la banda ancha de alta velocidad provendr\u00e1n del Plan para la Conectividad y las Infraestructuras Digitales<sup class=\"modern-footnotes-footnote \" data-mfn=\"8\" data-mfn-post-scope=\"000000000000413c0000000000000000_783191\"><a href=\"javascript:void(0)\"  role=\"button\" aria-pressed=\"false\" aria-describedby=\"mfn-content-000000000000413c0000000000000000_783191-8\">8<\/a><\/sup><span id=\"mfn-content-000000000000413c0000000000000000_783191-8\" role=\"tooltip\" class=\"modern-footnotes-footnote__note\" tabindex=\"0\" data-mfn=\"8\"><a href=\"https:\/\/portal.mineco.gob.es\/RecursosArticulo\/mineco\/ministerio\/ficheros\/201202_Plan_para_la_Conectividad.pdf\" target=\"_blank\" rel=\"noopener\">https:\/\/portal.mineco.gob.es\/RecursosArticulo\/mineco\/ministerio\/ficheros\/201202_Plan_para_la_Conectividad.pdf<\/a><\/span>,\u00a0que contar\u00e1 con un presupuesto de 583 millones de euros en 2021, totalizando 2.320 millones en el periodo 2021\u20132025, y del que haremos un especial seguimiento en todo su recorrido<sup class=\"modern-footnotes-footnote \" data-mfn=\"9\" data-mfn-post-scope=\"000000000000413c0000000000000000_783191\"><a href=\"javascript:void(0)\"  role=\"button\" aria-pressed=\"false\" aria-describedby=\"mfn-content-000000000000413c0000000000000000_783191-9\">9<\/a><\/sup><span id=\"mfn-content-000000000000413c0000000000000000_783191-9\" role=\"tooltip\" class=\"modern-footnotes-footnote__note\" tabindex=\"0\" data-mfn=\"9\"><a href=\"https:\/\/www.ugt.es\/node\/42184\" target=\"_blank\" rel=\"noopener\">https:\/\/www.ugt.es\/node\/42184<\/a><\/span>.<\/p>\n<p>&nbsp;<\/p>\n<p style=\"text-align: right;\"><span style=\"color: #ff0000;\"><strong>UGT<\/strong><\/span><strong> Comunicaciones<br \/>\nSector Estatal<\/strong><\/p>\n<p><a href=\"#_ftnref1\" name=\"_ftn1\"><\/a><\/p>\n<p>&nbsp;<\/p>\n<p>&nbsp;<\/p>\n","protected":false},"excerpt":{"rendered":"<p>\u00daltima convocatoria del Plan de Extensi\u00f3n de la Banda Ancha, un modelo de ayudas p\u00fablicas cofinanciado por el Fondo Europeo de Desarrollo Regional (FEDER), y que nos ha acompa\u00f1ado durante ocho a\u00f1os (2013-2021). Las cifras, aunque sin duda positivas, se han quedado cortas en vista del ba\u00f1o de realidad que nos ha ense\u00f1ado el Covid: [&hellip;]<\/p>\n","protected":false},"author":3,"featured_media":783209,"comment_status":"closed","ping_status":"closed","sticky":false,"template":"","format":"standard","meta":{"footnotes":""},"categories":[14,12],"tags":[],"class_list":["post-783191","post","type-post","status-publish","format-standard","has-post-thumbnail","hentry","category-opinion","category-regulacion"],"yoast_head":"<!-- This site is optimized with the Yoast SEO Premium plugin v27.3 (Yoast SEO v27.4) - https:\/\/yoast.com\/product\/yoast-seo-premium-wordpress\/ -->\n<title>Se acaba el plan PEBA, llega el plan para la Conectividad - UGT Comunicaciones<\/title>\n<meta name=\"description\" content=\"\u00daltima convocatoria del Plan de Extensi\u00f3n de la Banda Ancha, un modelo de ayudas p\u00fablicas cofinanciado por el Fondo Europeo de Desarrollo...\" \/>\n<meta name=\"robots\" content=\"index, follow, max-snippet:-1, max-image-preview:large, max-video-preview:-1\" \/>\n<link rel=\"canonical\" href=\"https:\/\/www.ugtcomunicaciones.es\/wordpress\/se-acaba-el-plan-peba-llega-el-plan-para-la-conectividad\/\" \/>\n<meta property=\"og:locale\" content=\"es_ES\" \/>\n<meta property=\"og:type\" content=\"article\" \/>\n<meta property=\"og:title\" content=\"Se acaba el plan PEBA, llega el plan para la Conectividad\" \/>\n<meta property=\"og:description\" content=\"\u00daltima convocatoria del Plan de Extensi\u00f3n de la Banda Ancha, un modelo de ayudas p\u00fablicas cofinanciado por el Fondo Europeo de Desarrollo...\" \/>\n<meta property=\"og:url\" content=\"https:\/\/www.ugtcomunicaciones.es\/wordpress\/se-acaba-el-plan-peba-llega-el-plan-para-la-conectividad\/\" \/>\n<meta property=\"og:site_name\" content=\"UGT Comunicaciones\" \/>\n<meta property=\"article:publisher\" content=\"https:\/\/www.facebook.com\/ugt.comunicaciones\/\" \/>\n<meta property=\"article:published_time\" content=\"2021-03-22T06:00:29+00:00\" \/>\n<meta property=\"og:image\" content=\"https:\/\/www.ugtcomunicaciones.es\/wordpress\/wp-content\/uploads\/2021\/03\/peba_portada_22-03-2021.jpg\" \/>\n\t<meta property=\"og:image:width\" content=\"600\" \/>\n\t<meta property=\"og:image:height\" content=\"325\" \/>\n\t<meta property=\"og:image:type\" content=\"image\/jpeg\" \/>\n<meta name=\"author\" content=\"UGT\" \/>\n<meta name=\"twitter:card\" content=\"summary_large_image\" \/>\n<meta name=\"twitter:creator\" content=\"@ugtcom\" \/>\n<meta name=\"twitter:site\" content=\"@ugtcom\" \/>\n<meta name=\"twitter:label1\" content=\"Escrito por\" \/>\n\t<meta name=\"twitter:data1\" content=\"UGT\" \/>\n\t<meta name=\"twitter:label2\" content=\"Tiempo de lectura\" \/>\n\t<meta name=\"twitter:data2\" content=\"2 minutos\" \/>\n<script type=\"application\/ld+json\" class=\"yoast-schema-graph\">{\"@context\":\"https:\\\/\\\/schema.org\",\"@graph\":[{\"@type\":\"Article\",\"@id\":\"https:\\\/\\\/www.ugtcomunicaciones.es\\\/wordpress\\\/se-acaba-el-plan-peba-llega-el-plan-para-la-conectividad\\\/#article\",\"isPartOf\":{\"@id\":\"https:\\\/\\\/www.ugtcomunicaciones.es\\\/wordpress\\\/se-acaba-el-plan-peba-llega-el-plan-para-la-conectividad\\\/\"},\"author\":{\"name\":\"UGT\",\"@id\":\"https:\\\/\\\/www.ugtcomunicaciones.es\\\/wordpress\\\/#\\\/schema\\\/person\\\/eba0fc3fe5b444531d94d4368cba89ed\"},\"headline\":\"Se acaba el plan PEBA, llega el plan para la Conectividad\",\"datePublished\":\"2021-03-22T06:00:29+00:00\",\"mainEntityOfPage\":{\"@id\":\"https:\\\/\\\/www.ugtcomunicaciones.es\\\/wordpress\\\/se-acaba-el-plan-peba-llega-el-plan-para-la-conectividad\\\/\"},\"wordCount\":444,\"publisher\":{\"@id\":\"https:\\\/\\\/www.ugtcomunicaciones.es\\\/wordpress\\\/#organization\"},\"image\":{\"@id\":\"https:\\\/\\\/www.ugtcomunicaciones.es\\\/wordpress\\\/se-acaba-el-plan-peba-llega-el-plan-para-la-conectividad\\\/#primaryimage\"},\"thumbnailUrl\":\"https:\\\/\\\/www.ugtcomunicaciones.es\\\/wordpress\\\/wp-content\\\/uploads\\\/2021\\\/03\\\/peba_portada_22-03-2021.jpg\",\"articleSection\":[\"Opini\u00f3n\",\"Regulaci\u00f3n\"],\"inLanguage\":\"es\"},{\"@type\":\"WebPage\",\"@id\":\"https:\\\/\\\/www.ugtcomunicaciones.es\\\/wordpress\\\/se-acaba-el-plan-peba-llega-el-plan-para-la-conectividad\\\/\",\"url\":\"https:\\\/\\\/www.ugtcomunicaciones.es\\\/wordpress\\\/se-acaba-el-plan-peba-llega-el-plan-para-la-conectividad\\\/\",\"name\":\"Se acaba el plan PEBA, llega el plan para la Conectividad - UGT Comunicaciones\",\"isPartOf\":{\"@id\":\"https:\\\/\\\/www.ugtcomunicaciones.es\\\/wordpress\\\/#website\"},\"primaryImageOfPage\":{\"@id\":\"https:\\\/\\\/www.ugtcomunicaciones.es\\\/wordpress\\\/se-acaba-el-plan-peba-llega-el-plan-para-la-conectividad\\\/#primaryimage\"},\"image\":{\"@id\":\"https:\\\/\\\/www.ugtcomunicaciones.es\\\/wordpress\\\/se-acaba-el-plan-peba-llega-el-plan-para-la-conectividad\\\/#primaryimage\"},\"thumbnailUrl\":\"https:\\\/\\\/www.ugtcomunicaciones.es\\\/wordpress\\\/wp-content\\\/uploads\\\/2021\\\/03\\\/peba_portada_22-03-2021.jpg\",\"datePublished\":\"2021-03-22T06:00:29+00:00\",\"description\":\"\u00daltima convocatoria del Plan de Extensi\u00f3n de la Banda Ancha, un modelo de ayudas p\u00fablicas cofinanciado por el Fondo Europeo de Desarrollo...\",\"breadcrumb\":{\"@id\":\"https:\\\/\\\/www.ugtcomunicaciones.es\\\/wordpress\\\/se-acaba-el-plan-peba-llega-el-plan-para-la-conectividad\\\/#breadcrumb\"},\"inLanguage\":\"es\",\"potentialAction\":[{\"@type\":\"ReadAction\",\"target\":[\"https:\\\/\\\/www.ugtcomunicaciones.es\\\/wordpress\\\/se-acaba-el-plan-peba-llega-el-plan-para-la-conectividad\\\/\"]}]},{\"@type\":\"ImageObject\",\"inLanguage\":\"es\",\"@id\":\"https:\\\/\\\/www.ugtcomunicaciones.es\\\/wordpress\\\/se-acaba-el-plan-peba-llega-el-plan-para-la-conectividad\\\/#primaryimage\",\"url\":\"https:\\\/\\\/www.ugtcomunicaciones.es\\\/wordpress\\\/wp-content\\\/uploads\\\/2021\\\/03\\\/peba_portada_22-03-2021.jpg\",\"contentUrl\":\"https:\\\/\\\/www.ugtcomunicaciones.es\\\/wordpress\\\/wp-content\\\/uploads\\\/2021\\\/03\\\/peba_portada_22-03-2021.jpg\",\"width\":600,\"height\":325,\"caption\":\"peba_portada_22-03-2021\"},{\"@type\":\"BreadcrumbList\",\"@id\":\"https:\\\/\\\/www.ugtcomunicaciones.es\\\/wordpress\\\/se-acaba-el-plan-peba-llega-el-plan-para-la-conectividad\\\/#breadcrumb\",\"itemListElement\":[{\"@type\":\"ListItem\",\"position\":1,\"name\":\"Portada\",\"item\":\"https:\\\/\\\/www.ugtcomunicaciones.es\\\/wordpress\\\/\"},{\"@type\":\"ListItem\",\"position\":2,\"name\":\"Se acaba el plan PEBA, llega el plan para la Conectividad\"}]},{\"@type\":\"WebSite\",\"@id\":\"https:\\\/\\\/www.ugtcomunicaciones.es\\\/wordpress\\\/#website\",\"url\":\"https:\\\/\\\/www.ugtcomunicaciones.es\\\/wordpress\\\/\",\"name\":\"UGT Comunicaciones\",\"description\":\"Sindicato de Telecomunicaciones\",\"publisher\":{\"@id\":\"https:\\\/\\\/www.ugtcomunicaciones.es\\\/wordpress\\\/#organization\"},\"potentialAction\":[{\"@type\":\"SearchAction\",\"target\":{\"@type\":\"EntryPoint\",\"urlTemplate\":\"https:\\\/\\\/www.ugtcomunicaciones.es\\\/wordpress\\\/?s={search_term_string}\"},\"query-input\":{\"@type\":\"PropertyValueSpecification\",\"valueRequired\":true,\"valueName\":\"search_term_string\"}}],\"inLanguage\":\"es\"},{\"@type\":\"Organization\",\"@id\":\"https:\\\/\\\/www.ugtcomunicaciones.es\\\/wordpress\\\/#organization\",\"name\":\"UGT Comunicaciones\",\"url\":\"https:\\\/\\\/www.ugtcomunicaciones.es\\\/wordpress\\\/\",\"logo\":{\"@type\":\"ImageObject\",\"inLanguage\":\"es\",\"@id\":\"https:\\\/\\\/www.ugtcomunicaciones.es\\\/wordpress\\\/#\\\/schema\\\/logo\\\/image\\\/\",\"url\":\"https:\\\/\\\/www.ugtcomunicaciones.es\\\/wordpress\\\/wp-content\\\/uploads\\\/2024\\\/04\\\/comunicaciones_logo.png\",\"contentUrl\":\"https:\\\/\\\/www.ugtcomunicaciones.es\\\/wordpress\\\/wp-content\\\/uploads\\\/2024\\\/04\\\/comunicaciones_logo.png\",\"width\":298,\"height\":81,\"caption\":\"UGT Comunicaciones\"},\"image\":{\"@id\":\"https:\\\/\\\/www.ugtcomunicaciones.es\\\/wordpress\\\/#\\\/schema\\\/logo\\\/image\\\/\"},\"sameAs\":[\"https:\\\/\\\/www.facebook.com\\\/ugt.comunicaciones\\\/\",\"https:\\\/\\\/x.com\\\/ugtcom\"]},{\"@type\":\"Person\",\"@id\":\"https:\\\/\\\/www.ugtcomunicaciones.es\\\/wordpress\\\/#\\\/schema\\\/person\\\/eba0fc3fe5b444531d94d4368cba89ed\",\"name\":\"UGT\",\"image\":{\"@type\":\"ImageObject\",\"inLanguage\":\"es\",\"@id\":\"https:\\\/\\\/secure.gravatar.com\\\/avatar\\\/2a16057d620a4c646bcfc171c4f23030879ebbdd346f0525bd5d4a564e57e13d?s=96&d=mm&r=g\",\"url\":\"https:\\\/\\\/secure.gravatar.com\\\/avatar\\\/2a16057d620a4c646bcfc171c4f23030879ebbdd346f0525bd5d4a564e57e13d?s=96&d=mm&r=g\",\"contentUrl\":\"https:\\\/\\\/secure.gravatar.com\\\/avatar\\\/2a16057d620a4c646bcfc171c4f23030879ebbdd346f0525bd5d4a564e57e13d?s=96&d=mm&r=g\",\"caption\":\"UGT\"}}]}<\/script>\n<!-- \/ Yoast SEO Premium plugin. -->","yoast_head_json":{"title":"Se acaba el plan PEBA, llega el plan para la Conectividad - UGT Comunicaciones","description":"\u00daltima convocatoria del Plan de Extensi\u00f3n de la Banda Ancha, un modelo de ayudas p\u00fablicas cofinanciado por el Fondo Europeo de Desarrollo...","robots":{"index":"index","follow":"follow","max-snippet":"max-snippet:-1","max-image-preview":"max-image-preview:large","max-video-preview":"max-video-preview:-1"},"canonical":"https:\/\/www.ugtcomunicaciones.es\/wordpress\/se-acaba-el-plan-peba-llega-el-plan-para-la-conectividad\/","og_locale":"es_ES","og_type":"article","og_title":"Se acaba el plan PEBA, llega el plan para la Conectividad","og_description":"\u00daltima convocatoria del Plan de Extensi\u00f3n de la Banda Ancha, un modelo de ayudas p\u00fablicas cofinanciado por el Fondo Europeo de Desarrollo...","og_url":"https:\/\/www.ugtcomunicaciones.es\/wordpress\/se-acaba-el-plan-peba-llega-el-plan-para-la-conectividad\/","og_site_name":"UGT Comunicaciones","article_publisher":"https:\/\/www.facebook.com\/ugt.comunicaciones\/","article_published_time":"2021-03-22T06:00:29+00:00","og_image":[{"width":600,"height":325,"url":"https:\/\/www.ugtcomunicaciones.es\/wordpress\/wp-content\/uploads\/2021\/03\/peba_portada_22-03-2021.jpg","type":"image\/jpeg"}],"author":"UGT","twitter_card":"summary_large_image","twitter_creator":"@ugtcom","twitter_site":"@ugtcom","twitter_misc":{"Escrito por":"UGT","Tiempo de lectura":"2 minutos"},"schema":{"@context":"https:\/\/schema.org","@graph":[{"@type":"Article","@id":"https:\/\/www.ugtcomunicaciones.es\/wordpress\/se-acaba-el-plan-peba-llega-el-plan-para-la-conectividad\/#article","isPartOf":{"@id":"https:\/\/www.ugtcomunicaciones.es\/wordpress\/se-acaba-el-plan-peba-llega-el-plan-para-la-conectividad\/"},"author":{"name":"UGT","@id":"https:\/\/www.ugtcomunicaciones.es\/wordpress\/#\/schema\/person\/eba0fc3fe5b444531d94d4368cba89ed"},"headline":"Se acaba el plan PEBA, llega el plan para la Conectividad","datePublished":"2021-03-22T06:00:29+00:00","mainEntityOfPage":{"@id":"https:\/\/www.ugtcomunicaciones.es\/wordpress\/se-acaba-el-plan-peba-llega-el-plan-para-la-conectividad\/"},"wordCount":444,"publisher":{"@id":"https:\/\/www.ugtcomunicaciones.es\/wordpress\/#organization"},"image":{"@id":"https:\/\/www.ugtcomunicaciones.es\/wordpress\/se-acaba-el-plan-peba-llega-el-plan-para-la-conectividad\/#primaryimage"},"thumbnailUrl":"https:\/\/www.ugtcomunicaciones.es\/wordpress\/wp-content\/uploads\/2021\/03\/peba_portada_22-03-2021.jpg","articleSection":["Opini\u00f3n","Regulaci\u00f3n"],"inLanguage":"es"},{"@type":"WebPage","@id":"https:\/\/www.ugtcomunicaciones.es\/wordpress\/se-acaba-el-plan-peba-llega-el-plan-para-la-conectividad\/","url":"https:\/\/www.ugtcomunicaciones.es\/wordpress\/se-acaba-el-plan-peba-llega-el-plan-para-la-conectividad\/","name":"Se acaba el plan PEBA, llega el plan para la Conectividad - UGT Comunicaciones","isPartOf":{"@id":"https:\/\/www.ugtcomunicaciones.es\/wordpress\/#website"},"primaryImageOfPage":{"@id":"https:\/\/www.ugtcomunicaciones.es\/wordpress\/se-acaba-el-plan-peba-llega-el-plan-para-la-conectividad\/#primaryimage"},"image":{"@id":"https:\/\/www.ugtcomunicaciones.es\/wordpress\/se-acaba-el-plan-peba-llega-el-plan-para-la-conectividad\/#primaryimage"},"thumbnailUrl":"https:\/\/www.ugtcomunicaciones.es\/wordpress\/wp-content\/uploads\/2021\/03\/peba_portada_22-03-2021.jpg","datePublished":"2021-03-22T06:00:29+00:00","description":"\u00daltima convocatoria del Plan de Extensi\u00f3n de la Banda Ancha, un modelo de ayudas p\u00fablicas cofinanciado por el Fondo Europeo de Desarrollo...","breadcrumb":{"@id":"https:\/\/www.ugtcomunicaciones.es\/wordpress\/se-acaba-el-plan-peba-llega-el-plan-para-la-conectividad\/#breadcrumb"},"inLanguage":"es","potentialAction":[{"@type":"ReadAction","target":["https:\/\/www.ugtcomunicaciones.es\/wordpress\/se-acaba-el-plan-peba-llega-el-plan-para-la-conectividad\/"]}]},{"@type":"ImageObject","inLanguage":"es","@id":"https:\/\/www.ugtcomunicaciones.es\/wordpress\/se-acaba-el-plan-peba-llega-el-plan-para-la-conectividad\/#primaryimage","url":"https:\/\/www.ugtcomunicaciones.es\/wordpress\/wp-content\/uploads\/2021\/03\/peba_portada_22-03-2021.jpg","contentUrl":"https:\/\/www.ugtcomunicaciones.es\/wordpress\/wp-content\/uploads\/2021\/03\/peba_portada_22-03-2021.jpg","width":600,"height":325,"caption":"peba_portada_22-03-2021"},{"@type":"BreadcrumbList","@id":"https:\/\/www.ugtcomunicaciones.es\/wordpress\/se-acaba-el-plan-peba-llega-el-plan-para-la-conectividad\/#breadcrumb","itemListElement":[{"@type":"ListItem","position":1,"name":"Portada","item":"https:\/\/www.ugtcomunicaciones.es\/wordpress\/"},{"@type":"ListItem","position":2,"name":"Se acaba el plan PEBA, llega el plan para la Conectividad"}]},{"@type":"WebSite","@id":"https:\/\/www.ugtcomunicaciones.es\/wordpress\/#website","url":"https:\/\/www.ugtcomunicaciones.es\/wordpress\/","name":"UGT Comunicaciones","description":"Sindicato de Telecomunicaciones","publisher":{"@id":"https:\/\/www.ugtcomunicaciones.es\/wordpress\/#organization"},"potentialAction":[{"@type":"SearchAction","target":{"@type":"EntryPoint","urlTemplate":"https:\/\/www.ugtcomunicaciones.es\/wordpress\/?s={search_term_string}"},"query-input":{"@type":"PropertyValueSpecification","valueRequired":true,"valueName":"search_term_string"}}],"inLanguage":"es"},{"@type":"Organization","@id":"https:\/\/www.ugtcomunicaciones.es\/wordpress\/#organization","name":"UGT Comunicaciones","url":"https:\/\/www.ugtcomunicaciones.es\/wordpress\/","logo":{"@type":"ImageObject","inLanguage":"es","@id":"https:\/\/www.ugtcomunicaciones.es\/wordpress\/#\/schema\/logo\/image\/","url":"https:\/\/www.ugtcomunicaciones.es\/wordpress\/wp-content\/uploads\/2024\/04\/comunicaciones_logo.png","contentUrl":"https:\/\/www.ugtcomunicaciones.es\/wordpress\/wp-content\/uploads\/2024\/04\/comunicaciones_logo.png","width":298,"height":81,"caption":"UGT Comunicaciones"},"image":{"@id":"https:\/\/www.ugtcomunicaciones.es\/wordpress\/#\/schema\/logo\/image\/"},"sameAs":["https:\/\/www.facebook.com\/ugt.comunicaciones\/","https:\/\/x.com\/ugtcom"]},{"@type":"Person","@id":"https:\/\/www.ugtcomunicaciones.es\/wordpress\/#\/schema\/person\/eba0fc3fe5b444531d94d4368cba89ed","name":"UGT","image":{"@type":"ImageObject","inLanguage":"es","@id":"https:\/\/secure.gravatar.com\/avatar\/2a16057d620a4c646bcfc171c4f23030879ebbdd346f0525bd5d4a564e57e13d?s=96&d=mm&r=g","url":"https:\/\/secure.gravatar.com\/avatar\/2a16057d620a4c646bcfc171c4f23030879ebbdd346f0525bd5d4a564e57e13d?s=96&d=mm&r=g","contentUrl":"https:\/\/secure.gravatar.com\/avatar\/2a16057d620a4c646bcfc171c4f23030879ebbdd346f0525bd5d4a564e57e13d?s=96&d=mm&r=g","caption":"UGT"}}]}},"_links":{"self":[{"href":"https:\/\/www.ugtcomunicaciones.es\/wordpress\/wp-json\/wp\/v2\/posts\/783191","targetHints":{"allow":["GET"]}}],"collection":[{"href":"https:\/\/www.ugtcomunicaciones.es\/wordpress\/wp-json\/wp\/v2\/posts"}],"about":[{"href":"https:\/\/www.ugtcomunicaciones.es\/wordpress\/wp-json\/wp\/v2\/types\/post"}],"author":[{"embeddable":true,"href":"https:\/\/www.ugtcomunicaciones.es\/wordpress\/wp-json\/wp\/v2\/users\/3"}],"replies":[{"embeddable":true,"href":"https:\/\/www.ugtcomunicaciones.es\/wordpress\/wp-json\/wp\/v2\/comments?post=783191"}],"version-history":[{"count":0,"href":"https:\/\/www.ugtcomunicaciones.es\/wordpress\/wp-json\/wp\/v2\/posts\/783191\/revisions"}],"wp:featuredmedia":[{"embeddable":true,"href":"https:\/\/www.ugtcomunicaciones.es\/wordpress\/wp-json\/wp\/v2\/media\/783209"}],"wp:attachment":[{"href":"https:\/\/www.ugtcomunicaciones.es\/wordpress\/wp-json\/wp\/v2\/media?parent=783191"}],"wp:term":[{"taxonomy":"category","embeddable":true,"href":"https:\/\/www.ugtcomunicaciones.es\/wordpress\/wp-json\/wp\/v2\/categories?post=783191"},{"taxonomy":"post_tag","embeddable":true,"href":"https:\/\/www.ugtcomunicaciones.es\/wordpress\/wp-json\/wp\/v2\/tags?post=783191"}],"curies":[{"name":"wp","href":"https:\/\/api.w.org\/{rel}","templated":true}]}}