{"id":787606,"date":"2021-04-05T07:00:13","date_gmt":"2021-04-05T06:00:13","guid":{"rendered":"https:\/\/www.ugtcomunicaciones.es\/wordpress\/?p=787606"},"modified":"2021-03-25T11:05:53","modified_gmt":"2021-03-25T10:05:53","slug":"empleo-sin-cualificacion-lastre-la-digitalizacion","status":"publish","type":"post","link":"https:\/\/www.ugtcomunicaciones.es\/wordpress\/empleo-sin-cualificacion-lastre-la-digitalizacion\/","title":{"rendered":"Empleo sin cualificaci\u00f3n, lastre la digitalizaci\u00f3n"},"content":{"rendered":"<p style=\"text-align: justify;\">La publicaci\u00f3n del principal estudio mundial sobre capacidad digital, reitera<sup class=\"modern-footnotes-footnote \" data-mfn=\"1\" data-mfn-post-scope=\"00000000000041470000000000000000_787606\"><a href=\"javascript:void(0)\"  role=\"button\" aria-pressed=\"false\" aria-describedby=\"mfn-content-00000000000041470000000000000000_787606-1\">1<\/a><\/sup><span id=\"mfn-content-00000000000041470000000000000000_787606-1\" role=\"tooltip\" class=\"modern-footnotes-footnote__note\" tabindex=\"0\" data-mfn=\"1\"><a href=\"https:\/\/www.ugtcomunicaciones.es\/wordpress\/indice-de-desarrollo-de-las-tic-idt-2017\/\" target=\"_blank\" rel=\"noopener\">https:\/\/www.ugtcomunicaciones.es\/wordpress\/indice-de-desarrollo-de-las-tic-idt-2017\/<\/a><\/span> las debilidades de nuestra econom\u00eda y nuestro entorno laboral a la hora de acometer el necesario proceso de digitalizaci\u00f3n.<\/p>\n<p style=\"text-align: justify;\">El <em>Network Readiness Index<sup class=\"modern-footnotes-footnote \" data-mfn=\"2\" data-mfn-post-scope=\"00000000000041470000000000000000_787606\"><a href=\"javascript:void(0)\"  role=\"button\" aria-pressed=\"false\" aria-describedby=\"mfn-content-00000000000041470000000000000000_787606-2\">2<\/a><\/sup><span id=\"mfn-content-00000000000041470000000000000000_787606-2\" role=\"tooltip\" class=\"modern-footnotes-footnote__note\" tabindex=\"0\" data-mfn=\"2\"><a href=\"https:\/\/networkreadinessindex.org\/\" target=\"_blank\" rel=\"noopener\">https:\/\/networkreadinessindex.org\/<\/a><\/span><\/em> (NRI), considerado como el indicador m\u00e1s completo en t\u00e9rminos de digitalizaci\u00f3n, y correspondiente al ejercicio 2020, coloca a nuestro pa\u00eds en el puesto 25 de 134 posibles, muy lejos de lo esperable para la 13\u00aa econom\u00eda del mundo por PIB<sup class=\"modern-footnotes-footnote \" data-mfn=\"3\" data-mfn-post-scope=\"00000000000041470000000000000000_787606\"><a href=\"javascript:void(0)\"  role=\"button\" aria-pressed=\"false\" aria-describedby=\"mfn-content-00000000000041470000000000000000_787606-3\">3<\/a><\/sup><span id=\"mfn-content-00000000000041470000000000000000_787606-3\" role=\"tooltip\" class=\"modern-footnotes-footnote__note\" tabindex=\"0\" data-mfn=\"3\"><a href=\"https:\/\/es.wikipedia.org\/wiki\/Anexo:Pa%C3%ADses_por_PIB_(nominal)\" target=\"_blank\" rel=\"noopener\">https:\/\/es.wikipedia.org\/wiki\/Anexo:Pa%C3%ADses_por_PIB_(nominal)<\/a><\/span>.<\/p>\n<p><img decoding=\"async\" class=\"size-full wp-image-787622 aligncenter lazyload\" data-src=\"https:\/\/www.ugtcomunicaciones.es\/wordpress\/wp-content\/uploads\/2021\/03\/empleo_01_05-04-2021.jpg\" alt=\"empleo_01_05-04-2021\" width=\"600\" height=\"624\" data-srcset=\"https:\/\/www.ugtcomunicaciones.es\/wordpress\/wp-content\/uploads\/2021\/03\/empleo_01_05-04-2021.jpg 600w, https:\/\/www.ugtcomunicaciones.es\/wordpress\/wp-content\/uploads\/2021\/03\/empleo_01_05-04-2021-288x300.jpg 288w, https:\/\/www.ugtcomunicaciones.es\/wordpress\/wp-content\/uploads\/2021\/03\/empleo_01_05-04-2021-404x420.jpg 404w\" data-sizes=\"(max-width: 600px) 100vw, 600px\" src=\"data:image\/svg+xml;base64,PHN2ZyB3aWR0aD0iMSIgaGVpZ2h0PSIxIiB4bWxucz0iaHR0cDovL3d3dy53My5vcmcvMjAwMC9zdmciPjwvc3ZnPg==\" style=\"--smush-placeholder-width: 600px; --smush-placeholder-aspect-ratio: 600\/624;\" \/><\/p>\n<p>&nbsp;<\/p>\n<p style=\"text-align: justify;\">Nuestras fortalezas son bien conocidas: redes de telecomunicaciones punteras y unas AAPP mucho m\u00e1s digitalizadas que las de nuestros vecinos europeos<sup class=\"modern-footnotes-footnote \" data-mfn=\"4\" data-mfn-post-scope=\"00000000000041470000000000000000_787606\"><a href=\"javascript:void(0)\"  role=\"button\" aria-pressed=\"false\" aria-describedby=\"mfn-content-00000000000041470000000000000000_787606-4\">4<\/a><\/sup><span id=\"mfn-content-00000000000041470000000000000000_787606-4\" role=\"tooltip\" class=\"modern-footnotes-footnote__note\" tabindex=\"0\" data-mfn=\"4\"><a href=\"https:\/\/www.ugtcomunicaciones.es\/wordpress\/ugt-exige-politicas-para-impulsar-la-digitalizacion-de-la-economia-y-nuestra-sociedad\/\" target=\"_blank\" rel=\"noopener\">https:\/\/www.ugtcomunicaciones.es\/wordpress\/ugt-exige-politicas-para-impulsar-la-digitalizacion-de-la-economia-y-nuestra-sociedad\/<\/a><\/span>. Lamentablemente, nuestras debilidades se ciernen sobre la gran brecha digital laboral que sufre nuestra fuerza de trabajo. Y por otro lado, destaca la \u00ednfima inversi\u00f3n que hace el tejido empresarial en nuevas tecnolog\u00edas e innovaci\u00f3n<sup class=\"modern-footnotes-footnote \" data-mfn=\"5\" data-mfn-post-scope=\"00000000000041470000000000000000_787606\"><a href=\"javascript:void(0)\"  role=\"button\" aria-pressed=\"false\" aria-describedby=\"mfn-content-00000000000041470000000000000000_787606-5\">5<\/a><\/sup><span id=\"mfn-content-00000000000041470000000000000000_787606-5\" role=\"tooltip\" class=\"modern-footnotes-footnote__note\" tabindex=\"0\" data-mfn=\"5\"><a href=\"https:\/\/cincodias.elpais.com\/cincodias\/2020\/11\/16\/economia\/1605563751_796401.html\" target=\"_blank\" rel=\"noopener\">https:\/\/cincodias.elpais.com\/cincodias\/2020\/11\/16\/economia\/1605563751_796401.html<\/a><\/span>.<\/p>\n<p style=\"text-align: justify;\">En concreto, queremos destacar tres indicadores a modo de sintom\u00e1ticos ejemplos:<\/p>\n<ul style=\"text-align: justify;\">\n<li><strong>Habilidades Digitales (ICT Skills) <\/strong>de la poblaci\u00f3n activa. Puesto 58, lo que demuestra en bajo nivel de habilidades digitales (por ejemplo, habilidades inform\u00e1ticas, codificaci\u00f3n b\u00e1sica, lectura digital) de nuestra fuerza laboral.<\/li>\n<li><strong>T\u00e9cnicos y profesionales. <\/strong>Puesto 43 en n\u00famero de t\u00e9cnicos y profesionales (especialmente expertos STEM &#8211; <em>Science, Technology, Engineering and Mathematics<\/em> -o en TIC) como porcentaje de la plantilla total.<\/li>\n<li><strong>Gasto de las empresas I+D como porcentaje del PIB: <\/strong>Puesto 33. O dicho de forma directa: las empresas no invierten en innovaci\u00f3n como nuestros competidores.<\/li>\n<\/ul>\n<p style=\"text-align: justify;\"><img decoding=\"async\" class=\"size-full wp-image-787623 aligncenter lazyload\" data-src=\"https:\/\/www.ugtcomunicaciones.es\/wordpress\/wp-content\/uploads\/2021\/03\/empleo_02_05-04-2021.jpg\" alt=\"empleo_02_05-04-2021\" width=\"600\" height=\"414\" data-srcset=\"https:\/\/www.ugtcomunicaciones.es\/wordpress\/wp-content\/uploads\/2021\/03\/empleo_02_05-04-2021.jpg 600w, https:\/\/www.ugtcomunicaciones.es\/wordpress\/wp-content\/uploads\/2021\/03\/empleo_02_05-04-2021-300x207.jpg 300w\" data-sizes=\"(max-width: 600px) 100vw, 600px\" src=\"data:image\/svg+xml;base64,PHN2ZyB3aWR0aD0iMSIgaGVpZ2h0PSIxIiB4bWxucz0iaHR0cDovL3d3dy53My5vcmcvMjAwMC9zdmciPjwvc3ZnPg==\" style=\"--smush-placeholder-width: 600px; --smush-placeholder-aspect-ratio: 600\/414;\" \/><\/p>\n<p style=\"text-align: justify;\"><span style=\"color: #ff0000;\"><strong>05UGT<\/strong><\/span> vuelve a hacer un llamamiento a empresas y Gobierno para que se usen los fondos de recuperaci\u00f3n de la Uni\u00f3n Europea con cabeza y rigor, priorizando la inversi\u00f3n en formaci\u00f3n digital de las personas trabajadoras y en nuevas tecnolog\u00edas.<\/p>\n<h4 style=\"text-align: right;\"><span style=\"color: #ff0000;\"><strong>UGT<\/strong><\/span><strong> Comunicaciones<br \/>\nSector Estatal<\/strong><a href=\"#_ftnref1\" name=\"_ftn1\"><\/a><\/h4>\n","protected":false},"excerpt":{"rendered":"<p>La publicaci\u00f3n del principal estudio mundial sobre capacidad digital, reitera las debilidades de nuestra econom\u00eda y nuestro entorno laboral a la hora de acometer el necesario proceso de digitalizaci\u00f3n. El Network Readiness Index (NRI), considerado como el indicador m\u00e1s completo en t\u00e9rminos de digitalizaci\u00f3n, y correspondiente al ejercicio 2020, coloca a nuestro pa\u00eds en el [&hellip;]<\/p>\n","protected":false},"author":3,"featured_media":787624,"comment_status":"closed","ping_status":"closed","sticky":false,"template":"","format":"standard","meta":{"footnotes":""},"categories":[14,12],"tags":[],"class_list":["post-787606","post","type-post","status-publish","format-standard","has-post-thumbnail","hentry","category-opinion","category-regulacion"],"yoast_head":"<!-- This site is optimized with the Yoast SEO Premium plugin v27.3 (Yoast SEO v27.4) - https:\/\/yoast.com\/product\/yoast-seo-premium-wordpress\/ -->\n<title>Empleo sin cualificaci\u00f3n, lastre la digitalizaci\u00f3n - UGT Comunicaciones<\/title>\n<meta name=\"description\" content=\"La publicaci\u00f3n del principal estudio mundial sobre capacidad digital, reitera las debilidades de nuestra econom\u00eda y nuestro entorno laboral...\" \/>\n<meta name=\"robots\" content=\"index, follow, max-snippet:-1, max-image-preview:large, max-video-preview:-1\" \/>\n<link rel=\"canonical\" href=\"https:\/\/www.ugtcomunicaciones.es\/wordpress\/empleo-sin-cualificacion-lastre-la-digitalizacion\/\" \/>\n<meta property=\"og:locale\" content=\"es_ES\" \/>\n<meta property=\"og:type\" content=\"article\" \/>\n<meta property=\"og:title\" content=\"Empleo sin cualificaci\u00f3n, lastre la digitalizaci\u00f3n\" \/>\n<meta property=\"og:description\" content=\"La publicaci\u00f3n del principal estudio mundial sobre capacidad digital, reitera las debilidades de nuestra econom\u00eda y nuestro entorno laboral...\" \/>\n<meta property=\"og:url\" content=\"https:\/\/www.ugtcomunicaciones.es\/wordpress\/empleo-sin-cualificacion-lastre-la-digitalizacion\/\" \/>\n<meta property=\"og:site_name\" content=\"UGT Comunicaciones\" \/>\n<meta property=\"article:publisher\" content=\"https:\/\/www.facebook.com\/ugt.comunicaciones\/\" \/>\n<meta property=\"article:published_time\" content=\"2021-04-05T06:00:13+00:00\" \/>\n<meta property=\"og:image\" content=\"https:\/\/www.ugtcomunicaciones.es\/wordpress\/wp-content\/uploads\/2021\/03\/empleo_portada_05-04-2021.jpg\" \/>\n\t<meta property=\"og:image:width\" content=\"600\" \/>\n\t<meta property=\"og:image:height\" content=\"339\" \/>\n\t<meta property=\"og:image:type\" content=\"image\/jpeg\" \/>\n<meta name=\"author\" content=\"UGT\" \/>\n<meta name=\"twitter:card\" content=\"summary_large_image\" \/>\n<meta name=\"twitter:creator\" content=\"@ugtcom\" \/>\n<meta name=\"twitter:site\" content=\"@ugtcom\" \/>\n<meta name=\"twitter:label1\" content=\"Escrito por\" \/>\n\t<meta name=\"twitter:data1\" content=\"UGT\" \/>\n\t<meta name=\"twitter:label2\" content=\"Tiempo de lectura\" \/>\n\t<meta name=\"twitter:data2\" content=\"2 minutos\" \/>\n<script type=\"application\/ld+json\" class=\"yoast-schema-graph\">{\"@context\":\"https:\\\/\\\/schema.org\",\"@graph\":[{\"@type\":\"Article\",\"@id\":\"https:\\\/\\\/www.ugtcomunicaciones.es\\\/wordpress\\\/empleo-sin-cualificacion-lastre-la-digitalizacion\\\/#article\",\"isPartOf\":{\"@id\":\"https:\\\/\\\/www.ugtcomunicaciones.es\\\/wordpress\\\/empleo-sin-cualificacion-lastre-la-digitalizacion\\\/\"},\"author\":{\"name\":\"UGT\",\"@id\":\"https:\\\/\\\/www.ugtcomunicaciones.es\\\/wordpress\\\/#\\\/schema\\\/person\\\/eba0fc3fe5b444531d94d4368cba89ed\"},\"headline\":\"Empleo sin cualificaci\u00f3n, lastre la digitalizaci\u00f3n\",\"datePublished\":\"2021-04-05T06:00:13+00:00\",\"mainEntityOfPage\":{\"@id\":\"https:\\\/\\\/www.ugtcomunicaciones.es\\\/wordpress\\\/empleo-sin-cualificacion-lastre-la-digitalizacion\\\/\"},\"wordCount\":342,\"publisher\":{\"@id\":\"https:\\\/\\\/www.ugtcomunicaciones.es\\\/wordpress\\\/#organization\"},\"image\":{\"@id\":\"https:\\\/\\\/www.ugtcomunicaciones.es\\\/wordpress\\\/empleo-sin-cualificacion-lastre-la-digitalizacion\\\/#primaryimage\"},\"thumbnailUrl\":\"https:\\\/\\\/www.ugtcomunicaciones.es\\\/wordpress\\\/wp-content\\\/uploads\\\/2021\\\/03\\\/empleo_portada_05-04-2021.jpg\",\"articleSection\":[\"Opini\u00f3n\",\"Regulaci\u00f3n\"],\"inLanguage\":\"es\"},{\"@type\":\"WebPage\",\"@id\":\"https:\\\/\\\/www.ugtcomunicaciones.es\\\/wordpress\\\/empleo-sin-cualificacion-lastre-la-digitalizacion\\\/\",\"url\":\"https:\\\/\\\/www.ugtcomunicaciones.es\\\/wordpress\\\/empleo-sin-cualificacion-lastre-la-digitalizacion\\\/\",\"name\":\"Empleo sin cualificaci\u00f3n, lastre la digitalizaci\u00f3n - UGT Comunicaciones\",\"isPartOf\":{\"@id\":\"https:\\\/\\\/www.ugtcomunicaciones.es\\\/wordpress\\\/#website\"},\"primaryImageOfPage\":{\"@id\":\"https:\\\/\\\/www.ugtcomunicaciones.es\\\/wordpress\\\/empleo-sin-cualificacion-lastre-la-digitalizacion\\\/#primaryimage\"},\"image\":{\"@id\":\"https:\\\/\\\/www.ugtcomunicaciones.es\\\/wordpress\\\/empleo-sin-cualificacion-lastre-la-digitalizacion\\\/#primaryimage\"},\"thumbnailUrl\":\"https:\\\/\\\/www.ugtcomunicaciones.es\\\/wordpress\\\/wp-content\\\/uploads\\\/2021\\\/03\\\/empleo_portada_05-04-2021.jpg\",\"datePublished\":\"2021-04-05T06:00:13+00:00\",\"description\":\"La publicaci\u00f3n del principal estudio mundial sobre capacidad digital, reitera las debilidades de nuestra econom\u00eda y nuestro entorno laboral...\",\"breadcrumb\":{\"@id\":\"https:\\\/\\\/www.ugtcomunicaciones.es\\\/wordpress\\\/empleo-sin-cualificacion-lastre-la-digitalizacion\\\/#breadcrumb\"},\"inLanguage\":\"es\",\"potentialAction\":[{\"@type\":\"ReadAction\",\"target\":[\"https:\\\/\\\/www.ugtcomunicaciones.es\\\/wordpress\\\/empleo-sin-cualificacion-lastre-la-digitalizacion\\\/\"]}]},{\"@type\":\"ImageObject\",\"inLanguage\":\"es\",\"@id\":\"https:\\\/\\\/www.ugtcomunicaciones.es\\\/wordpress\\\/empleo-sin-cualificacion-lastre-la-digitalizacion\\\/#primaryimage\",\"url\":\"https:\\\/\\\/www.ugtcomunicaciones.es\\\/wordpress\\\/wp-content\\\/uploads\\\/2021\\\/03\\\/empleo_portada_05-04-2021.jpg\",\"contentUrl\":\"https:\\\/\\\/www.ugtcomunicaciones.es\\\/wordpress\\\/wp-content\\\/uploads\\\/2021\\\/03\\\/empleo_portada_05-04-2021.jpg\",\"width\":600,\"height\":339,\"caption\":\"empleo_portada_05-04-2021\"},{\"@type\":\"BreadcrumbList\",\"@id\":\"https:\\\/\\\/www.ugtcomunicaciones.es\\\/wordpress\\\/empleo-sin-cualificacion-lastre-la-digitalizacion\\\/#breadcrumb\",\"itemListElement\":[{\"@type\":\"ListItem\",\"position\":1,\"name\":\"Portada\",\"item\":\"https:\\\/\\\/www.ugtcomunicaciones.es\\\/wordpress\\\/\"},{\"@type\":\"ListItem\",\"position\":2,\"name\":\"Empleo sin cualificaci\u00f3n, lastre la digitalizaci\u00f3n\"}]},{\"@type\":\"WebSite\",\"@id\":\"https:\\\/\\\/www.ugtcomunicaciones.es\\\/wordpress\\\/#website\",\"url\":\"https:\\\/\\\/www.ugtcomunicaciones.es\\\/wordpress\\\/\",\"name\":\"UGT Comunicaciones\",\"description\":\"Sindicato de Telecomunicaciones\",\"publisher\":{\"@id\":\"https:\\\/\\\/www.ugtcomunicaciones.es\\\/wordpress\\\/#organization\"},\"potentialAction\":[{\"@type\":\"SearchAction\",\"target\":{\"@type\":\"EntryPoint\",\"urlTemplate\":\"https:\\\/\\\/www.ugtcomunicaciones.es\\\/wordpress\\\/?s={search_term_string}\"},\"query-input\":{\"@type\":\"PropertyValueSpecification\",\"valueRequired\":true,\"valueName\":\"search_term_string\"}}],\"inLanguage\":\"es\"},{\"@type\":\"Organization\",\"@id\":\"https:\\\/\\\/www.ugtcomunicaciones.es\\\/wordpress\\\/#organization\",\"name\":\"UGT Comunicaciones\",\"url\":\"https:\\\/\\\/www.ugtcomunicaciones.es\\\/wordpress\\\/\",\"logo\":{\"@type\":\"ImageObject\",\"inLanguage\":\"es\",\"@id\":\"https:\\\/\\\/www.ugtcomunicaciones.es\\\/wordpress\\\/#\\\/schema\\\/logo\\\/image\\\/\",\"url\":\"https:\\\/\\\/www.ugtcomunicaciones.es\\\/wordpress\\\/wp-content\\\/uploads\\\/2024\\\/04\\\/comunicaciones_logo.png\",\"contentUrl\":\"https:\\\/\\\/www.ugtcomunicaciones.es\\\/wordpress\\\/wp-content\\\/uploads\\\/2024\\\/04\\\/comunicaciones_logo.png\",\"width\":298,\"height\":81,\"caption\":\"UGT Comunicaciones\"},\"image\":{\"@id\":\"https:\\\/\\\/www.ugtcomunicaciones.es\\\/wordpress\\\/#\\\/schema\\\/logo\\\/image\\\/\"},\"sameAs\":[\"https:\\\/\\\/www.facebook.com\\\/ugt.comunicaciones\\\/\",\"https:\\\/\\\/x.com\\\/ugtcom\"]},{\"@type\":\"Person\",\"@id\":\"https:\\\/\\\/www.ugtcomunicaciones.es\\\/wordpress\\\/#\\\/schema\\\/person\\\/eba0fc3fe5b444531d94d4368cba89ed\",\"name\":\"UGT\",\"image\":{\"@type\":\"ImageObject\",\"inLanguage\":\"es\",\"@id\":\"https:\\\/\\\/secure.gravatar.com\\\/avatar\\\/2a16057d620a4c646bcfc171c4f23030879ebbdd346f0525bd5d4a564e57e13d?s=96&d=mm&r=g\",\"url\":\"https:\\\/\\\/secure.gravatar.com\\\/avatar\\\/2a16057d620a4c646bcfc171c4f23030879ebbdd346f0525bd5d4a564e57e13d?s=96&d=mm&r=g\",\"contentUrl\":\"https:\\\/\\\/secure.gravatar.com\\\/avatar\\\/2a16057d620a4c646bcfc171c4f23030879ebbdd346f0525bd5d4a564e57e13d?s=96&d=mm&r=g\",\"caption\":\"UGT\"}}]}<\/script>\n<!-- \/ Yoast SEO Premium plugin. -->","yoast_head_json":{"title":"Empleo sin cualificaci\u00f3n, lastre la digitalizaci\u00f3n - UGT Comunicaciones","description":"La publicaci\u00f3n del principal estudio mundial sobre capacidad digital, reitera las debilidades de nuestra econom\u00eda y nuestro entorno laboral...","robots":{"index":"index","follow":"follow","max-snippet":"max-snippet:-1","max-image-preview":"max-image-preview:large","max-video-preview":"max-video-preview:-1"},"canonical":"https:\/\/www.ugtcomunicaciones.es\/wordpress\/empleo-sin-cualificacion-lastre-la-digitalizacion\/","og_locale":"es_ES","og_type":"article","og_title":"Empleo sin cualificaci\u00f3n, lastre la digitalizaci\u00f3n","og_description":"La publicaci\u00f3n del principal estudio mundial sobre capacidad digital, reitera las debilidades de nuestra econom\u00eda y nuestro entorno laboral...","og_url":"https:\/\/www.ugtcomunicaciones.es\/wordpress\/empleo-sin-cualificacion-lastre-la-digitalizacion\/","og_site_name":"UGT Comunicaciones","article_publisher":"https:\/\/www.facebook.com\/ugt.comunicaciones\/","article_published_time":"2021-04-05T06:00:13+00:00","og_image":[{"width":600,"height":339,"url":"https:\/\/www.ugtcomunicaciones.es\/wordpress\/wp-content\/uploads\/2021\/03\/empleo_portada_05-04-2021.jpg","type":"image\/jpeg"}],"author":"UGT","twitter_card":"summary_large_image","twitter_creator":"@ugtcom","twitter_site":"@ugtcom","twitter_misc":{"Escrito por":"UGT","Tiempo de lectura":"2 minutos"},"schema":{"@context":"https:\/\/schema.org","@graph":[{"@type":"Article","@id":"https:\/\/www.ugtcomunicaciones.es\/wordpress\/empleo-sin-cualificacion-lastre-la-digitalizacion\/#article","isPartOf":{"@id":"https:\/\/www.ugtcomunicaciones.es\/wordpress\/empleo-sin-cualificacion-lastre-la-digitalizacion\/"},"author":{"name":"UGT","@id":"https:\/\/www.ugtcomunicaciones.es\/wordpress\/#\/schema\/person\/eba0fc3fe5b444531d94d4368cba89ed"},"headline":"Empleo sin cualificaci\u00f3n, lastre la digitalizaci\u00f3n","datePublished":"2021-04-05T06:00:13+00:00","mainEntityOfPage":{"@id":"https:\/\/www.ugtcomunicaciones.es\/wordpress\/empleo-sin-cualificacion-lastre-la-digitalizacion\/"},"wordCount":342,"publisher":{"@id":"https:\/\/www.ugtcomunicaciones.es\/wordpress\/#organization"},"image":{"@id":"https:\/\/www.ugtcomunicaciones.es\/wordpress\/empleo-sin-cualificacion-lastre-la-digitalizacion\/#primaryimage"},"thumbnailUrl":"https:\/\/www.ugtcomunicaciones.es\/wordpress\/wp-content\/uploads\/2021\/03\/empleo_portada_05-04-2021.jpg","articleSection":["Opini\u00f3n","Regulaci\u00f3n"],"inLanguage":"es"},{"@type":"WebPage","@id":"https:\/\/www.ugtcomunicaciones.es\/wordpress\/empleo-sin-cualificacion-lastre-la-digitalizacion\/","url":"https:\/\/www.ugtcomunicaciones.es\/wordpress\/empleo-sin-cualificacion-lastre-la-digitalizacion\/","name":"Empleo sin cualificaci\u00f3n, lastre la digitalizaci\u00f3n - UGT Comunicaciones","isPartOf":{"@id":"https:\/\/www.ugtcomunicaciones.es\/wordpress\/#website"},"primaryImageOfPage":{"@id":"https:\/\/www.ugtcomunicaciones.es\/wordpress\/empleo-sin-cualificacion-lastre-la-digitalizacion\/#primaryimage"},"image":{"@id":"https:\/\/www.ugtcomunicaciones.es\/wordpress\/empleo-sin-cualificacion-lastre-la-digitalizacion\/#primaryimage"},"thumbnailUrl":"https:\/\/www.ugtcomunicaciones.es\/wordpress\/wp-content\/uploads\/2021\/03\/empleo_portada_05-04-2021.jpg","datePublished":"2021-04-05T06:00:13+00:00","description":"La publicaci\u00f3n del principal estudio mundial sobre capacidad digital, reitera las debilidades de nuestra econom\u00eda y nuestro entorno laboral...","breadcrumb":{"@id":"https:\/\/www.ugtcomunicaciones.es\/wordpress\/empleo-sin-cualificacion-lastre-la-digitalizacion\/#breadcrumb"},"inLanguage":"es","potentialAction":[{"@type":"ReadAction","target":["https:\/\/www.ugtcomunicaciones.es\/wordpress\/empleo-sin-cualificacion-lastre-la-digitalizacion\/"]}]},{"@type":"ImageObject","inLanguage":"es","@id":"https:\/\/www.ugtcomunicaciones.es\/wordpress\/empleo-sin-cualificacion-lastre-la-digitalizacion\/#primaryimage","url":"https:\/\/www.ugtcomunicaciones.es\/wordpress\/wp-content\/uploads\/2021\/03\/empleo_portada_05-04-2021.jpg","contentUrl":"https:\/\/www.ugtcomunicaciones.es\/wordpress\/wp-content\/uploads\/2021\/03\/empleo_portada_05-04-2021.jpg","width":600,"height":339,"caption":"empleo_portada_05-04-2021"},{"@type":"BreadcrumbList","@id":"https:\/\/www.ugtcomunicaciones.es\/wordpress\/empleo-sin-cualificacion-lastre-la-digitalizacion\/#breadcrumb","itemListElement":[{"@type":"ListItem","position":1,"name":"Portada","item":"https:\/\/www.ugtcomunicaciones.es\/wordpress\/"},{"@type":"ListItem","position":2,"name":"Empleo sin cualificaci\u00f3n, lastre la digitalizaci\u00f3n"}]},{"@type":"WebSite","@id":"https:\/\/www.ugtcomunicaciones.es\/wordpress\/#website","url":"https:\/\/www.ugtcomunicaciones.es\/wordpress\/","name":"UGT Comunicaciones","description":"Sindicato de Telecomunicaciones","publisher":{"@id":"https:\/\/www.ugtcomunicaciones.es\/wordpress\/#organization"},"potentialAction":[{"@type":"SearchAction","target":{"@type":"EntryPoint","urlTemplate":"https:\/\/www.ugtcomunicaciones.es\/wordpress\/?s={search_term_string}"},"query-input":{"@type":"PropertyValueSpecification","valueRequired":true,"valueName":"search_term_string"}}],"inLanguage":"es"},{"@type":"Organization","@id":"https:\/\/www.ugtcomunicaciones.es\/wordpress\/#organization","name":"UGT Comunicaciones","url":"https:\/\/www.ugtcomunicaciones.es\/wordpress\/","logo":{"@type":"ImageObject","inLanguage":"es","@id":"https:\/\/www.ugtcomunicaciones.es\/wordpress\/#\/schema\/logo\/image\/","url":"https:\/\/www.ugtcomunicaciones.es\/wordpress\/wp-content\/uploads\/2024\/04\/comunicaciones_logo.png","contentUrl":"https:\/\/www.ugtcomunicaciones.es\/wordpress\/wp-content\/uploads\/2024\/04\/comunicaciones_logo.png","width":298,"height":81,"caption":"UGT Comunicaciones"},"image":{"@id":"https:\/\/www.ugtcomunicaciones.es\/wordpress\/#\/schema\/logo\/image\/"},"sameAs":["https:\/\/www.facebook.com\/ugt.comunicaciones\/","https:\/\/x.com\/ugtcom"]},{"@type":"Person","@id":"https:\/\/www.ugtcomunicaciones.es\/wordpress\/#\/schema\/person\/eba0fc3fe5b444531d94d4368cba89ed","name":"UGT","image":{"@type":"ImageObject","inLanguage":"es","@id":"https:\/\/secure.gravatar.com\/avatar\/2a16057d620a4c646bcfc171c4f23030879ebbdd346f0525bd5d4a564e57e13d?s=96&d=mm&r=g","url":"https:\/\/secure.gravatar.com\/avatar\/2a16057d620a4c646bcfc171c4f23030879ebbdd346f0525bd5d4a564e57e13d?s=96&d=mm&r=g","contentUrl":"https:\/\/secure.gravatar.com\/avatar\/2a16057d620a4c646bcfc171c4f23030879ebbdd346f0525bd5d4a564e57e13d?s=96&d=mm&r=g","caption":"UGT"}}]}},"_links":{"self":[{"href":"https:\/\/www.ugtcomunicaciones.es\/wordpress\/wp-json\/wp\/v2\/posts\/787606","targetHints":{"allow":["GET"]}}],"collection":[{"href":"https:\/\/www.ugtcomunicaciones.es\/wordpress\/wp-json\/wp\/v2\/posts"}],"about":[{"href":"https:\/\/www.ugtcomunicaciones.es\/wordpress\/wp-json\/wp\/v2\/types\/post"}],"author":[{"embeddable":true,"href":"https:\/\/www.ugtcomunicaciones.es\/wordpress\/wp-json\/wp\/v2\/users\/3"}],"replies":[{"embeddable":true,"href":"https:\/\/www.ugtcomunicaciones.es\/wordpress\/wp-json\/wp\/v2\/comments?post=787606"}],"version-history":[{"count":0,"href":"https:\/\/www.ugtcomunicaciones.es\/wordpress\/wp-json\/wp\/v2\/posts\/787606\/revisions"}],"wp:featuredmedia":[{"embeddable":true,"href":"https:\/\/www.ugtcomunicaciones.es\/wordpress\/wp-json\/wp\/v2\/media\/787624"}],"wp:attachment":[{"href":"https:\/\/www.ugtcomunicaciones.es\/wordpress\/wp-json\/wp\/v2\/media?parent=787606"}],"wp:term":[{"taxonomy":"category","embeddable":true,"href":"https:\/\/www.ugtcomunicaciones.es\/wordpress\/wp-json\/wp\/v2\/categories?post=787606"},{"taxonomy":"post_tag","embeddable":true,"href":"https:\/\/www.ugtcomunicaciones.es\/wordpress\/wp-json\/wp\/v2\/tags?post=787606"}],"curies":[{"name":"wp","href":"https:\/\/api.w.org\/{rel}","templated":true}]}}