{"id":79122,"date":"2017-12-19T15:05:20","date_gmt":"2017-12-19T13:05:20","guid":{"rendered":"http:\/\/ugtcomunicaciones.es\/wordpress\/?p=79122"},"modified":"2017-12-19T15:05:20","modified_gmt":"2017-12-19T13:05:20","slug":"ugt-lleva-al-secretario-estado-agenda-digital-la-voz-los-trabajadores-del-sector","status":"publish","type":"post","link":"https:\/\/www.ugtcomunicaciones.es\/wordpress\/ugt-lleva-al-secretario-estado-agenda-digital-la-voz-los-trabajadores-del-sector\/","title":{"rendered":"UGT lleva al Secretario de Estado de Agenda Digital la voz de los trabajadores del Sector"},"content":{"rendered":"<p style=\"text-align: justify;\">El pasado martes 28 de noviembre, una delegaci\u00f3n de <strong>UGT<\/strong> <strong>Comunicaciones<\/strong>, encabezada por nuestro Secretario General, se reuni\u00f3 con el Secretario de Estado de Agenda Digital, Jos\u00e9 Mar\u00eda Lassalle Ruiz y con el Director General de Telecomunicaciones y Tecnolog\u00edas de la Informaci\u00f3n, Alberto Rodr\u00edguez Raposo.<\/p>\n<p style=\"text-align: justify;\">El encuentro se produjo a petici\u00f3n de <strong>UGT<\/strong>, fundamentalmente ante la inquietud que ha generado entre los trabajadores y trabajadoras de nuestro Sector el viraje normativo del C\u00f3digo Europeo de Comunicaciones Electr\u00f3nicas (CECE) en Bruselas, y que derogar\u00e1 el actual Paquete Telecom.<\/p>\n<p style=\"text-align: justify;\">Tal y como hemos expuesto en nuestros comunicados<a href=\"https:\/\/mail.google.com\/mail\/u\/0\/#m_-8408818862317992148__ftn1\">[1]<\/a>, el proceso de tramitaci\u00f3n de CECE ha supuesto un paso atr\u00e1s con respecto a los primeros borradores, que proteg\u00edan la inversi\u00f3n en infraestructuras como pol\u00edtica clave del crecimiento del Sector. El siguiente paso antes de la aprobaci\u00f3n definitiva de esta norma, que regular\u00e1 nuestro Sector en la pr\u00f3xima d\u00e9cada, en su estudio en el Consejo Europeo formado por los Ministros del ramo de los 28 Estados Miembros.<\/p>\n<p style=\"text-align: justify;\">Y en este paso, desde <strong>UGT<\/strong> hemos considerado imprescindible llevar la voz de los trabajadores de nuestro Sector al Ministerio, para que la tenga en cuenta a la hora de defender la postura de Espa\u00f1a en dicho Consejo Europeo. Y tal y como hicimos el pasado mes de abril<a href=\"https:\/\/mail.google.com\/mail\/u\/0\/#m_-8408818862317992148__ftn2\">[2]<\/a>, hemos vuelto a reiterar al Gobierno la necesidad de conformar una norma europea que mire al empleo, al empleo de calidad y con derechos que preside el Sector de las Telecomunicaciones. Hemos reclamado conformar una nueva norma regulatoria europea basada en la competencia en infraestructuras, en proteger la inversi\u00f3n para aquellos que crean puestos de trabajo, en parar la sangr\u00eda de p\u00e9rdida de puestos de trabajo que asola nuestro sector como consecuencia de la competencia injusta que representan OMV y OTT.<\/p>\n<p style=\"text-align: justify;\"><img decoding=\"async\" class=\"aligncenter size-full wp-image-79123 lazyload\" data-src=\"http:\/\/ugtcomunicaciones.es\/wordpress\/wp-content\/uploads\/2017\/12\/ugt-secretario-estado.jpg\" alt=\"\" width=\"600\" height=\"343\" data-srcset=\"https:\/\/www.ugtcomunicaciones.es\/wordpress\/wp-content\/uploads\/2017\/12\/ugt-secretario-estado.jpg 600w, https:\/\/www.ugtcomunicaciones.es\/wordpress\/wp-content\/uploads\/2017\/12\/ugt-secretario-estado-300x172.jpg 300w\" data-sizes=\"(max-width: 600px) 100vw, 600px\" src=\"data:image\/svg+xml;base64,PHN2ZyB3aWR0aD0iMSIgaGVpZ2h0PSIxIiB4bWxucz0iaHR0cDovL3d3dy53My5vcmcvMjAwMC9zdmciPjwvc3ZnPg==\" style=\"--smush-placeholder-width: 600px; --smush-placeholder-aspect-ratio: 600\/343;\" \/><\/p>\n<p style=\"text-align: justify;\">La respuesta de la Administraci\u00f3n cabe describirse como positiva, aunque con mucha cautela. No es una cuesti\u00f3n que pueda decidir el Gobierno de Espa\u00f1a en solitario, aunque coinciden en gran parte con los argumentos expuestos por <strong>UGT<\/strong> sobre las nuevas partes normativas de la red de acceso, la regulaci\u00f3n de los duopolios y oligopolios y las obligaciones de apertura de redes de nueva generaci\u00f3n, considerando que habr\u00e1 m\u00e1s pa\u00edses en la misma l\u00ednea. No obstante, el CECE tendr\u00e1 m\u00e1s puntos de fricci\u00f3n, como la supresi\u00f3n de las llamadas fijo a fijo en toda la UE o las nuevas obligaciones en las llamadas al 112.<\/p>\n<p style=\"text-align: justify;\">Las negociaciones entre todas las partes implicadas empezar\u00e1n a principios de diciembre, de ah\u00ed la premura para celebrar la reuni\u00f3n y el inter\u00e9s sindical en llevar nuestro posicionamiento antes de esas fechas.<\/p>\n<p style=\"text-align: justify;\">En el transcurso de la reuni\u00f3n se tocaron otros temas, como la Estrategia Digital del Gobierno, los desarrollos de los Planes PEBA para llevar la fibra a 1,2 millones de hogares con un presupuesto de 105 millones de euros y el plan ayuda p\u00fablicas individuales a la banda ancha<a href=\"https:\/\/mail.google.com\/mail\/u\/0\/#m_-8408818862317992148__ftn3\">[3]<\/a>.<\/p>\n<p style=\"text-align: justify;\">Finalmente, se abord\u00f3 el plan de desarrollo del 5G en Espa\u00f1a, en donde <strong>UGT<\/strong> fue el \u00fanico sindicato en participar<a href=\"https:\/\/mail.google.com\/mail\/u\/0\/#m_-8408818862317992148__ftn4\">[4]<\/a> y de la liberaci\u00f3n del Segundo Dividendo Digital sobre la banda de 700 MHz, que abr\u00eda consulta p\u00fablica ese mismo d\u00eda. La Secretaria de Estado comparti\u00f3 su plan de puesta en marcha y desde <strong>UGT<\/strong> le hicimos llegar los mismos planteamientos que en dividendos digitales anteriores<a href=\"https:\/\/mail.google.com\/mail\/u\/0\/#m_-8408818862317992148__ftn5\">[5]<\/a>, como la necesidad de que el Gobierno asuma los gastos de reantenizaci\u00f3n en los hogares, para que los ciudadanos no tengan que volver a costear otra resintonizaci\u00f3n, y la oportunidad de efectuar una licitaci\u00f3n con compromisos de cobertura y de creaci\u00f3n de empleo, evitando una subasta recaudatoria. <strong>UGT<\/strong> defiende un segundo dividendo digital que sirva para acabar con la Brecha Digital geogr\u00e1fica y que acabe creando empleo de calidad, como ha pasado en el resto de pa\u00edses de nuestro entorno.<\/p>\n<p style=\"text-align: justify;\">Ambas partes se han emplazado a seguir en contacto para compartir la evoluci\u00f3n de los temas tratados. Desde <strong>UGT<\/strong> <strong>Comunicaciones<\/strong>, valoramos positivamente el encuentro, ya que, en primer lugar, hemos llevado la voz de los trabajadores y trabajadoras del Sector directamente al lugar en donde se toman las decisiones que determinar\u00e1n el futuro de nuestros puestos de trabajo en la pr\u00f3xima d\u00e9cada, y en segundo, porque hemos trasladado un Modelo de Sector y unos posicionamientos regulatorios sostenibles, realizables y completamente razonables, que conformar\u00edan una verdadera Econom\u00eda Digital y una Sociedad de la Informaci\u00f3n equitativa e inclusiva.<\/p>\n<div>\n<div id=\"m_-8408818862317992148ftn1\"><a href=\"http:\/\/ugtcomunicaciones.es\/wordpress\/paso-atras-europa-peligro-empleo-sector-2\/\" target=\"_blank\" rel=\"noopener\" data-saferedirecturl=\"https:\/\/www.google.com\/url?hl=es&amp;q=http:\/\/ugtcomunicaciones.es\/wordpress\/paso-atras-europa-peligro-empleo-sector-2\/&amp;source=gmail&amp;ust=1513771162622000&amp;usg=AFQjCNFf7nAfL8oIlcT4WYmmGL7XiLcbmw\">[1] http:\/\/www.ugtcomunicaciones.<wbr \/>es\/wordpress\/paso-atras-<wbr \/>europa-peligro-empleo-sector-<wbr \/>2\/<\/a><\/div>\n<div id=\"m_-8408818862317992148ftn2\">\n<p><a href=\"http:\/\/comunicaciones.smcugt.org\/noticia\/ugt-defiende-ante-el-ministro-de-agenda-digital-un-modelo-de-sector-basado-en-el-empleo-de-calidad-id-55663.htm\" target=\"_blank\" rel=\"noopener\" data-saferedirecturl=\"https:\/\/www.google.com\/url?hl=es&amp;q=http:\/\/comunicaciones.smcugt.org\/noticia\/ugt-defiende-ante-el-ministro-de-agenda-digital-un-modelo-de-sector-basado-en-el-empleo-de-calidad-id-55663.htm&amp;source=gmail&amp;ust=1513771162622000&amp;usg=AFQjCNGBz-ori1ChGEu_qAkk7NLmvX5VYg\">[2] http:\/\/comunicaciones.smcugt.<wbr \/>org\/noticia\/ugt-defiende-ante-<wbr \/>el-ministro-de-agenda-digital-<wbr \/>un-modelo-de-sector-basado-en-<wbr \/>el-empleo-de-calidad-id-55663.<wbr \/>htm<\/a><\/p>\n<\/div>\n<div id=\"m_-8408818862317992148ftn3\">\n<p><a href=\"http:\/\/ugtcomunicaciones.es\/wordpress\/gobierno-nos-da-la-razon-crea-plan-ayudas-publicas-individuales-la-banda-ancha\/\" target=\"_blank\" rel=\"noopener\" data-saferedirecturl=\"https:\/\/www.google.com\/url?hl=es&amp;q=http:\/\/ugtcomunicaciones.es\/wordpress\/gobierno-nos-da-la-razon-crea-plan-ayudas-publicas-individuales-la-banda-ancha\/&amp;source=gmail&amp;ust=1513771162623000&amp;usg=AFQjCNHuBxMzahApqPsngMyviN9HwxvDCQ\">[3] http:\/\/www.ugtcomunicaciones.<wbr \/>es\/wordpress\/gobierno-nos-da-<wbr \/>la-razon-crea-plan-ayudas-<wbr \/>publicas-individuales-la-<wbr \/>banda-ancha\/<\/a><\/p>\n<\/div>\n<div id=\"m_-8408818862317992148ftn4\">\n<p><a href=\"http:\/\/ugtcomunicaciones.es\/wordpress\/ugt-vuelve-unico-sindicato-defender-derechos-sociolaborales-ante-ministerio-agenda-digital\/\" target=\"_blank\" rel=\"noopener\" data-saferedirecturl=\"https:\/\/www.google.com\/url?hl=es&amp;q=http:\/\/ugtcomunicaciones.es\/wordpress\/ugt-vuelve-unico-sindicato-defender-derechos-sociolaborales-ante-ministerio-agenda-digital\/&amp;source=gmail&amp;ust=1513771162623000&amp;usg=AFQjCNEcjp03tRal9o-a3vMe4n_7RoCweQ\">[4] http:\/\/www.ugtcomunicaciones.<wbr \/>es\/wordpress\/ugt-vuelve-unico-<wbr \/>sindicato-defender-derechos-<wbr \/>sociolaborales-ante-<wbr \/>ministerio-agenda-digital\/<\/a><\/p>\n<\/div>\n<div id=\"m_-8408818862317992148ftn5\">\n<p><a href=\"http:\/\/www.ugt.es\/SitePages\/NoticiaDetalle.aspx?idElemento=593\" target=\"_blank\" rel=\"noopener\" data-saferedirecturl=\"https:\/\/www.google.com\/url?hl=es&amp;q=http:\/\/www.ugt.es\/SitePages\/NoticiaDetalle.aspx?idElemento%3D593&amp;source=gmail&amp;ust=1513771162623000&amp;usg=AFQjCNF7F_O8KCjSs9FA58UM-FvlkOrM_w\">[5] http:\/\/www.ugt.es\/SitePages\/<wbr \/>NoticiaDetalle.aspx?<wbr \/>idElemento=593<\/a><\/p>\n<\/div>\n<\/div>\n","protected":false},"excerpt":{"rendered":"<p>El pasado martes 28 de noviembre, una delegaci\u00f3n de UGT Comunicaciones, encabezada por nuestro Secretario General, se reuni\u00f3 con el Secretario de Estado de Agenda Digital, Jos\u00e9 Mar\u00eda Lassalle Ruiz y con el Director General de Telecomunicaciones y Tecnolog\u00edas de la Informaci\u00f3n, Alberto Rodr\u00edguez Raposo. El encuentro se produjo a petici\u00f3n de UGT, fundamentalmente ante [&hellip;]<\/p>\n","protected":false},"author":3,"featured_media":79123,"comment_status":"closed","ping_status":"closed","sticky":false,"template":"","format":"standard","meta":{"footnotes":""},"categories":[14,12],"tags":[],"class_list":["post-79122","post","type-post","status-publish","format-standard","has-post-thumbnail","hentry","category-opinion","category-regulacion"],"yoast_head":"<!-- This site is optimized with the Yoast SEO Premium plugin v27.3 (Yoast SEO v27.4) - https:\/\/yoast.com\/product\/yoast-seo-premium-wordpress\/ -->\n<title>UGT lleva al Secretario de Estado de Agenda Digital la voz de los trabajadores del Sector - UGT Comunicaciones<\/title>\n<meta name=\"robots\" content=\"index, follow, max-snippet:-1, max-image-preview:large, max-video-preview:-1\" \/>\n<link rel=\"canonical\" href=\"https:\/\/www.ugtcomunicaciones.es\/wordpress\/ugt-lleva-al-secretario-estado-agenda-digital-la-voz-los-trabajadores-del-sector\/\" \/>\n<meta property=\"og:locale\" content=\"es_ES\" \/>\n<meta property=\"og:type\" content=\"article\" \/>\n<meta property=\"og:title\" content=\"UGT lleva al Secretario de Estado de Agenda Digital la voz de los trabajadores del Sector\" \/>\n<meta property=\"og:description\" content=\"El pasado martes 28 de noviembre, una delegaci\u00f3n de UGT Comunicaciones, encabezada por nuestro Secretario General, se reuni\u00f3 con el Secretario de Estado de Agenda Digital, Jos\u00e9 Mar\u00eda Lassalle Ruiz y con el Director General de Telecomunicaciones y Tecnolog\u00edas de la Informaci\u00f3n, Alberto Rodr\u00edguez Raposo. El encuentro se produjo a petici\u00f3n de UGT, fundamentalmente ante [&hellip;]\" \/>\n<meta property=\"og:url\" content=\"https:\/\/www.ugtcomunicaciones.es\/wordpress\/ugt-lleva-al-secretario-estado-agenda-digital-la-voz-los-trabajadores-del-sector\/\" \/>\n<meta property=\"og:site_name\" content=\"UGT Comunicaciones\" \/>\n<meta property=\"article:publisher\" content=\"https:\/\/www.facebook.com\/ugt.comunicaciones\/\" \/>\n<meta property=\"article:published_time\" content=\"2017-12-19T13:05:20+00:00\" \/>\n<meta property=\"og:image\" content=\"https:\/\/www.ugtcomunicaciones.es\/wordpress\/wp-content\/uploads\/2017\/12\/ugt-secretario-estado.jpg\" \/>\n\t<meta property=\"og:image:width\" content=\"600\" \/>\n\t<meta property=\"og:image:height\" content=\"343\" \/>\n\t<meta property=\"og:image:type\" content=\"image\/jpeg\" \/>\n<meta name=\"author\" content=\"UGT\" \/>\n<meta name=\"twitter:card\" content=\"summary_large_image\" \/>\n<meta name=\"twitter:creator\" content=\"@ugtcom\" \/>\n<meta name=\"twitter:site\" content=\"@ugtcom\" \/>\n<meta name=\"twitter:label1\" content=\"Escrito por\" \/>\n\t<meta name=\"twitter:data1\" content=\"UGT\" \/>\n\t<meta name=\"twitter:label2\" content=\"Tiempo de lectura\" \/>\n\t<meta name=\"twitter:data2\" content=\"4 minutos\" \/>\n<script type=\"application\/ld+json\" class=\"yoast-schema-graph\">{\"@context\":\"https:\\\/\\\/schema.org\",\"@graph\":[{\"@type\":\"Article\",\"@id\":\"https:\\\/\\\/www.ugtcomunicaciones.es\\\/wordpress\\\/ugt-lleva-al-secretario-estado-agenda-digital-la-voz-los-trabajadores-del-sector\\\/#article\",\"isPartOf\":{\"@id\":\"https:\\\/\\\/www.ugtcomunicaciones.es\\\/wordpress\\\/ugt-lleva-al-secretario-estado-agenda-digital-la-voz-los-trabajadores-del-sector\\\/\"},\"author\":{\"name\":\"UGT\",\"@id\":\"https:\\\/\\\/www.ugtcomunicaciones.es\\\/wordpress\\\/#\\\/schema\\\/person\\\/eba0fc3fe5b444531d94d4368cba89ed\"},\"headline\":\"UGT lleva al Secretario de Estado de Agenda Digital la voz de los trabajadores del Sector\",\"datePublished\":\"2017-12-19T13:05:20+00:00\",\"mainEntityOfPage\":{\"@id\":\"https:\\\/\\\/www.ugtcomunicaciones.es\\\/wordpress\\\/ugt-lleva-al-secretario-estado-agenda-digital-la-voz-los-trabajadores-del-sector\\\/\"},\"wordCount\":816,\"publisher\":{\"@id\":\"https:\\\/\\\/www.ugtcomunicaciones.es\\\/wordpress\\\/#organization\"},\"image\":{\"@id\":\"https:\\\/\\\/www.ugtcomunicaciones.es\\\/wordpress\\\/ugt-lleva-al-secretario-estado-agenda-digital-la-voz-los-trabajadores-del-sector\\\/#primaryimage\"},\"thumbnailUrl\":\"https:\\\/\\\/www.ugtcomunicaciones.es\\\/wordpress\\\/wp-content\\\/uploads\\\/2017\\\/12\\\/ugt-secretario-estado.jpg\",\"articleSection\":[\"Opini\u00f3n\",\"Regulaci\u00f3n\"],\"inLanguage\":\"es\"},{\"@type\":\"WebPage\",\"@id\":\"https:\\\/\\\/www.ugtcomunicaciones.es\\\/wordpress\\\/ugt-lleva-al-secretario-estado-agenda-digital-la-voz-los-trabajadores-del-sector\\\/\",\"url\":\"https:\\\/\\\/www.ugtcomunicaciones.es\\\/wordpress\\\/ugt-lleva-al-secretario-estado-agenda-digital-la-voz-los-trabajadores-del-sector\\\/\",\"name\":\"UGT lleva al Secretario de Estado de Agenda Digital la voz de los trabajadores del Sector - UGT Comunicaciones\",\"isPartOf\":{\"@id\":\"https:\\\/\\\/www.ugtcomunicaciones.es\\\/wordpress\\\/#website\"},\"primaryImageOfPage\":{\"@id\":\"https:\\\/\\\/www.ugtcomunicaciones.es\\\/wordpress\\\/ugt-lleva-al-secretario-estado-agenda-digital-la-voz-los-trabajadores-del-sector\\\/#primaryimage\"},\"image\":{\"@id\":\"https:\\\/\\\/www.ugtcomunicaciones.es\\\/wordpress\\\/ugt-lleva-al-secretario-estado-agenda-digital-la-voz-los-trabajadores-del-sector\\\/#primaryimage\"},\"thumbnailUrl\":\"https:\\\/\\\/www.ugtcomunicaciones.es\\\/wordpress\\\/wp-content\\\/uploads\\\/2017\\\/12\\\/ugt-secretario-estado.jpg\",\"datePublished\":\"2017-12-19T13:05:20+00:00\",\"breadcrumb\":{\"@id\":\"https:\\\/\\\/www.ugtcomunicaciones.es\\\/wordpress\\\/ugt-lleva-al-secretario-estado-agenda-digital-la-voz-los-trabajadores-del-sector\\\/#breadcrumb\"},\"inLanguage\":\"es\",\"potentialAction\":[{\"@type\":\"ReadAction\",\"target\":[\"https:\\\/\\\/www.ugtcomunicaciones.es\\\/wordpress\\\/ugt-lleva-al-secretario-estado-agenda-digital-la-voz-los-trabajadores-del-sector\\\/\"]}]},{\"@type\":\"ImageObject\",\"inLanguage\":\"es\",\"@id\":\"https:\\\/\\\/www.ugtcomunicaciones.es\\\/wordpress\\\/ugt-lleva-al-secretario-estado-agenda-digital-la-voz-los-trabajadores-del-sector\\\/#primaryimage\",\"url\":\"https:\\\/\\\/www.ugtcomunicaciones.es\\\/wordpress\\\/wp-content\\\/uploads\\\/2017\\\/12\\\/ugt-secretario-estado.jpg\",\"contentUrl\":\"https:\\\/\\\/www.ugtcomunicaciones.es\\\/wordpress\\\/wp-content\\\/uploads\\\/2017\\\/12\\\/ugt-secretario-estado.jpg\",\"width\":600,\"height\":343},{\"@type\":\"BreadcrumbList\",\"@id\":\"https:\\\/\\\/www.ugtcomunicaciones.es\\\/wordpress\\\/ugt-lleva-al-secretario-estado-agenda-digital-la-voz-los-trabajadores-del-sector\\\/#breadcrumb\",\"itemListElement\":[{\"@type\":\"ListItem\",\"position\":1,\"name\":\"Portada\",\"item\":\"https:\\\/\\\/www.ugtcomunicaciones.es\\\/wordpress\\\/\"},{\"@type\":\"ListItem\",\"position\":2,\"name\":\"UGT lleva al Secretario de Estado de Agenda Digital la voz de los trabajadores del Sector\"}]},{\"@type\":\"WebSite\",\"@id\":\"https:\\\/\\\/www.ugtcomunicaciones.es\\\/wordpress\\\/#website\",\"url\":\"https:\\\/\\\/www.ugtcomunicaciones.es\\\/wordpress\\\/\",\"name\":\"UGT Comunicaciones\",\"description\":\"Sindicato de Telecomunicaciones\",\"publisher\":{\"@id\":\"https:\\\/\\\/www.ugtcomunicaciones.es\\\/wordpress\\\/#organization\"},\"potentialAction\":[{\"@type\":\"SearchAction\",\"target\":{\"@type\":\"EntryPoint\",\"urlTemplate\":\"https:\\\/\\\/www.ugtcomunicaciones.es\\\/wordpress\\\/?s={search_term_string}\"},\"query-input\":{\"@type\":\"PropertyValueSpecification\",\"valueRequired\":true,\"valueName\":\"search_term_string\"}}],\"inLanguage\":\"es\"},{\"@type\":\"Organization\",\"@id\":\"https:\\\/\\\/www.ugtcomunicaciones.es\\\/wordpress\\\/#organization\",\"name\":\"UGT Comunicaciones\",\"url\":\"https:\\\/\\\/www.ugtcomunicaciones.es\\\/wordpress\\\/\",\"logo\":{\"@type\":\"ImageObject\",\"inLanguage\":\"es\",\"@id\":\"https:\\\/\\\/www.ugtcomunicaciones.es\\\/wordpress\\\/#\\\/schema\\\/logo\\\/image\\\/\",\"url\":\"https:\\\/\\\/www.ugtcomunicaciones.es\\\/wordpress\\\/wp-content\\\/uploads\\\/2024\\\/04\\\/comunicaciones_logo.png\",\"contentUrl\":\"https:\\\/\\\/www.ugtcomunicaciones.es\\\/wordpress\\\/wp-content\\\/uploads\\\/2024\\\/04\\\/comunicaciones_logo.png\",\"width\":298,\"height\":81,\"caption\":\"UGT Comunicaciones\"},\"image\":{\"@id\":\"https:\\\/\\\/www.ugtcomunicaciones.es\\\/wordpress\\\/#\\\/schema\\\/logo\\\/image\\\/\"},\"sameAs\":[\"https:\\\/\\\/www.facebook.com\\\/ugt.comunicaciones\\\/\",\"https:\\\/\\\/x.com\\\/ugtcom\"]},{\"@type\":\"Person\",\"@id\":\"https:\\\/\\\/www.ugtcomunicaciones.es\\\/wordpress\\\/#\\\/schema\\\/person\\\/eba0fc3fe5b444531d94d4368cba89ed\",\"name\":\"UGT\",\"image\":{\"@type\":\"ImageObject\",\"inLanguage\":\"es\",\"@id\":\"https:\\\/\\\/secure.gravatar.com\\\/avatar\\\/2a16057d620a4c646bcfc171c4f23030879ebbdd346f0525bd5d4a564e57e13d?s=96&d=mm&r=g\",\"url\":\"https:\\\/\\\/secure.gravatar.com\\\/avatar\\\/2a16057d620a4c646bcfc171c4f23030879ebbdd346f0525bd5d4a564e57e13d?s=96&d=mm&r=g\",\"contentUrl\":\"https:\\\/\\\/secure.gravatar.com\\\/avatar\\\/2a16057d620a4c646bcfc171c4f23030879ebbdd346f0525bd5d4a564e57e13d?s=96&d=mm&r=g\",\"caption\":\"UGT\"}}]}<\/script>\n<!-- \/ Yoast SEO Premium plugin. -->","yoast_head_json":{"title":"UGT lleva al Secretario de Estado de Agenda Digital la voz de los trabajadores del Sector - UGT Comunicaciones","robots":{"index":"index","follow":"follow","max-snippet":"max-snippet:-1","max-image-preview":"max-image-preview:large","max-video-preview":"max-video-preview:-1"},"canonical":"https:\/\/www.ugtcomunicaciones.es\/wordpress\/ugt-lleva-al-secretario-estado-agenda-digital-la-voz-los-trabajadores-del-sector\/","og_locale":"es_ES","og_type":"article","og_title":"UGT lleva al Secretario de Estado de Agenda Digital la voz de los trabajadores del Sector","og_description":"El pasado martes 28 de noviembre, una delegaci\u00f3n de UGT Comunicaciones, encabezada por nuestro Secretario General, se reuni\u00f3 con el Secretario de Estado de Agenda Digital, Jos\u00e9 Mar\u00eda Lassalle Ruiz y con el Director General de Telecomunicaciones y Tecnolog\u00edas de la Informaci\u00f3n, Alberto Rodr\u00edguez Raposo. El encuentro se produjo a petici\u00f3n de UGT, fundamentalmente ante [&hellip;]","og_url":"https:\/\/www.ugtcomunicaciones.es\/wordpress\/ugt-lleva-al-secretario-estado-agenda-digital-la-voz-los-trabajadores-del-sector\/","og_site_name":"UGT Comunicaciones","article_publisher":"https:\/\/www.facebook.com\/ugt.comunicaciones\/","article_published_time":"2017-12-19T13:05:20+00:00","og_image":[{"width":600,"height":343,"url":"https:\/\/www.ugtcomunicaciones.es\/wordpress\/wp-content\/uploads\/2017\/12\/ugt-secretario-estado.jpg","type":"image\/jpeg"}],"author":"UGT","twitter_card":"summary_large_image","twitter_creator":"@ugtcom","twitter_site":"@ugtcom","twitter_misc":{"Escrito por":"UGT","Tiempo de lectura":"4 minutos"},"schema":{"@context":"https:\/\/schema.org","@graph":[{"@type":"Article","@id":"https:\/\/www.ugtcomunicaciones.es\/wordpress\/ugt-lleva-al-secretario-estado-agenda-digital-la-voz-los-trabajadores-del-sector\/#article","isPartOf":{"@id":"https:\/\/www.ugtcomunicaciones.es\/wordpress\/ugt-lleva-al-secretario-estado-agenda-digital-la-voz-los-trabajadores-del-sector\/"},"author":{"name":"UGT","@id":"https:\/\/www.ugtcomunicaciones.es\/wordpress\/#\/schema\/person\/eba0fc3fe5b444531d94d4368cba89ed"},"headline":"UGT lleva al Secretario de Estado de Agenda Digital la voz de los trabajadores del Sector","datePublished":"2017-12-19T13:05:20+00:00","mainEntityOfPage":{"@id":"https:\/\/www.ugtcomunicaciones.es\/wordpress\/ugt-lleva-al-secretario-estado-agenda-digital-la-voz-los-trabajadores-del-sector\/"},"wordCount":816,"publisher":{"@id":"https:\/\/www.ugtcomunicaciones.es\/wordpress\/#organization"},"image":{"@id":"https:\/\/www.ugtcomunicaciones.es\/wordpress\/ugt-lleva-al-secretario-estado-agenda-digital-la-voz-los-trabajadores-del-sector\/#primaryimage"},"thumbnailUrl":"https:\/\/www.ugtcomunicaciones.es\/wordpress\/wp-content\/uploads\/2017\/12\/ugt-secretario-estado.jpg","articleSection":["Opini\u00f3n","Regulaci\u00f3n"],"inLanguage":"es"},{"@type":"WebPage","@id":"https:\/\/www.ugtcomunicaciones.es\/wordpress\/ugt-lleva-al-secretario-estado-agenda-digital-la-voz-los-trabajadores-del-sector\/","url":"https:\/\/www.ugtcomunicaciones.es\/wordpress\/ugt-lleva-al-secretario-estado-agenda-digital-la-voz-los-trabajadores-del-sector\/","name":"UGT lleva al Secretario de Estado de Agenda Digital la voz de los trabajadores del Sector - UGT Comunicaciones","isPartOf":{"@id":"https:\/\/www.ugtcomunicaciones.es\/wordpress\/#website"},"primaryImageOfPage":{"@id":"https:\/\/www.ugtcomunicaciones.es\/wordpress\/ugt-lleva-al-secretario-estado-agenda-digital-la-voz-los-trabajadores-del-sector\/#primaryimage"},"image":{"@id":"https:\/\/www.ugtcomunicaciones.es\/wordpress\/ugt-lleva-al-secretario-estado-agenda-digital-la-voz-los-trabajadores-del-sector\/#primaryimage"},"thumbnailUrl":"https:\/\/www.ugtcomunicaciones.es\/wordpress\/wp-content\/uploads\/2017\/12\/ugt-secretario-estado.jpg","datePublished":"2017-12-19T13:05:20+00:00","breadcrumb":{"@id":"https:\/\/www.ugtcomunicaciones.es\/wordpress\/ugt-lleva-al-secretario-estado-agenda-digital-la-voz-los-trabajadores-del-sector\/#breadcrumb"},"inLanguage":"es","potentialAction":[{"@type":"ReadAction","target":["https:\/\/www.ugtcomunicaciones.es\/wordpress\/ugt-lleva-al-secretario-estado-agenda-digital-la-voz-los-trabajadores-del-sector\/"]}]},{"@type":"ImageObject","inLanguage":"es","@id":"https:\/\/www.ugtcomunicaciones.es\/wordpress\/ugt-lleva-al-secretario-estado-agenda-digital-la-voz-los-trabajadores-del-sector\/#primaryimage","url":"https:\/\/www.ugtcomunicaciones.es\/wordpress\/wp-content\/uploads\/2017\/12\/ugt-secretario-estado.jpg","contentUrl":"https:\/\/www.ugtcomunicaciones.es\/wordpress\/wp-content\/uploads\/2017\/12\/ugt-secretario-estado.jpg","width":600,"height":343},{"@type":"BreadcrumbList","@id":"https:\/\/www.ugtcomunicaciones.es\/wordpress\/ugt-lleva-al-secretario-estado-agenda-digital-la-voz-los-trabajadores-del-sector\/#breadcrumb","itemListElement":[{"@type":"ListItem","position":1,"name":"Portada","item":"https:\/\/www.ugtcomunicaciones.es\/wordpress\/"},{"@type":"ListItem","position":2,"name":"UGT lleva al Secretario de Estado de Agenda Digital la voz de los trabajadores del Sector"}]},{"@type":"WebSite","@id":"https:\/\/www.ugtcomunicaciones.es\/wordpress\/#website","url":"https:\/\/www.ugtcomunicaciones.es\/wordpress\/","name":"UGT Comunicaciones","description":"Sindicato de Telecomunicaciones","publisher":{"@id":"https:\/\/www.ugtcomunicaciones.es\/wordpress\/#organization"},"potentialAction":[{"@type":"SearchAction","target":{"@type":"EntryPoint","urlTemplate":"https:\/\/www.ugtcomunicaciones.es\/wordpress\/?s={search_term_string}"},"query-input":{"@type":"PropertyValueSpecification","valueRequired":true,"valueName":"search_term_string"}}],"inLanguage":"es"},{"@type":"Organization","@id":"https:\/\/www.ugtcomunicaciones.es\/wordpress\/#organization","name":"UGT Comunicaciones","url":"https:\/\/www.ugtcomunicaciones.es\/wordpress\/","logo":{"@type":"ImageObject","inLanguage":"es","@id":"https:\/\/www.ugtcomunicaciones.es\/wordpress\/#\/schema\/logo\/image\/","url":"https:\/\/www.ugtcomunicaciones.es\/wordpress\/wp-content\/uploads\/2024\/04\/comunicaciones_logo.png","contentUrl":"https:\/\/www.ugtcomunicaciones.es\/wordpress\/wp-content\/uploads\/2024\/04\/comunicaciones_logo.png","width":298,"height":81,"caption":"UGT Comunicaciones"},"image":{"@id":"https:\/\/www.ugtcomunicaciones.es\/wordpress\/#\/schema\/logo\/image\/"},"sameAs":["https:\/\/www.facebook.com\/ugt.comunicaciones\/","https:\/\/x.com\/ugtcom"]},{"@type":"Person","@id":"https:\/\/www.ugtcomunicaciones.es\/wordpress\/#\/schema\/person\/eba0fc3fe5b444531d94d4368cba89ed","name":"UGT","image":{"@type":"ImageObject","inLanguage":"es","@id":"https:\/\/secure.gravatar.com\/avatar\/2a16057d620a4c646bcfc171c4f23030879ebbdd346f0525bd5d4a564e57e13d?s=96&d=mm&r=g","url":"https:\/\/secure.gravatar.com\/avatar\/2a16057d620a4c646bcfc171c4f23030879ebbdd346f0525bd5d4a564e57e13d?s=96&d=mm&r=g","contentUrl":"https:\/\/secure.gravatar.com\/avatar\/2a16057d620a4c646bcfc171c4f23030879ebbdd346f0525bd5d4a564e57e13d?s=96&d=mm&r=g","caption":"UGT"}}]}},"_links":{"self":[{"href":"https:\/\/www.ugtcomunicaciones.es\/wordpress\/wp-json\/wp\/v2\/posts\/79122","targetHints":{"allow":["GET"]}}],"collection":[{"href":"https:\/\/www.ugtcomunicaciones.es\/wordpress\/wp-json\/wp\/v2\/posts"}],"about":[{"href":"https:\/\/www.ugtcomunicaciones.es\/wordpress\/wp-json\/wp\/v2\/types\/post"}],"author":[{"embeddable":true,"href":"https:\/\/www.ugtcomunicaciones.es\/wordpress\/wp-json\/wp\/v2\/users\/3"}],"replies":[{"embeddable":true,"href":"https:\/\/www.ugtcomunicaciones.es\/wordpress\/wp-json\/wp\/v2\/comments?post=79122"}],"version-history":[{"count":0,"href":"https:\/\/www.ugtcomunicaciones.es\/wordpress\/wp-json\/wp\/v2\/posts\/79122\/revisions"}],"wp:featuredmedia":[{"embeddable":true,"href":"https:\/\/www.ugtcomunicaciones.es\/wordpress\/wp-json\/wp\/v2\/media\/79123"}],"wp:attachment":[{"href":"https:\/\/www.ugtcomunicaciones.es\/wordpress\/wp-json\/wp\/v2\/media?parent=79122"}],"wp:term":[{"taxonomy":"category","embeddable":true,"href":"https:\/\/www.ugtcomunicaciones.es\/wordpress\/wp-json\/wp\/v2\/categories?post=79122"},{"taxonomy":"post_tag","embeddable":true,"href":"https:\/\/www.ugtcomunicaciones.es\/wordpress\/wp-json\/wp\/v2\/tags?post=79122"}],"curies":[{"name":"wp","href":"https:\/\/api.w.org\/{rel}","templated":true}]}}