{"id":795587,"date":"2021-04-19T07:00:16","date_gmt":"2021-04-19T06:00:16","guid":{"rendered":"https:\/\/www.ugtcomunicaciones.es\/wordpress\/?p=795587"},"modified":"2021-04-06T13:11:28","modified_gmt":"2021-04-06T12:11:28","slug":"fusion-masmovileuskaltel-las-cifras","status":"publish","type":"post","link":"https:\/\/www.ugtcomunicaciones.es\/wordpress\/fusion-masmovileuskaltel-las-cifras\/","title":{"rendered":"Fusi\u00f3n M\u00e1sm\u00f3vil&#038;Euskaltel: las cifras"},"content":{"rendered":"<p style=\"text-align: justify;\">Como en toda operaci\u00f3n mercantil que se precie, y m\u00e1s en una de estas caracter\u00edsticas, la adquisici\u00f3n por parte de M\u00e1sM\u00f3vil del conglomerado Euskaltel-R-Telecable ha conllevado r\u00edos de tinta. Los medios de comunicaci\u00f3n<sup class=\"modern-footnotes-footnote \" data-mfn=\"1\" data-mfn-post-scope=\"000000000000413d0000000000000000_795587\"><a href=\"javascript:void(0)\"  role=\"button\" aria-pressed=\"false\" aria-describedby=\"mfn-content-000000000000413d0000000000000000_795587-1\">1<\/a><\/sup><span id=\"mfn-content-000000000000413d0000000000000000_795587-1\" role=\"tooltip\" class=\"modern-footnotes-footnote__note\" tabindex=\"0\" data-mfn=\"1\"><a href=\"https:\/\/elpais.com\/economia\/2021-03-28\/masmovil-lanza-una-opa-amistosa-sobre-euskaltel-y-ofrece-2000-millones-por-la-teleco-vasca.html\" target=\"_blank\" rel=\"noopener\">El Pa\u00eds<\/a>, <a href=\"https:\/\/www.elmundo.es\/economia\/empresas\/2021\/03\/28\/6060db8bfc6c832f2b8b4635.html\" target=\"_blank\" rel=\"noopener\">El Mundo<\/a>, <a href=\"https:\/\/www.lavanguardia.com\/economia\/20210328\/6613768\/mas-movil-lanza-opa-2-000-millones-euskaltel.html\" target=\"_blank\" rel=\"noopener\">La Vanguardia<\/a>\u00a0<\/span>, y en especial la prensa econ\u00f3mica<sup class=\"modern-footnotes-footnote \" data-mfn=\"2\" data-mfn-post-scope=\"000000000000413d0000000000000000_795587\"><a href=\"javascript:void(0)\"  role=\"button\" aria-pressed=\"false\" aria-describedby=\"mfn-content-000000000000413d0000000000000000_795587-2\">2<\/a><\/sup><span id=\"mfn-content-000000000000413d0000000000000000_795587-2\" role=\"tooltip\" class=\"modern-footnotes-footnote__note\" tabindex=\"0\" data-mfn=\"2\"><a href=\"https:\/\/www.expansion.com\/empresas\/2021\/03\/28\/6060cc1d468aeb19168b465e.html\" target=\"_blank\" rel=\"noopener\">Expansi\u00f3n<\/a>, <a href=\"https:\/\/cincodias.elpais.com\/cincodias\/2021\/03\/28\/companias\/1616955924_321734.html\" target=\"_blank\" rel=\"noopener\">Cinco D\u00edas<\/a>, <a href=\"https:\/\/www.eleconomista.es\/empresas-finanzas\/noticias\/11130178\/03\/21\/empresas\/Grupo-MasMovil-lanza-una-OPA-por-el-100-de-Euskaltel.html\" target=\"_blank\" rel=\"noopener\">El Economista<\/a><\/span>, ha dado buena cuenta de ello; pero nosotros queremos ir un poco m\u00e1s all\u00e1, y de una forma un tanto diferente. Presentamos un resumen gr\u00e1fico de las cifras de la fusi\u00f3n, con datos de fuentes oficiales<sup class=\"modern-footnotes-footnote \" data-mfn=\"3\" data-mfn-post-scope=\"000000000000413d0000000000000000_795587\"><a href=\"javascript:void(0)\"  role=\"button\" aria-pressed=\"false\" aria-describedby=\"mfn-content-000000000000413d0000000000000000_795587-3\">3<\/a><\/sup><span id=\"mfn-content-000000000000413d0000000000000000_795587-3\" role=\"tooltip\" class=\"modern-footnotes-footnote__note\" tabindex=\"0\" data-mfn=\"3\">CNMC (<a href=\"http:\/\/data.cnmc.es\/datagraph\/jsp\/inf_trim.jsp\" target=\"_blank\" rel=\"noopener\">cnmc.es<\/a>) y los resultados financieros de las propias compa\u00f1\u00edas (<a href=\"https:\/\/www.grupomasmovil.com\/hechos-relevantes\/\" target=\"_blank\" rel=\"noopener\">Masmovil<\/a> y\u00a0<a href=\"https:\/\/www.euskaltel.com\/CanalOnline\/inversores\/informacion-financiera\" target=\"_blank\" rel=\"noopener\">Euskaltel<\/a>)<\/span>. Esperamos que sea de vuestro agrado:<\/p>\n<p style=\"text-align: center;\"><strong>EMPLEO<\/strong><\/p>\n<table style=\"height: 13px;\" width=\"639\" cellspacing=\"0\" cellpadding=\"0\">\n<tbody>\n<tr>\n<td style=\"border: 1px solid #000000;\"><strong>Grupo M\u00e1sM\u00f3vil<\/strong><\/td>\n<td style=\"border: 1px solid #000000;\">864 (2019<sup class=\"modern-footnotes-footnote \" data-mfn=\"4\" data-mfn-post-scope=\"000000000000413d0000000000000000_795587\"><a href=\"javascript:void(0)\"  role=\"button\" aria-pressed=\"false\" aria-describedby=\"mfn-content-000000000000413d0000000000000000_795587-4\">4<\/a><\/sup><span id=\"mfn-content-000000000000413d0000000000000000_795587-4\" role=\"tooltip\" class=\"modern-footnotes-footnote__note\" tabindex=\"0\" data-mfn=\"4\"><a href=\"https:\/\/www.grupomasmovil.com\/wp-content\/uploads\/2016\/06\/CCAACC-2019-ESP-CNMV.pdf\" target=\"_blank\" rel=\"noopener\">Grupo Masmovil<\/a><\/span>)<\/td>\n<\/tr>\n<tr>\n<td style=\"border: 1px solid #000000;\"><strong>Euskaltel<\/strong><\/td>\n<td style=\"border: 1px solid #000000;\">581<sup class=\"modern-footnotes-footnote \" data-mfn=\"5\" data-mfn-post-scope=\"000000000000413d0000000000000000_795587\"><a href=\"javascript:void(0)\"  role=\"button\" aria-pressed=\"false\" aria-describedby=\"mfn-content-000000000000413d0000000000000000_795587-5\">5<\/a><\/sup><span id=\"mfn-content-000000000000413d0000000000000000_795587-5\" role=\"tooltip\" class=\"modern-footnotes-footnote__note\" tabindex=\"0\" data-mfn=\"5\"><a href=\"https:\/\/telecable.es\/bundles\/app\/docs\/MSEINF_Euskaltel_2020.pdf\" target=\"_blank\" rel=\"noopener\">Telecable<\/a><\/span> (Euskaltel 310<sup class=\"modern-footnotes-footnote \" data-mfn=\"6\" data-mfn-post-scope=\"000000000000413d0000000000000000_795587\"><a href=\"javascript:void(0)\"  role=\"button\" aria-pressed=\"false\" aria-describedby=\"mfn-content-000000000000413d0000000000000000_795587-6\">6<\/a><\/sup><span id=\"mfn-content-000000000000413d0000000000000000_795587-6\" role=\"tooltip\" class=\"modern-footnotes-footnote__note\" tabindex=\"0\" data-mfn=\"6\"><a href=\"https:\/\/www.euskaltel.com\/webektest\/GaleriaCorporativo\/Documentos\/informacion_financiera\/2021\/euskaltel-cuentas-anuales-2020-en.pdf\" target=\"_blank\" rel=\"noopener\">Euskaltel<\/a><\/span>; R sobre 155 y Telecable sobre 115)<\/td>\n<\/tr>\n<\/tbody>\n<\/table>\n<p style=\"text-align: center;\"><strong><br \/>\nINGRESOS POR SERVICIO (M\u20ac), A\u00d1O 2020 (CNMC)<\/strong><\/p>\n<p style=\"text-align: center;\"><img decoding=\"async\" class=\"alignnone size-full wp-image-795630 lazyload\" data-src=\"https:\/\/www.ugtcomunicaciones.es\/wordpress\/wp-content\/uploads\/2021\/04\/fusion01-19-2021.png\" alt=\"fusion01-19-2021\" width=\"600\" height=\"98\" data-srcset=\"https:\/\/www.ugtcomunicaciones.es\/wordpress\/wp-content\/uploads\/2021\/04\/fusion01-19-2021.png 600w, https:\/\/www.ugtcomunicaciones.es\/wordpress\/wp-content\/uploads\/2021\/04\/fusion01-19-2021-300x49.png 300w\" data-sizes=\"(max-width: 600px) 100vw, 600px\" src=\"data:image\/svg+xml;base64,PHN2ZyB3aWR0aD0iMSIgaGVpZ2h0PSIxIiB4bWxucz0iaHR0cDovL3d3dy53My5vcmcvMjAwMC9zdmciPjwvc3ZnPg==\" style=\"--smush-placeholder-width: 600px; --smush-placeholder-aspect-ratio: 600\/98;\" \/><strong style=\"text-align: justify;\">CUOTAS DE MERCADO POR INGRESOS TOTALES, A\u00d1O 2020 (CNMC)<br \/>\n<img decoding=\"async\" class=\"size-full wp-image-795631 aligncenter lazyload\" data-src=\"https:\/\/www.ugtcomunicaciones.es\/wordpress\/wp-content\/uploads\/2021\/04\/fusion02-19-04-2021.jpg\" alt=\"fusion02-19-04-2021\" width=\"600\" height=\"358\" data-srcset=\"https:\/\/www.ugtcomunicaciones.es\/wordpress\/wp-content\/uploads\/2021\/04\/fusion02-19-04-2021.jpg 600w, https:\/\/www.ugtcomunicaciones.es\/wordpress\/wp-content\/uploads\/2021\/04\/fusion02-19-04-2021-300x179.jpg 300w\" data-sizes=\"(max-width: 600px) 100vw, 600px\" src=\"data:image\/svg+xml;base64,PHN2ZyB3aWR0aD0iMSIgaGVpZ2h0PSIxIiB4bWxucz0iaHR0cDovL3d3dy53My5vcmcvMjAwMC9zdmciPjwvc3ZnPg==\" style=\"--smush-placeholder-width: 600px; --smush-placeholder-aspect-ratio: 600\/358;\" \/><\/strong><strong>INFRAESTRUCTURAS, 4T2020 (CNMC)<\/strong><\/p>\n<p><img decoding=\"async\" class=\"size-full wp-image-795646 aligncenter lazyload\" data-src=\"https:\/\/www.ugtcomunicaciones.es\/wordpress\/wp-content\/uploads\/2021\/04\/fusion03-19-04-2021.png\" alt=\"fusion03-19-04-2021\" width=\"600\" height=\"135\" data-srcset=\"https:\/\/www.ugtcomunicaciones.es\/wordpress\/wp-content\/uploads\/2021\/04\/fusion03-19-04-2021.png 600w, https:\/\/www.ugtcomunicaciones.es\/wordpress\/wp-content\/uploads\/2021\/04\/fusion03-19-04-2021-300x68.png 300w\" data-sizes=\"(max-width: 600px) 100vw, 600px\" src=\"data:image\/svg+xml;base64,PHN2ZyB3aWR0aD0iMSIgaGVpZ2h0PSIxIiB4bWxucz0iaHR0cDovL3d3dy53My5vcmcvMjAwMC9zdmciPjwvc3ZnPg==\" style=\"--smush-placeholder-width: 600px; --smush-placeholder-aspect-ratio: 600\/135;\" \/><\/p>\n<p style=\"text-align: center;\"><strong>\u00a0<\/strong><strong>CUOTA DE MERCADO BAF, Enero 2020 (CNMC)<\/strong><\/p>\n<p style=\"text-align: justify;\"><strong> <img decoding=\"async\" class=\"size-full wp-image-795648 aligncenter lazyload\" data-src=\"https:\/\/www.ugtcomunicaciones.es\/wordpress\/wp-content\/uploads\/2021\/04\/fusion04-19-04-2021.jpg\" alt=\"fusion04-19-04-2021\" width=\"600\" height=\"307\" data-srcset=\"https:\/\/www.ugtcomunicaciones.es\/wordpress\/wp-content\/uploads\/2021\/04\/fusion04-19-04-2021.jpg 600w, https:\/\/www.ugtcomunicaciones.es\/wordpress\/wp-content\/uploads\/2021\/04\/fusion04-19-04-2021-300x154.jpg 300w\" data-sizes=\"(max-width: 600px) 100vw, 600px\" src=\"data:image\/svg+xml;base64,PHN2ZyB3aWR0aD0iMSIgaGVpZ2h0PSIxIiB4bWxucz0iaHR0cDovL3d3dy53My5vcmcvMjAwMC9zdmciPjwvc3ZnPg==\" style=\"--smush-placeholder-width: 600px; --smush-placeholder-aspect-ratio: 600\/307;\" \/><\/strong><\/p>\n<p style=\"text-align: center;\"><strong>\u00a0<\/strong><strong>MARCAS COMERCIALES M\u00c1SM\u00d3VIL &amp; GRUPO EUSKALTEL<\/strong><\/p>\n<p style=\"text-align: justify;\"><strong> <img decoding=\"async\" class=\"size-full wp-image-795649 aligncenter lazyload\" data-src=\"https:\/\/www.ugtcomunicaciones.es\/wordpress\/wp-content\/uploads\/2021\/04\/fusion05-19-04-2021.jpg\" alt=\"fusion05-19-04-2021\" width=\"600\" height=\"293\" data-srcset=\"https:\/\/www.ugtcomunicaciones.es\/wordpress\/wp-content\/uploads\/2021\/04\/fusion05-19-04-2021.jpg 600w, https:\/\/www.ugtcomunicaciones.es\/wordpress\/wp-content\/uploads\/2021\/04\/fusion05-19-04-2021-300x147.jpg 300w\" data-sizes=\"(max-width: 600px) 100vw, 600px\" src=\"data:image\/svg+xml;base64,PHN2ZyB3aWR0aD0iMSIgaGVpZ2h0PSIxIiB4bWxucz0iaHR0cDovL3d3dy53My5vcmcvMjAwMC9zdmciPjwvc3ZnPg==\" style=\"--smush-placeholder-width: 600px; --smush-placeholder-aspect-ratio: 600\/293;\" \/><\/strong><\/p>\n<p style=\"text-align: center;\"><strong><br \/>\n<\/strong><strong>VISI\u00d3N GENERAL, V\u00cdA EXPANSI\u00d3N<sup class=\"modern-footnotes-footnote \" data-mfn=\"7\" data-mfn-post-scope=\"000000000000413d0000000000000000_795587\"><a href=\"javascript:void(0)\"  role=\"button\" aria-pressed=\"false\" aria-describedby=\"mfn-content-000000000000413d0000000000000000_795587-7\">7<\/a><\/sup><span id=\"mfn-content-000000000000413d0000000000000000_795587-7\" role=\"tooltip\" class=\"modern-footnotes-footnote__note\" tabindex=\"0\" data-mfn=\"7\"><a href=\"https:\/\/www.expansion.com\/empresas\/2021\/03\/30\/60622f56468aebf43c8b464b.html\" target=\"_blank\" rel=\"noopener\">expansion.com<\/a><\/span><\/strong><\/p>\n<p><img decoding=\"async\" class=\"size-full wp-image-795650 aligncenter lazyload\" data-src=\"https:\/\/www.ugtcomunicaciones.es\/wordpress\/wp-content\/uploads\/2021\/04\/fusion06-19-04-2021.jpg\" alt=\"fusion06-19-04-2021\" width=\"600\" height=\"377\" data-srcset=\"https:\/\/www.ugtcomunicaciones.es\/wordpress\/wp-content\/uploads\/2021\/04\/fusion06-19-04-2021.jpg 600w, https:\/\/www.ugtcomunicaciones.es\/wordpress\/wp-content\/uploads\/2021\/04\/fusion06-19-04-2021-300x189.jpg 300w\" data-sizes=\"(max-width: 600px) 100vw, 600px\" src=\"data:image\/svg+xml;base64,PHN2ZyB3aWR0aD0iMSIgaGVpZ2h0PSIxIiB4bWxucz0iaHR0cDovL3d3dy53My5vcmcvMjAwMC9zdmciPjwvc3ZnPg==\" style=\"--smush-placeholder-width: 600px; --smush-placeholder-aspect-ratio: 600\/377;\" \/><\/p>\n<p style=\"text-align: center;\"><strong><br \/>\nCALIDAD DEL SERVICIO (Secretar\u00eda de Estado de Telecomunicaciones. 3T2020, extracto<sup class=\"modern-footnotes-footnote \" data-mfn=\"8\" data-mfn-post-scope=\"000000000000413d0000000000000000_795587\"><a href=\"javascript:void(0)\"  role=\"button\" aria-pressed=\"false\" aria-describedby=\"mfn-content-000000000000413d0000000000000000_795587-8\">8<\/a><\/sup><span id=\"mfn-content-000000000000413d0000000000000000_795587-8\" role=\"tooltip\" class=\"modern-footnotes-footnote__note\" tabindex=\"0\" data-mfn=\"8\"><a href=\"https:\/\/www.ugtcomunicaciones.es\/wordpress\/774258-2\/\" target=\"_blank\" rel=\"noopener\">UGT Comunicaciones<\/a><\/span>)<\/strong><\/p>\n<p><img decoding=\"async\" class=\"size-full wp-image-795651 aligncenter lazyload\" data-src=\"https:\/\/www.ugtcomunicaciones.es\/wordpress\/wp-content\/uploads\/2021\/04\/fusion07-19-04-2021.jpg\" alt=\"fusion07-19-04-2021\" width=\"600\" height=\"293\" data-srcset=\"https:\/\/www.ugtcomunicaciones.es\/wordpress\/wp-content\/uploads\/2021\/04\/fusion07-19-04-2021.jpg 600w, https:\/\/www.ugtcomunicaciones.es\/wordpress\/wp-content\/uploads\/2021\/04\/fusion07-19-04-2021-300x147.jpg 300w\" data-sizes=\"(max-width: 600px) 100vw, 600px\" src=\"data:image\/svg+xml;base64,PHN2ZyB3aWR0aD0iMSIgaGVpZ2h0PSIxIiB4bWxucz0iaHR0cDovL3d3dy53My5vcmcvMjAwMC9zdmciPjwvc3ZnPg==\" style=\"--smush-placeholder-width: 600px; --smush-placeholder-aspect-ratio: 600\/293;\" \/><\/p>\n<p><img decoding=\"async\" class=\"size-full wp-image-795652 aligncenter lazyload\" data-src=\"https:\/\/www.ugtcomunicaciones.es\/wordpress\/wp-content\/uploads\/2021\/04\/fusion08-19-04-2021.jpg\" alt=\"fusion08-19-04-2021\" width=\"600\" height=\"307\" data-srcset=\"https:\/\/www.ugtcomunicaciones.es\/wordpress\/wp-content\/uploads\/2021\/04\/fusion08-19-04-2021.jpg 600w, https:\/\/www.ugtcomunicaciones.es\/wordpress\/wp-content\/uploads\/2021\/04\/fusion08-19-04-2021-300x154.jpg 300w\" data-sizes=\"(max-width: 600px) 100vw, 600px\" src=\"data:image\/svg+xml;base64,PHN2ZyB3aWR0aD0iMSIgaGVpZ2h0PSIxIiB4bWxucz0iaHR0cDovL3d3dy53My5vcmcvMjAwMC9zdmciPjwvc3ZnPg==\" style=\"--smush-placeholder-width: 600px; --smush-placeholder-aspect-ratio: 600\/307;\" \/><\/p>\n<p><img decoding=\"async\" class=\"size-full wp-image-795667 aligncenter lazyload\" data-src=\"https:\/\/www.ugtcomunicaciones.es\/wordpress\/wp-content\/uploads\/2021\/04\/fusion09-19-04-2021.jpg\" alt=\"fusion09-19-04-2021\" width=\"600\" height=\"278\" data-srcset=\"https:\/\/www.ugtcomunicaciones.es\/wordpress\/wp-content\/uploads\/2021\/04\/fusion09-19-04-2021.jpg 600w, https:\/\/www.ugtcomunicaciones.es\/wordpress\/wp-content\/uploads\/2021\/04\/fusion09-19-04-2021-300x139.jpg 300w\" data-sizes=\"(max-width: 600px) 100vw, 600px\" src=\"data:image\/svg+xml;base64,PHN2ZyB3aWR0aD0iMSIgaGVpZ2h0PSIxIiB4bWxucz0iaHR0cDovL3d3dy53My5vcmcvMjAwMC9zdmciPjwvc3ZnPg==\" style=\"--smush-placeholder-width: 600px; --smush-placeholder-aspect-ratio: 600\/278;\" \/><\/p>\n<p><img decoding=\"async\" class=\"size-full wp-image-795668 aligncenter lazyload\" data-src=\"https:\/\/www.ugtcomunicaciones.es\/wordpress\/wp-content\/uploads\/2021\/04\/fusion10-19-04-2021.jpg\" alt=\"fusion10-19-04-2021\" width=\"600\" height=\"217\" data-srcset=\"https:\/\/www.ugtcomunicaciones.es\/wordpress\/wp-content\/uploads\/2021\/04\/fusion10-19-04-2021.jpg 600w, https:\/\/www.ugtcomunicaciones.es\/wordpress\/wp-content\/uploads\/2021\/04\/fusion10-19-04-2021-300x109.jpg 300w\" data-sizes=\"(max-width: 600px) 100vw, 600px\" src=\"data:image\/svg+xml;base64,PHN2ZyB3aWR0aD0iMSIgaGVpZ2h0PSIxIiB4bWxucz0iaHR0cDovL3d3dy53My5vcmcvMjAwMC9zdmciPjwvc3ZnPg==\" style=\"--smush-placeholder-width: 600px; --smush-placeholder-aspect-ratio: 600\/217;\" \/><\/p>\n<p><img decoding=\"async\" class=\"size-full wp-image-795669 aligncenter lazyload\" data-src=\"https:\/\/www.ugtcomunicaciones.es\/wordpress\/wp-content\/uploads\/2021\/04\/fusion11-19-04-2021.jpg\" alt=\"fusion11-19-04-2021\" width=\"600\" height=\"240\" data-srcset=\"https:\/\/www.ugtcomunicaciones.es\/wordpress\/wp-content\/uploads\/2021\/04\/fusion11-19-04-2021.jpg 600w, https:\/\/www.ugtcomunicaciones.es\/wordpress\/wp-content\/uploads\/2021\/04\/fusion11-19-04-2021-300x120.jpg 300w\" data-sizes=\"(max-width: 600px) 100vw, 600px\" src=\"data:image\/svg+xml;base64,PHN2ZyB3aWR0aD0iMSIgaGVpZ2h0PSIxIiB4bWxucz0iaHR0cDovL3d3dy53My5vcmcvMjAwMC9zdmciPjwvc3ZnPg==\" style=\"--smush-placeholder-width: 600px; --smush-placeholder-aspect-ratio: 600\/240;\" \/><\/p>\n<p>&nbsp;<\/p>\n<h4 style=\"text-align: right;\"><span style=\"color: #ff0000;\"><strong>UGT<\/strong><\/span><strong> Comunicaciones<br \/>\nSector Estatal<\/strong><\/h4>\n<p>&nbsp;<\/p>\n<p><a href=\"#_ftnref5\" name=\"_ftn5\"><\/a><\/p>\n","protected":false},"excerpt":{"rendered":"<p>Como en toda operaci\u00f3n mercantil que se precie, y m\u00e1s en una de estas caracter\u00edsticas, la adquisici\u00f3n por parte de M\u00e1sM\u00f3vil del conglomerado Euskaltel-R-Telecable ha conllevado r\u00edos de tinta. Los medios de comunicaci\u00f3n, y en especial la prensa econ\u00f3mica, ha dado buena cuenta de ello; pero nosotros queremos ir un poco m\u00e1s all\u00e1, y de [&hellip;]<\/p>\n","protected":false},"author":3,"featured_media":795670,"comment_status":"closed","ping_status":"closed","sticky":false,"template":"","format":"standard","meta":{"footnotes":""},"categories":[15,12],"tags":[],"class_list":["post-795587","post","type-post","status-publish","format-standard","has-post-thumbnail","hentry","category-competencia","category-regulacion"],"yoast_head":"<!-- This site is optimized with the Yoast SEO Premium plugin v27.3 (Yoast SEO v27.4) - https:\/\/yoast.com\/product\/yoast-seo-premium-wordpress\/ -->\n<title>Fusi\u00f3n M\u00e1sm\u00f3vil&amp;Euskaltel: las cifras - UGT Comunicaciones<\/title>\n<meta name=\"description\" content=\"Como en toda operaci\u00f3n mercantil que se precie, y m\u00e1s en una de estas caracter\u00edsticas, la adquisici\u00f3n por parte de M\u00e1sM\u00f3vil del...\" \/>\n<meta name=\"robots\" content=\"index, follow, max-snippet:-1, max-image-preview:large, max-video-preview:-1\" \/>\n<link rel=\"canonical\" href=\"https:\/\/www.ugtcomunicaciones.es\/wordpress\/fusion-masmovileuskaltel-las-cifras\/\" \/>\n<meta property=\"og:locale\" content=\"es_ES\" \/>\n<meta property=\"og:type\" content=\"article\" \/>\n<meta property=\"og:title\" content=\"Fusi\u00f3n M\u00e1sm\u00f3vil&amp;Euskaltel: las cifras\" \/>\n<meta property=\"og:description\" content=\"Como en toda operaci\u00f3n mercantil que se precie, y m\u00e1s en una de estas caracter\u00edsticas, la adquisici\u00f3n por parte de M\u00e1sM\u00f3vil del...\" \/>\n<meta property=\"og:url\" content=\"https:\/\/www.ugtcomunicaciones.es\/wordpress\/fusion-masmovileuskaltel-las-cifras\/\" \/>\n<meta property=\"og:site_name\" content=\"UGT Comunicaciones\" \/>\n<meta property=\"article:publisher\" content=\"https:\/\/www.facebook.com\/ugt.comunicaciones\/\" \/>\n<meta property=\"article:published_time\" content=\"2021-04-19T06:00:16+00:00\" \/>\n<meta property=\"og:image\" content=\"https:\/\/www.ugtcomunicaciones.es\/wordpress\/wp-content\/uploads\/2021\/04\/fusion-portada-19-04-2021.jpg\" \/>\n\t<meta property=\"og:image:width\" content=\"600\" \/>\n\t<meta property=\"og:image:height\" content=\"240\" \/>\n\t<meta property=\"og:image:type\" content=\"image\/jpeg\" \/>\n<meta name=\"author\" content=\"UGT\" \/>\n<meta name=\"twitter:card\" content=\"summary_large_image\" \/>\n<meta name=\"twitter:creator\" content=\"@ugtcom\" \/>\n<meta name=\"twitter:site\" content=\"@ugtcom\" \/>\n<meta name=\"twitter:label1\" content=\"Escrito por\" \/>\n\t<meta name=\"twitter:data1\" content=\"UGT\" \/>\n\t<meta name=\"twitter:label2\" content=\"Tiempo de lectura\" \/>\n\t<meta name=\"twitter:data2\" content=\"4 minutos\" \/>\n<script type=\"application\/ld+json\" class=\"yoast-schema-graph\">{\"@context\":\"https:\\\/\\\/schema.org\",\"@graph\":[{\"@type\":\"Article\",\"@id\":\"https:\\\/\\\/www.ugtcomunicaciones.es\\\/wordpress\\\/fusion-masmovileuskaltel-las-cifras\\\/#article\",\"isPartOf\":{\"@id\":\"https:\\\/\\\/www.ugtcomunicaciones.es\\\/wordpress\\\/fusion-masmovileuskaltel-las-cifras\\\/\"},\"author\":{\"name\":\"UGT\",\"@id\":\"https:\\\/\\\/www.ugtcomunicaciones.es\\\/wordpress\\\/#\\\/schema\\\/person\\\/eba0fc3fe5b444531d94d4368cba89ed\"},\"headline\":\"Fusi\u00f3n M\u00e1sm\u00f3vil&#038;Euskaltel: las cifras\",\"datePublished\":\"2021-04-19T06:00:16+00:00\",\"mainEntityOfPage\":{\"@id\":\"https:\\\/\\\/www.ugtcomunicaciones.es\\\/wordpress\\\/fusion-masmovileuskaltel-las-cifras\\\/\"},\"wordCount\":223,\"publisher\":{\"@id\":\"https:\\\/\\\/www.ugtcomunicaciones.es\\\/wordpress\\\/#organization\"},\"image\":{\"@id\":\"https:\\\/\\\/www.ugtcomunicaciones.es\\\/wordpress\\\/fusion-masmovileuskaltel-las-cifras\\\/#primaryimage\"},\"thumbnailUrl\":\"https:\\\/\\\/www.ugtcomunicaciones.es\\\/wordpress\\\/wp-content\\\/uploads\\\/2021\\\/04\\\/fusion-portada-19-04-2021.jpg\",\"articleSection\":[\"Competencia\",\"Regulaci\u00f3n\"],\"inLanguage\":\"es\"},{\"@type\":\"WebPage\",\"@id\":\"https:\\\/\\\/www.ugtcomunicaciones.es\\\/wordpress\\\/fusion-masmovileuskaltel-las-cifras\\\/\",\"url\":\"https:\\\/\\\/www.ugtcomunicaciones.es\\\/wordpress\\\/fusion-masmovileuskaltel-las-cifras\\\/\",\"name\":\"Fusi\u00f3n M\u00e1sm\u00f3vil&Euskaltel: las cifras - UGT Comunicaciones\",\"isPartOf\":{\"@id\":\"https:\\\/\\\/www.ugtcomunicaciones.es\\\/wordpress\\\/#website\"},\"primaryImageOfPage\":{\"@id\":\"https:\\\/\\\/www.ugtcomunicaciones.es\\\/wordpress\\\/fusion-masmovileuskaltel-las-cifras\\\/#primaryimage\"},\"image\":{\"@id\":\"https:\\\/\\\/www.ugtcomunicaciones.es\\\/wordpress\\\/fusion-masmovileuskaltel-las-cifras\\\/#primaryimage\"},\"thumbnailUrl\":\"https:\\\/\\\/www.ugtcomunicaciones.es\\\/wordpress\\\/wp-content\\\/uploads\\\/2021\\\/04\\\/fusion-portada-19-04-2021.jpg\",\"datePublished\":\"2021-04-19T06:00:16+00:00\",\"description\":\"Como en toda operaci\u00f3n mercantil que se precie, y m\u00e1s en una de estas caracter\u00edsticas, la adquisici\u00f3n por parte de M\u00e1sM\u00f3vil del...\",\"breadcrumb\":{\"@id\":\"https:\\\/\\\/www.ugtcomunicaciones.es\\\/wordpress\\\/fusion-masmovileuskaltel-las-cifras\\\/#breadcrumb\"},\"inLanguage\":\"es\",\"potentialAction\":[{\"@type\":\"ReadAction\",\"target\":[\"https:\\\/\\\/www.ugtcomunicaciones.es\\\/wordpress\\\/fusion-masmovileuskaltel-las-cifras\\\/\"]}]},{\"@type\":\"ImageObject\",\"inLanguage\":\"es\",\"@id\":\"https:\\\/\\\/www.ugtcomunicaciones.es\\\/wordpress\\\/fusion-masmovileuskaltel-las-cifras\\\/#primaryimage\",\"url\":\"https:\\\/\\\/www.ugtcomunicaciones.es\\\/wordpress\\\/wp-content\\\/uploads\\\/2021\\\/04\\\/fusion-portada-19-04-2021.jpg\",\"contentUrl\":\"https:\\\/\\\/www.ugtcomunicaciones.es\\\/wordpress\\\/wp-content\\\/uploads\\\/2021\\\/04\\\/fusion-portada-19-04-2021.jpg\",\"width\":600,\"height\":240,\"caption\":\"fusion-portada-19-04-2021\"},{\"@type\":\"BreadcrumbList\",\"@id\":\"https:\\\/\\\/www.ugtcomunicaciones.es\\\/wordpress\\\/fusion-masmovileuskaltel-las-cifras\\\/#breadcrumb\",\"itemListElement\":[{\"@type\":\"ListItem\",\"position\":1,\"name\":\"Portada\",\"item\":\"https:\\\/\\\/www.ugtcomunicaciones.es\\\/wordpress\\\/\"},{\"@type\":\"ListItem\",\"position\":2,\"name\":\"Fusi\u00f3n M\u00e1sm\u00f3vil&#038;Euskaltel: las cifras\"}]},{\"@type\":\"WebSite\",\"@id\":\"https:\\\/\\\/www.ugtcomunicaciones.es\\\/wordpress\\\/#website\",\"url\":\"https:\\\/\\\/www.ugtcomunicaciones.es\\\/wordpress\\\/\",\"name\":\"UGT Comunicaciones\",\"description\":\"Sindicato de Telecomunicaciones\",\"publisher\":{\"@id\":\"https:\\\/\\\/www.ugtcomunicaciones.es\\\/wordpress\\\/#organization\"},\"potentialAction\":[{\"@type\":\"SearchAction\",\"target\":{\"@type\":\"EntryPoint\",\"urlTemplate\":\"https:\\\/\\\/www.ugtcomunicaciones.es\\\/wordpress\\\/?s={search_term_string}\"},\"query-input\":{\"@type\":\"PropertyValueSpecification\",\"valueRequired\":true,\"valueName\":\"search_term_string\"}}],\"inLanguage\":\"es\"},{\"@type\":\"Organization\",\"@id\":\"https:\\\/\\\/www.ugtcomunicaciones.es\\\/wordpress\\\/#organization\",\"name\":\"UGT Comunicaciones\",\"url\":\"https:\\\/\\\/www.ugtcomunicaciones.es\\\/wordpress\\\/\",\"logo\":{\"@type\":\"ImageObject\",\"inLanguage\":\"es\",\"@id\":\"https:\\\/\\\/www.ugtcomunicaciones.es\\\/wordpress\\\/#\\\/schema\\\/logo\\\/image\\\/\",\"url\":\"https:\\\/\\\/www.ugtcomunicaciones.es\\\/wordpress\\\/wp-content\\\/uploads\\\/2024\\\/04\\\/comunicaciones_logo.png\",\"contentUrl\":\"https:\\\/\\\/www.ugtcomunicaciones.es\\\/wordpress\\\/wp-content\\\/uploads\\\/2024\\\/04\\\/comunicaciones_logo.png\",\"width\":298,\"height\":81,\"caption\":\"UGT Comunicaciones\"},\"image\":{\"@id\":\"https:\\\/\\\/www.ugtcomunicaciones.es\\\/wordpress\\\/#\\\/schema\\\/logo\\\/image\\\/\"},\"sameAs\":[\"https:\\\/\\\/www.facebook.com\\\/ugt.comunicaciones\\\/\",\"https:\\\/\\\/x.com\\\/ugtcom\"]},{\"@type\":\"Person\",\"@id\":\"https:\\\/\\\/www.ugtcomunicaciones.es\\\/wordpress\\\/#\\\/schema\\\/person\\\/eba0fc3fe5b444531d94d4368cba89ed\",\"name\":\"UGT\",\"image\":{\"@type\":\"ImageObject\",\"inLanguage\":\"es\",\"@id\":\"https:\\\/\\\/secure.gravatar.com\\\/avatar\\\/2a16057d620a4c646bcfc171c4f23030879ebbdd346f0525bd5d4a564e57e13d?s=96&d=mm&r=g\",\"url\":\"https:\\\/\\\/secure.gravatar.com\\\/avatar\\\/2a16057d620a4c646bcfc171c4f23030879ebbdd346f0525bd5d4a564e57e13d?s=96&d=mm&r=g\",\"contentUrl\":\"https:\\\/\\\/secure.gravatar.com\\\/avatar\\\/2a16057d620a4c646bcfc171c4f23030879ebbdd346f0525bd5d4a564e57e13d?s=96&d=mm&r=g\",\"caption\":\"UGT\"}}]}<\/script>\n<!-- \/ Yoast SEO Premium plugin. -->","yoast_head_json":{"title":"Fusi\u00f3n M\u00e1sm\u00f3vil&Euskaltel: las cifras - UGT Comunicaciones","description":"Como en toda operaci\u00f3n mercantil que se precie, y m\u00e1s en una de estas caracter\u00edsticas, la adquisici\u00f3n por parte de M\u00e1sM\u00f3vil del...","robots":{"index":"index","follow":"follow","max-snippet":"max-snippet:-1","max-image-preview":"max-image-preview:large","max-video-preview":"max-video-preview:-1"},"canonical":"https:\/\/www.ugtcomunicaciones.es\/wordpress\/fusion-masmovileuskaltel-las-cifras\/","og_locale":"es_ES","og_type":"article","og_title":"Fusi\u00f3n M\u00e1sm\u00f3vil&Euskaltel: las cifras","og_description":"Como en toda operaci\u00f3n mercantil que se precie, y m\u00e1s en una de estas caracter\u00edsticas, la adquisici\u00f3n por parte de M\u00e1sM\u00f3vil del...","og_url":"https:\/\/www.ugtcomunicaciones.es\/wordpress\/fusion-masmovileuskaltel-las-cifras\/","og_site_name":"UGT Comunicaciones","article_publisher":"https:\/\/www.facebook.com\/ugt.comunicaciones\/","article_published_time":"2021-04-19T06:00:16+00:00","og_image":[{"width":600,"height":240,"url":"https:\/\/www.ugtcomunicaciones.es\/wordpress\/wp-content\/uploads\/2021\/04\/fusion-portada-19-04-2021.jpg","type":"image\/jpeg"}],"author":"UGT","twitter_card":"summary_large_image","twitter_creator":"@ugtcom","twitter_site":"@ugtcom","twitter_misc":{"Escrito por":"UGT","Tiempo de lectura":"4 minutos"},"schema":{"@context":"https:\/\/schema.org","@graph":[{"@type":"Article","@id":"https:\/\/www.ugtcomunicaciones.es\/wordpress\/fusion-masmovileuskaltel-las-cifras\/#article","isPartOf":{"@id":"https:\/\/www.ugtcomunicaciones.es\/wordpress\/fusion-masmovileuskaltel-las-cifras\/"},"author":{"name":"UGT","@id":"https:\/\/www.ugtcomunicaciones.es\/wordpress\/#\/schema\/person\/eba0fc3fe5b444531d94d4368cba89ed"},"headline":"Fusi\u00f3n M\u00e1sm\u00f3vil&#038;Euskaltel: las cifras","datePublished":"2021-04-19T06:00:16+00:00","mainEntityOfPage":{"@id":"https:\/\/www.ugtcomunicaciones.es\/wordpress\/fusion-masmovileuskaltel-las-cifras\/"},"wordCount":223,"publisher":{"@id":"https:\/\/www.ugtcomunicaciones.es\/wordpress\/#organization"},"image":{"@id":"https:\/\/www.ugtcomunicaciones.es\/wordpress\/fusion-masmovileuskaltel-las-cifras\/#primaryimage"},"thumbnailUrl":"https:\/\/www.ugtcomunicaciones.es\/wordpress\/wp-content\/uploads\/2021\/04\/fusion-portada-19-04-2021.jpg","articleSection":["Competencia","Regulaci\u00f3n"],"inLanguage":"es"},{"@type":"WebPage","@id":"https:\/\/www.ugtcomunicaciones.es\/wordpress\/fusion-masmovileuskaltel-las-cifras\/","url":"https:\/\/www.ugtcomunicaciones.es\/wordpress\/fusion-masmovileuskaltel-las-cifras\/","name":"Fusi\u00f3n M\u00e1sm\u00f3vil&Euskaltel: las cifras - UGT Comunicaciones","isPartOf":{"@id":"https:\/\/www.ugtcomunicaciones.es\/wordpress\/#website"},"primaryImageOfPage":{"@id":"https:\/\/www.ugtcomunicaciones.es\/wordpress\/fusion-masmovileuskaltel-las-cifras\/#primaryimage"},"image":{"@id":"https:\/\/www.ugtcomunicaciones.es\/wordpress\/fusion-masmovileuskaltel-las-cifras\/#primaryimage"},"thumbnailUrl":"https:\/\/www.ugtcomunicaciones.es\/wordpress\/wp-content\/uploads\/2021\/04\/fusion-portada-19-04-2021.jpg","datePublished":"2021-04-19T06:00:16+00:00","description":"Como en toda operaci\u00f3n mercantil que se precie, y m\u00e1s en una de estas caracter\u00edsticas, la adquisici\u00f3n por parte de M\u00e1sM\u00f3vil del...","breadcrumb":{"@id":"https:\/\/www.ugtcomunicaciones.es\/wordpress\/fusion-masmovileuskaltel-las-cifras\/#breadcrumb"},"inLanguage":"es","potentialAction":[{"@type":"ReadAction","target":["https:\/\/www.ugtcomunicaciones.es\/wordpress\/fusion-masmovileuskaltel-las-cifras\/"]}]},{"@type":"ImageObject","inLanguage":"es","@id":"https:\/\/www.ugtcomunicaciones.es\/wordpress\/fusion-masmovileuskaltel-las-cifras\/#primaryimage","url":"https:\/\/www.ugtcomunicaciones.es\/wordpress\/wp-content\/uploads\/2021\/04\/fusion-portada-19-04-2021.jpg","contentUrl":"https:\/\/www.ugtcomunicaciones.es\/wordpress\/wp-content\/uploads\/2021\/04\/fusion-portada-19-04-2021.jpg","width":600,"height":240,"caption":"fusion-portada-19-04-2021"},{"@type":"BreadcrumbList","@id":"https:\/\/www.ugtcomunicaciones.es\/wordpress\/fusion-masmovileuskaltel-las-cifras\/#breadcrumb","itemListElement":[{"@type":"ListItem","position":1,"name":"Portada","item":"https:\/\/www.ugtcomunicaciones.es\/wordpress\/"},{"@type":"ListItem","position":2,"name":"Fusi\u00f3n M\u00e1sm\u00f3vil&#038;Euskaltel: las cifras"}]},{"@type":"WebSite","@id":"https:\/\/www.ugtcomunicaciones.es\/wordpress\/#website","url":"https:\/\/www.ugtcomunicaciones.es\/wordpress\/","name":"UGT Comunicaciones","description":"Sindicato de Telecomunicaciones","publisher":{"@id":"https:\/\/www.ugtcomunicaciones.es\/wordpress\/#organization"},"potentialAction":[{"@type":"SearchAction","target":{"@type":"EntryPoint","urlTemplate":"https:\/\/www.ugtcomunicaciones.es\/wordpress\/?s={search_term_string}"},"query-input":{"@type":"PropertyValueSpecification","valueRequired":true,"valueName":"search_term_string"}}],"inLanguage":"es"},{"@type":"Organization","@id":"https:\/\/www.ugtcomunicaciones.es\/wordpress\/#organization","name":"UGT Comunicaciones","url":"https:\/\/www.ugtcomunicaciones.es\/wordpress\/","logo":{"@type":"ImageObject","inLanguage":"es","@id":"https:\/\/www.ugtcomunicaciones.es\/wordpress\/#\/schema\/logo\/image\/","url":"https:\/\/www.ugtcomunicaciones.es\/wordpress\/wp-content\/uploads\/2024\/04\/comunicaciones_logo.png","contentUrl":"https:\/\/www.ugtcomunicaciones.es\/wordpress\/wp-content\/uploads\/2024\/04\/comunicaciones_logo.png","width":298,"height":81,"caption":"UGT Comunicaciones"},"image":{"@id":"https:\/\/www.ugtcomunicaciones.es\/wordpress\/#\/schema\/logo\/image\/"},"sameAs":["https:\/\/www.facebook.com\/ugt.comunicaciones\/","https:\/\/x.com\/ugtcom"]},{"@type":"Person","@id":"https:\/\/www.ugtcomunicaciones.es\/wordpress\/#\/schema\/person\/eba0fc3fe5b444531d94d4368cba89ed","name":"UGT","image":{"@type":"ImageObject","inLanguage":"es","@id":"https:\/\/secure.gravatar.com\/avatar\/2a16057d620a4c646bcfc171c4f23030879ebbdd346f0525bd5d4a564e57e13d?s=96&d=mm&r=g","url":"https:\/\/secure.gravatar.com\/avatar\/2a16057d620a4c646bcfc171c4f23030879ebbdd346f0525bd5d4a564e57e13d?s=96&d=mm&r=g","contentUrl":"https:\/\/secure.gravatar.com\/avatar\/2a16057d620a4c646bcfc171c4f23030879ebbdd346f0525bd5d4a564e57e13d?s=96&d=mm&r=g","caption":"UGT"}}]}},"_links":{"self":[{"href":"https:\/\/www.ugtcomunicaciones.es\/wordpress\/wp-json\/wp\/v2\/posts\/795587","targetHints":{"allow":["GET"]}}],"collection":[{"href":"https:\/\/www.ugtcomunicaciones.es\/wordpress\/wp-json\/wp\/v2\/posts"}],"about":[{"href":"https:\/\/www.ugtcomunicaciones.es\/wordpress\/wp-json\/wp\/v2\/types\/post"}],"author":[{"embeddable":true,"href":"https:\/\/www.ugtcomunicaciones.es\/wordpress\/wp-json\/wp\/v2\/users\/3"}],"replies":[{"embeddable":true,"href":"https:\/\/www.ugtcomunicaciones.es\/wordpress\/wp-json\/wp\/v2\/comments?post=795587"}],"version-history":[{"count":0,"href":"https:\/\/www.ugtcomunicaciones.es\/wordpress\/wp-json\/wp\/v2\/posts\/795587\/revisions"}],"wp:featuredmedia":[{"embeddable":true,"href":"https:\/\/www.ugtcomunicaciones.es\/wordpress\/wp-json\/wp\/v2\/media\/795670"}],"wp:attachment":[{"href":"https:\/\/www.ugtcomunicaciones.es\/wordpress\/wp-json\/wp\/v2\/media?parent=795587"}],"wp:term":[{"taxonomy":"category","embeddable":true,"href":"https:\/\/www.ugtcomunicaciones.es\/wordpress\/wp-json\/wp\/v2\/categories?post=795587"},{"taxonomy":"post_tag","embeddable":true,"href":"https:\/\/www.ugtcomunicaciones.es\/wordpress\/wp-json\/wp\/v2\/tags?post=795587"}],"curies":[{"name":"wp","href":"https:\/\/api.w.org\/{rel}","templated":true}]}}