{"id":796,"date":"2017-02-06T13:36:33","date_gmt":"2017-02-06T12:36:33","guid":{"rendered":"http:\/\/www.ugtcom.h2301842.stratoserver.net\/wordpress\/wordpress\/?p=796"},"modified":"2017-06-27T08:31:50","modified_gmt":"2017-06-27T07:31:50","slug":"indice-desarrollo-las-tic-idt-2016","status":"publish","type":"post","link":"https:\/\/www.ugtcomunicaciones.es\/wordpress\/indice-desarrollo-las-tic-idt-2016\/","title":{"rendered":"\u00cdndice de desarrollo de las TIC (IDT) 2016"},"content":{"rendered":"<p style=\"text-align: justify;\">El \u00cdndice de Desarrollo de las TIC (IDT)<a href=\"#_ftn1\" name=\"_ftnref1\">[1]<\/a> es un \u00edndice instaurado por la Uni\u00f3n Internacional de Telecomunicaciones (ITU)<a href=\"#_ftn2\" name=\"_ftnref2\">[2]<\/a> y que combina 11 indicadores crear una medida de referencia que sirve para supervisar y comparar la evoluci\u00f3n de las tecnolog\u00edas de la informaci\u00f3n y la comunicaci\u00f3n (TIC) entre los pa\u00edses. Con ello pretende medir el nivel y la evoluci\u00f3n tecnol\u00f3gica de las TIC, la brecha digital y las posibilidades de desarrollo de las TIC.<\/p>\n<p style=\"text-align: justify;\"><img decoding=\"async\" class=\"alignnone wp-image-797 size-full lazyload\" data-src=\"http:\/\/ugtcomunicaciones.es\/wordpress\/wp-content\/uploads\/2017\/02\/desarrollo_tic-1.png\" alt=\"\" width=\"902\" height=\"547\" data-srcset=\"https:\/\/www.ugtcomunicaciones.es\/wordpress\/wp-content\/uploads\/2017\/02\/desarrollo_tic-1.png 902w, https:\/\/www.ugtcomunicaciones.es\/wordpress\/wp-content\/uploads\/2017\/02\/desarrollo_tic-1-300x182.png 300w, https:\/\/www.ugtcomunicaciones.es\/wordpress\/wp-content\/uploads\/2017\/02\/desarrollo_tic-1-768x466.png 768w, https:\/\/www.ugtcomunicaciones.es\/wordpress\/wp-content\/uploads\/2017\/02\/desarrollo_tic-1-693x420.png 693w, https:\/\/www.ugtcomunicaciones.es\/wordpress\/wp-content\/uploads\/2017\/02\/desarrollo_tic-1-640x388.png 640w, https:\/\/www.ugtcomunicaciones.es\/wordpress\/wp-content\/uploads\/2017\/02\/desarrollo_tic-1-681x413.png 681w\" data-sizes=\"(max-width: 902px) 100vw, 902px\" src=\"data:image\/svg+xml;base64,PHN2ZyB3aWR0aD0iMSIgaGVpZ2h0PSIxIiB4bWxucz0iaHR0cDovL3d3dy53My5vcmcvMjAwMC9zdmciPjwvc3ZnPg==\" style=\"--smush-placeholder-width: 902px; --smush-placeholder-aspect-ratio: 902\/547;\" \/><\/p>\n<p style=\"text-align: justify;\">Como en todos los indicadores sobre las TIC, sean sint\u00e9ticos o no<a href=\"#_ftn3\" name=\"_ftnref3\">[3]<\/a>, Espa\u00f1a se ubica lejos de sus principales competidores: pa\u00edses n\u00f3rdicos, las principales econom\u00edas europeas (Reino Unido, Alemania y Francia), Estados Unidos y principales estados asi\u00e1ticos (Corea, Australia o Singapur), situ\u00e1ndonos a la altura de Andorra, Macao o Malta:<\/p>\n<p style=\"text-align: justify;\"><img decoding=\"async\" class=\"alignnone wp-image-798 size-full lazyload\" data-src=\"http:\/\/ugtcomunicaciones.es\/wordpress\/wp-content\/uploads\/2017\/02\/desarrollo_tic-2.png\" alt=\"\" width=\"648\" height=\"674\" data-srcset=\"https:\/\/www.ugtcomunicaciones.es\/wordpress\/wp-content\/uploads\/2017\/02\/desarrollo_tic-2.png 648w, https:\/\/www.ugtcomunicaciones.es\/wordpress\/wp-content\/uploads\/2017\/02\/desarrollo_tic-2-288x300.png 288w, https:\/\/www.ugtcomunicaciones.es\/wordpress\/wp-content\/uploads\/2017\/02\/desarrollo_tic-2-404x420.png 404w, https:\/\/www.ugtcomunicaciones.es\/wordpress\/wp-content\/uploads\/2017\/02\/desarrollo_tic-2-640x666.png 640w\" data-sizes=\"(max-width: 648px) 100vw, 648px\" src=\"data:image\/svg+xml;base64,PHN2ZyB3aWR0aD0iMSIgaGVpZ2h0PSIxIiB4bWxucz0iaHR0cDovL3d3dy53My5vcmcvMjAwMC9zdmciPjwvc3ZnPg==\" style=\"--smush-placeholder-width: 648px; --smush-placeholder-aspect-ratio: 648\/674;\" \/><\/p>\n<p style=\"text-align: justify;\">Aunque la tendencia es ascendente desde 2014, pasando de la posici\u00f3n 28 a la 26 en 2016, lo cierto es que el IDI incide en lo que <strong>UGT<\/strong> lleva denunciando desde hace a\u00f1os: <strong>la posici\u00f3n mundial de Espa\u00f1a en t\u00e9rminos digitales est\u00e1 lejos del puesto que nos corresponder\u00eda por potencial econ\u00f3mico<\/strong>.<\/p>\n<p style=\"text-align: justify;\">Esperamos que el reci\u00e9n nombrado Ministro de Agenda Digital<a href=\"#_ftn4\" name=\"_ftnref4\">[4]<\/a> se mentalice, e interiorice, que nuestro pa\u00eds sufre un evidente retraso en t\u00e9rminos de Sociedad y Econom\u00eda Digital, y se ponga manos a la obra para colocar a Espa\u00f1a en el lugar que deber\u00eda estar, sin olvidar a los m\u00e1s d\u00e9biles y cerrando, de forma definitiva, la excesiva Brecha Digital<a href=\"#_ftn5\" name=\"_ftnref5\">[5]<\/a> que sufrimos.<\/p>\n<p style=\"text-align: justify;\"><a href=\"#_ftnref1\" name=\"_ftn1\">[1]<\/a> <a href=\"http:\/\/newslog.itu.int\/archives\/1443\">http:\/\/newslog.itu.int\/archives\/1443<\/a><\/p>\n<p style=\"text-align: justify;\"><a href=\"#_ftnref2\" name=\"_ftn2\">[2]<\/a> <a href=\"http:\/\/www.itu.int\/es\/\">http:\/\/www.itu.int\/es\/<\/a><\/p>\n<p style=\"text-align: left;\"><a href=\"#_ftnref3\" name=\"_ftn3\">[3]<\/a> S\u00f3lo un par de ejemplos: <a href=\"http:\/\/www.smcugt.org\/archivos\/elementos\/2016\/the_global_competitiveness_report_2016_2017.pdf\">http:\/\/www.smcugt.org\/archivos\/elementos\/2016\/the_global_competitiveness_report_2016_2017.pdf<\/a> y \u00a0<a href=\"http:\/\/www.smcugt.org\/archivos\/elementos\/2016\/nri_2016__espana_empeora_en_el_principal_indice_digital_del_mundo.pdf\">http:\/\/www.smcugt.org\/archivos\/elementos\/2016\/nri_2016__espana_empeora_en_el_principal_indice_digital_del_mundo.pdf<\/a><\/p>\n<p style=\"text-align: justify;\"><a href=\"#_ftnref4\" name=\"_ftn4\">[4]<\/a> <a href=\"http:\/\/www.smcugt.org\/archivos\/elementos\/2016\/16_despues_espana_tiene_un_ministro_de_agenda_digital_.pdf\">http:\/\/www.smcugt.org\/archivos\/elementos\/2016\/16_despues_espana_tiene_un_ministro_de_agenda_digital_.pdf<\/a><\/p>\n<p style=\"text-align: justify;\"><a href=\"#_ftnref5\" name=\"_ftn5\">[5]<\/a> <a href=\"http:\/\/portal.ugt.org\/Brecha_Digital\/BRECHADIGITAL_WEB.pdf\">http:\/\/portal.ugt.org\/Brecha_Digital\/BRECHADIGITAL_WEB.pdf<\/a><\/p>\n","protected":false},"excerpt":{"rendered":"<p>El \u00cdndice de Desarrollo de las TIC (IDT)[1] es un \u00edndice instaurado por la Uni\u00f3n Internacional de Telecomunicaciones (ITU)[2] y que combina 11 indicadores crear una medida de referencia que sirve para supervisar y comparar la evoluci\u00f3n de las tecnolog\u00edas de la informaci\u00f3n y la comunicaci\u00f3n (TIC) entre los pa\u00edses. Con ello pretende medir el [&hellip;]<\/p>\n","protected":false},"author":3,"featured_media":799,"comment_status":"open","ping_status":"closed","sticky":false,"template":"","format":"standard","meta":{"footnotes":""},"categories":[15,12],"tags":[],"class_list":["post-796","post","type-post","status-publish","format-standard","has-post-thumbnail","hentry","category-competencia","category-regulacion"],"yoast_head":"<!-- This site is optimized with the Yoast SEO Premium plugin v27.3 (Yoast SEO v27.4) - https:\/\/yoast.com\/product\/yoast-seo-premium-wordpress\/ -->\n<title>\u00cdndice de desarrollo de las TIC (IDT) 2016 - UGT Comunicaciones<\/title>\n<meta name=\"robots\" content=\"index, follow, max-snippet:-1, max-image-preview:large, max-video-preview:-1\" \/>\n<link rel=\"canonical\" href=\"https:\/\/www.ugtcomunicaciones.es\/wordpress\/indice-desarrollo-las-tic-idt-2016\/\" \/>\n<meta property=\"og:locale\" content=\"es_ES\" \/>\n<meta property=\"og:type\" content=\"article\" \/>\n<meta property=\"og:title\" content=\"\u00cdndice de desarrollo de las TIC (IDT) 2016\" \/>\n<meta property=\"og:description\" content=\"El \u00cdndice de Desarrollo de las TIC (IDT)[1] es un \u00edndice instaurado por la Uni\u00f3n Internacional de Telecomunicaciones (ITU)[2] y que combina 11 indicadores crear una medida de referencia que sirve para supervisar y comparar la evoluci\u00f3n de las tecnolog\u00edas de la informaci\u00f3n y la comunicaci\u00f3n (TIC) entre los pa\u00edses. Con ello pretende medir el [&hellip;]\" \/>\n<meta property=\"og:url\" content=\"https:\/\/www.ugtcomunicaciones.es\/wordpress\/indice-desarrollo-las-tic-idt-2016\/\" \/>\n<meta property=\"og:site_name\" content=\"UGT Comunicaciones\" \/>\n<meta property=\"article:publisher\" content=\"https:\/\/www.facebook.com\/ugt.comunicaciones\/\" \/>\n<meta property=\"article:published_time\" content=\"2017-02-06T12:36:33+00:00\" \/>\n<meta property=\"article:modified_time\" content=\"2017-06-27T07:31:50+00:00\" \/>\n<meta property=\"og:image\" content=\"https:\/\/www.ugtcomunicaciones.es\/wordpress\/wp-content\/uploads\/2017\/02\/desarrollo_tic-0.png\" \/>\n\t<meta property=\"og:image:width\" content=\"129\" \/>\n\t<meta property=\"og:image:height\" content=\"149\" \/>\n\t<meta property=\"og:image:type\" content=\"image\/png\" \/>\n<meta name=\"author\" content=\"UGT\" \/>\n<meta name=\"twitter:card\" content=\"summary_large_image\" \/>\n<meta name=\"twitter:creator\" content=\"@ugtcom\" \/>\n<meta name=\"twitter:site\" content=\"@ugtcom\" \/>\n<meta name=\"twitter:label1\" content=\"Escrito por\" \/>\n\t<meta name=\"twitter:data1\" content=\"UGT\" \/>\n\t<meta name=\"twitter:label2\" content=\"Tiempo de lectura\" \/>\n\t<meta name=\"twitter:data2\" content=\"2 minutos\" \/>\n<script type=\"application\/ld+json\" class=\"yoast-schema-graph\">{\"@context\":\"https:\\\/\\\/schema.org\",\"@graph\":[{\"@type\":\"Article\",\"@id\":\"https:\\\/\\\/www.ugtcomunicaciones.es\\\/wordpress\\\/indice-desarrollo-las-tic-idt-2016\\\/#article\",\"isPartOf\":{\"@id\":\"https:\\\/\\\/www.ugtcomunicaciones.es\\\/wordpress\\\/indice-desarrollo-las-tic-idt-2016\\\/\"},\"author\":{\"name\":\"UGT\",\"@id\":\"https:\\\/\\\/www.ugtcomunicaciones.es\\\/wordpress\\\/#\\\/schema\\\/person\\\/eba0fc3fe5b444531d94d4368cba89ed\"},\"headline\":\"\u00cdndice de desarrollo de las TIC (IDT) 2016\",\"datePublished\":\"2017-02-06T12:36:33+00:00\",\"dateModified\":\"2017-06-27T07:31:50+00:00\",\"mainEntityOfPage\":{\"@id\":\"https:\\\/\\\/www.ugtcomunicaciones.es\\\/wordpress\\\/indice-desarrollo-las-tic-idt-2016\\\/\"},\"wordCount\":337,\"commentCount\":0,\"publisher\":{\"@id\":\"https:\\\/\\\/www.ugtcomunicaciones.es\\\/wordpress\\\/#organization\"},\"image\":{\"@id\":\"https:\\\/\\\/www.ugtcomunicaciones.es\\\/wordpress\\\/indice-desarrollo-las-tic-idt-2016\\\/#primaryimage\"},\"thumbnailUrl\":\"https:\\\/\\\/www.ugtcomunicaciones.es\\\/wordpress\\\/wp-content\\\/uploads\\\/2017\\\/02\\\/desarrollo_tic-0.png\",\"articleSection\":[\"Competencia\",\"Regulaci\u00f3n\"],\"inLanguage\":\"es\",\"potentialAction\":[{\"@type\":\"CommentAction\",\"name\":\"Comment\",\"target\":[\"https:\\\/\\\/www.ugtcomunicaciones.es\\\/wordpress\\\/indice-desarrollo-las-tic-idt-2016\\\/#respond\"]}]},{\"@type\":\"WebPage\",\"@id\":\"https:\\\/\\\/www.ugtcomunicaciones.es\\\/wordpress\\\/indice-desarrollo-las-tic-idt-2016\\\/\",\"url\":\"https:\\\/\\\/www.ugtcomunicaciones.es\\\/wordpress\\\/indice-desarrollo-las-tic-idt-2016\\\/\",\"name\":\"\u00cdndice de desarrollo de las TIC (IDT) 2016 - UGT Comunicaciones\",\"isPartOf\":{\"@id\":\"https:\\\/\\\/www.ugtcomunicaciones.es\\\/wordpress\\\/#website\"},\"primaryImageOfPage\":{\"@id\":\"https:\\\/\\\/www.ugtcomunicaciones.es\\\/wordpress\\\/indice-desarrollo-las-tic-idt-2016\\\/#primaryimage\"},\"image\":{\"@id\":\"https:\\\/\\\/www.ugtcomunicaciones.es\\\/wordpress\\\/indice-desarrollo-las-tic-idt-2016\\\/#primaryimage\"},\"thumbnailUrl\":\"https:\\\/\\\/www.ugtcomunicaciones.es\\\/wordpress\\\/wp-content\\\/uploads\\\/2017\\\/02\\\/desarrollo_tic-0.png\",\"datePublished\":\"2017-02-06T12:36:33+00:00\",\"dateModified\":\"2017-06-27T07:31:50+00:00\",\"breadcrumb\":{\"@id\":\"https:\\\/\\\/www.ugtcomunicaciones.es\\\/wordpress\\\/indice-desarrollo-las-tic-idt-2016\\\/#breadcrumb\"},\"inLanguage\":\"es\",\"potentialAction\":[{\"@type\":\"ReadAction\",\"target\":[\"https:\\\/\\\/www.ugtcomunicaciones.es\\\/wordpress\\\/indice-desarrollo-las-tic-idt-2016\\\/\"]}]},{\"@type\":\"ImageObject\",\"inLanguage\":\"es\",\"@id\":\"https:\\\/\\\/www.ugtcomunicaciones.es\\\/wordpress\\\/indice-desarrollo-las-tic-idt-2016\\\/#primaryimage\",\"url\":\"https:\\\/\\\/www.ugtcomunicaciones.es\\\/wordpress\\\/wp-content\\\/uploads\\\/2017\\\/02\\\/desarrollo_tic-0.png\",\"contentUrl\":\"https:\\\/\\\/www.ugtcomunicaciones.es\\\/wordpress\\\/wp-content\\\/uploads\\\/2017\\\/02\\\/desarrollo_tic-0.png\",\"width\":129,\"height\":149},{\"@type\":\"BreadcrumbList\",\"@id\":\"https:\\\/\\\/www.ugtcomunicaciones.es\\\/wordpress\\\/indice-desarrollo-las-tic-idt-2016\\\/#breadcrumb\",\"itemListElement\":[{\"@type\":\"ListItem\",\"position\":1,\"name\":\"Portada\",\"item\":\"https:\\\/\\\/www.ugtcomunicaciones.es\\\/wordpress\\\/\"},{\"@type\":\"ListItem\",\"position\":2,\"name\":\"\u00cdndice de desarrollo de las TIC (IDT) 2016\"}]},{\"@type\":\"WebSite\",\"@id\":\"https:\\\/\\\/www.ugtcomunicaciones.es\\\/wordpress\\\/#website\",\"url\":\"https:\\\/\\\/www.ugtcomunicaciones.es\\\/wordpress\\\/\",\"name\":\"UGT Comunicaciones\",\"description\":\"Sindicato de Telecomunicaciones\",\"publisher\":{\"@id\":\"https:\\\/\\\/www.ugtcomunicaciones.es\\\/wordpress\\\/#organization\"},\"potentialAction\":[{\"@type\":\"SearchAction\",\"target\":{\"@type\":\"EntryPoint\",\"urlTemplate\":\"https:\\\/\\\/www.ugtcomunicaciones.es\\\/wordpress\\\/?s={search_term_string}\"},\"query-input\":{\"@type\":\"PropertyValueSpecification\",\"valueRequired\":true,\"valueName\":\"search_term_string\"}}],\"inLanguage\":\"es\"},{\"@type\":\"Organization\",\"@id\":\"https:\\\/\\\/www.ugtcomunicaciones.es\\\/wordpress\\\/#organization\",\"name\":\"UGT Comunicaciones\",\"url\":\"https:\\\/\\\/www.ugtcomunicaciones.es\\\/wordpress\\\/\",\"logo\":{\"@type\":\"ImageObject\",\"inLanguage\":\"es\",\"@id\":\"https:\\\/\\\/www.ugtcomunicaciones.es\\\/wordpress\\\/#\\\/schema\\\/logo\\\/image\\\/\",\"url\":\"https:\\\/\\\/www.ugtcomunicaciones.es\\\/wordpress\\\/wp-content\\\/uploads\\\/2024\\\/04\\\/comunicaciones_logo.png\",\"contentUrl\":\"https:\\\/\\\/www.ugtcomunicaciones.es\\\/wordpress\\\/wp-content\\\/uploads\\\/2024\\\/04\\\/comunicaciones_logo.png\",\"width\":298,\"height\":81,\"caption\":\"UGT Comunicaciones\"},\"image\":{\"@id\":\"https:\\\/\\\/www.ugtcomunicaciones.es\\\/wordpress\\\/#\\\/schema\\\/logo\\\/image\\\/\"},\"sameAs\":[\"https:\\\/\\\/www.facebook.com\\\/ugt.comunicaciones\\\/\",\"https:\\\/\\\/x.com\\\/ugtcom\"]},{\"@type\":\"Person\",\"@id\":\"https:\\\/\\\/www.ugtcomunicaciones.es\\\/wordpress\\\/#\\\/schema\\\/person\\\/eba0fc3fe5b444531d94d4368cba89ed\",\"name\":\"UGT\",\"image\":{\"@type\":\"ImageObject\",\"inLanguage\":\"es\",\"@id\":\"https:\\\/\\\/secure.gravatar.com\\\/avatar\\\/2a16057d620a4c646bcfc171c4f23030879ebbdd346f0525bd5d4a564e57e13d?s=96&d=mm&r=g\",\"url\":\"https:\\\/\\\/secure.gravatar.com\\\/avatar\\\/2a16057d620a4c646bcfc171c4f23030879ebbdd346f0525bd5d4a564e57e13d?s=96&d=mm&r=g\",\"contentUrl\":\"https:\\\/\\\/secure.gravatar.com\\\/avatar\\\/2a16057d620a4c646bcfc171c4f23030879ebbdd346f0525bd5d4a564e57e13d?s=96&d=mm&r=g\",\"caption\":\"UGT\"}}]}<\/script>\n<!-- \/ Yoast SEO Premium plugin. -->","yoast_head_json":{"title":"\u00cdndice de desarrollo de las TIC (IDT) 2016 - UGT Comunicaciones","robots":{"index":"index","follow":"follow","max-snippet":"max-snippet:-1","max-image-preview":"max-image-preview:large","max-video-preview":"max-video-preview:-1"},"canonical":"https:\/\/www.ugtcomunicaciones.es\/wordpress\/indice-desarrollo-las-tic-idt-2016\/","og_locale":"es_ES","og_type":"article","og_title":"\u00cdndice de desarrollo de las TIC (IDT) 2016","og_description":"El \u00cdndice de Desarrollo de las TIC (IDT)[1] es un \u00edndice instaurado por la Uni\u00f3n Internacional de Telecomunicaciones (ITU)[2] y que combina 11 indicadores crear una medida de referencia que sirve para supervisar y comparar la evoluci\u00f3n de las tecnolog\u00edas de la informaci\u00f3n y la comunicaci\u00f3n (TIC) entre los pa\u00edses. Con ello pretende medir el [&hellip;]","og_url":"https:\/\/www.ugtcomunicaciones.es\/wordpress\/indice-desarrollo-las-tic-idt-2016\/","og_site_name":"UGT Comunicaciones","article_publisher":"https:\/\/www.facebook.com\/ugt.comunicaciones\/","article_published_time":"2017-02-06T12:36:33+00:00","article_modified_time":"2017-06-27T07:31:50+00:00","og_image":[{"width":129,"height":149,"url":"https:\/\/www.ugtcomunicaciones.es\/wordpress\/wp-content\/uploads\/2017\/02\/desarrollo_tic-0.png","type":"image\/png"}],"author":"UGT","twitter_card":"summary_large_image","twitter_creator":"@ugtcom","twitter_site":"@ugtcom","twitter_misc":{"Escrito por":"UGT","Tiempo de lectura":"2 minutos"},"schema":{"@context":"https:\/\/schema.org","@graph":[{"@type":"Article","@id":"https:\/\/www.ugtcomunicaciones.es\/wordpress\/indice-desarrollo-las-tic-idt-2016\/#article","isPartOf":{"@id":"https:\/\/www.ugtcomunicaciones.es\/wordpress\/indice-desarrollo-las-tic-idt-2016\/"},"author":{"name":"UGT","@id":"https:\/\/www.ugtcomunicaciones.es\/wordpress\/#\/schema\/person\/eba0fc3fe5b444531d94d4368cba89ed"},"headline":"\u00cdndice de desarrollo de las TIC (IDT) 2016","datePublished":"2017-02-06T12:36:33+00:00","dateModified":"2017-06-27T07:31:50+00:00","mainEntityOfPage":{"@id":"https:\/\/www.ugtcomunicaciones.es\/wordpress\/indice-desarrollo-las-tic-idt-2016\/"},"wordCount":337,"commentCount":0,"publisher":{"@id":"https:\/\/www.ugtcomunicaciones.es\/wordpress\/#organization"},"image":{"@id":"https:\/\/www.ugtcomunicaciones.es\/wordpress\/indice-desarrollo-las-tic-idt-2016\/#primaryimage"},"thumbnailUrl":"https:\/\/www.ugtcomunicaciones.es\/wordpress\/wp-content\/uploads\/2017\/02\/desarrollo_tic-0.png","articleSection":["Competencia","Regulaci\u00f3n"],"inLanguage":"es","potentialAction":[{"@type":"CommentAction","name":"Comment","target":["https:\/\/www.ugtcomunicaciones.es\/wordpress\/indice-desarrollo-las-tic-idt-2016\/#respond"]}]},{"@type":"WebPage","@id":"https:\/\/www.ugtcomunicaciones.es\/wordpress\/indice-desarrollo-las-tic-idt-2016\/","url":"https:\/\/www.ugtcomunicaciones.es\/wordpress\/indice-desarrollo-las-tic-idt-2016\/","name":"\u00cdndice de desarrollo de las TIC (IDT) 2016 - UGT Comunicaciones","isPartOf":{"@id":"https:\/\/www.ugtcomunicaciones.es\/wordpress\/#website"},"primaryImageOfPage":{"@id":"https:\/\/www.ugtcomunicaciones.es\/wordpress\/indice-desarrollo-las-tic-idt-2016\/#primaryimage"},"image":{"@id":"https:\/\/www.ugtcomunicaciones.es\/wordpress\/indice-desarrollo-las-tic-idt-2016\/#primaryimage"},"thumbnailUrl":"https:\/\/www.ugtcomunicaciones.es\/wordpress\/wp-content\/uploads\/2017\/02\/desarrollo_tic-0.png","datePublished":"2017-02-06T12:36:33+00:00","dateModified":"2017-06-27T07:31:50+00:00","breadcrumb":{"@id":"https:\/\/www.ugtcomunicaciones.es\/wordpress\/indice-desarrollo-las-tic-idt-2016\/#breadcrumb"},"inLanguage":"es","potentialAction":[{"@type":"ReadAction","target":["https:\/\/www.ugtcomunicaciones.es\/wordpress\/indice-desarrollo-las-tic-idt-2016\/"]}]},{"@type":"ImageObject","inLanguage":"es","@id":"https:\/\/www.ugtcomunicaciones.es\/wordpress\/indice-desarrollo-las-tic-idt-2016\/#primaryimage","url":"https:\/\/www.ugtcomunicaciones.es\/wordpress\/wp-content\/uploads\/2017\/02\/desarrollo_tic-0.png","contentUrl":"https:\/\/www.ugtcomunicaciones.es\/wordpress\/wp-content\/uploads\/2017\/02\/desarrollo_tic-0.png","width":129,"height":149},{"@type":"BreadcrumbList","@id":"https:\/\/www.ugtcomunicaciones.es\/wordpress\/indice-desarrollo-las-tic-idt-2016\/#breadcrumb","itemListElement":[{"@type":"ListItem","position":1,"name":"Portada","item":"https:\/\/www.ugtcomunicaciones.es\/wordpress\/"},{"@type":"ListItem","position":2,"name":"\u00cdndice de desarrollo de las TIC (IDT) 2016"}]},{"@type":"WebSite","@id":"https:\/\/www.ugtcomunicaciones.es\/wordpress\/#website","url":"https:\/\/www.ugtcomunicaciones.es\/wordpress\/","name":"UGT Comunicaciones","description":"Sindicato de Telecomunicaciones","publisher":{"@id":"https:\/\/www.ugtcomunicaciones.es\/wordpress\/#organization"},"potentialAction":[{"@type":"SearchAction","target":{"@type":"EntryPoint","urlTemplate":"https:\/\/www.ugtcomunicaciones.es\/wordpress\/?s={search_term_string}"},"query-input":{"@type":"PropertyValueSpecification","valueRequired":true,"valueName":"search_term_string"}}],"inLanguage":"es"},{"@type":"Organization","@id":"https:\/\/www.ugtcomunicaciones.es\/wordpress\/#organization","name":"UGT Comunicaciones","url":"https:\/\/www.ugtcomunicaciones.es\/wordpress\/","logo":{"@type":"ImageObject","inLanguage":"es","@id":"https:\/\/www.ugtcomunicaciones.es\/wordpress\/#\/schema\/logo\/image\/","url":"https:\/\/www.ugtcomunicaciones.es\/wordpress\/wp-content\/uploads\/2024\/04\/comunicaciones_logo.png","contentUrl":"https:\/\/www.ugtcomunicaciones.es\/wordpress\/wp-content\/uploads\/2024\/04\/comunicaciones_logo.png","width":298,"height":81,"caption":"UGT Comunicaciones"},"image":{"@id":"https:\/\/www.ugtcomunicaciones.es\/wordpress\/#\/schema\/logo\/image\/"},"sameAs":["https:\/\/www.facebook.com\/ugt.comunicaciones\/","https:\/\/x.com\/ugtcom"]},{"@type":"Person","@id":"https:\/\/www.ugtcomunicaciones.es\/wordpress\/#\/schema\/person\/eba0fc3fe5b444531d94d4368cba89ed","name":"UGT","image":{"@type":"ImageObject","inLanguage":"es","@id":"https:\/\/secure.gravatar.com\/avatar\/2a16057d620a4c646bcfc171c4f23030879ebbdd346f0525bd5d4a564e57e13d?s=96&d=mm&r=g","url":"https:\/\/secure.gravatar.com\/avatar\/2a16057d620a4c646bcfc171c4f23030879ebbdd346f0525bd5d4a564e57e13d?s=96&d=mm&r=g","contentUrl":"https:\/\/secure.gravatar.com\/avatar\/2a16057d620a4c646bcfc171c4f23030879ebbdd346f0525bd5d4a564e57e13d?s=96&d=mm&r=g","caption":"UGT"}}]}},"_links":{"self":[{"href":"https:\/\/www.ugtcomunicaciones.es\/wordpress\/wp-json\/wp\/v2\/posts\/796","targetHints":{"allow":["GET"]}}],"collection":[{"href":"https:\/\/www.ugtcomunicaciones.es\/wordpress\/wp-json\/wp\/v2\/posts"}],"about":[{"href":"https:\/\/www.ugtcomunicaciones.es\/wordpress\/wp-json\/wp\/v2\/types\/post"}],"author":[{"embeddable":true,"href":"https:\/\/www.ugtcomunicaciones.es\/wordpress\/wp-json\/wp\/v2\/users\/3"}],"replies":[{"embeddable":true,"href":"https:\/\/www.ugtcomunicaciones.es\/wordpress\/wp-json\/wp\/v2\/comments?post=796"}],"version-history":[{"count":0,"href":"https:\/\/www.ugtcomunicaciones.es\/wordpress\/wp-json\/wp\/v2\/posts\/796\/revisions"}],"wp:featuredmedia":[{"embeddable":true,"href":"https:\/\/www.ugtcomunicaciones.es\/wordpress\/wp-json\/wp\/v2\/media\/799"}],"wp:attachment":[{"href":"https:\/\/www.ugtcomunicaciones.es\/wordpress\/wp-json\/wp\/v2\/media?parent=796"}],"wp:term":[{"taxonomy":"category","embeddable":true,"href":"https:\/\/www.ugtcomunicaciones.es\/wordpress\/wp-json\/wp\/v2\/categories?post=796"},{"taxonomy":"post_tag","embeddable":true,"href":"https:\/\/www.ugtcomunicaciones.es\/wordpress\/wp-json\/wp\/v2\/tags?post=796"}],"curies":[{"name":"wp","href":"https:\/\/api.w.org\/{rel}","templated":true}]}}