{"id":79671,"date":"2017-12-20T19:00:13","date_gmt":"2017-12-20T17:00:13","guid":{"rendered":"http:\/\/ugtcomunicaciones.es\/wordpress\/?p=79671"},"modified":"2017-12-20T19:00:13","modified_gmt":"2017-12-20T17:00:13","slug":"prorroga-convenio-colectivo-telyco","status":"publish","type":"post","link":"https:\/\/www.ugtcomunicaciones.es\/wordpress\/prorroga-convenio-colectivo-telyco\/","title":{"rendered":"Pr\u00f3rroga Convenio Colectivo Telyco"},"content":{"rendered":"<p style=\"text-align: justify;\">Hoy d\u00eda 20 ha tenido lugar la 5\u00ba reuni\u00f3n de negociaci\u00f3n sobre el acuerdo de pr\u00f3rroga del Convenio Colectivo de Telyco 2016-2017, en la sede que la empresa tiene en el madrile\u00f1o barrio de Moratalaz.<\/p>\n<p style=\"text-align: justify;\">Esta reuni\u00f3n llega tras un periodo de bloqueo en las negociaciones, debido a la irrupci\u00f3n durante proceso de negociaci\u00f3n, de nuevas peticiones de la empresa que fueron retiradas.<\/p>\n<p style=\"text-align: justify;\">Finalmente el acuerdo se ha firmado \u00fanicamente con los votos de <span style=\"color: #ff0000;\"><strong>UGT<\/strong> <\/span>y prorroga el actual Convenio hasta el 31 de diciembre de 2018, incluye todas nuestras reivindicaciones que se expresan a continuaci\u00f3n<\/p>\n<ul style=\"text-align: justify;\">\n<li>Extensi\u00f3n y mantenimiento de la garant\u00eda de empleo hasta final de la extensi\u00f3n del Convenio. Esta garant\u00eda blinda a los trabajadores de Telyco ante eventuales procesos reorganizativos manteniendo el actual nivel de empleo en la empresa.<\/li>\n<li>Subida del 1,5% de salario sobre masa salarial, lo que sit\u00faa a esta empresa en la subida realizada dentro de las empresas firmantes del Convenio de Empresas Vinculadas, Telefonica, Telefonica M\u00f3viles y Telef\u00f3nica Soluciones.<\/li>\n<li>Mantenimiento de la paga de productividad que, dependiendo del grado del cumplimiento de los objetivos planteados, puede alcanzar entre los 150 a 300 euros. El cualquier caso, de no conseguir los objetivos, pero quedar al 70% de cumplimiento de uno de ellos, da derecho al cobro de 150 euros del primer objetivo.<\/li>\n<li>Ampliar la facilidad de contrataci\u00f3n de p\u00f3liza de Seguro M\u00e9dico Antares hasta familiares de 1\u00ba grado \u2013c\u00f3nyuge e hijos- del trabajador que lo desee. Esta facilidad permite que no se contemplen los l\u00edmites de la admisi\u00f3n adem\u00e1s, de evitar los periodos de carencia para determinados servicios que acompa\u00f1an estos seguros en las nuevas contrataciones.<\/li>\n<\/ul>\n<p style=\"text-align: justify;\">Las actuales coyunturas que pesan sobre el \u00e1mbito de actividad de la empresa, as\u00ed como la situaci\u00f3n de bloqueo en la negociaci\u00f3n de los agentes sociales en materia de subida salarial, ha influido de manera decisiva para que <span style=\"color: #ff0000;\"><strong>UGT<\/strong> <\/span>apueste por la pr\u00f3rroga del actual Convenio negociado a mediados de 2016, no sin antes, asegurarnos de que las condiciones de pr\u00f3rroga, lograban el mantenimiento del nivel de empleo y del poder adquisitivo.<\/p>\n<p style=\"text-align: justify;\">Por estas razones, debemos sentirnos satisfechos de haber alcanzado una pr\u00f3rroga del Convenio, qu\u00e9 si de no se negocia a finales de 2018, se entender\u00e1 autom\u00e1ticamente denunciado, brindando as\u00ed, la posibilidad negociar la inclusi\u00f3n de Telyco en el entorno de las empresas del Convenio de Empresas Vinculadas Telef\u00f3nica de Espa\u00f1a, Telef\u00f3nica M\u00f3viles y Telef\u00f3nica Soluciones, que tambi\u00e9n concluyen Convenio en 2018.<\/p>\n","protected":false},"excerpt":{"rendered":"<p>Hoy d\u00eda 20 ha tenido lugar la 5\u00ba reuni\u00f3n de negociaci\u00f3n sobre el acuerdo de pr\u00f3rroga del Convenio Colectivo de Telyco 2016-2017, en la sede que la empresa tiene en el madrile\u00f1o barrio de Moratalaz. Esta reuni\u00f3n llega tras un periodo de bloqueo en las negociaciones, debido a la irrupci\u00f3n durante proceso de negociaci\u00f3n, de [&hellip;]<\/p>\n","protected":false},"author":3,"featured_media":79672,"comment_status":"closed","ping_status":"closed","sticky":false,"template":"","format":"standard","meta":{"footnotes":""},"categories":[37,31],"tags":[],"class_list":["post-79671","post","type-post","status-publish","format-standard","has-post-thumbnail","hentry","category-telyco-telyco","category-telyco"],"yoast_head":"<!-- This site is optimized with the Yoast SEO Premium plugin v27.3 (Yoast SEO v27.4) - https:\/\/yoast.com\/product\/yoast-seo-premium-wordpress\/ -->\n<title>Pr\u00f3rroga Convenio Colectivo Telyco - UGT Comunicaciones<\/title>\n<meta name=\"robots\" content=\"index, follow, max-snippet:-1, max-image-preview:large, max-video-preview:-1\" \/>\n<link rel=\"canonical\" href=\"https:\/\/www.ugtcomunicaciones.es\/wordpress\/prorroga-convenio-colectivo-telyco\/\" \/>\n<meta property=\"og:locale\" content=\"es_ES\" \/>\n<meta property=\"og:type\" content=\"article\" \/>\n<meta property=\"og:title\" content=\"Pr\u00f3rroga Convenio Colectivo Telyco\" \/>\n<meta property=\"og:description\" content=\"Hoy d\u00eda 20 ha tenido lugar la 5\u00ba reuni\u00f3n de negociaci\u00f3n sobre el acuerdo de pr\u00f3rroga del Convenio Colectivo de Telyco 2016-2017, en la sede que la empresa tiene en el madrile\u00f1o barrio de Moratalaz. Esta reuni\u00f3n llega tras un periodo de bloqueo en las negociaciones, debido a la irrupci\u00f3n durante proceso de negociaci\u00f3n, de [&hellip;]\" \/>\n<meta property=\"og:url\" content=\"https:\/\/www.ugtcomunicaciones.es\/wordpress\/prorroga-convenio-colectivo-telyco\/\" \/>\n<meta property=\"og:site_name\" content=\"UGT Comunicaciones\" \/>\n<meta property=\"article:publisher\" content=\"https:\/\/www.facebook.com\/ugt.comunicaciones\/\" \/>\n<meta property=\"article:published_time\" content=\"2017-12-20T17:00:13+00:00\" \/>\n<meta property=\"og:image\" content=\"https:\/\/www.ugtcomunicaciones.es\/wordpress\/wp-content\/uploads\/2017\/12\/firma.jpg\" \/>\n\t<meta property=\"og:image:width\" content=\"640\" \/>\n\t<meta property=\"og:image:height\" content=\"349\" \/>\n\t<meta property=\"og:image:type\" content=\"image\/jpeg\" \/>\n<meta name=\"author\" content=\"UGT\" \/>\n<meta name=\"twitter:card\" content=\"summary_large_image\" \/>\n<meta name=\"twitter:creator\" content=\"@ugtcom\" \/>\n<meta name=\"twitter:site\" content=\"@ugtcom\" \/>\n<meta name=\"twitter:label1\" content=\"Escrito por\" \/>\n\t<meta name=\"twitter:data1\" content=\"UGT\" \/>\n\t<meta name=\"twitter:label2\" content=\"Tiempo de lectura\" \/>\n\t<meta name=\"twitter:data2\" content=\"2 minutos\" \/>\n<script type=\"application\/ld+json\" class=\"yoast-schema-graph\">{\"@context\":\"https:\\\/\\\/schema.org\",\"@graph\":[{\"@type\":\"Article\",\"@id\":\"https:\\\/\\\/www.ugtcomunicaciones.es\\\/wordpress\\\/prorroga-convenio-colectivo-telyco\\\/#article\",\"isPartOf\":{\"@id\":\"https:\\\/\\\/www.ugtcomunicaciones.es\\\/wordpress\\\/prorroga-convenio-colectivo-telyco\\\/\"},\"author\":{\"name\":\"UGT\",\"@id\":\"https:\\\/\\\/www.ugtcomunicaciones.es\\\/wordpress\\\/#\\\/schema\\\/person\\\/eba0fc3fe5b444531d94d4368cba89ed\"},\"headline\":\"Pr\u00f3rroga Convenio Colectivo Telyco\",\"datePublished\":\"2017-12-20T17:00:13+00:00\",\"mainEntityOfPage\":{\"@id\":\"https:\\\/\\\/www.ugtcomunicaciones.es\\\/wordpress\\\/prorroga-convenio-colectivo-telyco\\\/\"},\"wordCount\":434,\"publisher\":{\"@id\":\"https:\\\/\\\/www.ugtcomunicaciones.es\\\/wordpress\\\/#organization\"},\"image\":{\"@id\":\"https:\\\/\\\/www.ugtcomunicaciones.es\\\/wordpress\\\/prorroga-convenio-colectivo-telyco\\\/#primaryimage\"},\"thumbnailUrl\":\"https:\\\/\\\/www.ugtcomunicaciones.es\\\/wordpress\\\/wp-content\\\/uploads\\\/2017\\\/12\\\/firma.jpg\",\"articleSection\":[\"Telyco\",\"Telyco\"],\"inLanguage\":\"es\"},{\"@type\":\"WebPage\",\"@id\":\"https:\\\/\\\/www.ugtcomunicaciones.es\\\/wordpress\\\/prorroga-convenio-colectivo-telyco\\\/\",\"url\":\"https:\\\/\\\/www.ugtcomunicaciones.es\\\/wordpress\\\/prorroga-convenio-colectivo-telyco\\\/\",\"name\":\"Pr\u00f3rroga Convenio Colectivo Telyco - UGT Comunicaciones\",\"isPartOf\":{\"@id\":\"https:\\\/\\\/www.ugtcomunicaciones.es\\\/wordpress\\\/#website\"},\"primaryImageOfPage\":{\"@id\":\"https:\\\/\\\/www.ugtcomunicaciones.es\\\/wordpress\\\/prorroga-convenio-colectivo-telyco\\\/#primaryimage\"},\"image\":{\"@id\":\"https:\\\/\\\/www.ugtcomunicaciones.es\\\/wordpress\\\/prorroga-convenio-colectivo-telyco\\\/#primaryimage\"},\"thumbnailUrl\":\"https:\\\/\\\/www.ugtcomunicaciones.es\\\/wordpress\\\/wp-content\\\/uploads\\\/2017\\\/12\\\/firma.jpg\",\"datePublished\":\"2017-12-20T17:00:13+00:00\",\"breadcrumb\":{\"@id\":\"https:\\\/\\\/www.ugtcomunicaciones.es\\\/wordpress\\\/prorroga-convenio-colectivo-telyco\\\/#breadcrumb\"},\"inLanguage\":\"es\",\"potentialAction\":[{\"@type\":\"ReadAction\",\"target\":[\"https:\\\/\\\/www.ugtcomunicaciones.es\\\/wordpress\\\/prorroga-convenio-colectivo-telyco\\\/\"]}]},{\"@type\":\"ImageObject\",\"inLanguage\":\"es\",\"@id\":\"https:\\\/\\\/www.ugtcomunicaciones.es\\\/wordpress\\\/prorroga-convenio-colectivo-telyco\\\/#primaryimage\",\"url\":\"https:\\\/\\\/www.ugtcomunicaciones.es\\\/wordpress\\\/wp-content\\\/uploads\\\/2017\\\/12\\\/firma.jpg\",\"contentUrl\":\"https:\\\/\\\/www.ugtcomunicaciones.es\\\/wordpress\\\/wp-content\\\/uploads\\\/2017\\\/12\\\/firma.jpg\",\"width\":640,\"height\":349},{\"@type\":\"BreadcrumbList\",\"@id\":\"https:\\\/\\\/www.ugtcomunicaciones.es\\\/wordpress\\\/prorroga-convenio-colectivo-telyco\\\/#breadcrumb\",\"itemListElement\":[{\"@type\":\"ListItem\",\"position\":1,\"name\":\"Portada\",\"item\":\"https:\\\/\\\/www.ugtcomunicaciones.es\\\/wordpress\\\/\"},{\"@type\":\"ListItem\",\"position\":2,\"name\":\"Pr\u00f3rroga Convenio Colectivo Telyco\"}]},{\"@type\":\"WebSite\",\"@id\":\"https:\\\/\\\/www.ugtcomunicaciones.es\\\/wordpress\\\/#website\",\"url\":\"https:\\\/\\\/www.ugtcomunicaciones.es\\\/wordpress\\\/\",\"name\":\"UGT Comunicaciones\",\"description\":\"Sindicato de Telecomunicaciones\",\"publisher\":{\"@id\":\"https:\\\/\\\/www.ugtcomunicaciones.es\\\/wordpress\\\/#organization\"},\"potentialAction\":[{\"@type\":\"SearchAction\",\"target\":{\"@type\":\"EntryPoint\",\"urlTemplate\":\"https:\\\/\\\/www.ugtcomunicaciones.es\\\/wordpress\\\/?s={search_term_string}\"},\"query-input\":{\"@type\":\"PropertyValueSpecification\",\"valueRequired\":true,\"valueName\":\"search_term_string\"}}],\"inLanguage\":\"es\"},{\"@type\":\"Organization\",\"@id\":\"https:\\\/\\\/www.ugtcomunicaciones.es\\\/wordpress\\\/#organization\",\"name\":\"UGT Comunicaciones\",\"url\":\"https:\\\/\\\/www.ugtcomunicaciones.es\\\/wordpress\\\/\",\"logo\":{\"@type\":\"ImageObject\",\"inLanguage\":\"es\",\"@id\":\"https:\\\/\\\/www.ugtcomunicaciones.es\\\/wordpress\\\/#\\\/schema\\\/logo\\\/image\\\/\",\"url\":\"https:\\\/\\\/www.ugtcomunicaciones.es\\\/wordpress\\\/wp-content\\\/uploads\\\/2024\\\/04\\\/comunicaciones_logo.png\",\"contentUrl\":\"https:\\\/\\\/www.ugtcomunicaciones.es\\\/wordpress\\\/wp-content\\\/uploads\\\/2024\\\/04\\\/comunicaciones_logo.png\",\"width\":298,\"height\":81,\"caption\":\"UGT Comunicaciones\"},\"image\":{\"@id\":\"https:\\\/\\\/www.ugtcomunicaciones.es\\\/wordpress\\\/#\\\/schema\\\/logo\\\/image\\\/\"},\"sameAs\":[\"https:\\\/\\\/www.facebook.com\\\/ugt.comunicaciones\\\/\",\"https:\\\/\\\/x.com\\\/ugtcom\"]},{\"@type\":\"Person\",\"@id\":\"https:\\\/\\\/www.ugtcomunicaciones.es\\\/wordpress\\\/#\\\/schema\\\/person\\\/eba0fc3fe5b444531d94d4368cba89ed\",\"name\":\"UGT\",\"image\":{\"@type\":\"ImageObject\",\"inLanguage\":\"es\",\"@id\":\"https:\\\/\\\/secure.gravatar.com\\\/avatar\\\/2a16057d620a4c646bcfc171c4f23030879ebbdd346f0525bd5d4a564e57e13d?s=96&d=mm&r=g\",\"url\":\"https:\\\/\\\/secure.gravatar.com\\\/avatar\\\/2a16057d620a4c646bcfc171c4f23030879ebbdd346f0525bd5d4a564e57e13d?s=96&d=mm&r=g\",\"contentUrl\":\"https:\\\/\\\/secure.gravatar.com\\\/avatar\\\/2a16057d620a4c646bcfc171c4f23030879ebbdd346f0525bd5d4a564e57e13d?s=96&d=mm&r=g\",\"caption\":\"UGT\"}}]}<\/script>\n<!-- \/ Yoast SEO Premium plugin. -->","yoast_head_json":{"title":"Pr\u00f3rroga Convenio Colectivo Telyco - UGT Comunicaciones","robots":{"index":"index","follow":"follow","max-snippet":"max-snippet:-1","max-image-preview":"max-image-preview:large","max-video-preview":"max-video-preview:-1"},"canonical":"https:\/\/www.ugtcomunicaciones.es\/wordpress\/prorroga-convenio-colectivo-telyco\/","og_locale":"es_ES","og_type":"article","og_title":"Pr\u00f3rroga Convenio Colectivo Telyco","og_description":"Hoy d\u00eda 20 ha tenido lugar la 5\u00ba reuni\u00f3n de negociaci\u00f3n sobre el acuerdo de pr\u00f3rroga del Convenio Colectivo de Telyco 2016-2017, en la sede que la empresa tiene en el madrile\u00f1o barrio de Moratalaz. Esta reuni\u00f3n llega tras un periodo de bloqueo en las negociaciones, debido a la irrupci\u00f3n durante proceso de negociaci\u00f3n, de [&hellip;]","og_url":"https:\/\/www.ugtcomunicaciones.es\/wordpress\/prorroga-convenio-colectivo-telyco\/","og_site_name":"UGT Comunicaciones","article_publisher":"https:\/\/www.facebook.com\/ugt.comunicaciones\/","article_published_time":"2017-12-20T17:00:13+00:00","og_image":[{"width":640,"height":349,"url":"https:\/\/www.ugtcomunicaciones.es\/wordpress\/wp-content\/uploads\/2017\/12\/firma.jpg","type":"image\/jpeg"}],"author":"UGT","twitter_card":"summary_large_image","twitter_creator":"@ugtcom","twitter_site":"@ugtcom","twitter_misc":{"Escrito por":"UGT","Tiempo de lectura":"2 minutos"},"schema":{"@context":"https:\/\/schema.org","@graph":[{"@type":"Article","@id":"https:\/\/www.ugtcomunicaciones.es\/wordpress\/prorroga-convenio-colectivo-telyco\/#article","isPartOf":{"@id":"https:\/\/www.ugtcomunicaciones.es\/wordpress\/prorroga-convenio-colectivo-telyco\/"},"author":{"name":"UGT","@id":"https:\/\/www.ugtcomunicaciones.es\/wordpress\/#\/schema\/person\/eba0fc3fe5b444531d94d4368cba89ed"},"headline":"Pr\u00f3rroga Convenio Colectivo Telyco","datePublished":"2017-12-20T17:00:13+00:00","mainEntityOfPage":{"@id":"https:\/\/www.ugtcomunicaciones.es\/wordpress\/prorroga-convenio-colectivo-telyco\/"},"wordCount":434,"publisher":{"@id":"https:\/\/www.ugtcomunicaciones.es\/wordpress\/#organization"},"image":{"@id":"https:\/\/www.ugtcomunicaciones.es\/wordpress\/prorroga-convenio-colectivo-telyco\/#primaryimage"},"thumbnailUrl":"https:\/\/www.ugtcomunicaciones.es\/wordpress\/wp-content\/uploads\/2017\/12\/firma.jpg","articleSection":["Telyco","Telyco"],"inLanguage":"es"},{"@type":"WebPage","@id":"https:\/\/www.ugtcomunicaciones.es\/wordpress\/prorroga-convenio-colectivo-telyco\/","url":"https:\/\/www.ugtcomunicaciones.es\/wordpress\/prorroga-convenio-colectivo-telyco\/","name":"Pr\u00f3rroga Convenio Colectivo Telyco - UGT Comunicaciones","isPartOf":{"@id":"https:\/\/www.ugtcomunicaciones.es\/wordpress\/#website"},"primaryImageOfPage":{"@id":"https:\/\/www.ugtcomunicaciones.es\/wordpress\/prorroga-convenio-colectivo-telyco\/#primaryimage"},"image":{"@id":"https:\/\/www.ugtcomunicaciones.es\/wordpress\/prorroga-convenio-colectivo-telyco\/#primaryimage"},"thumbnailUrl":"https:\/\/www.ugtcomunicaciones.es\/wordpress\/wp-content\/uploads\/2017\/12\/firma.jpg","datePublished":"2017-12-20T17:00:13+00:00","breadcrumb":{"@id":"https:\/\/www.ugtcomunicaciones.es\/wordpress\/prorroga-convenio-colectivo-telyco\/#breadcrumb"},"inLanguage":"es","potentialAction":[{"@type":"ReadAction","target":["https:\/\/www.ugtcomunicaciones.es\/wordpress\/prorroga-convenio-colectivo-telyco\/"]}]},{"@type":"ImageObject","inLanguage":"es","@id":"https:\/\/www.ugtcomunicaciones.es\/wordpress\/prorroga-convenio-colectivo-telyco\/#primaryimage","url":"https:\/\/www.ugtcomunicaciones.es\/wordpress\/wp-content\/uploads\/2017\/12\/firma.jpg","contentUrl":"https:\/\/www.ugtcomunicaciones.es\/wordpress\/wp-content\/uploads\/2017\/12\/firma.jpg","width":640,"height":349},{"@type":"BreadcrumbList","@id":"https:\/\/www.ugtcomunicaciones.es\/wordpress\/prorroga-convenio-colectivo-telyco\/#breadcrumb","itemListElement":[{"@type":"ListItem","position":1,"name":"Portada","item":"https:\/\/www.ugtcomunicaciones.es\/wordpress\/"},{"@type":"ListItem","position":2,"name":"Pr\u00f3rroga Convenio Colectivo Telyco"}]},{"@type":"WebSite","@id":"https:\/\/www.ugtcomunicaciones.es\/wordpress\/#website","url":"https:\/\/www.ugtcomunicaciones.es\/wordpress\/","name":"UGT Comunicaciones","description":"Sindicato de Telecomunicaciones","publisher":{"@id":"https:\/\/www.ugtcomunicaciones.es\/wordpress\/#organization"},"potentialAction":[{"@type":"SearchAction","target":{"@type":"EntryPoint","urlTemplate":"https:\/\/www.ugtcomunicaciones.es\/wordpress\/?s={search_term_string}"},"query-input":{"@type":"PropertyValueSpecification","valueRequired":true,"valueName":"search_term_string"}}],"inLanguage":"es"},{"@type":"Organization","@id":"https:\/\/www.ugtcomunicaciones.es\/wordpress\/#organization","name":"UGT Comunicaciones","url":"https:\/\/www.ugtcomunicaciones.es\/wordpress\/","logo":{"@type":"ImageObject","inLanguage":"es","@id":"https:\/\/www.ugtcomunicaciones.es\/wordpress\/#\/schema\/logo\/image\/","url":"https:\/\/www.ugtcomunicaciones.es\/wordpress\/wp-content\/uploads\/2024\/04\/comunicaciones_logo.png","contentUrl":"https:\/\/www.ugtcomunicaciones.es\/wordpress\/wp-content\/uploads\/2024\/04\/comunicaciones_logo.png","width":298,"height":81,"caption":"UGT Comunicaciones"},"image":{"@id":"https:\/\/www.ugtcomunicaciones.es\/wordpress\/#\/schema\/logo\/image\/"},"sameAs":["https:\/\/www.facebook.com\/ugt.comunicaciones\/","https:\/\/x.com\/ugtcom"]},{"@type":"Person","@id":"https:\/\/www.ugtcomunicaciones.es\/wordpress\/#\/schema\/person\/eba0fc3fe5b444531d94d4368cba89ed","name":"UGT","image":{"@type":"ImageObject","inLanguage":"es","@id":"https:\/\/secure.gravatar.com\/avatar\/2a16057d620a4c646bcfc171c4f23030879ebbdd346f0525bd5d4a564e57e13d?s=96&d=mm&r=g","url":"https:\/\/secure.gravatar.com\/avatar\/2a16057d620a4c646bcfc171c4f23030879ebbdd346f0525bd5d4a564e57e13d?s=96&d=mm&r=g","contentUrl":"https:\/\/secure.gravatar.com\/avatar\/2a16057d620a4c646bcfc171c4f23030879ebbdd346f0525bd5d4a564e57e13d?s=96&d=mm&r=g","caption":"UGT"}}]}},"_links":{"self":[{"href":"https:\/\/www.ugtcomunicaciones.es\/wordpress\/wp-json\/wp\/v2\/posts\/79671","targetHints":{"allow":["GET"]}}],"collection":[{"href":"https:\/\/www.ugtcomunicaciones.es\/wordpress\/wp-json\/wp\/v2\/posts"}],"about":[{"href":"https:\/\/www.ugtcomunicaciones.es\/wordpress\/wp-json\/wp\/v2\/types\/post"}],"author":[{"embeddable":true,"href":"https:\/\/www.ugtcomunicaciones.es\/wordpress\/wp-json\/wp\/v2\/users\/3"}],"replies":[{"embeddable":true,"href":"https:\/\/www.ugtcomunicaciones.es\/wordpress\/wp-json\/wp\/v2\/comments?post=79671"}],"version-history":[{"count":0,"href":"https:\/\/www.ugtcomunicaciones.es\/wordpress\/wp-json\/wp\/v2\/posts\/79671\/revisions"}],"wp:featuredmedia":[{"embeddable":true,"href":"https:\/\/www.ugtcomunicaciones.es\/wordpress\/wp-json\/wp\/v2\/media\/79672"}],"wp:attachment":[{"href":"https:\/\/www.ugtcomunicaciones.es\/wordpress\/wp-json\/wp\/v2\/media?parent=79671"}],"wp:term":[{"taxonomy":"category","embeddable":true,"href":"https:\/\/www.ugtcomunicaciones.es\/wordpress\/wp-json\/wp\/v2\/categories?post=79671"},{"taxonomy":"post_tag","embeddable":true,"href":"https:\/\/www.ugtcomunicaciones.es\/wordpress\/wp-json\/wp\/v2\/tags?post=79671"}],"curies":[{"name":"wp","href":"https:\/\/api.w.org\/{rel}","templated":true}]}}