{"id":79724,"date":"2017-12-20T21:29:03","date_gmt":"2017-12-20T19:29:03","guid":{"rendered":"http:\/\/ugtcomunicaciones.es\/wordpress\/?p=79724"},"modified":"2017-12-20T21:32:00","modified_gmt":"2017-12-20T19:32:00","slug":"ugt-firma-solitario-la-prorroga-del-convenio-colectivo","status":"publish","type":"post","link":"https:\/\/www.ugtcomunicaciones.es\/wordpress\/ugt-firma-solitario-la-prorroga-del-convenio-colectivo\/","title":{"rendered":"UGT firma en solitario la pr\u00f3rroga del Convenio Colectivo"},"content":{"rendered":"<p style=\"text-align: justify;\"><img decoding=\"async\" class=\"size-full wp-image-79725 alignleft lazyload\" data-src=\"http:\/\/ugtcomunicaciones.es\/wordpress\/wp-content\/uploads\/2017\/12\/agreement.jpg\" alt=\"\" width=\"413\" height=\"282\" data-srcset=\"https:\/\/www.ugtcomunicaciones.es\/wordpress\/wp-content\/uploads\/2017\/12\/agreement.jpg 413w, https:\/\/www.ugtcomunicaciones.es\/wordpress\/wp-content\/uploads\/2017\/12\/agreement-300x205.jpg 300w\" data-sizes=\"(max-width: 413px) 100vw, 413px\" src=\"data:image\/svg+xml;base64,PHN2ZyB3aWR0aD0iMSIgaGVpZ2h0PSIxIiB4bWxucz0iaHR0cDovL3d3dy53My5vcmcvMjAwMC9zdmciPjwvc3ZnPg==\" style=\"--smush-placeholder-width: 413px; --smush-placeholder-aspect-ratio: 413\/282;\" \/><\/p>\n<p>&nbsp;<\/p>\n<p style=\"text-align: justify;\">Hoy d\u00eda 20 de diciembre, se ha vuelto a reunir la Comisi\u00f3n de Negociaci\u00f3n Permanente, a tan s\u00f3lo 10 d\u00edas de la finalizaci\u00f3n de la vigencia del actual Convenio Colectivo, con el fin de desbloquear la situaci\u00f3n de la pr\u00f3rroga.<\/p>\n<p style=\"text-align: justify;\">As\u00ed, la empresa ha accedido a la mayor\u00eda de nuestras reivindicaciones, prorrog\u00e1ndose el Convenio en los siguientes t\u00e9rminos, hasta el 31 de diciembre de 2018:<\/p>\n<ul style=\"text-align: justify;\">\n<li>Mantenimiento y extensi\u00f3n de la Garant\u00eda de Empleo hasta 31 de diciembre de 2018<\/li>\n<li>Subida salarial del 1.5% a masa salarial<\/li>\n<li>Paga de productividad en los mismos t\u00e9rminos que el a\u00f1o 2017<\/li>\n<li>Facilidad de contrataci\u00f3n del Seguro M\u00e9dico Colectivo para c\u00f3nyuges e hijos<\/li>\n<\/ul>\n<p style=\"text-align: justify;\">Os adjuntamos a este comunicado el texto \u00edntegro de la pr\u00f3rroga del Convenio. Consideramos que esta situaci\u00f3n de bloqueo, ha sido generada por la propia empresa al introducir un nuevo elemento en la negociaci\u00f3n consistente en un piloto en el que los comerciales de punto de venta puedan cerrar las ventas mediante una grabaci\u00f3n que de validez al proceso, y la que UGT ya rechaz\u00f3 en la reuni\u00f3n anterior, por la falta de regulaci\u00f3n, al entender que cualquier negociaci\u00f3n que se realizar\u00e1 al respecto, debe incluir los criterios de voluntariedad, remuneraci\u00f3n y formaci\u00f3n.<\/p>\n<p style=\"text-align: justify;\">En este sentido, la empresa ha aceptado nuestras reivindicaciones y ha presentado una nueva oferta para regular esta prueba piloto con personas voluntarias en la que, las llamadas que se realicen, contabilizar\u00e1n para el SRV donde adem\u00e1s, si se llega al 100% del cumplimiento del SRV se abonar\u00e1n 25\u20ac adicionales y si se llega al 120% se abonar\u00e1n 50\u20ac.<\/p>\n<p style=\"text-align: justify;\">Cada 2 meses se realizar\u00e1 un seguimiento del piloto y a los 6 meses, de continuar este en marcha, se reunir\u00e1 la Comisi\u00f3n de Grupos profesionales, para negociar la inclusi\u00f3n de estas nuevas funciones.<\/p>\n<p style=\"text-align: justify;\">UGT siempre ha apostado firmemente por prorrogar el actual Convenio Colectivo en las coyunturas actuales, siendo adem\u00e1s nuestra principal reivindicaci\u00f3n, el mantenimiento del nivel de empleo a trav\u00e9s de la cl\u00e1usula de Garant\u00eda de Empleo, el mantenimiento del poder adquisitivo y de las dem\u00e1s condiciones que componen nuestro marco laboral establecido en Convenio.<\/p>\n<p style=\"text-align: justify;\">Consideramos adem\u00e1s, que la defensa de nuestro marco laboral, es la mejor forma de conservar los derechos que han costado tanto conseguir.<\/p>\n<p style=\"text-align: justify;\">Esta pr\u00f3rroga, firmada en solitario por UGT, nos posiciona en situaci\u00f3n de negociar la inclusi\u00f3n en el CEV debido a que expira en la misma fecha, d\u00e1ndonos la posibilidad de integrarnos en el mismo, siendo esta, una reivindicaci\u00f3n que esta organizaci\u00f3n ha mantenido desde el inicio del CEV.<\/p>\n","protected":false},"excerpt":{"rendered":"<p>&nbsp; Hoy d\u00eda 20 de diciembre, se ha vuelto a reunir la Comisi\u00f3n de Negociaci\u00f3n Permanente, a tan s\u00f3lo 10 d\u00edas de la finalizaci\u00f3n de la vigencia del actual Convenio Colectivo, con el fin de desbloquear la situaci\u00f3n de la pr\u00f3rroga. As\u00ed, la empresa ha accedido a la mayor\u00eda de nuestras reivindicaciones, prorrog\u00e1ndose el Convenio [&hellip;]<\/p>\n","protected":false},"author":3,"featured_media":79725,"comment_status":"closed","ping_status":"closed","sticky":false,"template":"","format":"standard","meta":{"footnotes":""},"categories":[31,37],"tags":[],"class_list":["post-79724","post","type-post","status-publish","format-standard","has-post-thumbnail","hentry","category-telyco","category-telyco-telyco"],"yoast_head":"<!-- This site is optimized with the Yoast SEO Premium plugin v27.3 (Yoast SEO v27.4) - https:\/\/yoast.com\/product\/yoast-seo-premium-wordpress\/ -->\n<title>UGT firma en solitario la pr\u00f3rroga del Convenio Colectivo - UGT Comunicaciones<\/title>\n<meta name=\"robots\" content=\"index, follow, max-snippet:-1, max-image-preview:large, max-video-preview:-1\" \/>\n<link rel=\"canonical\" href=\"https:\/\/www.ugtcomunicaciones.es\/wordpress\/ugt-firma-solitario-la-prorroga-del-convenio-colectivo\/\" \/>\n<meta property=\"og:locale\" content=\"es_ES\" \/>\n<meta property=\"og:type\" content=\"article\" \/>\n<meta property=\"og:title\" content=\"UGT firma en solitario la pr\u00f3rroga del Convenio Colectivo\" \/>\n<meta property=\"og:description\" content=\"&nbsp; Hoy d\u00eda 20 de diciembre, se ha vuelto a reunir la Comisi\u00f3n de Negociaci\u00f3n Permanente, a tan s\u00f3lo 10 d\u00edas de la finalizaci\u00f3n de la vigencia del actual Convenio Colectivo, con el fin de desbloquear la situaci\u00f3n de la pr\u00f3rroga. As\u00ed, la empresa ha accedido a la mayor\u00eda de nuestras reivindicaciones, prorrog\u00e1ndose el Convenio [&hellip;]\" \/>\n<meta property=\"og:url\" content=\"https:\/\/www.ugtcomunicaciones.es\/wordpress\/ugt-firma-solitario-la-prorroga-del-convenio-colectivo\/\" \/>\n<meta property=\"og:site_name\" content=\"UGT Comunicaciones\" \/>\n<meta property=\"article:publisher\" content=\"https:\/\/www.facebook.com\/ugt.comunicaciones\/\" \/>\n<meta property=\"article:published_time\" content=\"2017-12-20T19:29:03+00:00\" \/>\n<meta property=\"article:modified_time\" content=\"2017-12-20T19:32:00+00:00\" \/>\n<meta property=\"og:image\" content=\"https:\/\/www.ugtcomunicaciones.es\/wordpress\/wp-content\/uploads\/2017\/12\/agreement.jpg\" \/>\n\t<meta property=\"og:image:width\" content=\"413\" \/>\n\t<meta property=\"og:image:height\" content=\"282\" \/>\n\t<meta property=\"og:image:type\" content=\"image\/jpeg\" \/>\n<meta name=\"author\" content=\"UGT\" \/>\n<meta name=\"twitter:card\" content=\"summary_large_image\" \/>\n<meta name=\"twitter:creator\" content=\"@ugtcom\" \/>\n<meta name=\"twitter:site\" content=\"@ugtcom\" \/>\n<meta name=\"twitter:label1\" content=\"Escrito por\" \/>\n\t<meta name=\"twitter:data1\" content=\"UGT\" \/>\n\t<meta name=\"twitter:label2\" content=\"Tiempo de lectura\" \/>\n\t<meta name=\"twitter:data2\" content=\"2 minutos\" \/>\n<script type=\"application\/ld+json\" class=\"yoast-schema-graph\">{\"@context\":\"https:\\\/\\\/schema.org\",\"@graph\":[{\"@type\":\"Article\",\"@id\":\"https:\\\/\\\/www.ugtcomunicaciones.es\\\/wordpress\\\/ugt-firma-solitario-la-prorroga-del-convenio-colectivo\\\/#article\",\"isPartOf\":{\"@id\":\"https:\\\/\\\/www.ugtcomunicaciones.es\\\/wordpress\\\/ugt-firma-solitario-la-prorroga-del-convenio-colectivo\\\/\"},\"author\":{\"name\":\"UGT\",\"@id\":\"https:\\\/\\\/www.ugtcomunicaciones.es\\\/wordpress\\\/#\\\/schema\\\/person\\\/eba0fc3fe5b444531d94d4368cba89ed\"},\"headline\":\"UGT firma en solitario la pr\u00f3rroga del Convenio Colectivo\",\"datePublished\":\"2017-12-20T19:29:03+00:00\",\"dateModified\":\"2017-12-20T19:32:00+00:00\",\"mainEntityOfPage\":{\"@id\":\"https:\\\/\\\/www.ugtcomunicaciones.es\\\/wordpress\\\/ugt-firma-solitario-la-prorroga-del-convenio-colectivo\\\/\"},\"wordCount\":460,\"publisher\":{\"@id\":\"https:\\\/\\\/www.ugtcomunicaciones.es\\\/wordpress\\\/#organization\"},\"image\":{\"@id\":\"https:\\\/\\\/www.ugtcomunicaciones.es\\\/wordpress\\\/ugt-firma-solitario-la-prorroga-del-convenio-colectivo\\\/#primaryimage\"},\"thumbnailUrl\":\"https:\\\/\\\/www.ugtcomunicaciones.es\\\/wordpress\\\/wp-content\\\/uploads\\\/2017\\\/12\\\/agreement.jpg\",\"articleSection\":[\"Telyco\",\"Telyco\"],\"inLanguage\":\"es\"},{\"@type\":\"WebPage\",\"@id\":\"https:\\\/\\\/www.ugtcomunicaciones.es\\\/wordpress\\\/ugt-firma-solitario-la-prorroga-del-convenio-colectivo\\\/\",\"url\":\"https:\\\/\\\/www.ugtcomunicaciones.es\\\/wordpress\\\/ugt-firma-solitario-la-prorroga-del-convenio-colectivo\\\/\",\"name\":\"UGT firma en solitario la pr\u00f3rroga del Convenio Colectivo - UGT Comunicaciones\",\"isPartOf\":{\"@id\":\"https:\\\/\\\/www.ugtcomunicaciones.es\\\/wordpress\\\/#website\"},\"primaryImageOfPage\":{\"@id\":\"https:\\\/\\\/www.ugtcomunicaciones.es\\\/wordpress\\\/ugt-firma-solitario-la-prorroga-del-convenio-colectivo\\\/#primaryimage\"},\"image\":{\"@id\":\"https:\\\/\\\/www.ugtcomunicaciones.es\\\/wordpress\\\/ugt-firma-solitario-la-prorroga-del-convenio-colectivo\\\/#primaryimage\"},\"thumbnailUrl\":\"https:\\\/\\\/www.ugtcomunicaciones.es\\\/wordpress\\\/wp-content\\\/uploads\\\/2017\\\/12\\\/agreement.jpg\",\"datePublished\":\"2017-12-20T19:29:03+00:00\",\"dateModified\":\"2017-12-20T19:32:00+00:00\",\"breadcrumb\":{\"@id\":\"https:\\\/\\\/www.ugtcomunicaciones.es\\\/wordpress\\\/ugt-firma-solitario-la-prorroga-del-convenio-colectivo\\\/#breadcrumb\"},\"inLanguage\":\"es\",\"potentialAction\":[{\"@type\":\"ReadAction\",\"target\":[\"https:\\\/\\\/www.ugtcomunicaciones.es\\\/wordpress\\\/ugt-firma-solitario-la-prorroga-del-convenio-colectivo\\\/\"]}]},{\"@type\":\"ImageObject\",\"inLanguage\":\"es\",\"@id\":\"https:\\\/\\\/www.ugtcomunicaciones.es\\\/wordpress\\\/ugt-firma-solitario-la-prorroga-del-convenio-colectivo\\\/#primaryimage\",\"url\":\"https:\\\/\\\/www.ugtcomunicaciones.es\\\/wordpress\\\/wp-content\\\/uploads\\\/2017\\\/12\\\/agreement.jpg\",\"contentUrl\":\"https:\\\/\\\/www.ugtcomunicaciones.es\\\/wordpress\\\/wp-content\\\/uploads\\\/2017\\\/12\\\/agreement.jpg\",\"width\":413,\"height\":282},{\"@type\":\"BreadcrumbList\",\"@id\":\"https:\\\/\\\/www.ugtcomunicaciones.es\\\/wordpress\\\/ugt-firma-solitario-la-prorroga-del-convenio-colectivo\\\/#breadcrumb\",\"itemListElement\":[{\"@type\":\"ListItem\",\"position\":1,\"name\":\"Portada\",\"item\":\"https:\\\/\\\/www.ugtcomunicaciones.es\\\/wordpress\\\/\"},{\"@type\":\"ListItem\",\"position\":2,\"name\":\"UGT firma en solitario la pr\u00f3rroga del Convenio Colectivo\"}]},{\"@type\":\"WebSite\",\"@id\":\"https:\\\/\\\/www.ugtcomunicaciones.es\\\/wordpress\\\/#website\",\"url\":\"https:\\\/\\\/www.ugtcomunicaciones.es\\\/wordpress\\\/\",\"name\":\"UGT Comunicaciones\",\"description\":\"Sindicato de Telecomunicaciones\",\"publisher\":{\"@id\":\"https:\\\/\\\/www.ugtcomunicaciones.es\\\/wordpress\\\/#organization\"},\"potentialAction\":[{\"@type\":\"SearchAction\",\"target\":{\"@type\":\"EntryPoint\",\"urlTemplate\":\"https:\\\/\\\/www.ugtcomunicaciones.es\\\/wordpress\\\/?s={search_term_string}\"},\"query-input\":{\"@type\":\"PropertyValueSpecification\",\"valueRequired\":true,\"valueName\":\"search_term_string\"}}],\"inLanguage\":\"es\"},{\"@type\":\"Organization\",\"@id\":\"https:\\\/\\\/www.ugtcomunicaciones.es\\\/wordpress\\\/#organization\",\"name\":\"UGT Comunicaciones\",\"url\":\"https:\\\/\\\/www.ugtcomunicaciones.es\\\/wordpress\\\/\",\"logo\":{\"@type\":\"ImageObject\",\"inLanguage\":\"es\",\"@id\":\"https:\\\/\\\/www.ugtcomunicaciones.es\\\/wordpress\\\/#\\\/schema\\\/logo\\\/image\\\/\",\"url\":\"https:\\\/\\\/www.ugtcomunicaciones.es\\\/wordpress\\\/wp-content\\\/uploads\\\/2024\\\/04\\\/comunicaciones_logo.png\",\"contentUrl\":\"https:\\\/\\\/www.ugtcomunicaciones.es\\\/wordpress\\\/wp-content\\\/uploads\\\/2024\\\/04\\\/comunicaciones_logo.png\",\"width\":298,\"height\":81,\"caption\":\"UGT Comunicaciones\"},\"image\":{\"@id\":\"https:\\\/\\\/www.ugtcomunicaciones.es\\\/wordpress\\\/#\\\/schema\\\/logo\\\/image\\\/\"},\"sameAs\":[\"https:\\\/\\\/www.facebook.com\\\/ugt.comunicaciones\\\/\",\"https:\\\/\\\/x.com\\\/ugtcom\"]},{\"@type\":\"Person\",\"@id\":\"https:\\\/\\\/www.ugtcomunicaciones.es\\\/wordpress\\\/#\\\/schema\\\/person\\\/eba0fc3fe5b444531d94d4368cba89ed\",\"name\":\"UGT\",\"image\":{\"@type\":\"ImageObject\",\"inLanguage\":\"es\",\"@id\":\"https:\\\/\\\/secure.gravatar.com\\\/avatar\\\/2a16057d620a4c646bcfc171c4f23030879ebbdd346f0525bd5d4a564e57e13d?s=96&d=mm&r=g\",\"url\":\"https:\\\/\\\/secure.gravatar.com\\\/avatar\\\/2a16057d620a4c646bcfc171c4f23030879ebbdd346f0525bd5d4a564e57e13d?s=96&d=mm&r=g\",\"contentUrl\":\"https:\\\/\\\/secure.gravatar.com\\\/avatar\\\/2a16057d620a4c646bcfc171c4f23030879ebbdd346f0525bd5d4a564e57e13d?s=96&d=mm&r=g\",\"caption\":\"UGT\"}}]}<\/script>\n<!-- \/ Yoast SEO Premium plugin. -->","yoast_head_json":{"title":"UGT firma en solitario la pr\u00f3rroga del Convenio Colectivo - UGT Comunicaciones","robots":{"index":"index","follow":"follow","max-snippet":"max-snippet:-1","max-image-preview":"max-image-preview:large","max-video-preview":"max-video-preview:-1"},"canonical":"https:\/\/www.ugtcomunicaciones.es\/wordpress\/ugt-firma-solitario-la-prorroga-del-convenio-colectivo\/","og_locale":"es_ES","og_type":"article","og_title":"UGT firma en solitario la pr\u00f3rroga del Convenio Colectivo","og_description":"&nbsp; Hoy d\u00eda 20 de diciembre, se ha vuelto a reunir la Comisi\u00f3n de Negociaci\u00f3n Permanente, a tan s\u00f3lo 10 d\u00edas de la finalizaci\u00f3n de la vigencia del actual Convenio Colectivo, con el fin de desbloquear la situaci\u00f3n de la pr\u00f3rroga. As\u00ed, la empresa ha accedido a la mayor\u00eda de nuestras reivindicaciones, prorrog\u00e1ndose el Convenio [&hellip;]","og_url":"https:\/\/www.ugtcomunicaciones.es\/wordpress\/ugt-firma-solitario-la-prorroga-del-convenio-colectivo\/","og_site_name":"UGT Comunicaciones","article_publisher":"https:\/\/www.facebook.com\/ugt.comunicaciones\/","article_published_time":"2017-12-20T19:29:03+00:00","article_modified_time":"2017-12-20T19:32:00+00:00","og_image":[{"width":413,"height":282,"url":"https:\/\/www.ugtcomunicaciones.es\/wordpress\/wp-content\/uploads\/2017\/12\/agreement.jpg","type":"image\/jpeg"}],"author":"UGT","twitter_card":"summary_large_image","twitter_creator":"@ugtcom","twitter_site":"@ugtcom","twitter_misc":{"Escrito por":"UGT","Tiempo de lectura":"2 minutos"},"schema":{"@context":"https:\/\/schema.org","@graph":[{"@type":"Article","@id":"https:\/\/www.ugtcomunicaciones.es\/wordpress\/ugt-firma-solitario-la-prorroga-del-convenio-colectivo\/#article","isPartOf":{"@id":"https:\/\/www.ugtcomunicaciones.es\/wordpress\/ugt-firma-solitario-la-prorroga-del-convenio-colectivo\/"},"author":{"name":"UGT","@id":"https:\/\/www.ugtcomunicaciones.es\/wordpress\/#\/schema\/person\/eba0fc3fe5b444531d94d4368cba89ed"},"headline":"UGT firma en solitario la pr\u00f3rroga del Convenio Colectivo","datePublished":"2017-12-20T19:29:03+00:00","dateModified":"2017-12-20T19:32:00+00:00","mainEntityOfPage":{"@id":"https:\/\/www.ugtcomunicaciones.es\/wordpress\/ugt-firma-solitario-la-prorroga-del-convenio-colectivo\/"},"wordCount":460,"publisher":{"@id":"https:\/\/www.ugtcomunicaciones.es\/wordpress\/#organization"},"image":{"@id":"https:\/\/www.ugtcomunicaciones.es\/wordpress\/ugt-firma-solitario-la-prorroga-del-convenio-colectivo\/#primaryimage"},"thumbnailUrl":"https:\/\/www.ugtcomunicaciones.es\/wordpress\/wp-content\/uploads\/2017\/12\/agreement.jpg","articleSection":["Telyco","Telyco"],"inLanguage":"es"},{"@type":"WebPage","@id":"https:\/\/www.ugtcomunicaciones.es\/wordpress\/ugt-firma-solitario-la-prorroga-del-convenio-colectivo\/","url":"https:\/\/www.ugtcomunicaciones.es\/wordpress\/ugt-firma-solitario-la-prorroga-del-convenio-colectivo\/","name":"UGT firma en solitario la pr\u00f3rroga del Convenio Colectivo - UGT Comunicaciones","isPartOf":{"@id":"https:\/\/www.ugtcomunicaciones.es\/wordpress\/#website"},"primaryImageOfPage":{"@id":"https:\/\/www.ugtcomunicaciones.es\/wordpress\/ugt-firma-solitario-la-prorroga-del-convenio-colectivo\/#primaryimage"},"image":{"@id":"https:\/\/www.ugtcomunicaciones.es\/wordpress\/ugt-firma-solitario-la-prorroga-del-convenio-colectivo\/#primaryimage"},"thumbnailUrl":"https:\/\/www.ugtcomunicaciones.es\/wordpress\/wp-content\/uploads\/2017\/12\/agreement.jpg","datePublished":"2017-12-20T19:29:03+00:00","dateModified":"2017-12-20T19:32:00+00:00","breadcrumb":{"@id":"https:\/\/www.ugtcomunicaciones.es\/wordpress\/ugt-firma-solitario-la-prorroga-del-convenio-colectivo\/#breadcrumb"},"inLanguage":"es","potentialAction":[{"@type":"ReadAction","target":["https:\/\/www.ugtcomunicaciones.es\/wordpress\/ugt-firma-solitario-la-prorroga-del-convenio-colectivo\/"]}]},{"@type":"ImageObject","inLanguage":"es","@id":"https:\/\/www.ugtcomunicaciones.es\/wordpress\/ugt-firma-solitario-la-prorroga-del-convenio-colectivo\/#primaryimage","url":"https:\/\/www.ugtcomunicaciones.es\/wordpress\/wp-content\/uploads\/2017\/12\/agreement.jpg","contentUrl":"https:\/\/www.ugtcomunicaciones.es\/wordpress\/wp-content\/uploads\/2017\/12\/agreement.jpg","width":413,"height":282},{"@type":"BreadcrumbList","@id":"https:\/\/www.ugtcomunicaciones.es\/wordpress\/ugt-firma-solitario-la-prorroga-del-convenio-colectivo\/#breadcrumb","itemListElement":[{"@type":"ListItem","position":1,"name":"Portada","item":"https:\/\/www.ugtcomunicaciones.es\/wordpress\/"},{"@type":"ListItem","position":2,"name":"UGT firma en solitario la pr\u00f3rroga del Convenio Colectivo"}]},{"@type":"WebSite","@id":"https:\/\/www.ugtcomunicaciones.es\/wordpress\/#website","url":"https:\/\/www.ugtcomunicaciones.es\/wordpress\/","name":"UGT Comunicaciones","description":"Sindicato de Telecomunicaciones","publisher":{"@id":"https:\/\/www.ugtcomunicaciones.es\/wordpress\/#organization"},"potentialAction":[{"@type":"SearchAction","target":{"@type":"EntryPoint","urlTemplate":"https:\/\/www.ugtcomunicaciones.es\/wordpress\/?s={search_term_string}"},"query-input":{"@type":"PropertyValueSpecification","valueRequired":true,"valueName":"search_term_string"}}],"inLanguage":"es"},{"@type":"Organization","@id":"https:\/\/www.ugtcomunicaciones.es\/wordpress\/#organization","name":"UGT Comunicaciones","url":"https:\/\/www.ugtcomunicaciones.es\/wordpress\/","logo":{"@type":"ImageObject","inLanguage":"es","@id":"https:\/\/www.ugtcomunicaciones.es\/wordpress\/#\/schema\/logo\/image\/","url":"https:\/\/www.ugtcomunicaciones.es\/wordpress\/wp-content\/uploads\/2024\/04\/comunicaciones_logo.png","contentUrl":"https:\/\/www.ugtcomunicaciones.es\/wordpress\/wp-content\/uploads\/2024\/04\/comunicaciones_logo.png","width":298,"height":81,"caption":"UGT Comunicaciones"},"image":{"@id":"https:\/\/www.ugtcomunicaciones.es\/wordpress\/#\/schema\/logo\/image\/"},"sameAs":["https:\/\/www.facebook.com\/ugt.comunicaciones\/","https:\/\/x.com\/ugtcom"]},{"@type":"Person","@id":"https:\/\/www.ugtcomunicaciones.es\/wordpress\/#\/schema\/person\/eba0fc3fe5b444531d94d4368cba89ed","name":"UGT","image":{"@type":"ImageObject","inLanguage":"es","@id":"https:\/\/secure.gravatar.com\/avatar\/2a16057d620a4c646bcfc171c4f23030879ebbdd346f0525bd5d4a564e57e13d?s=96&d=mm&r=g","url":"https:\/\/secure.gravatar.com\/avatar\/2a16057d620a4c646bcfc171c4f23030879ebbdd346f0525bd5d4a564e57e13d?s=96&d=mm&r=g","contentUrl":"https:\/\/secure.gravatar.com\/avatar\/2a16057d620a4c646bcfc171c4f23030879ebbdd346f0525bd5d4a564e57e13d?s=96&d=mm&r=g","caption":"UGT"}}]}},"_links":{"self":[{"href":"https:\/\/www.ugtcomunicaciones.es\/wordpress\/wp-json\/wp\/v2\/posts\/79724","targetHints":{"allow":["GET"]}}],"collection":[{"href":"https:\/\/www.ugtcomunicaciones.es\/wordpress\/wp-json\/wp\/v2\/posts"}],"about":[{"href":"https:\/\/www.ugtcomunicaciones.es\/wordpress\/wp-json\/wp\/v2\/types\/post"}],"author":[{"embeddable":true,"href":"https:\/\/www.ugtcomunicaciones.es\/wordpress\/wp-json\/wp\/v2\/users\/3"}],"replies":[{"embeddable":true,"href":"https:\/\/www.ugtcomunicaciones.es\/wordpress\/wp-json\/wp\/v2\/comments?post=79724"}],"version-history":[{"count":0,"href":"https:\/\/www.ugtcomunicaciones.es\/wordpress\/wp-json\/wp\/v2\/posts\/79724\/revisions"}],"wp:featuredmedia":[{"embeddable":true,"href":"https:\/\/www.ugtcomunicaciones.es\/wordpress\/wp-json\/wp\/v2\/media\/79725"}],"wp:attachment":[{"href":"https:\/\/www.ugtcomunicaciones.es\/wordpress\/wp-json\/wp\/v2\/media?parent=79724"}],"wp:term":[{"taxonomy":"category","embeddable":true,"href":"https:\/\/www.ugtcomunicaciones.es\/wordpress\/wp-json\/wp\/v2\/categories?post=79724"},{"taxonomy":"post_tag","embeddable":true,"href":"https:\/\/www.ugtcomunicaciones.es\/wordpress\/wp-json\/wp\/v2\/tags?post=79724"}],"curies":[{"name":"wp","href":"https:\/\/api.w.org\/{rel}","templated":true}]}}