{"id":818316,"date":"2021-05-17T07:00:31","date_gmt":"2021-05-17T06:00:31","guid":{"rendered":"https:\/\/www.ugtcomunicaciones.es\/wordpress\/?p=818316"},"modified":"2021-05-10T11:16:22","modified_gmt":"2021-05-10T10:16:22","slug":"el-gobierno-se-abre-a-cambiar-nuestro-modelo-sectorial","status":"publish","type":"post","link":"https:\/\/www.ugtcomunicaciones.es\/wordpress\/el-gobierno-se-abre-a-cambiar-nuestro-modelo-sectorial\/","title":{"rendered":"El Gobierno se abre a cambiar nuestro modelo sectorial"},"content":{"rendered":"<p style=\"text-align: justify;\">Despu\u00e9s de a\u00f1os de desprecio e incomprensi\u00f3n, que se ha llevado por delante 41.000 empleos como consecuencia de una regulaci\u00f3n ineficaz, asim\u00e9trica y obsoleta, la raz\u00f3n parece abrirse paso en nuestro sector. En una reciente reuni\u00f3n, de la que han dado cuenta la pr\u00e1ctica mayor\u00eda de los medios de comunicaci\u00f3n, el Gobierno ha transmitido a los principales operadores de comunicaciones sus medidas para revitalizar el sector <em>telco<\/em>.<\/p>\n<p style=\"text-align: justify;\">As\u00ed, se han anunciado las siguientes medidas:<\/p>\n<ul style=\"text-align: justify;\">\n<li>El Gobierno eliminar\u00eda obligaciones mayoristas en algunos bloques de frecuencias de la futura subasta del 5G<sup class=\"modern-footnotes-footnote \" data-mfn=\"1\" data-mfn-post-scope=\"00000000000041470000000000000000_818316\"><a href=\"javascript:void(0)\"  role=\"button\" aria-pressed=\"false\" aria-describedby=\"mfn-content-00000000000041470000000000000000_818316-1\">1<\/a><\/sup><span id=\"mfn-content-00000000000041470000000000000000_818316-1\" role=\"tooltip\" class=\"modern-footnotes-footnote__note\" tabindex=\"0\" data-mfn=\"1\"><a href=\"https:\/\/www.europapress.es\/economia\/noticia-gobierno-suprimira-obligaciones-mayoristas-operadores-despliegue-5g-20210507180042.html\" target=\"_blank\" rel=\"noopener\">https:\/\/www.europapress.es\/economia\/noticia-gobierno-suprimira-obligaciones-mayoristas-operadores-despliegue-5g-20210507180042.html<\/a><\/span>. De confirmarse esta medida, estar\u00edamos ante el primer paso para acabar con el end\u00e9mico parasitismo que caracteriza al modelo regulatorio sectorial. Un aut\u00e9ntico paso al frente largamente reclamado por UGT<sup class=\"modern-footnotes-footnote \" data-mfn=\"2\" data-mfn-post-scope=\"00000000000041470000000000000000_818316\"><a href=\"javascript:void(0)\"  role=\"button\" aria-pressed=\"false\" aria-describedby=\"mfn-content-00000000000041470000000000000000_818316-2\">2<\/a><\/sup><span id=\"mfn-content-00000000000041470000000000000000_818316-2\" role=\"tooltip\" class=\"modern-footnotes-footnote__note\" tabindex=\"0\" data-mfn=\"2\"><a href=\"https:\/\/www.ugtcomunicaciones.es\/wordpress\/la-cnmc-nos-da-la-razon-poner-coto-al-parasitismo-los-omv\/\" target=\"_blank\" rel=\"noopener\">https:\/\/www.ugtcomunicaciones.es\/wordpress\/la-cnmc-nos-da-la-razon-poner-coto-al-parasitismo-los-omv\/<\/a>; <a href=\"https:\/\/www.ugtcomunicaciones.es\/wordpress\/europa-aprueba-el-nuevo-marco-regulatorio-para-nuestro-sector\/\" target=\"_blank\" rel=\"noopener\">https:\/\/www.ugtcomunicaciones.es\/wordpress\/europa-aprueba-el-nuevo-marco-regulatorio-para-nuestro-sector\/<\/a>\u00a0<\/span>.<\/li>\n<\/ul>\n<ul style=\"text-align: justify;\">\n<li>Siguiendo con el 5G, el precio de salida de la inminente subasta se reducir\u00eda, haci\u00e9ndose as\u00ed eco de la demanda de nuestro sindicato<sup class=\"modern-footnotes-footnote \" data-mfn=\"3\" data-mfn-post-scope=\"00000000000041470000000000000000_818316\"><a href=\"javascript:void(0)\"  role=\"button\" aria-pressed=\"false\" aria-describedby=\"mfn-content-00000000000041470000000000000000_818316-3\">3<\/a><\/sup><span id=\"mfn-content-00000000000041470000000000000000_818316-3\" role=\"tooltip\" class=\"modern-footnotes-footnote__note\" tabindex=\"0\" data-mfn=\"3\"><a href=\"https:\/\/www.ugtcomunicaciones.es\/wordpress\/licitacion-5g-ultima-oportunidad-para-la-creacion-de-empleo-y-la-lucha-contra-la-brecha-digital\/\" target=\"_blank\" rel=\"noopener\">https:\/\/www.ugtcomunicaciones.es\/wordpress\/licitacion-5g-ultima-oportunidad-para-la-creacion-de-empleo-y-la-lucha-contra-la-brecha-digital\/<\/a><\/span>, en pos de favorecer una licitaci\u00f3n asequible que luego permita afrontar, con garant\u00edas y ambici\u00f3n, la inversi\u00f3n que precisa llevar esta tecnolog\u00eda a todos los rincones del pa\u00eds<sup class=\"modern-footnotes-footnote \" data-mfn=\"4\" data-mfn-post-scope=\"00000000000041470000000000000000_818316\"><a href=\"javascript:void(0)\"  role=\"button\" aria-pressed=\"false\" aria-describedby=\"mfn-content-00000000000041470000000000000000_818316-4\">4<\/a><\/sup><span id=\"mfn-content-00000000000041470000000000000000_818316-4\" role=\"tooltip\" class=\"modern-footnotes-footnote__note\" tabindex=\"0\" data-mfn=\"4\"><a href=\"https:\/\/www.elperiodico.com\/es\/economia\/20210507\/gobierno-reducira-cargas-operadoras-atractiva-11708600\" target=\"_blank\" rel=\"noopener\">https:\/\/www.elperiodico.com\/es\/economia\/20210507\/gobierno-reducira-cargas-operadoras-atractiva-11708600<\/a><\/span>. Este foco en la quinta generaci\u00f3n tambi\u00e9n conlleva a que el Gobierno proponga alargar los plazos para alcanzar las exigencias de cobertura iniciales, aunque ampli\u00e1ndolas s\u00f3lo un a\u00f1o<sup class=\"modern-footnotes-footnote \" data-mfn=\"5\" data-mfn-post-scope=\"00000000000041470000000000000000_818316\"><a href=\"javascript:void(0)\"  role=\"button\" aria-pressed=\"false\" aria-describedby=\"mfn-content-00000000000041470000000000000000_818316-5\">5<\/a><\/sup><span id=\"mfn-content-00000000000041470000000000000000_818316-5\" role=\"tooltip\" class=\"modern-footnotes-footnote__note\" tabindex=\"0\" data-mfn=\"5\"><a href=\"https:\/\/www.expansion.com\/empresas\/2021\/05\/07\/60957cd9e5fdea6a758b4698.html\" target=\"_blank\" rel=\"noopener\">https:\/\/www.expansion.com\/empresas\/2021\/05\/07\/60957cd9e5fdea6a758b4698.html<\/a><\/span>.<\/li>\n<\/ul>\n<ul style=\"text-align: justify;\">\n<li>Otro de los grandes hitos provendr\u00eda del tratamiento fiscal, especialmente en lo referido a la Tasa RTVE. En concreto, se afirma que el Gobierno revisar\u00e1 la <em>\u00abaportaci\u00f3n que realizan los <\/em><em>operadores de telecomunicaciones a la Corporaci\u00f3n RTVE\u00bb<\/em> y tambi\u00e9n se <em>\u00abreducir\u00e1 temporalmente la tasa por reserva de dominio p\u00fablico radioel\u00e9ctrico<sup class=\"modern-footnotes-footnote \" data-mfn=\"6\" data-mfn-post-scope=\"00000000000041470000000000000000_818316\"><a href=\"javascript:void(0)\"  role=\"button\" aria-pressed=\"false\" aria-describedby=\"mfn-content-00000000000041470000000000000000_818316-6\">6<\/a><\/sup><span id=\"mfn-content-00000000000041470000000000000000_818316-6\" role=\"tooltip\" class=\"modern-footnotes-footnote__note\" tabindex=\"0\" data-mfn=\"6\"><a href=\"https:\/\/www.elmundo.es\/economia\/empresas\/2021\/05\/07\/609572b6fc6c83837a8b45e6.html\" target=\"_blank\" rel=\"noopener\">https:\/\/www.elmundo.es\/economia\/empresas\/2021\/05\/07\/609572b6fc6c83837a8b45e6.html<\/a><\/span><\/em><em>\u00ab<\/em>. De nuevo, el Gobierno vuelve a darnos la raz\u00f3n<sup class=\"modern-footnotes-footnote \" data-mfn=\"7\" data-mfn-post-scope=\"00000000000041470000000000000000_818316\"><a href=\"javascript:void(0)\"  role=\"button\" aria-pressed=\"false\" aria-describedby=\"mfn-content-00000000000041470000000000000000_818316-7\">7<\/a><\/sup><span id=\"mfn-content-00000000000041470000000000000000_818316-7\" role=\"tooltip\" class=\"modern-footnotes-footnote__note\" tabindex=\"0\" data-mfn=\"7\"><a href=\"http:\/\/www.ugt-comunicaciones-madrid.es\/wp-content\/uploads\/2013\/04\/Telecom-News-6.pdf\" target=\"_blank\" rel=\"noopener\">http:\/\/www.ugt-comunicaciones-madrid.es\/wp-content\/uploads\/2013\/04\/Telecom-News-6.pdf<\/a>; <a href=\"https:\/\/www.ugtcomunicaciones.es\/wordpress\/mismas-normas-para-todos-ugt-y-secretaria-de-estado-de-digitalizacion-comparten-puntos-de-vista-sobre-el-futuro-digital\/\" target=\"_blank\" rel=\"noopener\">https:\/\/www.ugtcomunicaciones.es\/wordpress\/mismas-normas-para-todos-ugt-y-secretaria-de-estado-de-digitalizacion-comparten-puntos-de-vista-sobre-el-futuro-digital\/<\/a>; <a href=\"https:\/\/www.eleconomista.es\/empresas-finanzas\/noticias\/10845172\/10\/20\/Espana-aplica-a-sus-telecos-hasta-17-tributos-la-mayor-carga-fiscal-de-la-UE.html\" target=\"_blank\" rel=\"noopener\">https:\/\/www.eleconomista.es\/empresas-finanzas\/noticias\/10845172\/10\/20\/Espana-aplica-a-sus-telecos-hasta-17-tributos-la-mayor-carga-fiscal-de-la-UE.html<\/a> \u00a0<\/span>.<\/li>\n<\/ul>\n<ul style=\"text-align: justify;\">\n<li>Se contempla la reordenaci\u00f3n de la banda de 3,5 GHz<sup class=\"modern-footnotes-footnote \" data-mfn=\"8\" data-mfn-post-scope=\"00000000000041470000000000000000_818316\"><a href=\"javascript:void(0)\"  role=\"button\" aria-pressed=\"false\" aria-describedby=\"mfn-content-00000000000041470000000000000000_818316-8\">8<\/a><\/sup><span id=\"mfn-content-00000000000041470000000000000000_818316-8\" role=\"tooltip\" class=\"modern-footnotes-footnote__note\" tabindex=\"0\" data-mfn=\"8\"><a href=\"https:\/\/es.investing.com\/news\/stock-market-news\/gobierno-pree-bajar-impuestos-a-las-telecos-entre-ellas-la-tasa-a-rtve-2114764?ampMode=1\" target=\"_blank\" rel=\"noopener\">https:\/\/es.investing.com\/news\/stock-market-news\/gobierno-pree-bajar-impuestos-a-las-telecos-entre-ellas-la-tasa-a-rtve-2114764?ampMode=1<\/a><\/span>, tal y como comentamos en un an\u00e1lisis reciente<a href=\"#_ftn9\" name=\"_ftnref9\">[9]<\/a>.<\/li>\n<\/ul>\n<ul style=\"text-align: justify;\">\n<li>Finalmente, se confirma que la decisi\u00f3n del Consejo de Ministros de pasado 27 de abril<sup class=\"modern-footnotes-footnote \" data-mfn=\"9\" data-mfn-post-scope=\"00000000000041470000000000000000_818316\"><a href=\"javascript:void(0)\"  role=\"button\" aria-pressed=\"false\" aria-describedby=\"mfn-content-00000000000041470000000000000000_818316-9\">9<\/a><\/sup><span id=\"mfn-content-00000000000041470000000000000000_818316-9\" role=\"tooltip\" class=\"modern-footnotes-footnote__note\" tabindex=\"0\" data-mfn=\"9\"><a href=\"https:\/\/www.eldiario.es\/tecnologia\/gobierno-acuerda-ampliar-20-40-anos-concesion-frecuecias-5g_1_7874865.html\" target=\"_blank\" rel=\"noopener\">https:\/\/www.eldiario.es\/tecnologia\/gobierno-acuerda-ampliar-20-40-anos-concesion-frecuecias-5g_1_7874865.html<\/a><\/span>, que ampl\u00eda la duraci\u00f3n de las concesiones\u00a0de 5G desde 20 hasta los 40 a\u00f1os (20 fijos y otros 20 renovables).<\/li>\n<\/ul>\n<p style=\"text-align: justify;\">Si a estas poderosas medidas le a\u00f1adimos la fuerte inversi\u00f3n europea que regar\u00e1 nuestro sector<sup class=\"modern-footnotes-footnote \" data-mfn=\"10\" data-mfn-post-scope=\"00000000000041470000000000000000_818316\"><a href=\"javascript:void(0)\"  role=\"button\" aria-pressed=\"false\" aria-describedby=\"mfn-content-00000000000041470000000000000000_818316-10\">10<\/a><\/sup><span id=\"mfn-content-00000000000041470000000000000000_818316-10\" role=\"tooltip\" class=\"modern-footnotes-footnote__note\" tabindex=\"0\" data-mfn=\"10\"><a href=\"https:\/\/portal.mineco.gob.es\/es-es\/digitalizacionIA\/es-digital-2025\/Paginas\/es-digital-2025.aspx\" target=\"_blank\" rel=\"noopener\">https:\/\/portal.mineco.gob.es\/es-es\/digitalizacionIA\/es-digital-2025\/Paginas\/es-digital-2025.aspx<\/a>; <a href=\"https:\/\/www.expansion.com\/especiales\/35-aniversario\/telecomunicaciones-agente-cambio-social\/2021\/04\/21\/607ecc27468aeb6a3a8b45b8.html\" target=\"_blank\" rel=\"noopener\">https:\/\/www.expansion.com\/especiales\/35-aniversario\/telecomunicaciones-agente-cambio-social\/2021\/04\/21\/607ecc27468aeb6a3a8b45b8.html<\/a>; <a href=\"https:\/\/www.ituser.es\/estrategias-digitales\/2021\/04\/la-transformacion-digital-acapara-el-29-de-la-inversion-en-el-plan-de-recuperacion-del-gobierno\" target=\"_blank\" rel=\"noopener\">https:\/\/www.ituser.es\/estrategias-digitales\/2021\/04\/la-transformacion-digital-acapara-el-29-de-la-inversion-en-el-plan-de-recuperacion-del-gobierno<\/a>\u00a0\u00a0<\/span> (m\u00e1s de 800 millones de euros para la fibra; 1.500 para 5G, casi 500 para reforzar la conectividad de centros de referencia, motores socioecon\u00f3micos y proyectos tractores de digitalizaci\u00f3n sectorial<sup class=\"modern-footnotes-footnote \" data-mfn=\"11\" data-mfn-post-scope=\"00000000000041470000000000000000_818316\"><a href=\"javascript:void(0)\"  role=\"button\" aria-pressed=\"false\" aria-describedby=\"mfn-content-00000000000041470000000000000000_818316-11\">11<\/a><\/sup><span id=\"mfn-content-00000000000041470000000000000000_818316-11\" role=\"tooltip\" class=\"modern-footnotes-footnote__note\" tabindex=\"0\" data-mfn=\"11\"><a href=\"https:\/\/www.elconfidencial.com\/amp\/empresas\/2021-05-07\/el-gobierno-rebajara-a-las-operadoras-de-telecomunicaciones-sus-aportaciones-a-rtve_3070244\/\" target=\"_blank\" rel=\"noopener\">https:\/\/www.elconfidencial.com\/amp\/empresas\/2021-05-07\/el-gobierno-rebajara-a-las-operadoras-de-telecomunicaciones-sus-aportaciones-a-rtve_3070244\/<\/a><\/span> y el Plan de Digitalizaci\u00f3n de las PYMES, cuantificado en algo m\u00e1s de 4.600 M\u20ac hasta 2025<sup class=\"modern-footnotes-footnote \" data-mfn=\"12\" data-mfn-post-scope=\"00000000000041470000000000000000_818316\"><a href=\"javascript:void(0)\"  role=\"button\" aria-pressed=\"false\" aria-describedby=\"mfn-content-00000000000041470000000000000000_818316-12\">12<\/a><\/sup><span id=\"mfn-content-00000000000041470000000000000000_818316-12\" role=\"tooltip\" class=\"modern-footnotes-footnote__note\" tabindex=\"0\" data-mfn=\"12\"><a href=\"https:\/\/portal.mineco.gob.es\/RecursosArticulo\/mineco\/ministerio\/ficheros\/210127_plan_digitalizacion_pymes.pdf\" target=\"_blank\" rel=\"noopener\">https:\/\/portal.mineco.gob.es\/RecursosArticulo\/mineco\/ministerio\/ficheros\/210127_plan_digitalizacion_pymes.pdf<\/a><\/span>), tenemos ante nosotros un futuro esperanzador. De hecho, la patronal DigitalES ya ha afirmado que estas medidas <em>\u00abayudar\u00e1n a acelerar la transformaci\u00f3n digital de Espa\u00f1a\u00bb<\/em>.<\/p>\n<p style=\"text-align: justify;\">UGT, en el caso de que todo se confirme en los par\u00e1metros descritos, no puede m\u00e1s que dar la bienvenida a este paquete de medidas, valor\u00e1ndolo de forma muy positiva. Sin ir m\u00e1s lejos, hace muy pocas fechas ped\u00edamos al gobierno que siguiese el ejemplo brit\u00e1nico<sup class=\"modern-footnotes-footnote \" data-mfn=\"13\" data-mfn-post-scope=\"00000000000041470000000000000000_818316\"><a href=\"javascript:void(0)\"  role=\"button\" aria-pressed=\"false\" aria-describedby=\"mfn-content-00000000000041470000000000000000_818316-13\">13<\/a><\/sup><span id=\"mfn-content-00000000000041470000000000000000_818316-13\" role=\"tooltip\" class=\"modern-footnotes-footnote__note\" tabindex=\"0\" data-mfn=\"13\"><a href=\"https:\/\/www.ituser.es\/estrategias-digitales\/2021\/04\/la-transformacion-digital-acapara-el-29-de-la-inversion-en-el-plan-de-recuperacion-del-gobierno\" target=\"_blank\" rel=\"noopener\">https:\/\/www.ituser.es\/estrategias-digitales\/2021\/04\/la-transformacion-digital-acapara-el-29-de-la-inversion-en-el-plan-de-recuperacion-del-gobierno<\/a><\/span>: di\u00e1logo directo con el sector, quitar el foco de la regulaci\u00f3n en los precios, troc\u00e1ndola por la competencia en infraestructuras; ayudar p\u00fablicamente con financiaci\u00f3n a los despliegues y conformar una subasta del 5G lo m\u00e1s asequible posible.<\/p>\n<p style=\"text-align: justify;\">S\u00ed, no solo no est\u00e1bamos equivocados: hasta parece que nos han hecho caso.<\/p>\n<h4 style=\"text-align: right;\"><strong><span style=\"color: #ff0000;\">UGT<\/span> Comunicaciones<\/strong><\/h4>\n<p><a href=\"#_ftnref1\" name=\"_ftn1\"><\/a><\/p>\n","protected":false},"excerpt":{"rendered":"<p>Despu\u00e9s de a\u00f1os de desprecio e incomprensi\u00f3n, que se ha llevado por delante 41.000 empleos como consecuencia de una regulaci\u00f3n ineficaz, asim\u00e9trica y obsoleta, la raz\u00f3n parece abrirse paso en nuestro sector. En una reciente reuni\u00f3n, de la que han dado cuenta la pr\u00e1ctica mayor\u00eda de los medios de comunicaci\u00f3n, el Gobierno ha transmitido a [&hellip;]<\/p>\n","protected":false},"author":3,"featured_media":818333,"comment_status":"closed","ping_status":"closed","sticky":false,"template":"","format":"standard","meta":{"footnotes":""},"categories":[14,12],"tags":[],"class_list":["post-818316","post","type-post","status-publish","format-standard","has-post-thumbnail","hentry","category-opinion","category-regulacion"],"yoast_head":"<!-- This site is optimized with the Yoast SEO Premium plugin v27.3 (Yoast SEO v27.4) - https:\/\/yoast.com\/product\/yoast-seo-premium-wordpress\/ -->\n<title>El Gobierno se abre a cambiar nuestro modelo sectorial - UGT Comunicaciones<\/title>\n<meta name=\"robots\" content=\"index, follow, max-snippet:-1, max-image-preview:large, max-video-preview:-1\" \/>\n<link rel=\"canonical\" href=\"https:\/\/www.ugtcomunicaciones.es\/wordpress\/el-gobierno-se-abre-a-cambiar-nuestro-modelo-sectorial\/\" \/>\n<meta property=\"og:locale\" content=\"es_ES\" \/>\n<meta property=\"og:type\" content=\"article\" \/>\n<meta property=\"og:title\" content=\"El Gobierno se abre a cambiar nuestro modelo sectorial\" \/>\n<meta property=\"og:description\" content=\"Despu\u00e9s de a\u00f1os de desprecio e incomprensi\u00f3n, que se ha llevado por delante 41.000 empleos como consecuencia de una regulaci\u00f3n ineficaz, asim\u00e9trica y obsoleta, la raz\u00f3n parece abrirse paso en nuestro sector. En una reciente reuni\u00f3n, de la que han dado cuenta la pr\u00e1ctica mayor\u00eda de los medios de comunicaci\u00f3n, el Gobierno ha transmitido a [&hellip;]\" \/>\n<meta property=\"og:url\" content=\"https:\/\/www.ugtcomunicaciones.es\/wordpress\/el-gobierno-se-abre-a-cambiar-nuestro-modelo-sectorial\/\" \/>\n<meta property=\"og:site_name\" content=\"UGT Comunicaciones\" \/>\n<meta property=\"article:publisher\" content=\"https:\/\/www.facebook.com\/ugt.comunicaciones\/\" \/>\n<meta property=\"article:published_time\" content=\"2021-05-17T06:00:31+00:00\" \/>\n<meta property=\"og:image\" content=\"https:\/\/www.ugtcomunicaciones.es\/wordpress\/wp-content\/uploads\/2021\/05\/el-gobierno-1.jpg\" \/>\n\t<meta property=\"og:image:width\" content=\"600\" \/>\n\t<meta property=\"og:image:height\" content=\"382\" \/>\n\t<meta property=\"og:image:type\" content=\"image\/jpeg\" \/>\n<meta name=\"author\" content=\"UGT\" \/>\n<meta name=\"twitter:card\" content=\"summary_large_image\" \/>\n<meta name=\"twitter:creator\" content=\"@ugtcom\" \/>\n<meta name=\"twitter:site\" content=\"@ugtcom\" \/>\n<meta name=\"twitter:label1\" content=\"Escrito por\" \/>\n\t<meta name=\"twitter:data1\" content=\"UGT\" \/>\n\t<meta name=\"twitter:label2\" content=\"Tiempo de lectura\" \/>\n\t<meta name=\"twitter:data2\" content=\"3 minutos\" \/>\n<script type=\"application\/ld+json\" class=\"yoast-schema-graph\">{\"@context\":\"https:\\\/\\\/schema.org\",\"@graph\":[{\"@type\":\"Article\",\"@id\":\"https:\\\/\\\/www.ugtcomunicaciones.es\\\/wordpress\\\/el-gobierno-se-abre-a-cambiar-nuestro-modelo-sectorial\\\/#article\",\"isPartOf\":{\"@id\":\"https:\\\/\\\/www.ugtcomunicaciones.es\\\/wordpress\\\/el-gobierno-se-abre-a-cambiar-nuestro-modelo-sectorial\\\/\"},\"author\":{\"name\":\"UGT\",\"@id\":\"https:\\\/\\\/www.ugtcomunicaciones.es\\\/wordpress\\\/#\\\/schema\\\/person\\\/eba0fc3fe5b444531d94d4368cba89ed\"},\"headline\":\"El Gobierno se abre a cambiar nuestro modelo sectorial\",\"datePublished\":\"2021-05-17T06:00:31+00:00\",\"mainEntityOfPage\":{\"@id\":\"https:\\\/\\\/www.ugtcomunicaciones.es\\\/wordpress\\\/el-gobierno-se-abre-a-cambiar-nuestro-modelo-sectorial\\\/\"},\"wordCount\":743,\"publisher\":{\"@id\":\"https:\\\/\\\/www.ugtcomunicaciones.es\\\/wordpress\\\/#organization\"},\"image\":{\"@id\":\"https:\\\/\\\/www.ugtcomunicaciones.es\\\/wordpress\\\/el-gobierno-se-abre-a-cambiar-nuestro-modelo-sectorial\\\/#primaryimage\"},\"thumbnailUrl\":\"https:\\\/\\\/www.ugtcomunicaciones.es\\\/wordpress\\\/wp-content\\\/uploads\\\/2021\\\/05\\\/el-gobierno-1.jpg\",\"articleSection\":[\"Opini\u00f3n\",\"Regulaci\u00f3n\"],\"inLanguage\":\"es\"},{\"@type\":\"WebPage\",\"@id\":\"https:\\\/\\\/www.ugtcomunicaciones.es\\\/wordpress\\\/el-gobierno-se-abre-a-cambiar-nuestro-modelo-sectorial\\\/\",\"url\":\"https:\\\/\\\/www.ugtcomunicaciones.es\\\/wordpress\\\/el-gobierno-se-abre-a-cambiar-nuestro-modelo-sectorial\\\/\",\"name\":\"El Gobierno se abre a cambiar nuestro modelo sectorial - UGT Comunicaciones\",\"isPartOf\":{\"@id\":\"https:\\\/\\\/www.ugtcomunicaciones.es\\\/wordpress\\\/#website\"},\"primaryImageOfPage\":{\"@id\":\"https:\\\/\\\/www.ugtcomunicaciones.es\\\/wordpress\\\/el-gobierno-se-abre-a-cambiar-nuestro-modelo-sectorial\\\/#primaryimage\"},\"image\":{\"@id\":\"https:\\\/\\\/www.ugtcomunicaciones.es\\\/wordpress\\\/el-gobierno-se-abre-a-cambiar-nuestro-modelo-sectorial\\\/#primaryimage\"},\"thumbnailUrl\":\"https:\\\/\\\/www.ugtcomunicaciones.es\\\/wordpress\\\/wp-content\\\/uploads\\\/2021\\\/05\\\/el-gobierno-1.jpg\",\"datePublished\":\"2021-05-17T06:00:31+00:00\",\"breadcrumb\":{\"@id\":\"https:\\\/\\\/www.ugtcomunicaciones.es\\\/wordpress\\\/el-gobierno-se-abre-a-cambiar-nuestro-modelo-sectorial\\\/#breadcrumb\"},\"inLanguage\":\"es\",\"potentialAction\":[{\"@type\":\"ReadAction\",\"target\":[\"https:\\\/\\\/www.ugtcomunicaciones.es\\\/wordpress\\\/el-gobierno-se-abre-a-cambiar-nuestro-modelo-sectorial\\\/\"]}]},{\"@type\":\"ImageObject\",\"inLanguage\":\"es\",\"@id\":\"https:\\\/\\\/www.ugtcomunicaciones.es\\\/wordpress\\\/el-gobierno-se-abre-a-cambiar-nuestro-modelo-sectorial\\\/#primaryimage\",\"url\":\"https:\\\/\\\/www.ugtcomunicaciones.es\\\/wordpress\\\/wp-content\\\/uploads\\\/2021\\\/05\\\/el-gobierno-1.jpg\",\"contentUrl\":\"https:\\\/\\\/www.ugtcomunicaciones.es\\\/wordpress\\\/wp-content\\\/uploads\\\/2021\\\/05\\\/el-gobierno-1.jpg\",\"width\":600,\"height\":382},{\"@type\":\"BreadcrumbList\",\"@id\":\"https:\\\/\\\/www.ugtcomunicaciones.es\\\/wordpress\\\/el-gobierno-se-abre-a-cambiar-nuestro-modelo-sectorial\\\/#breadcrumb\",\"itemListElement\":[{\"@type\":\"ListItem\",\"position\":1,\"name\":\"Portada\",\"item\":\"https:\\\/\\\/www.ugtcomunicaciones.es\\\/wordpress\\\/\"},{\"@type\":\"ListItem\",\"position\":2,\"name\":\"El Gobierno se abre a cambiar nuestro modelo sectorial\"}]},{\"@type\":\"WebSite\",\"@id\":\"https:\\\/\\\/www.ugtcomunicaciones.es\\\/wordpress\\\/#website\",\"url\":\"https:\\\/\\\/www.ugtcomunicaciones.es\\\/wordpress\\\/\",\"name\":\"UGT Comunicaciones\",\"description\":\"Sindicato de Telecomunicaciones\",\"publisher\":{\"@id\":\"https:\\\/\\\/www.ugtcomunicaciones.es\\\/wordpress\\\/#organization\"},\"potentialAction\":[{\"@type\":\"SearchAction\",\"target\":{\"@type\":\"EntryPoint\",\"urlTemplate\":\"https:\\\/\\\/www.ugtcomunicaciones.es\\\/wordpress\\\/?s={search_term_string}\"},\"query-input\":{\"@type\":\"PropertyValueSpecification\",\"valueRequired\":true,\"valueName\":\"search_term_string\"}}],\"inLanguage\":\"es\"},{\"@type\":\"Organization\",\"@id\":\"https:\\\/\\\/www.ugtcomunicaciones.es\\\/wordpress\\\/#organization\",\"name\":\"UGT Comunicaciones\",\"url\":\"https:\\\/\\\/www.ugtcomunicaciones.es\\\/wordpress\\\/\",\"logo\":{\"@type\":\"ImageObject\",\"inLanguage\":\"es\",\"@id\":\"https:\\\/\\\/www.ugtcomunicaciones.es\\\/wordpress\\\/#\\\/schema\\\/logo\\\/image\\\/\",\"url\":\"https:\\\/\\\/www.ugtcomunicaciones.es\\\/wordpress\\\/wp-content\\\/uploads\\\/2024\\\/04\\\/comunicaciones_logo.png\",\"contentUrl\":\"https:\\\/\\\/www.ugtcomunicaciones.es\\\/wordpress\\\/wp-content\\\/uploads\\\/2024\\\/04\\\/comunicaciones_logo.png\",\"width\":298,\"height\":81,\"caption\":\"UGT Comunicaciones\"},\"image\":{\"@id\":\"https:\\\/\\\/www.ugtcomunicaciones.es\\\/wordpress\\\/#\\\/schema\\\/logo\\\/image\\\/\"},\"sameAs\":[\"https:\\\/\\\/www.facebook.com\\\/ugt.comunicaciones\\\/\",\"https:\\\/\\\/x.com\\\/ugtcom\"]},{\"@type\":\"Person\",\"@id\":\"https:\\\/\\\/www.ugtcomunicaciones.es\\\/wordpress\\\/#\\\/schema\\\/person\\\/eba0fc3fe5b444531d94d4368cba89ed\",\"name\":\"UGT\",\"image\":{\"@type\":\"ImageObject\",\"inLanguage\":\"es\",\"@id\":\"https:\\\/\\\/secure.gravatar.com\\\/avatar\\\/2a16057d620a4c646bcfc171c4f23030879ebbdd346f0525bd5d4a564e57e13d?s=96&d=mm&r=g\",\"url\":\"https:\\\/\\\/secure.gravatar.com\\\/avatar\\\/2a16057d620a4c646bcfc171c4f23030879ebbdd346f0525bd5d4a564e57e13d?s=96&d=mm&r=g\",\"contentUrl\":\"https:\\\/\\\/secure.gravatar.com\\\/avatar\\\/2a16057d620a4c646bcfc171c4f23030879ebbdd346f0525bd5d4a564e57e13d?s=96&d=mm&r=g\",\"caption\":\"UGT\"}}]}<\/script>\n<!-- \/ Yoast SEO Premium plugin. -->","yoast_head_json":{"title":"El Gobierno se abre a cambiar nuestro modelo sectorial - UGT Comunicaciones","robots":{"index":"index","follow":"follow","max-snippet":"max-snippet:-1","max-image-preview":"max-image-preview:large","max-video-preview":"max-video-preview:-1"},"canonical":"https:\/\/www.ugtcomunicaciones.es\/wordpress\/el-gobierno-se-abre-a-cambiar-nuestro-modelo-sectorial\/","og_locale":"es_ES","og_type":"article","og_title":"El Gobierno se abre a cambiar nuestro modelo sectorial","og_description":"Despu\u00e9s de a\u00f1os de desprecio e incomprensi\u00f3n, que se ha llevado por delante 41.000 empleos como consecuencia de una regulaci\u00f3n ineficaz, asim\u00e9trica y obsoleta, la raz\u00f3n parece abrirse paso en nuestro sector. En una reciente reuni\u00f3n, de la que han dado cuenta la pr\u00e1ctica mayor\u00eda de los medios de comunicaci\u00f3n, el Gobierno ha transmitido a [&hellip;]","og_url":"https:\/\/www.ugtcomunicaciones.es\/wordpress\/el-gobierno-se-abre-a-cambiar-nuestro-modelo-sectorial\/","og_site_name":"UGT Comunicaciones","article_publisher":"https:\/\/www.facebook.com\/ugt.comunicaciones\/","article_published_time":"2021-05-17T06:00:31+00:00","og_image":[{"width":600,"height":382,"url":"https:\/\/www.ugtcomunicaciones.es\/wordpress\/wp-content\/uploads\/2021\/05\/el-gobierno-1.jpg","type":"image\/jpeg"}],"author":"UGT","twitter_card":"summary_large_image","twitter_creator":"@ugtcom","twitter_site":"@ugtcom","twitter_misc":{"Escrito por":"UGT","Tiempo de lectura":"3 minutos"},"schema":{"@context":"https:\/\/schema.org","@graph":[{"@type":"Article","@id":"https:\/\/www.ugtcomunicaciones.es\/wordpress\/el-gobierno-se-abre-a-cambiar-nuestro-modelo-sectorial\/#article","isPartOf":{"@id":"https:\/\/www.ugtcomunicaciones.es\/wordpress\/el-gobierno-se-abre-a-cambiar-nuestro-modelo-sectorial\/"},"author":{"name":"UGT","@id":"https:\/\/www.ugtcomunicaciones.es\/wordpress\/#\/schema\/person\/eba0fc3fe5b444531d94d4368cba89ed"},"headline":"El Gobierno se abre a cambiar nuestro modelo sectorial","datePublished":"2021-05-17T06:00:31+00:00","mainEntityOfPage":{"@id":"https:\/\/www.ugtcomunicaciones.es\/wordpress\/el-gobierno-se-abre-a-cambiar-nuestro-modelo-sectorial\/"},"wordCount":743,"publisher":{"@id":"https:\/\/www.ugtcomunicaciones.es\/wordpress\/#organization"},"image":{"@id":"https:\/\/www.ugtcomunicaciones.es\/wordpress\/el-gobierno-se-abre-a-cambiar-nuestro-modelo-sectorial\/#primaryimage"},"thumbnailUrl":"https:\/\/www.ugtcomunicaciones.es\/wordpress\/wp-content\/uploads\/2021\/05\/el-gobierno-1.jpg","articleSection":["Opini\u00f3n","Regulaci\u00f3n"],"inLanguage":"es"},{"@type":"WebPage","@id":"https:\/\/www.ugtcomunicaciones.es\/wordpress\/el-gobierno-se-abre-a-cambiar-nuestro-modelo-sectorial\/","url":"https:\/\/www.ugtcomunicaciones.es\/wordpress\/el-gobierno-se-abre-a-cambiar-nuestro-modelo-sectorial\/","name":"El Gobierno se abre a cambiar nuestro modelo sectorial - UGT Comunicaciones","isPartOf":{"@id":"https:\/\/www.ugtcomunicaciones.es\/wordpress\/#website"},"primaryImageOfPage":{"@id":"https:\/\/www.ugtcomunicaciones.es\/wordpress\/el-gobierno-se-abre-a-cambiar-nuestro-modelo-sectorial\/#primaryimage"},"image":{"@id":"https:\/\/www.ugtcomunicaciones.es\/wordpress\/el-gobierno-se-abre-a-cambiar-nuestro-modelo-sectorial\/#primaryimage"},"thumbnailUrl":"https:\/\/www.ugtcomunicaciones.es\/wordpress\/wp-content\/uploads\/2021\/05\/el-gobierno-1.jpg","datePublished":"2021-05-17T06:00:31+00:00","breadcrumb":{"@id":"https:\/\/www.ugtcomunicaciones.es\/wordpress\/el-gobierno-se-abre-a-cambiar-nuestro-modelo-sectorial\/#breadcrumb"},"inLanguage":"es","potentialAction":[{"@type":"ReadAction","target":["https:\/\/www.ugtcomunicaciones.es\/wordpress\/el-gobierno-se-abre-a-cambiar-nuestro-modelo-sectorial\/"]}]},{"@type":"ImageObject","inLanguage":"es","@id":"https:\/\/www.ugtcomunicaciones.es\/wordpress\/el-gobierno-se-abre-a-cambiar-nuestro-modelo-sectorial\/#primaryimage","url":"https:\/\/www.ugtcomunicaciones.es\/wordpress\/wp-content\/uploads\/2021\/05\/el-gobierno-1.jpg","contentUrl":"https:\/\/www.ugtcomunicaciones.es\/wordpress\/wp-content\/uploads\/2021\/05\/el-gobierno-1.jpg","width":600,"height":382},{"@type":"BreadcrumbList","@id":"https:\/\/www.ugtcomunicaciones.es\/wordpress\/el-gobierno-se-abre-a-cambiar-nuestro-modelo-sectorial\/#breadcrumb","itemListElement":[{"@type":"ListItem","position":1,"name":"Portada","item":"https:\/\/www.ugtcomunicaciones.es\/wordpress\/"},{"@type":"ListItem","position":2,"name":"El Gobierno se abre a cambiar nuestro modelo sectorial"}]},{"@type":"WebSite","@id":"https:\/\/www.ugtcomunicaciones.es\/wordpress\/#website","url":"https:\/\/www.ugtcomunicaciones.es\/wordpress\/","name":"UGT Comunicaciones","description":"Sindicato de Telecomunicaciones","publisher":{"@id":"https:\/\/www.ugtcomunicaciones.es\/wordpress\/#organization"},"potentialAction":[{"@type":"SearchAction","target":{"@type":"EntryPoint","urlTemplate":"https:\/\/www.ugtcomunicaciones.es\/wordpress\/?s={search_term_string}"},"query-input":{"@type":"PropertyValueSpecification","valueRequired":true,"valueName":"search_term_string"}}],"inLanguage":"es"},{"@type":"Organization","@id":"https:\/\/www.ugtcomunicaciones.es\/wordpress\/#organization","name":"UGT Comunicaciones","url":"https:\/\/www.ugtcomunicaciones.es\/wordpress\/","logo":{"@type":"ImageObject","inLanguage":"es","@id":"https:\/\/www.ugtcomunicaciones.es\/wordpress\/#\/schema\/logo\/image\/","url":"https:\/\/www.ugtcomunicaciones.es\/wordpress\/wp-content\/uploads\/2024\/04\/comunicaciones_logo.png","contentUrl":"https:\/\/www.ugtcomunicaciones.es\/wordpress\/wp-content\/uploads\/2024\/04\/comunicaciones_logo.png","width":298,"height":81,"caption":"UGT Comunicaciones"},"image":{"@id":"https:\/\/www.ugtcomunicaciones.es\/wordpress\/#\/schema\/logo\/image\/"},"sameAs":["https:\/\/www.facebook.com\/ugt.comunicaciones\/","https:\/\/x.com\/ugtcom"]},{"@type":"Person","@id":"https:\/\/www.ugtcomunicaciones.es\/wordpress\/#\/schema\/person\/eba0fc3fe5b444531d94d4368cba89ed","name":"UGT","image":{"@type":"ImageObject","inLanguage":"es","@id":"https:\/\/secure.gravatar.com\/avatar\/2a16057d620a4c646bcfc171c4f23030879ebbdd346f0525bd5d4a564e57e13d?s=96&d=mm&r=g","url":"https:\/\/secure.gravatar.com\/avatar\/2a16057d620a4c646bcfc171c4f23030879ebbdd346f0525bd5d4a564e57e13d?s=96&d=mm&r=g","contentUrl":"https:\/\/secure.gravatar.com\/avatar\/2a16057d620a4c646bcfc171c4f23030879ebbdd346f0525bd5d4a564e57e13d?s=96&d=mm&r=g","caption":"UGT"}}]}},"_links":{"self":[{"href":"https:\/\/www.ugtcomunicaciones.es\/wordpress\/wp-json\/wp\/v2\/posts\/818316","targetHints":{"allow":["GET"]}}],"collection":[{"href":"https:\/\/www.ugtcomunicaciones.es\/wordpress\/wp-json\/wp\/v2\/posts"}],"about":[{"href":"https:\/\/www.ugtcomunicaciones.es\/wordpress\/wp-json\/wp\/v2\/types\/post"}],"author":[{"embeddable":true,"href":"https:\/\/www.ugtcomunicaciones.es\/wordpress\/wp-json\/wp\/v2\/users\/3"}],"replies":[{"embeddable":true,"href":"https:\/\/www.ugtcomunicaciones.es\/wordpress\/wp-json\/wp\/v2\/comments?post=818316"}],"version-history":[{"count":0,"href":"https:\/\/www.ugtcomunicaciones.es\/wordpress\/wp-json\/wp\/v2\/posts\/818316\/revisions"}],"wp:featuredmedia":[{"embeddable":true,"href":"https:\/\/www.ugtcomunicaciones.es\/wordpress\/wp-json\/wp\/v2\/media\/818333"}],"wp:attachment":[{"href":"https:\/\/www.ugtcomunicaciones.es\/wordpress\/wp-json\/wp\/v2\/media?parent=818316"}],"wp:term":[{"taxonomy":"category","embeddable":true,"href":"https:\/\/www.ugtcomunicaciones.es\/wordpress\/wp-json\/wp\/v2\/categories?post=818316"},{"taxonomy":"post_tag","embeddable":true,"href":"https:\/\/www.ugtcomunicaciones.es\/wordpress\/wp-json\/wp\/v2\/tags?post=818316"}],"curies":[{"name":"wp","href":"https:\/\/api.w.org\/{rel}","templated":true}]}}