{"id":829912,"date":"2021-05-27T15:35:42","date_gmt":"2021-05-27T14:35:42","guid":{"rendered":"https:\/\/www.ugtcomunicaciones.es\/wordpress\/?p=829912"},"modified":"2021-05-27T14:13:42","modified_gmt":"2021-05-27T13:13:42","slug":"la-empresa-acerca-posturas-pero-la-oferta-sigue-estando-lejos-de-nuestros-objetivos","status":"publish","type":"post","link":"https:\/\/www.ugtcomunicaciones.es\/wordpress\/la-empresa-acerca-posturas-pero-la-oferta-sigue-estando-lejos-de-nuestros-objetivos\/","title":{"rendered":"La empresa acerca posturas, pero la oferta sigue estando lejos de nuestros objetivos"},"content":{"rendered":"<p style=\"text-align: justify;\">Esta ma\u00f1ana hemos dado continuaci\u00f3n a la \u00faltima reuni\u00f3n de la negociadora en la que la empresa realiz\u00f3 unos planteamientos inasumibles y en la que <strong>CCOO Y UGT<\/strong> le exigimos que<strong>\u00a0reconsiderara su postura en materia de revisi\u00f3n salarial, as\u00ed como en Teletrabajo, <\/strong>en aras de avanzar seriamente en la posibilidad de un acuerdo.<\/p>\n<p style=\"text-align: justify;\">En la intervenci\u00f3n de hoy, la empresa ha atendido parte de nuestras reivindicaciones, siempre manteniendo el mensaje de<strong> contenci\u00f3n econ\u00f3mica<\/strong>.<\/p>\n<p style=\"text-align: justify;\">En materia de teletrabajo ha propuesto un modelo <strong>de 2 d\u00edas, con car\u00e1cter universal y reversible<\/strong>, lo que supone un avance que enlaza directamente con los principales objetivos marcados por <strong>UGT y CCOO<\/strong> para esta negociaci\u00f3n, pretendiendo con esta medida que, una vez se retome la actividad presencial en los centros de trabajo, <strong>quede asegurada la posibilidad real y no discrecional de tener teletrabajo para cualquier persona trabajadora susceptible de ello y as\u00ed lo solicite.<\/strong><\/p>\n<p style=\"text-align: justify;\">Tambi\u00e9n han puesto sobre la mesa, de manera somera, una intencionalidad de cara a abordar adicionales mejoras a la conectividad como v\u00eda para mejorar medios, herramientas o compensaciones, pero sin mayores concreciones.<\/p>\n<p style=\"text-align: justify;\">Es obvio que todav\u00eda queda mucho por desgranar y en este sentido <strong>CCOO y UGT<\/strong> hemos solicitado que sigan avanzando sobre todas aquellas cuestiones ya solicitadas en anteriores reuniones y todav\u00eda pendientes de abordar<strong>. Ambas organizaciones <\/strong>apostamos por seguir explorando f\u00f3rmulas para <strong>ampliar la duraci\u00f3n del teletrabajo<\/strong> y la distribuci\u00f3n de los d\u00edas, as\u00ed como la <strong>semana laboral de 4 d\u00edas<\/strong>.<\/p>\n<p style=\"text-align: justify;\">Asimismo, se recoge un desarrollo sobre <strong>flexwork<\/strong> de trabajo en movilidad para los comerciales presenciales y para el colectivo fuera de convenio. Adem\u00e1s, <strong>UGT y CCOO<\/strong> hemos demandado para este colectivo que <strong>sean de aplicaci\u00f3n todas las mejoras acordadas<\/strong>.<\/p>\n<p style=\"text-align: justify;\">Sin embargo, la empresa ha propuesto la <strong>supresi\u00f3n de los vales comida o de la compensaci\u00f3n de la jornada partida <\/strong>los d\u00edas que se teletrabaje, a lo que <strong>tanto CCOO como UGT<\/strong> hemos mostrado <strong>nuestro frontal rechazo<\/strong>, instando a la retirada de esa propuesta como condici\u00f3n para seguir negociando.<\/p>\n<p style=\"text-align: justify;\">En materia salarial, <strong>la empresa ha venido con un nuevo planteamiento y ha pasado de la congelaci\u00f3n salarial a ofrecer un 0.9% de revisi\u00f3n. S<\/strong>i bien es cierto que valoramos que hayan abandonado su posici\u00f3n inicial, desde <strong>UGT y CCOO<\/strong> seguimos apostando por entornos que repliquen lo m\u00e1s fielmente la referencia aplicada durante la vigencia del II CEV, por lo que su oferta de un 0,9% de subida nos parece lejos de nuestro objetivo. Por tanto <strong>hemos solicitado a la empresa <\/strong><strong>que plantee<\/strong> <strong>una oferta salarial adecuada <\/strong>acudiendo, si es preciso, a la concreci\u00f3n de <strong>un plus de convenio<\/strong><strong>, como hemos venido haciendo en anteriores acuerdos.<\/strong><\/p>\n<p style=\"text-align: justify;\">La reuni\u00f3n se ha dado por finalizada con la petici\u00f3n por parte de <strong>CCOO y UGT<\/strong> de un documento sobre Teletrabajo que ponga negro sobre blanco todas las materias pendientes de abordar en base a nuestros objetivos.<\/p>\n","protected":false},"excerpt":{"rendered":"<p>Esta ma\u00f1ana hemos dado continuaci\u00f3n a la \u00faltima reuni\u00f3n de la negociadora en la que la empresa realiz\u00f3 unos planteamientos inasumibles y en la que CCOO Y UGT le exigimos que\u00a0reconsiderara su postura en materia de revisi\u00f3n salarial, as\u00ed como en Teletrabajo, en aras de avanzar seriamente en la posibilidad de un acuerdo. En la [&hellip;]<\/p>\n","protected":false},"author":3,"featured_media":662093,"comment_status":"closed","ping_status":"closed","sticky":false,"template":"","format":"standard","meta":{"footnotes":""},"categories":[8,25,7,26],"tags":[],"class_list":["post-829912","post","type-post","status-publish","format-standard","has-post-thumbnail","hentry","category-telefonica-cev","category-telefonica","category-telefonica-moviles","category-telefonica-soluciones"],"yoast_head":"<!-- This site is optimized with the Yoast SEO Premium plugin v27.3 (Yoast SEO v27.4) - https:\/\/yoast.com\/product\/yoast-seo-premium-wordpress\/ -->\n<title>La empresa acerca posturas, pero la oferta sigue estando lejos de nuestros objetivos - UGT Comunicaciones<\/title>\n<meta name=\"robots\" content=\"index, follow, max-snippet:-1, max-image-preview:large, max-video-preview:-1\" \/>\n<link rel=\"canonical\" href=\"https:\/\/www.ugtcomunicaciones.es\/wordpress\/la-empresa-acerca-posturas-pero-la-oferta-sigue-estando-lejos-de-nuestros-objetivos\/\" \/>\n<meta property=\"og:locale\" content=\"es_ES\" \/>\n<meta property=\"og:type\" content=\"article\" \/>\n<meta property=\"og:title\" content=\"La empresa acerca posturas, pero la oferta sigue estando lejos de nuestros objetivos\" \/>\n<meta property=\"og:description\" content=\"Esta ma\u00f1ana hemos dado continuaci\u00f3n a la \u00faltima reuni\u00f3n de la negociadora en la que la empresa realiz\u00f3 unos planteamientos inasumibles y en la que CCOO Y UGT le exigimos que\u00a0reconsiderara su postura en materia de revisi\u00f3n salarial, as\u00ed como en Teletrabajo, en aras de avanzar seriamente en la posibilidad de un acuerdo. En la [&hellip;]\" \/>\n<meta property=\"og:url\" content=\"https:\/\/www.ugtcomunicaciones.es\/wordpress\/la-empresa-acerca-posturas-pero-la-oferta-sigue-estando-lejos-de-nuestros-objetivos\/\" \/>\n<meta property=\"og:site_name\" content=\"UGT Comunicaciones\" \/>\n<meta property=\"article:publisher\" content=\"https:\/\/www.facebook.com\/ugt.comunicaciones\/\" \/>\n<meta property=\"article:published_time\" content=\"2021-05-27T14:35:42+00:00\" \/>\n<meta property=\"og:image\" content=\"https:\/\/www.ugtcomunicaciones.es\/wordpress\/wp-content\/uploads\/2020\/09\/Distrito-Telefonica-17-e1620720793209.jpg\" \/>\n\t<meta property=\"og:image:width\" content=\"600\" \/>\n\t<meta property=\"og:image:height\" content=\"444\" \/>\n\t<meta property=\"og:image:type\" content=\"image\/jpeg\" \/>\n<meta name=\"author\" content=\"UGT\" \/>\n<meta name=\"twitter:card\" content=\"summary_large_image\" \/>\n<meta name=\"twitter:creator\" content=\"@ugtcom\" \/>\n<meta name=\"twitter:site\" content=\"@ugtcom\" \/>\n<meta name=\"twitter:label1\" content=\"Escrito por\" \/>\n\t<meta name=\"twitter:data1\" content=\"UGT\" \/>\n\t<meta name=\"twitter:label2\" content=\"Tiempo de lectura\" \/>\n\t<meta name=\"twitter:data2\" content=\"3 minutos\" \/>\n<script type=\"application\/ld+json\" class=\"yoast-schema-graph\">{\"@context\":\"https:\\\/\\\/schema.org\",\"@graph\":[{\"@type\":\"Article\",\"@id\":\"https:\\\/\\\/www.ugtcomunicaciones.es\\\/wordpress\\\/la-empresa-acerca-posturas-pero-la-oferta-sigue-estando-lejos-de-nuestros-objetivos\\\/#article\",\"isPartOf\":{\"@id\":\"https:\\\/\\\/www.ugtcomunicaciones.es\\\/wordpress\\\/la-empresa-acerca-posturas-pero-la-oferta-sigue-estando-lejos-de-nuestros-objetivos\\\/\"},\"author\":{\"name\":\"UGT\",\"@id\":\"https:\\\/\\\/www.ugtcomunicaciones.es\\\/wordpress\\\/#\\\/schema\\\/person\\\/eba0fc3fe5b444531d94d4368cba89ed\"},\"headline\":\"La empresa acerca posturas, pero la oferta sigue estando lejos de nuestros objetivos\",\"datePublished\":\"2021-05-27T14:35:42+00:00\",\"mainEntityOfPage\":{\"@id\":\"https:\\\/\\\/www.ugtcomunicaciones.es\\\/wordpress\\\/la-empresa-acerca-posturas-pero-la-oferta-sigue-estando-lejos-de-nuestros-objetivos\\\/\"},\"wordCount\":514,\"publisher\":{\"@id\":\"https:\\\/\\\/www.ugtcomunicaciones.es\\\/wordpress\\\/#organization\"},\"image\":{\"@id\":\"https:\\\/\\\/www.ugtcomunicaciones.es\\\/wordpress\\\/la-empresa-acerca-posturas-pero-la-oferta-sigue-estando-lejos-de-nuestros-objetivos\\\/#primaryimage\"},\"thumbnailUrl\":\"https:\\\/\\\/www.ugtcomunicaciones.es\\\/wordpress\\\/wp-content\\\/uploads\\\/2020\\\/09\\\/Distrito-Telefonica-17-e1620720793209.jpg\",\"articleSection\":[\"Telef\u00f3nica CEV\",\"Telef\u00f3nica de Espa\u00f1a\",\"Telef\u00f3nica M\u00f3viles\",\"Telef\u00f3nica Soluciones\"],\"inLanguage\":\"es\"},{\"@type\":\"WebPage\",\"@id\":\"https:\\\/\\\/www.ugtcomunicaciones.es\\\/wordpress\\\/la-empresa-acerca-posturas-pero-la-oferta-sigue-estando-lejos-de-nuestros-objetivos\\\/\",\"url\":\"https:\\\/\\\/www.ugtcomunicaciones.es\\\/wordpress\\\/la-empresa-acerca-posturas-pero-la-oferta-sigue-estando-lejos-de-nuestros-objetivos\\\/\",\"name\":\"La empresa acerca posturas, pero la oferta sigue estando lejos de nuestros objetivos - UGT Comunicaciones\",\"isPartOf\":{\"@id\":\"https:\\\/\\\/www.ugtcomunicaciones.es\\\/wordpress\\\/#website\"},\"primaryImageOfPage\":{\"@id\":\"https:\\\/\\\/www.ugtcomunicaciones.es\\\/wordpress\\\/la-empresa-acerca-posturas-pero-la-oferta-sigue-estando-lejos-de-nuestros-objetivos\\\/#primaryimage\"},\"image\":{\"@id\":\"https:\\\/\\\/www.ugtcomunicaciones.es\\\/wordpress\\\/la-empresa-acerca-posturas-pero-la-oferta-sigue-estando-lejos-de-nuestros-objetivos\\\/#primaryimage\"},\"thumbnailUrl\":\"https:\\\/\\\/www.ugtcomunicaciones.es\\\/wordpress\\\/wp-content\\\/uploads\\\/2020\\\/09\\\/Distrito-Telefonica-17-e1620720793209.jpg\",\"datePublished\":\"2021-05-27T14:35:42+00:00\",\"breadcrumb\":{\"@id\":\"https:\\\/\\\/www.ugtcomunicaciones.es\\\/wordpress\\\/la-empresa-acerca-posturas-pero-la-oferta-sigue-estando-lejos-de-nuestros-objetivos\\\/#breadcrumb\"},\"inLanguage\":\"es\",\"potentialAction\":[{\"@type\":\"ReadAction\",\"target\":[\"https:\\\/\\\/www.ugtcomunicaciones.es\\\/wordpress\\\/la-empresa-acerca-posturas-pero-la-oferta-sigue-estando-lejos-de-nuestros-objetivos\\\/\"]}]},{\"@type\":\"ImageObject\",\"inLanguage\":\"es\",\"@id\":\"https:\\\/\\\/www.ugtcomunicaciones.es\\\/wordpress\\\/la-empresa-acerca-posturas-pero-la-oferta-sigue-estando-lejos-de-nuestros-objetivos\\\/#primaryimage\",\"url\":\"https:\\\/\\\/www.ugtcomunicaciones.es\\\/wordpress\\\/wp-content\\\/uploads\\\/2020\\\/09\\\/Distrito-Telefonica-17-e1620720793209.jpg\",\"contentUrl\":\"https:\\\/\\\/www.ugtcomunicaciones.es\\\/wordpress\\\/wp-content\\\/uploads\\\/2020\\\/09\\\/Distrito-Telefonica-17-e1620720793209.jpg\",\"width\":600,\"height\":444},{\"@type\":\"BreadcrumbList\",\"@id\":\"https:\\\/\\\/www.ugtcomunicaciones.es\\\/wordpress\\\/la-empresa-acerca-posturas-pero-la-oferta-sigue-estando-lejos-de-nuestros-objetivos\\\/#breadcrumb\",\"itemListElement\":[{\"@type\":\"ListItem\",\"position\":1,\"name\":\"Portada\",\"item\":\"https:\\\/\\\/www.ugtcomunicaciones.es\\\/wordpress\\\/\"},{\"@type\":\"ListItem\",\"position\":2,\"name\":\"La empresa acerca posturas, pero la oferta sigue estando lejos de nuestros objetivos\"}]},{\"@type\":\"WebSite\",\"@id\":\"https:\\\/\\\/www.ugtcomunicaciones.es\\\/wordpress\\\/#website\",\"url\":\"https:\\\/\\\/www.ugtcomunicaciones.es\\\/wordpress\\\/\",\"name\":\"UGT Comunicaciones\",\"description\":\"Sindicato de Telecomunicaciones\",\"publisher\":{\"@id\":\"https:\\\/\\\/www.ugtcomunicaciones.es\\\/wordpress\\\/#organization\"},\"potentialAction\":[{\"@type\":\"SearchAction\",\"target\":{\"@type\":\"EntryPoint\",\"urlTemplate\":\"https:\\\/\\\/www.ugtcomunicaciones.es\\\/wordpress\\\/?s={search_term_string}\"},\"query-input\":{\"@type\":\"PropertyValueSpecification\",\"valueRequired\":true,\"valueName\":\"search_term_string\"}}],\"inLanguage\":\"es\"},{\"@type\":\"Organization\",\"@id\":\"https:\\\/\\\/www.ugtcomunicaciones.es\\\/wordpress\\\/#organization\",\"name\":\"UGT Comunicaciones\",\"url\":\"https:\\\/\\\/www.ugtcomunicaciones.es\\\/wordpress\\\/\",\"logo\":{\"@type\":\"ImageObject\",\"inLanguage\":\"es\",\"@id\":\"https:\\\/\\\/www.ugtcomunicaciones.es\\\/wordpress\\\/#\\\/schema\\\/logo\\\/image\\\/\",\"url\":\"https:\\\/\\\/www.ugtcomunicaciones.es\\\/wordpress\\\/wp-content\\\/uploads\\\/2024\\\/04\\\/comunicaciones_logo.png\",\"contentUrl\":\"https:\\\/\\\/www.ugtcomunicaciones.es\\\/wordpress\\\/wp-content\\\/uploads\\\/2024\\\/04\\\/comunicaciones_logo.png\",\"width\":298,\"height\":81,\"caption\":\"UGT Comunicaciones\"},\"image\":{\"@id\":\"https:\\\/\\\/www.ugtcomunicaciones.es\\\/wordpress\\\/#\\\/schema\\\/logo\\\/image\\\/\"},\"sameAs\":[\"https:\\\/\\\/www.facebook.com\\\/ugt.comunicaciones\\\/\",\"https:\\\/\\\/x.com\\\/ugtcom\"]},{\"@type\":\"Person\",\"@id\":\"https:\\\/\\\/www.ugtcomunicaciones.es\\\/wordpress\\\/#\\\/schema\\\/person\\\/eba0fc3fe5b444531d94d4368cba89ed\",\"name\":\"UGT\",\"image\":{\"@type\":\"ImageObject\",\"inLanguage\":\"es\",\"@id\":\"https:\\\/\\\/secure.gravatar.com\\\/avatar\\\/2a16057d620a4c646bcfc171c4f23030879ebbdd346f0525bd5d4a564e57e13d?s=96&d=mm&r=g\",\"url\":\"https:\\\/\\\/secure.gravatar.com\\\/avatar\\\/2a16057d620a4c646bcfc171c4f23030879ebbdd346f0525bd5d4a564e57e13d?s=96&d=mm&r=g\",\"contentUrl\":\"https:\\\/\\\/secure.gravatar.com\\\/avatar\\\/2a16057d620a4c646bcfc171c4f23030879ebbdd346f0525bd5d4a564e57e13d?s=96&d=mm&r=g\",\"caption\":\"UGT\"}}]}<\/script>\n<!-- \/ Yoast SEO Premium plugin. -->","yoast_head_json":{"title":"La empresa acerca posturas, pero la oferta sigue estando lejos de nuestros objetivos - UGT Comunicaciones","robots":{"index":"index","follow":"follow","max-snippet":"max-snippet:-1","max-image-preview":"max-image-preview:large","max-video-preview":"max-video-preview:-1"},"canonical":"https:\/\/www.ugtcomunicaciones.es\/wordpress\/la-empresa-acerca-posturas-pero-la-oferta-sigue-estando-lejos-de-nuestros-objetivos\/","og_locale":"es_ES","og_type":"article","og_title":"La empresa acerca posturas, pero la oferta sigue estando lejos de nuestros objetivos","og_description":"Esta ma\u00f1ana hemos dado continuaci\u00f3n a la \u00faltima reuni\u00f3n de la negociadora en la que la empresa realiz\u00f3 unos planteamientos inasumibles y en la que CCOO Y UGT le exigimos que\u00a0reconsiderara su postura en materia de revisi\u00f3n salarial, as\u00ed como en Teletrabajo, en aras de avanzar seriamente en la posibilidad de un acuerdo. En la [&hellip;]","og_url":"https:\/\/www.ugtcomunicaciones.es\/wordpress\/la-empresa-acerca-posturas-pero-la-oferta-sigue-estando-lejos-de-nuestros-objetivos\/","og_site_name":"UGT Comunicaciones","article_publisher":"https:\/\/www.facebook.com\/ugt.comunicaciones\/","article_published_time":"2021-05-27T14:35:42+00:00","og_image":[{"width":600,"height":444,"url":"https:\/\/www.ugtcomunicaciones.es\/wordpress\/wp-content\/uploads\/2020\/09\/Distrito-Telefonica-17-e1620720793209.jpg","type":"image\/jpeg"}],"author":"UGT","twitter_card":"summary_large_image","twitter_creator":"@ugtcom","twitter_site":"@ugtcom","twitter_misc":{"Escrito por":"UGT","Tiempo de lectura":"3 minutos"},"schema":{"@context":"https:\/\/schema.org","@graph":[{"@type":"Article","@id":"https:\/\/www.ugtcomunicaciones.es\/wordpress\/la-empresa-acerca-posturas-pero-la-oferta-sigue-estando-lejos-de-nuestros-objetivos\/#article","isPartOf":{"@id":"https:\/\/www.ugtcomunicaciones.es\/wordpress\/la-empresa-acerca-posturas-pero-la-oferta-sigue-estando-lejos-de-nuestros-objetivos\/"},"author":{"name":"UGT","@id":"https:\/\/www.ugtcomunicaciones.es\/wordpress\/#\/schema\/person\/eba0fc3fe5b444531d94d4368cba89ed"},"headline":"La empresa acerca posturas, pero la oferta sigue estando lejos de nuestros objetivos","datePublished":"2021-05-27T14:35:42+00:00","mainEntityOfPage":{"@id":"https:\/\/www.ugtcomunicaciones.es\/wordpress\/la-empresa-acerca-posturas-pero-la-oferta-sigue-estando-lejos-de-nuestros-objetivos\/"},"wordCount":514,"publisher":{"@id":"https:\/\/www.ugtcomunicaciones.es\/wordpress\/#organization"},"image":{"@id":"https:\/\/www.ugtcomunicaciones.es\/wordpress\/la-empresa-acerca-posturas-pero-la-oferta-sigue-estando-lejos-de-nuestros-objetivos\/#primaryimage"},"thumbnailUrl":"https:\/\/www.ugtcomunicaciones.es\/wordpress\/wp-content\/uploads\/2020\/09\/Distrito-Telefonica-17-e1620720793209.jpg","articleSection":["Telef\u00f3nica CEV","Telef\u00f3nica de Espa\u00f1a","Telef\u00f3nica M\u00f3viles","Telef\u00f3nica Soluciones"],"inLanguage":"es"},{"@type":"WebPage","@id":"https:\/\/www.ugtcomunicaciones.es\/wordpress\/la-empresa-acerca-posturas-pero-la-oferta-sigue-estando-lejos-de-nuestros-objetivos\/","url":"https:\/\/www.ugtcomunicaciones.es\/wordpress\/la-empresa-acerca-posturas-pero-la-oferta-sigue-estando-lejos-de-nuestros-objetivos\/","name":"La empresa acerca posturas, pero la oferta sigue estando lejos de nuestros objetivos - UGT Comunicaciones","isPartOf":{"@id":"https:\/\/www.ugtcomunicaciones.es\/wordpress\/#website"},"primaryImageOfPage":{"@id":"https:\/\/www.ugtcomunicaciones.es\/wordpress\/la-empresa-acerca-posturas-pero-la-oferta-sigue-estando-lejos-de-nuestros-objetivos\/#primaryimage"},"image":{"@id":"https:\/\/www.ugtcomunicaciones.es\/wordpress\/la-empresa-acerca-posturas-pero-la-oferta-sigue-estando-lejos-de-nuestros-objetivos\/#primaryimage"},"thumbnailUrl":"https:\/\/www.ugtcomunicaciones.es\/wordpress\/wp-content\/uploads\/2020\/09\/Distrito-Telefonica-17-e1620720793209.jpg","datePublished":"2021-05-27T14:35:42+00:00","breadcrumb":{"@id":"https:\/\/www.ugtcomunicaciones.es\/wordpress\/la-empresa-acerca-posturas-pero-la-oferta-sigue-estando-lejos-de-nuestros-objetivos\/#breadcrumb"},"inLanguage":"es","potentialAction":[{"@type":"ReadAction","target":["https:\/\/www.ugtcomunicaciones.es\/wordpress\/la-empresa-acerca-posturas-pero-la-oferta-sigue-estando-lejos-de-nuestros-objetivos\/"]}]},{"@type":"ImageObject","inLanguage":"es","@id":"https:\/\/www.ugtcomunicaciones.es\/wordpress\/la-empresa-acerca-posturas-pero-la-oferta-sigue-estando-lejos-de-nuestros-objetivos\/#primaryimage","url":"https:\/\/www.ugtcomunicaciones.es\/wordpress\/wp-content\/uploads\/2020\/09\/Distrito-Telefonica-17-e1620720793209.jpg","contentUrl":"https:\/\/www.ugtcomunicaciones.es\/wordpress\/wp-content\/uploads\/2020\/09\/Distrito-Telefonica-17-e1620720793209.jpg","width":600,"height":444},{"@type":"BreadcrumbList","@id":"https:\/\/www.ugtcomunicaciones.es\/wordpress\/la-empresa-acerca-posturas-pero-la-oferta-sigue-estando-lejos-de-nuestros-objetivos\/#breadcrumb","itemListElement":[{"@type":"ListItem","position":1,"name":"Portada","item":"https:\/\/www.ugtcomunicaciones.es\/wordpress\/"},{"@type":"ListItem","position":2,"name":"La empresa acerca posturas, pero la oferta sigue estando lejos de nuestros objetivos"}]},{"@type":"WebSite","@id":"https:\/\/www.ugtcomunicaciones.es\/wordpress\/#website","url":"https:\/\/www.ugtcomunicaciones.es\/wordpress\/","name":"UGT Comunicaciones","description":"Sindicato de Telecomunicaciones","publisher":{"@id":"https:\/\/www.ugtcomunicaciones.es\/wordpress\/#organization"},"potentialAction":[{"@type":"SearchAction","target":{"@type":"EntryPoint","urlTemplate":"https:\/\/www.ugtcomunicaciones.es\/wordpress\/?s={search_term_string}"},"query-input":{"@type":"PropertyValueSpecification","valueRequired":true,"valueName":"search_term_string"}}],"inLanguage":"es"},{"@type":"Organization","@id":"https:\/\/www.ugtcomunicaciones.es\/wordpress\/#organization","name":"UGT Comunicaciones","url":"https:\/\/www.ugtcomunicaciones.es\/wordpress\/","logo":{"@type":"ImageObject","inLanguage":"es","@id":"https:\/\/www.ugtcomunicaciones.es\/wordpress\/#\/schema\/logo\/image\/","url":"https:\/\/www.ugtcomunicaciones.es\/wordpress\/wp-content\/uploads\/2024\/04\/comunicaciones_logo.png","contentUrl":"https:\/\/www.ugtcomunicaciones.es\/wordpress\/wp-content\/uploads\/2024\/04\/comunicaciones_logo.png","width":298,"height":81,"caption":"UGT Comunicaciones"},"image":{"@id":"https:\/\/www.ugtcomunicaciones.es\/wordpress\/#\/schema\/logo\/image\/"},"sameAs":["https:\/\/www.facebook.com\/ugt.comunicaciones\/","https:\/\/x.com\/ugtcom"]},{"@type":"Person","@id":"https:\/\/www.ugtcomunicaciones.es\/wordpress\/#\/schema\/person\/eba0fc3fe5b444531d94d4368cba89ed","name":"UGT","image":{"@type":"ImageObject","inLanguage":"es","@id":"https:\/\/secure.gravatar.com\/avatar\/2a16057d620a4c646bcfc171c4f23030879ebbdd346f0525bd5d4a564e57e13d?s=96&d=mm&r=g","url":"https:\/\/secure.gravatar.com\/avatar\/2a16057d620a4c646bcfc171c4f23030879ebbdd346f0525bd5d4a564e57e13d?s=96&d=mm&r=g","contentUrl":"https:\/\/secure.gravatar.com\/avatar\/2a16057d620a4c646bcfc171c4f23030879ebbdd346f0525bd5d4a564e57e13d?s=96&d=mm&r=g","caption":"UGT"}}]}},"_links":{"self":[{"href":"https:\/\/www.ugtcomunicaciones.es\/wordpress\/wp-json\/wp\/v2\/posts\/829912","targetHints":{"allow":["GET"]}}],"collection":[{"href":"https:\/\/www.ugtcomunicaciones.es\/wordpress\/wp-json\/wp\/v2\/posts"}],"about":[{"href":"https:\/\/www.ugtcomunicaciones.es\/wordpress\/wp-json\/wp\/v2\/types\/post"}],"author":[{"embeddable":true,"href":"https:\/\/www.ugtcomunicaciones.es\/wordpress\/wp-json\/wp\/v2\/users\/3"}],"replies":[{"embeddable":true,"href":"https:\/\/www.ugtcomunicaciones.es\/wordpress\/wp-json\/wp\/v2\/comments?post=829912"}],"version-history":[{"count":0,"href":"https:\/\/www.ugtcomunicaciones.es\/wordpress\/wp-json\/wp\/v2\/posts\/829912\/revisions"}],"wp:featuredmedia":[{"embeddable":true,"href":"https:\/\/www.ugtcomunicaciones.es\/wordpress\/wp-json\/wp\/v2\/media\/662093"}],"wp:attachment":[{"href":"https:\/\/www.ugtcomunicaciones.es\/wordpress\/wp-json\/wp\/v2\/media?parent=829912"}],"wp:term":[{"taxonomy":"category","embeddable":true,"href":"https:\/\/www.ugtcomunicaciones.es\/wordpress\/wp-json\/wp\/v2\/categories?post=829912"},{"taxonomy":"post_tag","embeddable":true,"href":"https:\/\/www.ugtcomunicaciones.es\/wordpress\/wp-json\/wp\/v2\/tags?post=829912"}],"curies":[{"name":"wp","href":"https:\/\/api.w.org\/{rel}","templated":true}]}}