{"id":835,"date":"2017-02-01T10:20:29","date_gmt":"2017-02-01T09:20:29","guid":{"rendered":"http:\/\/www.ugtcom.h2301842.stratoserver.net\/wordpress\/wordpress\/?p=835"},"modified":"2017-02-06T10:27:28","modified_gmt":"2017-02-06T09:27:28","slug":"presentado-srv-2017-puntos-venta","status":"publish","type":"post","link":"https:\/\/www.ugtcomunicaciones.es\/wordpress\/presentado-srv-2017-puntos-venta\/","title":{"rendered":"Presentado el SRV 2017 para puntos de venta"},"content":{"rendered":"<p style=\"text-align: justify;\">El d\u00eda 1 tuvo\u00a0lugar la presentaci\u00f3n por parte de la Empresa del nuevo SRV para 2017 para los puntos de venta.<\/p>\n<p style=\"text-align: justify;\">La empresa hace su exposici\u00f3n, en la misma nos traslada que el SRV debe de reflejar un cambio en la oferta y dirigir las necesidades a lo que aporta valor. En este sentido indica que hay que este sistema quiere poner el foco en venta de Televisi\u00f3n y en Fusi\u00f3n Plus.<\/p>\n<p style=\"text-align: justify;\">Informa de una nueva figura llamada Comercial + el cual podr\u00e1 tener un extra de un 30% sobre las comisiones.<\/p>\n<p style=\"text-align: justify;\">Tambi\u00e9n explican que para las empleadas\/os con reducci\u00f3n de jornada este sistema no les perjudica sino todo lo contrario.<\/p>\n<p style=\"text-align: justify;\">Explican que todas las palancas y ofertas est\u00e1n orientadas a la venta de Fusi\u00f3n +, que hay una simplificaci\u00f3n de tramos as\u00ed como solo habr\u00e1 Oro y plata desapareciendo el bronce<\/p>\n<p style=\"text-align: justify;\">El apartado llamado \u201cEn tu tienda\u201d cambia. Si la tienda llega al objetivo se reparte proporcionalmente por lo obtenido por cada vendedor, incluso si esta en diferentes tiendas se le tendr\u00e1 en cuenta su aportaci\u00f3n proporcional en cada tienda.<\/p>\n<p style=\"text-align: justify;\">Se mantiene la Calidad por atenci\u00f3n al cliente y calidad operativa<\/p>\n<p style=\"text-align: justify;\">En este apartado <strong>UGT<\/strong> incide en las injusticias de las bajas prematuras y otras situaciones ajenas al vendedor que se ve penalizado por cuestiones ajenas a su gesti\u00f3n.<\/p>\n<p style=\"text-align: justify;\">La empresa informa que no tratan de penalizar y que ahora quieren premiar la buena calidad, para eso si se consigue cero bajas, cero errores y cero anulaciones de fijo se ir\u00e1 multiplicando por 15,30 \u20ac y 60 \u20ac.<\/p>\n<p style=\"text-align: justify;\">Respecto a la nueva figura del comercial+ indican que lo conseguir\u00e1 cualquier comercial que tenga un cumplimiento de calidad y ventas excelente y que m\u00e1s adelante se dar\u00e1 m\u00e1s informaci\u00f3n sobre esta figura.<\/p>\n<p style=\"text-align: justify;\"><strong>UGT<\/strong>, se reserva una posterior valoraci\u00f3n hasta tener el documento para poder analizarlo en profundidad, pero estamos conformes con que el SRV recoja un mejor tratamiento con los trabajadores y trabajadoras con reducci\u00f3n de jornada.<\/p>\n<p style=\"text-align: justify;\">Por otro lado <strong>UGT<\/strong>, seguimos sin estar de acuerdo en el tema de la calidad operativa sobre todo a nivel de bajas prematuras, ya que, aunque nos han indicado que no supone una penalizaci\u00f3n, s\u00ed supone una merma en las comisiones de los comerciales siendo un factor que no depende exclusivamente del mismo.<\/p>\n<p style=\"text-align: justify;\">Instamos desde <strong>UGT<\/strong> a la empresa a que en las reformulaciones de CAOL, se den m\u00e1s celeridad en las resoluciones, ya que de ello, depende las comisiones de dicho\u00a0mes del comercial y no esperar a dos y tres meses en cobrar eso ya que el comercial al pasar tiempo no queda seguro de si eso es lo que se\u00a0le ha de pagar y \u00a0de si se lo han contado para la subida de tramo.<\/p>\n<p>Desde UGT hemos comentado al final de la reuni\u00f3n\u00a0que el v\u00eddeo de la presentaci\u00f3n del SRV no ha generado muy buena prensa entre los comerciales, puesto que al usar el s\u00edmil de la saga de los juegos del hambre, fomenta la competencia agresiva e insana entre compa\u00f1eros.<\/p>\n","protected":false},"excerpt":{"rendered":"<p>El d\u00eda 1 tuvo\u00a0lugar la presentaci\u00f3n por parte de la Empresa del nuevo SRV para 2017 para los puntos de venta. La empresa hace su exposici\u00f3n, en la misma nos traslada que el SRV debe de reflejar un cambio en la oferta y dirigir las necesidades a lo que aporta valor. En este sentido indica [&hellip;]<\/p>\n","protected":false},"author":3,"featured_media":839,"comment_status":"open","ping_status":"closed","sticky":false,"template":"","format":"standard","meta":{"footnotes":""},"categories":[37,31],"tags":[],"class_list":["post-835","post","type-post","status-publish","format-standard","has-post-thumbnail","hentry","category-telyco-telyco","category-telyco"],"yoast_head":"<!-- This site is optimized with the Yoast SEO Premium plugin v27.3 (Yoast SEO v27.4) - https:\/\/yoast.com\/product\/yoast-seo-premium-wordpress\/ -->\n<title>Presentado el SRV 2017 para puntos de venta - UGT Comunicaciones<\/title>\n<meta name=\"robots\" content=\"index, follow, max-snippet:-1, max-image-preview:large, max-video-preview:-1\" \/>\n<link rel=\"canonical\" href=\"https:\/\/www.ugtcomunicaciones.es\/wordpress\/presentado-srv-2017-puntos-venta\/\" \/>\n<meta property=\"og:locale\" content=\"es_ES\" \/>\n<meta property=\"og:type\" content=\"article\" \/>\n<meta property=\"og:title\" content=\"Presentado el SRV 2017 para puntos de venta\" \/>\n<meta property=\"og:description\" content=\"El d\u00eda 1 tuvo\u00a0lugar la presentaci\u00f3n por parte de la Empresa del nuevo SRV para 2017 para los puntos de venta. La empresa hace su exposici\u00f3n, en la misma nos traslada que el SRV debe de reflejar un cambio en la oferta y dirigir las necesidades a lo que aporta valor. En este sentido indica [&hellip;]\" \/>\n<meta property=\"og:url\" content=\"https:\/\/www.ugtcomunicaciones.es\/wordpress\/presentado-srv-2017-puntos-venta\/\" \/>\n<meta property=\"og:site_name\" content=\"UGT Comunicaciones\" \/>\n<meta property=\"article:publisher\" content=\"https:\/\/www.facebook.com\/ugt.comunicaciones\/\" \/>\n<meta property=\"article:published_time\" content=\"2017-02-01T09:20:29+00:00\" \/>\n<meta property=\"article:modified_time\" content=\"2017-02-06T09:27:28+00:00\" \/>\n<meta property=\"og:image\" content=\"https:\/\/www.ugtcomunicaciones.es\/wordpress\/wp-content\/uploads\/2017\/02\/tienda_telyco.png\" \/>\n\t<meta property=\"og:image:width\" content=\"512\" \/>\n\t<meta property=\"og:image:height\" content=\"374\" \/>\n\t<meta property=\"og:image:type\" content=\"image\/png\" \/>\n<meta name=\"author\" content=\"UGT\" \/>\n<meta name=\"twitter:card\" content=\"summary_large_image\" \/>\n<meta name=\"twitter:creator\" content=\"@ugtcom\" \/>\n<meta name=\"twitter:site\" content=\"@ugtcom\" \/>\n<meta name=\"twitter:label1\" content=\"Escrito por\" \/>\n\t<meta name=\"twitter:data1\" content=\"UGT\" \/>\n\t<meta name=\"twitter:label2\" content=\"Tiempo de lectura\" \/>\n\t<meta name=\"twitter:data2\" content=\"3 minutos\" \/>\n<script type=\"application\/ld+json\" class=\"yoast-schema-graph\">{\"@context\":\"https:\\\/\\\/schema.org\",\"@graph\":[{\"@type\":\"Article\",\"@id\":\"https:\\\/\\\/www.ugtcomunicaciones.es\\\/wordpress\\\/presentado-srv-2017-puntos-venta\\\/#article\",\"isPartOf\":{\"@id\":\"https:\\\/\\\/www.ugtcomunicaciones.es\\\/wordpress\\\/presentado-srv-2017-puntos-venta\\\/\"},\"author\":{\"name\":\"UGT\",\"@id\":\"https:\\\/\\\/www.ugtcomunicaciones.es\\\/wordpress\\\/#\\\/schema\\\/person\\\/eba0fc3fe5b444531d94d4368cba89ed\"},\"headline\":\"Presentado el SRV 2017 para puntos de venta\",\"datePublished\":\"2017-02-01T09:20:29+00:00\",\"dateModified\":\"2017-02-06T09:27:28+00:00\",\"mainEntityOfPage\":{\"@id\":\"https:\\\/\\\/www.ugtcomunicaciones.es\\\/wordpress\\\/presentado-srv-2017-puntos-venta\\\/\"},\"wordCount\":529,\"commentCount\":0,\"publisher\":{\"@id\":\"https:\\\/\\\/www.ugtcomunicaciones.es\\\/wordpress\\\/#organization\"},\"image\":{\"@id\":\"https:\\\/\\\/www.ugtcomunicaciones.es\\\/wordpress\\\/presentado-srv-2017-puntos-venta\\\/#primaryimage\"},\"thumbnailUrl\":\"https:\\\/\\\/www.ugtcomunicaciones.es\\\/wordpress\\\/wp-content\\\/uploads\\\/2017\\\/02\\\/tienda_telyco.png\",\"articleSection\":[\"Telyco\",\"Telyco\"],\"inLanguage\":\"es\",\"potentialAction\":[{\"@type\":\"CommentAction\",\"name\":\"Comment\",\"target\":[\"https:\\\/\\\/www.ugtcomunicaciones.es\\\/wordpress\\\/presentado-srv-2017-puntos-venta\\\/#respond\"]}]},{\"@type\":\"WebPage\",\"@id\":\"https:\\\/\\\/www.ugtcomunicaciones.es\\\/wordpress\\\/presentado-srv-2017-puntos-venta\\\/\",\"url\":\"https:\\\/\\\/www.ugtcomunicaciones.es\\\/wordpress\\\/presentado-srv-2017-puntos-venta\\\/\",\"name\":\"Presentado el SRV 2017 para puntos de venta - UGT Comunicaciones\",\"isPartOf\":{\"@id\":\"https:\\\/\\\/www.ugtcomunicaciones.es\\\/wordpress\\\/#website\"},\"primaryImageOfPage\":{\"@id\":\"https:\\\/\\\/www.ugtcomunicaciones.es\\\/wordpress\\\/presentado-srv-2017-puntos-venta\\\/#primaryimage\"},\"image\":{\"@id\":\"https:\\\/\\\/www.ugtcomunicaciones.es\\\/wordpress\\\/presentado-srv-2017-puntos-venta\\\/#primaryimage\"},\"thumbnailUrl\":\"https:\\\/\\\/www.ugtcomunicaciones.es\\\/wordpress\\\/wp-content\\\/uploads\\\/2017\\\/02\\\/tienda_telyco.png\",\"datePublished\":\"2017-02-01T09:20:29+00:00\",\"dateModified\":\"2017-02-06T09:27:28+00:00\",\"breadcrumb\":{\"@id\":\"https:\\\/\\\/www.ugtcomunicaciones.es\\\/wordpress\\\/presentado-srv-2017-puntos-venta\\\/#breadcrumb\"},\"inLanguage\":\"es\",\"potentialAction\":[{\"@type\":\"ReadAction\",\"target\":[\"https:\\\/\\\/www.ugtcomunicaciones.es\\\/wordpress\\\/presentado-srv-2017-puntos-venta\\\/\"]}]},{\"@type\":\"ImageObject\",\"inLanguage\":\"es\",\"@id\":\"https:\\\/\\\/www.ugtcomunicaciones.es\\\/wordpress\\\/presentado-srv-2017-puntos-venta\\\/#primaryimage\",\"url\":\"https:\\\/\\\/www.ugtcomunicaciones.es\\\/wordpress\\\/wp-content\\\/uploads\\\/2017\\\/02\\\/tienda_telyco.png\",\"contentUrl\":\"https:\\\/\\\/www.ugtcomunicaciones.es\\\/wordpress\\\/wp-content\\\/uploads\\\/2017\\\/02\\\/tienda_telyco.png\",\"width\":512,\"height\":374},{\"@type\":\"BreadcrumbList\",\"@id\":\"https:\\\/\\\/www.ugtcomunicaciones.es\\\/wordpress\\\/presentado-srv-2017-puntos-venta\\\/#breadcrumb\",\"itemListElement\":[{\"@type\":\"ListItem\",\"position\":1,\"name\":\"Portada\",\"item\":\"https:\\\/\\\/www.ugtcomunicaciones.es\\\/wordpress\\\/\"},{\"@type\":\"ListItem\",\"position\":2,\"name\":\"Presentado el SRV 2017 para puntos de venta\"}]},{\"@type\":\"WebSite\",\"@id\":\"https:\\\/\\\/www.ugtcomunicaciones.es\\\/wordpress\\\/#website\",\"url\":\"https:\\\/\\\/www.ugtcomunicaciones.es\\\/wordpress\\\/\",\"name\":\"UGT Comunicaciones\",\"description\":\"Sindicato de Telecomunicaciones\",\"publisher\":{\"@id\":\"https:\\\/\\\/www.ugtcomunicaciones.es\\\/wordpress\\\/#organization\"},\"potentialAction\":[{\"@type\":\"SearchAction\",\"target\":{\"@type\":\"EntryPoint\",\"urlTemplate\":\"https:\\\/\\\/www.ugtcomunicaciones.es\\\/wordpress\\\/?s={search_term_string}\"},\"query-input\":{\"@type\":\"PropertyValueSpecification\",\"valueRequired\":true,\"valueName\":\"search_term_string\"}}],\"inLanguage\":\"es\"},{\"@type\":\"Organization\",\"@id\":\"https:\\\/\\\/www.ugtcomunicaciones.es\\\/wordpress\\\/#organization\",\"name\":\"UGT Comunicaciones\",\"url\":\"https:\\\/\\\/www.ugtcomunicaciones.es\\\/wordpress\\\/\",\"logo\":{\"@type\":\"ImageObject\",\"inLanguage\":\"es\",\"@id\":\"https:\\\/\\\/www.ugtcomunicaciones.es\\\/wordpress\\\/#\\\/schema\\\/logo\\\/image\\\/\",\"url\":\"https:\\\/\\\/www.ugtcomunicaciones.es\\\/wordpress\\\/wp-content\\\/uploads\\\/2024\\\/04\\\/comunicaciones_logo.png\",\"contentUrl\":\"https:\\\/\\\/www.ugtcomunicaciones.es\\\/wordpress\\\/wp-content\\\/uploads\\\/2024\\\/04\\\/comunicaciones_logo.png\",\"width\":298,\"height\":81,\"caption\":\"UGT Comunicaciones\"},\"image\":{\"@id\":\"https:\\\/\\\/www.ugtcomunicaciones.es\\\/wordpress\\\/#\\\/schema\\\/logo\\\/image\\\/\"},\"sameAs\":[\"https:\\\/\\\/www.facebook.com\\\/ugt.comunicaciones\\\/\",\"https:\\\/\\\/x.com\\\/ugtcom\"]},{\"@type\":\"Person\",\"@id\":\"https:\\\/\\\/www.ugtcomunicaciones.es\\\/wordpress\\\/#\\\/schema\\\/person\\\/eba0fc3fe5b444531d94d4368cba89ed\",\"name\":\"UGT\",\"image\":{\"@type\":\"ImageObject\",\"inLanguage\":\"es\",\"@id\":\"https:\\\/\\\/secure.gravatar.com\\\/avatar\\\/2a16057d620a4c646bcfc171c4f23030879ebbdd346f0525bd5d4a564e57e13d?s=96&d=mm&r=g\",\"url\":\"https:\\\/\\\/secure.gravatar.com\\\/avatar\\\/2a16057d620a4c646bcfc171c4f23030879ebbdd346f0525bd5d4a564e57e13d?s=96&d=mm&r=g\",\"contentUrl\":\"https:\\\/\\\/secure.gravatar.com\\\/avatar\\\/2a16057d620a4c646bcfc171c4f23030879ebbdd346f0525bd5d4a564e57e13d?s=96&d=mm&r=g\",\"caption\":\"UGT\"}}]}<\/script>\n<!-- \/ Yoast SEO Premium plugin. -->","yoast_head_json":{"title":"Presentado el SRV 2017 para puntos de venta - UGT Comunicaciones","robots":{"index":"index","follow":"follow","max-snippet":"max-snippet:-1","max-image-preview":"max-image-preview:large","max-video-preview":"max-video-preview:-1"},"canonical":"https:\/\/www.ugtcomunicaciones.es\/wordpress\/presentado-srv-2017-puntos-venta\/","og_locale":"es_ES","og_type":"article","og_title":"Presentado el SRV 2017 para puntos de venta","og_description":"El d\u00eda 1 tuvo\u00a0lugar la presentaci\u00f3n por parte de la Empresa del nuevo SRV para 2017 para los puntos de venta. La empresa hace su exposici\u00f3n, en la misma nos traslada que el SRV debe de reflejar un cambio en la oferta y dirigir las necesidades a lo que aporta valor. En este sentido indica [&hellip;]","og_url":"https:\/\/www.ugtcomunicaciones.es\/wordpress\/presentado-srv-2017-puntos-venta\/","og_site_name":"UGT Comunicaciones","article_publisher":"https:\/\/www.facebook.com\/ugt.comunicaciones\/","article_published_time":"2017-02-01T09:20:29+00:00","article_modified_time":"2017-02-06T09:27:28+00:00","og_image":[{"width":512,"height":374,"url":"https:\/\/www.ugtcomunicaciones.es\/wordpress\/wp-content\/uploads\/2017\/02\/tienda_telyco.png","type":"image\/png"}],"author":"UGT","twitter_card":"summary_large_image","twitter_creator":"@ugtcom","twitter_site":"@ugtcom","twitter_misc":{"Escrito por":"UGT","Tiempo de lectura":"3 minutos"},"schema":{"@context":"https:\/\/schema.org","@graph":[{"@type":"Article","@id":"https:\/\/www.ugtcomunicaciones.es\/wordpress\/presentado-srv-2017-puntos-venta\/#article","isPartOf":{"@id":"https:\/\/www.ugtcomunicaciones.es\/wordpress\/presentado-srv-2017-puntos-venta\/"},"author":{"name":"UGT","@id":"https:\/\/www.ugtcomunicaciones.es\/wordpress\/#\/schema\/person\/eba0fc3fe5b444531d94d4368cba89ed"},"headline":"Presentado el SRV 2017 para puntos de venta","datePublished":"2017-02-01T09:20:29+00:00","dateModified":"2017-02-06T09:27:28+00:00","mainEntityOfPage":{"@id":"https:\/\/www.ugtcomunicaciones.es\/wordpress\/presentado-srv-2017-puntos-venta\/"},"wordCount":529,"commentCount":0,"publisher":{"@id":"https:\/\/www.ugtcomunicaciones.es\/wordpress\/#organization"},"image":{"@id":"https:\/\/www.ugtcomunicaciones.es\/wordpress\/presentado-srv-2017-puntos-venta\/#primaryimage"},"thumbnailUrl":"https:\/\/www.ugtcomunicaciones.es\/wordpress\/wp-content\/uploads\/2017\/02\/tienda_telyco.png","articleSection":["Telyco","Telyco"],"inLanguage":"es","potentialAction":[{"@type":"CommentAction","name":"Comment","target":["https:\/\/www.ugtcomunicaciones.es\/wordpress\/presentado-srv-2017-puntos-venta\/#respond"]}]},{"@type":"WebPage","@id":"https:\/\/www.ugtcomunicaciones.es\/wordpress\/presentado-srv-2017-puntos-venta\/","url":"https:\/\/www.ugtcomunicaciones.es\/wordpress\/presentado-srv-2017-puntos-venta\/","name":"Presentado el SRV 2017 para puntos de venta - UGT Comunicaciones","isPartOf":{"@id":"https:\/\/www.ugtcomunicaciones.es\/wordpress\/#website"},"primaryImageOfPage":{"@id":"https:\/\/www.ugtcomunicaciones.es\/wordpress\/presentado-srv-2017-puntos-venta\/#primaryimage"},"image":{"@id":"https:\/\/www.ugtcomunicaciones.es\/wordpress\/presentado-srv-2017-puntos-venta\/#primaryimage"},"thumbnailUrl":"https:\/\/www.ugtcomunicaciones.es\/wordpress\/wp-content\/uploads\/2017\/02\/tienda_telyco.png","datePublished":"2017-02-01T09:20:29+00:00","dateModified":"2017-02-06T09:27:28+00:00","breadcrumb":{"@id":"https:\/\/www.ugtcomunicaciones.es\/wordpress\/presentado-srv-2017-puntos-venta\/#breadcrumb"},"inLanguage":"es","potentialAction":[{"@type":"ReadAction","target":["https:\/\/www.ugtcomunicaciones.es\/wordpress\/presentado-srv-2017-puntos-venta\/"]}]},{"@type":"ImageObject","inLanguage":"es","@id":"https:\/\/www.ugtcomunicaciones.es\/wordpress\/presentado-srv-2017-puntos-venta\/#primaryimage","url":"https:\/\/www.ugtcomunicaciones.es\/wordpress\/wp-content\/uploads\/2017\/02\/tienda_telyco.png","contentUrl":"https:\/\/www.ugtcomunicaciones.es\/wordpress\/wp-content\/uploads\/2017\/02\/tienda_telyco.png","width":512,"height":374},{"@type":"BreadcrumbList","@id":"https:\/\/www.ugtcomunicaciones.es\/wordpress\/presentado-srv-2017-puntos-venta\/#breadcrumb","itemListElement":[{"@type":"ListItem","position":1,"name":"Portada","item":"https:\/\/www.ugtcomunicaciones.es\/wordpress\/"},{"@type":"ListItem","position":2,"name":"Presentado el SRV 2017 para puntos de venta"}]},{"@type":"WebSite","@id":"https:\/\/www.ugtcomunicaciones.es\/wordpress\/#website","url":"https:\/\/www.ugtcomunicaciones.es\/wordpress\/","name":"UGT Comunicaciones","description":"Sindicato de Telecomunicaciones","publisher":{"@id":"https:\/\/www.ugtcomunicaciones.es\/wordpress\/#organization"},"potentialAction":[{"@type":"SearchAction","target":{"@type":"EntryPoint","urlTemplate":"https:\/\/www.ugtcomunicaciones.es\/wordpress\/?s={search_term_string}"},"query-input":{"@type":"PropertyValueSpecification","valueRequired":true,"valueName":"search_term_string"}}],"inLanguage":"es"},{"@type":"Organization","@id":"https:\/\/www.ugtcomunicaciones.es\/wordpress\/#organization","name":"UGT Comunicaciones","url":"https:\/\/www.ugtcomunicaciones.es\/wordpress\/","logo":{"@type":"ImageObject","inLanguage":"es","@id":"https:\/\/www.ugtcomunicaciones.es\/wordpress\/#\/schema\/logo\/image\/","url":"https:\/\/www.ugtcomunicaciones.es\/wordpress\/wp-content\/uploads\/2024\/04\/comunicaciones_logo.png","contentUrl":"https:\/\/www.ugtcomunicaciones.es\/wordpress\/wp-content\/uploads\/2024\/04\/comunicaciones_logo.png","width":298,"height":81,"caption":"UGT Comunicaciones"},"image":{"@id":"https:\/\/www.ugtcomunicaciones.es\/wordpress\/#\/schema\/logo\/image\/"},"sameAs":["https:\/\/www.facebook.com\/ugt.comunicaciones\/","https:\/\/x.com\/ugtcom"]},{"@type":"Person","@id":"https:\/\/www.ugtcomunicaciones.es\/wordpress\/#\/schema\/person\/eba0fc3fe5b444531d94d4368cba89ed","name":"UGT","image":{"@type":"ImageObject","inLanguage":"es","@id":"https:\/\/secure.gravatar.com\/avatar\/2a16057d620a4c646bcfc171c4f23030879ebbdd346f0525bd5d4a564e57e13d?s=96&d=mm&r=g","url":"https:\/\/secure.gravatar.com\/avatar\/2a16057d620a4c646bcfc171c4f23030879ebbdd346f0525bd5d4a564e57e13d?s=96&d=mm&r=g","contentUrl":"https:\/\/secure.gravatar.com\/avatar\/2a16057d620a4c646bcfc171c4f23030879ebbdd346f0525bd5d4a564e57e13d?s=96&d=mm&r=g","caption":"UGT"}}]}},"_links":{"self":[{"href":"https:\/\/www.ugtcomunicaciones.es\/wordpress\/wp-json\/wp\/v2\/posts\/835","targetHints":{"allow":["GET"]}}],"collection":[{"href":"https:\/\/www.ugtcomunicaciones.es\/wordpress\/wp-json\/wp\/v2\/posts"}],"about":[{"href":"https:\/\/www.ugtcomunicaciones.es\/wordpress\/wp-json\/wp\/v2\/types\/post"}],"author":[{"embeddable":true,"href":"https:\/\/www.ugtcomunicaciones.es\/wordpress\/wp-json\/wp\/v2\/users\/3"}],"replies":[{"embeddable":true,"href":"https:\/\/www.ugtcomunicaciones.es\/wordpress\/wp-json\/wp\/v2\/comments?post=835"}],"version-history":[{"count":0,"href":"https:\/\/www.ugtcomunicaciones.es\/wordpress\/wp-json\/wp\/v2\/posts\/835\/revisions"}],"wp:featuredmedia":[{"embeddable":true,"href":"https:\/\/www.ugtcomunicaciones.es\/wordpress\/wp-json\/wp\/v2\/media\/839"}],"wp:attachment":[{"href":"https:\/\/www.ugtcomunicaciones.es\/wordpress\/wp-json\/wp\/v2\/media?parent=835"}],"wp:term":[{"taxonomy":"category","embeddable":true,"href":"https:\/\/www.ugtcomunicaciones.es\/wordpress\/wp-json\/wp\/v2\/categories?post=835"},{"taxonomy":"post_tag","embeddable":true,"href":"https:\/\/www.ugtcomunicaciones.es\/wordpress\/wp-json\/wp\/v2\/tags?post=835"}],"curies":[{"name":"wp","href":"https:\/\/api.w.org\/{rel}","templated":true}]}}