{"id":851209,"date":"2021-06-28T10:38:21","date_gmt":"2021-06-28T08:38:21","guid":{"rendered":"https:\/\/www.ugtcomunicaciones.es\/wordpress\/?p=851209"},"modified":"2021-06-28T10:38:21","modified_gmt":"2021-06-28T08:38:21","slug":"ugtconorgullo-2021","status":"publish","type":"post","link":"https:\/\/www.ugtcomunicaciones.es\/wordpress\/ugtconorgullo-2021\/","title":{"rendered":"UGTconORGULLO 2021"},"content":{"rendered":"<p style=\"text-align: justify;\">El Sector de Comunicaciones y Cultura de <span style=\"color: #ff0000;\"><strong>UGT<\/strong><\/span>, con motivo del d\u00eda del Orgullo LGTBIQ+ 2021, quiere expresar y transmitir su compromiso firme y activo en la defensa de los derechos laborales, civiles y sociales de todas las personas.<\/p>\n<p style=\"text-align: justify;\">Este a\u00f1o el Orgullo 2021 tiene el lema \u201cLos derechos humanos no se negocian, se legislan\u201d y nuestro Sindicato no solo lo asume plenamente, sino que adem\u00e1s aspira a desarrollarlos, protegerlos y defenderlos. Este a\u00f1o se hace hincapi\u00e9 en las personas trans y su derecho a vivir sus vidas tal y como las sienten; sin duda, es m\u00e1s f\u00e1cil allanarles el camino que ponerles piedras en \u00e9l, lo que adem\u00e1s es inhumano, sobre todo para con los m\u00e1s j\u00f3venes, que por su edad tienen toda una lucha vital extra por delante.<\/p>\n<p style=\"text-align: justify;\">Podr\u00edamos decir que los derechos civiles b\u00e1sicos de la mayor\u00eda de los colectivos que recogen estas siglas ya est\u00e1n conseguidos, en estos 52 a\u00f1os de lucha en todo el mundo Occidental. Pero nos hemos dejado a muchos y muchas en el camino y, lo que es m\u00e1s lamentable, la realidad a\u00fan dista mucho del papel.<\/p>\n<p style=\"text-align: justify;\">Recordemos el origen de nuestro Orgullo: se celebra que, en la Nueva York de 1969, un 28 de junio, personas apaleadas habitualmente simplemente porque otros cre\u00edan que pod\u00edan hacerlo, dijeron basta. En las manifestaciones todos podemos ver gente vestida de diferentes tem\u00e1ticas recordando a quienes hicieron posible aquel primer movimiento. La fiesta ha sido desde entonces uno de los lenguajes que la comunidad LGTBIQ+ ha utilizado ante el rechazo, el odio y los golpes. Cuando alguien intenta que otra persona no sea feliz lo mejor que se puede hacer es precisamente serlo y demostrarle que lo es.<\/p>\n<p style=\"text-align: justify;\">Pero la historia LGTBIQ+ es una historia humana, una historia sobre el miedo.<\/p>\n<ul style=\"text-align: justify;\">\n<li>El que sientes cuando tienes entre 6-10 a\u00f1os y te das cuenta de que no eres como los dem\u00e1s o lo que crees a tan corta edad que se espera de ti.<\/li>\n<li>El que sientes cuando eres adolescente y empiezas a tener sentimientos que te dice la sociedad que no son correctos.<\/li>\n<li>El que sientes cuando ves c\u00f3mo agreden verbal y\/o f\u00edsicamente a otras personas como t\u00fa, si no a ti mismo.<\/li>\n<li>Y por \u00faltimo, cuando ya has reunido la fuerza suficiente para enfrentarte a todo e intentar ser feliz, el miedo que a\u00fan sientes a ser perjudicado en tu entorno laboral o a perder tu puesto de trabajo, algo sagrado que todos necesitamos para vivir las vidas que la naturaleza nos ha dado al nacer.<\/li>\n<\/ul>\n<p style=\"text-align: justify;\">El lugar de trabajo es parte fundamental del desarrollo personal y, por tanto, es imprescindible que todas las personas se sientan plenas en \u00e9l para mostrar todas sus capacidades, en beneficio propio, de los dem\u00e1s y de la empresa a la que pertenecen.<\/p>\n<p style=\"text-align: justify;\">Tu derecho al trabajo es un derecho que la Constituci\u00f3n espa\u00f1ola y la UE protegen y que debe ser defendido. \u00a0Lo que no es un derecho es insultar, menospreciar, humillar o utilizar palabras hirientes con intenci\u00f3n peyorativa en el lugar de trabajo. Lo que no es un derecho es perjudicar las carreras profesionales de las personas por su naturaleza. Nadie tiene derecho a convertir el lugar de trabajo en un sitio desagradable o inc\u00f3modo para otras personas en vez de un lugar de creaci\u00f3n de negocio procedente precisamente de la diversidad.<\/p>\n<p style=\"text-align: justify;\">Quienes quieren marginar, esconder, invisibilizar o tapar las realidades de estas personas siempre tendr\u00e1n en frente a <strong><span style=\"color: #ff0000;\">UGT<\/span><\/strong><span style=\"color: #000000;\">.<\/span> Nuestro lema centenario es \u201cLa uni\u00f3n hace la fuerza\u201d, nunca mejor representado que en las largas siglas que contiene este colectivo, porque en realidad no es uno sino muchos, unidos por las ganas de querer vivir las vidas que les corresponden en paz con todos los dem\u00e1s.<\/p>\n<p style=\"text-align: justify;\">Nunca vamos a dejar de luchar, proteger, amparar y acompa\u00f1ar a todas las personas de estos colectivos en el \u00e1mbito de sus derechos laborales, que son los mismos que los de todos los dem\u00e1s, ni uno m\u00e1s, pero sobre todo ni uno menos. Consideramos que la negociaci\u00f3n colectiva y la acci\u00f3n sindical son pilares fundamentales para lograr la igualdad real de todas las personas que forman los diversos colectivos englobados en las siglas LGTBIQ+ en nuestra sociedad.<\/p>\n<p style=\"text-align: justify;\">Por todo ello, <span style=\"color: #ff0000;\"><strong>UGT<\/strong><\/span> manifestamos claramente y con toda rotundidad que no vamos a permitir que nadie pase miedo en el \u00e1mbito laboral, all\u00ed donde estemos.<\/p>\n<p style=\"text-align: justify;\">Sin duda, desde aquella a este 2021 hemos avanzado mucho, paso a paso, y cada uno de ellos ha costado mucho esfuerzo y sufrimiento, pero aqu\u00ed est\u00e1 <strong><span style=\"color: #ff0000;\">UGT<\/span><\/strong> una vez m\u00e1s para apoyar a todas las personas de estos colectivos. Es el d\u00eda de celebrar con emoci\u00f3n, firmeza y por supuesto fiesta, los y las que podemos hacerlo, y nuestro Sindicato estar\u00e1 ah\u00ed por quienes no pueden bajo amenazas de despido, c\u00e1rcel o incluso muerte en otros pa\u00edses.<\/p>\n<p style=\"text-align: justify;\">Contad con <strong><span style=\"color: #ff0000;\">UGT<\/span> <\/strong>siempre y feliz Orgullo 2021!<\/p>\n<p>&nbsp;<\/p>\n<h5 style=\"text-align: right;\"><strong><span style=\"color: #ff0000;\">UGT<\/span> Comunicaciones y Cultura<\/strong><br \/>\n<strong>Sector EStatal<\/strong><\/h5>\n","protected":false},"excerpt":{"rendered":"<p>El Sector de Comunicaciones y Cultura de UGT, con motivo del d\u00eda del Orgullo LGTBIQ+ 2021, quiere expresar y transmitir su compromiso firme y activo en la defensa de los derechos laborales, civiles y sociales de todas las personas. Este a\u00f1o el Orgullo 2021 tiene el lema \u201cLos derechos humanos no se negocian, se legislan\u201d [&hellip;]<\/p>\n","protected":false},"author":3,"featured_media":851211,"comment_status":"closed","ping_status":"closed","sticky":false,"template":"","format":"standard","meta":{"footnotes":""},"categories":[91],"tags":[],"class_list":["post-851209","post","type-post","status-publish","format-standard","has-post-thumbnail","hentry","category-diversidad"],"yoast_head":"<!-- This site is optimized with the Yoast SEO Premium plugin v27.3 (Yoast SEO v27.4) - https:\/\/yoast.com\/product\/yoast-seo-premium-wordpress\/ -->\n<title>UGTconORGULLO 2021 - UGT Comunicaciones<\/title>\n<meta name=\"description\" content=\"El Sector de Comunicaciones y Cultura de UGT, con motivo del d\u00eda del Orgullo LGTBIQ+ 2021, quiere expresar y transmitir su compromiso firme..\" \/>\n<meta name=\"robots\" content=\"index, follow, max-snippet:-1, max-image-preview:large, max-video-preview:-1\" \/>\n<link rel=\"canonical\" href=\"https:\/\/www.ugtcomunicaciones.es\/wordpress\/ugtconorgullo-2021\/\" \/>\n<meta property=\"og:locale\" content=\"es_ES\" \/>\n<meta property=\"og:type\" content=\"article\" \/>\n<meta property=\"og:title\" content=\"UGTconORGULLO 2021\" \/>\n<meta property=\"og:description\" content=\"El Sector de Comunicaciones y Cultura de UGT, con motivo del d\u00eda del Orgullo LGTBIQ+ 2021, quiere expresar y transmitir su compromiso firme..\" \/>\n<meta property=\"og:url\" content=\"https:\/\/www.ugtcomunicaciones.es\/wordpress\/ugtconorgullo-2021\/\" \/>\n<meta property=\"og:site_name\" content=\"UGT Comunicaciones\" \/>\n<meta property=\"article:publisher\" content=\"https:\/\/www.facebook.com\/ugt.comunicaciones\/\" \/>\n<meta property=\"article:published_time\" content=\"2021-06-28T08:38:21+00:00\" \/>\n<meta property=\"og:image\" content=\"https:\/\/www.ugtcomunicaciones.es\/wordpress\/wp-content\/uploads\/2021\/06\/COMUNICADO_PIE_LGTBI.png\" \/>\n\t<meta property=\"og:image:width\" content=\"650\" \/>\n\t<meta property=\"og:image:height\" content=\"99\" \/>\n\t<meta property=\"og:image:type\" content=\"image\/png\" \/>\n<meta name=\"author\" content=\"UGT\" \/>\n<meta name=\"twitter:card\" content=\"summary_large_image\" \/>\n<meta name=\"twitter:creator\" content=\"@ugtcom\" \/>\n<meta name=\"twitter:site\" content=\"@ugtcom\" \/>\n<meta name=\"twitter:label1\" content=\"Escrito por\" \/>\n\t<meta name=\"twitter:data1\" content=\"UGT\" \/>\n\t<meta name=\"twitter:label2\" content=\"Tiempo de lectura\" \/>\n\t<meta name=\"twitter:data2\" content=\"4 minutos\" \/>\n<script type=\"application\/ld+json\" class=\"yoast-schema-graph\">{\"@context\":\"https:\\\/\\\/schema.org\",\"@graph\":[{\"@type\":\"Article\",\"@id\":\"https:\\\/\\\/www.ugtcomunicaciones.es\\\/wordpress\\\/ugtconorgullo-2021\\\/#article\",\"isPartOf\":{\"@id\":\"https:\\\/\\\/www.ugtcomunicaciones.es\\\/wordpress\\\/ugtconorgullo-2021\\\/\"},\"author\":{\"name\":\"UGT\",\"@id\":\"https:\\\/\\\/www.ugtcomunicaciones.es\\\/wordpress\\\/#\\\/schema\\\/person\\\/eba0fc3fe5b444531d94d4368cba89ed\"},\"headline\":\"UGTconORGULLO 2021\",\"datePublished\":\"2021-06-28T08:38:21+00:00\",\"mainEntityOfPage\":{\"@id\":\"https:\\\/\\\/www.ugtcomunicaciones.es\\\/wordpress\\\/ugtconorgullo-2021\\\/\"},\"wordCount\":854,\"publisher\":{\"@id\":\"https:\\\/\\\/www.ugtcomunicaciones.es\\\/wordpress\\\/#organization\"},\"image\":{\"@id\":\"https:\\\/\\\/www.ugtcomunicaciones.es\\\/wordpress\\\/ugtconorgullo-2021\\\/#primaryimage\"},\"thumbnailUrl\":\"https:\\\/\\\/www.ugtcomunicaciones.es\\\/wordpress\\\/wp-content\\\/uploads\\\/2021\\\/06\\\/COMUNICADO_PIE_LGTBI.png\",\"articleSection\":[\"Igualdad \\\/ Diversidad\"],\"inLanguage\":\"es\"},{\"@type\":\"WebPage\",\"@id\":\"https:\\\/\\\/www.ugtcomunicaciones.es\\\/wordpress\\\/ugtconorgullo-2021\\\/\",\"url\":\"https:\\\/\\\/www.ugtcomunicaciones.es\\\/wordpress\\\/ugtconorgullo-2021\\\/\",\"name\":\"UGTconORGULLO 2021 - UGT Comunicaciones\",\"isPartOf\":{\"@id\":\"https:\\\/\\\/www.ugtcomunicaciones.es\\\/wordpress\\\/#website\"},\"primaryImageOfPage\":{\"@id\":\"https:\\\/\\\/www.ugtcomunicaciones.es\\\/wordpress\\\/ugtconorgullo-2021\\\/#primaryimage\"},\"image\":{\"@id\":\"https:\\\/\\\/www.ugtcomunicaciones.es\\\/wordpress\\\/ugtconorgullo-2021\\\/#primaryimage\"},\"thumbnailUrl\":\"https:\\\/\\\/www.ugtcomunicaciones.es\\\/wordpress\\\/wp-content\\\/uploads\\\/2021\\\/06\\\/COMUNICADO_PIE_LGTBI.png\",\"datePublished\":\"2021-06-28T08:38:21+00:00\",\"description\":\"El Sector de Comunicaciones y Cultura de UGT, con motivo del d\u00eda del Orgullo LGTBIQ+ 2021, quiere expresar y transmitir su compromiso firme..\",\"breadcrumb\":{\"@id\":\"https:\\\/\\\/www.ugtcomunicaciones.es\\\/wordpress\\\/ugtconorgullo-2021\\\/#breadcrumb\"},\"inLanguage\":\"es\",\"potentialAction\":[{\"@type\":\"ReadAction\",\"target\":[\"https:\\\/\\\/www.ugtcomunicaciones.es\\\/wordpress\\\/ugtconorgullo-2021\\\/\"]}]},{\"@type\":\"ImageObject\",\"inLanguage\":\"es\",\"@id\":\"https:\\\/\\\/www.ugtcomunicaciones.es\\\/wordpress\\\/ugtconorgullo-2021\\\/#primaryimage\",\"url\":\"https:\\\/\\\/www.ugtcomunicaciones.es\\\/wordpress\\\/wp-content\\\/uploads\\\/2021\\\/06\\\/COMUNICADO_PIE_LGTBI.png\",\"contentUrl\":\"https:\\\/\\\/www.ugtcomunicaciones.es\\\/wordpress\\\/wp-content\\\/uploads\\\/2021\\\/06\\\/COMUNICADO_PIE_LGTBI.png\",\"width\":650,\"height\":99,\"caption\":\"COMUNICADO_PIE_LGTBI\"},{\"@type\":\"BreadcrumbList\",\"@id\":\"https:\\\/\\\/www.ugtcomunicaciones.es\\\/wordpress\\\/ugtconorgullo-2021\\\/#breadcrumb\",\"itemListElement\":[{\"@type\":\"ListItem\",\"position\":1,\"name\":\"Portada\",\"item\":\"https:\\\/\\\/www.ugtcomunicaciones.es\\\/wordpress\\\/\"},{\"@type\":\"ListItem\",\"position\":2,\"name\":\"UGTconORGULLO 2021\"}]},{\"@type\":\"WebSite\",\"@id\":\"https:\\\/\\\/www.ugtcomunicaciones.es\\\/wordpress\\\/#website\",\"url\":\"https:\\\/\\\/www.ugtcomunicaciones.es\\\/wordpress\\\/\",\"name\":\"UGT Comunicaciones\",\"description\":\"Sindicato de Telecomunicaciones\",\"publisher\":{\"@id\":\"https:\\\/\\\/www.ugtcomunicaciones.es\\\/wordpress\\\/#organization\"},\"potentialAction\":[{\"@type\":\"SearchAction\",\"target\":{\"@type\":\"EntryPoint\",\"urlTemplate\":\"https:\\\/\\\/www.ugtcomunicaciones.es\\\/wordpress\\\/?s={search_term_string}\"},\"query-input\":{\"@type\":\"PropertyValueSpecification\",\"valueRequired\":true,\"valueName\":\"search_term_string\"}}],\"inLanguage\":\"es\"},{\"@type\":\"Organization\",\"@id\":\"https:\\\/\\\/www.ugtcomunicaciones.es\\\/wordpress\\\/#organization\",\"name\":\"UGT Comunicaciones\",\"url\":\"https:\\\/\\\/www.ugtcomunicaciones.es\\\/wordpress\\\/\",\"logo\":{\"@type\":\"ImageObject\",\"inLanguage\":\"es\",\"@id\":\"https:\\\/\\\/www.ugtcomunicaciones.es\\\/wordpress\\\/#\\\/schema\\\/logo\\\/image\\\/\",\"url\":\"https:\\\/\\\/www.ugtcomunicaciones.es\\\/wordpress\\\/wp-content\\\/uploads\\\/2024\\\/04\\\/comunicaciones_logo.png\",\"contentUrl\":\"https:\\\/\\\/www.ugtcomunicaciones.es\\\/wordpress\\\/wp-content\\\/uploads\\\/2024\\\/04\\\/comunicaciones_logo.png\",\"width\":298,\"height\":81,\"caption\":\"UGT Comunicaciones\"},\"image\":{\"@id\":\"https:\\\/\\\/www.ugtcomunicaciones.es\\\/wordpress\\\/#\\\/schema\\\/logo\\\/image\\\/\"},\"sameAs\":[\"https:\\\/\\\/www.facebook.com\\\/ugt.comunicaciones\\\/\",\"https:\\\/\\\/x.com\\\/ugtcom\"]},{\"@type\":\"Person\",\"@id\":\"https:\\\/\\\/www.ugtcomunicaciones.es\\\/wordpress\\\/#\\\/schema\\\/person\\\/eba0fc3fe5b444531d94d4368cba89ed\",\"name\":\"UGT\",\"image\":{\"@type\":\"ImageObject\",\"inLanguage\":\"es\",\"@id\":\"https:\\\/\\\/secure.gravatar.com\\\/avatar\\\/2a16057d620a4c646bcfc171c4f23030879ebbdd346f0525bd5d4a564e57e13d?s=96&d=mm&r=g\",\"url\":\"https:\\\/\\\/secure.gravatar.com\\\/avatar\\\/2a16057d620a4c646bcfc171c4f23030879ebbdd346f0525bd5d4a564e57e13d?s=96&d=mm&r=g\",\"contentUrl\":\"https:\\\/\\\/secure.gravatar.com\\\/avatar\\\/2a16057d620a4c646bcfc171c4f23030879ebbdd346f0525bd5d4a564e57e13d?s=96&d=mm&r=g\",\"caption\":\"UGT\"}}]}<\/script>\n<!-- \/ Yoast SEO Premium plugin. -->","yoast_head_json":{"title":"UGTconORGULLO 2021 - UGT Comunicaciones","description":"El Sector de Comunicaciones y Cultura de UGT, con motivo del d\u00eda del Orgullo LGTBIQ+ 2021, quiere expresar y transmitir su compromiso firme..","robots":{"index":"index","follow":"follow","max-snippet":"max-snippet:-1","max-image-preview":"max-image-preview:large","max-video-preview":"max-video-preview:-1"},"canonical":"https:\/\/www.ugtcomunicaciones.es\/wordpress\/ugtconorgullo-2021\/","og_locale":"es_ES","og_type":"article","og_title":"UGTconORGULLO 2021","og_description":"El Sector de Comunicaciones y Cultura de UGT, con motivo del d\u00eda del Orgullo LGTBIQ+ 2021, quiere expresar y transmitir su compromiso firme..","og_url":"https:\/\/www.ugtcomunicaciones.es\/wordpress\/ugtconorgullo-2021\/","og_site_name":"UGT Comunicaciones","article_publisher":"https:\/\/www.facebook.com\/ugt.comunicaciones\/","article_published_time":"2021-06-28T08:38:21+00:00","og_image":[{"width":650,"height":99,"url":"https:\/\/www.ugtcomunicaciones.es\/wordpress\/wp-content\/uploads\/2021\/06\/COMUNICADO_PIE_LGTBI.png","type":"image\/png"}],"author":"UGT","twitter_card":"summary_large_image","twitter_creator":"@ugtcom","twitter_site":"@ugtcom","twitter_misc":{"Escrito por":"UGT","Tiempo de lectura":"4 minutos"},"schema":{"@context":"https:\/\/schema.org","@graph":[{"@type":"Article","@id":"https:\/\/www.ugtcomunicaciones.es\/wordpress\/ugtconorgullo-2021\/#article","isPartOf":{"@id":"https:\/\/www.ugtcomunicaciones.es\/wordpress\/ugtconorgullo-2021\/"},"author":{"name":"UGT","@id":"https:\/\/www.ugtcomunicaciones.es\/wordpress\/#\/schema\/person\/eba0fc3fe5b444531d94d4368cba89ed"},"headline":"UGTconORGULLO 2021","datePublished":"2021-06-28T08:38:21+00:00","mainEntityOfPage":{"@id":"https:\/\/www.ugtcomunicaciones.es\/wordpress\/ugtconorgullo-2021\/"},"wordCount":854,"publisher":{"@id":"https:\/\/www.ugtcomunicaciones.es\/wordpress\/#organization"},"image":{"@id":"https:\/\/www.ugtcomunicaciones.es\/wordpress\/ugtconorgullo-2021\/#primaryimage"},"thumbnailUrl":"https:\/\/www.ugtcomunicaciones.es\/wordpress\/wp-content\/uploads\/2021\/06\/COMUNICADO_PIE_LGTBI.png","articleSection":["Igualdad \/ Diversidad"],"inLanguage":"es"},{"@type":"WebPage","@id":"https:\/\/www.ugtcomunicaciones.es\/wordpress\/ugtconorgullo-2021\/","url":"https:\/\/www.ugtcomunicaciones.es\/wordpress\/ugtconorgullo-2021\/","name":"UGTconORGULLO 2021 - UGT Comunicaciones","isPartOf":{"@id":"https:\/\/www.ugtcomunicaciones.es\/wordpress\/#website"},"primaryImageOfPage":{"@id":"https:\/\/www.ugtcomunicaciones.es\/wordpress\/ugtconorgullo-2021\/#primaryimage"},"image":{"@id":"https:\/\/www.ugtcomunicaciones.es\/wordpress\/ugtconorgullo-2021\/#primaryimage"},"thumbnailUrl":"https:\/\/www.ugtcomunicaciones.es\/wordpress\/wp-content\/uploads\/2021\/06\/COMUNICADO_PIE_LGTBI.png","datePublished":"2021-06-28T08:38:21+00:00","description":"El Sector de Comunicaciones y Cultura de UGT, con motivo del d\u00eda del Orgullo LGTBIQ+ 2021, quiere expresar y transmitir su compromiso firme..","breadcrumb":{"@id":"https:\/\/www.ugtcomunicaciones.es\/wordpress\/ugtconorgullo-2021\/#breadcrumb"},"inLanguage":"es","potentialAction":[{"@type":"ReadAction","target":["https:\/\/www.ugtcomunicaciones.es\/wordpress\/ugtconorgullo-2021\/"]}]},{"@type":"ImageObject","inLanguage":"es","@id":"https:\/\/www.ugtcomunicaciones.es\/wordpress\/ugtconorgullo-2021\/#primaryimage","url":"https:\/\/www.ugtcomunicaciones.es\/wordpress\/wp-content\/uploads\/2021\/06\/COMUNICADO_PIE_LGTBI.png","contentUrl":"https:\/\/www.ugtcomunicaciones.es\/wordpress\/wp-content\/uploads\/2021\/06\/COMUNICADO_PIE_LGTBI.png","width":650,"height":99,"caption":"COMUNICADO_PIE_LGTBI"},{"@type":"BreadcrumbList","@id":"https:\/\/www.ugtcomunicaciones.es\/wordpress\/ugtconorgullo-2021\/#breadcrumb","itemListElement":[{"@type":"ListItem","position":1,"name":"Portada","item":"https:\/\/www.ugtcomunicaciones.es\/wordpress\/"},{"@type":"ListItem","position":2,"name":"UGTconORGULLO 2021"}]},{"@type":"WebSite","@id":"https:\/\/www.ugtcomunicaciones.es\/wordpress\/#website","url":"https:\/\/www.ugtcomunicaciones.es\/wordpress\/","name":"UGT Comunicaciones","description":"Sindicato de Telecomunicaciones","publisher":{"@id":"https:\/\/www.ugtcomunicaciones.es\/wordpress\/#organization"},"potentialAction":[{"@type":"SearchAction","target":{"@type":"EntryPoint","urlTemplate":"https:\/\/www.ugtcomunicaciones.es\/wordpress\/?s={search_term_string}"},"query-input":{"@type":"PropertyValueSpecification","valueRequired":true,"valueName":"search_term_string"}}],"inLanguage":"es"},{"@type":"Organization","@id":"https:\/\/www.ugtcomunicaciones.es\/wordpress\/#organization","name":"UGT Comunicaciones","url":"https:\/\/www.ugtcomunicaciones.es\/wordpress\/","logo":{"@type":"ImageObject","inLanguage":"es","@id":"https:\/\/www.ugtcomunicaciones.es\/wordpress\/#\/schema\/logo\/image\/","url":"https:\/\/www.ugtcomunicaciones.es\/wordpress\/wp-content\/uploads\/2024\/04\/comunicaciones_logo.png","contentUrl":"https:\/\/www.ugtcomunicaciones.es\/wordpress\/wp-content\/uploads\/2024\/04\/comunicaciones_logo.png","width":298,"height":81,"caption":"UGT Comunicaciones"},"image":{"@id":"https:\/\/www.ugtcomunicaciones.es\/wordpress\/#\/schema\/logo\/image\/"},"sameAs":["https:\/\/www.facebook.com\/ugt.comunicaciones\/","https:\/\/x.com\/ugtcom"]},{"@type":"Person","@id":"https:\/\/www.ugtcomunicaciones.es\/wordpress\/#\/schema\/person\/eba0fc3fe5b444531d94d4368cba89ed","name":"UGT","image":{"@type":"ImageObject","inLanguage":"es","@id":"https:\/\/secure.gravatar.com\/avatar\/2a16057d620a4c646bcfc171c4f23030879ebbdd346f0525bd5d4a564e57e13d?s=96&d=mm&r=g","url":"https:\/\/secure.gravatar.com\/avatar\/2a16057d620a4c646bcfc171c4f23030879ebbdd346f0525bd5d4a564e57e13d?s=96&d=mm&r=g","contentUrl":"https:\/\/secure.gravatar.com\/avatar\/2a16057d620a4c646bcfc171c4f23030879ebbdd346f0525bd5d4a564e57e13d?s=96&d=mm&r=g","caption":"UGT"}}]}},"_links":{"self":[{"href":"https:\/\/www.ugtcomunicaciones.es\/wordpress\/wp-json\/wp\/v2\/posts\/851209","targetHints":{"allow":["GET"]}}],"collection":[{"href":"https:\/\/www.ugtcomunicaciones.es\/wordpress\/wp-json\/wp\/v2\/posts"}],"about":[{"href":"https:\/\/www.ugtcomunicaciones.es\/wordpress\/wp-json\/wp\/v2\/types\/post"}],"author":[{"embeddable":true,"href":"https:\/\/www.ugtcomunicaciones.es\/wordpress\/wp-json\/wp\/v2\/users\/3"}],"replies":[{"embeddable":true,"href":"https:\/\/www.ugtcomunicaciones.es\/wordpress\/wp-json\/wp\/v2\/comments?post=851209"}],"version-history":[{"count":0,"href":"https:\/\/www.ugtcomunicaciones.es\/wordpress\/wp-json\/wp\/v2\/posts\/851209\/revisions"}],"wp:featuredmedia":[{"embeddable":true,"href":"https:\/\/www.ugtcomunicaciones.es\/wordpress\/wp-json\/wp\/v2\/media\/851211"}],"wp:attachment":[{"href":"https:\/\/www.ugtcomunicaciones.es\/wordpress\/wp-json\/wp\/v2\/media?parent=851209"}],"wp:term":[{"taxonomy":"category","embeddable":true,"href":"https:\/\/www.ugtcomunicaciones.es\/wordpress\/wp-json\/wp\/v2\/categories?post=851209"},{"taxonomy":"post_tag","embeddable":true,"href":"https:\/\/www.ugtcomunicaciones.es\/wordpress\/wp-json\/wp\/v2\/tags?post=851209"}],"curies":[{"name":"wp","href":"https:\/\/api.w.org\/{rel}","templated":true}]}}