{"id":855831,"date":"2021-07-05T11:00:07","date_gmt":"2021-07-05T09:00:07","guid":{"rendered":"https:\/\/www.ugtcomunicaciones.es\/wordpress\/?p=855831"},"modified":"2021-07-05T10:32:50","modified_gmt":"2021-07-05T08:32:50","slug":"ugt-continua-discrepando-con-la-cnmc-sobre-regulacion-y-empleo","status":"publish","type":"post","link":"https:\/\/www.ugtcomunicaciones.es\/wordpress\/ugt-continua-discrepando-con-la-cnmc-sobre-regulacion-y-empleo\/","title":{"rendered":"UGT contin\u00faa discrepando con la CNMC sobre regulaci\u00f3n y empleo"},"content":{"rendered":"<p style=\"text-align: justify;\">Hace ya tres a\u00f1os y medio, UGT se dirigi\u00f3 a la CNMC, por medio de la consulta p\u00fablica sobre el servicio mayorista NEBA local<sup class=\"modern-footnotes-footnote \" data-mfn=\"1\" data-mfn-post-scope=\"00000000000041470000000000000000_855831\"><a href=\"javascript:void(0)\"  role=\"button\" aria-pressed=\"false\" aria-describedby=\"mfn-content-00000000000041470000000000000000_855831-1\">1<\/a><\/sup><span id=\"mfn-content-00000000000041470000000000000000_855831-1\" role=\"tooltip\" class=\"modern-footnotes-footnote__note\" tabindex=\"0\" data-mfn=\"1\"><a href=\"https:\/\/www.ugtcomunicaciones.es\/wordpress\/ugt-la-cnmc-debaten-la-regulacion-influye-empleo\/\" target=\"_blank\" rel=\"noopener\">https:\/\/www.ugtcomunicaciones.es\/wordpress\/ugt-la-cnmc-debaten-la-regulacion-influye-empleo\/<\/a><\/span>, al objeto de hacerle saber nuestro m\u00e1s absoluto rechazo al modelo regulatorio preponderante, una aut\u00e9ntica arma de destrucci\u00f3n masiva de empleo. Hoy, en pleno a\u00f1o 2021, nos hemos vuelto a ver las caras, aunque sea de nuevo a trav\u00e9s de otra consulta p\u00fablica.<\/p>\n<p style=\"text-align: justify;\">Hablamos del proceso de audiencia p\u00fablica sobre el mercado de acceso local central, el celeb\u00e9rrimo proceso que determin\u00f3 en 2016 los 66 municipios \u201csin obligaciones parasitarias\u201d, a la par que obligaba a Telef\u00f3nica a ceder su red de fibra en el resto de Espa\u00f1a. Regulaci\u00f3n que, como advertimos en aquel momento, era un tremendo error; regulaci\u00f3n que se ha llevado por delante miles de empleos; regulaci\u00f3n que ahora es preciso revertir ante la evidencia de que fomentaba una competencia sobre precios que solo beneficiaba a los que no invierten, a los que no crean empleo y a los que no reparten la riqueza que obtienen.<\/p>\n<p style=\"text-align: justify;\">De nuevo, y como en todas las ocasiones anteriores, ning\u00fan otro sindicato acudi\u00f3 a la consulta. Lamentable que algo tan fundamental como la regulaci\u00f3n y su negativo impacto en el empleo en Telef\u00f3nica solo le importe a UGT.<\/p>\n<p style=\"text-align: justify;\">En su respuesta a UGT, el regulador explica, bajo el ep\u00edgrafe \u201cSobre el fomento del empleo en la determinaci\u00f3n de las obligaciones regulatorias\u201d, lo siguiente: <em>\u201cPara la Uni\u00f3n General de Trabajadores (UGT), la propuesta de regulaci\u00f3n sometida a consulta p\u00fablica no tiene en cuenta objetivos relacionados con el empleo. A su juicio, la regulaci\u00f3n de esta Comisi\u00f3n ignora la opini\u00f3n y los intereses de los trabajadores del Sector de las Comunicaciones, y plantea una incompatibilidad entre la regulaci\u00f3n existente y la consecuci\u00f3n de empleo digno. En consecuencia, propone un cambio en el modelo regulatorio que no persiga como \u00fanico objetivo la reducci\u00f3n de las tarifas a trav\u00e9s del fomento de la competencia y tenga en cuenta el impacto que sus decisiones pueden tener sobre el empleo del sector a trav\u00e9s de la elaboraci\u00f3n de una Memoria de Empleo que se presente en un anexo en cada propuesta de modificaci\u00f3n regulatoria. Asimismo, tambi\u00e9n propone imponer la obligaci\u00f3n a los operadores entrantes de comprometerse a realizar inversiones a medio y largo plazo para fomentar el despliegue de nuevas infraestructuras. Por \u00faltimo, la UGT plantea reducir la Brecha Digital territorial, fomentando el despliegue de infraestructuras en zonas rurales para potenciar la cohesi\u00f3n territorial\u201d<\/em>.<\/p>\n<p style=\"text-align: justify;\">A partir de nuestro planteamiento, la CNMC responde (sic): <em>\u201cNo cabe duda que cualquier acci\u00f3n regulatoria encaminada a promover la competencia en la prestaci\u00f3n de los servicios de comunicaciones electr\u00f3nicas y el desarrollo eficiente de las nuevas redes de acceso puede afectar al empleo en el sector de las telecomunicaciones. Ahora bien, esta \u00faltima es una variable de gran complejidad, que se ve condicionada por m\u00e1s factores que los meramente derivados del funcionamiento de los mercados de comunicaciones electr\u00f3nicas y los elementos del mismo sobre los que la acci\u00f3n regulatoria puede incidir. N\u00f3tese tambi\u00e9n que los operadores que proporcionan una parte muy relevante del empleo del sector tienen posturas muy diferentes sobre la regulaci\u00f3n adecuada para este mercado y la CNMC debe buscar el punto de equilibrio que maximice el inter\u00e9s general. Por tanto, y siendo conscientes de la gran relevancia e importancia del empleo en la sociedad, en general, y la econom\u00eda, en particular, la creaci\u00f3n y el fomento del empleo, en los t\u00e9rminos que plantea la UGT, es un objetivo que excede del \u00e1mbito de acci\u00f3n de esta Comisi\u00f3n en el ejercicio de sus funciones relativas al an\u00e1lisis de competencia en los mercados de referencia\u201d.<\/em><\/p>\n<p style=\"text-align: justify;\">No por esperada, es menos decepcionante la respuesta. En nuestra opini\u00f3n, no es de recibo que las acciones regulatorias sobre competencia se deslinden de sus consecuencias laborales. Someter el empleo digno y el futuro de miles familias a un supuesto \u201cinter\u00e9s general\u201d es un ejercicio sesgado, que huye de la realidad social que vivimos, dando preponderancia a los intereses de unos pocos sobre los de la mayor\u00eda. Cuarenta mil puestos de trabajo perdidos en dos d\u00e9cadas no pueden ignorarse bajo el pretexto del cl\u00e1sico \u201cpregunte en otra ventanilla\u201d.<\/p>\n<p style=\"text-align: justify;\">Por todo ello, UGT continuar\u00e1 exigiendo la inclusi\u00f3n de un requisito legal que acompa\u00f1e a cualquier cambio legal o regulatorio que afecte a nuestro Sector: <strong>la redacci\u00f3n obligatoria de una memoria de empleo<\/strong>. Porque estamos convencidos de que, si aquellos que regulan o legislan, tuviesen que dar su visto bueno a una norma que destruyese empleo, asistir\u00edamos a un aut\u00e9ntico cambio de paradigma sectorial.<\/p>\n<p style=\"text-align: justify;\">Sin duda, la pr\u00f3xima tramitaci\u00f3n parlamentaria de la Ley General de Telecomunicaciones ser\u00e1 una nueva oportunidad para llevar la voz y los intereses de las personas trabajadoras que integramos Telef\u00f3nica. Aunque sea, como siempre, solos ante todos y todo; pero nuestro empleo y nuestras condiciones laborales bien merecen esta lucha.<\/p>\n<p>&nbsp;<\/p>\n","protected":false},"excerpt":{"rendered":"<p>Hace ya tres a\u00f1os y medio, UGT se dirigi\u00f3 a la CNMC, por medio de la consulta p\u00fablica sobre el servicio mayorista NEBA local, al objeto de hacerle saber nuestro m\u00e1s absoluto rechazo al modelo regulatorio preponderante, una aut\u00e9ntica arma de destrucci\u00f3n masiva de empleo. Hoy, en pleno a\u00f1o 2021, nos hemos vuelto a ver [&hellip;]<\/p>\n","protected":false},"author":3,"featured_media":329,"comment_status":"closed","ping_status":"closed","sticky":false,"template":"","format":"standard","meta":{"footnotes":""},"categories":[8,25,7,26],"tags":[],"class_list":["post-855831","post","type-post","status-publish","format-standard","has-post-thumbnail","hentry","category-telefonica-cev","category-telefonica","category-telefonica-moviles","category-telefonica-soluciones"],"yoast_head":"<!-- This site is optimized with the Yoast SEO Premium plugin v27.3 (Yoast SEO v27.4) - https:\/\/yoast.com\/product\/yoast-seo-premium-wordpress\/ -->\n<title>UGT contin\u00faa discrepando con la CNMC sobre regulaci\u00f3n y empleo - UGT Comunicaciones<\/title>\n<meta name=\"robots\" content=\"index, follow, max-snippet:-1, max-image-preview:large, max-video-preview:-1\" \/>\n<link rel=\"canonical\" href=\"https:\/\/www.ugtcomunicaciones.es\/wordpress\/ugt-continua-discrepando-con-la-cnmc-sobre-regulacion-y-empleo\/\" \/>\n<meta property=\"og:locale\" content=\"es_ES\" \/>\n<meta property=\"og:type\" content=\"article\" \/>\n<meta property=\"og:title\" content=\"UGT contin\u00faa discrepando con la CNMC sobre regulaci\u00f3n y empleo\" \/>\n<meta property=\"og:description\" content=\"Hace ya tres a\u00f1os y medio, UGT se dirigi\u00f3 a la CNMC, por medio de la consulta p\u00fablica sobre el servicio mayorista NEBA local, al objeto de hacerle saber nuestro m\u00e1s absoluto rechazo al modelo regulatorio preponderante, una aut\u00e9ntica arma de destrucci\u00f3n masiva de empleo. Hoy, en pleno a\u00f1o 2021, nos hemos vuelto a ver [&hellip;]\" \/>\n<meta property=\"og:url\" content=\"https:\/\/www.ugtcomunicaciones.es\/wordpress\/ugt-continua-discrepando-con-la-cnmc-sobre-regulacion-y-empleo\/\" \/>\n<meta property=\"og:site_name\" content=\"UGT Comunicaciones\" \/>\n<meta property=\"article:publisher\" content=\"https:\/\/www.facebook.com\/ugt.comunicaciones\/\" \/>\n<meta property=\"article:published_time\" content=\"2021-07-05T09:00:07+00:00\" \/>\n<meta property=\"og:image\" content=\"https:\/\/www.ugtcomunicaciones.es\/wordpress\/wp-content\/uploads\/2016\/12\/competencia_logo_625.jpg\" \/>\n\t<meta property=\"og:image:width\" content=\"625\" \/>\n\t<meta property=\"og:image:height\" content=\"375\" \/>\n\t<meta property=\"og:image:type\" content=\"image\/jpeg\" \/>\n<meta name=\"author\" content=\"UGT\" \/>\n<meta name=\"twitter:card\" content=\"summary_large_image\" \/>\n<meta name=\"twitter:creator\" content=\"@ugtcom\" \/>\n<meta name=\"twitter:site\" content=\"@ugtcom\" \/>\n<meta name=\"twitter:label1\" content=\"Escrito por\" \/>\n\t<meta name=\"twitter:data1\" content=\"UGT\" \/>\n\t<meta name=\"twitter:label2\" content=\"Tiempo de lectura\" \/>\n\t<meta name=\"twitter:data2\" content=\"4 minutos\" \/>\n<script type=\"application\/ld+json\" class=\"yoast-schema-graph\">{\"@context\":\"https:\\\/\\\/schema.org\",\"@graph\":[{\"@type\":\"Article\",\"@id\":\"https:\\\/\\\/www.ugtcomunicaciones.es\\\/wordpress\\\/ugt-continua-discrepando-con-la-cnmc-sobre-regulacion-y-empleo\\\/#article\",\"isPartOf\":{\"@id\":\"https:\\\/\\\/www.ugtcomunicaciones.es\\\/wordpress\\\/ugt-continua-discrepando-con-la-cnmc-sobre-regulacion-y-empleo\\\/\"},\"author\":{\"name\":\"UGT\",\"@id\":\"https:\\\/\\\/www.ugtcomunicaciones.es\\\/wordpress\\\/#\\\/schema\\\/person\\\/eba0fc3fe5b444531d94d4368cba89ed\"},\"headline\":\"UGT contin\u00faa discrepando con la CNMC sobre regulaci\u00f3n y empleo\",\"datePublished\":\"2021-07-05T09:00:07+00:00\",\"mainEntityOfPage\":{\"@id\":\"https:\\\/\\\/www.ugtcomunicaciones.es\\\/wordpress\\\/ugt-continua-discrepando-con-la-cnmc-sobre-regulacion-y-empleo\\\/\"},\"wordCount\":892,\"publisher\":{\"@id\":\"https:\\\/\\\/www.ugtcomunicaciones.es\\\/wordpress\\\/#organization\"},\"image\":{\"@id\":\"https:\\\/\\\/www.ugtcomunicaciones.es\\\/wordpress\\\/ugt-continua-discrepando-con-la-cnmc-sobre-regulacion-y-empleo\\\/#primaryimage\"},\"thumbnailUrl\":\"https:\\\/\\\/www.ugtcomunicaciones.es\\\/wordpress\\\/wp-content\\\/uploads\\\/2016\\\/12\\\/competencia_logo_625.jpg\",\"articleSection\":[\"Telef\u00f3nica CEV\",\"Telef\u00f3nica de Espa\u00f1a\",\"Telef\u00f3nica M\u00f3viles\",\"Telef\u00f3nica Soluciones\"],\"inLanguage\":\"es\"},{\"@type\":\"WebPage\",\"@id\":\"https:\\\/\\\/www.ugtcomunicaciones.es\\\/wordpress\\\/ugt-continua-discrepando-con-la-cnmc-sobre-regulacion-y-empleo\\\/\",\"url\":\"https:\\\/\\\/www.ugtcomunicaciones.es\\\/wordpress\\\/ugt-continua-discrepando-con-la-cnmc-sobre-regulacion-y-empleo\\\/\",\"name\":\"UGT contin\u00faa discrepando con la CNMC sobre regulaci\u00f3n y empleo - UGT Comunicaciones\",\"isPartOf\":{\"@id\":\"https:\\\/\\\/www.ugtcomunicaciones.es\\\/wordpress\\\/#website\"},\"primaryImageOfPage\":{\"@id\":\"https:\\\/\\\/www.ugtcomunicaciones.es\\\/wordpress\\\/ugt-continua-discrepando-con-la-cnmc-sobre-regulacion-y-empleo\\\/#primaryimage\"},\"image\":{\"@id\":\"https:\\\/\\\/www.ugtcomunicaciones.es\\\/wordpress\\\/ugt-continua-discrepando-con-la-cnmc-sobre-regulacion-y-empleo\\\/#primaryimage\"},\"thumbnailUrl\":\"https:\\\/\\\/www.ugtcomunicaciones.es\\\/wordpress\\\/wp-content\\\/uploads\\\/2016\\\/12\\\/competencia_logo_625.jpg\",\"datePublished\":\"2021-07-05T09:00:07+00:00\",\"breadcrumb\":{\"@id\":\"https:\\\/\\\/www.ugtcomunicaciones.es\\\/wordpress\\\/ugt-continua-discrepando-con-la-cnmc-sobre-regulacion-y-empleo\\\/#breadcrumb\"},\"inLanguage\":\"es\",\"potentialAction\":[{\"@type\":\"ReadAction\",\"target\":[\"https:\\\/\\\/www.ugtcomunicaciones.es\\\/wordpress\\\/ugt-continua-discrepando-con-la-cnmc-sobre-regulacion-y-empleo\\\/\"]}]},{\"@type\":\"ImageObject\",\"inLanguage\":\"es\",\"@id\":\"https:\\\/\\\/www.ugtcomunicaciones.es\\\/wordpress\\\/ugt-continua-discrepando-con-la-cnmc-sobre-regulacion-y-empleo\\\/#primaryimage\",\"url\":\"https:\\\/\\\/www.ugtcomunicaciones.es\\\/wordpress\\\/wp-content\\\/uploads\\\/2016\\\/12\\\/competencia_logo_625.jpg\",\"contentUrl\":\"https:\\\/\\\/www.ugtcomunicaciones.es\\\/wordpress\\\/wp-content\\\/uploads\\\/2016\\\/12\\\/competencia_logo_625.jpg\",\"width\":625,\"height\":375,\"caption\":\"logo CNMC\"},{\"@type\":\"BreadcrumbList\",\"@id\":\"https:\\\/\\\/www.ugtcomunicaciones.es\\\/wordpress\\\/ugt-continua-discrepando-con-la-cnmc-sobre-regulacion-y-empleo\\\/#breadcrumb\",\"itemListElement\":[{\"@type\":\"ListItem\",\"position\":1,\"name\":\"Portada\",\"item\":\"https:\\\/\\\/www.ugtcomunicaciones.es\\\/wordpress\\\/\"},{\"@type\":\"ListItem\",\"position\":2,\"name\":\"UGT contin\u00faa discrepando con la CNMC sobre regulaci\u00f3n y empleo\"}]},{\"@type\":\"WebSite\",\"@id\":\"https:\\\/\\\/www.ugtcomunicaciones.es\\\/wordpress\\\/#website\",\"url\":\"https:\\\/\\\/www.ugtcomunicaciones.es\\\/wordpress\\\/\",\"name\":\"UGT Comunicaciones\",\"description\":\"Sindicato de Telecomunicaciones\",\"publisher\":{\"@id\":\"https:\\\/\\\/www.ugtcomunicaciones.es\\\/wordpress\\\/#organization\"},\"potentialAction\":[{\"@type\":\"SearchAction\",\"target\":{\"@type\":\"EntryPoint\",\"urlTemplate\":\"https:\\\/\\\/www.ugtcomunicaciones.es\\\/wordpress\\\/?s={search_term_string}\"},\"query-input\":{\"@type\":\"PropertyValueSpecification\",\"valueRequired\":true,\"valueName\":\"search_term_string\"}}],\"inLanguage\":\"es\"},{\"@type\":\"Organization\",\"@id\":\"https:\\\/\\\/www.ugtcomunicaciones.es\\\/wordpress\\\/#organization\",\"name\":\"UGT Comunicaciones\",\"url\":\"https:\\\/\\\/www.ugtcomunicaciones.es\\\/wordpress\\\/\",\"logo\":{\"@type\":\"ImageObject\",\"inLanguage\":\"es\",\"@id\":\"https:\\\/\\\/www.ugtcomunicaciones.es\\\/wordpress\\\/#\\\/schema\\\/logo\\\/image\\\/\",\"url\":\"https:\\\/\\\/www.ugtcomunicaciones.es\\\/wordpress\\\/wp-content\\\/uploads\\\/2024\\\/04\\\/comunicaciones_logo.png\",\"contentUrl\":\"https:\\\/\\\/www.ugtcomunicaciones.es\\\/wordpress\\\/wp-content\\\/uploads\\\/2024\\\/04\\\/comunicaciones_logo.png\",\"width\":298,\"height\":81,\"caption\":\"UGT Comunicaciones\"},\"image\":{\"@id\":\"https:\\\/\\\/www.ugtcomunicaciones.es\\\/wordpress\\\/#\\\/schema\\\/logo\\\/image\\\/\"},\"sameAs\":[\"https:\\\/\\\/www.facebook.com\\\/ugt.comunicaciones\\\/\",\"https:\\\/\\\/x.com\\\/ugtcom\"]},{\"@type\":\"Person\",\"@id\":\"https:\\\/\\\/www.ugtcomunicaciones.es\\\/wordpress\\\/#\\\/schema\\\/person\\\/eba0fc3fe5b444531d94d4368cba89ed\",\"name\":\"UGT\",\"image\":{\"@type\":\"ImageObject\",\"inLanguage\":\"es\",\"@id\":\"https:\\\/\\\/secure.gravatar.com\\\/avatar\\\/2a16057d620a4c646bcfc171c4f23030879ebbdd346f0525bd5d4a564e57e13d?s=96&d=mm&r=g\",\"url\":\"https:\\\/\\\/secure.gravatar.com\\\/avatar\\\/2a16057d620a4c646bcfc171c4f23030879ebbdd346f0525bd5d4a564e57e13d?s=96&d=mm&r=g\",\"contentUrl\":\"https:\\\/\\\/secure.gravatar.com\\\/avatar\\\/2a16057d620a4c646bcfc171c4f23030879ebbdd346f0525bd5d4a564e57e13d?s=96&d=mm&r=g\",\"caption\":\"UGT\"}}]}<\/script>\n<!-- \/ Yoast SEO Premium plugin. -->","yoast_head_json":{"title":"UGT contin\u00faa discrepando con la CNMC sobre regulaci\u00f3n y empleo - UGT Comunicaciones","robots":{"index":"index","follow":"follow","max-snippet":"max-snippet:-1","max-image-preview":"max-image-preview:large","max-video-preview":"max-video-preview:-1"},"canonical":"https:\/\/www.ugtcomunicaciones.es\/wordpress\/ugt-continua-discrepando-con-la-cnmc-sobre-regulacion-y-empleo\/","og_locale":"es_ES","og_type":"article","og_title":"UGT contin\u00faa discrepando con la CNMC sobre regulaci\u00f3n y empleo","og_description":"Hace ya tres a\u00f1os y medio, UGT se dirigi\u00f3 a la CNMC, por medio de la consulta p\u00fablica sobre el servicio mayorista NEBA local, al objeto de hacerle saber nuestro m\u00e1s absoluto rechazo al modelo regulatorio preponderante, una aut\u00e9ntica arma de destrucci\u00f3n masiva de empleo. Hoy, en pleno a\u00f1o 2021, nos hemos vuelto a ver [&hellip;]","og_url":"https:\/\/www.ugtcomunicaciones.es\/wordpress\/ugt-continua-discrepando-con-la-cnmc-sobre-regulacion-y-empleo\/","og_site_name":"UGT Comunicaciones","article_publisher":"https:\/\/www.facebook.com\/ugt.comunicaciones\/","article_published_time":"2021-07-05T09:00:07+00:00","og_image":[{"width":625,"height":375,"url":"https:\/\/www.ugtcomunicaciones.es\/wordpress\/wp-content\/uploads\/2016\/12\/competencia_logo_625.jpg","type":"image\/jpeg"}],"author":"UGT","twitter_card":"summary_large_image","twitter_creator":"@ugtcom","twitter_site":"@ugtcom","twitter_misc":{"Escrito por":"UGT","Tiempo de lectura":"4 minutos"},"schema":{"@context":"https:\/\/schema.org","@graph":[{"@type":"Article","@id":"https:\/\/www.ugtcomunicaciones.es\/wordpress\/ugt-continua-discrepando-con-la-cnmc-sobre-regulacion-y-empleo\/#article","isPartOf":{"@id":"https:\/\/www.ugtcomunicaciones.es\/wordpress\/ugt-continua-discrepando-con-la-cnmc-sobre-regulacion-y-empleo\/"},"author":{"name":"UGT","@id":"https:\/\/www.ugtcomunicaciones.es\/wordpress\/#\/schema\/person\/eba0fc3fe5b444531d94d4368cba89ed"},"headline":"UGT contin\u00faa discrepando con la CNMC sobre regulaci\u00f3n y empleo","datePublished":"2021-07-05T09:00:07+00:00","mainEntityOfPage":{"@id":"https:\/\/www.ugtcomunicaciones.es\/wordpress\/ugt-continua-discrepando-con-la-cnmc-sobre-regulacion-y-empleo\/"},"wordCount":892,"publisher":{"@id":"https:\/\/www.ugtcomunicaciones.es\/wordpress\/#organization"},"image":{"@id":"https:\/\/www.ugtcomunicaciones.es\/wordpress\/ugt-continua-discrepando-con-la-cnmc-sobre-regulacion-y-empleo\/#primaryimage"},"thumbnailUrl":"https:\/\/www.ugtcomunicaciones.es\/wordpress\/wp-content\/uploads\/2016\/12\/competencia_logo_625.jpg","articleSection":["Telef\u00f3nica CEV","Telef\u00f3nica de Espa\u00f1a","Telef\u00f3nica M\u00f3viles","Telef\u00f3nica Soluciones"],"inLanguage":"es"},{"@type":"WebPage","@id":"https:\/\/www.ugtcomunicaciones.es\/wordpress\/ugt-continua-discrepando-con-la-cnmc-sobre-regulacion-y-empleo\/","url":"https:\/\/www.ugtcomunicaciones.es\/wordpress\/ugt-continua-discrepando-con-la-cnmc-sobre-regulacion-y-empleo\/","name":"UGT contin\u00faa discrepando con la CNMC sobre regulaci\u00f3n y empleo - UGT Comunicaciones","isPartOf":{"@id":"https:\/\/www.ugtcomunicaciones.es\/wordpress\/#website"},"primaryImageOfPage":{"@id":"https:\/\/www.ugtcomunicaciones.es\/wordpress\/ugt-continua-discrepando-con-la-cnmc-sobre-regulacion-y-empleo\/#primaryimage"},"image":{"@id":"https:\/\/www.ugtcomunicaciones.es\/wordpress\/ugt-continua-discrepando-con-la-cnmc-sobre-regulacion-y-empleo\/#primaryimage"},"thumbnailUrl":"https:\/\/www.ugtcomunicaciones.es\/wordpress\/wp-content\/uploads\/2016\/12\/competencia_logo_625.jpg","datePublished":"2021-07-05T09:00:07+00:00","breadcrumb":{"@id":"https:\/\/www.ugtcomunicaciones.es\/wordpress\/ugt-continua-discrepando-con-la-cnmc-sobre-regulacion-y-empleo\/#breadcrumb"},"inLanguage":"es","potentialAction":[{"@type":"ReadAction","target":["https:\/\/www.ugtcomunicaciones.es\/wordpress\/ugt-continua-discrepando-con-la-cnmc-sobre-regulacion-y-empleo\/"]}]},{"@type":"ImageObject","inLanguage":"es","@id":"https:\/\/www.ugtcomunicaciones.es\/wordpress\/ugt-continua-discrepando-con-la-cnmc-sobre-regulacion-y-empleo\/#primaryimage","url":"https:\/\/www.ugtcomunicaciones.es\/wordpress\/wp-content\/uploads\/2016\/12\/competencia_logo_625.jpg","contentUrl":"https:\/\/www.ugtcomunicaciones.es\/wordpress\/wp-content\/uploads\/2016\/12\/competencia_logo_625.jpg","width":625,"height":375,"caption":"logo CNMC"},{"@type":"BreadcrumbList","@id":"https:\/\/www.ugtcomunicaciones.es\/wordpress\/ugt-continua-discrepando-con-la-cnmc-sobre-regulacion-y-empleo\/#breadcrumb","itemListElement":[{"@type":"ListItem","position":1,"name":"Portada","item":"https:\/\/www.ugtcomunicaciones.es\/wordpress\/"},{"@type":"ListItem","position":2,"name":"UGT contin\u00faa discrepando con la CNMC sobre regulaci\u00f3n y empleo"}]},{"@type":"WebSite","@id":"https:\/\/www.ugtcomunicaciones.es\/wordpress\/#website","url":"https:\/\/www.ugtcomunicaciones.es\/wordpress\/","name":"UGT Comunicaciones","description":"Sindicato de Telecomunicaciones","publisher":{"@id":"https:\/\/www.ugtcomunicaciones.es\/wordpress\/#organization"},"potentialAction":[{"@type":"SearchAction","target":{"@type":"EntryPoint","urlTemplate":"https:\/\/www.ugtcomunicaciones.es\/wordpress\/?s={search_term_string}"},"query-input":{"@type":"PropertyValueSpecification","valueRequired":true,"valueName":"search_term_string"}}],"inLanguage":"es"},{"@type":"Organization","@id":"https:\/\/www.ugtcomunicaciones.es\/wordpress\/#organization","name":"UGT Comunicaciones","url":"https:\/\/www.ugtcomunicaciones.es\/wordpress\/","logo":{"@type":"ImageObject","inLanguage":"es","@id":"https:\/\/www.ugtcomunicaciones.es\/wordpress\/#\/schema\/logo\/image\/","url":"https:\/\/www.ugtcomunicaciones.es\/wordpress\/wp-content\/uploads\/2024\/04\/comunicaciones_logo.png","contentUrl":"https:\/\/www.ugtcomunicaciones.es\/wordpress\/wp-content\/uploads\/2024\/04\/comunicaciones_logo.png","width":298,"height":81,"caption":"UGT Comunicaciones"},"image":{"@id":"https:\/\/www.ugtcomunicaciones.es\/wordpress\/#\/schema\/logo\/image\/"},"sameAs":["https:\/\/www.facebook.com\/ugt.comunicaciones\/","https:\/\/x.com\/ugtcom"]},{"@type":"Person","@id":"https:\/\/www.ugtcomunicaciones.es\/wordpress\/#\/schema\/person\/eba0fc3fe5b444531d94d4368cba89ed","name":"UGT","image":{"@type":"ImageObject","inLanguage":"es","@id":"https:\/\/secure.gravatar.com\/avatar\/2a16057d620a4c646bcfc171c4f23030879ebbdd346f0525bd5d4a564e57e13d?s=96&d=mm&r=g","url":"https:\/\/secure.gravatar.com\/avatar\/2a16057d620a4c646bcfc171c4f23030879ebbdd346f0525bd5d4a564e57e13d?s=96&d=mm&r=g","contentUrl":"https:\/\/secure.gravatar.com\/avatar\/2a16057d620a4c646bcfc171c4f23030879ebbdd346f0525bd5d4a564e57e13d?s=96&d=mm&r=g","caption":"UGT"}}]}},"_links":{"self":[{"href":"https:\/\/www.ugtcomunicaciones.es\/wordpress\/wp-json\/wp\/v2\/posts\/855831","targetHints":{"allow":["GET"]}}],"collection":[{"href":"https:\/\/www.ugtcomunicaciones.es\/wordpress\/wp-json\/wp\/v2\/posts"}],"about":[{"href":"https:\/\/www.ugtcomunicaciones.es\/wordpress\/wp-json\/wp\/v2\/types\/post"}],"author":[{"embeddable":true,"href":"https:\/\/www.ugtcomunicaciones.es\/wordpress\/wp-json\/wp\/v2\/users\/3"}],"replies":[{"embeddable":true,"href":"https:\/\/www.ugtcomunicaciones.es\/wordpress\/wp-json\/wp\/v2\/comments?post=855831"}],"version-history":[{"count":0,"href":"https:\/\/www.ugtcomunicaciones.es\/wordpress\/wp-json\/wp\/v2\/posts\/855831\/revisions"}],"wp:featuredmedia":[{"embeddable":true,"href":"https:\/\/www.ugtcomunicaciones.es\/wordpress\/wp-json\/wp\/v2\/media\/329"}],"wp:attachment":[{"href":"https:\/\/www.ugtcomunicaciones.es\/wordpress\/wp-json\/wp\/v2\/media?parent=855831"}],"wp:term":[{"taxonomy":"category","embeddable":true,"href":"https:\/\/www.ugtcomunicaciones.es\/wordpress\/wp-json\/wp\/v2\/categories?post=855831"},{"taxonomy":"post_tag","embeddable":true,"href":"https:\/\/www.ugtcomunicaciones.es\/wordpress\/wp-json\/wp\/v2\/tags?post=855831"}],"curies":[{"name":"wp","href":"https:\/\/api.w.org\/{rel}","templated":true}]}}