{"id":85864,"date":"2018-01-08T08:00:21","date_gmt":"2018-01-08T06:00:21","guid":{"rendered":"http:\/\/ugtcomunicaciones.es\/wordpress\/?p=85864"},"modified":"2018-01-02T14:12:43","modified_gmt":"2018-01-02T12:12:43","slug":"las-tic-las-pymes-2016","status":"publish","type":"post","link":"https:\/\/www.ugtcomunicaciones.es\/wordpress\/las-tic-las-pymes-2016\/","title":{"rendered":"Las TIC en las pymes 2016"},"content":{"rendered":"<p style=\"text-align: justify;\">El Ministerio de Agenda Digital ha editado el <em>\u201cInforme e-Pyme 2016, An\u00e1lisis sectorial de la implantaci\u00f3n y uso de las TIC en las empresas espa\u00f1olas\u201d<a href=\"#_ftn1\" name=\"_ftnref1\"><strong>[1]<\/strong><\/a><\/em>, elaborado por el Observatorio Nacional de las Telecomunicaciones y de la Sociedad de la Informaci\u00f3n (ONTSI).<\/p>\n<p style=\"text-align: justify;\"><img decoding=\"async\" class=\"size-full wp-image-85865 alignleft lazyload\" data-src=\"http:\/\/ugtcomunicaciones.es\/wordpress\/wp-content\/uploads\/2018\/01\/tic-pymes-01-08-01-18.jpg\" alt=\"tic-pymes-01-08-01-18\" width=\"273\" height=\"108\" src=\"data:image\/svg+xml;base64,PHN2ZyB3aWR0aD0iMSIgaGVpZ2h0PSIxIiB4bWxucz0iaHR0cDovL3d3dy53My5vcmcvMjAwMC9zdmciPjwvc3ZnPg==\" style=\"--smush-placeholder-width: 273px; --smush-placeholder-aspect-ratio: 273\/108;\" \/>Novena edici\u00f3n de este estudio, que se vuelve a elaborar a partir de los datos que proporciona el INE. El informe permite apreciar la evoluci\u00f3n en el uso de las TIC en la microempresa espa\u00f1ola, evidenci\u00e1ndose, de nuevo<a href=\"#_ftn2\" name=\"_ftnref2\">[2]<\/a>, que la digitalizaci\u00f3n de nuestras peque\u00f1as y medianas empresas no progresa de la forma que debiera<em>.<\/em><\/p>\n<p style=\"text-align: justify;\">El informe se presenta esquematizado por sectores \u2013industria, construcci\u00f3n, venta y reparaci\u00f3n de veh\u00edculos, comercio mayorista y minorista, hoteles, campings y agencias de viaje, transporte y almacenamiento, inform\u00e1tica, telecomunicaciones y servicios audiovisuales, actividades inmobiliarias, administrativas y servicios auxiliares y actividades profesionales, cient\u00edficas y t\u00e9cnicas- as\u00ed como aporta un visi\u00f3n de conjunto de las TIC en las microempresas y pymes, <u>que representan el 73,2% del tejido empresarial espa\u00f1ol<\/u>.<\/p>\n<p style=\"text-align: justify;\">A continuaci\u00f3n mostramos algunos de los datos que aporta el estudio:<img decoding=\"async\" class=\"size-full wp-image-85876 alignright lazyload\" data-src=\"http:\/\/ugtcomunicaciones.es\/wordpress\/wp-content\/uploads\/2018\/01\/tic-pymes-02-08-01-18.jpg\" alt=\"tic-pymes-02-08-01-18\" width=\"134\" height=\"162\" src=\"data:image\/svg+xml;base64,PHN2ZyB3aWR0aD0iMSIgaGVpZ2h0PSIxIiB4bWxucz0iaHR0cDovL3d3dy53My5vcmcvMjAwMC9zdmciPjwvc3ZnPg==\" style=\"--smush-placeholder-width: 134px; --smush-placeholder-aspect-ratio: 134\/162;\" \/><\/p>\n<ul style=\"text-align: justify;\">\n<li>El estancamiento en el acceso a Internet por parte de las empresas se hace palpable, puesto que las cifras siguen inamovibles desde 2014 en las grandes empresas y en las pymes, con una leve mejor\u00eda en las microempresas (un +3% en 2 a\u00f1os).<\/li>\n<li>Lo mismo se puede aplicar al uso de ordenadores entre 2015 y 2016: El 99,1% de las pymes y grandes empresas dispone de ordenador. Este porcentaje es del 74,5% en el caso de compa\u00f1\u00edas con plantillas de menos de 10 empleados. La penetraci\u00f3n de este equipamiento se ha mantenido constante desde 2014, lo que hace patente la par\u00e1lisis en el proceso de digitalizaci\u00f3n de nuestras empresas.<\/li>\n<li>En donde parece registrarse un crecimiento s\u00f3lido es en la banda ancha m\u00f3vil, con un +4,5 p.p. con respecto a 2015 en las microempresas (69,9% en total).<\/li>\n<li>La implantaci\u00f3n de la banda ancha fija sigue experimentando retrocesos. En las pymes y grandes compa\u00f1\u00edas, la presencia de este tipo de acceso a Internet disminuye -3,2 puntos desde 2014, hasta el 94,8% de las que disponen de acceso a Internet. En las empresas de menos de 10 empleados cae -6,8 puntos desde 2014, situ\u00e1ndose en el 86% de las que cuentan conexi\u00f3n a Internet.<\/li>\n<li>La formaci\u00f3n en competencias digitales mantiene ratios indignos de una econom\u00eda digital, especialmente en las microempresas, segmento donde \u00fanicamente el 3,1% de las compa\u00f1\u00edas la proporciona a sus empleados, medio punto menos que en 2015. Este porcentaje se sit\u00faa en el 23,4% entre las pymes y grandes empresas, un punto m\u00e1s que en 2015, pero muy lejos de lo deseable y aconsejable.<\/li>\n<li>La implantaci\u00f3n de la p\u00e1gina web corporativa alcanza niveles muy diferenciados en funci\u00f3n del tama\u00f1o de las empresas. En las pymes y grandes est\u00e1 presente en el 77,5% de las empresas con acceso a Internet. En el caso de las compa\u00f1\u00edas de menos de 10 empleados, su penetraci\u00f3n se sit\u00faa en el 31,5%. La diferencia entre ambos segmentos alcanza los 46 puntos.<\/li>\n<li>La movilidad en las compa\u00f1\u00edas, que se mide por el porcentaje de empleados que dispone de dispositivos port\u00e1tiles con conexi\u00f3n m\u00f3vil a Internet proporcionados por las propias empresas, est\u00e1 m\u00e1s generalizado entre las microempresas (31,4%) que entre las pymes y grandes empresas (25,3%).<\/li>\n<li>Por su parte, aumenta el porcentaje de empresas que realiza compras por comercio electr\u00f3nico, con porcentajes de un 32,1% de pymes y grandes empresas y un 16,6% de microempresas, e incrementos de 4,5 y 4,3 puntos porcentuales, respectivamente.<\/li>\n<li>Aumenta en ambos casos la utilizaci\u00f3n de los medios sociales que emplean el 42,9% de las pymes y grandes empresas frente al 30,4% de las microempresas, y el uso de servicios de <em>cloud compluting<\/em>, con porcentajes de utilizaci\u00f3n del 19,3% y 7,2%, respectivamente.<\/li>\n<li>Entre los m\u00e9todos de publicidad <em>online<\/em>, los de publicidad dirigida son por los que m\u00e1s se decantan las compa\u00f1\u00edas que pagan por anunciarse en Internet. El 20,5% de las pymes y grandes empresas y el 10,5% de las microempresas los utilizan.<\/li>\n<li>Un \u00faltimo indicador que recoge el informe es el referido a <em>Big Data<\/em>, seg\u00fan sus datos un 8,5% de las pymes y grandes empresas y un 2,7% de las microempresas los analiza.<\/li>\n<\/ul>\n<p style=\"text-align: justify;\">En resumen, <strong>el progreso en la implantaci\u00f3n de las TIC en las pymes espa\u00f1olas no supera la mediocridad, cuando no est\u00e1 sufriendo directamente una involuci\u00f3n<\/strong>. Los indicadores demuestran incluso retrocesos en algunos aspectos (v\u00e9ase el apartado de banda ancha fija), algo inaceptable en una sociedad evolucionada, por mucho que algunos entes se empe\u00f1en en afirmar lo contrario<a href=\"#_ftn3\" name=\"_ftnref3\">[3]<\/a>, o al menos, dar apariencia de lo contrario<a href=\"#_ftn4\" name=\"_ftnref4\">[4]<\/a>.<\/p>\n<p style=\"text-align: justify;\">Si el 73% de las empresas espa\u00f1olas muestran un \u00edndice tan reducido y alejado en cuanto a la adopci\u00f3n de las TIC, nuestro pa\u00eds tiene un grave problema de competitividad; un lastre brutal para el crecimiento econ\u00f3mico. Y ya no digamos las paup\u00e9rrimas cifras en formaci\u00f3n TIC hacia la fuerza laboral, completamente alejadas de las necesidades de progreso digital.<\/p>\n<p style=\"text-align: justify;\">Mientras tanto, nuestros l\u00edderes pol\u00edticos ni saben ni se les espera: es un problema que ni comentan ni conocen.<\/p>\n<h3 style=\"text-align: right;\"><span style=\"color: #ff0000;\"><strong>UGT<\/strong><\/span><strong> Comunicaciones<\/strong><\/h3>\n<p>&nbsp;<\/p>\n<p><span style=\"font-size: xx-small;\"><a href=\"#_ftnref1\" name=\"_ftn1\">[1]<\/a> <a href=\"http:\/\/www.ontsi.red.es\/ontsi\/?q=es\/content\/e-pyme-16-an%C3%A1lisis-sectorial-de-implantaci%C3%B3n-de-las-tic-en-la-empresas-espa%C3%B1olas\" target=\"_blank\" rel=\"noopener\">http:\/\/www.ontsi.red.es\/ontsi\/?q=es\/content\/e-pyme-16-an\u00e1lisis-sectorial-de-implantaci\u00f3n-de-las-tic-en-la-empresas-espa\u00f1olas<\/a><br \/>\n<a href=\"#_ftnref2\" name=\"_ftn2\">[2]<\/a> <a href=\"http:\/\/comunicaciones.smcugt.org\/noticia\/las-tic-en-las-pymes-2015-id-55364.htm\" target=\"_blank\" rel=\"noopener\">http:\/\/comunicaciones.smcugt.org\/noticia\/las-tic-en-las-pymes-2015-id-55364.htm<\/a><br \/>\n<a href=\"#_ftnref3\" name=\"_ftn3\">[3]<\/a> <a href=\"http:\/\/www.ieemadrid.es\/2017\/06\/22\/espana-destaca-puesto-7-la-ue-digitalizacion-empresas\/\" target=\"_blank\" rel=\"noopener\">http:\/\/www.ieemadrid.es\/2017\/06\/22\/espana-destaca-puesto-7-la-ue-digitalizacion-empresas\/<\/a>; <a href=\"http:\/\/www.europapress.es\/economia\/noticia-espana-septimo-pais-union-europea-digitalizacion-empresas-ie-20170622130627.html\" target=\"_blank\" rel=\"noopener\">http:\/\/www.europapress.es\/economia\/noticia-espana-septimo-pais-union-europea-digitalizacion-empresas-ie-20170622130627.html<\/a><br \/>\n<a href=\"#_ftnref4\" name=\"_ftn4\">[4]<\/a> <a href=\"http:\/\/www.red.es\/redes\/es\/magazin-red\/noticias\/aumenta-la-implantaci%C3%B3n-de-tic-en-las-empresas-espa%C3%B1olas\" target=\"_blank\" rel=\"noopener\">http:\/\/www.red.es\/redes\/es\/magazin-red\/noticias\/aumenta-la-implantaci\u00f3n-de-tic-en-las-empresas-espa\u00f1olas<\/a><\/span><\/p>\n","protected":false},"excerpt":{"rendered":"<p>El Ministerio de Agenda Digital ha editado el \u201cInforme e-Pyme 2016, An\u00e1lisis sectorial de la implantaci\u00f3n y uso de las TIC en las empresas espa\u00f1olas\u201d[1], elaborado por el Observatorio Nacional de las Telecomunicaciones y de la Sociedad de la Informaci\u00f3n (ONTSI). Novena edici\u00f3n de este estudio, que se vuelve a elaborar a partir de los [&hellip;]<\/p>\n","protected":false},"author":3,"featured_media":85877,"comment_status":"closed","ping_status":"closed","sticky":false,"template":"","format":"standard","meta":{"footnotes":""},"categories":[14,12],"tags":[],"class_list":["post-85864","post","type-post","status-publish","format-standard","has-post-thumbnail","hentry","category-opinion","category-regulacion"],"yoast_head":"<!-- This site is optimized with the Yoast SEO Premium plugin v27.3 (Yoast SEO v27.4) - https:\/\/yoast.com\/product\/yoast-seo-premium-wordpress\/ -->\n<title>Las TIC en las pymes 2016 - UGT Comunicaciones<\/title>\n<meta name=\"description\" content=\"El Ministerio de Agenda Digital ha editado el \u201cInforme e-Pyme 2016, An\u00e1lisis sectorial de la implantaci\u00f3n y uso de las TIC en las empresas espa\u00f1olas\u201d[1], elaborado por el Observatorio Nacional de las Telecomunicaciones y de la Sociedad de la Informaci\u00f3n (ONTSI).\" \/>\n<meta name=\"robots\" content=\"index, follow, max-snippet:-1, max-image-preview:large, max-video-preview:-1\" \/>\n<link rel=\"canonical\" href=\"https:\/\/www.ugtcomunicaciones.es\/wordpress\/las-tic-las-pymes-2016\/\" \/>\n<meta property=\"og:locale\" content=\"es_ES\" \/>\n<meta property=\"og:type\" content=\"article\" \/>\n<meta property=\"og:title\" content=\"Las TIC en las pymes 2016\" \/>\n<meta property=\"og:description\" content=\"El Ministerio de Agenda Digital ha editado el \u201cInforme e-Pyme 2016, An\u00e1lisis sectorial de la implantaci\u00f3n y uso de las TIC en las empresas espa\u00f1olas\u201d[1], elaborado por el Observatorio Nacional de las Telecomunicaciones y de la Sociedad de la Informaci\u00f3n (ONTSI).\" \/>\n<meta property=\"og:url\" content=\"https:\/\/www.ugtcomunicaciones.es\/wordpress\/las-tic-las-pymes-2016\/\" \/>\n<meta property=\"og:site_name\" content=\"UGT Comunicaciones\" \/>\n<meta property=\"article:publisher\" content=\"https:\/\/www.facebook.com\/ugt.comunicaciones\/\" \/>\n<meta property=\"article:published_time\" content=\"2018-01-08T06:00:21+00:00\" \/>\n<meta property=\"og:image\" content=\"https:\/\/www.ugtcomunicaciones.es\/wordpress\/wp-content\/uploads\/2018\/01\/tic-pymes-portada-08-01-18.jpg\" \/>\n\t<meta property=\"og:image:width\" content=\"600\" \/>\n\t<meta property=\"og:image:height\" content=\"449\" \/>\n\t<meta property=\"og:image:type\" content=\"image\/jpeg\" \/>\n<meta name=\"author\" content=\"UGT\" \/>\n<meta name=\"twitter:card\" content=\"summary_large_image\" \/>\n<meta name=\"twitter:creator\" content=\"@ugtcom\" \/>\n<meta name=\"twitter:site\" content=\"@ugtcom\" \/>\n<meta name=\"twitter:label1\" content=\"Escrito por\" \/>\n\t<meta name=\"twitter:data1\" content=\"UGT\" \/>\n\t<meta name=\"twitter:label2\" content=\"Tiempo de lectura\" \/>\n\t<meta name=\"twitter:data2\" content=\"5 minutos\" \/>\n<script type=\"application\/ld+json\" class=\"yoast-schema-graph\">{\"@context\":\"https:\\\/\\\/schema.org\",\"@graph\":[{\"@type\":\"Article\",\"@id\":\"https:\\\/\\\/www.ugtcomunicaciones.es\\\/wordpress\\\/las-tic-las-pymes-2016\\\/#article\",\"isPartOf\":{\"@id\":\"https:\\\/\\\/www.ugtcomunicaciones.es\\\/wordpress\\\/las-tic-las-pymes-2016\\\/\"},\"author\":{\"name\":\"UGT\",\"@id\":\"https:\\\/\\\/www.ugtcomunicaciones.es\\\/wordpress\\\/#\\\/schema\\\/person\\\/eba0fc3fe5b444531d94d4368cba89ed\"},\"headline\":\"Las TIC en las pymes 2016\",\"datePublished\":\"2018-01-08T06:00:21+00:00\",\"mainEntityOfPage\":{\"@id\":\"https:\\\/\\\/www.ugtcomunicaciones.es\\\/wordpress\\\/las-tic-las-pymes-2016\\\/\"},\"wordCount\":919,\"publisher\":{\"@id\":\"https:\\\/\\\/www.ugtcomunicaciones.es\\\/wordpress\\\/#organization\"},\"image\":{\"@id\":\"https:\\\/\\\/www.ugtcomunicaciones.es\\\/wordpress\\\/las-tic-las-pymes-2016\\\/#primaryimage\"},\"thumbnailUrl\":\"https:\\\/\\\/www.ugtcomunicaciones.es\\\/wordpress\\\/wp-content\\\/uploads\\\/2018\\\/01\\\/tic-pymes-portada-08-01-18.jpg\",\"articleSection\":[\"Opini\u00f3n\",\"Regulaci\u00f3n\"],\"inLanguage\":\"es\"},{\"@type\":\"WebPage\",\"@id\":\"https:\\\/\\\/www.ugtcomunicaciones.es\\\/wordpress\\\/las-tic-las-pymes-2016\\\/\",\"url\":\"https:\\\/\\\/www.ugtcomunicaciones.es\\\/wordpress\\\/las-tic-las-pymes-2016\\\/\",\"name\":\"Las TIC en las pymes 2016 - UGT Comunicaciones\",\"isPartOf\":{\"@id\":\"https:\\\/\\\/www.ugtcomunicaciones.es\\\/wordpress\\\/#website\"},\"primaryImageOfPage\":{\"@id\":\"https:\\\/\\\/www.ugtcomunicaciones.es\\\/wordpress\\\/las-tic-las-pymes-2016\\\/#primaryimage\"},\"image\":{\"@id\":\"https:\\\/\\\/www.ugtcomunicaciones.es\\\/wordpress\\\/las-tic-las-pymes-2016\\\/#primaryimage\"},\"thumbnailUrl\":\"https:\\\/\\\/www.ugtcomunicaciones.es\\\/wordpress\\\/wp-content\\\/uploads\\\/2018\\\/01\\\/tic-pymes-portada-08-01-18.jpg\",\"datePublished\":\"2018-01-08T06:00:21+00:00\",\"description\":\"El Ministerio de Agenda Digital ha editado el \u201cInforme e-Pyme 2016, An\u00e1lisis sectorial de la implantaci\u00f3n y uso de las TIC en las empresas espa\u00f1olas\u201d[1], elaborado por el Observatorio Nacional de las Telecomunicaciones y de la Sociedad de la Informaci\u00f3n (ONTSI).\",\"breadcrumb\":{\"@id\":\"https:\\\/\\\/www.ugtcomunicaciones.es\\\/wordpress\\\/las-tic-las-pymes-2016\\\/#breadcrumb\"},\"inLanguage\":\"es\",\"potentialAction\":[{\"@type\":\"ReadAction\",\"target\":[\"https:\\\/\\\/www.ugtcomunicaciones.es\\\/wordpress\\\/las-tic-las-pymes-2016\\\/\"]}]},{\"@type\":\"ImageObject\",\"inLanguage\":\"es\",\"@id\":\"https:\\\/\\\/www.ugtcomunicaciones.es\\\/wordpress\\\/las-tic-las-pymes-2016\\\/#primaryimage\",\"url\":\"https:\\\/\\\/www.ugtcomunicaciones.es\\\/wordpress\\\/wp-content\\\/uploads\\\/2018\\\/01\\\/tic-pymes-portada-08-01-18.jpg\",\"contentUrl\":\"https:\\\/\\\/www.ugtcomunicaciones.es\\\/wordpress\\\/wp-content\\\/uploads\\\/2018\\\/01\\\/tic-pymes-portada-08-01-18.jpg\",\"width\":600,\"height\":449},{\"@type\":\"BreadcrumbList\",\"@id\":\"https:\\\/\\\/www.ugtcomunicaciones.es\\\/wordpress\\\/las-tic-las-pymes-2016\\\/#breadcrumb\",\"itemListElement\":[{\"@type\":\"ListItem\",\"position\":1,\"name\":\"Portada\",\"item\":\"https:\\\/\\\/www.ugtcomunicaciones.es\\\/wordpress\\\/\"},{\"@type\":\"ListItem\",\"position\":2,\"name\":\"Las TIC en las pymes 2016\"}]},{\"@type\":\"WebSite\",\"@id\":\"https:\\\/\\\/www.ugtcomunicaciones.es\\\/wordpress\\\/#website\",\"url\":\"https:\\\/\\\/www.ugtcomunicaciones.es\\\/wordpress\\\/\",\"name\":\"UGT Comunicaciones\",\"description\":\"Sindicato de Telecomunicaciones\",\"publisher\":{\"@id\":\"https:\\\/\\\/www.ugtcomunicaciones.es\\\/wordpress\\\/#organization\"},\"potentialAction\":[{\"@type\":\"SearchAction\",\"target\":{\"@type\":\"EntryPoint\",\"urlTemplate\":\"https:\\\/\\\/www.ugtcomunicaciones.es\\\/wordpress\\\/?s={search_term_string}\"},\"query-input\":{\"@type\":\"PropertyValueSpecification\",\"valueRequired\":true,\"valueName\":\"search_term_string\"}}],\"inLanguage\":\"es\"},{\"@type\":\"Organization\",\"@id\":\"https:\\\/\\\/www.ugtcomunicaciones.es\\\/wordpress\\\/#organization\",\"name\":\"UGT Comunicaciones\",\"url\":\"https:\\\/\\\/www.ugtcomunicaciones.es\\\/wordpress\\\/\",\"logo\":{\"@type\":\"ImageObject\",\"inLanguage\":\"es\",\"@id\":\"https:\\\/\\\/www.ugtcomunicaciones.es\\\/wordpress\\\/#\\\/schema\\\/logo\\\/image\\\/\",\"url\":\"https:\\\/\\\/www.ugtcomunicaciones.es\\\/wordpress\\\/wp-content\\\/uploads\\\/2024\\\/04\\\/comunicaciones_logo.png\",\"contentUrl\":\"https:\\\/\\\/www.ugtcomunicaciones.es\\\/wordpress\\\/wp-content\\\/uploads\\\/2024\\\/04\\\/comunicaciones_logo.png\",\"width\":298,\"height\":81,\"caption\":\"UGT Comunicaciones\"},\"image\":{\"@id\":\"https:\\\/\\\/www.ugtcomunicaciones.es\\\/wordpress\\\/#\\\/schema\\\/logo\\\/image\\\/\"},\"sameAs\":[\"https:\\\/\\\/www.facebook.com\\\/ugt.comunicaciones\\\/\",\"https:\\\/\\\/x.com\\\/ugtcom\"]},{\"@type\":\"Person\",\"@id\":\"https:\\\/\\\/www.ugtcomunicaciones.es\\\/wordpress\\\/#\\\/schema\\\/person\\\/eba0fc3fe5b444531d94d4368cba89ed\",\"name\":\"UGT\",\"image\":{\"@type\":\"ImageObject\",\"inLanguage\":\"es\",\"@id\":\"https:\\\/\\\/secure.gravatar.com\\\/avatar\\\/2a16057d620a4c646bcfc171c4f23030879ebbdd346f0525bd5d4a564e57e13d?s=96&d=mm&r=g\",\"url\":\"https:\\\/\\\/secure.gravatar.com\\\/avatar\\\/2a16057d620a4c646bcfc171c4f23030879ebbdd346f0525bd5d4a564e57e13d?s=96&d=mm&r=g\",\"contentUrl\":\"https:\\\/\\\/secure.gravatar.com\\\/avatar\\\/2a16057d620a4c646bcfc171c4f23030879ebbdd346f0525bd5d4a564e57e13d?s=96&d=mm&r=g\",\"caption\":\"UGT\"}}]}<\/script>\n<!-- \/ Yoast SEO Premium plugin. -->","yoast_head_json":{"title":"Las TIC en las pymes 2016 - UGT Comunicaciones","description":"El Ministerio de Agenda Digital ha editado el \u201cInforme e-Pyme 2016, An\u00e1lisis sectorial de la implantaci\u00f3n y uso de las TIC en las empresas espa\u00f1olas\u201d[1], elaborado por el Observatorio Nacional de las Telecomunicaciones y de la Sociedad de la Informaci\u00f3n (ONTSI).","robots":{"index":"index","follow":"follow","max-snippet":"max-snippet:-1","max-image-preview":"max-image-preview:large","max-video-preview":"max-video-preview:-1"},"canonical":"https:\/\/www.ugtcomunicaciones.es\/wordpress\/las-tic-las-pymes-2016\/","og_locale":"es_ES","og_type":"article","og_title":"Las TIC en las pymes 2016","og_description":"El Ministerio de Agenda Digital ha editado el \u201cInforme e-Pyme 2016, An\u00e1lisis sectorial de la implantaci\u00f3n y uso de las TIC en las empresas espa\u00f1olas\u201d[1], elaborado por el Observatorio Nacional de las Telecomunicaciones y de la Sociedad de la Informaci\u00f3n (ONTSI).","og_url":"https:\/\/www.ugtcomunicaciones.es\/wordpress\/las-tic-las-pymes-2016\/","og_site_name":"UGT Comunicaciones","article_publisher":"https:\/\/www.facebook.com\/ugt.comunicaciones\/","article_published_time":"2018-01-08T06:00:21+00:00","og_image":[{"width":600,"height":449,"url":"https:\/\/www.ugtcomunicaciones.es\/wordpress\/wp-content\/uploads\/2018\/01\/tic-pymes-portada-08-01-18.jpg","type":"image\/jpeg"}],"author":"UGT","twitter_card":"summary_large_image","twitter_creator":"@ugtcom","twitter_site":"@ugtcom","twitter_misc":{"Escrito por":"UGT","Tiempo de lectura":"5 minutos"},"schema":{"@context":"https:\/\/schema.org","@graph":[{"@type":"Article","@id":"https:\/\/www.ugtcomunicaciones.es\/wordpress\/las-tic-las-pymes-2016\/#article","isPartOf":{"@id":"https:\/\/www.ugtcomunicaciones.es\/wordpress\/las-tic-las-pymes-2016\/"},"author":{"name":"UGT","@id":"https:\/\/www.ugtcomunicaciones.es\/wordpress\/#\/schema\/person\/eba0fc3fe5b444531d94d4368cba89ed"},"headline":"Las TIC en las pymes 2016","datePublished":"2018-01-08T06:00:21+00:00","mainEntityOfPage":{"@id":"https:\/\/www.ugtcomunicaciones.es\/wordpress\/las-tic-las-pymes-2016\/"},"wordCount":919,"publisher":{"@id":"https:\/\/www.ugtcomunicaciones.es\/wordpress\/#organization"},"image":{"@id":"https:\/\/www.ugtcomunicaciones.es\/wordpress\/las-tic-las-pymes-2016\/#primaryimage"},"thumbnailUrl":"https:\/\/www.ugtcomunicaciones.es\/wordpress\/wp-content\/uploads\/2018\/01\/tic-pymes-portada-08-01-18.jpg","articleSection":["Opini\u00f3n","Regulaci\u00f3n"],"inLanguage":"es"},{"@type":"WebPage","@id":"https:\/\/www.ugtcomunicaciones.es\/wordpress\/las-tic-las-pymes-2016\/","url":"https:\/\/www.ugtcomunicaciones.es\/wordpress\/las-tic-las-pymes-2016\/","name":"Las TIC en las pymes 2016 - UGT Comunicaciones","isPartOf":{"@id":"https:\/\/www.ugtcomunicaciones.es\/wordpress\/#website"},"primaryImageOfPage":{"@id":"https:\/\/www.ugtcomunicaciones.es\/wordpress\/las-tic-las-pymes-2016\/#primaryimage"},"image":{"@id":"https:\/\/www.ugtcomunicaciones.es\/wordpress\/las-tic-las-pymes-2016\/#primaryimage"},"thumbnailUrl":"https:\/\/www.ugtcomunicaciones.es\/wordpress\/wp-content\/uploads\/2018\/01\/tic-pymes-portada-08-01-18.jpg","datePublished":"2018-01-08T06:00:21+00:00","description":"El Ministerio de Agenda Digital ha editado el \u201cInforme e-Pyme 2016, An\u00e1lisis sectorial de la implantaci\u00f3n y uso de las TIC en las empresas espa\u00f1olas\u201d[1], elaborado por el Observatorio Nacional de las Telecomunicaciones y de la Sociedad de la Informaci\u00f3n (ONTSI).","breadcrumb":{"@id":"https:\/\/www.ugtcomunicaciones.es\/wordpress\/las-tic-las-pymes-2016\/#breadcrumb"},"inLanguage":"es","potentialAction":[{"@type":"ReadAction","target":["https:\/\/www.ugtcomunicaciones.es\/wordpress\/las-tic-las-pymes-2016\/"]}]},{"@type":"ImageObject","inLanguage":"es","@id":"https:\/\/www.ugtcomunicaciones.es\/wordpress\/las-tic-las-pymes-2016\/#primaryimage","url":"https:\/\/www.ugtcomunicaciones.es\/wordpress\/wp-content\/uploads\/2018\/01\/tic-pymes-portada-08-01-18.jpg","contentUrl":"https:\/\/www.ugtcomunicaciones.es\/wordpress\/wp-content\/uploads\/2018\/01\/tic-pymes-portada-08-01-18.jpg","width":600,"height":449},{"@type":"BreadcrumbList","@id":"https:\/\/www.ugtcomunicaciones.es\/wordpress\/las-tic-las-pymes-2016\/#breadcrumb","itemListElement":[{"@type":"ListItem","position":1,"name":"Portada","item":"https:\/\/www.ugtcomunicaciones.es\/wordpress\/"},{"@type":"ListItem","position":2,"name":"Las TIC en las pymes 2016"}]},{"@type":"WebSite","@id":"https:\/\/www.ugtcomunicaciones.es\/wordpress\/#website","url":"https:\/\/www.ugtcomunicaciones.es\/wordpress\/","name":"UGT Comunicaciones","description":"Sindicato de Telecomunicaciones","publisher":{"@id":"https:\/\/www.ugtcomunicaciones.es\/wordpress\/#organization"},"potentialAction":[{"@type":"SearchAction","target":{"@type":"EntryPoint","urlTemplate":"https:\/\/www.ugtcomunicaciones.es\/wordpress\/?s={search_term_string}"},"query-input":{"@type":"PropertyValueSpecification","valueRequired":true,"valueName":"search_term_string"}}],"inLanguage":"es"},{"@type":"Organization","@id":"https:\/\/www.ugtcomunicaciones.es\/wordpress\/#organization","name":"UGT Comunicaciones","url":"https:\/\/www.ugtcomunicaciones.es\/wordpress\/","logo":{"@type":"ImageObject","inLanguage":"es","@id":"https:\/\/www.ugtcomunicaciones.es\/wordpress\/#\/schema\/logo\/image\/","url":"https:\/\/www.ugtcomunicaciones.es\/wordpress\/wp-content\/uploads\/2024\/04\/comunicaciones_logo.png","contentUrl":"https:\/\/www.ugtcomunicaciones.es\/wordpress\/wp-content\/uploads\/2024\/04\/comunicaciones_logo.png","width":298,"height":81,"caption":"UGT Comunicaciones"},"image":{"@id":"https:\/\/www.ugtcomunicaciones.es\/wordpress\/#\/schema\/logo\/image\/"},"sameAs":["https:\/\/www.facebook.com\/ugt.comunicaciones\/","https:\/\/x.com\/ugtcom"]},{"@type":"Person","@id":"https:\/\/www.ugtcomunicaciones.es\/wordpress\/#\/schema\/person\/eba0fc3fe5b444531d94d4368cba89ed","name":"UGT","image":{"@type":"ImageObject","inLanguage":"es","@id":"https:\/\/secure.gravatar.com\/avatar\/2a16057d620a4c646bcfc171c4f23030879ebbdd346f0525bd5d4a564e57e13d?s=96&d=mm&r=g","url":"https:\/\/secure.gravatar.com\/avatar\/2a16057d620a4c646bcfc171c4f23030879ebbdd346f0525bd5d4a564e57e13d?s=96&d=mm&r=g","contentUrl":"https:\/\/secure.gravatar.com\/avatar\/2a16057d620a4c646bcfc171c4f23030879ebbdd346f0525bd5d4a564e57e13d?s=96&d=mm&r=g","caption":"UGT"}}]}},"_links":{"self":[{"href":"https:\/\/www.ugtcomunicaciones.es\/wordpress\/wp-json\/wp\/v2\/posts\/85864","targetHints":{"allow":["GET"]}}],"collection":[{"href":"https:\/\/www.ugtcomunicaciones.es\/wordpress\/wp-json\/wp\/v2\/posts"}],"about":[{"href":"https:\/\/www.ugtcomunicaciones.es\/wordpress\/wp-json\/wp\/v2\/types\/post"}],"author":[{"embeddable":true,"href":"https:\/\/www.ugtcomunicaciones.es\/wordpress\/wp-json\/wp\/v2\/users\/3"}],"replies":[{"embeddable":true,"href":"https:\/\/www.ugtcomunicaciones.es\/wordpress\/wp-json\/wp\/v2\/comments?post=85864"}],"version-history":[{"count":0,"href":"https:\/\/www.ugtcomunicaciones.es\/wordpress\/wp-json\/wp\/v2\/posts\/85864\/revisions"}],"wp:featuredmedia":[{"embeddable":true,"href":"https:\/\/www.ugtcomunicaciones.es\/wordpress\/wp-json\/wp\/v2\/media\/85877"}],"wp:attachment":[{"href":"https:\/\/www.ugtcomunicaciones.es\/wordpress\/wp-json\/wp\/v2\/media?parent=85864"}],"wp:term":[{"taxonomy":"category","embeddable":true,"href":"https:\/\/www.ugtcomunicaciones.es\/wordpress\/wp-json\/wp\/v2\/categories?post=85864"},{"taxonomy":"post_tag","embeddable":true,"href":"https:\/\/www.ugtcomunicaciones.es\/wordpress\/wp-json\/wp\/v2\/tags?post=85864"}],"curies":[{"name":"wp","href":"https:\/\/api.w.org\/{rel}","templated":true}]}}