{"id":86311,"date":"2018-01-08T08:00:54","date_gmt":"2018-01-08T06:00:54","guid":{"rendered":"http:\/\/ugtcomunicaciones.es\/wordpress\/?p=86311"},"modified":"2018-01-03T11:37:53","modified_gmt":"2018-01-03T09:37:53","slug":"nota-mensual-cnmc-octubre-2017","status":"publish","type":"post","link":"https:\/\/www.ugtcomunicaciones.es\/wordpress\/nota-mensual-cnmc-octubre-2017\/","title":{"rendered":"Nota mensual CNMC Octubre 2017"},"content":{"rendered":"<p style=\"text-align: justify;\">Mes en positivo en todas las l\u00edneas de negocio, aunque con menores ganancias que septiembre. Destaca, de nuevo, la banda ancha fija, que vuelve a subir por encima de las 70.000 altas:<\/p>\n<p><strong><img decoding=\"async\" class=\"size-full wp-image-86312 aligncenter lazyload\" data-src=\"http:\/\/ugtcomunicaciones.es\/wordpress\/wp-content\/uploads\/2018\/01\/nota-mensual-01-08-01-18.png\" alt=\"nota-mensual-01-08-01-18\" width=\"600\" height=\"203\" data-srcset=\"https:\/\/www.ugtcomunicaciones.es\/wordpress\/wp-content\/uploads\/2018\/01\/nota-mensual-01-08-01-18.png 600w, https:\/\/www.ugtcomunicaciones.es\/wordpress\/wp-content\/uploads\/2018\/01\/nota-mensual-01-08-01-18-300x102.png 300w\" data-sizes=\"(max-width: 600px) 100vw, 600px\" src=\"data:image\/svg+xml;base64,PHN2ZyB3aWR0aD0iMSIgaGVpZ2h0PSIxIiB4bWxucz0iaHR0cDovL3d3dy53My5vcmcvMjAwMC9zdmciPjwvc3ZnPg==\" style=\"--smush-placeholder-width: 600px; --smush-placeholder-aspect-ratio: 600\/203;\" \/><\/strong><\/p>\n<p style=\"text-align: justify;\"><strong>Banda Ancha fija:<\/strong><\/p>\n<ul style=\"text-align: justify;\" type=\"square\">\n<li>Repite buen mes en cable HFC, con casi 11.000 altas, por las 23.000 de septiembre. El FTTH creci\u00f3 hasta las 180.000 l\u00edneas. Baj\u00f3n de la cuota de Telef\u00f3nica en fibra hasta el 53,5% (dos puntos menos que en octubre). El ADSL, es su l\u00ednea de descenso: -122.000 l\u00edneas.<\/li>\n<li>La penetraci\u00f3n sigue aumentando: 30,6 l\u00edneas por cada 100 habitantes. El crecimiento interanual asciende hasta el +4,3%.<\/li>\n<li>M\u00e1sM\u00f3vil repite liderazgo, otra vez en dura pugna con Vodafone, con semejantes guarismos que septiembre (+47.200 l\u00edneas; Vodafone: 45.000). El resto de operadores sufre bajas netas, con Movistar en el peor de los casos (pierde todo lo ganado en septiembre; -14.000), seguido de Orange (que repite mal mes; -3.100) y las OMV (-900).<\/li>\n<li>En cuanto a cuota de mercado, Telef\u00f3nica sigue descendiendo de forma paulatina (41,4%; -3 p.p. en un mes), las distancias entre Orange y Vodafone se acortan a 4,5 p.p. (27,92% vs. 23,41%), M\u00e1sM\u00f3vil se acerca al 3% (2,93%) y las OMV mantienen sus cifras (4,35%).<\/li>\n<\/ul>\n<p><img decoding=\"async\" class=\"size-full wp-image-86323 aligncenter lazyload\" data-src=\"http:\/\/ugtcomunicaciones.es\/wordpress\/wp-content\/uploads\/2018\/01\/nota-mensual-02-08-01-18.png\" alt=\"nota-mensual-02-08-01-18\" width=\"524\" height=\"375\" data-srcset=\"https:\/\/www.ugtcomunicaciones.es\/wordpress\/wp-content\/uploads\/2018\/01\/nota-mensual-02-08-01-18.png 524w, https:\/\/www.ugtcomunicaciones.es\/wordpress\/wp-content\/uploads\/2018\/01\/nota-mensual-02-08-01-18-300x215.png 300w\" data-sizes=\"(max-width: 524px) 100vw, 524px\" src=\"data:image\/svg+xml;base64,PHN2ZyB3aWR0aD0iMSIgaGVpZ2h0PSIxIiB4bWxucz0iaHR0cDovL3d3dy53My5vcmcvMjAwMC9zdmciPjwvc3ZnPg==\" style=\"--smush-placeholder-width: 524px; --smush-placeholder-aspect-ratio: 524\/375;\" \/><\/p>\n<p><img decoding=\"async\" class=\"size-full wp-image-86324 aligncenter lazyload\" data-src=\"http:\/\/ugtcomunicaciones.es\/wordpress\/wp-content\/uploads\/2018\/01\/nota-mensual-03-08-01-18.png\" alt=\"nota-mensual-03-08-01-18\" width=\"591\" height=\"308\" data-srcset=\"https:\/\/www.ugtcomunicaciones.es\/wordpress\/wp-content\/uploads\/2018\/01\/nota-mensual-03-08-01-18.png 591w, https:\/\/www.ugtcomunicaciones.es\/wordpress\/wp-content\/uploads\/2018\/01\/nota-mensual-03-08-01-18-300x156.png 300w\" data-sizes=\"(max-width: 591px) 100vw, 591px\" src=\"data:image\/svg+xml;base64,PHN2ZyB3aWR0aD0iMSIgaGVpZ2h0PSIxIiB4bWxucz0iaHR0cDovL3d3dy53My5vcmcvMjAwMC9zdmciPjwvc3ZnPg==\" style=\"--smush-placeholder-width: 591px; --smush-placeholder-aspect-ratio: 591\/308;\" \/><\/p>\n<p style=\"text-align: justify;\"><strong>Telefon\u00eda M\u00f3vil:<\/strong><\/p>\n<ul style=\"text-align: justify;\">\n<li>Sexto mes consecutivo en positivo, aunque con la mitad de ganancia que en septiembre (+42.000 vs. +103.000 l\u00edneas m\u00f3viles de voz). La penetraci\u00f3n crece ligeramente: 111,6 l\u00edneas por cada 100 habitantes (la media de la UE-15 en 2016 era de 127).<\/li>\n<li>M\u00e1sM\u00f3vil arrasa obteniendo 133.000 altas netas. Telef\u00f3nica sigue mejorando en este apartado y repite ganancias (+26.000). Orange prosigue en negativo, encadenando tres meses consecutivos y doblando p\u00e9rdidas de meses anteriores (-56.800). El comportamiento de Vodafone es de continuos altibajos: un mes gana y otro pierde, como es el caso (-30.300). La sorpresa viene de las OMV, con muy malos resultados (-30.090).<\/li>\n<li>En cuanto a cuotas de mercado, M\u00e1sM\u00f3vil gracias sus ganancias netas, se consolida por encima del 9%. Las OMV retroceden levemente hasta el 8,65%. La buena racha de Movistar le permite aspirar a recuperar el 30% de cuota de mercado (29,952%). La distancia entre Orange y Vodafone vuelve a estrecharse: 1,65%.<\/li>\n<\/ul>\n<p style=\"text-align: justify;\">En cuanto a la banda ancha m\u00f3vil, octubre calca a septiembre: Vodafone y Orange repiten malos resultados, rompiendo la norma de que todos los operadores aumenten su parque. Los primeros de la clase: M\u00e1sM\u00f3vil y Movistar:<\/p>\n<p><img decoding=\"async\" class=\"size-full wp-image-86325 aligncenter lazyload\" data-src=\"http:\/\/ugtcomunicaciones.es\/wordpress\/wp-content\/uploads\/2018\/01\/nota-mensual-04-08-01-18.png\" alt=\"nota-mensual-04-08-01-18\" width=\"423\" height=\"137\" data-srcset=\"https:\/\/www.ugtcomunicaciones.es\/wordpress\/wp-content\/uploads\/2018\/01\/nota-mensual-04-08-01-18.png 423w, https:\/\/www.ugtcomunicaciones.es\/wordpress\/wp-content\/uploads\/2018\/01\/nota-mensual-04-08-01-18-300x97.png 300w\" data-sizes=\"(max-width: 423px) 100vw, 423px\" src=\"data:image\/svg+xml;base64,PHN2ZyB3aWR0aD0iMSIgaGVpZ2h0PSIxIiB4bWxucz0iaHR0cDovL3d3dy53My5vcmcvMjAwMC9zdmciPjwvc3ZnPg==\" style=\"--smush-placeholder-width: 423px; --smush-placeholder-aspect-ratio: 423\/137;\" \/><\/p>\n<p style=\"text-align: justify;\">El mes de octubre sum\u00f3 41.892 nuevas l\u00edneas y el parque m\u00f3vil alcanz\u00f3 las 51.906.704 l\u00edneas m\u00f3viles, lo que supuso un 1,1% m\u00e1s que hace un a\u00f1o. El incremento registrado en pospago fue de 154.214 l\u00edneas y compens\u00f3 el descenso de prepago, con 112.322 l\u00edneas menos. En tasa interanual, la modalidad de prepago disminuy\u00f3 un 8,5%, mientras que la de pospago creci\u00f3 un 4,3%.<\/p>\n<p style=\"text-align: justify;\">Las l\u00edneas M2M se situaron en 4.885.380 l\u00edneas, un 10,1% m\u00e1s que hace un a\u00f1o.<\/p>\n<p style=\"text-align: justify;\">Durante el mes de octubre se portaron 612.394 n\u00fameros m\u00f3viles, lo que supone un 28% m\u00e1s interanual y el nivel m\u00e1s alto desde enero de 2014 cuando el intercambio de usuarios entre compa\u00f1\u00edas alcanz\u00f3 los 674.720. Esta tendencia se lleva observando desde el mes de abril, y en los diez primeros meses de 2017 las portabilidades acumulan m\u00e1s de 5 millones de cambios.<\/p>\n<p style=\"text-align: justify;\"><strong>\u00a0<\/strong><strong>Telefon\u00eda Fija<\/strong><strong>:<\/strong><\/p>\n<p style=\"text-align: justify;\">Segundo mes con recuperaci\u00f3n: +47.063. Otra vez ambos segmentos, residencial y negocios, presentaron crecimiento.<\/p>\n<p style=\"text-align: justify;\">El total en Espa\u00f1a alcanza los 19,22 millones l\u00edneas fijas, que representa una penetraci\u00f3n de 41,3 l\u00edneas por cada 100 habitantes.<\/p>\n<p style=\"text-align: justify;\">Octubre registr\u00f3 un r\u00e9cord hist\u00f3rico y la transferencia de clientes entre operadoras fue de 204.725 n\u00fameros fijos, con un aumento del 46,6% respecto al mismo mes del a\u00f1o anterior.<\/p>\n<p><img decoding=\"async\" class=\"alignnone size-full wp-image-86326 lazyload\" data-src=\"http:\/\/ugtcomunicaciones.es\/wordpress\/wp-content\/uploads\/2018\/01\/nota-mensual-05-08-01-18.png\" alt=\"nota-mensual-05-08-01-18\" width=\"600\" height=\"173\" data-srcset=\"https:\/\/www.ugtcomunicaciones.es\/wordpress\/wp-content\/uploads\/2018\/01\/nota-mensual-05-08-01-18.png 600w, https:\/\/www.ugtcomunicaciones.es\/wordpress\/wp-content\/uploads\/2018\/01\/nota-mensual-05-08-01-18-300x87.png 300w\" data-sizes=\"(max-width: 600px) 100vw, 600px\" src=\"data:image\/svg+xml;base64,PHN2ZyB3aWR0aD0iMSIgaGVpZ2h0PSIxIiB4bWxucz0iaHR0cDovL3d3dy53My5vcmcvMjAwMC9zdmciPjwvc3ZnPg==\" style=\"--smush-placeholder-width: 600px; --smush-placeholder-aspect-ratio: 600\/173;\" \/><\/p>\n<h3 style=\"text-align: right;\"><span style=\"color: #ff0000;\"><strong>UGT<\/strong><\/span><strong> Comunicaciones<\/strong><\/h3>\n","protected":false},"excerpt":{"rendered":"<p>Mes en positivo en todas las l\u00edneas de negocio, aunque con menores ganancias que septiembre. Destaca, de nuevo, la banda ancha fija, que vuelve a subir por encima de las 70.000 altas: Banda Ancha fija: Repite buen mes en cable HFC, con casi 11.000 altas, por las 23.000 de septiembre. El FTTH creci\u00f3 hasta las [&hellip;]<\/p>\n","protected":false},"author":3,"featured_media":645,"comment_status":"closed","ping_status":"closed","sticky":false,"template":"","format":"standard","meta":{"footnotes":""},"categories":[15,12],"tags":[],"class_list":["post-86311","post","type-post","status-publish","format-standard","has-post-thumbnail","hentry","category-competencia","category-regulacion"],"yoast_head":"<!-- This site is optimized with the Yoast SEO Premium plugin v27.3 (Yoast SEO v27.4) - https:\/\/yoast.com\/product\/yoast-seo-premium-wordpress\/ -->\n<title>Nota mensual CNMC Octubre 2017 - UGT Comunicaciones<\/title>\n<meta name=\"description\" content=\"Mes en positivo en todas las l\u00edneas de negocio, aunque con menores ganancias que septiembre. Destaca, de nuevo, la banda ancha fija, que vuelve a subir por encima de las 70.000 altas:\" \/>\n<meta name=\"robots\" content=\"index, follow, max-snippet:-1, max-image-preview:large, max-video-preview:-1\" \/>\n<link rel=\"canonical\" href=\"https:\/\/www.ugtcomunicaciones.es\/wordpress\/nota-mensual-cnmc-octubre-2017\/\" \/>\n<meta property=\"og:locale\" content=\"es_ES\" \/>\n<meta property=\"og:type\" content=\"article\" \/>\n<meta property=\"og:title\" content=\"Nota mensual CNMC Octubre 2017\" \/>\n<meta property=\"og:description\" content=\"Mes en positivo en todas las l\u00edneas de negocio, aunque con menores ganancias que septiembre. Destaca, de nuevo, la banda ancha fija, que vuelve a subir por encima de las 70.000 altas:\" \/>\n<meta property=\"og:url\" content=\"https:\/\/www.ugtcomunicaciones.es\/wordpress\/nota-mensual-cnmc-octubre-2017\/\" \/>\n<meta property=\"og:site_name\" content=\"UGT Comunicaciones\" \/>\n<meta property=\"article:publisher\" content=\"https:\/\/www.facebook.com\/ugt.comunicaciones\/\" \/>\n<meta property=\"article:published_time\" content=\"2018-01-08T06:00:54+00:00\" \/>\n<meta property=\"og:image\" content=\"https:\/\/www.ugtcomunicaciones.es\/wordpress\/wp-content\/uploads\/2017\/01\/CNMC_1.png\" \/>\n\t<meta property=\"og:image:width\" content=\"664\" \/>\n\t<meta property=\"og:image:height\" content=\"443\" \/>\n\t<meta property=\"og:image:type\" content=\"image\/png\" \/>\n<meta name=\"author\" content=\"UGT\" \/>\n<meta name=\"twitter:card\" content=\"summary_large_image\" \/>\n<meta name=\"twitter:creator\" content=\"@ugtcom\" \/>\n<meta name=\"twitter:site\" content=\"@ugtcom\" \/>\n<meta name=\"twitter:label1\" content=\"Escrito por\" \/>\n\t<meta name=\"twitter:data1\" content=\"UGT\" \/>\n\t<meta name=\"twitter:label2\" content=\"Tiempo de lectura\" \/>\n\t<meta name=\"twitter:data2\" content=\"3 minutos\" \/>\n<script type=\"application\/ld+json\" class=\"yoast-schema-graph\">{\"@context\":\"https:\\\/\\\/schema.org\",\"@graph\":[{\"@type\":\"Article\",\"@id\":\"https:\\\/\\\/www.ugtcomunicaciones.es\\\/wordpress\\\/nota-mensual-cnmc-octubre-2017\\\/#article\",\"isPartOf\":{\"@id\":\"https:\\\/\\\/www.ugtcomunicaciones.es\\\/wordpress\\\/nota-mensual-cnmc-octubre-2017\\\/\"},\"author\":{\"name\":\"UGT\",\"@id\":\"https:\\\/\\\/www.ugtcomunicaciones.es\\\/wordpress\\\/#\\\/schema\\\/person\\\/eba0fc3fe5b444531d94d4368cba89ed\"},\"headline\":\"Nota mensual CNMC Octubre 2017\",\"datePublished\":\"2018-01-08T06:00:54+00:00\",\"mainEntityOfPage\":{\"@id\":\"https:\\\/\\\/www.ugtcomunicaciones.es\\\/wordpress\\\/nota-mensual-cnmc-octubre-2017\\\/\"},\"wordCount\":612,\"publisher\":{\"@id\":\"https:\\\/\\\/www.ugtcomunicaciones.es\\\/wordpress\\\/#organization\"},\"image\":{\"@id\":\"https:\\\/\\\/www.ugtcomunicaciones.es\\\/wordpress\\\/nota-mensual-cnmc-octubre-2017\\\/#primaryimage\"},\"thumbnailUrl\":\"https:\\\/\\\/www.ugtcomunicaciones.es\\\/wordpress\\\/wp-content\\\/uploads\\\/2017\\\/01\\\/CNMC_1.png\",\"articleSection\":[\"Competencia\",\"Regulaci\u00f3n\"],\"inLanguage\":\"es\"},{\"@type\":\"WebPage\",\"@id\":\"https:\\\/\\\/www.ugtcomunicaciones.es\\\/wordpress\\\/nota-mensual-cnmc-octubre-2017\\\/\",\"url\":\"https:\\\/\\\/www.ugtcomunicaciones.es\\\/wordpress\\\/nota-mensual-cnmc-octubre-2017\\\/\",\"name\":\"Nota mensual CNMC Octubre 2017 - UGT Comunicaciones\",\"isPartOf\":{\"@id\":\"https:\\\/\\\/www.ugtcomunicaciones.es\\\/wordpress\\\/#website\"},\"primaryImageOfPage\":{\"@id\":\"https:\\\/\\\/www.ugtcomunicaciones.es\\\/wordpress\\\/nota-mensual-cnmc-octubre-2017\\\/#primaryimage\"},\"image\":{\"@id\":\"https:\\\/\\\/www.ugtcomunicaciones.es\\\/wordpress\\\/nota-mensual-cnmc-octubre-2017\\\/#primaryimage\"},\"thumbnailUrl\":\"https:\\\/\\\/www.ugtcomunicaciones.es\\\/wordpress\\\/wp-content\\\/uploads\\\/2017\\\/01\\\/CNMC_1.png\",\"datePublished\":\"2018-01-08T06:00:54+00:00\",\"description\":\"Mes en positivo en todas las l\u00edneas de negocio, aunque con menores ganancias que septiembre. Destaca, de nuevo, la banda ancha fija, que vuelve a subir por encima de las 70.000 altas:\",\"breadcrumb\":{\"@id\":\"https:\\\/\\\/www.ugtcomunicaciones.es\\\/wordpress\\\/nota-mensual-cnmc-octubre-2017\\\/#breadcrumb\"},\"inLanguage\":\"es\",\"potentialAction\":[{\"@type\":\"ReadAction\",\"target\":[\"https:\\\/\\\/www.ugtcomunicaciones.es\\\/wordpress\\\/nota-mensual-cnmc-octubre-2017\\\/\"]}]},{\"@type\":\"ImageObject\",\"inLanguage\":\"es\",\"@id\":\"https:\\\/\\\/www.ugtcomunicaciones.es\\\/wordpress\\\/nota-mensual-cnmc-octubre-2017\\\/#primaryimage\",\"url\":\"https:\\\/\\\/www.ugtcomunicaciones.es\\\/wordpress\\\/wp-content\\\/uploads\\\/2017\\\/01\\\/CNMC_1.png\",\"contentUrl\":\"https:\\\/\\\/www.ugtcomunicaciones.es\\\/wordpress\\\/wp-content\\\/uploads\\\/2017\\\/01\\\/CNMC_1.png\",\"width\":664,\"height\":443,\"caption\":\"CNMC\"},{\"@type\":\"BreadcrumbList\",\"@id\":\"https:\\\/\\\/www.ugtcomunicaciones.es\\\/wordpress\\\/nota-mensual-cnmc-octubre-2017\\\/#breadcrumb\",\"itemListElement\":[{\"@type\":\"ListItem\",\"position\":1,\"name\":\"Portada\",\"item\":\"https:\\\/\\\/www.ugtcomunicaciones.es\\\/wordpress\\\/\"},{\"@type\":\"ListItem\",\"position\":2,\"name\":\"Nota mensual CNMC Octubre 2017\"}]},{\"@type\":\"WebSite\",\"@id\":\"https:\\\/\\\/www.ugtcomunicaciones.es\\\/wordpress\\\/#website\",\"url\":\"https:\\\/\\\/www.ugtcomunicaciones.es\\\/wordpress\\\/\",\"name\":\"UGT Comunicaciones\",\"description\":\"Sindicato de Telecomunicaciones\",\"publisher\":{\"@id\":\"https:\\\/\\\/www.ugtcomunicaciones.es\\\/wordpress\\\/#organization\"},\"potentialAction\":[{\"@type\":\"SearchAction\",\"target\":{\"@type\":\"EntryPoint\",\"urlTemplate\":\"https:\\\/\\\/www.ugtcomunicaciones.es\\\/wordpress\\\/?s={search_term_string}\"},\"query-input\":{\"@type\":\"PropertyValueSpecification\",\"valueRequired\":true,\"valueName\":\"search_term_string\"}}],\"inLanguage\":\"es\"},{\"@type\":\"Organization\",\"@id\":\"https:\\\/\\\/www.ugtcomunicaciones.es\\\/wordpress\\\/#organization\",\"name\":\"UGT Comunicaciones\",\"url\":\"https:\\\/\\\/www.ugtcomunicaciones.es\\\/wordpress\\\/\",\"logo\":{\"@type\":\"ImageObject\",\"inLanguage\":\"es\",\"@id\":\"https:\\\/\\\/www.ugtcomunicaciones.es\\\/wordpress\\\/#\\\/schema\\\/logo\\\/image\\\/\",\"url\":\"https:\\\/\\\/www.ugtcomunicaciones.es\\\/wordpress\\\/wp-content\\\/uploads\\\/2024\\\/04\\\/comunicaciones_logo.png\",\"contentUrl\":\"https:\\\/\\\/www.ugtcomunicaciones.es\\\/wordpress\\\/wp-content\\\/uploads\\\/2024\\\/04\\\/comunicaciones_logo.png\",\"width\":298,\"height\":81,\"caption\":\"UGT Comunicaciones\"},\"image\":{\"@id\":\"https:\\\/\\\/www.ugtcomunicaciones.es\\\/wordpress\\\/#\\\/schema\\\/logo\\\/image\\\/\"},\"sameAs\":[\"https:\\\/\\\/www.facebook.com\\\/ugt.comunicaciones\\\/\",\"https:\\\/\\\/x.com\\\/ugtcom\"]},{\"@type\":\"Person\",\"@id\":\"https:\\\/\\\/www.ugtcomunicaciones.es\\\/wordpress\\\/#\\\/schema\\\/person\\\/eba0fc3fe5b444531d94d4368cba89ed\",\"name\":\"UGT\",\"image\":{\"@type\":\"ImageObject\",\"inLanguage\":\"es\",\"@id\":\"https:\\\/\\\/secure.gravatar.com\\\/avatar\\\/2a16057d620a4c646bcfc171c4f23030879ebbdd346f0525bd5d4a564e57e13d?s=96&d=mm&r=g\",\"url\":\"https:\\\/\\\/secure.gravatar.com\\\/avatar\\\/2a16057d620a4c646bcfc171c4f23030879ebbdd346f0525bd5d4a564e57e13d?s=96&d=mm&r=g\",\"contentUrl\":\"https:\\\/\\\/secure.gravatar.com\\\/avatar\\\/2a16057d620a4c646bcfc171c4f23030879ebbdd346f0525bd5d4a564e57e13d?s=96&d=mm&r=g\",\"caption\":\"UGT\"}}]}<\/script>\n<!-- \/ Yoast SEO Premium plugin. -->","yoast_head_json":{"title":"Nota mensual CNMC Octubre 2017 - UGT Comunicaciones","description":"Mes en positivo en todas las l\u00edneas de negocio, aunque con menores ganancias que septiembre. Destaca, de nuevo, la banda ancha fija, que vuelve a subir por encima de las 70.000 altas:","robots":{"index":"index","follow":"follow","max-snippet":"max-snippet:-1","max-image-preview":"max-image-preview:large","max-video-preview":"max-video-preview:-1"},"canonical":"https:\/\/www.ugtcomunicaciones.es\/wordpress\/nota-mensual-cnmc-octubre-2017\/","og_locale":"es_ES","og_type":"article","og_title":"Nota mensual CNMC Octubre 2017","og_description":"Mes en positivo en todas las l\u00edneas de negocio, aunque con menores ganancias que septiembre. Destaca, de nuevo, la banda ancha fija, que vuelve a subir por encima de las 70.000 altas:","og_url":"https:\/\/www.ugtcomunicaciones.es\/wordpress\/nota-mensual-cnmc-octubre-2017\/","og_site_name":"UGT Comunicaciones","article_publisher":"https:\/\/www.facebook.com\/ugt.comunicaciones\/","article_published_time":"2018-01-08T06:00:54+00:00","og_image":[{"width":664,"height":443,"url":"https:\/\/www.ugtcomunicaciones.es\/wordpress\/wp-content\/uploads\/2017\/01\/CNMC_1.png","type":"image\/png"}],"author":"UGT","twitter_card":"summary_large_image","twitter_creator":"@ugtcom","twitter_site":"@ugtcom","twitter_misc":{"Escrito por":"UGT","Tiempo de lectura":"3 minutos"},"schema":{"@context":"https:\/\/schema.org","@graph":[{"@type":"Article","@id":"https:\/\/www.ugtcomunicaciones.es\/wordpress\/nota-mensual-cnmc-octubre-2017\/#article","isPartOf":{"@id":"https:\/\/www.ugtcomunicaciones.es\/wordpress\/nota-mensual-cnmc-octubre-2017\/"},"author":{"name":"UGT","@id":"https:\/\/www.ugtcomunicaciones.es\/wordpress\/#\/schema\/person\/eba0fc3fe5b444531d94d4368cba89ed"},"headline":"Nota mensual CNMC Octubre 2017","datePublished":"2018-01-08T06:00:54+00:00","mainEntityOfPage":{"@id":"https:\/\/www.ugtcomunicaciones.es\/wordpress\/nota-mensual-cnmc-octubre-2017\/"},"wordCount":612,"publisher":{"@id":"https:\/\/www.ugtcomunicaciones.es\/wordpress\/#organization"},"image":{"@id":"https:\/\/www.ugtcomunicaciones.es\/wordpress\/nota-mensual-cnmc-octubre-2017\/#primaryimage"},"thumbnailUrl":"https:\/\/www.ugtcomunicaciones.es\/wordpress\/wp-content\/uploads\/2017\/01\/CNMC_1.png","articleSection":["Competencia","Regulaci\u00f3n"],"inLanguage":"es"},{"@type":"WebPage","@id":"https:\/\/www.ugtcomunicaciones.es\/wordpress\/nota-mensual-cnmc-octubre-2017\/","url":"https:\/\/www.ugtcomunicaciones.es\/wordpress\/nota-mensual-cnmc-octubre-2017\/","name":"Nota mensual CNMC Octubre 2017 - UGT Comunicaciones","isPartOf":{"@id":"https:\/\/www.ugtcomunicaciones.es\/wordpress\/#website"},"primaryImageOfPage":{"@id":"https:\/\/www.ugtcomunicaciones.es\/wordpress\/nota-mensual-cnmc-octubre-2017\/#primaryimage"},"image":{"@id":"https:\/\/www.ugtcomunicaciones.es\/wordpress\/nota-mensual-cnmc-octubre-2017\/#primaryimage"},"thumbnailUrl":"https:\/\/www.ugtcomunicaciones.es\/wordpress\/wp-content\/uploads\/2017\/01\/CNMC_1.png","datePublished":"2018-01-08T06:00:54+00:00","description":"Mes en positivo en todas las l\u00edneas de negocio, aunque con menores ganancias que septiembre. Destaca, de nuevo, la banda ancha fija, que vuelve a subir por encima de las 70.000 altas:","breadcrumb":{"@id":"https:\/\/www.ugtcomunicaciones.es\/wordpress\/nota-mensual-cnmc-octubre-2017\/#breadcrumb"},"inLanguage":"es","potentialAction":[{"@type":"ReadAction","target":["https:\/\/www.ugtcomunicaciones.es\/wordpress\/nota-mensual-cnmc-octubre-2017\/"]}]},{"@type":"ImageObject","inLanguage":"es","@id":"https:\/\/www.ugtcomunicaciones.es\/wordpress\/nota-mensual-cnmc-octubre-2017\/#primaryimage","url":"https:\/\/www.ugtcomunicaciones.es\/wordpress\/wp-content\/uploads\/2017\/01\/CNMC_1.png","contentUrl":"https:\/\/www.ugtcomunicaciones.es\/wordpress\/wp-content\/uploads\/2017\/01\/CNMC_1.png","width":664,"height":443,"caption":"CNMC"},{"@type":"BreadcrumbList","@id":"https:\/\/www.ugtcomunicaciones.es\/wordpress\/nota-mensual-cnmc-octubre-2017\/#breadcrumb","itemListElement":[{"@type":"ListItem","position":1,"name":"Portada","item":"https:\/\/www.ugtcomunicaciones.es\/wordpress\/"},{"@type":"ListItem","position":2,"name":"Nota mensual CNMC Octubre 2017"}]},{"@type":"WebSite","@id":"https:\/\/www.ugtcomunicaciones.es\/wordpress\/#website","url":"https:\/\/www.ugtcomunicaciones.es\/wordpress\/","name":"UGT Comunicaciones","description":"Sindicato de Telecomunicaciones","publisher":{"@id":"https:\/\/www.ugtcomunicaciones.es\/wordpress\/#organization"},"potentialAction":[{"@type":"SearchAction","target":{"@type":"EntryPoint","urlTemplate":"https:\/\/www.ugtcomunicaciones.es\/wordpress\/?s={search_term_string}"},"query-input":{"@type":"PropertyValueSpecification","valueRequired":true,"valueName":"search_term_string"}}],"inLanguage":"es"},{"@type":"Organization","@id":"https:\/\/www.ugtcomunicaciones.es\/wordpress\/#organization","name":"UGT Comunicaciones","url":"https:\/\/www.ugtcomunicaciones.es\/wordpress\/","logo":{"@type":"ImageObject","inLanguage":"es","@id":"https:\/\/www.ugtcomunicaciones.es\/wordpress\/#\/schema\/logo\/image\/","url":"https:\/\/www.ugtcomunicaciones.es\/wordpress\/wp-content\/uploads\/2024\/04\/comunicaciones_logo.png","contentUrl":"https:\/\/www.ugtcomunicaciones.es\/wordpress\/wp-content\/uploads\/2024\/04\/comunicaciones_logo.png","width":298,"height":81,"caption":"UGT Comunicaciones"},"image":{"@id":"https:\/\/www.ugtcomunicaciones.es\/wordpress\/#\/schema\/logo\/image\/"},"sameAs":["https:\/\/www.facebook.com\/ugt.comunicaciones\/","https:\/\/x.com\/ugtcom"]},{"@type":"Person","@id":"https:\/\/www.ugtcomunicaciones.es\/wordpress\/#\/schema\/person\/eba0fc3fe5b444531d94d4368cba89ed","name":"UGT","image":{"@type":"ImageObject","inLanguage":"es","@id":"https:\/\/secure.gravatar.com\/avatar\/2a16057d620a4c646bcfc171c4f23030879ebbdd346f0525bd5d4a564e57e13d?s=96&d=mm&r=g","url":"https:\/\/secure.gravatar.com\/avatar\/2a16057d620a4c646bcfc171c4f23030879ebbdd346f0525bd5d4a564e57e13d?s=96&d=mm&r=g","contentUrl":"https:\/\/secure.gravatar.com\/avatar\/2a16057d620a4c646bcfc171c4f23030879ebbdd346f0525bd5d4a564e57e13d?s=96&d=mm&r=g","caption":"UGT"}}]}},"_links":{"self":[{"href":"https:\/\/www.ugtcomunicaciones.es\/wordpress\/wp-json\/wp\/v2\/posts\/86311","targetHints":{"allow":["GET"]}}],"collection":[{"href":"https:\/\/www.ugtcomunicaciones.es\/wordpress\/wp-json\/wp\/v2\/posts"}],"about":[{"href":"https:\/\/www.ugtcomunicaciones.es\/wordpress\/wp-json\/wp\/v2\/types\/post"}],"author":[{"embeddable":true,"href":"https:\/\/www.ugtcomunicaciones.es\/wordpress\/wp-json\/wp\/v2\/users\/3"}],"replies":[{"embeddable":true,"href":"https:\/\/www.ugtcomunicaciones.es\/wordpress\/wp-json\/wp\/v2\/comments?post=86311"}],"version-history":[{"count":0,"href":"https:\/\/www.ugtcomunicaciones.es\/wordpress\/wp-json\/wp\/v2\/posts\/86311\/revisions"}],"wp:featuredmedia":[{"embeddable":true,"href":"https:\/\/www.ugtcomunicaciones.es\/wordpress\/wp-json\/wp\/v2\/media\/645"}],"wp:attachment":[{"href":"https:\/\/www.ugtcomunicaciones.es\/wordpress\/wp-json\/wp\/v2\/media?parent=86311"}],"wp:term":[{"taxonomy":"category","embeddable":true,"href":"https:\/\/www.ugtcomunicaciones.es\/wordpress\/wp-json\/wp\/v2\/categories?post=86311"},{"taxonomy":"post_tag","embeddable":true,"href":"https:\/\/www.ugtcomunicaciones.es\/wordpress\/wp-json\/wp\/v2\/tags?post=86311"}],"curies":[{"name":"wp","href":"https:\/\/api.w.org\/{rel}","templated":true}]}}