{"id":89169,"date":"2018-01-09T11:13:37","date_gmt":"2018-01-09T09:13:37","guid":{"rendered":"http:\/\/ugtcomunicaciones.es\/wordpress\/?p=89169"},"modified":"2018-01-09T11:16:30","modified_gmt":"2018-01-09T09:16:30","slug":"seguro-medico-2018","status":"publish","type":"post","link":"https:\/\/www.ugtcomunicaciones.es\/wordpress\/seguro-medico-2018\/","title":{"rendered":"Seguro M\u00e9dico 2018"},"content":{"rendered":"<p style=\"text-align: justify;\">Como ya conoc\u00e9is \u00a0uno de los \u00a0acuerdos y \u00a0beneficios \u00a0de firmar \u00a0la \u00a0pr\u00f3rroga para este a\u00f1o \u00a02018, \u00a0prorroga\u00a0 firmada \u00a0\u00fanicamente \u00a0por \u00a0<span style=\"color: #ff0000;\"><strong>UGT<\/strong><\/span>, \u00a0ha \u00a0sido \u00a0el \u00a0conseguir \u00a0que \u00a0los empleados y\u00a0 empleadas de Telyco, pudieran seguir benefici\u00e1ndose del acuerdo entre Telyco \u00a0y\u00a0\u00a0 Antares, \u00a0para \u00a0suscribir \u00a0el \u00a0seguro \u00a0m\u00e9dico \u00a0colectivo, \u00a0consiguiendo \u00a0que \u00a0la empresa siga subvencionando 220\u20ac,\u00a0 \u00a0por \u00a0empleado al a\u00f1o, que \u00a0tendr\u00e1\u00a0 \u00a0la consideraci\u00f3n \u00a0de retribuci\u00f3n \u00a0en especie \u00a0y est\u00e1n exentos de tributaci\u00f3n \u00a0y \u00a0no afecta \u00a0en la \u00a0cotizaci\u00f3n \u00a0a la \u00a0seguridad \u00a0social.\u00a0\u00a0 \u00a0La \u00a0aportaci\u00f3n \u00a0del \u00a0empleado \u00a0ser\u00e1\u00a0 de 250,23 \u20ac descont\u00e1ndose\u00a0 20.85 \u00a0\u20ac al \u00a0mes \u00a0de la \u00a0n\u00f3mina, \u00a0mediante \u00a0el \u00a0plan \u00a0de compensaci\u00f3n flexible que no est\u00e1 sujeta a retenci\u00f3n.<\/p>\n<p style=\"text-align: justify;\">Una novedad \u00a0que \u00a0incorpora \u00a0la \u00a0pr\u00f3rroga es, que adem\u00e1s para este <strong>a\u00f1o \u00a02018, \u00a0el empleado podr\u00e1 incluir dentro de la p\u00f3liza de salud a sus familiares, c\u00f3nyuge o pareja de hecho e hijos hasta 26 a\u00f1os de edad<\/strong>, siendo \u00a0esto una facilidad, \u00a0para que \u00a0los\u00a0 \u00a0familiares\u00a0 \u00a0a \u00a0cargo \u00a0del\u00a0\u00a0 empleado,\u00a0 \u00a0puedan \u00a0contratarla\u00a0 \u00a0en \u00a0las\u00a0 \u00a0mismas condiciones que una p\u00f3liza colectiva, lo que supone que no se establezcan periodos de carencia \u00a0para disfrutar \u00a0del \u00a0100% de las \u00a0coberturas, ni ex\u00e1menes m\u00e9dicos \u00a0previos, \u00a0a un precio de 39,19\u20ac por cada uno de los incorporados a la p\u00f3liza.<\/p>\n<p style=\"text-align: justify;\"><span style=\"color: #ff0000;\"><strong>UGT<\/strong><\/span>\u00a0\u00a0\u00a0 \u00a0informa\u00a0 que el \u00a0plazo \u00a0para realizar \u00a0la \u00a0solicitud\u00a0 del\u00a0 Seguro M\u00e9dico con \u00a0Antares para este a\u00f1o 2018, acordado con la pr\u00f3rroga del convenio colectivo se ha ampliado \u00a0y <strong><u>acaba el pr\u00f3ximo d\u00eda 10 de enero.<\/u><\/strong><\/p>\n<p style=\"text-align: justify;\">Para cursar la solicitud os deb\u00e9is de poner en contacto con Recursos Humanos, con beneficios<a href=\"mailto:sociales@telefonica.es\">.sociales@telefonica.es<\/a> o bien al tel\u00e9fono 91 395 62 37.<\/p>\n<p style=\"text-align: justify;\">Todos\u00a0 aquellos \u00a0trabajadores y \u00a0trabajadoras \u00a0que no lo \u00a0suscriban \u00a0en el \u00a0plazo \u00a0antes mencionado no podr\u00e1n realizarlo durante el transcurso del a\u00f1o 2018.<\/p>\n<p style=\"text-align: justify;\"><strong><span style=\"color: #ff0000;\">UGT<\/span><\/strong>,\u00a0 \u00a0pone \u00a0a \u00a0vuestra \u00a0disposici\u00f3n\u00a0 \u00a0en \u00a0su \u00a0web \u00a0\u00a0<a href=\"http:\/\/www.ugt-telyco.org\/seguro-\">http:\/\/www.ugt-telyco.org\/seguro-<\/a> <u>m<\/u><u>e<\/u><u>d<\/u><u>i<\/u><u>c<\/u><u>o<\/u><u>\/<\/u> \u00a0los \u00a0Cuadros M\u00e9dicos \u00a0de Antares \u00a0por provincia, \u00a0con el \u00a0fin, de \u00a0que \u00a0todos \u00a0y todas \u00a0los \u00a0trabajadores \u00a0y\u00a0 \u00a0trabajadoras \u00a0que \u00a0se \u00a0hayan\u00a0 adherido \u00a0al \u00a0Seguro \u00a0M\u00e9dico, puedan \u00a0consultar \u00a0el \u00a0cuadro \u00a0m\u00e9dico \u00a0disponible \u00a0en \u00a0la \u00a0provincia \u00a0en \u00a0la \u00a0que\u00a0 residen, asimismo \u00a0<strong><span style=\"color: #ff0000;\">UGT<\/span><\/strong>, \u00a0se \u00a0pone a \u00a0disposici\u00f3n\u00a0\u00a0 de \u00a0todos \u00a0y\u00a0 \u00a0todas \u00a0los \u00a0trabajadores \u00a0y\u00a0 \u00a0las trabajadoras de TELYCO, \u00a0para resolver \u00a0cualquier \u00a0duda y\/o \u00a0consulta \u00a0que pueda surgir sobre este\u00a0 tema o \u00a0sobre el \u00a0contenido \u00a0de la \u00a0prorroga del \u00a0convenio \u00a0colectivo \u00a0en el tel\u00e9fono 91 395 60 86 o a trav\u00e9s de su direcci\u00f3n de correo \u00a0<a href=\"mailto:ugt@ugt-telyco.org\">ugt@ugt-telyco.org<\/a>.<\/p>\n","protected":false},"excerpt":{"rendered":"<p>Como ya conoc\u00e9is \u00a0uno de los \u00a0acuerdos y \u00a0beneficios \u00a0de firmar \u00a0la \u00a0pr\u00f3rroga para este a\u00f1o \u00a02018, \u00a0prorroga\u00a0 firmada \u00a0\u00fanicamente \u00a0por \u00a0UGT, \u00a0ha \u00a0sido \u00a0el \u00a0conseguir \u00a0que \u00a0los empleados y\u00a0 empleadas de Telyco, pudieran seguir benefici\u00e1ndose del acuerdo entre Telyco \u00a0y\u00a0\u00a0 Antares, \u00a0para \u00a0suscribir \u00a0el \u00a0seguro \u00a0m\u00e9dico \u00a0colectivo, \u00a0consiguiendo \u00a0que \u00a0la empresa siga subvencionando 220\u20ac,\u00a0 [&hellip;]<\/p>\n","protected":false},"author":3,"featured_media":89180,"comment_status":"closed","ping_status":"closed","sticky":false,"template":"","format":"standard","meta":{"footnotes":""},"categories":[37,31],"tags":[],"class_list":["post-89169","post","type-post","status-publish","format-standard","has-post-thumbnail","hentry","category-telyco-telyco","category-telyco"],"yoast_head":"<!-- This site is optimized with the Yoast SEO Premium plugin v27.3 (Yoast SEO v27.4) - https:\/\/yoast.com\/product\/yoast-seo-premium-wordpress\/ -->\n<title>Seguro M\u00e9dico 2018 - UGT Comunicaciones<\/title>\n<meta name=\"robots\" content=\"index, follow, max-snippet:-1, max-image-preview:large, max-video-preview:-1\" \/>\n<link rel=\"canonical\" href=\"https:\/\/www.ugtcomunicaciones.es\/wordpress\/seguro-medico-2018\/\" \/>\n<meta property=\"og:locale\" content=\"es_ES\" \/>\n<meta property=\"og:type\" content=\"article\" \/>\n<meta property=\"og:title\" content=\"Seguro M\u00e9dico 2018\" \/>\n<meta property=\"og:description\" content=\"Como ya conoc\u00e9is \u00a0uno de los \u00a0acuerdos y \u00a0beneficios \u00a0de firmar \u00a0la \u00a0pr\u00f3rroga para este a\u00f1o \u00a02018, \u00a0prorroga\u00a0 firmada \u00a0\u00fanicamente \u00a0por \u00a0UGT, \u00a0ha \u00a0sido \u00a0el \u00a0conseguir \u00a0que \u00a0los empleados y\u00a0 empleadas de Telyco, pudieran seguir benefici\u00e1ndose del acuerdo entre Telyco \u00a0y\u00a0\u00a0 Antares, \u00a0para \u00a0suscribir \u00a0el \u00a0seguro \u00a0m\u00e9dico \u00a0colectivo, \u00a0consiguiendo \u00a0que \u00a0la empresa siga subvencionando 220\u20ac,\u00a0 [&hellip;]\" \/>\n<meta property=\"og:url\" content=\"https:\/\/www.ugtcomunicaciones.es\/wordpress\/seguro-medico-2018\/\" \/>\n<meta property=\"og:site_name\" content=\"UGT Comunicaciones\" \/>\n<meta property=\"article:publisher\" content=\"https:\/\/www.facebook.com\/ugt.comunicaciones\/\" \/>\n<meta property=\"article:published_time\" content=\"2018-01-09T09:13:37+00:00\" \/>\n<meta property=\"article:modified_time\" content=\"2018-01-09T09:16:30+00:00\" \/>\n<meta property=\"og:image\" content=\"https:\/\/www.ugtcomunicaciones.es\/wordpress\/wp-content\/uploads\/2018\/01\/seguro-medico-antares.jpg\" \/>\n\t<meta property=\"og:image:width\" content=\"600\" \/>\n\t<meta property=\"og:image:height\" content=\"400\" \/>\n\t<meta property=\"og:image:type\" content=\"image\/jpeg\" \/>\n<meta name=\"author\" content=\"UGT\" \/>\n<meta name=\"twitter:card\" content=\"summary_large_image\" \/>\n<meta name=\"twitter:creator\" content=\"@ugtcom\" \/>\n<meta name=\"twitter:site\" content=\"@ugtcom\" \/>\n<meta name=\"twitter:label1\" content=\"Escrito por\" \/>\n\t<meta name=\"twitter:data1\" content=\"UGT\" \/>\n\t<meta name=\"twitter:label2\" content=\"Tiempo de lectura\" \/>\n\t<meta name=\"twitter:data2\" content=\"2 minutos\" \/>\n<script type=\"application\/ld+json\" class=\"yoast-schema-graph\">{\"@context\":\"https:\\\/\\\/schema.org\",\"@graph\":[{\"@type\":\"Article\",\"@id\":\"https:\\\/\\\/www.ugtcomunicaciones.es\\\/wordpress\\\/seguro-medico-2018\\\/#article\",\"isPartOf\":{\"@id\":\"https:\\\/\\\/www.ugtcomunicaciones.es\\\/wordpress\\\/seguro-medico-2018\\\/\"},\"author\":{\"name\":\"UGT\",\"@id\":\"https:\\\/\\\/www.ugtcomunicaciones.es\\\/wordpress\\\/#\\\/schema\\\/person\\\/eba0fc3fe5b444531d94d4368cba89ed\"},\"headline\":\"Seguro M\u00e9dico 2018\",\"datePublished\":\"2018-01-09T09:13:37+00:00\",\"dateModified\":\"2018-01-09T09:16:30+00:00\",\"mainEntityOfPage\":{\"@id\":\"https:\\\/\\\/www.ugtcomunicaciones.es\\\/wordpress\\\/seguro-medico-2018\\\/\"},\"wordCount\":431,\"publisher\":{\"@id\":\"https:\\\/\\\/www.ugtcomunicaciones.es\\\/wordpress\\\/#organization\"},\"image\":{\"@id\":\"https:\\\/\\\/www.ugtcomunicaciones.es\\\/wordpress\\\/seguro-medico-2018\\\/#primaryimage\"},\"thumbnailUrl\":\"https:\\\/\\\/www.ugtcomunicaciones.es\\\/wordpress\\\/wp-content\\\/uploads\\\/2018\\\/01\\\/seguro-medico-antares.jpg\",\"articleSection\":[\"Telyco\",\"Telyco\"],\"inLanguage\":\"es\"},{\"@type\":\"WebPage\",\"@id\":\"https:\\\/\\\/www.ugtcomunicaciones.es\\\/wordpress\\\/seguro-medico-2018\\\/\",\"url\":\"https:\\\/\\\/www.ugtcomunicaciones.es\\\/wordpress\\\/seguro-medico-2018\\\/\",\"name\":\"Seguro M\u00e9dico 2018 - UGT Comunicaciones\",\"isPartOf\":{\"@id\":\"https:\\\/\\\/www.ugtcomunicaciones.es\\\/wordpress\\\/#website\"},\"primaryImageOfPage\":{\"@id\":\"https:\\\/\\\/www.ugtcomunicaciones.es\\\/wordpress\\\/seguro-medico-2018\\\/#primaryimage\"},\"image\":{\"@id\":\"https:\\\/\\\/www.ugtcomunicaciones.es\\\/wordpress\\\/seguro-medico-2018\\\/#primaryimage\"},\"thumbnailUrl\":\"https:\\\/\\\/www.ugtcomunicaciones.es\\\/wordpress\\\/wp-content\\\/uploads\\\/2018\\\/01\\\/seguro-medico-antares.jpg\",\"datePublished\":\"2018-01-09T09:13:37+00:00\",\"dateModified\":\"2018-01-09T09:16:30+00:00\",\"breadcrumb\":{\"@id\":\"https:\\\/\\\/www.ugtcomunicaciones.es\\\/wordpress\\\/seguro-medico-2018\\\/#breadcrumb\"},\"inLanguage\":\"es\",\"potentialAction\":[{\"@type\":\"ReadAction\",\"target\":[\"https:\\\/\\\/www.ugtcomunicaciones.es\\\/wordpress\\\/seguro-medico-2018\\\/\"]}]},{\"@type\":\"ImageObject\",\"inLanguage\":\"es\",\"@id\":\"https:\\\/\\\/www.ugtcomunicaciones.es\\\/wordpress\\\/seguro-medico-2018\\\/#primaryimage\",\"url\":\"https:\\\/\\\/www.ugtcomunicaciones.es\\\/wordpress\\\/wp-content\\\/uploads\\\/2018\\\/01\\\/seguro-medico-antares.jpg\",\"contentUrl\":\"https:\\\/\\\/www.ugtcomunicaciones.es\\\/wordpress\\\/wp-content\\\/uploads\\\/2018\\\/01\\\/seguro-medico-antares.jpg\",\"width\":600,\"height\":400},{\"@type\":\"BreadcrumbList\",\"@id\":\"https:\\\/\\\/www.ugtcomunicaciones.es\\\/wordpress\\\/seguro-medico-2018\\\/#breadcrumb\",\"itemListElement\":[{\"@type\":\"ListItem\",\"position\":1,\"name\":\"Portada\",\"item\":\"https:\\\/\\\/www.ugtcomunicaciones.es\\\/wordpress\\\/\"},{\"@type\":\"ListItem\",\"position\":2,\"name\":\"Seguro M\u00e9dico 2018\"}]},{\"@type\":\"WebSite\",\"@id\":\"https:\\\/\\\/www.ugtcomunicaciones.es\\\/wordpress\\\/#website\",\"url\":\"https:\\\/\\\/www.ugtcomunicaciones.es\\\/wordpress\\\/\",\"name\":\"UGT Comunicaciones\",\"description\":\"Sindicato de Telecomunicaciones\",\"publisher\":{\"@id\":\"https:\\\/\\\/www.ugtcomunicaciones.es\\\/wordpress\\\/#organization\"},\"potentialAction\":[{\"@type\":\"SearchAction\",\"target\":{\"@type\":\"EntryPoint\",\"urlTemplate\":\"https:\\\/\\\/www.ugtcomunicaciones.es\\\/wordpress\\\/?s={search_term_string}\"},\"query-input\":{\"@type\":\"PropertyValueSpecification\",\"valueRequired\":true,\"valueName\":\"search_term_string\"}}],\"inLanguage\":\"es\"},{\"@type\":\"Organization\",\"@id\":\"https:\\\/\\\/www.ugtcomunicaciones.es\\\/wordpress\\\/#organization\",\"name\":\"UGT Comunicaciones\",\"url\":\"https:\\\/\\\/www.ugtcomunicaciones.es\\\/wordpress\\\/\",\"logo\":{\"@type\":\"ImageObject\",\"inLanguage\":\"es\",\"@id\":\"https:\\\/\\\/www.ugtcomunicaciones.es\\\/wordpress\\\/#\\\/schema\\\/logo\\\/image\\\/\",\"url\":\"https:\\\/\\\/www.ugtcomunicaciones.es\\\/wordpress\\\/wp-content\\\/uploads\\\/2024\\\/04\\\/comunicaciones_logo.png\",\"contentUrl\":\"https:\\\/\\\/www.ugtcomunicaciones.es\\\/wordpress\\\/wp-content\\\/uploads\\\/2024\\\/04\\\/comunicaciones_logo.png\",\"width\":298,\"height\":81,\"caption\":\"UGT Comunicaciones\"},\"image\":{\"@id\":\"https:\\\/\\\/www.ugtcomunicaciones.es\\\/wordpress\\\/#\\\/schema\\\/logo\\\/image\\\/\"},\"sameAs\":[\"https:\\\/\\\/www.facebook.com\\\/ugt.comunicaciones\\\/\",\"https:\\\/\\\/x.com\\\/ugtcom\"]},{\"@type\":\"Person\",\"@id\":\"https:\\\/\\\/www.ugtcomunicaciones.es\\\/wordpress\\\/#\\\/schema\\\/person\\\/eba0fc3fe5b444531d94d4368cba89ed\",\"name\":\"UGT\",\"image\":{\"@type\":\"ImageObject\",\"inLanguage\":\"es\",\"@id\":\"https:\\\/\\\/secure.gravatar.com\\\/avatar\\\/2a16057d620a4c646bcfc171c4f23030879ebbdd346f0525bd5d4a564e57e13d?s=96&d=mm&r=g\",\"url\":\"https:\\\/\\\/secure.gravatar.com\\\/avatar\\\/2a16057d620a4c646bcfc171c4f23030879ebbdd346f0525bd5d4a564e57e13d?s=96&d=mm&r=g\",\"contentUrl\":\"https:\\\/\\\/secure.gravatar.com\\\/avatar\\\/2a16057d620a4c646bcfc171c4f23030879ebbdd346f0525bd5d4a564e57e13d?s=96&d=mm&r=g\",\"caption\":\"UGT\"}}]}<\/script>\n<!-- \/ Yoast SEO Premium plugin. -->","yoast_head_json":{"title":"Seguro M\u00e9dico 2018 - UGT Comunicaciones","robots":{"index":"index","follow":"follow","max-snippet":"max-snippet:-1","max-image-preview":"max-image-preview:large","max-video-preview":"max-video-preview:-1"},"canonical":"https:\/\/www.ugtcomunicaciones.es\/wordpress\/seguro-medico-2018\/","og_locale":"es_ES","og_type":"article","og_title":"Seguro M\u00e9dico 2018","og_description":"Como ya conoc\u00e9is \u00a0uno de los \u00a0acuerdos y \u00a0beneficios \u00a0de firmar \u00a0la \u00a0pr\u00f3rroga para este a\u00f1o \u00a02018, \u00a0prorroga\u00a0 firmada \u00a0\u00fanicamente \u00a0por \u00a0UGT, \u00a0ha \u00a0sido \u00a0el \u00a0conseguir \u00a0que \u00a0los empleados y\u00a0 empleadas de Telyco, pudieran seguir benefici\u00e1ndose del acuerdo entre Telyco \u00a0y\u00a0\u00a0 Antares, \u00a0para \u00a0suscribir \u00a0el \u00a0seguro \u00a0m\u00e9dico \u00a0colectivo, \u00a0consiguiendo \u00a0que \u00a0la empresa siga subvencionando 220\u20ac,\u00a0 [&hellip;]","og_url":"https:\/\/www.ugtcomunicaciones.es\/wordpress\/seguro-medico-2018\/","og_site_name":"UGT Comunicaciones","article_publisher":"https:\/\/www.facebook.com\/ugt.comunicaciones\/","article_published_time":"2018-01-09T09:13:37+00:00","article_modified_time":"2018-01-09T09:16:30+00:00","og_image":[{"width":600,"height":400,"url":"https:\/\/www.ugtcomunicaciones.es\/wordpress\/wp-content\/uploads\/2018\/01\/seguro-medico-antares.jpg","type":"image\/jpeg"}],"author":"UGT","twitter_card":"summary_large_image","twitter_creator":"@ugtcom","twitter_site":"@ugtcom","twitter_misc":{"Escrito por":"UGT","Tiempo de lectura":"2 minutos"},"schema":{"@context":"https:\/\/schema.org","@graph":[{"@type":"Article","@id":"https:\/\/www.ugtcomunicaciones.es\/wordpress\/seguro-medico-2018\/#article","isPartOf":{"@id":"https:\/\/www.ugtcomunicaciones.es\/wordpress\/seguro-medico-2018\/"},"author":{"name":"UGT","@id":"https:\/\/www.ugtcomunicaciones.es\/wordpress\/#\/schema\/person\/eba0fc3fe5b444531d94d4368cba89ed"},"headline":"Seguro M\u00e9dico 2018","datePublished":"2018-01-09T09:13:37+00:00","dateModified":"2018-01-09T09:16:30+00:00","mainEntityOfPage":{"@id":"https:\/\/www.ugtcomunicaciones.es\/wordpress\/seguro-medico-2018\/"},"wordCount":431,"publisher":{"@id":"https:\/\/www.ugtcomunicaciones.es\/wordpress\/#organization"},"image":{"@id":"https:\/\/www.ugtcomunicaciones.es\/wordpress\/seguro-medico-2018\/#primaryimage"},"thumbnailUrl":"https:\/\/www.ugtcomunicaciones.es\/wordpress\/wp-content\/uploads\/2018\/01\/seguro-medico-antares.jpg","articleSection":["Telyco","Telyco"],"inLanguage":"es"},{"@type":"WebPage","@id":"https:\/\/www.ugtcomunicaciones.es\/wordpress\/seguro-medico-2018\/","url":"https:\/\/www.ugtcomunicaciones.es\/wordpress\/seguro-medico-2018\/","name":"Seguro M\u00e9dico 2018 - UGT Comunicaciones","isPartOf":{"@id":"https:\/\/www.ugtcomunicaciones.es\/wordpress\/#website"},"primaryImageOfPage":{"@id":"https:\/\/www.ugtcomunicaciones.es\/wordpress\/seguro-medico-2018\/#primaryimage"},"image":{"@id":"https:\/\/www.ugtcomunicaciones.es\/wordpress\/seguro-medico-2018\/#primaryimage"},"thumbnailUrl":"https:\/\/www.ugtcomunicaciones.es\/wordpress\/wp-content\/uploads\/2018\/01\/seguro-medico-antares.jpg","datePublished":"2018-01-09T09:13:37+00:00","dateModified":"2018-01-09T09:16:30+00:00","breadcrumb":{"@id":"https:\/\/www.ugtcomunicaciones.es\/wordpress\/seguro-medico-2018\/#breadcrumb"},"inLanguage":"es","potentialAction":[{"@type":"ReadAction","target":["https:\/\/www.ugtcomunicaciones.es\/wordpress\/seguro-medico-2018\/"]}]},{"@type":"ImageObject","inLanguage":"es","@id":"https:\/\/www.ugtcomunicaciones.es\/wordpress\/seguro-medico-2018\/#primaryimage","url":"https:\/\/www.ugtcomunicaciones.es\/wordpress\/wp-content\/uploads\/2018\/01\/seguro-medico-antares.jpg","contentUrl":"https:\/\/www.ugtcomunicaciones.es\/wordpress\/wp-content\/uploads\/2018\/01\/seguro-medico-antares.jpg","width":600,"height":400},{"@type":"BreadcrumbList","@id":"https:\/\/www.ugtcomunicaciones.es\/wordpress\/seguro-medico-2018\/#breadcrumb","itemListElement":[{"@type":"ListItem","position":1,"name":"Portada","item":"https:\/\/www.ugtcomunicaciones.es\/wordpress\/"},{"@type":"ListItem","position":2,"name":"Seguro M\u00e9dico 2018"}]},{"@type":"WebSite","@id":"https:\/\/www.ugtcomunicaciones.es\/wordpress\/#website","url":"https:\/\/www.ugtcomunicaciones.es\/wordpress\/","name":"UGT Comunicaciones","description":"Sindicato de Telecomunicaciones","publisher":{"@id":"https:\/\/www.ugtcomunicaciones.es\/wordpress\/#organization"},"potentialAction":[{"@type":"SearchAction","target":{"@type":"EntryPoint","urlTemplate":"https:\/\/www.ugtcomunicaciones.es\/wordpress\/?s={search_term_string}"},"query-input":{"@type":"PropertyValueSpecification","valueRequired":true,"valueName":"search_term_string"}}],"inLanguage":"es"},{"@type":"Organization","@id":"https:\/\/www.ugtcomunicaciones.es\/wordpress\/#organization","name":"UGT Comunicaciones","url":"https:\/\/www.ugtcomunicaciones.es\/wordpress\/","logo":{"@type":"ImageObject","inLanguage":"es","@id":"https:\/\/www.ugtcomunicaciones.es\/wordpress\/#\/schema\/logo\/image\/","url":"https:\/\/www.ugtcomunicaciones.es\/wordpress\/wp-content\/uploads\/2024\/04\/comunicaciones_logo.png","contentUrl":"https:\/\/www.ugtcomunicaciones.es\/wordpress\/wp-content\/uploads\/2024\/04\/comunicaciones_logo.png","width":298,"height":81,"caption":"UGT Comunicaciones"},"image":{"@id":"https:\/\/www.ugtcomunicaciones.es\/wordpress\/#\/schema\/logo\/image\/"},"sameAs":["https:\/\/www.facebook.com\/ugt.comunicaciones\/","https:\/\/x.com\/ugtcom"]},{"@type":"Person","@id":"https:\/\/www.ugtcomunicaciones.es\/wordpress\/#\/schema\/person\/eba0fc3fe5b444531d94d4368cba89ed","name":"UGT","image":{"@type":"ImageObject","inLanguage":"es","@id":"https:\/\/secure.gravatar.com\/avatar\/2a16057d620a4c646bcfc171c4f23030879ebbdd346f0525bd5d4a564e57e13d?s=96&d=mm&r=g","url":"https:\/\/secure.gravatar.com\/avatar\/2a16057d620a4c646bcfc171c4f23030879ebbdd346f0525bd5d4a564e57e13d?s=96&d=mm&r=g","contentUrl":"https:\/\/secure.gravatar.com\/avatar\/2a16057d620a4c646bcfc171c4f23030879ebbdd346f0525bd5d4a564e57e13d?s=96&d=mm&r=g","caption":"UGT"}}]}},"_links":{"self":[{"href":"https:\/\/www.ugtcomunicaciones.es\/wordpress\/wp-json\/wp\/v2\/posts\/89169","targetHints":{"allow":["GET"]}}],"collection":[{"href":"https:\/\/www.ugtcomunicaciones.es\/wordpress\/wp-json\/wp\/v2\/posts"}],"about":[{"href":"https:\/\/www.ugtcomunicaciones.es\/wordpress\/wp-json\/wp\/v2\/types\/post"}],"author":[{"embeddable":true,"href":"https:\/\/www.ugtcomunicaciones.es\/wordpress\/wp-json\/wp\/v2\/users\/3"}],"replies":[{"embeddable":true,"href":"https:\/\/www.ugtcomunicaciones.es\/wordpress\/wp-json\/wp\/v2\/comments?post=89169"}],"version-history":[{"count":0,"href":"https:\/\/www.ugtcomunicaciones.es\/wordpress\/wp-json\/wp\/v2\/posts\/89169\/revisions"}],"wp:featuredmedia":[{"embeddable":true,"href":"https:\/\/www.ugtcomunicaciones.es\/wordpress\/wp-json\/wp\/v2\/media\/89180"}],"wp:attachment":[{"href":"https:\/\/www.ugtcomunicaciones.es\/wordpress\/wp-json\/wp\/v2\/media?parent=89169"}],"wp:term":[{"taxonomy":"category","embeddable":true,"href":"https:\/\/www.ugtcomunicaciones.es\/wordpress\/wp-json\/wp\/v2\/categories?post=89169"},{"taxonomy":"post_tag","embeddable":true,"href":"https:\/\/www.ugtcomunicaciones.es\/wordpress\/wp-json\/wp\/v2\/tags?post=89169"}],"curies":[{"name":"wp","href":"https:\/\/api.w.org\/{rel}","templated":true}]}}