{"id":89232,"date":"2018-01-22T08:00:44","date_gmt":"2018-01-22T06:00:44","guid":{"rendered":"http:\/\/ugtcomunicaciones.es\/wordpress\/?p=89232"},"modified":"2018-01-09T17:15:17","modified_gmt":"2018-01-09T15:15:17","slug":"lustro-cuota-abono-congelada","status":"publish","type":"post","link":"https:\/\/www.ugtcomunicaciones.es\/wordpress\/lustro-cuota-abono-congelada\/","title":{"rendered":"Un lustro de cuota de abono congelada"},"content":{"rendered":"<p style=\"text-align: justify;\">Seg\u00fan informa la agencia Europa Press<a href=\"#_ftn1\" name=\"_ftnref1\">[1]<\/a>, Telef\u00f3nica mantendr\u00e1 congelada la cuota de abono por quinto a\u00f1o consecutivo en los 14,38 euros.<\/p>\n<p style=\"text-align: justify;\">Desde luego, la decisi\u00f3n no es sorprendente, en tanto en cuanto repite lo acaecido en los \u00faltimos ejercicios. Esta medida responde a la consolidada tendencia del mercado espa\u00f1ol en cuanto a la adopci\u00f3n de empaquetamientos de servicios, los cuales incluyen el importe del citado alquiler de l\u00ednea.<\/p>\n<p style=\"text-align: justify;\">Efectivamente, los ingresos por la cuota de l\u00ednea han ido descendiendo paulatinamente, pasando de ser una de las partidas m\u00e1s importantes a representar un importe secundario:<\/p>\n<p><img decoding=\"async\" class=\"aligncenter wp-image-89266 size-full lazyload\" data-src=\"http:\/\/ugtcomunicaciones.es\/wordpress\/wp-content\/uploads\/2018\/01\/un-lustro-1.png\" alt=\"\" width=\"660\" height=\"384\" data-srcset=\"https:\/\/www.ugtcomunicaciones.es\/wordpress\/wp-content\/uploads\/2018\/01\/un-lustro-1.png 660w, https:\/\/www.ugtcomunicaciones.es\/wordpress\/wp-content\/uploads\/2018\/01\/un-lustro-1-300x175.png 300w, https:\/\/www.ugtcomunicaciones.es\/wordpress\/wp-content\/uploads\/2018\/01\/un-lustro-1-640x372.png 640w\" data-sizes=\"(max-width: 660px) 100vw, 660px\" src=\"data:image\/svg+xml;base64,PHN2ZyB3aWR0aD0iMSIgaGVpZ2h0PSIxIiB4bWxucz0iaHR0cDovL3d3dy53My5vcmcvMjAwMC9zdmciPjwvc3ZnPg==\" style=\"--smush-placeholder-width: 660px; --smush-placeholder-aspect-ratio: 660\/384;\" \/><\/p>\n<p style=\"text-align: justify;\">Como es sabido, el principal motivo que explica esta transformaci\u00f3n es la adopci\u00f3n masiva por parte de los clientes espa\u00f1oles de las denominadas ofertas empaquetadas, cada vez con una mayor adopci\u00f3n por parte de los clientes:<\/p>\n<p><img decoding=\"async\" class=\"aligncenter wp-image-89267 size-full lazyload\" data-src=\"http:\/\/ugtcomunicaciones.es\/wordpress\/wp-content\/uploads\/2018\/01\/un-lustro-2.png\" alt=\"\" width=\"661\" height=\"531\" data-srcset=\"https:\/\/www.ugtcomunicaciones.es\/wordpress\/wp-content\/uploads\/2018\/01\/un-lustro-2.png 661w, https:\/\/www.ugtcomunicaciones.es\/wordpress\/wp-content\/uploads\/2018\/01\/un-lustro-2-300x241.png 300w, https:\/\/www.ugtcomunicaciones.es\/wordpress\/wp-content\/uploads\/2018\/01\/un-lustro-2-523x420.png 523w, https:\/\/www.ugtcomunicaciones.es\/wordpress\/wp-content\/uploads\/2018\/01\/un-lustro-2-640x514.png 640w\" data-sizes=\"(max-width: 661px) 100vw, 661px\" src=\"data:image\/svg+xml;base64,PHN2ZyB3aWR0aD0iMSIgaGVpZ2h0PSIxIiB4bWxucz0iaHR0cDovL3d3dy53My5vcmcvMjAwMC9zdmciPjwvc3ZnPg==\" style=\"--smush-placeholder-width: 661px; --smush-placeholder-aspect-ratio: 661\/531;\" \/><\/p>\n<p style=\"text-align: justify;\">Hasta el punto de que el n\u00famero de contratos con s\u00f3lo el servicio de telefon\u00eda fija ha pasado de 12,9 millones a 5,75 en menos de una d\u00e9cada:<\/p>\n<p><img decoding=\"async\" class=\"aligncenter wp-image-89268 size-full lazyload\" data-src=\"http:\/\/ugtcomunicaciones.es\/wordpress\/wp-content\/uploads\/2018\/01\/un-lustro-3.png\" alt=\"\" width=\"653\" height=\"282\" data-srcset=\"https:\/\/www.ugtcomunicaciones.es\/wordpress\/wp-content\/uploads\/2018\/01\/un-lustro-3.png 653w, https:\/\/www.ugtcomunicaciones.es\/wordpress\/wp-content\/uploads\/2018\/01\/un-lustro-3-300x130.png 300w, https:\/\/www.ugtcomunicaciones.es\/wordpress\/wp-content\/uploads\/2018\/01\/un-lustro-3-640x276.png 640w\" data-sizes=\"(max-width: 653px) 100vw, 653px\" src=\"data:image\/svg+xml;base64,PHN2ZyB3aWR0aD0iMSIgaGVpZ2h0PSIxIiB4bWxucz0iaHR0cDovL3d3dy53My5vcmcvMjAwMC9zdmciPjwvc3ZnPg==\" style=\"--smush-placeholder-width: 653px; --smush-placeholder-aspect-ratio: 653\/282;\" \/><\/p>\n<p style=\"text-align: justify;\">Esta situaci\u00f3n parece haber enterrado, definitivamente, la vieja disputa entre regulador y Telef\u00f3nica por la fijaci\u00f3n del precio de la cuota. \u00a0En muchas ocasiones hemos informando de tal pugna<a href=\"#_ftn2\" name=\"_ftnref2\">[2]<\/a>, la cual ten\u00eda car\u00e1cter anual y siempre bajo un prisma de falta absoluta de entendimiento. De hecho, la extinta CMT mantuvo su precio inalterado entre 2007 y 2012, hasta decidir su relajaci\u00f3n regulatoria a partir de 2013, que durar\u00e1, como m\u00ednimo, hasta 2018:<\/p>\n<p><img decoding=\"async\" class=\"aligncenter wp-image-89269 size-full lazyload\" data-src=\"http:\/\/ugtcomunicaciones.es\/wordpress\/wp-content\/uploads\/2018\/01\/un-lustro-4.png\" alt=\"\" width=\"674\" height=\"286\" data-srcset=\"https:\/\/www.ugtcomunicaciones.es\/wordpress\/wp-content\/uploads\/2018\/01\/un-lustro-4.png 674w, https:\/\/www.ugtcomunicaciones.es\/wordpress\/wp-content\/uploads\/2018\/01\/un-lustro-4-300x127.png 300w, https:\/\/www.ugtcomunicaciones.es\/wordpress\/wp-content\/uploads\/2018\/01\/un-lustro-4-640x272.png 640w\" data-sizes=\"(max-width: 674px) 100vw, 674px\" src=\"data:image\/svg+xml;base64,PHN2ZyB3aWR0aD0iMSIgaGVpZ2h0PSIxIiB4bWxucz0iaHR0cDovL3d3dy53My5vcmcvMjAwMC9zdmciPjwvc3ZnPg==\" style=\"--smush-placeholder-width: 674px; --smush-placeholder-aspect-ratio: 674\/286;\" \/><\/p>\n<h4 style=\"text-align: right;\"><strong><span style=\"color: #ff0000;\">UGT<\/span> Comunicaciones<\/strong><\/h4>\n<p><span style=\"font-size: xx-small;\"><br \/>\n<a href=\"#_ftnref1\" name=\"_ftn1\"><br \/>\n[1]<\/a> <a href=\"http:\/\/www.europapress.es\/economia\/macroeconomia-00338\/noticia-gas-sellos-peajes-autopistas-suben-2018-bajan-tasas-aereas-mantiene-tren-20180101095939.html\" target=\"_blank\" rel=\"noopener\">http:\/\/www.europapress.es\/economia\/macroeconomia-00338\/noticia-gas-sellos-peajes-autopistas-suben-2018-bajan-tasas-aereas-mantiene-tren-20180101095939.html<\/a><br \/>\n<a href=\"#_ftnref2\" name=\"_ftn2\">[2]<\/a> <a href=\"http:\/\/ugt-comunicaciones-madrid.es\/wp-content\/uploads\/2013\/01\/Informe-LA-CMT-CONFIRMA-LA-RELAJACION-REGULATORIA-DE-LA-CUOTA-DE-ABONO-1.pdf\" target=\"_blank\" rel=\"noopener\">http:\/\/ugt-comunicaciones-madrid.es\/wp-content\/uploads\/2013\/01\/Informe-LA-CMT-CONFIRMA-LA-RELAJACION-REGULATORIA-DE-LA-CUOTA-DE-ABONO-1.pdf<\/a><\/span><\/p>\n","protected":false},"excerpt":{"rendered":"<p>Seg\u00fan informa la agencia Europa Press[1], Telef\u00f3nica mantendr\u00e1 congelada la cuota de abono por quinto a\u00f1o consecutivo en los 14,38 euros. Desde luego, la decisi\u00f3n no es sorprendente, en tanto en cuanto repite lo acaecido en los \u00faltimos ejercicios. Esta medida responde a la consolidada tendencia del mercado espa\u00f1ol en cuanto a la adopci\u00f3n de [&hellip;]<\/p>\n","protected":false},"author":3,"featured_media":89270,"comment_status":"closed","ping_status":"closed","sticky":false,"template":"","format":"standard","meta":{"footnotes":""},"categories":[13,12],"tags":[],"class_list":["post-89232","post","type-post","status-publish","format-standard","has-post-thumbnail","hentry","category-mercado-comunicaciones","category-regulacion"],"yoast_head":"<!-- This site is optimized with the Yoast SEO Premium plugin v27.3 (Yoast SEO v27.4) - https:\/\/yoast.com\/product\/yoast-seo-premium-wordpress\/ -->\n<title>Un lustro de cuota de abono congelada - UGT Comunicaciones<\/title>\n<meta name=\"description\" content=\"Seg\u00fan informa la agencia Europa Press[1], Telef\u00f3nica mantendr\u00e1 congelada la cuota de abono por quinto a\u00f1o consecutivo en los 14,38 euros. Desde luego, la decisi\u00f3n no es sorprendente, en tanto en cuanto repite lo acaecido en los \u00faltimos ejercicios. Esta medida responde a la consolidada tendencia del mercado espa\u00f1ol...\" \/>\n<meta name=\"robots\" content=\"index, follow, max-snippet:-1, max-image-preview:large, max-video-preview:-1\" \/>\n<link rel=\"canonical\" href=\"https:\/\/www.ugtcomunicaciones.es\/wordpress\/lustro-cuota-abono-congelada\/\" \/>\n<meta property=\"og:locale\" content=\"es_ES\" \/>\n<meta property=\"og:type\" content=\"article\" \/>\n<meta property=\"og:title\" content=\"Un lustro de cuota de abono congelada\" \/>\n<meta property=\"og:description\" content=\"Seg\u00fan informa la agencia Europa Press[1], Telef\u00f3nica mantendr\u00e1 congelada la cuota de abono por quinto a\u00f1o consecutivo en los 14,38 euros. Desde luego, la decisi\u00f3n no es sorprendente, en tanto en cuanto repite lo acaecido en los \u00faltimos ejercicios. Esta medida responde a la consolidada tendencia del mercado espa\u00f1ol...\" \/>\n<meta property=\"og:url\" content=\"https:\/\/www.ugtcomunicaciones.es\/wordpress\/lustro-cuota-abono-congelada\/\" \/>\n<meta property=\"og:site_name\" content=\"UGT Comunicaciones\" \/>\n<meta property=\"article:publisher\" content=\"https:\/\/www.facebook.com\/ugt.comunicaciones\/\" \/>\n<meta property=\"article:published_time\" content=\"2018-01-22T06:00:44+00:00\" \/>\n<meta property=\"og:image\" content=\"https:\/\/www.ugtcomunicaciones.es\/wordpress\/wp-content\/uploads\/2018\/01\/telefono-antiguo-espanol-de-sobremesa-anos-50.jpg\" \/>\n\t<meta property=\"og:image:width\" content=\"600\" \/>\n\t<meta property=\"og:image:height\" content=\"600\" \/>\n\t<meta property=\"og:image:type\" content=\"image\/jpeg\" \/>\n<meta name=\"author\" content=\"UGT\" \/>\n<meta name=\"twitter:card\" content=\"summary_large_image\" \/>\n<meta name=\"twitter:creator\" content=\"@ugtcom\" \/>\n<meta name=\"twitter:site\" content=\"@ugtcom\" \/>\n<meta name=\"twitter:label1\" content=\"Escrito por\" \/>\n\t<meta name=\"twitter:data1\" content=\"UGT\" \/>\n\t<meta name=\"twitter:label2\" content=\"Tiempo de lectura\" \/>\n\t<meta name=\"twitter:data2\" content=\"1 minuto\" \/>\n<script type=\"application\/ld+json\" class=\"yoast-schema-graph\">{\"@context\":\"https:\\\/\\\/schema.org\",\"@graph\":[{\"@type\":\"Article\",\"@id\":\"https:\\\/\\\/www.ugtcomunicaciones.es\\\/wordpress\\\/lustro-cuota-abono-congelada\\\/#article\",\"isPartOf\":{\"@id\":\"https:\\\/\\\/www.ugtcomunicaciones.es\\\/wordpress\\\/lustro-cuota-abono-congelada\\\/\"},\"author\":{\"name\":\"UGT\",\"@id\":\"https:\\\/\\\/www.ugtcomunicaciones.es\\\/wordpress\\\/#\\\/schema\\\/person\\\/eba0fc3fe5b444531d94d4368cba89ed\"},\"headline\":\"Un lustro de cuota de abono congelada\",\"datePublished\":\"2018-01-22T06:00:44+00:00\",\"mainEntityOfPage\":{\"@id\":\"https:\\\/\\\/www.ugtcomunicaciones.es\\\/wordpress\\\/lustro-cuota-abono-congelada\\\/\"},\"wordCount\":272,\"publisher\":{\"@id\":\"https:\\\/\\\/www.ugtcomunicaciones.es\\\/wordpress\\\/#organization\"},\"image\":{\"@id\":\"https:\\\/\\\/www.ugtcomunicaciones.es\\\/wordpress\\\/lustro-cuota-abono-congelada\\\/#primaryimage\"},\"thumbnailUrl\":\"https:\\\/\\\/www.ugtcomunicaciones.es\\\/wordpress\\\/wp-content\\\/uploads\\\/2018\\\/01\\\/telefono-antiguo-espanol-de-sobremesa-anos-50.jpg\",\"articleSection\":[\"Mercado Comunicaciones\",\"Regulaci\u00f3n\"],\"inLanguage\":\"es\"},{\"@type\":\"WebPage\",\"@id\":\"https:\\\/\\\/www.ugtcomunicaciones.es\\\/wordpress\\\/lustro-cuota-abono-congelada\\\/\",\"url\":\"https:\\\/\\\/www.ugtcomunicaciones.es\\\/wordpress\\\/lustro-cuota-abono-congelada\\\/\",\"name\":\"Un lustro de cuota de abono congelada - UGT Comunicaciones\",\"isPartOf\":{\"@id\":\"https:\\\/\\\/www.ugtcomunicaciones.es\\\/wordpress\\\/#website\"},\"primaryImageOfPage\":{\"@id\":\"https:\\\/\\\/www.ugtcomunicaciones.es\\\/wordpress\\\/lustro-cuota-abono-congelada\\\/#primaryimage\"},\"image\":{\"@id\":\"https:\\\/\\\/www.ugtcomunicaciones.es\\\/wordpress\\\/lustro-cuota-abono-congelada\\\/#primaryimage\"},\"thumbnailUrl\":\"https:\\\/\\\/www.ugtcomunicaciones.es\\\/wordpress\\\/wp-content\\\/uploads\\\/2018\\\/01\\\/telefono-antiguo-espanol-de-sobremesa-anos-50.jpg\",\"datePublished\":\"2018-01-22T06:00:44+00:00\",\"description\":\"Seg\u00fan informa la agencia Europa Press[1], Telef\u00f3nica mantendr\u00e1 congelada la cuota de abono por quinto a\u00f1o consecutivo en los 14,38 euros. Desde luego, la decisi\u00f3n no es sorprendente, en tanto en cuanto repite lo acaecido en los \u00faltimos ejercicios. Esta medida responde a la consolidada tendencia del mercado espa\u00f1ol...\",\"breadcrumb\":{\"@id\":\"https:\\\/\\\/www.ugtcomunicaciones.es\\\/wordpress\\\/lustro-cuota-abono-congelada\\\/#breadcrumb\"},\"inLanguage\":\"es\",\"potentialAction\":[{\"@type\":\"ReadAction\",\"target\":[\"https:\\\/\\\/www.ugtcomunicaciones.es\\\/wordpress\\\/lustro-cuota-abono-congelada\\\/\"]}]},{\"@type\":\"ImageObject\",\"inLanguage\":\"es\",\"@id\":\"https:\\\/\\\/www.ugtcomunicaciones.es\\\/wordpress\\\/lustro-cuota-abono-congelada\\\/#primaryimage\",\"url\":\"https:\\\/\\\/www.ugtcomunicaciones.es\\\/wordpress\\\/wp-content\\\/uploads\\\/2018\\\/01\\\/telefono-antiguo-espanol-de-sobremesa-anos-50.jpg\",\"contentUrl\":\"https:\\\/\\\/www.ugtcomunicaciones.es\\\/wordpress\\\/wp-content\\\/uploads\\\/2018\\\/01\\\/telefono-antiguo-espanol-de-sobremesa-anos-50.jpg\",\"width\":600,\"height\":600},{\"@type\":\"BreadcrumbList\",\"@id\":\"https:\\\/\\\/www.ugtcomunicaciones.es\\\/wordpress\\\/lustro-cuota-abono-congelada\\\/#breadcrumb\",\"itemListElement\":[{\"@type\":\"ListItem\",\"position\":1,\"name\":\"Portada\",\"item\":\"https:\\\/\\\/www.ugtcomunicaciones.es\\\/wordpress\\\/\"},{\"@type\":\"ListItem\",\"position\":2,\"name\":\"Un lustro de cuota de abono congelada\"}]},{\"@type\":\"WebSite\",\"@id\":\"https:\\\/\\\/www.ugtcomunicaciones.es\\\/wordpress\\\/#website\",\"url\":\"https:\\\/\\\/www.ugtcomunicaciones.es\\\/wordpress\\\/\",\"name\":\"UGT Comunicaciones\",\"description\":\"Sindicato de Telecomunicaciones\",\"publisher\":{\"@id\":\"https:\\\/\\\/www.ugtcomunicaciones.es\\\/wordpress\\\/#organization\"},\"potentialAction\":[{\"@type\":\"SearchAction\",\"target\":{\"@type\":\"EntryPoint\",\"urlTemplate\":\"https:\\\/\\\/www.ugtcomunicaciones.es\\\/wordpress\\\/?s={search_term_string}\"},\"query-input\":{\"@type\":\"PropertyValueSpecification\",\"valueRequired\":true,\"valueName\":\"search_term_string\"}}],\"inLanguage\":\"es\"},{\"@type\":\"Organization\",\"@id\":\"https:\\\/\\\/www.ugtcomunicaciones.es\\\/wordpress\\\/#organization\",\"name\":\"UGT Comunicaciones\",\"url\":\"https:\\\/\\\/www.ugtcomunicaciones.es\\\/wordpress\\\/\",\"logo\":{\"@type\":\"ImageObject\",\"inLanguage\":\"es\",\"@id\":\"https:\\\/\\\/www.ugtcomunicaciones.es\\\/wordpress\\\/#\\\/schema\\\/logo\\\/image\\\/\",\"url\":\"https:\\\/\\\/www.ugtcomunicaciones.es\\\/wordpress\\\/wp-content\\\/uploads\\\/2024\\\/04\\\/comunicaciones_logo.png\",\"contentUrl\":\"https:\\\/\\\/www.ugtcomunicaciones.es\\\/wordpress\\\/wp-content\\\/uploads\\\/2024\\\/04\\\/comunicaciones_logo.png\",\"width\":298,\"height\":81,\"caption\":\"UGT Comunicaciones\"},\"image\":{\"@id\":\"https:\\\/\\\/www.ugtcomunicaciones.es\\\/wordpress\\\/#\\\/schema\\\/logo\\\/image\\\/\"},\"sameAs\":[\"https:\\\/\\\/www.facebook.com\\\/ugt.comunicaciones\\\/\",\"https:\\\/\\\/x.com\\\/ugtcom\"]},{\"@type\":\"Person\",\"@id\":\"https:\\\/\\\/www.ugtcomunicaciones.es\\\/wordpress\\\/#\\\/schema\\\/person\\\/eba0fc3fe5b444531d94d4368cba89ed\",\"name\":\"UGT\",\"image\":{\"@type\":\"ImageObject\",\"inLanguage\":\"es\",\"@id\":\"https:\\\/\\\/secure.gravatar.com\\\/avatar\\\/2a16057d620a4c646bcfc171c4f23030879ebbdd346f0525bd5d4a564e57e13d?s=96&d=mm&r=g\",\"url\":\"https:\\\/\\\/secure.gravatar.com\\\/avatar\\\/2a16057d620a4c646bcfc171c4f23030879ebbdd346f0525bd5d4a564e57e13d?s=96&d=mm&r=g\",\"contentUrl\":\"https:\\\/\\\/secure.gravatar.com\\\/avatar\\\/2a16057d620a4c646bcfc171c4f23030879ebbdd346f0525bd5d4a564e57e13d?s=96&d=mm&r=g\",\"caption\":\"UGT\"}}]}<\/script>\n<!-- \/ Yoast SEO Premium plugin. -->","yoast_head_json":{"title":"Un lustro de cuota de abono congelada - UGT Comunicaciones","description":"Seg\u00fan informa la agencia Europa Press[1], Telef\u00f3nica mantendr\u00e1 congelada la cuota de abono por quinto a\u00f1o consecutivo en los 14,38 euros. Desde luego, la decisi\u00f3n no es sorprendente, en tanto en cuanto repite lo acaecido en los \u00faltimos ejercicios. Esta medida responde a la consolidada tendencia del mercado espa\u00f1ol...","robots":{"index":"index","follow":"follow","max-snippet":"max-snippet:-1","max-image-preview":"max-image-preview:large","max-video-preview":"max-video-preview:-1"},"canonical":"https:\/\/www.ugtcomunicaciones.es\/wordpress\/lustro-cuota-abono-congelada\/","og_locale":"es_ES","og_type":"article","og_title":"Un lustro de cuota de abono congelada","og_description":"Seg\u00fan informa la agencia Europa Press[1], Telef\u00f3nica mantendr\u00e1 congelada la cuota de abono por quinto a\u00f1o consecutivo en los 14,38 euros. Desde luego, la decisi\u00f3n no es sorprendente, en tanto en cuanto repite lo acaecido en los \u00faltimos ejercicios. Esta medida responde a la consolidada tendencia del mercado espa\u00f1ol...","og_url":"https:\/\/www.ugtcomunicaciones.es\/wordpress\/lustro-cuota-abono-congelada\/","og_site_name":"UGT Comunicaciones","article_publisher":"https:\/\/www.facebook.com\/ugt.comunicaciones\/","article_published_time":"2018-01-22T06:00:44+00:00","og_image":[{"width":600,"height":600,"url":"https:\/\/www.ugtcomunicaciones.es\/wordpress\/wp-content\/uploads\/2018\/01\/telefono-antiguo-espanol-de-sobremesa-anos-50.jpg","type":"image\/jpeg"}],"author":"UGT","twitter_card":"summary_large_image","twitter_creator":"@ugtcom","twitter_site":"@ugtcom","twitter_misc":{"Escrito por":"UGT","Tiempo de lectura":"1 minuto"},"schema":{"@context":"https:\/\/schema.org","@graph":[{"@type":"Article","@id":"https:\/\/www.ugtcomunicaciones.es\/wordpress\/lustro-cuota-abono-congelada\/#article","isPartOf":{"@id":"https:\/\/www.ugtcomunicaciones.es\/wordpress\/lustro-cuota-abono-congelada\/"},"author":{"name":"UGT","@id":"https:\/\/www.ugtcomunicaciones.es\/wordpress\/#\/schema\/person\/eba0fc3fe5b444531d94d4368cba89ed"},"headline":"Un lustro de cuota de abono congelada","datePublished":"2018-01-22T06:00:44+00:00","mainEntityOfPage":{"@id":"https:\/\/www.ugtcomunicaciones.es\/wordpress\/lustro-cuota-abono-congelada\/"},"wordCount":272,"publisher":{"@id":"https:\/\/www.ugtcomunicaciones.es\/wordpress\/#organization"},"image":{"@id":"https:\/\/www.ugtcomunicaciones.es\/wordpress\/lustro-cuota-abono-congelada\/#primaryimage"},"thumbnailUrl":"https:\/\/www.ugtcomunicaciones.es\/wordpress\/wp-content\/uploads\/2018\/01\/telefono-antiguo-espanol-de-sobremesa-anos-50.jpg","articleSection":["Mercado Comunicaciones","Regulaci\u00f3n"],"inLanguage":"es"},{"@type":"WebPage","@id":"https:\/\/www.ugtcomunicaciones.es\/wordpress\/lustro-cuota-abono-congelada\/","url":"https:\/\/www.ugtcomunicaciones.es\/wordpress\/lustro-cuota-abono-congelada\/","name":"Un lustro de cuota de abono congelada - UGT Comunicaciones","isPartOf":{"@id":"https:\/\/www.ugtcomunicaciones.es\/wordpress\/#website"},"primaryImageOfPage":{"@id":"https:\/\/www.ugtcomunicaciones.es\/wordpress\/lustro-cuota-abono-congelada\/#primaryimage"},"image":{"@id":"https:\/\/www.ugtcomunicaciones.es\/wordpress\/lustro-cuota-abono-congelada\/#primaryimage"},"thumbnailUrl":"https:\/\/www.ugtcomunicaciones.es\/wordpress\/wp-content\/uploads\/2018\/01\/telefono-antiguo-espanol-de-sobremesa-anos-50.jpg","datePublished":"2018-01-22T06:00:44+00:00","description":"Seg\u00fan informa la agencia Europa Press[1], Telef\u00f3nica mantendr\u00e1 congelada la cuota de abono por quinto a\u00f1o consecutivo en los 14,38 euros. Desde luego, la decisi\u00f3n no es sorprendente, en tanto en cuanto repite lo acaecido en los \u00faltimos ejercicios. Esta medida responde a la consolidada tendencia del mercado espa\u00f1ol...","breadcrumb":{"@id":"https:\/\/www.ugtcomunicaciones.es\/wordpress\/lustro-cuota-abono-congelada\/#breadcrumb"},"inLanguage":"es","potentialAction":[{"@type":"ReadAction","target":["https:\/\/www.ugtcomunicaciones.es\/wordpress\/lustro-cuota-abono-congelada\/"]}]},{"@type":"ImageObject","inLanguage":"es","@id":"https:\/\/www.ugtcomunicaciones.es\/wordpress\/lustro-cuota-abono-congelada\/#primaryimage","url":"https:\/\/www.ugtcomunicaciones.es\/wordpress\/wp-content\/uploads\/2018\/01\/telefono-antiguo-espanol-de-sobremesa-anos-50.jpg","contentUrl":"https:\/\/www.ugtcomunicaciones.es\/wordpress\/wp-content\/uploads\/2018\/01\/telefono-antiguo-espanol-de-sobremesa-anos-50.jpg","width":600,"height":600},{"@type":"BreadcrumbList","@id":"https:\/\/www.ugtcomunicaciones.es\/wordpress\/lustro-cuota-abono-congelada\/#breadcrumb","itemListElement":[{"@type":"ListItem","position":1,"name":"Portada","item":"https:\/\/www.ugtcomunicaciones.es\/wordpress\/"},{"@type":"ListItem","position":2,"name":"Un lustro de cuota de abono congelada"}]},{"@type":"WebSite","@id":"https:\/\/www.ugtcomunicaciones.es\/wordpress\/#website","url":"https:\/\/www.ugtcomunicaciones.es\/wordpress\/","name":"UGT Comunicaciones","description":"Sindicato de Telecomunicaciones","publisher":{"@id":"https:\/\/www.ugtcomunicaciones.es\/wordpress\/#organization"},"potentialAction":[{"@type":"SearchAction","target":{"@type":"EntryPoint","urlTemplate":"https:\/\/www.ugtcomunicaciones.es\/wordpress\/?s={search_term_string}"},"query-input":{"@type":"PropertyValueSpecification","valueRequired":true,"valueName":"search_term_string"}}],"inLanguage":"es"},{"@type":"Organization","@id":"https:\/\/www.ugtcomunicaciones.es\/wordpress\/#organization","name":"UGT Comunicaciones","url":"https:\/\/www.ugtcomunicaciones.es\/wordpress\/","logo":{"@type":"ImageObject","inLanguage":"es","@id":"https:\/\/www.ugtcomunicaciones.es\/wordpress\/#\/schema\/logo\/image\/","url":"https:\/\/www.ugtcomunicaciones.es\/wordpress\/wp-content\/uploads\/2024\/04\/comunicaciones_logo.png","contentUrl":"https:\/\/www.ugtcomunicaciones.es\/wordpress\/wp-content\/uploads\/2024\/04\/comunicaciones_logo.png","width":298,"height":81,"caption":"UGT Comunicaciones"},"image":{"@id":"https:\/\/www.ugtcomunicaciones.es\/wordpress\/#\/schema\/logo\/image\/"},"sameAs":["https:\/\/www.facebook.com\/ugt.comunicaciones\/","https:\/\/x.com\/ugtcom"]},{"@type":"Person","@id":"https:\/\/www.ugtcomunicaciones.es\/wordpress\/#\/schema\/person\/eba0fc3fe5b444531d94d4368cba89ed","name":"UGT","image":{"@type":"ImageObject","inLanguage":"es","@id":"https:\/\/secure.gravatar.com\/avatar\/2a16057d620a4c646bcfc171c4f23030879ebbdd346f0525bd5d4a564e57e13d?s=96&d=mm&r=g","url":"https:\/\/secure.gravatar.com\/avatar\/2a16057d620a4c646bcfc171c4f23030879ebbdd346f0525bd5d4a564e57e13d?s=96&d=mm&r=g","contentUrl":"https:\/\/secure.gravatar.com\/avatar\/2a16057d620a4c646bcfc171c4f23030879ebbdd346f0525bd5d4a564e57e13d?s=96&d=mm&r=g","caption":"UGT"}}]}},"_links":{"self":[{"href":"https:\/\/www.ugtcomunicaciones.es\/wordpress\/wp-json\/wp\/v2\/posts\/89232","targetHints":{"allow":["GET"]}}],"collection":[{"href":"https:\/\/www.ugtcomunicaciones.es\/wordpress\/wp-json\/wp\/v2\/posts"}],"about":[{"href":"https:\/\/www.ugtcomunicaciones.es\/wordpress\/wp-json\/wp\/v2\/types\/post"}],"author":[{"embeddable":true,"href":"https:\/\/www.ugtcomunicaciones.es\/wordpress\/wp-json\/wp\/v2\/users\/3"}],"replies":[{"embeddable":true,"href":"https:\/\/www.ugtcomunicaciones.es\/wordpress\/wp-json\/wp\/v2\/comments?post=89232"}],"version-history":[{"count":0,"href":"https:\/\/www.ugtcomunicaciones.es\/wordpress\/wp-json\/wp\/v2\/posts\/89232\/revisions"}],"wp:featuredmedia":[{"embeddable":true,"href":"https:\/\/www.ugtcomunicaciones.es\/wordpress\/wp-json\/wp\/v2\/media\/89270"}],"wp:attachment":[{"href":"https:\/\/www.ugtcomunicaciones.es\/wordpress\/wp-json\/wp\/v2\/media?parent=89232"}],"wp:term":[{"taxonomy":"category","embeddable":true,"href":"https:\/\/www.ugtcomunicaciones.es\/wordpress\/wp-json\/wp\/v2\/categories?post=89232"},{"taxonomy":"post_tag","embeddable":true,"href":"https:\/\/www.ugtcomunicaciones.es\/wordpress\/wp-json\/wp\/v2\/tags?post=89232"}],"curies":[{"name":"wp","href":"https:\/\/api.w.org\/{rel}","templated":true}]}}