{"id":89341,"date":"2018-01-22T08:00:45","date_gmt":"2018-01-22T06:00:45","guid":{"rendered":"http:\/\/ugtcomunicaciones.es\/wordpress\/?p=89341"},"modified":"2018-01-09T17:53:06","modified_gmt":"2018-01-09T15:53:06","slug":"italia-espera-recaudar-minimo-2-500-me-espectro-del-5g","status":"publish","type":"post","link":"https:\/\/www.ugtcomunicaciones.es\/wordpress\/italia-espera-recaudar-minimo-2-500-me-espectro-del-5g\/","title":{"rendered":"Italia espera recaudar un m\u00ednimo de 2.500 M\u20ac por el espectro del 5G"},"content":{"rendered":"<p style=\"text-align: justify;\">El gobierno italiano espera recaudar, al menos, 2.500 millones de euros en los pr\u00f3ximos cinco a\u00f1os por la venta del espectro inal\u00e1mbrico para futuros servicios 5G.\u00a0De hecho, incluso se especula con la cifra final pueda alcanzar los 4.000 millones, aunque la media m\u00e1s esperable se queda en 3.200<a href=\"#_ftn1\" name=\"_ftnref1\">[1]<\/a>.<\/p>\n<p style=\"text-align: justify;\"><img decoding=\"async\" class=\"size-full wp-image-75522 alignleft lazyload\" data-src=\"http:\/\/ugtcomunicaciones.es\/wordpress\/wp-content\/uploads\/2017\/12\/Italia.png\" alt=\"Italia\" width=\"248\" height=\"296\" src=\"data:image\/svg+xml;base64,PHN2ZyB3aWR0aD0iMSIgaGVpZ2h0PSIxIiB4bWxucz0iaHR0cDovL3d3dy53My5vcmcvMjAwMC9zdmciPjwvc3ZnPg==\" style=\"--smush-placeholder-width: 248px; --smush-placeholder-aspect-ratio: 248\/296;\" \/>Italia pondr\u00eda en subasta tres bandas de frecuencias para su uso sobre 5G: 700 MHz, 3,6 GHz y 27 GHz.\u00a0La cantidad que recaudar\u00eda ser\u00eda semejante a la lograda por Francia en su proceso de finales de 2015<a href=\"#_ftn2\" name=\"_ftnref2\">[2]<\/a>, cuando se hizo con 2.800 millones de euros.<\/p>\n<p style=\"text-align: justify;\">Se espera que acudan a la subasta la pr\u00e1ctica totalidad de los operadores que operan en Italia, como TIM (marca comercial de Telecom Italia), Wind, Vodafone, Fastweb u Open Fiber, filial de energ\u00e9tica Enel. Cabe recordar que Italia se encuentra sumida en una gran convulsi\u00f3n como consecuencia de las pol\u00e9micas entre Gobierno, TIM, Open Fiber y Vivendi a cuenta de las zonas blancas<a href=\"#_ftn3\" name=\"_ftnref3\">[3]<\/a>.<\/p>\n<p style=\"text-align: justify;\">El Gobierno transalpino ya hab\u00eda adelantado su plan de comenzar las pruebas del 5G en cinco ciudades italianas en los pr\u00f3ximos a\u00f1os<a href=\"#_ftn4\" name=\"_ftnref4\">[4]<\/a>.<\/p>\n<p style=\"text-align: justify;\">Con este proyecto, Italia se suma a Alemania, Francia, Holanda<a href=\"#_ftn5\" name=\"_ftnref5\">[5]<\/a> y Finlandia<a href=\"#_ftn6\" name=\"_ftnref6\">[6]<\/a> en la liberaci\u00f3n temprana del Segundo Dividendo Digital, mientras que Espa\u00f1a<a href=\"#_ftn7\" name=\"_ftnref7\">[7]<\/a> sigue esperando tiempos mejores<a href=\"#_ftn8\" name=\"_ftnref8\">[8]<\/a>. Una pena, puesto que una cantidad de dinero de esta magnitud estar\u00eda muy bien empleada para acabar con ampl\u00edsima Brecha Digital que sufre Espa\u00f1a.<\/p>\n<h3 style=\"text-align: right;\"><span style=\"color: #ff0000;\"><strong>UGT<\/strong><\/span><strong> Comunicaciones<\/strong><\/h3>\n<p><span style=\"font-size: xx-small;\"><a href=\"#_ftnref1\" name=\"_ftn1\">[1]<\/a> <a href=\"http:\/\/www.corrierecomunicazioni.it\/industria-4-0\/49392_asta-5g-25-miliardi-incasso-minimo-ma-si-punta-piu-in-alto.htm\" target=\"_blank\" rel=\"noopener\">http:\/\/www.corrierecomunicazioni.it\/industria-4-0\/49392_asta-5g-25-miliardi-incasso-minimo-ma-si-punta-piu-in-alto.htm<\/a><br \/>\n<a href=\"#_ftnref2\" name=\"_ftn2\">[2]<\/a> <a href=\"http:\/\/www.smcugt.org\/archivos\/elementos\/2016\/francia_finaliza_la_subasta_de_los_700_mhz.pdf\" target=\"_blank\" rel=\"noopener\">http:\/\/www.smcugt.org\/archivos\/elementos\/2016\/francia_finaliza_la_subasta_de_los_700_mhz.pdf<\/a><br \/>\n<a href=\"#_ftnref3\" name=\"_ftn3\">[3]<\/a> <a href=\"http:\/\/ugtcomunicaciones.es\/wordpress\/trifurca-italia-cuenta-las-zonas-blancas\/\" target=\"_blank\" rel=\"noopener\">http:\/\/ugtcomunicaciones.es\/wordpress\/trifurca-italia-cuenta-las-zonas-blancas\/<\/a><br \/>\n<a href=\"#_ftnref4\" name=\"_ftn4\">[4]<\/a> <a href=\"https:\/\/www.telegeography.com\/products\/commsupdate\/articles\/2017\/10\/20\/italy-targets-minimum-eur2-5bn-from-5g-auctions\/\" target=\"_blank\" rel=\"noopener\">https:\/\/www.telegeography.com\/products\/commsupdate\/articles\/2017\/10\/20\/italy-targets-minimum-eur2-5bn-from-5g-auctions\/<\/a><br \/>\n<a href=\"#_ftnref5\" name=\"_ftn5\">[5]<\/a> <a href=\"http:\/\/www.smcugt.org\/noticia\/francia-alemania-y-holanda-se-apresuran-a-liberar-la-banda-de-los-700mhz-id-48791.htm\" target=\"_blank\" rel=\"noopener\">http:\/\/www.smcugt.org\/noticia\/francia-alemania-y-holanda-se-apresuran-a-liberar-la-banda-de-los-700mhz-id-48791.htm<\/a><br \/>\n<a href=\"#_ftnref6\" name=\"_ftn6\">[6]<\/a> <a href=\"http:\/\/ugtcomunicaciones.es\/wordpress\/finlandia-libera-segundo-dividendo-digital\/\" target=\"_blank\" rel=\"noopener\">http:\/\/ugtcomunicaciones.es\/wordpress\/finlandia-libera-segundo-dividendo-digital\/<\/a><br \/>\n<a href=\"#_ftnref7\" name=\"_ftn7\">[7]<\/a> <a href=\"http:\/\/www.smcugt.org\/noticia\/espana-no-reacciona-y-sera-de-las-ultimas-en-liberar-el-segundo-dividendo-digital-id-52428.htm\" target=\"_blank\" rel=\"noopener\">http:\/\/www.smcugt.org\/noticia\/espana-no-reacciona-y-sera-de-las-ultimas-en-liberar-el-segundo-dividendo-digital-id-52428.htm<\/a><br \/>\n<a href=\"#_ftnref8\" name=\"_ftn8\">[8]<\/a> <a href=\"https:\/\/elpais.com\/economia\/2017\/09\/04\/actualidad\/1504523043_467267.html\" target=\"_blank\" rel=\"noopener\">https:\/\/elpais.com\/economia\/2017\/09\/04\/actualidad\/1504523043_467267.html<\/a><\/span><\/p>\n","protected":false},"excerpt":{"rendered":"<p>El gobierno italiano espera recaudar, al menos, 2.500 millones de euros en los pr\u00f3ximos cinco a\u00f1os por la venta del espectro inal\u00e1mbrico para futuros servicios 5G.\u00a0De hecho, incluso se especula con la cifra final pueda alcanzar los 4.000 millones, aunque la media m\u00e1s esperable se queda en 3.200[1]. Italia pondr\u00eda en subasta tres bandas de [&hellip;]<\/p>\n","protected":false},"author":3,"featured_media":89353,"comment_status":"closed","ping_status":"closed","sticky":false,"template":"","format":"standard","meta":{"footnotes":""},"categories":[15,12],"tags":[],"class_list":["post-89341","post","type-post","status-publish","format-standard","has-post-thumbnail","hentry","category-competencia","category-regulacion"],"yoast_head":"<!-- This site is optimized with the Yoast SEO Premium plugin v27.3 (Yoast SEO v27.4) - https:\/\/yoast.com\/product\/yoast-seo-premium-wordpress\/ -->\n<title>Italia espera recaudar un m\u00ednimo de 2.500 M\u20ac por el espectro del 5G - UGT Comunicaciones<\/title>\n<meta name=\"description\" content=\"El gobierno italiano espera recaudar, al menos, 2.500 millones de euros en los pr\u00f3ximos cinco a\u00f1os por la venta del espectro inal\u00e1mbrico para futuros servicios 5G.\u00a0De hecho, incluso se especula con la cifra final pueda alcanzar los 4.000 millones, aunque la media m\u00e1s esperable se queda en 3.200...\" \/>\n<meta name=\"robots\" content=\"index, follow, max-snippet:-1, max-image-preview:large, max-video-preview:-1\" \/>\n<link rel=\"canonical\" href=\"https:\/\/www.ugtcomunicaciones.es\/wordpress\/italia-espera-recaudar-minimo-2-500-me-espectro-del-5g\/\" \/>\n<meta property=\"og:locale\" content=\"es_ES\" \/>\n<meta property=\"og:type\" content=\"article\" \/>\n<meta property=\"og:title\" content=\"Italia espera recaudar un m\u00ednimo de 2.500 M\u20ac por el espectro del 5G\" \/>\n<meta property=\"og:description\" content=\"El gobierno italiano espera recaudar, al menos, 2.500 millones de euros en los pr\u00f3ximos cinco a\u00f1os por la venta del espectro inal\u00e1mbrico para futuros servicios 5G.\u00a0De hecho, incluso se especula con la cifra final pueda alcanzar los 4.000 millones, aunque la media m\u00e1s esperable se queda en 3.200...\" \/>\n<meta property=\"og:url\" content=\"https:\/\/www.ugtcomunicaciones.es\/wordpress\/italia-espera-recaudar-minimo-2-500-me-espectro-del-5g\/\" \/>\n<meta property=\"og:site_name\" content=\"UGT Comunicaciones\" \/>\n<meta property=\"article:publisher\" content=\"https:\/\/www.facebook.com\/ugt.comunicaciones\/\" \/>\n<meta property=\"article:published_time\" content=\"2018-01-22T06:00:45+00:00\" \/>\n<meta property=\"og:image\" content=\"https:\/\/www.ugtcomunicaciones.es\/wordpress\/wp-content\/uploads\/2018\/01\/italia-5g-portada.jpg\" \/>\n\t<meta property=\"og:image:width\" content=\"600\" \/>\n\t<meta property=\"og:image:height\" content=\"314\" \/>\n\t<meta property=\"og:image:type\" content=\"image\/jpeg\" \/>\n<meta name=\"author\" content=\"UGT\" \/>\n<meta name=\"twitter:card\" content=\"summary_large_image\" \/>\n<meta name=\"twitter:creator\" content=\"@ugtcom\" \/>\n<meta name=\"twitter:site\" content=\"@ugtcom\" \/>\n<meta name=\"twitter:label1\" content=\"Escrito por\" \/>\n\t<meta name=\"twitter:data1\" content=\"UGT\" \/>\n\t<meta name=\"twitter:label2\" content=\"Tiempo de lectura\" \/>\n\t<meta name=\"twitter:data2\" content=\"2 minutos\" \/>\n<script type=\"application\/ld+json\" class=\"yoast-schema-graph\">{\"@context\":\"https:\\\/\\\/schema.org\",\"@graph\":[{\"@type\":\"Article\",\"@id\":\"https:\\\/\\\/www.ugtcomunicaciones.es\\\/wordpress\\\/italia-espera-recaudar-minimo-2-500-me-espectro-del-5g\\\/#article\",\"isPartOf\":{\"@id\":\"https:\\\/\\\/www.ugtcomunicaciones.es\\\/wordpress\\\/italia-espera-recaudar-minimo-2-500-me-espectro-del-5g\\\/\"},\"author\":{\"name\":\"UGT\",\"@id\":\"https:\\\/\\\/www.ugtcomunicaciones.es\\\/wordpress\\\/#\\\/schema\\\/person\\\/eba0fc3fe5b444531d94d4368cba89ed\"},\"headline\":\"Italia espera recaudar un m\u00ednimo de 2.500 M\u20ac por el espectro del 5G\",\"datePublished\":\"2018-01-22T06:00:45+00:00\",\"mainEntityOfPage\":{\"@id\":\"https:\\\/\\\/www.ugtcomunicaciones.es\\\/wordpress\\\/italia-espera-recaudar-minimo-2-500-me-espectro-del-5g\\\/\"},\"wordCount\":323,\"publisher\":{\"@id\":\"https:\\\/\\\/www.ugtcomunicaciones.es\\\/wordpress\\\/#organization\"},\"image\":{\"@id\":\"https:\\\/\\\/www.ugtcomunicaciones.es\\\/wordpress\\\/italia-espera-recaudar-minimo-2-500-me-espectro-del-5g\\\/#primaryimage\"},\"thumbnailUrl\":\"https:\\\/\\\/www.ugtcomunicaciones.es\\\/wordpress\\\/wp-content\\\/uploads\\\/2018\\\/01\\\/italia-5g-portada.jpg\",\"articleSection\":[\"Competencia\",\"Regulaci\u00f3n\"],\"inLanguage\":\"es\"},{\"@type\":\"WebPage\",\"@id\":\"https:\\\/\\\/www.ugtcomunicaciones.es\\\/wordpress\\\/italia-espera-recaudar-minimo-2-500-me-espectro-del-5g\\\/\",\"url\":\"https:\\\/\\\/www.ugtcomunicaciones.es\\\/wordpress\\\/italia-espera-recaudar-minimo-2-500-me-espectro-del-5g\\\/\",\"name\":\"Italia espera recaudar un m\u00ednimo de 2.500 M\u20ac por el espectro del 5G - UGT Comunicaciones\",\"isPartOf\":{\"@id\":\"https:\\\/\\\/www.ugtcomunicaciones.es\\\/wordpress\\\/#website\"},\"primaryImageOfPage\":{\"@id\":\"https:\\\/\\\/www.ugtcomunicaciones.es\\\/wordpress\\\/italia-espera-recaudar-minimo-2-500-me-espectro-del-5g\\\/#primaryimage\"},\"image\":{\"@id\":\"https:\\\/\\\/www.ugtcomunicaciones.es\\\/wordpress\\\/italia-espera-recaudar-minimo-2-500-me-espectro-del-5g\\\/#primaryimage\"},\"thumbnailUrl\":\"https:\\\/\\\/www.ugtcomunicaciones.es\\\/wordpress\\\/wp-content\\\/uploads\\\/2018\\\/01\\\/italia-5g-portada.jpg\",\"datePublished\":\"2018-01-22T06:00:45+00:00\",\"description\":\"El gobierno italiano espera recaudar, al menos, 2.500 millones de euros en los pr\u00f3ximos cinco a\u00f1os por la venta del espectro inal\u00e1mbrico para futuros servicios 5G.\u00a0De hecho, incluso se especula con la cifra final pueda alcanzar los 4.000 millones, aunque la media m\u00e1s esperable se queda en 3.200...\",\"breadcrumb\":{\"@id\":\"https:\\\/\\\/www.ugtcomunicaciones.es\\\/wordpress\\\/italia-espera-recaudar-minimo-2-500-me-espectro-del-5g\\\/#breadcrumb\"},\"inLanguage\":\"es\",\"potentialAction\":[{\"@type\":\"ReadAction\",\"target\":[\"https:\\\/\\\/www.ugtcomunicaciones.es\\\/wordpress\\\/italia-espera-recaudar-minimo-2-500-me-espectro-del-5g\\\/\"]}]},{\"@type\":\"ImageObject\",\"inLanguage\":\"es\",\"@id\":\"https:\\\/\\\/www.ugtcomunicaciones.es\\\/wordpress\\\/italia-espera-recaudar-minimo-2-500-me-espectro-del-5g\\\/#primaryimage\",\"url\":\"https:\\\/\\\/www.ugtcomunicaciones.es\\\/wordpress\\\/wp-content\\\/uploads\\\/2018\\\/01\\\/italia-5g-portada.jpg\",\"contentUrl\":\"https:\\\/\\\/www.ugtcomunicaciones.es\\\/wordpress\\\/wp-content\\\/uploads\\\/2018\\\/01\\\/italia-5g-portada.jpg\",\"width\":600,\"height\":314},{\"@type\":\"BreadcrumbList\",\"@id\":\"https:\\\/\\\/www.ugtcomunicaciones.es\\\/wordpress\\\/italia-espera-recaudar-minimo-2-500-me-espectro-del-5g\\\/#breadcrumb\",\"itemListElement\":[{\"@type\":\"ListItem\",\"position\":1,\"name\":\"Portada\",\"item\":\"https:\\\/\\\/www.ugtcomunicaciones.es\\\/wordpress\\\/\"},{\"@type\":\"ListItem\",\"position\":2,\"name\":\"Italia espera recaudar un m\u00ednimo de 2.500 M\u20ac por el espectro del 5G\"}]},{\"@type\":\"WebSite\",\"@id\":\"https:\\\/\\\/www.ugtcomunicaciones.es\\\/wordpress\\\/#website\",\"url\":\"https:\\\/\\\/www.ugtcomunicaciones.es\\\/wordpress\\\/\",\"name\":\"UGT Comunicaciones\",\"description\":\"Sindicato de Telecomunicaciones\",\"publisher\":{\"@id\":\"https:\\\/\\\/www.ugtcomunicaciones.es\\\/wordpress\\\/#organization\"},\"potentialAction\":[{\"@type\":\"SearchAction\",\"target\":{\"@type\":\"EntryPoint\",\"urlTemplate\":\"https:\\\/\\\/www.ugtcomunicaciones.es\\\/wordpress\\\/?s={search_term_string}\"},\"query-input\":{\"@type\":\"PropertyValueSpecification\",\"valueRequired\":true,\"valueName\":\"search_term_string\"}}],\"inLanguage\":\"es\"},{\"@type\":\"Organization\",\"@id\":\"https:\\\/\\\/www.ugtcomunicaciones.es\\\/wordpress\\\/#organization\",\"name\":\"UGT Comunicaciones\",\"url\":\"https:\\\/\\\/www.ugtcomunicaciones.es\\\/wordpress\\\/\",\"logo\":{\"@type\":\"ImageObject\",\"inLanguage\":\"es\",\"@id\":\"https:\\\/\\\/www.ugtcomunicaciones.es\\\/wordpress\\\/#\\\/schema\\\/logo\\\/image\\\/\",\"url\":\"https:\\\/\\\/www.ugtcomunicaciones.es\\\/wordpress\\\/wp-content\\\/uploads\\\/2024\\\/04\\\/comunicaciones_logo.png\",\"contentUrl\":\"https:\\\/\\\/www.ugtcomunicaciones.es\\\/wordpress\\\/wp-content\\\/uploads\\\/2024\\\/04\\\/comunicaciones_logo.png\",\"width\":298,\"height\":81,\"caption\":\"UGT Comunicaciones\"},\"image\":{\"@id\":\"https:\\\/\\\/www.ugtcomunicaciones.es\\\/wordpress\\\/#\\\/schema\\\/logo\\\/image\\\/\"},\"sameAs\":[\"https:\\\/\\\/www.facebook.com\\\/ugt.comunicaciones\\\/\",\"https:\\\/\\\/x.com\\\/ugtcom\"]},{\"@type\":\"Person\",\"@id\":\"https:\\\/\\\/www.ugtcomunicaciones.es\\\/wordpress\\\/#\\\/schema\\\/person\\\/eba0fc3fe5b444531d94d4368cba89ed\",\"name\":\"UGT\",\"image\":{\"@type\":\"ImageObject\",\"inLanguage\":\"es\",\"@id\":\"https:\\\/\\\/secure.gravatar.com\\\/avatar\\\/2a16057d620a4c646bcfc171c4f23030879ebbdd346f0525bd5d4a564e57e13d?s=96&d=mm&r=g\",\"url\":\"https:\\\/\\\/secure.gravatar.com\\\/avatar\\\/2a16057d620a4c646bcfc171c4f23030879ebbdd346f0525bd5d4a564e57e13d?s=96&d=mm&r=g\",\"contentUrl\":\"https:\\\/\\\/secure.gravatar.com\\\/avatar\\\/2a16057d620a4c646bcfc171c4f23030879ebbdd346f0525bd5d4a564e57e13d?s=96&d=mm&r=g\",\"caption\":\"UGT\"}}]}<\/script>\n<!-- \/ Yoast SEO Premium plugin. -->","yoast_head_json":{"title":"Italia espera recaudar un m\u00ednimo de 2.500 M\u20ac por el espectro del 5G - UGT Comunicaciones","description":"El gobierno italiano espera recaudar, al menos, 2.500 millones de euros en los pr\u00f3ximos cinco a\u00f1os por la venta del espectro inal\u00e1mbrico para futuros servicios 5G.\u00a0De hecho, incluso se especula con la cifra final pueda alcanzar los 4.000 millones, aunque la media m\u00e1s esperable se queda en 3.200...","robots":{"index":"index","follow":"follow","max-snippet":"max-snippet:-1","max-image-preview":"max-image-preview:large","max-video-preview":"max-video-preview:-1"},"canonical":"https:\/\/www.ugtcomunicaciones.es\/wordpress\/italia-espera-recaudar-minimo-2-500-me-espectro-del-5g\/","og_locale":"es_ES","og_type":"article","og_title":"Italia espera recaudar un m\u00ednimo de 2.500 M\u20ac por el espectro del 5G","og_description":"El gobierno italiano espera recaudar, al menos, 2.500 millones de euros en los pr\u00f3ximos cinco a\u00f1os por la venta del espectro inal\u00e1mbrico para futuros servicios 5G.\u00a0De hecho, incluso se especula con la cifra final pueda alcanzar los 4.000 millones, aunque la media m\u00e1s esperable se queda en 3.200...","og_url":"https:\/\/www.ugtcomunicaciones.es\/wordpress\/italia-espera-recaudar-minimo-2-500-me-espectro-del-5g\/","og_site_name":"UGT Comunicaciones","article_publisher":"https:\/\/www.facebook.com\/ugt.comunicaciones\/","article_published_time":"2018-01-22T06:00:45+00:00","og_image":[{"width":600,"height":314,"url":"https:\/\/www.ugtcomunicaciones.es\/wordpress\/wp-content\/uploads\/2018\/01\/italia-5g-portada.jpg","type":"image\/jpeg"}],"author":"UGT","twitter_card":"summary_large_image","twitter_creator":"@ugtcom","twitter_site":"@ugtcom","twitter_misc":{"Escrito por":"UGT","Tiempo de lectura":"2 minutos"},"schema":{"@context":"https:\/\/schema.org","@graph":[{"@type":"Article","@id":"https:\/\/www.ugtcomunicaciones.es\/wordpress\/italia-espera-recaudar-minimo-2-500-me-espectro-del-5g\/#article","isPartOf":{"@id":"https:\/\/www.ugtcomunicaciones.es\/wordpress\/italia-espera-recaudar-minimo-2-500-me-espectro-del-5g\/"},"author":{"name":"UGT","@id":"https:\/\/www.ugtcomunicaciones.es\/wordpress\/#\/schema\/person\/eba0fc3fe5b444531d94d4368cba89ed"},"headline":"Italia espera recaudar un m\u00ednimo de 2.500 M\u20ac por el espectro del 5G","datePublished":"2018-01-22T06:00:45+00:00","mainEntityOfPage":{"@id":"https:\/\/www.ugtcomunicaciones.es\/wordpress\/italia-espera-recaudar-minimo-2-500-me-espectro-del-5g\/"},"wordCount":323,"publisher":{"@id":"https:\/\/www.ugtcomunicaciones.es\/wordpress\/#organization"},"image":{"@id":"https:\/\/www.ugtcomunicaciones.es\/wordpress\/italia-espera-recaudar-minimo-2-500-me-espectro-del-5g\/#primaryimage"},"thumbnailUrl":"https:\/\/www.ugtcomunicaciones.es\/wordpress\/wp-content\/uploads\/2018\/01\/italia-5g-portada.jpg","articleSection":["Competencia","Regulaci\u00f3n"],"inLanguage":"es"},{"@type":"WebPage","@id":"https:\/\/www.ugtcomunicaciones.es\/wordpress\/italia-espera-recaudar-minimo-2-500-me-espectro-del-5g\/","url":"https:\/\/www.ugtcomunicaciones.es\/wordpress\/italia-espera-recaudar-minimo-2-500-me-espectro-del-5g\/","name":"Italia espera recaudar un m\u00ednimo de 2.500 M\u20ac por el espectro del 5G - UGT Comunicaciones","isPartOf":{"@id":"https:\/\/www.ugtcomunicaciones.es\/wordpress\/#website"},"primaryImageOfPage":{"@id":"https:\/\/www.ugtcomunicaciones.es\/wordpress\/italia-espera-recaudar-minimo-2-500-me-espectro-del-5g\/#primaryimage"},"image":{"@id":"https:\/\/www.ugtcomunicaciones.es\/wordpress\/italia-espera-recaudar-minimo-2-500-me-espectro-del-5g\/#primaryimage"},"thumbnailUrl":"https:\/\/www.ugtcomunicaciones.es\/wordpress\/wp-content\/uploads\/2018\/01\/italia-5g-portada.jpg","datePublished":"2018-01-22T06:00:45+00:00","description":"El gobierno italiano espera recaudar, al menos, 2.500 millones de euros en los pr\u00f3ximos cinco a\u00f1os por la venta del espectro inal\u00e1mbrico para futuros servicios 5G.\u00a0De hecho, incluso se especula con la cifra final pueda alcanzar los 4.000 millones, aunque la media m\u00e1s esperable se queda en 3.200...","breadcrumb":{"@id":"https:\/\/www.ugtcomunicaciones.es\/wordpress\/italia-espera-recaudar-minimo-2-500-me-espectro-del-5g\/#breadcrumb"},"inLanguage":"es","potentialAction":[{"@type":"ReadAction","target":["https:\/\/www.ugtcomunicaciones.es\/wordpress\/italia-espera-recaudar-minimo-2-500-me-espectro-del-5g\/"]}]},{"@type":"ImageObject","inLanguage":"es","@id":"https:\/\/www.ugtcomunicaciones.es\/wordpress\/italia-espera-recaudar-minimo-2-500-me-espectro-del-5g\/#primaryimage","url":"https:\/\/www.ugtcomunicaciones.es\/wordpress\/wp-content\/uploads\/2018\/01\/italia-5g-portada.jpg","contentUrl":"https:\/\/www.ugtcomunicaciones.es\/wordpress\/wp-content\/uploads\/2018\/01\/italia-5g-portada.jpg","width":600,"height":314},{"@type":"BreadcrumbList","@id":"https:\/\/www.ugtcomunicaciones.es\/wordpress\/italia-espera-recaudar-minimo-2-500-me-espectro-del-5g\/#breadcrumb","itemListElement":[{"@type":"ListItem","position":1,"name":"Portada","item":"https:\/\/www.ugtcomunicaciones.es\/wordpress\/"},{"@type":"ListItem","position":2,"name":"Italia espera recaudar un m\u00ednimo de 2.500 M\u20ac por el espectro del 5G"}]},{"@type":"WebSite","@id":"https:\/\/www.ugtcomunicaciones.es\/wordpress\/#website","url":"https:\/\/www.ugtcomunicaciones.es\/wordpress\/","name":"UGT Comunicaciones","description":"Sindicato de Telecomunicaciones","publisher":{"@id":"https:\/\/www.ugtcomunicaciones.es\/wordpress\/#organization"},"potentialAction":[{"@type":"SearchAction","target":{"@type":"EntryPoint","urlTemplate":"https:\/\/www.ugtcomunicaciones.es\/wordpress\/?s={search_term_string}"},"query-input":{"@type":"PropertyValueSpecification","valueRequired":true,"valueName":"search_term_string"}}],"inLanguage":"es"},{"@type":"Organization","@id":"https:\/\/www.ugtcomunicaciones.es\/wordpress\/#organization","name":"UGT Comunicaciones","url":"https:\/\/www.ugtcomunicaciones.es\/wordpress\/","logo":{"@type":"ImageObject","inLanguage":"es","@id":"https:\/\/www.ugtcomunicaciones.es\/wordpress\/#\/schema\/logo\/image\/","url":"https:\/\/www.ugtcomunicaciones.es\/wordpress\/wp-content\/uploads\/2024\/04\/comunicaciones_logo.png","contentUrl":"https:\/\/www.ugtcomunicaciones.es\/wordpress\/wp-content\/uploads\/2024\/04\/comunicaciones_logo.png","width":298,"height":81,"caption":"UGT Comunicaciones"},"image":{"@id":"https:\/\/www.ugtcomunicaciones.es\/wordpress\/#\/schema\/logo\/image\/"},"sameAs":["https:\/\/www.facebook.com\/ugt.comunicaciones\/","https:\/\/x.com\/ugtcom"]},{"@type":"Person","@id":"https:\/\/www.ugtcomunicaciones.es\/wordpress\/#\/schema\/person\/eba0fc3fe5b444531d94d4368cba89ed","name":"UGT","image":{"@type":"ImageObject","inLanguage":"es","@id":"https:\/\/secure.gravatar.com\/avatar\/2a16057d620a4c646bcfc171c4f23030879ebbdd346f0525bd5d4a564e57e13d?s=96&d=mm&r=g","url":"https:\/\/secure.gravatar.com\/avatar\/2a16057d620a4c646bcfc171c4f23030879ebbdd346f0525bd5d4a564e57e13d?s=96&d=mm&r=g","contentUrl":"https:\/\/secure.gravatar.com\/avatar\/2a16057d620a4c646bcfc171c4f23030879ebbdd346f0525bd5d4a564e57e13d?s=96&d=mm&r=g","caption":"UGT"}}]}},"_links":{"self":[{"href":"https:\/\/www.ugtcomunicaciones.es\/wordpress\/wp-json\/wp\/v2\/posts\/89341","targetHints":{"allow":["GET"]}}],"collection":[{"href":"https:\/\/www.ugtcomunicaciones.es\/wordpress\/wp-json\/wp\/v2\/posts"}],"about":[{"href":"https:\/\/www.ugtcomunicaciones.es\/wordpress\/wp-json\/wp\/v2\/types\/post"}],"author":[{"embeddable":true,"href":"https:\/\/www.ugtcomunicaciones.es\/wordpress\/wp-json\/wp\/v2\/users\/3"}],"replies":[{"embeddable":true,"href":"https:\/\/www.ugtcomunicaciones.es\/wordpress\/wp-json\/wp\/v2\/comments?post=89341"}],"version-history":[{"count":0,"href":"https:\/\/www.ugtcomunicaciones.es\/wordpress\/wp-json\/wp\/v2\/posts\/89341\/revisions"}],"wp:featuredmedia":[{"embeddable":true,"href":"https:\/\/www.ugtcomunicaciones.es\/wordpress\/wp-json\/wp\/v2\/media\/89353"}],"wp:attachment":[{"href":"https:\/\/www.ugtcomunicaciones.es\/wordpress\/wp-json\/wp\/v2\/media?parent=89341"}],"wp:term":[{"taxonomy":"category","embeddable":true,"href":"https:\/\/www.ugtcomunicaciones.es\/wordpress\/wp-json\/wp\/v2\/categories?post=89341"},{"taxonomy":"post_tag","embeddable":true,"href":"https:\/\/www.ugtcomunicaciones.es\/wordpress\/wp-json\/wp\/v2\/tags?post=89341"}],"curies":[{"name":"wp","href":"https:\/\/api.w.org\/{rel}","templated":true}]}}