{"id":915797,"date":"2021-10-05T16:50:54","date_gmt":"2021-10-05T14:50:54","guid":{"rendered":"https:\/\/www.ugtcomunicaciones.es\/wordpress\/?p=915797"},"modified":"2021-10-05T16:50:54","modified_gmt":"2021-10-05T14:50:54","slug":"ugt-mantiene-una-reunion-con-la-secretaria-de-estado-a-causa-del-ere-de-vodafone","status":"publish","type":"post","link":"https:\/\/www.ugtcomunicaciones.es\/wordpress\/ugt-mantiene-una-reunion-con-la-secretaria-de-estado-a-causa-del-ere-de-vodafone\/","title":{"rendered":"UGT mantiene una reuni\u00f3n con la Secretaria de Estado a causa del ERE de Vodafone"},"content":{"rendered":"<p style=\"text-align: justify;\">Una delegaci\u00f3n del Sector de Comunicaciones y Cultura de <span style=\"color: #ff0000;\"><strong>UGT<\/strong><\/span> ha convocado una reuni\u00f3n urgente con la Secretar\u00eda de Estado de Telecomunicaciones e Infraestructuras Digitales a consecuencia del Expediente de Regulaci\u00f3n de Empleo en Vodafone.<\/p>\n<p style=\"text-align: justify;\"><img decoding=\"async\" class=\"size-full wp-image-915798 aligncenter lazyload\" data-src=\"https:\/\/www.ugtcomunicaciones.es\/wordpress\/wp-content\/uploads\/2021\/10\/comunicado_04-10-2021.jpg\" alt=\"comunicado_04-10-2021\" width=\"600\" height=\"230\" data-srcset=\"https:\/\/www.ugtcomunicaciones.es\/wordpress\/wp-content\/uploads\/2021\/10\/comunicado_04-10-2021.jpg 600w, https:\/\/www.ugtcomunicaciones.es\/wordpress\/wp-content\/uploads\/2021\/10\/comunicado_04-10-2021-300x115.jpg 300w\" data-sizes=\"(max-width: 600px) 100vw, 600px\" src=\"data:image\/svg+xml;base64,PHN2ZyB3aWR0aD0iMSIgaGVpZ2h0PSIxIiB4bWxucz0iaHR0cDovL3d3dy53My5vcmcvMjAwMC9zdmciPjwvc3ZnPg==\" style=\"--smush-placeholder-width: 600px; --smush-placeholder-aspect-ratio: 600\/230;\" \/><\/p>\n<p style=\"text-align: justify;\"><strong>\u00a0<\/strong><span style=\"color: #ff0000;\"><strong>UGT<\/strong><\/span> ha traslado al Gobierno su m\u00e1ximo rechazo al en\u00e9simo agravio hac\u00eda las personas trabajadoras del sector de las telecomunicaciones en general y a la plantilla Vodafone en particular. M\u00e1s de 500 familias viven en una inmerecida incertidumbre a causa de una decisi\u00f3n empresarial que no es m\u00e1s que la proyecci\u00f3n de su nefasta gesti\u00f3n y su incapacidad directiva. Quinientas familias que se sumar\u00e1n a los otros 41.000 despidos que ha sufrido nuestro Sector en poco m\u00e1s de dos d\u00e9cadas.<\/p>\n<p style=\"text-align: justify;\">En nuestra opini\u00f3n, estos despidos est\u00e1n comenzando a cambiar el relato sectorial, que est\u00e1 pasando de congratularse del \u201cmilagro de la fibra \u00f3ptica\u201d a conocerse como una \u201cm\u00e1quina de despedir empleo tecnol\u00f3gico de calidad\u201d. Mucho tiene que ver con esta imagen una regulaci\u00f3n obsoleta, ineficiente y asim\u00e9trica, que tanto legisladores como reguladores deben modificar en la tramitaci\u00f3n de la inminente Ley General de Telecomunicaciones.<\/p>\n<p style=\"text-align: justify;\">Adem\u00e1s, el Sindicato le ha traslado al Secretario de Estado una valoraci\u00f3n sobre el efecto devastador que va a tener este nuevo ERE, focalizado en las tiendas, en t\u00e9rminos de brecha digital y desprotecci\u00f3n de los usuarios. Por una parte, se condena a una gran parte de nuestra poblaci\u00f3n a pervivir en la exclusi\u00f3n, al eliminarles el \u00fanico canal del que disponen para adquirir nuestros servicios. Por otra, se obligar\u00e1 a millones de usuarios a comunicarse con la operadora por medios digitales, lo que supone otra brecha digital a\u00f1adida, adem\u00e1s de un claro empeoramiento de la atenci\u00f3n al cliente. Pero por encima de todo, se env\u00eda un peligroso mensaje a la ciudadan\u00eda: los que eran esenciales en lo peor de la pandemia, las tiendas que nos dieron la conectividad ahora son catalogados como prescindibles.<\/p>\n<p style=\"text-align: justify;\">Y finalmente, trasladamos una pregunta al Gobierno: \u00bfes procedente que una empresa que despide a gente reciba ayudas europeas? \u00bfes leg\u00edtimo regar de millones a una operadora cuando despide a miles de personas sin acuerdo?<\/p>\n<p style=\"text-align: justify;\"><span style=\"color: #ff0000;\"><strong>UGT<\/strong><\/span> se ha comprometido a informar puntualmente del estado de las negociaciones al Gobierno, as\u00ed como trasladar su visi\u00f3n al respecto, incidiendo en la necesidad de alcanzar un acuerdo que contenga una hoja de ruta para la viabilidad del Vodafone en Espa\u00f1a, yendo m\u00e1s all\u00e1 de esta din\u00e1mica de despidos cada dos a\u00f1os.<\/p>\n<p>&nbsp;<\/p>\n<p style=\"text-align: right;\"><span style=\"color: #ff0000;\"><strong>UGT <\/strong><\/span><strong>Sector Estatal Comunicaciones y Cultura<\/strong><\/p>\n","protected":false},"excerpt":{"rendered":"<p>Una delegaci\u00f3n del Sector de Comunicaciones y Cultura de UGT ha convocado una reuni\u00f3n urgente con la Secretar\u00eda de Estado de Telecomunicaciones e Infraestructuras Digitales a consecuencia del Expediente de Regulaci\u00f3n de Empleo en Vodafone. \u00a0UGT ha traslado al Gobierno su m\u00e1ximo rechazo al en\u00e9simo agravio hac\u00eda las personas trabajadoras del sector de las telecomunicaciones [&hellip;]<\/p>\n","protected":false},"author":3,"featured_media":915798,"comment_status":"closed","ping_status":"closed","sticky":false,"template":"","format":"standard","meta":{"footnotes":""},"categories":[27,28,29,48],"tags":[],"class_list":["post-915797","post","type-post","status-publish","format-standard","has-post-thumbnail","hentry","category-grupo-vodafone","category-vodafone-es","category-vodafone-ono","category-vodafone-servicios"],"yoast_head":"<!-- This site is optimized with the Yoast SEO Premium plugin v27.3 (Yoast SEO v27.4) - https:\/\/yoast.com\/product\/yoast-seo-premium-wordpress\/ -->\n<title>UGT mantiene una reuni\u00f3n con la Secretaria de Estado a causa del ERE de Vodafone - UGT Comunicaciones<\/title>\n<meta name=\"description\" content=\"Una delegaci\u00f3n del Sector de Comunicaciones y Cultura de UGT ha convocado una reuni\u00f3n urgente con la Secretar\u00eda de Estado de...\" \/>\n<meta name=\"robots\" content=\"index, follow, max-snippet:-1, max-image-preview:large, max-video-preview:-1\" \/>\n<link rel=\"canonical\" href=\"https:\/\/www.ugtcomunicaciones.es\/wordpress\/ugt-mantiene-una-reunion-con-la-secretaria-de-estado-a-causa-del-ere-de-vodafone\/\" \/>\n<meta property=\"og:locale\" content=\"es_ES\" \/>\n<meta property=\"og:type\" content=\"article\" \/>\n<meta property=\"og:title\" content=\"UGT mantiene una reuni\u00f3n con la Secretaria de Estado a causa del ERE de Vodafone\" \/>\n<meta property=\"og:description\" content=\"Una delegaci\u00f3n del Sector de Comunicaciones y Cultura de UGT ha convocado una reuni\u00f3n urgente con la Secretar\u00eda de Estado de...\" \/>\n<meta property=\"og:url\" content=\"https:\/\/www.ugtcomunicaciones.es\/wordpress\/ugt-mantiene-una-reunion-con-la-secretaria-de-estado-a-causa-del-ere-de-vodafone\/\" \/>\n<meta property=\"og:site_name\" content=\"UGT Comunicaciones\" \/>\n<meta property=\"article:publisher\" content=\"https:\/\/www.facebook.com\/ugt.comunicaciones\/\" \/>\n<meta property=\"article:published_time\" content=\"2021-10-05T14:50:54+00:00\" \/>\n<meta property=\"og:image\" content=\"https:\/\/www.ugtcomunicaciones.es\/wordpress\/wp-content\/uploads\/2021\/10\/comunicado_04-10-2021.jpg\" \/>\n\t<meta property=\"og:image:width\" content=\"600\" \/>\n\t<meta property=\"og:image:height\" content=\"230\" \/>\n\t<meta property=\"og:image:type\" content=\"image\/jpeg\" \/>\n<meta name=\"author\" content=\"UGT\" \/>\n<meta name=\"twitter:card\" content=\"summary_large_image\" \/>\n<meta name=\"twitter:creator\" content=\"@ugtcom\" \/>\n<meta name=\"twitter:site\" content=\"@ugtcom\" \/>\n<meta name=\"twitter:label1\" content=\"Escrito por\" \/>\n\t<meta name=\"twitter:data1\" content=\"UGT\" \/>\n\t<meta name=\"twitter:label2\" content=\"Tiempo de lectura\" \/>\n\t<meta name=\"twitter:data2\" content=\"2 minutos\" \/>\n<script type=\"application\/ld+json\" class=\"yoast-schema-graph\">{\"@context\":\"https:\\\/\\\/schema.org\",\"@graph\":[{\"@type\":\"Article\",\"@id\":\"https:\\\/\\\/www.ugtcomunicaciones.es\\\/wordpress\\\/ugt-mantiene-una-reunion-con-la-secretaria-de-estado-a-causa-del-ere-de-vodafone\\\/#article\",\"isPartOf\":{\"@id\":\"https:\\\/\\\/www.ugtcomunicaciones.es\\\/wordpress\\\/ugt-mantiene-una-reunion-con-la-secretaria-de-estado-a-causa-del-ere-de-vodafone\\\/\"},\"author\":{\"name\":\"UGT\",\"@id\":\"https:\\\/\\\/www.ugtcomunicaciones.es\\\/wordpress\\\/#\\\/schema\\\/person\\\/eba0fc3fe5b444531d94d4368cba89ed\"},\"headline\":\"UGT mantiene una reuni\u00f3n con la Secretaria de Estado a causa del ERE de Vodafone\",\"datePublished\":\"2021-10-05T14:50:54+00:00\",\"mainEntityOfPage\":{\"@id\":\"https:\\\/\\\/www.ugtcomunicaciones.es\\\/wordpress\\\/ugt-mantiene-una-reunion-con-la-secretaria-de-estado-a-causa-del-ere-de-vodafone\\\/\"},\"wordCount\":461,\"publisher\":{\"@id\":\"https:\\\/\\\/www.ugtcomunicaciones.es\\\/wordpress\\\/#organization\"},\"image\":{\"@id\":\"https:\\\/\\\/www.ugtcomunicaciones.es\\\/wordpress\\\/ugt-mantiene-una-reunion-con-la-secretaria-de-estado-a-causa-del-ere-de-vodafone\\\/#primaryimage\"},\"thumbnailUrl\":\"https:\\\/\\\/www.ugtcomunicaciones.es\\\/wordpress\\\/wp-content\\\/uploads\\\/2021\\\/10\\\/comunicado_04-10-2021.jpg\",\"articleSection\":[\"Grupo Vodafone\",\"Vodafone Espa\u00f1a\",\"Vodafone ONO\",\"Vodafone Servicios\"],\"inLanguage\":\"es\"},{\"@type\":\"WebPage\",\"@id\":\"https:\\\/\\\/www.ugtcomunicaciones.es\\\/wordpress\\\/ugt-mantiene-una-reunion-con-la-secretaria-de-estado-a-causa-del-ere-de-vodafone\\\/\",\"url\":\"https:\\\/\\\/www.ugtcomunicaciones.es\\\/wordpress\\\/ugt-mantiene-una-reunion-con-la-secretaria-de-estado-a-causa-del-ere-de-vodafone\\\/\",\"name\":\"UGT mantiene una reuni\u00f3n con la Secretaria de Estado a causa del ERE de Vodafone - UGT Comunicaciones\",\"isPartOf\":{\"@id\":\"https:\\\/\\\/www.ugtcomunicaciones.es\\\/wordpress\\\/#website\"},\"primaryImageOfPage\":{\"@id\":\"https:\\\/\\\/www.ugtcomunicaciones.es\\\/wordpress\\\/ugt-mantiene-una-reunion-con-la-secretaria-de-estado-a-causa-del-ere-de-vodafone\\\/#primaryimage\"},\"image\":{\"@id\":\"https:\\\/\\\/www.ugtcomunicaciones.es\\\/wordpress\\\/ugt-mantiene-una-reunion-con-la-secretaria-de-estado-a-causa-del-ere-de-vodafone\\\/#primaryimage\"},\"thumbnailUrl\":\"https:\\\/\\\/www.ugtcomunicaciones.es\\\/wordpress\\\/wp-content\\\/uploads\\\/2021\\\/10\\\/comunicado_04-10-2021.jpg\",\"datePublished\":\"2021-10-05T14:50:54+00:00\",\"description\":\"Una delegaci\u00f3n del Sector de Comunicaciones y Cultura de UGT ha convocado una reuni\u00f3n urgente con la Secretar\u00eda de Estado de...\",\"breadcrumb\":{\"@id\":\"https:\\\/\\\/www.ugtcomunicaciones.es\\\/wordpress\\\/ugt-mantiene-una-reunion-con-la-secretaria-de-estado-a-causa-del-ere-de-vodafone\\\/#breadcrumb\"},\"inLanguage\":\"es\",\"potentialAction\":[{\"@type\":\"ReadAction\",\"target\":[\"https:\\\/\\\/www.ugtcomunicaciones.es\\\/wordpress\\\/ugt-mantiene-una-reunion-con-la-secretaria-de-estado-a-causa-del-ere-de-vodafone\\\/\"]}]},{\"@type\":\"ImageObject\",\"inLanguage\":\"es\",\"@id\":\"https:\\\/\\\/www.ugtcomunicaciones.es\\\/wordpress\\\/ugt-mantiene-una-reunion-con-la-secretaria-de-estado-a-causa-del-ere-de-vodafone\\\/#primaryimage\",\"url\":\"https:\\\/\\\/www.ugtcomunicaciones.es\\\/wordpress\\\/wp-content\\\/uploads\\\/2021\\\/10\\\/comunicado_04-10-2021.jpg\",\"contentUrl\":\"https:\\\/\\\/www.ugtcomunicaciones.es\\\/wordpress\\\/wp-content\\\/uploads\\\/2021\\\/10\\\/comunicado_04-10-2021.jpg\",\"width\":600,\"height\":230,\"caption\":\"comunicado_04-10-2021\"},{\"@type\":\"BreadcrumbList\",\"@id\":\"https:\\\/\\\/www.ugtcomunicaciones.es\\\/wordpress\\\/ugt-mantiene-una-reunion-con-la-secretaria-de-estado-a-causa-del-ere-de-vodafone\\\/#breadcrumb\",\"itemListElement\":[{\"@type\":\"ListItem\",\"position\":1,\"name\":\"Portada\",\"item\":\"https:\\\/\\\/www.ugtcomunicaciones.es\\\/wordpress\\\/\"},{\"@type\":\"ListItem\",\"position\":2,\"name\":\"UGT mantiene una reuni\u00f3n con la Secretaria de Estado a causa del ERE de Vodafone\"}]},{\"@type\":\"WebSite\",\"@id\":\"https:\\\/\\\/www.ugtcomunicaciones.es\\\/wordpress\\\/#website\",\"url\":\"https:\\\/\\\/www.ugtcomunicaciones.es\\\/wordpress\\\/\",\"name\":\"UGT Comunicaciones\",\"description\":\"Sindicato de Telecomunicaciones\",\"publisher\":{\"@id\":\"https:\\\/\\\/www.ugtcomunicaciones.es\\\/wordpress\\\/#organization\"},\"potentialAction\":[{\"@type\":\"SearchAction\",\"target\":{\"@type\":\"EntryPoint\",\"urlTemplate\":\"https:\\\/\\\/www.ugtcomunicaciones.es\\\/wordpress\\\/?s={search_term_string}\"},\"query-input\":{\"@type\":\"PropertyValueSpecification\",\"valueRequired\":true,\"valueName\":\"search_term_string\"}}],\"inLanguage\":\"es\"},{\"@type\":\"Organization\",\"@id\":\"https:\\\/\\\/www.ugtcomunicaciones.es\\\/wordpress\\\/#organization\",\"name\":\"UGT Comunicaciones\",\"url\":\"https:\\\/\\\/www.ugtcomunicaciones.es\\\/wordpress\\\/\",\"logo\":{\"@type\":\"ImageObject\",\"inLanguage\":\"es\",\"@id\":\"https:\\\/\\\/www.ugtcomunicaciones.es\\\/wordpress\\\/#\\\/schema\\\/logo\\\/image\\\/\",\"url\":\"https:\\\/\\\/www.ugtcomunicaciones.es\\\/wordpress\\\/wp-content\\\/uploads\\\/2024\\\/04\\\/comunicaciones_logo.png\",\"contentUrl\":\"https:\\\/\\\/www.ugtcomunicaciones.es\\\/wordpress\\\/wp-content\\\/uploads\\\/2024\\\/04\\\/comunicaciones_logo.png\",\"width\":298,\"height\":81,\"caption\":\"UGT Comunicaciones\"},\"image\":{\"@id\":\"https:\\\/\\\/www.ugtcomunicaciones.es\\\/wordpress\\\/#\\\/schema\\\/logo\\\/image\\\/\"},\"sameAs\":[\"https:\\\/\\\/www.facebook.com\\\/ugt.comunicaciones\\\/\",\"https:\\\/\\\/x.com\\\/ugtcom\"]},{\"@type\":\"Person\",\"@id\":\"https:\\\/\\\/www.ugtcomunicaciones.es\\\/wordpress\\\/#\\\/schema\\\/person\\\/eba0fc3fe5b444531d94d4368cba89ed\",\"name\":\"UGT\",\"image\":{\"@type\":\"ImageObject\",\"inLanguage\":\"es\",\"@id\":\"https:\\\/\\\/secure.gravatar.com\\\/avatar\\\/2a16057d620a4c646bcfc171c4f23030879ebbdd346f0525bd5d4a564e57e13d?s=96&d=mm&r=g\",\"url\":\"https:\\\/\\\/secure.gravatar.com\\\/avatar\\\/2a16057d620a4c646bcfc171c4f23030879ebbdd346f0525bd5d4a564e57e13d?s=96&d=mm&r=g\",\"contentUrl\":\"https:\\\/\\\/secure.gravatar.com\\\/avatar\\\/2a16057d620a4c646bcfc171c4f23030879ebbdd346f0525bd5d4a564e57e13d?s=96&d=mm&r=g\",\"caption\":\"UGT\"}}]}<\/script>\n<!-- \/ Yoast SEO Premium plugin. -->","yoast_head_json":{"title":"UGT mantiene una reuni\u00f3n con la Secretaria de Estado a causa del ERE de Vodafone - UGT Comunicaciones","description":"Una delegaci\u00f3n del Sector de Comunicaciones y Cultura de UGT ha convocado una reuni\u00f3n urgente con la Secretar\u00eda de Estado de...","robots":{"index":"index","follow":"follow","max-snippet":"max-snippet:-1","max-image-preview":"max-image-preview:large","max-video-preview":"max-video-preview:-1"},"canonical":"https:\/\/www.ugtcomunicaciones.es\/wordpress\/ugt-mantiene-una-reunion-con-la-secretaria-de-estado-a-causa-del-ere-de-vodafone\/","og_locale":"es_ES","og_type":"article","og_title":"UGT mantiene una reuni\u00f3n con la Secretaria de Estado a causa del ERE de Vodafone","og_description":"Una delegaci\u00f3n del Sector de Comunicaciones y Cultura de UGT ha convocado una reuni\u00f3n urgente con la Secretar\u00eda de Estado de...","og_url":"https:\/\/www.ugtcomunicaciones.es\/wordpress\/ugt-mantiene-una-reunion-con-la-secretaria-de-estado-a-causa-del-ere-de-vodafone\/","og_site_name":"UGT Comunicaciones","article_publisher":"https:\/\/www.facebook.com\/ugt.comunicaciones\/","article_published_time":"2021-10-05T14:50:54+00:00","og_image":[{"width":600,"height":230,"url":"https:\/\/www.ugtcomunicaciones.es\/wordpress\/wp-content\/uploads\/2021\/10\/comunicado_04-10-2021.jpg","type":"image\/jpeg"}],"author":"UGT","twitter_card":"summary_large_image","twitter_creator":"@ugtcom","twitter_site":"@ugtcom","twitter_misc":{"Escrito por":"UGT","Tiempo de lectura":"2 minutos"},"schema":{"@context":"https:\/\/schema.org","@graph":[{"@type":"Article","@id":"https:\/\/www.ugtcomunicaciones.es\/wordpress\/ugt-mantiene-una-reunion-con-la-secretaria-de-estado-a-causa-del-ere-de-vodafone\/#article","isPartOf":{"@id":"https:\/\/www.ugtcomunicaciones.es\/wordpress\/ugt-mantiene-una-reunion-con-la-secretaria-de-estado-a-causa-del-ere-de-vodafone\/"},"author":{"name":"UGT","@id":"https:\/\/www.ugtcomunicaciones.es\/wordpress\/#\/schema\/person\/eba0fc3fe5b444531d94d4368cba89ed"},"headline":"UGT mantiene una reuni\u00f3n con la Secretaria de Estado a causa del ERE de Vodafone","datePublished":"2021-10-05T14:50:54+00:00","mainEntityOfPage":{"@id":"https:\/\/www.ugtcomunicaciones.es\/wordpress\/ugt-mantiene-una-reunion-con-la-secretaria-de-estado-a-causa-del-ere-de-vodafone\/"},"wordCount":461,"publisher":{"@id":"https:\/\/www.ugtcomunicaciones.es\/wordpress\/#organization"},"image":{"@id":"https:\/\/www.ugtcomunicaciones.es\/wordpress\/ugt-mantiene-una-reunion-con-la-secretaria-de-estado-a-causa-del-ere-de-vodafone\/#primaryimage"},"thumbnailUrl":"https:\/\/www.ugtcomunicaciones.es\/wordpress\/wp-content\/uploads\/2021\/10\/comunicado_04-10-2021.jpg","articleSection":["Grupo Vodafone","Vodafone Espa\u00f1a","Vodafone ONO","Vodafone Servicios"],"inLanguage":"es"},{"@type":"WebPage","@id":"https:\/\/www.ugtcomunicaciones.es\/wordpress\/ugt-mantiene-una-reunion-con-la-secretaria-de-estado-a-causa-del-ere-de-vodafone\/","url":"https:\/\/www.ugtcomunicaciones.es\/wordpress\/ugt-mantiene-una-reunion-con-la-secretaria-de-estado-a-causa-del-ere-de-vodafone\/","name":"UGT mantiene una reuni\u00f3n con la Secretaria de Estado a causa del ERE de Vodafone - UGT Comunicaciones","isPartOf":{"@id":"https:\/\/www.ugtcomunicaciones.es\/wordpress\/#website"},"primaryImageOfPage":{"@id":"https:\/\/www.ugtcomunicaciones.es\/wordpress\/ugt-mantiene-una-reunion-con-la-secretaria-de-estado-a-causa-del-ere-de-vodafone\/#primaryimage"},"image":{"@id":"https:\/\/www.ugtcomunicaciones.es\/wordpress\/ugt-mantiene-una-reunion-con-la-secretaria-de-estado-a-causa-del-ere-de-vodafone\/#primaryimage"},"thumbnailUrl":"https:\/\/www.ugtcomunicaciones.es\/wordpress\/wp-content\/uploads\/2021\/10\/comunicado_04-10-2021.jpg","datePublished":"2021-10-05T14:50:54+00:00","description":"Una delegaci\u00f3n del Sector de Comunicaciones y Cultura de UGT ha convocado una reuni\u00f3n urgente con la Secretar\u00eda de Estado de...","breadcrumb":{"@id":"https:\/\/www.ugtcomunicaciones.es\/wordpress\/ugt-mantiene-una-reunion-con-la-secretaria-de-estado-a-causa-del-ere-de-vodafone\/#breadcrumb"},"inLanguage":"es","potentialAction":[{"@type":"ReadAction","target":["https:\/\/www.ugtcomunicaciones.es\/wordpress\/ugt-mantiene-una-reunion-con-la-secretaria-de-estado-a-causa-del-ere-de-vodafone\/"]}]},{"@type":"ImageObject","inLanguage":"es","@id":"https:\/\/www.ugtcomunicaciones.es\/wordpress\/ugt-mantiene-una-reunion-con-la-secretaria-de-estado-a-causa-del-ere-de-vodafone\/#primaryimage","url":"https:\/\/www.ugtcomunicaciones.es\/wordpress\/wp-content\/uploads\/2021\/10\/comunicado_04-10-2021.jpg","contentUrl":"https:\/\/www.ugtcomunicaciones.es\/wordpress\/wp-content\/uploads\/2021\/10\/comunicado_04-10-2021.jpg","width":600,"height":230,"caption":"comunicado_04-10-2021"},{"@type":"BreadcrumbList","@id":"https:\/\/www.ugtcomunicaciones.es\/wordpress\/ugt-mantiene-una-reunion-con-la-secretaria-de-estado-a-causa-del-ere-de-vodafone\/#breadcrumb","itemListElement":[{"@type":"ListItem","position":1,"name":"Portada","item":"https:\/\/www.ugtcomunicaciones.es\/wordpress\/"},{"@type":"ListItem","position":2,"name":"UGT mantiene una reuni\u00f3n con la Secretaria de Estado a causa del ERE de Vodafone"}]},{"@type":"WebSite","@id":"https:\/\/www.ugtcomunicaciones.es\/wordpress\/#website","url":"https:\/\/www.ugtcomunicaciones.es\/wordpress\/","name":"UGT Comunicaciones","description":"Sindicato de Telecomunicaciones","publisher":{"@id":"https:\/\/www.ugtcomunicaciones.es\/wordpress\/#organization"},"potentialAction":[{"@type":"SearchAction","target":{"@type":"EntryPoint","urlTemplate":"https:\/\/www.ugtcomunicaciones.es\/wordpress\/?s={search_term_string}"},"query-input":{"@type":"PropertyValueSpecification","valueRequired":true,"valueName":"search_term_string"}}],"inLanguage":"es"},{"@type":"Organization","@id":"https:\/\/www.ugtcomunicaciones.es\/wordpress\/#organization","name":"UGT Comunicaciones","url":"https:\/\/www.ugtcomunicaciones.es\/wordpress\/","logo":{"@type":"ImageObject","inLanguage":"es","@id":"https:\/\/www.ugtcomunicaciones.es\/wordpress\/#\/schema\/logo\/image\/","url":"https:\/\/www.ugtcomunicaciones.es\/wordpress\/wp-content\/uploads\/2024\/04\/comunicaciones_logo.png","contentUrl":"https:\/\/www.ugtcomunicaciones.es\/wordpress\/wp-content\/uploads\/2024\/04\/comunicaciones_logo.png","width":298,"height":81,"caption":"UGT Comunicaciones"},"image":{"@id":"https:\/\/www.ugtcomunicaciones.es\/wordpress\/#\/schema\/logo\/image\/"},"sameAs":["https:\/\/www.facebook.com\/ugt.comunicaciones\/","https:\/\/x.com\/ugtcom"]},{"@type":"Person","@id":"https:\/\/www.ugtcomunicaciones.es\/wordpress\/#\/schema\/person\/eba0fc3fe5b444531d94d4368cba89ed","name":"UGT","image":{"@type":"ImageObject","inLanguage":"es","@id":"https:\/\/secure.gravatar.com\/avatar\/2a16057d620a4c646bcfc171c4f23030879ebbdd346f0525bd5d4a564e57e13d?s=96&d=mm&r=g","url":"https:\/\/secure.gravatar.com\/avatar\/2a16057d620a4c646bcfc171c4f23030879ebbdd346f0525bd5d4a564e57e13d?s=96&d=mm&r=g","contentUrl":"https:\/\/secure.gravatar.com\/avatar\/2a16057d620a4c646bcfc171c4f23030879ebbdd346f0525bd5d4a564e57e13d?s=96&d=mm&r=g","caption":"UGT"}}]}},"_links":{"self":[{"href":"https:\/\/www.ugtcomunicaciones.es\/wordpress\/wp-json\/wp\/v2\/posts\/915797","targetHints":{"allow":["GET"]}}],"collection":[{"href":"https:\/\/www.ugtcomunicaciones.es\/wordpress\/wp-json\/wp\/v2\/posts"}],"about":[{"href":"https:\/\/www.ugtcomunicaciones.es\/wordpress\/wp-json\/wp\/v2\/types\/post"}],"author":[{"embeddable":true,"href":"https:\/\/www.ugtcomunicaciones.es\/wordpress\/wp-json\/wp\/v2\/users\/3"}],"replies":[{"embeddable":true,"href":"https:\/\/www.ugtcomunicaciones.es\/wordpress\/wp-json\/wp\/v2\/comments?post=915797"}],"version-history":[{"count":0,"href":"https:\/\/www.ugtcomunicaciones.es\/wordpress\/wp-json\/wp\/v2\/posts\/915797\/revisions"}],"wp:featuredmedia":[{"embeddable":true,"href":"https:\/\/www.ugtcomunicaciones.es\/wordpress\/wp-json\/wp\/v2\/media\/915798"}],"wp:attachment":[{"href":"https:\/\/www.ugtcomunicaciones.es\/wordpress\/wp-json\/wp\/v2\/media?parent=915797"}],"wp:term":[{"taxonomy":"category","embeddable":true,"href":"https:\/\/www.ugtcomunicaciones.es\/wordpress\/wp-json\/wp\/v2\/categories?post=915797"},{"taxonomy":"post_tag","embeddable":true,"href":"https:\/\/www.ugtcomunicaciones.es\/wordpress\/wp-json\/wp\/v2\/tags?post=915797"}],"curies":[{"name":"wp","href":"https:\/\/api.w.org\/{rel}","templated":true}]}}